{"id":22546,"date":"2023-05-30T15:00:56","date_gmt":"2023-05-30T13:00:56","guid":{"rendered":"https:\/\/www.welovecycling.com\/cs\/?p=22546"},"modified":"2023-05-30T09:09:21","modified_gmt":"2023-05-30T07:09:21","slug":"velka-prazdninova-vyzva-na-kole-kolem-republiky-pro-dobrou-vec","status":"publish","type":"post","link":"https:\/\/www.welovecycling.com\/cs\/2023\/05\/30\/velka-prazdninova-vyzva-na-kole-kolem-republiky-pro-dobrou-vec\/","title":{"rendered":"Velk\u00e1 pr\u00e1zdninov\u00e1 v\u00fdzva! Na kole kolem republiky pro dobrou v\u011bc"},"content":{"rendered":"<p><strong>Velk\u00e1 pr\u00e1zdninov\u00e1 v\u00fdzva? Chcete v\u00a0sedle kola uskute\u010dnit n\u011bco nev\u0161edn\u00edho, a je\u0161t\u011b p\u0159isp\u011bt charitativn\u00edmu projektu? Posledn\u00ed \u010dervencov\u00fd t\u00fdden se pojede 11. ro\u010dn\u00edk Handy cyklo maratonu. Projedete 14 kraj\u016f, zdol\u00e1te 2222 kilometr\u016f. A je\u0161t\u011b se budete vzd\u011bl\u00e1vat. Leto\u0161n\u00ed ro\u010dn\u00edk se toti\u017e jede po stop\u00e1ch \u010desk\u00fdch osobnost\u00ed!<\/strong><\/p>\n<p>Handy cyklo maraton je vlastn\u011b \u0161tafetou sm\u00ed\u0161en\u00fdch \u010dty\u0159 nebo osmi\u010dlenn\u00fdch t\u00fdm\u016f. \u010casov\u00fd limit na zdol\u00e1n\u00ed trasy je 111 hodin. Pro t\u00fdmy jsou na trase p\u0159ipraveny tematick\u00e9 pr\u016fjezdn\u00ed body, kter\u00e9 je t\u0159eba projet ve spr\u00e1vn\u00e9m po\u0159ad\u00ed. Logistiku i strategii na trati si ka\u017ed\u00fd t\u00fdm \u0159e\u0161\u00ed s\u00e1m, z d\u016fvod\u016f bezpe\u010dnosti je v\u0161ak povinn\u00e9 vyhnout se zak\u00e1zan\u00fdm \u00fasek\u016fm. Dynamiku cel\u00e9mu z\u00e1vodu dod\u00e1vaj\u00ed p\u0159ipraven\u00e9 \u010dasovky, kter\u00e9 mohou \u0159\u00e1dn\u011b zam\u00edchat po\u0159ad\u00edm.<\/p>\n<div class=\"shortcode-ys-post-pinup\"><article class=\"loop-simple post-13972 post type-post status-publish format-standard has-post-thumbnail hentry category-silnicni-cyklistika category-https-www-welovecycling-com-cs-category-zabava tag-cyklistika tag-jiri-jezek tag-metrostav-handy-cyklomaraton-2021 tag-silnicni-cyklistika tag-zdravi-a-trenink global-categories-cycling\" data-postid=\"13972\" role=\"article\" data-post-id=\"13972\" data-word-count=\"737\" data-headline-length=\"31\" data-category=\"Silni\u010dn\u00ed cyklistika\" data-global-category=\"Cycling\" data-author=\"Michaela Bu\u010dkov\u00e1\" data-published=\"2021-08-03T07:00:55+02:00\" data-published-day=\"Tuesday\">\n    <div class=\"entry-thumbnail article-thumbnail\" content=\"https:\/\/d2p6e6u75xmxt8.cloudfront.net\/13\/2021\/08\/wlc-tym-CHM-2021-098-150x150.webp\"><a href=\"https:\/\/www.welovecycling.com\/cs\/2021\/08\/03\/2222-kilometru-pro-dobrou-vec\/\" class=\"image-holder\" target=\"_self\"><img decoding=\"async\" loading=\"lazy\" class=\"\" src=\"https:\/\/d2p6e6u75xmxt8.cloudfront.net\/13\/2021\/08\/wlc-tym-CHM-2021-098.webp\" srcset=\"https:\/\/d2p6e6u75xmxt8.cloudfront.net\/13\/2021\/08\/wlc-tym-CHM-2021-098.webp 823w, https:\/\/d2p6e6u75xmxt8.cloudfront.net\/13\/2021\/08\/wlc-tym-CHM-2021-098-300x200.webp 300w, https:\/\/d2p6e6u75xmxt8.cloudfront.net\/13\/2021\/08\/wlc-tym-CHM-2021-098-768x512.webp 768w, https:\/\/d2p6e6u75xmxt8.cloudfront.net\/13\/2021\/08\/wlc-tym-CHM-2021-098-272x182.webp 272w\" width=\"823\" height=\"549\" sizes=\"auto, (min-width: 1200px) 300px, (min-width: 768px) 25vw, 100vw\" alt=\"2222-kilometru-pro-dobrou-vec\"\/><\/a><\/div>    <div class=\"entry-meta\">\n        <a class=\"label label-secondary post-category\" href=\"https:\/\/www.welovecycling.com\/cs\/category\/silnicni-cyklistika\/\" title=\"Silni\u010dn\u00ed cyklistika\">Silni\u010dn\u00ed cyklistika<\/a>\n    <\/div>\n    <div class=\"entry-details\">\n        <a href=\"https:\/\/www.welovecycling.com\/cs\/2021\/08\/03\/2222-kilometru-pro-dobrou-vec\/\" class='entry-title-wrapper'>\n            <h3 class=\"entry-title\"><span>2222 kilometr\u016f pro dobrou v\u011bc<\/span><\/h3>\n        <\/a>\n    <\/div>\n    <\/article>\n<\/div>\n<p>Podm\u00ednkou \u00fa\u010dasti je start alespo\u0148 jednoho \u010dlov\u011bka s\u00a0handicapem v\u00a0ka\u017ed\u00e9m t\u00fdmu. Je p\u0159itom jedno, zda jde o voz\u00ed\u010dk\u00e1\u0159e, \u010dlov\u011bka s\u00a0amputac\u00ed \u010di jin\u00fdm t\u011blesn\u00fdm handicapem. V\u00a0\u0159ad\u00e1ch n\u011bkter\u00fdch t\u00fdm\u016f\u00a0startovali dokonce i lid\u00e9 se zrakov\u00fdm posti\u017een\u00edm na tandemov\u00e9m kole.<\/p>\n<h2><strong>Alternativou pro ka\u017ed\u00e9ho je Peloton nad\u011bje<\/strong><\/h2>\n<p>Ka\u017ed\u00fd \u010dlen t\u00fdmu mus\u00ed v\u00a0r\u00e1mci cel\u00e9ho podniku ujet alespo\u0148 sto kilometr\u016f. T\u00fdm si p\u0159itom s\u00e1m vol\u00ed, v\u00a0jak\u00fdch intervalech a na jak\u00fdch \u00fasec\u00edch se cyklist\u00e9 budou st\u0159\u00eddat. Za ka\u017ed\u00e9ho cyklistu s\u00a0handicapem z\u00edsk\u00e1 t\u00fdm v\u00a0c\u00edli \u010dasov\u00fd bonus podle po\u010dtu kilometr\u016f, kter\u00e9 dan\u00fd z\u00e1vodn\u00edk ujel.<\/p>\n<figure id=\"attachment_9066\" aria-describedby=\"caption-attachment-9066\" style=\"width: 1381px\" class=\"wp-caption alignnone\"><a href=\"https:\/\/d2p6e6u75xmxt8.cloudfront.net\/13\/2020\/08\/WLC-A-Handy-6-DSC01610.webp\"><img loading=\"lazy\" decoding=\"async\" class=\"size-full wp-image-9066\" src=\"https:\/\/d2p6e6u75xmxt8.cloudfront.net\/13\/2020\/08\/WLC-A-Handy-6-DSC01610.webp\" alt=\"T\u00fdm We Love Cycling v z\u00e1v\u011bre\u010dn\u00fdch kilometrech 8. ro\u010dn\u00edku Metrostav Handy Cyklomaratonu.\" width=\"1381\" height=\"921\" srcset=\"https:\/\/d2p6e6u75xmxt8.cloudfront.net\/13\/2020\/08\/WLC-A-Handy-6-DSC01610.webp 1381w, https:\/\/d2p6e6u75xmxt8.cloudfront.net\/13\/2020\/08\/WLC-A-Handy-6-DSC01610-300x200.webp 300w, https:\/\/d2p6e6u75xmxt8.cloudfront.net\/13\/2020\/08\/WLC-A-Handy-6-DSC01610-1024x683.webp 1024w, https:\/\/d2p6e6u75xmxt8.cloudfront.net\/13\/2020\/08\/WLC-A-Handy-6-DSC01610-768x512.webp 768w, https:\/\/d2p6e6u75xmxt8.cloudfront.net\/13\/2020\/08\/WLC-A-Handy-6-DSC01610-272x182.webp 272w\" sizes=\"auto, (max-width: 1381px) 100vw, 1381px\" \/><\/a><figcaption id=\"caption-attachment-9066\" class=\"wp-caption-text\"><em>T\u00fdm We Love Cycling v z\u00e1v\u011bre\u010dn\u00fdch kilometrech 8. ro\u010dn\u00edku Metrostav Handy Cyklomaratonu.<\/em><\/figcaption><\/figure>\n<p>Registrace do z\u00e1vodu Handy cyklo maraton je mo\u017en\u00e1 prost\u0159ednictv\u00edm formul\u00e1\u0159e na str\u00e1nk\u00e1ch www.cestazasnem.cz.<\/p>\n<p>Handy cyklo maraton v lo\u0148sk\u00e9m roce obdr\u017eel nejvy\u0161\u0161\u00ed ocen\u011bn\u00ed od Evropsk\u00e9 komise\u00a0za nejlep\u0161\u00ed sportovn\u00ed integra\u010dn\u00ed projekt z cel\u00e9 EU.<\/p>\n<div class=\"shortcode-ys-post-pinup\"><article class=\"loop-simple post-22499 post type-post status-publish format-standard has-post-thumbnail hentry category-silnicni-cyklistika tag-cyklistika tag-netflix tag-silnicni-cyklistika tag-tadej-pogacar tag-tour-de-france tag-tour-de-france-bez-prikras tag-tour-de-france-unchained global-categories-cycling\" data-postid=\"22499\" role=\"article\" data-post-id=\"22499\" data-word-count=\"330\" data-headline-length=\"121\" data-category=\"Silni\u010dn\u00ed cyklistika\" data-global-category=\"Cycling\" data-author=\"Marek Novotn\u00fd\" data-published=\"2023-05-26T17:00:56+02:00\" data-published-day=\"Friday\">\n    <div class=\"entry-thumbnail article-thumbnail\" content=\"https:\/\/d2p6e6u75xmxt8.cloudfront.net\/13\/2023\/05\/tour-de-france-1-150x150.webp\"><a href=\"https:\/\/www.welovecycling.com\/cs\/2023\/05\/26\/tour-de-france-odhalena-na-dren-netflix-uz-brzy-vypusti-ocekavany-dokument-z-pogacarova-talire-neochutnate\/\" class=\"image-holder\" target=\"_self\"><img decoding=\"async\" loading=\"lazy\" class=\"\" src=\"https:\/\/d2p6e6u75xmxt8.cloudfront.net\/13\/2023\/05\/tour-de-france-1-1024x683.webp\" srcset=\"https:\/\/d2p6e6u75xmxt8.cloudfront.net\/13\/2023\/05\/tour-de-france-1.webp 2048w, https:\/\/d2p6e6u75xmxt8.cloudfront.net\/13\/2023\/05\/tour-de-france-1-300x200.webp 300w, https:\/\/d2p6e6u75xmxt8.cloudfront.net\/13\/2023\/05\/tour-de-france-1-1024x683.webp 1024w, https:\/\/d2p6e6u75xmxt8.cloudfront.net\/13\/2023\/05\/tour-de-france-1-768x512.webp 768w, https:\/\/d2p6e6u75xmxt8.cloudfront.net\/13\/2023\/05\/tour-de-france-1-1536x1024.webp 1536w, https:\/\/d2p6e6u75xmxt8.cloudfront.net\/13\/2023\/05\/tour-de-france-1-1920x1280.webp 1920w, https:\/\/d2p6e6u75xmxt8.cloudfront.net\/13\/2023\/05\/tour-de-france-1-400x267.webp 400w, https:\/\/d2p6e6u75xmxt8.cloudfront.net\/13\/2023\/05\/tour-de-france-1-272x182.webp 272w, https:\/\/d2p6e6u75xmxt8.cloudfront.net\/13\/2023\/05\/tour-de-france-1-1920x1280.webp 1920w\" width=\"1024\" height=\"683\" sizes=\"auto, (min-width: 1200px) 300px, (min-width: 768px) 25vw, 100vw\" alt=\"tour-de-france-odhalena-na-dren-netflix-uz-brzy-vypusti-ocekavany-dokument-z-pogacarova-talire-neochutnate\"\/><\/a><\/div>    <div class=\"entry-meta\">\n        <a class=\"label label-secondary post-category\" href=\"https:\/\/www.welovecycling.com\/cs\/category\/silnicni-cyklistika\/\" title=\"Silni\u010dn\u00ed cyklistika\">Silni\u010dn\u00ed cyklistika<\/a>\n    <\/div>\n    <div class=\"entry-details\">\n        <a href=\"https:\/\/www.welovecycling.com\/cs\/2023\/05\/26\/tour-de-france-odhalena-na-dren-netflix-uz-brzy-vypusti-ocekavany-dokument-z-pogacarova-talire-neochutnate\/\" class='entry-title-wrapper'>\n            <h3 class=\"entry-title\"><span>Tour de France odhalen\u00e1 na d\u0159e\u0148. Netflix u\u017e brzy vypust\u00ed o\u010dek\u00e1van\u00fd dokument, z\u00a0Poga\u010darova tal\u00ed\u0159e neochutn\u00e1te<\/span><\/h3>\n        <\/a>\n    <\/div>\n    <\/article>\n<\/div>\n<p>Sou\u010d\u00e1st\u00ed Metrostav\u00a0handy\u00a0cyklo maratonu je tak\u00e9 Peloton nad\u011bje, kter\u00fd se jede po zkr\u00e1cen\u00e9 trase dle p\u0159edem stanoven\u00e9ho harmonogramu a na vyzna\u010den\u00fdch m\u00edstech se k\u00a0n\u011bmu m\u016f\u017ee na p\u00e1r kilometr\u016f\u00a0p\u0159ipojit opravdu ka\u017ed\u00fd a vytvo\u0159it tak pomysln\u00fd \u0159et\u011bz okolo cel\u00e9 \u010cR.<\/p>\n","protected":false},"excerpt":{"rendered":"<p>Velk\u00e1 pr\u00e1zdninov\u00e1 v\u00fdzva? Chcete v\u00a0sedle kola uskute\u010dnit n\u011bco nev\u0161edn\u00edho, a je\u0161t\u011b p\u0159isp\u011bt charitativn\u00edmu projektu? Posledn\u00ed \u010dervencov\u00fd t\u00fdden se pojede 11. [&hellip;]<\/p>\n","protected":false},"author":138,"featured_media":3266,"comment_status":"open","ping_status":"open","sticky":false,"template":"","format":"standard","meta":{"footnotes":""},"categories":[660],"tags":[126,3070,9],"global-categories":[],"class_list":["post-22546","post","type-post","status-publish","format-standard","has-post-thumbnail","hentry","category-https-www-welovecycling-com-cs-category-zabava","tag-cyklistika","tag-handy-cyklo-maraton-2023","tag-silnicni-cyklistika"],"yoast_head":"<!-- This site is optimized with the Yoast SEO Premium plugin v25.3 (Yoast SEO v25.9) - https:\/\/yoast.com\/wordpress\/plugins\/seo\/ -->\n<title>Velk\u00e1 pr\u00e1zdninov\u00e1 v\u00fdzva! Na kole kolem republiky pro dobrou v\u011bc | \u0160koda We Love Cycling - \u010cesk\u00e1 republika<\/title>\n<meta name=\"description\" content=\"Velk\u00e1 pr\u00e1zdninov\u00e1 v\u00fdzva? Posledn\u00ed \u010dervencov\u00fd t\u00fdden se pojede 11. ro\u010dn\u00edk Handy cyklo maraton. Projedete 14 kraj\u016f, zdol\u00e1te 2222 kilometr\u016f.\" \/>\n<meta name=\"robots\" content=\"index, follow, max-snippet:-1, max-image-preview:large, max-video-preview:-1\" \/>\n<link rel=\"canonical\" href=\"https:\/\/www.welovecycling.com\/cs\/2023\/05\/30\/velka-prazdninova-vyzva-na-kole-kolem-republiky-pro-dobrou-vec\/\" \/>\n<meta property=\"og:locale\" content=\"cs_CZ\" \/>\n<meta property=\"og:type\" content=\"article\" \/>\n<meta property=\"og:title\" content=\"Velk\u00e1 pr\u00e1zdninov\u00e1 v\u00fdzva! Na kole kolem republiky pro dobrou v\u011bc\" \/>\n<meta property=\"og:description\" content=\"Velk\u00e1 pr\u00e1zdninov\u00e1 v\u00fdzva? Posledn\u00ed \u010dervencov\u00fd t\u00fdden se pojede 11. ro\u010dn\u00edk Handy cyklo maraton. Projedete 14 kraj\u016f, zdol\u00e1te 2222 kilometr\u016f.\" \/>\n<meta property=\"og:url\" content=\"https:\/\/www.welovecycling.com\/cs\/2023\/05\/30\/velka-prazdninova-vyzva-na-kole-kolem-republiky-pro-dobrou-vec\/\" \/>\n<meta property=\"og:site_name\" content=\"\u0160koda We Love Cycling - \u010cesk\u00e1 republika\" \/>\n<meta property=\"article:published_time\" content=\"2023-05-30T13:00:56+00:00\" \/>\n<meta property=\"og:image\" content=\"https:\/\/d2p6e6u75xmxt8.cloudfront.net\/13\/2019\/07\/Metrostav_Handy_Cyklo_maraton_Team_Skoda_We_love_Cycling8-scaled.webp\" \/>\n\t<meta property=\"og:image:width\" content=\"2560\" \/>\n\t<meta property=\"og:image:height\" content=\"1707\" \/>\n\t<meta property=\"og:image:type\" content=\"image\/webp\" \/>\n<meta name=\"author\" content=\"radekmalina\" \/>\n<meta name=\"twitter:card\" content=\"summary_large_image\" \/>\n<meta name=\"twitter:label1\" content=\"Written by\" \/>\n\t<meta name=\"twitter:data1\" content=\"Marek Novotn\u00fd\" \/>\n\t<meta name=\"twitter:label2\" content=\"Est. reading time\" \/>\n\t<meta name=\"twitter:data2\" content=\"5\" \/>\n<script type=\"application\/ld+json\" class=\"yoast-schema-graph\">{\"@context\":\"https:\/\/schema.org\",\"@graph\":[{\"@type\":\"WebPage\",\"@id\":\"https:\/\/www.welovecycling.com\/cs\/2023\/05\/30\/velka-prazdninova-vyzva-na-kole-kolem-republiky-pro-dobrou-vec\/\",\"url\":\"https:\/\/www.welovecycling.com\/cs\/2023\/05\/30\/velka-prazdninova-vyzva-na-kole-kolem-republiky-pro-dobrou-vec\/\",\"name\":\"Velk\u00e1 pr\u00e1zdninov\u00e1 v\u00fdzva! Na kole kolem republiky pro dobrou v\u011bc | \u0160koda We Love Cycling - \u010cesk\u00e1 republika\",\"isPartOf\":{\"@id\":\"https:\/\/www.welovecycling.com\/cs\/#website\"},\"primaryImageOfPage\":{\"@id\":\"https:\/\/www.welovecycling.com\/cs\/2023\/05\/30\/velka-prazdninova-vyzva-na-kole-kolem-republiky-pro-dobrou-vec\/#primaryimage\"},\"image\":{\"@id\":\"https:\/\/www.welovecycling.com\/cs\/2023\/05\/30\/velka-prazdninova-vyzva-na-kole-kolem-republiky-pro-dobrou-vec\/#primaryimage\"},\"thumbnailUrl\":\"https:\/\/d2p6e6u75xmxt8.cloudfront.net\/13\/2019\/07\/Metrostav_Handy_Cyklo_maraton_Team_Skoda_We_love_Cycling8-scaled.webp\",\"datePublished\":\"2023-05-30T13:00:56+00:00\",\"author\":{\"@id\":\"https:\/\/www.welovecycling.com\/cs\/#\/schema\/person\/d9eeb0a378f3a7e4a6d12d2b536b04b8\"},\"description\":\"Velk\u00e1 pr\u00e1zdninov\u00e1 v\u00fdzva? Posledn\u00ed \u010dervencov\u00fd t\u00fdden se pojede 11. ro\u010dn\u00edk Handy cyklo maraton. Projedete 14 kraj\u016f, zdol\u00e1te 2222 kilometr\u016f.\",\"inLanguage\":\"cs\",\"potentialAction\":[{\"@type\":\"ReadAction\",\"target\":[\"https:\/\/www.welovecycling.com\/cs\/2023\/05\/30\/velka-prazdninova-vyzva-na-kole-kolem-republiky-pro-dobrou-vec\/\"]}]},{\"@type\":\"ImageObject\",\"inLanguage\":\"cs\",\"@id\":\"https:\/\/www.welovecycling.com\/cs\/2023\/05\/30\/velka-prazdninova-vyzva-na-kole-kolem-republiky-pro-dobrou-vec\/#primaryimage\",\"url\":\"https:\/\/d2p6e6u75xmxt8.cloudfront.net\/13\/2019\/07\/Metrostav_Handy_Cyklo_maraton_Team_Skoda_We_love_Cycling8-scaled.webp\",\"contentUrl\":\"https:\/\/d2p6e6u75xmxt8.cloudfront.net\/13\/2019\/07\/Metrostav_Handy_Cyklo_maraton_Team_Skoda_We_love_Cycling8-scaled.webp\",\"width\":2560,\"height\":1707,\"caption\":\"Handy cyklo maraton\"},{\"@type\":\"WebSite\",\"@id\":\"https:\/\/www.welovecycling.com\/cs\/#website\",\"url\":\"https:\/\/www.welovecycling.com\/cs\/\",\"name\":\"\u0160koda We Love Cycling - \u010cesk\u00e1 republika\",\"description\":\"WeLoveCycling.cz je online magaz\u00edn, kter\u00fd v\u00e1m pravideln\u011b p\u0159in\u00e1\u0161\u00ed rady a tipy, zaj\u00edmav\u00e9 \u010dl\u00e1nky, videa a jedine\u010dn\u00e9 report\u00e1\u017ee ze sv\u011bta cyklistiky.\",\"potentialAction\":[{\"@type\":\"SearchAction\",\"target\":{\"@type\":\"EntryPoint\",\"urlTemplate\":\"https:\/\/www.welovecycling.com\/cs\/?s={search_term_string}\"},\"query-input\":{\"@type\":\"PropertyValueSpecification\",\"valueRequired\":true,\"valueName\":\"search_term_string\"}}],\"inLanguage\":\"cs\"},{\"@type\":\"Person\",\"@id\":\"https:\/\/www.welovecycling.com\/cs\/#\/schema\/person\/d9eeb0a378f3a7e4a6d12d2b536b04b8\",\"name\":\"radekmalina\",\"image\":{\"@type\":\"ImageObject\",\"inLanguage\":\"cs\",\"@id\":\"https:\/\/www.welovecycling.com\/cs\/#\/schema\/person\/image\/\",\"url\":\"https:\/\/secure.gravatar.com\/avatar\/66994b632cb8c39a46b9f54afa3ae07201b678d32a54275b6f1c9ffec356bfc0?s=96&d=mm&r=g\",\"contentUrl\":\"https:\/\/secure.gravatar.com\/avatar\/66994b632cb8c39a46b9f54afa3ae07201b678d32a54275b6f1c9ffec356bfc0?s=96&d=mm&r=g\",\"caption\":\"radekmalina\"},\"url\":\"https:\/\/www.welovecycling.com\/cs\/author\/radekmalina\/\"}]}<\/script>\n<!-- \/ Yoast SEO Premium plugin. -->","yoast_head_json":{"title":"Velk\u00e1 pr\u00e1zdninov\u00e1 v\u00fdzva! Na kole kolem republiky pro dobrou v\u011bc | \u0160koda We Love Cycling - \u010cesk\u00e1 republika","description":"Velk\u00e1 pr\u00e1zdninov\u00e1 v\u00fdzva? Posledn\u00ed \u010dervencov\u00fd t\u00fdden se pojede 11. ro\u010dn\u00edk Handy cyklo maraton. Projedete 14 kraj\u016f, zdol\u00e1te 2222 kilometr\u016f.","robots":{"index":"index","follow":"follow","max-snippet":"max-snippet:-1","max-image-preview":"max-image-preview:large","max-video-preview":"max-video-preview:-1"},"canonical":"https:\/\/www.welovecycling.com\/cs\/2023\/05\/30\/velka-prazdninova-vyzva-na-kole-kolem-republiky-pro-dobrou-vec\/","og_locale":"cs_CZ","og_type":"article","og_title":"Velk\u00e1 pr\u00e1zdninov\u00e1 v\u00fdzva! Na kole kolem republiky pro dobrou v\u011bc","og_description":"Velk\u00e1 pr\u00e1zdninov\u00e1 v\u00fdzva? Posledn\u00ed \u010dervencov\u00fd t\u00fdden se pojede 11. ro\u010dn\u00edk Handy cyklo maraton. Projedete 14 kraj\u016f, zdol\u00e1te 2222 kilometr\u016f.","og_url":"https:\/\/www.welovecycling.com\/cs\/2023\/05\/30\/velka-prazdninova-vyzva-na-kole-kolem-republiky-pro-dobrou-vec\/","og_site_name":"\u0160koda We Love Cycling - \u010cesk\u00e1 republika","article_published_time":"2023-05-30T13:00:56+00:00","og_image":[{"width":2560,"height":1707,"url":"https:\/\/d2p6e6u75xmxt8.cloudfront.net\/13\/2019\/07\/Metrostav_Handy_Cyklo_maraton_Team_Skoda_We_love_Cycling8-scaled.webp","type":"image\/webp"}],"author":"radekmalina","twitter_card":"summary_large_image","twitter_misc":{"Written by":"Marek Novotn\u00fd","Est. reading time":"5"},"schema":{"@context":"https:\/\/schema.org","@graph":[{"@type":"WebPage","@id":"https:\/\/www.welovecycling.com\/cs\/2023\/05\/30\/velka-prazdninova-vyzva-na-kole-kolem-republiky-pro-dobrou-vec\/","url":"https:\/\/www.welovecycling.com\/cs\/2023\/05\/30\/velka-prazdninova-vyzva-na-kole-kolem-republiky-pro-dobrou-vec\/","name":"Velk\u00e1 pr\u00e1zdninov\u00e1 v\u00fdzva! Na kole kolem republiky pro dobrou v\u011bc | \u0160koda We Love Cycling - \u010cesk\u00e1 republika","isPartOf":{"@id":"https:\/\/www.welovecycling.com\/cs\/#website"},"primaryImageOfPage":{"@id":"https:\/\/www.welovecycling.com\/cs\/2023\/05\/30\/velka-prazdninova-vyzva-na-kole-kolem-republiky-pro-dobrou-vec\/#primaryimage"},"image":{"@id":"https:\/\/www.welovecycling.com\/cs\/2023\/05\/30\/velka-prazdninova-vyzva-na-kole-kolem-republiky-pro-dobrou-vec\/#primaryimage"},"thumbnailUrl":"https:\/\/d2p6e6u75xmxt8.cloudfront.net\/13\/2019\/07\/Metrostav_Handy_Cyklo_maraton_Team_Skoda_We_love_Cycling8-scaled.webp","datePublished":"2023-05-30T13:00:56+00:00","author":{"@id":"https:\/\/www.welovecycling.com\/cs\/#\/schema\/person\/d9eeb0a378f3a7e4a6d12d2b536b04b8"},"description":"Velk\u00e1 pr\u00e1zdninov\u00e1 v\u00fdzva? Posledn\u00ed \u010dervencov\u00fd t\u00fdden se pojede 11. ro\u010dn\u00edk Handy cyklo maraton. Projedete 14 kraj\u016f, zdol\u00e1te 2222 kilometr\u016f.","inLanguage":"cs","potentialAction":[{"@type":"ReadAction","target":["https:\/\/www.welovecycling.com\/cs\/2023\/05\/30\/velka-prazdninova-vyzva-na-kole-kolem-republiky-pro-dobrou-vec\/"]}]},{"@type":"ImageObject","inLanguage":"cs","@id":"https:\/\/www.welovecycling.com\/cs\/2023\/05\/30\/velka-prazdninova-vyzva-na-kole-kolem-republiky-pro-dobrou-vec\/#primaryimage","url":"https:\/\/d2p6e6u75xmxt8.cloudfront.net\/13\/2019\/07\/Metrostav_Handy_Cyklo_maraton_Team_Skoda_We_love_Cycling8-scaled.webp","contentUrl":"https:\/\/d2p6e6u75xmxt8.cloudfront.net\/13\/2019\/07\/Metrostav_Handy_Cyklo_maraton_Team_Skoda_We_love_Cycling8-scaled.webp","width":2560,"height":1707,"caption":"Handy cyklo maraton"},{"@type":"WebSite","@id":"https:\/\/www.welovecycling.com\/cs\/#website","url":"https:\/\/www.welovecycling.com\/cs\/","name":"\u0160koda We Love Cycling - \u010cesk\u00e1 republika","description":"WeLoveCycling.cz je online magaz\u00edn, kter\u00fd v\u00e1m pravideln\u011b p\u0159in\u00e1\u0161\u00ed rady a tipy, zaj\u00edmav\u00e9 \u010dl\u00e1nky, videa a jedine\u010dn\u00e9 report\u00e1\u017ee ze sv\u011bta cyklistiky.","potentialAction":[{"@type":"SearchAction","target":{"@type":"EntryPoint","urlTemplate":"https:\/\/www.welovecycling.com\/cs\/?s={search_term_string}"},"query-input":{"@type":"PropertyValueSpecification","valueRequired":true,"valueName":"search_term_string"}}],"inLanguage":"cs"},{"@type":"Person","@id":"https:\/\/www.welovecycling.com\/cs\/#\/schema\/person\/d9eeb0a378f3a7e4a6d12d2b536b04b8","name":"radekmalina","image":{"@type":"ImageObject","inLanguage":"cs","@id":"https:\/\/www.welovecycling.com\/cs\/#\/schema\/person\/image\/","url":"https:\/\/secure.gravatar.com\/avatar\/66994b632cb8c39a46b9f54afa3ae07201b678d32a54275b6f1c9ffec356bfc0?s=96&d=mm&r=g","contentUrl":"https:\/\/secure.gravatar.com\/avatar\/66994b632cb8c39a46b9f54afa3ae07201b678d32a54275b6f1c9ffec356bfc0?s=96&d=mm&r=g","caption":"radekmalina"},"url":"https:\/\/www.welovecycling.com\/cs\/author\/radekmalina\/"}]}},"_links":{"self":[{"href":"https:\/\/www.welovecycling.com\/cs\/wp-json\/wp\/v2\/posts\/22546","targetHints":{"allow":["GET"]}}],"collection":[{"href":"https:\/\/www.welovecycling.com\/cs\/wp-json\/wp\/v2\/posts"}],"about":[{"href":"https:\/\/www.welovecycling.com\/cs\/wp-json\/wp\/v2\/types\/post"}],"author":[{"embeddable":true,"href":"https:\/\/www.welovecycling.com\/cs\/wp-json\/wp\/v2\/users\/138"}],"replies":[{"embeddable":true,"href":"https:\/\/www.welovecycling.com\/cs\/wp-json\/wp\/v2\/comments?post=22546"}],"version-history":[{"count":2,"href":"https:\/\/www.welovecycling.com\/cs\/wp-json\/wp\/v2\/posts\/22546\/revisions"}],"predecessor-version":[{"id":22548,"href":"https:\/\/www.welovecycling.com\/cs\/wp-json\/wp\/v2\/posts\/22546\/revisions\/22548"}],"wp:featuredmedia":[{"embeddable":true,"href":"https:\/\/www.welovecycling.com\/cs\/wp-json\/wp\/v2\/media\/3266"}],"wp:attachment":[{"href":"https:\/\/www.welovecycling.com\/cs\/wp-json\/wp\/v2\/media?parent=22546"}],"wp:term":[{"taxonomy":"category","embeddable":true,"href":"https:\/\/www.welovecycling.com\/cs\/wp-json\/wp\/v2\/categories?post=22546"},{"taxonomy":"post_tag","embeddable":true,"href":"https:\/\/www.welovecycling.com\/cs\/wp-json\/wp\/v2\/tags?post=22546"},{"taxonomy":"global-categories","embeddable":true,"href":"https:\/\/www.welovecycling.com\/cs\/wp-json\/wp\/v2\/global-categories?post=22546"}],"curies":[{"name":"wp","href":"https:\/\/api.w.org\/{rel}","templated":true}]}}