{"id":22499,"date":"2023-05-26T17:00:56","date_gmt":"2023-05-26T15:00:56","guid":{"rendered":"https:\/\/www.welovecycling.com\/cs\/?p=22499"},"modified":"2023-05-26T10:19:21","modified_gmt":"2023-05-26T08:19:21","slug":"tour-de-france-odhalena-na-dren-netflix-uz-brzy-vypusti-ocekavany-dokument-z-pogacarova-talire-neochutnate","status":"publish","type":"post","link":"https:\/\/www.welovecycling.com\/cs\/2023\/05\/26\/tour-de-france-odhalena-na-dren-netflix-uz-brzy-vypusti-ocekavany-dokument-z-pogacarova-talire-neochutnate\/","title":{"rendered":"Tour de France odhalen\u00e1 na d\u0159e\u0148. Netflix u\u017e brzy vypust\u00ed o\u010dek\u00e1van\u00fd dokument, z\u00a0Poga\u010darova tal\u00ed\u0159e neochutn\u00e1te"},"content":{"rendered":"<p><strong>Mimo\u0159\u00e1dn\u011b o\u010dek\u00e1van\u00e1 premi\u00e9ra dokument\u00e1rn\u00ed s\u00e9rie Netflixu Tour de France: Unchained (v \u010desk\u00e9 verzi Tour de France: Bez p\u0159\u00edkras) se bl\u00ed\u017e\u00ed. U\u017e jen p\u00e1r dn\u016f zb\u00fdv\u00e1 do odhalen\u00ed prvn\u00edho d\u011bjstv\u00ed.Osmid\u00edln\u00fd seri\u00e1l mapuje lo\u0148sk\u00fd 109. ro\u010dn\u00edk Star\u00e9 d\u00e1my a p\u0159inese dosud nejotev\u0159en\u011bj\u0161\u00ed pohled za oponu nejslavn\u011bj\u0161\u00edho cyklistick\u00e9ho z\u00e1vodu planety. Datum sv\u011btov\u00e9 premi\u00e9ry bylo stanoveno na 8. \u010dervna.<\/strong><\/p>\n<p>Mo\u017en\u00e1 to bude televizn\u00ed ud\u00e1lost roku. Seri\u00e1l toti\u017e produkovala spole\u010dnost Quadbox, z\u00a0jej\u00ed\u017e d\u00edlny vy\u0161la super\u00fasp\u011b\u0161n\u00e1 s\u00e9rie Drive to Survive (Touha po v\u00edt\u011bzstv\u00ed), kter\u00e1 fenomen\u00e1ln\u00edm zp\u016fsobem odhalila prost\u0159ed\u00ed a p\u0159edev\u0161\u00edm z\u00e1kulis\u00ed formule 1.<\/p>\n<h2><strong>Tadej Poga\u010dar a jeho t\u00fdm Netflix odm\u00edtli<\/strong><\/h2>\n<p>Nyn\u00ed p\u0159ich\u00e1z\u00ed \u010das nahl\u00e9dnout pod sukn\u011b Star\u00e9 d\u00e1my a z\u00a0informac\u00ed, kter\u00e9 produkce postupn\u011b uvol\u0148uje je z\u0159ejm\u00e9, \u017ee p\u016fjde o \u017ehavou pod\u00edvanou.<\/p>\n<p>\u201eJste v\u00e1le\u010dn\u00edci. Jste voj\u00e1ci. Vyfasujete \u010d\u00edslo, a je z\u00a0v\u00e1s jin\u00fd \u010dlov\u011bk,\u201c \u0159\u00edk\u00e1 v\u00a0traileru \u0161\u00e9f st\u00e1je Groupama-FDJ Marc Madiot. \u201eTour de France je velmi jednoduch\u00e1. P\u00e1l\u00ed. Vezme v\u00e1m dech. Bolest n\u00e1s definuje&#8230;\u201c doprov\u00e1zej\u00ed sled n\u00e1sleduj\u00edc\u00edch dramatick\u00fdch z\u00e1b\u011br\u016f v\u00fdroky samotn\u00fdch z\u00e1vodn\u00edk\u016f.<\/p>\n<figure id=\"attachment_22524\" aria-describedby=\"caption-attachment-22524\" style=\"width: 1920px\" class=\"wp-caption alignnone\"><a href=\"https:\/\/d2p6e6u75xmxt8.cloudfront.net\/13\/2023\/05\/Tour-de-France-2.webp\"><img loading=\"lazy\" decoding=\"async\" class=\"size-extra-large wp-image-22524\" src=\"https:\/\/d2p6e6u75xmxt8.cloudfront.net\/13\/2023\/05\/Tour-de-France-2-1920x1280.webp\" alt=\"Tour de France\" width=\"1920\" height=\"1280\" srcset=\"https:\/\/d2p6e6u75xmxt8.cloudfront.net\/13\/2023\/05\/Tour-de-France-2-1920x1280.webp 1920w, https:\/\/d2p6e6u75xmxt8.cloudfront.net\/13\/2023\/05\/Tour-de-France-2-300x200.webp 300w, https:\/\/d2p6e6u75xmxt8.cloudfront.net\/13\/2023\/05\/Tour-de-France-2-1024x683.webp 1024w, https:\/\/d2p6e6u75xmxt8.cloudfront.net\/13\/2023\/05\/Tour-de-France-2-768x512.webp 768w, https:\/\/d2p6e6u75xmxt8.cloudfront.net\/13\/2023\/05\/Tour-de-France-2-1536x1024.webp 1536w, https:\/\/d2p6e6u75xmxt8.cloudfront.net\/13\/2023\/05\/Tour-de-France-2-400x267.webp 400w, https:\/\/d2p6e6u75xmxt8.cloudfront.net\/13\/2023\/05\/Tour-de-France-2-272x182.webp 272w, https:\/\/d2p6e6u75xmxt8.cloudfront.net\/13\/2023\/05\/Tour-de-France-2.webp 2048w, https:\/\/d2p6e6u75xmxt8.cloudfront.net\/13\/2023\/05\/Tour-de-France-2-1920x1280.webp 1920w\" sizes=\"auto, (max-width: 1920px) 100vw, 1920px\" \/><\/a><figcaption id=\"caption-attachment-22524\" class=\"wp-caption-text\"><em>Tour de France: Bez p\u0159\u00edkras. Dokument\u00e1rn\u00ed seri\u00e1l Netflixu se u\u017e brzy do\u010dk\u00e1 premi\u00e9ry.<\/em><\/figcaption><\/figure>\n<p>Netflix m\u011bl podle p\u016fvodn\u00edho z\u00e1m\u011bru v\u00a0osmi d\u00edlech detailn\u011b uk\u00e1zat pr\u00e1ci osmi profesion\u00e1ln\u00edch st\u00e1j\u00ed AG2R Citro\u00ebn, Alpecin-Deceuninck, Bora-Hansgrohe, EF Education-EasyPost, Groupama-FDJ, Ineos Grenadiers, Jumbo-Visma a Quick-Step Soudal. Domovsk\u00e1 str\u00e1nka seri\u00e1lu nyn\u00ed hovo\u0159\u00ed o \u201en\u011bkolika\u201c t\u00fdmech a podle webu Cyclingweekly jedna st\u00e1j vypadla, neuv\u00e1d\u00ed ale kter\u00e1.<\/p>\n<div class=\"shortcode-ys-post-pinup\"><article class=\"loop-simple post-16661 post type-post status-publish format-standard has-post-thumbnail hentry category-https-www-welovecycling-com-cs-category-zabava tag-aerodynamika tag-cyklistika tag-silnicni-cyklistika tag-tadej-pogacar tag-vlasy tag-vlasy-a-cyklistika tag-zdravi-a-trenink global-categories-cycling\" data-postid=\"16661\" role=\"article\" data-post-id=\"16661\" data-word-count=\"463\" data-headline-length=\"60\" data-category=\"Z\u00c1BAVA\" data-global-category=\"Cycling\" data-author=\"Adam Bouda\" data-published=\"2022-04-30T13:00:45+02:00\" data-published-day=\"Saturday\">\n    <div class=\"entry-thumbnail article-thumbnail\" content=\"https:\/\/d2p6e6u75xmxt8.cloudfront.net\/13\/2021\/07\/pogacar-profimedia-0620910527-150x150.webp\"><a href=\"https:\/\/www.welovecycling.com\/cs\/2022\/04\/30\/tadej-pogacar-a-jeho-kadere-mohou-vlasy-ubirat-rychlost\/\" class=\"image-holder\" target=\"_self\"><img decoding=\"async\" loading=\"lazy\" class=\"\" src=\"https:\/\/d2p6e6u75xmxt8.cloudfront.net\/13\/2021\/07\/pogacar-profimedia-0620910527-1024x682.webp\" srcset=\"https:\/\/d2p6e6u75xmxt8.cloudfront.net\/13\/2021\/07\/pogacar-profimedia-0620910527.webp 1800w, https:\/\/d2p6e6u75xmxt8.cloudfront.net\/13\/2021\/07\/pogacar-profimedia-0620910527-300x200.webp 300w, https:\/\/d2p6e6u75xmxt8.cloudfront.net\/13\/2021\/07\/pogacar-profimedia-0620910527-1024x682.webp 1024w, https:\/\/d2p6e6u75xmxt8.cloudfront.net\/13\/2021\/07\/pogacar-profimedia-0620910527-768x512.webp 768w, https:\/\/d2p6e6u75xmxt8.cloudfront.net\/13\/2021\/07\/pogacar-profimedia-0620910527-1536x1023.webp 1536w, https:\/\/d2p6e6u75xmxt8.cloudfront.net\/13\/2021\/07\/pogacar-profimedia-0620910527-272x182.webp 272w\" width=\"1024\" height=\"682\" sizes=\"auto, (min-width: 1200px) 300px, (min-width: 768px) 25vw, 100vw\" alt=\"tadej-pogacar-a-jeho-kadere-mohou-vlasy-ubirat-rychlost\"\/><\/a><\/div>    <div class=\"entry-meta\">\n        <a class=\"label label-secondary post-category\" href=\"https:\/\/www.welovecycling.com\/cs\/category\/https-www-welovecycling-com-cs-category-zabava\/\" title=\"Z\u00c1BAVA\">Z\u00c1BAVA<\/a>\n    <\/div>\n    <div class=\"entry-details\">\n        <a href=\"https:\/\/www.welovecycling.com\/cs\/2022\/04\/30\/tadej-pogacar-a-jeho-kadere-mohou-vlasy-ubirat-rychlost\/\" class='entry-title-wrapper'>\n            <h3 class=\"entry-title\"><span>Tadej Poga\u010dar a jeho kade\u0159e. Mohou vlasy ub\u00edrat rychlost?<\/span><\/h3>\n        <\/a>\n    <\/div>\n    <\/article>\n<\/div>\n<p>Pustit filma\u0159e a\u017e do kuchyn\u011b, jej\u00edm\u017e hlavn\u00edm l\u00e1kadlem na menu je dvojn\u00e1sobn\u00fd v\u00edt\u011bz Tour Tadej Poga\u010dar, ji\u017e dop\u0159edu odm\u00edtl t\u00fdm UAE Emirates. D\u016fvodem m\u011bly b\u00fdt obavy z\u00a0potenci\u00e1ln\u00ed negativn\u00ed interpretace medi\u00e1ln\u00edho obrazu t\u00fdmu a jeho sponzor\u016f. Poga\u010dar se tak p\u0159ed kamerou objev\u00ed jen p\u0159i\u00a0ofici\u00e1ln\u00edch rozhovorech a z\u00e1vodn\u00edch z\u00e1b\u011brech.<\/p>\n<h2><strong>Emoce z Tour de France za 200 milion\u016f korun<\/strong><\/h2>\n<p>Pr\u00e1v\u011b odhalen\u00e9 soukrom\u00ed slovinsk\u00e9 hv\u011bzdy p\u0159i lo\u0148sk\u00e9m ro\u010dn\u00edku Tour by p\u0159itom mohlo nab\u00eddnout extr\u00e9mn\u011b zaj\u00edmav\u00fd vhled do \u017eivota nejv\u011bt\u0161\u00ed hv\u011bzdy pelotonu. Poga\u010dar \u00fato\u010dil pot\u0159et\u00ed v\u00a0\u0159ad\u011b na celkov\u00e9 v\u00edt\u011bzstv\u00ed, nakonec se ale musel sklonit p\u0159ed Jonasem Vingegaardem. I tak ale v\u00a0s\u00e9rii rozhodn\u011b nebudou chyb\u011bt emoce v\u0161eho druhu.<\/p>\n<lite-youtube videoid=j4HadbaMF8w params=\"enablejsapi=1\" style=\"background-image: url('https:\/\/i.ytimg.com\/vi_webp\/j4HadbaMF8w\/maxresdefault.webp');\"><\/lite-youtube>\n<p>\u201ePomoc\u00ed narativn\u00edho p\u0159\u00edstupu jako dopl\u0148ku samotn\u00e9ho z\u00e1vodu dostanou div\u00e1ci mo\u017enost objevit, jak obrovskou v\u00fdzvu Tour pro jezdce p\u0159edstavuje. A co p\u0159i n\u00ed mus\u00ed vytrp\u011bt, kam posunou sv\u00e9 hranice i t\u00fdmov\u00e9ho ducha. Chceme d\u00edky tomuto projektu u\u010dinit n\u00e1\u0161 sport p\u0159\u00edstupn\u011bj\u0161\u00edm pro \u0161ir\u0161\u00ed publikum,\u201c uvedl ji\u017e d\u0159\u00edve p\u0159i p\u0159edstaven\u00ed projektu v\u00fdkonn\u00fd \u0159editel A.S.O. Yann Le Mo\u00ebnner.<\/p>\n<div class=\"shortcode-ys-post-pinup\"><article class=\"loop-simple post-22457 post type-post status-publish format-standard has-post-thumbnail hentry category-letape-czech-republic tag-cyklistika tag-energeticke-gely tag-energeticke-tycinky tag-jidlo-pri-cyklistickem-zavode tag-letape-czech-republic-by-tour-de-france-2023 tag-potravinove-doplnky tag-vyziva tag-zdravi-a-trenink global-categories-cycling\" data-postid=\"22457\" role=\"article\" data-post-id=\"22457\" data-word-count=\"463\" data-headline-length=\"83\" data-category=\"L&#039;Etape Czech Republic\" data-global-category=\"Cycling\" data-author=\"We Love Cycling\" data-published=\"2023-05-19T16:00:52+02:00\" data-published-day=\"Friday\">\n    <div class=\"entry-thumbnail article-thumbnail\" content=\"https:\/\/d2p6e6u75xmxt8.cloudfront.net\/13\/2023\/05\/obcerstvovacka-150x150.webp\"><a href=\"https:\/\/www.welovecycling.com\/cs\/2023\/05\/19\/jak-na-jidlo-pri-cyklistickem-zavode-jednadvacet-kusu-doplnku-neni-utopie\/\" class=\"image-holder\" target=\"_self\"><img decoding=\"async\" loading=\"lazy\" class=\"\" src=\"https:\/\/d2p6e6u75xmxt8.cloudfront.net\/13\/2023\/05\/obcerstvovacka-1024x682.webp\" srcset=\"https:\/\/d2p6e6u75xmxt8.cloudfront.net\/13\/2023\/05\/obcerstvovacka.webp 1225w, https:\/\/d2p6e6u75xmxt8.cloudfront.net\/13\/2023\/05\/obcerstvovacka-300x200.webp 300w, https:\/\/d2p6e6u75xmxt8.cloudfront.net\/13\/2023\/05\/obcerstvovacka-1024x682.webp 1024w, https:\/\/d2p6e6u75xmxt8.cloudfront.net\/13\/2023\/05\/obcerstvovacka-768x512.webp 768w, https:\/\/d2p6e6u75xmxt8.cloudfront.net\/13\/2023\/05\/obcerstvovacka-400x266.webp 400w, https:\/\/d2p6e6u75xmxt8.cloudfront.net\/13\/2023\/05\/obcerstvovacka-272x182.webp 272w\" width=\"1024\" height=\"682\" sizes=\"auto, (min-width: 1200px) 300px, (min-width: 768px) 25vw, 100vw\" alt=\"jak-na-jidlo-pri-cyklistickem-zavode-jednadvacet-kusu-doplnku-neni-utopie\"\/><\/a><\/div>    <div class=\"entry-meta\">\n        <a class=\"label label-secondary post-category\" href=\"https:\/\/www.welovecycling.com\/cs\/category\/letape-czech-republic\/\" title=\"L'Etape Czech Republic\">L'Etape Czech Republic<\/a>\n    <\/div>\n    <div class=\"entry-details\">\n        <a href=\"https:\/\/www.welovecycling.com\/cs\/2023\/05\/19\/jak-na-jidlo-pri-cyklistickem-zavode-jednadvacet-kusu-doplnku-neni-utopie\/\" class='entry-title-wrapper'>\n            <h3 class=\"entry-title\"><span>Jak na j\u00eddlo p\u0159i cyklistick\u00e9m z\u00e1vod\u011b? Jednadvacet kus\u016f dopl\u0148k\u016f nen\u00ed utopie<\/span><\/h3>\n        <\/a>\n    <\/div>\n    <\/article>\n<\/div>\n<p>Netflix po\u010d\u00edt\u00e1, \u017ee s\u00e9rii pust\u00ed do 190 st\u00e1t\u016f sv\u011bta. Produkce m\u011bla popul\u00e1rn\u00ed streamovac\u00ed platformu \u00fadajn\u011b vyj\u00edt na osm milionu eur (t\u00e9m\u011b\u0159 200 milionu korun). O dal\u0161\u00ed p\u016fl milion eur se pod\u011blil organiz\u00e1tor Tour de France spole\u010dnost A.S.O. a ve\u0159ejnopr\u00e1vn\u00ed televize France Television. Ka\u017ed\u00fd z\u00fa\u010dastn\u011bn\u00fd t\u00fdm pak p\u0159isp\u011bl do rozpo\u010dtu seri\u00e1lu \u010d\u00e1stkou 62\u00a0000 eur (zhruba 1,5 milionu korun).<\/p>\n","protected":false},"excerpt":{"rendered":"<p>Mimo\u0159\u00e1dn\u011b o\u010dek\u00e1van\u00e1 premi\u00e9ra dokument\u00e1rn\u00ed s\u00e9rie Netflixu Tour de France: Unchained (v \u010desk\u00e9 verzi Tour de France: Bez p\u0159\u00edkras) se bl\u00ed\u017e\u00ed. [&hellip;]<\/p>\n","protected":false},"author":138,"featured_media":22525,"comment_status":"open","ping_status":"open","sticky":false,"template":"","format":"standard","meta":{"footnotes":""},"categories":[10],"tags":[126,2348,9,502,23,3068,3067],"global-categories":[411],"class_list":["post-22499","post","type-post","status-publish","format-standard","has-post-thumbnail","hentry","category-silnicni-cyklistika","tag-cyklistika","tag-netflix","tag-silnicni-cyklistika","tag-tadej-pogacar","tag-tour-de-france","tag-tour-de-france-bez-prikras","tag-tour-de-france-unchained","global-categories-cycling"],"yoast_head":"<!-- This site is optimized with the Yoast SEO Premium plugin v25.3 (Yoast SEO v25.9) - https:\/\/yoast.com\/wordpress\/plugins\/seo\/ -->\n<title>Tour de France odhalen\u00e1 na d\u0159e\u0148. Netflix u\u017e brzy vypust\u00ed o\u010dek\u00e1van\u00fd dokument, z\u00a0Poga\u010darova tal\u00ed\u0159e neochutn\u00e1te | \u0160koda We Love Cycling - \u010cesk\u00e1 republika<\/title>\n<meta name=\"description\" content=\"U\u017e jen p\u00e1r dn\u016f zb\u00fdv\u00e1 do premi\u00e9ry velmi o\u010dek\u00e1van\u00e9 dokument\u00e1rn\u00ed s\u00e9rie Tour de France: Unchained (v \u010desk\u00e9 verzi Tour de France: Bez p\u0159\u00edkras).\" \/>\n<meta name=\"robots\" content=\"index, follow, max-snippet:-1, max-image-preview:large, max-video-preview:-1\" \/>\n<link rel=\"canonical\" href=\"https:\/\/www.welovecycling.com\/cs\/2023\/05\/26\/tour-de-france-odhalena-na-dren-netflix-uz-brzy-vypusti-ocekavany-dokument-z-pogacarova-talire-neochutnate\/\" \/>\n<meta property=\"og:locale\" content=\"cs_CZ\" \/>\n<meta property=\"og:type\" content=\"article\" \/>\n<meta property=\"og:title\" content=\"Tour de France odhalen\u00e1 na d\u0159e\u0148. Netflix u\u017e brzy vypust\u00ed o\u010dek\u00e1van\u00fd dokument, z\u00a0Poga\u010darova tal\u00ed\u0159e neochutn\u00e1te\" \/>\n<meta property=\"og:description\" content=\"U\u017e jen p\u00e1r dn\u016f zb\u00fdv\u00e1 do premi\u00e9ry velmi o\u010dek\u00e1van\u00e9 dokument\u00e1rn\u00ed s\u00e9rie Tour de France: Unchained (v \u010desk\u00e9 verzi Tour de France: Bez p\u0159\u00edkras).\" \/>\n<meta property=\"og:url\" content=\"https:\/\/www.welovecycling.com\/cs\/2023\/05\/26\/tour-de-france-odhalena-na-dren-netflix-uz-brzy-vypusti-ocekavany-dokument-z-pogacarova-talire-neochutnate\/\" \/>\n<meta property=\"og:site_name\" content=\"\u0160koda We Love Cycling - \u010cesk\u00e1 republika\" \/>\n<meta property=\"article:published_time\" content=\"2023-05-26T15:00:56+00:00\" \/>\n<meta property=\"og:image\" content=\"https:\/\/d2p6e6u75xmxt8.cloudfront.net\/13\/2023\/05\/tour-de-france-1.webp\" \/>\n\t<meta property=\"og:image:width\" content=\"2048\" \/>\n\t<meta property=\"og:image:height\" content=\"1365\" \/>\n\t<meta property=\"og:image:type\" content=\"image\/webp\" \/>\n<meta name=\"author\" content=\"radekmalina\" \/>\n<meta name=\"twitter:card\" content=\"summary_large_image\" \/>\n<meta name=\"twitter:label1\" content=\"Written by\" \/>\n\t<meta name=\"twitter:data1\" content=\"We Love Cycling\" \/>\n\t<meta name=\"twitter:label2\" content=\"Est. reading time\" \/>\n\t<meta name=\"twitter:data2\" content=\"5\" \/>\n<script type=\"application\/ld+json\" class=\"yoast-schema-graph\">{\"@context\":\"https:\/\/schema.org\",\"@graph\":[{\"@type\":\"WebPage\",\"@id\":\"https:\/\/www.welovecycling.com\/cs\/2023\/05\/26\/tour-de-france-odhalena-na-dren-netflix-uz-brzy-vypusti-ocekavany-dokument-z-pogacarova-talire-neochutnate\/\",\"url\":\"https:\/\/www.welovecycling.com\/cs\/2023\/05\/26\/tour-de-france-odhalena-na-dren-netflix-uz-brzy-vypusti-ocekavany-dokument-z-pogacarova-talire-neochutnate\/\",\"name\":\"Tour de France odhalen\u00e1 na d\u0159e\u0148. Netflix u\u017e brzy vypust\u00ed o\u010dek\u00e1van\u00fd dokument, z\u00a0Poga\u010darova tal\u00ed\u0159e neochutn\u00e1te | \u0160koda We Love Cycling - \u010cesk\u00e1 republika\",\"isPartOf\":{\"@id\":\"https:\/\/www.welovecycling.com\/cs\/#website\"},\"primaryImageOfPage\":{\"@id\":\"https:\/\/www.welovecycling.com\/cs\/2023\/05\/26\/tour-de-france-odhalena-na-dren-netflix-uz-brzy-vypusti-ocekavany-dokument-z-pogacarova-talire-neochutnate\/#primaryimage\"},\"image\":{\"@id\":\"https:\/\/www.welovecycling.com\/cs\/2023\/05\/26\/tour-de-france-odhalena-na-dren-netflix-uz-brzy-vypusti-ocekavany-dokument-z-pogacarova-talire-neochutnate\/#primaryimage\"},\"thumbnailUrl\":\"https:\/\/d2p6e6u75xmxt8.cloudfront.net\/13\/2023\/05\/tour-de-france-1.webp\",\"datePublished\":\"2023-05-26T15:00:56+00:00\",\"author\":{\"@id\":\"https:\/\/www.welovecycling.com\/cs\/#\/schema\/person\/d9eeb0a378f3a7e4a6d12d2b536b04b8\"},\"description\":\"U\u017e jen p\u00e1r dn\u016f zb\u00fdv\u00e1 do premi\u00e9ry velmi o\u010dek\u00e1van\u00e9 dokument\u00e1rn\u00ed s\u00e9rie Tour de France: Unchained (v \u010desk\u00e9 verzi Tour de France: Bez p\u0159\u00edkras).\",\"inLanguage\":\"cs\",\"potentialAction\":[{\"@type\":\"ReadAction\",\"target\":[\"https:\/\/www.welovecycling.com\/cs\/2023\/05\/26\/tour-de-france-odhalena-na-dren-netflix-uz-brzy-vypusti-ocekavany-dokument-z-pogacarova-talire-neochutnate\/\"]}]},{\"@type\":\"ImageObject\",\"inLanguage\":\"cs\",\"@id\":\"https:\/\/www.welovecycling.com\/cs\/2023\/05\/26\/tour-de-france-odhalena-na-dren-netflix-uz-brzy-vypusti-ocekavany-dokument-z-pogacarova-talire-neochutnate\/#primaryimage\",\"url\":\"https:\/\/d2p6e6u75xmxt8.cloudfront.net\/13\/2023\/05\/tour-de-france-1.webp\",\"contentUrl\":\"https:\/\/d2p6e6u75xmxt8.cloudfront.net\/13\/2023\/05\/tour-de-france-1.webp\",\"width\":2048,\"height\":1365,\"caption\":\"Tour de France\"},{\"@type\":\"WebSite\",\"@id\":\"https:\/\/www.welovecycling.com\/cs\/#website\",\"url\":\"https:\/\/www.welovecycling.com\/cs\/\",\"name\":\"\u0160koda We Love Cycling - \u010cesk\u00e1 republika\",\"description\":\"WeLoveCycling.cz je online magaz\u00edn, kter\u00fd v\u00e1m pravideln\u011b p\u0159in\u00e1\u0161\u00ed rady a tipy, zaj\u00edmav\u00e9 \u010dl\u00e1nky, videa a jedine\u010dn\u00e9 report\u00e1\u017ee ze sv\u011bta cyklistiky.\",\"potentialAction\":[{\"@type\":\"SearchAction\",\"target\":{\"@type\":\"EntryPoint\",\"urlTemplate\":\"https:\/\/www.welovecycling.com\/cs\/?s={search_term_string}\"},\"query-input\":{\"@type\":\"PropertyValueSpecification\",\"valueRequired\":true,\"valueName\":\"search_term_string\"}}],\"inLanguage\":\"cs\"},{\"@type\":\"Person\",\"@id\":\"https:\/\/www.welovecycling.com\/cs\/#\/schema\/person\/d9eeb0a378f3a7e4a6d12d2b536b04b8\",\"name\":\"radekmalina\",\"image\":{\"@type\":\"ImageObject\",\"inLanguage\":\"cs\",\"@id\":\"https:\/\/www.welovecycling.com\/cs\/#\/schema\/person\/image\/\",\"url\":\"https:\/\/secure.gravatar.com\/avatar\/66994b632cb8c39a46b9f54afa3ae07201b678d32a54275b6f1c9ffec356bfc0?s=96&d=mm&r=g\",\"contentUrl\":\"https:\/\/secure.gravatar.com\/avatar\/66994b632cb8c39a46b9f54afa3ae07201b678d32a54275b6f1c9ffec356bfc0?s=96&d=mm&r=g\",\"caption\":\"radekmalina\"},\"url\":\"https:\/\/www.welovecycling.com\/cs\/author\/radekmalina\/\"}]}<\/script>\n<!-- \/ Yoast SEO Premium plugin. -->","yoast_head_json":{"title":"Tour de France odhalen\u00e1 na d\u0159e\u0148. Netflix u\u017e brzy vypust\u00ed o\u010dek\u00e1van\u00fd dokument, z\u00a0Poga\u010darova tal\u00ed\u0159e neochutn\u00e1te | \u0160koda We Love Cycling - \u010cesk\u00e1 republika","description":"U\u017e jen p\u00e1r dn\u016f zb\u00fdv\u00e1 do premi\u00e9ry velmi o\u010dek\u00e1van\u00e9 dokument\u00e1rn\u00ed s\u00e9rie Tour de France: Unchained (v \u010desk\u00e9 verzi Tour de France: Bez p\u0159\u00edkras).","robots":{"index":"index","follow":"follow","max-snippet":"max-snippet:-1","max-image-preview":"max-image-preview:large","max-video-preview":"max-video-preview:-1"},"canonical":"https:\/\/www.welovecycling.com\/cs\/2023\/05\/26\/tour-de-france-odhalena-na-dren-netflix-uz-brzy-vypusti-ocekavany-dokument-z-pogacarova-talire-neochutnate\/","og_locale":"cs_CZ","og_type":"article","og_title":"Tour de France odhalen\u00e1 na d\u0159e\u0148. Netflix u\u017e brzy vypust\u00ed o\u010dek\u00e1van\u00fd dokument, z\u00a0Poga\u010darova tal\u00ed\u0159e neochutn\u00e1te","og_description":"U\u017e jen p\u00e1r dn\u016f zb\u00fdv\u00e1 do premi\u00e9ry velmi o\u010dek\u00e1van\u00e9 dokument\u00e1rn\u00ed s\u00e9rie Tour de France: Unchained (v \u010desk\u00e9 verzi Tour de France: Bez p\u0159\u00edkras).","og_url":"https:\/\/www.welovecycling.com\/cs\/2023\/05\/26\/tour-de-france-odhalena-na-dren-netflix-uz-brzy-vypusti-ocekavany-dokument-z-pogacarova-talire-neochutnate\/","og_site_name":"\u0160koda We Love Cycling - \u010cesk\u00e1 republika","article_published_time":"2023-05-26T15:00:56+00:00","og_image":[{"width":2048,"height":1365,"url":"https:\/\/d2p6e6u75xmxt8.cloudfront.net\/13\/2023\/05\/tour-de-france-1.webp","type":"image\/webp"}],"author":"radekmalina","twitter_card":"summary_large_image","twitter_misc":{"Written by":"We Love Cycling","Est. reading time":"5"},"schema":{"@context":"https:\/\/schema.org","@graph":[{"@type":"WebPage","@id":"https:\/\/www.welovecycling.com\/cs\/2023\/05\/26\/tour-de-france-odhalena-na-dren-netflix-uz-brzy-vypusti-ocekavany-dokument-z-pogacarova-talire-neochutnate\/","url":"https:\/\/www.welovecycling.com\/cs\/2023\/05\/26\/tour-de-france-odhalena-na-dren-netflix-uz-brzy-vypusti-ocekavany-dokument-z-pogacarova-talire-neochutnate\/","name":"Tour de France odhalen\u00e1 na d\u0159e\u0148. Netflix u\u017e brzy vypust\u00ed o\u010dek\u00e1van\u00fd dokument, z\u00a0Poga\u010darova tal\u00ed\u0159e neochutn\u00e1te | \u0160koda We Love Cycling - \u010cesk\u00e1 republika","isPartOf":{"@id":"https:\/\/www.welovecycling.com\/cs\/#website"},"primaryImageOfPage":{"@id":"https:\/\/www.welovecycling.com\/cs\/2023\/05\/26\/tour-de-france-odhalena-na-dren-netflix-uz-brzy-vypusti-ocekavany-dokument-z-pogacarova-talire-neochutnate\/#primaryimage"},"image":{"@id":"https:\/\/www.welovecycling.com\/cs\/2023\/05\/26\/tour-de-france-odhalena-na-dren-netflix-uz-brzy-vypusti-ocekavany-dokument-z-pogacarova-talire-neochutnate\/#primaryimage"},"thumbnailUrl":"https:\/\/d2p6e6u75xmxt8.cloudfront.net\/13\/2023\/05\/tour-de-france-1.webp","datePublished":"2023-05-26T15:00:56+00:00","author":{"@id":"https:\/\/www.welovecycling.com\/cs\/#\/schema\/person\/d9eeb0a378f3a7e4a6d12d2b536b04b8"},"description":"U\u017e jen p\u00e1r dn\u016f zb\u00fdv\u00e1 do premi\u00e9ry velmi o\u010dek\u00e1van\u00e9 dokument\u00e1rn\u00ed s\u00e9rie Tour de France: Unchained (v \u010desk\u00e9 verzi Tour de France: Bez p\u0159\u00edkras).","inLanguage":"cs","potentialAction":[{"@type":"ReadAction","target":["https:\/\/www.welovecycling.com\/cs\/2023\/05\/26\/tour-de-france-odhalena-na-dren-netflix-uz-brzy-vypusti-ocekavany-dokument-z-pogacarova-talire-neochutnate\/"]}]},{"@type":"ImageObject","inLanguage":"cs","@id":"https:\/\/www.welovecycling.com\/cs\/2023\/05\/26\/tour-de-france-odhalena-na-dren-netflix-uz-brzy-vypusti-ocekavany-dokument-z-pogacarova-talire-neochutnate\/#primaryimage","url":"https:\/\/d2p6e6u75xmxt8.cloudfront.net\/13\/2023\/05\/tour-de-france-1.webp","contentUrl":"https:\/\/d2p6e6u75xmxt8.cloudfront.net\/13\/2023\/05\/tour-de-france-1.webp","width":2048,"height":1365,"caption":"Tour de France"},{"@type":"WebSite","@id":"https:\/\/www.welovecycling.com\/cs\/#website","url":"https:\/\/www.welovecycling.com\/cs\/","name":"\u0160koda We Love Cycling - \u010cesk\u00e1 republika","description":"WeLoveCycling.cz je online magaz\u00edn, kter\u00fd v\u00e1m pravideln\u011b p\u0159in\u00e1\u0161\u00ed rady a tipy, zaj\u00edmav\u00e9 \u010dl\u00e1nky, videa a jedine\u010dn\u00e9 report\u00e1\u017ee ze sv\u011bta cyklistiky.","potentialAction":[{"@type":"SearchAction","target":{"@type":"EntryPoint","urlTemplate":"https:\/\/www.welovecycling.com\/cs\/?s={search_term_string}"},"query-input":{"@type":"PropertyValueSpecification","valueRequired":true,"valueName":"search_term_string"}}],"inLanguage":"cs"},{"@type":"Person","@id":"https:\/\/www.welovecycling.com\/cs\/#\/schema\/person\/d9eeb0a378f3a7e4a6d12d2b536b04b8","name":"radekmalina","image":{"@type":"ImageObject","inLanguage":"cs","@id":"https:\/\/www.welovecycling.com\/cs\/#\/schema\/person\/image\/","url":"https:\/\/secure.gravatar.com\/avatar\/66994b632cb8c39a46b9f54afa3ae07201b678d32a54275b6f1c9ffec356bfc0?s=96&d=mm&r=g","contentUrl":"https:\/\/secure.gravatar.com\/avatar\/66994b632cb8c39a46b9f54afa3ae07201b678d32a54275b6f1c9ffec356bfc0?s=96&d=mm&r=g","caption":"radekmalina"},"url":"https:\/\/www.welovecycling.com\/cs\/author\/radekmalina\/"}]}},"_links":{"self":[{"href":"https:\/\/www.welovecycling.com\/cs\/wp-json\/wp\/v2\/posts\/22499","targetHints":{"allow":["GET"]}}],"collection":[{"href":"https:\/\/www.welovecycling.com\/cs\/wp-json\/wp\/v2\/posts"}],"about":[{"href":"https:\/\/www.welovecycling.com\/cs\/wp-json\/wp\/v2\/types\/post"}],"author":[{"embeddable":true,"href":"https:\/\/www.welovecycling.com\/cs\/wp-json\/wp\/v2\/users\/138"}],"replies":[{"embeddable":true,"href":"https:\/\/www.welovecycling.com\/cs\/wp-json\/wp\/v2\/comments?post=22499"}],"version-history":[{"count":4,"href":"https:\/\/www.welovecycling.com\/cs\/wp-json\/wp\/v2\/posts\/22499\/revisions"}],"predecessor-version":[{"id":22528,"href":"https:\/\/www.welovecycling.com\/cs\/wp-json\/wp\/v2\/posts\/22499\/revisions\/22528"}],"wp:featuredmedia":[{"embeddable":true,"href":"https:\/\/www.welovecycling.com\/cs\/wp-json\/wp\/v2\/media\/22525"}],"wp:attachment":[{"href":"https:\/\/www.welovecycling.com\/cs\/wp-json\/wp\/v2\/media?parent=22499"}],"wp:term":[{"taxonomy":"category","embeddable":true,"href":"https:\/\/www.welovecycling.com\/cs\/wp-json\/wp\/v2\/categories?post=22499"},{"taxonomy":"post_tag","embeddable":true,"href":"https:\/\/www.welovecycling.com\/cs\/wp-json\/wp\/v2\/tags?post=22499"},{"taxonomy":"global-categories","embeddable":true,"href":"https:\/\/www.welovecycling.com\/cs\/wp-json\/wp\/v2\/global-categories?post=22499"}],"curies":[{"name":"wp","href":"https:\/\/api.w.org\/{rel}","templated":true}]}}