{"id":22360,"date":"2023-05-12T13:01:04","date_gmt":"2023-05-12T11:01:04","guid":{"rendered":"https:\/\/www.welovecycling.com\/cs\/?p=22360"},"modified":"2023-05-12T13:10:24","modified_gmt":"2023-05-12T11:10:24","slug":"pauline-ferrand-prevot-zene-za-splnenim-snu-i-nova-laska-excelentni-nizozemsky-silnicar","status":"publish","type":"post","link":"https:\/\/www.welovecycling.com\/cs\/2023\/05\/12\/pauline-ferrand-prevot-zene-za-splnenim-snu-i-nova-laska-excelentni-nizozemsky-silnicar\/","title":{"rendered":"Pauline Ferrand-Pr\u00e9vot \u017eene za spln\u011bn\u00edm snu i nov\u00e1 l\u00e1ska: excelentn\u00ed nizozemsk\u00fd silni\u010d\u00e1\u0159"},"content":{"rendered":"<p><strong>Francouzka Pauline Ferrand-Pr\u00e9vot je jednou z nejv\u011bt\u0161\u00edch hv\u011bzd sou\u010dasn\u00e9 MTB sc\u00e9ny. \u010cty\u0159n\u00e1sobnou mistryni sv\u011bta v cross country, kter\u00e1 m\u00e1 ve sb\u00edrce i sv\u011btov\u00e9 tituly z maratonu, cyklokrosu, gravelu a dokonce ze silnice, uvid\u00ed fanou\u0161ci horsk\u00fdch kol v akci od p\u00e1tku do ned\u011ble na Sv\u011btov\u00e9m poh\u00e1ru v Nov\u00e9m M\u011bst\u011b na Morav\u011b.<\/strong><\/p>\n<p>Motivaci m\u00e1 obrovskou, chce se v\u00a0nejlep\u0161\u00edm sv\u011btle uk\u00e1zat u\u017e na prvn\u00edm velk\u00e9m z\u00e1vod\u011b sezony. Bude vyzbrojena zbrusu nov\u00fdm celoodpru\u017een\u00fdm karbonov\u00fdm speci\u00e1lem Pinarello Dogma CX, kter\u00e9 bude m\u00edt ostrou a ofici\u00e1ln\u00ed premi\u00e9ru pr\u00e1v\u011b v\u00a0Nov\u00e9m M\u011bst\u011b a pojede na n\u011bm i jej\u00ed mu\u017esk\u00fd st\u00e1jov\u00fd kolega z\u00a0Ineos Grenadiers Tom Pidcock.<\/p>\n<p>Mo\u017en\u00e1 m\u00e9n\u011b lid\u00ed u\u017e v\u00ed, \u017ee Pauline \u017eene dop\u0159edu i n\u011bco jin\u00e9ho ne\u017e nov\u00e9 kolo a motivace usp\u011bt v\u00a0p\u0159edolympijsk\u00e9 sezon\u011b. M\u00e1 toti\u017e novou l\u00e1sku. A znovu je to cyklista, tentokr\u00e1t \u010distokrevn\u00fd silni\u010d\u00e1\u0159: excelentn\u00ed nizozemsk\u00fd klasik\u00e1\u0159 Dylan van Baarle.<\/p>\n<h2><strong>Pauline Ferrand-Pr\u00e9vot\u00a0 a Dylan van Baarle? Nejsledovan\u011bj\u0161\u00ed p\u00e1r cyklistiky<\/strong><\/h2>\n<p>Tuhle novinu pustili ofici\u00e1ln\u011b do sv\u011bta na soci\u00e1ln\u00edch s\u00edt\u00edch letos v \u00fanoru. Ale o jejich vztahu se \u0161eptalo ji\u017e del\u0161\u00ed dobu. P\u0159itom teprve v z\u00e1\u0159\u00ed 2021 ozn\u00e1mila Pauline Ferrand-Pr\u00e9vot rozchod s b\u00fdval\u00fdm francouzsk\u00fdm bikerem Julianem Absalonem, s n\u00edm\u017e tvo\u0159ili p\u00e1r \u0161est let. \u0158\u00edk\u00e1 se, \u017ee za t\u00edm koncem byl pr\u00e1v\u011b jin\u00fd mu\u017e\u2026<\/p>\n<figure id=\"attachment_22366\" aria-describedby=\"caption-attachment-22366\" style=\"width: 1281px\" class=\"wp-caption alignnone\"><a href=\"https:\/\/d2p6e6u75xmxt8.cloudfront.net\/13\/2023\/05\/prevot-ineos-scaled.webp\"><img loading=\"lazy\" decoding=\"async\" class=\"size-extra-large wp-image-22366\" src=\"https:\/\/d2p6e6u75xmxt8.cloudfront.net\/13\/2023\/05\/prevot-ineos-1281x1920.webp\" alt=\"Pauline\" width=\"1281\" height=\"1920\" srcset=\"https:\/\/d2p6e6u75xmxt8.cloudfront.net\/13\/2023\/05\/prevot-ineos-1281x1920.webp 1281w, https:\/\/d2p6e6u75xmxt8.cloudfront.net\/13\/2023\/05\/prevot-ineos-200x300.webp 200w, https:\/\/d2p6e6u75xmxt8.cloudfront.net\/13\/2023\/05\/prevot-ineos-683x1024.webp 683w, https:\/\/d2p6e6u75xmxt8.cloudfront.net\/13\/2023\/05\/prevot-ineos-768x1151.webp 768w, https:\/\/d2p6e6u75xmxt8.cloudfront.net\/13\/2023\/05\/prevot-ineos-1025x1536.webp 1025w, https:\/\/d2p6e6u75xmxt8.cloudfront.net\/13\/2023\/05\/prevot-ineos-1366x2048.webp 1366w, https:\/\/d2p6e6u75xmxt8.cloudfront.net\/13\/2023\/05\/prevot-ineos-267x400.webp 267w, https:\/\/d2p6e6u75xmxt8.cloudfront.net\/13\/2023\/05\/prevot-ineos-scaled.webp 1708w, https:\/\/d2p6e6u75xmxt8.cloudfront.net\/13\/2023\/05\/prevot-ineos-1281x1920.webp 1281w\" sizes=\"auto, (max-width: 1281px) 100vw, 1281px\" \/><\/a><figcaption id=\"caption-attachment-22366\" class=\"wp-caption-text\"><em>Pauline Ferrand-Pr\u00e9vot v dresu t\u00fdmu Ineos na nov\u00e9m stroji Pinarello. Foto: Michal \u010cerven\u00fd<\/em><\/figcaption><\/figure>\n<p>Pauline pro leto\u0161n\u00ed sezonu podepsala do Ineosu, kde je jedinou \u017eenou. Paradoxn\u011b Dylan van Baarle z britsk\u00e9ho t\u00fdmu po p\u011bti letech ode\u0161el a p\u0159estoupil do Jumbo-Visma. Tak\u017ee ka\u017ed\u00fd te\u010f voz\u00ed jin\u00fd dres, ale jejich vztahu to ur\u010dit\u011b nijak nebr\u00e1n\u00ed.<\/p>\n<div class=\"shortcode-ys-post-pinup\"><article class=\"loop-simple post-22211 post type-post status-publish format-standard has-post-thumbnail hentry category-rady-tipy tag-cyklistika tag-horska-cyklistika tag-jak-na-nakup-noveho-kola tag-nove-kolo tag-proc-koupit-nove-kolo tag-proc-nekoupit-nove-kolo tag-silnicni-cyklistika global-categories-cycling\" data-postid=\"22211\" role=\"article\" data-post-id=\"22211\" data-word-count=\"455\" data-headline-length=\"28\" data-category=\"Rady &amp; tipy\" data-global-category=\"Cycling\" data-author=\"We Love Cycling\" data-published=\"2023-05-02T06:00:17+02:00\" data-published-day=\"Tuesday\">\n    <div class=\"entry-thumbnail article-thumbnail\" content=\"https:\/\/d2p6e6u75xmxt8.cloudfront.net\/13\/2021\/09\/stosek-michal-cerveny-12-150x150.webp\"><a href=\"https:\/\/www.welovecycling.com\/cs\/2023\/05\/02\/proc-nekoupit-nove-kolo\/\" class=\"image-holder\" target=\"_self\"><img decoding=\"async\" loading=\"lazy\" class=\"\" src=\"https:\/\/d2p6e6u75xmxt8.cloudfront.net\/13\/2021\/09\/stosek-michal-cerveny-12-1024x683.webp\" srcset=\"https:\/\/d2p6e6u75xmxt8.cloudfront.net\/13\/2021\/09\/stosek-michal-cerveny-12.webp 1600w, https:\/\/d2p6e6u75xmxt8.cloudfront.net\/13\/2021\/09\/stosek-michal-cerveny-12-300x200.webp 300w, https:\/\/d2p6e6u75xmxt8.cloudfront.net\/13\/2021\/09\/stosek-michal-cerveny-12-1024x683.webp 1024w, https:\/\/d2p6e6u75xmxt8.cloudfront.net\/13\/2021\/09\/stosek-michal-cerveny-12-768x512.webp 768w, https:\/\/d2p6e6u75xmxt8.cloudfront.net\/13\/2021\/09\/stosek-michal-cerveny-12-1536x1024.webp 1536w, https:\/\/d2p6e6u75xmxt8.cloudfront.net\/13\/2021\/09\/stosek-michal-cerveny-12-272x182.webp 272w\" width=\"1024\" height=\"683\" sizes=\"auto, (min-width: 1200px) 300px, (min-width: 768px) 25vw, 100vw\" alt=\"proc-nekoupit-nove-kolo\"\/><\/a><\/div>    <div class=\"entry-meta\">\n        <a class=\"label label-secondary post-category\" href=\"https:\/\/www.welovecycling.com\/cs\/category\/rady-tipy\/\" title=\"Rady &amp; tipy\">Rady &amp; tipy<\/a>\n    <\/div>\n    <div class=\"entry-details\">\n        <a href=\"https:\/\/www.welovecycling.com\/cs\/2023\/05\/02\/proc-nekoupit-nove-kolo\/\" class='entry-title-wrapper'>\n            <h3 class=\"entry-title\"><span>Pro\u010d (ne)koupit nov\u00e9 kolo?<\/span><\/h3>\n        <\/a>\n    <\/div>\n    <\/article>\n<\/div>\n<p>Nizozemsk\u00fd silni\u010d\u00e1\u0159 \u017eije ji\u017e n\u011bjakou dobu v\u00a0Monaku, tak\u017ee spolu mohou tr\u00e1vit voln\u00e9 chv\u00edle. I ty jsou pro n\u011b vz\u00e1cn\u00e9, doma se toti\u017e kv\u016fli odli\u0161n\u00fdm z\u00e1vodn\u00edm program\u016fm a soust\u0159ed\u011bn\u00edm moc nepotkaj\u00ed.<\/p>\n<p>I kdy\u017e te\u010f je to trochu jin\u00e9. Van Baarle zat\u00edm pro\u017e\u00edv\u00e1 dost smolnou sezonu. Sice vyhr\u00e1l Omloop Het Nieuwsblad, ale p\u00e1d na E3 ho skoro na m\u011bs\u00edc zastavil. Stihl se d\u00e1t do kupy na obl\u00edben\u00e9 Pa\u0159\u00ed\u017e-Roubaix, kde vloni zv\u00edt\u011bzil, ale p\u00e1d na Arrenbergu ho poslal ze hry. Zlomil si lev\u00e9 rameno a prav\u00fd loket a zase musel na p\u00e1r dn\u00ed na kolo zapomenout. \u201eNecht\u011bli jsme, aby byl n\u00e1\u0161 \u017eivot nudn\u00fd a napl\u00e1novan\u00fd do posledn\u00edho momentu, ale zase takov\u00fd extr\u00e9m to b\u00fdt nemus\u00ed,\u201c napsala se smajl\u00edkem na Instagramu Pauline Ferrand-Pr\u00e9vot.<\/p>\n<p><a href=\"https:\/\/www.instagram.com\/p\/Cq3QvmPtWVp\/\">https:\/\/www.instagram.com\/p\/Cq3QvmPtWVp\/<\/a><\/p>\n<p>Pozd\u011bji v\u0161ak p\u0159idala spole\u010dnou fotografii s pot\u011b\u0161en\u00edm, \u017ee se jej\u00ed nov\u00e1 l\u00e1ska mohla vr\u00e1tit do slunn\u00e9 Francie a zotavit ze zran\u011bn\u00ed. \u201eJde mu to rychle, je psychicky i fyzicky neskute\u010dn\u011b siln\u00fd,\u201c t\u011b\u0161ilo j\u00ed.<\/p>\n<h2><strong>Pom\u016f\u017ee nizozemsk\u00e1 hv\u011bzda k olympijsk\u00e9mu zlatu?<\/strong><\/h2>\n<p>Nyn\u00ed u\u017e je Dylan van Baarle zase zp\u00e1tky v sedle. \u201eT\u00e9m\u011b\u0159 v pln\u00e9 s\u00edle,\u201c \u0159\u00edk\u00e1. Dokonce je na tom tak dob\u0159e, \u017ee s \u010d\u00e1st\u00ed t\u00fdmu Jumbo-Visma v \u010dele s Jonasem Vingegaardem a Woutem van Aertem absolvuje v Sierra Nevad\u011b jeden z tr\u00e9ninkov\u00fdch kemp\u016f p\u0159ed Tour de France. Tak\u017ee Pauline do Nov\u00e9ho M\u011bsta ur\u010dit\u011b fandit nep\u0159ijede a bude j\u00ed muset sta\u010dit podpora na d\u00e1lku po telefonu\u2026<\/p>\n<p>Stali se jedn\u00edm z nejsledovan\u011bj\u0161\u00edm cyklistick\u00fdch p\u00e1r\u016f, i kdy\u017e nen\u00ed nouze ani o dal\u0161\u00ed. Je dob\u0159e zn\u00e1mo, \u017ee partnerkou dvojn\u00e1sobn\u00e9ho kr\u00e1le Tour de France Tadeje Poga\u010dara je slovinsk\u00e1 silni\u010dn\u00ed cyklistka Ur\u0161ka \u017digartov\u00e1, kter\u00e1 z\u00e1vod\u00ed za st\u00e1j Jayco AlUla. A t\u0159eba dal\u0161\u00ed skv\u011bl\u00e1 silni\u010dn\u00ed cyklistka, Polka Kasia Niewiadoma, tvo\u0159\u00ed ji\u017e n\u011bkolik let p\u00e1r s Ameri\u010danem Taylorem Phinneym, n\u011bkdej\u0161\u00edm vicemistrem sv\u011bta v \u010dasovce, kter\u00fd ji\u017e profesion\u00e1ln\u00ed kari\u00e9ru ukon\u010dil.<\/p>\n<p><a href=\"https:\/\/d2p6e6u75xmxt8.cloudfront.net\/13\/2023\/05\/pauline-2.webp\"><img loading=\"lazy\" decoding=\"async\" class=\"alignnone size-full wp-image-22363\" src=\"https:\/\/d2p6e6u75xmxt8.cloudfront.net\/13\/2023\/05\/pauline-2.webp\" alt=\"\" width=\"1200\" height=\"1500\" srcset=\"https:\/\/d2p6e6u75xmxt8.cloudfront.net\/13\/2023\/05\/pauline-2.webp 1200w, https:\/\/d2p6e6u75xmxt8.cloudfront.net\/13\/2023\/05\/pauline-2-240x300.webp 240w, https:\/\/d2p6e6u75xmxt8.cloudfront.net\/13\/2023\/05\/pauline-2-819x1024.webp 819w, https:\/\/d2p6e6u75xmxt8.cloudfront.net\/13\/2023\/05\/pauline-2-768x960.webp 768w, https:\/\/d2p6e6u75xmxt8.cloudfront.net\/13\/2023\/05\/pauline-2-320x400.webp 320w\" sizes=\"auto, (max-width: 1200px) 100vw, 1200px\" \/><\/a><\/p>\n<p>Pauline Ferrand-Pr\u00e9vot a van Baarle jsou v\u0161ak te\u010f v kurzu nejv\u00edc. Jejich vztah prop\u00edrala na za\u010d\u00e1tku snad v\u0161echna sv\u011btov\u00e1 m\u00e9dia. Aby ne, Francouzka je majitelkou deseti sv\u011btov\u00fdch titul\u016f z r\u016fzn\u00fdch discipl\u00edn, a nejen cel\u00e1 Francie by j\u00ed p\u0159\u00e1la, aby za rok na dom\u00e1c\u00ed p\u016fd\u011b z\u00edskala vysn\u011bn\u00e9 zlato z olympijsk\u00e9ho cross country. To ji zat\u00edm v\u017edy uniklo.<\/p>\n<div class=\"shortcode-ys-post-pinup\"><article class=\"loop-simple post-22281 post type-post status-publish format-standard has-post-thumbnail hentry category-zeny tag-bratislavske-bohyne tag-bratislavske-bohyne-budou-na-startu-letape-czech-republic-by-tour-de-france-2023 tag-cyklistika tag-letape-czech-republic tag-silnicni-cyklistika tag-trenink tag-zdravi-a-trenink tag-zeny global-categories-cycling\" data-postid=\"22281\" role=\"article\" data-post-id=\"22281\" data-word-count=\"1356\" data-headline-length=\"90\" data-category=\"\u017deny\" data-global-category=\"Cycling\" data-author=\"Radek Malina\" data-published=\"2023-05-08T07:00:55+02:00\" data-published-day=\"Monday\">\n    <div class=\"entry-thumbnail article-thumbnail\" content=\"https:\/\/d2p6e6u75xmxt8.cloudfront.net\/13\/2023\/05\/IMG-20230506-WA0026-150x150.webp\"><a href=\"https:\/\/www.welovecycling.com\/cs\/2023\/05\/08\/bratislavske-bohyne-cyklistika-nam-prinasi-zabavu-a-nova-pratelstvi\/\" class=\"image-holder\" target=\"_self\"><img decoding=\"async\" loading=\"lazy\" class=\"\" src=\"https:\/\/d2p6e6u75xmxt8.cloudfront.net\/13\/2023\/05\/IMG-20230506-WA0026-1024x682.webp\" srcset=\"https:\/\/d2p6e6u75xmxt8.cloudfront.net\/13\/2023\/05\/IMG-20230506-WA0026.webp 1600w, https:\/\/d2p6e6u75xmxt8.cloudfront.net\/13\/2023\/05\/IMG-20230506-WA0026-300x200.webp 300w, https:\/\/d2p6e6u75xmxt8.cloudfront.net\/13\/2023\/05\/IMG-20230506-WA0026-1024x682.webp 1024w, https:\/\/d2p6e6u75xmxt8.cloudfront.net\/13\/2023\/05\/IMG-20230506-WA0026-768x512.webp 768w, https:\/\/d2p6e6u75xmxt8.cloudfront.net\/13\/2023\/05\/IMG-20230506-WA0026-1536x1023.webp 1536w, https:\/\/d2p6e6u75xmxt8.cloudfront.net\/13\/2023\/05\/IMG-20230506-WA0026-400x267.webp 400w, https:\/\/d2p6e6u75xmxt8.cloudfront.net\/13\/2023\/05\/IMG-20230506-WA0026-272x182.webp 272w\" width=\"1024\" height=\"682\" sizes=\"auto, (min-width: 1200px) 300px, (min-width: 768px) 25vw, 100vw\" alt=\"bratislavske-bohyne-cyklistika-nam-prinasi-zabavu-a-nova-pratelstvi\"\/><\/a><\/div>    <div class=\"entry-meta\">\n        <a class=\"label label-secondary post-category\" href=\"https:\/\/www.welovecycling.com\/cs\/category\/zeny\/\" title=\"\u017deny\">\u017deny<\/a>\n    <\/div>\n    <div class=\"entry-details\">\n        <a href=\"https:\/\/www.welovecycling.com\/cs\/2023\/05\/08\/bratislavske-bohyne-cyklistika-nam-prinasi-zabavu-a-nova-pratelstvi\/\" class='entry-title-wrapper'>\n            <h3 class=\"entry-title\"><span>Bohyn\u011b na startu L&#8217;Etape: Cyklistika n\u00e1m p\u0159in\u00e1\u0161\u00ed z\u00e1bavu a nov\u00e1 p\u0159\u00e1telstv\u00ed<\/span><\/h3>\n        <\/a>\n    <\/div>\n    <\/article>\n<\/div>\n<p>\u201eU\u017e tato sezona pro m\u011b bude d\u016fle\u017eit\u00e1. Chci b\u00fdt dobr\u00e1 na v\u0161ech Sv\u011btov\u00fdch poh\u00e1rech i mistrovstv\u00ed sv\u011bta v\u00a0Glasgow. A velk\u00fdm l\u00e1kadlem je pro m\u011b fin\u00e1le Sv\u011btov\u00e9ho poh\u00e1ru u n\u00e1s doma v\u00a0Les Gets,\u201c prozradila p\u016fvabn\u00e1 francouzsk\u00e1 bikerka.<\/p>\n<p>O tom, jak j\u00ed pl\u00e1ny budou vych\u00e1zet hned v \u00favodu sezony, se mohou p\u0159esv\u011bd\u010dit fanou\u0161ci v Nov\u00e9m M\u011bst\u011b.<\/p>\n","protected":false},"excerpt":{"rendered":"<p>Francouzka Pauline Ferrand-Pr\u00e9vot je jednou z nejv\u011bt\u0161\u00edch hv\u011bzd sou\u010dasn\u00e9 MTB sc\u00e9ny. \u010cty\u0159n\u00e1sobnou mistryni sv\u011bta v cross country, kter\u00e1 m\u00e1 ve [&hellip;]<\/p>\n","protected":false},"author":138,"featured_media":19663,"comment_status":"open","ping_status":"open","sticky":false,"template":"","format":"standard","meta":{"footnotes":""},"categories":[5],"tags":[157,1164,126,2365,57,1237,1641,3046,918,1185],"global-categories":[411],"class_list":["post-22360","post","type-post","status-publish","format-standard","has-post-thumbnail","hentry","category-zeny","tag-cross-country","tag-cross-country-nove-mesto-na-morave","tag-cyklistika","tag-dylan-van-baarle","tag-horska-kola","tag-ineos-grenadiers","tag-pauline-ferrand-prevot","tag-pinarello-dogma-cx","tag-svetovy-pohar","tag-tom-pidcock","global-categories-cycling"],"yoast_head":"<!-- This site is optimized with the Yoast SEO Premium plugin v25.3 (Yoast SEO v25.9) - https:\/\/yoast.com\/wordpress\/plugins\/seo\/ -->\n<title>Pauline Ferrand-Pr\u00e9vot \u017eene za spln\u011bn\u00edm snu i nov\u00e1 l\u00e1ska: excelentn\u00ed nizozemsk\u00fd silni\u010d\u00e1\u0159 | \u0160koda We Love Cycling - \u010cesk\u00e1 republika<\/title>\n<meta name=\"robots\" content=\"index, follow, max-snippet:-1, max-image-preview:large, max-video-preview:-1\" \/>\n<link rel=\"canonical\" href=\"https:\/\/www.welovecycling.com\/cs\/2023\/05\/12\/pauline-ferrand-prevot-zene-za-splnenim-snu-i-nova-laska-excelentni-nizozemsky-silnicar\/\" \/>\n<meta property=\"og:locale\" content=\"cs_CZ\" \/>\n<meta property=\"og:type\" content=\"article\" \/>\n<meta property=\"og:title\" content=\"Pauline Ferrand-Pr\u00e9vot \u017eene za spln\u011bn\u00edm snu i nov\u00e1 l\u00e1ska: excelentn\u00ed nizozemsk\u00fd silni\u010d\u00e1\u0159\" \/>\n<meta property=\"og:description\" content=\"Francouzka Pauline Ferrand-Pr\u00e9vot je jednou z nejv\u011bt\u0161\u00edch hv\u011bzd sou\u010dasn\u00e9 MTB sc\u00e9ny. \u010cty\u0159n\u00e1sobnou mistryni sv\u011bta v cross country, kter\u00e1 m\u00e1 ve [&hellip;]\" \/>\n<meta property=\"og:url\" content=\"https:\/\/www.welovecycling.com\/cs\/2023\/05\/12\/pauline-ferrand-prevot-zene-za-splnenim-snu-i-nova-laska-excelentni-nizozemsky-silnicar\/\" \/>\n<meta property=\"og:site_name\" content=\"\u0160koda We Love Cycling - \u010cesk\u00e1 republika\" \/>\n<meta property=\"article:published_time\" content=\"2023-05-12T11:01:04+00:00\" \/>\n<meta property=\"article:modified_time\" content=\"2023-05-12T11:10:24+00:00\" \/>\n<meta property=\"og:image\" content=\"https:\/\/d2p6e6u75xmxt8.cloudfront.net\/13\/2022\/11\/pauline-Ferrand-II.webp\" \/>\n\t<meta property=\"og:image:width\" content=\"1600\" \/>\n\t<meta property=\"og:image:height\" content=\"1067\" \/>\n\t<meta property=\"og:image:type\" content=\"image\/webp\" \/>\n<meta name=\"author\" content=\"radekmalina\" \/>\n<meta name=\"twitter:card\" content=\"summary_large_image\" \/>\n<meta name=\"twitter:label1\" content=\"Written by\" \/>\n\t<meta name=\"twitter:data1\" content=\"Radek Malina\" \/>\n\t<meta name=\"twitter:label2\" content=\"Est. reading time\" \/>\n\t<meta name=\"twitter:data2\" content=\"5\" \/>\n<script type=\"application\/ld+json\" class=\"yoast-schema-graph\">{\"@context\":\"https:\/\/schema.org\",\"@graph\":[{\"@type\":\"WebPage\",\"@id\":\"https:\/\/www.welovecycling.com\/cs\/2023\/05\/12\/pauline-ferrand-prevot-zene-za-splnenim-snu-i-nova-laska-excelentni-nizozemsky-silnicar\/\",\"url\":\"https:\/\/www.welovecycling.com\/cs\/2023\/05\/12\/pauline-ferrand-prevot-zene-za-splnenim-snu-i-nova-laska-excelentni-nizozemsky-silnicar\/\",\"name\":\"Pauline Ferrand-Pr\u00e9vot \u017eene za spln\u011bn\u00edm snu i nov\u00e1 l\u00e1ska: excelentn\u00ed nizozemsk\u00fd silni\u010d\u00e1\u0159 | \u0160koda We Love Cycling - \u010cesk\u00e1 republika\",\"isPartOf\":{\"@id\":\"https:\/\/www.welovecycling.com\/cs\/#website\"},\"primaryImageOfPage\":{\"@id\":\"https:\/\/www.welovecycling.com\/cs\/2023\/05\/12\/pauline-ferrand-prevot-zene-za-splnenim-snu-i-nova-laska-excelentni-nizozemsky-silnicar\/#primaryimage\"},\"image\":{\"@id\":\"https:\/\/www.welovecycling.com\/cs\/2023\/05\/12\/pauline-ferrand-prevot-zene-za-splnenim-snu-i-nova-laska-excelentni-nizozemsky-silnicar\/#primaryimage\"},\"thumbnailUrl\":\"https:\/\/d2p6e6u75xmxt8.cloudfront.net\/13\/2022\/11\/pauline-Ferrand-II.webp\",\"datePublished\":\"2023-05-12T11:01:04+00:00\",\"dateModified\":\"2023-05-12T11:10:24+00:00\",\"author\":{\"@id\":\"https:\/\/www.welovecycling.com\/cs\/#\/schema\/person\/d9eeb0a378f3a7e4a6d12d2b536b04b8\"},\"inLanguage\":\"cs\",\"potentialAction\":[{\"@type\":\"ReadAction\",\"target\":[\"https:\/\/www.welovecycling.com\/cs\/2023\/05\/12\/pauline-ferrand-prevot-zene-za-splnenim-snu-i-nova-laska-excelentni-nizozemsky-silnicar\/\"]}]},{\"@type\":\"ImageObject\",\"inLanguage\":\"cs\",\"@id\":\"https:\/\/www.welovecycling.com\/cs\/2023\/05\/12\/pauline-ferrand-prevot-zene-za-splnenim-snu-i-nova-laska-excelentni-nizozemsky-silnicar\/#primaryimage\",\"url\":\"https:\/\/d2p6e6u75xmxt8.cloudfront.net\/13\/2022\/11\/pauline-Ferrand-II.webp\",\"contentUrl\":\"https:\/\/d2p6e6u75xmxt8.cloudfront.net\/13\/2022\/11\/pauline-Ferrand-II.webp\",\"width\":1600,\"height\":1067},{\"@type\":\"WebSite\",\"@id\":\"https:\/\/www.welovecycling.com\/cs\/#website\",\"url\":\"https:\/\/www.welovecycling.com\/cs\/\",\"name\":\"\u0160koda We Love Cycling - \u010cesk\u00e1 republika\",\"description\":\"WeLoveCycling.cz je online magaz\u00edn, kter\u00fd v\u00e1m pravideln\u011b p\u0159in\u00e1\u0161\u00ed rady a tipy, zaj\u00edmav\u00e9 \u010dl\u00e1nky, videa a jedine\u010dn\u00e9 report\u00e1\u017ee ze sv\u011bta cyklistiky.\",\"potentialAction\":[{\"@type\":\"SearchAction\",\"target\":{\"@type\":\"EntryPoint\",\"urlTemplate\":\"https:\/\/www.welovecycling.com\/cs\/?s={search_term_string}\"},\"query-input\":{\"@type\":\"PropertyValueSpecification\",\"valueRequired\":true,\"valueName\":\"search_term_string\"}}],\"inLanguage\":\"cs\"},{\"@type\":\"Person\",\"@id\":\"https:\/\/www.welovecycling.com\/cs\/#\/schema\/person\/d9eeb0a378f3a7e4a6d12d2b536b04b8\",\"name\":\"radekmalina\",\"image\":{\"@type\":\"ImageObject\",\"inLanguage\":\"cs\",\"@id\":\"https:\/\/www.welovecycling.com\/cs\/#\/schema\/person\/image\/\",\"url\":\"https:\/\/secure.gravatar.com\/avatar\/66994b632cb8c39a46b9f54afa3ae07201b678d32a54275b6f1c9ffec356bfc0?s=96&d=mm&r=g\",\"contentUrl\":\"https:\/\/secure.gravatar.com\/avatar\/66994b632cb8c39a46b9f54afa3ae07201b678d32a54275b6f1c9ffec356bfc0?s=96&d=mm&r=g\",\"caption\":\"radekmalina\"},\"url\":\"https:\/\/www.welovecycling.com\/cs\/author\/radekmalina\/\"}]}<\/script>\n<!-- \/ Yoast SEO Premium plugin. -->","yoast_head_json":{"title":"Pauline Ferrand-Pr\u00e9vot \u017eene za spln\u011bn\u00edm snu i nov\u00e1 l\u00e1ska: excelentn\u00ed nizozemsk\u00fd silni\u010d\u00e1\u0159 | \u0160koda We Love Cycling - \u010cesk\u00e1 republika","robots":{"index":"index","follow":"follow","max-snippet":"max-snippet:-1","max-image-preview":"max-image-preview:large","max-video-preview":"max-video-preview:-1"},"canonical":"https:\/\/www.welovecycling.com\/cs\/2023\/05\/12\/pauline-ferrand-prevot-zene-za-splnenim-snu-i-nova-laska-excelentni-nizozemsky-silnicar\/","og_locale":"cs_CZ","og_type":"article","og_title":"Pauline Ferrand-Pr\u00e9vot \u017eene za spln\u011bn\u00edm snu i nov\u00e1 l\u00e1ska: excelentn\u00ed nizozemsk\u00fd silni\u010d\u00e1\u0159","og_description":"Francouzka Pauline Ferrand-Pr\u00e9vot je jednou z nejv\u011bt\u0161\u00edch hv\u011bzd sou\u010dasn\u00e9 MTB sc\u00e9ny. \u010cty\u0159n\u00e1sobnou mistryni sv\u011bta v cross country, kter\u00e1 m\u00e1 ve [&hellip;]","og_url":"https:\/\/www.welovecycling.com\/cs\/2023\/05\/12\/pauline-ferrand-prevot-zene-za-splnenim-snu-i-nova-laska-excelentni-nizozemsky-silnicar\/","og_site_name":"\u0160koda We Love Cycling - \u010cesk\u00e1 republika","article_published_time":"2023-05-12T11:01:04+00:00","article_modified_time":"2023-05-12T11:10:24+00:00","og_image":[{"width":1600,"height":1067,"url":"https:\/\/d2p6e6u75xmxt8.cloudfront.net\/13\/2022\/11\/pauline-Ferrand-II.webp","type":"image\/webp"}],"author":"radekmalina","twitter_card":"summary_large_image","twitter_misc":{"Written by":"Radek Malina","Est. reading time":"5"},"schema":{"@context":"https:\/\/schema.org","@graph":[{"@type":"WebPage","@id":"https:\/\/www.welovecycling.com\/cs\/2023\/05\/12\/pauline-ferrand-prevot-zene-za-splnenim-snu-i-nova-laska-excelentni-nizozemsky-silnicar\/","url":"https:\/\/www.welovecycling.com\/cs\/2023\/05\/12\/pauline-ferrand-prevot-zene-za-splnenim-snu-i-nova-laska-excelentni-nizozemsky-silnicar\/","name":"Pauline Ferrand-Pr\u00e9vot \u017eene za spln\u011bn\u00edm snu i nov\u00e1 l\u00e1ska: excelentn\u00ed nizozemsk\u00fd silni\u010d\u00e1\u0159 | \u0160koda We Love Cycling - \u010cesk\u00e1 republika","isPartOf":{"@id":"https:\/\/www.welovecycling.com\/cs\/#website"},"primaryImageOfPage":{"@id":"https:\/\/www.welovecycling.com\/cs\/2023\/05\/12\/pauline-ferrand-prevot-zene-za-splnenim-snu-i-nova-laska-excelentni-nizozemsky-silnicar\/#primaryimage"},"image":{"@id":"https:\/\/www.welovecycling.com\/cs\/2023\/05\/12\/pauline-ferrand-prevot-zene-za-splnenim-snu-i-nova-laska-excelentni-nizozemsky-silnicar\/#primaryimage"},"thumbnailUrl":"https:\/\/d2p6e6u75xmxt8.cloudfront.net\/13\/2022\/11\/pauline-Ferrand-II.webp","datePublished":"2023-05-12T11:01:04+00:00","dateModified":"2023-05-12T11:10:24+00:00","author":{"@id":"https:\/\/www.welovecycling.com\/cs\/#\/schema\/person\/d9eeb0a378f3a7e4a6d12d2b536b04b8"},"inLanguage":"cs","potentialAction":[{"@type":"ReadAction","target":["https:\/\/www.welovecycling.com\/cs\/2023\/05\/12\/pauline-ferrand-prevot-zene-za-splnenim-snu-i-nova-laska-excelentni-nizozemsky-silnicar\/"]}]},{"@type":"ImageObject","inLanguage":"cs","@id":"https:\/\/www.welovecycling.com\/cs\/2023\/05\/12\/pauline-ferrand-prevot-zene-za-splnenim-snu-i-nova-laska-excelentni-nizozemsky-silnicar\/#primaryimage","url":"https:\/\/d2p6e6u75xmxt8.cloudfront.net\/13\/2022\/11\/pauline-Ferrand-II.webp","contentUrl":"https:\/\/d2p6e6u75xmxt8.cloudfront.net\/13\/2022\/11\/pauline-Ferrand-II.webp","width":1600,"height":1067},{"@type":"WebSite","@id":"https:\/\/www.welovecycling.com\/cs\/#website","url":"https:\/\/www.welovecycling.com\/cs\/","name":"\u0160koda We Love Cycling - \u010cesk\u00e1 republika","description":"WeLoveCycling.cz je online magaz\u00edn, kter\u00fd v\u00e1m pravideln\u011b p\u0159in\u00e1\u0161\u00ed rady a tipy, zaj\u00edmav\u00e9 \u010dl\u00e1nky, videa a jedine\u010dn\u00e9 report\u00e1\u017ee ze sv\u011bta cyklistiky.","potentialAction":[{"@type":"SearchAction","target":{"@type":"EntryPoint","urlTemplate":"https:\/\/www.welovecycling.com\/cs\/?s={search_term_string}"},"query-input":{"@type":"PropertyValueSpecification","valueRequired":true,"valueName":"search_term_string"}}],"inLanguage":"cs"},{"@type":"Person","@id":"https:\/\/www.welovecycling.com\/cs\/#\/schema\/person\/d9eeb0a378f3a7e4a6d12d2b536b04b8","name":"radekmalina","image":{"@type":"ImageObject","inLanguage":"cs","@id":"https:\/\/www.welovecycling.com\/cs\/#\/schema\/person\/image\/","url":"https:\/\/secure.gravatar.com\/avatar\/66994b632cb8c39a46b9f54afa3ae07201b678d32a54275b6f1c9ffec356bfc0?s=96&d=mm&r=g","contentUrl":"https:\/\/secure.gravatar.com\/avatar\/66994b632cb8c39a46b9f54afa3ae07201b678d32a54275b6f1c9ffec356bfc0?s=96&d=mm&r=g","caption":"radekmalina"},"url":"https:\/\/www.welovecycling.com\/cs\/author\/radekmalina\/"}]}},"_links":{"self":[{"href":"https:\/\/www.welovecycling.com\/cs\/wp-json\/wp\/v2\/posts\/22360","targetHints":{"allow":["GET"]}}],"collection":[{"href":"https:\/\/www.welovecycling.com\/cs\/wp-json\/wp\/v2\/posts"}],"about":[{"href":"https:\/\/www.welovecycling.com\/cs\/wp-json\/wp\/v2\/types\/post"}],"author":[{"embeddable":true,"href":"https:\/\/www.welovecycling.com\/cs\/wp-json\/wp\/v2\/users\/138"}],"replies":[{"embeddable":true,"href":"https:\/\/www.welovecycling.com\/cs\/wp-json\/wp\/v2\/comments?post=22360"}],"version-history":[{"count":4,"href":"https:\/\/www.welovecycling.com\/cs\/wp-json\/wp\/v2\/posts\/22360\/revisions"}],"predecessor-version":[{"id":22368,"href":"https:\/\/www.welovecycling.com\/cs\/wp-json\/wp\/v2\/posts\/22360\/revisions\/22368"}],"wp:featuredmedia":[{"embeddable":true,"href":"https:\/\/www.welovecycling.com\/cs\/wp-json\/wp\/v2\/media\/19663"}],"wp:attachment":[{"href":"https:\/\/www.welovecycling.com\/cs\/wp-json\/wp\/v2\/media?parent=22360"}],"wp:term":[{"taxonomy":"category","embeddable":true,"href":"https:\/\/www.welovecycling.com\/cs\/wp-json\/wp\/v2\/categories?post=22360"},{"taxonomy":"post_tag","embeddable":true,"href":"https:\/\/www.welovecycling.com\/cs\/wp-json\/wp\/v2\/tags?post=22360"},{"taxonomy":"global-categories","embeddable":true,"href":"https:\/\/www.welovecycling.com\/cs\/wp-json\/wp\/v2\/global-categories?post=22360"}],"curies":[{"name":"wp","href":"https:\/\/api.w.org\/{rel}","templated":true}]}}