{"id":22358,"date":"2023-05-18T06:43:50","date_gmt":"2023-05-18T04:43:50","guid":{"rendered":"https:\/\/www.welovecycling.com\/cs\/?p=22358"},"modified":"2023-06-12T16:05:18","modified_gmt":"2023-06-12T14:05:18","slug":"bezduse-servis-tubeless-plastu","status":"publish","type":"post","link":"https:\/\/www.welovecycling.com\/cs\/2023\/05\/18\/bezduse-servis-tubeless-plastu\/","title":{"rendered":"Jarn\u00ed tr\u00e1pen\u00ed: bezdu\u0161e na suchu! Dom\u00e1c\u00ed servis tubeless pl\u00e1\u0161t\u016f"},"content":{"rendered":"<p><strong>S rostouc\u00ed popularitou tubeless pl\u00e1\u0161\u0165\u016f p\u0159ibylo v servisech z\u00e1kazn\u00edk\u016f s vyfouknut\u00fdmi koly. Krom\u011b t\u011bch, kte\u0159\u00ed si sami nedovedou vym\u011bnit \u010di nahustit du\u0161i, p\u0159ich\u00e1z\u00ed tak\u00e9 ne\u0161\u0165astn\u00edci \u0159e\u0161\u00edc\u00ed unik tlaku z bezdu\u0161ov\u00e9ho syst\u00e9mu. Nejv\u00edce jich kola dotla\u010d\u00ed pr\u00e1v\u011b na za\u010d\u00e1tku sezony, tedy po zimn\u00ed odst\u00e1vce.<\/strong><\/p>\n<p>P\u0159\u00ed\u010dina pot\u00ed\u017e\u00ed b\u00fdv\u00e1 snadno vysv\u011btliteln\u00e1 \u2013 t\u011bsnic\u00ed roztok uvnit\u0159 pl\u00e1\u0161t\u011b ztr\u00e1c\u00ed \u010dasem svoje vlastnosti a p\u0159est\u00e1v\u00e1 fungovat. To se m\u016f\u017ee projevit jak pomalou ztr\u00e1tou tlaku, tak i rychl\u00fdm defektem p\u0159i j\u00edzd\u011b. P\u0159ed sezonou je tedy vhodn\u00e9 v\u011bnovat bezdu\u0161ov\u00fdm pl\u00e1\u0161\u0165\u016fm d\u016fkladn\u011bj\u0161\u00ed p\u00e9\u010di, aby n\u00e1s nezradily v nejm\u00e9n\u011b vhodnou dobu. Z\u00e1kladn\u00ed pou\u010dka je toti\u017e nesmlouvav\u00e1 \u2013 dokud pl\u00e1\u0161\u0165 nezujeme z r\u00e1fku, m\u016f\u017eeme jen odhadovat, co voz\u00edme uvnit\u0159.<\/p>\n<h2><strong>Prevence pomoc\u00ed du\u0161\u00ed<\/strong><\/h2>\n<p>Ne\u017e se pust\u00edme do rad ohledn\u011b \u201eresetu\u201c bezdu\u0161ov\u00e9ho syst\u00e9mu, zm\u00edn\u00edme je\u0161t\u011b jedeno \u0159e\u0161en\u00ed \u2013 vr\u00e1tit se zp\u011bt ke klasick\u00fdm du\u0161\u00edm. \u0158ada bik\u016f i silni\u010dek je dnes dod\u00e1v\u00e1na s bezdu\u0161ov\u00fdmi r\u00e1fky, pl\u00e1\u0161ti, dokonce i s p\u0159edinstalovan\u00fdmi p\u00e1skami, tak\u017ee prodejci n\u011bkdy po dohod\u011b se z\u00e1kazn\u00edkem rovnou p\u0159ed\u011blaj\u00ed kolo na \u201ebezdu\u0161e\u201c.<\/p>\n<div class=\"shortcode-ys-post-pinup\"><article class=\"loop-simple post-6583 post type-post status-publish format-standard has-post-thumbnail hentry category-rady-tipy tag-bezdusove-systemy tag-trenink global-categories-cycling\" data-postid=\"6583\" role=\"article\" data-post-id=\"6583\" data-word-count=\"533\" data-headline-length=\"68\" data-category=\"Rady &amp; tipy\" data-global-category=\"Cycling\" data-author=\"V\u00e1clav \u0160\u0148up\u00e1rek\" data-published=\"2020-04-15T17:00:23+02:00\" data-published-day=\"Wednesday\">\n    <div class=\"entry-thumbnail article-thumbnail\" content=\"https:\/\/d2p6e6u75xmxt8.cloudfront.net\/13\/2020\/04\/pneumatiky-defekt-2-150x150.webp\"><a href=\"https:\/\/www.welovecycling.com\/cs\/2020\/04\/15\/bezdusove-systemy-dostatecny-objem-mleka-a-spravne-nahustit\/\" class=\"image-holder\" target=\"_self\"><img decoding=\"async\" loading=\"lazy\" class=\"\" src=\"https:\/\/d2p6e6u75xmxt8.cloudfront.net\/13\/2020\/04\/pneumatiky-defekt-2-1024x683.webp\" srcset=\"https:\/\/d2p6e6u75xmxt8.cloudfront.net\/13\/2020\/04\/pneumatiky-defekt-2.webp 1600w, https:\/\/d2p6e6u75xmxt8.cloudfront.net\/13\/2020\/04\/pneumatiky-defekt-2-300x200.webp 300w, https:\/\/d2p6e6u75xmxt8.cloudfront.net\/13\/2020\/04\/pneumatiky-defekt-2-1024x683.webp 1024w, https:\/\/d2p6e6u75xmxt8.cloudfront.net\/13\/2020\/04\/pneumatiky-defekt-2-768x512.webp 768w, https:\/\/d2p6e6u75xmxt8.cloudfront.net\/13\/2020\/04\/pneumatiky-defekt-2-1536x1024.webp 1536w, https:\/\/d2p6e6u75xmxt8.cloudfront.net\/13\/2020\/04\/pneumatiky-defekt-2-272x182.webp 272w\" width=\"1024\" height=\"683\" sizes=\"auto, (min-width: 1200px) 300px, (min-width: 768px) 25vw, 100vw\" alt=\"bezdusove-systemy-dostatecny-objem-mleka-a-spravne-nahustit\"\/><\/a><\/div>    <div class=\"entry-meta\">\n        <a class=\"label label-secondary post-category\" href=\"https:\/\/www.welovecycling.com\/cs\/category\/rady-tipy\/\" title=\"Rady &amp; tipy\">Rady &amp; tipy<\/a>\n    <\/div>\n    <div class=\"entry-details\">\n        <a href=\"https:\/\/www.welovecycling.com\/cs\/2020\/04\/15\/bezdusove-systemy-dostatecny-objem-mleka-a-spravne-nahustit\/\" class='entry-title-wrapper'>\n            <h3 class=\"entry-title\"><span>Bezdu\u0161ov\u00e9 syst\u00e9my. Dostate\u010dn\u00fd objem ml\u00e9ka a spr\u00e1vn\u011b nahustit<\/span><\/h3>\n        <\/a>\n    <\/div>\n    <\/article>\n<\/div>\n<p>\u0158ada jezdc\u016f to vn\u00edm\u00e1 jako benefit z pohledu komfortu, j\u00edzdn\u00edch vlastnost\u00ed nebo t\u0159eba prevence defekt\u016f, pokud ale jezd\u00edte m\u00e9n\u011b \u010dasto a p\u0159ev\u00e1\u017en\u011b v nen\u00e1ro\u010dn\u00e9m ter\u00e9nu, m\u016f\u017eete doj\u00edt k z\u00e1v\u011bru, \u017ee tahle inovace nen\u00ed pro v\u00e1s. Klidn\u011b tedy z r\u00e1fku vy\u0161roubujte ventilky, vylijte tmel, vyt\u0159ete a zkontrolujte pl\u00e1\u0161\u0165 a vra\u0165te dovnit\u0159 du\u0161e. Nebudete prv\u00ed ani posledn\u00ed, koho bezdu\u0161ov\u00fd syst\u00e9m neoslovil.<\/p>\n<h2><strong>\u00daskal\u00ed dol\u00e9v\u00e1n\u00ed<\/strong><\/h2>\n<p>Mezi cyklisty se \u0159\u00edk\u00e1, \u017ee tmel v pl\u00e1\u0161t\u00edch vysych\u00e1, a tak jej mus\u00edme dol\u00e9vat, p\u0159i\u010dem\u017e interval z\u00e1le\u017e\u00ed na v\u00fdrobci roztoku i podm\u00ednk\u00e1ch. Obvykle se doporu\u010duje dopln\u011bn\u00ed zhruba po t\u0159ech m\u011bs\u00edc\u00edch provozu, \u00fadaj pro konkr\u00e9tn\u00ed v\u00fdrobek najdete v\u017edy na lahvi\u010dce. Ve skute\u010dnosti tmel v pl\u00e1\u0161ti nejen vysych\u00e1, ale degraduje i jin\u00fdmi zp\u016fsoby \u2013 po n\u011bkolika m\u011bs\u00edc\u00edch tak uvnit\u0159 pl\u00e1\u0161t\u011b sice najdete tekutinu, ale vzhledem i vlastnostmi naprosto odli\u0161nou od p\u016fvodn\u00edho produktu, t\u0159eba \u0159\u00eddkou hn\u011bdou \u201evodi\u010dku\u201c.<\/p>\n<figure id=\"attachment_22444\" aria-describedby=\"caption-attachment-22444\" style=\"width: 1600px\" class=\"wp-caption alignnone\"><a href=\"https:\/\/d2p6e6u75xmxt8.cloudfront.net\/13\/2023\/05\/bezduse-tmel-mleko.webp\"><img loading=\"lazy\" decoding=\"async\" class=\"size-full wp-image-22444\" src=\"https:\/\/d2p6e6u75xmxt8.cloudfront.net\/13\/2023\/05\/bezduse-tmel-mleko.webp\" alt=\"Bezdu\u0161ov\u00fd syst\u00e9m si \u017e\u00e1d\u00e1 pravideln\u00e9 dopl\u0148ov\u00e1n\u00ed tmelu. Foto: Michal \u010cerven\u00fd\" width=\"1600\" height=\"1067\" srcset=\"https:\/\/d2p6e6u75xmxt8.cloudfront.net\/13\/2023\/05\/bezduse-tmel-mleko.webp 1600w, https:\/\/d2p6e6u75xmxt8.cloudfront.net\/13\/2023\/05\/bezduse-tmel-mleko-300x200.webp 300w, https:\/\/d2p6e6u75xmxt8.cloudfront.net\/13\/2023\/05\/bezduse-tmel-mleko-1024x683.webp 1024w, https:\/\/d2p6e6u75xmxt8.cloudfront.net\/13\/2023\/05\/bezduse-tmel-mleko-768x512.webp 768w, https:\/\/d2p6e6u75xmxt8.cloudfront.net\/13\/2023\/05\/bezduse-tmel-mleko-1536x1024.webp 1536w, https:\/\/d2p6e6u75xmxt8.cloudfront.net\/13\/2023\/05\/bezduse-tmel-mleko-400x267.webp 400w, https:\/\/d2p6e6u75xmxt8.cloudfront.net\/13\/2023\/05\/bezduse-tmel-mleko-272x182.webp 272w\" sizes=\"auto, (max-width: 1600px) 100vw, 1600px\" \/><\/a><figcaption id=\"caption-attachment-22444\" class=\"wp-caption-text\"><em>Bezdu\u0161ov\u00fd syst\u00e9m si \u017e\u00e1d\u00e1 pravideln\u00e9 dopl\u0148ov\u00e1n\u00ed tmelu. Foto: Michal \u010cerven\u00fd<\/em><\/figcaption><\/figure>\n<p>Pokud ji na\u0159ed\u00edte nov\u00fdm tmelem, schopnost zacelit net\u011bsnost se pravd\u011bpodobn\u011b zlep\u0161\u00ed. Zdaleka nebude jako u \u010derstv\u00e9ho roztoku. Dol\u00e9v\u00e1n\u00ed je problematick\u00e9 tak\u00e9 v p\u0159\u00edpadech, kdy nezn\u00e1me pou\u017eit\u00fd typ \u2013 receptur je na trhu cel\u00e1 \u0159ada a neb\u00fdvaj\u00ed m\u00edsiteln\u00e9.<\/p>\n<h2><strong>Bezdu\u0161e a nov\u00fd tmel: ro\u010dn\u00ed kompromis<\/strong><\/h2>\n<p>Kompletn\u011b p\u0159ed\u011bl\u00e1vat bezdu\u0161e ka\u017ed\u00e9 t\u0159i m\u011bs\u00edce je pro v\u011bt\u0161inu hobby jezdc\u016f utopi\u00ed. Jako rozumn\u00fd kompromis se proto jev\u00ed doplnit v pr\u016fb\u011bhu roku dvakr\u00e1t t\u0159ikr\u00e1t trochu roztoku a p\u0159ed novou sezonou tmel kompletn\u011b vym\u011bnit, ide\u00e1ln\u011b rovnou i s pl\u00e1\u0161ti nebo ochrann\u00fdmi vlo\u017ekami.<\/p>\n<div class=\"shortcode-ys-post-pinup\"><article class=\"loop-simple post-22273 post type-post status-publish format-standard has-post-thumbnail hentry category-silnicni-cyklistika tag-cyklistika tag-ilicka-tepna tag-jayco-alula tag-kycelni-tepna tag-operace tag-operace-endofibrozy-ilicke-tepny tag-silnicni-cyklistika tag-zdenek-stybar tag-zdravi-a-trenink global-categories-cycling\" data-postid=\"22273\" role=\"article\" data-post-id=\"22273\" data-word-count=\"690\" data-headline-length=\"79\" data-category=\"Silni\u010dn\u00ed cyklistika\" data-global-category=\"Cycling\" data-author=\"Radek Malina\" data-published=\"2023-05-08T21:27:43+02:00\" data-published-day=\"Monday\">\n    <div class=\"entry-thumbnail article-thumbnail\" content=\"https:\/\/d2p6e6u75xmxt8.cloudfront.net\/13\/2023\/05\/profimedia-0760263201-150x150.webp\"><a href=\"https:\/\/www.welovecycling.com\/cs\/2023\/05\/08\/zdenek-stybar-po-operaci-ja-rozhodnu-kdy-je-cas-kolo-povesit-na-hrebik\/\" class=\"image-holder\" target=\"_self\"><img decoding=\"async\" loading=\"lazy\" class=\"\" src=\"https:\/\/d2p6e6u75xmxt8.cloudfront.net\/13\/2023\/05\/profimedia-0760263201-1024x668.webp\" srcset=\"https:\/\/d2p6e6u75xmxt8.cloudfront.net\/13\/2023\/05\/profimedia-0760263201.webp 1800w, https:\/\/d2p6e6u75xmxt8.cloudfront.net\/13\/2023\/05\/profimedia-0760263201-300x196.webp 300w, https:\/\/d2p6e6u75xmxt8.cloudfront.net\/13\/2023\/05\/profimedia-0760263201-1024x668.webp 1024w, https:\/\/d2p6e6u75xmxt8.cloudfront.net\/13\/2023\/05\/profimedia-0760263201-768x501.webp 768w, https:\/\/d2p6e6u75xmxt8.cloudfront.net\/13\/2023\/05\/profimedia-0760263201-1536x1003.webp 1536w, https:\/\/d2p6e6u75xmxt8.cloudfront.net\/13\/2023\/05\/profimedia-0760263201-400x261.webp 400w\" width=\"1024\" height=\"668\" sizes=\"auto, (min-width: 1200px) 306px, (min-width: 768px) 26vw, 100vw\" alt=\"zdenek-stybar-po-operaci-ja-rozhodnu-kdy-je-cas-kolo-povesit-na-hrebik\"\/><\/a><\/div>    <div class=\"entry-meta\">\n        <a class=\"label label-secondary post-category\" href=\"https:\/\/www.welovecycling.com\/cs\/category\/silnicni-cyklistika\/\" title=\"Silni\u010dn\u00ed cyklistika\">Silni\u010dn\u00ed cyklistika<\/a>\n    <\/div>\n    <div class=\"entry-details\">\n        <a href=\"https:\/\/www.welovecycling.com\/cs\/2023\/05\/08\/zdenek-stybar-po-operaci-ja-rozhodnu-kdy-je-cas-kolo-povesit-na-hrebik\/\" class='entry-title-wrapper'>\n            <h3 class=\"entry-title\"><span>Zden\u011bk \u0160tybar po operaci: J\u00e1 rozhodnu, kdy je \u010das kolo pov\u011bsit na h\u0159eb\u00edk<\/span><\/h3>\n        <\/a>\n    <\/div>\n    <\/article>\n<\/div>\n<p>Postup operace je jednoduch\u00fd: vypust\u00edme kola, zujeme pl\u00e1\u0161t\u011b (pokud je budeme nad\u00e1le pou\u017e\u00edvat, sta\u010d\u00ed na jedn\u00e9 stran\u011b \u2013 usnadn\u00ed n\u00e1m to zp\u011btnou mont\u00e1\u017e), vy\u0161roubujeme j\u00e1dro ventilku. V\u0161echno ot\u0159eme a zkontrolujeme \u2013 kritick\u00fdm m\u00edstem b\u00fdv\u00e1 hlavn\u011b r\u00e1fkov\u00e1 p\u00e1ska. Pokud jsme ji od kraje r\u00e1fku odtrhli s pl\u00e1\u0161t\u011bm, mus\u00edme nalepit novou.<\/p>\n<p>Pozornost v\u011bnujeme tak\u00e9 ventilku \u2013 odstran\u00edme zbytky tmelu a zkontrolujeme jeho pr\u016fchodnost. M\u00e1me-li r\u00e1di jistotu, klidn\u011b j\u00e1dro ventilku preventivn\u011b vym\u011bn\u00edme. P\u0159i op\u011btovn\u00e9m pou\u017eit\u00ed pl\u00e1\u0161t\u011b zkus\u00edme odstranit zbytky star\u00e9ho tmelu, a\u0165 jej zbyte\u010dn\u011b nevoz\u00edme s sebou.<\/p>\n<h2><strong>Na bezdu\u0161e pou\u017eijte kompresor<\/strong><\/h2>\n<p>Zbytky tak\u00e9 teoreticky mohou ovlivnit vyv\u00e1\u017een\u00ed kola nebo t\u011bsnost patek. N\u011bkdy jdou snadno oloupat v podob\u011b pru\u017en\u00e9ho povlaku, jindy je to t\u00e9m\u011b\u0159 nemo\u017en\u00e9. V tom p\u0159\u00edpad\u011b nen\u00ed nutn\u00e9 propadat panice, pokud se na vnit\u0159n\u00ed stran\u011b pl\u00e1\u0161t\u011b n\u011bjak\u00fd materi\u00e1l nav\u00edc zarputile dr\u017e\u00ed, klidn\u011b jej tam nech\u00e1me.<\/p>\n<p><a href=\"https:\/\/d2p6e6u75xmxt8.cloudfront.net\/13\/2023\/05\/bezduse-plaste-rafek.webp\"><img loading=\"lazy\" decoding=\"async\" class=\"alignnone size-full wp-image-22439\" src=\"https:\/\/d2p6e6u75xmxt8.cloudfront.net\/13\/2023\/05\/bezduse-plaste-rafek.webp\" alt=\"\" width=\"1600\" height=\"1067\" srcset=\"https:\/\/d2p6e6u75xmxt8.cloudfront.net\/13\/2023\/05\/bezduse-plaste-rafek.webp 1600w, https:\/\/d2p6e6u75xmxt8.cloudfront.net\/13\/2023\/05\/bezduse-plaste-rafek-300x200.webp 300w, https:\/\/d2p6e6u75xmxt8.cloudfront.net\/13\/2023\/05\/bezduse-plaste-rafek-1024x683.webp 1024w, https:\/\/d2p6e6u75xmxt8.cloudfront.net\/13\/2023\/05\/bezduse-plaste-rafek-768x512.webp 768w, https:\/\/d2p6e6u75xmxt8.cloudfront.net\/13\/2023\/05\/bezduse-plaste-rafek-1536x1024.webp 1536w, https:\/\/d2p6e6u75xmxt8.cloudfront.net\/13\/2023\/05\/bezduse-plaste-rafek-400x267.webp 400w, https:\/\/d2p6e6u75xmxt8.cloudfront.net\/13\/2023\/05\/bezduse-plaste-rafek-272x182.webp 272w\" sizes=\"auto, (max-width: 1600px) 100vw, 1600px\" \/><\/a><\/p>\n<p>Zb\u00fdv\u00e1 u\u017e jen dol\u00edt \u010derstv\u00fd tmel. \u0158i\u010fte se doporu\u010den\u00edm v\u00fdrobce nebo aplikujte rad\u011bji o n\u011bco v\u011bt\u0161\u00ed mno\u017estv\u00ed. P\u0159i nafouknut\u00ed doporu\u010dujeme ponechat vyndan\u00e9 j\u00e1dro ventilku a pou\u017e\u00edt kompresor \u010di pumpu se vzdu\u0161n\u00edkem nebo samostatnou tlakovou n\u00e1dobu.<\/p>\n<p>Pou\u017eit\u00e9 pl\u00e1\u0161t\u011b ale \u010dasto \u201enahod\u00edte\u201c i oby\u010dejnou d\u00edlenskou pumpou, proto\u017ee si udr\u017euj\u00ed pot\u0159ebn\u00fd tvar. Na ot\u00e1zky p\u0159i znovuvytvo\u0159en\u00ed bezdu\u0161ov\u00e9ho syst\u00e9mu najdete odpov\u011b\u010f v na\u0161em <a href=\"https:\/\/www.welovecycling.com\/cs\/series\/bezdusove-systemy\/\">star\u0161\u00edm seri\u00e1lu, <\/a>kde je cel\u00fd postup pops\u00e1n podrobn\u011bji.<\/p>\n<p>&nbsp;<\/p>\n","protected":false},"excerpt":{"rendered":"<p>S rostouc\u00ed popularitou tubeless pl\u00e1\u0161\u0165\u016f p\u0159ibylo v servisech z\u00e1kazn\u00edk\u016f s vyfouknut\u00fdmi koly. Krom\u011b t\u011bch, kte\u0159\u00ed si sami nedovedou vym\u011bnit \u010di [&hellip;]<\/p>\n","protected":false},"author":138,"featured_media":22440,"comment_status":"open","ping_status":"open","sticky":false,"template":"","format":"standard","meta":{"footnotes":""},"categories":[15],"tags":[2182,859,1534,126,56,3052,3053,9,27,3051],"global-categories":[411],"class_list":["post-22358","post","type-post","status-publish","format-standard","has-post-thumbnail","hentry","category-rady-tipy","tag-bezdusove-plaste","tag-bezdusove-systemy","tag-bezdusovy-system","tag-cyklistika","tag-horska-cyklistika","tag-montaz-bezdusoveho-systemu","tag-navod-na-tubeless","tag-silnicni-cyklistika","tag-trenink","tag-tubeless","global-categories-cycling"],"yoast_head":"<!-- This site is optimized with the Yoast SEO Premium plugin v25.3 (Yoast SEO v25.9) - https:\/\/yoast.com\/wordpress\/plugins\/seo\/ -->\n<title>Jarn\u00ed tr\u00e1pen\u00ed: bezdu\u0161e na suchu! Dom\u00e1c\u00ed servis tubeless pl\u00e1\u0161t\u016f | \u0160koda We Love Cycling - \u010cesk\u00e1 republika<\/title>\n<meta name=\"description\" content=\"Bezdu\u0161ov\u00e9 syst\u00e9my si podmanily sv\u011bt cyklistiky. Jak na bezdu\u0161e, respektive tubeless pl\u00e1\u0161t\u011b v dom\u00e1c\u00edch podm\u00ednk\u00e1ch?\" \/>\n<meta name=\"robots\" content=\"index, follow, max-snippet:-1, max-image-preview:large, max-video-preview:-1\" \/>\n<link rel=\"canonical\" href=\"https:\/\/www.welovecycling.com\/cs\/2023\/05\/18\/bezduse-servis-tubeless-plastu\/\" \/>\n<meta property=\"og:locale\" content=\"cs_CZ\" \/>\n<meta property=\"og:type\" content=\"article\" \/>\n<meta property=\"og:title\" content=\"Jarn\u00ed tr\u00e1pen\u00ed: bezdu\u0161e na suchu! Dom\u00e1c\u00ed servis tubeless pl\u00e1\u0161t\u016f\" \/>\n<meta property=\"og:description\" content=\"Bezdu\u0161ov\u00e9 syst\u00e9my si podmanily sv\u011bt cyklistiky. Jak na bezdu\u0161e, respektive tubeless pl\u00e1\u0161t\u011b v dom\u00e1c\u00edch podm\u00ednk\u00e1ch?\" \/>\n<meta property=\"og:url\" content=\"https:\/\/www.welovecycling.com\/cs\/2023\/05\/18\/bezduse-servis-tubeless-plastu\/\" \/>\n<meta property=\"og:site_name\" content=\"\u0160koda We Love Cycling - \u010cesk\u00e1 republika\" \/>\n<meta property=\"article:published_time\" content=\"2023-05-18T04:43:50+00:00\" \/>\n<meta property=\"article:modified_time\" content=\"2023-06-12T14:05:18+00:00\" \/>\n<meta property=\"og:image\" content=\"https:\/\/d2p6e6u75xmxt8.cloudfront.net\/13\/2023\/05\/bezduse-pumpicka-tlak.webp\" \/>\n\t<meta property=\"og:image:width\" content=\"1600\" \/>\n\t<meta property=\"og:image:height\" content=\"1067\" \/>\n\t<meta property=\"og:image:type\" content=\"image\/webp\" \/>\n<meta name=\"author\" content=\"radekmalina\" \/>\n<meta name=\"twitter:card\" content=\"summary_large_image\" \/>\n<meta name=\"twitter:label1\" content=\"Written by\" \/>\n\t<meta name=\"twitter:data1\" content=\"Radek Malina\" \/>\n\t<meta name=\"twitter:label2\" content=\"Est. reading time\" \/>\n\t<meta name=\"twitter:data2\" content=\"7\" \/>\n<script type=\"application\/ld+json\" class=\"yoast-schema-graph\">{\"@context\":\"https:\/\/schema.org\",\"@graph\":[{\"@type\":\"WebPage\",\"@id\":\"https:\/\/www.welovecycling.com\/cs\/2023\/05\/18\/bezduse-servis-tubeless-plastu\/\",\"url\":\"https:\/\/www.welovecycling.com\/cs\/2023\/05\/18\/bezduse-servis-tubeless-plastu\/\",\"name\":\"Jarn\u00ed tr\u00e1pen\u00ed: bezdu\u0161e na suchu! Dom\u00e1c\u00ed servis tubeless pl\u00e1\u0161t\u016f | \u0160koda We Love Cycling - \u010cesk\u00e1 republika\",\"isPartOf\":{\"@id\":\"https:\/\/www.welovecycling.com\/cs\/#website\"},\"primaryImageOfPage\":{\"@id\":\"https:\/\/www.welovecycling.com\/cs\/2023\/05\/18\/bezduse-servis-tubeless-plastu\/#primaryimage\"},\"image\":{\"@id\":\"https:\/\/www.welovecycling.com\/cs\/2023\/05\/18\/bezduse-servis-tubeless-plastu\/#primaryimage\"},\"thumbnailUrl\":\"https:\/\/d2p6e6u75xmxt8.cloudfront.net\/13\/2023\/05\/bezduse-pumpicka-tlak.webp\",\"datePublished\":\"2023-05-18T04:43:50+00:00\",\"dateModified\":\"2023-06-12T14:05:18+00:00\",\"author\":{\"@id\":\"https:\/\/www.welovecycling.com\/cs\/#\/schema\/person\/d9eeb0a378f3a7e4a6d12d2b536b04b8\"},\"description\":\"Bezdu\u0161ov\u00e9 syst\u00e9my si podmanily sv\u011bt cyklistiky. Jak na bezdu\u0161e, respektive tubeless pl\u00e1\u0161t\u011b v dom\u00e1c\u00edch podm\u00ednk\u00e1ch?\",\"inLanguage\":\"cs\",\"potentialAction\":[{\"@type\":\"ReadAction\",\"target\":[\"https:\/\/www.welovecycling.com\/cs\/2023\/05\/18\/bezduse-servis-tubeless-plastu\/\"]}]},{\"@type\":\"ImageObject\",\"inLanguage\":\"cs\",\"@id\":\"https:\/\/www.welovecycling.com\/cs\/2023\/05\/18\/bezduse-servis-tubeless-plastu\/#primaryimage\",\"url\":\"https:\/\/d2p6e6u75xmxt8.cloudfront.net\/13\/2023\/05\/bezduse-pumpicka-tlak.webp\",\"contentUrl\":\"https:\/\/d2p6e6u75xmxt8.cloudfront.net\/13\/2023\/05\/bezduse-pumpicka-tlak.webp\",\"width\":1600,\"height\":1067,\"caption\":\"Bezdu\u0161e\"},{\"@type\":\"WebSite\",\"@id\":\"https:\/\/www.welovecycling.com\/cs\/#website\",\"url\":\"https:\/\/www.welovecycling.com\/cs\/\",\"name\":\"\u0160koda We Love Cycling - \u010cesk\u00e1 republika\",\"description\":\"WeLoveCycling.cz je online magaz\u00edn, kter\u00fd v\u00e1m pravideln\u011b p\u0159in\u00e1\u0161\u00ed rady a tipy, zaj\u00edmav\u00e9 \u010dl\u00e1nky, videa a jedine\u010dn\u00e9 report\u00e1\u017ee ze sv\u011bta cyklistiky.\",\"potentialAction\":[{\"@type\":\"SearchAction\",\"target\":{\"@type\":\"EntryPoint\",\"urlTemplate\":\"https:\/\/www.welovecycling.com\/cs\/?s={search_term_string}\"},\"query-input\":{\"@type\":\"PropertyValueSpecification\",\"valueRequired\":true,\"valueName\":\"search_term_string\"}}],\"inLanguage\":\"cs\"},{\"@type\":\"Person\",\"@id\":\"https:\/\/www.welovecycling.com\/cs\/#\/schema\/person\/d9eeb0a378f3a7e4a6d12d2b536b04b8\",\"name\":\"radekmalina\",\"image\":{\"@type\":\"ImageObject\",\"inLanguage\":\"cs\",\"@id\":\"https:\/\/www.welovecycling.com\/cs\/#\/schema\/person\/image\/\",\"url\":\"https:\/\/secure.gravatar.com\/avatar\/66994b632cb8c39a46b9f54afa3ae07201b678d32a54275b6f1c9ffec356bfc0?s=96&d=mm&r=g\",\"contentUrl\":\"https:\/\/secure.gravatar.com\/avatar\/66994b632cb8c39a46b9f54afa3ae07201b678d32a54275b6f1c9ffec356bfc0?s=96&d=mm&r=g\",\"caption\":\"radekmalina\"},\"url\":\"https:\/\/www.welovecycling.com\/cs\/author\/radekmalina\/\"}]}<\/script>\n<!-- \/ Yoast SEO Premium plugin. -->","yoast_head_json":{"title":"Jarn\u00ed tr\u00e1pen\u00ed: bezdu\u0161e na suchu! Dom\u00e1c\u00ed servis tubeless pl\u00e1\u0161t\u016f | \u0160koda We Love Cycling - \u010cesk\u00e1 republika","description":"Bezdu\u0161ov\u00e9 syst\u00e9my si podmanily sv\u011bt cyklistiky. Jak na bezdu\u0161e, respektive tubeless pl\u00e1\u0161t\u011b v dom\u00e1c\u00edch podm\u00ednk\u00e1ch?","robots":{"index":"index","follow":"follow","max-snippet":"max-snippet:-1","max-image-preview":"max-image-preview:large","max-video-preview":"max-video-preview:-1"},"canonical":"https:\/\/www.welovecycling.com\/cs\/2023\/05\/18\/bezduse-servis-tubeless-plastu\/","og_locale":"cs_CZ","og_type":"article","og_title":"Jarn\u00ed tr\u00e1pen\u00ed: bezdu\u0161e na suchu! Dom\u00e1c\u00ed servis tubeless pl\u00e1\u0161t\u016f","og_description":"Bezdu\u0161ov\u00e9 syst\u00e9my si podmanily sv\u011bt cyklistiky. Jak na bezdu\u0161e, respektive tubeless pl\u00e1\u0161t\u011b v dom\u00e1c\u00edch podm\u00ednk\u00e1ch?","og_url":"https:\/\/www.welovecycling.com\/cs\/2023\/05\/18\/bezduse-servis-tubeless-plastu\/","og_site_name":"\u0160koda We Love Cycling - \u010cesk\u00e1 republika","article_published_time":"2023-05-18T04:43:50+00:00","article_modified_time":"2023-06-12T14:05:18+00:00","og_image":[{"width":1600,"height":1067,"url":"https:\/\/d2p6e6u75xmxt8.cloudfront.net\/13\/2023\/05\/bezduse-pumpicka-tlak.webp","type":"image\/webp"}],"author":"radekmalina","twitter_card":"summary_large_image","twitter_misc":{"Written by":"Radek Malina","Est. reading time":"7"},"schema":{"@context":"https:\/\/schema.org","@graph":[{"@type":"WebPage","@id":"https:\/\/www.welovecycling.com\/cs\/2023\/05\/18\/bezduse-servis-tubeless-plastu\/","url":"https:\/\/www.welovecycling.com\/cs\/2023\/05\/18\/bezduse-servis-tubeless-plastu\/","name":"Jarn\u00ed tr\u00e1pen\u00ed: bezdu\u0161e na suchu! Dom\u00e1c\u00ed servis tubeless pl\u00e1\u0161t\u016f | \u0160koda We Love Cycling - \u010cesk\u00e1 republika","isPartOf":{"@id":"https:\/\/www.welovecycling.com\/cs\/#website"},"primaryImageOfPage":{"@id":"https:\/\/www.welovecycling.com\/cs\/2023\/05\/18\/bezduse-servis-tubeless-plastu\/#primaryimage"},"image":{"@id":"https:\/\/www.welovecycling.com\/cs\/2023\/05\/18\/bezduse-servis-tubeless-plastu\/#primaryimage"},"thumbnailUrl":"https:\/\/d2p6e6u75xmxt8.cloudfront.net\/13\/2023\/05\/bezduse-pumpicka-tlak.webp","datePublished":"2023-05-18T04:43:50+00:00","dateModified":"2023-06-12T14:05:18+00:00","author":{"@id":"https:\/\/www.welovecycling.com\/cs\/#\/schema\/person\/d9eeb0a378f3a7e4a6d12d2b536b04b8"},"description":"Bezdu\u0161ov\u00e9 syst\u00e9my si podmanily sv\u011bt cyklistiky. Jak na bezdu\u0161e, respektive tubeless pl\u00e1\u0161t\u011b v dom\u00e1c\u00edch podm\u00ednk\u00e1ch?","inLanguage":"cs","potentialAction":[{"@type":"ReadAction","target":["https:\/\/www.welovecycling.com\/cs\/2023\/05\/18\/bezduse-servis-tubeless-plastu\/"]}]},{"@type":"ImageObject","inLanguage":"cs","@id":"https:\/\/www.welovecycling.com\/cs\/2023\/05\/18\/bezduse-servis-tubeless-plastu\/#primaryimage","url":"https:\/\/d2p6e6u75xmxt8.cloudfront.net\/13\/2023\/05\/bezduse-pumpicka-tlak.webp","contentUrl":"https:\/\/d2p6e6u75xmxt8.cloudfront.net\/13\/2023\/05\/bezduse-pumpicka-tlak.webp","width":1600,"height":1067,"caption":"Bezdu\u0161e"},{"@type":"WebSite","@id":"https:\/\/www.welovecycling.com\/cs\/#website","url":"https:\/\/www.welovecycling.com\/cs\/","name":"\u0160koda We Love Cycling - \u010cesk\u00e1 republika","description":"WeLoveCycling.cz je online magaz\u00edn, kter\u00fd v\u00e1m pravideln\u011b p\u0159in\u00e1\u0161\u00ed rady a tipy, zaj\u00edmav\u00e9 \u010dl\u00e1nky, videa a jedine\u010dn\u00e9 report\u00e1\u017ee ze sv\u011bta cyklistiky.","potentialAction":[{"@type":"SearchAction","target":{"@type":"EntryPoint","urlTemplate":"https:\/\/www.welovecycling.com\/cs\/?s={search_term_string}"},"query-input":{"@type":"PropertyValueSpecification","valueRequired":true,"valueName":"search_term_string"}}],"inLanguage":"cs"},{"@type":"Person","@id":"https:\/\/www.welovecycling.com\/cs\/#\/schema\/person\/d9eeb0a378f3a7e4a6d12d2b536b04b8","name":"radekmalina","image":{"@type":"ImageObject","inLanguage":"cs","@id":"https:\/\/www.welovecycling.com\/cs\/#\/schema\/person\/image\/","url":"https:\/\/secure.gravatar.com\/avatar\/66994b632cb8c39a46b9f54afa3ae07201b678d32a54275b6f1c9ffec356bfc0?s=96&d=mm&r=g","contentUrl":"https:\/\/secure.gravatar.com\/avatar\/66994b632cb8c39a46b9f54afa3ae07201b678d32a54275b6f1c9ffec356bfc0?s=96&d=mm&r=g","caption":"radekmalina"},"url":"https:\/\/www.welovecycling.com\/cs\/author\/radekmalina\/"}]}},"_links":{"self":[{"href":"https:\/\/www.welovecycling.com\/cs\/wp-json\/wp\/v2\/posts\/22358","targetHints":{"allow":["GET"]}}],"collection":[{"href":"https:\/\/www.welovecycling.com\/cs\/wp-json\/wp\/v2\/posts"}],"about":[{"href":"https:\/\/www.welovecycling.com\/cs\/wp-json\/wp\/v2\/types\/post"}],"author":[{"embeddable":true,"href":"https:\/\/www.welovecycling.com\/cs\/wp-json\/wp\/v2\/users\/138"}],"replies":[{"embeddable":true,"href":"https:\/\/www.welovecycling.com\/cs\/wp-json\/wp\/v2\/comments?post=22358"}],"version-history":[{"count":9,"href":"https:\/\/www.welovecycling.com\/cs\/wp-json\/wp\/v2\/posts\/22358\/revisions"}],"predecessor-version":[{"id":22682,"href":"https:\/\/www.welovecycling.com\/cs\/wp-json\/wp\/v2\/posts\/22358\/revisions\/22682"}],"wp:featuredmedia":[{"embeddable":true,"href":"https:\/\/www.welovecycling.com\/cs\/wp-json\/wp\/v2\/media\/22440"}],"wp:attachment":[{"href":"https:\/\/www.welovecycling.com\/cs\/wp-json\/wp\/v2\/media?parent=22358"}],"wp:term":[{"taxonomy":"category","embeddable":true,"href":"https:\/\/www.welovecycling.com\/cs\/wp-json\/wp\/v2\/categories?post=22358"},{"taxonomy":"post_tag","embeddable":true,"href":"https:\/\/www.welovecycling.com\/cs\/wp-json\/wp\/v2\/tags?post=22358"},{"taxonomy":"global-categories","embeddable":true,"href":"https:\/\/www.welovecycling.com\/cs\/wp-json\/wp\/v2\/global-categories?post=22358"}],"curies":[{"name":"wp","href":"https:\/\/api.w.org\/{rel}","templated":true}]}}