{"id":22356,"date":"2023-05-16T14:11:38","date_gmt":"2023-05-16T12:11:38","guid":{"rendered":"https:\/\/www.welovecycling.com\/cs\/?p=22356"},"modified":"2023-05-16T14:11:38","modified_gmt":"2023-05-16T12:11:38","slug":"vojtech-repa-o-sokujicim-konci-kariery-kolo-mam-porad-rad-ale-nemusim-mit-na-zadech-cislo","status":"publish","type":"post","link":"https:\/\/www.welovecycling.com\/cs\/2023\/05\/16\/vojtech-repa-o-sokujicim-konci-kariery-kolo-mam-porad-rad-ale-nemusim-mit-na-zadech-cislo\/","title":{"rendered":"Vojt\u011bch \u0158epa o \u0161okuj\u00edc\u00edm konci kari\u00e9ry: Kolo m\u00e1m po\u0159\u00e1d r\u00e1d, ale nemus\u00edm m\u00edt na z\u00e1dech \u010d\u00edslo"},"content":{"rendered":"<p><strong>Splnil si sen. B\u011bhem podzimu Vojt\u011bch \u0158epa v dresu \u0161pan\u011blsk\u00e9 st\u00e1je Equipo Kern Pharma absolvoval premi\u00e9rovou Grand Tour kari\u00e9ry. \u0160pan\u011blskou Vueltu tehdy dokon\u010dil na 77. m\u00edst\u011b. V t\u00e9 dob\u011b je\u0161t\u011b netu\u0161il, \u017ee prvn\u00ed bude z\u00e1rove\u0148 posledn\u00ed.<\/strong><\/p>\n<p>P\u0159ed p\u00e1r dny toti\u017e p\u0159i\u0161el s\u00a0ne\u010dekan\u00fdm prohl\u00e1\u0161en\u00edm, v\u00a0n\u011bm\u017e ozn\u00e1mil konec kari\u00e9ry. Ve dvaadvaceti letech. \u201eMo\u017en\u00e1 to v\u011bt\u0161ina lid\u00ed nepochop\u00ed, ale rozhodnut\u00ed skon\u010dit ve mn\u011b zr\u00e1lo del\u0161\u00ed \u010das. Vyhodnotil jsem si to tak, \u017ee k\u00a0l\u00e1sce pro cyklistiku nepot\u0159ebuji m\u00edt na z\u00e1dech startovn\u00ed \u010d\u00edslo,\u201c \u0159\u00edk\u00e1 Vojt\u011bch \u0158epa.<\/p>\n<p>Ze sc\u00e9ny odch\u00e1z\u00ed v rozjet\u00e9 sezon\u011b i za cenu toho, \u017ee p\u0159ijde o slu\u0161n\u00e9 pen\u00edze, kter\u00e9 by mu kontrakt je\u0161t\u011b na p\u0159\u00ed\u0161t\u00ed rok zaru\u010doval. T\u011b\u0161\u00ed se na nov\u00fd \u017eivot po kari\u00e9\u0159e profesion\u00e1ln\u00edho cyklisty, kter\u00e1 u\u017e se podle n\u011bj nikdy nevr\u00e1t\u00ed.<\/p>\n<h2><strong>Vojto, m\u016f\u017eeme zkusit pojmenovat d\u016fvody va\u0161eho konce? Je to t\u0159eba zdrav\u00ed<\/strong><strong>? V<\/strong><strong>\u00a0roce 2021 jste dostal Bellovu obrnu a m\u011bl jste probl<\/strong><strong>\u00e9<\/strong><strong>my s\u00a0obli\u010d<\/strong><strong>ejov<\/strong><strong>\u00fdmi nervy\u2026<\/strong><\/h2>\n<p>Ano, zdrav\u00ed je jedn\u00edm z\u00a0d\u016fvod\u016f. V\u00a0tuto chv\u00edli m\u011b nic vylo\u017een\u011b nelimituje, nem\u011bl jsem n\u011bjak\u00e9 akutn\u00ed pot\u00ed\u017ee, kter\u00e9 by m\u011b donutily kon\u010dit. Ale kdy\u017e mi ochrnula \u010d\u00e1st obli\u010deje, mo\u017en\u00e1 jsem si d\u00edky tomu daleko v\u00edc uv\u011bdomil prioritu zdrav\u00ed. Nechci, aby se objevilo n\u011bco dal\u0161\u00edho.<\/p>\n<h2><strong>A co ztr\u00e1ta motivace? Nebyl byste prvn\u00ed, kdo v\u00a0mlad\u0161\u00edm v\u011bku skon\u010dil.<\/strong><\/h2>\n<p>Ur\u010dit\u011b nejsem vyho\u0159el\u00fd, v\u017edy m\u011b bavilo posouv\u00e1n\u00ed v\u00fdkonnostn\u00edch limit\u016f. Kon\u010d\u00edm na vrcholu sv\u00fdch tr\u00e9ninkov\u00fdch \u010d\u00edsel, kolo m\u011b po\u0159\u00e1d bav\u00ed a napl\u0148uje. A l\u00e1sku ke kolu jsem si cht\u011bl zachovat. Zjistil jsem, \u017ee m\u00edt \u010d\u00edslo na z\u00e1dech nemus\u00ed b\u00fdt jedin\u00e1 cesta, jak si kolo u\u017e\u00edvat.<\/p>\n<figure id=\"attachment_22378\" aria-describedby=\"caption-attachment-22378\" style=\"width: 760px\" class=\"wp-caption alignnone\"><a href=\"https:\/\/d2p6e6u75xmxt8.cloudfront.net\/13\/2023\/05\/vojtech-repa.webp\"><img loading=\"lazy\" decoding=\"async\" class=\"size-full wp-image-22378\" src=\"https:\/\/d2p6e6u75xmxt8.cloudfront.net\/13\/2023\/05\/vojtech-repa.webp\" alt=\"Vojt\u011bch \u0158epa ne\u010dekan\u011b ukon\u010dil kari\u00e9ru... Foto: instagram Vojt\u011bcha \u0158epy\" width=\"760\" height=\"467\" srcset=\"https:\/\/d2p6e6u75xmxt8.cloudfront.net\/13\/2023\/05\/vojtech-repa.webp 760w, https:\/\/d2p6e6u75xmxt8.cloudfront.net\/13\/2023\/05\/vojtech-repa-300x184.webp 300w, https:\/\/d2p6e6u75xmxt8.cloudfront.net\/13\/2023\/05\/vojtech-repa-400x246.webp 400w\" sizes=\"auto, (max-width: 760px) 100vw, 760px\" \/><\/a><figcaption id=\"caption-attachment-22378\" class=\"wp-caption-text\"><em>Vojt\u011bch \u0158epa ne\u010dekan\u011b ukon\u010dil kari\u00e9ru&#8230; Foto: instagram Vojt\u011bcha \u0158epy<\/em><\/figcaption><\/figure>\n<h2><strong>Ale jsou lid<\/strong><strong>\u00e9<\/strong><strong>, kte\u0159\u00ed na vrcholn\u00e9 \u00farovni z\u00e1vod\u00ed dvacet let a l\u00e1ska ke kolu jim vydr\u017e\u00ed i po skon\u010den\u00ed kari<\/strong><strong>\u00e9<\/strong><strong>ry.<\/strong><\/h2>\n<p>To ur\u010dit\u011b ano, ale j\u00e1 nejsem Nibali nebo Valverde. Ka\u017ed\u00fd jsme jin\u00fd. J\u00e1 si to vyhodnotil tak, \u017ee mi \u017eivot bude d\u00e1vat smysl, i kdy\u017e budu st\u00e1t t\u0159eba na druh\u00e9 stran\u011b barik\u00e1dy. P\u0159ijde mi to udr\u017eiteln\u011bj\u0161\u00ed z dlouhodob\u00e9ho hlediska a mo\u017en\u00e1 takhle cyklistice p\u0159inesu i v\u00edc. Kolo si um\u00edm u\u017e\u00edt i jinak a ur\u010dit\u011b na n\u011bm budu jezdit d\u00e1l.<\/p>\n<h2><strong>T\u0159eba Kittel nebo Dumoulin taky ukon\u010dili kari<\/strong><strong>\u00e9<\/strong><strong>ry p<\/strong><strong>\u0159ed\u010dasn\u011b a te\u010f si kolo u\u017e\u00edvaj\u00ed.<\/strong><\/h2>\n<p>A jim bylo n\u011bkde kolem t\u0159iceti. Kdy\u017e j\u00e1 m\u011bl my\u0161lenky na konec u\u017e v\u00a0tomto v\u011bku, \u0159\u00edkal jsem si, pro\u010d to zbyte\u010dn\u011b protahovat d\u00e1l. Vyhodnotil jsem si to tak, \u017ee budu up\u0159\u00edmn\u00fd v\u016f\u010di t\u00fdmu, \u0159eknu jim to a pokus\u00edm se zam\u011b\u0159it na n\u011bco jin\u00e9ho.<\/p>\n<div class=\"shortcode-ys-post-pinup\"><article class=\"loop-simple post-16451 post type-post status-publish format-standard has-post-thumbnail hentry category-silnicni-cyklistika tag-bellova-obrna tag-cyklistika tag-equipo-kern-pharma tag-ochrnuti-obliceje tag-silnicni-cyklistika tag-vojtech-repa tag-zdravi-a-trenink global-categories-cycling\" data-postid=\"16451\" role=\"article\" data-post-id=\"16451\" data-word-count=\"757\" data-headline-length=\"87\" data-category=\"Silni\u010dn\u00ed cyklistika\" data-global-category=\"Cycling\" data-author=\"Jan Kr\u016fta\" data-published=\"2022-03-27T11:00:38+02:00\" data-published-day=\"Sunday\">\n    <div class=\"entry-thumbnail article-thumbnail\" content=\"https:\/\/d2p6e6u75xmxt8.cloudfront.net\/13\/2022\/03\/vojtech-repa-2-150x150.webp\"><a href=\"https:\/\/www.welovecycling.com\/cs\/2022\/03\/27\/vojtech-repa-zapasil-s-ochrnutim-obliceje-ted-je-pro-me-kazdy-zavod-odmena-rika\/\" class=\"image-holder\" target=\"_self\"><img decoding=\"async\" loading=\"lazy\" class=\"\" src=\"https:\/\/d2p6e6u75xmxt8.cloudfront.net\/13\/2022\/03\/vojtech-repa-2.webp\" srcset=\"https:\/\/d2p6e6u75xmxt8.cloudfront.net\/13\/2022\/03\/vojtech-repa-2.webp 767w, https:\/\/d2p6e6u75xmxt8.cloudfront.net\/13\/2022\/03\/vojtech-repa-2-300x178.webp 300w\" width=\"767\" height=\"455\" sizes=\"auto, (min-width: 1200px) 338px, (min-width: 768px) 28vw, 100vw\" alt=\"vojtech-repa-zapasil-s-ochrnutim-obliceje-ted-je-pro-me-kazdy-zavod-odmena-rika\"\/><\/a><\/div>    <div class=\"entry-meta\">\n        <a class=\"label label-secondary post-category\" href=\"https:\/\/www.welovecycling.com\/cs\/category\/silnicni-cyklistika\/\" title=\"Silni\u010dn\u00ed cyklistika\">Silni\u010dn\u00ed cyklistika<\/a>\n    <\/div>\n    <div class=\"entry-details\">\n        <a href=\"https:\/\/www.welovecycling.com\/cs\/2022\/03\/27\/vojtech-repa-zapasil-s-ochrnutim-obliceje-ted-je-pro-me-kazdy-zavod-odmena-rika\/\" class='entry-title-wrapper'>\n            <h3 class=\"entry-title\"><span>Vojt\u011bch \u0158epa z\u00e1pasil s\u00a0ochrnut\u00edm obli\u010deje: Te\u010f je pro m\u011b ka\u017ed\u00fd z\u00e1vod odm\u011bna<\/span><\/h3>\n        <\/a>\n    <\/div>\n    <\/article>\n<\/div>\n<h2><strong>V\u011bt\u0161ina lid\u00ed asi nepochop\u00ed, \u017ee jste hodil za hlavu platn\u00fd kontrakt a nechal tam dost pen\u011bz, kter\u00fd byste si mohl vyd\u011blat. Ani kv\u016fli tomu jste necht\u011bl vydr\u017e<\/strong><strong>et?<\/strong><\/h2>\n<p>Je pravda, \u017ee jsem m\u011bl p\u011bknou smlouvu, do roku 2024 bych si n\u011bco vyd\u011blal, ale cyklistika nejde d\u011blat jen pro pen\u00edze. V takov\u00e9m pokra\u010dov\u00e1n\u00ed kari\u00e9ry nevid\u00edm hlub\u0161\u00ed smysl, tak kon\u010d\u00edm.<\/p>\n<h2><strong>D<\/strong><strong>\u00e1 <\/strong><strong>se tedy \u0159\u00edci jeden hlavn\u00ed d\u016fvod, pro\u010d kon\u010d\u00ed<\/strong><strong>te?<\/strong><\/h2>\n<p>Ned\u00e1 a ani nen\u00ed jen jeden. V\u0161echno m\u00e1 hlub\u0161\u00ed kontext, kter\u00fd se d\u00e1 jen hodn\u011b t\u011b\u017eko popsat a odprezentovat. Souhrn r\u016fzn\u00fdch d\u016fvod\u016f mi prost\u011b dal celkov\u00fd v\u00fdsledek, \u017ee chci skon\u010dit. Nebyl to \u00fapln\u011b jednoduch\u00fd krok, ale zat\u00edm ni\u010deho nelituju.<\/p>\n<h2><strong>Jak dlouho ve v\u00e1s my\u0161lenky na konec zr\u00e1<\/strong><strong>ly?<\/strong><\/h2>\n<p>Ur\u010dit\u011b to nebylo ze dne na den, ale n\u011bkolik m\u011bs\u00edc\u016f. D\u00e1val jsem si do skl\u00e1da\u010dky svoje \u017eivotn\u00ed priority a prost\u011b to vy\u0161lo takhle. M\u00e1m n\u011bjak\u00e9 pl\u00e1ny, chci n\u011bco vr\u00e1tit \u010desk\u00e9 cyklistice, ale zat\u00edm bych si to je\u0161t\u011b nechal pro sebe.<\/p>\n<p><a href=\"https:\/\/d2p6e6u75xmxt8.cloudfront.net\/13\/2023\/05\/vojtech-repa-2.webp\"><img loading=\"lazy\" decoding=\"async\" class=\"alignnone wp-image-22377\" src=\"https:\/\/d2p6e6u75xmxt8.cloudfront.net\/13\/2023\/05\/vojtech-repa-2.webp\" alt=\"\" width=\"672\" height=\"682\" srcset=\"https:\/\/d2p6e6u75xmxt8.cloudfront.net\/13\/2023\/05\/vojtech-repa-2.webp 597w, https:\/\/d2p6e6u75xmxt8.cloudfront.net\/13\/2023\/05\/vojtech-repa-2-296x300.webp 296w, https:\/\/d2p6e6u75xmxt8.cloudfront.net\/13\/2023\/05\/vojtech-repa-2-394x400.webp 394w\" sizes=\"auto, (max-width: 672px) 100vw, 672px\" \/><\/a><\/p>\n<h2><strong>Vloni na podzim jste <a href=\"https:\/\/www.welovecycling.com\/cs\/2022\/08\/19\/vojtech-repa-po-sedmi-letech-v-sedle-pojede-vueltu-a-sakra-to-bude-bolet\/\">dokon\u010dil Vueltu<\/a>, byl jste v\u00a0euforii\u2026 A po p\u016fl roce kon\u010d\u00edte kari<\/strong><strong>\u00e9<\/strong><strong>ru.<\/strong><\/h2>\n<p>Je pravda, \u017ee na Vuelt\u011b jsem je\u0161t\u011b ty my\u0161lenky nem\u011bl. Ale stalo se. Jsem moc r\u00e1d, \u017ee jsem tu Grand Tour jel, i kdy\u017e asi jen samotn\u00e1 \u00fa\u010dast nen\u00ed nic, kv\u016fli \u010demu by v\u00e1s ostatn\u00ed pl\u00e1cali po z\u00e1dech. Ale pro m\u011b osobn\u011b to byl jeden ze spln\u011bn\u00fdch sn\u016f. Te\u010f m\u011b jedin\u011b m\u016f\u017ee mrzet, \u017ee jsem se nepod\u00edval na olympi\u00e1du. Ta by m\u011b moc l\u00e1kala.<\/p>\n<h2><strong>Kdy jste sv\u016fj z\u00e1m\u011br skon\u010dit ozn\u00e1<\/strong><strong>mil t<\/strong><strong>\u00fd<\/strong><strong>mu?<\/strong><\/h2>\n<p>Zhruba p\u0159ed m\u011bs\u00edcem na posledn\u00edch z\u00e1vodech v\u00a0Portugalsku. B\u011bhem prvn\u00ed etapy etap\u00e1ku Volta ao Alentejo. Do dal\u0161\u00ed u\u017e jsem nenastoupil. Pot\u00e9 jsme \u0159e\u0161ili, jak a kdy to ozn\u00e1m\u00edme ve\u0159ejnosti.<\/p>\n<h2><strong>Jak\u00e1 byla jejich reakce?<\/strong><\/h2>\n<p>Takov\u00e1 lidsk\u00e1, pochopili to. M\u011bli jsme spolu nadstandardn\u00ed vztahy, nikdy jsem pro n\u011b nebyl jen \u010d\u00edslo. \u0158ekli mi, \u017ee budou r\u00e1di, kdy\u017e budu d\u00e1l spokojen\u00fd a zdrav\u00fd a \u017ee m\u016f\u017eeme b\u00fdt po\u0159\u00e1d kamar\u00e1di, i kdy\u017e u\u017e nebudu jejich z\u00e1vodn\u00edk.<\/p>\n<div class=\"shortcode-ys-post-pinup\"><article class=\"loop-simple post-22273 post type-post status-publish format-standard has-post-thumbnail hentry category-silnicni-cyklistika tag-cyklistika tag-ilicka-tepna tag-jayco-alula tag-kycelni-tepna tag-operace tag-operace-endofibrozy-ilicke-tepny tag-silnicni-cyklistika tag-zdenek-stybar tag-zdravi-a-trenink global-categories-cycling\" data-postid=\"22273\" role=\"article\" data-post-id=\"22273\" data-word-count=\"690\" data-headline-length=\"79\" data-category=\"Silni\u010dn\u00ed cyklistika\" data-global-category=\"Cycling\" data-author=\"Radek Malina\" data-published=\"2023-05-08T21:27:43+02:00\" data-published-day=\"Monday\">\n    <div class=\"entry-thumbnail article-thumbnail\" content=\"https:\/\/d2p6e6u75xmxt8.cloudfront.net\/13\/2023\/05\/profimedia-0760263201-150x150.webp\"><a href=\"https:\/\/www.welovecycling.com\/cs\/2023\/05\/08\/zdenek-stybar-po-operaci-ja-rozhodnu-kdy-je-cas-kolo-povesit-na-hrebik\/\" class=\"image-holder\" target=\"_self\"><img decoding=\"async\" loading=\"lazy\" class=\"\" src=\"https:\/\/d2p6e6u75xmxt8.cloudfront.net\/13\/2023\/05\/profimedia-0760263201-1024x668.webp\" srcset=\"https:\/\/d2p6e6u75xmxt8.cloudfront.net\/13\/2023\/05\/profimedia-0760263201.webp 1800w, https:\/\/d2p6e6u75xmxt8.cloudfront.net\/13\/2023\/05\/profimedia-0760263201-300x196.webp 300w, https:\/\/d2p6e6u75xmxt8.cloudfront.net\/13\/2023\/05\/profimedia-0760263201-1024x668.webp 1024w, https:\/\/d2p6e6u75xmxt8.cloudfront.net\/13\/2023\/05\/profimedia-0760263201-768x501.webp 768w, https:\/\/d2p6e6u75xmxt8.cloudfront.net\/13\/2023\/05\/profimedia-0760263201-1536x1003.webp 1536w, https:\/\/d2p6e6u75xmxt8.cloudfront.net\/13\/2023\/05\/profimedia-0760263201-400x261.webp 400w\" width=\"1024\" height=\"668\" sizes=\"auto, (min-width: 1200px) 306px, (min-width: 768px) 26vw, 100vw\" alt=\"zdenek-stybar-po-operaci-ja-rozhodnu-kdy-je-cas-kolo-povesit-na-hrebik\"\/><\/a><\/div>    <div class=\"entry-meta\">\n        <a class=\"label label-secondary post-category\" href=\"https:\/\/www.welovecycling.com\/cs\/category\/silnicni-cyklistika\/\" title=\"Silni\u010dn\u00ed cyklistika\">Silni\u010dn\u00ed cyklistika<\/a>\n    <\/div>\n    <div class=\"entry-details\">\n        <a href=\"https:\/\/www.welovecycling.com\/cs\/2023\/05\/08\/zdenek-stybar-po-operaci-ja-rozhodnu-kdy-je-cas-kolo-povesit-na-hrebik\/\" class='entry-title-wrapper'>\n            <h3 class=\"entry-title\"><span>Zden\u011bk \u0160tybar po operaci: J\u00e1 rozhodnu, kdy je \u010das kolo pov\u011bsit na h\u0159eb\u00edk<\/span><\/h3>\n        <\/a>\n    <\/div>\n    <\/article>\n<\/div>\n<h2><strong>Va\u0161e nejbli\u017e\u0161\u00ed okol\u00ed odchod z vrcholov\u00e9 cyklistiky rovn\u011b\u017e pochopilo?<\/strong><\/h2>\n<p>Absolutn\u011b, proto\u017ee znaj\u00ed ten hlub\u0161\u00ed kontext. Kdy\u017e jsme to ozn\u00e1mili, dostal jsem spoustu reakc\u00ed. Ani jsem ne\u010dekal, \u017ee to bude m\u00edt takov\u00fd dosah. Z devades\u00e1ti dev\u00edti procent byly ty reakce pozitivn\u00ed, lid\u00e9 mi vyjad\u0159ovali podporu.<\/p>\n<h2><strong>Nebudete si to t\u0159eba za dva roky vy\u010d\u00ed<\/strong><strong>tat?<\/strong><\/h2>\n<p>To te\u010f nedok\u00e1\u017eu \u0159\u00edct, ale nemysl\u00edm si, \u017ee toho budu litovat. Pod\u00edval jsem se zbl\u00edzka do sv\u011bta profesion\u00e1ln\u00ed cyklistiky, jsem za to moc r\u00e1d, ale \u017eivot m\u00e1 n\u011bjak\u00fd v\u00fdvoj a nic se ned\u00e1 pl\u00e1novat. Beru to tak, \u017ee se uzav\u0159ela moje kapitola profesion\u00e1ln\u00edho cyklisty a te\u010f za\u010d\u00edn\u00e1 zase n\u011bjak\u00e1 nov\u00e1 etapa \u017eivota, ve kter\u00e9 bude m\u00edt sv\u00e9 m\u00edsto i sport. Na kole jezd\u00edm po\u0159\u00e1d, chod\u00edm b\u011bhat, do posilovny. Jen u\u017e nejsem profesion\u00e1ln\u00ed z\u00e1vodn\u00edk.<\/p>\n","protected":false},"excerpt":{"rendered":"<p>Splnil si sen. B\u011bhem podzimu Vojt\u011bch \u0158epa v dresu \u0161pan\u011blsk\u00e9 st\u00e1je Equipo Kern Pharma absolvoval premi\u00e9rovou Grand Tour kari\u00e9ry. \u0160pan\u011blskou [&hellip;]<\/p>\n","protected":false},"author":138,"featured_media":11753,"comment_status":"open","ping_status":"open","sticky":false,"template":"","format":"standard","meta":{"footnotes":""},"categories":[10],"tags":[126,1450,1950,9,1448,273],"global-categories":[411],"class_list":["post-22356","post","type-post","status-publish","format-standard","has-post-thumbnail","hentry","category-silnicni-cyklistika","tag-cyklistika","tag-equipo-kern-pharma","tag-konec-kariery","tag-silnicni-cyklistika","tag-vojtech-repa","tag-vuelta","global-categories-cycling"],"yoast_head":"<!-- This site is optimized with the Yoast SEO Premium plugin v25.3 (Yoast SEO v25.9) - https:\/\/yoast.com\/wordpress\/plugins\/seo\/ -->\n<title>Vojt\u011bch \u0158epa o \u0161okuj\u00edc\u00edm konci kari\u00e9ry: Kolo m\u00e1m po\u0159\u00e1d r\u00e1d, ale nemus\u00edm m\u00edt na z\u00e1dech \u010d\u00edslo | \u0160koda We Love Cycling - \u010cesk\u00e1 republika<\/title>\n<meta name=\"description\" content=\"Splnil si sen. B\u011bhem podzimu Vojt\u011bch \u0158epa absolvoval \u0161pan\u011blskou Vueltu. Na ja\u0159e leto\u0161n\u00edho roku \u0161okoval ozn\u00e1men\u00edm o ukon\u010den\u00ed kari\u00e9ry...\" \/>\n<meta name=\"robots\" content=\"index, follow, max-snippet:-1, max-image-preview:large, max-video-preview:-1\" \/>\n<link rel=\"canonical\" href=\"https:\/\/www.welovecycling.com\/cs\/2023\/05\/16\/vojtech-repa-o-sokujicim-konci-kariery-kolo-mam-porad-rad-ale-nemusim-mit-na-zadech-cislo\/\" \/>\n<meta property=\"og:locale\" content=\"cs_CZ\" \/>\n<meta property=\"og:type\" content=\"article\" \/>\n<meta property=\"og:title\" content=\"Vojt\u011bch \u0158epa o \u0161okuj\u00edc\u00edm konci kari\u00e9ry: Kolo m\u00e1m po\u0159\u00e1d r\u00e1d, ale nemus\u00edm m\u00edt na z\u00e1dech \u010d\u00edslo\" \/>\n<meta property=\"og:description\" content=\"Splnil si sen. B\u011bhem podzimu Vojt\u011bch \u0158epa absolvoval \u0161pan\u011blskou Vueltu. Na ja\u0159e leto\u0161n\u00edho roku \u0161okoval ozn\u00e1men\u00edm o ukon\u010den\u00ed kari\u00e9ry...\" \/>\n<meta property=\"og:url\" content=\"https:\/\/www.welovecycling.com\/cs\/2023\/05\/16\/vojtech-repa-o-sokujicim-konci-kariery-kolo-mam-porad-rad-ale-nemusim-mit-na-zadech-cislo\/\" \/>\n<meta property=\"og:site_name\" content=\"\u0160koda We Love Cycling - \u010cesk\u00e1 republika\" \/>\n<meta property=\"article:published_time\" content=\"2023-05-16T12:11:38+00:00\" \/>\n<meta property=\"og:image\" content=\"https:\/\/d2p6e6u75xmxt8.cloudfront.net\/13\/2021\/02\/vojtech-Repa-profimedia-0378019381.webp\" \/>\n\t<meta property=\"og:image:width\" content=\"1800\" \/>\n\t<meta property=\"og:image:height\" content=\"1199\" \/>\n\t<meta property=\"og:image:type\" content=\"image\/webp\" \/>\n<meta name=\"author\" content=\"radekmalina\" \/>\n<meta name=\"twitter:card\" content=\"summary_large_image\" \/>\n<meta name=\"twitter:label1\" content=\"Written by\" \/>\n\t<meta name=\"twitter:data1\" content=\"Radek Malina\" \/>\n\t<meta name=\"twitter:label2\" content=\"Est. reading time\" \/>\n\t<meta name=\"twitter:data2\" content=\"7\" \/>\n<script type=\"application\/ld+json\" class=\"yoast-schema-graph\">{\"@context\":\"https:\/\/schema.org\",\"@graph\":[{\"@type\":\"WebPage\",\"@id\":\"https:\/\/www.welovecycling.com\/cs\/2023\/05\/16\/vojtech-repa-o-sokujicim-konci-kariery-kolo-mam-porad-rad-ale-nemusim-mit-na-zadech-cislo\/\",\"url\":\"https:\/\/www.welovecycling.com\/cs\/2023\/05\/16\/vojtech-repa-o-sokujicim-konci-kariery-kolo-mam-porad-rad-ale-nemusim-mit-na-zadech-cislo\/\",\"name\":\"Vojt\u011bch \u0158epa o \u0161okuj\u00edc\u00edm konci kari\u00e9ry: Kolo m\u00e1m po\u0159\u00e1d r\u00e1d, ale nemus\u00edm m\u00edt na z\u00e1dech \u010d\u00edslo | \u0160koda We Love Cycling - \u010cesk\u00e1 republika\",\"isPartOf\":{\"@id\":\"https:\/\/www.welovecycling.com\/cs\/#website\"},\"primaryImageOfPage\":{\"@id\":\"https:\/\/www.welovecycling.com\/cs\/2023\/05\/16\/vojtech-repa-o-sokujicim-konci-kariery-kolo-mam-porad-rad-ale-nemusim-mit-na-zadech-cislo\/#primaryimage\"},\"image\":{\"@id\":\"https:\/\/www.welovecycling.com\/cs\/2023\/05\/16\/vojtech-repa-o-sokujicim-konci-kariery-kolo-mam-porad-rad-ale-nemusim-mit-na-zadech-cislo\/#primaryimage\"},\"thumbnailUrl\":\"https:\/\/d2p6e6u75xmxt8.cloudfront.net\/13\/2021\/02\/vojtech-Repa-profimedia-0378019381.webp\",\"datePublished\":\"2023-05-16T12:11:38+00:00\",\"author\":{\"@id\":\"https:\/\/www.welovecycling.com\/cs\/#\/schema\/person\/d9eeb0a378f3a7e4a6d12d2b536b04b8\"},\"description\":\"Splnil si sen. B\u011bhem podzimu Vojt\u011bch \u0158epa absolvoval \u0161pan\u011blskou Vueltu. Na ja\u0159e leto\u0161n\u00edho roku \u0161okoval ozn\u00e1men\u00edm o ukon\u010den\u00ed kari\u00e9ry...\",\"inLanguage\":\"cs\",\"potentialAction\":[{\"@type\":\"ReadAction\",\"target\":[\"https:\/\/www.welovecycling.com\/cs\/2023\/05\/16\/vojtech-repa-o-sokujicim-konci-kariery-kolo-mam-porad-rad-ale-nemusim-mit-na-zadech-cislo\/\"]}]},{\"@type\":\"ImageObject\",\"inLanguage\":\"cs\",\"@id\":\"https:\/\/www.welovecycling.com\/cs\/2023\/05\/16\/vojtech-repa-o-sokujicim-konci-kariery-kolo-mam-porad-rad-ale-nemusim-mit-na-zadech-cislo\/#primaryimage\",\"url\":\"https:\/\/d2p6e6u75xmxt8.cloudfront.net\/13\/2021\/02\/vojtech-Repa-profimedia-0378019381.webp\",\"contentUrl\":\"https:\/\/d2p6e6u75xmxt8.cloudfront.net\/13\/2021\/02\/vojtech-Repa-profimedia-0378019381.webp\",\"width\":1800,\"height\":1199},{\"@type\":\"WebSite\",\"@id\":\"https:\/\/www.welovecycling.com\/cs\/#website\",\"url\":\"https:\/\/www.welovecycling.com\/cs\/\",\"name\":\"\u0160koda We Love Cycling - \u010cesk\u00e1 republika\",\"description\":\"WeLoveCycling.cz je online magaz\u00edn, kter\u00fd v\u00e1m pravideln\u011b p\u0159in\u00e1\u0161\u00ed rady a tipy, zaj\u00edmav\u00e9 \u010dl\u00e1nky, videa a jedine\u010dn\u00e9 report\u00e1\u017ee ze sv\u011bta cyklistiky.\",\"potentialAction\":[{\"@type\":\"SearchAction\",\"target\":{\"@type\":\"EntryPoint\",\"urlTemplate\":\"https:\/\/www.welovecycling.com\/cs\/?s={search_term_string}\"},\"query-input\":{\"@type\":\"PropertyValueSpecification\",\"valueRequired\":true,\"valueName\":\"search_term_string\"}}],\"inLanguage\":\"cs\"},{\"@type\":\"Person\",\"@id\":\"https:\/\/www.welovecycling.com\/cs\/#\/schema\/person\/d9eeb0a378f3a7e4a6d12d2b536b04b8\",\"name\":\"radekmalina\",\"image\":{\"@type\":\"ImageObject\",\"inLanguage\":\"cs\",\"@id\":\"https:\/\/www.welovecycling.com\/cs\/#\/schema\/person\/image\/\",\"url\":\"https:\/\/secure.gravatar.com\/avatar\/66994b632cb8c39a46b9f54afa3ae07201b678d32a54275b6f1c9ffec356bfc0?s=96&d=mm&r=g\",\"contentUrl\":\"https:\/\/secure.gravatar.com\/avatar\/66994b632cb8c39a46b9f54afa3ae07201b678d32a54275b6f1c9ffec356bfc0?s=96&d=mm&r=g\",\"caption\":\"radekmalina\"},\"url\":\"https:\/\/www.welovecycling.com\/cs\/author\/radekmalina\/\"}]}<\/script>\n<!-- \/ Yoast SEO Premium plugin. -->","yoast_head_json":{"title":"Vojt\u011bch \u0158epa o \u0161okuj\u00edc\u00edm konci kari\u00e9ry: Kolo m\u00e1m po\u0159\u00e1d r\u00e1d, ale nemus\u00edm m\u00edt na z\u00e1dech \u010d\u00edslo | \u0160koda We Love Cycling - \u010cesk\u00e1 republika","description":"Splnil si sen. B\u011bhem podzimu Vojt\u011bch \u0158epa absolvoval \u0161pan\u011blskou Vueltu. Na ja\u0159e leto\u0161n\u00edho roku \u0161okoval ozn\u00e1men\u00edm o ukon\u010den\u00ed kari\u00e9ry...","robots":{"index":"index","follow":"follow","max-snippet":"max-snippet:-1","max-image-preview":"max-image-preview:large","max-video-preview":"max-video-preview:-1"},"canonical":"https:\/\/www.welovecycling.com\/cs\/2023\/05\/16\/vojtech-repa-o-sokujicim-konci-kariery-kolo-mam-porad-rad-ale-nemusim-mit-na-zadech-cislo\/","og_locale":"cs_CZ","og_type":"article","og_title":"Vojt\u011bch \u0158epa o \u0161okuj\u00edc\u00edm konci kari\u00e9ry: Kolo m\u00e1m po\u0159\u00e1d r\u00e1d, ale nemus\u00edm m\u00edt na z\u00e1dech \u010d\u00edslo","og_description":"Splnil si sen. B\u011bhem podzimu Vojt\u011bch \u0158epa absolvoval \u0161pan\u011blskou Vueltu. Na ja\u0159e leto\u0161n\u00edho roku \u0161okoval ozn\u00e1men\u00edm o ukon\u010den\u00ed kari\u00e9ry...","og_url":"https:\/\/www.welovecycling.com\/cs\/2023\/05\/16\/vojtech-repa-o-sokujicim-konci-kariery-kolo-mam-porad-rad-ale-nemusim-mit-na-zadech-cislo\/","og_site_name":"\u0160koda We Love Cycling - \u010cesk\u00e1 republika","article_published_time":"2023-05-16T12:11:38+00:00","og_image":[{"width":1800,"height":1199,"url":"https:\/\/d2p6e6u75xmxt8.cloudfront.net\/13\/2021\/02\/vojtech-Repa-profimedia-0378019381.webp","type":"image\/webp"}],"author":"radekmalina","twitter_card":"summary_large_image","twitter_misc":{"Written by":"Radek Malina","Est. reading time":"7"},"schema":{"@context":"https:\/\/schema.org","@graph":[{"@type":"WebPage","@id":"https:\/\/www.welovecycling.com\/cs\/2023\/05\/16\/vojtech-repa-o-sokujicim-konci-kariery-kolo-mam-porad-rad-ale-nemusim-mit-na-zadech-cislo\/","url":"https:\/\/www.welovecycling.com\/cs\/2023\/05\/16\/vojtech-repa-o-sokujicim-konci-kariery-kolo-mam-porad-rad-ale-nemusim-mit-na-zadech-cislo\/","name":"Vojt\u011bch \u0158epa o \u0161okuj\u00edc\u00edm konci kari\u00e9ry: Kolo m\u00e1m po\u0159\u00e1d r\u00e1d, ale nemus\u00edm m\u00edt na z\u00e1dech \u010d\u00edslo | \u0160koda We Love Cycling - \u010cesk\u00e1 republika","isPartOf":{"@id":"https:\/\/www.welovecycling.com\/cs\/#website"},"primaryImageOfPage":{"@id":"https:\/\/www.welovecycling.com\/cs\/2023\/05\/16\/vojtech-repa-o-sokujicim-konci-kariery-kolo-mam-porad-rad-ale-nemusim-mit-na-zadech-cislo\/#primaryimage"},"image":{"@id":"https:\/\/www.welovecycling.com\/cs\/2023\/05\/16\/vojtech-repa-o-sokujicim-konci-kariery-kolo-mam-porad-rad-ale-nemusim-mit-na-zadech-cislo\/#primaryimage"},"thumbnailUrl":"https:\/\/d2p6e6u75xmxt8.cloudfront.net\/13\/2021\/02\/vojtech-Repa-profimedia-0378019381.webp","datePublished":"2023-05-16T12:11:38+00:00","author":{"@id":"https:\/\/www.welovecycling.com\/cs\/#\/schema\/person\/d9eeb0a378f3a7e4a6d12d2b536b04b8"},"description":"Splnil si sen. B\u011bhem podzimu Vojt\u011bch \u0158epa absolvoval \u0161pan\u011blskou Vueltu. Na ja\u0159e leto\u0161n\u00edho roku \u0161okoval ozn\u00e1men\u00edm o ukon\u010den\u00ed kari\u00e9ry...","inLanguage":"cs","potentialAction":[{"@type":"ReadAction","target":["https:\/\/www.welovecycling.com\/cs\/2023\/05\/16\/vojtech-repa-o-sokujicim-konci-kariery-kolo-mam-porad-rad-ale-nemusim-mit-na-zadech-cislo\/"]}]},{"@type":"ImageObject","inLanguage":"cs","@id":"https:\/\/www.welovecycling.com\/cs\/2023\/05\/16\/vojtech-repa-o-sokujicim-konci-kariery-kolo-mam-porad-rad-ale-nemusim-mit-na-zadech-cislo\/#primaryimage","url":"https:\/\/d2p6e6u75xmxt8.cloudfront.net\/13\/2021\/02\/vojtech-Repa-profimedia-0378019381.webp","contentUrl":"https:\/\/d2p6e6u75xmxt8.cloudfront.net\/13\/2021\/02\/vojtech-Repa-profimedia-0378019381.webp","width":1800,"height":1199},{"@type":"WebSite","@id":"https:\/\/www.welovecycling.com\/cs\/#website","url":"https:\/\/www.welovecycling.com\/cs\/","name":"\u0160koda We Love Cycling - \u010cesk\u00e1 republika","description":"WeLoveCycling.cz je online magaz\u00edn, kter\u00fd v\u00e1m pravideln\u011b p\u0159in\u00e1\u0161\u00ed rady a tipy, zaj\u00edmav\u00e9 \u010dl\u00e1nky, videa a jedine\u010dn\u00e9 report\u00e1\u017ee ze sv\u011bta cyklistiky.","potentialAction":[{"@type":"SearchAction","target":{"@type":"EntryPoint","urlTemplate":"https:\/\/www.welovecycling.com\/cs\/?s={search_term_string}"},"query-input":{"@type":"PropertyValueSpecification","valueRequired":true,"valueName":"search_term_string"}}],"inLanguage":"cs"},{"@type":"Person","@id":"https:\/\/www.welovecycling.com\/cs\/#\/schema\/person\/d9eeb0a378f3a7e4a6d12d2b536b04b8","name":"radekmalina","image":{"@type":"ImageObject","inLanguage":"cs","@id":"https:\/\/www.welovecycling.com\/cs\/#\/schema\/person\/image\/","url":"https:\/\/secure.gravatar.com\/avatar\/66994b632cb8c39a46b9f54afa3ae07201b678d32a54275b6f1c9ffec356bfc0?s=96&d=mm&r=g","contentUrl":"https:\/\/secure.gravatar.com\/avatar\/66994b632cb8c39a46b9f54afa3ae07201b678d32a54275b6f1c9ffec356bfc0?s=96&d=mm&r=g","caption":"radekmalina"},"url":"https:\/\/www.welovecycling.com\/cs\/author\/radekmalina\/"}]}},"_links":{"self":[{"href":"https:\/\/www.welovecycling.com\/cs\/wp-json\/wp\/v2\/posts\/22356","targetHints":{"allow":["GET"]}}],"collection":[{"href":"https:\/\/www.welovecycling.com\/cs\/wp-json\/wp\/v2\/posts"}],"about":[{"href":"https:\/\/www.welovecycling.com\/cs\/wp-json\/wp\/v2\/types\/post"}],"author":[{"embeddable":true,"href":"https:\/\/www.welovecycling.com\/cs\/wp-json\/wp\/v2\/users\/138"}],"replies":[{"embeddable":true,"href":"https:\/\/www.welovecycling.com\/cs\/wp-json\/wp\/v2\/comments?post=22356"}],"version-history":[{"count":4,"href":"https:\/\/www.welovecycling.com\/cs\/wp-json\/wp\/v2\/posts\/22356\/revisions"}],"predecessor-version":[{"id":22381,"href":"https:\/\/www.welovecycling.com\/cs\/wp-json\/wp\/v2\/posts\/22356\/revisions\/22381"}],"wp:featuredmedia":[{"embeddable":true,"href":"https:\/\/www.welovecycling.com\/cs\/wp-json\/wp\/v2\/media\/11753"}],"wp:attachment":[{"href":"https:\/\/www.welovecycling.com\/cs\/wp-json\/wp\/v2\/media?parent=22356"}],"wp:term":[{"taxonomy":"category","embeddable":true,"href":"https:\/\/www.welovecycling.com\/cs\/wp-json\/wp\/v2\/categories?post=22356"},{"taxonomy":"post_tag","embeddable":true,"href":"https:\/\/www.welovecycling.com\/cs\/wp-json\/wp\/v2\/tags?post=22356"},{"taxonomy":"global-categories","embeddable":true,"href":"https:\/\/www.welovecycling.com\/cs\/wp-json\/wp\/v2\/global-categories?post=22356"}],"curies":[{"name":"wp","href":"https:\/\/api.w.org\/{rel}","templated":true}]}}