{"id":2235,"date":"2019-05-30T08:56:51","date_gmt":"2019-05-30T07:56:51","guid":{"rendered":"https:\/\/www.welovecycling.com\/cs\/?p=2235"},"modified":"2019-05-31T12:57:46","modified_gmt":"2019-05-31T11:57:46","slug":"kola-ktera-si-asi-nikdy-neporidite","status":"publish","type":"post","link":"https:\/\/www.welovecycling.com\/cs\/2019\/05\/30\/kola-ktera-si-asi-nikdy-neporidite\/","title":{"rendered":"Kola, kter\u00e1 si asi nikdy nepo\u0159\u00edd\u00edte"},"content":{"rendered":"<p><strong>\u0158ekn\u011bme, \u017ee jste v\u00e1\u0161niv\u00fd cyklista, opravdov\u00fd nad\u0161enec, a najednou potk\u00e1te opravdov\u00e9ho D\u017eina, kter\u00fd v\u00e1m umo\u017en\u00ed splnit i ta nejodv\u00e1\u017en\u011bj\u0161\u00ed p\u0159\u00e1n\u00ed. \u0158eknete D\u017einovi, \u017ee cel\u00fd \u017eivot tou\u017e\u00edte po kole vyzdoben\u00e9m opravdov\u00fdmi mot\u00fdl\u00edmi k\u0159\u00eddly od sou\u010dasn\u00e9ho britsk\u00e9ho um\u011blce Damiena Hirsta. Ano, to kolo, kter\u00e9 Lance Armstrong pou\u017eil i na Tour de France.<\/strong><!--more--><\/p>\n<p>Pokud by k\u00a0tomuto opravdu do\u0161lo, je v\u00edce ne\u017e pravd\u011bpodobn\u00e9, \u017ee D\u017einova odpov\u011b\u010f bude zn\u00edt n\u011bjak takhle: <em>\u201ePromi\u0148, to fakt ned\u00e1m, je to hrozn\u011b drah\u00fd. Zkus n\u011bco jin\u00e9ho.\u201c <\/em><\/p>\n<p>D\u016fvod, pro\u010d v\u00e1m D\u017ein nebude moci vyhov\u011bt, se jmenuje Trek Butterfly Madone, respektive jeho cena. Nejdra\u017e\u0161\u00ed kolo na sv\u011bt\u011b bylo v\u00a0auk\u010dn\u00ed s\u00edni Sotheby\u2019s p\u0159i benefi\u010dn\u00ed aukci pro v\u00fdzkum rakoviny vydra\u017eeno za 500\u00a0000 $, co\u017e je p\u0159i dne\u0161n\u00edm kurzu n\u011bco p\u0159es 11,5 milionu K\u010d.<\/p>\n<figure id=\"attachment_2236\" aria-describedby=\"caption-attachment-2236\" style=\"width: 1200px\" class=\"wp-caption alignnone\"><a href=\"https:\/\/d2p6e6u75xmxt8.cloudfront.net\/13\/2019\/05\/trek-butterfly-madone-1200x1200.jpg\"><img loading=\"lazy\" decoding=\"async\" class=\"wp-image-2236 size-full\" src=\"https:\/\/d2p6e6u75xmxt8.cloudfront.net\/13\/2019\/05\/trek-butterfly-madone-1200x1200.jpg\" alt=\"\" width=\"1200\" height=\"1200\" \/><\/a><figcaption id=\"caption-attachment-2236\" class=\"wp-caption-text\">Trek Butterfly Madone<\/figcaption><\/figure>\n<p>Nen\u00ed zn\u00e1mo, zda p\u0159izn\u00e1n\u00ed Lance o pou\u017e\u00edv\u00e1n\u00ed zak\u00e1zan\u00fdch l\u00e1tek b\u011bhem Tour \u010di anulov\u00e1n\u00ed jeho sedmi v\u00edt\u011bzstv\u00ed n\u011bjak ovlivnilo cenu kola. Na kole polepen\u00e9m mot\u00fdl\u00edmi k\u0159\u00eddly si dojel pro t\u0159et\u00ed m\u00edsto na nejslavn\u011bj\u0161\u00edm z\u00e1vod\u011b v\u00a0roce 2009. Toto kole je ale spojeno i s\u00a0negativn\u00ed popularitou. V\u00fdzdoba kola mot\u00fdl\u00edmi k\u0159\u00eddly, kterou Damian Hirst zvolil na oslavu Armstrongova n\u00e1vratu k\u00a0cyklistice po jeho \u00fasp\u011b\u0161n\u00e9m boji s\u00a0rakovinou, toti\u017e roz\u010d\u00edlila americkou organizaci bojuj\u00edc\u00ed za ochranu zv\u00ed\u0159at PETA (People for the Ethical Treatment of Animals). Damianovo um\u011bn\u00ed ozna\u010dila za barbarsk\u00fd \u010din. T\u011b\u017eko \u0159\u00edct, jestli Damian tyto st\u00ed\u017enosti n\u011bjak reflektoval, vzhledem k\u00a0jeho nov\u011bj\u0161\u00edm a zn\u00e1m\u011bj\u0161\u00edm instalac\u00edm.<\/p>\n<p>Armstrong a um\u011bn\u00ed jsou spojeny i s\u00a0druh\u00fdm nejdra\u017e\u0161\u00edm kolem. Kolo, pojmenovan\u00e9 po japonsk\u00e9m um\u011blci, bylo vydra\u017eeno b\u011bhem dal\u0161\u00ed charitativn\u00ed aukce v\u00a0Sotheby\u2019s za 200\u00a0000 $. Kolo Trek Yoshimoto Nara je dopln\u011bno o kresby komiksov\u00fdch postavi\u010dek d\u011bt\u00ed s\u00a0boxersk\u00fdmi rukavicemi nebo l\u00e9taj\u00edc\u00edm tal\u00ed\u0159em UFO. Na kole najdeme i n\u00e1pis Livestrong, co\u017e je neziskov\u00e1 organizace poskytuj\u00edc\u00ed podporu lidem s\u00a0rakovinou, kterou zalo\u017eil a d\u0159\u00edve vlastnil pr\u00e1v\u011b Lance Armstrong.<\/p>\n<figure id=\"attachment_2237\" aria-describedby=\"caption-attachment-2237\" style=\"width: 506px\" class=\"wp-caption alignnone\"><a href=\"https:\/\/d2p6e6u75xmxt8.cloudfront.net\/13\/2019\/05\/Trek-Yoshitomo-Nara-Speed-Concept-1.png\"><img loading=\"lazy\" decoding=\"async\" class=\"wp-image-2237 size-full\" src=\"https:\/\/d2p6e6u75xmxt8.cloudfront.net\/13\/2019\/05\/Trek-Yoshitomo-Nara-Speed-Concept-1.png\" alt=\"\" width=\"506\" height=\"330\" \/><\/a><figcaption id=\"caption-attachment-2237\" class=\"wp-caption-text\">The Trek Yoshimoto Nara<\/figcaption><\/figure>\n<p>Armstrong jel na tomto kole jednu etapu na Tour. Ve stejn\u00e9 aukci v Sotheby\u2019s bylo vydra\u017eeno i n\u011bkolik dal\u0161\u00edch kol, kter\u00e1 byla vyrobena ve spolupr\u00e1ci se sv\u011btov\u00fdmi um\u011blci a na nich\u017e Lance jel ty nejv\u011bt\u0161\u00ed z\u00e1vody sv\u011bta. Dohromady byla vydra\u017eena kola za v\u00edce ne\u017e 800\u00a0000 $.<\/p>\n<p>160\u00a0000 $ je cena t\u0159et\u00edho nejdra\u017e\u0161\u00edho kola na sv\u011bt\u011b, kter\u00e9 je op\u011bt spojeno s\u00a0Armstrongem, um\u011bn\u00edm a auk\u010dn\u00ed s\u00edn\u00ed Sotheby\u2019s. Kolo The Kaws -Trek Madone slou\u017eilo Lancemu ke ka\u017edodenn\u00edm tr\u00e9nink\u016fm. Kolo m\u00e1 skv\u011blou aerodynamiku a je vybaveno zcela jedine\u010dn\u00fdmi komponenty a dopl\u0148ky. Kaws, slavn\u00fd americk\u00fd um\u011blec, kolo vyzdobil sv\u00fdm zn\u00e1m\u00fdm a jedine\u010dn\u00fdm vyobrazen\u00edm zub\u016f \u2013 najdeme je na r\u00e1mu i na kolech.<\/p>\n<figure id=\"attachment_2238\" aria-describedby=\"caption-attachment-2238\" style=\"width: 620px\" class=\"wp-caption alignnone\"><a href=\"https:\/\/d2p6e6u75xmxt8.cloudfront.net\/13\/2019\/05\/lance-armstrong-kaws-trek-road-bike.jpg\"><img loading=\"lazy\" decoding=\"async\" class=\"wp-image-2238 size-full\" src=\"https:\/\/d2p6e6u75xmxt8.cloudfront.net\/13\/2019\/05\/lance-armstrong-kaws-trek-road-bike.jpg\" alt=\"\" width=\"620\" height=\"375\" \/><\/a><figcaption id=\"caption-attachment-2238\" class=\"wp-caption-text\">The Kaws \u2013 Trek Madone<\/figcaption><\/figure>\n<p>\u010ctvrt\u00e9 nejdra\u017e\u0161\u00ed kolo nem\u00e1 nic spole\u010dn\u00e9ho ani s\u00a0aukcemi, ani s\u00a0Lancem Armstrongem. R\u00e1m, kola i ostatn\u00ed komponenty jsou pokryty 24kar\u00e1tov\u00fdm zlatem, sedlo a gripy jsou z\u00a0pr\u00e9miov\u00e9 k\u016f\u017ee a na kole najdeme i krystaly Swarovski. Kolo je od francouzsk\u00e9 zna\u010dky Aurumania a na sv\u011bt\u011b je takov\u00fdch kol jen sedm. Ka\u017ed\u00e9 m\u00e1 sv\u00e9 unik\u00e1tn\u00ed \u010d\u00edslo na mal\u00e9m ko\u017een\u00e9m \u0161t\u00edtku na hlavov\u00e9 trubce.<\/p>\n<p>Za cenu 114\u00a0000 $ m\u016f\u017ee b\u00fdt va\u0161e, a pokud byste nov\u00e9ho mazl\u00edka nem\u011bli kam zaparkovat, m\u00e1te \u0161t\u011bst\u00ed. Aurumania toti\u017e za 6\u00a0000 $ nab\u00edz\u00ed i odpov\u00eddaj\u00edc\u00ed zlat\u00fd dr\u017e\u00e1k na ze\u010f.<\/p>\n<figure id=\"attachment_2239\" aria-describedby=\"caption-attachment-2239\" style=\"width: 1140px\" class=\"wp-caption alignnone\"><a href=\"https:\/\/d2p6e6u75xmxt8.cloudfront.net\/13\/2019\/05\/aurumania-bike-1.jpg\"><img loading=\"lazy\" decoding=\"async\" class=\"wp-image-2239 size-full\" src=\"https:\/\/d2p6e6u75xmxt8.cloudfront.net\/13\/2019\/05\/aurumania-bike-1.jpg\" alt=\"\" width=\"1140\" height=\"713\" \/><\/a><figcaption id=\"caption-attachment-2239\" class=\"wp-caption-text\">Aurumania Crystal Edition Gold<\/figcaption><\/figure>\n<p>Posledn\u00ed, p\u00e1t\u00e9 kolo je op\u011bt spojeno s\u00a0Lancem. Na tomto kole jel Tour de France v\u00a0roce 2005 p\u0159i sv\u00e9m sedm\u00e9m a posledn\u00edm v\u00edt\u011bzstv\u00ed. Kolo, kter\u00e9 na prvn\u00ed pohled vypad\u00e1 docela oby\u010dejn\u011b, zdob\u00ed diamanty zasazen\u00e9 v\u00a0pl\u00e1tc\u00edch 14kar\u00e1tov\u00e9ho \u017elut\u00e9ho i b\u00edl\u00e9ho zlata. Diamant\u016f je sedm a jedn\u00e1 se o jednokar\u00e1tov\u00e9 diamanty Genesis.<\/p>\n<figure id=\"attachment_2240\" aria-describedby=\"caption-attachment-2240\" style=\"width: 600px\" class=\"wp-caption alignnone\"><a href=\"https:\/\/d2p6e6u75xmxt8.cloudfront.net\/13\/2019\/05\/madone.jpg\"><img loading=\"lazy\" decoding=\"async\" class=\"wp-image-2240 size-full\" src=\"https:\/\/d2p6e6u75xmxt8.cloudfront.net\/13\/2019\/05\/madone.jpg\" alt=\"\" width=\"600\" height=\"428\" \/><\/a><figcaption id=\"caption-attachment-2240\" class=\"wp-caption-text\">Trek Madone 7 &#8211; Diamond<\/figcaption><\/figure>\n<p>P\u0159edstavte si, \u017ee jedno z\u00a0t\u011bchto neuv\u011b\u0159iteln\u011b drah\u00fdch kol m\u00e1te doma. Kde byste na n\u011bm jezdili? Doma v\u00a0ob\u00fdv\u00e1ku nebo v\u00a0gar\u00e1\u017ei? Ale pokud si m\u016f\u017eete dovolit takov\u00e9 kolo, je pravd\u011bpodobn\u00e9, \u017ee byste si k\u00a0n\u011bmu mohli nechat postavit vlastn\u00ed soukrom\u00fd park s\u00a0hedv\u00e1bn\u011b hladk\u00fdmi silnicemi a chodn\u00ed\u010dky, kde by se kolu nic nestalo.<\/p>\n","protected":false},"excerpt":{"rendered":"<p>\u0158ekn\u011bme, \u017ee jste v\u00e1\u0161niv\u00fd cyklista, opravdov\u00fd nad\u0161enec, a najednou potk\u00e1te opravdov\u00e9ho D\u017eina, kter\u00fd v\u00e1m umo\u017en\u00ed splnit i ta nejodv\u00e1\u017en\u011bj\u0161\u00ed p\u0159\u00e1n\u00ed. [&hellip;]<\/p>\n","protected":false},"author":95,"featured_media":2242,"comment_status":"open","ping_status":"open","sticky":false,"template":"","format":"standard","meta":{"footnotes":""},"categories":[15],"tags":[242,241],"global-categories":[],"class_list":["post-2235","post","type-post","status-publish","format-standard","has-post-thumbnail","hentry","category-rady-tipy","tag-lance-armstrong","tag-nejdrazsi-kolo"],"yoast_head":"<!-- This site is optimized with the Yoast SEO Premium plugin v25.3 (Yoast SEO v25.9) - https:\/\/yoast.com\/wordpress\/plugins\/seo\/ -->\n<title>Kola, kter\u00e1 si asi nikdy nepo\u0159\u00edd\u00edte | \u0160koda We Love Cycling - \u010cesk\u00e1 republika<\/title>\n<meta name=\"robots\" content=\"index, follow, max-snippet:-1, max-image-preview:large, max-video-preview:-1\" \/>\n<link rel=\"canonical\" href=\"https:\/\/www.welovecycling.com\/cs\/2019\/05\/30\/kola-ktera-si-asi-nikdy-neporidite\/\" \/>\n<meta property=\"og:locale\" content=\"cs_CZ\" \/>\n<meta property=\"og:type\" content=\"article\" \/>\n<meta property=\"og:title\" content=\"Kola, kter\u00e1 si asi nikdy nepo\u0159\u00edd\u00edte\" \/>\n<meta property=\"og:description\" content=\"\u0158ekn\u011bme, \u017ee jste v\u00e1\u0161niv\u00fd cyklista, opravdov\u00fd nad\u0161enec, a najednou potk\u00e1te opravdov\u00e9ho D\u017eina, kter\u00fd v\u00e1m umo\u017en\u00ed splnit i ta nejodv\u00e1\u017en\u011bj\u0161\u00ed p\u0159\u00e1n\u00ed. [&hellip;]\" \/>\n<meta property=\"og:url\" content=\"https:\/\/www.welovecycling.com\/cs\/2019\/05\/30\/kola-ktera-si-asi-nikdy-neporidite\/\" \/>\n<meta property=\"og:site_name\" content=\"\u0160koda We Love Cycling - \u010cesk\u00e1 republika\" \/>\n<meta property=\"article:published_time\" content=\"2019-05-30T07:56:51+00:00\" \/>\n<meta property=\"article:modified_time\" content=\"2019-05-31T11:57:46+00:00\" \/>\n<meta property=\"og:image\" content=\"https:\/\/d2p6e6u75xmxt8.cloudfront.net\/13\/2019\/05\/Trek-madone-CVR-profimedia-0039951696.webp\" \/>\n\t<meta property=\"og:image:width\" content=\"1366\" \/>\n\t<meta property=\"og:image:height\" content=\"600\" \/>\n\t<meta property=\"og:image:type\" content=\"image\/webp\" \/>\n<meta name=\"twitter:card\" content=\"summary_large_image\" \/>\n<meta name=\"twitter:label1\" content=\"Written by\" \/>\n\t<meta name=\"twitter:data1\" content=\"Siegfried Mortkowitz\" \/>\n\t<meta name=\"twitter:label2\" content=\"Est. reading time\" \/>\n\t<meta name=\"twitter:data2\" content=\"5\" \/>\n<script type=\"application\/ld+json\" class=\"yoast-schema-graph\">{\"@context\":\"https:\/\/schema.org\",\"@graph\":[{\"@type\":\"WebPage\",\"@id\":\"https:\/\/www.welovecycling.com\/cs\/2019\/05\/30\/kola-ktera-si-asi-nikdy-neporidite\/\",\"url\":\"https:\/\/www.welovecycling.com\/cs\/2019\/05\/30\/kola-ktera-si-asi-nikdy-neporidite\/\",\"name\":\"Kola, kter\u00e1 si asi nikdy nepo\u0159\u00edd\u00edte | \u0160koda We Love Cycling - \u010cesk\u00e1 republika\",\"isPartOf\":{\"@id\":\"https:\/\/www.welovecycling.com\/cs\/#website\"},\"primaryImageOfPage\":{\"@id\":\"https:\/\/www.welovecycling.com\/cs\/2019\/05\/30\/kola-ktera-si-asi-nikdy-neporidite\/#primaryimage\"},\"image\":{\"@id\":\"https:\/\/www.welovecycling.com\/cs\/2019\/05\/30\/kola-ktera-si-asi-nikdy-neporidite\/#primaryimage\"},\"thumbnailUrl\":\"https:\/\/d2p6e6u75xmxt8.cloudfront.net\/13\/2019\/05\/Trek-madone-CVR-profimedia-0039951696.webp\",\"datePublished\":\"2019-05-30T07:56:51+00:00\",\"dateModified\":\"2019-05-31T11:57:46+00:00\",\"author\":{\"@id\":\"\"},\"inLanguage\":\"cs\",\"potentialAction\":[{\"@type\":\"ReadAction\",\"target\":[\"https:\/\/www.welovecycling.com\/cs\/2019\/05\/30\/kola-ktera-si-asi-nikdy-neporidite\/\"]}]},{\"@type\":\"ImageObject\",\"inLanguage\":\"cs\",\"@id\":\"https:\/\/www.welovecycling.com\/cs\/2019\/05\/30\/kola-ktera-si-asi-nikdy-neporidite\/#primaryimage\",\"url\":\"https:\/\/d2p6e6u75xmxt8.cloudfront.net\/13\/2019\/05\/Trek-madone-CVR-profimedia-0039951696.webp\",\"contentUrl\":\"https:\/\/d2p6e6u75xmxt8.cloudfront.net\/13\/2019\/05\/Trek-madone-CVR-profimedia-0039951696.webp\",\"width\":1366,\"height\":600},{\"@type\":\"WebSite\",\"@id\":\"https:\/\/www.welovecycling.com\/cs\/#website\",\"url\":\"https:\/\/www.welovecycling.com\/cs\/\",\"name\":\"\u0160koda We Love Cycling - \u010cesk\u00e1 republika\",\"description\":\"WeLoveCycling.cz je online magaz\u00edn, kter\u00fd v\u00e1m pravideln\u011b p\u0159in\u00e1\u0161\u00ed rady a tipy, zaj\u00edmav\u00e9 \u010dl\u00e1nky, videa a jedine\u010dn\u00e9 report\u00e1\u017ee ze sv\u011bta cyklistiky.\",\"potentialAction\":[{\"@type\":\"SearchAction\",\"target\":{\"@type\":\"EntryPoint\",\"urlTemplate\":\"https:\/\/www.welovecycling.com\/cs\/?s={search_term_string}\"},\"query-input\":{\"@type\":\"PropertyValueSpecification\",\"valueRequired\":true,\"valueName\":\"search_term_string\"}}],\"inLanguage\":\"cs\"},{\"@type\":\"Person\",\"@id\":\"\",\"url\":\"https:\/\/www.welovecycling.com\/cs\/author\/\"}]}<\/script>\n<!-- \/ Yoast SEO Premium plugin. -->","yoast_head_json":{"title":"Kola, kter\u00e1 si asi nikdy nepo\u0159\u00edd\u00edte | \u0160koda We Love Cycling - \u010cesk\u00e1 republika","robots":{"index":"index","follow":"follow","max-snippet":"max-snippet:-1","max-image-preview":"max-image-preview:large","max-video-preview":"max-video-preview:-1"},"canonical":"https:\/\/www.welovecycling.com\/cs\/2019\/05\/30\/kola-ktera-si-asi-nikdy-neporidite\/","og_locale":"cs_CZ","og_type":"article","og_title":"Kola, kter\u00e1 si asi nikdy nepo\u0159\u00edd\u00edte","og_description":"\u0158ekn\u011bme, \u017ee jste v\u00e1\u0161niv\u00fd cyklista, opravdov\u00fd nad\u0161enec, a najednou potk\u00e1te opravdov\u00e9ho D\u017eina, kter\u00fd v\u00e1m umo\u017en\u00ed splnit i ta nejodv\u00e1\u017en\u011bj\u0161\u00ed p\u0159\u00e1n\u00ed. [&hellip;]","og_url":"https:\/\/www.welovecycling.com\/cs\/2019\/05\/30\/kola-ktera-si-asi-nikdy-neporidite\/","og_site_name":"\u0160koda We Love Cycling - \u010cesk\u00e1 republika","article_published_time":"2019-05-30T07:56:51+00:00","article_modified_time":"2019-05-31T11:57:46+00:00","og_image":[{"width":1366,"height":600,"url":"https:\/\/d2p6e6u75xmxt8.cloudfront.net\/13\/2019\/05\/Trek-madone-CVR-profimedia-0039951696.webp","type":"image\/webp"}],"twitter_card":"summary_large_image","twitter_misc":{"Written by":"Siegfried Mortkowitz","Est. reading time":"5"},"schema":{"@context":"https:\/\/schema.org","@graph":[{"@type":"WebPage","@id":"https:\/\/www.welovecycling.com\/cs\/2019\/05\/30\/kola-ktera-si-asi-nikdy-neporidite\/","url":"https:\/\/www.welovecycling.com\/cs\/2019\/05\/30\/kola-ktera-si-asi-nikdy-neporidite\/","name":"Kola, kter\u00e1 si asi nikdy nepo\u0159\u00edd\u00edte | \u0160koda We Love Cycling - \u010cesk\u00e1 republika","isPartOf":{"@id":"https:\/\/www.welovecycling.com\/cs\/#website"},"primaryImageOfPage":{"@id":"https:\/\/www.welovecycling.com\/cs\/2019\/05\/30\/kola-ktera-si-asi-nikdy-neporidite\/#primaryimage"},"image":{"@id":"https:\/\/www.welovecycling.com\/cs\/2019\/05\/30\/kola-ktera-si-asi-nikdy-neporidite\/#primaryimage"},"thumbnailUrl":"https:\/\/d2p6e6u75xmxt8.cloudfront.net\/13\/2019\/05\/Trek-madone-CVR-profimedia-0039951696.webp","datePublished":"2019-05-30T07:56:51+00:00","dateModified":"2019-05-31T11:57:46+00:00","author":{"@id":""},"inLanguage":"cs","potentialAction":[{"@type":"ReadAction","target":["https:\/\/www.welovecycling.com\/cs\/2019\/05\/30\/kola-ktera-si-asi-nikdy-neporidite\/"]}]},{"@type":"ImageObject","inLanguage":"cs","@id":"https:\/\/www.welovecycling.com\/cs\/2019\/05\/30\/kola-ktera-si-asi-nikdy-neporidite\/#primaryimage","url":"https:\/\/d2p6e6u75xmxt8.cloudfront.net\/13\/2019\/05\/Trek-madone-CVR-profimedia-0039951696.webp","contentUrl":"https:\/\/d2p6e6u75xmxt8.cloudfront.net\/13\/2019\/05\/Trek-madone-CVR-profimedia-0039951696.webp","width":1366,"height":600},{"@type":"WebSite","@id":"https:\/\/www.welovecycling.com\/cs\/#website","url":"https:\/\/www.welovecycling.com\/cs\/","name":"\u0160koda We Love Cycling - \u010cesk\u00e1 republika","description":"WeLoveCycling.cz je online magaz\u00edn, kter\u00fd v\u00e1m pravideln\u011b p\u0159in\u00e1\u0161\u00ed rady a tipy, zaj\u00edmav\u00e9 \u010dl\u00e1nky, videa a jedine\u010dn\u00e9 report\u00e1\u017ee ze sv\u011bta cyklistiky.","potentialAction":[{"@type":"SearchAction","target":{"@type":"EntryPoint","urlTemplate":"https:\/\/www.welovecycling.com\/cs\/?s={search_term_string}"},"query-input":{"@type":"PropertyValueSpecification","valueRequired":true,"valueName":"search_term_string"}}],"inLanguage":"cs"},{"@type":"Person","@id":"","url":"https:\/\/www.welovecycling.com\/cs\/author\/"}]}},"_links":{"self":[{"href":"https:\/\/www.welovecycling.com\/cs\/wp-json\/wp\/v2\/posts\/2235","targetHints":{"allow":["GET"]}}],"collection":[{"href":"https:\/\/www.welovecycling.com\/cs\/wp-json\/wp\/v2\/posts"}],"about":[{"href":"https:\/\/www.welovecycling.com\/cs\/wp-json\/wp\/v2\/types\/post"}],"author":[{"embeddable":true,"href":"https:\/\/www.welovecycling.com\/cs\/wp-json\/wp\/v2\/users\/95"}],"replies":[{"embeddable":true,"href":"https:\/\/www.welovecycling.com\/cs\/wp-json\/wp\/v2\/comments?post=2235"}],"version-history":[{"count":2,"href":"https:\/\/www.welovecycling.com\/cs\/wp-json\/wp\/v2\/posts\/2235\/revisions"}],"predecessor-version":[{"id":2273,"href":"https:\/\/www.welovecycling.com\/cs\/wp-json\/wp\/v2\/posts\/2235\/revisions\/2273"}],"wp:featuredmedia":[{"embeddable":true,"href":"https:\/\/www.welovecycling.com\/cs\/wp-json\/wp\/v2\/media\/2242"}],"wp:attachment":[{"href":"https:\/\/www.welovecycling.com\/cs\/wp-json\/wp\/v2\/media?parent=2235"}],"wp:term":[{"taxonomy":"category","embeddable":true,"href":"https:\/\/www.welovecycling.com\/cs\/wp-json\/wp\/v2\/categories?post=2235"},{"taxonomy":"post_tag","embeddable":true,"href":"https:\/\/www.welovecycling.com\/cs\/wp-json\/wp\/v2\/tags?post=2235"},{"taxonomy":"global-categories","embeddable":true,"href":"https:\/\/www.welovecycling.com\/cs\/wp-json\/wp\/v2\/global-categories?post=2235"}],"curies":[{"name":"wp","href":"https:\/\/api.w.org\/{rel}","templated":true}]}}