{"id":2231,"date":"2019-05-29T11:16:31","date_gmt":"2019-05-29T10:16:31","guid":{"rendered":"https:\/\/www.welovecycling.com\/cs\/?p=2231"},"modified":"2019-05-29T08:32:40","modified_gmt":"2019-05-29T07:32:40","slug":"deti-na-kole-dil-treti-vyber-vhodneho-kola","status":"publish","type":"post","link":"https:\/\/www.welovecycling.com\/cs\/2019\/05\/29\/deti-na-kole-dil-treti-vyber-vhodneho-kola\/","title":{"rendered":"D\u011bti na kole.  D\u00edl t\u0159et\u00ed: v\u00fdb\u011br vhodn\u00e9ho kola"},"content":{"rendered":"<p><strong>V\u00a0minul\u00fdch dvou d\u00edlech u\u017e n\u011bjak\u00e9 rady ohledn\u011b\u00a0v\u00fdb\u011bru odr\u00e1\u017eedla a kola zazn\u011bly, ale poj\u010fme se na celou problematiku pod\u00edvat bl\u00ed\u017ee. Kdy po\u0159\u00eddit jak\u00fd typ kola, na jak\u00e1 \u00faskal\u00ed si d\u00e1t pozor a jak\u00e1 pravidla p\u0159i n\u00e1kupu dodr\u017eet? N\u00e1\u0161 seri\u00e1l v\u00e1m poskytne rady, tipy a n\u00e1pady, jak m\u016f\u017eete sv\u00e9ho potomka co nejl\u00e9pe uv\u00e9st v\u00a0cyklo\u017eivot.<\/strong><\/p>\n<p><!--more--><\/p>\n<p>Rozd\u00edl mezi odstrkovadlem a odr\u00e1\u017eedlem je v\u00a0po\u010dtu kol. Odstrkovadlo je v\u011bt\u0161inou dvoustop\u00e9, na rozd\u00edl od odr\u00e1\u017eedla, kter\u00e9 je jednostop\u00e9 a d\u00edt\u011b na n\u011bm mus\u00ed udr\u017eovat rovnov\u00e1hu. Z\u00a0jejich konstrukce je tak jasn\u00e9 i jejich pou\u017eit\u00ed.<\/p>\n<p>Odstrkovadlo je ur\u010deno pro nejmen\u0161\u00ed d\u011bti, batolata, kter\u00e1 se t\u0159eba teprve u\u010d\u00ed chodit. Na n\u011bm se nau\u010d\u00ed pohybovat vp\u0159ed a nemus\u00ed moc udr\u017eovat balanc, \u010dty\u0159i kola jsou dostate\u010dn\u011b stabiln\u00ed. Odstrkovadla se vyr\u00e1b\u00ed v\u00a0jedn\u00e9 velikosti \u2013 rozd\u00edly v\u00a0rozm\u011brech mezi jednotliv\u00fdmi zna\u010dkami jsou minim\u00e1ln\u00ed. D\u016fle\u017eit\u00e9 je, aby d\u00edt\u011b dos\u00e1hlo ze sedla na zem cel\u00fdmi chodidly.<\/p>\n<p>Odr\u00e1\u017eedlo je pro star\u0161\u00ed d\u011bti, zhruba od 2 do 3 let, na n\u011bm u\u017e musej\u00ed udr\u017eovat balanc. Na odr\u00e1\u017eedle bude d\u00edt\u011b dov\u00e1d\u011bt d\u00e9le ne\u017e na odstrkovadle, proto je d\u016fle\u017eit\u00e9 se ujistit, \u017ee je mo\u017en\u00e9 nastavovat v\u00fd\u0161ku sedla. Jak bude v\u00e1\u0161 potomek r\u016fst, budete mu sedlo zvedat. A jak zjistit spr\u00e1vnou velikost? Stejn\u011b jako na odstrkovadle mus\u00ed dos\u00e1hnout cel\u00fdmi chodidly na zem, aby mohlo bezpe\u010dn\u011b brzdit a m\u00edt dostate\u010dnou s\u00edlu pro odraz.<\/p>\n<figure id=\"attachment_1856\" aria-describedby=\"caption-attachment-1856\" style=\"width: 950px\" class=\"wp-caption alignnone\"><a href=\"https:\/\/d2p6e6u75xmxt8.cloudfront.net\/13\/2019\/05\/opener9.jpg\"><img loading=\"lazy\" decoding=\"async\" class=\"size-full wp-image-1856\" src=\"https:\/\/d2p6e6u75xmxt8.cloudfront.net\/13\/2019\/05\/opener9.jpg\" alt=\"\" width=\"950\" height=\"350\" \/><\/a><figcaption id=\"caption-attachment-1856\" class=\"wp-caption-text\">Odstrkovadlo je v\u011bt\u0161inou dvoustop\u00e9, na rozd\u00edl od odr\u00e1\u017eedla, kter\u00e9 je jednostop\u00e9 a d\u00edt\u011b na n\u011bm mus\u00ed udr\u017eovat rovnov\u00e1hu.<\/figcaption><\/figure>\n<h2><strong>Kolo<\/strong><\/h2>\n<p>Velikost d\u011btsk\u00fdch kol se ud\u00e1v\u00e1 podle pr\u016fm\u011bru samotn\u00fdch kol, respektive r\u00e1fk\u016f. Velikosti jsou tedy: 12\u201c, 16\u201c, 20\u201c a 24\u201c. Vhodnou velikost je u d\u011btsk\u00fdch kol pot\u0159eba vyb\u00edrat sp\u00ed\u0161e podle v\u00fd\u0161ky d\u00edt\u011bte ne\u017e v\u011bku, jako je tomu u odstrkovadel a odr\u00e1\u017eedel. Kdy za\u010d\u00edt s j\u00edzdou na t\u011bchto kolech a jak postupovat p\u0159i v\u00fduce, jsme rozeb\u00edrali v\u00a0minul\u00fdch dvou d\u00edlech. N\u00ed\u017ee najdete konkr\u00e9tn\u00ed rozd\u00edly mezi jednotliv\u00fdmi velikostmi. Tak\u00e9 plat\u00ed pravidlo, \u017ee \u010d\u00edm v\u011bt\u0161\u00ed kolo, t\u00edm v\u00edce nab\u00edzen\u00fdch model\u016f. Li\u0161\u00ed se v\u00fdbavou. U d\u011btsk\u00fdch kol jsou d\u016fle\u017eit\u00e9 prvky pasivn\u00ed bezpe\u010dnosti, kter\u00e9 u kol pro dosp\u011bl\u00e9 chyb\u00ed. Jedn\u00e1 se nap\u0159\u00edklad o kryt \u0159et\u011bzu, \u0161irok\u00e9 gumov\u00e9 koncovky a polstrov\u00e1n\u00ed na \u0159\u00edd\u00edtk\u00e1ch nebo plastov\u00e9 kryty r\u016fzn\u00fdch \u0161roub\u016f, aby se v\u00a0p\u0159\u00edpad\u011b p\u00e1du d\u00edt\u011bti nic nestalo.<\/p>\n<p>Spr\u00e1vnou velikost kola ur\u010d\u00edme d\u00edky n\u011bkolika pom\u016fck\u00e1m:<\/p>\n<ul>\n<li>D\u00edt\u011b mus\u00ed dos\u00e1hnout ze sedla pol\u0161t\u00e1\u0159ky chodidel na zem, u v\u011bt\u0161\u00edch kol budou sta\u010dit \u0161pi\u010dky bot.<\/li>\n<li>D\u00edt\u011b mus\u00ed ze sedla pohodln\u011b dos\u00e1hnout na ped\u00e1ly i \u0159\u00edd\u00edtka.<\/li>\n<li>Kdy\u017e d\u00edt\u011b stoj\u00ed obkro\u010dmo nad horn\u00ed r\u00e1movou trubkou, m\u011blo by m\u00edt k\u00a0rozkroku je\u0161t\u011b asi 5\u20138 cm m\u00edsto.<\/li>\n<\/ul>\n<figure id=\"attachment_1914\" aria-describedby=\"caption-attachment-1914\" style=\"width: 1024px\" class=\"wp-caption alignnone\"><a href=\"https:\/\/d2p6e6u75xmxt8.cloudfront.net\/13\/2019\/05\/KilisCVR.jpg\"><img loading=\"lazy\" decoding=\"async\" class=\"size-large wp-image-1914\" src=\"https:\/\/d2p6e6u75xmxt8.cloudfront.net\/13\/2019\/05\/KilisCVR-1024x450.jpg\" alt=\"\" width=\"1024\" height=\"450\" \/><\/a><figcaption id=\"caption-attachment-1914\" class=\"wp-caption-text\">Vhodnou velikost je u d\u011btsk\u00fdch kol pot\u0159eba vyb\u00edrat sp\u00ed\u0161e podle v\u00fd\u0161ky d\u00edt\u011bte ne\u017e v\u011bku.<\/figcaption><\/figure>\n<p>Nejlep\u0161\u00ed je, kdy\u017e si d\u00edt\u011b vyzkou\u0161\u00ed kolo p\u0159\u00edmo v prodejn\u011b. P\u0159i manipulaci s\u00a0kolem uvid\u00edte, jestli nen\u00ed pro d\u00edt\u011b moc t\u011b\u017ek\u00e9 a jestli ho zvl\u00e1dne oto\u010dit nebo zvednout. M\u016f\u017eete si tak\u00e9 zkusit upravit v\u00fd\u0161ku sedla a zeptat se t\u0159eba na nastaven\u00ed brzdov\u00fdch p\u00e1k, pokud by na n\u011b d\u00edt\u011b m\u011blo probl\u00e9m dos\u00e1hnout.<\/p>\n<p><strong>12\u201c<\/strong><\/p>\n<p>Dvan\u00e1ctipalcov\u00e1 kola jsou ur\u010dena pro d\u011bti od 90\u2013110 cm, ve v\u011bku 2\u20134 let. Prod\u00e1vaj\u00ed se s\u00a0balan\u010dn\u00edmi kole\u010dky. Ta je vhodn\u00e9 rovnou odmontovat, pokud u\u017e d\u00edt\u011b um\u00ed na odr\u00e1\u017eedle. Kola jsou vybavena p\u0159edn\u00ed p\u00e1kovou brzdou na \u0159\u00edd\u00edtk\u00e1ch, tu ale v\u011bt\u0161ina d\u011bt\u00ed nepou\u017e\u00edv\u00e1 kv\u016fli nedostatku s\u00edly v\u00a0rukou. Brzd\u011bn\u00ed je tak zaji\u0161t\u011bno pomoc\u00ed tzv. torp\u00e9da, co\u017e je brzda v\u00a0zadn\u00edm n\u00e1boji, kter\u00e1 se aktivuje zp\u011btn\u00fdm \u0161l\u00e1pnut\u00edm.<\/p>\n<p><strong>16\u201c<\/strong><\/p>\n<p>\u0160estn\u00e1ctipalcov\u00e1 kola se tak\u00e9 prod\u00e1vaj\u00ed s\u00a0balan\u010dn\u00edmi kole\u010dky. Stejn\u011b jako kola dvan\u00e1ctipalcov\u00e1 jsou pouze jednorychlostn\u00ed, tedy bez p\u0159ehazova\u010dky. V\u011bt\u0161inou jsou vybavena torp\u00e9dem a p\u0159edn\u00ed brzdou, nejv\u011bt\u0161\u00ed rozd\u00edl mezi dv\u011bma nejmen\u0161\u00edmi velikostmi je tak pouze ve velikosti kol. Doporu\u010den\u00e1 jsou pro d\u011bti vysok\u00e9 100\u2013125 cm a 4\u20136 let star\u00e9.<\/p>\n<figure id=\"attachment_1845\" aria-describedby=\"caption-attachment-1845\" style=\"width: 1024px\" class=\"wp-caption alignnone\"><a href=\"https:\/\/d2p6e6u75xmxt8.cloudfront.net\/13\/2019\/05\/profimedia-0414277593.jpg\"><img loading=\"lazy\" decoding=\"async\" class=\"size-large wp-image-1845\" src=\"https:\/\/d2p6e6u75xmxt8.cloudfront.net\/13\/2019\/05\/profimedia-0414277593-1024x683.jpg\" alt=\"\" width=\"1024\" height=\"683\" \/><\/a><figcaption id=\"caption-attachment-1845\" class=\"wp-caption-text\">Balan\u010dn\u00ed kole\u010dka jsou v p\u0159\u00edpad\u011b d\u00edt\u011bte, kter\u00e9 u\u017e ovl\u00e1d\u00e1 j\u00edzdu na odr\u00e1\u017eedle sp\u00ed\u0161e brzdou ne\u017e pomoc\u00ed v dal\u0161\u00edm rozvoji. Foto: Profimedia.<\/figcaption><\/figure>\n<p><strong>20\u201c<\/strong><\/p>\n<p>U t\u011bchto kol je u\u017e mnohem v\u00edce variant jednotliv\u00fdch model\u016f. Kola mohou b\u00fdt jednorychlostn\u00ed nebo s\u00a0v\u00edce p\u0159evody. V\u00a0druh\u00e9m p\u0159\u00edpad\u011b je \u0159azen\u00ed \u0159e\u0161eno oto\u010dn\u00fdm mechanismem na \u0159\u00edd\u00edtk\u00e1ch, jako je nap\u0159\u00edklad GripShift. Kolo u\u017e m\u00e1 dv\u011b nez\u00e1visl\u00e9 p\u00e1kov\u00e9 brzdy, p\u0159edn\u00ed a zadn\u00ed, torp\u00e9do na nich nenajdeme. Je proto d\u016fle\u017eit\u00e9 zjistit, jak se d\u00e1 nastavit krok brzdov\u00fdch p\u00e1k, aby na n\u011b d\u00edt\u011b dos\u00e1hlo a m\u011blo v\u00edce jistoty p\u0159i brzd\u011bn\u00ed. Krom\u011b p\u0159ehazova\u010dky m\u016f\u017eou m\u00edt tato kola i odpru\u017eenou vidlici, kter\u00e1 zv\u00fd\u0161\u00ed komfort d\u00edt\u011bte p\u0159i celodenn\u00edch v\u00fdletech. Tato kola jsou ur\u010dena pro d\u011bti 105\u2013135 cm vysok\u00e9, tedy ve v\u011bku zhruba 6\u20139 let.<\/p>\n<p>Rady a tipy jak spr\u00e1vn\u011b d\u00edt\u011b nau\u010dit na kole si m\u016f\u017eete p\u0159e\u010d\u00edst v\u00a0druh\u00e9m d\u00edle na\u0161eho seri\u00e1lu <a href=\"https:\/\/www.welovecycling.com\/cs\/2019\/05\/22\/deti-na-kole-dil-druhy-poprve\/\">zde:<\/a><\/p>\n<p><strong>24\u201c<\/strong><\/p>\n<p>Tato kola jsou v\u00a0z\u00e1sad\u011b zmen\u0161eniny kol dosp\u011bl\u00fdch. Mo\u017enost v\u00fdbavy je tak je\u0161t\u011b bohat\u0161\u00ed. Standardn\u011b jsou kola v\u00edcerychlostn\u00ed, krom\u011b zadn\u00ed p\u0159ehazova\u010dky a p\u0159evod\u016f maj\u00ed i p\u0159esmyka\u010d a v\u011bt\u0161\u00ed po\u010det p\u0159evodn\u00edk\u016f. V\u011bt\u0161\u00ed po\u010det p\u0159evodn\u00edk\u016f ale nemus\u00ed b\u00fdt pravidlem, stejn\u011b jako u dosp\u011bl\u00fdch kol m\u016f\u017eeme naj\u00edt kola s\u00a0jednop\u0159evodn\u00edkem a vy\u0161\u0161\u00edm po\u010dtem rychlost\u00ed na kazet\u011b. Brzdy mohou b\u00fdt r\u00e1fkov\u00e9 nebo kotou\u010dov\u00e9. U kotou\u010dov\u00fdch brzd je\u0161t\u011b rozli\u0161ujeme ty mechanick\u00e9 a hydraulick\u00e9. V\u00fdhoda hydraulick\u00fdch kotou\u010dov\u00fdch brzd je pro d\u011bti hlavn\u011b v\u00a0tom, \u017ee p\u00e1ka brzdy se d\u00e1 stisknout mnohem men\u0161\u00ed silou. Vidlice m\u016f\u017ee b\u00fdt bu\u010f pevn\u00e1, nebo odpru\u017een\u00e1, a v\u00fdjime\u010dn\u011b, u nejdra\u017e\u0161\u00edch model\u016f pro mal\u00e9 z\u00e1vodn\u00edky, i vzduchov\u00e1. Takto velk\u00e9 kolo je pro d\u011bti od 115 cm do 155 cm, co\u017e odpov\u00edd\u00e1 asi 9\u201312 rok\u016fm.<\/p>\n<figure id=\"attachment_1916\" aria-describedby=\"caption-attachment-1916\" style=\"width: 1000px\" class=\"wp-caption alignnone\"><a href=\"https:\/\/d2p6e6u75xmxt8.cloudfront.net\/13\/2019\/05\/DSC_6069.JPG.jpg\"><img loading=\"lazy\" decoding=\"async\" class=\"size-full wp-image-1916\" src=\"https:\/\/d2p6e6u75xmxt8.cloudfront.net\/13\/2019\/05\/DSC_6069.JPG.jpg\" alt=\"\" width=\"1000\" height=\"667\" \/><\/a><figcaption id=\"caption-attachment-1916\" class=\"wp-caption-text\">U d\u011btsk\u00fdch kol jsou d\u016fle\u017eit\u00e9 prvky pasivn\u00ed bezpe\u010dnosti, kter\u00e9 u kol pro dosp\u011bl\u00e9 chyb\u00ed.<\/figcaption><\/figure>\n<p><strong>Juniorsk\u00e1<\/strong><\/p>\n<p>Juniorsk\u00e1 kola jsou pro d\u011bti star\u0161\u00ed 12 let. Existuj\u00ed kola p\u0159\u00edmo pro tuto v\u011bkovou kategorii, ale d\u0159\u00edve platilo, \u017ee si junio\u0159i \u010dasto vysta\u010dili s\u00a0nejmen\u0161\u00ed velikost\u00ed dosp\u011bl\u00fdch kol. S\u00a0rozmachem 29\u201c horsk\u00fdch kol pro dosp\u011bl\u00e1ky je situace komplikovan\u011bj\u0161\u00ed, proto\u017ee pro mladistv\u00e9ho je takov\u00e9 kolo na zat\u00e1\u010den\u00ed p\u0159ece jenom trochu velk\u00e9. Alternativou je vybrat kolo s\u00a0pr\u016fm\u011brem 26\u201c nebo 27,5\u201c, kter\u00e1 jsou si podobn\u00e1.<\/p>\n<p>Je\u0161t\u011b dopln\u00edme, \u017ee velikost kola pro dosp\u011bl\u00e1ky se neur\u010duje podle velikosti r\u00e1fk\u016f, ale podle velikosti r\u00e1mu, kter\u00e1 se m\u011b\u0159\u00ed na sedlov\u00e9 trubce. Vhodn\u00e1 velikost tak bude ta nejmen\u0161\u00ed 13\u201c nebo 15.5\u201c. Co se t\u00fd\u010de v\u00fdbavy, je situace stejn\u00e1 jako u dosp\u011bl\u00fdch kol. Vyb\u00edrat m\u016f\u017eete ze stovek model\u016f osazen\u00fdch r\u016fzn\u00fdmi komponenty.<\/p>\n<p><strong>Speciality<\/strong><\/p>\n<p>N\u011bkter\u00e1 d\u011btsk\u00e1 jsou stejn\u011b jako kola dosp\u011bl\u00e1 vybavena r\u016fzn\u00fdmi specialitami dan\u00e9 zna\u010dky. Nap\u0159\u00edklad se m\u016f\u017ee jednat o zp\u016fsob pohonu. U naprost\u00e9 v\u011bt\u0161iny d\u011btsk\u00fdch kol najdete \u0159et\u011bz, ale n\u011bkter\u00e1 kola maj\u00ed \u0159emen. Ten se nevytah\u00e1 a nemus\u00ed se mazat, tak\u017ee se o n\u011bj neza\u0161pin\u00edte. N\u011bkter\u00e9 zna\u010dky tak\u00e9 prod\u00e1vaj\u00ed d\u011btsk\u00e1 kola osazen\u00e1 \u0161ir\u0161\u00edmi pl\u00e1\u0161ti, nap\u0159\u00edklad 2,3\u201c. To d\u00edt\u011bti pom\u016f\u017ee s\u00a0rovnov\u00e1hou, proto\u017ee kontaktn\u00ed plocha \u0161ir\u0161\u00edch pl\u00e1\u0161\u0165\u016f je v\u011bt\u0161\u00ed ne\u017e u t\u011bch klasick\u00fdch. Kola se \u0161ir\u0161\u00edmi pl\u00e1\u0161ti maj\u00ed i lep\u0161\u00ed z\u00e1b\u011br a z\u00e1rove\u0148 je na nich d\u00edky v\u011bt\u0161\u00edmu objemu vzduchu j\u00edzda pohodln\u011bj\u0161\u00ed.<\/p>\n","protected":false},"excerpt":{"rendered":"<p>V\u00a0minul\u00fdch dvou d\u00edlech u\u017e n\u011bjak\u00e9 rady ohledn\u011b\u00a0v\u00fdb\u011bru odr\u00e1\u017eedla a kola zazn\u011bly, ale poj\u010fme se na celou problematiku pod\u00edvat bl\u00ed\u017ee. Kdy [&hellip;]<\/p>\n","protected":false},"author":95,"featured_media":2233,"comment_status":"open","ping_status":"open","sticky":false,"template":"","format":"standard","meta":{"footnotes":""},"categories":[15],"tags":[221,220,240],"global-categories":[],"class_list":["post-2231","post","type-post","status-publish","format-standard","has-post-thumbnail","hentry","category-rady-tipy","tag-cyklistika-pro-deti","tag-deti-na-kole","tag-vyber-kola"],"yoast_head":"<!-- This site is optimized with the Yoast SEO Premium plugin v25.3 (Yoast SEO v25.9) - https:\/\/yoast.com\/wordpress\/plugins\/seo\/ -->\n<title>D\u011bti na kole. D\u00edl t\u0159et\u00ed: v\u00fdb\u011br vhodn\u00e9ho kola | \u0160koda We Love Cycling - \u010cesk\u00e1 republika<\/title>\n<meta name=\"robots\" content=\"index, follow, max-snippet:-1, max-image-preview:large, max-video-preview:-1\" \/>\n<link rel=\"canonical\" href=\"https:\/\/www.welovecycling.com\/cs\/2019\/05\/29\/deti-na-kole-dil-treti-vyber-vhodneho-kola\/\" \/>\n<meta property=\"og:locale\" content=\"cs_CZ\" \/>\n<meta property=\"og:type\" content=\"article\" \/>\n<meta property=\"og:title\" content=\"D\u011bti na kole. D\u00edl t\u0159et\u00ed: v\u00fdb\u011br vhodn\u00e9ho kola\" \/>\n<meta property=\"og:description\" content=\"V\u00a0minul\u00fdch dvou d\u00edlech u\u017e n\u011bjak\u00e9 rady ohledn\u011b\u00a0v\u00fdb\u011bru odr\u00e1\u017eedla a kola zazn\u011bly, ale poj\u010fme se na celou problematiku pod\u00edvat bl\u00ed\u017ee. Kdy [&hellip;]\" \/>\n<meta property=\"og:url\" content=\"https:\/\/www.welovecycling.com\/cs\/2019\/05\/29\/deti-na-kole-dil-treti-vyber-vhodneho-kola\/\" \/>\n<meta property=\"og:site_name\" content=\"\u0160koda We Love Cycling - \u010cesk\u00e1 republika\" \/>\n<meta property=\"article:published_time\" content=\"2019-05-29T10:16:31+00:00\" \/>\n<meta property=\"og:image\" content=\"https:\/\/d2p6e6u75xmxt8.cloudfront.net\/13\/2019\/05\/profimedia-0380406445-1.webp\" \/>\n\t<meta property=\"og:image:width\" content=\"1787\" \/>\n\t<meta property=\"og:image:height\" content=\"1097\" \/>\n\t<meta property=\"og:image:type\" content=\"image\/webp\" \/>\n<meta name=\"twitter:card\" content=\"summary_large_image\" \/>\n<meta name=\"twitter:label1\" content=\"Written by\" \/>\n\t<meta name=\"twitter:data1\" content=\"V\u00e1clav \u0160\u0148up\u00e1rek\" \/>\n\t<meta name=\"twitter:label2\" content=\"Est. reading time\" \/>\n\t<meta name=\"twitter:data2\" content=\"9\" \/>\n<script type=\"application\/ld+json\" class=\"yoast-schema-graph\">{\"@context\":\"https:\/\/schema.org\",\"@graph\":[{\"@type\":\"WebPage\",\"@id\":\"https:\/\/www.welovecycling.com\/cs\/2019\/05\/29\/deti-na-kole-dil-treti-vyber-vhodneho-kola\/\",\"url\":\"https:\/\/www.welovecycling.com\/cs\/2019\/05\/29\/deti-na-kole-dil-treti-vyber-vhodneho-kola\/\",\"name\":\"D\u011bti na kole. D\u00edl t\u0159et\u00ed: v\u00fdb\u011br vhodn\u00e9ho kola | \u0160koda We Love Cycling - \u010cesk\u00e1 republika\",\"isPartOf\":{\"@id\":\"https:\/\/www.welovecycling.com\/cs\/#website\"},\"primaryImageOfPage\":{\"@id\":\"https:\/\/www.welovecycling.com\/cs\/2019\/05\/29\/deti-na-kole-dil-treti-vyber-vhodneho-kola\/#primaryimage\"},\"image\":{\"@id\":\"https:\/\/www.welovecycling.com\/cs\/2019\/05\/29\/deti-na-kole-dil-treti-vyber-vhodneho-kola\/#primaryimage\"},\"thumbnailUrl\":\"https:\/\/d2p6e6u75xmxt8.cloudfront.net\/13\/2019\/05\/profimedia-0380406445-1.webp\",\"datePublished\":\"2019-05-29T10:16:31+00:00\",\"author\":{\"@id\":\"\"},\"inLanguage\":\"cs\",\"potentialAction\":[{\"@type\":\"ReadAction\",\"target\":[\"https:\/\/www.welovecycling.com\/cs\/2019\/05\/29\/deti-na-kole-dil-treti-vyber-vhodneho-kola\/\"]}]},{\"@type\":\"ImageObject\",\"inLanguage\":\"cs\",\"@id\":\"https:\/\/www.welovecycling.com\/cs\/2019\/05\/29\/deti-na-kole-dil-treti-vyber-vhodneho-kola\/#primaryimage\",\"url\":\"https:\/\/d2p6e6u75xmxt8.cloudfront.net\/13\/2019\/05\/profimedia-0380406445-1.webp\",\"contentUrl\":\"https:\/\/d2p6e6u75xmxt8.cloudfront.net\/13\/2019\/05\/profimedia-0380406445-1.webp\",\"width\":1787,\"height\":1097,\"caption\":\"Kid riding a bike and starting from the sign, Image: 380406445, License: Royalty-free, Restrictions: , Model Release: yes, Credit line: Profimedia, Depositphotos Inc.\"},{\"@type\":\"WebSite\",\"@id\":\"https:\/\/www.welovecycling.com\/cs\/#website\",\"url\":\"https:\/\/www.welovecycling.com\/cs\/\",\"name\":\"\u0160koda We Love Cycling - \u010cesk\u00e1 republika\",\"description\":\"WeLoveCycling.cz je online magaz\u00edn, kter\u00fd v\u00e1m pravideln\u011b p\u0159in\u00e1\u0161\u00ed rady a tipy, zaj\u00edmav\u00e9 \u010dl\u00e1nky, videa a jedine\u010dn\u00e9 report\u00e1\u017ee ze sv\u011bta cyklistiky.\",\"potentialAction\":[{\"@type\":\"SearchAction\",\"target\":{\"@type\":\"EntryPoint\",\"urlTemplate\":\"https:\/\/www.welovecycling.com\/cs\/?s={search_term_string}\"},\"query-input\":{\"@type\":\"PropertyValueSpecification\",\"valueRequired\":true,\"valueName\":\"search_term_string\"}}],\"inLanguage\":\"cs\"},{\"@type\":\"Person\",\"@id\":\"\",\"url\":\"https:\/\/www.welovecycling.com\/cs\/author\/\"}]}<\/script>\n<!-- \/ Yoast SEO Premium plugin. -->","yoast_head_json":{"title":"D\u011bti na kole. D\u00edl t\u0159et\u00ed: v\u00fdb\u011br vhodn\u00e9ho kola | \u0160koda We Love Cycling - \u010cesk\u00e1 republika","robots":{"index":"index","follow":"follow","max-snippet":"max-snippet:-1","max-image-preview":"max-image-preview:large","max-video-preview":"max-video-preview:-1"},"canonical":"https:\/\/www.welovecycling.com\/cs\/2019\/05\/29\/deti-na-kole-dil-treti-vyber-vhodneho-kola\/","og_locale":"cs_CZ","og_type":"article","og_title":"D\u011bti na kole. D\u00edl t\u0159et\u00ed: v\u00fdb\u011br vhodn\u00e9ho kola","og_description":"V\u00a0minul\u00fdch dvou d\u00edlech u\u017e n\u011bjak\u00e9 rady ohledn\u011b\u00a0v\u00fdb\u011bru odr\u00e1\u017eedla a kola zazn\u011bly, ale poj\u010fme se na celou problematiku pod\u00edvat bl\u00ed\u017ee. Kdy [&hellip;]","og_url":"https:\/\/www.welovecycling.com\/cs\/2019\/05\/29\/deti-na-kole-dil-treti-vyber-vhodneho-kola\/","og_site_name":"\u0160koda We Love Cycling - \u010cesk\u00e1 republika","article_published_time":"2019-05-29T10:16:31+00:00","og_image":[{"width":1787,"height":1097,"url":"https:\/\/d2p6e6u75xmxt8.cloudfront.net\/13\/2019\/05\/profimedia-0380406445-1.webp","type":"image\/webp"}],"twitter_card":"summary_large_image","twitter_misc":{"Written by":"V\u00e1clav \u0160\u0148up\u00e1rek","Est. reading time":"9"},"schema":{"@context":"https:\/\/schema.org","@graph":[{"@type":"WebPage","@id":"https:\/\/www.welovecycling.com\/cs\/2019\/05\/29\/deti-na-kole-dil-treti-vyber-vhodneho-kola\/","url":"https:\/\/www.welovecycling.com\/cs\/2019\/05\/29\/deti-na-kole-dil-treti-vyber-vhodneho-kola\/","name":"D\u011bti na kole. D\u00edl t\u0159et\u00ed: v\u00fdb\u011br vhodn\u00e9ho kola | \u0160koda We Love Cycling - \u010cesk\u00e1 republika","isPartOf":{"@id":"https:\/\/www.welovecycling.com\/cs\/#website"},"primaryImageOfPage":{"@id":"https:\/\/www.welovecycling.com\/cs\/2019\/05\/29\/deti-na-kole-dil-treti-vyber-vhodneho-kola\/#primaryimage"},"image":{"@id":"https:\/\/www.welovecycling.com\/cs\/2019\/05\/29\/deti-na-kole-dil-treti-vyber-vhodneho-kola\/#primaryimage"},"thumbnailUrl":"https:\/\/d2p6e6u75xmxt8.cloudfront.net\/13\/2019\/05\/profimedia-0380406445-1.webp","datePublished":"2019-05-29T10:16:31+00:00","author":{"@id":""},"inLanguage":"cs","potentialAction":[{"@type":"ReadAction","target":["https:\/\/www.welovecycling.com\/cs\/2019\/05\/29\/deti-na-kole-dil-treti-vyber-vhodneho-kola\/"]}]},{"@type":"ImageObject","inLanguage":"cs","@id":"https:\/\/www.welovecycling.com\/cs\/2019\/05\/29\/deti-na-kole-dil-treti-vyber-vhodneho-kola\/#primaryimage","url":"https:\/\/d2p6e6u75xmxt8.cloudfront.net\/13\/2019\/05\/profimedia-0380406445-1.webp","contentUrl":"https:\/\/d2p6e6u75xmxt8.cloudfront.net\/13\/2019\/05\/profimedia-0380406445-1.webp","width":1787,"height":1097,"caption":"Kid riding a bike and starting from the sign, Image: 380406445, License: Royalty-free, Restrictions: , Model Release: yes, Credit line: Profimedia, Depositphotos Inc."},{"@type":"WebSite","@id":"https:\/\/www.welovecycling.com\/cs\/#website","url":"https:\/\/www.welovecycling.com\/cs\/","name":"\u0160koda We Love Cycling - \u010cesk\u00e1 republika","description":"WeLoveCycling.cz je online magaz\u00edn, kter\u00fd v\u00e1m pravideln\u011b p\u0159in\u00e1\u0161\u00ed rady a tipy, zaj\u00edmav\u00e9 \u010dl\u00e1nky, videa a jedine\u010dn\u00e9 report\u00e1\u017ee ze sv\u011bta cyklistiky.","potentialAction":[{"@type":"SearchAction","target":{"@type":"EntryPoint","urlTemplate":"https:\/\/www.welovecycling.com\/cs\/?s={search_term_string}"},"query-input":{"@type":"PropertyValueSpecification","valueRequired":true,"valueName":"search_term_string"}}],"inLanguage":"cs"},{"@type":"Person","@id":"","url":"https:\/\/www.welovecycling.com\/cs\/author\/"}]}},"_links":{"self":[{"href":"https:\/\/www.welovecycling.com\/cs\/wp-json\/wp\/v2\/posts\/2231","targetHints":{"allow":["GET"]}}],"collection":[{"href":"https:\/\/www.welovecycling.com\/cs\/wp-json\/wp\/v2\/posts"}],"about":[{"href":"https:\/\/www.welovecycling.com\/cs\/wp-json\/wp\/v2\/types\/post"}],"author":[{"embeddable":true,"href":"https:\/\/www.welovecycling.com\/cs\/wp-json\/wp\/v2\/users\/95"}],"replies":[{"embeddable":true,"href":"https:\/\/www.welovecycling.com\/cs\/wp-json\/wp\/v2\/comments?post=2231"}],"version-history":[{"count":2,"href":"https:\/\/www.welovecycling.com\/cs\/wp-json\/wp\/v2\/posts\/2231\/revisions"}],"predecessor-version":[{"id":2234,"href":"https:\/\/www.welovecycling.com\/cs\/wp-json\/wp\/v2\/posts\/2231\/revisions\/2234"}],"wp:featuredmedia":[{"embeddable":true,"href":"https:\/\/www.welovecycling.com\/cs\/wp-json\/wp\/v2\/media\/2233"}],"wp:attachment":[{"href":"https:\/\/www.welovecycling.com\/cs\/wp-json\/wp\/v2\/media?parent=2231"}],"wp:term":[{"taxonomy":"category","embeddable":true,"href":"https:\/\/www.welovecycling.com\/cs\/wp-json\/wp\/v2\/categories?post=2231"},{"taxonomy":"post_tag","embeddable":true,"href":"https:\/\/www.welovecycling.com\/cs\/wp-json\/wp\/v2\/tags?post=2231"},{"taxonomy":"global-categories","embeddable":true,"href":"https:\/\/www.welovecycling.com\/cs\/wp-json\/wp\/v2\/global-categories?post=2231"}],"curies":[{"name":"wp","href":"https:\/\/api.w.org\/{rel}","templated":true}]}}