{"id":2225,"date":"2019-05-29T08:14:37","date_gmt":"2019-05-29T07:14:37","guid":{"rendered":"https:\/\/www.welovecycling.com\/cs\/?p=2225"},"modified":"2019-05-29T08:14:37","modified_gmt":"2019-05-29T07:14:37","slug":"hirt-zazaril-v-kralovske-etape-skoncil-druhy","status":"publish","type":"post","link":"https:\/\/www.welovecycling.com\/cs\/2019\/05\/29\/hirt-zazaril-v-kralovske-etape-skoncil-druhy\/","title":{"rendered":"Hirt zaz\u00e1\u0159il v kr\u00e1lovsk\u00e9 etap\u011b. Skon\u010dil druh\u00fd"},"content":{"rendered":"<p><strong>Tahle etapa nesla u\u017e p\u0159ed za\u010d\u00e1tkem Gira ozna\u010den\u00ed kr\u00e1lovsk\u00e1. A i kdy\u017e se kv\u016fli sn\u011bhu, ledovce a nebezpe\u010d\u00ed lavin nakonec nejelo na Passo Gavia, bylo to i tak peklo. V\u00a0de\u0161ti a zim\u011b, s\u00a0v\u00fdjezdem na legend\u00e1rn\u00ed Mortirolo, byl jedn\u00edm z\u00a0hrdin\u016f Jan Hirt. \u010cech z\u00a0Astany skon\u010dil na skv\u011bl\u00e9m druh\u00e9m m\u00edst\u011b.<\/strong><\/p>\n<p><!--more--><\/p>\n<p>Honza figuroval v\u00a0\u00faniku dne, kde jelo 21 lid\u00ed. Ukazoval velkou s\u00edlu a na vrcholu Mortirola u\u017e byli vp\u0159edu jen ve dvou &#8211; s\u00a0Italem Giulio Cicconem &#8211; l\u00eddrem vrcha\u0159sk\u00e9 sout\u011b\u017ee ze st\u00e1je Trek-Segafredo.<\/p>\n<p>Po zdol\u00e1n\u00ed tohoto stoup\u00e1n\u00ed to m\u011bli do c\u00edle je\u0161t\u011b 30 km a s\u00a0p\u0159ib\u00fdvaj\u00edc\u00edmi kilometry bylo jasn\u00e9, \u017ee je zezadu nikdo nedojede. Tak\u017ee o prvenstv\u00ed v\u00a0etap\u011b rozhodoval spurt vedouc\u00ed dvojice, v\u00a0n\u011bm\u017e m\u011bl &#8211; pro \u010desk\u00e9 fanou\u0161ky i Hirta bohu\u017eel &#8211; v\u00edce sil Ciccone. Hirt bral v\u00fdborn\u00e9 druh\u00e9 m\u00edsto, co\u017e je jeho nejlep\u0161\u00ed v\u00fdsledek v\u00a0etap\u011b na Grand Tour.<\/p>\n<figure id=\"attachment_2228\" aria-describedby=\"caption-attachment-2228\" style=\"width: 960px\" class=\"wp-caption alignnone\"><a href=\"https:\/\/d2p6e6u75xmxt8.cloudfront.net\/13\/2019\/05\/Hirt-foto-Giro-d\u00b4Italia.jpg\"><img loading=\"lazy\" decoding=\"async\" class=\"wp-image-2228 size-full\" src=\"https:\/\/d2p6e6u75xmxt8.cloudfront.net\/13\/2019\/05\/Hirt-foto-Giro-d\u00b4Italia.jpg\" alt=\"\" width=\"960\" height=\"639\" \/><\/a><figcaption id=\"caption-attachment-2228\" class=\"wp-caption-text\">Jan Hirt bral v kr\u00e1lovsk\u00e9 etap\u011b po souboji s Italem Giulio Cicconem fantastick\u00e9 druh\u00e9 m\u00edsto. Foto: Giro d&#8217;Italia.<\/figcaption><\/figure>\n<p><em>\u201eNa konci jsem byl \u00fapln\u011b promrzl\u00fd a nem\u011bl jsem \u017e\u00e1dnou s\u00edlu na ten sprint,\u201c<\/em> p\u0159iznal Hirt. <em>\u201eKdy\u017e jsme stoupali na Mortirolo, jelo se mi skv\u011ble a c\u00edtil jsem se dob\u0159e. Ale ve sjezdu dol\u016f jsem promrzl a hodn\u011b jsem trp\u011bl,\u201c<\/em> prozradil.<\/p>\n<p>L\u00eddr Astany, Kolumbijec Miguel \u00c1ngel L\u00f3pez, jel ve druh\u00e9 skupin\u011b za Hirtem. <em>\u201eNa\u0161i sportovn\u00ed \u0159editel\u00e9 mi \u0159\u00edkali do vys\u00edla\u010dky, \u017ee m\u00e1 \u0161anci n\u011bco najet na sv\u00e9 rivaly. Byl jsem p\u0159ipraven zvolnit, po\u010dkat na n\u011bj a pomoci mu. Ale nakonec byli za n\u00e1mi dost daleko a mohl jsem bojovat o etapu. Dal jsem do toho \u00fapln\u011b v\u0161echno, ale Ciccone byl prost\u011b siln\u011bj\u0161\u00ed,\u201c<\/em> uvedl \u010desk\u00fd cyklista.<\/p>\n<p>R\u016f\u017eov\u00fd dres l\u00eddra udr\u017eel Ekv\u00e1dorec Richard Carapaz z Movistaru, kter\u00fd dojel \u0161est\u00fd s odstupem 1:41 minuty za vedouc\u00ed italsko-\u010deskou dvojic\u00ed. Spolu s\u00a0n\u00edm dorazili do c\u00edle ve stejn\u00e9m \u010dase i jeho st\u00e1jov\u00fd kolega Mikel Landa nebo Vincenzo Nibali (Bahrain Merida).<\/p>\n<figure id=\"attachment_2226\" aria-describedby=\"caption-attachment-2226\" style=\"width: 960px\" class=\"wp-caption alignnone\"><a href=\"https:\/\/d2p6e6u75xmxt8.cloudfront.net\/13\/2019\/05\/Hirt-2-foto-opet-Giro.jpg\"><img loading=\"lazy\" decoding=\"async\" class=\"size-full wp-image-2226\" src=\"https:\/\/d2p6e6u75xmxt8.cloudfront.net\/13\/2019\/05\/Hirt-2-foto-opet-Giro.jpg\" alt=\"\" width=\"960\" height=\"639\" \/><\/a><figcaption id=\"caption-attachment-2226\" class=\"wp-caption-text\">\u201eKdy\u017e jsme stoupali na Mortirolo, jelo se mi skv\u011ble a c\u00edtil jsem se dob\u0159e. Ale ve sjezdu dol\u016f jsem promrzl a hodn\u011b jsem trp\u011bl,\u201c prohl\u00e1sil \u010desk\u00fd cyklista Jan Hirt. Foto: Giro d&#8217;Italia.<\/figcaption><\/figure>\n<p><em>\u201eBylo to peklo. Kv\u016fli zim\u011b a de\u0161ti si v\u0161ichni s\u00e1hli na dno. Tahle etapa musela st\u00e1t ka\u017ed\u00e9ho spoustu sil,\u201c<\/em> \u0159ekl Richard Carapaz.<\/p>\n<p>Slovinec Primo\u017e Rogli\u010d, kter\u00fd byl p\u0159ed etapou pr\u016fb\u011b\u017en\u011b druh\u00fd, nem\u00e1 v\u00a0hor\u00e1ch ve druh\u00e9 polovin\u011b Gira o\u010dividn\u011b nejlep\u0161\u00ed nohy a znovu n\u011bco ztratil. Spadl na t\u0159et\u00ed m\u00edsto a na l\u00eddra ztr\u00e1c\u00ed u\u017e dv\u011b minuty. Nibali naopak posko\u010dil na druhou p\u0159\u00ed\u010dku.<\/p>\n<p>Giro nab\u00eddne b\u011bhem z\u00e1v\u011bre\u010dn\u00fdch p\u011bti dn\u016f je\u0161t\u011b po\u0159\u00e1dn\u00e9 drama. Na cyklisty \u010dekaj\u00ed t\u0159i dojezdy na kopec a z\u00e1v\u011bre\u010dn\u00e1 \u010dasovka ve Veron\u011b na 17 kilometr\u016f, kter\u00e1 definitivn\u011b ur\u010d\u00ed v\u00edt\u011bze 102. ro\u010dn\u00edku.<\/p>\n","protected":false},"excerpt":{"rendered":"<p>Tahle etapa nesla u\u017e p\u0159ed za\u010d\u00e1tkem Gira ozna\u010den\u00ed kr\u00e1lovsk\u00e1. A i kdy\u017e se kv\u016fli sn\u011bhu, ledovce a nebezpe\u010d\u00ed lavin nakonec [&hellip;]<\/p>\n","protected":false},"author":95,"featured_media":2227,"comment_status":"open","ping_status":"open","sticky":false,"template":"","format":"standard","meta":{"footnotes":""},"categories":[10],"tags":[161,215],"global-categories":[],"class_list":["post-2225","post","type-post","status-publish","format-standard","has-post-thumbnail","hentry","category-silnicni-cyklistika","tag-giro-ditalia","tag-jan-hirt"],"yoast_head":"<!-- This site is optimized with the Yoast SEO Premium plugin v25.3 (Yoast SEO v25.9) - https:\/\/yoast.com\/wordpress\/plugins\/seo\/ -->\n<title>Hirt zaz\u00e1\u0159il v kr\u00e1lovsk\u00e9 etap\u011b. Skon\u010dil druh\u00fd | \u0160koda We Love Cycling - \u010cesk\u00e1 republika<\/title>\n<meta name=\"robots\" content=\"index, follow, max-snippet:-1, max-image-preview:large, max-video-preview:-1\" \/>\n<link rel=\"canonical\" href=\"https:\/\/www.welovecycling.com\/cs\/2019\/05\/29\/hirt-zazaril-v-kralovske-etape-skoncil-druhy\/\" \/>\n<meta property=\"og:locale\" content=\"cs_CZ\" \/>\n<meta property=\"og:type\" content=\"article\" \/>\n<meta property=\"og:title\" content=\"Hirt zaz\u00e1\u0159il v kr\u00e1lovsk\u00e9 etap\u011b. Skon\u010dil druh\u00fd\" \/>\n<meta property=\"og:description\" content=\"Tahle etapa nesla u\u017e p\u0159ed za\u010d\u00e1tkem Gira ozna\u010den\u00ed kr\u00e1lovsk\u00e1. A i kdy\u017e se kv\u016fli sn\u011bhu, ledovce a nebezpe\u010d\u00ed lavin nakonec [&hellip;]\" \/>\n<meta property=\"og:url\" content=\"https:\/\/www.welovecycling.com\/cs\/2019\/05\/29\/hirt-zazaril-v-kralovske-etape-skoncil-druhy\/\" \/>\n<meta property=\"og:site_name\" content=\"\u0160koda We Love Cycling - \u010cesk\u00e1 republika\" \/>\n<meta property=\"article:published_time\" content=\"2019-05-29T07:14:37+00:00\" \/>\n<meta property=\"og:image\" content=\"https:\/\/d2p6e6u75xmxt8.cloudfront.net\/13\/2019\/05\/hirt-foto-Astana-Team.webp\" \/>\n\t<meta property=\"og:image:width\" content=\"960\" \/>\n\t<meta property=\"og:image:height\" content=\"640\" \/>\n\t<meta property=\"og:image:type\" content=\"image\/webp\" \/>\n<meta name=\"twitter:card\" content=\"summary_large_image\" \/>\n<meta name=\"twitter:label1\" content=\"Written by\" \/>\n\t<meta name=\"twitter:data1\" content=\"Jan Kr\u016fta\" \/>\n\t<meta name=\"twitter:label2\" content=\"Est. reading time\" \/>\n\t<meta name=\"twitter:data2\" content=\"3\" \/>\n<script type=\"application\/ld+json\" class=\"yoast-schema-graph\">{\"@context\":\"https:\/\/schema.org\",\"@graph\":[{\"@type\":\"WebPage\",\"@id\":\"https:\/\/www.welovecycling.com\/cs\/2019\/05\/29\/hirt-zazaril-v-kralovske-etape-skoncil-druhy\/\",\"url\":\"https:\/\/www.welovecycling.com\/cs\/2019\/05\/29\/hirt-zazaril-v-kralovske-etape-skoncil-druhy\/\",\"name\":\"Hirt zaz\u00e1\u0159il v kr\u00e1lovsk\u00e9 etap\u011b. Skon\u010dil druh\u00fd | \u0160koda We Love Cycling - \u010cesk\u00e1 republika\",\"isPartOf\":{\"@id\":\"https:\/\/www.welovecycling.com\/cs\/#website\"},\"primaryImageOfPage\":{\"@id\":\"https:\/\/www.welovecycling.com\/cs\/2019\/05\/29\/hirt-zazaril-v-kralovske-etape-skoncil-druhy\/#primaryimage\"},\"image\":{\"@id\":\"https:\/\/www.welovecycling.com\/cs\/2019\/05\/29\/hirt-zazaril-v-kralovske-etape-skoncil-druhy\/#primaryimage\"},\"thumbnailUrl\":\"https:\/\/d2p6e6u75xmxt8.cloudfront.net\/13\/2019\/05\/hirt-foto-Astana-Team.webp\",\"datePublished\":\"2019-05-29T07:14:37+00:00\",\"author\":{\"@id\":\"\"},\"inLanguage\":\"cs\",\"potentialAction\":[{\"@type\":\"ReadAction\",\"target\":[\"https:\/\/www.welovecycling.com\/cs\/2019\/05\/29\/hirt-zazaril-v-kralovske-etape-skoncil-druhy\/\"]}]},{\"@type\":\"ImageObject\",\"inLanguage\":\"cs\",\"@id\":\"https:\/\/www.welovecycling.com\/cs\/2019\/05\/29\/hirt-zazaril-v-kralovske-etape-skoncil-druhy\/#primaryimage\",\"url\":\"https:\/\/d2p6e6u75xmxt8.cloudfront.net\/13\/2019\/05\/hirt-foto-Astana-Team.webp\",\"contentUrl\":\"https:\/\/d2p6e6u75xmxt8.cloudfront.net\/13\/2019\/05\/hirt-foto-Astana-Team.webp\",\"width\":960,\"height\":640,\"caption\":\"Jan Hirt v dresu Astany. Foto: Giro d'Italia\"},{\"@type\":\"WebSite\",\"@id\":\"https:\/\/www.welovecycling.com\/cs\/#website\",\"url\":\"https:\/\/www.welovecycling.com\/cs\/\",\"name\":\"\u0160koda We Love Cycling - \u010cesk\u00e1 republika\",\"description\":\"WeLoveCycling.cz je online magaz\u00edn, kter\u00fd v\u00e1m pravideln\u011b p\u0159in\u00e1\u0161\u00ed rady a tipy, zaj\u00edmav\u00e9 \u010dl\u00e1nky, videa a jedine\u010dn\u00e9 report\u00e1\u017ee ze sv\u011bta cyklistiky.\",\"potentialAction\":[{\"@type\":\"SearchAction\",\"target\":{\"@type\":\"EntryPoint\",\"urlTemplate\":\"https:\/\/www.welovecycling.com\/cs\/?s={search_term_string}\"},\"query-input\":{\"@type\":\"PropertyValueSpecification\",\"valueRequired\":true,\"valueName\":\"search_term_string\"}}],\"inLanguage\":\"cs\"},{\"@type\":\"Person\",\"@id\":\"\",\"url\":\"https:\/\/www.welovecycling.com\/cs\/author\/\"}]}<\/script>\n<!-- \/ Yoast SEO Premium plugin. -->","yoast_head_json":{"title":"Hirt zaz\u00e1\u0159il v kr\u00e1lovsk\u00e9 etap\u011b. Skon\u010dil druh\u00fd | \u0160koda We Love Cycling - \u010cesk\u00e1 republika","robots":{"index":"index","follow":"follow","max-snippet":"max-snippet:-1","max-image-preview":"max-image-preview:large","max-video-preview":"max-video-preview:-1"},"canonical":"https:\/\/www.welovecycling.com\/cs\/2019\/05\/29\/hirt-zazaril-v-kralovske-etape-skoncil-druhy\/","og_locale":"cs_CZ","og_type":"article","og_title":"Hirt zaz\u00e1\u0159il v kr\u00e1lovsk\u00e9 etap\u011b. Skon\u010dil druh\u00fd","og_description":"Tahle etapa nesla u\u017e p\u0159ed za\u010d\u00e1tkem Gira ozna\u010den\u00ed kr\u00e1lovsk\u00e1. A i kdy\u017e se kv\u016fli sn\u011bhu, ledovce a nebezpe\u010d\u00ed lavin nakonec [&hellip;]","og_url":"https:\/\/www.welovecycling.com\/cs\/2019\/05\/29\/hirt-zazaril-v-kralovske-etape-skoncil-druhy\/","og_site_name":"\u0160koda We Love Cycling - \u010cesk\u00e1 republika","article_published_time":"2019-05-29T07:14:37+00:00","og_image":[{"width":960,"height":640,"url":"https:\/\/d2p6e6u75xmxt8.cloudfront.net\/13\/2019\/05\/hirt-foto-Astana-Team.webp","type":"image\/webp"}],"twitter_card":"summary_large_image","twitter_misc":{"Written by":"Jan Kr\u016fta","Est. reading time":"3"},"schema":{"@context":"https:\/\/schema.org","@graph":[{"@type":"WebPage","@id":"https:\/\/www.welovecycling.com\/cs\/2019\/05\/29\/hirt-zazaril-v-kralovske-etape-skoncil-druhy\/","url":"https:\/\/www.welovecycling.com\/cs\/2019\/05\/29\/hirt-zazaril-v-kralovske-etape-skoncil-druhy\/","name":"Hirt zaz\u00e1\u0159il v kr\u00e1lovsk\u00e9 etap\u011b. Skon\u010dil druh\u00fd | \u0160koda We Love Cycling - \u010cesk\u00e1 republika","isPartOf":{"@id":"https:\/\/www.welovecycling.com\/cs\/#website"},"primaryImageOfPage":{"@id":"https:\/\/www.welovecycling.com\/cs\/2019\/05\/29\/hirt-zazaril-v-kralovske-etape-skoncil-druhy\/#primaryimage"},"image":{"@id":"https:\/\/www.welovecycling.com\/cs\/2019\/05\/29\/hirt-zazaril-v-kralovske-etape-skoncil-druhy\/#primaryimage"},"thumbnailUrl":"https:\/\/d2p6e6u75xmxt8.cloudfront.net\/13\/2019\/05\/hirt-foto-Astana-Team.webp","datePublished":"2019-05-29T07:14:37+00:00","author":{"@id":""},"inLanguage":"cs","potentialAction":[{"@type":"ReadAction","target":["https:\/\/www.welovecycling.com\/cs\/2019\/05\/29\/hirt-zazaril-v-kralovske-etape-skoncil-druhy\/"]}]},{"@type":"ImageObject","inLanguage":"cs","@id":"https:\/\/www.welovecycling.com\/cs\/2019\/05\/29\/hirt-zazaril-v-kralovske-etape-skoncil-druhy\/#primaryimage","url":"https:\/\/d2p6e6u75xmxt8.cloudfront.net\/13\/2019\/05\/hirt-foto-Astana-Team.webp","contentUrl":"https:\/\/d2p6e6u75xmxt8.cloudfront.net\/13\/2019\/05\/hirt-foto-Astana-Team.webp","width":960,"height":640,"caption":"Jan Hirt v dresu Astany. Foto: Giro d'Italia"},{"@type":"WebSite","@id":"https:\/\/www.welovecycling.com\/cs\/#website","url":"https:\/\/www.welovecycling.com\/cs\/","name":"\u0160koda We Love Cycling - \u010cesk\u00e1 republika","description":"WeLoveCycling.cz je online magaz\u00edn, kter\u00fd v\u00e1m pravideln\u011b p\u0159in\u00e1\u0161\u00ed rady a tipy, zaj\u00edmav\u00e9 \u010dl\u00e1nky, videa a jedine\u010dn\u00e9 report\u00e1\u017ee ze sv\u011bta cyklistiky.","potentialAction":[{"@type":"SearchAction","target":{"@type":"EntryPoint","urlTemplate":"https:\/\/www.welovecycling.com\/cs\/?s={search_term_string}"},"query-input":{"@type":"PropertyValueSpecification","valueRequired":true,"valueName":"search_term_string"}}],"inLanguage":"cs"},{"@type":"Person","@id":"","url":"https:\/\/www.welovecycling.com\/cs\/author\/"}]}},"_links":{"self":[{"href":"https:\/\/www.welovecycling.com\/cs\/wp-json\/wp\/v2\/posts\/2225","targetHints":{"allow":["GET"]}}],"collection":[{"href":"https:\/\/www.welovecycling.com\/cs\/wp-json\/wp\/v2\/posts"}],"about":[{"href":"https:\/\/www.welovecycling.com\/cs\/wp-json\/wp\/v2\/types\/post"}],"author":[{"embeddable":true,"href":"https:\/\/www.welovecycling.com\/cs\/wp-json\/wp\/v2\/users\/95"}],"replies":[{"embeddable":true,"href":"https:\/\/www.welovecycling.com\/cs\/wp-json\/wp\/v2\/comments?post=2225"}],"version-history":[{"count":2,"href":"https:\/\/www.welovecycling.com\/cs\/wp-json\/wp\/v2\/posts\/2225\/revisions"}],"predecessor-version":[{"id":2230,"href":"https:\/\/www.welovecycling.com\/cs\/wp-json\/wp\/v2\/posts\/2225\/revisions\/2230"}],"wp:featuredmedia":[{"embeddable":true,"href":"https:\/\/www.welovecycling.com\/cs\/wp-json\/wp\/v2\/media\/2227"}],"wp:attachment":[{"href":"https:\/\/www.welovecycling.com\/cs\/wp-json\/wp\/v2\/media?parent=2225"}],"wp:term":[{"taxonomy":"category","embeddable":true,"href":"https:\/\/www.welovecycling.com\/cs\/wp-json\/wp\/v2\/categories?post=2225"},{"taxonomy":"post_tag","embeddable":true,"href":"https:\/\/www.welovecycling.com\/cs\/wp-json\/wp\/v2\/tags?post=2225"},{"taxonomy":"global-categories","embeddable":true,"href":"https:\/\/www.welovecycling.com\/cs\/wp-json\/wp\/v2\/global-categories?post=2225"}],"curies":[{"name":"wp","href":"https:\/\/api.w.org\/{rel}","templated":true}]}}