{"id":22142,"date":"2023-04-21T07:00:01","date_gmt":"2023-04-21T05:00:01","guid":{"rendered":"https:\/\/www.welovecycling.com\/cs\/?p=22142"},"modified":"2023-04-20T17:17:56","modified_gmt":"2023-04-20T15:17:56","slug":"jak-se-na-jare-obleknout-na-kolo","status":"publish","type":"post","link":"https:\/\/www.welovecycling.com\/cs\/2023\/04\/21\/jak-se-na-jare-obleknout-na-kolo\/","title":{"rendered":"Jak se na ja\u0159e obl\u00e9knout na kolo?"},"content":{"rendered":"<p><strong>Zd\u00e1nliv\u00e1 banalita, kter\u00e1 v p\u0159\u00edpad\u011b podcen\u011bn\u00ed m\u016f\u017ee va\u0161i j\u00edzdu prom\u011bnit ve velk\u00e9 utrpen\u00ed. Slunce je na obloze st\u00e1le \u010dast\u011bji, dny jsou del\u0161\u00ed a prostoru pro prvn\u00ed jarn\u00ed vyj\u00ed\u017e\u010fky v sedle kola je v\u00edce. Pamatujte v\u0161ak, \u017ee jaro je z pohledu prom\u011bnliv\u00e9ho po\u010das\u00ed a \u010dasu pro\u017eit\u00e9ho na bicyklu nejzr\u00e1dn\u011bj\u0161\u00ed. Jak se na ja\u0159e obl\u00e9knout na kolo?<\/strong><\/p>\n<p>Slune\u010dn\u00ed paprsky je\u0161t\u011b nemaj\u00ed intenzitu. St\u00edn v lese dok\u00e1\u017ee teplotu po\u0159\u00e1dn\u011b srazit, proto\u017ee vzduch nen\u00ed dostate\u010dn\u011b oh\u0159\u00e1t\u00fd. Nemluv\u011b o studen\u00e9m v\u011btru, kter\u00fd dok\u00e1\u017ee pocitovou teplotu v\u00fdrazn\u011b srazit. A co teprve, kdy\u017e se p\u0159i\u017eenou de\u0161\u0165ov\u00e9 mraky a z nebes se spust\u00ed d\u00e9\u0161\u0165.<\/p>\n<h2><strong>Jak se obl\u00e9knout? Z\u00e1le\u017e\u00ed na \u010dase a d\u00e9lce j\u00edzdy<\/strong><\/h2>\n<p>V\u017edy vych\u00e1zejte z aktu\u00e1ln\u00edch podm\u00ednek. Oble\u010den\u00ed v\u00fdrazn\u011b ovliv\u0148uje fakt, kdy na kolo vyr\u00e1\u017e\u00edte a na jak dlouho. Pokud pl\u00e1nujete j\u00edzdu v kopc\u00edch kolem poledne, ur\u010dit\u011b si vysta\u010d\u00edte s men\u0161\u00edm po\u010dtem kus\u016f oble\u010den\u00ed. Jestli\u017ee v\u0161ak vyjedete na dlouh\u00fd tr\u00e9nink sou\u010dasn\u011b s rann\u00edm rozb\u0159eskem, rozhodn\u011b je t\u0159eba po\u010d\u00edtat s chladn\u00fdm za\u010d\u00e1tkem j\u00edzdy a n\u00e1sledn\u00fdm oteplov\u00e1n\u00edm. Opak v\u00e1s \u010dek\u00e1 vpodve\u010der, pokud vyraz\u00edte \u201epolykat\u201c kilometry v odpoledn\u00edch hodin\u00e1ch a dom\u016f se budete vracet se soumrakem.<\/p>\n<div class=\"shortcode-ys-post-pinup\"><article class=\"loop-simple post-21778 post type-post status-publish format-standard has-post-thumbnail hentry category-silnicni-cyklistika tag-caja-rural-seguros-rga tag-cyklistika tag-silnicni-cyklistika tag-tomas-barta global-categories-cycling\" data-postid=\"21778\" role=\"article\" data-post-id=\"21778\" data-word-count=\"732\" data-headline-length=\"91\" data-category=\"Silni\u010dn\u00ed cyklistika\" data-global-category=\"Cycling\" data-author=\"Radek Malina\" data-published=\"2023-03-30T18:30:46+02:00\" data-published-day=\"Thursday\">\n    <div class=\"entry-thumbnail article-thumbnail\" content=\"https:\/\/d2p6e6u75xmxt8.cloudfront.net\/13\/2023\/03\/barta-tomas-BrychtaJan_ME_Mnichov_20220813_123631_DSC_8938-1-150x150.webp\"><a href=\"https:\/\/www.welovecycling.com\/cs\/2023\/03\/30\/tomas-barta-o-spanelske-vyzve-zatim-je-to-boj-o-preziti-na-spurt-nemam-silu\/\" class=\"image-holder\" target=\"_self\"><img decoding=\"async\" loading=\"lazy\" class=\"\" src=\"https:\/\/d2p6e6u75xmxt8.cloudfront.net\/13\/2023\/03\/barta-tomas-BrychtaJan_ME_Mnichov_20220813_123631_DSC_8938-1-1024x681.webp\" srcset=\"https:\/\/d2p6e6u75xmxt8.cloudfront.net\/13\/2023\/03\/barta-tomas-BrychtaJan_ME_Mnichov_20220813_123631_DSC_8938-1.webp 2000w, https:\/\/d2p6e6u75xmxt8.cloudfront.net\/13\/2023\/03\/barta-tomas-BrychtaJan_ME_Mnichov_20220813_123631_DSC_8938-1-300x200.webp 300w, https:\/\/d2p6e6u75xmxt8.cloudfront.net\/13\/2023\/03\/barta-tomas-BrychtaJan_ME_Mnichov_20220813_123631_DSC_8938-1-1024x681.webp 1024w, https:\/\/d2p6e6u75xmxt8.cloudfront.net\/13\/2023\/03\/barta-tomas-BrychtaJan_ME_Mnichov_20220813_123631_DSC_8938-1-768x511.webp 768w, https:\/\/d2p6e6u75xmxt8.cloudfront.net\/13\/2023\/03\/barta-tomas-BrychtaJan_ME_Mnichov_20220813_123631_DSC_8938-1-1536x1022.webp 1536w, https:\/\/d2p6e6u75xmxt8.cloudfront.net\/13\/2023\/03\/barta-tomas-BrychtaJan_ME_Mnichov_20220813_123631_DSC_8938-1-1920x1278.webp 1920w, https:\/\/d2p6e6u75xmxt8.cloudfront.net\/13\/2023\/03\/barta-tomas-BrychtaJan_ME_Mnichov_20220813_123631_DSC_8938-1-400x266.webp 400w, https:\/\/d2p6e6u75xmxt8.cloudfront.net\/13\/2023\/03\/barta-tomas-BrychtaJan_ME_Mnichov_20220813_123631_DSC_8938-1-272x182.webp 272w, https:\/\/d2p6e6u75xmxt8.cloudfront.net\/13\/2023\/03\/barta-tomas-BrychtaJan_ME_Mnichov_20220813_123631_DSC_8938-1-1920x1278.webp 1920w\" width=\"1024\" height=\"681\" sizes=\"auto, (min-width: 1200px) 300px, (min-width: 768px) 25vw, 100vw\" alt=\"tomas-barta-o-spanelske-vyzve-zatim-je-to-boj-o-preziti-na-spurt-nemam-silu\"\/><\/a><\/div>    <div class=\"entry-meta\">\n        <a class=\"label label-secondary post-category\" href=\"https:\/\/www.welovecycling.com\/cs\/category\/silnicni-cyklistika\/\" title=\"Silni\u010dn\u00ed cyklistika\">Silni\u010dn\u00ed cyklistika<\/a>\n    <\/div>\n    <div class=\"entry-details\">\n        <a href=\"https:\/\/www.welovecycling.com\/cs\/2023\/03\/30\/tomas-barta-o-spanelske-vyzve-zatim-je-to-boj-o-preziti-na-spurt-nemam-silu\/\" class='entry-title-wrapper'>\n            <h3 class=\"entry-title\"><span>Tom\u00e1\u0161 B\u00e1rta o \u0161pan\u011blsk\u00e9 v\u00fdzv\u011b: Zat\u00edm je to boj o p\u0159e\u017eit\u00ed, na spurt nem\u00e1m s\u00edlu<\/span><\/h3>\n        <\/a>\n    <\/div>\n    <\/article>\n<\/div>\n<p>Co skladbu oble\u010den\u00ed pro jarn\u00ed tr\u00e9ninkov\u00e9 j\u00edzdy ovliv\u0148uje? Studen\u00fd vzduch. V\u00edtr. Obla\u010dnost. De\u0161\u0165ov\u00e9 p\u0159eh\u00e1\u0148ky. Klidn\u011b se m\u016f\u017eete b\u011bhem jedn\u00e9 j\u00edzdy pot\u00fdkat s propadem teplot o p\u011bt i v\u00edce stup\u0148\u016f. Z\u00e1sadn\u00ed je spr\u00e1vn\u011b vrstvit oble\u010den\u00ed.\u00a0Vrstvy v\u017edy kumulujte a m\u011bjte na pam\u011bti, \u017ee je snadn\u011bj\u0161\u00ed jednu \u010d\u00e1st oble\u010den\u00ed sundat a zastr\u010dit do zadn\u00ed kapsy dresu ne\u017e prochladnout. Jednotliv\u00e9 kusy z cyklistick\u00e9ho \u0161atn\u00edku tahejte tak, aby v\u00e1m umo\u017e\u0148ovaly regulovat t\u011blesnou teplotu. A sou\u010dasn\u011b zajist\u00ed dostate\u010dn\u00e9 odv\u011btr\u00e1n\u00ed, aby nedoch\u00e1zelo k p\u0159eh\u0159\u00edv\u00e1n\u00ed t\u011bla.<\/p>\n<p><a href=\"https:\/\/www.welovecycling.com\/cs\/2021\/05\/15\/na-kole-v-bezpeci-co-dokaze-helma\/\">Cyklistick\u00e1 helma<\/a> by m\u011bla b\u00fdt samoz\u0159ejmost\u00ed. Ka\u017edop\u00e1dn\u011b \u010delenka nebo multifunk\u010dn\u00ed \u0161\u00e1tek by nem\u011bl chyb\u011bt u \u017e\u00e1dn\u00e9ho cyklisty. Spodn\u00ed vrstvu by m\u011blo tvo\u0159it funk\u010dn\u00ed pr\u00e1dlo. Odv\u00e1d\u00ed pot z t\u011bla a udr\u017e\u00ed v\u00e1s v suchu. Na ja\u0159e je pot\u0159eba za v\u0161ech okolnost\u00ed. Prost\u0159edn\u00ed vrstvu by m\u011bla tvo\u0159it tzv. tepeln\u00e1 izolace, kter\u00e1 se vol\u00ed podle aktu\u00e1ln\u00ed venkovn\u00ed teploty.<\/p>\n<figure id=\"attachment_22143\" aria-describedby=\"caption-attachment-22143\" style=\"width: 1920px\" class=\"wp-caption alignnone\"><a href=\"https:\/\/d2p6e6u75xmxt8.cloudfront.net\/13\/2023\/04\/bunda-jaro.webp\"><img loading=\"lazy\" decoding=\"async\" class=\"size-full wp-image-22143\" src=\"https:\/\/d2p6e6u75xmxt8.cloudfront.net\/13\/2023\/04\/bunda-jaro.webp\" alt=\"Jak se na ja\u0159e obl\u00e9knout na kolo?\" width=\"1920\" height=\"1066\" srcset=\"https:\/\/d2p6e6u75xmxt8.cloudfront.net\/13\/2023\/04\/bunda-jaro.webp 1920w, https:\/\/d2p6e6u75xmxt8.cloudfront.net\/13\/2023\/04\/bunda-jaro-300x167.webp 300w, https:\/\/d2p6e6u75xmxt8.cloudfront.net\/13\/2023\/04\/bunda-jaro-1024x569.webp 1024w, https:\/\/d2p6e6u75xmxt8.cloudfront.net\/13\/2023\/04\/bunda-jaro-768x426.webp 768w, https:\/\/d2p6e6u75xmxt8.cloudfront.net\/13\/2023\/04\/bunda-jaro-1536x853.webp 1536w, https:\/\/d2p6e6u75xmxt8.cloudfront.net\/13\/2023\/04\/bunda-jaro-400x222.webp 400w\" sizes=\"auto, (max-width: 1920px) 100vw, 1920px\" \/><\/a><figcaption id=\"caption-attachment-22143\" class=\"wp-caption-text\"><em>Jak se na ja\u0159e obl\u00e9knout na kolo? Jde o hodn\u011b individu\u00e1ln\u00ed z\u00e1le\u017eitost. Z\u00e1klad je vrstvit spr\u00e1vn\u011b oble\u010den\u00ed. Foto: kalas.cz<\/em><\/figcaption><\/figure>\n<p><a href=\"https:\/\/www.welovecycling.com\/cs\/2020\/04\/17\/jezek-radi-jak-minimalizovat-nebezpeci-v-sedle-pestrobarevne-obleceni-serizeny-stroj-a-bez-muziky\/\">Horn\u00ed vrstva<\/a> je ochranou proti v\u011btru \u010di de\u0161ti. Tud\u00ed\u017e podle p\u0159edpov\u011bdi pamatujte na odpov\u00eddaj\u00edc\u00ed bundu odolnou v\u011btru \u010di de\u0161ti stejn\u011b tak jako pat\u0159i\u010dn\u00e9 kalhoty. Do patn\u00e1cti stup\u0148\u016f se doporu\u010duj\u00ed dlouh\u00e9 kalhoty, p\u0159i vy\u0161\u0161\u00edch teplot\u00e1ch jako vhodn\u00e1 alternativa poslou\u017e\u00ed t\u0159\u00ed\u010dtvrte\u010dn\u00ed kalhoty. Nohy z\u00edsk\u00e1vaj\u00ed teplo prakticky jen na z\u00e1klad\u011b frekvence \u0161lap\u00e1n\u00ed. Pokud p\u0159ed j\u00edzdou otestujete venkovn\u00ed podm\u00ednky a bude v\u00e1m v dlouh\u00fdch zateplen\u00fdch kalhot\u00e1ch teplo u\u017e p\u0159ed startem, vysta\u010d\u00edte si pr\u00e1v\u011b s t\u0159\u00ed\u010dtvrte\u010dn\u00edmi.<\/p>\n<h2><strong>N\u00e1vleky zv\u00fd\u0161\u00ed komfort<\/strong><\/h2>\n<p>Skv\u011blou variantou mohou b\u00fdt n\u00e1vleky. Pokud je po\u010das\u00ed hodn\u011b prom\u011bnliv\u00e9 nebo pl\u00e1nujete j\u00edzdu dlouhou n\u011bkolik hodin, pak se ur\u010dit\u011b hod\u00ed b\u00fdt vybaven pro p\u0159\u00edpadnou zm\u011bnu pr\u00e1v\u011b funk\u010dn\u00edmi n\u00e1vleky na nohy a ruce. N\u00e1vleky zv\u00fd\u0161\u00ed v\u00e1\u0161 komfort.<\/p>\n<div class=\"shortcode-ys-post-pinup\"><article class=\"loop-simple post-21967 post type-post status-publish format-standard has-post-thumbnail hentry category-rady-tipy tag-cyklistika tag-horska-cyklistika tag-husteni-pneumatik tag-jarni-servis-kola tag-myti-kola tag-servis-pneumatik tag-silnicni-cyklistika tag-trenink tag-udrzba-retezu tag-vymena-retezu global-categories-cycling\" data-postid=\"21967\" role=\"article\" data-post-id=\"21967\" data-word-count=\"591\" data-headline-length=\"26\" data-category=\"Rady &amp; tipy\" data-global-category=\"Cycling\" data-author=\"We Love Cycling\" data-published=\"2023-04-06T13:00:32+02:00\" data-published-day=\"Thursday\">\n    <div class=\"entry-thumbnail article-thumbnail\" content=\"https:\/\/d2p6e6u75xmxt8.cloudfront.net\/13\/2021\/11\/wlc-udrzba-kola-cerveny-brzdy-150x150.webp\"><a href=\"https:\/\/www.welovecycling.com\/cs\/2023\/04\/06\/jarni-servis-kola-jak-na-nej-v-domacich-podminkach\/\" class=\"image-holder\" target=\"_self\"><img decoding=\"async\" loading=\"lazy\" class=\"\" src=\"https:\/\/d2p6e6u75xmxt8.cloudfront.net\/13\/2021\/11\/wlc-udrzba-kola-cerveny-brzdy-1024x683.webp\" srcset=\"https:\/\/d2p6e6u75xmxt8.cloudfront.net\/13\/2021\/11\/wlc-udrzba-kola-cerveny-brzdy.webp 1600w, https:\/\/d2p6e6u75xmxt8.cloudfront.net\/13\/2021\/11\/wlc-udrzba-kola-cerveny-brzdy-300x200.webp 300w, https:\/\/d2p6e6u75xmxt8.cloudfront.net\/13\/2021\/11\/wlc-udrzba-kola-cerveny-brzdy-1024x683.webp 1024w, https:\/\/d2p6e6u75xmxt8.cloudfront.net\/13\/2021\/11\/wlc-udrzba-kola-cerveny-brzdy-768x512.webp 768w, https:\/\/d2p6e6u75xmxt8.cloudfront.net\/13\/2021\/11\/wlc-udrzba-kola-cerveny-brzdy-1536x1024.webp 1536w, https:\/\/d2p6e6u75xmxt8.cloudfront.net\/13\/2021\/11\/wlc-udrzba-kola-cerveny-brzdy-272x182.webp 272w\" width=\"1024\" height=\"683\" sizes=\"auto, (min-width: 1200px) 300px, (min-width: 768px) 25vw, 100vw\" alt=\"jarni-servis-kola-jak-na-nej-v-domacich-podminkach\"\/><\/a><\/div>    <div class=\"entry-meta\">\n        <a class=\"label label-secondary post-category\" href=\"https:\/\/www.welovecycling.com\/cs\/category\/rady-tipy\/\" title=\"Rady &amp; tipy\">Rady &amp; tipy<\/a>\n    <\/div>\n    <div class=\"entry-details\">\n        <a href=\"https:\/\/www.welovecycling.com\/cs\/2023\/04\/06\/jarni-servis-kola-jak-na-nej-v-domacich-podminkach\/\" class='entry-title-wrapper'>\n            <h3 class=\"entry-title\"><span>Jak na jarn\u00ed servis kola?<\/span><\/h3>\n        <\/a>\n    <\/div>\n    <\/article>\n<\/div>\n<p>Hlavn\u00ed je nep\u0159ehnat po\u010det vrstev. Pocen\u00ed a n\u00e1sledn\u00e9 prochladnut\u00ed je hodn\u011b nep\u0159\u00edjemn\u00e9. Z\u00e1kladem je zkou\u0161et. Co sed\u00ed jednomu, nemus\u00ed vyhovovat druh\u00e9mu. Jsou cyklist\u00e9, jim\u017e sta\u010d\u00ed p\u0159i teplot\u00e1ch kolem patn\u00e1cti stup\u0148\u016f kra\u0165asy a n\u00e1vleky k dresu s kr\u00e1tk\u00fdm ruk\u00e1vem. Jin\u00ed pot\u0159ebuj\u00ed bundu s dlouh\u00fdm ruk\u00e1vem a t\u0159\u00ed\u010dtvrte\u010dn\u00ed kalhoty je\u0161t\u011b v okam\u017eiku, kdy rtu\u0165 teplom\u011bru leze k dvac\u00edtce.<\/p>\n<p>Vhodnou alternativou je samoz\u0159ejm\u011b cyklistick\u00e1 vesta, kter\u00e1 zajist\u00ed ve sjezdech nebo rovinat\u00fdch pas\u00e1\u017e\u00edch, \u017ee v\u00e1s studen\u00fd v\u00edtr nevyvede z rovnov\u00e1hy. Pro del\u0161\u00ed tr\u00e9nink nen\u00ed od v\u011bci zav\u011bsit pod sedlo nebo do r\u00e1mu kola bra\u0161ni\u010dku, v kter\u00e9 bude p\u0159ipraveno jedno rezervn\u00ed triko. Snadno jej uvezete. A v p\u0159\u00edpad\u011b prochladnut\u00ed v\u00e1m pom\u016f\u017ee, stejn\u011b jako v okam\u017eiku, kdy z\u00e1kladn\u00ed vrstvu propot\u00edte.<\/p>\n","protected":false},"excerpt":{"rendered":"<p>Zd\u00e1nliv\u00e1 banalita, kter\u00e1 v p\u0159\u00edpad\u011b podcen\u011bn\u00ed m\u016f\u017ee va\u0161i j\u00edzdu prom\u011bnit ve velk\u00e9 utrpen\u00ed. Slunce je na obloze st\u00e1le \u010dast\u011bji, dny [&hellip;]<\/p>\n","protected":false},"author":138,"featured_media":22144,"comment_status":"open","ping_status":"open","sticky":false,"template":"","format":"standard","meta":{"footnotes":""},"categories":[15],"tags":[684,126,56,3021,2717,3022,9,27,3023,67],"global-categories":[411],"class_list":["post-22142","post","type-post","status-publish","format-standard","has-post-thumbnail","hentry","category-rady-tipy","tag-cyklisticke-obleceni","tag-cyklistika","tag-horska-cyklistika","tag-jak-se-na-jare-obleknout-na-kolo","tag-jak-se-oblect-na-kolo","tag-obleceni-na-kolo","tag-silnicni-cyklistika","tag-trenink","tag-vrstveni-obleceni","tag-zdravi-a-trenink","global-categories-cycling"],"yoast_head":"<!-- This site is optimized with the Yoast SEO Premium plugin v25.3 (Yoast SEO v25.9) - https:\/\/yoast.com\/wordpress\/plugins\/seo\/ -->\n<title>Jak se na ja\u0159e obl\u00e9knout na kolo? | \u0160koda We Love Cycling - \u010cesk\u00e1 republika<\/title>\n<meta name=\"description\" content=\"Zd\u00e1nliv\u00e1 banalita, kter\u00e1 v p\u0159\u00edpad\u011b podcen\u011bn\u00ed m\u016f\u017ee va\u0161i j\u00edzdu prom\u011bnit ve velk\u00e9 utrpen\u00ed. Jak se na ja\u0159e obl\u00e9knout na kolo?\" \/>\n<meta name=\"robots\" content=\"index, follow, max-snippet:-1, max-image-preview:large, max-video-preview:-1\" \/>\n<link rel=\"canonical\" href=\"https:\/\/www.welovecycling.com\/cs\/2023\/04\/21\/jak-se-na-jare-obleknout-na-kolo\/\" \/>\n<meta property=\"og:locale\" content=\"cs_CZ\" \/>\n<meta property=\"og:type\" content=\"article\" \/>\n<meta property=\"og:title\" content=\"Jak se na ja\u0159e obl\u00e9knout na kolo?\" \/>\n<meta property=\"og:description\" content=\"Zd\u00e1nliv\u00e1 banalita, kter\u00e1 v p\u0159\u00edpad\u011b podcen\u011bn\u00ed m\u016f\u017ee va\u0161i j\u00edzdu prom\u011bnit ve velk\u00e9 utrpen\u00ed. Jak se na ja\u0159e obl\u00e9knout na kolo?\" \/>\n<meta property=\"og:url\" content=\"https:\/\/www.welovecycling.com\/cs\/2023\/04\/21\/jak-se-na-jare-obleknout-na-kolo\/\" \/>\n<meta property=\"og:site_name\" content=\"\u0160koda We Love Cycling - \u010cesk\u00e1 republika\" \/>\n<meta property=\"article:published_time\" content=\"2023-04-21T05:00:01+00:00\" \/>\n<meta property=\"og:image\" content=\"https:\/\/d2p6e6u75xmxt8.cloudfront.net\/13\/2023\/04\/jarni-obleceni.webp\" \/>\n\t<meta property=\"og:image:width\" content=\"1920\" \/>\n\t<meta property=\"og:image:height\" content=\"1282\" \/>\n\t<meta property=\"og:image:type\" content=\"image\/webp\" \/>\n<meta name=\"author\" content=\"radekmalina\" \/>\n<meta name=\"twitter:card\" content=\"summary_large_image\" \/>\n<meta name=\"twitter:label1\" content=\"Written by\" \/>\n\t<meta name=\"twitter:data1\" content=\"We Love Cycling\" \/>\n\t<meta name=\"twitter:label2\" content=\"Est. reading time\" \/>\n\t<meta name=\"twitter:data2\" content=\"6\" \/>\n<script type=\"application\/ld+json\" class=\"yoast-schema-graph\">{\"@context\":\"https:\/\/schema.org\",\"@graph\":[{\"@type\":\"WebPage\",\"@id\":\"https:\/\/www.welovecycling.com\/cs\/2023\/04\/21\/jak-se-na-jare-obleknout-na-kolo\/\",\"url\":\"https:\/\/www.welovecycling.com\/cs\/2023\/04\/21\/jak-se-na-jare-obleknout-na-kolo\/\",\"name\":\"Jak se na ja\u0159e obl\u00e9knout na kolo? | \u0160koda We Love Cycling - \u010cesk\u00e1 republika\",\"isPartOf\":{\"@id\":\"https:\/\/www.welovecycling.com\/cs\/#website\"},\"primaryImageOfPage\":{\"@id\":\"https:\/\/www.welovecycling.com\/cs\/2023\/04\/21\/jak-se-na-jare-obleknout-na-kolo\/#primaryimage\"},\"image\":{\"@id\":\"https:\/\/www.welovecycling.com\/cs\/2023\/04\/21\/jak-se-na-jare-obleknout-na-kolo\/#primaryimage\"},\"thumbnailUrl\":\"https:\/\/d2p6e6u75xmxt8.cloudfront.net\/13\/2023\/04\/jarni-obleceni.webp\",\"datePublished\":\"2023-04-21T05:00:01+00:00\",\"author\":{\"@id\":\"https:\/\/www.welovecycling.com\/cs\/#\/schema\/person\/d9eeb0a378f3a7e4a6d12d2b536b04b8\"},\"description\":\"Zd\u00e1nliv\u00e1 banalita, kter\u00e1 v p\u0159\u00edpad\u011b podcen\u011bn\u00ed m\u016f\u017ee va\u0161i j\u00edzdu prom\u011bnit ve velk\u00e9 utrpen\u00ed. Jak se na ja\u0159e obl\u00e9knout na kolo?\",\"inLanguage\":\"cs\",\"potentialAction\":[{\"@type\":\"ReadAction\",\"target\":[\"https:\/\/www.welovecycling.com\/cs\/2023\/04\/21\/jak-se-na-jare-obleknout-na-kolo\/\"]}]},{\"@type\":\"ImageObject\",\"inLanguage\":\"cs\",\"@id\":\"https:\/\/www.welovecycling.com\/cs\/2023\/04\/21\/jak-se-na-jare-obleknout-na-kolo\/#primaryimage\",\"url\":\"https:\/\/d2p6e6u75xmxt8.cloudfront.net\/13\/2023\/04\/jarni-obleceni.webp\",\"contentUrl\":\"https:\/\/d2p6e6u75xmxt8.cloudfront.net\/13\/2023\/04\/jarni-obleceni.webp\",\"width\":1920,\"height\":1282,\"caption\":\"Jak se na ja\u0159e obl\u00e9knout na kolo? Jde o hodn\u011b individu\u00e1ln\u00ed z\u00e1le\u017eitost. Z\u00e1klad je vrstvit spr\u00e1vn\u011b oble\u010den\u00ed. Foto: kalas.cz\"},{\"@type\":\"WebSite\",\"@id\":\"https:\/\/www.welovecycling.com\/cs\/#website\",\"url\":\"https:\/\/www.welovecycling.com\/cs\/\",\"name\":\"\u0160koda We Love Cycling - \u010cesk\u00e1 republika\",\"description\":\"WeLoveCycling.cz je online magaz\u00edn, kter\u00fd v\u00e1m pravideln\u011b p\u0159in\u00e1\u0161\u00ed rady a tipy, zaj\u00edmav\u00e9 \u010dl\u00e1nky, videa a jedine\u010dn\u00e9 report\u00e1\u017ee ze sv\u011bta cyklistiky.\",\"potentialAction\":[{\"@type\":\"SearchAction\",\"target\":{\"@type\":\"EntryPoint\",\"urlTemplate\":\"https:\/\/www.welovecycling.com\/cs\/?s={search_term_string}\"},\"query-input\":{\"@type\":\"PropertyValueSpecification\",\"valueRequired\":true,\"valueName\":\"search_term_string\"}}],\"inLanguage\":\"cs\"},{\"@type\":\"Person\",\"@id\":\"https:\/\/www.welovecycling.com\/cs\/#\/schema\/person\/d9eeb0a378f3a7e4a6d12d2b536b04b8\",\"name\":\"radekmalina\",\"image\":{\"@type\":\"ImageObject\",\"inLanguage\":\"cs\",\"@id\":\"https:\/\/www.welovecycling.com\/cs\/#\/schema\/person\/image\/\",\"url\":\"https:\/\/secure.gravatar.com\/avatar\/66994b632cb8c39a46b9f54afa3ae07201b678d32a54275b6f1c9ffec356bfc0?s=96&d=mm&r=g\",\"contentUrl\":\"https:\/\/secure.gravatar.com\/avatar\/66994b632cb8c39a46b9f54afa3ae07201b678d32a54275b6f1c9ffec356bfc0?s=96&d=mm&r=g\",\"caption\":\"radekmalina\"},\"url\":\"https:\/\/www.welovecycling.com\/cs\/author\/radekmalina\/\"}]}<\/script>\n<!-- \/ Yoast SEO Premium plugin. -->","yoast_head_json":{"title":"Jak se na ja\u0159e obl\u00e9knout na kolo? | \u0160koda We Love Cycling - \u010cesk\u00e1 republika","description":"Zd\u00e1nliv\u00e1 banalita, kter\u00e1 v p\u0159\u00edpad\u011b podcen\u011bn\u00ed m\u016f\u017ee va\u0161i j\u00edzdu prom\u011bnit ve velk\u00e9 utrpen\u00ed. Jak se na ja\u0159e obl\u00e9knout na kolo?","robots":{"index":"index","follow":"follow","max-snippet":"max-snippet:-1","max-image-preview":"max-image-preview:large","max-video-preview":"max-video-preview:-1"},"canonical":"https:\/\/www.welovecycling.com\/cs\/2023\/04\/21\/jak-se-na-jare-obleknout-na-kolo\/","og_locale":"cs_CZ","og_type":"article","og_title":"Jak se na ja\u0159e obl\u00e9knout na kolo?","og_description":"Zd\u00e1nliv\u00e1 banalita, kter\u00e1 v p\u0159\u00edpad\u011b podcen\u011bn\u00ed m\u016f\u017ee va\u0161i j\u00edzdu prom\u011bnit ve velk\u00e9 utrpen\u00ed. Jak se na ja\u0159e obl\u00e9knout na kolo?","og_url":"https:\/\/www.welovecycling.com\/cs\/2023\/04\/21\/jak-se-na-jare-obleknout-na-kolo\/","og_site_name":"\u0160koda We Love Cycling - \u010cesk\u00e1 republika","article_published_time":"2023-04-21T05:00:01+00:00","og_image":[{"width":1920,"height":1282,"url":"https:\/\/d2p6e6u75xmxt8.cloudfront.net\/13\/2023\/04\/jarni-obleceni.webp","type":"image\/webp"}],"author":"radekmalina","twitter_card":"summary_large_image","twitter_misc":{"Written by":"We Love Cycling","Est. reading time":"6"},"schema":{"@context":"https:\/\/schema.org","@graph":[{"@type":"WebPage","@id":"https:\/\/www.welovecycling.com\/cs\/2023\/04\/21\/jak-se-na-jare-obleknout-na-kolo\/","url":"https:\/\/www.welovecycling.com\/cs\/2023\/04\/21\/jak-se-na-jare-obleknout-na-kolo\/","name":"Jak se na ja\u0159e obl\u00e9knout na kolo? | \u0160koda We Love Cycling - \u010cesk\u00e1 republika","isPartOf":{"@id":"https:\/\/www.welovecycling.com\/cs\/#website"},"primaryImageOfPage":{"@id":"https:\/\/www.welovecycling.com\/cs\/2023\/04\/21\/jak-se-na-jare-obleknout-na-kolo\/#primaryimage"},"image":{"@id":"https:\/\/www.welovecycling.com\/cs\/2023\/04\/21\/jak-se-na-jare-obleknout-na-kolo\/#primaryimage"},"thumbnailUrl":"https:\/\/d2p6e6u75xmxt8.cloudfront.net\/13\/2023\/04\/jarni-obleceni.webp","datePublished":"2023-04-21T05:00:01+00:00","author":{"@id":"https:\/\/www.welovecycling.com\/cs\/#\/schema\/person\/d9eeb0a378f3a7e4a6d12d2b536b04b8"},"description":"Zd\u00e1nliv\u00e1 banalita, kter\u00e1 v p\u0159\u00edpad\u011b podcen\u011bn\u00ed m\u016f\u017ee va\u0161i j\u00edzdu prom\u011bnit ve velk\u00e9 utrpen\u00ed. Jak se na ja\u0159e obl\u00e9knout na kolo?","inLanguage":"cs","potentialAction":[{"@type":"ReadAction","target":["https:\/\/www.welovecycling.com\/cs\/2023\/04\/21\/jak-se-na-jare-obleknout-na-kolo\/"]}]},{"@type":"ImageObject","inLanguage":"cs","@id":"https:\/\/www.welovecycling.com\/cs\/2023\/04\/21\/jak-se-na-jare-obleknout-na-kolo\/#primaryimage","url":"https:\/\/d2p6e6u75xmxt8.cloudfront.net\/13\/2023\/04\/jarni-obleceni.webp","contentUrl":"https:\/\/d2p6e6u75xmxt8.cloudfront.net\/13\/2023\/04\/jarni-obleceni.webp","width":1920,"height":1282,"caption":"Jak se na ja\u0159e obl\u00e9knout na kolo? Jde o hodn\u011b individu\u00e1ln\u00ed z\u00e1le\u017eitost. Z\u00e1klad je vrstvit spr\u00e1vn\u011b oble\u010den\u00ed. Foto: kalas.cz"},{"@type":"WebSite","@id":"https:\/\/www.welovecycling.com\/cs\/#website","url":"https:\/\/www.welovecycling.com\/cs\/","name":"\u0160koda We Love Cycling - \u010cesk\u00e1 republika","description":"WeLoveCycling.cz je online magaz\u00edn, kter\u00fd v\u00e1m pravideln\u011b p\u0159in\u00e1\u0161\u00ed rady a tipy, zaj\u00edmav\u00e9 \u010dl\u00e1nky, videa a jedine\u010dn\u00e9 report\u00e1\u017ee ze sv\u011bta cyklistiky.","potentialAction":[{"@type":"SearchAction","target":{"@type":"EntryPoint","urlTemplate":"https:\/\/www.welovecycling.com\/cs\/?s={search_term_string}"},"query-input":{"@type":"PropertyValueSpecification","valueRequired":true,"valueName":"search_term_string"}}],"inLanguage":"cs"},{"@type":"Person","@id":"https:\/\/www.welovecycling.com\/cs\/#\/schema\/person\/d9eeb0a378f3a7e4a6d12d2b536b04b8","name":"radekmalina","image":{"@type":"ImageObject","inLanguage":"cs","@id":"https:\/\/www.welovecycling.com\/cs\/#\/schema\/person\/image\/","url":"https:\/\/secure.gravatar.com\/avatar\/66994b632cb8c39a46b9f54afa3ae07201b678d32a54275b6f1c9ffec356bfc0?s=96&d=mm&r=g","contentUrl":"https:\/\/secure.gravatar.com\/avatar\/66994b632cb8c39a46b9f54afa3ae07201b678d32a54275b6f1c9ffec356bfc0?s=96&d=mm&r=g","caption":"radekmalina"},"url":"https:\/\/www.welovecycling.com\/cs\/author\/radekmalina\/"}]}},"_links":{"self":[{"href":"https:\/\/www.welovecycling.com\/cs\/wp-json\/wp\/v2\/posts\/22142","targetHints":{"allow":["GET"]}}],"collection":[{"href":"https:\/\/www.welovecycling.com\/cs\/wp-json\/wp\/v2\/posts"}],"about":[{"href":"https:\/\/www.welovecycling.com\/cs\/wp-json\/wp\/v2\/types\/post"}],"author":[{"embeddable":true,"href":"https:\/\/www.welovecycling.com\/cs\/wp-json\/wp\/v2\/users\/138"}],"replies":[{"embeddable":true,"href":"https:\/\/www.welovecycling.com\/cs\/wp-json\/wp\/v2\/comments?post=22142"}],"version-history":[{"count":4,"href":"https:\/\/www.welovecycling.com\/cs\/wp-json\/wp\/v2\/posts\/22142\/revisions"}],"predecessor-version":[{"id":22148,"href":"https:\/\/www.welovecycling.com\/cs\/wp-json\/wp\/v2\/posts\/22142\/revisions\/22148"}],"wp:featuredmedia":[{"embeddable":true,"href":"https:\/\/www.welovecycling.com\/cs\/wp-json\/wp\/v2\/media\/22144"}],"wp:attachment":[{"href":"https:\/\/www.welovecycling.com\/cs\/wp-json\/wp\/v2\/media?parent=22142"}],"wp:term":[{"taxonomy":"category","embeddable":true,"href":"https:\/\/www.welovecycling.com\/cs\/wp-json\/wp\/v2\/categories?post=22142"},{"taxonomy":"post_tag","embeddable":true,"href":"https:\/\/www.welovecycling.com\/cs\/wp-json\/wp\/v2\/tags?post=22142"},{"taxonomy":"global-categories","embeddable":true,"href":"https:\/\/www.welovecycling.com\/cs\/wp-json\/wp\/v2\/global-categories?post=22142"}],"curies":[{"name":"wp","href":"https:\/\/api.w.org\/{rel}","templated":true}]}}