{"id":22132,"date":"2023-04-20T16:00:09","date_gmt":"2023-04-20T14:00:09","guid":{"rendered":"https:\/\/www.welovecycling.com\/cs\/?p=22132"},"modified":"2023-04-20T11:53:11","modified_gmt":"2023-04-20T09:53:11","slug":"z-brna-do-singapuru-majkuv-zapisnik-vaha-leti-dolu-prestoze-se-cpu-jako-o-zavod","status":"publish","type":"post","link":"https:\/\/www.welovecycling.com\/cs\/2023\/04\/20\/z-brna-do-singapuru-majkuv-zapisnik-vaha-leti-dolu-prestoze-se-cpu-jako-o-zavod\/","title":{"rendered":"Z\u00a0Brna do Singapuru \u2013 Majk\u016fv z\u00e1pisn\u00edk: V\u00e1ha let\u00ed dol\u016f, p\u0159esto\u017ee se cpu jako o z\u00e1vod"},"content":{"rendered":"<p><strong>Z Brna do Singapuru! Michal Kamermeier alias Majk na cest\u00e1ch absolvuje v sedle horsk\u00e9ho kola bl\u00e1znivou cestu nap\u0159\u00ed\u010d zem\u011bkoul\u00ed, aby si splnil sen a pomohl charitativn\u00edmu projektu Jedna se po\u010d\u00edt\u00e1. Jak prob\u00edh\u00e1 jeho bitva s trasou dlouhou t\u0159in\u00e1ct tis\u00edc kilometr\u016f?<\/strong><\/p>\n<p>\u201eDo Singapuru je je\u0161t\u011b daleko, ale prvn\u00ed z\u00a0c\u00edl\u016f moj\u00ed cesty u\u017e se za\u010d\u00edn\u00e1 napl\u0148ovat. Krom\u011b charity mi \u0161lo i o vlastn\u00ed fyzick\u00fd stav, respektive redukci v\u00e1hy. A po \u0161esti t\u00fddnech c\u00edt\u00edm na oble\u010den\u00ed, \u017ee jsem shodil. Dres mi pland\u00e1, zejm\u00e9na na kalhot\u00e1ch je \u00fabytek v\u00e1hy hodn\u011b citeln\u00fd. Ur\u010dit\u011b bych mohl m\u00edt konfek\u010dn\u00ed velikost o \u010d\u00edslo men\u0161\u00ed, mo\u017en\u00e1 o dv\u011b&#8230;<\/p>\n<p>Prakticky denn\u011b ujedu porci kolem sto pades\u00e1ti kilometr\u016f. Jakmile doraz\u00edm na ubytov\u00e1n\u00ed, nen\u00ed to o pozici v\u00a0horizont\u00e1ln\u00ed poloze. V\u011bt\u0161inou m\u00e1m nocleh n\u011bkde stranou centra m\u011bsta, tak\u017ee n\u00e1sledn\u011b m\u011b \u010dek\u00e1 je\u0161t\u011b dal\u0161\u00edch deset a\u017e patn\u00e1ct tis\u00edc krok\u016f, kdy\u017e vyr\u00e1\u017e\u00edm na n\u011bco k\u00a0sn\u011bdku.<\/p>\n<h2><strong>Denn\u011b sp\u00e1l\u00ed a\u017e \u0161est tis\u00edc kalori\u00ed<\/strong><\/h2>\n<p>Pr\u016fm\u011brn\u011b denn\u011b moje t\u011blo spot\u0159ebuje p\u011bt a\u017e \u0161est tis\u00edc kalori\u00ed. J\u00edm hodn\u011b. Nic si neod\u0159\u00edk\u00e1m. A stejn\u011b nem\u00e1m \u0161anci takovou porci doplnit.<\/p>\n<div class=\"shortcode-ys-post-pinup\"><article class=\"loop-simple post-20931 post type-post status-publish format-standard has-post-thumbnail hentry category-kolem-sveta category-https-www-welovecycling-com-cs-category-zabava tag-cyklistika tag-horska-cyklistika tag-majk-na-cestach tag-michal-kamermeier tag-silnicni-cyklistika tag-vyziva tag-z-brna-do-singapuru tag-zdravi-a-trenink global-categories-cycling\" data-postid=\"20931\" role=\"article\" data-post-id=\"20931\" data-word-count=\"581\" data-headline-length=\"117\" data-category=\"Kolem sv\u011bta s Majkem\" data-global-category=\"Cycling\" data-author=\"Radek Malina\" data-published=\"2023-03-01T13:00:11+02:00\" data-published-day=\"Wednesday\">\n    <div class=\"entry-thumbnail article-thumbnail\" content=\"https:\/\/d2p6e6u75xmxt8.cloudfront.net\/13\/2023\/02\/majk-Etape-du-Tour-150x150.webp\"><a href=\"https:\/\/www.welovecycling.com\/cs\/2023\/03\/01\/majk-na-cestach-o-planu-stravovani-behem-cesty-do-singapuru-tesim-se-ze-pujde-i-o-kulinarsky-zazitek\/\" class=\"image-holder\" target=\"_self\"><img decoding=\"async\" loading=\"lazy\" class=\"\" src=\"https:\/\/d2p6e6u75xmxt8.cloudfront.net\/13\/2023\/02\/majk-Etape-du-Tour-1024x682.webp\" srcset=\"https:\/\/d2p6e6u75xmxt8.cloudfront.net\/13\/2023\/02\/majk-Etape-du-Tour.webp 2000w, https:\/\/d2p6e6u75xmxt8.cloudfront.net\/13\/2023\/02\/majk-Etape-du-Tour-300x200.webp 300w, https:\/\/d2p6e6u75xmxt8.cloudfront.net\/13\/2023\/02\/majk-Etape-du-Tour-1024x682.webp 1024w, https:\/\/d2p6e6u75xmxt8.cloudfront.net\/13\/2023\/02\/majk-Etape-du-Tour-768x512.webp 768w, https:\/\/d2p6e6u75xmxt8.cloudfront.net\/13\/2023\/02\/majk-Etape-du-Tour-1536x1024.webp 1536w, https:\/\/d2p6e6u75xmxt8.cloudfront.net\/13\/2023\/02\/majk-Etape-du-Tour-1920x1280.webp 1920w, https:\/\/d2p6e6u75xmxt8.cloudfront.net\/13\/2023\/02\/majk-Etape-du-Tour-400x267.webp 400w, https:\/\/d2p6e6u75xmxt8.cloudfront.net\/13\/2023\/02\/majk-Etape-du-Tour-272x182.webp 272w, https:\/\/d2p6e6u75xmxt8.cloudfront.net\/13\/2023\/02\/majk-Etape-du-Tour-1920x1280.webp 1920w\" width=\"1024\" height=\"682\" sizes=\"auto, (min-width: 1200px) 300px, (min-width: 768px) 25vw, 100vw\" alt=\"majk-na-cestach-o-planu-stravovani-behem-cesty-do-singapuru-tesim-se-ze-pujde-i-o-kulinarsky-zazitek\"\/><\/a><\/div>    <div class=\"entry-meta\">\n        <a class=\"label label-secondary post-category\" href=\"https:\/\/www.welovecycling.com\/cs\/category\/kolem-sveta\/\" title=\"Kolem sv\u011bta s Majkem\">Kolem sv\u011bta s Majkem<\/a>\n    <\/div>\n    <div class=\"entry-details\">\n        <a href=\"https:\/\/www.welovecycling.com\/cs\/2023\/03\/01\/majk-na-cestach-o-planu-stravovani-behem-cesty-do-singapuru-tesim-se-ze-pujde-i-o-kulinarsky-zazitek\/\" class='entry-title-wrapper'>\n            <h3 class=\"entry-title\"><span>Majk na cest\u00e1ch o pl\u00e1nu stravov\u00e1n\u00ed b\u011bhem cesty do Singapuru: T\u011b\u0161\u00edm se, \u017ee p\u016fjde i o kulin\u00e1\u0159sk\u00fd z\u00e1\u017eitek<\/span><\/h3>\n        <\/a>\n    <\/div>\n    <\/article>\n<\/div>\n<p>V\u016fbec p\u0159itom ne\u0159e\u0161\u00edm skladbu j\u00eddeln\u00ed\u010dku. Snad jen \u010dasov\u00e9 rozlo\u017een\u00ed. Dopoledne si d\u00e1v\u00e1m sladk\u00e9 pokrmy, proto\u017ee ve\u010der do sebe nechci cp\u00e1t jednoduch\u00e9 cukry. M\u00e1m dv\u011b hlavn\u00ed j\u00eddla b\u011bhem dne. R\u00e1no velkou sn\u00eddani, po dojezdu do c\u00edlov\u00e9ho m\u011bsta velkou ve\u010de\u0159i. P\u0159es den hlavn\u011b ovoce. V\u00a0\u00cdr\u00e1nu placi\u010dky z\u00a0vysu\u0161en\u00e9ho ovoce. Jedna ruli\u010dka vych\u00e1z\u00ed asi na t\u0159i koruny. Je to skv\u011bl\u00fd a \u010dist\u011b p\u0159\u00edrodn\u00ed zdroj energie.<\/p>\n<figure id=\"attachment_22138\" aria-describedby=\"caption-attachment-22138\" style=\"width: 680px\" class=\"wp-caption alignnone\"><a href=\"https:\/\/d2p6e6u75xmxt8.cloudfront.net\/13\/2023\/04\/susene-ovoce.webp\"><img loading=\"lazy\" decoding=\"async\" class=\" wp-image-22138\" src=\"https:\/\/d2p6e6u75xmxt8.cloudfront.net\/13\/2023\/04\/susene-ovoce.webp\" alt=\"Ovocn\u00e9 ty\u010dinky jsou v \u00cdr\u00e1nu zdrojem energie pro Majka na cest\u00e1ch p\u0159i jeho putov\u00e1n\u00ed z Brna do Singapuru.\" width=\"680\" height=\"767\" srcset=\"https:\/\/d2p6e6u75xmxt8.cloudfront.net\/13\/2023\/04\/susene-ovoce.webp 426w, https:\/\/d2p6e6u75xmxt8.cloudfront.net\/13\/2023\/04\/susene-ovoce-266x300.webp 266w, https:\/\/d2p6e6u75xmxt8.cloudfront.net\/13\/2023\/04\/susene-ovoce-354x400.webp 354w\" sizes=\"auto, (max-width: 680px) 100vw, 680px\" \/><\/a><figcaption id=\"caption-attachment-22138\" class=\"wp-caption-text\"><em>Ovocn\u00e9 ty\u010dinky jsou v \u00cdr\u00e1nu zdrojem energie pro Majka na cest\u00e1ch p\u0159i jeho putov\u00e1n\u00ed z Brna do Singapuru.<\/em><\/figcaption><\/figure>\n<p>V\u0161ude se do j\u00eddla d\u00e1v\u00e1 \u0161afr\u00e1n. R\u00fd\u017ee se \u0161afr\u00e1nem. \u0160afr\u00e1nov\u00e9 ku\u0159e. Jehn\u011b\u010d\u00ed na \u0161afr\u00e1nu. V \u010cesku by \u0161lo o j\u00eddla cenov\u011b nedostupn\u00e1, tady se komfortn\u011b vejdu v p\u0159epo\u010dtu do stovky. V\u0161echno se nav\u00edc d\u011bl\u00e1 na grilu, \u017e\u00e1dn\u00e1 sma\u017een\u00e1 j\u00eddla.<\/p>\n<p>\u010casto se mi st\u00e1v\u00e1, \u017ee m\u011b n\u011bkdo pozve na j\u00eddlo. Jsem pro m\u00edstn\u00ed hodn\u011b velkou atrakc\u00ed. V\u00a0ubytov\u00e1n\u00ed si v\u011bt\u0161inou o spole\u010dn\u00e9 foto \u0159\u00edkaj\u00ed \u00fapln\u011b v\u0161ichni, v\u00a0restaurac\u00edch zrovna tak. Lid\u00e9 m\u011b zastavuj\u00ed i na ulic\u00edch. Ptaj\u00ed se, pro\u010d jsem p\u0159ijel do \u00cdr\u00e1nu. A kdy\u017e \u0159eknu, \u017ee jedu z\u00a0\u010ceska a m\u00ed\u0159\u00edm do Singapuru, jsou zcela u vytr\u017een\u00ed. Hodn\u011b lidi mi \u0159eklo, \u017ee vid\u00ed cizince po t\u0159ech \u010dty\u0159ech letech.<\/p>\n<h2><strong>Ramad\u00e1n? Ji\u017en\u011bji panuj\u00ed p\u0159\u00edsn\u011bj\u0161\u00ed pravidla<\/strong><\/h2>\n<p>U\u017e jsem se zbavil zimn\u00edho oble\u010den\u00ed. V\u00a0Teher\u00e1nu jsem ho v\u011bnoval pot\u0159ebn\u00fdm. Teplota u\u017e by nem\u011bla klesnout pod dvacet stup\u0148\u016f. Sp\u00ed\u0161e bude v\u011bt\u0161\u00ed vedro. Tro\u0161ku jsem se b\u011bhem ramad\u00e1nu pot\u00fdkal s\u00a0mo\u017enost\u00ed dopln\u011bn\u00ed energie b\u011bhem dne. V\u00a0batohu jsem m\u011bl ty\u010dinky, a pr\u00e1v\u011b m\u00edstn\u00ed ovocn\u00e9 dobroty. A k\u00a0tomu p\u011bt litr\u016f vody krom\u011b bidonu. Mus\u00edm s\u00a0vodou i j\u00eddlem nakl\u00e1dat hodn\u011b obez\u0159etn\u011b, proto\u017ee se pohybuji po pou\u0161tn\u00edch \u00fazem\u00edch. A t\u0159eba pades\u00e1t kilometr\u016f nenaraz\u00edm na jedin\u00e9 staven\u00ed.<\/p>\n<div class=\"shortcode-ys-post-pinup\"><article class=\"loop-simple post-22021 post type-post status-publish format-standard has-post-thumbnail hentry category-silnicni-cyklistika tag-cyklistika tag-jakub-truksa tag-paris-roubaix-challenge tag-pariz-roubaix-2023 global-categories-cycling\" data-postid=\"22021\" role=\"article\" data-post-id=\"22021\" data-word-count=\"1048\" data-headline-length=\"96\" data-category=\"Silni\u010dn\u00ed cyklistika\" data-global-category=\"Cycling\" data-author=\"Jakub Truksa\" data-published=\"2023-04-11T13:54:01+02:00\" data-published-day=\"Tuesday\">\n    <div class=\"entry-thumbnail article-thumbnail\" content=\"https:\/\/d2p6e6u75xmxt8.cloudfront.net\/13\/2023\/04\/roubaix-truksa-3-150x150.webp\"><a href=\"https:\/\/www.welovecycling.com\/cs\/2023\/04\/11\/pariz-roubaix-na-vlastni-kuzi-zivotni-vyzva-aneb-do-cile-pekla-severu-krvi-zbroceny\/\" class=\"image-holder\" target=\"_self\"><img decoding=\"async\" loading=\"lazy\" class=\"\" src=\"https:\/\/d2p6e6u75xmxt8.cloudfront.net\/13\/2023\/04\/roubaix-truksa-3-1024x804.webp\" srcset=\"https:\/\/d2p6e6u75xmxt8.cloudfront.net\/13\/2023\/04\/roubaix-truksa-3-scaled.webp 2560w, https:\/\/d2p6e6u75xmxt8.cloudfront.net\/13\/2023\/04\/roubaix-truksa-3-300x236.webp 300w, https:\/\/d2p6e6u75xmxt8.cloudfront.net\/13\/2023\/04\/roubaix-truksa-3-1024x804.webp 1024w, https:\/\/d2p6e6u75xmxt8.cloudfront.net\/13\/2023\/04\/roubaix-truksa-3-768x603.webp 768w, https:\/\/d2p6e6u75xmxt8.cloudfront.net\/13\/2023\/04\/roubaix-truksa-3-1536x1207.webp 1536w, https:\/\/d2p6e6u75xmxt8.cloudfront.net\/13\/2023\/04\/roubaix-truksa-3-2048x1609.webp 2048w, https:\/\/d2p6e6u75xmxt8.cloudfront.net\/13\/2023\/04\/roubaix-truksa-3-1920x1508.webp 1920w, https:\/\/d2p6e6u75xmxt8.cloudfront.net\/13\/2023\/04\/roubaix-truksa-3-400x314.webp 400w, https:\/\/d2p6e6u75xmxt8.cloudfront.net\/13\/2023\/04\/roubaix-truksa-3-1920x1508.webp 1920w\" width=\"1024\" height=\"804\" sizes=\"auto, (min-width: 1200px) 300px, (min-width: 768px) 25vw, 100vw\" alt=\"pariz-roubaix-na-vlastni-kuzi-zivotni-vyzva-aneb-do-cile-pekla-severu-krvi-zbroceny\"\/><\/a><\/div>    <div class=\"entry-meta\">\n        <a class=\"label label-secondary post-category\" href=\"https:\/\/www.welovecycling.com\/cs\/category\/silnicni-cyklistika\/\" title=\"Silni\u010dn\u00ed cyklistika\">Silni\u010dn\u00ed cyklistika<\/a>\n    <\/div>\n    <div class=\"entry-details\">\n        <a href=\"https:\/\/www.welovecycling.com\/cs\/2023\/04\/11\/pariz-roubaix-na-vlastni-kuzi-zivotni-vyzva-aneb-do-cile-pekla-severu-krvi-zbroceny\/\" class='entry-title-wrapper'>\n            <h3 class=\"entry-title\"><span>Pa\u0159\u00ed\u017e-Roubaix na vlastn\u00ed k\u016f\u017ei! \u017divotn\u00ed v\u00fdzva aneb do c\u00edle Pekla severu krv\u00ed zbrocen\u00fd<\/span><\/h3>\n        <\/a>\n    <\/div>\n    <\/article>\n<\/div>\n<p>Ka\u017edop\u00e1dn\u011b se p\u0159\u00edstup k\u00a0ramad\u00e1nu hodn\u011b m\u011bnil podle oblasti, v\u00a0n\u00ed\u017e jsem se pohyboval. Na severu zem\u011b bylo v\u0161e liber\u00e1ln\u011bj\u0161\u00ed. Dokonce jsem vid\u011bl d\u00edvky, kter\u00e9 nebyly zahalen\u00e9. Ale \u010d\u00edm v\u00edce jsem na jih od Teher\u00e1nu, t\u00edm jsou pravidla striktn\u011bj\u0161\u00ed.<\/p>\n<p>V\u00a0sobotu m\u011b \u010dek\u00e1 asi nucen\u00fd den volna. V\u00a0p\u00e1tek toti\u017e ramad\u00e1n kon\u010d\u00ed, tak m\u011b m\u00edstn\u00ed upozor\u0148ovali, \u017ee n\u00e1sledn\u011b nebude fungovat v\u016fbec nic. P\u016fjde o jednu velkou oslavu. V\u0161echny obchody a restaurace budou zav\u0159en\u00e9. Probl\u00e9mem je i zaji\u0161t\u011bn\u00ed noclehu. Ale nepochybuji, \u017ee p\u0159i vl\u00eddnosti m\u00edstn\u00edch se v\u0161e vy\u0159e\u0161\u00ed.\u201c<\/p>\n","protected":false},"excerpt":{"rendered":"<p>Z Brna do Singapuru! Michal Kamermeier alias Majk na cest\u00e1ch absolvuje v sedle horsk\u00e9ho kola bl\u00e1znivou cestu nap\u0159\u00ed\u010d zem\u011bkoul\u00ed, aby [&hellip;]<\/p>\n","protected":false},"author":138,"featured_media":22133,"comment_status":"open","ping_status":"open","sticky":false,"template":"","format":"standard","meta":{"footnotes":""},"categories":[2926],"tags":[126,3020,2976,769,27,17,2899,67],"global-categories":[411],"class_list":["post-22132","post","type-post","status-publish","format-standard","has-post-thumbnail","hentry","category-kolem-sveta","tag-cyklistika","tag-cyklistika-v-iranu","tag-kolem-sveta-s-majkem","tag-majk-na-cestach","tag-trenink","tag-vyziva","tag-z-brna-do-singapuru","tag-zdravi-a-trenink","global-categories-cycling"],"yoast_head":"<!-- This site is optimized with the Yoast SEO Premium plugin v25.3 (Yoast SEO v25.9) - https:\/\/yoast.com\/wordpress\/plugins\/seo\/ -->\n<title>Z\u00a0Brna do Singapuru \u2013 Majk\u016fv z\u00e1pisn\u00edk: V\u00e1ha let\u00ed dol\u016f, p\u0159esto\u017ee se cpu jako o z\u00e1vod | \u0160koda We Love Cycling - \u010cesk\u00e1 republika<\/title>\n<meta name=\"robots\" content=\"index, follow, max-snippet:-1, max-image-preview:large, max-video-preview:-1\" \/>\n<link rel=\"canonical\" href=\"https:\/\/www.welovecycling.com\/cs\/2023\/04\/20\/z-brna-do-singapuru-majkuv-zapisnik-vaha-leti-dolu-prestoze-se-cpu-jako-o-zavod\/\" \/>\n<meta property=\"og:locale\" content=\"cs_CZ\" \/>\n<meta property=\"og:type\" content=\"article\" \/>\n<meta property=\"og:title\" content=\"Z\u00a0Brna do Singapuru \u2013 Majk\u016fv z\u00e1pisn\u00edk: V\u00e1ha let\u00ed dol\u016f, p\u0159esto\u017ee se cpu jako o z\u00e1vod\" \/>\n<meta property=\"og:description\" content=\"Z Brna do Singapuru! Michal Kamermeier alias Majk na cest\u00e1ch absolvuje v sedle horsk\u00e9ho kola bl\u00e1znivou cestu nap\u0159\u00ed\u010d zem\u011bkoul\u00ed, aby [&hellip;]\" \/>\n<meta property=\"og:url\" content=\"https:\/\/www.welovecycling.com\/cs\/2023\/04\/20\/z-brna-do-singapuru-majkuv-zapisnik-vaha-leti-dolu-prestoze-se-cpu-jako-o-zavod\/\" \/>\n<meta property=\"og:site_name\" content=\"\u0160koda We Love Cycling - \u010cesk\u00e1 republika\" \/>\n<meta property=\"article:published_time\" content=\"2023-04-20T14:00:09+00:00\" \/>\n<meta property=\"og:image\" content=\"https:\/\/d2p6e6u75xmxt8.cloudfront.net\/13\/2023\/04\/majk-kolo-iran-scaled.webp\" \/>\n\t<meta property=\"og:image:width\" content=\"2560\" \/>\n\t<meta property=\"og:image:height\" content=\"1196\" \/>\n\t<meta property=\"og:image:type\" content=\"image\/webp\" \/>\n<meta name=\"author\" content=\"radekmalina\" \/>\n<meta name=\"twitter:card\" content=\"summary_large_image\" \/>\n<meta name=\"twitter:label1\" content=\"Written by\" \/>\n\t<meta name=\"twitter:data1\" content=\"Jakub Truksa\" \/>\n\t<meta name=\"twitter:label2\" content=\"Est. reading time\" \/>\n\t<meta name=\"twitter:data2\" content=\"7\" \/>\n<script type=\"application\/ld+json\" class=\"yoast-schema-graph\">{\"@context\":\"https:\/\/schema.org\",\"@graph\":[{\"@type\":\"WebPage\",\"@id\":\"https:\/\/www.welovecycling.com\/cs\/2023\/04\/20\/z-brna-do-singapuru-majkuv-zapisnik-vaha-leti-dolu-prestoze-se-cpu-jako-o-zavod\/\",\"url\":\"https:\/\/www.welovecycling.com\/cs\/2023\/04\/20\/z-brna-do-singapuru-majkuv-zapisnik-vaha-leti-dolu-prestoze-se-cpu-jako-o-zavod\/\",\"name\":\"Z\u00a0Brna do Singapuru \u2013 Majk\u016fv z\u00e1pisn\u00edk: V\u00e1ha let\u00ed dol\u016f, p\u0159esto\u017ee se cpu jako o z\u00e1vod | \u0160koda We Love Cycling - \u010cesk\u00e1 republika\",\"isPartOf\":{\"@id\":\"https:\/\/www.welovecycling.com\/cs\/#website\"},\"primaryImageOfPage\":{\"@id\":\"https:\/\/www.welovecycling.com\/cs\/2023\/04\/20\/z-brna-do-singapuru-majkuv-zapisnik-vaha-leti-dolu-prestoze-se-cpu-jako-o-zavod\/#primaryimage\"},\"image\":{\"@id\":\"https:\/\/www.welovecycling.com\/cs\/2023\/04\/20\/z-brna-do-singapuru-majkuv-zapisnik-vaha-leti-dolu-prestoze-se-cpu-jako-o-zavod\/#primaryimage\"},\"thumbnailUrl\":\"https:\/\/d2p6e6u75xmxt8.cloudfront.net\/13\/2023\/04\/majk-kolo-iran-scaled.webp\",\"datePublished\":\"2023-04-20T14:00:09+00:00\",\"author\":{\"@id\":\"https:\/\/www.welovecycling.com\/cs\/#\/schema\/person\/d9eeb0a378f3a7e4a6d12d2b536b04b8\"},\"inLanguage\":\"cs\",\"potentialAction\":[{\"@type\":\"ReadAction\",\"target\":[\"https:\/\/www.welovecycling.com\/cs\/2023\/04\/20\/z-brna-do-singapuru-majkuv-zapisnik-vaha-leti-dolu-prestoze-se-cpu-jako-o-zavod\/\"]}]},{\"@type\":\"ImageObject\",\"inLanguage\":\"cs\",\"@id\":\"https:\/\/www.welovecycling.com\/cs\/2023\/04\/20\/z-brna-do-singapuru-majkuv-zapisnik-vaha-leti-dolu-prestoze-se-cpu-jako-o-zavod\/#primaryimage\",\"url\":\"https:\/\/d2p6e6u75xmxt8.cloudfront.net\/13\/2023\/04\/majk-kolo-iran-scaled.webp\",\"contentUrl\":\"https:\/\/d2p6e6u75xmxt8.cloudfront.net\/13\/2023\/04\/majk-kolo-iran-scaled.webp\",\"width\":2560,\"height\":1196},{\"@type\":\"WebSite\",\"@id\":\"https:\/\/www.welovecycling.com\/cs\/#website\",\"url\":\"https:\/\/www.welovecycling.com\/cs\/\",\"name\":\"\u0160koda We Love Cycling - \u010cesk\u00e1 republika\",\"description\":\"WeLoveCycling.cz je online magaz\u00edn, kter\u00fd v\u00e1m pravideln\u011b p\u0159in\u00e1\u0161\u00ed rady a tipy, zaj\u00edmav\u00e9 \u010dl\u00e1nky, videa a jedine\u010dn\u00e9 report\u00e1\u017ee ze sv\u011bta cyklistiky.\",\"potentialAction\":[{\"@type\":\"SearchAction\",\"target\":{\"@type\":\"EntryPoint\",\"urlTemplate\":\"https:\/\/www.welovecycling.com\/cs\/?s={search_term_string}\"},\"query-input\":{\"@type\":\"PropertyValueSpecification\",\"valueRequired\":true,\"valueName\":\"search_term_string\"}}],\"inLanguage\":\"cs\"},{\"@type\":\"Person\",\"@id\":\"https:\/\/www.welovecycling.com\/cs\/#\/schema\/person\/d9eeb0a378f3a7e4a6d12d2b536b04b8\",\"name\":\"radekmalina\",\"image\":{\"@type\":\"ImageObject\",\"inLanguage\":\"cs\",\"@id\":\"https:\/\/www.welovecycling.com\/cs\/#\/schema\/person\/image\/\",\"url\":\"https:\/\/secure.gravatar.com\/avatar\/66994b632cb8c39a46b9f54afa3ae07201b678d32a54275b6f1c9ffec356bfc0?s=96&d=mm&r=g\",\"contentUrl\":\"https:\/\/secure.gravatar.com\/avatar\/66994b632cb8c39a46b9f54afa3ae07201b678d32a54275b6f1c9ffec356bfc0?s=96&d=mm&r=g\",\"caption\":\"radekmalina\"},\"url\":\"https:\/\/www.welovecycling.com\/cs\/author\/radekmalina\/\"}]}<\/script>\n<!-- \/ Yoast SEO Premium plugin. -->","yoast_head_json":{"title":"Z\u00a0Brna do Singapuru \u2013 Majk\u016fv z\u00e1pisn\u00edk: V\u00e1ha let\u00ed dol\u016f, p\u0159esto\u017ee se cpu jako o z\u00e1vod | \u0160koda We Love Cycling - \u010cesk\u00e1 republika","robots":{"index":"index","follow":"follow","max-snippet":"max-snippet:-1","max-image-preview":"max-image-preview:large","max-video-preview":"max-video-preview:-1"},"canonical":"https:\/\/www.welovecycling.com\/cs\/2023\/04\/20\/z-brna-do-singapuru-majkuv-zapisnik-vaha-leti-dolu-prestoze-se-cpu-jako-o-zavod\/","og_locale":"cs_CZ","og_type":"article","og_title":"Z\u00a0Brna do Singapuru \u2013 Majk\u016fv z\u00e1pisn\u00edk: V\u00e1ha let\u00ed dol\u016f, p\u0159esto\u017ee se cpu jako o z\u00e1vod","og_description":"Z Brna do Singapuru! Michal Kamermeier alias Majk na cest\u00e1ch absolvuje v sedle horsk\u00e9ho kola bl\u00e1znivou cestu nap\u0159\u00ed\u010d zem\u011bkoul\u00ed, aby [&hellip;]","og_url":"https:\/\/www.welovecycling.com\/cs\/2023\/04\/20\/z-brna-do-singapuru-majkuv-zapisnik-vaha-leti-dolu-prestoze-se-cpu-jako-o-zavod\/","og_site_name":"\u0160koda We Love Cycling - \u010cesk\u00e1 republika","article_published_time":"2023-04-20T14:00:09+00:00","og_image":[{"width":2560,"height":1196,"url":"https:\/\/d2p6e6u75xmxt8.cloudfront.net\/13\/2023\/04\/majk-kolo-iran-scaled.webp","type":"image\/webp"}],"author":"radekmalina","twitter_card":"summary_large_image","twitter_misc":{"Written by":"Jakub Truksa","Est. reading time":"7"},"schema":{"@context":"https:\/\/schema.org","@graph":[{"@type":"WebPage","@id":"https:\/\/www.welovecycling.com\/cs\/2023\/04\/20\/z-brna-do-singapuru-majkuv-zapisnik-vaha-leti-dolu-prestoze-se-cpu-jako-o-zavod\/","url":"https:\/\/www.welovecycling.com\/cs\/2023\/04\/20\/z-brna-do-singapuru-majkuv-zapisnik-vaha-leti-dolu-prestoze-se-cpu-jako-o-zavod\/","name":"Z\u00a0Brna do Singapuru \u2013 Majk\u016fv z\u00e1pisn\u00edk: V\u00e1ha let\u00ed dol\u016f, p\u0159esto\u017ee se cpu jako o z\u00e1vod | \u0160koda We Love Cycling - \u010cesk\u00e1 republika","isPartOf":{"@id":"https:\/\/www.welovecycling.com\/cs\/#website"},"primaryImageOfPage":{"@id":"https:\/\/www.welovecycling.com\/cs\/2023\/04\/20\/z-brna-do-singapuru-majkuv-zapisnik-vaha-leti-dolu-prestoze-se-cpu-jako-o-zavod\/#primaryimage"},"image":{"@id":"https:\/\/www.welovecycling.com\/cs\/2023\/04\/20\/z-brna-do-singapuru-majkuv-zapisnik-vaha-leti-dolu-prestoze-se-cpu-jako-o-zavod\/#primaryimage"},"thumbnailUrl":"https:\/\/d2p6e6u75xmxt8.cloudfront.net\/13\/2023\/04\/majk-kolo-iran-scaled.webp","datePublished":"2023-04-20T14:00:09+00:00","author":{"@id":"https:\/\/www.welovecycling.com\/cs\/#\/schema\/person\/d9eeb0a378f3a7e4a6d12d2b536b04b8"},"inLanguage":"cs","potentialAction":[{"@type":"ReadAction","target":["https:\/\/www.welovecycling.com\/cs\/2023\/04\/20\/z-brna-do-singapuru-majkuv-zapisnik-vaha-leti-dolu-prestoze-se-cpu-jako-o-zavod\/"]}]},{"@type":"ImageObject","inLanguage":"cs","@id":"https:\/\/www.welovecycling.com\/cs\/2023\/04\/20\/z-brna-do-singapuru-majkuv-zapisnik-vaha-leti-dolu-prestoze-se-cpu-jako-o-zavod\/#primaryimage","url":"https:\/\/d2p6e6u75xmxt8.cloudfront.net\/13\/2023\/04\/majk-kolo-iran-scaled.webp","contentUrl":"https:\/\/d2p6e6u75xmxt8.cloudfront.net\/13\/2023\/04\/majk-kolo-iran-scaled.webp","width":2560,"height":1196},{"@type":"WebSite","@id":"https:\/\/www.welovecycling.com\/cs\/#website","url":"https:\/\/www.welovecycling.com\/cs\/","name":"\u0160koda We Love Cycling - \u010cesk\u00e1 republika","description":"WeLoveCycling.cz je online magaz\u00edn, kter\u00fd v\u00e1m pravideln\u011b p\u0159in\u00e1\u0161\u00ed rady a tipy, zaj\u00edmav\u00e9 \u010dl\u00e1nky, videa a jedine\u010dn\u00e9 report\u00e1\u017ee ze sv\u011bta cyklistiky.","potentialAction":[{"@type":"SearchAction","target":{"@type":"EntryPoint","urlTemplate":"https:\/\/www.welovecycling.com\/cs\/?s={search_term_string}"},"query-input":{"@type":"PropertyValueSpecification","valueRequired":true,"valueName":"search_term_string"}}],"inLanguage":"cs"},{"@type":"Person","@id":"https:\/\/www.welovecycling.com\/cs\/#\/schema\/person\/d9eeb0a378f3a7e4a6d12d2b536b04b8","name":"radekmalina","image":{"@type":"ImageObject","inLanguage":"cs","@id":"https:\/\/www.welovecycling.com\/cs\/#\/schema\/person\/image\/","url":"https:\/\/secure.gravatar.com\/avatar\/66994b632cb8c39a46b9f54afa3ae07201b678d32a54275b6f1c9ffec356bfc0?s=96&d=mm&r=g","contentUrl":"https:\/\/secure.gravatar.com\/avatar\/66994b632cb8c39a46b9f54afa3ae07201b678d32a54275b6f1c9ffec356bfc0?s=96&d=mm&r=g","caption":"radekmalina"},"url":"https:\/\/www.welovecycling.com\/cs\/author\/radekmalina\/"}]}},"_links":{"self":[{"href":"https:\/\/www.welovecycling.com\/cs\/wp-json\/wp\/v2\/posts\/22132","targetHints":{"allow":["GET"]}}],"collection":[{"href":"https:\/\/www.welovecycling.com\/cs\/wp-json\/wp\/v2\/posts"}],"about":[{"href":"https:\/\/www.welovecycling.com\/cs\/wp-json\/wp\/v2\/types\/post"}],"author":[{"embeddable":true,"href":"https:\/\/www.welovecycling.com\/cs\/wp-json\/wp\/v2\/users\/138"}],"replies":[{"embeddable":true,"href":"https:\/\/www.welovecycling.com\/cs\/wp-json\/wp\/v2\/comments?post=22132"}],"version-history":[{"count":3,"href":"https:\/\/www.welovecycling.com\/cs\/wp-json\/wp\/v2\/posts\/22132\/revisions"}],"predecessor-version":[{"id":22140,"href":"https:\/\/www.welovecycling.com\/cs\/wp-json\/wp\/v2\/posts\/22132\/revisions\/22140"}],"wp:featuredmedia":[{"embeddable":true,"href":"https:\/\/www.welovecycling.com\/cs\/wp-json\/wp\/v2\/media\/22133"}],"wp:attachment":[{"href":"https:\/\/www.welovecycling.com\/cs\/wp-json\/wp\/v2\/media?parent=22132"}],"wp:term":[{"taxonomy":"category","embeddable":true,"href":"https:\/\/www.welovecycling.com\/cs\/wp-json\/wp\/v2\/categories?post=22132"},{"taxonomy":"post_tag","embeddable":true,"href":"https:\/\/www.welovecycling.com\/cs\/wp-json\/wp\/v2\/tags?post=22132"},{"taxonomy":"global-categories","embeddable":true,"href":"https:\/\/www.welovecycling.com\/cs\/wp-json\/wp\/v2\/global-categories?post=22132"}],"curies":[{"name":"wp","href":"https:\/\/api.w.org\/{rel}","templated":true}]}}