{"id":21934,"date":"2023-04-04T20:00:23","date_gmt":"2023-04-04T18:00:23","guid":{"rendered":"https:\/\/www.welovecycling.com\/cs\/?p=21934"},"modified":"2023-04-04T16:56:39","modified_gmt":"2023-04-04T14:56:39","slug":"mathias-vacek-pojede-pariz-roubaix-tesim-se-prestoze-flandry-mi-prinesly-nepoznanou-bolest","status":"publish","type":"post","link":"https:\/\/www.welovecycling.com\/cs\/2023\/04\/04\/mathias-vacek-pojede-pariz-roubaix-tesim-se-prestoze-flandry-mi-prinesly-nepoznanou-bolest\/","title":{"rendered":"Mathias Vacek pojede Pa\u0159\u00ed\u017e-Roubaix: T\u011b\u0161\u00edm se, p\u0159esto\u017ee Flandry mi p\u0159inesly nepoznanou bolest"},"content":{"rendered":"<p><strong>Premi\u00e9ra jako hrom! Mathias Vacek ve dvaceti letech debutoval na Monumentu. Jednom z p\u011bti jednodenn\u00edch z\u00e1vod\u016f, kter\u00e9 jsou pro cyklisty i fanou\u0161ky n\u00e1bo\u017eenstv\u00edm. Z\u00e1vod Kolem Flander dokon\u010dil a u\u017e jen pr\u016fjezd c\u00edlem pova\u017eoval za v\u00edt\u011bzstv\u00ed. \u201eObjevil jsem v sob\u011b dosud netu\u0161en\u00e9 fyzick\u00e9 limity. Nikdy jsem na kole nec\u00edtil stejnou bolest,\u201c \u0159\u00edk\u00e1 cyklistika t\u00fdmu Trek Segafredo v rozhovoru pro We Love Cycling.<\/strong><\/p>\n<p>A p\u0159esto\u017ee si z\u00e1vod dlouh\u00fd 273 kilometr\u016f a trvaj\u00edc\u00ed v p\u0159\u00edpad\u011b \u010desk\u00e9ho reprezentanta \u0161est hodin a dvacet t\u0159i minut protrp\u011bl, nem\u016f\u017ee se do\u010dkat klasiky Pa\u0159\u00ed\u017e-Roubaix p\u0159ezd\u00edvan\u00e9 Peklo severu.<\/p>\n<h2><strong>U\u017eil jste si debut v\u00a0z\u00e1vod\u011b Kolem Flander?<\/strong><\/h2>\n<p>Byla to neskute\u010dn\u00e1 muka! Byl to nejt\u011b\u017e\u0161\u00ed z\u00e1vod, kter\u00fd jsem v\u00a0kari\u00e9\u0159e absolvoval. Nikdy jsem v\u00a0sedle kola nepro\u017eil takovou bolest jako p\u0159i Flandrech. Ale \u0161lo o skv\u011blou zku\u0161enost. V\u011b\u0159\u00edm, \u017ee v\u00a0budoucnosti p\u016fjde o z\u00e1vod pr\u00e1v\u011b pro m\u011b. V\u0161echnu bolest mi vykompenzovala atmosf\u00e9ra kolem trati, kter\u00e1 byla neuv\u011b\u0159iteln\u00e1. A kdy\u017e k\u00a0tomu p\u0159ipo\u010d\u00edt\u00e1m, \u017ee jsem p\u0159i neuv\u011b\u0159iteln\u00e9m mno\u017estv\u00ed p\u00e1d\u016f ani jednou nelehnul, tak je to fakt super.<\/p>\n<h2><strong>Jak\u00e9 jste m\u011bl p\u0159ed startem \u00fakoly?<\/strong><\/h2>\n<p>J\u00e1 a nizozemsk\u00fd par\u0165\u00e1k Daan Hoole jsme m\u011bli za \u00fakol sk\u00e1kat do \u00fanik\u016f. J\u00e1 se sna\u017eil hlavn\u011b v prvn\u00ed t\u0159etin\u011b z\u00e1vodu. Vyt\u0159\u00edskal jsem neuv\u011b\u0159iteln\u00e9 mno\u017estv\u00ed energie, ale \u017e\u00e1dnou ze skupin, v nich\u017e jsem byl, nenechal peloton odjet. Prvn\u00edch sto kilometr\u016f jsme jeli pr\u016fm\u011br p\u0159es pades\u00e1t. Stra\u0161n\u00e9 bomby. Daan Hoole pak do jednoho \u00faniku nasko\u010dil a d\u011bn\u00ed se tro\u0161ku zklidnilo. Tak jsem se sna\u017eil zregenerovat, proto\u017ee mi bylo jasn\u00e9, \u017ee bude n\u00e1ro\u010dn\u00e9 udr\u017eet se v hlavn\u00ed skupin\u011b.<\/p>\n<figure id=\"attachment_21935\" aria-describedby=\"caption-attachment-21935\" style=\"width: 1800px\" class=\"wp-caption alignnone\"><a href=\"https:\/\/d2p6e6u75xmxt8.cloudfront.net\/13\/2023\/04\/profimedia-0758778534.webp\"><img loading=\"lazy\" decoding=\"async\" class=\"size-full wp-image-21935\" src=\"https:\/\/d2p6e6u75xmxt8.cloudfront.net\/13\/2023\/04\/profimedia-0758778534.webp\" alt=\"Mathias Vacek z t\u00fdmu Trek Segafredo p\u0159ed startem z\u00e1vodu \" width=\"1800\" height=\"1281\" srcset=\"https:\/\/d2p6e6u75xmxt8.cloudfront.net\/13\/2023\/04\/profimedia-0758778534.webp 1800w, https:\/\/d2p6e6u75xmxt8.cloudfront.net\/13\/2023\/04\/profimedia-0758778534-300x214.webp 300w, https:\/\/d2p6e6u75xmxt8.cloudfront.net\/13\/2023\/04\/profimedia-0758778534-1024x729.webp 1024w, https:\/\/d2p6e6u75xmxt8.cloudfront.net\/13\/2023\/04\/profimedia-0758778534-768x547.webp 768w, https:\/\/d2p6e6u75xmxt8.cloudfront.net\/13\/2023\/04\/profimedia-0758778534-1536x1093.webp 1536w, https:\/\/d2p6e6u75xmxt8.cloudfront.net\/13\/2023\/04\/profimedia-0758778534-400x285.webp 400w\" sizes=\"auto, (max-width: 1800px) 100vw, 1800px\" \/><\/a><figcaption id=\"caption-attachment-21935\" class=\"wp-caption-text\"><em>Mathias Vacek z t\u00fdmu Trek Segafredo p\u0159ed startem z\u00e1vodu Kuurne-Brusel-Kuurne. Foto: profimedia<\/em><\/figcaption><\/figure>\n<h2><strong>Mathiasi leto\u0161n\u00ed Flandry byly nejrychlej\u0161\u00ed v historii. Pr\u016fm\u011br v c\u00edli byl p\u0159es \u010dty\u0159ia\u010dty\u0159icet kilometr\u016f v hodin\u011b. Je mo\u017en\u00e9 v takov\u00e9 rychlosti b\u011bhem z\u00e1vodu zregenerovat?<\/strong><\/h2>\n<p>Po t\u00e9 \u00favodn\u00ed pekeln\u00e9 stovce se jelo p\u0159ibli\u017en\u011b dvacet kilometr\u016f trochu voln\u011bji. A cel\u00fd tenhle \u00fasek jsem pro\u017eil t\u00edm, \u017ee jsem jenom pil a jedl. Nakonec se mi poda\u0159ilo jet v\u00a0druh\u00e9 hlavn\u00ed skupin\u011b. Ale d\u011bsn\u011b to bolelo. Stra\u0161n\u011b tvrd\u00fd z\u00e1vod. Na kostk\u00e1ch v\u00a0z\u00e1v\u011bru jsem se c\u00edtil jako v\u00a0pekle. A t\u0159icet kilometr\u016f p\u0159ed c\u00edlem mi do\u0161lo. B\u00e1l jsem se, \u017ee nedok\u00e1\u017eu dojet do c\u00edle. Musel jsem j\u00edt hodn\u011b p\u0159es limit, abych nevzdal.<\/p>\n<h2><strong>Donutil v\u00e1s z\u00e1vod Kolem Flander 2023 odhalit fyzick\u00e9 mo\u017enosti, o nich\u017e jste nem\u011bl tu\u0161en\u00ed?<\/strong><\/h2>\n<p>P\u0159esn\u011b. Objevil jsem v sob\u011b nov\u00e9 limity. Nikdy by m\u011b nenapadlo, \u010deho jsem schopn\u00fd. Regul\u00e9rn\u011b jsem se p\u0159emlouval, abych neslezl. A posledn\u00edch dvacet kilometr\u016f? Bolelo m\u011b ka\u017ed\u00e9 \u0161l\u00e1pnut\u00ed. Ka\u017ed\u00fd dal\u0161\u00ed kilometr, kter\u00fd na computeru nasko\u010dil, byl jako z\u00e1chrann\u00fd kruh. Posledn\u00ed kilometry jsem nohama to\u010dil ze setrva\u010dnosti.<\/p>\n<div class=\"shortcode-ys-post-pinup\"><article class=\"loop-simple post-21778 post type-post status-publish format-standard has-post-thumbnail hentry category-silnicni-cyklistika tag-caja-rural-seguros-rga tag-cyklistika tag-silnicni-cyklistika tag-tomas-barta global-categories-cycling\" data-postid=\"21778\" role=\"article\" data-post-id=\"21778\" data-word-count=\"732\" data-headline-length=\"91\" data-category=\"Silni\u010dn\u00ed cyklistika\" data-global-category=\"Cycling\" data-author=\"Radek Malina\" data-published=\"2023-03-30T18:30:46+02:00\" data-published-day=\"Thursday\">\n    <div class=\"entry-thumbnail article-thumbnail\" content=\"https:\/\/d2p6e6u75xmxt8.cloudfront.net\/13\/2023\/03\/barta-tomas-BrychtaJan_ME_Mnichov_20220813_123631_DSC_8938-1-150x150.webp\"><a href=\"https:\/\/www.welovecycling.com\/cs\/2023\/03\/30\/tomas-barta-o-spanelske-vyzve-zatim-je-to-boj-o-preziti-na-spurt-nemam-silu\/\" class=\"image-holder\" target=\"_self\"><img decoding=\"async\" loading=\"lazy\" class=\"\" src=\"https:\/\/d2p6e6u75xmxt8.cloudfront.net\/13\/2023\/03\/barta-tomas-BrychtaJan_ME_Mnichov_20220813_123631_DSC_8938-1-1024x681.webp\" srcset=\"https:\/\/d2p6e6u75xmxt8.cloudfront.net\/13\/2023\/03\/barta-tomas-BrychtaJan_ME_Mnichov_20220813_123631_DSC_8938-1.webp 2000w, https:\/\/d2p6e6u75xmxt8.cloudfront.net\/13\/2023\/03\/barta-tomas-BrychtaJan_ME_Mnichov_20220813_123631_DSC_8938-1-300x200.webp 300w, https:\/\/d2p6e6u75xmxt8.cloudfront.net\/13\/2023\/03\/barta-tomas-BrychtaJan_ME_Mnichov_20220813_123631_DSC_8938-1-1024x681.webp 1024w, https:\/\/d2p6e6u75xmxt8.cloudfront.net\/13\/2023\/03\/barta-tomas-BrychtaJan_ME_Mnichov_20220813_123631_DSC_8938-1-768x511.webp 768w, https:\/\/d2p6e6u75xmxt8.cloudfront.net\/13\/2023\/03\/barta-tomas-BrychtaJan_ME_Mnichov_20220813_123631_DSC_8938-1-1536x1022.webp 1536w, https:\/\/d2p6e6u75xmxt8.cloudfront.net\/13\/2023\/03\/barta-tomas-BrychtaJan_ME_Mnichov_20220813_123631_DSC_8938-1-1920x1278.webp 1920w, https:\/\/d2p6e6u75xmxt8.cloudfront.net\/13\/2023\/03\/barta-tomas-BrychtaJan_ME_Mnichov_20220813_123631_DSC_8938-1-400x266.webp 400w, https:\/\/d2p6e6u75xmxt8.cloudfront.net\/13\/2023\/03\/barta-tomas-BrychtaJan_ME_Mnichov_20220813_123631_DSC_8938-1-272x182.webp 272w, https:\/\/d2p6e6u75xmxt8.cloudfront.net\/13\/2023\/03\/barta-tomas-BrychtaJan_ME_Mnichov_20220813_123631_DSC_8938-1-1920x1278.webp 1920w\" width=\"1024\" height=\"681\" sizes=\"auto, (min-width: 1200px) 300px, (min-width: 768px) 25vw, 100vw\" alt=\"tomas-barta-o-spanelske-vyzve-zatim-je-to-boj-o-preziti-na-spurt-nemam-silu\"\/><\/a><\/div>    <div class=\"entry-meta\">\n        <a class=\"label label-secondary post-category\" href=\"https:\/\/www.welovecycling.com\/cs\/category\/silnicni-cyklistika\/\" title=\"Silni\u010dn\u00ed cyklistika\">Silni\u010dn\u00ed cyklistika<\/a>\n    <\/div>\n    <div class=\"entry-details\">\n        <a href=\"https:\/\/www.welovecycling.com\/cs\/2023\/03\/30\/tomas-barta-o-spanelske-vyzve-zatim-je-to-boj-o-preziti-na-spurt-nemam-silu\/\" class='entry-title-wrapper'>\n            <h3 class=\"entry-title\"><span>Tom\u00e1\u0161 B\u00e1rta o \u0161pan\u011blsk\u00e9 v\u00fdzv\u011b: Zat\u00edm je to boj o p\u0159e\u017eit\u00ed, na spurt nem\u00e1m s\u00edlu<\/span><\/h3>\n        <\/a>\n    <\/div>\n    <\/article>\n<\/div>\n<h2><strong>Kolem Flander 2023 prov\u00e1zelo neuv\u011b\u0159iteln\u00e9 mno\u017estv\u00ed p\u00e1d\u016f. A v\u00a0mnoha p\u0159\u00edpadech mimo\u0159\u00e1dn\u011b drsn\u00fdch. Jak se v\u00e1m poda\u0159ilo v\u0161emi se prot\u00e1hnout bez jedin\u00e9ho \u0161kr\u00e1bnut\u00ed a \u0161kobrtnut\u00ed?<\/strong><\/h2>\n<p>V\u011bt\u0161inou jsem byl hodn\u011b bl\u00edzko, ale nikdy m\u011b to nesmetlo. Ob\u010das ale skute\u010dn\u011b jen velmi t\u011bsn\u011b. V\u0161ichni cht\u011bj\u00ed b\u00fdt vp\u0159edu, bojuj\u00ed o pozice. Cel\u00fd z\u00e1vod je hodn\u011b hektick\u00fd. Je pro m\u011b z\u00e1hadou, \u017ee Maciejuka z Bahrainu, kter\u00fd zp\u016fsobil nejv\u011bt\u0161\u00ed p\u00e1d, jenom diskvalifikovali a nepotkala ho n\u011bjak\u00e1 suspendace. Sest\u0159elil snad \u010dty\u0159icet lid\u00ed naprostou hloupost\u00ed. Ob\u010das je lep\u0161\u00ed zachovat chladnou hlavu ne\u017e n\u011bkde bl\u00e1znit na chodn\u00edku. Klasiky jsou hodn\u011b o zku\u0161enostech. Sna\u017eil jsem se pohybovat na dobr\u00fdch pozic\u00edch. N\u011bkde jsem mo\u017en\u00e1 mohl b\u00fdt v\u00edce vp\u0159edu, ale po\u0159\u00e1d se u\u010d\u00edm.<\/p>\n<h2><strong>T\u00fdmov\u00fd kolega z\u00a0Trek Segafredo Mads Pedersen dojel t\u0159et\u00ed pot\u00e9, co byl dlouho na \u010dele. Veden\u00ed st\u00e1je bylo spokojen\u00e9?<\/strong><\/h2>\n<p>Mads necht\u011bl \u010dekat a\u017e za\u010dnou Poga\u010dar, van Aert a van der Poel z\u00e1vodit. Byla obrovsk\u00e1 v\u00fdhoda, \u017ee jel na \u010dele. V\u00a0jednom okam\u017eiku jsme si mysleli, \u017ee by mohl vyhr\u00e1t. Ale pozice na stupn\u00edch v\u00edt\u011bz\u016f je super!<\/p>\n<figure id=\"attachment_20428\" aria-describedby=\"caption-attachment-20428\" style=\"width: 1920px\" class=\"wp-caption alignnone\"><a href=\"https:\/\/d2p6e6u75xmxt8.cloudfront.net\/13\/2023\/01\/Vacek-mathias-BrychtaJan_VelkaBites_Brno_VelkaBites_20220327_144938_DSC_4475.webp\"><img loading=\"lazy\" decoding=\"async\" class=\"size-extra-large wp-image-20428\" src=\"https:\/\/d2p6e6u75xmxt8.cloudfront.net\/13\/2023\/01\/Vacek-mathias-BrychtaJan_VelkaBites_Brno_VelkaBites_20220327_144938_DSC_4475-1920x1278.webp\" alt=\"Mathias Vacek\" width=\"1920\" height=\"1278\" srcset=\"https:\/\/d2p6e6u75xmxt8.cloudfront.net\/13\/2023\/01\/Vacek-mathias-BrychtaJan_VelkaBites_Brno_VelkaBites_20220327_144938_DSC_4475-1920x1278.webp 1920w, https:\/\/d2p6e6u75xmxt8.cloudfront.net\/13\/2023\/01\/Vacek-mathias-BrychtaJan_VelkaBites_Brno_VelkaBites_20220327_144938_DSC_4475-300x200.webp 300w, https:\/\/d2p6e6u75xmxt8.cloudfront.net\/13\/2023\/01\/Vacek-mathias-BrychtaJan_VelkaBites_Brno_VelkaBites_20220327_144938_DSC_4475-1024x681.webp 1024w, https:\/\/d2p6e6u75xmxt8.cloudfront.net\/13\/2023\/01\/Vacek-mathias-BrychtaJan_VelkaBites_Brno_VelkaBites_20220327_144938_DSC_4475-768x511.webp 768w, https:\/\/d2p6e6u75xmxt8.cloudfront.net\/13\/2023\/01\/Vacek-mathias-BrychtaJan_VelkaBites_Brno_VelkaBites_20220327_144938_DSC_4475-1536x1022.webp 1536w, https:\/\/d2p6e6u75xmxt8.cloudfront.net\/13\/2023\/01\/Vacek-mathias-BrychtaJan_VelkaBites_Brno_VelkaBites_20220327_144938_DSC_4475-272x182.webp 272w, https:\/\/d2p6e6u75xmxt8.cloudfront.net\/13\/2023\/01\/Vacek-mathias-BrychtaJan_VelkaBites_Brno_VelkaBites_20220327_144938_DSC_4475.webp 2000w, https:\/\/d2p6e6u75xmxt8.cloudfront.net\/13\/2023\/01\/Vacek-mathias-BrychtaJan_VelkaBites_Brno_VelkaBites_20220327_144938_DSC_4475-1920x1278.webp 1920w\" sizes=\"auto, (max-width: 1920px) 100vw, 1920px\" \/><\/a><figcaption id=\"caption-attachment-20428\" class=\"wp-caption-text\"><em>Mathias Vacek p\u0159i z\u00e1vod\u011b \u010cesk\u00e9ho poh\u00e1ru.\u00a0 Foto: Jan Brychta<\/em><\/figcaption><\/figure>\n<h2><strong>Trasu Kolem Flander lemovaly des\u00edtky tis\u00edc p\u0159\u00edznivc\u016f. Vn\u00edmal jste atmosf\u00e9ru?<\/strong><\/h2>\n<p>Ano. Lid\u00e9 dod\u00e1vali obrovskou motivaci. Byli pro m\u011b energi\u00ed. V\u00a0Brugg\u00e1ch na startu bylo n\u00e1m\u011bst\u00ed tot\u00e1ln\u011b narvan\u00e9. Fanou\u0161ci pro\u017e\u00edvali cel\u00fd z\u00e1vod. Na kostkov\u00fdch \u00fasec\u00edch byla silnice lemov\u00e1na v\u00a0z\u00e1stupech. Ani nebylo sly\u0161et vys\u00edla\u010dku. Hodn\u011b jsem c\u00edtil pivo, kter\u00e9 v\u0161ude teklo proudem. Mads Pedersen mi \u0159\u00edkal, \u017ee na n\u011bj fanou\u0161ci pivo lili. Mn\u011b se to nestalo, ale vn\u00edmal jsem i dal\u0161\u00ed alkohol. \u010clov\u011bk si \u0159\u00edk\u00e1, \u017ee by mohl b\u00fdt pod vlivem jenom z\u00a0t\u011bch v\u00fdpar\u016f.<\/p>\n<h2><strong>Plat\u00ed, \u017ee <a href=\"https:\/\/www.welovecycling.com\/cs\/2022\/09\/25\/wlc-podcast-mathias-vacek-kdyz-me-mama-vozila-na-voziku-byl-jsem-psychicky-zlomeny\/\">Mathias Vacek<\/a> bude na startu legend\u00e1rn\u00edho z\u00e1vodu Pa\u0159\u00ed\u017e-Roubaix?<\/strong><\/h2>\n<p>Ano. Pojedu Scheldeprijs, pak Pa\u0159\u00ed\u017e-Roubaix, Brabantsk\u00fd \u0161\u00edp a Amstel Gold Race. N\u011bkte\u0159\u00ed kluci onemocn\u011bli, tak\u017ee se m\u016fj program tro\u0161ku zm\u011bnil. Je to hodn\u011b n\u00e1ro\u010dn\u00e9, ale m\u011b to bav\u00ed. \u017diju sv\u016fj sen.<\/p>\n<div class=\"shortcode-ys-post-pinup\"><article class=\"loop-simple post-21762 post type-post status-publish format-standard has-post-thumbnail hentry category-silnicni-cyklistika tag-att-investments tag-brno-velka-bites-brno tag-cyklistika tag-drahova-cyklistika tag-dukla-brno tag-dukla-praha tag-pavel-kelemen tag-petr-kelemen tag-silnicni-cyklistika\" data-postid=\"21762\" role=\"article\" data-post-id=\"21762\" data-word-count=\"733\" data-headline-length=\"94\" data-category=\"Silni\u010dn\u00ed cyklistika\" data-author=\"Radek Malina\" data-published=\"2023-03-29T17:30:00+02:00\" data-published-day=\"Wednesday\">\n    <div class=\"entry-thumbnail article-thumbnail\" content=\"https:\/\/d2p6e6u75xmxt8.cloudfront.net\/13\/2023\/03\/kelemen-pavel-BrychtaJan_VelkaBites_Brno_VelkaBites_20230326_155246_DSC_1484-150x150.webp\"><a href=\"https:\/\/www.welovecycling.com\/cs\/2023\/03\/29\/pavel-kelemen-o-prvnim-triumfu-na-silnici-i-prestupu-z-drahy-nevedel-jsem-do-ceho-jdu\/\" class=\"image-holder\" target=\"_self\"><img decoding=\"async\" loading=\"lazy\" class=\"\" src=\"https:\/\/d2p6e6u75xmxt8.cloudfront.net\/13\/2023\/03\/kelemen-pavel-BrychtaJan_VelkaBites_Brno_VelkaBites_20230326_155246_DSC_1484-1024x681.webp\" srcset=\"https:\/\/d2p6e6u75xmxt8.cloudfront.net\/13\/2023\/03\/kelemen-pavel-BrychtaJan_VelkaBites_Brno_VelkaBites_20230326_155246_DSC_1484.webp 2000w, https:\/\/d2p6e6u75xmxt8.cloudfront.net\/13\/2023\/03\/kelemen-pavel-BrychtaJan_VelkaBites_Brno_VelkaBites_20230326_155246_DSC_1484-300x200.webp 300w, https:\/\/d2p6e6u75xmxt8.cloudfront.net\/13\/2023\/03\/kelemen-pavel-BrychtaJan_VelkaBites_Brno_VelkaBites_20230326_155246_DSC_1484-1024x681.webp 1024w, https:\/\/d2p6e6u75xmxt8.cloudfront.net\/13\/2023\/03\/kelemen-pavel-BrychtaJan_VelkaBites_Brno_VelkaBites_20230326_155246_DSC_1484-768x511.webp 768w, https:\/\/d2p6e6u75xmxt8.cloudfront.net\/13\/2023\/03\/kelemen-pavel-BrychtaJan_VelkaBites_Brno_VelkaBites_20230326_155246_DSC_1484-1536x1022.webp 1536w, https:\/\/d2p6e6u75xmxt8.cloudfront.net\/13\/2023\/03\/kelemen-pavel-BrychtaJan_VelkaBites_Brno_VelkaBites_20230326_155246_DSC_1484-1920x1278.webp 1920w, https:\/\/d2p6e6u75xmxt8.cloudfront.net\/13\/2023\/03\/kelemen-pavel-BrychtaJan_VelkaBites_Brno_VelkaBites_20230326_155246_DSC_1484-400x266.webp 400w, https:\/\/d2p6e6u75xmxt8.cloudfront.net\/13\/2023\/03\/kelemen-pavel-BrychtaJan_VelkaBites_Brno_VelkaBites_20230326_155246_DSC_1484-272x182.webp 272w, https:\/\/d2p6e6u75xmxt8.cloudfront.net\/13\/2023\/03\/kelemen-pavel-BrychtaJan_VelkaBites_Brno_VelkaBites_20230326_155246_DSC_1484-1920x1278.webp 1920w\" width=\"1024\" height=\"681\" sizes=\"auto, (min-width: 1200px) 300px, (min-width: 768px) 25vw, 100vw\" alt=\"pavel-kelemen-o-prvnim-triumfu-na-silnici-i-prestupu-z-drahy-nevedel-jsem-do-ceho-jdu\"\/><\/a><\/div>    <div class=\"entry-meta\">\n        <a class=\"label label-secondary post-category\" href=\"https:\/\/www.welovecycling.com\/cs\/category\/silnicni-cyklistika\/\" title=\"Silni\u010dn\u00ed cyklistika\">Silni\u010dn\u00ed cyklistika<\/a>\n    <\/div>\n    <div class=\"entry-details\">\n        <a href=\"https:\/\/www.welovecycling.com\/cs\/2023\/03\/29\/pavel-kelemen-o-prvnim-triumfu-na-silnici-i-prestupu-z-drahy-nevedel-jsem-do-ceho-jdu\/\" class='entry-title-wrapper'>\n            <h3 class=\"entry-title\"><span>Pavel Kelemen o prvn\u00edm triumfu na silnici i p\u0159estupu z\u00a0dr\u00e1hy: Nev\u011bd\u011bl jsem, do \u010deho jdu<\/span><\/h3>\n        <\/a>\n    <\/div>\n    <\/article>\n<\/div>\n<h2><strong>Po zku\u0161enost ze z\u00e1vodu Kolem Flander v\u00e1s start na Pa\u0159\u00ed\u017e-Roubaix 2023 ned\u011bs\u00ed?<\/strong><\/h2>\n<p>T\u011b\u0161\u00edm se jako bl\u00e1zen. Na trase Roubaix je m\u00e9n\u011b kopc\u016f, tak to bude v pohod\u011b&#8230; Ur\u010dit\u011b si budeme kl\u00ed\u010dov\u00e9 \u00faseky je\u0161t\u011b proj\u00ed\u017ed\u011bt. Jsem p\u0159ipraven\u00fd, \u017ee m\u011b \u010dek\u00e1 dal\u0161\u00ed peklo. Ale mn\u011b t\u011b\u017ek\u00e9 jednor\u00e1zovky sed\u00ed v\u00edce ne\u017e etap\u00e1ky.<\/p>\n<p><a href=\"https:\/\/www.instagram.com\/p\/CqjD2-ksTmz\/?utm_source=ig_web_copy_link\">https:\/\/www.instagram.com\/p\/CqjD2-ksTmz\/?utm_source=ig_web_copy_link<\/a><\/p>\n<h2><strong>Pa\u0159\u00ed\u017e-Roubaix kv\u016fli dl\u00e1\u017ed\u011bn\u00fdm \u00fasek\u016fm nese p\u0159ezd\u00edvku Peklo severu. Studujete p\u0159ede\u0161l\u00e9 ro\u010dn\u00edky na youtube? Vyzv\u00edd\u00e1te u star\u0161\u00edch koleg\u016f?<\/strong><\/h2>\n<p>Jo. Pt\u00e1m se ostatn\u00edch kluk\u016f, kde si d\u00e1vat pozor a co m\u011b kde \u010dek\u00e1. Pou\u0161t\u00edm si star\u0161\u00ed videa, ale v\u0161ichni stejn\u011b \u0159\u00edkaj\u00ed, \u017ee se ned\u00e1 moc p\u0159ipravit. Je to o osobn\u00edm pro\u017eitku. Nic \u010dlov\u011bka nep\u0159iprav\u00ed tak jako osobn\u00ed zku\u0161enost.<\/p>\n<div class=\"shortcode-ys-post-pinup\"><article class=\"loop-simple post-20187 post type-post status-publish format-standard has-post-thumbnail hentry category-silnicni-cyklistika tag-androni-giocattoli tag-corratec tag-cyklistika tag-giro-di-italia tag-karel-vacek tag-ktm-tirol tag-mathias-vacek tag-silnicni-cyklistika global-categories-cycling\" data-postid=\"20187\" role=\"article\" data-post-id=\"20187\" data-word-count=\"722\" data-headline-length=\"60\" data-category=\"Silni\u010dn\u00ed cyklistika\" data-global-category=\"Cycling\" data-author=\"Radek Malina\" data-published=\"2023-01-18T06:00:29+02:00\" data-published-day=\"Wednesday\">\n    <div class=\"entry-thumbnail article-thumbnail\" content=\"https:\/\/d2p6e6u75xmxt8.cloudfront.net\/13\/2022\/11\/WLC_Mathias-Vacek_007-150x150.webp\"><a href=\"https:\/\/www.welovecycling.com\/cs\/2023\/01\/18\/karel-vacek-a-jeho-prestup-do-italie-chci-byt-nejlepsi\/\" class=\"image-holder\" target=\"_self\"><img decoding=\"async\" loading=\"lazy\" class=\"\" src=\"https:\/\/d2p6e6u75xmxt8.cloudfront.net\/13\/2022\/11\/WLC_Mathias-Vacek_007-1024x682.webp\" srcset=\"https:\/\/d2p6e6u75xmxt8.cloudfront.net\/13\/2022\/11\/WLC_Mathias-Vacek_007.webp 2000w, https:\/\/d2p6e6u75xmxt8.cloudfront.net\/13\/2022\/11\/WLC_Mathias-Vacek_007-300x200.webp 300w, https:\/\/d2p6e6u75xmxt8.cloudfront.net\/13\/2022\/11\/WLC_Mathias-Vacek_007-1024x682.webp 1024w, https:\/\/d2p6e6u75xmxt8.cloudfront.net\/13\/2022\/11\/WLC_Mathias-Vacek_007-768x512.webp 768w, https:\/\/d2p6e6u75xmxt8.cloudfront.net\/13\/2022\/11\/WLC_Mathias-Vacek_007-1536x1024.webp 1536w, https:\/\/d2p6e6u75xmxt8.cloudfront.net\/13\/2022\/11\/WLC_Mathias-Vacek_007-1920x1280.webp 1920w, https:\/\/d2p6e6u75xmxt8.cloudfront.net\/13\/2022\/11\/WLC_Mathias-Vacek_007-272x182.webp 272w, https:\/\/d2p6e6u75xmxt8.cloudfront.net\/13\/2022\/11\/WLC_Mathias-Vacek_007-1920x1280.webp 1920w\" width=\"1024\" height=\"682\" sizes=\"auto, (min-width: 1200px) 300px, (min-width: 768px) 25vw, 100vw\" alt=\"karel-vacek-a-jeho-prestup-do-italie-chci-byt-nejlepsi\"\/><\/a><\/div>    <div class=\"entry-meta\">\n        <a class=\"label label-secondary post-category\" href=\"https:\/\/www.welovecycling.com\/cs\/category\/silnicni-cyklistika\/\" title=\"Silni\u010dn\u00ed cyklistika\">Silni\u010dn\u00ed cyklistika<\/a>\n    <\/div>\n    <div class=\"entry-details\">\n        <a href=\"https:\/\/www.welovecycling.com\/cs\/2023\/01\/18\/karel-vacek-a-jeho-prestup-do-italie-chci-byt-nejlepsi\/\" class='entry-title-wrapper'>\n            <h3 class=\"entry-title\"><span>Karel Vacek a jeho p\u0159estup do It\u00e1lie: Chci b\u00fdt nejlep\u0161\u00ed<\/span><\/h3>\n        <\/a>\n    <\/div>\n    <\/article>\n<\/div>\n<h2><strong>S\u00a0jak\u00fdmi ambicemi do dal\u0161\u00edch velk\u00fdch klasik p\u016fjdete?<\/strong><\/h2>\n<p>Cht\u011bl bych ud\u011blat p\u011bkn\u00fd v\u00fdsledek. J\u00edt do \u00faniku nebo pomoci t\u00fdmu k\u00a0v\u00edt\u011bzstv\u00ed, ke stup\u0148\u016fm v\u00edt\u011bz\u016f. To je m\u016fj hnac\u00ed motor.<\/p>\n","protected":false},"excerpt":{"rendered":"<p>Premi\u00e9ra jako hrom! Mathias Vacek ve dvaceti letech debutoval na Monumentu. Jednom z p\u011bti jednodenn\u00edch z\u00e1vod\u016f, kter\u00e9 jsou pro cyklisty [&hellip;]<\/p>\n","protected":false},"author":138,"featured_media":21936,"comment_status":"open","ping_status":"open","sticky":false,"template":"","format":"standard","meta":{"footnotes":""},"categories":[10],"tags":[126,2975,305,168,1930,9,1307],"global-categories":[411],"class_list":["post-21934","post","type-post","status-publish","format-standard","has-post-thumbnail","hentry","category-silnicni-cyklistika","tag-cyklistika","tag-kolem-flander-2023","tag-mathias-vacek","tag-pariz-roubaix","tag-peklo-severu","tag-silnicni-cyklistika","tag-trek-segafredo","global-categories-cycling"],"yoast_head":"<!-- This site is optimized with the Yoast SEO Premium plugin v25.3 (Yoast SEO v25.9) - https:\/\/yoast.com\/wordpress\/plugins\/seo\/ -->\n<title>Mathias Vacek pojede Pa\u0159\u00ed\u017e-Roubaix: T\u011b\u0161\u00edm se, p\u0159esto\u017ee Flandry mi p\u0159inesly nepoznanou bolest | \u0160koda We Love Cycling - \u010cesk\u00e1 republika<\/title>\n<meta name=\"description\" content=\"Mathias Vacek ve dvaceti letech debutoval v z\u00e1vod\u011b Kolem Flander. \u201eObjevil jsem netu\u0161en\u00e9 fyzick\u00e9 limity. Nikdy jsem nec\u00edtil stejnou bolest.\u201c\" \/>\n<meta name=\"robots\" content=\"index, follow, max-snippet:-1, max-image-preview:large, max-video-preview:-1\" \/>\n<link rel=\"canonical\" href=\"https:\/\/www.welovecycling.com\/cs\/2023\/04\/04\/mathias-vacek-pojede-pariz-roubaix-tesim-se-prestoze-flandry-mi-prinesly-nepoznanou-bolest\/\" \/>\n<meta property=\"og:locale\" content=\"cs_CZ\" \/>\n<meta property=\"og:type\" content=\"article\" \/>\n<meta property=\"og:title\" content=\"Mathias Vacek pojede Pa\u0159\u00ed\u017e-Roubaix: T\u011b\u0161\u00edm se, p\u0159esto\u017ee Flandry mi p\u0159inesly nepoznanou bolest\" \/>\n<meta property=\"og:description\" content=\"Mathias Vacek ve dvaceti letech debutoval v z\u00e1vod\u011b Kolem Flander. \u201eObjevil jsem netu\u0161en\u00e9 fyzick\u00e9 limity. Nikdy jsem nec\u00edtil stejnou bolest.\u201c\" \/>\n<meta property=\"og:url\" content=\"https:\/\/www.welovecycling.com\/cs\/2023\/04\/04\/mathias-vacek-pojede-pariz-roubaix-tesim-se-prestoze-flandry-mi-prinesly-nepoznanou-bolest\/\" \/>\n<meta property=\"og:site_name\" content=\"\u0160koda We Love Cycling - \u010cesk\u00e1 republika\" \/>\n<meta property=\"article:published_time\" content=\"2023-04-04T18:00:23+00:00\" \/>\n<meta property=\"og:image\" content=\"https:\/\/d2p6e6u75xmxt8.cloudfront.net\/13\/2023\/04\/profimedia-0759267884.webp\" \/>\n\t<meta property=\"og:image:width\" content=\"1800\" \/>\n\t<meta property=\"og:image:height\" content=\"1138\" \/>\n\t<meta property=\"og:image:type\" content=\"image\/webp\" \/>\n<meta name=\"author\" content=\"radekmalina\" \/>\n<meta name=\"twitter:card\" content=\"summary_large_image\" \/>\n<meta name=\"twitter:label1\" content=\"Written by\" \/>\n\t<meta name=\"twitter:data1\" content=\"Radek Malina\" \/>\n\t<meta name=\"twitter:label2\" content=\"Est. reading time\" \/>\n\t<meta name=\"twitter:data2\" content=\"6\" \/>\n<script type=\"application\/ld+json\" class=\"yoast-schema-graph\">{\"@context\":\"https:\/\/schema.org\",\"@graph\":[{\"@type\":\"WebPage\",\"@id\":\"https:\/\/www.welovecycling.com\/cs\/2023\/04\/04\/mathias-vacek-pojede-pariz-roubaix-tesim-se-prestoze-flandry-mi-prinesly-nepoznanou-bolest\/\",\"url\":\"https:\/\/www.welovecycling.com\/cs\/2023\/04\/04\/mathias-vacek-pojede-pariz-roubaix-tesim-se-prestoze-flandry-mi-prinesly-nepoznanou-bolest\/\",\"name\":\"Mathias Vacek pojede Pa\u0159\u00ed\u017e-Roubaix: T\u011b\u0161\u00edm se, p\u0159esto\u017ee Flandry mi p\u0159inesly nepoznanou bolest | \u0160koda We Love Cycling - \u010cesk\u00e1 republika\",\"isPartOf\":{\"@id\":\"https:\/\/www.welovecycling.com\/cs\/#website\"},\"primaryImageOfPage\":{\"@id\":\"https:\/\/www.welovecycling.com\/cs\/2023\/04\/04\/mathias-vacek-pojede-pariz-roubaix-tesim-se-prestoze-flandry-mi-prinesly-nepoznanou-bolest\/#primaryimage\"},\"image\":{\"@id\":\"https:\/\/www.welovecycling.com\/cs\/2023\/04\/04\/mathias-vacek-pojede-pariz-roubaix-tesim-se-prestoze-flandry-mi-prinesly-nepoznanou-bolest\/#primaryimage\"},\"thumbnailUrl\":\"https:\/\/d2p6e6u75xmxt8.cloudfront.net\/13\/2023\/04\/profimedia-0759267884.webp\",\"datePublished\":\"2023-04-04T18:00:23+00:00\",\"author\":{\"@id\":\"https:\/\/www.welovecycling.com\/cs\/#\/schema\/person\/d9eeb0a378f3a7e4a6d12d2b536b04b8\"},\"description\":\"Mathias Vacek ve dvaceti letech debutoval v z\u00e1vod\u011b Kolem Flander. \u201eObjevil jsem netu\u0161en\u00e9 fyzick\u00e9 limity. Nikdy jsem nec\u00edtil stejnou bolest.\u201c\",\"inLanguage\":\"cs\",\"potentialAction\":[{\"@type\":\"ReadAction\",\"target\":[\"https:\/\/www.welovecycling.com\/cs\/2023\/04\/04\/mathias-vacek-pojede-pariz-roubaix-tesim-se-prestoze-flandry-mi-prinesly-nepoznanou-bolest\/\"]}]},{\"@type\":\"ImageObject\",\"inLanguage\":\"cs\",\"@id\":\"https:\/\/www.welovecycling.com\/cs\/2023\/04\/04\/mathias-vacek-pojede-pariz-roubaix-tesim-se-prestoze-flandry-mi-prinesly-nepoznanou-bolest\/#primaryimage\",\"url\":\"https:\/\/d2p6e6u75xmxt8.cloudfront.net\/13\/2023\/04\/profimedia-0759267884.webp\",\"contentUrl\":\"https:\/\/d2p6e6u75xmxt8.cloudfront.net\/13\/2023\/04\/profimedia-0759267884.webp\",\"width\":1800,\"height\":1138,\"caption\":\"Mathias Vacek\"},{\"@type\":\"WebSite\",\"@id\":\"https:\/\/www.welovecycling.com\/cs\/#website\",\"url\":\"https:\/\/www.welovecycling.com\/cs\/\",\"name\":\"\u0160koda We Love Cycling - \u010cesk\u00e1 republika\",\"description\":\"WeLoveCycling.cz je online magaz\u00edn, kter\u00fd v\u00e1m pravideln\u011b p\u0159in\u00e1\u0161\u00ed rady a tipy, zaj\u00edmav\u00e9 \u010dl\u00e1nky, videa a jedine\u010dn\u00e9 report\u00e1\u017ee ze sv\u011bta cyklistiky.\",\"potentialAction\":[{\"@type\":\"SearchAction\",\"target\":{\"@type\":\"EntryPoint\",\"urlTemplate\":\"https:\/\/www.welovecycling.com\/cs\/?s={search_term_string}\"},\"query-input\":{\"@type\":\"PropertyValueSpecification\",\"valueRequired\":true,\"valueName\":\"search_term_string\"}}],\"inLanguage\":\"cs\"},{\"@type\":\"Person\",\"@id\":\"https:\/\/www.welovecycling.com\/cs\/#\/schema\/person\/d9eeb0a378f3a7e4a6d12d2b536b04b8\",\"name\":\"radekmalina\",\"image\":{\"@type\":\"ImageObject\",\"inLanguage\":\"cs\",\"@id\":\"https:\/\/www.welovecycling.com\/cs\/#\/schema\/person\/image\/\",\"url\":\"https:\/\/secure.gravatar.com\/avatar\/66994b632cb8c39a46b9f54afa3ae07201b678d32a54275b6f1c9ffec356bfc0?s=96&d=mm&r=g\",\"contentUrl\":\"https:\/\/secure.gravatar.com\/avatar\/66994b632cb8c39a46b9f54afa3ae07201b678d32a54275b6f1c9ffec356bfc0?s=96&d=mm&r=g\",\"caption\":\"radekmalina\"},\"url\":\"https:\/\/www.welovecycling.com\/cs\/author\/radekmalina\/\"}]}<\/script>\n<!-- \/ Yoast SEO Premium plugin. -->","yoast_head_json":{"title":"Mathias Vacek pojede Pa\u0159\u00ed\u017e-Roubaix: T\u011b\u0161\u00edm se, p\u0159esto\u017ee Flandry mi p\u0159inesly nepoznanou bolest | \u0160koda We Love Cycling - \u010cesk\u00e1 republika","description":"Mathias Vacek ve dvaceti letech debutoval v z\u00e1vod\u011b Kolem Flander. \u201eObjevil jsem netu\u0161en\u00e9 fyzick\u00e9 limity. Nikdy jsem nec\u00edtil stejnou bolest.\u201c","robots":{"index":"index","follow":"follow","max-snippet":"max-snippet:-1","max-image-preview":"max-image-preview:large","max-video-preview":"max-video-preview:-1"},"canonical":"https:\/\/www.welovecycling.com\/cs\/2023\/04\/04\/mathias-vacek-pojede-pariz-roubaix-tesim-se-prestoze-flandry-mi-prinesly-nepoznanou-bolest\/","og_locale":"cs_CZ","og_type":"article","og_title":"Mathias Vacek pojede Pa\u0159\u00ed\u017e-Roubaix: T\u011b\u0161\u00edm se, p\u0159esto\u017ee Flandry mi p\u0159inesly nepoznanou bolest","og_description":"Mathias Vacek ve dvaceti letech debutoval v z\u00e1vod\u011b Kolem Flander. \u201eObjevil jsem netu\u0161en\u00e9 fyzick\u00e9 limity. Nikdy jsem nec\u00edtil stejnou bolest.\u201c","og_url":"https:\/\/www.welovecycling.com\/cs\/2023\/04\/04\/mathias-vacek-pojede-pariz-roubaix-tesim-se-prestoze-flandry-mi-prinesly-nepoznanou-bolest\/","og_site_name":"\u0160koda We Love Cycling - \u010cesk\u00e1 republika","article_published_time":"2023-04-04T18:00:23+00:00","og_image":[{"width":1800,"height":1138,"url":"https:\/\/d2p6e6u75xmxt8.cloudfront.net\/13\/2023\/04\/profimedia-0759267884.webp","type":"image\/webp"}],"author":"radekmalina","twitter_card":"summary_large_image","twitter_misc":{"Written by":"Radek Malina","Est. reading time":"6"},"schema":{"@context":"https:\/\/schema.org","@graph":[{"@type":"WebPage","@id":"https:\/\/www.welovecycling.com\/cs\/2023\/04\/04\/mathias-vacek-pojede-pariz-roubaix-tesim-se-prestoze-flandry-mi-prinesly-nepoznanou-bolest\/","url":"https:\/\/www.welovecycling.com\/cs\/2023\/04\/04\/mathias-vacek-pojede-pariz-roubaix-tesim-se-prestoze-flandry-mi-prinesly-nepoznanou-bolest\/","name":"Mathias Vacek pojede Pa\u0159\u00ed\u017e-Roubaix: T\u011b\u0161\u00edm se, p\u0159esto\u017ee Flandry mi p\u0159inesly nepoznanou bolest | \u0160koda We Love Cycling - \u010cesk\u00e1 republika","isPartOf":{"@id":"https:\/\/www.welovecycling.com\/cs\/#website"},"primaryImageOfPage":{"@id":"https:\/\/www.welovecycling.com\/cs\/2023\/04\/04\/mathias-vacek-pojede-pariz-roubaix-tesim-se-prestoze-flandry-mi-prinesly-nepoznanou-bolest\/#primaryimage"},"image":{"@id":"https:\/\/www.welovecycling.com\/cs\/2023\/04\/04\/mathias-vacek-pojede-pariz-roubaix-tesim-se-prestoze-flandry-mi-prinesly-nepoznanou-bolest\/#primaryimage"},"thumbnailUrl":"https:\/\/d2p6e6u75xmxt8.cloudfront.net\/13\/2023\/04\/profimedia-0759267884.webp","datePublished":"2023-04-04T18:00:23+00:00","author":{"@id":"https:\/\/www.welovecycling.com\/cs\/#\/schema\/person\/d9eeb0a378f3a7e4a6d12d2b536b04b8"},"description":"Mathias Vacek ve dvaceti letech debutoval v z\u00e1vod\u011b Kolem Flander. \u201eObjevil jsem netu\u0161en\u00e9 fyzick\u00e9 limity. Nikdy jsem nec\u00edtil stejnou bolest.\u201c","inLanguage":"cs","potentialAction":[{"@type":"ReadAction","target":["https:\/\/www.welovecycling.com\/cs\/2023\/04\/04\/mathias-vacek-pojede-pariz-roubaix-tesim-se-prestoze-flandry-mi-prinesly-nepoznanou-bolest\/"]}]},{"@type":"ImageObject","inLanguage":"cs","@id":"https:\/\/www.welovecycling.com\/cs\/2023\/04\/04\/mathias-vacek-pojede-pariz-roubaix-tesim-se-prestoze-flandry-mi-prinesly-nepoznanou-bolest\/#primaryimage","url":"https:\/\/d2p6e6u75xmxt8.cloudfront.net\/13\/2023\/04\/profimedia-0759267884.webp","contentUrl":"https:\/\/d2p6e6u75xmxt8.cloudfront.net\/13\/2023\/04\/profimedia-0759267884.webp","width":1800,"height":1138,"caption":"Mathias Vacek"},{"@type":"WebSite","@id":"https:\/\/www.welovecycling.com\/cs\/#website","url":"https:\/\/www.welovecycling.com\/cs\/","name":"\u0160koda We Love Cycling - \u010cesk\u00e1 republika","description":"WeLoveCycling.cz je online magaz\u00edn, kter\u00fd v\u00e1m pravideln\u011b p\u0159in\u00e1\u0161\u00ed rady a tipy, zaj\u00edmav\u00e9 \u010dl\u00e1nky, videa a jedine\u010dn\u00e9 report\u00e1\u017ee ze sv\u011bta cyklistiky.","potentialAction":[{"@type":"SearchAction","target":{"@type":"EntryPoint","urlTemplate":"https:\/\/www.welovecycling.com\/cs\/?s={search_term_string}"},"query-input":{"@type":"PropertyValueSpecification","valueRequired":true,"valueName":"search_term_string"}}],"inLanguage":"cs"},{"@type":"Person","@id":"https:\/\/www.welovecycling.com\/cs\/#\/schema\/person\/d9eeb0a378f3a7e4a6d12d2b536b04b8","name":"radekmalina","image":{"@type":"ImageObject","inLanguage":"cs","@id":"https:\/\/www.welovecycling.com\/cs\/#\/schema\/person\/image\/","url":"https:\/\/secure.gravatar.com\/avatar\/66994b632cb8c39a46b9f54afa3ae07201b678d32a54275b6f1c9ffec356bfc0?s=96&d=mm&r=g","contentUrl":"https:\/\/secure.gravatar.com\/avatar\/66994b632cb8c39a46b9f54afa3ae07201b678d32a54275b6f1c9ffec356bfc0?s=96&d=mm&r=g","caption":"radekmalina"},"url":"https:\/\/www.welovecycling.com\/cs\/author\/radekmalina\/"}]}},"_links":{"self":[{"href":"https:\/\/www.welovecycling.com\/cs\/wp-json\/wp\/v2\/posts\/21934","targetHints":{"allow":["GET"]}}],"collection":[{"href":"https:\/\/www.welovecycling.com\/cs\/wp-json\/wp\/v2\/posts"}],"about":[{"href":"https:\/\/www.welovecycling.com\/cs\/wp-json\/wp\/v2\/types\/post"}],"author":[{"embeddable":true,"href":"https:\/\/www.welovecycling.com\/cs\/wp-json\/wp\/v2\/users\/138"}],"replies":[{"embeddable":true,"href":"https:\/\/www.welovecycling.com\/cs\/wp-json\/wp\/v2\/comments?post=21934"}],"version-history":[{"count":3,"href":"https:\/\/www.welovecycling.com\/cs\/wp-json\/wp\/v2\/posts\/21934\/revisions"}],"predecessor-version":[{"id":21938,"href":"https:\/\/www.welovecycling.com\/cs\/wp-json\/wp\/v2\/posts\/21934\/revisions\/21938"}],"wp:featuredmedia":[{"embeddable":true,"href":"https:\/\/www.welovecycling.com\/cs\/wp-json\/wp\/v2\/media\/21936"}],"wp:attachment":[{"href":"https:\/\/www.welovecycling.com\/cs\/wp-json\/wp\/v2\/media?parent=21934"}],"wp:term":[{"taxonomy":"category","embeddable":true,"href":"https:\/\/www.welovecycling.com\/cs\/wp-json\/wp\/v2\/categories?post=21934"},{"taxonomy":"post_tag","embeddable":true,"href":"https:\/\/www.welovecycling.com\/cs\/wp-json\/wp\/v2\/tags?post=21934"},{"taxonomy":"global-categories","embeddable":true,"href":"https:\/\/www.welovecycling.com\/cs\/wp-json\/wp\/v2\/global-categories?post=21934"}],"curies":[{"name":"wp","href":"https:\/\/api.w.org\/{rel}","templated":true}]}}