{"id":21590,"date":"2023-03-23T07:47:50","date_gmt":"2023-03-23T05:47:50","guid":{"rendered":"https:\/\/www.welovecycling.com\/cs\/?p=21590"},"modified":"2023-03-23T07:47:50","modified_gmt":"2023-03-23T05:47:50","slug":"z-brna-do-singapuru-majkuv-zapisnik-samopaly-v-bulharsku-me-trosku-vydesily","status":"publish","type":"post","link":"https:\/\/www.welovecycling.com\/cs\/2023\/03\/23\/z-brna-do-singapuru-majkuv-zapisnik-samopaly-v-bulharsku-me-trosku-vydesily\/","title":{"rendered":"Z\u00a0Brna do Singapuru &#8211; Majk\u016fv z\u00e1pisn\u00edk: Samopaly v\u00a0Bulharsku m\u011b tro\u0161ku vyd\u011bsily"},"content":{"rendered":"<p><strong>Z Brna do Singapuru! Michal Kamermeier alias Majk na cest\u00e1ch absolvuje v sedle horsk\u00e9ho kola bl\u00e1znivou cestu nap\u0159\u00ed\u010d zem\u011bkoul\u00ed, aby si splnil sen a pomohl charitativn\u00edmu projektu Jedna se po\u010d\u00edt\u00e1. Jak prob\u00edh\u00e1 jeho bitva s trasou dlouhou t\u0159in\u00e1ct tis\u00edc kilometr\u016f?<\/strong><\/p>\n<p>\u201eU\u017e jsem projel Srbsko, Chorvatsko, Bulharsko, \u0158ecko a ukrojil prvn\u00ed kilometry z\u00a0Turecka. A pr\u016fjezd Bulharskem byl skute\u010dn\u011b hodn\u011b siln\u00fdm z\u00e1\u017eitkem. Hned na \u00favod se mi poda\u0159ilo naprosto ne\u00famysln\u011b zajet do vojensk\u00e9ho prostoru. Ne\u0161lo by o nic dramatick\u00e9ho, kdyby zrovna neprob\u00edhalo arm\u00e1dn\u00ed cvi\u010den\u00ed a nevysk\u00e1kali na m\u011b voj\u00e1ci se samopaly. A nikdo z\u00a0nich neum\u011bl anglicky.<\/p>\n<p>Bylo tak hodn\u011b slo\u017eit\u00e9 vysv\u011btlit, \u017ee m\u011b do dan\u00e9ho prostoru zavedly mapy.cz a nav\u00edc nikde nebyla jedin\u00e1 cedule upozor\u0148uj\u00edc\u00ed na civilist\u016fm zapov\u011bzen\u00fd prostor. Dostal jsem se p\u0159itom docela daleko a ujel n\u011bjak\u00fdch patn\u00e1ct set metr\u016f, ne\u017e m\u011b zastavili.<\/p>\n<h2><strong>Doprovod s maj\u00e1kem<\/strong><\/h2>\n<p>J\u00e1 sice vid\u011bl st\u0159elnici, ale ani n\u00e1hodou m\u011b nenapadlo, \u017ee bych mohl vjet p\u0159\u00edmo do cvi\u010den\u00ed. Nikde nebylo sly\u0161et n\u011bjak\u00e9 zvuky p\u0159ipom\u00ednaj\u00edc\u00ed arm\u00e1dn\u00ed cvi\u010den\u00ed.<\/p>\n<p>Na\u0161t\u011bst\u00ed byli v\u0161ichni v klidu. J\u00e1 jim po\u0159\u00e1d opakoval Sofie, Sofie&#8230; Nakonec na m\u011b jeden z voj\u00e1k\u016f m\u00e1vnul, sko\u010dil do n\u011bjak\u00e9ho gaziku a m\u011bl jsem doprovod s maj\u00e1kem k nejbli\u017e\u0161\u00ed ve\u0159ejn\u00e9 silnici. A cestou jsem vid\u011bl dva autobusy pln\u00e9 voj\u00e1k\u016f.<\/p>\n<p><a href=\"https:\/\/d2p6e6u75xmxt8.cloudfront.net\/13\/2023\/03\/Majk-na-cestach-IVI.webp\"><img loading=\"lazy\" decoding=\"async\" class=\"alignnone size-full wp-image-21595\" src=\"https:\/\/d2p6e6u75xmxt8.cloudfront.net\/13\/2023\/03\/Majk-na-cestach-IVI.webp\" alt=\"\" width=\"698\" height=\"568\" srcset=\"https:\/\/d2p6e6u75xmxt8.cloudfront.net\/13\/2023\/03\/Majk-na-cestach-IVI.webp 698w, https:\/\/d2p6e6u75xmxt8.cloudfront.net\/13\/2023\/03\/Majk-na-cestach-IVI-300x244.webp 300w, https:\/\/d2p6e6u75xmxt8.cloudfront.net\/13\/2023\/03\/Majk-na-cestach-IVI-400x326.webp 400w\" sizes=\"auto, (max-width: 698px) 100vw, 698px\" \/><\/a><\/p>\n<p>P\u0159ejezd Bulharska dal jasnou odpov\u011b\u010f na opakuj\u00edc\u00ed se ot\u00e1zky, pro\u010d jedu na horsk\u00e9m kole. Bu\u010f jsem se pohyboval po kostk\u00e1ch p\u0159ipom\u00ednaj\u00edc\u00ed slavn\u00e9 \u00faseky klasiky Pa\u0159\u00ed\u017e-Roubaix nebo po silnic\u00edch I. t\u0159\u00eddy, kter\u00e9 byly tot\u00e1ln\u011b rozbit\u00e9. Tak\u017ee bulharsk\u00e9 poln\u00ed cesty byly vlastn\u011b vysvobozen\u00edm. Odpru\u017een\u00ed horsk\u00e9ho kola bylo pro moje ruce i zadek balz\u00e1mem.<\/p>\n<p>Srbsko nebylo hrozn\u00e9 z\u00a0hlediska kvality silnic, ale uk\u00e1zalo se, jak temperamentn\u00ed a sou\u010dasn\u011b netolerantn\u00ed jsou tamn\u00ed \u0159idi\u010di v\u016f\u010di cyklist\u016fm. Teoreticky se v\u00a0zemi vyskytuje 300 kilometr\u016f Dunajsk\u00e9 cyklostezky. Ve skute\u010dnosti tam \u017e\u00e1dn\u00e1 nen\u00ed a jede se po hlavn\u00ed silnici. A kdy\u017e kolem \u010dlov\u011bka svi\u0161t\u00ed auta a zejm\u00e9na kamiony stovkou, jde o hodn\u011b nep\u0159\u00edjemn\u00fd z\u00e1\u017eitek. O odstupu si \u010dlov\u011bk pochopiteln\u011b m\u016f\u017ee nechat jenom zd\u00e1t.<\/p>\n<h2><strong>Komunikace je probl\u00e9m<\/strong><\/h2>\n<p>Ka\u017edop\u00e1dn\u011b cesta p\u0159edstavuje gastronomick\u00fd z\u00e1\u017eitek p\u0159esn\u011b podle o\u010dek\u00e1v\u00e1n\u00ed. Ochutnal jsem j\u00eddla, kter\u00e1 bych si na dovolen\u00e9 nedal, proto\u017ee bych takov\u00fd kalorick\u00fd n\u00e1\u0161up nesp\u00e1lil. Ale v\u00a0sedle kola? Nem\u00e1m d\u016fvod si n\u011bco od\u0159\u00edkat a mohu ochutn\u00e1vat pras\u00e1rny nejvy\u0161\u0161\u00edho kalibru.<\/p>\n<div class=\"shortcode-ys-post-pinup\"><article class=\"loop-simple post-20931 post type-post status-publish format-standard has-post-thumbnail hentry category-kolem-sveta category-https-www-welovecycling-com-cs-category-zabava tag-cyklistika tag-horska-cyklistika tag-majk-na-cestach tag-michal-kamermeier tag-silnicni-cyklistika tag-vyziva tag-z-brna-do-singapuru tag-zdravi-a-trenink global-categories-cycling\" data-postid=\"20931\" role=\"article\" data-post-id=\"20931\" data-word-count=\"581\" data-headline-length=\"117\" data-category=\"Kolem sv\u011bta s Majkem\" data-global-category=\"Cycling\" data-author=\"Radek Malina\" data-published=\"2023-03-01T13:00:11+02:00\" data-published-day=\"Wednesday\">\n    <div class=\"entry-thumbnail article-thumbnail\" content=\"https:\/\/d2p6e6u75xmxt8.cloudfront.net\/13\/2023\/02\/majk-Etape-du-Tour-150x150.webp\"><a href=\"https:\/\/www.welovecycling.com\/cs\/2023\/03\/01\/majk-na-cestach-o-planu-stravovani-behem-cesty-do-singapuru-tesim-se-ze-pujde-i-o-kulinarsky-zazitek\/\" class=\"image-holder\" target=\"_self\"><img decoding=\"async\" loading=\"lazy\" class=\"\" src=\"https:\/\/d2p6e6u75xmxt8.cloudfront.net\/13\/2023\/02\/majk-Etape-du-Tour-1024x682.webp\" srcset=\"https:\/\/d2p6e6u75xmxt8.cloudfront.net\/13\/2023\/02\/majk-Etape-du-Tour.webp 2000w, https:\/\/d2p6e6u75xmxt8.cloudfront.net\/13\/2023\/02\/majk-Etape-du-Tour-300x200.webp 300w, https:\/\/d2p6e6u75xmxt8.cloudfront.net\/13\/2023\/02\/majk-Etape-du-Tour-1024x682.webp 1024w, https:\/\/d2p6e6u75xmxt8.cloudfront.net\/13\/2023\/02\/majk-Etape-du-Tour-768x512.webp 768w, https:\/\/d2p6e6u75xmxt8.cloudfront.net\/13\/2023\/02\/majk-Etape-du-Tour-1536x1024.webp 1536w, https:\/\/d2p6e6u75xmxt8.cloudfront.net\/13\/2023\/02\/majk-Etape-du-Tour-1920x1280.webp 1920w, https:\/\/d2p6e6u75xmxt8.cloudfront.net\/13\/2023\/02\/majk-Etape-du-Tour-400x267.webp 400w, https:\/\/d2p6e6u75xmxt8.cloudfront.net\/13\/2023\/02\/majk-Etape-du-Tour-272x182.webp 272w, https:\/\/d2p6e6u75xmxt8.cloudfront.net\/13\/2023\/02\/majk-Etape-du-Tour-1920x1280.webp 1920w\" width=\"1024\" height=\"682\" sizes=\"auto, (min-width: 1200px) 300px, (min-width: 768px) 25vw, 100vw\" alt=\"majk-na-cestach-o-planu-stravovani-behem-cesty-do-singapuru-tesim-se-ze-pujde-i-o-kulinarsky-zazitek\"\/><\/a><\/div>    <div class=\"entry-meta\">\n        <a class=\"label label-secondary post-category\" href=\"https:\/\/www.welovecycling.com\/cs\/category\/kolem-sveta\/\" title=\"Kolem sv\u011bta s Majkem\">Kolem sv\u011bta s Majkem<\/a>\n    <\/div>\n    <div class=\"entry-details\">\n        <a href=\"https:\/\/www.welovecycling.com\/cs\/2023\/03\/01\/majk-na-cestach-o-planu-stravovani-behem-cesty-do-singapuru-tesim-se-ze-pujde-i-o-kulinarsky-zazitek\/\" class='entry-title-wrapper'>\n            <h3 class=\"entry-title\"><span>Majk na cest\u00e1ch o pl\u00e1nu stravov\u00e1n\u00ed b\u011bhem cesty do Singapuru: T\u011b\u0161\u00edm se, \u017ee p\u016fjde i o kulin\u00e1\u0159sk\u00fd z\u00e1\u017eitek<\/span><\/h3>\n        <\/a>\n    <\/div>\n    <\/article>\n<\/div>\n<p>Balk\u00e1n byl hlavn\u011b o masov\u00e9 strav\u011b, p\u0159i\u010dem\u017e dominovala j\u00eddla sma\u017een\u00e1 \u010di grilovan\u00e1, ale nebylo to nic lehk\u00e9ho do \u017ealudku. V\u00a0Turecku je hodn\u011b zeleniny, v\u0161ude je grilovan\u00e9 maso. A ceny jsou mimo\u0159\u00e1dn\u011b p\u0159\u00edzniv\u00e9. Zat\u00edm jsem pouze deset kilometr\u016f za tureck\u00fdmi hranicemi, ale j\u00eddlo je velice pestr\u00e9. A uchv\u00e1til m\u011b zdej\u0161\u00ed \u010dajov\u00fd lomcov\u00e1k. Skleni\u010dka \u010dern\u00e9ho \u010daje v\u00a0p\u0159epo\u010dtu za p\u011bt korun&#8230;<\/p>\n<p><a href=\"https:\/\/d2p6e6u75xmxt8.cloudfront.net\/13\/2023\/03\/majk-na-cestach-IIII.webp\"><img loading=\"lazy\" decoding=\"async\" class=\"alignnone size-full wp-image-21594\" src=\"https:\/\/d2p6e6u75xmxt8.cloudfront.net\/13\/2023\/03\/majk-na-cestach-IIII.webp\" alt=\"\" width=\"775\" height=\"792\" srcset=\"https:\/\/d2p6e6u75xmxt8.cloudfront.net\/13\/2023\/03\/majk-na-cestach-IIII.webp 775w, https:\/\/d2p6e6u75xmxt8.cloudfront.net\/13\/2023\/03\/majk-na-cestach-IIII-294x300.webp 294w, https:\/\/d2p6e6u75xmxt8.cloudfront.net\/13\/2023\/03\/majk-na-cestach-IIII-768x785.webp 768w, https:\/\/d2p6e6u75xmxt8.cloudfront.net\/13\/2023\/03\/majk-na-cestach-IIII-391x400.webp 391w\" sizes=\"auto, (max-width: 775px) 100vw, 775px\" \/><\/a><\/p>\n<p>Jedin\u00fdm z\u00e1drhelem cel\u00e9 cesty je komunikace. Nikdo nemluv\u00ed anglicky. Byl jsem nemile p\u0159ekvapen\u00fd, \u017ee pokud vyraz\u00edm n\u011bkam na k\u00e1vu, j\u00eddlo nebo pivo, absolutn\u011b si nepokec\u00e1m. To je hodn\u011b \u0161patn\u00e9. Ale douf\u00e1m, \u017ee se v\u0161e zlep\u0161\u00ed v\u00a0Istanbulu, kam doraz\u00edm b\u011bhem \u010dtvrtka. D\u00e1m si tam t\u0159i dny volna. M\u00e1m v\u00a0noh\u00e1ch dva tis\u00edce kilometr\u016f. U\u017e mus\u00edm dop\u0159\u00e1t t\u011blu regeneraci.\u201c<\/p>\n","protected":false},"excerpt":{"rendered":"<p>Z Brna do Singapuru! Michal Kamermeier alias Majk na cest\u00e1ch absolvuje v sedle horsk\u00e9ho kola bl\u00e1znivou cestu nap\u0159\u00ed\u010d zem\u011bkoul\u00ed, aby [&hellip;]<\/p>\n","protected":false},"author":138,"featured_media":21592,"comment_status":"open","ping_status":"open","sticky":false,"template":"","format":"standard","meta":{"footnotes":""},"categories":[2926],"tags":[126,56,769,2964,2899],"global-categories":[411],"class_list":["post-21590","post","type-post","status-publish","format-standard","has-post-thumbnail","hentry","category-kolem-sveta","tag-cyklistika","tag-horska-cyklistika","tag-majk-na-cestach","tag-majkuv-zapisnik","tag-z-brna-do-singapuru","global-categories-cycling"],"yoast_head":"<!-- This site is optimized with the Yoast SEO Premium plugin v25.3 (Yoast SEO v25.9) - https:\/\/yoast.com\/wordpress\/plugins\/seo\/ -->\n<title>Z\u00a0Brna do Singapuru - Majk\u016fv z\u00e1pisn\u00edk: Samopaly v\u00a0Bulharsku m\u011b tro\u0161ku vyd\u011bsily | \u0160koda We Love Cycling - \u010cesk\u00e1 republika<\/title>\n<meta name=\"description\" content=\"Z Brna do Singapuru! Michal Kamermeier alias Majk na cest\u00e1ch absolvuje v sedle horsk\u00e9ho kola bl\u00e1znivou cestu nap\u0159\u00ed\u010d zem\u011bkoul\u00ed.\" \/>\n<meta name=\"robots\" content=\"index, follow, max-snippet:-1, max-image-preview:large, max-video-preview:-1\" \/>\n<link rel=\"canonical\" href=\"https:\/\/www.welovecycling.com\/cs\/2023\/03\/23\/z-brna-do-singapuru-majkuv-zapisnik-samopaly-v-bulharsku-me-trosku-vydesily\/\" \/>\n<meta property=\"og:locale\" content=\"cs_CZ\" \/>\n<meta property=\"og:type\" content=\"article\" \/>\n<meta property=\"og:title\" content=\"Z\u00a0Brna do Singapuru - Majk\u016fv z\u00e1pisn\u00edk: Samopaly v\u00a0Bulharsku m\u011b tro\u0161ku vyd\u011bsily\" \/>\n<meta property=\"og:description\" content=\"Z Brna do Singapuru! Michal Kamermeier alias Majk na cest\u00e1ch absolvuje v sedle horsk\u00e9ho kola bl\u00e1znivou cestu nap\u0159\u00ed\u010d zem\u011bkoul\u00ed.\" \/>\n<meta property=\"og:url\" content=\"https:\/\/www.welovecycling.com\/cs\/2023\/03\/23\/z-brna-do-singapuru-majkuv-zapisnik-samopaly-v-bulharsku-me-trosku-vydesily\/\" \/>\n<meta property=\"og:site_name\" content=\"\u0160koda We Love Cycling - \u010cesk\u00e1 republika\" \/>\n<meta property=\"article:published_time\" content=\"2023-03-23T05:47:50+00:00\" \/>\n<meta property=\"og:image\" content=\"https:\/\/d2p6e6u75xmxt8.cloudfront.net\/13\/2023\/03\/majk-na-cestach-III-scaled.webp\" \/>\n\t<meta property=\"og:image:width\" content=\"2560\" \/>\n\t<meta property=\"og:image:height\" content=\"1709\" \/>\n\t<meta property=\"og:image:type\" content=\"image\/webp\" \/>\n<meta name=\"author\" content=\"radekmalina\" \/>\n<meta name=\"twitter:card\" content=\"summary_large_image\" \/>\n<meta name=\"twitter:label1\" content=\"Written by\" \/>\n\t<meta name=\"twitter:data1\" content=\"Radek Malina\" \/>\n\t<meta name=\"twitter:label2\" content=\"Est. reading time\" \/>\n\t<meta name=\"twitter:data2\" content=\"5\" \/>\n<script type=\"application\/ld+json\" class=\"yoast-schema-graph\">{\"@context\":\"https:\/\/schema.org\",\"@graph\":[{\"@type\":\"WebPage\",\"@id\":\"https:\/\/www.welovecycling.com\/cs\/2023\/03\/23\/z-brna-do-singapuru-majkuv-zapisnik-samopaly-v-bulharsku-me-trosku-vydesily\/\",\"url\":\"https:\/\/www.welovecycling.com\/cs\/2023\/03\/23\/z-brna-do-singapuru-majkuv-zapisnik-samopaly-v-bulharsku-me-trosku-vydesily\/\",\"name\":\"Z\u00a0Brna do Singapuru - Majk\u016fv z\u00e1pisn\u00edk: Samopaly v\u00a0Bulharsku m\u011b tro\u0161ku vyd\u011bsily | \u0160koda We Love Cycling - \u010cesk\u00e1 republika\",\"isPartOf\":{\"@id\":\"https:\/\/www.welovecycling.com\/cs\/#website\"},\"primaryImageOfPage\":{\"@id\":\"https:\/\/www.welovecycling.com\/cs\/2023\/03\/23\/z-brna-do-singapuru-majkuv-zapisnik-samopaly-v-bulharsku-me-trosku-vydesily\/#primaryimage\"},\"image\":{\"@id\":\"https:\/\/www.welovecycling.com\/cs\/2023\/03\/23\/z-brna-do-singapuru-majkuv-zapisnik-samopaly-v-bulharsku-me-trosku-vydesily\/#primaryimage\"},\"thumbnailUrl\":\"https:\/\/d2p6e6u75xmxt8.cloudfront.net\/13\/2023\/03\/majk-na-cestach-III-scaled.webp\",\"datePublished\":\"2023-03-23T05:47:50+00:00\",\"author\":{\"@id\":\"https:\/\/www.welovecycling.com\/cs\/#\/schema\/person\/d9eeb0a378f3a7e4a6d12d2b536b04b8\"},\"description\":\"Z Brna do Singapuru! Michal Kamermeier alias Majk na cest\u00e1ch absolvuje v sedle horsk\u00e9ho kola bl\u00e1znivou cestu nap\u0159\u00ed\u010d zem\u011bkoul\u00ed.\",\"inLanguage\":\"cs\",\"potentialAction\":[{\"@type\":\"ReadAction\",\"target\":[\"https:\/\/www.welovecycling.com\/cs\/2023\/03\/23\/z-brna-do-singapuru-majkuv-zapisnik-samopaly-v-bulharsku-me-trosku-vydesily\/\"]}]},{\"@type\":\"ImageObject\",\"inLanguage\":\"cs\",\"@id\":\"https:\/\/www.welovecycling.com\/cs\/2023\/03\/23\/z-brna-do-singapuru-majkuv-zapisnik-samopaly-v-bulharsku-me-trosku-vydesily\/#primaryimage\",\"url\":\"https:\/\/d2p6e6u75xmxt8.cloudfront.net\/13\/2023\/03\/majk-na-cestach-III-scaled.webp\",\"contentUrl\":\"https:\/\/d2p6e6u75xmxt8.cloudfront.net\/13\/2023\/03\/majk-na-cestach-III-scaled.webp\",\"width\":2560,\"height\":1709},{\"@type\":\"WebSite\",\"@id\":\"https:\/\/www.welovecycling.com\/cs\/#website\",\"url\":\"https:\/\/www.welovecycling.com\/cs\/\",\"name\":\"\u0160koda We Love Cycling - \u010cesk\u00e1 republika\",\"description\":\"WeLoveCycling.cz je online magaz\u00edn, kter\u00fd v\u00e1m pravideln\u011b p\u0159in\u00e1\u0161\u00ed rady a tipy, zaj\u00edmav\u00e9 \u010dl\u00e1nky, videa a jedine\u010dn\u00e9 report\u00e1\u017ee ze sv\u011bta cyklistiky.\",\"potentialAction\":[{\"@type\":\"SearchAction\",\"target\":{\"@type\":\"EntryPoint\",\"urlTemplate\":\"https:\/\/www.welovecycling.com\/cs\/?s={search_term_string}\"},\"query-input\":{\"@type\":\"PropertyValueSpecification\",\"valueRequired\":true,\"valueName\":\"search_term_string\"}}],\"inLanguage\":\"cs\"},{\"@type\":\"Person\",\"@id\":\"https:\/\/www.welovecycling.com\/cs\/#\/schema\/person\/d9eeb0a378f3a7e4a6d12d2b536b04b8\",\"name\":\"radekmalina\",\"image\":{\"@type\":\"ImageObject\",\"inLanguage\":\"cs\",\"@id\":\"https:\/\/www.welovecycling.com\/cs\/#\/schema\/person\/image\/\",\"url\":\"https:\/\/secure.gravatar.com\/avatar\/66994b632cb8c39a46b9f54afa3ae07201b678d32a54275b6f1c9ffec356bfc0?s=96&d=mm&r=g\",\"contentUrl\":\"https:\/\/secure.gravatar.com\/avatar\/66994b632cb8c39a46b9f54afa3ae07201b678d32a54275b6f1c9ffec356bfc0?s=96&d=mm&r=g\",\"caption\":\"radekmalina\"},\"url\":\"https:\/\/www.welovecycling.com\/cs\/author\/radekmalina\/\"}]}<\/script>\n<!-- \/ Yoast SEO Premium plugin. -->","yoast_head_json":{"title":"Z\u00a0Brna do Singapuru - Majk\u016fv z\u00e1pisn\u00edk: Samopaly v\u00a0Bulharsku m\u011b tro\u0161ku vyd\u011bsily | \u0160koda We Love Cycling - \u010cesk\u00e1 republika","description":"Z Brna do Singapuru! Michal Kamermeier alias Majk na cest\u00e1ch absolvuje v sedle horsk\u00e9ho kola bl\u00e1znivou cestu nap\u0159\u00ed\u010d zem\u011bkoul\u00ed.","robots":{"index":"index","follow":"follow","max-snippet":"max-snippet:-1","max-image-preview":"max-image-preview:large","max-video-preview":"max-video-preview:-1"},"canonical":"https:\/\/www.welovecycling.com\/cs\/2023\/03\/23\/z-brna-do-singapuru-majkuv-zapisnik-samopaly-v-bulharsku-me-trosku-vydesily\/","og_locale":"cs_CZ","og_type":"article","og_title":"Z\u00a0Brna do Singapuru - Majk\u016fv z\u00e1pisn\u00edk: Samopaly v\u00a0Bulharsku m\u011b tro\u0161ku vyd\u011bsily","og_description":"Z Brna do Singapuru! Michal Kamermeier alias Majk na cest\u00e1ch absolvuje v sedle horsk\u00e9ho kola bl\u00e1znivou cestu nap\u0159\u00ed\u010d zem\u011bkoul\u00ed.","og_url":"https:\/\/www.welovecycling.com\/cs\/2023\/03\/23\/z-brna-do-singapuru-majkuv-zapisnik-samopaly-v-bulharsku-me-trosku-vydesily\/","og_site_name":"\u0160koda We Love Cycling - \u010cesk\u00e1 republika","article_published_time":"2023-03-23T05:47:50+00:00","og_image":[{"width":2560,"height":1709,"url":"https:\/\/d2p6e6u75xmxt8.cloudfront.net\/13\/2023\/03\/majk-na-cestach-III-scaled.webp","type":"image\/webp"}],"author":"radekmalina","twitter_card":"summary_large_image","twitter_misc":{"Written by":"Radek Malina","Est. reading time":"5"},"schema":{"@context":"https:\/\/schema.org","@graph":[{"@type":"WebPage","@id":"https:\/\/www.welovecycling.com\/cs\/2023\/03\/23\/z-brna-do-singapuru-majkuv-zapisnik-samopaly-v-bulharsku-me-trosku-vydesily\/","url":"https:\/\/www.welovecycling.com\/cs\/2023\/03\/23\/z-brna-do-singapuru-majkuv-zapisnik-samopaly-v-bulharsku-me-trosku-vydesily\/","name":"Z\u00a0Brna do Singapuru - Majk\u016fv z\u00e1pisn\u00edk: Samopaly v\u00a0Bulharsku m\u011b tro\u0161ku vyd\u011bsily | \u0160koda We Love Cycling - \u010cesk\u00e1 republika","isPartOf":{"@id":"https:\/\/www.welovecycling.com\/cs\/#website"},"primaryImageOfPage":{"@id":"https:\/\/www.welovecycling.com\/cs\/2023\/03\/23\/z-brna-do-singapuru-majkuv-zapisnik-samopaly-v-bulharsku-me-trosku-vydesily\/#primaryimage"},"image":{"@id":"https:\/\/www.welovecycling.com\/cs\/2023\/03\/23\/z-brna-do-singapuru-majkuv-zapisnik-samopaly-v-bulharsku-me-trosku-vydesily\/#primaryimage"},"thumbnailUrl":"https:\/\/d2p6e6u75xmxt8.cloudfront.net\/13\/2023\/03\/majk-na-cestach-III-scaled.webp","datePublished":"2023-03-23T05:47:50+00:00","author":{"@id":"https:\/\/www.welovecycling.com\/cs\/#\/schema\/person\/d9eeb0a378f3a7e4a6d12d2b536b04b8"},"description":"Z Brna do Singapuru! Michal Kamermeier alias Majk na cest\u00e1ch absolvuje v sedle horsk\u00e9ho kola bl\u00e1znivou cestu nap\u0159\u00ed\u010d zem\u011bkoul\u00ed.","inLanguage":"cs","potentialAction":[{"@type":"ReadAction","target":["https:\/\/www.welovecycling.com\/cs\/2023\/03\/23\/z-brna-do-singapuru-majkuv-zapisnik-samopaly-v-bulharsku-me-trosku-vydesily\/"]}]},{"@type":"ImageObject","inLanguage":"cs","@id":"https:\/\/www.welovecycling.com\/cs\/2023\/03\/23\/z-brna-do-singapuru-majkuv-zapisnik-samopaly-v-bulharsku-me-trosku-vydesily\/#primaryimage","url":"https:\/\/d2p6e6u75xmxt8.cloudfront.net\/13\/2023\/03\/majk-na-cestach-III-scaled.webp","contentUrl":"https:\/\/d2p6e6u75xmxt8.cloudfront.net\/13\/2023\/03\/majk-na-cestach-III-scaled.webp","width":2560,"height":1709},{"@type":"WebSite","@id":"https:\/\/www.welovecycling.com\/cs\/#website","url":"https:\/\/www.welovecycling.com\/cs\/","name":"\u0160koda We Love Cycling - \u010cesk\u00e1 republika","description":"WeLoveCycling.cz je online magaz\u00edn, kter\u00fd v\u00e1m pravideln\u011b p\u0159in\u00e1\u0161\u00ed rady a tipy, zaj\u00edmav\u00e9 \u010dl\u00e1nky, videa a jedine\u010dn\u00e9 report\u00e1\u017ee ze sv\u011bta cyklistiky.","potentialAction":[{"@type":"SearchAction","target":{"@type":"EntryPoint","urlTemplate":"https:\/\/www.welovecycling.com\/cs\/?s={search_term_string}"},"query-input":{"@type":"PropertyValueSpecification","valueRequired":true,"valueName":"search_term_string"}}],"inLanguage":"cs"},{"@type":"Person","@id":"https:\/\/www.welovecycling.com\/cs\/#\/schema\/person\/d9eeb0a378f3a7e4a6d12d2b536b04b8","name":"radekmalina","image":{"@type":"ImageObject","inLanguage":"cs","@id":"https:\/\/www.welovecycling.com\/cs\/#\/schema\/person\/image\/","url":"https:\/\/secure.gravatar.com\/avatar\/66994b632cb8c39a46b9f54afa3ae07201b678d32a54275b6f1c9ffec356bfc0?s=96&d=mm&r=g","contentUrl":"https:\/\/secure.gravatar.com\/avatar\/66994b632cb8c39a46b9f54afa3ae07201b678d32a54275b6f1c9ffec356bfc0?s=96&d=mm&r=g","caption":"radekmalina"},"url":"https:\/\/www.welovecycling.com\/cs\/author\/radekmalina\/"}]}},"_links":{"self":[{"href":"https:\/\/www.welovecycling.com\/cs\/wp-json\/wp\/v2\/posts\/21590","targetHints":{"allow":["GET"]}}],"collection":[{"href":"https:\/\/www.welovecycling.com\/cs\/wp-json\/wp\/v2\/posts"}],"about":[{"href":"https:\/\/www.welovecycling.com\/cs\/wp-json\/wp\/v2\/types\/post"}],"author":[{"embeddable":true,"href":"https:\/\/www.welovecycling.com\/cs\/wp-json\/wp\/v2\/users\/138"}],"replies":[{"embeddable":true,"href":"https:\/\/www.welovecycling.com\/cs\/wp-json\/wp\/v2\/comments?post=21590"}],"version-history":[{"count":2,"href":"https:\/\/www.welovecycling.com\/cs\/wp-json\/wp\/v2\/posts\/21590\/revisions"}],"predecessor-version":[{"id":21596,"href":"https:\/\/www.welovecycling.com\/cs\/wp-json\/wp\/v2\/posts\/21590\/revisions\/21596"}],"wp:featuredmedia":[{"embeddable":true,"href":"https:\/\/www.welovecycling.com\/cs\/wp-json\/wp\/v2\/media\/21592"}],"wp:attachment":[{"href":"https:\/\/www.welovecycling.com\/cs\/wp-json\/wp\/v2\/media?parent=21590"}],"wp:term":[{"taxonomy":"category","embeddable":true,"href":"https:\/\/www.welovecycling.com\/cs\/wp-json\/wp\/v2\/categories?post=21590"},{"taxonomy":"post_tag","embeddable":true,"href":"https:\/\/www.welovecycling.com\/cs\/wp-json\/wp\/v2\/tags?post=21590"},{"taxonomy":"global-categories","embeddable":true,"href":"https:\/\/www.welovecycling.com\/cs\/wp-json\/wp\/v2\/global-categories?post=21590"}],"curies":[{"name":"wp","href":"https:\/\/api.w.org\/{rel}","templated":true}]}}