{"id":21453,"date":"2023-03-16T06:00:35","date_gmt":"2023-03-16T04:00:35","guid":{"rendered":"https:\/\/www.welovecycling.com\/cs\/?p=21453"},"modified":"2023-03-15T22:22:40","modified_gmt":"2023-03-15T20:22:40","slug":"z-brna-do-singapuru-majkuv-zapisnik-jak-mi-spadla-brada","status":"publish","type":"post","link":"https:\/\/www.welovecycling.com\/cs\/2023\/03\/16\/z-brna-do-singapuru-majkuv-zapisnik-jak-mi-spadla-brada\/","title":{"rendered":"Z\u00a0Brna do Singapuru \u2013 Majk\u016fv z\u00e1pisn\u00edk: Jak mi spadla brada"},"content":{"rendered":"<p style=\"font-weight: 400;\"><strong>Z Brna do Singapuru! Michal Kamermeier alias Majk na cest\u00e1ch absolvuje v sedle horsk\u00e9ho kola bl\u00e1znivou cestu nap\u0159\u00ed\u010d zem\u011bkoul\u00ed, aby si splnil sen a pomohl charitativn\u00edmu projektu Jedna se po\u010d\u00edt\u00e1. Jak prob\u00edh\u00e1 jeho bitva s trasou dlouhou t\u0159in\u00e1ct tis\u00edc kilometr\u016f?<\/strong><\/p>\n<p style=\"font-weight: 400;\">\u201ePrvn\u00ed zahrani\u010dn\u00ed zem\u00ed na trase je Ma\u010farsko. Byl jsem zde na kole p\u0159ed osmi lety. A tehdy neexistovala \u017e\u00e1dn\u00e1 cyklistick\u00e1 infrastruktura. Silnice byly hrozn\u00e9, cyklostezky nebyly k nalezen\u00ed. Proto jsem nem\u011bl \u017e\u00e1dn\u00e1 p\u0159ehnan\u00e1 o\u010dek\u00e1v\u00e1n\u00ed.<\/p>\n<div class=\"shortcode-ys-post-pinup\"><article class=\"loop-simple post-21306 post type-post status-publish format-standard has-post-thumbnail hentry category-rady-tipy tag-abs tag-auto-shift tag-automaticke-razeni tag-cyklistika tag-elektrokola tag-flight-attendant tag-free-shift tag-gravel-bike tag-horska-cyklistika tag-kapacita-baterie tag-male-motory tag-shimano tag-trendy-roku-2023 global-categories-cycling\" data-postid=\"21306\" role=\"article\" data-post-id=\"21306\" data-word-count=\"581\" data-headline-length=\"47\" data-category=\"Rady &amp; tipy\" data-global-category=\"Cycling\" data-author=\"Kry\u0161tof Kopic\" data-published=\"2023-03-14T14:00:32+02:00\" data-published-day=\"Tuesday\">\n    <div class=\"entry-thumbnail article-thumbnail\" content=\"https:\/\/d2p6e6u75xmxt8.cloudfront.net\/13\/2023\/03\/kuchler-105di2-retez-kazeta-prevodnik-150x150.webp\"><a href=\"https:\/\/www.welovecycling.com\/cs\/2023\/03\/14\/cyklisticke-trendy-roku-2023-prehled-novinek\/\" class=\"image-holder\" target=\"_self\"><img decoding=\"async\" loading=\"lazy\" class=\"\" src=\"https:\/\/d2p6e6u75xmxt8.cloudfront.net\/13\/2023\/03\/kuchler-105di2-retez-kazeta-prevodnik-1024x595.webp\" srcset=\"https:\/\/d2p6e6u75xmxt8.cloudfront.net\/13\/2023\/03\/kuchler-105di2-retez-kazeta-prevodnik.webp 1600w, https:\/\/d2p6e6u75xmxt8.cloudfront.net\/13\/2023\/03\/kuchler-105di2-retez-kazeta-prevodnik-300x174.webp 300w, https:\/\/d2p6e6u75xmxt8.cloudfront.net\/13\/2023\/03\/kuchler-105di2-retez-kazeta-prevodnik-1024x595.webp 1024w, https:\/\/d2p6e6u75xmxt8.cloudfront.net\/13\/2023\/03\/kuchler-105di2-retez-kazeta-prevodnik-768x446.webp 768w, https:\/\/d2p6e6u75xmxt8.cloudfront.net\/13\/2023\/03\/kuchler-105di2-retez-kazeta-prevodnik-1536x893.webp 1536w, https:\/\/d2p6e6u75xmxt8.cloudfront.net\/13\/2023\/03\/kuchler-105di2-retez-kazeta-prevodnik-400x233.webp 400w\" width=\"1024\" height=\"595\" sizes=\"auto, (min-width: 1200px) 344px, (min-width: 768px) 29vw, 100vw\" alt=\"cyklisticke-trendy-roku-2023-prehled-novinek\"\/><\/a><\/div>    <div class=\"entry-meta\">\n        <a class=\"label label-secondary post-category\" href=\"https:\/\/www.welovecycling.com\/cs\/category\/rady-tipy\/\" title=\"Rady &amp; tipy\">Rady &amp; tipy<\/a>\n    <\/div>\n    <div class=\"entry-details\">\n        <a href=\"https:\/\/www.welovecycling.com\/cs\/2023\/03\/14\/cyklisticke-trendy-roku-2023-prehled-novinek\/\" class='entry-title-wrapper'>\n            <h3 class=\"entry-title\"><span>Cyklistick\u00e9 trendy roku 2023: p\u0159ehled novinek<\/span><\/h3>\n        <\/a>\n    <\/div>\n    <\/article>\n<\/div>\n<p style=\"font-weight: 400;\">A po p\u0159ekro\u010den\u00ed hranic mi spadla brada. \u010cum\u011bl jsem s otev\u0159enou hubou. Hned od hranic jsou bu\u010f naprosto luxusn\u00ed cyklostezky nebo v r\u00e1mci silnice odd\u011blen\u00e9 pruhy vyhrazen\u00e9 cyklist\u016fm, do nich\u017e v\u0161ak na rozd\u00edl od \u010ceska z\u00e1sadn\u011b nikdo nevj\u00ed\u017ed\u00ed autem a cyklisty neohro\u017euje.<\/p>\n<h2><strong>Ma\u010fa\u0159i jezd\u00ed na kolech hodn\u011b<\/strong><\/h2>\n<p style=\"font-weight: 400;\">Kdy\u017e jsem vid\u011bl, jakou prom\u011bnou cyklistick\u00e1 infrastruktura v\u00a0Ma\u010farsku pro\u0161la, byl jsem p\u0159ekvapen\u00fd. I v\u00a0r\u00e1mci m\u011bst jsou pruhy jasn\u011b vymezen\u00e9. Pokud jsem dojel do centra kter\u00e9hokoliv z\u00a0ma\u010farsk\u00fdch m\u011bst, pruhy pro cyklisty byly jasn\u011b vymezen\u00e9. A n\u00e1sledn\u011b m\u011b vyvedly zase na cyklostezku. Hodn\u011b jsou u silnice cedule se z\u00e1kazem vjezdu pro cyklisty, p\u0159i\u010dem\u017e jednozna\u010dn\u011b maj\u00ed opodstatn\u011bn\u00ed. Hned vedle jsou toti\u017e par\u00e1dn\u00ed cyklostezky. N\u011bco takov\u00e9ho bych \u010dekal v\u00a0Rakousku, ale v\u00a0Ma\u010farsku? Jsem v\u00e1\u017en\u011b nad\u0161en\u00fd!<\/p>\n<p><a href=\"https:\/\/d2p6e6u75xmxt8.cloudfront.net\/13\/2023\/03\/majk-madarsko-II-scaled.webp\"><img loading=\"lazy\" decoding=\"async\" class=\"alignnone size-extra-large wp-image-21454\" src=\"https:\/\/d2p6e6u75xmxt8.cloudfront.net\/13\/2023\/03\/majk-madarsko-II-1920x897.webp\" alt=\"\" width=\"1920\" height=\"897\" srcset=\"https:\/\/d2p6e6u75xmxt8.cloudfront.net\/13\/2023\/03\/majk-madarsko-II-1920x897.webp 1920w, https:\/\/d2p6e6u75xmxt8.cloudfront.net\/13\/2023\/03\/majk-madarsko-II-300x140.webp 300w, https:\/\/d2p6e6u75xmxt8.cloudfront.net\/13\/2023\/03\/majk-madarsko-II-1024x478.webp 1024w, https:\/\/d2p6e6u75xmxt8.cloudfront.net\/13\/2023\/03\/majk-madarsko-II-768x359.webp 768w, https:\/\/d2p6e6u75xmxt8.cloudfront.net\/13\/2023\/03\/majk-madarsko-II-1536x717.webp 1536w, https:\/\/d2p6e6u75xmxt8.cloudfront.net\/13\/2023\/03\/majk-madarsko-II-2048x956.webp 2048w, https:\/\/d2p6e6u75xmxt8.cloudfront.net\/13\/2023\/03\/majk-madarsko-II-400x187.webp 400w, https:\/\/d2p6e6u75xmxt8.cloudfront.net\/13\/2023\/03\/majk-madarsko-II-1920x897.webp 1920w\" sizes=\"auto, (max-width: 1920px) 100vw, 1920px\" \/><\/a><\/p>\n<p style=\"font-weight: 400;\">Cyklist\u016f potk\u00e1v\u00e1m hodn\u011b. Je patrn\u00e9, jak moc rozvoj cyklistick\u00e9 infrastruktury v r\u00e1mci Ma\u010farska v\u0161em milovn\u00edk\u016fm bicykl\u016f pomohl. M\u00edj\u00edm velk\u00e9 mno\u017estv\u00ed i star\u0161\u00edch cyklist\u016f. Nejen ve m\u011bstech, ale i na venkov\u011b. Je vid\u011bt, \u017ee Ma\u010fa\u0159i jezd\u00ed hodn\u011b.<\/p>\n<p style=\"font-weight: 400;\">Prvn\u00ed kilometry moj\u00ed cesty zat\u00edm zvl\u00e1d\u00e1m pravideln\u00fdm st\u0159\u00edd\u00e1n\u00edm j\u00edzdy v\u00a0sedle a ze sedla. D\u016fvod je prost\u00fd. Je\u0161t\u011b jsem si dokonale neotla\u010dil zadek. Tak\u017ee pou\u017e\u00edv\u00e1m kr\u00e9m r\u00e1no i ve\u010der a sedac\u00ed partie udr\u017euji jako v\u00a0bavlnce.<\/p>\n<h2><strong>Trasu zpest\u0159\u00ed v\u00fdlet do Vukovaru<\/strong><\/h2>\n<p style=\"font-weight: 400;\">Absolvoval jsem i koup\u00e1n\u00ed v\u00a0Balatonu. A \u0161lo o hrozn\u00fd z\u00e1\u017eitek. M\u00e1m probl\u00e9my se studenou vodou, p\u0159i\u010dem\u017e v\u00a0tomto p\u0159\u00edpad\u011b nebyla studen\u00e1, ale ledov\u00e1. Nav\u00edc jak je jezero m\u011blk\u00e9, musel jsem j\u00edt hodn\u011b daleko, abych m\u011bl vodu alespo\u0148 po kolena a mohl si do vody lehnout.<\/p>\n<div class=\"shortcode-ys-post-pinup\"><article class=\"loop-simple post-20931 post type-post status-publish format-standard has-post-thumbnail hentry category-kolem-sveta category-https-www-welovecycling-com-cs-category-zabava tag-cyklistika tag-horska-cyklistika tag-majk-na-cestach tag-michal-kamermeier tag-silnicni-cyklistika tag-vyziva tag-z-brna-do-singapuru tag-zdravi-a-trenink global-categories-cycling\" data-postid=\"20931\" role=\"article\" data-post-id=\"20931\" data-word-count=\"581\" data-headline-length=\"117\" data-category=\"Kolem sv\u011bta s Majkem\" data-global-category=\"Cycling\" data-author=\"Radek Malina\" data-published=\"2023-03-01T13:00:11+02:00\" data-published-day=\"Wednesday\">\n    <div class=\"entry-thumbnail article-thumbnail\" content=\"https:\/\/d2p6e6u75xmxt8.cloudfront.net\/13\/2023\/02\/majk-Etape-du-Tour-150x150.webp\"><a href=\"https:\/\/www.welovecycling.com\/cs\/2023\/03\/01\/majk-na-cestach-o-planu-stravovani-behem-cesty-do-singapuru-tesim-se-ze-pujde-i-o-kulinarsky-zazitek\/\" class=\"image-holder\" target=\"_self\"><img decoding=\"async\" loading=\"lazy\" class=\"\" src=\"https:\/\/d2p6e6u75xmxt8.cloudfront.net\/13\/2023\/02\/majk-Etape-du-Tour-1024x682.webp\" srcset=\"https:\/\/d2p6e6u75xmxt8.cloudfront.net\/13\/2023\/02\/majk-Etape-du-Tour.webp 2000w, https:\/\/d2p6e6u75xmxt8.cloudfront.net\/13\/2023\/02\/majk-Etape-du-Tour-300x200.webp 300w, https:\/\/d2p6e6u75xmxt8.cloudfront.net\/13\/2023\/02\/majk-Etape-du-Tour-1024x682.webp 1024w, https:\/\/d2p6e6u75xmxt8.cloudfront.net\/13\/2023\/02\/majk-Etape-du-Tour-768x512.webp 768w, https:\/\/d2p6e6u75xmxt8.cloudfront.net\/13\/2023\/02\/majk-Etape-du-Tour-1536x1024.webp 1536w, https:\/\/d2p6e6u75xmxt8.cloudfront.net\/13\/2023\/02\/majk-Etape-du-Tour-1920x1280.webp 1920w, https:\/\/d2p6e6u75xmxt8.cloudfront.net\/13\/2023\/02\/majk-Etape-du-Tour-400x267.webp 400w, https:\/\/d2p6e6u75xmxt8.cloudfront.net\/13\/2023\/02\/majk-Etape-du-Tour-272x182.webp 272w, https:\/\/d2p6e6u75xmxt8.cloudfront.net\/13\/2023\/02\/majk-Etape-du-Tour-1920x1280.webp 1920w\" width=\"1024\" height=\"682\" sizes=\"auto, (min-width: 1200px) 300px, (min-width: 768px) 25vw, 100vw\" alt=\"majk-na-cestach-o-planu-stravovani-behem-cesty-do-singapuru-tesim-se-ze-pujde-i-o-kulinarsky-zazitek\"\/><\/a><\/div>    <div class=\"entry-meta\">\n        <a class=\"label label-secondary post-category\" href=\"https:\/\/www.welovecycling.com\/cs\/category\/kolem-sveta\/\" title=\"Kolem sv\u011bta s Majkem\">Kolem sv\u011bta s Majkem<\/a>\n    <\/div>\n    <div class=\"entry-details\">\n        <a href=\"https:\/\/www.welovecycling.com\/cs\/2023\/03\/01\/majk-na-cestach-o-planu-stravovani-behem-cesty-do-singapuru-tesim-se-ze-pujde-i-o-kulinarsky-zazitek\/\" class='entry-title-wrapper'>\n            <h3 class=\"entry-title\"><span>Majk na cest\u00e1ch o pl\u00e1nu stravov\u00e1n\u00ed b\u011bhem cesty do Singapuru: T\u011b\u0161\u00edm se, \u017ee p\u016fjde i o kulin\u00e1\u0159sk\u00fd z\u00e1\u017eitek<\/span><\/h3>\n        <\/a>\n    <\/div>\n    <\/article>\n<\/div>\n<p style=\"font-weight: 400;\">Jak moc p\u0159ekvapila cyklistick\u00e1 infrastruktura, zklamalo m\u011b ubytov\u00e1n\u00ed u Balatonu. Na severn\u00ed stran\u011b jezera byl nejlevn\u011bj\u0161\u00ed nocleh za sedmdes\u00e1t euro bez sn\u00eddan\u011b. Ale o \u010dty\u0159hv\u011bzdi\u010dkov\u00e9m ubytov\u00e1n\u00ed m\u00e1m jin\u00e9 p\u0159edstavy. Na ji\u017en\u00ed stran\u011b jsem si sehnal span\u00ed za dvacet euro se sn\u00eddan\u00ed. Je fakt, \u017ee v prvn\u00edm p\u0159\u00edpad\u011b \u0161lo o \u010dty\u0159hv\u011bzdu. Men\u0161\u00ed ubytovac\u00ed za\u0159\u00edzen\u00ed byla je\u0161t\u011b zav\u0159en\u00e1. Ka\u017edop\u00e1dn\u011b by m\u011b zaj\u00edmalo, kam se \u0161plhaj\u00ed ceny na severn\u00ed turisticky atraktivn\u011bj\u0161\u00ed stran\u011b jezera v hlavn\u00ed sezon\u011b.<\/p>\n<p style=\"font-weight: 400;\">U\u017e b\u011bhem prvn\u00edho t\u00fddne jsem musel korigovat trasu. Zjistil jsem, \u017ee p\u0159echod hranic se Srbskem prov\u00e1z\u00ed hodn\u011b obstrukc\u00ed, tud\u00ed\u017e pojedu do Chorvatska a zpest\u0159\u00edm si cestu n\u00e1v\u0161t\u011bvou Vukovaru, kde se odehr\u00e1la jedna z\u00a0nejv\u011bt\u0161\u00edch bitev p\u0159i rozd\u011blen\u00ed b\u00fdval\u00e9 Jugosl\u00e1vie. N\u00e1sledn\u011b pak budu pokra\u010dovat do Srbska.\u201c<\/p>\n","protected":false},"excerpt":{"rendered":"<p>Z Brna do Singapuru! Michal Kamermeier alias Majk na cest\u00e1ch absolvuje v sedle horsk\u00e9ho kola bl\u00e1znivou cestu nap\u0159\u00ed\u010d zem\u011bkoul\u00ed, aby [&hellip;]<\/p>\n","protected":false},"author":138,"featured_media":21422,"comment_status":"open","ping_status":"open","sticky":false,"template":"","format":"standard","meta":{"footnotes":""},"categories":[2926],"tags":[2958,126,56,2957,2095,9,2899],"global-categories":[411],"class_list":["post-21453","post","type-post","status-publish","format-standard","has-post-thumbnail","hentry","category-kolem-sveta","tag-balaton","tag-cyklistika","tag-horska-cyklistika","tag-madarsko","tag-michal-kamermeier","tag-silnicni-cyklistika","tag-z-brna-do-singapuru","global-categories-cycling"],"yoast_head":"<!-- This site is optimized with the Yoast SEO Premium plugin v25.3 (Yoast SEO v25.9) - https:\/\/yoast.com\/wordpress\/plugins\/seo\/ -->\n<title>Z\u00a0Brna do Singapuru \u2013 Majk\u016fv z\u00e1pisn\u00edk: Jak mi spadla brada | \u0160koda We Love Cycling - \u010cesk\u00e1 republika<\/title>\n<meta name=\"description\" content=\"Z\u00a0Brna do Singapuru! Michal Kamermeier alias Majk na cest\u00e1ch absolvuje v\u00a0sedle horsk\u00e9ho kola bl\u00e1znivou cestu nap\u0159\u00ed\u010d zem\u011bkoul\u00ed.\" \/>\n<meta name=\"robots\" content=\"index, follow, max-snippet:-1, max-image-preview:large, max-video-preview:-1\" \/>\n<link rel=\"canonical\" href=\"https:\/\/www.welovecycling.com\/cs\/2023\/03\/16\/z-brna-do-singapuru-majkuv-zapisnik-jak-mi-spadla-brada\/\" \/>\n<meta property=\"og:locale\" content=\"cs_CZ\" \/>\n<meta property=\"og:type\" content=\"article\" \/>\n<meta property=\"og:title\" content=\"Z\u00a0Brna do Singapuru \u2013 Majk\u016fv z\u00e1pisn\u00edk: Jak mi spadla brada\" \/>\n<meta property=\"og:description\" content=\"Z\u00a0Brna do Singapuru! Michal Kamermeier alias Majk na cest\u00e1ch absolvuje v\u00a0sedle horsk\u00e9ho kola bl\u00e1znivou cestu nap\u0159\u00ed\u010d zem\u011bkoul\u00ed.\" \/>\n<meta property=\"og:url\" content=\"https:\/\/www.welovecycling.com\/cs\/2023\/03\/16\/z-brna-do-singapuru-majkuv-zapisnik-jak-mi-spadla-brada\/\" \/>\n<meta property=\"og:site_name\" content=\"\u0160koda We Love Cycling - \u010cesk\u00e1 republika\" \/>\n<meta property=\"article:published_time\" content=\"2023-03-16T04:00:35+00:00\" \/>\n<meta property=\"og:image\" content=\"https:\/\/d2p6e6u75xmxt8.cloudfront.net\/13\/2023\/03\/DSC_5627-scaled.webp\" \/>\n\t<meta property=\"og:image:width\" content=\"2560\" \/>\n\t<meta property=\"og:image:height\" content=\"1709\" \/>\n\t<meta property=\"og:image:type\" content=\"image\/webp\" \/>\n<meta name=\"author\" content=\"radekmalina\" \/>\n<meta name=\"twitter:card\" content=\"summary_large_image\" \/>\n<meta name=\"twitter:label1\" content=\"Written by\" \/>\n\t<meta name=\"twitter:data1\" content=\"Radek Malina\" \/>\n\t<meta name=\"twitter:label2\" content=\"Est. reading time\" \/>\n\t<meta name=\"twitter:data2\" content=\"5\" \/>\n<script type=\"application\/ld+json\" class=\"yoast-schema-graph\">{\"@context\":\"https:\/\/schema.org\",\"@graph\":[{\"@type\":\"WebPage\",\"@id\":\"https:\/\/www.welovecycling.com\/cs\/2023\/03\/16\/z-brna-do-singapuru-majkuv-zapisnik-jak-mi-spadla-brada\/\",\"url\":\"https:\/\/www.welovecycling.com\/cs\/2023\/03\/16\/z-brna-do-singapuru-majkuv-zapisnik-jak-mi-spadla-brada\/\",\"name\":\"Z\u00a0Brna do Singapuru \u2013 Majk\u016fv z\u00e1pisn\u00edk: Jak mi spadla brada | \u0160koda We Love Cycling - \u010cesk\u00e1 republika\",\"isPartOf\":{\"@id\":\"https:\/\/www.welovecycling.com\/cs\/#website\"},\"primaryImageOfPage\":{\"@id\":\"https:\/\/www.welovecycling.com\/cs\/2023\/03\/16\/z-brna-do-singapuru-majkuv-zapisnik-jak-mi-spadla-brada\/#primaryimage\"},\"image\":{\"@id\":\"https:\/\/www.welovecycling.com\/cs\/2023\/03\/16\/z-brna-do-singapuru-majkuv-zapisnik-jak-mi-spadla-brada\/#primaryimage\"},\"thumbnailUrl\":\"https:\/\/d2p6e6u75xmxt8.cloudfront.net\/13\/2023\/03\/DSC_5627-scaled.webp\",\"datePublished\":\"2023-03-16T04:00:35+00:00\",\"author\":{\"@id\":\"https:\/\/www.welovecycling.com\/cs\/#\/schema\/person\/d9eeb0a378f3a7e4a6d12d2b536b04b8\"},\"description\":\"Z\u00a0Brna do Singapuru! Michal Kamermeier alias Majk na cest\u00e1ch absolvuje v\u00a0sedle horsk\u00e9ho kola bl\u00e1znivou cestu nap\u0159\u00ed\u010d zem\u011bkoul\u00ed.\",\"inLanguage\":\"cs\",\"potentialAction\":[{\"@type\":\"ReadAction\",\"target\":[\"https:\/\/www.welovecycling.com\/cs\/2023\/03\/16\/z-brna-do-singapuru-majkuv-zapisnik-jak-mi-spadla-brada\/\"]}]},{\"@type\":\"ImageObject\",\"inLanguage\":\"cs\",\"@id\":\"https:\/\/www.welovecycling.com\/cs\/2023\/03\/16\/z-brna-do-singapuru-majkuv-zapisnik-jak-mi-spadla-brada\/#primaryimage\",\"url\":\"https:\/\/d2p6e6u75xmxt8.cloudfront.net\/13\/2023\/03\/DSC_5627-scaled.webp\",\"contentUrl\":\"https:\/\/d2p6e6u75xmxt8.cloudfront.net\/13\/2023\/03\/DSC_5627-scaled.webp\",\"width\":2560,\"height\":1709},{\"@type\":\"WebSite\",\"@id\":\"https:\/\/www.welovecycling.com\/cs\/#website\",\"url\":\"https:\/\/www.welovecycling.com\/cs\/\",\"name\":\"\u0160koda We Love Cycling - \u010cesk\u00e1 republika\",\"description\":\"WeLoveCycling.cz je online magaz\u00edn, kter\u00fd v\u00e1m pravideln\u011b p\u0159in\u00e1\u0161\u00ed rady a tipy, zaj\u00edmav\u00e9 \u010dl\u00e1nky, videa a jedine\u010dn\u00e9 report\u00e1\u017ee ze sv\u011bta cyklistiky.\",\"potentialAction\":[{\"@type\":\"SearchAction\",\"target\":{\"@type\":\"EntryPoint\",\"urlTemplate\":\"https:\/\/www.welovecycling.com\/cs\/?s={search_term_string}\"},\"query-input\":{\"@type\":\"PropertyValueSpecification\",\"valueRequired\":true,\"valueName\":\"search_term_string\"}}],\"inLanguage\":\"cs\"},{\"@type\":\"Person\",\"@id\":\"https:\/\/www.welovecycling.com\/cs\/#\/schema\/person\/d9eeb0a378f3a7e4a6d12d2b536b04b8\",\"name\":\"radekmalina\",\"image\":{\"@type\":\"ImageObject\",\"inLanguage\":\"cs\",\"@id\":\"https:\/\/www.welovecycling.com\/cs\/#\/schema\/person\/image\/\",\"url\":\"https:\/\/secure.gravatar.com\/avatar\/66994b632cb8c39a46b9f54afa3ae07201b678d32a54275b6f1c9ffec356bfc0?s=96&d=mm&r=g\",\"contentUrl\":\"https:\/\/secure.gravatar.com\/avatar\/66994b632cb8c39a46b9f54afa3ae07201b678d32a54275b6f1c9ffec356bfc0?s=96&d=mm&r=g\",\"caption\":\"radekmalina\"},\"url\":\"https:\/\/www.welovecycling.com\/cs\/author\/radekmalina\/\"}]}<\/script>\n<!-- \/ Yoast SEO Premium plugin. -->","yoast_head_json":{"title":"Z\u00a0Brna do Singapuru \u2013 Majk\u016fv z\u00e1pisn\u00edk: Jak mi spadla brada | \u0160koda We Love Cycling - \u010cesk\u00e1 republika","description":"Z\u00a0Brna do Singapuru! Michal Kamermeier alias Majk na cest\u00e1ch absolvuje v\u00a0sedle horsk\u00e9ho kola bl\u00e1znivou cestu nap\u0159\u00ed\u010d zem\u011bkoul\u00ed.","robots":{"index":"index","follow":"follow","max-snippet":"max-snippet:-1","max-image-preview":"max-image-preview:large","max-video-preview":"max-video-preview:-1"},"canonical":"https:\/\/www.welovecycling.com\/cs\/2023\/03\/16\/z-brna-do-singapuru-majkuv-zapisnik-jak-mi-spadla-brada\/","og_locale":"cs_CZ","og_type":"article","og_title":"Z\u00a0Brna do Singapuru \u2013 Majk\u016fv z\u00e1pisn\u00edk: Jak mi spadla brada","og_description":"Z\u00a0Brna do Singapuru! Michal Kamermeier alias Majk na cest\u00e1ch absolvuje v\u00a0sedle horsk\u00e9ho kola bl\u00e1znivou cestu nap\u0159\u00ed\u010d zem\u011bkoul\u00ed.","og_url":"https:\/\/www.welovecycling.com\/cs\/2023\/03\/16\/z-brna-do-singapuru-majkuv-zapisnik-jak-mi-spadla-brada\/","og_site_name":"\u0160koda We Love Cycling - \u010cesk\u00e1 republika","article_published_time":"2023-03-16T04:00:35+00:00","og_image":[{"width":2560,"height":1709,"url":"https:\/\/d2p6e6u75xmxt8.cloudfront.net\/13\/2023\/03\/DSC_5627-scaled.webp","type":"image\/webp"}],"author":"radekmalina","twitter_card":"summary_large_image","twitter_misc":{"Written by":"Radek Malina","Est. reading time":"5"},"schema":{"@context":"https:\/\/schema.org","@graph":[{"@type":"WebPage","@id":"https:\/\/www.welovecycling.com\/cs\/2023\/03\/16\/z-brna-do-singapuru-majkuv-zapisnik-jak-mi-spadla-brada\/","url":"https:\/\/www.welovecycling.com\/cs\/2023\/03\/16\/z-brna-do-singapuru-majkuv-zapisnik-jak-mi-spadla-brada\/","name":"Z\u00a0Brna do Singapuru \u2013 Majk\u016fv z\u00e1pisn\u00edk: Jak mi spadla brada | \u0160koda We Love Cycling - \u010cesk\u00e1 republika","isPartOf":{"@id":"https:\/\/www.welovecycling.com\/cs\/#website"},"primaryImageOfPage":{"@id":"https:\/\/www.welovecycling.com\/cs\/2023\/03\/16\/z-brna-do-singapuru-majkuv-zapisnik-jak-mi-spadla-brada\/#primaryimage"},"image":{"@id":"https:\/\/www.welovecycling.com\/cs\/2023\/03\/16\/z-brna-do-singapuru-majkuv-zapisnik-jak-mi-spadla-brada\/#primaryimage"},"thumbnailUrl":"https:\/\/d2p6e6u75xmxt8.cloudfront.net\/13\/2023\/03\/DSC_5627-scaled.webp","datePublished":"2023-03-16T04:00:35+00:00","author":{"@id":"https:\/\/www.welovecycling.com\/cs\/#\/schema\/person\/d9eeb0a378f3a7e4a6d12d2b536b04b8"},"description":"Z\u00a0Brna do Singapuru! Michal Kamermeier alias Majk na cest\u00e1ch absolvuje v\u00a0sedle horsk\u00e9ho kola bl\u00e1znivou cestu nap\u0159\u00ed\u010d zem\u011bkoul\u00ed.","inLanguage":"cs","potentialAction":[{"@type":"ReadAction","target":["https:\/\/www.welovecycling.com\/cs\/2023\/03\/16\/z-brna-do-singapuru-majkuv-zapisnik-jak-mi-spadla-brada\/"]}]},{"@type":"ImageObject","inLanguage":"cs","@id":"https:\/\/www.welovecycling.com\/cs\/2023\/03\/16\/z-brna-do-singapuru-majkuv-zapisnik-jak-mi-spadla-brada\/#primaryimage","url":"https:\/\/d2p6e6u75xmxt8.cloudfront.net\/13\/2023\/03\/DSC_5627-scaled.webp","contentUrl":"https:\/\/d2p6e6u75xmxt8.cloudfront.net\/13\/2023\/03\/DSC_5627-scaled.webp","width":2560,"height":1709},{"@type":"WebSite","@id":"https:\/\/www.welovecycling.com\/cs\/#website","url":"https:\/\/www.welovecycling.com\/cs\/","name":"\u0160koda We Love Cycling - \u010cesk\u00e1 republika","description":"WeLoveCycling.cz je online magaz\u00edn, kter\u00fd v\u00e1m pravideln\u011b p\u0159in\u00e1\u0161\u00ed rady a tipy, zaj\u00edmav\u00e9 \u010dl\u00e1nky, videa a jedine\u010dn\u00e9 report\u00e1\u017ee ze sv\u011bta cyklistiky.","potentialAction":[{"@type":"SearchAction","target":{"@type":"EntryPoint","urlTemplate":"https:\/\/www.welovecycling.com\/cs\/?s={search_term_string}"},"query-input":{"@type":"PropertyValueSpecification","valueRequired":true,"valueName":"search_term_string"}}],"inLanguage":"cs"},{"@type":"Person","@id":"https:\/\/www.welovecycling.com\/cs\/#\/schema\/person\/d9eeb0a378f3a7e4a6d12d2b536b04b8","name":"radekmalina","image":{"@type":"ImageObject","inLanguage":"cs","@id":"https:\/\/www.welovecycling.com\/cs\/#\/schema\/person\/image\/","url":"https:\/\/secure.gravatar.com\/avatar\/66994b632cb8c39a46b9f54afa3ae07201b678d32a54275b6f1c9ffec356bfc0?s=96&d=mm&r=g","contentUrl":"https:\/\/secure.gravatar.com\/avatar\/66994b632cb8c39a46b9f54afa3ae07201b678d32a54275b6f1c9ffec356bfc0?s=96&d=mm&r=g","caption":"radekmalina"},"url":"https:\/\/www.welovecycling.com\/cs\/author\/radekmalina\/"}]}},"_links":{"self":[{"href":"https:\/\/www.welovecycling.com\/cs\/wp-json\/wp\/v2\/posts\/21453","targetHints":{"allow":["GET"]}}],"collection":[{"href":"https:\/\/www.welovecycling.com\/cs\/wp-json\/wp\/v2\/posts"}],"about":[{"href":"https:\/\/www.welovecycling.com\/cs\/wp-json\/wp\/v2\/types\/post"}],"author":[{"embeddable":true,"href":"https:\/\/www.welovecycling.com\/cs\/wp-json\/wp\/v2\/users\/138"}],"replies":[{"embeddable":true,"href":"https:\/\/www.welovecycling.com\/cs\/wp-json\/wp\/v2\/comments?post=21453"}],"version-history":[{"count":2,"href":"https:\/\/www.welovecycling.com\/cs\/wp-json\/wp\/v2\/posts\/21453\/revisions"}],"predecessor-version":[{"id":21460,"href":"https:\/\/www.welovecycling.com\/cs\/wp-json\/wp\/v2\/posts\/21453\/revisions\/21460"}],"wp:featuredmedia":[{"embeddable":true,"href":"https:\/\/www.welovecycling.com\/cs\/wp-json\/wp\/v2\/media\/21422"}],"wp:attachment":[{"href":"https:\/\/www.welovecycling.com\/cs\/wp-json\/wp\/v2\/media?parent=21453"}],"wp:term":[{"taxonomy":"category","embeddable":true,"href":"https:\/\/www.welovecycling.com\/cs\/wp-json\/wp\/v2\/categories?post=21453"},{"taxonomy":"post_tag","embeddable":true,"href":"https:\/\/www.welovecycling.com\/cs\/wp-json\/wp\/v2\/tags?post=21453"},{"taxonomy":"global-categories","embeddable":true,"href":"https:\/\/www.welovecycling.com\/cs\/wp-json\/wp\/v2\/global-categories?post=21453"}],"curies":[{"name":"wp","href":"https:\/\/api.w.org\/{rel}","templated":true}]}}