{"id":20911,"date":"2023-02-28T12:00:26","date_gmt":"2023-02-28T10:00:26","guid":{"rendered":"https:\/\/www.welovecycling.com\/cs\/?p=20911"},"modified":"2023-02-27T20:05:53","modified_gmt":"2023-02-27T18:05:53","slug":"mallorka-pestra-paleta-cest-pro-vsechny-cyklisty","status":"publish","type":"post","link":"https:\/\/www.welovecycling.com\/cs\/2023\/02\/28\/mallorka-pestra-paleta-cest-pro-vsechny-cyklisty\/","title":{"rendered":"Mallorka: pestr\u00e1 paleta cest pro v\u0161echny cyklisty"},"content":{"rendered":"<p><strong>Cyklistick\u00fd r\u00e1j. Bez nads\u00e1zky a p\u0159eh\u00e1n\u011bn\u00ed. Ostrov Mallorka by m\u011bl b\u00fdt minim\u00e1ln\u011b na jeden t\u00fdden v roce domovem ka\u017ed\u00e9ho, kdo to s cyklistikou mysl\u00ed alespo\u0148 tro\u0161ku v\u00e1\u017en\u011b. Kilometry, kter\u00e9 polknete na \u0161pan\u011blsk\u00e9m ostrov\u011b ve St\u0159edozemn\u00edm mo\u0159i v pr\u016fb\u011bhu pozdn\u00ed zimy \u010di jara, budou p\u0159edstavovat kvalitn\u00ed z\u00e1klad, z n\u011bho\u017e budete t\u011b\u017eit celou sezonu.<\/strong><\/p>\n<p>Mallorka je Mekka cyklist\u016f v\u0161ech v\u00fdkonnostn\u00edch kategori\u00ed. Silnice s\u00a0v\u011bt\u0161inou hedv\u00e1bn\u00fdm povrchem br\u00e1zd\u00ed bok po boku oby\u010dejn\u00ed hobby cyklist\u00e9, pro n\u011b\u017e j\u00edzda v\u00a0sedle p\u0159edstavuje \u010dist\u00e9 pot\u011b\u0161en\u00ed du\u0161e, stejn\u011b jako profesion\u00e1lov\u00e9 z\u00a0World Tour formac\u00ed jako Sky, Astana \u010di Quick Step. Kdyby ne\u0161lo o tak v\u00fdjime\u010dn\u00e9 m\u00edsto, tihle borci by tady nebyli.<\/p>\n<p>Mallorca je prost\u011b pro ka\u017ed\u00e9ho. Kdo jednou okusil kouzlo ostrova v\u00a0sedle, u\u017e nikdy nechce jinam. Je to jako doping. Jen povolen\u00fd. A v\u016fbec nez\u00e1le\u017e\u00ed na tom, jestli teprve objevujete kouzlo cyklistiky nebo jste matador, kter\u00fd za sebou m\u00e1 mnoho sezon v\u00a0sedle.<\/p>\n<h2><strong>Mallorka nab\u00edz\u00ed pou\u0165 rozmanit\u00fdm ter\u00e9nem<\/strong><\/h2>\n<p>Za dv\u011b hodiny v\u00a0letadle jste v\u00a0r\u00e1ji. J\u00edzda v\u00a0sedle kola po nejv\u011bt\u0161\u00edm z\u00a0Bale\u00e1rsk\u00fdch ostrov\u016f nen\u00ed jen oby\u010dejnou cyklistikou. Je to pou\u0165 rozmanit\u00fdm ter\u00e9nem, kter\u00fd je n\u00e1vykov\u00fd. Asi v\u0161ichni sly\u0161eli o v\u00fdstupech jako je Sa Calobra, maj\u00e1k Formentor \u010di j\u00edzd\u011b p\u0159es Puig Major. Ale Mallorca nab\u00edz\u00ed mnoho skvost\u016f.<\/p>\n<figure id=\"attachment_20916\" aria-describedby=\"caption-attachment-20916\" style=\"width: 1800px\" class=\"wp-caption alignnone\"><a href=\"https:\/\/d2p6e6u75xmxt8.cloudfront.net\/13\/2023\/02\/Mallorka-puig-de-major-profimedia-0218456660.webp\"><img loading=\"lazy\" decoding=\"async\" class=\"size-full wp-image-20916\" src=\"https:\/\/d2p6e6u75xmxt8.cloudfront.net\/13\/2023\/02\/Mallorka-puig-de-major-profimedia-0218456660.webp\" alt=\"Mallorka a v\u00fdstup na Puig de Major.\" width=\"1800\" height=\"1199\" srcset=\"https:\/\/d2p6e6u75xmxt8.cloudfront.net\/13\/2023\/02\/Mallorka-puig-de-major-profimedia-0218456660.webp 1800w, https:\/\/d2p6e6u75xmxt8.cloudfront.net\/13\/2023\/02\/Mallorka-puig-de-major-profimedia-0218456660-300x200.webp 300w, https:\/\/d2p6e6u75xmxt8.cloudfront.net\/13\/2023\/02\/Mallorka-puig-de-major-profimedia-0218456660-1024x682.webp 1024w, https:\/\/d2p6e6u75xmxt8.cloudfront.net\/13\/2023\/02\/Mallorka-puig-de-major-profimedia-0218456660-768x512.webp 768w, https:\/\/d2p6e6u75xmxt8.cloudfront.net\/13\/2023\/02\/Mallorka-puig-de-major-profimedia-0218456660-1536x1023.webp 1536w, https:\/\/d2p6e6u75xmxt8.cloudfront.net\/13\/2023\/02\/Mallorka-puig-de-major-profimedia-0218456660-400x266.webp 400w, https:\/\/d2p6e6u75xmxt8.cloudfront.net\/13\/2023\/02\/Mallorka-puig-de-major-profimedia-0218456660-272x182.webp 272w\" sizes=\"auto, (max-width: 1800px) 100vw, 1800px\" \/><\/a><figcaption id=\"caption-attachment-20916\" class=\"wp-caption-text\"><em>Mallorka a v\u00fdstup na Puig de Major.<\/em><\/figcaption><\/figure>\n<p>Je zde rovinat\u00fd ter\u00e9n, zvln\u011bn\u00e9 silnice i stoup\u00e1n\u00ed v\u0161ech charakter\u016f, kde si m\u016f\u017eete zni\u010dit nohy podle libosti. Prost\u011b pro ka\u017ed\u00e9ho n\u011bco. Silnice maj\u00ed kr\u00e1sn\u00fd asfalt, ostrov je protk\u00e1n spoustou malebn\u00fdch vesni\u010dek a hust\u00e1 s\u00ed\u0165 silnic umo\u017e\u0148uje prakticky ka\u017ed\u00fd \u0161vih v\u00a0p\u0159\u00edpad\u011b \u00fanavy korigovat z\u00a0hlediska kilometr\u016f. Pokud se n\u011bkdo c\u00edt\u00ed dob\u0159e, nen\u00ed probl\u00e9m p\u0159idat kopce. Nebo naopak v\u00a0d\u016fsledku vy\u010derp\u00e1n\u00ed ubrat.<\/p>\n<h2><strong>Nenechte si uj\u00edt dortov\u00e9 bufety<\/strong><\/h2>\n<p>Vlastn\u011b v\u00a0ka\u017ed\u00e9 z\u00a0vesni\u010dek posazen\u00e9 do krajiny jako od sv\u011btozn\u00e1m\u00e9ho mal\u00ed\u0159e Pabla Picassa najdete kav\u00e1rni\u010dky, kter\u00e9 se p\u0159edh\u00e1n\u00ed v\u00a0um\u011bn\u00ed p\u0159ipravit co nejlahodn\u011bj\u0161\u00ed espresso, k\u00a0n\u011bmu\u017e se pod\u00e1vaj\u00ed luxusn\u00ed dezerty. V\u0161ak tak\u00e9 mnoho m\u00edst nab\u00edz\u00ed tak zvan\u00e9 dortov\u00e9 bufety.<\/p>\n<p>A a\u017e polknete posledn\u00ed dou\u0161ek k\u00e1vy a vyd\u00e1te se polykat kilometry do kopc\u016f, vlastn\u011b je ani po\u0159\u00e1dn\u011b nepoc\u00edt\u00edte. Pro\u010d? Proto\u017ee se budete kochat. Sou\u010d\u00e1st\u00ed ostrova je toti\u017e bezpo\u010det kl\u00e1\u0161ter\u016f, zbytk\u016f opevn\u011bn\u00ed proti pir\u00e1t\u016fm a samoz\u0159ejm\u011b malebn\u00fdch z\u00e1tok \u010di ostr\u016fvk\u016f, z\u00a0nich\u017e nejde spustit zrak. Tak\u017ee na vrcholc\u00edch t\u011bch vyhl\u00e1\u0161en\u00fdch i m\u00e9n\u011b zn\u00e1m\u00fdch stoup\u00e1n\u00ed v\u00a0poho\u0159\u00ed Tramuntana budete d\u0159\u00edve, ne\u017e se nad\u011bjete.<\/p>\n<figure id=\"attachment_20917\" aria-describedby=\"caption-attachment-20917\" style=\"width: 1800px\" class=\"wp-caption alignnone\"><a href=\"https:\/\/d2p6e6u75xmxt8.cloudfront.net\/13\/2023\/02\/mallorka-sa-calobra-profimedia-0189676472.webp\"><img loading=\"lazy\" decoding=\"async\" class=\"size-full wp-image-20917\" src=\"https:\/\/d2p6e6u75xmxt8.cloudfront.net\/13\/2023\/02\/mallorka-sa-calobra-profimedia-0189676472.webp\" alt=\"Mallorka a v\u00fdstup Sa Calobra.\" width=\"1800\" height=\"1800\" srcset=\"https:\/\/d2p6e6u75xmxt8.cloudfront.net\/13\/2023\/02\/mallorka-sa-calobra-profimedia-0189676472.webp 1800w, https:\/\/d2p6e6u75xmxt8.cloudfront.net\/13\/2023\/02\/mallorka-sa-calobra-profimedia-0189676472-300x300.webp 300w, https:\/\/d2p6e6u75xmxt8.cloudfront.net\/13\/2023\/02\/mallorka-sa-calobra-profimedia-0189676472-1024x1024.webp 1024w, https:\/\/d2p6e6u75xmxt8.cloudfront.net\/13\/2023\/02\/mallorka-sa-calobra-profimedia-0189676472-150x150.webp 150w, https:\/\/d2p6e6u75xmxt8.cloudfront.net\/13\/2023\/02\/mallorka-sa-calobra-profimedia-0189676472-768x768.webp 768w, https:\/\/d2p6e6u75xmxt8.cloudfront.net\/13\/2023\/02\/mallorka-sa-calobra-profimedia-0189676472-1536x1536.webp 1536w, https:\/\/d2p6e6u75xmxt8.cloudfront.net\/13\/2023\/02\/mallorka-sa-calobra-profimedia-0189676472-400x400.webp 400w\" sizes=\"auto, (max-width: 1800px) 100vw, 1800px\" \/><\/a><figcaption id=\"caption-attachment-20917\" class=\"wp-caption-text\"><em>Mallorka nab\u00edz\u00ed mnoho skvostn\u00fdch v\u00fdstup\u016f, p\u0159i\u010dem\u017e nejvyhled\u00e1van\u011bj\u0161\u00ed je Sa Calobra.<\/em><\/figcaption><\/figure>\n<p>Bonusem jsou tolerantn\u00ed \u0159idi\u010di. Pro v\u011bt\u0161inu m\u00edstn\u00edch jsou cyklisti\u010dt\u00ed nad\u0161enci ze zahrani\u010d\u00ed ko\u010duj\u00edc\u00ed po ostrov\u011b v sedle kola zdrojem ob\u017eivy, tak\u017ee nemrznouc\u00ed kapalina v obli\u010deji z ost\u0159ikova\u010d\u016f \u010di klakson p\u0159i p\u0159edj\u00ed\u017ed\u011bn\u00ed nejsou sou\u010d\u00e1st\u00ed zdej\u0161\u00ed dopravn\u00ed kultury.<\/p>\n<p>A pokud chcete v\u011bd\u011bt, kter\u00e1 vyhl\u00e1\u0161en\u00e1 stoup\u00e1n\u00ed poko\u0159\u00edte&#8230;<\/p>\n<h2><strong>Coll de sa Batalla<\/strong><\/h2>\n<p>Stoup\u00e1n\u00ed od m\u011bste\u010dka Caimari je dlouh\u00e9 8100 metr\u016f s\u00a0pr\u016fm\u011brem 4,9 procenta. V\u011bt\u0161ina silnice vede\u00a0lesem, tud\u00ed\u017e nen\u00ed vid\u011bt a\u017e na samotn\u00fd vrchol, co\u017e je z\u00a0psychologick\u00e9ho hlediska v\u00fdhodn\u00e9. Zved\u00e1 se sp\u00ed\u0161e pozvoln\u011b, a\u017e v\u00a0z\u00e1v\u011bru p\u0159ijdou kr\u00e1tk\u00e9 strm\u00e9 vl\u00e1senky, kter\u00e9 otestuj\u00ed va\u0161i kondici.<\/p>\n<h2><strong>Puig de Randa (kl\u00e1\u0161ter Cura)<\/strong><\/h2>\n<p>Koupec dlouh\u00fd \u201epouh\u00fdch\u201c p\u011bt kilometr\u016f s\u00a0pr\u016fm\u011brem 6 procent a p\u0159ev\u00fd\u0161en\u00edm 359 metr\u016f tud\u00ed\u017e jde o v\u00fdstup vhodn\u00fd pro cyklisty v\u0161ech v\u00fdkonnostn\u00edch kategori\u00ed.<\/p>\n<div class=\"shortcode-ys-post-pinup\"><article class=\"loop-simple post-18346 post type-post status-publish format-standard has-post-thumbnail hentry category-tipy-na-vylet tag-cyklistika tag-cyklovylet tag-gravel tag-horska-cyklistika tag-lago-di-ledro tag-via-ponale global-categories-cycling\" data-postid=\"18346\" role=\"article\" data-post-id=\"18346\" data-word-count=\"436\" data-headline-length=\"70\" data-category=\"Tipy na v\u00fdlet\" data-global-category=\"Cycling\" data-author=\"Michaela Bu\u010dkov\u00e1\" data-published=\"2022-08-16T14:00:05+02:00\" data-published-day=\"Tuesday\">\n    <div class=\"entry-thumbnail article-thumbnail\" content=\"https:\/\/d2p6e6u75xmxt8.cloudfront.net\/13\/2022\/08\/Lago-di-Ledro-profimedia-0346998880-150x150.webp\"><a href=\"https:\/\/www.welovecycling.com\/cs\/2022\/08\/16\/jezero-ledro-a-via-ponale-zazitkova-cyklistika\/\" class=\"image-holder\" target=\"_self\"><img decoding=\"async\" loading=\"lazy\" class=\"\" src=\"https:\/\/d2p6e6u75xmxt8.cloudfront.net\/13\/2022\/08\/Lago-di-Ledro-profimedia-0346998880-1024x683.webp\" srcset=\"https:\/\/d2p6e6u75xmxt8.cloudfront.net\/13\/2022\/08\/Lago-di-Ledro-profimedia-0346998880.webp 1800w, https:\/\/d2p6e6u75xmxt8.cloudfront.net\/13\/2022\/08\/Lago-di-Ledro-profimedia-0346998880-300x200.webp 300w, https:\/\/d2p6e6u75xmxt8.cloudfront.net\/13\/2022\/08\/Lago-di-Ledro-profimedia-0346998880-1024x683.webp 1024w, https:\/\/d2p6e6u75xmxt8.cloudfront.net\/13\/2022\/08\/Lago-di-Ledro-profimedia-0346998880-768x512.webp 768w, https:\/\/d2p6e6u75xmxt8.cloudfront.net\/13\/2022\/08\/Lago-di-Ledro-profimedia-0346998880-1536x1024.webp 1536w, https:\/\/d2p6e6u75xmxt8.cloudfront.net\/13\/2022\/08\/Lago-di-Ledro-profimedia-0346998880-272x182.webp 272w\" width=\"1024\" height=\"683\" sizes=\"auto, (min-width: 1200px) 300px, (min-width: 768px) 25vw, 100vw\" alt=\"jezero-ledro-a-via-ponale-zazitkova-cyklistika\"\/><\/a><\/div>    <div class=\"entry-meta\">\n        <a class=\"label label-secondary post-category\" href=\"https:\/\/www.welovecycling.com\/cs\/category\/https-www-welovecycling-com-cs-otestovano-jizdou\/tipy-na-vylet\/\" title=\"Tipy na v\u00fdlet\">Tipy na v\u00fdlet<\/a>\n    <\/div>\n    <div class=\"entry-details\">\n        <a href=\"https:\/\/www.welovecycling.com\/cs\/2022\/08\/16\/jezero-ledro-a-via-ponale-zazitkova-cyklistika\/\" class='entry-title-wrapper'>\n            <h3 class=\"entry-title\"><span>Tip na cyklov\u00fdlet: jezero Ledro a Via Ponale: z\u00e1\u017eitkov\u00e1 cyklistika<\/span><\/h3>\n        <\/a>\n    <\/div>\n    <\/article>\n<\/div>\n<p>Na vrcholu je kl\u00e1\u0161ter zalo\u017een\u00fd u\u017e v\u00a0roce 1275. Je zde par\u00e1dn\u00ed v\u00fdhled na cel\u00fd ostrov. A jako bonus je na vrcholu dobr\u00e1 restaurace s\u00a0v\u00fdborn\u00fdm mrkvov\u00fdm dortem.<\/p>\n<h2><strong>Coll d\u00b4Honor<\/strong><\/h2>\n<p>Tohle je zkou\u0161ka odvahy a s\u00edly na z\u00e1v\u011br soust\u0159ed\u011bn\u00ed. Celkem 5400 metr\u016f s\u00a0pr\u016fm\u011brem 5,9 procenta. P\u0159ev\u00fd\u0161en\u00ed 350 metr\u016f. Obt\u00ed\u017en\u00fd v\u00fdstup sm\u011brem od m\u011bste\u010dka Bunyola. V\u011bt\u0161inu \u010dasu je sklon minim\u00e1ln\u011b p\u011bt procent, v\u00a0n\u011bkolika pas\u00e1\u017e\u00edch p\u0159ekro\u010d\u00ed i deset. V\u00a0z\u00e1v\u011bru jsou serpentiny, kter\u00e9 jsou skute\u010dnou prov\u011brkou sval\u016f ka\u017ed\u00e9ho z\u00a0cyklist\u016f.<\/p>\n<h2><strong>Sant Salvador<\/strong><\/h2>\n<p>V\u00fdzva, jej\u00ed\u017e poko\u0159en\u00ed p\u0159edstavuje n\u011bco jako v\u00fdstup na vrchol sv\u011bta&#8230; Kopec dlouh\u00fd p\u011bt kilometr\u016f s\u00a0pr\u016fm\u011brem sedm procent a p\u0159ev\u00fd\u0161en\u00edm 410 metr\u016f le\u017e\u00ed ve v\u00fdchodn\u00ed \u010d\u00e1sti Mallorky nedaleko Felanitxu. Jde o strm\u00e9 stoup\u00e1n\u00ed, kter\u00e9 m\u00e1 m\u00edsty a\u017e 15 procent.<\/p>\n<figure id=\"attachment_20918\" aria-describedby=\"caption-attachment-20918\" style=\"width: 1800px\" class=\"wp-caption alignnone\"><a href=\"https:\/\/d2p6e6u75xmxt8.cloudfront.net\/13\/2023\/02\/mallorka-sant-salvador-profimedia-0516110158.webp\"><img loading=\"lazy\" decoding=\"async\" class=\"size-full wp-image-20918\" src=\"https:\/\/d2p6e6u75xmxt8.cloudfront.net\/13\/2023\/02\/mallorka-sant-salvador-profimedia-0516110158.webp\" alt=\"Mallorka \" width=\"1800\" height=\"1199\" srcset=\"https:\/\/d2p6e6u75xmxt8.cloudfront.net\/13\/2023\/02\/mallorka-sant-salvador-profimedia-0516110158.webp 1800w, https:\/\/d2p6e6u75xmxt8.cloudfront.net\/13\/2023\/02\/mallorka-sant-salvador-profimedia-0516110158-300x200.webp 300w, https:\/\/d2p6e6u75xmxt8.cloudfront.net\/13\/2023\/02\/mallorka-sant-salvador-profimedia-0516110158-1024x682.webp 1024w, https:\/\/d2p6e6u75xmxt8.cloudfront.net\/13\/2023\/02\/mallorka-sant-salvador-profimedia-0516110158-768x512.webp 768w, https:\/\/d2p6e6u75xmxt8.cloudfront.net\/13\/2023\/02\/mallorka-sant-salvador-profimedia-0516110158-1536x1023.webp 1536w, https:\/\/d2p6e6u75xmxt8.cloudfront.net\/13\/2023\/02\/mallorka-sant-salvador-profimedia-0516110158-400x266.webp 400w, https:\/\/d2p6e6u75xmxt8.cloudfront.net\/13\/2023\/02\/mallorka-sant-salvador-profimedia-0516110158-272x182.webp 272w\" sizes=\"auto, (max-width: 1800px) 100vw, 1800px\" \/><\/a><figcaption id=\"caption-attachment-20918\" class=\"wp-caption-text\"><em>Mallorka a jeden z jej\u00edch cyklistick\u00fdch c\u00edl\u016f v podob\u011b vrcholu Sant Salvador.\u00a0<\/em><\/figcaption><\/figure>\n<p>V\u00a0r\u00e1mci v\u0161ech pr\u016fvodc\u016f, ale i \u0161vih\u016f s\u00a0pr\u016fvodci jde o opom\u00edjen\u00e9 m\u00edsto. Nicm\u00e9n\u011b nab\u00edz\u00ed n\u00e1ramnou porci bolesti. Ale pokud ji zvl\u00e1dnete, m\u00e1te pocit, \u017ee jste na vrcholu sv\u011bta. Tak kr\u00e1sn\u00fd v\u00fdhled z\u00a0vrcholu je. A jako bonus \u010dek\u00e1 kav\u00e1rna..<\/p>\n<h2><strong>Atalaya de Albercutx<\/strong><\/h2>\n<p>Nep\u0159\u00edli\u0161 slavn\u00e9 stoup\u00e1n\u00ed, kter\u00e9 v\u00a0pr\u016fvodc\u00edch nenajdete m\u00e1 jen 2300 metr\u016f s\u00a0pr\u016fm\u011brem 6 procent a p\u0159ev\u00fd\u0161en\u00edm 148 metr\u016f. V\u00fdstup, kter\u00fd je sm\u011brem ke slavn\u00e9mu maj\u00e1ku Formentor. Po prvn\u00ed \u010d\u00e1sti stoup\u00e1n\u00ed je odbo\u010dka vpravo z\u00a0hlavn\u00ed silnice. Cesta je sice tro\u0161ku hrbolat\u00e1, ale stoj\u00ed za absolvov\u00e1n\u00ed.<\/p>\n<div class=\"shortcode-ys-post-pinup\"><article class=\"loop-simple post-20666 post type-post status-publish format-standard has-post-thumbnail hentry category-rady-tipy category-tipy-na-vylet tag-benidor tag-calpe tag-costa-blanca tag-cyklistika tag-cyklovylet tag-denia tag-horska-cyklistika tag-mathias-vacek tag-silnicni-cyklistika tag-trenink tag-zdenek-stybar tag-zdravi-a-trenink global-categories-cycling\" data-postid=\"20666\" role=\"article\" data-post-id=\"20666\" data-word-count=\"549\" data-headline-length=\"87\" data-category=\"Tipy na v\u00fdlet\" data-global-category=\"Cycling\" data-author=\"We Love Cycling\" data-published=\"2023-02-17T15:00:27+02:00\" data-published-day=\"Friday\">\n    <div class=\"entry-thumbnail article-thumbnail\" content=\"https:\/\/d2p6e6u75xmxt8.cloudfront.net\/13\/2023\/02\/costa-blanca-profimedia-0587959785-150x150.webp\"><a href=\"https:\/\/www.welovecycling.com\/cs\/2023\/02\/17\/tip-na-cyklovylet-fenomen-costa-blanca-kdyz-zimni-spanek-rusi-cvrcek-pelotonu\/\" class=\"image-holder\" target=\"_self\"><img decoding=\"async\" loading=\"lazy\" class=\"\" src=\"https:\/\/d2p6e6u75xmxt8.cloudfront.net\/13\/2023\/02\/costa-blanca-profimedia-0587959785-1024x683.webp\" srcset=\"https:\/\/d2p6e6u75xmxt8.cloudfront.net\/13\/2023\/02\/costa-blanca-profimedia-0587959785.webp 1800w, https:\/\/d2p6e6u75xmxt8.cloudfront.net\/13\/2023\/02\/costa-blanca-profimedia-0587959785-300x200.webp 300w, https:\/\/d2p6e6u75xmxt8.cloudfront.net\/13\/2023\/02\/costa-blanca-profimedia-0587959785-1024x683.webp 1024w, https:\/\/d2p6e6u75xmxt8.cloudfront.net\/13\/2023\/02\/costa-blanca-profimedia-0587959785-768x512.webp 768w, https:\/\/d2p6e6u75xmxt8.cloudfront.net\/13\/2023\/02\/costa-blanca-profimedia-0587959785-1536x1024.webp 1536w, https:\/\/d2p6e6u75xmxt8.cloudfront.net\/13\/2023\/02\/costa-blanca-profimedia-0587959785-400x267.webp 400w, https:\/\/d2p6e6u75xmxt8.cloudfront.net\/13\/2023\/02\/costa-blanca-profimedia-0587959785-272x182.webp 272w\" width=\"1024\" height=\"683\" sizes=\"auto, (min-width: 1200px) 300px, (min-width: 768px) 25vw, 100vw\" alt=\"tip-na-cyklovylet-fenomen-costa-blanca-kdyz-zimni-spanek-rusi-cvrcek-pelotonu\"\/><\/a><\/div>    <div class=\"entry-meta\">\n        <a class=\"label label-secondary post-category\" href=\"https:\/\/www.welovecycling.com\/cs\/category\/https-www-welovecycling-com-cs-otestovano-jizdou\/tipy-na-vylet\/\" title=\"Tipy na v\u00fdlet\">Tipy na v\u00fdlet<\/a>\n    <\/div>\n    <div class=\"entry-details\">\n        <a href=\"https:\/\/www.welovecycling.com\/cs\/2023\/02\/17\/tip-na-cyklovylet-fenomen-costa-blanca-kdyz-zimni-spanek-rusi-cvrcek-pelotonu\/\" class='entry-title-wrapper'>\n            <h3 class=\"entry-title\"><span>Tip na cyklov\u00fdlet: fenom\u00e9n Costa Blanca. Kdy\u017e zimn\u00ed sp\u00e1nek ru\u0161\u00ed cvr\u010dek pelotonu<\/span><\/h3>\n        <\/a>\n    <\/div>\n    <\/article>\n<\/div>\n<p>Vrchol je sou\u010d\u00e1st\u00ed syst\u00e9mu obrann\u00fdch v\u011b\u017e\u00ed ostrova vybudovan\u00fdch na p\u0159elomu \u0161estn\u00e1ct\u00e9ho a sedmn\u00e1ct\u00e9ho stolet\u00ed, z\u00a0nich\u017e str\u00e1\u017en\u00ed hl\u00eddali, aby se pir\u00e1ti nedostali na ostrov. Je zde par\u00e1dn\u00ed v\u00fdhled na mys Formentor \u010di ostr\u016fvek Colomer.<\/p>\n<h2><strong>Puig Major<\/strong><\/h2>\n<p>V\u00fdstup ze S\u00f3lleru je dlouh\u00fdch 14,3 kilometr\u016f b\u011bhem nich\u017e zdol\u00e1te 864 v\u00fd\u0161kov\u00fdch metr\u016f. Pr\u016fm\u011brn\u00fd sklon je 6,1 procenta. Jde o nejdel\u0161\u00ed stoup\u00e1n\u00ed na Mallorce a druh\u00fd nejt\u011b\u017e\u0161\u00ed v\u00fdstup cel\u00e9ho ostrova podle hodnocen\u00ed cyklist\u016f.<\/p>\n<h2><strong>Sa Calobra<\/strong><\/h2>\n<p>Tohle je d\u016fvod, pro\u010d nep\u0159ijet na cyklistickou dovolenou na nejv\u011bt\u0161\u00ed \u0161pan\u011blsk\u00fd ostrov s\u00a0nulou v\u00a0noh\u00e1ch. Doporu\u010den\u00fdm minimem je alespo\u0148 \u0161est pades\u00e1tikilometrov\u00fdch \u0161vih\u016f. Pro\u010d? Proto\u017ee Sa Calobra&#8230; Je to ikona Mallorky. V\u00fdstup dlouh\u00fd 10,1 kilometr\u016f s\u00a0p\u0159ev\u00fd\u0161en\u00edm 654 v\u00fd\u0161kov\u00fdch metr\u016f a pr\u016fm\u011brn\u00fdm sklonem 6,5 procenta. Jde o sc\u00e9nick\u00e9 stoup\u00e1n\u00ed, v\u00a0n\u011bm\u017e potk\u00e1te mnoho dal\u0161\u00edch cyklist\u016f, d\u00edky nim\u017e cesta rychle ute\u010de. Je to takov\u00e1 party na kole, p\u0159i n\u00ed\u017e je t\u0159eba dr\u017eet si vlastn\u00ed tempo. \u0158\u00edk\u00e1 se, \u017ee kdo nevyjel Sa Calobra, nebyl na Mallorce.<\/p>\n","protected":false},"excerpt":{"rendered":"<p>Cyklistick\u00fd r\u00e1j. Bez nads\u00e1zky a p\u0159eh\u00e1n\u011bn\u00ed. Ostrov Mallorka by m\u011bl b\u00fdt minim\u00e1ln\u011b na jeden t\u00fdden v roce domovem ka\u017ed\u00e9ho, kdo [&hellip;]<\/p>\n","protected":false},"author":138,"featured_media":20914,"comment_status":"open","ping_status":"open","sticky":false,"template":"","format":"standard","meta":{"footnotes":""},"categories":[2704,167],"tags":[2921,2919,2917,126,228,56,2873,2918,2916,506,2920,9,27],"global-categories":[411],"class_list":["post-20911","post","type-post","status-publish","format-standard","has-post-thumbnail","hentry","category-zima2022","category-tipy-na-vylet","tag-atalaya-de-albercutx","tag-coll-dhonor","tag-coll-de-sa-batalla","tag-cyklistika","tag-cyklovylet","tag-horska-cyklistika","tag-mallorka","tag-puig-de-randa","tag-puig-major","tag-sa-calobra","tag-san-salvador","tag-silnicni-cyklistika","tag-trenink","global-categories-cycling"],"yoast_head":"<!-- This site is optimized with the Yoast SEO Premium plugin v25.3 (Yoast SEO v25.9) - https:\/\/yoast.com\/wordpress\/plugins\/seo\/ -->\n<title>Mallorka: pestr\u00e1 paleta cest pro v\u0161echny cyklisty | \u0160koda We Love Cycling - \u010cesk\u00e1 republika<\/title>\n<meta name=\"description\" content=\"Cyklistick\u00fd r\u00e1j. Bez nads\u00e1zky a p\u0159eh\u00e1n\u011bn\u00ed. Ostrov Mallorka by m\u011bl b\u00fdt minim\u00e1ln\u011b na jeden t\u00fdden v roce domovem ka\u017ed\u00e9ho cyklisty.\" \/>\n<meta name=\"robots\" content=\"index, follow, max-snippet:-1, max-image-preview:large, max-video-preview:-1\" \/>\n<link rel=\"canonical\" href=\"https:\/\/www.welovecycling.com\/cs\/2023\/02\/28\/mallorka-pestra-paleta-cest-pro-vsechny-cyklisty\/\" \/>\n<meta property=\"og:locale\" content=\"cs_CZ\" \/>\n<meta property=\"og:type\" content=\"article\" \/>\n<meta property=\"og:title\" content=\"Mallorka: pestr\u00e1 paleta cest pro v\u0161echny cyklisty\" \/>\n<meta property=\"og:description\" content=\"Cyklistick\u00fd r\u00e1j. Bez nads\u00e1zky a p\u0159eh\u00e1n\u011bn\u00ed. Ostrov Mallorka by m\u011bl b\u00fdt minim\u00e1ln\u011b na jeden t\u00fdden v roce domovem ka\u017ed\u00e9ho cyklisty.\" \/>\n<meta property=\"og:url\" content=\"https:\/\/www.welovecycling.com\/cs\/2023\/02\/28\/mallorka-pestra-paleta-cest-pro-vsechny-cyklisty\/\" \/>\n<meta property=\"og:site_name\" content=\"\u0160koda We Love Cycling - \u010cesk\u00e1 republika\" \/>\n<meta property=\"article:published_time\" content=\"2023-02-28T10:00:26+00:00\" \/>\n<meta property=\"og:image\" content=\"https:\/\/d2p6e6u75xmxt8.cloudfront.net\/13\/2023\/02\/mallorka-formentor-profimedia-0395950519.webp\" \/>\n\t<meta property=\"og:image:width\" content=\"1800\" \/>\n\t<meta property=\"og:image:height\" content=\"1200\" \/>\n\t<meta property=\"og:image:type\" content=\"image\/webp\" \/>\n<meta name=\"author\" content=\"radekmalina\" \/>\n<meta name=\"twitter:card\" content=\"summary_large_image\" \/>\n<meta name=\"twitter:label1\" content=\"Written by\" \/>\n\t<meta name=\"twitter:data1\" content=\"We Love Cycling\" \/>\n\t<meta name=\"twitter:label2\" content=\"Est. reading time\" \/>\n\t<meta name=\"twitter:data2\" content=\"5\" \/>\n<script type=\"application\/ld+json\" class=\"yoast-schema-graph\">{\"@context\":\"https:\/\/schema.org\",\"@graph\":[{\"@type\":\"WebPage\",\"@id\":\"https:\/\/www.welovecycling.com\/cs\/2023\/02\/28\/mallorka-pestra-paleta-cest-pro-vsechny-cyklisty\/\",\"url\":\"https:\/\/www.welovecycling.com\/cs\/2023\/02\/28\/mallorka-pestra-paleta-cest-pro-vsechny-cyklisty\/\",\"name\":\"Mallorka: pestr\u00e1 paleta cest pro v\u0161echny cyklisty | \u0160koda We Love Cycling - \u010cesk\u00e1 republika\",\"isPartOf\":{\"@id\":\"https:\/\/www.welovecycling.com\/cs\/#website\"},\"primaryImageOfPage\":{\"@id\":\"https:\/\/www.welovecycling.com\/cs\/2023\/02\/28\/mallorka-pestra-paleta-cest-pro-vsechny-cyklisty\/#primaryimage\"},\"image\":{\"@id\":\"https:\/\/www.welovecycling.com\/cs\/2023\/02\/28\/mallorka-pestra-paleta-cest-pro-vsechny-cyklisty\/#primaryimage\"},\"thumbnailUrl\":\"https:\/\/d2p6e6u75xmxt8.cloudfront.net\/13\/2023\/02\/mallorka-formentor-profimedia-0395950519.webp\",\"datePublished\":\"2023-02-28T10:00:26+00:00\",\"author\":{\"@id\":\"https:\/\/www.welovecycling.com\/cs\/#\/schema\/person\/d9eeb0a378f3a7e4a6d12d2b536b04b8\"},\"description\":\"Cyklistick\u00fd r\u00e1j. Bez nads\u00e1zky a p\u0159eh\u00e1n\u011bn\u00ed. Ostrov Mallorka by m\u011bl b\u00fdt minim\u00e1ln\u011b na jeden t\u00fdden v roce domovem ka\u017ed\u00e9ho cyklisty.\",\"inLanguage\":\"cs\",\"potentialAction\":[{\"@type\":\"ReadAction\",\"target\":[\"https:\/\/www.welovecycling.com\/cs\/2023\/02\/28\/mallorka-pestra-paleta-cest-pro-vsechny-cyklisty\/\"]}]},{\"@type\":\"ImageObject\",\"inLanguage\":\"cs\",\"@id\":\"https:\/\/www.welovecycling.com\/cs\/2023\/02\/28\/mallorka-pestra-paleta-cest-pro-vsechny-cyklisty\/#primaryimage\",\"url\":\"https:\/\/d2p6e6u75xmxt8.cloudfront.net\/13\/2023\/02\/mallorka-formentor-profimedia-0395950519.webp\",\"contentUrl\":\"https:\/\/d2p6e6u75xmxt8.cloudfront.net\/13\/2023\/02\/mallorka-formentor-profimedia-0395950519.webp\",\"width\":1800,\"height\":1200,\"caption\":\"Mallorka\"},{\"@type\":\"WebSite\",\"@id\":\"https:\/\/www.welovecycling.com\/cs\/#website\",\"url\":\"https:\/\/www.welovecycling.com\/cs\/\",\"name\":\"\u0160koda We Love Cycling - \u010cesk\u00e1 republika\",\"description\":\"WeLoveCycling.cz je online magaz\u00edn, kter\u00fd v\u00e1m pravideln\u011b p\u0159in\u00e1\u0161\u00ed rady a tipy, zaj\u00edmav\u00e9 \u010dl\u00e1nky, videa a jedine\u010dn\u00e9 report\u00e1\u017ee ze sv\u011bta cyklistiky.\",\"potentialAction\":[{\"@type\":\"SearchAction\",\"target\":{\"@type\":\"EntryPoint\",\"urlTemplate\":\"https:\/\/www.welovecycling.com\/cs\/?s={search_term_string}\"},\"query-input\":{\"@type\":\"PropertyValueSpecification\",\"valueRequired\":true,\"valueName\":\"search_term_string\"}}],\"inLanguage\":\"cs\"},{\"@type\":\"Person\",\"@id\":\"https:\/\/www.welovecycling.com\/cs\/#\/schema\/person\/d9eeb0a378f3a7e4a6d12d2b536b04b8\",\"name\":\"radekmalina\",\"image\":{\"@type\":\"ImageObject\",\"inLanguage\":\"cs\",\"@id\":\"https:\/\/www.welovecycling.com\/cs\/#\/schema\/person\/image\/\",\"url\":\"https:\/\/secure.gravatar.com\/avatar\/66994b632cb8c39a46b9f54afa3ae07201b678d32a54275b6f1c9ffec356bfc0?s=96&d=mm&r=g\",\"contentUrl\":\"https:\/\/secure.gravatar.com\/avatar\/66994b632cb8c39a46b9f54afa3ae07201b678d32a54275b6f1c9ffec356bfc0?s=96&d=mm&r=g\",\"caption\":\"radekmalina\"},\"url\":\"https:\/\/www.welovecycling.com\/cs\/author\/radekmalina\/\"}]}<\/script>\n<!-- \/ Yoast SEO Premium plugin. -->","yoast_head_json":{"title":"Mallorka: pestr\u00e1 paleta cest pro v\u0161echny cyklisty | \u0160koda We Love Cycling - \u010cesk\u00e1 republika","description":"Cyklistick\u00fd r\u00e1j. Bez nads\u00e1zky a p\u0159eh\u00e1n\u011bn\u00ed. Ostrov Mallorka by m\u011bl b\u00fdt minim\u00e1ln\u011b na jeden t\u00fdden v roce domovem ka\u017ed\u00e9ho cyklisty.","robots":{"index":"index","follow":"follow","max-snippet":"max-snippet:-1","max-image-preview":"max-image-preview:large","max-video-preview":"max-video-preview:-1"},"canonical":"https:\/\/www.welovecycling.com\/cs\/2023\/02\/28\/mallorka-pestra-paleta-cest-pro-vsechny-cyklisty\/","og_locale":"cs_CZ","og_type":"article","og_title":"Mallorka: pestr\u00e1 paleta cest pro v\u0161echny cyklisty","og_description":"Cyklistick\u00fd r\u00e1j. Bez nads\u00e1zky a p\u0159eh\u00e1n\u011bn\u00ed. Ostrov Mallorka by m\u011bl b\u00fdt minim\u00e1ln\u011b na jeden t\u00fdden v roce domovem ka\u017ed\u00e9ho cyklisty.","og_url":"https:\/\/www.welovecycling.com\/cs\/2023\/02\/28\/mallorka-pestra-paleta-cest-pro-vsechny-cyklisty\/","og_site_name":"\u0160koda We Love Cycling - \u010cesk\u00e1 republika","article_published_time":"2023-02-28T10:00:26+00:00","og_image":[{"width":1800,"height":1200,"url":"https:\/\/d2p6e6u75xmxt8.cloudfront.net\/13\/2023\/02\/mallorka-formentor-profimedia-0395950519.webp","type":"image\/webp"}],"author":"radekmalina","twitter_card":"summary_large_image","twitter_misc":{"Written by":"We Love Cycling","Est. reading time":"5"},"schema":{"@context":"https:\/\/schema.org","@graph":[{"@type":"WebPage","@id":"https:\/\/www.welovecycling.com\/cs\/2023\/02\/28\/mallorka-pestra-paleta-cest-pro-vsechny-cyklisty\/","url":"https:\/\/www.welovecycling.com\/cs\/2023\/02\/28\/mallorka-pestra-paleta-cest-pro-vsechny-cyklisty\/","name":"Mallorka: pestr\u00e1 paleta cest pro v\u0161echny cyklisty | \u0160koda We Love Cycling - \u010cesk\u00e1 republika","isPartOf":{"@id":"https:\/\/www.welovecycling.com\/cs\/#website"},"primaryImageOfPage":{"@id":"https:\/\/www.welovecycling.com\/cs\/2023\/02\/28\/mallorka-pestra-paleta-cest-pro-vsechny-cyklisty\/#primaryimage"},"image":{"@id":"https:\/\/www.welovecycling.com\/cs\/2023\/02\/28\/mallorka-pestra-paleta-cest-pro-vsechny-cyklisty\/#primaryimage"},"thumbnailUrl":"https:\/\/d2p6e6u75xmxt8.cloudfront.net\/13\/2023\/02\/mallorka-formentor-profimedia-0395950519.webp","datePublished":"2023-02-28T10:00:26+00:00","author":{"@id":"https:\/\/www.welovecycling.com\/cs\/#\/schema\/person\/d9eeb0a378f3a7e4a6d12d2b536b04b8"},"description":"Cyklistick\u00fd r\u00e1j. Bez nads\u00e1zky a p\u0159eh\u00e1n\u011bn\u00ed. Ostrov Mallorka by m\u011bl b\u00fdt minim\u00e1ln\u011b na jeden t\u00fdden v roce domovem ka\u017ed\u00e9ho cyklisty.","inLanguage":"cs","potentialAction":[{"@type":"ReadAction","target":["https:\/\/www.welovecycling.com\/cs\/2023\/02\/28\/mallorka-pestra-paleta-cest-pro-vsechny-cyklisty\/"]}]},{"@type":"ImageObject","inLanguage":"cs","@id":"https:\/\/www.welovecycling.com\/cs\/2023\/02\/28\/mallorka-pestra-paleta-cest-pro-vsechny-cyklisty\/#primaryimage","url":"https:\/\/d2p6e6u75xmxt8.cloudfront.net\/13\/2023\/02\/mallorka-formentor-profimedia-0395950519.webp","contentUrl":"https:\/\/d2p6e6u75xmxt8.cloudfront.net\/13\/2023\/02\/mallorka-formentor-profimedia-0395950519.webp","width":1800,"height":1200,"caption":"Mallorka"},{"@type":"WebSite","@id":"https:\/\/www.welovecycling.com\/cs\/#website","url":"https:\/\/www.welovecycling.com\/cs\/","name":"\u0160koda We Love Cycling - \u010cesk\u00e1 republika","description":"WeLoveCycling.cz je online magaz\u00edn, kter\u00fd v\u00e1m pravideln\u011b p\u0159in\u00e1\u0161\u00ed rady a tipy, zaj\u00edmav\u00e9 \u010dl\u00e1nky, videa a jedine\u010dn\u00e9 report\u00e1\u017ee ze sv\u011bta cyklistiky.","potentialAction":[{"@type":"SearchAction","target":{"@type":"EntryPoint","urlTemplate":"https:\/\/www.welovecycling.com\/cs\/?s={search_term_string}"},"query-input":{"@type":"PropertyValueSpecification","valueRequired":true,"valueName":"search_term_string"}}],"inLanguage":"cs"},{"@type":"Person","@id":"https:\/\/www.welovecycling.com\/cs\/#\/schema\/person\/d9eeb0a378f3a7e4a6d12d2b536b04b8","name":"radekmalina","image":{"@type":"ImageObject","inLanguage":"cs","@id":"https:\/\/www.welovecycling.com\/cs\/#\/schema\/person\/image\/","url":"https:\/\/secure.gravatar.com\/avatar\/66994b632cb8c39a46b9f54afa3ae07201b678d32a54275b6f1c9ffec356bfc0?s=96&d=mm&r=g","contentUrl":"https:\/\/secure.gravatar.com\/avatar\/66994b632cb8c39a46b9f54afa3ae07201b678d32a54275b6f1c9ffec356bfc0?s=96&d=mm&r=g","caption":"radekmalina"},"url":"https:\/\/www.welovecycling.com\/cs\/author\/radekmalina\/"}]}},"_links":{"self":[{"href":"https:\/\/www.welovecycling.com\/cs\/wp-json\/wp\/v2\/posts\/20911","targetHints":{"allow":["GET"]}}],"collection":[{"href":"https:\/\/www.welovecycling.com\/cs\/wp-json\/wp\/v2\/posts"}],"about":[{"href":"https:\/\/www.welovecycling.com\/cs\/wp-json\/wp\/v2\/types\/post"}],"author":[{"embeddable":true,"href":"https:\/\/www.welovecycling.com\/cs\/wp-json\/wp\/v2\/users\/138"}],"replies":[{"embeddable":true,"href":"https:\/\/www.welovecycling.com\/cs\/wp-json\/wp\/v2\/comments?post=20911"}],"version-history":[{"count":2,"href":"https:\/\/www.welovecycling.com\/cs\/wp-json\/wp\/v2\/posts\/20911\/revisions"}],"predecessor-version":[{"id":20933,"href":"https:\/\/www.welovecycling.com\/cs\/wp-json\/wp\/v2\/posts\/20911\/revisions\/20933"}],"wp:featuredmedia":[{"embeddable":true,"href":"https:\/\/www.welovecycling.com\/cs\/wp-json\/wp\/v2\/media\/20914"}],"wp:attachment":[{"href":"https:\/\/www.welovecycling.com\/cs\/wp-json\/wp\/v2\/media?parent=20911"}],"wp:term":[{"taxonomy":"category","embeddable":true,"href":"https:\/\/www.welovecycling.com\/cs\/wp-json\/wp\/v2\/categories?post=20911"},{"taxonomy":"post_tag","embeddable":true,"href":"https:\/\/www.welovecycling.com\/cs\/wp-json\/wp\/v2\/tags?post=20911"},{"taxonomy":"global-categories","embeddable":true,"href":"https:\/\/www.welovecycling.com\/cs\/wp-json\/wp\/v2\/global-categories?post=20911"}],"curies":[{"name":"wp","href":"https:\/\/api.w.org\/{rel}","templated":true}]}}