{"id":20697,"date":"2023-02-21T10:00:01","date_gmt":"2023-02-21T08:00:01","guid":{"rendered":"https:\/\/www.welovecycling.com\/cs\/?p=20697"},"modified":"2023-03-03T11:27:31","modified_gmt":"2023-03-03T09:27:31","slug":"z-brna-do-singapuru-majk-na-cestach-pojede-pro-charitu-i-vlastni-telo","status":"publish","type":"post","link":"https:\/\/www.welovecycling.com\/cs\/2023\/02\/21\/z-brna-do-singapuru-majk-na-cestach-pojede-pro-charitu-i-vlastni-telo\/","title":{"rendered":"Z\u00a0Brna do Singapuru! Majk na cest\u00e1ch pojede pro charitu i vlastn\u00ed t\u011blo"},"content":{"rendered":"<p><strong>Singapur je c\u00edlem mnoha cestovatel\u016f. Ale dojet do mal\u00e9ho m\u011bstsk\u00e9ho st\u00e1tu na kole z Brna? \u0160\u00edlenost? Mo\u017en\u00e1. Ale pro Michala Kamermeiera alias Majka na cest\u00e1ch je bicykl n\u00e1pln\u00ed \u017eivota. A tro\u0161ku bl\u00e1zniv\u00e1 cesta z Brna do Singapuru dlouh\u00e1 t\u0159in\u00e1ct tis\u00edc kilometr\u016f nap\u0159\u00ed\u010d planetou je pomysln\u00fdm vrcholem jeho boje s nadv\u00e1hou. V\u017edy\u0165 je\u0161t\u011b v sedmn\u00e1cti letech v\u00e1\u017eil sto pades\u00e1t kilogram\u016f. \u201eJde o charitativn\u00ed projekt. A sou\u010dasn\u011b v\u011b\u0159\u00edm, \u017ee se d\u00edky cest\u011b dostanu na vysn\u011bnou v\u00e1hu,\u201c \u0159\u00edk\u00e1 jednat\u0159icetilet\u00fd \u010dlen t\u00fdmu We Love Cycling.<\/strong><\/p>\n<h2><strong>Jak se vlastn\u011b n\u00e1pad na absolvov\u00e1n\u00ed trasy z\u00a0Brna do Singapuru v\u00a0sedle kola zrodil?<\/strong><\/h2>\n<p>Je to asi osm let zp\u00e1tky, co jsem si pohr\u00e1val s\u00a0my\u0161lenkou podniknout cestu na kole do \u010c\u00edny. Jen\u017ee te\u010f to kv\u016fli pandemii covid-19 nen\u00ed realizovateln\u00e9. Restrikce v\u00a0\u010c\u00edn\u011b jsou velk\u00e9. Nav\u00edc, zcela objektivn\u011b, v\u00a0zemi turisty \u0161ikanuj\u00ed. Tud\u00ed\u017e jsem vymyslel jako n\u00e1hradn\u00ed c\u00edl Singapur, kter\u00fd je bezpe\u010dn\u011bj\u0161\u00ed. A mo\u017en\u00e1 i tro\u0161ku exoti\u010dt\u011bj\u0161\u00ed.<\/p>\n<h2><strong>Prozrad\u00edte motivaci pro takovou cestu?<\/strong><\/h2>\n<p>Chci vid\u011bt nov\u00e9 zem\u011b ze sedla kola. Dal\u0161\u00edm hnac\u00edm motorem je touha shodit p\u0159ibli\u017en\u011b dal\u0161\u00edch deset kilogram\u016f v\u00e1hy. Na kole jsem vlastn\u011b za\u010dal pr\u00e1v\u011b kv\u016fli boji s\u00a0obezitou. M\u011bl jsem sto pades\u00e1t, m\u00e1m n\u011bjak\u00fdch p\u011btadevades\u00e1t. Mysl\u00edm, \u017ee p\u0159i takov\u00e9 porci kilometr\u016f je deset kilogram\u016f realizovateln\u00fd c\u00edl. V\u00a0neposledn\u00ed \u0159ad\u011b jde pak o charitativn\u00ed podtext. Jsem ambasadorem projektu Jedna se po\u010d\u00edt\u00e1. Tak\u017ee za ka\u017ed\u00fd ujet\u00fd kilometr p\u016fjde jedna koruna na dobrou v\u011bc. Budu se sna\u017eit motivovat i dal\u0161\u00ed lidi, aby se zapojili a pohybem p\u0159isp\u011bli na handicapovan\u00e9 d\u011bti. Mysl\u00edm, \u017ee t\u0159eba dv\u011b st\u011b korun za m\u011bs\u00edc nen\u00ed pro \u0159adu lid\u00ed velk\u00fd probl\u00e9m, prosp\u011bj\u00ed sv\u00e9mu zdrav\u00ed a podpo\u0159\u00ed d\u011bti, kter\u00e9 nem\u011bli tolik \u0161t\u011bst\u00ed.<\/p>\n<figure id=\"attachment_20699\" aria-describedby=\"caption-attachment-20699\" style=\"width: 1440px\" class=\"wp-caption alignnone\"><a href=\"https:\/\/d2p6e6u75xmxt8.cloudfront.net\/13\/2023\/02\/majk-20220808_162751028_iOS-1-scaled.webp\"><img loading=\"lazy\" decoding=\"async\" class=\"size-extra-large wp-image-20699\" src=\"https:\/\/d2p6e6u75xmxt8.cloudfront.net\/13\/2023\/02\/majk-20220808_162751028_iOS-1-1440x1920.webp\" alt=\"Majk na cest\u00e1ch z Brna do Singapuru\" width=\"1440\" height=\"1920\" srcset=\"https:\/\/d2p6e6u75xmxt8.cloudfront.net\/13\/2023\/02\/majk-20220808_162751028_iOS-1-1440x1920.webp 1440w, https:\/\/d2p6e6u75xmxt8.cloudfront.net\/13\/2023\/02\/majk-20220808_162751028_iOS-1-225x300.webp 225w, https:\/\/d2p6e6u75xmxt8.cloudfront.net\/13\/2023\/02\/majk-20220808_162751028_iOS-1-768x1024.webp 768w, https:\/\/d2p6e6u75xmxt8.cloudfront.net\/13\/2023\/02\/majk-20220808_162751028_iOS-1-1152x1536.webp 1152w, https:\/\/d2p6e6u75xmxt8.cloudfront.net\/13\/2023\/02\/majk-20220808_162751028_iOS-1-1536x2048.webp 1536w, https:\/\/d2p6e6u75xmxt8.cloudfront.net\/13\/2023\/02\/majk-20220808_162751028_iOS-1-300x400.webp 300w, https:\/\/d2p6e6u75xmxt8.cloudfront.net\/13\/2023\/02\/majk-20220808_162751028_iOS-1-scaled.webp 1920w, https:\/\/d2p6e6u75xmxt8.cloudfront.net\/13\/2023\/02\/majk-20220808_162751028_iOS-1-1440x1920.webp 1440w\" sizes=\"auto, (max-width: 1440px) 100vw, 1440px\" \/><\/a><figcaption id=\"caption-attachment-20699\" class=\"wp-caption-text\"><em>Majk na cest\u00e1ch, kter\u00fd pojede z Brna do Singapuru, kombinuje p\u0159i v\u00fdletech silni\u010dn\u00ed i horsk\u00e9 kolo.<\/em><\/figcaption><\/figure>\n<h2><strong>Pl\u00e1n cesty u\u017e je definitivn\u011b dan\u00fd?<\/strong><\/h2>\n<p>Za\u010dal jsem v\u0161e p\u0159ipravovat na konci listopadu. Ale trasa definitivn\u00ed je\u0161t\u011b nen\u00ed. N\u011bkter\u00e9 zem\u011b nejsou pro civilisty zrovna bezpe\u010dn\u00e9. Osobn\u011b bych se cht\u011bl dostat do Barmy. Jen\u017ee tam prob\u011bhl p\u0159ed p\u00e1r lety vojensk\u00fd p\u0159evrat, pro turisty je zem\u011b sice otev\u0159en\u00e1, ale nejde p\u0159ekro\u010dit hranice po zemi. Mus\u00ed se letecky. Tud\u00ed\u017e tahle varianta z\u016fst\u00e1v\u00e1 otev\u0159en\u00e1.<\/p>\n<h2><strong>Letadlo ka\u017edop\u00e1dn\u011b minim\u00e1ln\u011b jednou v\u00a0itiner\u00e1\u0159i za\u0159azen\u00e9 bude.<\/strong><\/h2>\n<p>Ur\u010dit\u011b, proto\u017ee jet p\u0159es Pakist\u00e1n nebo Afgh\u00e1nist\u00e1n by bylo riskantn\u00ed. Tak\u017ee pojedu z\u00a0Brna do Dubaje nebo do Muscatu v\u00a0Om\u00e1nu. Bude z\u00e1le\u017eet na cen\u011b letenek, kter\u00e9 objedn\u00e1m a\u017e na cest\u011b, abych nebyl limitovan\u00fd \u010dasem. Prvn\u00ed c\u00edlovou variantou pro let je Hanoj, odkud bych jel p\u0159es Laos, Thajsko a Malajsii do Singapuru. Druhou mo\u017enost\u00ed je p\u0159elet do Dil\u00ed a n\u00e1sledn\u011b \u0161lapat na barmsk\u00e9 hranice, kter\u00e9 bych p\u0159ekonal n\u011bjak\u00fdm zp\u016fsobem letecky, a pak pokra\u010doval po napl\u00e1novan\u00e9 trase do Singapuru, proto\u017ee Barmu opustit pozemn\u00ed cestou mo\u017en\u00e9 je.<\/p>\n<div class=\"shortcode-ys-post-pinup\"><article class=\"loop-simple post-20666 post type-post status-publish format-standard has-post-thumbnail hentry category-rady-tipy category-tipy-na-vylet tag-benidor tag-calpe tag-costa-blanca tag-cyklistika tag-cyklovylet tag-denia tag-horska-cyklistika tag-mathias-vacek tag-silnicni-cyklistika tag-trenink tag-zdenek-stybar tag-zdravi-a-trenink global-categories-cycling\" data-postid=\"20666\" role=\"article\" data-post-id=\"20666\" data-word-count=\"549\" data-headline-length=\"87\" data-category=\"Tipy na v\u00fdlet\" data-global-category=\"Cycling\" data-author=\"We Love Cycling\" data-published=\"2023-02-17T15:00:27+02:00\" data-published-day=\"Friday\">\n    <div class=\"entry-thumbnail article-thumbnail\" content=\"https:\/\/d2p6e6u75xmxt8.cloudfront.net\/13\/2023\/02\/costa-blanca-profimedia-0587959785-150x150.webp\"><a href=\"https:\/\/www.welovecycling.com\/cs\/2023\/02\/17\/tip-na-cyklovylet-fenomen-costa-blanca-kdyz-zimni-spanek-rusi-cvrcek-pelotonu\/\" class=\"image-holder\" target=\"_self\"><img decoding=\"async\" loading=\"lazy\" class=\"\" src=\"https:\/\/d2p6e6u75xmxt8.cloudfront.net\/13\/2023\/02\/costa-blanca-profimedia-0587959785-1024x683.webp\" srcset=\"https:\/\/d2p6e6u75xmxt8.cloudfront.net\/13\/2023\/02\/costa-blanca-profimedia-0587959785.webp 1800w, https:\/\/d2p6e6u75xmxt8.cloudfront.net\/13\/2023\/02\/costa-blanca-profimedia-0587959785-300x200.webp 300w, https:\/\/d2p6e6u75xmxt8.cloudfront.net\/13\/2023\/02\/costa-blanca-profimedia-0587959785-1024x683.webp 1024w, https:\/\/d2p6e6u75xmxt8.cloudfront.net\/13\/2023\/02\/costa-blanca-profimedia-0587959785-768x512.webp 768w, https:\/\/d2p6e6u75xmxt8.cloudfront.net\/13\/2023\/02\/costa-blanca-profimedia-0587959785-1536x1024.webp 1536w, https:\/\/d2p6e6u75xmxt8.cloudfront.net\/13\/2023\/02\/costa-blanca-profimedia-0587959785-400x267.webp 400w, https:\/\/d2p6e6u75xmxt8.cloudfront.net\/13\/2023\/02\/costa-blanca-profimedia-0587959785-272x182.webp 272w\" width=\"1024\" height=\"683\" sizes=\"auto, (min-width: 1200px) 300px, (min-width: 768px) 25vw, 100vw\" alt=\"tip-na-cyklovylet-fenomen-costa-blanca-kdyz-zimni-spanek-rusi-cvrcek-pelotonu\"\/><\/a><\/div>    <div class=\"entry-meta\">\n        <a class=\"label label-secondary post-category\" href=\"https:\/\/www.welovecycling.com\/cs\/category\/https-www-welovecycling-com-cs-otestovano-jizdou\/tipy-na-vylet\/\" title=\"Tipy na v\u00fdlet\">Tipy na v\u00fdlet<\/a>\n    <\/div>\n    <div class=\"entry-details\">\n        <a href=\"https:\/\/www.welovecycling.com\/cs\/2023\/02\/17\/tip-na-cyklovylet-fenomen-costa-blanca-kdyz-zimni-spanek-rusi-cvrcek-pelotonu\/\" class='entry-title-wrapper'>\n            <h3 class=\"entry-title\"><span>Tip na cyklov\u00fdlet: fenom\u00e9n Costa Blanca. Kdy\u017e zimn\u00ed sp\u00e1nek ru\u0161\u00ed cvr\u010dek pelotonu<\/span><\/h3>\n        <\/a>\n    <\/div>\n    <\/article>\n<\/div>\n<h2><strong>Singapur jako c\u00edl je pevn\u011b dan\u00fd bod?<\/strong><\/h2>\n<p>Bude z\u00e1le\u017eet na moj\u00ed rychlosti. Na celou trasu m\u00e1m p\u0159ibli\u017en\u011b p\u016fl roku. Pokud v\u0161e p\u016fjde ide\u00e1ln\u011b a budu v\u00a0Singapuru v\u010das, nat\u00e1hnu cestu na kole je\u0161t\u011b na Bali, kde si d\u00e1m t\u00fddenn\u00ed volno. Spousta lid\u00ed mi toti\u017e \u0159\u00edk\u00e1, \u017ee to bude p\u011bkn\u00e1 \u0161est m\u011bs\u00edc\u016f trvaj\u00edc\u00ed dovolen\u00e1. Ale ka\u017ed\u00fd den budu na kole, tud\u00ed\u017e n\u011bjak\u00fd odpo\u010dinek na konci p\u0159ijde vhod. Ka\u017edop\u00e1dn\u011b na konci z\u00e1\u0159\u00ed chci b\u00fdt v\u00a0dresu t\u00fdmu We Love Cycling na posledn\u00edm z\u00e1vod\u011b sezony v\u00a0Mikulov\u011b.<\/p>\n<h2><strong>Jsou na trase zem\u011b, z\u00a0nich\u017e m\u00e1te vylo\u017een\u011b respekt?<\/strong><\/h2>\n<p>Konzultoval jsem v\u0161e s\u00a0cestovateli, kte\u0159\u00ed konkr\u00e9tn\u00ed destinace projeli. T\u0159eba v\u00a0\u00cdr\u00e1nu aktu\u00e1ln\u011b nen\u00ed situace \u00fapln\u011b klidn\u00e1. Ale bylo mi \u0159e\u010deno, \u017ee m\u00e9dia v\u0161e zveli\u010duj\u00ed. Hodn\u011b se t\u011b\u0161\u00edm na Laos a sever Thajska, kde je par\u00e1dn\u00ed p\u0159\u00edroda.<\/p>\n<h2><strong>M\u00e1te zmapovan\u00e1 nejv\u011bt\u0161\u00ed nebezpe\u010d\u00ed?<\/strong><\/h2>\n<p>Na Balk\u00e1n\u011b jde o divok\u00e9 psy. Jsou ve sme\u010dk\u00e1ch a p\u0159edstavuj\u00ed velk\u00fd probl\u00e9m. Jsou velice agresivn\u00ed. Ani o\u010dkov\u00e1n\u00ed proti vzteklin\u011b v\u00a0p\u0159\u00edpad\u011b pokous\u00e1n\u00ed nesta\u010d\u00ed, \u010dlov\u011bk stejn\u011b mus\u00ed na p\u0159eo\u010dkov\u00e1n\u00ed. V\u00a0Asii jsou pak velk\u00fdm probl\u00e9mem divok\u00e9 opice. Jdou po v\u0161em a kradou. A pak m\u00e1m obavu z\u00a0had\u016f. Zejm\u00e9na v\u00a0Laosu jsou podle m\u00fdch informac\u00ed v\u0161ude. Mluvit o protiv\u011btru nebo p\u00edse\u010dn\u00fdch bou\u0159\u00edch je asi zbyte\u010dn\u00e9, proto\u017ee jde o z\u00e1le\u017eitost, na n\u00ed\u017e se stejn\u011b nejde dost dob\u0159e p\u0159ipravit a ani ji \u010dlov\u011bk nem\u016f\u017ee ovlivnit.<\/p>\n<figure id=\"attachment_20700\" aria-describedby=\"caption-attachment-20700\" style=\"width: 1742px\" class=\"wp-caption alignnone\"><a href=\"https:\/\/d2p6e6u75xmxt8.cloudfront.net\/13\/2023\/02\/majk-MHCM-22-172.webp\"><img loading=\"lazy\" decoding=\"async\" class=\"size-full wp-image-20700\" src=\"https:\/\/d2p6e6u75xmxt8.cloudfront.net\/13\/2023\/02\/majk-MHCM-22-172.webp\" alt=\"Majk na cest\u00e1ch z Brna do Singapuru\" width=\"1742\" height=\"1162\" srcset=\"https:\/\/d2p6e6u75xmxt8.cloudfront.net\/13\/2023\/02\/majk-MHCM-22-172.webp 1742w, https:\/\/d2p6e6u75xmxt8.cloudfront.net\/13\/2023\/02\/majk-MHCM-22-172-300x200.webp 300w, https:\/\/d2p6e6u75xmxt8.cloudfront.net\/13\/2023\/02\/majk-MHCM-22-172-1024x683.webp 1024w, https:\/\/d2p6e6u75xmxt8.cloudfront.net\/13\/2023\/02\/majk-MHCM-22-172-768x512.webp 768w, https:\/\/d2p6e6u75xmxt8.cloudfront.net\/13\/2023\/02\/majk-MHCM-22-172-1536x1025.webp 1536w, https:\/\/d2p6e6u75xmxt8.cloudfront.net\/13\/2023\/02\/majk-MHCM-22-172-400x267.webp 400w, https:\/\/d2p6e6u75xmxt8.cloudfront.net\/13\/2023\/02\/majk-MHCM-22-172-272x182.webp 272w\" sizes=\"auto, (max-width: 1742px) 100vw, 1742px\" \/><\/a><figcaption id=\"caption-attachment-20700\" class=\"wp-caption-text\"><em>Majk na cest\u00e1ch b\u011bhem lo\u0148sk\u00e9ho l\u00e9ta p\u0159i Handy cyklomaratonu. Leto\u0161n\u00ed l\u00e9to pro\u017eije p\u0159i expedici v sedle kola z Brna do Singapuru.<\/em><\/figcaption><\/figure>\n<h2><strong>Kterou oblast pova\u017eujete za nejm\u00e9n\u011b vst\u0159\u00edcnou v\u016f\u010di cyklist\u016fm?<\/strong><\/h2>\n<p>Jednozna\u010dn\u011b jde o Hanoj. Pr\u016fjezd p\u0159es tuhle metropoli je katastrof\u00e1ln\u00ed. Tam nikoho nezaj\u00edmaj\u00ed p\u0159edpisy. Jezd\u00edm sice s\u00a0vlajkou, abych byl dob\u0159e vid\u011bt, ale pochybuju, \u017ee budu m\u00edt n\u011bjak\u00fd respekt. I sk\u00fatry tam jsou sp\u00ed\u0161e jako lovn\u00e1 zv\u011b\u0159. Jde o p\u0159edv\u00edd\u00e1n\u00ed. Nikdy se nespol\u00e9h\u00e1m na fakt, \u017ee m\u00e1m p\u0159ednost. Rad\u0161i p\u0159ibrzd\u00edm a auto pust\u00edm, ne\u017e bych riskoval. S\u00a0cyklistikou v\u00a0Arm\u00e9nii, \u00cdr\u00e1nu, Emir\u00e1tech,\u00a0Om\u00e1nu, Laosu \u010di Thajsku nem\u00e1m zku\u0161enost. Velkou ot\u00e1zkou je stav cest. A pak m\u00edstn\u00ed zvyky. T\u0159eba p\u0159i prvn\u00ed n\u00e1v\u0161t\u011bv\u011b v\u00a0\u010cern\u00e9 Ho\u0159e na m\u011b zatroubili, a\u017e jsem spadnul do p\u0159\u00edkopu. A\u017e s\u00a0odstupem jsem zjistil, \u017ee jde o b\u011b\u017en\u00fd zp\u016fsob pozdravu.<\/p>\n<h2><strong>Jak reagovali nejbli\u017e\u0161\u00ed na v\u00e1\u0161 n\u00e1pad vyrazit na kole z\u00a0Brna do Singapuru?<\/strong><\/h2>\n<p>No, mamka moc nad\u0161en\u00e1 nebyla. Ale u\u017e se s\u00a0moj\u00ed cestou sm\u00ed\u0159ila a fand\u00ed mi. T\u00edm sp\u00ed\u0161e, kdy\u017e jsem zd\u016fraznil charitativn\u00ed smysl.<\/p>\n<h2><strong>Evropsk\u00e1 \u010d\u00e1st trasy bude z\u00a0velk\u00e9 m\u00edry kop\u00edrovat v\u00e1\u0161 lo\u0148sk\u00fd v\u00fdjezd z\u00a0Brna do Turecka?<\/strong><\/h2>\n<p>Ano. Evropu se budu sna\u017eit p\u0159ekonat co nejrychleji pr\u00e1v\u011b kv\u016fli faktu, \u017ee jsem cestu do Istanbulu absolvoval v\u00a0minul\u00e9m roce. V\u00a0Turecku se t\u011b\u0161\u00edm na oblast kolem \u010cern\u00e9ho mo\u0159e, pak na skaln\u00ed oblast Kappadokie. Hodn\u011b jsem zv\u011bdav\u00fd na Arm\u00e9nii, proto\u017ee m\u00e1m z\u00a0t\u00e9hle zem\u011b mnoho kamar\u00e1d\u016f.<\/p>\n<div class=\"shortcode-ys-post-pinup\"><article class=\"loop-simple post-19604 post type-post status-publish format-standard has-post-thumbnail hentry category-silnicni-cyklistika tag-cyklistika tag-karel-vacek tag-markel-irizar tag-mathias-vacek tag-mistrovstvi-sveta tag-silnicni-cyklistika tag-sumava tag-tour-de-lavenir tag-trek-segafredo tag-trenink tag-zavod-miru global-categories-cycling\" data-postid=\"19604\" role=\"article\" data-post-id=\"19604\" data-word-count=\"1038\" data-headline-length=\"87\" data-category=\"Silni\u010dn\u00ed cyklistika\" data-global-category=\"Cycling\" data-author=\"Radek Malina\" data-published=\"2022-11-14T05:00:16+02:00\" data-published-day=\"Monday\">\n    <div class=\"entry-thumbnail article-thumbnail\" content=\"https:\/\/d2p6e6u75xmxt8.cloudfront.net\/13\/2022\/11\/WLC_Mathias-Vacek_006-150x150.webp\"><a href=\"https:\/\/www.welovecycling.com\/cs\/2022\/11\/14\/mathias-vacek-a-jeho-sumavske-kralovstvi-u-vicemistra-sveta-jemuz-prali-smrt\/\" class=\"image-holder\" target=\"_self\"><img decoding=\"async\" loading=\"lazy\" class=\"\" src=\"https:\/\/d2p6e6u75xmxt8.cloudfront.net\/13\/2022\/11\/WLC_Mathias-Vacek_006-1024x683.webp\" srcset=\"https:\/\/d2p6e6u75xmxt8.cloudfront.net\/13\/2022\/11\/WLC_Mathias-Vacek_006.webp 2000w, https:\/\/d2p6e6u75xmxt8.cloudfront.net\/13\/2022\/11\/WLC_Mathias-Vacek_006-300x200.webp 300w, https:\/\/d2p6e6u75xmxt8.cloudfront.net\/13\/2022\/11\/WLC_Mathias-Vacek_006-1024x683.webp 1024w, https:\/\/d2p6e6u75xmxt8.cloudfront.net\/13\/2022\/11\/WLC_Mathias-Vacek_006-768x512.webp 768w, https:\/\/d2p6e6u75xmxt8.cloudfront.net\/13\/2022\/11\/WLC_Mathias-Vacek_006-1536x1025.webp 1536w, https:\/\/d2p6e6u75xmxt8.cloudfront.net\/13\/2022\/11\/WLC_Mathias-Vacek_006-1920x1281.webp 1920w, https:\/\/d2p6e6u75xmxt8.cloudfront.net\/13\/2022\/11\/WLC_Mathias-Vacek_006-272x182.webp 272w, https:\/\/d2p6e6u75xmxt8.cloudfront.net\/13\/2022\/11\/WLC_Mathias-Vacek_006-1920x1281.webp 1920w\" width=\"1024\" height=\"683\" sizes=\"auto, (min-width: 1200px) 300px, (min-width: 768px) 25vw, 100vw\" alt=\"mathias-vacek-a-jeho-sumavske-kralovstvi-u-vicemistra-sveta-jemuz-prali-smrt\"\/><\/a><\/div>    <div class=\"entry-meta\">\n        <a class=\"label label-secondary post-category\" href=\"https:\/\/www.welovecycling.com\/cs\/category\/silnicni-cyklistika\/\" title=\"Silni\u010dn\u00ed cyklistika\">Silni\u010dn\u00ed cyklistika<\/a>\n    <\/div>\n    <div class=\"entry-details\">\n        <a href=\"https:\/\/www.welovecycling.com\/cs\/2022\/11\/14\/mathias-vacek-a-jeho-sumavske-kralovstvi-u-vicemistra-sveta-jemuz-prali-smrt\/\" class='entry-title-wrapper'>\n            <h3 class=\"entry-title\"><span>U vicemistra sv\u011bta, jemu\u017e p\u0159\u00e1li smrt! Mathias Vacek a jeho \u0161umavsk\u00e9 kr\u00e1lovstv\u00ed.<\/span><\/h3>\n        <\/a>\n    <\/div>\n    <\/article>\n<\/div>\n<h2><strong>P\u0159i pl\u00e1nov\u00e1n\u00ed jste na ka\u017ed\u00fd den ur\u010dil po\u010det kilometr\u016f? Nebo p\u016fjde o \u010distou improvizaci podle sil a energie?<\/strong><\/h2>\n<p>Zpo\u010d\u00e1tku jsem p\u0159i dlouh\u00fdch cest\u00e1ch pl\u00e1noval, kam mus\u00edm dojet. Ale jak jsem star\u0161\u00ed, tak je hor\u0161\u00ed n\u011bkdy naplnit \u00fasek pro dan\u00fd den. \u010clov\u011bk nikdy nev\u00ed, jestli se n\u011bco nezm\u011bn\u00ed na trase. U\u017e v\u00edm, \u017ee od prvn\u00edho pocitu \u00fanavy zvl\u00e1dnu ujet je\u0161t\u011b dvacet t\u0159icet kilometr\u016f. Tak\u017ee si najdu p\u0159es booking ubytov\u00e1n\u00ed a je lhostejn\u00e9, jestli jsem zvl\u00e1dnul za den pades\u00e1t kilometr\u016f nebo sto.<\/p>\n<h2><strong>Povezete jako z\u00e1lo\u017en\u00ed variantu pro nocleh i stan se spac\u00e1kem?<\/strong><\/h2>\n<p>Ne. Jde o p\u011bt \u010di \u0161est kilogram\u016f v\u00e1hy nav\u00edc. Preferuji alespo\u0148 tro\u0161ku komfortu. P\u0159i nocov\u00e1n\u00ed ve stanu se \u010dlov\u011bk mnohdy nem\u00e1 kde um\u00fdt. Nav\u00edc nemus\u00ed poka\u017ed\u00e9 vybrat bezpe\u010dn\u00e9 m\u00edsto. P\u0159itom za p\u00e1r korun lze sehnat pokoj s\u00a0elekt\u0159inou, kde si \u010dlov\u011bk m\u016f\u017ee vyprat a usu\u0161it cyklistick\u00e9 v\u011bci, o\u017eivit baterie v\u00a0telefonu&#8230;<\/p>\n<figure id=\"attachment_20704\" aria-describedby=\"caption-attachment-20704\" style=\"width: 653px\" class=\"wp-caption alignnone\"><a href=\"https:\/\/d2p6e6u75xmxt8.cloudfront.net\/13\/2023\/02\/majk-L-etape-Francie-2023-02-20-153311.webp\"><img loading=\"lazy\" decoding=\"async\" class=\"size-full wp-image-20704\" src=\"https:\/\/d2p6e6u75xmxt8.cloudfront.net\/13\/2023\/02\/majk-L-etape-Francie-2023-02-20-153311.webp\" alt=\"Majk na cest\u00e1ch v c\u00edli francouzsk\u00e9 L\u00b4Etape. \" width=\"653\" height=\"606\" srcset=\"https:\/\/d2p6e6u75xmxt8.cloudfront.net\/13\/2023\/02\/majk-L-etape-Francie-2023-02-20-153311.webp 653w, https:\/\/d2p6e6u75xmxt8.cloudfront.net\/13\/2023\/02\/majk-L-etape-Francie-2023-02-20-153311-300x278.webp 300w, https:\/\/d2p6e6u75xmxt8.cloudfront.net\/13\/2023\/02\/majk-L-etape-Francie-2023-02-20-153311-400x371.webp 400w\" sizes=\"auto, (max-width: 653px) 100vw, 653px\" \/><\/a><figcaption id=\"caption-attachment-20704\" class=\"wp-caption-text\"><em>Majk na cest\u00e1ch v c\u00edli francouzsk\u00e9 L\u00b4Etape 2022. Letos jej \u010dek\u00e1 v\u011bt\u0161\u00ed v\u00fdzva: trasa z Brna do Singapuru.<\/em><\/figcaption><\/figure>\n<h2><strong>Vybaven\u00ed povezete v\u00a0bra\u0161n\u00e1ch? Kolik kilogram\u016f materi\u00e1lu vlastn\u011b na takovou cestu pot\u0159ebujete?<\/strong><\/h2>\n<p>M\u00e1m dva batohy. Jeden m\u00e1 objem 45 litr\u016f, druh\u00fd m\u00e1 objem je\u0161t\u011b o deset litr\u016f v\u011bt\u0161\u00ed. Jeden z\u00a0nich vyberu. A pak bra\u0161nu pod sedlo, kter\u00fd m\u00e1 objem 18 litr\u016f. Nerad pou\u017e\u00edv\u00e1m nosi\u010de. Zat\u011b\u017euj\u00ed kola, kter\u00e1 jsou pak n\u00e1chyln\u00e1 k\u00a0defekt\u016fm. Nav\u00edc kdy\u017e n\u011bkde zastav\u00edm a chci se pod\u00edvat, m\u00e1m batoh na z\u00e1dech. Nemus\u00edm se strachovat, \u017ee mi n\u011bkdo n\u011bco ukradne.<\/p>\n<h2><strong>Co v\u0161echno do zavazadel mus\u00edte vt\u011bsnat?<\/strong><\/h2>\n<p>Povezu dva rezervn\u00ed dresy, jednu bundu, jednu v\u011btrovku, dlouh\u00e9 volno\u010dasov\u00e9 kalhoty, n\u011bco na span\u00ed, spodn\u00ed pr\u00e1dlo, hygienick\u00e9 pot\u0159eby, z\u00e1kladn\u00ed l\u00e9ky. P\u00e1r n\u00e1hradn\u00edch komponent\u016f. Power banku, kameru, fotoapar\u00e1t, dron a n\u00e1hradn\u00ed mobil. \u010clov\u011bk toho moc nepot\u0159ebuje.<\/p>\n<h2><strong>T\u0159in\u00e1ct tis\u00edc kilometr\u016f je obrovsk\u00e1 porce v\u00a0sedle. Absolvoval jste b\u011bhem zimy speci\u00e1ln\u00ed p\u0159\u00edpravu?<\/strong><\/h2>\n<p>Vlastn\u011b jsem od lo\u0148sk\u00e9 cyklistick\u00e9 sezony nep\u0159estal tr\u00e9novat. Mysl\u00edm, \u017ee m\u00e1m docela dobrou kondici. Celou zimu jsem p\u011btkr\u00e1t v\u00a0t\u00fddnu jezdil na rotopedu, ob\u010das jsem p\u0159\u00edpravu prolo\u017eil v\u00fdletem na hory. Nejhor\u0161\u00ed tud\u00ed\u017e bude osed\u011bt si zadek na sedle po dlouh\u00e9 pauze.<\/p>\n<div class=\"shortcode-ys-post-pinup\"><article class=\"loop-simple post-12566 post type-post status-publish format-standard has-post-thumbnail hentry category-zdravi-a-trenink tag-cyklistika tag-horska-cyklistika tag-silnicni-cyklistika tag-trenink tag-vyziva tag-zdravi tag-zdravi-a-trenink global-categories-cycling\" data-postid=\"12566\" role=\"article\" data-post-id=\"12566\" data-word-count=\"726\" data-headline-length=\"40\" data-category=\"Zdrav\u00ed a tr\u00e9nink\" data-global-category=\"Cycling\" data-author=\"Vojt\u011bch Ha\u010deck\u00fd\" data-published=\"2021-04-23T08:00:29+02:00\" data-published-day=\"Friday\">\n    <div class=\"entry-thumbnail article-thumbnail\" content=\"https:\/\/d2p6e6u75xmxt8.cloudfront.net\/13\/2021\/04\/WLC-regenerace-jidlo-piti-cerveny-michal-150x150.webp\"><a href=\"https:\/\/www.welovecycling.com\/cs\/2021\/04\/23\/nejlepsi-regenerace-spanek-a-jidlo\/\" class=\"image-holder\" target=\"_self\"><img decoding=\"async\" loading=\"lazy\" class=\"\" src=\"https:\/\/d2p6e6u75xmxt8.cloudfront.net\/13\/2021\/04\/WLC-regenerace-jidlo-piti-cerveny-michal-1024x683.webp\" srcset=\"https:\/\/d2p6e6u75xmxt8.cloudfront.net\/13\/2021\/04\/WLC-regenerace-jidlo-piti-cerveny-michal.webp 1600w, https:\/\/d2p6e6u75xmxt8.cloudfront.net\/13\/2021\/04\/WLC-regenerace-jidlo-piti-cerveny-michal-300x200.webp 300w, https:\/\/d2p6e6u75xmxt8.cloudfront.net\/13\/2021\/04\/WLC-regenerace-jidlo-piti-cerveny-michal-1024x683.webp 1024w, https:\/\/d2p6e6u75xmxt8.cloudfront.net\/13\/2021\/04\/WLC-regenerace-jidlo-piti-cerveny-michal-768x512.webp 768w, https:\/\/d2p6e6u75xmxt8.cloudfront.net\/13\/2021\/04\/WLC-regenerace-jidlo-piti-cerveny-michal-1536x1024.webp 1536w, https:\/\/d2p6e6u75xmxt8.cloudfront.net\/13\/2021\/04\/WLC-regenerace-jidlo-piti-cerveny-michal-272x182.webp 272w\" width=\"1024\" height=\"683\" sizes=\"auto, (min-width: 1200px) 300px, (min-width: 768px) 25vw, 100vw\" alt=\"nejlepsi-regenerace-spanek-a-jidlo\"\/><\/a><\/div>    <div class=\"entry-meta\">\n        <a class=\"label label-secondary post-category\" href=\"https:\/\/www.welovecycling.com\/cs\/category\/zdravi-a-trenink\/\" title=\"Zdrav\u00ed a tr\u00e9nink\">Zdrav\u00ed a tr\u00e9nink<\/a>\n    <\/div>\n    <div class=\"entry-details\">\n        <a href=\"https:\/\/www.welovecycling.com\/cs\/2021\/04\/23\/nejlepsi-regenerace-spanek-a-jidlo\/\" class='entry-title-wrapper'>\n            <h3 class=\"entry-title\"><span>Nejlep\u0161\u00ed regenerace? Sp\u00e1nek a j\u00eddlo!<\/span><\/h3>\n        <\/a>\n    <\/div>\n    <\/article>\n<\/div>\n<h2><strong>Variantu tr\u00e9ninku na kole upnut\u00e9m do trena\u017e\u00e9ru v dom\u00e1c\u00edch podm\u00ednk\u00e1ch jste nezkou\u0161el?<\/strong><\/h2>\n<p>Trena\u017e\u00e9r doma m\u00e1m, ale pot\u0159ebuji mezi lidi, abych se donutil k\u00a0po\u0159\u00e1dn\u00e9mu v\u00fdkonu. D\u00e1val jsem si hodinu denn\u011b na rotopedu, plus n\u011bjak\u00e9 cvi\u010den\u00ed. Ka\u017ed\u00fd v\u0161edn\u00ed den p\u0159ed prac\u00ed. V\u00a0sobotu bylo volno, v\u00a0ned\u011bli tro\u0161ku leh\u010d\u00ed kolo nebo n\u011bjak\u00e1 vych\u00e1zka.<\/p>\n<h2><strong>Jak\u00e9 kolo pro expedici pou\u017eijete?<\/strong><\/h2>\n<p>Kamar\u00e1dka mi doporu\u010dovala gravel. Ale j\u00e1 jsem zvykl\u00fd na horsk\u00e9. V\u00edm, jak\u00e9 cesty m\u011b \u010dekaj\u00ed. \u010c\u00e1ste\u010dn\u011b se jede i polopou\u0161t\u00ed, tud\u00ed\u017e \u010d\u00edm \u0161ir\u0161\u00ed pl\u00e1\u0161t\u011b, t\u00edm lep\u0161\u00ed. Minul\u00fd rok jsem m\u011bl pro v\u00fdlet z\u00a0Brna do Istanbulu celoodpru\u017een\u00e9 MTB \u0160koda 29 s\u00a0teleskopickou sedlovkou. Letos pojedu variantu bez teleskopick\u00e9 sedlovky.<\/p>\n<figure id=\"attachment_20703\" aria-describedby=\"caption-attachment-20703\" style=\"width: 2560px\" class=\"wp-caption alignnone\"><a href=\"https:\/\/d2p6e6u75xmxt8.cloudfront.net\/13\/2023\/02\/jiri-jezek-sona-jezkova-majk-na-cestach-nova-cup-1-scaled.webp\"><img loading=\"lazy\" decoding=\"async\" class=\"size-full wp-image-20703\" src=\"https:\/\/d2p6e6u75xmxt8.cloudfront.net\/13\/2023\/02\/jiri-jezek-sona-jezkova-majk-na-cestach-nova-cup-1-scaled.webp\" alt=\"Majk na cest\u00e1ch v c\u00edli francouzsk\u00e9 L\u00b4Etape. \" width=\"2560\" height=\"1707\" srcset=\"https:\/\/d2p6e6u75xmxt8.cloudfront.net\/13\/2023\/02\/jiri-jezek-sona-jezkova-majk-na-cestach-nova-cup-1-scaled.webp 2560w, https:\/\/d2p6e6u75xmxt8.cloudfront.net\/13\/2023\/02\/jiri-jezek-sona-jezkova-majk-na-cestach-nova-cup-1-300x200.webp 300w, https:\/\/d2p6e6u75xmxt8.cloudfront.net\/13\/2023\/02\/jiri-jezek-sona-jezkova-majk-na-cestach-nova-cup-1-1024x683.webp 1024w, https:\/\/d2p6e6u75xmxt8.cloudfront.net\/13\/2023\/02\/jiri-jezek-sona-jezkova-majk-na-cestach-nova-cup-1-768x512.webp 768w, https:\/\/d2p6e6u75xmxt8.cloudfront.net\/13\/2023\/02\/jiri-jezek-sona-jezkova-majk-na-cestach-nova-cup-1-1536x1024.webp 1536w\" sizes=\"auto, (max-width: 2560px) 100vw, 2560px\" \/><\/a><figcaption id=\"caption-attachment-20703\" class=\"wp-caption-text\"><em>Majk na cest\u00e1ch na startu z\u00e1vodu Nova Cup po boku Soni Je\u017ekov\u00e9 a Ji\u0159\u00edho Je\u017eka.<\/em><\/figcaption><\/figure>\n<h2><strong>Pro\u010d? Je to pro dlouh\u00e9 cesty zbyte\u010dn\u00e9?<\/strong><\/h2>\n<p>P\u0159i v\u00fdprav\u011b do Istanbulu se mi rozbila v\u00a0Alb\u00e1nii sedlovka. Nemohl jsem ji dostat do p\u016fvodn\u00ed pozice. Tak\u017ee celou Severn\u00ed Makedonii jsem jel jako ka\u0161par se sedlovkou dole. A\u017e v\u00a0\u0158ecku v\u00a0servisu v\u011bd\u011bli, jak probl\u00e9m vy\u0159e\u0161it.<\/p>\n<h2><strong>Zvl\u00e1d\u00e1te s\u00e1m opravy, kter\u00e9 dost mo\u017en\u00e1 budou na tak dlouh\u00e9 cest\u011b nevyhnuteln\u00e9?<\/strong><\/h2>\n<p>Brzdov\u00e9 kotou\u010de, brzdov\u00e9 desti\u010dky \u010di dal\u0161\u00ed z\u00e1kladn\u00ed v\u011bci vym\u011bnit zvl\u00e1dnu. Nav\u00edc m\u00e1m zku\u0161enost, \u017ee po cest\u011b jsou lid\u00e9 schopn\u00ed s \u0159adou oprav pomoci. T\u0159eba v Istanbulu v autoservisu mi skv\u011ble zalepili pl\u00e1\u0161\u0165. N\u011bkter\u00e9 n\u00e1hradn\u00ed komponenty povezu, beru i n\u00e1\u0159ad\u00ed, tak\u017ee v tom snad probl\u00e9m nebude.<\/p>\n<div class=\"shortcode-ys-post-pinup\"><article class=\"loop-simple post-20326 post type-post status-publish format-standard has-post-thumbnail hentry category-zdravi-a-trenink tag-cyklistika tag-hannah-grant tag-horska-cyklistika tag-ryzovy-kolacek tag-silnicni-cyklistika tag-tomas-ondracek tag-vyziva tag-zdravi tag-zdravi-a-trenink global-categories-cycling\" data-postid=\"20326\" role=\"article\" data-post-id=\"20326\" data-word-count=\"487\" data-headline-length=\"66\" data-category=\"Zdrav\u00ed a tr\u00e9nink\" data-global-category=\"Cycling\" data-author=\"We Love Cycling\" data-published=\"2023-02-09T10:00:27+02:00\" data-published-day=\"Thursday\">\n    <div class=\"entry-thumbnail article-thumbnail\" content=\"https:\/\/d2p6e6u75xmxt8.cloudfront.net\/13\/2023\/01\/ryzovy-kolacek-20220610_084441-150x150.webp\"><a href=\"https:\/\/www.welovecycling.com\/cs\/2023\/02\/09\/ryzovy-kolacek-na-cesty-ochutnejte-pohon-elitnich-cyklistu\/\" class=\"image-holder\" target=\"_self\"><img decoding=\"async\" loading=\"lazy\" class=\"\" src=\"https:\/\/d2p6e6u75xmxt8.cloudfront.net\/13\/2023\/01\/ryzovy-kolacek-20220610_084441-1024x768.webp\" srcset=\"https:\/\/d2p6e6u75xmxt8.cloudfront.net\/13\/2023\/01\/ryzovy-kolacek-20220610_084441-scaled.webp 2560w, https:\/\/d2p6e6u75xmxt8.cloudfront.net\/13\/2023\/01\/ryzovy-kolacek-20220610_084441-300x225.webp 300w, https:\/\/d2p6e6u75xmxt8.cloudfront.net\/13\/2023\/01\/ryzovy-kolacek-20220610_084441-1024x768.webp 1024w, https:\/\/d2p6e6u75xmxt8.cloudfront.net\/13\/2023\/01\/ryzovy-kolacek-20220610_084441-768x576.webp 768w, https:\/\/d2p6e6u75xmxt8.cloudfront.net\/13\/2023\/01\/ryzovy-kolacek-20220610_084441-1536x1152.webp 1536w, https:\/\/d2p6e6u75xmxt8.cloudfront.net\/13\/2023\/01\/ryzovy-kolacek-20220610_084441-2048x1536.webp 2048w, https:\/\/d2p6e6u75xmxt8.cloudfront.net\/13\/2023\/01\/ryzovy-kolacek-20220610_084441-1920x1440.webp 1920w, https:\/\/d2p6e6u75xmxt8.cloudfront.net\/13\/2023\/01\/ryzovy-kolacek-20220610_084441-1920x1440.webp 1920w\" width=\"1024\" height=\"768\" sizes=\"auto, (min-width: 1200px) 300px, (min-width: 768px) 25vw, 100vw\" alt=\"ryzovy-kolacek-na-cesty-ochutnejte-pohon-elitnich-cyklistu\"\/><\/a><\/div>    <div class=\"entry-meta\">\n        <a class=\"label label-secondary post-category\" href=\"https:\/\/www.welovecycling.com\/cs\/category\/zdravi-a-trenink\/\" title=\"Zdrav\u00ed a tr\u00e9nink\">Zdrav\u00ed a tr\u00e9nink<\/a>\n    <\/div>\n    <div class=\"entry-details\">\n        <a href=\"https:\/\/www.welovecycling.com\/cs\/2023\/02\/09\/ryzovy-kolacek-na-cesty-ochutnejte-pohon-elitnich-cyklistu\/\" class='entry-title-wrapper'>\n            <h3 class=\"entry-title\"><span>R\u00fd\u017eov\u00fd kol\u00e1\u010dek na cesty! Ochutnejte pohon elitn\u00edch cyklist\u016f<\/span><\/h3>\n        <\/a>\n    <\/div>\n    <\/article>\n<\/div>\n<h2><strong>Jak n\u00e1ro\u010dn\u00e9 je absolvovat dobrodru\u017estv\u00ed Brno-Singapur v\u00a0sedle kola z\u00a0hlediska ekonomick\u00e9ho?<\/strong><\/h2>\n<p>Rozpo\u010det je p\u0159ibli\u017en\u011b 250 a\u017e 300 tis\u00edc. N\u011bkdo \u0159\u00edk\u00e1, \u017ee je to m\u00e1lo. Ale najdou se lid\u00e9, kte\u0159\u00ed tvrd\u00ed opak. Kdy\u017e vyd\u011bl\u00edm \u010d\u00e1stku po\u010dtem dn\u016f, co budu na cest\u011b, nejde o tak p\u0159ehnanou sumu. N\u011bjak\u00e9 prost\u0159edky m\u00e1m, \u010d\u00e1st n\u00e1klad\u016f se pokryje z\u00a0dar\u016f sponzor\u016f a na platform\u011b hithit.com b\u011b\u017e\u00ed sb\u00edrka.<\/p>\n<h2><strong>V\u00a0zam\u011bstn\u00e1n\u00ed v\u00e1m vy\u0161li vst\u0159\u00edc nebo jste musel d\u00e1t v\u00fdpov\u011b\u010f?<\/strong><\/h2>\n<p>M\u00e1m p\u0159\u00edslib, \u017ee po n\u00e1vratu mohu nastoupit zp\u011bt, ale musel jsem d\u00e1t v\u00fdpov\u011b\u010f, aby mohli moji pozici obsadit. Budu pracovat vlastn\u011b je\u0161t\u011b dva dny p\u0159ed odjezdem, kter\u00fd je napl\u00e1novan\u00fd na 12. b\u0159ezna. P\u016fjde o tro\u0161ku slavnostn\u00ed akt, proto\u017ee z\u00e1\u0161titu p\u0159evzalo m\u011bsto Brno. Kamar\u00e1di mi na podiu na n\u00e1m\u011bst\u00ed Svobody pok\u0159t\u00ed kolo a kdo bude cht\u00edt, m\u016f\u017ee na \u00favodn\u00ed kilometry vyrazit spole\u010dn\u011b se mnou.<\/p>\n","protected":false},"excerpt":{"rendered":"<p>Singapur je c\u00edlem mnoha cestovatel\u016f. Ale dojet do mal\u00e9ho m\u011bstsk\u00e9ho st\u00e1tu na kole z Brna? \u0160\u00edlenost? Mo\u017en\u00e1. Ale pro Michala [&hellip;]<\/p>\n","protected":false},"author":138,"featured_media":20693,"comment_status":"open","ping_status":"open","sticky":false,"template":"","format":"standard","meta":{"footnotes":""},"categories":[2926,660],"tags":[126,228,56,769,2095,9,2899],"global-categories":[411],"class_list":["post-20697","post","type-post","status-publish","format-standard","has-post-thumbnail","hentry","category-kolem-sveta","category-https-www-welovecycling-com-cs-category-zabava","tag-cyklistika","tag-cyklovylet","tag-horska-cyklistika","tag-majk-na-cestach","tag-michal-kamermeier","tag-silnicni-cyklistika","tag-z-brna-do-singapuru","global-categories-cycling"],"yoast_head":"<!-- This site is optimized with the Yoast SEO Premium plugin v25.3 (Yoast SEO v25.9) - https:\/\/yoast.com\/wordpress\/plugins\/seo\/ -->\n<title>Z\u00a0Brna do Singapuru! Majk na cest\u00e1ch pojede pro charitu i vlastn\u00ed t\u011blo | \u0160koda We Love Cycling - \u010cesk\u00e1 republika<\/title>\n<meta name=\"description\" content=\"Z Brna do Singapuru na kole! \u0160\u00edlenost? Mo\u017en\u00e1. Ale pro Michala Kamermeiera alias Majka na cest\u00e1ch je bicykl n\u00e1pln\u00ed \u017eivota.\" \/>\n<meta name=\"robots\" content=\"index, follow, max-snippet:-1, max-image-preview:large, max-video-preview:-1\" \/>\n<link rel=\"canonical\" href=\"https:\/\/www.welovecycling.com\/cs\/2023\/02\/21\/z-brna-do-singapuru-majk-na-cestach-pojede-pro-charitu-i-vlastni-telo\/\" \/>\n<meta property=\"og:locale\" content=\"cs_CZ\" \/>\n<meta property=\"og:type\" content=\"article\" \/>\n<meta property=\"og:title\" content=\"Z\u00a0Brna do Singapuru! Majk na cest\u00e1ch pojede pro charitu i vlastn\u00ed t\u011blo\" \/>\n<meta property=\"og:description\" content=\"Z Brna do Singapuru na kole! \u0160\u00edlenost? Mo\u017en\u00e1. Ale pro Michala Kamermeiera alias Majka na cest\u00e1ch je bicykl n\u00e1pln\u00ed \u017eivota.\" \/>\n<meta property=\"og:url\" content=\"https:\/\/www.welovecycling.com\/cs\/2023\/02\/21\/z-brna-do-singapuru-majk-na-cestach-pojede-pro-charitu-i-vlastni-telo\/\" \/>\n<meta property=\"og:site_name\" content=\"\u0160koda We Love Cycling - \u010cesk\u00e1 republika\" \/>\n<meta property=\"article:published_time\" content=\"2023-02-21T08:00:01+00:00\" \/>\n<meta property=\"article:modified_time\" content=\"2023-03-03T09:27:31+00:00\" \/>\n<meta property=\"og:image\" content=\"https:\/\/d2p6e6u75xmxt8.cloudfront.net\/13\/2023\/02\/majk-na-cestach-zavod.webp\" \/>\n\t<meta property=\"og:image:width\" content=\"2048\" \/>\n\t<meta property=\"og:image:height\" content=\"1365\" \/>\n\t<meta property=\"og:image:type\" content=\"image\/webp\" \/>\n<meta name=\"author\" content=\"radekmalina\" \/>\n<meta name=\"twitter:card\" content=\"summary_large_image\" \/>\n<meta name=\"twitter:label1\" content=\"Written by\" \/>\n\t<meta name=\"twitter:data1\" content=\"We Love Cycling\" \/>\n\t<meta name=\"twitter:label2\" content=\"Est. reading time\" \/>\n\t<meta name=\"twitter:data2\" content=\"5\" \/>\n<script type=\"application\/ld+json\" class=\"yoast-schema-graph\">{\"@context\":\"https:\/\/schema.org\",\"@graph\":[{\"@type\":\"WebPage\",\"@id\":\"https:\/\/www.welovecycling.com\/cs\/2023\/02\/21\/z-brna-do-singapuru-majk-na-cestach-pojede-pro-charitu-i-vlastni-telo\/\",\"url\":\"https:\/\/www.welovecycling.com\/cs\/2023\/02\/21\/z-brna-do-singapuru-majk-na-cestach-pojede-pro-charitu-i-vlastni-telo\/\",\"name\":\"Z\u00a0Brna do Singapuru! Majk na cest\u00e1ch pojede pro charitu i vlastn\u00ed t\u011blo | \u0160koda We Love Cycling - \u010cesk\u00e1 republika\",\"isPartOf\":{\"@id\":\"https:\/\/www.welovecycling.com\/cs\/#website\"},\"primaryImageOfPage\":{\"@id\":\"https:\/\/www.welovecycling.com\/cs\/2023\/02\/21\/z-brna-do-singapuru-majk-na-cestach-pojede-pro-charitu-i-vlastni-telo\/#primaryimage\"},\"image\":{\"@id\":\"https:\/\/www.welovecycling.com\/cs\/2023\/02\/21\/z-brna-do-singapuru-majk-na-cestach-pojede-pro-charitu-i-vlastni-telo\/#primaryimage\"},\"thumbnailUrl\":\"https:\/\/d2p6e6u75xmxt8.cloudfront.net\/13\/2023\/02\/majk-na-cestach-zavod.webp\",\"datePublished\":\"2023-02-21T08:00:01+00:00\",\"dateModified\":\"2023-03-03T09:27:31+00:00\",\"author\":{\"@id\":\"https:\/\/www.welovecycling.com\/cs\/#\/schema\/person\/d9eeb0a378f3a7e4a6d12d2b536b04b8\"},\"description\":\"Z Brna do Singapuru na kole! \u0160\u00edlenost? Mo\u017en\u00e1. Ale pro Michala Kamermeiera alias Majka na cest\u00e1ch je bicykl n\u00e1pln\u00ed \u017eivota.\",\"inLanguage\":\"cs\",\"potentialAction\":[{\"@type\":\"ReadAction\",\"target\":[\"https:\/\/www.welovecycling.com\/cs\/2023\/02\/21\/z-brna-do-singapuru-majk-na-cestach-pojede-pro-charitu-i-vlastni-telo\/\"]}]},{\"@type\":\"ImageObject\",\"inLanguage\":\"cs\",\"@id\":\"https:\/\/www.welovecycling.com\/cs\/2023\/02\/21\/z-brna-do-singapuru-majk-na-cestach-pojede-pro-charitu-i-vlastni-telo\/#primaryimage\",\"url\":\"https:\/\/d2p6e6u75xmxt8.cloudfront.net\/13\/2023\/02\/majk-na-cestach-zavod.webp\",\"contentUrl\":\"https:\/\/d2p6e6u75xmxt8.cloudfront.net\/13\/2023\/02\/majk-na-cestach-zavod.webp\",\"width\":2048,\"height\":1365,\"caption\":\"Majk na cest\u00e1ch z Brna do Singapuru\"},{\"@type\":\"WebSite\",\"@id\":\"https:\/\/www.welovecycling.com\/cs\/#website\",\"url\":\"https:\/\/www.welovecycling.com\/cs\/\",\"name\":\"\u0160koda We Love Cycling - \u010cesk\u00e1 republika\",\"description\":\"WeLoveCycling.cz je online magaz\u00edn, kter\u00fd v\u00e1m pravideln\u011b p\u0159in\u00e1\u0161\u00ed rady a tipy, zaj\u00edmav\u00e9 \u010dl\u00e1nky, videa a jedine\u010dn\u00e9 report\u00e1\u017ee ze sv\u011bta cyklistiky.\",\"potentialAction\":[{\"@type\":\"SearchAction\",\"target\":{\"@type\":\"EntryPoint\",\"urlTemplate\":\"https:\/\/www.welovecycling.com\/cs\/?s={search_term_string}\"},\"query-input\":{\"@type\":\"PropertyValueSpecification\",\"valueRequired\":true,\"valueName\":\"search_term_string\"}}],\"inLanguage\":\"cs\"},{\"@type\":\"Person\",\"@id\":\"https:\/\/www.welovecycling.com\/cs\/#\/schema\/person\/d9eeb0a378f3a7e4a6d12d2b536b04b8\",\"name\":\"radekmalina\",\"image\":{\"@type\":\"ImageObject\",\"inLanguage\":\"cs\",\"@id\":\"https:\/\/www.welovecycling.com\/cs\/#\/schema\/person\/image\/\",\"url\":\"https:\/\/secure.gravatar.com\/avatar\/66994b632cb8c39a46b9f54afa3ae07201b678d32a54275b6f1c9ffec356bfc0?s=96&d=mm&r=g\",\"contentUrl\":\"https:\/\/secure.gravatar.com\/avatar\/66994b632cb8c39a46b9f54afa3ae07201b678d32a54275b6f1c9ffec356bfc0?s=96&d=mm&r=g\",\"caption\":\"radekmalina\"},\"url\":\"https:\/\/www.welovecycling.com\/cs\/author\/radekmalina\/\"}]}<\/script>\n<!-- \/ Yoast SEO Premium plugin. -->","yoast_head_json":{"title":"Z\u00a0Brna do Singapuru! Majk na cest\u00e1ch pojede pro charitu i vlastn\u00ed t\u011blo | \u0160koda We Love Cycling - \u010cesk\u00e1 republika","description":"Z Brna do Singapuru na kole! \u0160\u00edlenost? Mo\u017en\u00e1. Ale pro Michala Kamermeiera alias Majka na cest\u00e1ch je bicykl n\u00e1pln\u00ed \u017eivota.","robots":{"index":"index","follow":"follow","max-snippet":"max-snippet:-1","max-image-preview":"max-image-preview:large","max-video-preview":"max-video-preview:-1"},"canonical":"https:\/\/www.welovecycling.com\/cs\/2023\/02\/21\/z-brna-do-singapuru-majk-na-cestach-pojede-pro-charitu-i-vlastni-telo\/","og_locale":"cs_CZ","og_type":"article","og_title":"Z\u00a0Brna do Singapuru! Majk na cest\u00e1ch pojede pro charitu i vlastn\u00ed t\u011blo","og_description":"Z Brna do Singapuru na kole! \u0160\u00edlenost? Mo\u017en\u00e1. Ale pro Michala Kamermeiera alias Majka na cest\u00e1ch je bicykl n\u00e1pln\u00ed \u017eivota.","og_url":"https:\/\/www.welovecycling.com\/cs\/2023\/02\/21\/z-brna-do-singapuru-majk-na-cestach-pojede-pro-charitu-i-vlastni-telo\/","og_site_name":"\u0160koda We Love Cycling - \u010cesk\u00e1 republika","article_published_time":"2023-02-21T08:00:01+00:00","article_modified_time":"2023-03-03T09:27:31+00:00","og_image":[{"width":2048,"height":1365,"url":"https:\/\/d2p6e6u75xmxt8.cloudfront.net\/13\/2023\/02\/majk-na-cestach-zavod.webp","type":"image\/webp"}],"author":"radekmalina","twitter_card":"summary_large_image","twitter_misc":{"Written by":"We Love Cycling","Est. reading time":"5"},"schema":{"@context":"https:\/\/schema.org","@graph":[{"@type":"WebPage","@id":"https:\/\/www.welovecycling.com\/cs\/2023\/02\/21\/z-brna-do-singapuru-majk-na-cestach-pojede-pro-charitu-i-vlastni-telo\/","url":"https:\/\/www.welovecycling.com\/cs\/2023\/02\/21\/z-brna-do-singapuru-majk-na-cestach-pojede-pro-charitu-i-vlastni-telo\/","name":"Z\u00a0Brna do Singapuru! Majk na cest\u00e1ch pojede pro charitu i vlastn\u00ed t\u011blo | \u0160koda We Love Cycling - \u010cesk\u00e1 republika","isPartOf":{"@id":"https:\/\/www.welovecycling.com\/cs\/#website"},"primaryImageOfPage":{"@id":"https:\/\/www.welovecycling.com\/cs\/2023\/02\/21\/z-brna-do-singapuru-majk-na-cestach-pojede-pro-charitu-i-vlastni-telo\/#primaryimage"},"image":{"@id":"https:\/\/www.welovecycling.com\/cs\/2023\/02\/21\/z-brna-do-singapuru-majk-na-cestach-pojede-pro-charitu-i-vlastni-telo\/#primaryimage"},"thumbnailUrl":"https:\/\/d2p6e6u75xmxt8.cloudfront.net\/13\/2023\/02\/majk-na-cestach-zavod.webp","datePublished":"2023-02-21T08:00:01+00:00","dateModified":"2023-03-03T09:27:31+00:00","author":{"@id":"https:\/\/www.welovecycling.com\/cs\/#\/schema\/person\/d9eeb0a378f3a7e4a6d12d2b536b04b8"},"description":"Z Brna do Singapuru na kole! \u0160\u00edlenost? Mo\u017en\u00e1. Ale pro Michala Kamermeiera alias Majka na cest\u00e1ch je bicykl n\u00e1pln\u00ed \u017eivota.","inLanguage":"cs","potentialAction":[{"@type":"ReadAction","target":["https:\/\/www.welovecycling.com\/cs\/2023\/02\/21\/z-brna-do-singapuru-majk-na-cestach-pojede-pro-charitu-i-vlastni-telo\/"]}]},{"@type":"ImageObject","inLanguage":"cs","@id":"https:\/\/www.welovecycling.com\/cs\/2023\/02\/21\/z-brna-do-singapuru-majk-na-cestach-pojede-pro-charitu-i-vlastni-telo\/#primaryimage","url":"https:\/\/d2p6e6u75xmxt8.cloudfront.net\/13\/2023\/02\/majk-na-cestach-zavod.webp","contentUrl":"https:\/\/d2p6e6u75xmxt8.cloudfront.net\/13\/2023\/02\/majk-na-cestach-zavod.webp","width":2048,"height":1365,"caption":"Majk na cest\u00e1ch z Brna do Singapuru"},{"@type":"WebSite","@id":"https:\/\/www.welovecycling.com\/cs\/#website","url":"https:\/\/www.welovecycling.com\/cs\/","name":"\u0160koda We Love Cycling - \u010cesk\u00e1 republika","description":"WeLoveCycling.cz je online magaz\u00edn, kter\u00fd v\u00e1m pravideln\u011b p\u0159in\u00e1\u0161\u00ed rady a tipy, zaj\u00edmav\u00e9 \u010dl\u00e1nky, videa a jedine\u010dn\u00e9 report\u00e1\u017ee ze sv\u011bta cyklistiky.","potentialAction":[{"@type":"SearchAction","target":{"@type":"EntryPoint","urlTemplate":"https:\/\/www.welovecycling.com\/cs\/?s={search_term_string}"},"query-input":{"@type":"PropertyValueSpecification","valueRequired":true,"valueName":"search_term_string"}}],"inLanguage":"cs"},{"@type":"Person","@id":"https:\/\/www.welovecycling.com\/cs\/#\/schema\/person\/d9eeb0a378f3a7e4a6d12d2b536b04b8","name":"radekmalina","image":{"@type":"ImageObject","inLanguage":"cs","@id":"https:\/\/www.welovecycling.com\/cs\/#\/schema\/person\/image\/","url":"https:\/\/secure.gravatar.com\/avatar\/66994b632cb8c39a46b9f54afa3ae07201b678d32a54275b6f1c9ffec356bfc0?s=96&d=mm&r=g","contentUrl":"https:\/\/secure.gravatar.com\/avatar\/66994b632cb8c39a46b9f54afa3ae07201b678d32a54275b6f1c9ffec356bfc0?s=96&d=mm&r=g","caption":"radekmalina"},"url":"https:\/\/www.welovecycling.com\/cs\/author\/radekmalina\/"}]}},"_links":{"self":[{"href":"https:\/\/www.welovecycling.com\/cs\/wp-json\/wp\/v2\/posts\/20697","targetHints":{"allow":["GET"]}}],"collection":[{"href":"https:\/\/www.welovecycling.com\/cs\/wp-json\/wp\/v2\/posts"}],"about":[{"href":"https:\/\/www.welovecycling.com\/cs\/wp-json\/wp\/v2\/types\/post"}],"author":[{"embeddable":true,"href":"https:\/\/www.welovecycling.com\/cs\/wp-json\/wp\/v2\/users\/138"}],"replies":[{"embeddable":true,"href":"https:\/\/www.welovecycling.com\/cs\/wp-json\/wp\/v2\/comments?post=20697"}],"version-history":[{"count":2,"href":"https:\/\/www.welovecycling.com\/cs\/wp-json\/wp\/v2\/posts\/20697\/revisions"}],"predecessor-version":[{"id":20709,"href":"https:\/\/www.welovecycling.com\/cs\/wp-json\/wp\/v2\/posts\/20697\/revisions\/20709"}],"wp:featuredmedia":[{"embeddable":true,"href":"https:\/\/www.welovecycling.com\/cs\/wp-json\/wp\/v2\/media\/20693"}],"wp:attachment":[{"href":"https:\/\/www.welovecycling.com\/cs\/wp-json\/wp\/v2\/media?parent=20697"}],"wp:term":[{"taxonomy":"category","embeddable":true,"href":"https:\/\/www.welovecycling.com\/cs\/wp-json\/wp\/v2\/categories?post=20697"},{"taxonomy":"post_tag","embeddable":true,"href":"https:\/\/www.welovecycling.com\/cs\/wp-json\/wp\/v2\/tags?post=20697"},{"taxonomy":"global-categories","embeddable":true,"href":"https:\/\/www.welovecycling.com\/cs\/wp-json\/wp\/v2\/global-categories?post=20697"}],"curies":[{"name":"wp","href":"https:\/\/api.w.org\/{rel}","templated":true}]}}