{"id":20666,"date":"2023-02-17T15:00:27","date_gmt":"2023-02-17T13:00:27","guid":{"rendered":"https:\/\/www.welovecycling.com\/cs\/?p=20666"},"modified":"2023-02-17T15:00:27","modified_gmt":"2023-02-17T13:00:27","slug":"tip-na-cyklovylet-fenomen-costa-blanca-kdyz-zimni-spanek-rusi-cvrcek-pelotonu","status":"publish","type":"post","link":"https:\/\/www.welovecycling.com\/cs\/2023\/02\/17\/tip-na-cyklovylet-fenomen-costa-blanca-kdyz-zimni-spanek-rusi-cvrcek-pelotonu\/","title":{"rendered":"Tip na cyklov\u00fdlet: fenom\u00e9n Costa Blanca. Kdy\u017e zimn\u00ed sp\u00e1nek ru\u0161\u00ed cvr\u010dek pelotonu"},"content":{"rendered":"<p><strong>Slunce, bezpe\u010dn\u00e9 cesty, kopce, logistika. To jsou argumenty, co v\u00e1m profesion\u00e1ln\u00ed t\u00fdmy za\u010dnou vyjmenov\u00e1vat, kdy\u017e se jich zept\u00e1te na jejich \u0161pan\u011blskou recidivu. Jakmile v\u00edc na sever ude\u0159\u00ed chlad, z\u00e1vo\u010f\u00e1ci se stahuj\u00ed sem. Mo\u017en\u00e1 i proto, \u017ee Sv\u011btov\u00e1 zdravotnick\u00e1 organizace WHO ozna\u010dila ovzdu\u0161\u00ed v oblasti za nej\u010dist\u0161\u00ed v cel\u00e9m \u0160pan\u011blsku. V\u00edtejte na Costa Blanca, v milovan\u00e9 destinaci cyklist\u016f v zimn\u00edch m\u011bs\u00edc\u00edch.<\/strong><\/p>\n<p>Kdyby si \u0161pan\u011blsk\u00e1 oblast cht\u011bla d\u00e1t inzer\u00e1t, vypadal by n\u00e1sledovn\u011b: Nab\u00edz\u00edm 320 slune\u010dn\u00fdch dn\u016f ro\u010dn\u011b, skv\u011bl\u00e9 silnice i ter\u00e9ny, p\u0159\u00edv\u011btiv\u00e9 \u0159idi\u010de a samoz\u0159ejm\u011b cycling-friendly hotely. Zn. I v \u00fanoru 20 stup\u0148\u016f.<\/p>\n<h2><strong>Od Benidoru p\u0159es Calpe a\u017e po D\u00e9nii<\/strong><\/h2>\n<p>A\u017e do pozdn\u00edho \u00fanora skoro ka\u017ed\u00fd t\u00fdm, co n\u011bco znamen\u00e1, zaj\u00ed\u017ed\u00ed sem, do pr\u00e1zdninov\u00fdch m\u011bst na pob\u0159e\u017e\u00ed St\u0159edozemn\u00edho mo\u0159e. Od \u00fanora do dubna je tu zase nejv\u011bt\u0161\u00ed koncentrace amat\u00e9r\u016f \u010di hob\u00edk\u016f. Asi jedin\u00e9 obdob\u00ed, kdy byste se m\u011bli lokalit\u011b vyhnout, jsou ze zjevn\u00fdch d\u016fvod\u016f pr\u00e1zdniny. To je tu p\u0159\u00edli\u0161 \u017eivo a taky p\u0159\u00edli\u0161 horko na jak\u00e9koliv intenzivn\u00ed aktivity.<\/p>\n<p>Kdy\u017e byste si ale nyn\u00ed kolem des\u00e1t\u00e9 dopoledne stoupli u hlavn\u00ed cesty, d\u0159\u00edv nebo pozd\u011bji kolem prolet\u00ed skupinka hv\u011bzd, co tr\u00e9nuj\u00ed pro sv\u00e9 p\u0159\u00ed\u0161t\u00ed \u00fasp\u011bchy. V Denii letos fungoval Tudor a Petr Kelemen. V jednom hotelov\u00e9m dvorku v Altei, co je jen o kousek severn\u011bji po pob\u0159e\u017e\u00ed, rozbilo sv\u016fj stan \u0160tybarovo Jayco a hned vedle na parkovi\u0161ti \u010desk\u00fd ATT Investments.<\/p>\n<figure id=\"attachment_20671\" aria-describedby=\"caption-attachment-20671\" style=\"width: 1200px\" class=\"wp-caption alignnone\"><a href=\"https:\/\/d2p6e6u75xmxt8.cloudfront.net\/13\/2023\/02\/costa-blanca-profimedia-0587959848.webp\"><img loading=\"lazy\" decoding=\"async\" class=\"size-full wp-image-20671\" src=\"https:\/\/d2p6e6u75xmxt8.cloudfront.net\/13\/2023\/02\/costa-blanca-profimedia-0587959848.webp\" alt=\"Costa Blanca\" width=\"1200\" height=\"1800\" srcset=\"https:\/\/d2p6e6u75xmxt8.cloudfront.net\/13\/2023\/02\/costa-blanca-profimedia-0587959848.webp 1200w, https:\/\/d2p6e6u75xmxt8.cloudfront.net\/13\/2023\/02\/costa-blanca-profimedia-0587959848-200x300.webp 200w, https:\/\/d2p6e6u75xmxt8.cloudfront.net\/13\/2023\/02\/costa-blanca-profimedia-0587959848-683x1024.webp 683w, https:\/\/d2p6e6u75xmxt8.cloudfront.net\/13\/2023\/02\/costa-blanca-profimedia-0587959848-768x1152.webp 768w, https:\/\/d2p6e6u75xmxt8.cloudfront.net\/13\/2023\/02\/costa-blanca-profimedia-0587959848-1024x1536.webp 1024w, https:\/\/d2p6e6u75xmxt8.cloudfront.net\/13\/2023\/02\/costa-blanca-profimedia-0587959848-267x400.webp 267w\" sizes=\"auto, (max-width: 1200px) 100vw, 1200px\" \/><\/a><figcaption id=\"caption-attachment-20671\" class=\"wp-caption-text\"><em>Costa Blanca nab\u00edz\u00ed skv\u011bl\u00e9 silnice a hodn\u011b pestr\u00fd ter\u00e9n. Foto: profimedia (3x)<\/em><\/figcaption><\/figure>\n<p>Ale po\u0159\u00e1d nejv\u00edc t\u00fdm\u016f, profesion\u00e1ln\u00edch i t\u011bch amat\u00e9rsk\u00fdch, sm\u011bruje do Calpe. To se (vedle Girony a nebo Kan\u00e1r\u016f) stalo synonymem zimn\u00edch tr\u00e9ninkov\u00fdch kemp\u016f. Calpe je zkr\u00e1tka r\u00e1j cyklist\u016f na zemi.<\/p>\n<p>Pokud pomineme nejvy\u0161\u0161\u00ed budovu ve m\u011bst\u011b, hrd\u00fd grand hotel Suitop\u00eda o 29 patrech, kde u\u017e jsou pravideln\u00fdmi hosty ho\u0161i z Quick-Stepu a tedy Josef \u010cern\u00fd a s n\u00edm nov\u011b taky Jan Hirt, nej\u010dast\u011bji galusky cyklist\u016f m\u00ed\u0159\u00ed do \u201e\u010dty\u0159hv\u011bzdy\u201c Diamante Beach, kde se \u010desk\u00fd Elkov pr\u00e1v\u011b te\u010f p\u0159i sv\u00e9m soust\u0159ed\u011bn\u00ed potk\u00e1v\u00e1 s worldtourov\u00fdmi Trek-Segafredo, DSM, ale i dvojkov\u00fdmi st\u00e1jemi Bingoal nebo Baloise. Tak\u017ee mo\u017en\u00e1 by bylo snaz\u0161\u00ed \u0159\u00edct, kter\u00e9 t\u00fdmy tu nejsou.<\/p>\n<div class=\"shortcode-ys-post-pinup\"><article class=\"loop-simple post-19604 post type-post status-publish format-standard has-post-thumbnail hentry category-silnicni-cyklistika tag-cyklistika tag-karel-vacek tag-markel-irizar tag-mathias-vacek tag-mistrovstvi-sveta tag-silnicni-cyklistika tag-sumava tag-tour-de-lavenir tag-trek-segafredo tag-trenink tag-zavod-miru global-categories-cycling\" data-postid=\"19604\" role=\"article\" data-post-id=\"19604\" data-word-count=\"1038\" data-headline-length=\"87\" data-category=\"Silni\u010dn\u00ed cyklistika\" data-global-category=\"Cycling\" data-author=\"Radek Malina\" data-published=\"2022-11-14T05:00:16+02:00\" data-published-day=\"Monday\">\n    <div class=\"entry-thumbnail article-thumbnail\" content=\"https:\/\/d2p6e6u75xmxt8.cloudfront.net\/13\/2022\/11\/WLC_Mathias-Vacek_006-150x150.webp\"><a href=\"https:\/\/www.welovecycling.com\/cs\/2022\/11\/14\/mathias-vacek-a-jeho-sumavske-kralovstvi-u-vicemistra-sveta-jemuz-prali-smrt\/\" class=\"image-holder\" target=\"_self\"><img decoding=\"async\" loading=\"lazy\" class=\"\" src=\"https:\/\/d2p6e6u75xmxt8.cloudfront.net\/13\/2022\/11\/WLC_Mathias-Vacek_006-1024x683.webp\" srcset=\"https:\/\/d2p6e6u75xmxt8.cloudfront.net\/13\/2022\/11\/WLC_Mathias-Vacek_006.webp 2000w, https:\/\/d2p6e6u75xmxt8.cloudfront.net\/13\/2022\/11\/WLC_Mathias-Vacek_006-300x200.webp 300w, https:\/\/d2p6e6u75xmxt8.cloudfront.net\/13\/2022\/11\/WLC_Mathias-Vacek_006-1024x683.webp 1024w, https:\/\/d2p6e6u75xmxt8.cloudfront.net\/13\/2022\/11\/WLC_Mathias-Vacek_006-768x512.webp 768w, https:\/\/d2p6e6u75xmxt8.cloudfront.net\/13\/2022\/11\/WLC_Mathias-Vacek_006-1536x1025.webp 1536w, https:\/\/d2p6e6u75xmxt8.cloudfront.net\/13\/2022\/11\/WLC_Mathias-Vacek_006-1920x1281.webp 1920w, https:\/\/d2p6e6u75xmxt8.cloudfront.net\/13\/2022\/11\/WLC_Mathias-Vacek_006-272x182.webp 272w, https:\/\/d2p6e6u75xmxt8.cloudfront.net\/13\/2022\/11\/WLC_Mathias-Vacek_006-1920x1281.webp 1920w\" width=\"1024\" height=\"683\" sizes=\"auto, (min-width: 1200px) 300px, (min-width: 768px) 25vw, 100vw\" alt=\"mathias-vacek-a-jeho-sumavske-kralovstvi-u-vicemistra-sveta-jemuz-prali-smrt\"\/><\/a><\/div>    <div class=\"entry-meta\">\n        <a class=\"label label-secondary post-category\" href=\"https:\/\/www.welovecycling.com\/cs\/category\/silnicni-cyklistika\/\" title=\"Silni\u010dn\u00ed cyklistika\">Silni\u010dn\u00ed cyklistika<\/a>\n    <\/div>\n    <div class=\"entry-details\">\n        <a href=\"https:\/\/www.welovecycling.com\/cs\/2022\/11\/14\/mathias-vacek-a-jeho-sumavske-kralovstvi-u-vicemistra-sveta-jemuz-prali-smrt\/\" class='entry-title-wrapper'>\n            <h3 class=\"entry-title\"><span>U vicemistra sv\u011bta, jemu\u017e p\u0159\u00e1li smrt! Mathias Vacek a jeho \u0161umavsk\u00e9 kr\u00e1lovstv\u00ed.<\/span><\/h3>\n        <\/a>\n    <\/div>\n    <\/article>\n<\/div>\n<p>Co tedy \u010din\u00ed z tohoto regionu takov\u00fd magnet t\u011bch, co pot\u0159ebuj\u00ed v zim\u011b \u0161vihat? Je jich \u0159ada, ale jeden je \u00fapln\u011b zadarmo \u2013 sta\u010d\u00ed zaklonit hlavu a uvid\u00edte to. Toti\u017e modrou oblohu. Kola\u0159sky obl\u00edbenou lokalitu t\u00e1hnouc\u00ed se pod\u00e9l St\u0159edozemn\u00edho mo\u0159e od Benidoru, p\u0159es Calpe a\u017e po D\u00e9nii katalogy vychvaluj\u00ed jako klimatick\u00fd r\u00e1j na zemi. A p\u0159eci ani tady nen\u00ed v\u017edy a v\u0161echno zalit\u00e9 sluncem.<\/p>\n<h2><strong>Costa Blanca m\u00e1 na dosah dv\u011b leti\u0161t\u011b<\/strong><\/h2>\n<p>P\u0159ed p\u011bti lety 18. ledna r\u00e1no museli i m\u00edstn\u00ed kroutit hlavami nad tou anom\u00e1li\u00ed. Oblast toti\u017e zasypal sn\u00edh, podle pam\u011btn\u00edk\u016f prvn\u00ed od roku 1982. \u201eKr\u00e1sn\u00e9 po\u010das\u00ed ve \u0160pan\u011blsku!\u201c tweetoval pak sarkasticky t\u00fdm FDJ a Nizozemka Van der Breggenov\u00e1, olympijsk\u00e1 v\u00edt\u011bzka z Ria, se podivovala: \u201eTady je asi n\u011bco \u0161patn\u011b.\u201c Jan Hirt ale sk\u00e1lopevn\u011b tvrd\u00ed: \u201eNa po\u010das\u00ed je to tu lep\u0161\u00ed a stabiln\u011bj\u0161\u00ed ne\u017e na Mallorce.\u201c<\/p>\n<p>A\u010dkoliv letos? \u201ePo\u0159\u00e1d pr\u0161\u00ed. Dokola mus\u00edm um\u00fdvat kola,\u201c naoko si post\u011b\u017eoval Franti\u0161ek Sisr, hlavn\u00ed mechanik \u010desk\u00e9 st\u00e1je Elkov-Kasper. A p\u0159eci toto b\u011blostn\u00e9 pob\u0159e\u017e\u00ed profesion\u00e1l\u016fm v sedlech uhranulo.<\/p>\n<div class=\"shortcode-ys-post-pinup\"><article class=\"loop-simple post-20442 post type-post status-publish format-standard has-post-thumbnail hentry category-horska-cyklistika category-zeny tag-cyklistika tag-expres-cz-tufo-kolin tag-horska-cyklistika tag-prijem-potravy tag-problemy-s-prijmem-potravy tag-tereza-tvaruzkova tag-zdravi-a-trenink tag-zeny global-categories-cycling\" data-postid=\"20442\" role=\"article\" data-post-id=\"20442\" data-word-count=\"779\" data-headline-length=\"124\" data-category=\"Horsk\u00e1 cyklistika\" data-global-category=\"Cycling\" data-author=\"Radek Malina\" data-published=\"2023-02-03T08:00:15+02:00\" data-published-day=\"Friday\">\n    <div class=\"entry-thumbnail article-thumbnail\" content=\"https:\/\/d2p6e6u75xmxt8.cloudfront.net\/13\/2023\/01\/tvaruzkova-michal-cerveny-6-150x150.webp\"><a href=\"https:\/\/www.welovecycling.com\/cs\/2023\/02\/03\/tereza-tvaruzkova-o-lyzovani-lasce-ke-kolum-i-problemech-s-prijmem-potravy-treneri-si-obcas-nevidi-do-pusy\/\" class=\"image-holder\" target=\"_self\"><img decoding=\"async\" loading=\"lazy\" class=\"\" src=\"https:\/\/d2p6e6u75xmxt8.cloudfront.net\/13\/2023\/01\/tvaruzkova-michal-cerveny-6-1024x683.webp\" srcset=\"https:\/\/d2p6e6u75xmxt8.cloudfront.net\/13\/2023\/01\/tvaruzkova-michal-cerveny-6.webp 2000w, https:\/\/d2p6e6u75xmxt8.cloudfront.net\/13\/2023\/01\/tvaruzkova-michal-cerveny-6-300x200.webp 300w, https:\/\/d2p6e6u75xmxt8.cloudfront.net\/13\/2023\/01\/tvaruzkova-michal-cerveny-6-1024x683.webp 1024w, https:\/\/d2p6e6u75xmxt8.cloudfront.net\/13\/2023\/01\/tvaruzkova-michal-cerveny-6-768x512.webp 768w, https:\/\/d2p6e6u75xmxt8.cloudfront.net\/13\/2023\/01\/tvaruzkova-michal-cerveny-6-1536x1025.webp 1536w, https:\/\/d2p6e6u75xmxt8.cloudfront.net\/13\/2023\/01\/tvaruzkova-michal-cerveny-6-1920x1281.webp 1920w, https:\/\/d2p6e6u75xmxt8.cloudfront.net\/13\/2023\/01\/tvaruzkova-michal-cerveny-6-272x182.webp 272w, https:\/\/d2p6e6u75xmxt8.cloudfront.net\/13\/2023\/01\/tvaruzkova-michal-cerveny-6-1920x1281.webp 1920w\" width=\"1024\" height=\"683\" sizes=\"auto, (min-width: 1200px) 300px, (min-width: 768px) 25vw, 100vw\" alt=\"tereza-tvaruzkova-o-lyzovani-lasce-ke-kolum-i-problemech-s-prijmem-potravy-treneri-si-obcas-nevidi-do-pusy\"\/><\/a><\/div>    <div class=\"entry-meta\">\n        <a class=\"label label-secondary post-category\" href=\"https:\/\/www.welovecycling.com\/cs\/category\/horska-cyklistika\/\" title=\"Horsk\u00e1 cyklistika\">Horsk\u00e1 cyklistika<\/a>\n    <\/div>\n    <div class=\"entry-details\">\n        <a href=\"https:\/\/www.welovecycling.com\/cs\/2023\/02\/03\/tereza-tvaruzkova-o-lyzovani-lasce-ke-kolum-i-problemech-s-prijmem-potravy-treneri-si-obcas-nevidi-do-pusy\/\" class='entry-title-wrapper'>\n            <h3 class=\"entry-title\"><span>Tereza Tvar\u016f\u017ekov\u00e1 o ly\u017eov\u00e1n\u00ed, l\u00e1sce ke kol\u016fm i probl\u00e9mech s\u00a0p\u0159\u00edjmem potravy: Tren\u00e9\u0159i si ob\u010das nevid\u00ed do pusy<\/span><\/h3>\n        <\/a>\n    <\/div>\n    <\/article>\n<\/div>\n<p>Jeho plusem je relativn\u011b snadn\u00e1 dostupnost, proto\u017ee z jedn\u00e9 strany Costa Blanca je to bl\u00edzko na leti\u0161t\u011b v Alicante, severn\u00ed \u010d\u00e1st zase obsluhuje Valencie, a materi\u00e1l se sem relativn\u011b snadno voz\u00ed po d\u00e1lnic\u00edch. Jsou to sice tis\u00edce kilometr\u016f za volantem z centr\u00e1l jednotliv\u00fdch t\u00fdm\u016f, ale po\u0159\u00e1d jednodu\u0161\u0161\u00ed cesta, proto\u017ee na kontinentu. Kan\u00e1ry nebo Mallorka p\u0159in\u00e1\u0161ej\u00ed logistickou starost nav\u00edc.<\/p>\n<h2><strong>\u0160pi\u010dkov\u00fd asfalt a tolerantn\u00ed \u0159idi\u010di<\/strong><\/h2>\n<p>Argumentem, na kter\u00fd zase sly\u0161\u00ed finan\u010dn\u00ed \u0159editel\u00e9 t\u00fdm\u016f, jsou ceny. Proto\u017ee hotely by jinak z\u016fstaly zav\u0159en\u00e9, za jejich alespo\u0148 \u010d\u00e1ste\u010dn\u00e9 vyu\u017eit\u00ed si hoteli\u00e9\u0159i inkasuj\u00ed v\u00edc ne\u017e atraktivn\u00ed ceny, co\u017e v p\u0159\u00edpad\u011b, \u017ee do Calpe p\u0159ivezete t\u0159eba 150 lid\u00ed t\u00fdmu v\u010detn\u011b person\u00e1lu, u\u017e se na fakturu prop\u00ed\u0161e.<\/p>\n<figure id=\"attachment_20672\" aria-describedby=\"caption-attachment-20672\" style=\"width: 1800px\" class=\"wp-caption alignnone\"><a href=\"https:\/\/d2p6e6u75xmxt8.cloudfront.net\/13\/2023\/02\/costa-blanca-profimedia-0732779889.webp\"><img loading=\"lazy\" decoding=\"async\" class=\"size-full wp-image-20672\" src=\"https:\/\/d2p6e6u75xmxt8.cloudfront.net\/13\/2023\/02\/costa-blanca-profimedia-0732779889.webp\" alt=\"Costa Blanca\" width=\"1800\" height=\"1200\" srcset=\"https:\/\/d2p6e6u75xmxt8.cloudfront.net\/13\/2023\/02\/costa-blanca-profimedia-0732779889.webp 1800w, https:\/\/d2p6e6u75xmxt8.cloudfront.net\/13\/2023\/02\/costa-blanca-profimedia-0732779889-300x200.webp 300w, https:\/\/d2p6e6u75xmxt8.cloudfront.net\/13\/2023\/02\/costa-blanca-profimedia-0732779889-1024x683.webp 1024w, https:\/\/d2p6e6u75xmxt8.cloudfront.net\/13\/2023\/02\/costa-blanca-profimedia-0732779889-768x512.webp 768w, https:\/\/d2p6e6u75xmxt8.cloudfront.net\/13\/2023\/02\/costa-blanca-profimedia-0732779889-1536x1024.webp 1536w, https:\/\/d2p6e6u75xmxt8.cloudfront.net\/13\/2023\/02\/costa-blanca-profimedia-0732779889-400x267.webp 400w, https:\/\/d2p6e6u75xmxt8.cloudfront.net\/13\/2023\/02\/costa-blanca-profimedia-0732779889-272x182.webp 272w\" sizes=\"auto, (max-width: 1800px) 100vw, 1800px\" \/><\/a><figcaption id=\"caption-attachment-20672\" class=\"wp-caption-text\"><em>Costa Blanca miluj\u00ed hobby cyklist\u00e9 stejn\u011b jako profesion\u00e1lov\u00e9.\u00a0<\/em><\/figcaption><\/figure>\n<p>A\u010d se v\u016fkol nety\u010d\u00ed \u00fapln\u00e9 velehory, ter\u00e9n je po\u0159\u00e1d dost v\u00fd\u017eivn\u00fd, tak\u017ee i vrcha\u0159\u016fm dok\u00e1\u017ee nab\u00eddnout sv\u00e9. By\u0165 se z\u00e1kladny t\u00fdm\u016f nach\u00e1zej\u00ed na \u00farovni mo\u0159sk\u00e9 hladiny, za hodinu u\u017e lze stoupat na obl\u00edben\u00fd (a\u010dkoliv o tomto slovu by kdekter\u00fd cyklista dok\u00e1zal polemizovat) testovac\u00ed vrchol Coll de Rates nebo taky na Aitanu, v m\u011b\u0159\u00edtk\u00e1ch Vuelty kopec speci\u00e1ln\u00ed kategorie.<\/p>\n<p>To v\u0161e je dopln\u011bno \u0161pi\u010dkov\u00fdm asfaltem a na n\u011bm pov\u011bt\u0161inou ch\u00e1pav\u00fdmi \u0159idi\u010di, kte\u0159\u00ed si na ten zimn\u00ed cyklistick\u00fd \u0161rumec u\u017e tak n\u011bjak zvykli. Uv\u011bdomuj\u00ed si toti\u017e, \u017ee z t\u011bch barevn\u00fdch n\u00e1v\u0161t\u011bvn\u00edk\u016f na kole te\u010de do jejich kraje dost pen\u011bz.<\/p>\n<div class=\"shortcode-ys-post-pinup\"><article class=\"loop-simple post-20494 post type-post status-publish format-standard has-post-thumbnail hentry category-zima2022 category-rady-tipy tag-algarve tag-calpe tag-cyklistika tag-finale-ligure tag-istrie tag-kanarske-ostrovy tag-mallorka tag-monako tag-nice tag-toskansko tag-trenink tag-treninkovy-kemp tag-zdravi-a-trenink tag-zimni-cyklisticke-soustredeni global-categories-cycling\" data-postid=\"20494\" role=\"article\" data-post-id=\"20494\" data-word-count=\"743\" data-headline-length=\"42\" data-category=\"Na kole v zim\u011b\" data-global-category=\"Cycling\" data-author=\"We Love Cycling\" data-published=\"2023-01-29T06:00:35+02:00\" data-published-day=\"Sunday\">\n    <div class=\"entry-thumbnail article-thumbnail\" content=\"https:\/\/d2p6e6u75xmxt8.cloudfront.net\/13\/2023\/01\/toskansko-Snimek-obrazovky-2023-01-25-181550-150x150.webp\"><a href=\"https:\/\/www.welovecycling.com\/cs\/2023\/01\/29\/kam-na-zimni-cyklisticke-soustredeni\/\" class=\"image-holder\" target=\"_self\"><img decoding=\"async\" loading=\"lazy\" class=\"\" src=\"https:\/\/d2p6e6u75xmxt8.cloudfront.net\/13\/2023\/01\/toskansko-Snimek-obrazovky-2023-01-25-181550-1024x567.webp\" srcset=\"https:\/\/d2p6e6u75xmxt8.cloudfront.net\/13\/2023\/01\/toskansko-Snimek-obrazovky-2023-01-25-181550.webp 1247w, https:\/\/d2p6e6u75xmxt8.cloudfront.net\/13\/2023\/01\/toskansko-Snimek-obrazovky-2023-01-25-181550-300x166.webp 300w, https:\/\/d2p6e6u75xmxt8.cloudfront.net\/13\/2023\/01\/toskansko-Snimek-obrazovky-2023-01-25-181550-1024x567.webp 1024w, https:\/\/d2p6e6u75xmxt8.cloudfront.net\/13\/2023\/01\/toskansko-Snimek-obrazovky-2023-01-25-181550-768x425.webp 768w\" width=\"1024\" height=\"567\" sizes=\"auto, (min-width: 1200px) 362px, (min-width: 768px) 30vw, 100vw\" alt=\"kam-na-zimni-cyklisticke-soustredeni\"\/><\/a><\/div>    <div class=\"entry-meta\">\n        <a class=\"label label-secondary post-category\" href=\"https:\/\/www.welovecycling.com\/cs\/category\/zima2022\/\" title=\"Na kole v zim\u011b\">Na kole v zim\u011b<\/a>\n    <\/div>\n    <div class=\"entry-details\">\n        <a href=\"https:\/\/www.welovecycling.com\/cs\/2023\/01\/29\/kam-na-zimni-cyklisticke-soustredeni\/\" class='entry-title-wrapper'>\n            <h3 class=\"entry-title\"><span>Kam na zimn\u00ed cyklistick\u00e9 soust\u0159ed\u011bn\u00ed?<\/span><\/h3>\n        <\/a>\n    <\/div>\n    <\/article>\n<\/div>\n<p>Nejv\u011bt\u0161\u00ed a asi jedinou hrozbou Calpe a okol\u00ed se tak zdaj\u00ed b\u00fdt britsk\u00e9 \u0161of\u00e9rky. Jedna takov\u00e1 madam p\u0159ed p\u00e1r lety zapomn\u011bla, \u017ee tady nem\u016f\u017ee \u0159\u00eddit poanglicku vlevo, a smetla p\u016flku t\u00fdmu Giant-Alpecin, a\u017e kv\u016fli tomu N\u011bmec Degenkolb p\u0159i\u0161el o lev\u00fd ukazov\u00e1\u010dek a musel se pak u\u010dit p\u0159ehazovat jinak.<\/p>\n<p>Ani takov\u00e9 \u201emalichernosti\u201c v\u0161ak nedok\u00e1\u017eou naru\u0161it obl\u00edbenost Costa Blanca. Toho b\u00edl\u00e9ho pob\u0159e\u017e\u00ed, kde se te\u010f dost mo\u017en\u00e1 p\u0159ipravuje p\u0159\u00ed\u0161t\u00ed majitel r\u016f\u017eov\u00e9ho, \u017elut\u00e9ho nebo \u010derven\u00e9ho dresu.<\/p>\n","protected":false},"excerpt":{"rendered":"<p>Slunce, bezpe\u010dn\u00e9 cesty, kopce, logistika. To jsou argumenty, co v\u00e1m profesion\u00e1ln\u00ed t\u00fdmy za\u010dnou vyjmenov\u00e1vat, kdy\u017e se jich zept\u00e1te na jejich [&hellip;]<\/p>\n","protected":false},"author":138,"featured_media":20670,"comment_status":"open","ping_status":"open","sticky":false,"template":"","format":"standard","meta":{"footnotes":""},"categories":[15,167],"tags":[2894,2162,2893,126,228,2895,56,305,9,27,73,67],"global-categories":[411],"class_list":["post-20666","post","type-post","status-publish","format-standard","has-post-thumbnail","hentry","category-rady-tipy","category-tipy-na-vylet","tag-benidor","tag-calpe","tag-costa-blanca","tag-cyklistika","tag-cyklovylet","tag-denia","tag-horska-cyklistika","tag-mathias-vacek","tag-silnicni-cyklistika","tag-trenink","tag-zdenek-stybar","tag-zdravi-a-trenink","global-categories-cycling"],"yoast_head":"<!-- This site is optimized with the Yoast SEO Premium plugin v25.3 (Yoast SEO v25.9) - https:\/\/yoast.com\/wordpress\/plugins\/seo\/ -->\n<title>Tip na cyklov\u00fdlet: fenom\u00e9n Costa Blanca. Kdy\u017e zimn\u00ed sp\u00e1nek ru\u0161\u00ed cvr\u010dek pelotonu | \u0160koda We Love Cycling - \u010cesk\u00e1 republika<\/title>\n<meta name=\"description\" content=\"Slunce, bezpe\u010dn\u00e9 cesty, kopce, logistika. V\u00edtejte na Costa Blanca, v milovan\u00e9 destinaci cyklist\u016f v\u0161ech v\u00fdkonnost\u00ed v zimn\u00edch m\u011bs\u00edc\u00edch.\" \/>\n<meta name=\"robots\" content=\"index, follow, max-snippet:-1, max-image-preview:large, max-video-preview:-1\" \/>\n<link rel=\"canonical\" href=\"https:\/\/www.welovecycling.com\/cs\/2023\/02\/17\/tip-na-cyklovylet-fenomen-costa-blanca-kdyz-zimni-spanek-rusi-cvrcek-pelotonu\/\" \/>\n<meta property=\"og:locale\" content=\"cs_CZ\" \/>\n<meta property=\"og:type\" content=\"article\" \/>\n<meta property=\"og:title\" content=\"Tip na cyklov\u00fdlet: fenom\u00e9n Costa Blanca. Kdy\u017e zimn\u00ed sp\u00e1nek ru\u0161\u00ed cvr\u010dek pelotonu\" \/>\n<meta property=\"og:description\" content=\"Slunce, bezpe\u010dn\u00e9 cesty, kopce, logistika. V\u00edtejte na Costa Blanca, v milovan\u00e9 destinaci cyklist\u016f v\u0161ech v\u00fdkonnost\u00ed v zimn\u00edch m\u011bs\u00edc\u00edch.\" \/>\n<meta property=\"og:url\" content=\"https:\/\/www.welovecycling.com\/cs\/2023\/02\/17\/tip-na-cyklovylet-fenomen-costa-blanca-kdyz-zimni-spanek-rusi-cvrcek-pelotonu\/\" \/>\n<meta property=\"og:site_name\" content=\"\u0160koda We Love Cycling - \u010cesk\u00e1 republika\" \/>\n<meta property=\"article:published_time\" content=\"2023-02-17T13:00:27+00:00\" \/>\n<meta property=\"og:image\" content=\"https:\/\/d2p6e6u75xmxt8.cloudfront.net\/13\/2023\/02\/costa-blanca-profimedia-0587959785.webp\" \/>\n\t<meta property=\"og:image:width\" content=\"1800\" \/>\n\t<meta property=\"og:image:height\" content=\"1200\" \/>\n\t<meta property=\"og:image:type\" content=\"image\/webp\" \/>\n<meta name=\"author\" content=\"radekmalina\" \/>\n<meta name=\"twitter:card\" content=\"summary_large_image\" \/>\n<meta name=\"twitter:label1\" content=\"Written by\" \/>\n\t<meta name=\"twitter:data1\" content=\"We Love Cycling\" \/>\n\t<meta name=\"twitter:label2\" content=\"Est. reading time\" \/>\n\t<meta name=\"twitter:data2\" content=\"7\" \/>\n<script type=\"application\/ld+json\" class=\"yoast-schema-graph\">{\"@context\":\"https:\/\/schema.org\",\"@graph\":[{\"@type\":\"WebPage\",\"@id\":\"https:\/\/www.welovecycling.com\/cs\/2023\/02\/17\/tip-na-cyklovylet-fenomen-costa-blanca-kdyz-zimni-spanek-rusi-cvrcek-pelotonu\/\",\"url\":\"https:\/\/www.welovecycling.com\/cs\/2023\/02\/17\/tip-na-cyklovylet-fenomen-costa-blanca-kdyz-zimni-spanek-rusi-cvrcek-pelotonu\/\",\"name\":\"Tip na cyklov\u00fdlet: fenom\u00e9n Costa Blanca. Kdy\u017e zimn\u00ed sp\u00e1nek ru\u0161\u00ed cvr\u010dek pelotonu | \u0160koda We Love Cycling - \u010cesk\u00e1 republika\",\"isPartOf\":{\"@id\":\"https:\/\/www.welovecycling.com\/cs\/#website\"},\"primaryImageOfPage\":{\"@id\":\"https:\/\/www.welovecycling.com\/cs\/2023\/02\/17\/tip-na-cyklovylet-fenomen-costa-blanca-kdyz-zimni-spanek-rusi-cvrcek-pelotonu\/#primaryimage\"},\"image\":{\"@id\":\"https:\/\/www.welovecycling.com\/cs\/2023\/02\/17\/tip-na-cyklovylet-fenomen-costa-blanca-kdyz-zimni-spanek-rusi-cvrcek-pelotonu\/#primaryimage\"},\"thumbnailUrl\":\"https:\/\/d2p6e6u75xmxt8.cloudfront.net\/13\/2023\/02\/costa-blanca-profimedia-0587959785.webp\",\"datePublished\":\"2023-02-17T13:00:27+00:00\",\"author\":{\"@id\":\"https:\/\/www.welovecycling.com\/cs\/#\/schema\/person\/d9eeb0a378f3a7e4a6d12d2b536b04b8\"},\"description\":\"Slunce, bezpe\u010dn\u00e9 cesty, kopce, logistika. V\u00edtejte na Costa Blanca, v milovan\u00e9 destinaci cyklist\u016f v\u0161ech v\u00fdkonnost\u00ed v zimn\u00edch m\u011bs\u00edc\u00edch.\",\"inLanguage\":\"cs\",\"potentialAction\":[{\"@type\":\"ReadAction\",\"target\":[\"https:\/\/www.welovecycling.com\/cs\/2023\/02\/17\/tip-na-cyklovylet-fenomen-costa-blanca-kdyz-zimni-spanek-rusi-cvrcek-pelotonu\/\"]}]},{\"@type\":\"ImageObject\",\"inLanguage\":\"cs\",\"@id\":\"https:\/\/www.welovecycling.com\/cs\/2023\/02\/17\/tip-na-cyklovylet-fenomen-costa-blanca-kdyz-zimni-spanek-rusi-cvrcek-pelotonu\/#primaryimage\",\"url\":\"https:\/\/d2p6e6u75xmxt8.cloudfront.net\/13\/2023\/02\/costa-blanca-profimedia-0587959785.webp\",\"contentUrl\":\"https:\/\/d2p6e6u75xmxt8.cloudfront.net\/13\/2023\/02\/costa-blanca-profimedia-0587959785.webp\",\"width\":1800,\"height\":1200,\"caption\":\"Costa Blanca\"},{\"@type\":\"WebSite\",\"@id\":\"https:\/\/www.welovecycling.com\/cs\/#website\",\"url\":\"https:\/\/www.welovecycling.com\/cs\/\",\"name\":\"\u0160koda We Love Cycling - \u010cesk\u00e1 republika\",\"description\":\"WeLoveCycling.cz je online magaz\u00edn, kter\u00fd v\u00e1m pravideln\u011b p\u0159in\u00e1\u0161\u00ed rady a tipy, zaj\u00edmav\u00e9 \u010dl\u00e1nky, videa a jedine\u010dn\u00e9 report\u00e1\u017ee ze sv\u011bta cyklistiky.\",\"potentialAction\":[{\"@type\":\"SearchAction\",\"target\":{\"@type\":\"EntryPoint\",\"urlTemplate\":\"https:\/\/www.welovecycling.com\/cs\/?s={search_term_string}\"},\"query-input\":{\"@type\":\"PropertyValueSpecification\",\"valueRequired\":true,\"valueName\":\"search_term_string\"}}],\"inLanguage\":\"cs\"},{\"@type\":\"Person\",\"@id\":\"https:\/\/www.welovecycling.com\/cs\/#\/schema\/person\/d9eeb0a378f3a7e4a6d12d2b536b04b8\",\"name\":\"radekmalina\",\"image\":{\"@type\":\"ImageObject\",\"inLanguage\":\"cs\",\"@id\":\"https:\/\/www.welovecycling.com\/cs\/#\/schema\/person\/image\/\",\"url\":\"https:\/\/secure.gravatar.com\/avatar\/66994b632cb8c39a46b9f54afa3ae07201b678d32a54275b6f1c9ffec356bfc0?s=96&d=mm&r=g\",\"contentUrl\":\"https:\/\/secure.gravatar.com\/avatar\/66994b632cb8c39a46b9f54afa3ae07201b678d32a54275b6f1c9ffec356bfc0?s=96&d=mm&r=g\",\"caption\":\"radekmalina\"},\"url\":\"https:\/\/www.welovecycling.com\/cs\/author\/radekmalina\/\"}]}<\/script>\n<!-- \/ Yoast SEO Premium plugin. -->","yoast_head_json":{"title":"Tip na cyklov\u00fdlet: fenom\u00e9n Costa Blanca. Kdy\u017e zimn\u00ed sp\u00e1nek ru\u0161\u00ed cvr\u010dek pelotonu | \u0160koda We Love Cycling - \u010cesk\u00e1 republika","description":"Slunce, bezpe\u010dn\u00e9 cesty, kopce, logistika. V\u00edtejte na Costa Blanca, v milovan\u00e9 destinaci cyklist\u016f v\u0161ech v\u00fdkonnost\u00ed v zimn\u00edch m\u011bs\u00edc\u00edch.","robots":{"index":"index","follow":"follow","max-snippet":"max-snippet:-1","max-image-preview":"max-image-preview:large","max-video-preview":"max-video-preview:-1"},"canonical":"https:\/\/www.welovecycling.com\/cs\/2023\/02\/17\/tip-na-cyklovylet-fenomen-costa-blanca-kdyz-zimni-spanek-rusi-cvrcek-pelotonu\/","og_locale":"cs_CZ","og_type":"article","og_title":"Tip na cyklov\u00fdlet: fenom\u00e9n Costa Blanca. Kdy\u017e zimn\u00ed sp\u00e1nek ru\u0161\u00ed cvr\u010dek pelotonu","og_description":"Slunce, bezpe\u010dn\u00e9 cesty, kopce, logistika. V\u00edtejte na Costa Blanca, v milovan\u00e9 destinaci cyklist\u016f v\u0161ech v\u00fdkonnost\u00ed v zimn\u00edch m\u011bs\u00edc\u00edch.","og_url":"https:\/\/www.welovecycling.com\/cs\/2023\/02\/17\/tip-na-cyklovylet-fenomen-costa-blanca-kdyz-zimni-spanek-rusi-cvrcek-pelotonu\/","og_site_name":"\u0160koda We Love Cycling - \u010cesk\u00e1 republika","article_published_time":"2023-02-17T13:00:27+00:00","og_image":[{"width":1800,"height":1200,"url":"https:\/\/d2p6e6u75xmxt8.cloudfront.net\/13\/2023\/02\/costa-blanca-profimedia-0587959785.webp","type":"image\/webp"}],"author":"radekmalina","twitter_card":"summary_large_image","twitter_misc":{"Written by":"We Love Cycling","Est. reading time":"7"},"schema":{"@context":"https:\/\/schema.org","@graph":[{"@type":"WebPage","@id":"https:\/\/www.welovecycling.com\/cs\/2023\/02\/17\/tip-na-cyklovylet-fenomen-costa-blanca-kdyz-zimni-spanek-rusi-cvrcek-pelotonu\/","url":"https:\/\/www.welovecycling.com\/cs\/2023\/02\/17\/tip-na-cyklovylet-fenomen-costa-blanca-kdyz-zimni-spanek-rusi-cvrcek-pelotonu\/","name":"Tip na cyklov\u00fdlet: fenom\u00e9n Costa Blanca. Kdy\u017e zimn\u00ed sp\u00e1nek ru\u0161\u00ed cvr\u010dek pelotonu | \u0160koda We Love Cycling - \u010cesk\u00e1 republika","isPartOf":{"@id":"https:\/\/www.welovecycling.com\/cs\/#website"},"primaryImageOfPage":{"@id":"https:\/\/www.welovecycling.com\/cs\/2023\/02\/17\/tip-na-cyklovylet-fenomen-costa-blanca-kdyz-zimni-spanek-rusi-cvrcek-pelotonu\/#primaryimage"},"image":{"@id":"https:\/\/www.welovecycling.com\/cs\/2023\/02\/17\/tip-na-cyklovylet-fenomen-costa-blanca-kdyz-zimni-spanek-rusi-cvrcek-pelotonu\/#primaryimage"},"thumbnailUrl":"https:\/\/d2p6e6u75xmxt8.cloudfront.net\/13\/2023\/02\/costa-blanca-profimedia-0587959785.webp","datePublished":"2023-02-17T13:00:27+00:00","author":{"@id":"https:\/\/www.welovecycling.com\/cs\/#\/schema\/person\/d9eeb0a378f3a7e4a6d12d2b536b04b8"},"description":"Slunce, bezpe\u010dn\u00e9 cesty, kopce, logistika. V\u00edtejte na Costa Blanca, v milovan\u00e9 destinaci cyklist\u016f v\u0161ech v\u00fdkonnost\u00ed v zimn\u00edch m\u011bs\u00edc\u00edch.","inLanguage":"cs","potentialAction":[{"@type":"ReadAction","target":["https:\/\/www.welovecycling.com\/cs\/2023\/02\/17\/tip-na-cyklovylet-fenomen-costa-blanca-kdyz-zimni-spanek-rusi-cvrcek-pelotonu\/"]}]},{"@type":"ImageObject","inLanguage":"cs","@id":"https:\/\/www.welovecycling.com\/cs\/2023\/02\/17\/tip-na-cyklovylet-fenomen-costa-blanca-kdyz-zimni-spanek-rusi-cvrcek-pelotonu\/#primaryimage","url":"https:\/\/d2p6e6u75xmxt8.cloudfront.net\/13\/2023\/02\/costa-blanca-profimedia-0587959785.webp","contentUrl":"https:\/\/d2p6e6u75xmxt8.cloudfront.net\/13\/2023\/02\/costa-blanca-profimedia-0587959785.webp","width":1800,"height":1200,"caption":"Costa Blanca"},{"@type":"WebSite","@id":"https:\/\/www.welovecycling.com\/cs\/#website","url":"https:\/\/www.welovecycling.com\/cs\/","name":"\u0160koda We Love Cycling - \u010cesk\u00e1 republika","description":"WeLoveCycling.cz je online magaz\u00edn, kter\u00fd v\u00e1m pravideln\u011b p\u0159in\u00e1\u0161\u00ed rady a tipy, zaj\u00edmav\u00e9 \u010dl\u00e1nky, videa a jedine\u010dn\u00e9 report\u00e1\u017ee ze sv\u011bta cyklistiky.","potentialAction":[{"@type":"SearchAction","target":{"@type":"EntryPoint","urlTemplate":"https:\/\/www.welovecycling.com\/cs\/?s={search_term_string}"},"query-input":{"@type":"PropertyValueSpecification","valueRequired":true,"valueName":"search_term_string"}}],"inLanguage":"cs"},{"@type":"Person","@id":"https:\/\/www.welovecycling.com\/cs\/#\/schema\/person\/d9eeb0a378f3a7e4a6d12d2b536b04b8","name":"radekmalina","image":{"@type":"ImageObject","inLanguage":"cs","@id":"https:\/\/www.welovecycling.com\/cs\/#\/schema\/person\/image\/","url":"https:\/\/secure.gravatar.com\/avatar\/66994b632cb8c39a46b9f54afa3ae07201b678d32a54275b6f1c9ffec356bfc0?s=96&d=mm&r=g","contentUrl":"https:\/\/secure.gravatar.com\/avatar\/66994b632cb8c39a46b9f54afa3ae07201b678d32a54275b6f1c9ffec356bfc0?s=96&d=mm&r=g","caption":"radekmalina"},"url":"https:\/\/www.welovecycling.com\/cs\/author\/radekmalina\/"}]}},"_links":{"self":[{"href":"https:\/\/www.welovecycling.com\/cs\/wp-json\/wp\/v2\/posts\/20666","targetHints":{"allow":["GET"]}}],"collection":[{"href":"https:\/\/www.welovecycling.com\/cs\/wp-json\/wp\/v2\/posts"}],"about":[{"href":"https:\/\/www.welovecycling.com\/cs\/wp-json\/wp\/v2\/types\/post"}],"author":[{"embeddable":true,"href":"https:\/\/www.welovecycling.com\/cs\/wp-json\/wp\/v2\/users\/138"}],"replies":[{"embeddable":true,"href":"https:\/\/www.welovecycling.com\/cs\/wp-json\/wp\/v2\/comments?post=20666"}],"version-history":[{"count":2,"href":"https:\/\/www.welovecycling.com\/cs\/wp-json\/wp\/v2\/posts\/20666\/revisions"}],"predecessor-version":[{"id":20676,"href":"https:\/\/www.welovecycling.com\/cs\/wp-json\/wp\/v2\/posts\/20666\/revisions\/20676"}],"wp:featuredmedia":[{"embeddable":true,"href":"https:\/\/www.welovecycling.com\/cs\/wp-json\/wp\/v2\/media\/20670"}],"wp:attachment":[{"href":"https:\/\/www.welovecycling.com\/cs\/wp-json\/wp\/v2\/media?parent=20666"}],"wp:term":[{"taxonomy":"category","embeddable":true,"href":"https:\/\/www.welovecycling.com\/cs\/wp-json\/wp\/v2\/categories?post=20666"},{"taxonomy":"post_tag","embeddable":true,"href":"https:\/\/www.welovecycling.com\/cs\/wp-json\/wp\/v2\/tags?post=20666"},{"taxonomy":"global-categories","embeddable":true,"href":"https:\/\/www.welovecycling.com\/cs\/wp-json\/wp\/v2\/global-categories?post=20666"}],"curies":[{"name":"wp","href":"https:\/\/api.w.org\/{rel}","templated":true}]}}