{"id":20513,"date":"2023-01-27T09:09:10","date_gmt":"2023-01-27T07:09:10","guid":{"rendered":"https:\/\/www.welovecycling.com\/cs\/?p=20513"},"modified":"2023-01-27T09:21:02","modified_gmt":"2023-01-27T07:21:02","slug":"peter-sagan-konci-na-silnici-po-sezone-se-zameri-na-biky-a-olympiadu-v-parizi","status":"publish","type":"post","link":"https:\/\/www.welovecycling.com\/cs\/2023\/01\/27\/peter-sagan-konci-na-silnici-po-sezone-se-zameri-na-biky-a-olympiadu-v-parizi\/","title":{"rendered":"Peter Sagan kon\u010d\u00ed na silnici! Po sezon\u011b se zam\u011b\u0159\u00ed na biky a olympi\u00e1du v Pa\u0159\u00ed\u017ei"},"content":{"rendered":"<p><strong>Vynikaj\u00edc\u00ed sprinter, klasik\u00e1\u0159, ale i \u0161oumen a jedna z nejv\u011bt\u0161\u00edch osobnost\u00ed v silni\u010dn\u00edm profipelotonu. Slovensk\u00fd cyklista Peter Sagan kon\u010d\u00ed! Trojn\u00e1sobn\u00fd mistr sv\u011bta a sedmin\u00e1sobn\u00fd v\u00edt\u011bz zelen\u00e9ho dresu \u0160koda Auto na Tour de France, kter\u00fd ve \u010dtvrtek oslavil 33. narozeniny, to ozn\u00e1mil b\u011bhem z\u00e1vodu Vuelta San Juan v Argentin\u011b.<\/strong><\/p>\n<p>Leto\u0161n\u00ed sezona bude na silnici ve World Tour jeho posledn\u00ed. P\u0159\u00ed\u0161t\u00ed rok se chce vr\u00e1tit ke ko\u0159en\u016fm a s vidinou startu na olympi\u00e1d\u011b v Pa\u0159\u00ed\u017ei 2024 zkusit horsk\u00e1 kola, na nich\u017e kdysi za\u010d\u00ednal a u\u017e v roce 2008 se stal juniorsk\u00fdm mistrem sv\u011bta i Evropy v cross country.<\/p>\n<p>\u201eNikdy jsem nesnil o tom, \u017ee budu profesion\u00e1ln\u00ed cyklista do \u010dty\u0159iceti nebo pades\u00e1ti,\u201c \u0159ekl jezdec st\u00e1je Total Energies v ofici\u00e1ln\u00edm prohl\u00e1\u0161en\u00ed. Po lo\u0148sk\u00e9 sezon\u011b opustil sv\u011btovou cyklistiku jeho bratr Juraj, letos ho bude n\u00e1sledovat i daleko slavn\u011bj\u0161\u00ed a o rok mlad\u0161\u00ed br\u00e1cha.<\/p>\n<p>\u201eMysl\u00edm, \u017ee nade\u0161el spr\u00e1vn\u00fd \u010das. Rozhodl jsem se, \u017ee tato sezona bude ve World Tour mou posledn\u00ed. R\u00e1d bych se p\u0159ipravil na olympi\u00e1du na horsk\u00fdch kolech,\u201c uvedl slovensk\u00fd cyklista na tiskov\u00e9 konferenci b\u011bhem dne volna p\u0159i z\u00e1vod\u011b v Argentin\u011b. Den p\u0159edt\u00edm skon\u010dil ve 4. etap\u011b t\u011bsn\u011b druh\u00fd za Gaviriou.<\/p>\n<h2><strong>P\u0159ednost dostanou horsk\u00e1 kola a syn Marlon<\/strong><\/h2>\n<p>Ur\u010dit\u011b ne\u0161lo o un\u00e1hlen\u00e9 rozhodnut\u00ed. Nakonec, o jeho mo\u017en\u00e9m konci se nesly informace v kulo\u00e1rech u\u017e del\u0161\u00ed dobu. Nebav\u00ed ho u\u017e podstupovat dennodenn\u00ed dril, chce m\u00edt klid a v\u011bnovat se v\u00edce synovi i aktivit\u00e1m mimo cyklistiku.<\/p>\n<figure id=\"attachment_20514\" aria-describedby=\"caption-attachment-20514\" style=\"width: 1800px\" class=\"wp-caption alignnone\"><a href=\"https:\/\/d2p6e6u75xmxt8.cloudfront.net\/13\/2023\/01\/sagan-profimedia-0461132389.webp\"><img loading=\"lazy\" decoding=\"async\" class=\"size-full wp-image-20514\" src=\"https:\/\/d2p6e6u75xmxt8.cloudfront.net\/13\/2023\/01\/sagan-profimedia-0461132389.webp\" alt=\"Peter Sagan\" width=\"1800\" height=\"1197\" srcset=\"https:\/\/d2p6e6u75xmxt8.cloudfront.net\/13\/2023\/01\/sagan-profimedia-0461132389.webp 1800w, https:\/\/d2p6e6u75xmxt8.cloudfront.net\/13\/2023\/01\/sagan-profimedia-0461132389-300x200.webp 300w, https:\/\/d2p6e6u75xmxt8.cloudfront.net\/13\/2023\/01\/sagan-profimedia-0461132389-1024x681.webp 1024w, https:\/\/d2p6e6u75xmxt8.cloudfront.net\/13\/2023\/01\/sagan-profimedia-0461132389-768x511.webp 768w, https:\/\/d2p6e6u75xmxt8.cloudfront.net\/13\/2023\/01\/sagan-profimedia-0461132389-1536x1021.webp 1536w, https:\/\/d2p6e6u75xmxt8.cloudfront.net\/13\/2023\/01\/sagan-profimedia-0461132389-272x182.webp 272w\" sizes=\"auto, (max-width: 1800px) 100vw, 1800px\" \/><\/a><figcaption id=\"caption-attachment-20514\" class=\"wp-caption-text\"><em>Peter Sagan v zelen\u00e9m dresu l\u00eddra bodovac\u00ed sout\u011b\u017ee \u0160koda Auto na Tour de France. Foto: profimedia<\/em><\/figcaption><\/figure>\n<p>Majitel 121 profesion\u00e1ln\u00edch v\u00edt\u011bzstv\u00ed jede rozlu\u010dkovou sezonu na silnici. A vrhne se na biky. \u201eV\u017edy jsem \u0159\u00edkal, \u017ee bych cht\u011bl dokon\u010dit svou kari\u00e9ru na horsk\u00e9m kole, proto\u017ee jsem na n\u011bm kdysi za\u010d\u00ednal,\u201c prohl\u00e1sil Sagan. \u201eHorsk\u00e1 kola si u\u017e\u00edv\u00e1m, je to n\u011bco, co m\u011b na konci kari\u00e9ry opravdu bav\u00ed,\u201c prozradil.<\/p>\n<p>\u201eJe pro m\u011b taky moc d\u016fle\u017eit\u00e9 tr\u00e1vit \u010das se synem Marlonem a vid\u011bt \u017eivot z r\u016fzn\u00fdch \u00fahl\u016f, nejen jako cyklista. Nikdy nebylo m\u00fdm snem z\u00e1vodit nebo b\u00fdt profesion\u00e1ln\u00edm jezdcem do \u010dty\u0159iceti nebo pades\u00e1ti. Nade\u0161el spr\u00e1vn\u00fd \u010das na silnici skon\u010dit. A pokud budu moci zakon\u010dit svou kari\u00e9ru v Pa\u0159\u00ed\u017ei na olympijsk\u00fdch hr\u00e1ch jako biker, bude to pro m\u011b skv\u011bl\u00e9,\u201c uvedl v\u00edt\u011bz dvan\u00e1cti etap na Tour de France.<\/p>\n<div class=\"shortcode-ys-post-pinup\"><article class=\"loop-simple post-13119 post type-post status-publish format-standard has-post-thumbnail hentry category-podcasty tag-cyklistika tag-doping tag-jan-ullrich tag-lance-armstrong tag-podcast tag-silnicni-cyklistika tag-tomas-konecny tag-tour-de-france tag-trenink tag-vuelta tag-vyziva tag-zdravi-a-trenink global-categories-cycling\" data-postid=\"13119\" role=\"article\" data-post-id=\"13119\" data-word-count=\"165\" data-headline-length=\"85\" data-category=\"Podcasty\" data-global-category=\"Cycling\" data-author=\"We Love Cycling\" data-published=\"2021-06-10T17:00:50+02:00\" data-published-day=\"Thursday\">\n    <div class=\"entry-thumbnail article-thumbnail\" content=\"https:\/\/d2p6e6u75xmxt8.cloudfront.net\/13\/2020\/08\/kone\u010dn\u00fd-profimedia-0445793124-150x150.webp\"><a href=\"https:\/\/www.welovecycling.com\/cs\/2021\/06\/10\/podcast-we-love-cycling-tomas-konecny-o-kouzle-grand-tour-ullrichovi-s-armstrongem-i-plneni-detskych-snu\/\" class=\"image-holder\" target=\"_self\"><img decoding=\"async\" loading=\"lazy\" class=\"\" src=\"https:\/\/d2p6e6u75xmxt8.cloudfront.net\/13\/2020\/08\/kone\u010dn\u00fd-profimedia-0445793124-1024x683.webp\" srcset=\"https:\/\/d2p6e6u75xmxt8.cloudfront.net\/13\/2020\/08\/kone\u010dn\u00fd-profimedia-0445793124.webp 1800w, https:\/\/d2p6e6u75xmxt8.cloudfront.net\/13\/2020\/08\/kone\u010dn\u00fd-profimedia-0445793124-300x200.webp 300w, https:\/\/d2p6e6u75xmxt8.cloudfront.net\/13\/2020\/08\/kone\u010dn\u00fd-profimedia-0445793124-1024x683.webp 1024w, https:\/\/d2p6e6u75xmxt8.cloudfront.net\/13\/2020\/08\/kone\u010dn\u00fd-profimedia-0445793124-768x512.webp 768w, https:\/\/d2p6e6u75xmxt8.cloudfront.net\/13\/2020\/08\/kone\u010dn\u00fd-profimedia-0445793124-1536x1024.webp 1536w, https:\/\/d2p6e6u75xmxt8.cloudfront.net\/13\/2020\/08\/kone\u010dn\u00fd-profimedia-0445793124-272x182.webp 272w\" width=\"1024\" height=\"683\" sizes=\"auto, (min-width: 1200px) 300px, (min-width: 768px) 25vw, 100vw\" alt=\"podcast-we-love-cycling-tomas-konecny-o-kouzle-grand-tour-ullrichovi-s-armstrongem-i-plneni-detskych-snu\"\/><\/a><\/div>    <div class=\"entry-meta\">\n        <a class=\"label label-secondary post-category\" href=\"https:\/\/www.welovecycling.com\/cs\/category\/podcasty\/\" title=\"Podcasty\">Podcasty<\/a>\n    <\/div>\n    <div class=\"entry-details\">\n        <a href=\"https:\/\/www.welovecycling.com\/cs\/2021\/06\/10\/podcast-we-love-cycling-tomas-konecny-o-kouzle-grand-tour-ullrichovi-s-armstrongem-i-plneni-detskych-snu\/\" class='entry-title-wrapper'>\n            <h3 class=\"entry-title\"><span>WLC Podcast Tom\u00e1\u0161 Kone\u010dn\u00fd: O Ullrichovi s\u00a0Armstrongem i pln\u011bn\u00ed d\u011btsk\u00fdch sn\u016f<\/span><\/h3>\n        <\/a>\n    <\/div>\n    <\/article>\n<\/div>\n<p>Letos ov\u0161em pojede podle sv\u00fdch slov celou sezonu se v\u0161em z\u00e1vody, kter\u00e9 m\u011bl v\u00a0pl\u00e1nu, v\u010detn\u011b nejv\u011bt\u0161\u00edch kostkov\u00fdch klasik a Tour de France.<\/p>\n<p>Kdy\u017e rozhodnut\u00ed o konci novin\u00e1\u0159\u016fm z cel\u00e9ho sv\u011bta oznamoval, m\u011bl vedle sebe Peter Sagan dlouholet\u00e9 par\u0165\u00e1ky Daniela Osse a Macieje Bodnara, kte\u0159\u00ed ho prov\u00e1zej\u00ed skoro celou kari\u00e9ru. Te\u010f jsou jeho kolegy ve francouzsk\u00e9 st\u00e1ji.<\/p>\n<h2><strong>Sedmkr\u00e1t vyhr\u00e1l zelen\u00fd dres na Tour de France<\/strong><\/h2>\n<p>Nevylou\u010dil, \u017ee by i p\u0159\u00ed\u0161t\u00ed rok z\u016fstal \u010dlenem Total Energies jako MTB z\u00e1vodn\u00edk a zkusil i n\u011bjak\u00e9 z\u00e1vody na silnici mimo World Tour.<\/p>\n<p>\u201eAle u\u017e nic na nejvy\u0161\u0161\u00ed \u00farovni. Mysl\u00edm, \u017ee si v\u0161ichni moji fanou\u0161ci zaslou\u017e\u00ed v\u011bd\u011bt, \u017ee tohle bude m\u016fj posledn\u00ed rok na t\u00e9 dlouh\u00e9 cest\u011b,\u201c p\u0159iznal Peter Sagan, kter\u00fd je profesion\u00e1lem na silnici od roku 2011 a krom\u011b zm\u00edn\u011bn\u00fdch \u00fasp\u011bch\u016f na Tour vyhr\u00e1l mj. klasik\u00e1\u0159sk\u00e9 Monumenty Kolem Flander, Pa\u0159\u00ed\u017e-Roubaix, t\u0159ikr\u00e1t za sebou mistrovstv\u00ed sv\u011bta nebo t\u0159eba 18 etap v z\u00e1vod\u011b Kolem \u0160v\u00fdcarska.<\/p>\n<figure id=\"attachment_18588\" aria-describedby=\"caption-attachment-18588\" style=\"width: 1920px\" class=\"wp-caption alignnone\"><a href=\"https:\/\/d2p6e6u75xmxt8.cloudfront.net\/13\/2022\/08\/sagan2.webp\"><img loading=\"lazy\" decoding=\"async\" class=\"size-extra-large wp-image-18588\" src=\"https:\/\/d2p6e6u75xmxt8.cloudfront.net\/13\/2022\/08\/sagan2-1920x1281.webp\" alt=\"Peter Sagan v zelen\u00e9m dresu bodovac\u00ed sout\u011b\u017ee \u0160koda Auto na Tour de France. Foto: profimedia\" width=\"1920\" height=\"1281\" srcset=\"https:\/\/d2p6e6u75xmxt8.cloudfront.net\/13\/2022\/08\/sagan2-1920x1281.webp 1920w, https:\/\/d2p6e6u75xmxt8.cloudfront.net\/13\/2022\/08\/sagan2-300x200.webp 300w, https:\/\/d2p6e6u75xmxt8.cloudfront.net\/13\/2022\/08\/sagan2-1024x683.webp 1024w, https:\/\/d2p6e6u75xmxt8.cloudfront.net\/13\/2022\/08\/sagan2-768x512.webp 768w, https:\/\/d2p6e6u75xmxt8.cloudfront.net\/13\/2022\/08\/sagan2-1536x1025.webp 1536w, https:\/\/d2p6e6u75xmxt8.cloudfront.net\/13\/2022\/08\/sagan2-272x182.webp 272w, https:\/\/d2p6e6u75xmxt8.cloudfront.net\/13\/2022\/08\/sagan2.webp 2000w, https:\/\/d2p6e6u75xmxt8.cloudfront.net\/13\/2022\/08\/sagan2-1920x1281.webp 1920w\" sizes=\"auto, (max-width: 1920px) 100vw, 1920px\" \/><\/a><figcaption id=\"caption-attachment-18588\" class=\"wp-caption-text\"><em>Peter Sagan se chce zam\u011b\u0159it na horsk\u00e1 kola. Foto: Michal \u010cerven\u00fd<\/em><\/figcaption><\/figure>\n<p>V olympijsk\u00e9m cross country horsk\u00fdch kol startoval Peter Sagan u\u017e na olympi\u00e1d\u011b v Riu 2016, ale zbrzdily ho technick\u00e9 probl\u00e9my a z\u00e1vod nakonec nedokon\u010dil, kdy\u017e ho nejlep\u0161\u00ed p\u0159edjeli o kolo.<\/p>\n<div class=\"shortcode-ys-post-pinup\"><article class=\"loop-simple post-20252 post type-post status-publish format-standard has-post-thumbnail hentry category-silnicni-cyklistika tag-cyklistika tag-doping tag-epo tag-kortizon tag-krevni-transfuze tag-lance-armstrong tag-oprah-winfrey tag-silnicni-cyklistika tag-testosteron tag-tour-de-france tag-usada global-categories-cycling\" data-postid=\"20252\" role=\"article\" data-post-id=\"20252\" data-word-count=\"758\" data-headline-length=\"72\" data-category=\"Silni\u010dn\u00ed cyklistika\" data-global-category=\"Cycling\" data-author=\"Radek Malina\" data-published=\"2023-01-17T06:00:00+02:00\" data-published-day=\"Tuesday\">\n    <div class=\"entry-thumbnail article-thumbnail\" content=\"https:\/\/d2p6e6u75xmxt8.cloudfront.net\/13\/2023\/01\/armstrong-doping-vyrez-profimedia-150x150.webp\"><a href=\"https:\/\/www.welovecycling.com\/cs\/2023\/01\/17\/lance-armstrong-a-deset-let-od-padu-imperia-chtel-jsem-vse-ovladat\/\" class=\"image-holder\" target=\"_self\"><img decoding=\"async\" loading=\"lazy\" class=\"\" src=\"https:\/\/d2p6e6u75xmxt8.cloudfront.net\/13\/2023\/01\/armstrong-doping-vyrez-profimedia-1024x673.webp\" srcset=\"https:\/\/d2p6e6u75xmxt8.cloudfront.net\/13\/2023\/01\/armstrong-doping-vyrez-profimedia.webp 1287w, https:\/\/d2p6e6u75xmxt8.cloudfront.net\/13\/2023\/01\/armstrong-doping-vyrez-profimedia-300x197.webp 300w, https:\/\/d2p6e6u75xmxt8.cloudfront.net\/13\/2023\/01\/armstrong-doping-vyrez-profimedia-1024x673.webp 1024w, https:\/\/d2p6e6u75xmxt8.cloudfront.net\/13\/2023\/01\/armstrong-doping-vyrez-profimedia-768x505.webp 768w\" width=\"1024\" height=\"673\" sizes=\"auto, (min-width: 1200px) 304px, (min-width: 768px) 25vw, 100vw\" alt=\"lance-armstrong-a-deset-let-od-padu-imperia-chtel-jsem-vse-ovladat\"\/><\/a><\/div>    <div class=\"entry-meta\">\n        <a class=\"label label-secondary post-category\" href=\"https:\/\/www.welovecycling.com\/cs\/category\/silnicni-cyklistika\/\" title=\"Silni\u010dn\u00ed cyklistika\">Silni\u010dn\u00ed cyklistika<\/a>\n    <\/div>\n    <div class=\"entry-details\">\n        <a href=\"https:\/\/www.welovecycling.com\/cs\/2023\/01\/17\/lance-armstrong-a-deset-let-od-padu-imperia-chtel-jsem-vse-ovladat\/\" class='entry-title-wrapper'>\n            <h3 class=\"entry-title\"><span>Lance Armstrong a deset let od p\u00e1du imp\u00e9ria: Cht\u011bl jsem v\u0161e ovl\u00e1dat<\/span><\/h3>\n        <\/a>\n    <\/div>\n    <\/article>\n<\/div>\n<p>\u201eZ\u00e1vodit v\u00a0Pa\u0159\u00ed\u017ei pro m\u011b nebude o v\u00fdsledku, ale o radosti. Nebudu pod \u017e\u00e1dn\u00fdm tlakem, \u017ee mus\u00edm z\u00edskat medaili. Ale ud\u011bl\u00e1m n\u011bco pro sebe. N\u011bco, co jsem v\u017edycky cht\u011bl: zakon\u010dit kari\u00e9ru na horsk\u00e9m kole,\u201c uvedl slovensk\u00fd cyklista.<\/p>\n<p>Fanou\u0161k\u016fm v\u0161ak sl\u00edbil, \u017ee v posledn\u00ed sezon\u011b na silnici mohou o\u010dek\u00e1vat Sagana, kter\u00fd se poka\u017ed\u00e9 bude rv\u00e1t s maxim\u00e1ln\u00edm \u00fasil\u00edm o v\u00edt\u011bzstv\u00ed. \u201eChci dokon\u010dit v\u0161echny leto\u0161n\u00ed z\u00e1vody na vysok\u00e9 \u00farovni. Rozhodn\u011b si nebudu ten rok jen u\u017e\u00edvat a lou\u010dit se s fanou\u0161ky,\u201c ujistil Peter Sagan.<\/p>\n","protected":false},"excerpt":{"rendered":"<p>Vynikaj\u00edc\u00ed sprinter, klasik\u00e1\u0159, ale i \u0161oumen a jedna z nejv\u011bt\u0161\u00edch osobnost\u00ed v silni\u010dn\u00edm profipelotonu. Slovensk\u00fd cyklista Peter Sagan kon\u010d\u00ed! Trojn\u00e1sobn\u00fd [&hellip;]<\/p>\n","protected":false},"author":138,"featured_media":20515,"comment_status":"open","ping_status":"open","sticky":false,"template":"","format":"standard","meta":{"footnotes":""},"categories":[10],"tags":[126,56,151,1955,1154,168,18,9,1793,23,1365,1710],"global-categories":[411],"class_list":["post-20513","post","type-post","status-publish","format-standard","has-post-thumbnail","hentry","category-silnicni-cyklistika","tag-cyklistika","tag-horska-cyklistika","tag-kolem-flander","tag-mistr-sveta","tag-mistrovstvi-sveta","tag-pariz-roubaix","tag-peter-sagan","tag-silnicni-cyklistika","tag-total-energies","tag-tour-de-france","tag-vuelta-san-juan","tag-zeleny-dres","global-categories-cycling"],"yoast_head":"<!-- This site is optimized with the Yoast SEO Premium plugin v25.3 (Yoast SEO v25.9) - https:\/\/yoast.com\/wordpress\/plugins\/seo\/ -->\n<title>Peter Sagan kon\u010d\u00ed na silnici! Po sezon\u011b se zam\u011b\u0159\u00ed na biky a olympi\u00e1du v Pa\u0159\u00ed\u017ei | \u0160koda We Love Cycling - \u010cesk\u00e1 republika<\/title>\n<meta name=\"description\" content=\"Slovensk\u00fd cyklista Peter Sagan kon\u010d\u00ed! Trojn\u00e1sobn\u00fd mistr sv\u011bta a sedmin\u00e1sobn\u00fd v\u00edt\u011bz zelen\u00e9ho dresu Tour de France po sezon\u011b opust\u00ed World Tour.\" \/>\n<meta name=\"robots\" content=\"index, follow, max-snippet:-1, max-image-preview:large, max-video-preview:-1\" \/>\n<link rel=\"canonical\" href=\"https:\/\/www.welovecycling.com\/cs\/2023\/01\/27\/peter-sagan-konci-na-silnici-po-sezone-se-zameri-na-biky-a-olympiadu-v-parizi\/\" \/>\n<meta property=\"og:locale\" content=\"cs_CZ\" \/>\n<meta property=\"og:type\" content=\"article\" \/>\n<meta property=\"og:title\" content=\"Peter Sagan kon\u010d\u00ed na silnici! Po sezon\u011b se zam\u011b\u0159\u00ed na biky a olympi\u00e1du v Pa\u0159\u00ed\u017ei\" \/>\n<meta property=\"og:description\" content=\"Slovensk\u00fd cyklista Peter Sagan kon\u010d\u00ed! Trojn\u00e1sobn\u00fd mistr sv\u011bta a sedmin\u00e1sobn\u00fd v\u00edt\u011bz zelen\u00e9ho dresu Tour de France po sezon\u011b opust\u00ed World Tour.\" \/>\n<meta property=\"og:url\" content=\"https:\/\/www.welovecycling.com\/cs\/2023\/01\/27\/peter-sagan-konci-na-silnici-po-sezone-se-zameri-na-biky-a-olympiadu-v-parizi\/\" \/>\n<meta property=\"og:site_name\" content=\"\u0160koda We Love Cycling - \u010cesk\u00e1 republika\" \/>\n<meta property=\"article:published_time\" content=\"2023-01-27T07:09:10+00:00\" \/>\n<meta property=\"article:modified_time\" content=\"2023-01-27T07:21:02+00:00\" \/>\n<meta property=\"og:image\" content=\"https:\/\/d2p6e6u75xmxt8.cloudfront.net\/13\/2023\/01\/Sagan-profimedia-0461174188.webp\" \/>\n\t<meta property=\"og:image:width\" content=\"1800\" \/>\n\t<meta property=\"og:image:height\" content=\"1200\" \/>\n\t<meta property=\"og:image:type\" content=\"image\/webp\" \/>\n<meta name=\"author\" content=\"radekmalina\" \/>\n<meta name=\"twitter:card\" content=\"summary_large_image\" \/>\n<meta name=\"twitter:label1\" content=\"Written by\" \/>\n\t<meta name=\"twitter:data1\" content=\"Radek Malina\" \/>\n\t<meta name=\"twitter:label2\" content=\"Est. reading time\" \/>\n\t<meta name=\"twitter:data2\" content=\"6\" \/>\n<script type=\"application\/ld+json\" class=\"yoast-schema-graph\">{\"@context\":\"https:\/\/schema.org\",\"@graph\":[{\"@type\":\"WebPage\",\"@id\":\"https:\/\/www.welovecycling.com\/cs\/2023\/01\/27\/peter-sagan-konci-na-silnici-po-sezone-se-zameri-na-biky-a-olympiadu-v-parizi\/\",\"url\":\"https:\/\/www.welovecycling.com\/cs\/2023\/01\/27\/peter-sagan-konci-na-silnici-po-sezone-se-zameri-na-biky-a-olympiadu-v-parizi\/\",\"name\":\"Peter Sagan kon\u010d\u00ed na silnici! Po sezon\u011b se zam\u011b\u0159\u00ed na biky a olympi\u00e1du v Pa\u0159\u00ed\u017ei | \u0160koda We Love Cycling - \u010cesk\u00e1 republika\",\"isPartOf\":{\"@id\":\"https:\/\/www.welovecycling.com\/cs\/#website\"},\"primaryImageOfPage\":{\"@id\":\"https:\/\/www.welovecycling.com\/cs\/2023\/01\/27\/peter-sagan-konci-na-silnici-po-sezone-se-zameri-na-biky-a-olympiadu-v-parizi\/#primaryimage\"},\"image\":{\"@id\":\"https:\/\/www.welovecycling.com\/cs\/2023\/01\/27\/peter-sagan-konci-na-silnici-po-sezone-se-zameri-na-biky-a-olympiadu-v-parizi\/#primaryimage\"},\"thumbnailUrl\":\"https:\/\/d2p6e6u75xmxt8.cloudfront.net\/13\/2023\/01\/Sagan-profimedia-0461174188.webp\",\"datePublished\":\"2023-01-27T07:09:10+00:00\",\"dateModified\":\"2023-01-27T07:21:02+00:00\",\"author\":{\"@id\":\"https:\/\/www.welovecycling.com\/cs\/#\/schema\/person\/d9eeb0a378f3a7e4a6d12d2b536b04b8\"},\"description\":\"Slovensk\u00fd cyklista Peter Sagan kon\u010d\u00ed! Trojn\u00e1sobn\u00fd mistr sv\u011bta a sedmin\u00e1sobn\u00fd v\u00edt\u011bz zelen\u00e9ho dresu Tour de France po sezon\u011b opust\u00ed World Tour.\",\"inLanguage\":\"cs\",\"potentialAction\":[{\"@type\":\"ReadAction\",\"target\":[\"https:\/\/www.welovecycling.com\/cs\/2023\/01\/27\/peter-sagan-konci-na-silnici-po-sezone-se-zameri-na-biky-a-olympiadu-v-parizi\/\"]}]},{\"@type\":\"ImageObject\",\"inLanguage\":\"cs\",\"@id\":\"https:\/\/www.welovecycling.com\/cs\/2023\/01\/27\/peter-sagan-konci-na-silnici-po-sezone-se-zameri-na-biky-a-olympiadu-v-parizi\/#primaryimage\",\"url\":\"https:\/\/d2p6e6u75xmxt8.cloudfront.net\/13\/2023\/01\/Sagan-profimedia-0461174188.webp\",\"contentUrl\":\"https:\/\/d2p6e6u75xmxt8.cloudfront.net\/13\/2023\/01\/Sagan-profimedia-0461174188.webp\",\"width\":1800,\"height\":1200,\"caption\":\"Peter Sagan\"},{\"@type\":\"WebSite\",\"@id\":\"https:\/\/www.welovecycling.com\/cs\/#website\",\"url\":\"https:\/\/www.welovecycling.com\/cs\/\",\"name\":\"\u0160koda We Love Cycling - \u010cesk\u00e1 republika\",\"description\":\"WeLoveCycling.cz je online magaz\u00edn, kter\u00fd v\u00e1m pravideln\u011b p\u0159in\u00e1\u0161\u00ed rady a tipy, zaj\u00edmav\u00e9 \u010dl\u00e1nky, videa a jedine\u010dn\u00e9 report\u00e1\u017ee ze sv\u011bta cyklistiky.\",\"potentialAction\":[{\"@type\":\"SearchAction\",\"target\":{\"@type\":\"EntryPoint\",\"urlTemplate\":\"https:\/\/www.welovecycling.com\/cs\/?s={search_term_string}\"},\"query-input\":{\"@type\":\"PropertyValueSpecification\",\"valueRequired\":true,\"valueName\":\"search_term_string\"}}],\"inLanguage\":\"cs\"},{\"@type\":\"Person\",\"@id\":\"https:\/\/www.welovecycling.com\/cs\/#\/schema\/person\/d9eeb0a378f3a7e4a6d12d2b536b04b8\",\"name\":\"radekmalina\",\"image\":{\"@type\":\"ImageObject\",\"inLanguage\":\"cs\",\"@id\":\"https:\/\/www.welovecycling.com\/cs\/#\/schema\/person\/image\/\",\"url\":\"https:\/\/secure.gravatar.com\/avatar\/66994b632cb8c39a46b9f54afa3ae07201b678d32a54275b6f1c9ffec356bfc0?s=96&d=mm&r=g\",\"contentUrl\":\"https:\/\/secure.gravatar.com\/avatar\/66994b632cb8c39a46b9f54afa3ae07201b678d32a54275b6f1c9ffec356bfc0?s=96&d=mm&r=g\",\"caption\":\"radekmalina\"},\"url\":\"https:\/\/www.welovecycling.com\/cs\/author\/radekmalina\/\"}]}<\/script>\n<!-- \/ Yoast SEO Premium plugin. -->","yoast_head_json":{"title":"Peter Sagan kon\u010d\u00ed na silnici! Po sezon\u011b se zam\u011b\u0159\u00ed na biky a olympi\u00e1du v Pa\u0159\u00ed\u017ei | \u0160koda We Love Cycling - \u010cesk\u00e1 republika","description":"Slovensk\u00fd cyklista Peter Sagan kon\u010d\u00ed! Trojn\u00e1sobn\u00fd mistr sv\u011bta a sedmin\u00e1sobn\u00fd v\u00edt\u011bz zelen\u00e9ho dresu Tour de France po sezon\u011b opust\u00ed World Tour.","robots":{"index":"index","follow":"follow","max-snippet":"max-snippet:-1","max-image-preview":"max-image-preview:large","max-video-preview":"max-video-preview:-1"},"canonical":"https:\/\/www.welovecycling.com\/cs\/2023\/01\/27\/peter-sagan-konci-na-silnici-po-sezone-se-zameri-na-biky-a-olympiadu-v-parizi\/","og_locale":"cs_CZ","og_type":"article","og_title":"Peter Sagan kon\u010d\u00ed na silnici! Po sezon\u011b se zam\u011b\u0159\u00ed na biky a olympi\u00e1du v Pa\u0159\u00ed\u017ei","og_description":"Slovensk\u00fd cyklista Peter Sagan kon\u010d\u00ed! Trojn\u00e1sobn\u00fd mistr sv\u011bta a sedmin\u00e1sobn\u00fd v\u00edt\u011bz zelen\u00e9ho dresu Tour de France po sezon\u011b opust\u00ed World Tour.","og_url":"https:\/\/www.welovecycling.com\/cs\/2023\/01\/27\/peter-sagan-konci-na-silnici-po-sezone-se-zameri-na-biky-a-olympiadu-v-parizi\/","og_site_name":"\u0160koda We Love Cycling - \u010cesk\u00e1 republika","article_published_time":"2023-01-27T07:09:10+00:00","article_modified_time":"2023-01-27T07:21:02+00:00","og_image":[{"width":1800,"height":1200,"url":"https:\/\/d2p6e6u75xmxt8.cloudfront.net\/13\/2023\/01\/Sagan-profimedia-0461174188.webp","type":"image\/webp"}],"author":"radekmalina","twitter_card":"summary_large_image","twitter_misc":{"Written by":"Radek Malina","Est. reading time":"6"},"schema":{"@context":"https:\/\/schema.org","@graph":[{"@type":"WebPage","@id":"https:\/\/www.welovecycling.com\/cs\/2023\/01\/27\/peter-sagan-konci-na-silnici-po-sezone-se-zameri-na-biky-a-olympiadu-v-parizi\/","url":"https:\/\/www.welovecycling.com\/cs\/2023\/01\/27\/peter-sagan-konci-na-silnici-po-sezone-se-zameri-na-biky-a-olympiadu-v-parizi\/","name":"Peter Sagan kon\u010d\u00ed na silnici! Po sezon\u011b se zam\u011b\u0159\u00ed na biky a olympi\u00e1du v Pa\u0159\u00ed\u017ei | \u0160koda We Love Cycling - \u010cesk\u00e1 republika","isPartOf":{"@id":"https:\/\/www.welovecycling.com\/cs\/#website"},"primaryImageOfPage":{"@id":"https:\/\/www.welovecycling.com\/cs\/2023\/01\/27\/peter-sagan-konci-na-silnici-po-sezone-se-zameri-na-biky-a-olympiadu-v-parizi\/#primaryimage"},"image":{"@id":"https:\/\/www.welovecycling.com\/cs\/2023\/01\/27\/peter-sagan-konci-na-silnici-po-sezone-se-zameri-na-biky-a-olympiadu-v-parizi\/#primaryimage"},"thumbnailUrl":"https:\/\/d2p6e6u75xmxt8.cloudfront.net\/13\/2023\/01\/Sagan-profimedia-0461174188.webp","datePublished":"2023-01-27T07:09:10+00:00","dateModified":"2023-01-27T07:21:02+00:00","author":{"@id":"https:\/\/www.welovecycling.com\/cs\/#\/schema\/person\/d9eeb0a378f3a7e4a6d12d2b536b04b8"},"description":"Slovensk\u00fd cyklista Peter Sagan kon\u010d\u00ed! Trojn\u00e1sobn\u00fd mistr sv\u011bta a sedmin\u00e1sobn\u00fd v\u00edt\u011bz zelen\u00e9ho dresu Tour de France po sezon\u011b opust\u00ed World Tour.","inLanguage":"cs","potentialAction":[{"@type":"ReadAction","target":["https:\/\/www.welovecycling.com\/cs\/2023\/01\/27\/peter-sagan-konci-na-silnici-po-sezone-se-zameri-na-biky-a-olympiadu-v-parizi\/"]}]},{"@type":"ImageObject","inLanguage":"cs","@id":"https:\/\/www.welovecycling.com\/cs\/2023\/01\/27\/peter-sagan-konci-na-silnici-po-sezone-se-zameri-na-biky-a-olympiadu-v-parizi\/#primaryimage","url":"https:\/\/d2p6e6u75xmxt8.cloudfront.net\/13\/2023\/01\/Sagan-profimedia-0461174188.webp","contentUrl":"https:\/\/d2p6e6u75xmxt8.cloudfront.net\/13\/2023\/01\/Sagan-profimedia-0461174188.webp","width":1800,"height":1200,"caption":"Peter Sagan"},{"@type":"WebSite","@id":"https:\/\/www.welovecycling.com\/cs\/#website","url":"https:\/\/www.welovecycling.com\/cs\/","name":"\u0160koda We Love Cycling - \u010cesk\u00e1 republika","description":"WeLoveCycling.cz je online magaz\u00edn, kter\u00fd v\u00e1m pravideln\u011b p\u0159in\u00e1\u0161\u00ed rady a tipy, zaj\u00edmav\u00e9 \u010dl\u00e1nky, videa a jedine\u010dn\u00e9 report\u00e1\u017ee ze sv\u011bta cyklistiky.","potentialAction":[{"@type":"SearchAction","target":{"@type":"EntryPoint","urlTemplate":"https:\/\/www.welovecycling.com\/cs\/?s={search_term_string}"},"query-input":{"@type":"PropertyValueSpecification","valueRequired":true,"valueName":"search_term_string"}}],"inLanguage":"cs"},{"@type":"Person","@id":"https:\/\/www.welovecycling.com\/cs\/#\/schema\/person\/d9eeb0a378f3a7e4a6d12d2b536b04b8","name":"radekmalina","image":{"@type":"ImageObject","inLanguage":"cs","@id":"https:\/\/www.welovecycling.com\/cs\/#\/schema\/person\/image\/","url":"https:\/\/secure.gravatar.com\/avatar\/66994b632cb8c39a46b9f54afa3ae07201b678d32a54275b6f1c9ffec356bfc0?s=96&d=mm&r=g","contentUrl":"https:\/\/secure.gravatar.com\/avatar\/66994b632cb8c39a46b9f54afa3ae07201b678d32a54275b6f1c9ffec356bfc0?s=96&d=mm&r=g","caption":"radekmalina"},"url":"https:\/\/www.welovecycling.com\/cs\/author\/radekmalina\/"}]}},"_links":{"self":[{"href":"https:\/\/www.welovecycling.com\/cs\/wp-json\/wp\/v2\/posts\/20513","targetHints":{"allow":["GET"]}}],"collection":[{"href":"https:\/\/www.welovecycling.com\/cs\/wp-json\/wp\/v2\/posts"}],"about":[{"href":"https:\/\/www.welovecycling.com\/cs\/wp-json\/wp\/v2\/types\/post"}],"author":[{"embeddable":true,"href":"https:\/\/www.welovecycling.com\/cs\/wp-json\/wp\/v2\/users\/138"}],"replies":[{"embeddable":true,"href":"https:\/\/www.welovecycling.com\/cs\/wp-json\/wp\/v2\/comments?post=20513"}],"version-history":[{"count":2,"href":"https:\/\/www.welovecycling.com\/cs\/wp-json\/wp\/v2\/posts\/20513\/revisions"}],"predecessor-version":[{"id":20518,"href":"https:\/\/www.welovecycling.com\/cs\/wp-json\/wp\/v2\/posts\/20513\/revisions\/20518"}],"wp:featuredmedia":[{"embeddable":true,"href":"https:\/\/www.welovecycling.com\/cs\/wp-json\/wp\/v2\/media\/20515"}],"wp:attachment":[{"href":"https:\/\/www.welovecycling.com\/cs\/wp-json\/wp\/v2\/media?parent=20513"}],"wp:term":[{"taxonomy":"category","embeddable":true,"href":"https:\/\/www.welovecycling.com\/cs\/wp-json\/wp\/v2\/categories?post=20513"},{"taxonomy":"post_tag","embeddable":true,"href":"https:\/\/www.welovecycling.com\/cs\/wp-json\/wp\/v2\/tags?post=20513"},{"taxonomy":"global-categories","embeddable":true,"href":"https:\/\/www.welovecycling.com\/cs\/wp-json\/wp\/v2\/global-categories?post=20513"}],"curies":[{"name":"wp","href":"https:\/\/api.w.org\/{rel}","templated":true}]}}