{"id":20494,"date":"2023-01-29T06:00:35","date_gmt":"2023-01-29T04:00:35","guid":{"rendered":"https:\/\/www.welovecycling.com\/cs\/?p=20494"},"modified":"2023-01-27T10:53:28","modified_gmt":"2023-01-27T08:53:28","slug":"kam-na-zimni-cyklisticke-soustredeni","status":"publish","type":"post","link":"https:\/\/www.welovecycling.com\/cs\/2023\/01\/29\/kam-na-zimni-cyklisticke-soustredeni\/","title":{"rendered":"Kam na zimn\u00ed cyklistick\u00e9 soust\u0159ed\u011bn\u00ed?"},"content":{"rendered":"<p><strong>Cyklistika v\u00a0teple b\u011bhem zimn\u00edch m\u011bs\u00edc\u016f je v\u00edtan\u00fdm zpest\u0159en\u00edm tr\u00e9ninkov\u00e9ho procesu. Pokud chcete vyrazit na dovolenou v\u00a0sedle kola a dop\u0159\u00e1t si krat\u0161\u00ed \u010di del\u0161\u00ed zimn\u00ed cyklistick\u00e9 soust\u0159ed\u011bn\u00ed jde o skv\u011blou vzpruhu pro sebev\u011bdom\u00ed v\u00a0jinak monot\u00f3nn\u00edm charakteru p\u0159\u00edpravy v\u00a0dom\u00e1c\u00edch podm\u00ednk\u00e1ch.<\/strong><\/p>\n<p>\u0158e\u0161\u00edte dilema, kam za investovan\u00e9 pen\u00edze vyrazit. Osv\u011bd\u010den\u00fdch destinac\u00ed je n\u011bkolik. Z\u00e1le\u017e\u00ed tak sp\u00ed\u0161e na chuti cestovat a podob\u011b cyklistiky, kterou chcete b\u011bhem dovolen\u00e9 provozovat.<\/p>\n<h2><strong>Mallorka<\/strong><\/h2>\n<p>Cyklistick\u00fd r\u00e1j. Bez nads\u00e1zky a p\u0159eh\u00e1n\u011bn\u00ed. Ostrov Mallorka by m\u011bl b\u00fdt alespo\u0148 na jeden t\u00fdden v\u00a0roce domovem ka\u017ed\u00e9ho, kdo to s\u00a0cyklistikou mysl\u00ed alespo\u0148 tro\u0161ku v\u00e1\u017en\u011b.<\/p>\n<p>Mallorka je Mekka cyklist\u016f v\u0161ech v\u00fdkonnostn\u00edch kategori\u00ed. Silnice s\u00a0v\u011bt\u0161inou hedv\u00e1bn\u00fdm povrchem br\u00e1zd\u00ed bok po boku hobby cyklist\u00e9, pro n\u011b\u017e j\u00edzda v\u00a0sedle p\u0159edstavuje \u010dist\u00e9 pot\u011b\u0161en\u00ed du\u0161e, stejn\u011b jako profesion\u00e1lov\u00e9 z\u00a0World Tour formac\u00ed jako Sky, Astana \u010di Quick Step.<\/p>\n<figure id=\"attachment_11299\" aria-describedby=\"caption-attachment-11299\" style=\"width: 1800px\" class=\"wp-caption alignnone\"><a href=\"https:\/\/d2p6e6u75xmxt8.cloudfront.net\/13\/2021\/01\/F-profimedia-0491051905-mallorka.webp\"><img loading=\"lazy\" decoding=\"async\" class=\"size-full wp-image-11299\" src=\"https:\/\/d2p6e6u75xmxt8.cloudfront.net\/13\/2021\/01\/F-profimedia-0491051905-mallorka.webp\" alt=\"Mallorka \u010di jak\u00fdkoliv v\u00fdlet do tepla p\u0159edstavuje par\u00e1dn\u00ed v\u00e1no\u010dn\u00ed d\u00e1rek pro \u017eeny.\" width=\"1800\" height=\"1201\" srcset=\"https:\/\/d2p6e6u75xmxt8.cloudfront.net\/13\/2021\/01\/F-profimedia-0491051905-mallorka.webp 1800w, https:\/\/d2p6e6u75xmxt8.cloudfront.net\/13\/2021\/01\/F-profimedia-0491051905-mallorka-300x200.webp 300w, https:\/\/d2p6e6u75xmxt8.cloudfront.net\/13\/2021\/01\/F-profimedia-0491051905-mallorka-1024x683.webp 1024w, https:\/\/d2p6e6u75xmxt8.cloudfront.net\/13\/2021\/01\/F-profimedia-0491051905-mallorka-768x512.webp 768w, https:\/\/d2p6e6u75xmxt8.cloudfront.net\/13\/2021\/01\/F-profimedia-0491051905-mallorka-1536x1025.webp 1536w, https:\/\/d2p6e6u75xmxt8.cloudfront.net\/13\/2021\/01\/F-profimedia-0491051905-mallorka-272x182.webp 272w\" sizes=\"auto, (max-width: 1800px) 100vw, 1800px\" \/><\/a><figcaption id=\"caption-attachment-11299\" class=\"wp-caption-text\"><em>Mallorka je skv\u011blou alternativou pro zimn\u00ed cyklistick\u00e9 soust\u0159ed\u011bn\u00ed.<\/em><\/figcaption><\/figure>\n<p>Za dv\u011b hodiny v\u00a0letadle jste na nejv\u011bt\u0161\u00edm z\u00a0Bale\u00e1rsk\u00fdch ostrov\u016f. Je zde rovinat\u00fd ter\u00e9n, zvln\u011bn\u00e9 silnice i stoup\u00e1n\u00ed v\u0161ech charakter\u016f, kde si m\u016f\u017eete zni\u010dit nohy podle libosti. Prost\u011b pro ka\u017ed\u00e9ho n\u011bco. Silnice maj\u00ed kr\u00e1sn\u00fd asfalt, ostrov je protk\u00e1n spoustou malebn\u00fdch vesni\u010dek a hust\u00e1 s\u00ed\u0165 silnic umo\u017e\u0148uje prakticky ka\u017ed\u00fd \u0161vih v\u00a0p\u0159\u00edpad\u011b \u00fanavy korigovat z\u00a0hlediska kilometr\u016f. Pokud se n\u011bkdo c\u00edt\u00ed dob\u0159e, nen\u00ed probl\u00e9m p\u0159idat kopce. Nebo naopak v\u00a0d\u016fsledku vy\u010derp\u00e1n\u00ed ubrat.<\/p>\n<p>P\u0159i v\u010dasn\u00e9 rezervaci letenky a podle v\u00fdb\u011bru ubytov\u00e1n\u00ed se m\u016f\u017eete s cenou vm\u011bstnat do p\u011btadvaceti tis\u00edc korun, hodn\u011b z\u00e1le\u017e\u00ed na p\u0159\u00edpadn\u00e9 p\u0159eprav\u011b kola nebo jeho p\u016fj\u010den\u00ed v c\u00edlov\u00e9 destinaci. Letenku lze po\u0159\u00eddit za osm tis\u00edc korun, p\u0159eprava kola vyjde na 2500 korun, kvalitn\u00ed ubytov\u00e1n\u00ed s polopenz\u00ed po\u0159\u00edd\u00edte za 1500 korun na den.<\/p>\n<h2><strong>Kan\u00e1rsk\u00e9 ostrovy<\/strong><\/h2>\n<p>Je \u00fapln\u011b jedno, jestli vyraz\u00edte na ostrov Tenerife, Fuerteventura \u010di Gran Canaria. Ve v\u0161ech p\u0159\u00edpadech jde o lokality jak pro rekrea\u010dn\u00ed cyklisty, tak pro hodn\u011b sout\u011b\u017eiv\u00e9 borce. V\u0161ak zde tak\u00e9 tr\u00e9nuj\u00ed ti nejlep\u0161\u00ed.<\/p>\n<p>Ter\u00e9n je na ka\u017ed\u00e9m z\u00a0ostrov\u016f hodn\u011b prom\u011bnliv\u00fd. Po\u010d\u00edtejte v\u0161ak sp\u00ed\u0161e s\u00a0tr\u00e9ninkem vrcha\u0159sk\u00fdch dovednost\u00ed. Fascinuj\u00edc\u00ed je zejm\u00e9na \u010dast\u00e1 prom\u011bna prost\u0159ed\u00ed. Jet m\u016f\u017eete mezi pl\u00e1n\u011bmi poset\u00fdmi l\u00e1vov\u00fdmi kameny, udr\u017eovan\u00fdmi sady, sope\u010dn\u00fdmi sedly, vinicemi nebo naprosto vyprahlou krajinou.<\/p>\n<p>Provoz je minim\u00e1ln\u00ed, motorist\u00e9 jsou zvykl\u00ed na p\u0159\u00edtomnost cyklist\u016f a ohledupln\u00ed. Velkou v\u00fdhodou jsou minim\u00e1ln\u00ed sr\u00e1\u017eky a v\u00fdhled na mo\u0159e prakticky z\u00a0ka\u017ed\u00e9ho m\u00edsta ostrova.<\/p>\n<p>P\u0159i pl\u00e1nov\u00e1n\u00ed je pot\u0159eba po\u010d\u00edtat s\u00a0n\u00e1klady vy\u0161\u0161\u00edmi o dvacet procent ve srovn\u00e1n\u00ed s\u00a0Mallorkou.<\/p>\n<h2><strong>Calpe a jih \u0161pan\u011blsk\u00e9 pevniny<\/strong><\/h2>\n<p>Pouhou hodinu od mezin\u00e1rodn\u00edho leti\u0161t\u011b v\u00a0Alicante le\u017e\u00ed m\u011bste\u010dko, kter\u00e9 se b\u011bhem zimn\u00edch m\u011bs\u00edc\u016f st\u00e1v\u00e1 do\u010dasn\u00fdm domovem mnoha profesion\u00e1ln\u00edch cyklist\u016f. Dal\u0161\u00ed variantou je cesta do Valencie a n\u00e1sledn\u00fd transport do Calpe.<\/p>\n<div class=\"shortcode-ys-post-pinup\"><article class=\"loop-simple post-20187 post type-post status-publish format-standard has-post-thumbnail hentry category-silnicni-cyklistika tag-androni-giocattoli tag-corratec tag-cyklistika tag-giro-di-italia tag-karel-vacek tag-ktm-tirol tag-mathias-vacek tag-silnicni-cyklistika global-categories-cycling\" data-postid=\"20187\" role=\"article\" data-post-id=\"20187\" data-word-count=\"722\" data-headline-length=\"60\" data-category=\"Silni\u010dn\u00ed cyklistika\" data-global-category=\"Cycling\" data-author=\"Radek Malina\" data-published=\"2023-01-18T06:00:29+02:00\" data-published-day=\"Wednesday\">\n    <div class=\"entry-thumbnail article-thumbnail\" content=\"https:\/\/d2p6e6u75xmxt8.cloudfront.net\/13\/2022\/11\/WLC_Mathias-Vacek_007-150x150.webp\"><a href=\"https:\/\/www.welovecycling.com\/cs\/2023\/01\/18\/karel-vacek-a-jeho-prestup-do-italie-chci-byt-nejlepsi\/\" class=\"image-holder\" target=\"_self\"><img decoding=\"async\" loading=\"lazy\" class=\"\" src=\"https:\/\/d2p6e6u75xmxt8.cloudfront.net\/13\/2022\/11\/WLC_Mathias-Vacek_007-1024x682.webp\" srcset=\"https:\/\/d2p6e6u75xmxt8.cloudfront.net\/13\/2022\/11\/WLC_Mathias-Vacek_007.webp 2000w, https:\/\/d2p6e6u75xmxt8.cloudfront.net\/13\/2022\/11\/WLC_Mathias-Vacek_007-300x200.webp 300w, https:\/\/d2p6e6u75xmxt8.cloudfront.net\/13\/2022\/11\/WLC_Mathias-Vacek_007-1024x682.webp 1024w, https:\/\/d2p6e6u75xmxt8.cloudfront.net\/13\/2022\/11\/WLC_Mathias-Vacek_007-768x512.webp 768w, https:\/\/d2p6e6u75xmxt8.cloudfront.net\/13\/2022\/11\/WLC_Mathias-Vacek_007-1536x1024.webp 1536w, https:\/\/d2p6e6u75xmxt8.cloudfront.net\/13\/2022\/11\/WLC_Mathias-Vacek_007-1920x1280.webp 1920w, https:\/\/d2p6e6u75xmxt8.cloudfront.net\/13\/2022\/11\/WLC_Mathias-Vacek_007-272x182.webp 272w, https:\/\/d2p6e6u75xmxt8.cloudfront.net\/13\/2022\/11\/WLC_Mathias-Vacek_007-1920x1280.webp 1920w\" width=\"1024\" height=\"682\" sizes=\"auto, (min-width: 1200px) 300px, (min-width: 768px) 25vw, 100vw\" alt=\"karel-vacek-a-jeho-prestup-do-italie-chci-byt-nejlepsi\"\/><\/a><\/div>    <div class=\"entry-meta\">\n        <a class=\"label label-secondary post-category\" href=\"https:\/\/www.welovecycling.com\/cs\/category\/silnicni-cyklistika\/\" title=\"Silni\u010dn\u00ed cyklistika\">Silni\u010dn\u00ed cyklistika<\/a>\n    <\/div>\n    <div class=\"entry-details\">\n        <a href=\"https:\/\/www.welovecycling.com\/cs\/2023\/01\/18\/karel-vacek-a-jeho-prestup-do-italie-chci-byt-nejlepsi\/\" class='entry-title-wrapper'>\n            <h3 class=\"entry-title\"><span>Karel Vacek a jeho p\u0159estup do It\u00e1lie: Chci b\u00fdt nejlep\u0161\u00ed<\/span><\/h3>\n        <\/a>\n    <\/div>\n    <\/article>\n<\/div>\n<p>Lokalita garantuje v\u00edce jak 280 slune\u010dn\u00edch dn\u016f v\u00a0roce. Je pot\u0159eba po\u010d\u00edtat se skute\u010dnost\u00ed, \u017ee se v\u00a0okol\u00ed Calpe t\u011b\u017eko hled\u00e1 rovina. Jde o velice \u201ehoupav\u00e9\u201c prost\u0159ed\u00ed. Ka\u017edop\u00e1dn\u011b i zde m\u016f\u017eete \u201epom\u011b\u0159it\u201c s\u00edly s\u00a0profesion\u00e1ly. V\u0161ak se zde pravideln\u011b p\u0159ipravuje i v\u011bt\u0161ina \u010desk\u00fdch profesion\u00e1l\u016f nebo nejlep\u0161\u00edch t\u00fdm\u016f jako Elkov \u010di Toppforex.<\/p>\n<h2><strong>Algarve<\/strong><\/h2>\n<p>\u010ce\u0161t\u00ed milovn\u00edci cyklistiky st\u00e1le v\u00edce objevuj\u00ed kr\u00e1sy Portugalska. Vyrazit v\u00a0zim\u011b do Algarve garantuje kvalitn\u00ed kilometry v\u00a0p\u0159\u00edjemn\u00e9m po\u010das\u00ed, kdy v\u00e1m ve v\u011bt\u0161in\u011b p\u0159\u00edpad\u016f vysta\u010d\u00ed kombinace kr\u00e1tk\u00fdch cyklistick\u00fdch kalhot a dres s\u00a0kr\u00e1tk\u00fdm ruk\u00e1vem.<\/p>\n<p>Samoz\u0159ejmost\u00ed je n\u00e1dhern\u00e1 krajina, kvalitn\u00ed a p\u0159ekvapiv\u011b klidn\u00e9 silnice. A po tr\u00e9ninku m\u016f\u017eete ochladit nohy v\u00a0oce\u00e1nu. Ter\u00e9ny jsou skv\u011bl\u00e9 pro tr\u00e9nink v\u00a0kopc\u00edch, stejn\u011b tak je mo\u017en\u00e9 \u201eodpo\u010d\u00edvat\u201c na rovin\u00e1ch. Ob\u010das jde i o p\u011bknou zkou\u0161ku v\u016fle, proto\u017ee se m\u016f\u017ee st\u00e1t, \u017ee od oce\u00e1nu po\u0159\u00e1dn\u011b fouk\u00e1. Ka\u017edop\u00e1dn\u011b cyklistika v\u00a0Portugalsku je na vzestupu. Ve stejn\u00fdch lokalit\u00e1ch se jezd\u00ed World Tour z\u00e1vod Kolem Algarve. P\u0159i pl\u00e1nov\u00e1n\u00ed je t\u0159eba po\u010d\u00edtat s\u00a0investic\u00ed kolem 30 tis\u00edc korun.<\/p>\n<h2><strong>Tosk\u00e1nsko<\/strong><\/h2>\n<p>Jedna z levn\u011bj\u0161\u00edch variant. Cestu zvl\u00e1dnete relativn\u011b pohodln\u011b autem a pokud se domluv\u00edte s\u00a0dal\u0161\u00edmi cyklistick\u00fdmi par\u0165\u00e1ky, je mo\u017en\u00e9 p\u0159i rozd\u011blen\u00ed ceny absolvovat soust\u0159ed\u011bn\u00ed na slavn\u00fdch silni\u010dk\u00e1ch lemovan\u00fdch cyp\u0159i\u0161i i p\u0159i vyu\u017eit\u00ed ubytov\u00e1n\u00ed hotelov\u00e9ho typu do patn\u00e1cti tis\u00edc korun.<\/p>\n<figure id=\"attachment_20495\" aria-describedby=\"caption-attachment-20495\" style=\"width: 1920px\" class=\"wp-caption alignnone\"><a href=\"https:\/\/d2p6e6u75xmxt8.cloudfront.net\/13\/2023\/01\/toskansko-20220529_120954-scaled.webp\"><img loading=\"lazy\" decoding=\"async\" class=\"size-extra-large wp-image-20495\" src=\"https:\/\/d2p6e6u75xmxt8.cloudfront.net\/13\/2023\/01\/toskansko-20220529_120954-1920x1440.webp\" alt=\"Zimn\u00ed cyklistick\u00e9 soust\u0159ed\u011bn\u00ed v Tosk\u00e1nsku? Jde o jednu z cenov\u011b nejp\u0159ijateln\u011bj\u0161\u00edch variant.\" width=\"1920\" height=\"1440\" srcset=\"https:\/\/d2p6e6u75xmxt8.cloudfront.net\/13\/2023\/01\/toskansko-20220529_120954-1920x1440.webp 1920w, https:\/\/d2p6e6u75xmxt8.cloudfront.net\/13\/2023\/01\/toskansko-20220529_120954-300x225.webp 300w, https:\/\/d2p6e6u75xmxt8.cloudfront.net\/13\/2023\/01\/toskansko-20220529_120954-1024x768.webp 1024w, https:\/\/d2p6e6u75xmxt8.cloudfront.net\/13\/2023\/01\/toskansko-20220529_120954-768x576.webp 768w, https:\/\/d2p6e6u75xmxt8.cloudfront.net\/13\/2023\/01\/toskansko-20220529_120954-1536x1152.webp 1536w, https:\/\/d2p6e6u75xmxt8.cloudfront.net\/13\/2023\/01\/toskansko-20220529_120954-2048x1536.webp 2048w, https:\/\/d2p6e6u75xmxt8.cloudfront.net\/13\/2023\/01\/toskansko-20220529_120954-1920x1440.webp 1920w\" sizes=\"auto, (max-width: 1920px) 100vw, 1920px\" \/><\/a><figcaption id=\"caption-attachment-20495\" class=\"wp-caption-text\"><em>Zimn\u00ed cyklistick\u00e9 soust\u0159ed\u011bn\u00ed v Tosk\u00e1nsku? Jde o jednu z cenov\u011b nejp\u0159ijateln\u011bj\u0161\u00edch variant.<\/em><\/figcaption><\/figure>\n<p>Pokud se hodl\u00e1te vydat do malebn\u00e9 krajiny pln\u00e9 vinic a olivovn\u00edk\u016f, je t\u0159eba pamatovat, \u017ee teploty ve st\u0159edn\u00ed It\u00e1lii jsou ur\u010dit\u011b ni\u017e\u0161\u00ed ne\u017e ve \u0160pan\u011blsku \u010di Portugalsku. Do t\u011bla si ka\u017edop\u00e1dn\u011b p\u0159i v\u00fdstupech kolem San Gimignana, Asciana, Montecatini Terme \u010di Saturnia d\u00e1te dostate\u010dn\u011b, proto\u017ee tosk\u00e1nsk\u00e9 silnice se vyzna\u010duj\u00ed \u0159adou mnohdy hodn\u011b kr\u00e1tk\u00fdch, ale o to strm\u011bj\u0161\u00edch stoup\u00e1n\u00ed. Nechyb\u00ed v\u0161ak ani dlouh\u00e9 pozvoln\u00e9 v\u00fdstupy, tak\u017ee jde o plnohodnotn\u00e9 soust\u0159ed\u011bn\u00ed. Jen p\u0159i rezervaci pamatujte na fakt, \u017ee n\u011bkter\u00e1 ubytov\u00e1n\u00ed nemaj\u00ed v\u00a0zimn\u00ed sezon\u011b k\u00a0dispozici vyt\u00e1p\u011bn\u00ed cel\u00e9ho objektu.<\/p>\n<h2><strong>Finale Ligure<\/strong><\/h2>\n<p>Oblast vzd\u00e1len\u00e1 p\u0159ibli\u017en\u011b hodinu z\u00e1padn\u011b od Janova a \u201epouze\u201c jeden\u00e1ct set kilometr\u016f z Prahy je zasl\u00edben\u00e1 zejm\u00e9na milovn\u00edk\u016fm horsk\u00e9 cyklistiky. Je zde velice pestr\u00e1 s\u00ed\u0165 stezek pro bikery, \u010dasto sem m\u00ed\u0159\u00ed milovn\u00edci endura.<\/p>\n<p>V\u00a0kopc\u00edch nad Ligursk\u00fdm mo\u0159em jsou technick\u00e9 stezky i sjezdy sp\u00ed\u0161e pohodov\u011bj\u0161\u00edho charakteru. Lokalita pat\u0159\u00ed mezi deset nejlep\u0161\u00edch bikov\u00fdch destinac\u00ed na sv\u011bt\u011b, co\u017e mluv\u00ed za v\u0161e. P\u0159i teplot\u00e1ch kolem patn\u00e1cti stup\u0148\u016f si na sv\u00e9 p\u0159ijdou i milovn\u00edci silni\u010dn\u00ed cyklistiky. A nen\u00ed divu, v\u017edy\u0165 je to coby kamenem dohodil do Monaka&#8230;<\/p>\n<h2><strong>\u00a0<\/strong><strong>Monako\/Nice<\/strong><\/h2>\n<p>Nen\u00ed n\u00e1hodou, \u017ee Francouzsk\u00e1 rivi\u00e9ra je trvale domovem mnoha cyklist\u016f elitn\u00edch t\u00fdm\u016f. V\u017edy\u0165 sv\u00e9ho \u010dasu zde \u017eil i Lance Armstrong, n\u011bkdej\u0161\u00ed sedmin\u00e1sobn\u00fd v\u00edt\u011bz Tour de France, proto\u017ee pova\u017eoval lokalitu za nejlep\u0161\u00ed pro tr\u00e9ninky.<\/p>\n<div class=\"shortcode-ys-post-pinup\"><article class=\"loop-simple post-20300 post type-post status-publish format-standard has-post-thumbnail hentry category-zdravi-a-trenink tag-aulin tag-brufen tag-cyklistika tag-doping tag-horska-cyklistika tag-ibalgin tag-kolo-a-prasky tag-leky tag-medikamenty tag-nurofen tag-paralen tag-prasky tag-silnicni-cyklistika tag-tramal tag-trenink tag-zdravi-a-trenink global-categories-cycling\" data-postid=\"20300\" role=\"article\" data-post-id=\"20300\" data-word-count=\"481\" data-headline-length=\"72\" data-category=\"Zdrav\u00ed a tr\u00e9nink\" data-global-category=\"Cycling\" data-author=\"We Love Cycling\" data-published=\"2023-01-24T10:02:39+02:00\" data-published-day=\"Tuesday\">\n    <div class=\"entry-thumbnail article-thumbnail\" content=\"https:\/\/d2p6e6u75xmxt8.cloudfront.net\/13\/2023\/01\/leky-tablety-150x150.webp\"><a href=\"https:\/\/www.welovecycling.com\/cs\/2023\/01\/24\/kolo-a-prasky-bolest-je-informace-medikamenty-k-treninku-nepatri\/\" class=\"image-holder\" target=\"_self\"><img decoding=\"async\" loading=\"lazy\" class=\"\" src=\"https:\/\/d2p6e6u75xmxt8.cloudfront.net\/13\/2023\/01\/leky-tablety-1024x768.webp\" srcset=\"https:\/\/d2p6e6u75xmxt8.cloudfront.net\/13\/2023\/01\/leky-tablety-scaled.webp 2560w, https:\/\/d2p6e6u75xmxt8.cloudfront.net\/13\/2023\/01\/leky-tablety-300x225.webp 300w, https:\/\/d2p6e6u75xmxt8.cloudfront.net\/13\/2023\/01\/leky-tablety-1024x768.webp 1024w, https:\/\/d2p6e6u75xmxt8.cloudfront.net\/13\/2023\/01\/leky-tablety-768x576.webp 768w, https:\/\/d2p6e6u75xmxt8.cloudfront.net\/13\/2023\/01\/leky-tablety-1536x1152.webp 1536w, https:\/\/d2p6e6u75xmxt8.cloudfront.net\/13\/2023\/01\/leky-tablety-2048x1536.webp 2048w, https:\/\/d2p6e6u75xmxt8.cloudfront.net\/13\/2023\/01\/leky-tablety-1920x1440.webp 1920w, https:\/\/d2p6e6u75xmxt8.cloudfront.net\/13\/2023\/01\/leky-tablety-1920x1440.webp 1920w\" width=\"1024\" height=\"768\" sizes=\"auto, (min-width: 1200px) 300px, (min-width: 768px) 25vw, 100vw\" alt=\"kolo-a-prasky-bolest-je-informace-medikamenty-k-treninku-nepatri\"\/><\/a><\/div>    <div class=\"entry-meta\">\n        <a class=\"label label-secondary post-category\" href=\"https:\/\/www.welovecycling.com\/cs\/category\/zdravi-a-trenink\/\" title=\"Zdrav\u00ed a tr\u00e9nink\">Zdrav\u00ed a tr\u00e9nink<\/a>\n    <\/div>\n    <div class=\"entry-details\">\n        <a href=\"https:\/\/www.welovecycling.com\/cs\/2023\/01\/24\/kolo-a-prasky-bolest-je-informace-medikamenty-k-treninku-nepatri\/\" class='entry-title-wrapper'>\n            <h3 class=\"entry-title\"><span>Kolo a pr\u00e1\u0161ky? Bolest je informace, medikamenty k\u00a0tr\u00e9ninku nepat\u0159\u00ed<\/span><\/h3>\n        <\/a>\n    <\/div>\n    <\/article>\n<\/div>\n<p>V\u00fdhodou je p\u0159\u00edjemn\u00e9 klima i b\u011bhem ledna a \u00fanora, mo\u017enost v\u00a0p\u0159\u00edpad\u011b pot\u0159eby rychle nabrat drsn\u00e9 v\u00fd\u0161kov\u00e9 metry, a p\u0159itom z\u016fstat na dosah Azurov\u00e9ho pob\u0159e\u017e\u00ed. Samoz\u0159ejmost\u00ed je p\u0159\u00edle\u017eitost tr\u00e9novat v\u00a0rovinat\u00e9m prost\u0159ed\u00ed u pob\u0159e\u017e\u00ed. Z\u00a0hlediska financi jde kv\u016fli ubytov\u00e1n\u00ed o jednu z\u00a0nejdra\u017e\u0161\u00edch variant.<\/p>\n<h2><strong>Istrie<\/strong><\/h2>\n<p>Poloostrov na severu Chorvatska je skv\u011ble dostupn\u00fd autem. Lokalita v\u0161ak sk\u00fdt\u00e1 \u00faskal\u00ed ve srovn\u00e1n\u00ed s\u00a0v\u011bt\u0161inou p\u0159ede\u0161l\u00fdch destinac\u00ed, kdy m\u016f\u017ee b\u00fdt teplota p\u0159eci jen ni\u017e\u0161\u00ed a tr\u00e9ninkov\u00fd kemp tak nemus\u00ed zcela naplnit o\u010dek\u00e1v\u00e1n\u00ed. Ka\u017edop\u00e1dn\u011b ve v\u011bt\u0161in\u011b p\u0159\u00edpad\u016f se u\u017e v\u00a0\u00fanoru m\u016f\u017eete \u201espolehnout\u201c na teploty kolem deseti stup\u0148\u016f.<\/p>\n<p>A\u0165 u\u017e si vyberete jakoukoliv ubytovac\u00ed kapacitu od Umagu po Pulu, budete spokojen\u00ed. Z\u00e1padn\u00ed \u010d\u00e1st pob\u0159e\u017e\u00ed Istrie nab\u00edz\u00ed skv\u011bl\u00e9 silnice, mimo\u0159\u00e1dn\u011b pestrou paletu tras z\u00a0hlediska n\u00e1ro\u010dnosti. Vyberou si cyklist\u00e9 hledaj\u00edc\u00ed rovinat\u011bj\u0161\u00ed profily, klasik\u00e1\u0159sk\u00e9 i kopcovit\u00e9. A jen v\u00fdjime\u010dn\u011b nenaraz\u00edte p\u0159i tr\u00e9ninku na n\u011bkoho, s\u00a0n\u00edm\u017e byste se mohli sv\u00e9zt, proto\u017ee zde tr\u00e9nuj\u00ed des\u00edtky hobby cyklist\u016f \u010di kluby druh\u00e9ho sledu. Pro \u010desk\u00e9 cyklisty je pak v\u00a0neposledn\u00ed \u0159ad\u011b obrovskou v\u00fdhodou fakt, \u017ee celou dovolenou mohou po\u0159\u00eddit do deseti tis\u00edc korun.<\/p>\n","protected":false},"excerpt":{"rendered":"<p>Cyklistika v\u00a0teple b\u011bhem zimn\u00edch m\u011bs\u00edc\u016f je v\u00edtan\u00fdm zpest\u0159en\u00edm tr\u00e9ninkov\u00e9ho procesu. Pokud chcete vyrazit na dovolenou v\u00a0sedle kola a dop\u0159\u00e1t si [&hellip;]<\/p>\n","protected":false},"author":138,"featured_media":20499,"comment_status":"open","ping_status":"open","sticky":false,"template":"","format":"standard","meta":{"footnotes":""},"categories":[2704,15],"tags":[2874,2162,126,1487,2870,1476,2873,2875,2876,2871,27,2555,67,2872],"global-categories":[411],"class_list":["post-20494","post","type-post","status-publish","format-standard","has-post-thumbnail","hentry","category-zima2022","category-rady-tipy","tag-algarve","tag-calpe","tag-cyklistika","tag-finale-ligure","tag-istrie","tag-kanarske-ostrovy","tag-mallorka","tag-monako","tag-nice","tag-toskansko","tag-trenink","tag-treninkovy-kemp","tag-zdravi-a-trenink","tag-zimni-cyklisticke-soustredeni","global-categories-cycling"],"yoast_head":"<!-- This site is optimized with the Yoast SEO Premium plugin v25.3 (Yoast SEO v25.9) - https:\/\/yoast.com\/wordpress\/plugins\/seo\/ -->\n<title>Kam na zimn\u00ed cyklistick\u00e9 soust\u0159ed\u011bn\u00ed? | \u0160koda We Love Cycling - \u010cesk\u00e1 republika<\/title>\n<meta name=\"description\" content=\"Pokud chcete vyrazit na dovolenou v\u00a0sedle kola a dop\u0159\u00e1t si krat\u0161\u00ed \u010di del\u0161\u00ed zimn\u00ed cyklistick\u00e9 soust\u0159ed\u011bn\u00ed, jde o vzpruhu pro sebev\u011bdom\u00ed.\" \/>\n<meta name=\"robots\" content=\"index, follow, max-snippet:-1, max-image-preview:large, max-video-preview:-1\" \/>\n<link rel=\"canonical\" href=\"https:\/\/www.welovecycling.com\/cs\/2023\/01\/29\/kam-na-zimni-cyklisticke-soustredeni\/\" \/>\n<meta property=\"og:locale\" content=\"cs_CZ\" \/>\n<meta property=\"og:type\" content=\"article\" \/>\n<meta property=\"og:title\" content=\"Kam na zimn\u00ed cyklistick\u00e9 soust\u0159ed\u011bn\u00ed?\" \/>\n<meta property=\"og:description\" content=\"Pokud chcete vyrazit na dovolenou v\u00a0sedle kola a dop\u0159\u00e1t si krat\u0161\u00ed \u010di del\u0161\u00ed zimn\u00ed cyklistick\u00e9 soust\u0159ed\u011bn\u00ed, jde o vzpruhu pro sebev\u011bdom\u00ed.\" \/>\n<meta property=\"og:url\" content=\"https:\/\/www.welovecycling.com\/cs\/2023\/01\/29\/kam-na-zimni-cyklisticke-soustredeni\/\" \/>\n<meta property=\"og:site_name\" content=\"\u0160koda We Love Cycling - \u010cesk\u00e1 republika\" \/>\n<meta property=\"article:published_time\" content=\"2023-01-29T04:00:35+00:00\" \/>\n<meta property=\"og:image\" content=\"https:\/\/d2p6e6u75xmxt8.cloudfront.net\/13\/2023\/01\/toskansko-Snimek-obrazovky-2023-01-25-181550.webp\" \/>\n\t<meta property=\"og:image:width\" content=\"1247\" \/>\n\t<meta property=\"og:image:height\" content=\"690\" \/>\n\t<meta property=\"og:image:type\" content=\"image\/webp\" \/>\n<meta name=\"author\" content=\"radekmalina\" \/>\n<meta name=\"twitter:card\" content=\"summary_large_image\" \/>\n<meta name=\"twitter:label1\" content=\"Written by\" \/>\n\t<meta name=\"twitter:data1\" content=\"We Love Cycling\" \/>\n\t<meta name=\"twitter:label2\" content=\"Est. reading time\" \/>\n\t<meta name=\"twitter:data2\" content=\"5\" \/>\n<script type=\"application\/ld+json\" class=\"yoast-schema-graph\">{\"@context\":\"https:\/\/schema.org\",\"@graph\":[{\"@type\":\"WebPage\",\"@id\":\"https:\/\/www.welovecycling.com\/cs\/2023\/01\/29\/kam-na-zimni-cyklisticke-soustredeni\/\",\"url\":\"https:\/\/www.welovecycling.com\/cs\/2023\/01\/29\/kam-na-zimni-cyklisticke-soustredeni\/\",\"name\":\"Kam na zimn\u00ed cyklistick\u00e9 soust\u0159ed\u011bn\u00ed? | \u0160koda We Love Cycling - \u010cesk\u00e1 republika\",\"isPartOf\":{\"@id\":\"https:\/\/www.welovecycling.com\/cs\/#website\"},\"primaryImageOfPage\":{\"@id\":\"https:\/\/www.welovecycling.com\/cs\/2023\/01\/29\/kam-na-zimni-cyklisticke-soustredeni\/#primaryimage\"},\"image\":{\"@id\":\"https:\/\/www.welovecycling.com\/cs\/2023\/01\/29\/kam-na-zimni-cyklisticke-soustredeni\/#primaryimage\"},\"thumbnailUrl\":\"https:\/\/d2p6e6u75xmxt8.cloudfront.net\/13\/2023\/01\/toskansko-Snimek-obrazovky-2023-01-25-181550.webp\",\"datePublished\":\"2023-01-29T04:00:35+00:00\",\"author\":{\"@id\":\"https:\/\/www.welovecycling.com\/cs\/#\/schema\/person\/d9eeb0a378f3a7e4a6d12d2b536b04b8\"},\"description\":\"Pokud chcete vyrazit na dovolenou v\u00a0sedle kola a dop\u0159\u00e1t si krat\u0161\u00ed \u010di del\u0161\u00ed zimn\u00ed cyklistick\u00e9 soust\u0159ed\u011bn\u00ed, jde o vzpruhu pro sebev\u011bdom\u00ed.\",\"inLanguage\":\"cs\",\"potentialAction\":[{\"@type\":\"ReadAction\",\"target\":[\"https:\/\/www.welovecycling.com\/cs\/2023\/01\/29\/kam-na-zimni-cyklisticke-soustredeni\/\"]}]},{\"@type\":\"ImageObject\",\"inLanguage\":\"cs\",\"@id\":\"https:\/\/www.welovecycling.com\/cs\/2023\/01\/29\/kam-na-zimni-cyklisticke-soustredeni\/#primaryimage\",\"url\":\"https:\/\/d2p6e6u75xmxt8.cloudfront.net\/13\/2023\/01\/toskansko-Snimek-obrazovky-2023-01-25-181550.webp\",\"contentUrl\":\"https:\/\/d2p6e6u75xmxt8.cloudfront.net\/13\/2023\/01\/toskansko-Snimek-obrazovky-2023-01-25-181550.webp\",\"width\":1247,\"height\":690},{\"@type\":\"WebSite\",\"@id\":\"https:\/\/www.welovecycling.com\/cs\/#website\",\"url\":\"https:\/\/www.welovecycling.com\/cs\/\",\"name\":\"\u0160koda We Love Cycling - \u010cesk\u00e1 republika\",\"description\":\"WeLoveCycling.cz je online magaz\u00edn, kter\u00fd v\u00e1m pravideln\u011b p\u0159in\u00e1\u0161\u00ed rady a tipy, zaj\u00edmav\u00e9 \u010dl\u00e1nky, videa a jedine\u010dn\u00e9 report\u00e1\u017ee ze sv\u011bta cyklistiky.\",\"potentialAction\":[{\"@type\":\"SearchAction\",\"target\":{\"@type\":\"EntryPoint\",\"urlTemplate\":\"https:\/\/www.welovecycling.com\/cs\/?s={search_term_string}\"},\"query-input\":{\"@type\":\"PropertyValueSpecification\",\"valueRequired\":true,\"valueName\":\"search_term_string\"}}],\"inLanguage\":\"cs\"},{\"@type\":\"Person\",\"@id\":\"https:\/\/www.welovecycling.com\/cs\/#\/schema\/person\/d9eeb0a378f3a7e4a6d12d2b536b04b8\",\"name\":\"radekmalina\",\"image\":{\"@type\":\"ImageObject\",\"inLanguage\":\"cs\",\"@id\":\"https:\/\/www.welovecycling.com\/cs\/#\/schema\/person\/image\/\",\"url\":\"https:\/\/secure.gravatar.com\/avatar\/66994b632cb8c39a46b9f54afa3ae07201b678d32a54275b6f1c9ffec356bfc0?s=96&d=mm&r=g\",\"contentUrl\":\"https:\/\/secure.gravatar.com\/avatar\/66994b632cb8c39a46b9f54afa3ae07201b678d32a54275b6f1c9ffec356bfc0?s=96&d=mm&r=g\",\"caption\":\"radekmalina\"},\"url\":\"https:\/\/www.welovecycling.com\/cs\/author\/radekmalina\/\"}]}<\/script>\n<!-- \/ Yoast SEO Premium plugin. -->","yoast_head_json":{"title":"Kam na zimn\u00ed cyklistick\u00e9 soust\u0159ed\u011bn\u00ed? | \u0160koda We Love Cycling - \u010cesk\u00e1 republika","description":"Pokud chcete vyrazit na dovolenou v\u00a0sedle kola a dop\u0159\u00e1t si krat\u0161\u00ed \u010di del\u0161\u00ed zimn\u00ed cyklistick\u00e9 soust\u0159ed\u011bn\u00ed, jde o vzpruhu pro sebev\u011bdom\u00ed.","robots":{"index":"index","follow":"follow","max-snippet":"max-snippet:-1","max-image-preview":"max-image-preview:large","max-video-preview":"max-video-preview:-1"},"canonical":"https:\/\/www.welovecycling.com\/cs\/2023\/01\/29\/kam-na-zimni-cyklisticke-soustredeni\/","og_locale":"cs_CZ","og_type":"article","og_title":"Kam na zimn\u00ed cyklistick\u00e9 soust\u0159ed\u011bn\u00ed?","og_description":"Pokud chcete vyrazit na dovolenou v\u00a0sedle kola a dop\u0159\u00e1t si krat\u0161\u00ed \u010di del\u0161\u00ed zimn\u00ed cyklistick\u00e9 soust\u0159ed\u011bn\u00ed, jde o vzpruhu pro sebev\u011bdom\u00ed.","og_url":"https:\/\/www.welovecycling.com\/cs\/2023\/01\/29\/kam-na-zimni-cyklisticke-soustredeni\/","og_site_name":"\u0160koda We Love Cycling - \u010cesk\u00e1 republika","article_published_time":"2023-01-29T04:00:35+00:00","og_image":[{"width":1247,"height":690,"url":"https:\/\/d2p6e6u75xmxt8.cloudfront.net\/13\/2023\/01\/toskansko-Snimek-obrazovky-2023-01-25-181550.webp","type":"image\/webp"}],"author":"radekmalina","twitter_card":"summary_large_image","twitter_misc":{"Written by":"We Love Cycling","Est. reading time":"5"},"schema":{"@context":"https:\/\/schema.org","@graph":[{"@type":"WebPage","@id":"https:\/\/www.welovecycling.com\/cs\/2023\/01\/29\/kam-na-zimni-cyklisticke-soustredeni\/","url":"https:\/\/www.welovecycling.com\/cs\/2023\/01\/29\/kam-na-zimni-cyklisticke-soustredeni\/","name":"Kam na zimn\u00ed cyklistick\u00e9 soust\u0159ed\u011bn\u00ed? | \u0160koda We Love Cycling - \u010cesk\u00e1 republika","isPartOf":{"@id":"https:\/\/www.welovecycling.com\/cs\/#website"},"primaryImageOfPage":{"@id":"https:\/\/www.welovecycling.com\/cs\/2023\/01\/29\/kam-na-zimni-cyklisticke-soustredeni\/#primaryimage"},"image":{"@id":"https:\/\/www.welovecycling.com\/cs\/2023\/01\/29\/kam-na-zimni-cyklisticke-soustredeni\/#primaryimage"},"thumbnailUrl":"https:\/\/d2p6e6u75xmxt8.cloudfront.net\/13\/2023\/01\/toskansko-Snimek-obrazovky-2023-01-25-181550.webp","datePublished":"2023-01-29T04:00:35+00:00","author":{"@id":"https:\/\/www.welovecycling.com\/cs\/#\/schema\/person\/d9eeb0a378f3a7e4a6d12d2b536b04b8"},"description":"Pokud chcete vyrazit na dovolenou v\u00a0sedle kola a dop\u0159\u00e1t si krat\u0161\u00ed \u010di del\u0161\u00ed zimn\u00ed cyklistick\u00e9 soust\u0159ed\u011bn\u00ed, jde o vzpruhu pro sebev\u011bdom\u00ed.","inLanguage":"cs","potentialAction":[{"@type":"ReadAction","target":["https:\/\/www.welovecycling.com\/cs\/2023\/01\/29\/kam-na-zimni-cyklisticke-soustredeni\/"]}]},{"@type":"ImageObject","inLanguage":"cs","@id":"https:\/\/www.welovecycling.com\/cs\/2023\/01\/29\/kam-na-zimni-cyklisticke-soustredeni\/#primaryimage","url":"https:\/\/d2p6e6u75xmxt8.cloudfront.net\/13\/2023\/01\/toskansko-Snimek-obrazovky-2023-01-25-181550.webp","contentUrl":"https:\/\/d2p6e6u75xmxt8.cloudfront.net\/13\/2023\/01\/toskansko-Snimek-obrazovky-2023-01-25-181550.webp","width":1247,"height":690},{"@type":"WebSite","@id":"https:\/\/www.welovecycling.com\/cs\/#website","url":"https:\/\/www.welovecycling.com\/cs\/","name":"\u0160koda We Love Cycling - \u010cesk\u00e1 republika","description":"WeLoveCycling.cz je online magaz\u00edn, kter\u00fd v\u00e1m pravideln\u011b p\u0159in\u00e1\u0161\u00ed rady a tipy, zaj\u00edmav\u00e9 \u010dl\u00e1nky, videa a jedine\u010dn\u00e9 report\u00e1\u017ee ze sv\u011bta cyklistiky.","potentialAction":[{"@type":"SearchAction","target":{"@type":"EntryPoint","urlTemplate":"https:\/\/www.welovecycling.com\/cs\/?s={search_term_string}"},"query-input":{"@type":"PropertyValueSpecification","valueRequired":true,"valueName":"search_term_string"}}],"inLanguage":"cs"},{"@type":"Person","@id":"https:\/\/www.welovecycling.com\/cs\/#\/schema\/person\/d9eeb0a378f3a7e4a6d12d2b536b04b8","name":"radekmalina","image":{"@type":"ImageObject","inLanguage":"cs","@id":"https:\/\/www.welovecycling.com\/cs\/#\/schema\/person\/image\/","url":"https:\/\/secure.gravatar.com\/avatar\/66994b632cb8c39a46b9f54afa3ae07201b678d32a54275b6f1c9ffec356bfc0?s=96&d=mm&r=g","contentUrl":"https:\/\/secure.gravatar.com\/avatar\/66994b632cb8c39a46b9f54afa3ae07201b678d32a54275b6f1c9ffec356bfc0?s=96&d=mm&r=g","caption":"radekmalina"},"url":"https:\/\/www.welovecycling.com\/cs\/author\/radekmalina\/"}]}},"_links":{"self":[{"href":"https:\/\/www.welovecycling.com\/cs\/wp-json\/wp\/v2\/posts\/20494","targetHints":{"allow":["GET"]}}],"collection":[{"href":"https:\/\/www.welovecycling.com\/cs\/wp-json\/wp\/v2\/posts"}],"about":[{"href":"https:\/\/www.welovecycling.com\/cs\/wp-json\/wp\/v2\/types\/post"}],"author":[{"embeddable":true,"href":"https:\/\/www.welovecycling.com\/cs\/wp-json\/wp\/v2\/users\/138"}],"replies":[{"embeddable":true,"href":"https:\/\/www.welovecycling.com\/cs\/wp-json\/wp\/v2\/comments?post=20494"}],"version-history":[{"count":2,"href":"https:\/\/www.welovecycling.com\/cs\/wp-json\/wp\/v2\/posts\/20494\/revisions"}],"predecessor-version":[{"id":20522,"href":"https:\/\/www.welovecycling.com\/cs\/wp-json\/wp\/v2\/posts\/20494\/revisions\/20522"}],"wp:featuredmedia":[{"embeddable":true,"href":"https:\/\/www.welovecycling.com\/cs\/wp-json\/wp\/v2\/media\/20499"}],"wp:attachment":[{"href":"https:\/\/www.welovecycling.com\/cs\/wp-json\/wp\/v2\/media?parent=20494"}],"wp:term":[{"taxonomy":"category","embeddable":true,"href":"https:\/\/www.welovecycling.com\/cs\/wp-json\/wp\/v2\/categories?post=20494"},{"taxonomy":"post_tag","embeddable":true,"href":"https:\/\/www.welovecycling.com\/cs\/wp-json\/wp\/v2\/tags?post=20494"},{"taxonomy":"global-categories","embeddable":true,"href":"https:\/\/www.welovecycling.com\/cs\/wp-json\/wp\/v2\/global-categories?post=20494"}],"curies":[{"name":"wp","href":"https:\/\/api.w.org\/{rel}","templated":true}]}}