{"id":20300,"date":"2023-01-24T10:02:39","date_gmt":"2023-01-24T08:02:39","guid":{"rendered":"https:\/\/www.welovecycling.com\/cs\/?p=20300"},"modified":"2023-01-23T21:25:13","modified_gmt":"2023-01-23T19:25:13","slug":"kolo-a-prasky-bolest-je-informace-medikamenty-k-treninku-nepatri","status":"publish","type":"post","link":"https:\/\/www.welovecycling.com\/cs\/2023\/01\/24\/kolo-a-prasky-bolest-je-informace-medikamenty-k-treninku-nepatri\/","title":{"rendered":"Kolo a pr\u00e1\u0161ky? Bolest je informace, medikamenty k\u00a0tr\u00e9ninku nepat\u0159\u00ed"},"content":{"rendered":"<p><strong>Brufen. Aulin. Nurofen. Ibalgin. Paralen. Tramal&#8230; Asi ka\u017ed\u00fd dosp\u011bl\u00fd jedinec v \u017eivot\u011b s\u00e1hnul nejen po n\u011bkter\u00e9m z uveden\u00fdch prepar\u00e1t\u016f, kdy\u017e mu bylo ouvej. Jen\u017ee \u010d\u00edm dal \u010dast\u011bji se st\u00e1v\u00e1, \u017ee pr\u00e1\u0161ek \u010di dokonce pr\u00e1\u0161ky proti bolesti si hobby sportovci berou i p\u0159ed \u010di b\u011bhem sportovn\u00edho v\u00fdkonu. Tak\u00e9 pat\u0159\u00edte mezi n\u011b a jezd\u00edte na kole pod vlivem pr\u00e1\u0161k\u016f?<\/strong><\/p>\n<p>\u201eMnoz\u00ed z n\u00e1s sly\u0161\u00ed v televizi \u010di \u010dtou kdesi ve zpravodajsk\u00fdch rozhovorech ze sportovn\u00edch p\u0159edstaven\u00ed, \u017ee kdy\u017e bylo n\u011bkter\u00e9mu z profesion\u00e1l\u016f v\u00e1\u017en\u011b zle, tak jej zp\u00e1tky do bitvy vr\u00e1tily pr\u00e1\u0161ky obsahuj\u00edc\u00ed ten \u010di onen prepar\u00e1t, kterou sportovci podal t\u00fdmov\u00fd l\u00e9ka\u0159. A tak si \u0159eknou, \u017ee kdy\u017e m\u016f\u017ee profesion\u00e1l, pro\u010d bych nemohl j\u00e1 jako hobby sportovec&#8230;<\/p>\n<h2><strong>Bolest je sign\u00e1l, \u017ee m\u00e1te zpomalit<\/strong><\/h2>\n<p>Pro\u010d ne? Proto\u017ee bolest je sign\u00e1l t\u011bla. Informace, \u017ee je t\u0159eba zpomalit. Bolest sval\u016f, kloub\u016f. pot\u00ed\u017ee s \u00fapony \u010di jak\u00e9koliv dal\u0161\u00ed trable by nikdo z\u00e1sadn\u011b nem\u011bl p\u0159i aktivn\u00edm pohybu p\u0159ekon\u00e1vat pomoc\u00ed pilulek.<\/p>\n<p>Pokud m\u00e1 n\u011bkdo teplotu, jde o dal\u0161\u00ed faktor, kter\u00fd je sign\u00e1lem vystoupit z tr\u00e9ninku nebo rezignovat na \u00fa\u010dast v z\u00e1vod\u011b. Zv\u00fd\u0161en\u00e1 teplota je ochrann\u00fd n\u00e1stroj t\u011bla. A pokud teplota nep\u0159ekro\u010d\u00ed hranici osmat\u0159iceti stup\u0148\u016f, m\u011blo by se t\u011blo l\u00e9\u010dit samo pouh\u00fdm odpo\u010dinkem, nikoliv pr\u00e1\u0161ky. A rozhodn\u011b ne hodinami v sedle kola pod vlivem pr\u00e1\u0161k\u016f.<\/p>\n<figure id=\"attachment_20365\" aria-describedby=\"caption-attachment-20365\" style=\"width: 1800px\" class=\"wp-caption alignnone\"><a href=\"https:\/\/d2p6e6u75xmxt8.cloudfront.net\/13\/2023\/01\/tablety-profimedia-0697915593.webp\"><img loading=\"lazy\" decoding=\"async\" class=\"size-full wp-image-20365\" src=\"https:\/\/d2p6e6u75xmxt8.cloudfront.net\/13\/2023\/01\/tablety-profimedia-0697915593.webp\" alt=\"Pr\u00e1\u0161ky\" width=\"1800\" height=\"1200\" srcset=\"https:\/\/d2p6e6u75xmxt8.cloudfront.net\/13\/2023\/01\/tablety-profimedia-0697915593.webp 1800w, https:\/\/d2p6e6u75xmxt8.cloudfront.net\/13\/2023\/01\/tablety-profimedia-0697915593-300x200.webp 300w, https:\/\/d2p6e6u75xmxt8.cloudfront.net\/13\/2023\/01\/tablety-profimedia-0697915593-1024x683.webp 1024w, https:\/\/d2p6e6u75xmxt8.cloudfront.net\/13\/2023\/01\/tablety-profimedia-0697915593-768x512.webp 768w, https:\/\/d2p6e6u75xmxt8.cloudfront.net\/13\/2023\/01\/tablety-profimedia-0697915593-1536x1024.webp 1536w, https:\/\/d2p6e6u75xmxt8.cloudfront.net\/13\/2023\/01\/tablety-profimedia-0697915593-272x182.webp 272w\" sizes=\"auto, (max-width: 1800px) 100vw, 1800px\" \/><\/a><figcaption id=\"caption-attachment-20365\" class=\"wp-caption-text\"><em>Pr\u00e1\u0161ky nebo medikamenty, bez ohledu na n\u00e1zev, hobby cyklistiku by m\u011bl ka\u017ed\u00fd provozovat jen bez bolesti.<\/em><\/figcaption><\/figure>\n<p>Nav\u00edc p\u0159ekon\u00e1n\u00ed jednoho probl\u00e9mu pomoc\u00ed medikament\u016f nemus\u00ed znamenat posun k\u00a0lep\u0161\u00edmu. Sp\u00ed\u0161e se mnohdy stane, \u017ee dojde k\u00a0prolomen\u00ed hranic a trable se za\u010dnou \u0159et\u011bzit.<\/p>\n<p>Pokud maj\u00ed trable znamenat absenci v\u00a0tr\u00e9ninku, pak u\u017eit\u00ed medikament\u016f ned\u00e1v\u00e1 v\u016fbec \u017e\u00e1dn\u00fd smysl. Je mnohem efektivn\u011bj\u0161\u00ed vy\u0159e\u0161it dan\u00fd probl\u00e9m, kter\u00fd brzd\u00ed tr\u00e9ninkovou adaptaci, a vr\u00e1tit se do p\u0159\u00edpravy zdrav\u00fd.<\/p>\n<div class=\"shortcode-ys-post-pinup\"><article class=\"loop-simple post-20184 post type-post status-publish format-standard has-post-thumbnail hentry category-rady-tipy tag-cyklistika tag-horska-cyklistika tag-kadence-slapani tag-silnicni-cyklistika tag-trenink tag-vojtech-hacecky tag-zdravi-a-trenink global-categories-cycling\" data-postid=\"20184\" role=\"article\" data-post-id=\"20184\" data-word-count=\"421\" data-headline-length=\"38\" data-category=\"Rady &amp; tipy\" data-global-category=\"Cycling\" data-author=\"We Love Cycling\" data-published=\"2023-01-10T10:22:48+02:00\" data-published-day=\"Tuesday\">\n    <div class=\"entry-thumbnail article-thumbnail\" content=\"https:\/\/d2p6e6u75xmxt8.cloudfront.net\/13\/2023\/01\/frekvence-slapani-michal-cerveny-2-150x150.webp\"><a href=\"https:\/\/www.welovecycling.com\/cs\/2023\/01\/10\/jaka-kadence-slapani-je-idealni\/\" class=\"image-holder\" target=\"_self\"><img decoding=\"async\" loading=\"lazy\" class=\"\" src=\"https:\/\/d2p6e6u75xmxt8.cloudfront.net\/13\/2023\/01\/frekvence-slapani-michal-cerveny-2-1024x682.webp\" srcset=\"https:\/\/d2p6e6u75xmxt8.cloudfront.net\/13\/2023\/01\/frekvence-slapani-michal-cerveny-2.webp 2000w, https:\/\/d2p6e6u75xmxt8.cloudfront.net\/13\/2023\/01\/frekvence-slapani-michal-cerveny-2-300x200.webp 300w, https:\/\/d2p6e6u75xmxt8.cloudfront.net\/13\/2023\/01\/frekvence-slapani-michal-cerveny-2-1024x682.webp 1024w, https:\/\/d2p6e6u75xmxt8.cloudfront.net\/13\/2023\/01\/frekvence-slapani-michal-cerveny-2-768x512.webp 768w, https:\/\/d2p6e6u75xmxt8.cloudfront.net\/13\/2023\/01\/frekvence-slapani-michal-cerveny-2-1536x1024.webp 1536w, https:\/\/d2p6e6u75xmxt8.cloudfront.net\/13\/2023\/01\/frekvence-slapani-michal-cerveny-2-1920x1280.webp 1920w, https:\/\/d2p6e6u75xmxt8.cloudfront.net\/13\/2023\/01\/frekvence-slapani-michal-cerveny-2-272x182.webp 272w, https:\/\/d2p6e6u75xmxt8.cloudfront.net\/13\/2023\/01\/frekvence-slapani-michal-cerveny-2-1920x1280.webp 1920w\" width=\"1024\" height=\"682\" sizes=\"auto, (min-width: 1200px) 300px, (min-width: 768px) 25vw, 100vw\" alt=\"jaka-kadence-slapani-je-idealni\"\/><\/a><\/div>    <div class=\"entry-meta\">\n        <a class=\"label label-secondary post-category\" href=\"https:\/\/www.welovecycling.com\/cs\/category\/rady-tipy\/\" title=\"Rady &amp; tipy\">Rady &amp; tipy<\/a>\n    <\/div>\n    <div class=\"entry-details\">\n        <a href=\"https:\/\/www.welovecycling.com\/cs\/2023\/01\/10\/jaka-kadence-slapani-je-idealni\/\" class='entry-title-wrapper'>\n            <h3 class=\"entry-title\"><span>Jak\u00e1 kadence \u0161lap\u00e1n\u00ed je ide\u00e1ln\u00ed?<\/span><\/h3>\n        <\/a>\n    <\/div>\n    <\/article>\n<\/div>\n<p>A p\u0159esto\u017ee spousta z\u00e1vod\u016f pro hobby cyklisty vy\u017eaduje p\u0159ihl\u00e1\u0161en\u00ed a zaplacen\u00ed startovn\u00e9ho s\u00a0velk\u00fdm p\u0159edstihem, po\u0159\u00e1d by v\u00a0ka\u017ed\u00e9m m\u011bla z\u016fstat z\u00e1kladn\u00ed my\u0161lenka, \u017ee je na prvn\u00edm m\u00edst\u011b zdrav\u00ed, kter\u00e9 by si hobby cyklist\u00e9 nem\u011bli za \u017e\u00e1dnou cenu huntovat.<\/p>\n<h2><strong>Tablety posouvaj\u00ed pr\u00e1h vn\u00edm\u00e1n\u00ed bolesti<\/strong><\/h2>\n<p>Ostatn\u011b u profesion\u00e1l\u016f do\u0161lo k\u00a0obrovsk\u00e9mu posunu. V\u0161echny t\u00fdmy velmi \u00fazkostliv\u011b \u0159e\u0161\u00ed zdravotn\u00ed stav cyklist\u016f, proto\u017ee pokud jsou jejich sv\u011b\u0159enci v\u00a0po\u0159\u00e1dku, mohou tr\u00e9novat, zlep\u0161ovat se a z\u00e1vodit. Pokud by m\u011bly fungovat pod pr\u00e1\u0161ky, \u017e\u00e1dn\u00e9ho progresu nedos\u00e1hnou.<\/p>\n<p>L\u00e9ky samoz\u0159ejm\u011b pomohou p\u0159ekonat bolest a dovol\u00ed ka\u017ed\u00e9mu jedinci p\u0159ekonat hranice. U hobby cyklist\u016f je konzumace medikament\u016f kv\u016fli tr\u00e9ninku \u010di sv\u00e1te\u010dn\u00ed vyj\u00ed\u017e\u010fce zcela neospravedlniteln\u00e1. Rizika jsou obrovsk\u00e1. V\u017edy z\u00e1le\u017e\u00ed, co \u010dlov\u011bk u\u017eit\u00edm l\u00e9ku potla\u010duje.<\/p>\n<figure id=\"attachment_20364\" aria-describedby=\"caption-attachment-20364\" style=\"width: 1800px\" class=\"wp-caption alignnone\"><a href=\"https:\/\/d2p6e6u75xmxt8.cloudfront.net\/13\/2023\/01\/tablety-profimedia-0404875559.webp\"><img loading=\"lazy\" decoding=\"async\" class=\"size-full wp-image-20364\" src=\"https:\/\/d2p6e6u75xmxt8.cloudfront.net\/13\/2023\/01\/tablety-profimedia-0404875559.webp\" alt=\"Pr\u00e1\u0161ky\" width=\"1800\" height=\"1200\" srcset=\"https:\/\/d2p6e6u75xmxt8.cloudfront.net\/13\/2023\/01\/tablety-profimedia-0404875559.webp 1800w, https:\/\/d2p6e6u75xmxt8.cloudfront.net\/13\/2023\/01\/tablety-profimedia-0404875559-300x200.webp 300w, https:\/\/d2p6e6u75xmxt8.cloudfront.net\/13\/2023\/01\/tablety-profimedia-0404875559-1024x683.webp 1024w, https:\/\/d2p6e6u75xmxt8.cloudfront.net\/13\/2023\/01\/tablety-profimedia-0404875559-768x512.webp 768w, https:\/\/d2p6e6u75xmxt8.cloudfront.net\/13\/2023\/01\/tablety-profimedia-0404875559-1536x1024.webp 1536w, https:\/\/d2p6e6u75xmxt8.cloudfront.net\/13\/2023\/01\/tablety-profimedia-0404875559-272x182.webp 272w\" sizes=\"auto, (max-width: 1800px) 100vw, 1800px\" \/><\/a><figcaption id=\"caption-attachment-20364\" class=\"wp-caption-text\"><em>Pr\u00e1\u0161ky do sportu nepat\u0159\u00ed. Na amat\u00e9rsk\u00e9 \u00farovni u\u017e v\u016fbec&#8230; Foto: profimedia<\/em><\/figcaption><\/figure>\n<p>V drtiv\u00e9 v\u011bt\u0161in\u011b p\u0159\u00edpad\u016f jde o pr\u00e1\u0161ky, kter\u00e9 ovliv\u0148uj\u00ed mozkov\u00e9 centrum a posouvaj\u00ed pr\u00e1h vn\u00edm\u00e1n\u00ed bolesti. I proto Mezin\u00e1rodn\u00ed cyklistick\u00e1 unie v\u011bt\u0161inu l\u00e9k\u016f proti bolesti zak\u00e1zala profesion\u00e1l\u016fm u\u017e\u00edvat a za\u0159adila je na seznam zak\u00e1zan\u00fdch l\u00e1tek. Obecn\u011b v\u0161ak plat\u00ed, \u017ee medikamenty pust\u00ed t\u011blo mnohem d\u00e1le, ne\u017e by se stalo bez u\u017eit\u00e9 l\u00e9k\u016f. Ty potla\u010d\u00ed informaci, \u017ee si t\u011blo \u017e\u00e1d\u00e1 p\u0159est\u00e1vku nebo alespo\u0148 drobn\u00e9 zvoln\u011bn\u00ed.<\/p>\n<p>Ospravedlnit nelze u\u017e\u00edv\u00e1n\u00ed pr\u00e1\u0161k\u016f ani kv\u016fli z\u00e1vodu. Nemocn\u00fd a bolav\u00fd \u010dlov\u011bk nem\u00e1 v\u00a0z\u00e1vod\u011b amat\u00e9r\u016f co d\u011blat. V\u011bt\u0161ina z\u00a0prepar\u00e1t\u016f na bolest m\u00e1 tlum\u00edc\u00ed faktor. Ty pr\u00e1\u0161ky prost\u011b nel\u00e9\u010d\u00ed, ale tlum\u00ed bolest, kter\u00e1 se v\u00e1m ve skute\u010dnosti sna\u017e\u00ed d\u00e1t s\u00a0p\u0159edstihem echo, \u017ee je t\u011blo \u201erozbit\u00e9\u201c.<\/p>\n<h2><strong>Pr\u00e1\u0161ky zpomaluj\u00ed reakci<\/strong><\/h2>\n<p>S t\u011bmito pr\u00e1\u0161ky m\u00e1 \u010dlov\u011bk zhor\u0161enou koordinaci, zpomalen\u00e9 reakce. A p\u0159edstavte si, \u017ee vedle n\u011bj jedete pades\u00e1t v bal\u00edku. V\u017edy\u0165 v\u011bt\u0161ina ze zm\u00edn\u011bn\u00fdch l\u00e9k\u016f m\u00e1 v p\u0159\u00edbalov\u00e9m let\u00e1ku, \u017ee po po\u017eit\u00ed by lid\u00e9 nem\u011bli \u0159\u00eddit dopravn\u00ed prost\u0159edky a obsluhovat stroje&#8230; Kolo spad\u00e1 do obou skupin.<\/p>\n<div class=\"shortcode-ys-post-pinup\"><article class=\"loop-simple post-20252 post type-post status-publish format-standard has-post-thumbnail hentry category-silnicni-cyklistika tag-cyklistika tag-doping tag-epo tag-kortizon tag-krevni-transfuze tag-lance-armstrong tag-oprah-winfrey tag-silnicni-cyklistika tag-testosteron tag-tour-de-france tag-usada global-categories-cycling\" data-postid=\"20252\" role=\"article\" data-post-id=\"20252\" data-word-count=\"758\" data-headline-length=\"72\" data-category=\"Silni\u010dn\u00ed cyklistika\" data-global-category=\"Cycling\" data-author=\"Radek Malina\" data-published=\"2023-01-17T06:00:00+02:00\" data-published-day=\"Tuesday\">\n    <div class=\"entry-thumbnail article-thumbnail\" content=\"https:\/\/d2p6e6u75xmxt8.cloudfront.net\/13\/2023\/01\/armstrong-doping-vyrez-profimedia-150x150.webp\"><a href=\"https:\/\/www.welovecycling.com\/cs\/2023\/01\/17\/lance-armstrong-a-deset-let-od-padu-imperia-chtel-jsem-vse-ovladat\/\" class=\"image-holder\" target=\"_self\"><img decoding=\"async\" loading=\"lazy\" class=\"\" src=\"https:\/\/d2p6e6u75xmxt8.cloudfront.net\/13\/2023\/01\/armstrong-doping-vyrez-profimedia-1024x673.webp\" srcset=\"https:\/\/d2p6e6u75xmxt8.cloudfront.net\/13\/2023\/01\/armstrong-doping-vyrez-profimedia.webp 1287w, https:\/\/d2p6e6u75xmxt8.cloudfront.net\/13\/2023\/01\/armstrong-doping-vyrez-profimedia-300x197.webp 300w, https:\/\/d2p6e6u75xmxt8.cloudfront.net\/13\/2023\/01\/armstrong-doping-vyrez-profimedia-1024x673.webp 1024w, https:\/\/d2p6e6u75xmxt8.cloudfront.net\/13\/2023\/01\/armstrong-doping-vyrez-profimedia-768x505.webp 768w\" width=\"1024\" height=\"673\" sizes=\"auto, (min-width: 1200px) 304px, (min-width: 768px) 25vw, 100vw\" alt=\"lance-armstrong-a-deset-let-od-padu-imperia-chtel-jsem-vse-ovladat\"\/><\/a><\/div>    <div class=\"entry-meta\">\n        <a class=\"label label-secondary post-category\" href=\"https:\/\/www.welovecycling.com\/cs\/category\/silnicni-cyklistika\/\" title=\"Silni\u010dn\u00ed cyklistika\">Silni\u010dn\u00ed cyklistika<\/a>\n    <\/div>\n    <div class=\"entry-details\">\n        <a href=\"https:\/\/www.welovecycling.com\/cs\/2023\/01\/17\/lance-armstrong-a-deset-let-od-padu-imperia-chtel-jsem-vse-ovladat\/\" class='entry-title-wrapper'>\n            <h3 class=\"entry-title\"><span>Lance Armstrong a deset let od p\u00e1du imp\u00e9ria: Cht\u011bl jsem v\u0161e ovl\u00e1dat<\/span><\/h3>\n        <\/a>\n    <\/div>\n    <\/article>\n<\/div>\n<p>Nen\u00ed n\u00e1hoda, \u017ee kup\u0159\u00edkladu Aulin je na p\u0159edpis. Nen\u00ed divu. Pro ledviny a j\u00e1tra jde o hodn\u011b t\u011b\u017ek\u00fd direkt. Tablety obsahuj\u00edc\u00ed Brufen jsou zase pekelnou zkou\u0161kou pro \u017ealudek a navrch sni\u017euj\u00edc\u00ed produkci testosteronu.<\/p>\n<p>S\u00e1m jsem b\u011bhem aktivn\u00ed kari\u00e9ry za\u017eil, \u017ee v kapsi\u010dce dresu si v pelotonu cyklist\u00e9 vozili Tramal nebo Brufen. Tahle \u201ekultura\u201c byla platn\u00e1 je\u0161t\u011b v roce 2018. \u010c\u00e1ste\u010dn\u011b se ji poda\u0159ilo vym\u00fdtit, bohu\u017eel se velmi v\u00fdrazn\u011b p\u0159elila mezi hobby cyklisty.\u201c<\/p>\n<p><em>Vojt\u011bch Ha\u010deck\u00fd, sportovn\u00ed fyziolog z Centra sportovn\u00ed medic\u00edny, specializuj\u00edc\u00ed se na individu\u00e1ln\u00ed tr\u00e9ninkov\u00e9 programy. Vicemistr sv\u011bta v dr\u00e1hov\u00e9 cyklistice, kter\u00fd \u010d\u00e1st cyklistick\u00e9 kari\u00e9ry pro\u017eil v zahrani\u010d\u00ed. Nejprve \u010dty\u0159i roky s Centrem sportovn\u00ed medic\u00edny spolupracoval v pozici z\u00e1vodn\u00edka, kter\u00fd se s\u00e1m tr\u00e9nuje. A posledn\u00ed t\u0159i roky je sou\u010d\u00e1st\u00ed l\u00e9ka\u0159sk\u00e9ho t\u00fdmu pe\u010duj\u00edc\u00edho o olympijsk\u00e9 medailisty, ale i hobby sportovce.<\/em><\/p>\n","protected":false},"excerpt":{"rendered":"<p>Brufen. Aulin. Nurofen. Ibalgin. Paralen. Tramal&#8230; Asi ka\u017ed\u00fd dosp\u011bl\u00fd jedinec v \u017eivot\u011b s\u00e1hnul nejen po n\u011bkter\u00e9m z uveden\u00fdch prepar\u00e1t\u016f, kdy\u017e [&hellip;]<\/p>\n","protected":false},"author":138,"featured_media":20375,"comment_status":"open","ping_status":"open","sticky":false,"template":"","format":"standard","meta":{"footnotes":""},"categories":[6],"tags":[2830,2829,126,54,56,2832,2828,2759,2835,2831,2833,2760,9,2834,27,67],"global-categories":[411],"class_list":["post-20300","post","type-post","status-publish","format-standard","has-post-thumbnail","hentry","category-zdravi-a-trenink","tag-aulin","tag-brufen","tag-cyklistika","tag-doping","tag-horska-cyklistika","tag-ibalgin","tag-kolo-a-prasky","tag-leky","tag-medikamenty","tag-nurofen","tag-paralen","tag-prasky","tag-silnicni-cyklistika","tag-tramal","tag-trenink","tag-zdravi-a-trenink","global-categories-cycling"],"yoast_head":"<!-- This site is optimized with the Yoast SEO Premium plugin v25.3 (Yoast SEO v25.9) - https:\/\/yoast.com\/wordpress\/plugins\/seo\/ -->\n<title>Kolo a pr\u00e1\u0161ky? Bolest je informace, medikamenty k\u00a0tr\u00e9ninku nepat\u0159\u00ed | \u0160koda We Love Cycling - \u010cesk\u00e1 republika<\/title>\n<meta name=\"description\" content=\"Kolo a pr\u00e1\u0161ky proti bolesti nejdou dohromady. Obecn\u011b by sportovn\u00ed na hobby \u00farovni nem\u011bli u\u017e\u00edvat medikamenty, aby mohli vyrazit v sedle. Pro\u010d?\" \/>\n<meta name=\"robots\" content=\"index, follow, max-snippet:-1, max-image-preview:large, max-video-preview:-1\" \/>\n<link rel=\"canonical\" href=\"https:\/\/www.welovecycling.com\/cs\/2023\/01\/24\/kolo-a-prasky-bolest-je-informace-medikamenty-k-treninku-nepatri\/\" \/>\n<meta property=\"og:locale\" content=\"cs_CZ\" \/>\n<meta property=\"og:type\" content=\"article\" \/>\n<meta property=\"og:title\" content=\"Kolo a pr\u00e1\u0161ky? Bolest je informace, medikamenty k\u00a0tr\u00e9ninku nepat\u0159\u00ed\" \/>\n<meta property=\"og:description\" content=\"Kolo a pr\u00e1\u0161ky proti bolesti nejdou dohromady. Obecn\u011b by sportovn\u00ed na hobby \u00farovni nem\u011bli u\u017e\u00edvat medikamenty, aby mohli vyrazit v sedle. Pro\u010d?\" \/>\n<meta property=\"og:url\" content=\"https:\/\/www.welovecycling.com\/cs\/2023\/01\/24\/kolo-a-prasky-bolest-je-informace-medikamenty-k-treninku-nepatri\/\" \/>\n<meta property=\"og:site_name\" content=\"\u0160koda We Love Cycling - \u010cesk\u00e1 republika\" \/>\n<meta property=\"article:published_time\" content=\"2023-01-24T08:02:39+00:00\" \/>\n<meta property=\"og:image\" content=\"https:\/\/d2p6e6u75xmxt8.cloudfront.net\/13\/2023\/01\/leky-tablety-scaled.webp\" \/>\n\t<meta property=\"og:image:width\" content=\"2560\" \/>\n\t<meta property=\"og:image:height\" content=\"1920\" \/>\n\t<meta property=\"og:image:type\" content=\"image\/webp\" \/>\n<meta name=\"author\" content=\"radekmalina\" \/>\n<meta name=\"twitter:card\" content=\"summary_large_image\" \/>\n<meta name=\"twitter:label1\" content=\"Written by\" \/>\n\t<meta name=\"twitter:data1\" content=\"Radek Malina\" \/>\n\t<meta name=\"twitter:label2\" content=\"Est. reading time\" \/>\n\t<meta name=\"twitter:data2\" content=\"6\" \/>\n<script type=\"application\/ld+json\" class=\"yoast-schema-graph\">{\"@context\":\"https:\/\/schema.org\",\"@graph\":[{\"@type\":\"WebPage\",\"@id\":\"https:\/\/www.welovecycling.com\/cs\/2023\/01\/24\/kolo-a-prasky-bolest-je-informace-medikamenty-k-treninku-nepatri\/\",\"url\":\"https:\/\/www.welovecycling.com\/cs\/2023\/01\/24\/kolo-a-prasky-bolest-je-informace-medikamenty-k-treninku-nepatri\/\",\"name\":\"Kolo a pr\u00e1\u0161ky? Bolest je informace, medikamenty k\u00a0tr\u00e9ninku nepat\u0159\u00ed | \u0160koda We Love Cycling - \u010cesk\u00e1 republika\",\"isPartOf\":{\"@id\":\"https:\/\/www.welovecycling.com\/cs\/#website\"},\"primaryImageOfPage\":{\"@id\":\"https:\/\/www.welovecycling.com\/cs\/2023\/01\/24\/kolo-a-prasky-bolest-je-informace-medikamenty-k-treninku-nepatri\/#primaryimage\"},\"image\":{\"@id\":\"https:\/\/www.welovecycling.com\/cs\/2023\/01\/24\/kolo-a-prasky-bolest-je-informace-medikamenty-k-treninku-nepatri\/#primaryimage\"},\"thumbnailUrl\":\"https:\/\/d2p6e6u75xmxt8.cloudfront.net\/13\/2023\/01\/leky-tablety-scaled.webp\",\"datePublished\":\"2023-01-24T08:02:39+00:00\",\"author\":{\"@id\":\"https:\/\/www.welovecycling.com\/cs\/#\/schema\/person\/d9eeb0a378f3a7e4a6d12d2b536b04b8\"},\"description\":\"Kolo a pr\u00e1\u0161ky proti bolesti nejdou dohromady. Obecn\u011b by sportovn\u00ed na hobby \u00farovni nem\u011bli u\u017e\u00edvat medikamenty, aby mohli vyrazit v sedle. Pro\u010d?\",\"inLanguage\":\"cs\",\"potentialAction\":[{\"@type\":\"ReadAction\",\"target\":[\"https:\/\/www.welovecycling.com\/cs\/2023\/01\/24\/kolo-a-prasky-bolest-je-informace-medikamenty-k-treninku-nepatri\/\"]}]},{\"@type\":\"ImageObject\",\"inLanguage\":\"cs\",\"@id\":\"https:\/\/www.welovecycling.com\/cs\/2023\/01\/24\/kolo-a-prasky-bolest-je-informace-medikamenty-k-treninku-nepatri\/#primaryimage\",\"url\":\"https:\/\/d2p6e6u75xmxt8.cloudfront.net\/13\/2023\/01\/leky-tablety-scaled.webp\",\"contentUrl\":\"https:\/\/d2p6e6u75xmxt8.cloudfront.net\/13\/2023\/01\/leky-tablety-scaled.webp\",\"width\":2560,\"height\":1920,\"caption\":\"Pr\u00e1\u0161ky\"},{\"@type\":\"WebSite\",\"@id\":\"https:\/\/www.welovecycling.com\/cs\/#website\",\"url\":\"https:\/\/www.welovecycling.com\/cs\/\",\"name\":\"\u0160koda We Love Cycling - \u010cesk\u00e1 republika\",\"description\":\"WeLoveCycling.cz je online magaz\u00edn, kter\u00fd v\u00e1m pravideln\u011b p\u0159in\u00e1\u0161\u00ed rady a tipy, zaj\u00edmav\u00e9 \u010dl\u00e1nky, videa a jedine\u010dn\u00e9 report\u00e1\u017ee ze sv\u011bta cyklistiky.\",\"potentialAction\":[{\"@type\":\"SearchAction\",\"target\":{\"@type\":\"EntryPoint\",\"urlTemplate\":\"https:\/\/www.welovecycling.com\/cs\/?s={search_term_string}\"},\"query-input\":{\"@type\":\"PropertyValueSpecification\",\"valueRequired\":true,\"valueName\":\"search_term_string\"}}],\"inLanguage\":\"cs\"},{\"@type\":\"Person\",\"@id\":\"https:\/\/www.welovecycling.com\/cs\/#\/schema\/person\/d9eeb0a378f3a7e4a6d12d2b536b04b8\",\"name\":\"radekmalina\",\"image\":{\"@type\":\"ImageObject\",\"inLanguage\":\"cs\",\"@id\":\"https:\/\/www.welovecycling.com\/cs\/#\/schema\/person\/image\/\",\"url\":\"https:\/\/secure.gravatar.com\/avatar\/66994b632cb8c39a46b9f54afa3ae07201b678d32a54275b6f1c9ffec356bfc0?s=96&d=mm&r=g\",\"contentUrl\":\"https:\/\/secure.gravatar.com\/avatar\/66994b632cb8c39a46b9f54afa3ae07201b678d32a54275b6f1c9ffec356bfc0?s=96&d=mm&r=g\",\"caption\":\"radekmalina\"},\"url\":\"https:\/\/www.welovecycling.com\/cs\/author\/radekmalina\/\"}]}<\/script>\n<!-- \/ Yoast SEO Premium plugin. -->","yoast_head_json":{"title":"Kolo a pr\u00e1\u0161ky? Bolest je informace, medikamenty k\u00a0tr\u00e9ninku nepat\u0159\u00ed | \u0160koda We Love Cycling - \u010cesk\u00e1 republika","description":"Kolo a pr\u00e1\u0161ky proti bolesti nejdou dohromady. Obecn\u011b by sportovn\u00ed na hobby \u00farovni nem\u011bli u\u017e\u00edvat medikamenty, aby mohli vyrazit v sedle. Pro\u010d?","robots":{"index":"index","follow":"follow","max-snippet":"max-snippet:-1","max-image-preview":"max-image-preview:large","max-video-preview":"max-video-preview:-1"},"canonical":"https:\/\/www.welovecycling.com\/cs\/2023\/01\/24\/kolo-a-prasky-bolest-je-informace-medikamenty-k-treninku-nepatri\/","og_locale":"cs_CZ","og_type":"article","og_title":"Kolo a pr\u00e1\u0161ky? Bolest je informace, medikamenty k\u00a0tr\u00e9ninku nepat\u0159\u00ed","og_description":"Kolo a pr\u00e1\u0161ky proti bolesti nejdou dohromady. Obecn\u011b by sportovn\u00ed na hobby \u00farovni nem\u011bli u\u017e\u00edvat medikamenty, aby mohli vyrazit v sedle. Pro\u010d?","og_url":"https:\/\/www.welovecycling.com\/cs\/2023\/01\/24\/kolo-a-prasky-bolest-je-informace-medikamenty-k-treninku-nepatri\/","og_site_name":"\u0160koda We Love Cycling - \u010cesk\u00e1 republika","article_published_time":"2023-01-24T08:02:39+00:00","og_image":[{"width":2560,"height":1920,"url":"https:\/\/d2p6e6u75xmxt8.cloudfront.net\/13\/2023\/01\/leky-tablety-scaled.webp","type":"image\/webp"}],"author":"radekmalina","twitter_card":"summary_large_image","twitter_misc":{"Written by":"Radek Malina","Est. reading time":"6"},"schema":{"@context":"https:\/\/schema.org","@graph":[{"@type":"WebPage","@id":"https:\/\/www.welovecycling.com\/cs\/2023\/01\/24\/kolo-a-prasky-bolest-je-informace-medikamenty-k-treninku-nepatri\/","url":"https:\/\/www.welovecycling.com\/cs\/2023\/01\/24\/kolo-a-prasky-bolest-je-informace-medikamenty-k-treninku-nepatri\/","name":"Kolo a pr\u00e1\u0161ky? Bolest je informace, medikamenty k\u00a0tr\u00e9ninku nepat\u0159\u00ed | \u0160koda We Love Cycling - \u010cesk\u00e1 republika","isPartOf":{"@id":"https:\/\/www.welovecycling.com\/cs\/#website"},"primaryImageOfPage":{"@id":"https:\/\/www.welovecycling.com\/cs\/2023\/01\/24\/kolo-a-prasky-bolest-je-informace-medikamenty-k-treninku-nepatri\/#primaryimage"},"image":{"@id":"https:\/\/www.welovecycling.com\/cs\/2023\/01\/24\/kolo-a-prasky-bolest-je-informace-medikamenty-k-treninku-nepatri\/#primaryimage"},"thumbnailUrl":"https:\/\/d2p6e6u75xmxt8.cloudfront.net\/13\/2023\/01\/leky-tablety-scaled.webp","datePublished":"2023-01-24T08:02:39+00:00","author":{"@id":"https:\/\/www.welovecycling.com\/cs\/#\/schema\/person\/d9eeb0a378f3a7e4a6d12d2b536b04b8"},"description":"Kolo a pr\u00e1\u0161ky proti bolesti nejdou dohromady. Obecn\u011b by sportovn\u00ed na hobby \u00farovni nem\u011bli u\u017e\u00edvat medikamenty, aby mohli vyrazit v sedle. Pro\u010d?","inLanguage":"cs","potentialAction":[{"@type":"ReadAction","target":["https:\/\/www.welovecycling.com\/cs\/2023\/01\/24\/kolo-a-prasky-bolest-je-informace-medikamenty-k-treninku-nepatri\/"]}]},{"@type":"ImageObject","inLanguage":"cs","@id":"https:\/\/www.welovecycling.com\/cs\/2023\/01\/24\/kolo-a-prasky-bolest-je-informace-medikamenty-k-treninku-nepatri\/#primaryimage","url":"https:\/\/d2p6e6u75xmxt8.cloudfront.net\/13\/2023\/01\/leky-tablety-scaled.webp","contentUrl":"https:\/\/d2p6e6u75xmxt8.cloudfront.net\/13\/2023\/01\/leky-tablety-scaled.webp","width":2560,"height":1920,"caption":"Pr\u00e1\u0161ky"},{"@type":"WebSite","@id":"https:\/\/www.welovecycling.com\/cs\/#website","url":"https:\/\/www.welovecycling.com\/cs\/","name":"\u0160koda We Love Cycling - \u010cesk\u00e1 republika","description":"WeLoveCycling.cz je online magaz\u00edn, kter\u00fd v\u00e1m pravideln\u011b p\u0159in\u00e1\u0161\u00ed rady a tipy, zaj\u00edmav\u00e9 \u010dl\u00e1nky, videa a jedine\u010dn\u00e9 report\u00e1\u017ee ze sv\u011bta cyklistiky.","potentialAction":[{"@type":"SearchAction","target":{"@type":"EntryPoint","urlTemplate":"https:\/\/www.welovecycling.com\/cs\/?s={search_term_string}"},"query-input":{"@type":"PropertyValueSpecification","valueRequired":true,"valueName":"search_term_string"}}],"inLanguage":"cs"},{"@type":"Person","@id":"https:\/\/www.welovecycling.com\/cs\/#\/schema\/person\/d9eeb0a378f3a7e4a6d12d2b536b04b8","name":"radekmalina","image":{"@type":"ImageObject","inLanguage":"cs","@id":"https:\/\/www.welovecycling.com\/cs\/#\/schema\/person\/image\/","url":"https:\/\/secure.gravatar.com\/avatar\/66994b632cb8c39a46b9f54afa3ae07201b678d32a54275b6f1c9ffec356bfc0?s=96&d=mm&r=g","contentUrl":"https:\/\/secure.gravatar.com\/avatar\/66994b632cb8c39a46b9f54afa3ae07201b678d32a54275b6f1c9ffec356bfc0?s=96&d=mm&r=g","caption":"radekmalina"},"url":"https:\/\/www.welovecycling.com\/cs\/author\/radekmalina\/"}]}},"_links":{"self":[{"href":"https:\/\/www.welovecycling.com\/cs\/wp-json\/wp\/v2\/posts\/20300","targetHints":{"allow":["GET"]}}],"collection":[{"href":"https:\/\/www.welovecycling.com\/cs\/wp-json\/wp\/v2\/posts"}],"about":[{"href":"https:\/\/www.welovecycling.com\/cs\/wp-json\/wp\/v2\/types\/post"}],"author":[{"embeddable":true,"href":"https:\/\/www.welovecycling.com\/cs\/wp-json\/wp\/v2\/users\/138"}],"replies":[{"embeddable":true,"href":"https:\/\/www.welovecycling.com\/cs\/wp-json\/wp\/v2\/comments?post=20300"}],"version-history":[{"count":2,"href":"https:\/\/www.welovecycling.com\/cs\/wp-json\/wp\/v2\/posts\/20300\/revisions"}],"predecessor-version":[{"id":20380,"href":"https:\/\/www.welovecycling.com\/cs\/wp-json\/wp\/v2\/posts\/20300\/revisions\/20380"}],"wp:featuredmedia":[{"embeddable":true,"href":"https:\/\/www.welovecycling.com\/cs\/wp-json\/wp\/v2\/media\/20375"}],"wp:attachment":[{"href":"https:\/\/www.welovecycling.com\/cs\/wp-json\/wp\/v2\/media?parent=20300"}],"wp:term":[{"taxonomy":"category","embeddable":true,"href":"https:\/\/www.welovecycling.com\/cs\/wp-json\/wp\/v2\/categories?post=20300"},{"taxonomy":"post_tag","embeddable":true,"href":"https:\/\/www.welovecycling.com\/cs\/wp-json\/wp\/v2\/tags?post=20300"},{"taxonomy":"global-categories","embeddable":true,"href":"https:\/\/www.welovecycling.com\/cs\/wp-json\/wp\/v2\/global-categories?post=20300"}],"curies":[{"name":"wp","href":"https:\/\/api.w.org\/{rel}","templated":true}]}}