{"id":20297,"date":"2023-01-27T14:00:11","date_gmt":"2023-01-27T12:00:11","guid":{"rendered":"https:\/\/www.welovecycling.com\/cs\/?p=20297"},"modified":"2023-01-27T14:50:50","modified_gmt":"2023-01-27T12:50:50","slug":"petr-kelemen","status":"publish","type":"post","link":"https:\/\/www.welovecycling.com\/cs\/2023\/01\/27\/petr-kelemen\/","title":{"rendered":"Petr Kelemen a jeho mise v\u00a0Tudoru Fabiana Cancellary: Cht\u011bj\u00ed ze m\u011b ud\u011blat superdomestika"},"content":{"rendered":"<p><strong>S\u00e1zka na jednu kartu se vyplatila. Petr Kelemen se t\u011b\u0161\u00ed na dva roky ve \u0161v\u00fdcarsk\u00e9 formaci Tudor, jej\u00edm\u017e \u0161\u00e9fem je legend\u00e1rn\u00ed Fabian Cancellara. Dvaadvacetilet\u00fd mistr republiky do t\u0159iadvaceti let si v\u00a0t\u00fdmu vybojoval v\u00fdsadn\u00ed pozici.<\/strong><\/p>\n<p>B\u00fdval\u00fd z\u00e1vodn\u00edk pra\u017esk\u00e9 Dukly, polsk\u00e9ho CCC a Elkovu vypravuje pro We Love Cycling o svoj\u00ed univerz\u00e1lnosti, tr\u00e9ninkov\u00e9m programu, mo\u017en\u00e9 \u00fa\u010dasti na \u00favodn\u00edm Monumentu sezony, sledov\u00e1n\u00ed z\u00e1pas\u016f fotbalov\u00e9ho mistrovstv\u00ed sv\u011bta po boku slavn\u00e9ho cyklistick\u00e9ho Spartakuse \u010di d\u016fvodu, pro\u010d mu tren\u00e9\u0159i nad\u00e1vaj\u00ed kv\u016fli nasazen\u00ed v\u00a0tr\u00e9ninku.<\/p>\n<h2><strong>Pet\u0159e v\u00e1\u0161 t\u00fdm Tudor bude v\u00a0leto\u0161n\u00edm roce fungovat jako prokontinent\u00e1ln\u00ed. Jak moc se zm\u011bn\u00ed va\u0161e pozice proti minul\u00e9 sezony, kdy jste byli o stupe\u0148 n\u00ed\u017ee?<\/strong><\/h2>\n<p>Za\u010d\u00edn\u00e1 velk\u00e9 z\u00e1vod\u011bn\u00ed&#8230; M\u00e1m pevn\u011b nastaven\u00fd p\u016flro\u010dn\u00ed program a\u017e do mistrovstv\u00ed republiky. B\u011bhem minul\u00e9 sezony v\u00a0t\u0159iadvac\u00edtce to bylo v\u0161echno otev\u0159en\u00e9. Jasn\u011b, m\u011bli jsme stanovenou taktiku, ale hodn\u011b z\u00e1le\u017eelo na pocitech ka\u017ed\u00e9ho kluka. Jak se mu jelo v\u00a0dan\u00fd okam\u017eik. Te\u010f se mus\u00edm p\u0159epnout, \u017ee u\u017e to nen\u00ed jen o mn\u011b a m\u00e9m v\u00fdsledku. Budu m\u00edt jasn\u011b danou \u00falohu. Nebudu ocen\u011bn\u00fd za v\u00fdsledek v\u00a0c\u00edli, ale za spln\u011bn\u00ed t\u00fdmov\u00fdch \u00fakol\u016f.<\/p>\n<figure id=\"attachment_20339\" aria-describedby=\"caption-attachment-20339\" style=\"width: 1920px\" class=\"wp-caption alignnone\"><a href=\"https:\/\/d2p6e6u75xmxt8.cloudfront.net\/13\/2023\/01\/Kelemen-BrychtaJan_MR_MCR_MSR_U23_Ceska_Trebova_20220716_161520_DSC_7431.webp\"><img loading=\"lazy\" decoding=\"async\" class=\"size-extra-large wp-image-20339\" src=\"https:\/\/d2p6e6u75xmxt8.cloudfront.net\/13\/2023\/01\/Kelemen-BrychtaJan_MR_MCR_MSR_U23_Ceska_Trebova_20220716_161520_DSC_7431-1920x1282.webp\" alt=\"Petr Kelemen\" width=\"1920\" height=\"1282\" srcset=\"https:\/\/d2p6e6u75xmxt8.cloudfront.net\/13\/2023\/01\/Kelemen-BrychtaJan_MR_MCR_MSR_U23_Ceska_Trebova_20220716_161520_DSC_7431-1920x1282.webp 1920w, https:\/\/d2p6e6u75xmxt8.cloudfront.net\/13\/2023\/01\/Kelemen-BrychtaJan_MR_MCR_MSR_U23_Ceska_Trebova_20220716_161520_DSC_7431-300x200.webp 300w, https:\/\/d2p6e6u75xmxt8.cloudfront.net\/13\/2023\/01\/Kelemen-BrychtaJan_MR_MCR_MSR_U23_Ceska_Trebova_20220716_161520_DSC_7431-1024x684.webp 1024w, https:\/\/d2p6e6u75xmxt8.cloudfront.net\/13\/2023\/01\/Kelemen-BrychtaJan_MR_MCR_MSR_U23_Ceska_Trebova_20220716_161520_DSC_7431-768x513.webp 768w, https:\/\/d2p6e6u75xmxt8.cloudfront.net\/13\/2023\/01\/Kelemen-BrychtaJan_MR_MCR_MSR_U23_Ceska_Trebova_20220716_161520_DSC_7431-1536x1025.webp 1536w, https:\/\/d2p6e6u75xmxt8.cloudfront.net\/13\/2023\/01\/Kelemen-BrychtaJan_MR_MCR_MSR_U23_Ceska_Trebova_20220716_161520_DSC_7431-272x182.webp 272w, https:\/\/d2p6e6u75xmxt8.cloudfront.net\/13\/2023\/01\/Kelemen-BrychtaJan_MR_MCR_MSR_U23_Ceska_Trebova_20220716_161520_DSC_7431.webp 2000w, https:\/\/d2p6e6u75xmxt8.cloudfront.net\/13\/2023\/01\/Kelemen-BrychtaJan_MR_MCR_MSR_U23_Ceska_Trebova_20220716_161520_DSC_7431-1920x1282.webp 1920w\" sizes=\"auto, (max-width: 1920px) 100vw, 1920px\" \/><\/a><figcaption id=\"caption-attachment-20339\" class=\"wp-caption-text\"><em>Petr Kelemen b\u011bhem \u0161ampion\u00e1tu \u010cesk\u00e9 republiky do 23 let v \u010cesk\u00e9 T\u0159ebov\u00e9.\u00a0<\/em><\/figcaption><\/figure>\n<h2><strong>\u0158ekli tren\u00e9\u0159i, co od v\u00e1s o\u010dek\u00e1vaj\u00ed?<\/strong><\/h2>\n<p>M\u00fdm hlavn\u00edm \u00fakolem bude sb\u00edr\u00e1n\u00ed zku\u0161enost\u00ed ve velk\u00fdch z\u00e1vodech. Cht\u011bj\u00ed, abych se s\u017eil s\u00a0velkou cyklistikou. Bude to velk\u00fd skok. Ale neboj\u00edm se. T\u011b\u0161\u00edm se na z\u00e1vody s\u00a0t\u011bmi nejlep\u0161\u00edmi a nejv\u011bt\u0161\u00edmi hv\u011bzdami.<\/p>\n<h2><strong>\u010casto se \u0159e\u0161\u00ed ot\u00e1zka va\u0161eho zam\u011b\u0159en\u00ed. <\/strong><\/h2>\n<p>Jsem hodn\u011b v\u0161estrann\u00fd. Um\u00edm p\u0159ejet velk\u00e9 kopce, zvl\u00e1d\u00e1m \u010dasovku, dok\u00e1\u017eu zaspurtovat. Tren\u00e9r ze m\u011b chce ud\u011blat superdomestika. Ale popravd\u011b, \u00fapln\u011b se mi to nezamlouv\u00e1. Nicm\u00e9n\u011b z\u00e1le\u017e\u00ed, jakou budu m\u00edt v\u00fdkonnost.<\/p>\n<h2><strong>Jste v\u00a0pozici, abyste si mohl ur\u010dovat \u00falohu v\u00a0t\u00fdmu?<\/strong><\/h2>\n<p>Mus\u00edm to skousnout a situaci p\u0159ijmout, jak je. Nen\u00ed snadn\u00e9 si \u0159\u00edct, \u017ee p\u0159estanu jezdit na z\u00e1vody s\u00a0c\u00edlem vyhr\u00e1vat. Ale j\u00e1 jsem t\u00fdmov\u00fd hr\u00e1\u010d. Kdy\u017e jsme m\u011bli pohovory s\u00a0tren\u00e9ry a sportovn\u00edmi \u0159editeli, na prvn\u00ed dobrou jsem vyst\u0159elil, \u017ee chci uk\u00e1zat sv\u016fj p\u0159\u00ednos pro t\u00fdm, slavit v\u00edt\u011bzstv\u00ed s t\u00fdmem a nechci nic dokazovat sob\u011b. Pokud je n\u011bkdo lep\u0161\u00ed ne\u017e j\u00e1 a m\u00e1 \u0161anci vyhr\u00e1t, nem\u00e1m probl\u00e9m se ob\u011btovat.<\/p>\n<figure id=\"attachment_20337\" aria-describedby=\"caption-attachment-20337\" style=\"width: 1920px\" class=\"wp-caption alignnone\"><a href=\"https:\/\/d2p6e6u75xmxt8.cloudfront.net\/13\/2023\/01\/Kelemen-BrychtaJan_MR_MCR_MSR_Kovarov_20220626_135355_DSC_2165.webp\"><img loading=\"lazy\" decoding=\"async\" class=\"size-extra-large wp-image-20337\" src=\"https:\/\/d2p6e6u75xmxt8.cloudfront.net\/13\/2023\/01\/Kelemen-BrychtaJan_MR_MCR_MSR_Kovarov_20220626_135355_DSC_2165-1920x1278.webp\" alt=\"Petr Kelemen\" width=\"1920\" height=\"1278\" srcset=\"https:\/\/d2p6e6u75xmxt8.cloudfront.net\/13\/2023\/01\/Kelemen-BrychtaJan_MR_MCR_MSR_Kovarov_20220626_135355_DSC_2165-1920x1278.webp 1920w, https:\/\/d2p6e6u75xmxt8.cloudfront.net\/13\/2023\/01\/Kelemen-BrychtaJan_MR_MCR_MSR_Kovarov_20220626_135355_DSC_2165-300x200.webp 300w, https:\/\/d2p6e6u75xmxt8.cloudfront.net\/13\/2023\/01\/Kelemen-BrychtaJan_MR_MCR_MSR_Kovarov_20220626_135355_DSC_2165-1024x681.webp 1024w, https:\/\/d2p6e6u75xmxt8.cloudfront.net\/13\/2023\/01\/Kelemen-BrychtaJan_MR_MCR_MSR_Kovarov_20220626_135355_DSC_2165-768x511.webp 768w, https:\/\/d2p6e6u75xmxt8.cloudfront.net\/13\/2023\/01\/Kelemen-BrychtaJan_MR_MCR_MSR_Kovarov_20220626_135355_DSC_2165-1536x1022.webp 1536w, https:\/\/d2p6e6u75xmxt8.cloudfront.net\/13\/2023\/01\/Kelemen-BrychtaJan_MR_MCR_MSR_Kovarov_20220626_135355_DSC_2165-272x182.webp 272w, https:\/\/d2p6e6u75xmxt8.cloudfront.net\/13\/2023\/01\/Kelemen-BrychtaJan_MR_MCR_MSR_Kovarov_20220626_135355_DSC_2165.webp 2000w, https:\/\/d2p6e6u75xmxt8.cloudfront.net\/13\/2023\/01\/Kelemen-BrychtaJan_MR_MCR_MSR_Kovarov_20220626_135355_DSC_2165-1920x1278.webp 1920w\" sizes=\"auto, (max-width: 1920px) 100vw, 1920px\" \/><\/a><figcaption id=\"caption-attachment-20337\" class=\"wp-caption-text\"><em>Petr Kelemen v barv\u00e1ch \u0161v\u00fdcarsk\u00e9ho t\u00fdmu Tudor tradi\u010dn\u011b v \u00faniku.<\/em><\/figcaption><\/figure>\n<h2><strong>Tro\u0161ku se v\u00e1m mo\u017en\u00e1 vymstila obrovsk\u00e1 univerz\u00e1lnost.<\/strong><\/h2>\n<p>P\u0159ed ka\u017edou sezonou se sna\u017e\u00edm naj\u00edt odpov\u011b\u010f, jestli jsem vrcha\u0159, klasik\u00e1\u0159&#8230; Jen\u017ee j\u00e1 se na nic nespecializuji. Jsem takov\u00fd neslan\u00fd nemastn\u00fd.<\/p>\n<h2><strong>Neslan\u00fd nemastn\u00fd&#8230; To sp\u00ed\u0161e sed\u00ed na n\u011bkoho, kdo jezd\u00ed na chvostu a nen\u00ed vid\u011bt. Vy jste p\u0159i \u201emal\u00e9m\u201c Strade Bianche dojel druh\u00fd, v\u00edce ne\u017e stokilometrov\u00fdm \u00fanikem ovl\u00e1dl mistrovstv\u00ed republiky do 23 let, \u010dtvrtou p\u0159\u00ed\u010dku bral p\u0159i p\u0159et\u011b\u017ek\u00e9 jednor\u00e1zovce La Maurienne.<\/strong><\/h2>\n<p>Ten posledn\u00ed zm\u00edn\u011bn\u00fd z\u00e1vod byl hodn\u011b vtipn\u00fd. \u010cty\u0159i kopce z\u00a0Tour de France, dva druh\u00e9 kategorie, dva prvn\u00ed. A j\u00e1 hned v \u00favodn\u00edm kopci odpadnul. Ale postupn\u011b jsem se zm\u00e1to\u0159il, rozjel se a m\u00e1lem v\u0161echny posekal. Tren\u00e9\u0159i v\u011bd\u00ed, \u017ee m\u00e1m super \u010dasovku. Jsem dobr\u00fd do sprintu kv\u016fli za\u010d\u00e1tk\u016fm na dr\u00e1ze. A to je i d\u016fvod, pro\u010d je t\u011b\u017ek\u00e9 m\u011b urvat na rovin\u011b. A kopec taky p\u0159ejedu. J\u00e1 mysl\u00edm, \u017ee univerz\u00e1lnost je v\u00fdhoda. Jen se s\u00a0t\u00edm \u010dlov\u011bk mus\u00ed nau\u010dit pracovat.<\/p>\n<h2><strong>Charakteristika, kter\u00e1 tro\u0161ku kop\u00edruje i va\u0161eho \u0161\u00e9fa, j\u00edm\u017e nen\u00ed nikdo jin\u00fd ne\u017e Fabian Cancellara. Borec, jen\u017e vyhr\u00e1l Flandry, Roubaix, Mil\u00e1n-San Remo, opakovan\u011b \u010dasovku na MS i olympijsk\u00fdch hr\u00e1ch \u010di etapy na Tour de France, kde vozil i \u017elut\u00fd trikot. Jak\u00fd na v\u00e1s ud\u011blal dojem?<\/strong><\/h2>\n<p>Kdy\u017e jsem p\u0159ed startem minul\u00e9 sezony p\u0159i\u0161el, tak v\u0161ichni \u0159\u00edkali, \u017ee je Fabian v\u00a0t\u00fdmu jenom na marketing. Ale byl jsem p\u0159ekvapen\u00fd, kolik \u010dasu s\u00a0n\u00e1mi tr\u00e1vil. B\u011bhem soust\u0159ed\u011bn\u00ed z\u016fstal p\u011bt dn\u016f a jezdil s\u00a0n\u00e1mi i tr\u00e9ninky. J\u00e1 se zapsal hned na prvn\u00edm, kdy\u017e Fabian p\u0159i\u0161el a \u0159ekl tren\u00e9r\u016fm, \u017ee soubor s\u00a0GPX body napl\u00e1novan\u00e9 trasy nepot\u0159ebuje. A jak jsem od p\u0159\u00edrody tro\u0161ku drz\u00fd, tak mu \u0159\u00edk\u00e1m: A co kdy\u017e se ztrat\u00ed\u0161&#8230;<\/p>\n<div class=\"shortcode-ys-post-pinup\"><article class=\"loop-simple post-19604 post type-post status-publish format-standard has-post-thumbnail hentry category-silnicni-cyklistika tag-cyklistika tag-karel-vacek tag-markel-irizar tag-mathias-vacek tag-mistrovstvi-sveta tag-silnicni-cyklistika tag-sumava tag-tour-de-lavenir tag-trek-segafredo tag-trenink tag-zavod-miru global-categories-cycling\" data-postid=\"19604\" role=\"article\" data-post-id=\"19604\" data-word-count=\"1038\" data-headline-length=\"87\" data-category=\"Silni\u010dn\u00ed cyklistika\" data-global-category=\"Cycling\" data-author=\"Radek Malina\" data-published=\"2022-11-14T05:00:16+02:00\" data-published-day=\"Monday\">\n    <div class=\"entry-thumbnail article-thumbnail\" content=\"https:\/\/d2p6e6u75xmxt8.cloudfront.net\/13\/2022\/11\/WLC_Mathias-Vacek_006-150x150.webp\"><a href=\"https:\/\/www.welovecycling.com\/cs\/2022\/11\/14\/mathias-vacek-a-jeho-sumavske-kralovstvi-u-vicemistra-sveta-jemuz-prali-smrt\/\" class=\"image-holder\" target=\"_self\"><img decoding=\"async\" loading=\"lazy\" class=\"\" src=\"https:\/\/d2p6e6u75xmxt8.cloudfront.net\/13\/2022\/11\/WLC_Mathias-Vacek_006-1024x683.webp\" srcset=\"https:\/\/d2p6e6u75xmxt8.cloudfront.net\/13\/2022\/11\/WLC_Mathias-Vacek_006.webp 2000w, https:\/\/d2p6e6u75xmxt8.cloudfront.net\/13\/2022\/11\/WLC_Mathias-Vacek_006-300x200.webp 300w, https:\/\/d2p6e6u75xmxt8.cloudfront.net\/13\/2022\/11\/WLC_Mathias-Vacek_006-1024x683.webp 1024w, https:\/\/d2p6e6u75xmxt8.cloudfront.net\/13\/2022\/11\/WLC_Mathias-Vacek_006-768x512.webp 768w, https:\/\/d2p6e6u75xmxt8.cloudfront.net\/13\/2022\/11\/WLC_Mathias-Vacek_006-1536x1025.webp 1536w, https:\/\/d2p6e6u75xmxt8.cloudfront.net\/13\/2022\/11\/WLC_Mathias-Vacek_006-1920x1281.webp 1920w, https:\/\/d2p6e6u75xmxt8.cloudfront.net\/13\/2022\/11\/WLC_Mathias-Vacek_006-272x182.webp 272w, https:\/\/d2p6e6u75xmxt8.cloudfront.net\/13\/2022\/11\/WLC_Mathias-Vacek_006-1920x1281.webp 1920w\" width=\"1024\" height=\"683\" sizes=\"auto, (min-width: 1200px) 300px, (min-width: 768px) 25vw, 100vw\" alt=\"mathias-vacek-a-jeho-sumavske-kralovstvi-u-vicemistra-sveta-jemuz-prali-smrt\"\/><\/a><\/div>    <div class=\"entry-meta\">\n        <a class=\"label label-secondary post-category\" href=\"https:\/\/www.welovecycling.com\/cs\/category\/silnicni-cyklistika\/\" title=\"Silni\u010dn\u00ed cyklistika\">Silni\u010dn\u00ed cyklistika<\/a>\n    <\/div>\n    <div class=\"entry-details\">\n        <a href=\"https:\/\/www.welovecycling.com\/cs\/2022\/11\/14\/mathias-vacek-a-jeho-sumavske-kralovstvi-u-vicemistra-sveta-jemuz-prali-smrt\/\" class='entry-title-wrapper'>\n            <h3 class=\"entry-title\"><span>U vicemistra sv\u011bta, jemu\u017e p\u0159\u00e1li smrt! Mathias Vacek a jeho \u0161umavsk\u00e9 kr\u00e1lovstv\u00ed.<\/span><\/h3>\n        <\/a>\n    <\/div>\n    <\/article>\n<\/div>\n<h2><strong>P\u0159e\u0161el v\u0161echno nebo n\u011bjak reagoval?<\/strong><\/h2>\n<p>V\u0161ichni se na m\u011b pod\u00edvali, tak jsem se zarazil, jestli jsem to tro\u0161ku nep\u0159ehnal. Fabian se jen usm\u00e1l a \u0159ekl, \u017ee v\u00a0p\u0159\u00edpad\u011b nouze mi zavol\u00e1&#8230; Pak jsme u Denie jeli kopec, on mi p\u0159ijel k\u00a0zadn\u00edmu kolu a \u0159\u00edk\u00e1: Te\u010f se za tebou povezu chlape\u010dku. U\u017e tak jsem byl v\u00a0nervu, proto\u017ee n\u00e1s \u010dekal dvacetiminutov\u00fd z\u00e1t\u011b\u017eov\u00fd test. Ale utrhnul jsem ho po \u010dty\u0159ech minut\u00e1ch. Mo\u017en\u00e1 jsem si ho svoj\u00ed bezprost\u0159ednost\u00ed z\u00edskal, proto\u017ee kdy\u017e jsem pak ladil posed na \u010dasovk\u00e1\u0159sk\u00e9m kole, jel za mnou v\u00a0aut\u011b a radil mi. M\u00e1m pocit, \u017ee se mnou komunikuje v\u00edce ne\u017e s\u00a0ostatn\u00edmi.<\/p>\n<h2><strong>Jak se to projevuje?<\/strong><\/h2>\n<p>Te\u010f na soust\u0159ed\u011bn\u00ed p\u0159i\u0161el, sednul si ke mn\u011b a za\u010dal mi vykl\u00e1dat, jak\u00e9 m\u011bl V\u00e1noce. \u0158\u00edkal, \u017ee se po\u0159\u00e1d jenom cpal a stra\u0161n\u011b p\u0159ibral. Ptal se na rodinu, \u0159e\u0161il se mnou zdravotn\u00ed probl\u00e9my, kter\u00e9 jsem m\u011bl b\u011bhem druh\u00e9 p\u016flky minul\u00e9 sezony. A proto\u017ee b\u011bhem prosincov\u00e9ho kempu prob\u00edhalo mistrovstv\u00ed sv\u011bta, sledovali jsme spolu z\u00e1pasy. Na tr\u00e9ninku s\u00a0n\u00edm jezd\u00edm ve dvojici. A b\u011bhem posledn\u00edho kempu mi vr\u00e1til m\u016fj rok star\u00fd vt\u00edpek.<\/p>\n<figure id=\"attachment_20350\" aria-describedby=\"caption-attachment-20350\" style=\"width: 1920px\" class=\"wp-caption alignnone\"><a href=\"https:\/\/d2p6e6u75xmxt8.cloudfront.net\/13\/2023\/01\/kelemen-BrychtaJan_MR_MCR_MSR_Kovarov_ITT_20220623_135835_DSC_9082.webp\"><img loading=\"lazy\" decoding=\"async\" class=\"size-extra-large wp-image-20350\" src=\"https:\/\/d2p6e6u75xmxt8.cloudfront.net\/13\/2023\/01\/kelemen-BrychtaJan_MR_MCR_MSR_Kovarov_ITT_20220623_135835_DSC_9082-1920x1278.webp\" alt=\"Petr Kelemen\" width=\"1920\" height=\"1278\" srcset=\"https:\/\/d2p6e6u75xmxt8.cloudfront.net\/13\/2023\/01\/kelemen-BrychtaJan_MR_MCR_MSR_Kovarov_ITT_20220623_135835_DSC_9082-1920x1278.webp 1920w, https:\/\/d2p6e6u75xmxt8.cloudfront.net\/13\/2023\/01\/kelemen-BrychtaJan_MR_MCR_MSR_Kovarov_ITT_20220623_135835_DSC_9082-300x200.webp 300w, https:\/\/d2p6e6u75xmxt8.cloudfront.net\/13\/2023\/01\/kelemen-BrychtaJan_MR_MCR_MSR_Kovarov_ITT_20220623_135835_DSC_9082-1024x681.webp 1024w, https:\/\/d2p6e6u75xmxt8.cloudfront.net\/13\/2023\/01\/kelemen-BrychtaJan_MR_MCR_MSR_Kovarov_ITT_20220623_135835_DSC_9082-768x511.webp 768w, https:\/\/d2p6e6u75xmxt8.cloudfront.net\/13\/2023\/01\/kelemen-BrychtaJan_MR_MCR_MSR_Kovarov_ITT_20220623_135835_DSC_9082-1536x1022.webp 1536w, https:\/\/d2p6e6u75xmxt8.cloudfront.net\/13\/2023\/01\/kelemen-BrychtaJan_MR_MCR_MSR_Kovarov_ITT_20220623_135835_DSC_9082-272x182.webp 272w, https:\/\/d2p6e6u75xmxt8.cloudfront.net\/13\/2023\/01\/kelemen-BrychtaJan_MR_MCR_MSR_Kovarov_ITT_20220623_135835_DSC_9082.webp 2000w, https:\/\/d2p6e6u75xmxt8.cloudfront.net\/13\/2023\/01\/kelemen-BrychtaJan_MR_MCR_MSR_Kovarov_ITT_20220623_135835_DSC_9082-1920x1278.webp 1920w\" sizes=\"auto, (max-width: 1920px) 100vw, 1920px\" \/><\/a><figcaption id=\"caption-attachment-20350\" class=\"wp-caption-text\"><em>Petr Kelemen na \u010dasovk\u00e1\u0159sk\u00e9m speci\u00e1lu z\u00edskal st\u0159\u00edbro z mistrovstv\u00ed republiky do 23 let.<\/em><\/figcaption><\/figure>\n<h2><strong>Prozrad\u00edte jak?<\/strong><\/h2>\n<p>P\u0159i\u0161el jsem tro\u0161ku pozd\u011b na tr\u00e9nink, doj\u00ed\u017ed\u011bl jsem skupinu. Najednou se kolem m\u011b prohnal borec a hul\u00e1k\u00e1 \u010desky: P\u0159idej vole! Byl to Cancellara. Um\u00ed toti\u017e p\u00e1r fr\u00e1z\u00ed v\u00a0\u010de\u0161tin\u011b. Zn\u00e1 i historii Z\u00e1vodu m\u00edru. Jeho s\u00e9gra se provdala do Mikulova. On je v\u00a0jednom kole. Bu\u010f n\u011bco fot\u00ed, nat\u00e1\u010d\u00ed, d\u00e1v\u00e1 rozhovory. Ohromn\u011b oce\u0148uji, \u017ee si takov\u00fd borec najde prostor a tr\u00e1v\u00ed s\u00a0n\u00e1mi hodn\u011b \u010dasu.<\/p>\n<h2><strong>Vy jste musel ud\u011blat evidentn\u011b velk\u00fd dojem, proto\u017ee na dvaceti\u010dlenn\u00e9 soupisce z\u016fstala krom\u011b jm\u00e9na Petr Kelemen jen \u010dty\u0159i dal\u0161\u00ed z\u00a0lo\u0148sk\u00e9 sezony. Berete setrv\u00e1n\u00ed jako vyznamen\u00e1n\u00ed?<\/strong><\/h2>\n<p>Ano. Kdy\u017e si to \u010dlov\u011bk uv\u011bdom\u00ed, zah\u0159eje na srdci, \u017ee mohu b\u00fdt v\u00a0takov\u00e9 sestav\u011b. P\u0159i\u0161li k\u00a0n\u00e1m Reichenbach a Bohli, kte\u0159\u00ed byli osm sezon ve World Tour. Pak je\u0161t\u011b Pellaud a Kamp z\u00a0Treku. J\u00e1 jsem nav\u00edc v\u00a0Tudoru jedin\u00fd z\u00a0v\u00fdchodn\u00ed Evropy.<\/p>\n<h2><strong>O va\u0161\u00ed pevn\u00e9 pozici sv\u011bd\u010d\u00ed fakt, \u017ee jste byl jedn\u00edm ze z\u00e1vodn\u00edk\u016f, kte\u0159\u00ed byli p\u0159i tajn\u00fdch p\u0159\u00edprav\u00e1ch prezentace nov\u00e9ho sponzora.<\/strong><\/h2>\n<p>Minul\u00fd rok v\u00a0kv\u011btnu n\u00e1s nalo\u017eili do auta a vyrazili jsme do Sionu. Tam jsme dostali k\u00a0podpisu pap\u00edry o ml\u010denlivosti. Byli jsme v\u0161ichni tro\u0161ku vyjukan\u00ed, co se d\u011bje. A vlastn\u011b a\u017e tam jsme zjistili, \u017ee Tudor bude nov\u00fdm sponzorem a n\u00e1sledn\u011b se posuneme mezi prokontinent\u00e1ln\u00ed t\u00fdmy. J\u00e1 dostal nab\u00eddku kontraktu na dva roky. Chv\u00edli jsem v\u00e1hal, proto\u017ee jsem m\u011bl super formu. Necht\u011bl jsem se ukvapit. Ale Tudor m\u00e1 jasnou vizi do dal\u0161\u00edch let. Koncepci. Je to \u0161v\u00fdcarsk\u00fd t\u00fdm. T\u011b\u017eko bych hledal n\u011bco lep\u0161\u00edho.<\/p>\n<div class=\"shortcode-ys-post-pinup\"><article class=\"loop-simple post-20141 post type-post status-publish format-standard has-post-thumbnail hentry category-horska-cyklistika tag-anna-slancova tag-cyklistika tag-fourcross tag-horska-cyklistika tag-pad tag-poraneni-michy tag-rehabilitace tag-val-di-sole global-categories-cycling\" data-postid=\"20141\" role=\"article\" data-post-id=\"20141\" data-word-count=\"742\" data-headline-length=\"88\" data-category=\"Horsk\u00e1 cyklistika\" data-global-category=\"Cycling\" data-author=\"Jan Kr\u016fta\" data-published=\"2023-01-06T09:06:51+02:00\" data-published-day=\"Friday\">\n    <div class=\"entry-thumbnail article-thumbnail\" content=\"https:\/\/d2p6e6u75xmxt8.cloudfront.net\/13\/2023\/01\/anna-slancova-2-150x150.webp\"><a href=\"https:\/\/www.welovecycling.com\/cs\/2023\/01\/06\/anna-slancova-je-po-tezkem-padu-na-voziku-verim-ze-zase-budu-chodit-i-jezdit\/\" class=\"image-holder\" target=\"_self\"><img decoding=\"async\" loading=\"lazy\" class=\"\" src=\"https:\/\/d2p6e6u75xmxt8.cloudfront.net\/13\/2023\/01\/anna-slancova-2.webp\" srcset=\"https:\/\/d2p6e6u75xmxt8.cloudfront.net\/13\/2023\/01\/anna-slancova-2.webp 800w, https:\/\/d2p6e6u75xmxt8.cloudfront.net\/13\/2023\/01\/anna-slancova-2-300x200.webp 300w, https:\/\/d2p6e6u75xmxt8.cloudfront.net\/13\/2023\/01\/anna-slancova-2-768x513.webp 768w, https:\/\/d2p6e6u75xmxt8.cloudfront.net\/13\/2023\/01\/anna-slancova-2-272x182.webp 272w\" width=\"800\" height=\"534\" sizes=\"auto, (min-width: 1200px) 300px, (min-width: 768px) 25vw, 100vw\" alt=\"anna-slancova-je-po-tezkem-padu-na-voziku-verim-ze-zase-budu-chodit-i-jezdit\"\/><\/a><\/div>    <div class=\"entry-meta\">\n        <a class=\"label label-secondary post-category\" href=\"https:\/\/www.welovecycling.com\/cs\/category\/horska-cyklistika\/\" title=\"Horsk\u00e1 cyklistika\">Horsk\u00e1 cyklistika<\/a>\n    <\/div>\n    <div class=\"entry-details\">\n        <a href=\"https:\/\/www.welovecycling.com\/cs\/2023\/01\/06\/anna-slancova-je-po-tezkem-padu-na-voziku-verim-ze-zase-budu-chodit-i-jezdit\/\" class='entry-title-wrapper'>\n            <h3 class=\"entry-title\"><span>Anna Slancov\u00e1 je po t\u011b\u017ek\u00e9m p\u00e1du na voz\u00edku: V\u011b\u0159\u00edm, \u017ee zase budu chodit i jezdit<\/span><\/h3>\n        <\/a>\n    <\/div>\n    <\/article>\n<\/div>\n<h2><strong>Do sv\u011bta jste ode\u0161el u\u017e v\u00a0osmn\u00e1cti, kdy\u017e jste podepsal smlouvu v\u00a0polsk\u00e9m CCC. Tam jste vydr\u017eel rok, n\u00e1sledn\u011b t\u00fdm zkrachoval. Po roce v\u00a0dom\u00e1c\u00edm Elkovu jste se upsal pr\u00e1v\u011b Tudoru, tehdy je\u0161t\u011b kontinent\u00e1ln\u00edmu. Je ve va\u0161ich o\u010d\u00edch odchod v\u00a0juniorsk\u00e9m v\u011bku spr\u00e1vnou cestu?<\/strong><\/h2>\n<p>Dlouho jsem kop\u00edroval br\u00e1chu. Jezdil BMX, pak dr\u00e1hu. Ta je v\u0161ude ve sv\u011bt\u011b podporovan\u00e1. Ale v\u00a0\u010cesku? Hr\u016fza. Cht\u011bl jsem kombinovat dr\u00e1hu a silnici. Jen\u017ee jsem vid\u011bl br\u00e1chu. Ka\u017ed\u00fd rok stejn\u00e9 z\u00e1vody, mo\u017enost postupu prakticky nulov\u00e1. A tak jsem se rozhodl pro silnici. Mohl jsem j\u00edt do \u0160v\u00fdcarska u\u017e po krachu CCC, jen\u017ee tehdy byl projekt \u00fapln\u011b nov\u00fd a j\u00e1 se b\u00e1l, abych za rok zase nehledal nov\u00fd t\u00fdm. Kdy\u017e se pak ozvali b\u011bhem m\u00e9ho p\u016fsoben\u00ed v Hradci, u\u017e jsem nev\u00e1hal. Byl jsem sice v\u00a0kontaktu je\u0161t\u011b s\u00a0Astanou a DSM, ale cesta p\u0159es kontinent\u00e1ln\u00ed t\u00fdm do t\u0159iadvaceti let d\u00e1vala smysl. Vsadil jsem v\u0161echno na jednu kartu. A vyplatilo se.<\/p>\n<h2><strong>M\u00e1te u\u017e p\u0159edstavu o programu, kter\u00fd absolvujete?<\/strong><\/h2>\n<p>Za\u010dnu v\u00a0lednu jednor\u00e1zovkou v\u00a0Marseille, pak m\u011b \u010dekaj\u00ed z\u00e1vody v\u00a0Almerii a Murcii, n\u00e1sledovat bude etap\u00e1k Kolem Algarve. M\u011bl bych jet Strade Bianche, vylou\u010dena nen\u00ed klasika Mil\u00e1n-San Remo, n\u00e1sledn\u011b Coppi Bartali, Tour de Bretagne a jednor\u00e1zovky ve Francii a Nizozemsku. Jen\u017ee pl\u00e1n je jedna v\u011bc a realita druh\u00e1. V\u00a0programu m\u00e1me i Amstel, Brabantsk\u00fd \u0161\u00edp, Tirreno, Kolem \u0160v\u00fdcarska a Kolem Romandie.<\/p>\n<p><a href=\"https:\/\/d2p6e6u75xmxt8.cloudfront.net\/13\/2023\/01\/Kelemen-BrychtaJan_MR_MCR_MSR_U23_Ceska_Trebova_20220716_165844_DSC_7466.webp\"><img loading=\"lazy\" decoding=\"async\" class=\"alignnone size-extra-large wp-image-20342\" src=\"https:\/\/d2p6e6u75xmxt8.cloudfront.net\/13\/2023\/01\/Kelemen-BrychtaJan_MR_MCR_MSR_U23_Ceska_Trebova_20220716_165844_DSC_7466-1920x1282.webp\" alt=\"\" width=\"1920\" height=\"1282\" srcset=\"https:\/\/d2p6e6u75xmxt8.cloudfront.net\/13\/2023\/01\/Kelemen-BrychtaJan_MR_MCR_MSR_U23_Ceska_Trebova_20220716_165844_DSC_7466-1920x1282.webp 1920w, https:\/\/d2p6e6u75xmxt8.cloudfront.net\/13\/2023\/01\/Kelemen-BrychtaJan_MR_MCR_MSR_U23_Ceska_Trebova_20220716_165844_DSC_7466-300x200.webp 300w, https:\/\/d2p6e6u75xmxt8.cloudfront.net\/13\/2023\/01\/Kelemen-BrychtaJan_MR_MCR_MSR_U23_Ceska_Trebova_20220716_165844_DSC_7466-1024x684.webp 1024w, https:\/\/d2p6e6u75xmxt8.cloudfront.net\/13\/2023\/01\/Kelemen-BrychtaJan_MR_MCR_MSR_U23_Ceska_Trebova_20220716_165844_DSC_7466-768x513.webp 768w, https:\/\/d2p6e6u75xmxt8.cloudfront.net\/13\/2023\/01\/Kelemen-BrychtaJan_MR_MCR_MSR_U23_Ceska_Trebova_20220716_165844_DSC_7466-1536x1025.webp 1536w, https:\/\/d2p6e6u75xmxt8.cloudfront.net\/13\/2023\/01\/Kelemen-BrychtaJan_MR_MCR_MSR_U23_Ceska_Trebova_20220716_165844_DSC_7466-272x182.webp 272w, https:\/\/d2p6e6u75xmxt8.cloudfront.net\/13\/2023\/01\/Kelemen-BrychtaJan_MR_MCR_MSR_U23_Ceska_Trebova_20220716_165844_DSC_7466.webp 2000w, https:\/\/d2p6e6u75xmxt8.cloudfront.net\/13\/2023\/01\/Kelemen-BrychtaJan_MR_MCR_MSR_U23_Ceska_Trebova_20220716_165844_DSC_7466-1920x1282.webp 1920w\" sizes=\"auto, (max-width: 1920px) 100vw, 1920px\" \/><\/a><\/p>\n<h2><strong>A co Petr Kelemen, respektive Tudor, a Giro? Nen\u00ed ve h\u0159e divok\u00e1 karta?<\/strong><\/h2>\n<p>T\u00fdm jasn\u011b \u0159ekl, \u017ee se prvn\u00ed rok nechce pou\u0161t\u011bt do akc\u00ed p\u0159esahuj\u00edc\u00edch na\u0161e mo\u017enosti. Strategie je posouvat se postupn\u011b, abychom byli p\u0159ipraven\u00ed ve v\u0161ech sm\u011brech. Pozvolna vystoupat vzh\u016fru. Kdy\u017e v\u0161e p\u016fjde dob\u0159e, mohl by Tudor jet v\u00a0p\u0159\u00ed\u0161t\u00edm roce Tour de France.<\/p>\n<h2><strong>P\u0159ipravovat se budete jako v\u00a0minul\u00e9m roce v\u00fdhradn\u011b ve \u0160v\u00fdcarsku?<\/strong><\/h2>\n<p>Budu doma. Tren\u00e9\u0159i nechali rozhodnut\u00ed na m\u011b. A ne\u017e b\u00fdt s\u00e1m ve \u0160v\u00fdcarsku, kde se mi hodn\u011b st\u00fdskalo po domov\u011b&#8230; R\u00e1d tr\u00e9nuji v\u00a0\u010cesku. Vyhovuje mi to tady.<\/p>\n<div class=\"shortcode-ys-post-pinup\"><article class=\"loop-simple post-20184 post type-post status-publish format-standard has-post-thumbnail hentry category-rady-tipy tag-cyklistika tag-horska-cyklistika tag-kadence-slapani tag-silnicni-cyklistika tag-trenink tag-vojtech-hacecky tag-zdravi-a-trenink global-categories-cycling\" data-postid=\"20184\" role=\"article\" data-post-id=\"20184\" data-word-count=\"421\" data-headline-length=\"38\" data-category=\"Rady &amp; tipy\" data-global-category=\"Cycling\" data-author=\"We Love Cycling\" data-published=\"2023-01-10T10:22:48+02:00\" data-published-day=\"Tuesday\">\n    <div class=\"entry-thumbnail article-thumbnail\" content=\"https:\/\/d2p6e6u75xmxt8.cloudfront.net\/13\/2023\/01\/frekvence-slapani-michal-cerveny-2-150x150.webp\"><a href=\"https:\/\/www.welovecycling.com\/cs\/2023\/01\/10\/jaka-kadence-slapani-je-idealni\/\" class=\"image-holder\" target=\"_self\"><img decoding=\"async\" loading=\"lazy\" class=\"\" src=\"https:\/\/d2p6e6u75xmxt8.cloudfront.net\/13\/2023\/01\/frekvence-slapani-michal-cerveny-2-1024x682.webp\" srcset=\"https:\/\/d2p6e6u75xmxt8.cloudfront.net\/13\/2023\/01\/frekvence-slapani-michal-cerveny-2.webp 2000w, https:\/\/d2p6e6u75xmxt8.cloudfront.net\/13\/2023\/01\/frekvence-slapani-michal-cerveny-2-300x200.webp 300w, https:\/\/d2p6e6u75xmxt8.cloudfront.net\/13\/2023\/01\/frekvence-slapani-michal-cerveny-2-1024x682.webp 1024w, https:\/\/d2p6e6u75xmxt8.cloudfront.net\/13\/2023\/01\/frekvence-slapani-michal-cerveny-2-768x512.webp 768w, https:\/\/d2p6e6u75xmxt8.cloudfront.net\/13\/2023\/01\/frekvence-slapani-michal-cerveny-2-1536x1024.webp 1536w, https:\/\/d2p6e6u75xmxt8.cloudfront.net\/13\/2023\/01\/frekvence-slapani-michal-cerveny-2-1920x1280.webp 1920w, https:\/\/d2p6e6u75xmxt8.cloudfront.net\/13\/2023\/01\/frekvence-slapani-michal-cerveny-2-272x182.webp 272w, https:\/\/d2p6e6u75xmxt8.cloudfront.net\/13\/2023\/01\/frekvence-slapani-michal-cerveny-2-1920x1280.webp 1920w\" width=\"1024\" height=\"682\" sizes=\"auto, (min-width: 1200px) 300px, (min-width: 768px) 25vw, 100vw\" alt=\"jaka-kadence-slapani-je-idealni\"\/><\/a><\/div>    <div class=\"entry-meta\">\n        <a class=\"label label-secondary post-category\" href=\"https:\/\/www.welovecycling.com\/cs\/category\/rady-tipy\/\" title=\"Rady &amp; tipy\">Rady &amp; tipy<\/a>\n    <\/div>\n    <div class=\"entry-details\">\n        <a href=\"https:\/\/www.welovecycling.com\/cs\/2023\/01\/10\/jaka-kadence-slapani-je-idealni\/\" class='entry-title-wrapper'>\n            <h3 class=\"entry-title\"><span>Jak\u00e1 kadence \u0161lap\u00e1n\u00ed je ide\u00e1ln\u00ed?<\/span><\/h3>\n        <\/a>\n    <\/div>\n    <\/article>\n<\/div>\n<h2><strong>Tr\u00e9ninkov\u00e9 prost\u0159ed\u00ed vyhovuj\u00edc\u00ed n\u00e1rok\u016fm t\u00fdmu spln\u00edte bez probl\u00e9m\u016f?<\/strong><\/h2>\n<p>Ur\u010dit\u011b. St\u0159\u00eddav\u011b jsem bu\u010f v\u00a0Praze nebo doma na \u0160umav\u011b. Z\u00a0hlavn\u00edho m\u011bsta vyr\u00e1\u017e\u00edm sm\u011br Karl\u0161tejn a K\u0159ivokl\u00e1t, co\u017e je hodn\u011b zvln\u011bn\u00fd ter\u00e9n. A \u0160umava je pro tr\u00e9nink super. V\u00a0Praze m\u00e1me cyklistikou partu. Mohu jet s\u00a0br\u00e1chou, Danem Turkem nebo t\u00fdmov\u00fdm kolegou Mikou Hemingem, kter\u00fd \u017eije v\u00a0Praze. Skupinu do \u010dty\u0159 lid\u00ed v\u00a0tr\u00e9ninku snesu. Kdy\u017e jede v\u00edc lid\u00ed, mus\u00edm se pod\u0159izovat. Ale nejrad\u0161i stejn\u011b tr\u00e9nuji s\u00e1m. Jedu si svoje tempo a drt\u00edm to. P\u0159i individu\u00e1ln\u00edm tr\u00e9ninku je to docela divo\u010dina. V\u0161ak mi tak\u00e9 tren\u00e9\u0159i nad\u00e1vaj\u00ed, \u017ee jezd\u00edm zbyte\u010dn\u011b vysok\u00e9 wattov\u00e9 pr\u016fm\u011bry.<\/p>\n<h2><strong>Tak\u017ee p\u0159esn\u011b v\u00a0duchu \u201ezpomal, abys byl rychlej\u0161\u00ed\u201c?<\/strong><\/h2>\n<p>Jo. Byl jsem zvykl\u00fd jezdit p\u011bt hodin s\u00a0pr\u016fm\u011brem 250 watt\u016f. J\u00e1 bych jezdil po\u0159\u00e1d rychle. Ale tren\u00e9\u0159i mi \u0159\u00edkaj\u00ed, \u017ee je lep\u0161\u00ed jet 200 watt\u016f. Nicm\u00e9n\u011b v\u00a0testech na p\u011bt, deset i dvacet minut jsem se zlep\u0161il. M\u00e1m \u010d\u00edsla, kter\u00e1 jsem minul\u00fd rok nem\u011bl ani v\u00a0sezon\u011b. Projevuje se, \u017ee m\u00e1me lep\u0161\u00ed t\u00fdm, lep\u0161\u00ed tr\u00e9ninkovou skupinu. V\u0161echno m\u011b to posouv\u00e1.<\/p>\n<p><em>Foto: Jan Brychta (5x)<\/em><\/p>\n","protected":false},"excerpt":{"rendered":"<p>S\u00e1zka na jednu kartu se vyplatila. Petr Kelemen se t\u011b\u0161\u00ed na dva roky ve \u0161v\u00fdcarsk\u00e9 formaci Tudor, jej\u00edm\u017e \u0161\u00e9fem je [&hellip;]<\/p>\n","protected":false},"author":138,"featured_media":20341,"comment_status":"open","ping_status":"open","sticky":false,"template":"","format":"standard","meta":{"footnotes":""},"categories":[10],"tags":[126,1364,1677,9,2845],"global-categories":[411],"class_list":["post-20297","post","type-post","status-publish","format-standard","has-post-thumbnail","hentry","category-silnicni-cyklistika","tag-cyklistika","tag-fabian-cancellara","tag-petr-kelemen","tag-silnicni-cyklistika","tag-tudor-pro","global-categories-cycling"],"yoast_head":"<!-- This site is optimized with the Yoast SEO Premium plugin v25.3 (Yoast SEO v25.9) - https:\/\/yoast.com\/wordpress\/plugins\/seo\/ -->\n<title>Petr Kelemen a jeho mise v\u00a0Tudoru Fabiana Cancellary: Cht\u011bj\u00ed ze m\u011b ud\u011blat superdomestika | \u0160koda We Love Cycling - \u010cesk\u00e1 republika<\/title>\n<meta name=\"description\" content=\"S\u00e1zka na jednu kartu se vyplatila. Petr Kelemen se t\u011b\u0161\u00ed na dva roky ve \u0161v\u00fdcarsk\u00e9 formaci Tudor, jej\u00edm\u017e \u0161\u00e9fem je legend\u00e1rn\u00ed Fabian Cancellara.\" \/>\n<meta name=\"robots\" content=\"index, follow, max-snippet:-1, max-image-preview:large, max-video-preview:-1\" \/>\n<link rel=\"canonical\" href=\"https:\/\/www.welovecycling.com\/cs\/2023\/01\/27\/petr-kelemen\/\" \/>\n<meta property=\"og:locale\" content=\"cs_CZ\" \/>\n<meta property=\"og:type\" content=\"article\" \/>\n<meta property=\"og:title\" content=\"Petr Kelemen a jeho mise v\u00a0Tudoru Fabiana Cancellary: Cht\u011bj\u00ed ze m\u011b ud\u011blat superdomestika\" \/>\n<meta property=\"og:description\" content=\"S\u00e1zka na jednu kartu se vyplatila. Petr Kelemen se t\u011b\u0161\u00ed na dva roky ve \u0161v\u00fdcarsk\u00e9 formaci Tudor, jej\u00edm\u017e \u0161\u00e9fem je legend\u00e1rn\u00ed Fabian Cancellara.\" \/>\n<meta property=\"og:url\" content=\"https:\/\/www.welovecycling.com\/cs\/2023\/01\/27\/petr-kelemen\/\" \/>\n<meta property=\"og:site_name\" content=\"\u0160koda We Love Cycling - \u010cesk\u00e1 republika\" \/>\n<meta property=\"article:published_time\" content=\"2023-01-27T12:00:11+00:00\" \/>\n<meta property=\"article:modified_time\" content=\"2023-01-27T12:50:50+00:00\" \/>\n<meta property=\"og:image\" content=\"https:\/\/d2p6e6u75xmxt8.cloudfront.net\/13\/2023\/01\/Kelemen-BrychtaJan_MR_MCR_MSR_U23_Ceska_Trebova_20220716_165644_DSC_9235.webp\" \/>\n\t<meta property=\"og:image:width\" content=\"2000\" \/>\n\t<meta property=\"og:image:height\" content=\"1331\" \/>\n\t<meta property=\"og:image:type\" content=\"image\/webp\" \/>\n<meta name=\"author\" content=\"radekmalina\" \/>\n<meta name=\"twitter:card\" content=\"summary_large_image\" \/>\n<meta name=\"twitter:label1\" content=\"Written by\" \/>\n\t<meta name=\"twitter:data1\" content=\"We Love Cycling\" \/>\n\t<meta name=\"twitter:label2\" content=\"Est. reading time\" \/>\n\t<meta name=\"twitter:data2\" content=\"5\" \/>\n<script type=\"application\/ld+json\" class=\"yoast-schema-graph\">{\"@context\":\"https:\/\/schema.org\",\"@graph\":[{\"@type\":\"WebPage\",\"@id\":\"https:\/\/www.welovecycling.com\/cs\/2023\/01\/27\/petr-kelemen\/\",\"url\":\"https:\/\/www.welovecycling.com\/cs\/2023\/01\/27\/petr-kelemen\/\",\"name\":\"Petr Kelemen a jeho mise v\u00a0Tudoru Fabiana Cancellary: Cht\u011bj\u00ed ze m\u011b ud\u011blat superdomestika | \u0160koda We Love Cycling - \u010cesk\u00e1 republika\",\"isPartOf\":{\"@id\":\"https:\/\/www.welovecycling.com\/cs\/#website\"},\"primaryImageOfPage\":{\"@id\":\"https:\/\/www.welovecycling.com\/cs\/2023\/01\/27\/petr-kelemen\/#primaryimage\"},\"image\":{\"@id\":\"https:\/\/www.welovecycling.com\/cs\/2023\/01\/27\/petr-kelemen\/#primaryimage\"},\"thumbnailUrl\":\"https:\/\/d2p6e6u75xmxt8.cloudfront.net\/13\/2023\/01\/Kelemen-BrychtaJan_MR_MCR_MSR_U23_Ceska_Trebova_20220716_165644_DSC_9235.webp\",\"datePublished\":\"2023-01-27T12:00:11+00:00\",\"dateModified\":\"2023-01-27T12:50:50+00:00\",\"author\":{\"@id\":\"https:\/\/www.welovecycling.com\/cs\/#\/schema\/person\/d9eeb0a378f3a7e4a6d12d2b536b04b8\"},\"description\":\"S\u00e1zka na jednu kartu se vyplatila. Petr Kelemen se t\u011b\u0161\u00ed na dva roky ve \u0161v\u00fdcarsk\u00e9 formaci Tudor, jej\u00edm\u017e \u0161\u00e9fem je legend\u00e1rn\u00ed Fabian Cancellara.\",\"inLanguage\":\"cs\",\"potentialAction\":[{\"@type\":\"ReadAction\",\"target\":[\"https:\/\/www.welovecycling.com\/cs\/2023\/01\/27\/petr-kelemen\/\"]}]},{\"@type\":\"ImageObject\",\"inLanguage\":\"cs\",\"@id\":\"https:\/\/www.welovecycling.com\/cs\/2023\/01\/27\/petr-kelemen\/#primaryimage\",\"url\":\"https:\/\/d2p6e6u75xmxt8.cloudfront.net\/13\/2023\/01\/Kelemen-BrychtaJan_MR_MCR_MSR_U23_Ceska_Trebova_20220716_165644_DSC_9235.webp\",\"contentUrl\":\"https:\/\/d2p6e6u75xmxt8.cloudfront.net\/13\/2023\/01\/Kelemen-BrychtaJan_MR_MCR_MSR_U23_Ceska_Trebova_20220716_165644_DSC_9235.webp\",\"width\":2000,\"height\":1331,\"caption\":\"Petr Kelemen\"},{\"@type\":\"WebSite\",\"@id\":\"https:\/\/www.welovecycling.com\/cs\/#website\",\"url\":\"https:\/\/www.welovecycling.com\/cs\/\",\"name\":\"\u0160koda We Love Cycling - \u010cesk\u00e1 republika\",\"description\":\"WeLoveCycling.cz je online magaz\u00edn, kter\u00fd v\u00e1m pravideln\u011b p\u0159in\u00e1\u0161\u00ed rady a tipy, zaj\u00edmav\u00e9 \u010dl\u00e1nky, videa a jedine\u010dn\u00e9 report\u00e1\u017ee ze sv\u011bta cyklistiky.\",\"potentialAction\":[{\"@type\":\"SearchAction\",\"target\":{\"@type\":\"EntryPoint\",\"urlTemplate\":\"https:\/\/www.welovecycling.com\/cs\/?s={search_term_string}\"},\"query-input\":{\"@type\":\"PropertyValueSpecification\",\"valueRequired\":true,\"valueName\":\"search_term_string\"}}],\"inLanguage\":\"cs\"},{\"@type\":\"Person\",\"@id\":\"https:\/\/www.welovecycling.com\/cs\/#\/schema\/person\/d9eeb0a378f3a7e4a6d12d2b536b04b8\",\"name\":\"radekmalina\",\"image\":{\"@type\":\"ImageObject\",\"inLanguage\":\"cs\",\"@id\":\"https:\/\/www.welovecycling.com\/cs\/#\/schema\/person\/image\/\",\"url\":\"https:\/\/secure.gravatar.com\/avatar\/66994b632cb8c39a46b9f54afa3ae07201b678d32a54275b6f1c9ffec356bfc0?s=96&d=mm&r=g\",\"contentUrl\":\"https:\/\/secure.gravatar.com\/avatar\/66994b632cb8c39a46b9f54afa3ae07201b678d32a54275b6f1c9ffec356bfc0?s=96&d=mm&r=g\",\"caption\":\"radekmalina\"},\"url\":\"https:\/\/www.welovecycling.com\/cs\/author\/radekmalina\/\"}]}<\/script>\n<!-- \/ Yoast SEO Premium plugin. -->","yoast_head_json":{"title":"Petr Kelemen a jeho mise v\u00a0Tudoru Fabiana Cancellary: Cht\u011bj\u00ed ze m\u011b ud\u011blat superdomestika | \u0160koda We Love Cycling - \u010cesk\u00e1 republika","description":"S\u00e1zka na jednu kartu se vyplatila. Petr Kelemen se t\u011b\u0161\u00ed na dva roky ve \u0161v\u00fdcarsk\u00e9 formaci Tudor, jej\u00edm\u017e \u0161\u00e9fem je legend\u00e1rn\u00ed Fabian Cancellara.","robots":{"index":"index","follow":"follow","max-snippet":"max-snippet:-1","max-image-preview":"max-image-preview:large","max-video-preview":"max-video-preview:-1"},"canonical":"https:\/\/www.welovecycling.com\/cs\/2023\/01\/27\/petr-kelemen\/","og_locale":"cs_CZ","og_type":"article","og_title":"Petr Kelemen a jeho mise v\u00a0Tudoru Fabiana Cancellary: Cht\u011bj\u00ed ze m\u011b ud\u011blat superdomestika","og_description":"S\u00e1zka na jednu kartu se vyplatila. Petr Kelemen se t\u011b\u0161\u00ed na dva roky ve \u0161v\u00fdcarsk\u00e9 formaci Tudor, jej\u00edm\u017e \u0161\u00e9fem je legend\u00e1rn\u00ed Fabian Cancellara.","og_url":"https:\/\/www.welovecycling.com\/cs\/2023\/01\/27\/petr-kelemen\/","og_site_name":"\u0160koda We Love Cycling - \u010cesk\u00e1 republika","article_published_time":"2023-01-27T12:00:11+00:00","article_modified_time":"2023-01-27T12:50:50+00:00","og_image":[{"width":2000,"height":1331,"url":"https:\/\/d2p6e6u75xmxt8.cloudfront.net\/13\/2023\/01\/Kelemen-BrychtaJan_MR_MCR_MSR_U23_Ceska_Trebova_20220716_165644_DSC_9235.webp","type":"image\/webp"}],"author":"radekmalina","twitter_card":"summary_large_image","twitter_misc":{"Written by":"We Love Cycling","Est. reading time":"5"},"schema":{"@context":"https:\/\/schema.org","@graph":[{"@type":"WebPage","@id":"https:\/\/www.welovecycling.com\/cs\/2023\/01\/27\/petr-kelemen\/","url":"https:\/\/www.welovecycling.com\/cs\/2023\/01\/27\/petr-kelemen\/","name":"Petr Kelemen a jeho mise v\u00a0Tudoru Fabiana Cancellary: Cht\u011bj\u00ed ze m\u011b ud\u011blat superdomestika | \u0160koda We Love Cycling - \u010cesk\u00e1 republika","isPartOf":{"@id":"https:\/\/www.welovecycling.com\/cs\/#website"},"primaryImageOfPage":{"@id":"https:\/\/www.welovecycling.com\/cs\/2023\/01\/27\/petr-kelemen\/#primaryimage"},"image":{"@id":"https:\/\/www.welovecycling.com\/cs\/2023\/01\/27\/petr-kelemen\/#primaryimage"},"thumbnailUrl":"https:\/\/d2p6e6u75xmxt8.cloudfront.net\/13\/2023\/01\/Kelemen-BrychtaJan_MR_MCR_MSR_U23_Ceska_Trebova_20220716_165644_DSC_9235.webp","datePublished":"2023-01-27T12:00:11+00:00","dateModified":"2023-01-27T12:50:50+00:00","author":{"@id":"https:\/\/www.welovecycling.com\/cs\/#\/schema\/person\/d9eeb0a378f3a7e4a6d12d2b536b04b8"},"description":"S\u00e1zka na jednu kartu se vyplatila. Petr Kelemen se t\u011b\u0161\u00ed na dva roky ve \u0161v\u00fdcarsk\u00e9 formaci Tudor, jej\u00edm\u017e \u0161\u00e9fem je legend\u00e1rn\u00ed Fabian Cancellara.","inLanguage":"cs","potentialAction":[{"@type":"ReadAction","target":["https:\/\/www.welovecycling.com\/cs\/2023\/01\/27\/petr-kelemen\/"]}]},{"@type":"ImageObject","inLanguage":"cs","@id":"https:\/\/www.welovecycling.com\/cs\/2023\/01\/27\/petr-kelemen\/#primaryimage","url":"https:\/\/d2p6e6u75xmxt8.cloudfront.net\/13\/2023\/01\/Kelemen-BrychtaJan_MR_MCR_MSR_U23_Ceska_Trebova_20220716_165644_DSC_9235.webp","contentUrl":"https:\/\/d2p6e6u75xmxt8.cloudfront.net\/13\/2023\/01\/Kelemen-BrychtaJan_MR_MCR_MSR_U23_Ceska_Trebova_20220716_165644_DSC_9235.webp","width":2000,"height":1331,"caption":"Petr Kelemen"},{"@type":"WebSite","@id":"https:\/\/www.welovecycling.com\/cs\/#website","url":"https:\/\/www.welovecycling.com\/cs\/","name":"\u0160koda We Love Cycling - \u010cesk\u00e1 republika","description":"WeLoveCycling.cz je online magaz\u00edn, kter\u00fd v\u00e1m pravideln\u011b p\u0159in\u00e1\u0161\u00ed rady a tipy, zaj\u00edmav\u00e9 \u010dl\u00e1nky, videa a jedine\u010dn\u00e9 report\u00e1\u017ee ze sv\u011bta cyklistiky.","potentialAction":[{"@type":"SearchAction","target":{"@type":"EntryPoint","urlTemplate":"https:\/\/www.welovecycling.com\/cs\/?s={search_term_string}"},"query-input":{"@type":"PropertyValueSpecification","valueRequired":true,"valueName":"search_term_string"}}],"inLanguage":"cs"},{"@type":"Person","@id":"https:\/\/www.welovecycling.com\/cs\/#\/schema\/person\/d9eeb0a378f3a7e4a6d12d2b536b04b8","name":"radekmalina","image":{"@type":"ImageObject","inLanguage":"cs","@id":"https:\/\/www.welovecycling.com\/cs\/#\/schema\/person\/image\/","url":"https:\/\/secure.gravatar.com\/avatar\/66994b632cb8c39a46b9f54afa3ae07201b678d32a54275b6f1c9ffec356bfc0?s=96&d=mm&r=g","contentUrl":"https:\/\/secure.gravatar.com\/avatar\/66994b632cb8c39a46b9f54afa3ae07201b678d32a54275b6f1c9ffec356bfc0?s=96&d=mm&r=g","caption":"radekmalina"},"url":"https:\/\/www.welovecycling.com\/cs\/author\/radekmalina\/"}]}},"_links":{"self":[{"href":"https:\/\/www.welovecycling.com\/cs\/wp-json\/wp\/v2\/posts\/20297","targetHints":{"allow":["GET"]}}],"collection":[{"href":"https:\/\/www.welovecycling.com\/cs\/wp-json\/wp\/v2\/posts"}],"about":[{"href":"https:\/\/www.welovecycling.com\/cs\/wp-json\/wp\/v2\/types\/post"}],"author":[{"embeddable":true,"href":"https:\/\/www.welovecycling.com\/cs\/wp-json\/wp\/v2\/users\/138"}],"replies":[{"embeddable":true,"href":"https:\/\/www.welovecycling.com\/cs\/wp-json\/wp\/v2\/comments?post=20297"}],"version-history":[{"count":2,"href":"https:\/\/www.welovecycling.com\/cs\/wp-json\/wp\/v2\/posts\/20297\/revisions"}],"predecessor-version":[{"id":20353,"href":"https:\/\/www.welovecycling.com\/cs\/wp-json\/wp\/v2\/posts\/20297\/revisions\/20353"}],"wp:featuredmedia":[{"embeddable":true,"href":"https:\/\/www.welovecycling.com\/cs\/wp-json\/wp\/v2\/media\/20341"}],"wp:attachment":[{"href":"https:\/\/www.welovecycling.com\/cs\/wp-json\/wp\/v2\/media?parent=20297"}],"wp:term":[{"taxonomy":"category","embeddable":true,"href":"https:\/\/www.welovecycling.com\/cs\/wp-json\/wp\/v2\/categories?post=20297"},{"taxonomy":"post_tag","embeddable":true,"href":"https:\/\/www.welovecycling.com\/cs\/wp-json\/wp\/v2\/tags?post=20297"},{"taxonomy":"global-categories","embeddable":true,"href":"https:\/\/www.welovecycling.com\/cs\/wp-json\/wp\/v2\/global-categories?post=20297"}],"curies":[{"name":"wp","href":"https:\/\/api.w.org\/{rel}","templated":true}]}}