{"id":20284,"date":"2023-01-21T13:00:38","date_gmt":"2023-01-21T11:00:38","guid":{"rendered":"https:\/\/www.welovecycling.com\/cs\/?p=20284"},"modified":"2023-01-20T16:12:49","modified_gmt":"2023-01-20T14:12:49","slug":"cesi-ve-world-tour-hirt-a-stybar-v-novych-tymech-vacka-i-bittnera-ceka-prvni-ostra-sezona","status":"publish","type":"post","link":"https:\/\/www.welovecycling.com\/cs\/2023\/01\/21\/cesi-ve-world-tour-hirt-a-stybar-v-novych-tymech-vacka-i-bittnera-ceka-prvni-ostra-sezona\/","title":{"rendered":"\u010ce\u0161i ve World Tour: Hirt a \u0160tybar v\u00a0nov\u00fdch t\u00fdmech, Vacka i Bittnera \u010dek\u00e1 prvn\u00ed ostr\u00e1 sezona"},"content":{"rendered":"<p><strong>U\u017e to vypuklo! Leto\u0161n\u00ed silni\u010dn\u00ed sezona na nejvy\u0161\u0161\u00ed \u00farovni World Tour odstartovala v Austr\u00e1lii. Sice bez \u010desk\u00fdch z\u00e1vodn\u00edk\u016f, ale dva z nich p\u016fjdou do akce, co nevid\u011bt. Konkr\u00e9tn\u011b Jan Hirt a Mathias Vacek v Argentin\u011b na etapov\u00e9m z\u00e1vod\u011b Vuelta San Juan. Kdo v\u0161echno zm\u011bnil p\u0159ed novou sezonou dres? Kde podepsali \u010ce\u0161i ve World Tour? Co je \u010dek\u00e1? A koho vlastn\u011b uvid\u00edme na nejvy\u0161\u0161\u00ed \u00farovni? Jak\u00e9 zastoupen\u00ed m\u00e1 \u010cesko ve druh\u00e9 nejvy\u0161\u0161\u00ed divizi v prokontinent\u00e1ln\u00edch t\u00fdmech? Celkem se jedn\u00e1 o dvan\u00e1ct mu\u017e\u016f.<\/strong><\/p>\n<h2><strong>Jan Hirt za\u010dne s Evenepoelem<\/strong><\/h2>\n<p>Jan Hirt slav\u00ed v sobotu 32. narozeniny a za\u010d\u00edn\u00e1 novou misi jm\u00e9nem Soudal &#8211; Quick Step. P\u0159ed mnoha lety, konkr\u00e9tn\u011b v roce 2014, p\u016fsobil v jeho farm\u011b s n\u00e1zvem Etixx, do prvn\u00edho t\u00fdmu ve WorldnTour se oklikou p\u0159es CCC, Astanu, nebo Intermarch\u00e9-Wanty-Gobert dostal a\u017e nyn\u00ed. Je to pro n\u011bj nov\u00e1 v\u00fdzva.<\/p>\n<p>Ur\u010dit\u011b dostane prostor na vlastn\u00ed v\u00fdsledky, ale t\u00fdm ho bral i jako zku\u0161en\u00e9ho borce se startem na deseti Grand Tour a excelentn\u00edho vrcha\u0159e, aby dok\u00e1zal pomoci mj. nejv\u011bt\u0161\u00ed hv\u011bzd\u011b, Belgi\u010danu Evenepoelovi. Hlavn\u011b na Giro d\u00b4Italia, kter\u00e9 by m\u011bli jet oba. Hirt byl minul\u00fd rok pod Apeninami \u0161est\u00fd, Remco Evenepoel jel Giro jen jednou v roce 2021, ale nedokon\u010dil.<\/p>\n<figure id=\"attachment_20321\" aria-describedby=\"caption-attachment-20321\" style=\"width: 648px\" class=\"wp-caption alignnone\"><a href=\"https:\/\/d2p6e6u75xmxt8.cloudfront.net\/13\/2023\/01\/hirt-san-juan.webp\"><img loading=\"lazy\" decoding=\"async\" class=\"size-full wp-image-20321\" src=\"https:\/\/d2p6e6u75xmxt8.cloudfront.net\/13\/2023\/01\/hirt-san-juan.webp\" alt=\"Jan Hirt\" width=\"648\" height=\"547\" srcset=\"https:\/\/d2p6e6u75xmxt8.cloudfront.net\/13\/2023\/01\/hirt-san-juan.webp 648w, https:\/\/d2p6e6u75xmxt8.cloudfront.net\/13\/2023\/01\/hirt-san-juan-300x253.webp 300w\" sizes=\"auto, (max-width: 648px) 100vw, 648px\" \/><\/a><figcaption id=\"caption-attachment-20321\" class=\"wp-caption-text\">Jan Hirt<\/figcaption><\/figure>\n<p>\u201eJako t\u00fdm bychom na Giru r\u00e1di za\u00fato\u010dili na celkov\u00e9 v\u00edt\u011bzstv\u00ed a budu se sna\u017eit ud\u011blat maximum, abych ke spln\u011bn\u00ed tohoto c\u00edle p\u0159isp\u011bl,\u201c \u0159ekl Hirt. P\u016fvodn\u011b cht\u011bl jet na vysokohorsk\u00e9 soust\u0159ed\u011bn\u00ed do Kolumbie, kter\u00e9 se mu v minulosti osv\u011bd\u010dilo, ale t\u00fdm cht\u011bl, aby startoval s Evenepoelem a spol. na z\u00e1vod\u011b Vuelta San Juan v Argentin\u011b, kter\u00fd za\u010d\u00edn\u00e1 v ned\u011bli.<\/p>\n<p>\u010cesk\u00fd cyklista by m\u011bl jet pot\u00e9 jako l\u00eddr \u00fanorov\u00fd z\u00e1vod Kolem Om\u00e1nu, kde vloni nena\u0161el p\u0159emo\u017eitele, v\u00a0dal\u0161\u00edm programu, kter\u00fd se m\u016f\u017ee m\u011bnit, m\u00e1 zat\u00edm Katal\u00e1nsko (znovu s\u00a0Evenepoelem) a Giro.<\/p>\n<p>V Quick Stepu se Hirt po letech znovu sejde s krajanem <strong>Josefem \u010cern\u00fdm<\/strong>, s\u00a0n\u00edm\u017e u\u017e kdysi spole\u010dn\u011b p\u016fsobil n\u011bkolik sezon v\u00a0t\u00fdmu CCC. \u010cern\u00fd za\u010d\u00edn\u00e1 v\u00a0belgick\u00e9 st\u00e1ji u\u017e t\u0159et\u00ed rok a ten leto\u0161n\u00ed by m\u011bl odstartovat lednov\u00fdmi jednor\u00e1zovkami na Mallorce.<\/p>\n<h2><strong>I Mathias Vacek jede San Juan<\/strong><\/h2>\n<p><strong>Mathiase Vacka<\/strong> \u010dek\u00e1 prvn\u00ed cel\u00e1 sezona ve st\u00e1ji Trek-Segafredo, kam u\u017e nastoupil minul\u00fd rok v srpnu jako tzv. st\u00e1\u017eista.<\/p>\n<div class=\"shortcode-ys-post-pinup\"><article class=\"loop-simple post-19604 post type-post status-publish format-standard has-post-thumbnail hentry category-silnicni-cyklistika tag-cyklistika tag-karel-vacek tag-markel-irizar tag-mathias-vacek tag-mistrovstvi-sveta tag-silnicni-cyklistika tag-sumava tag-tour-de-lavenir tag-trek-segafredo tag-trenink tag-zavod-miru global-categories-cycling\" data-postid=\"19604\" role=\"article\" data-post-id=\"19604\" data-word-count=\"1038\" data-headline-length=\"87\" data-category=\"Silni\u010dn\u00ed cyklistika\" data-global-category=\"Cycling\" data-author=\"Radek Malina\" data-published=\"2022-11-14T05:00:16+02:00\" data-published-day=\"Monday\">\n    <div class=\"entry-thumbnail article-thumbnail\" content=\"https:\/\/d2p6e6u75xmxt8.cloudfront.net\/13\/2022\/11\/WLC_Mathias-Vacek_006-150x150.webp\"><a href=\"https:\/\/www.welovecycling.com\/cs\/2022\/11\/14\/mathias-vacek-a-jeho-sumavske-kralovstvi-u-vicemistra-sveta-jemuz-prali-smrt\/\" class=\"image-holder\" target=\"_self\"><img decoding=\"async\" loading=\"lazy\" class=\"\" src=\"https:\/\/d2p6e6u75xmxt8.cloudfront.net\/13\/2022\/11\/WLC_Mathias-Vacek_006-1024x683.webp\" srcset=\"https:\/\/d2p6e6u75xmxt8.cloudfront.net\/13\/2022\/11\/WLC_Mathias-Vacek_006.webp 2000w, https:\/\/d2p6e6u75xmxt8.cloudfront.net\/13\/2022\/11\/WLC_Mathias-Vacek_006-300x200.webp 300w, https:\/\/d2p6e6u75xmxt8.cloudfront.net\/13\/2022\/11\/WLC_Mathias-Vacek_006-1024x683.webp 1024w, https:\/\/d2p6e6u75xmxt8.cloudfront.net\/13\/2022\/11\/WLC_Mathias-Vacek_006-768x512.webp 768w, https:\/\/d2p6e6u75xmxt8.cloudfront.net\/13\/2022\/11\/WLC_Mathias-Vacek_006-1536x1025.webp 1536w, https:\/\/d2p6e6u75xmxt8.cloudfront.net\/13\/2022\/11\/WLC_Mathias-Vacek_006-1920x1281.webp 1920w, https:\/\/d2p6e6u75xmxt8.cloudfront.net\/13\/2022\/11\/WLC_Mathias-Vacek_006-272x182.webp 272w, https:\/\/d2p6e6u75xmxt8.cloudfront.net\/13\/2022\/11\/WLC_Mathias-Vacek_006-1920x1281.webp 1920w\" width=\"1024\" height=\"683\" sizes=\"auto, (min-width: 1200px) 300px, (min-width: 768px) 25vw, 100vw\" alt=\"mathias-vacek-a-jeho-sumavske-kralovstvi-u-vicemistra-sveta-jemuz-prali-smrt\"\/><\/a><\/div>    <div class=\"entry-meta\">\n        <a class=\"label label-secondary post-category\" href=\"https:\/\/www.welovecycling.com\/cs\/category\/silnicni-cyklistika\/\" title=\"Silni\u010dn\u00ed cyklistika\">Silni\u010dn\u00ed cyklistika<\/a>\n    <\/div>\n    <div class=\"entry-details\">\n        <a href=\"https:\/\/www.welovecycling.com\/cs\/2022\/11\/14\/mathias-vacek-a-jeho-sumavske-kralovstvi-u-vicemistra-sveta-jemuz-prali-smrt\/\" class='entry-title-wrapper'>\n            <h3 class=\"entry-title\"><span>U vicemistra sv\u011bta, jemu\u017e p\u0159\u00e1li smrt! Mathias Vacek a jeho \u0161umavsk\u00e9 kr\u00e1lovstv\u00ed.<\/span><\/h3>\n        <\/a>\n    <\/div>\n    <\/article>\n<\/div>\n<p>Te\u010f u\u017e je stoprocentn\u011b plnohodnotn\u00fdm \u010dlenem americk\u00e9 worldtourov\u00e9 st\u00e1je, kde se prvn\u00edm rokem bude hlavn\u011b u\u010dit po boku hv\u011bzd typu Mollemy, Gallopina, Stuyvena nebo Pedersena. Ale t\u00fdm dob\u0159e v\u00ed, co v lo\u0148sk\u00e9m vicemistrovi sv\u011bta i Evropy do 23 let je, tak\u017ee mu ur\u010dit\u011b d\u00e1 i prostor, aby v n\u011bjak\u00e9m z\u00e1vod\u011b zkusil jet na sebe.<\/p>\n<figure id=\"attachment_19528\" aria-describedby=\"caption-attachment-19528\" style=\"width: 1920px\" class=\"wp-caption alignnone\"><a href=\"https:\/\/d2p6e6u75xmxt8.cloudfront.net\/13\/2022\/11\/WLC_Mathias-Vacek_011.webp\"><img loading=\"lazy\" decoding=\"async\" class=\"size-extra-large wp-image-19528\" src=\"https:\/\/d2p6e6u75xmxt8.cloudfront.net\/13\/2022\/11\/WLC_Mathias-Vacek_011-1920x1280.webp\" alt=\"Mathias Vacek v barv\u00e1ch t\u00fdmu Trek Segafredo.\" width=\"1920\" height=\"1280\" srcset=\"https:\/\/d2p6e6u75xmxt8.cloudfront.net\/13\/2022\/11\/WLC_Mathias-Vacek_011-1920x1280.webp 1920w, https:\/\/d2p6e6u75xmxt8.cloudfront.net\/13\/2022\/11\/WLC_Mathias-Vacek_011-300x200.webp 300w, https:\/\/d2p6e6u75xmxt8.cloudfront.net\/13\/2022\/11\/WLC_Mathias-Vacek_011-1024x682.webp 1024w, https:\/\/d2p6e6u75xmxt8.cloudfront.net\/13\/2022\/11\/WLC_Mathias-Vacek_011-768x512.webp 768w, https:\/\/d2p6e6u75xmxt8.cloudfront.net\/13\/2022\/11\/WLC_Mathias-Vacek_011-1536x1024.webp 1536w, https:\/\/d2p6e6u75xmxt8.cloudfront.net\/13\/2022\/11\/WLC_Mathias-Vacek_011-272x182.webp 272w, https:\/\/d2p6e6u75xmxt8.cloudfront.net\/13\/2022\/11\/WLC_Mathias-Vacek_011.webp 2000w, https:\/\/d2p6e6u75xmxt8.cloudfront.net\/13\/2022\/11\/WLC_Mathias-Vacek_011-1920x1280.webp 1920w\" sizes=\"auto, (max-width: 1920px) 100vw, 1920px\" \/><\/a><figcaption id=\"caption-attachment-19528\" class=\"wp-caption-text\"><em>Mathias Vacek v barv\u00e1ch t\u00fdmu Trek Segafredo. Foto: Michal \u010cerven\u00fd<\/em><\/figcaption><\/figure>\n<p>Stejn\u011b jako Hirt, i Vacek za\u010dne sezonu v\u00a0Argentin\u011b. U\u017e v\u00a0z\u00e1v\u011bru lo\u0148sk\u00e9ho roku tvrd\u011b tr\u00e9noval ve \u0160pan\u011blsku, dokonce ani neodcestoval dom\u016f na V\u00e1noce, aby nevy\u0161el z\u00a0rytmu. Je dost pravd\u011bpodobn\u00e9, \u017ee hned na prvn\u00edch z\u00e1vodech m\u016f\u017ee uk\u00e1zat n\u011bco velk\u00e9ho.<\/p>\n<h2><strong>Zden\u011bk \u0160tybar bude ladit na klasiky<\/strong><\/h2>\n<p><strong>Zden\u011bk \u0160tybar<\/strong> zm\u011bnil v\u00a0silni\u010dn\u00ed kari\u00e9\u0159e dres v\u016fbec poprv\u00e9. Po dlouh\u00fdch 12 letech v\u00a0Quick Stepu zam\u00ed\u0159il do australsk\u00e9 st\u00e1je Jayco AlUla, kter\u00e1 vloni fungovala jako BikeExchange-Jayco.<\/p>\n<p>V z\u00e1v\u011bru roku zkusil n\u011bkolik cyklokrosov\u00fdch z\u00e1vod\u016f, s \u010d\u00edm\u017e nov\u00fd t\u00fdm nem\u011bl probl\u00e9m. Od \u0159\u00edjna do 8. ledna jich bylo celkem 11. I kv\u016fli tomu, \u017ee ho moc l\u00e1k\u00e1 mistrovstv\u00ed sv\u011bta v T\u00e1bo\u0159e 2024. Ov\u0161em leto\u0161n\u00ed sv\u011btov\u00fd \u0161ampion\u00e1t v Hoogerheide zavrhl a nejel u\u017e ani mistrovstv\u00ed republiky. P\u0159ednost dostala dal\u0161\u00ed \u010d\u00e1st p\u0159\u00edpravy s nov\u00fdm t\u00fdmem na silni\u010dn\u00ed sezonu.<\/p>\n<div class=\"shortcode-ys-post-pinup\"><article class=\"loop-simple post-19053 post type-post status-publish format-standard has-post-thumbnail hentry category-silnicni-cyklistika tag-bikeexchange-jayco tag-cyklistika tag-cyklokros tag-deceuninck-quick-step tag-ms-v-tabore-2024 tag-silnicni-cyklistika tag-sp-v-tabore tag-tour-de-france tag-zdenek-stybar global-categories-cycling\" data-postid=\"19053\" role=\"article\" data-post-id=\"19053\" data-word-count=\"612\" data-headline-length=\"75\" data-category=\"Silni\u010dn\u00ed cyklistika\" data-global-category=\"Cycling\" data-author=\"We Love Cycling\" data-published=\"2022-10-14T13:00:26+02:00\" data-published-day=\"Friday\">\n    <div class=\"entry-thumbnail article-thumbnail\" content=\"https:\/\/d2p6e6u75xmxt8.cloudfront.net\/13\/2022\/10\/Stybar-BrychtaJan_ME_Mnichov_20220813_123248_DSC_8918-150x150.webp\"><a href=\"https:\/\/www.welovecycling.com\/cs\/2022\/10\/14\/zdenek-stybar-o-prestupu-o-bikeexchange-jayco-je-to-jako-jit-na-prvni-rande\/\" class=\"image-holder\" target=\"_self\"><img decoding=\"async\" loading=\"lazy\" class=\"\" src=\"https:\/\/d2p6e6u75xmxt8.cloudfront.net\/13\/2022\/10\/Stybar-BrychtaJan_ME_Mnichov_20220813_123248_DSC_8918-1024x681.webp\" srcset=\"https:\/\/d2p6e6u75xmxt8.cloudfront.net\/13\/2022\/10\/Stybar-BrychtaJan_ME_Mnichov_20220813_123248_DSC_8918.webp 2000w, https:\/\/d2p6e6u75xmxt8.cloudfront.net\/13\/2022\/10\/Stybar-BrychtaJan_ME_Mnichov_20220813_123248_DSC_8918-300x200.webp 300w, https:\/\/d2p6e6u75xmxt8.cloudfront.net\/13\/2022\/10\/Stybar-BrychtaJan_ME_Mnichov_20220813_123248_DSC_8918-1024x681.webp 1024w, https:\/\/d2p6e6u75xmxt8.cloudfront.net\/13\/2022\/10\/Stybar-BrychtaJan_ME_Mnichov_20220813_123248_DSC_8918-768x511.webp 768w, https:\/\/d2p6e6u75xmxt8.cloudfront.net\/13\/2022\/10\/Stybar-BrychtaJan_ME_Mnichov_20220813_123248_DSC_8918-1536x1022.webp 1536w, https:\/\/d2p6e6u75xmxt8.cloudfront.net\/13\/2022\/10\/Stybar-BrychtaJan_ME_Mnichov_20220813_123248_DSC_8918-1920x1278.webp 1920w, https:\/\/d2p6e6u75xmxt8.cloudfront.net\/13\/2022\/10\/Stybar-BrychtaJan_ME_Mnichov_20220813_123248_DSC_8918-272x182.webp 272w, https:\/\/d2p6e6u75xmxt8.cloudfront.net\/13\/2022\/10\/Stybar-BrychtaJan_ME_Mnichov_20220813_123248_DSC_8918-1920x1278.webp 1920w\" width=\"1024\" height=\"681\" sizes=\"auto, (min-width: 1200px) 300px, (min-width: 768px) 25vw, 100vw\" alt=\"zdenek-stybar-o-prestupu-o-bikeexchange-jayco-je-to-jako-jit-na-prvni-rande\"\/><\/a><\/div>    <div class=\"entry-meta\">\n        <a class=\"label label-secondary post-category\" href=\"https:\/\/www.welovecycling.com\/cs\/category\/silnicni-cyklistika\/\" title=\"Silni\u010dn\u00ed cyklistika\">Silni\u010dn\u00ed cyklistika<\/a>\n    <\/div>\n    <div class=\"entry-details\">\n        <a href=\"https:\/\/www.welovecycling.com\/cs\/2022\/10\/14\/zdenek-stybar-o-prestupu-o-bikeexchange-jayco-je-to-jako-jit-na-prvni-rande\/\" class='entry-title-wrapper'>\n            <h3 class=\"entry-title\"><span>Zden\u011bk \u0160tybar o p\u0159estupu k Australan\u016fm: Je to jako j\u00edt na prvn\u00ed rande<\/span><\/h3>\n        <\/a>\n    <\/div>\n    <\/article>\n<\/div>\n<p>Prvn\u00edm velk\u00fdm vrcholem sezony pro n\u011bj budou kostkov\u00e9 klasiky. V\u00a0pl\u00e1nu m\u00e1 v\u0161echny nejv\u011bt\u0161\u00ed v\u010detn\u011b Flander i Roubaix. A dob\u0159e v\u00ed, \u017ee od dobr\u00fdch v\u00fdsledk\u016f se bude odv\u00edjet i jeho dal\u0161\u00ed mo\u017en\u00e1 budoucnost v\u00a0t\u00fdmu, kde podepsal ro\u010dn\u00ed kontrakt. V\u00a0sedmat\u0159iceti letech m\u00e1 zku\u0161enost\u00ed na rozd\u00e1v\u00e1n\u00ed a t\u00fdm toho chce vyu\u017e\u00edt. Na klasik\u00e1ch bude ur\u010dit\u011b pat\u0159it k\u00a0l\u00eddr\u016fm.<\/p>\n<h2><strong>Pavel Bittner v prvn\u00edm t\u00fdmu DSM<\/strong><\/h2>\n<p>Je mu dvacet jako Vackovi, a i on pat\u0159\u00ed mezi nejv\u011bt\u0161\u00ed talenty \u010desk\u00e9 cyklistiky za posledn\u00ed roky. Po roce a p\u016fl v\u00a0development teamu DSM si juniorsk\u00fd vicemistr Evropy z\u00a0roku 2020 a \u0161est\u00fd mu\u017e z\u00a0lo\u0148sk\u00e9ho MS kategorie U23 <strong>Pavel Bittner<\/strong> vyslou\u017eil dvouletou smlouvu v\u00a0prvn\u00edm t\u00fdmu, kam u\u017e nastoupil vloni od 1. srpna jako st\u00e1\u017eista.<\/p>\n<p>V\u00fdborn\u00fd sprinter, jeho\u017e dom\u00e9nou by m\u011bly b\u00fdt klasiky, se bude hlavn\u011b u\u010dit a rozkouk\u00e1vat ve sv\u011bt\u011b velk\u00e9 cyklistiky, ale ur\u010dit\u011b dostane i on \u0161anci, aby se v\u00a0n\u011bkter\u00fdch men\u0161\u00edch z\u00e1vodech uk\u00e1zal. U\u010ditele bude m\u00edt skv\u011bl\u00e9, mj. Bardeta, Degenkolba a dal\u0161\u00ed.<\/p>\n<figure id=\"attachment_20369\" aria-describedby=\"caption-attachment-20369\" style=\"width: 1920px\" class=\"wp-caption alignnone\"><a href=\"https:\/\/d2p6e6u75xmxt8.cloudfront.net\/13\/2023\/01\/bittner-michal-cerveny-CER_3684-1-scaled.webp\"><img loading=\"lazy\" decoding=\"async\" class=\"size-extra-large wp-image-20369\" src=\"https:\/\/d2p6e6u75xmxt8.cloudfront.net\/13\/2023\/01\/bittner-michal-cerveny-CER_3684-1-1920x1280.webp\" alt=\"Pavel Bittner\" width=\"1920\" height=\"1280\" srcset=\"https:\/\/d2p6e6u75xmxt8.cloudfront.net\/13\/2023\/01\/bittner-michal-cerveny-CER_3684-1-1920x1280.webp 1920w, https:\/\/d2p6e6u75xmxt8.cloudfront.net\/13\/2023\/01\/bittner-michal-cerveny-CER_3684-1-300x200.webp 300w, https:\/\/d2p6e6u75xmxt8.cloudfront.net\/13\/2023\/01\/bittner-michal-cerveny-CER_3684-1-1024x683.webp 1024w, https:\/\/d2p6e6u75xmxt8.cloudfront.net\/13\/2023\/01\/bittner-michal-cerveny-CER_3684-1-768x512.webp 768w, https:\/\/d2p6e6u75xmxt8.cloudfront.net\/13\/2023\/01\/bittner-michal-cerveny-CER_3684-1-1536x1024.webp 1536w, https:\/\/d2p6e6u75xmxt8.cloudfront.net\/13\/2023\/01\/bittner-michal-cerveny-CER_3684-1-2048x1365.webp 2048w, https:\/\/d2p6e6u75xmxt8.cloudfront.net\/13\/2023\/01\/bittner-michal-cerveny-CER_3684-1-272x182.webp 272w, https:\/\/d2p6e6u75xmxt8.cloudfront.net\/13\/2023\/01\/bittner-michal-cerveny-CER_3684-1-1920x1280.webp 1920w\" sizes=\"auto, (max-width: 1920px) 100vw, 1920px\" \/><\/a><figcaption id=\"caption-attachment-20369\" class=\"wp-caption-text\">Pavel Bittner v barv\u00e1ch formace <em>DSM. Foto: Michal \u010cerven\u00fd<\/em><\/figcaption><\/figure>\n<p>Cestu Pavla Bittnera p\u0159es t\u00fdm nad\u011bj\u00ed DSM n\u00e1sleduj\u00ed <strong>Milan Kadlec<\/strong> a <strong>Adam Seeman<\/strong>, kte\u0159\u00ed maj\u00ed podeps\u00e1no na dva roky a je jen na nich, zda budou kop\u00edrovat krajana. Podobn\u011b to ud\u011blal i <strong>Jakub \u0164oupal\u00edk<\/strong>, jen\u017e ode\u0161el do kontinent\u00e1ln\u00ed st\u00e1je EF Education-NIPPO Development Team, farmy velk\u00e9ho worldtourov\u00e9ho t\u00fdmu.<\/p>\n<h2><strong>Michal Schlegel m\u00e1 v Caja Rural dva krajany<\/strong><\/h2>\n<p>A jak jsou na tom \u010ce\u0161i v prokontinent\u00e1ln\u00edch t\u00fdmech, tedy pomysln\u00e9 druh\u00e9 divizi? <strong>Michal Schlegel<\/strong> se t\u011b\u0161\u00ed na svou druhou sezonu ve \u0161pan\u011blsk\u00e9 st\u00e1ji Caja Rural &#8211; Seguros RGA, ale pro leto\u0161n\u00ed rok k\u00a0sob\u011b dostal dva krajany: sprintery <strong>Daniela Babora<\/strong> z\u00a0Elkov Kasper a <strong>Tom\u00e1\u0161e B\u00e1rtu<\/strong>, jen\u017e p\u0159i\u0161el z\u00a0ATT Investments.<\/p>\n<p>\u201eT\u00fdm byl dosud stav\u011bn\u00fd sp\u00ed\u0161 na t\u011b\u017e\u0161\u00ed z\u00e1vody. Nem\u011bl skoro \u017e\u00e1dn\u00e9 sprintery a cht\u011bli se pos\u00edlit na hromadn\u00e9 dojezdy,\u201c vysv\u011btlil Babor, kter\u00fd do sezony sko\u010d\u00ed u\u017e koncem ledna tradi\u010dn\u00edmi jednor\u00e1zovkami na Mallorce a v\u00a0\u00fanoru by m\u011bl jet etapov\u00fd z\u00e1vod Kolem Algarve. Schlegel a B\u00e1rta maj\u00ed v\u00a0programu na \u00favod na konci ledna jednor\u00e1zov\u00fd z\u00e1vod v\u00a0Marseille.<\/p>\n<figure id=\"attachment_20344\" aria-describedby=\"caption-attachment-20344\" style=\"width: 1920px\" class=\"wp-caption alignnone\"><a href=\"https:\/\/d2p6e6u75xmxt8.cloudfront.net\/13\/2023\/01\/kelemen-petr-CER_3536-scaled.webp\"><img loading=\"lazy\" decoding=\"async\" class=\"size-extra-large wp-image-20344\" src=\"https:\/\/d2p6e6u75xmxt8.cloudfront.net\/13\/2023\/01\/kelemen-petr-CER_3536-1920x1280.webp\" alt=\"Petr Kelemen\" width=\"1920\" height=\"1280\" srcset=\"https:\/\/d2p6e6u75xmxt8.cloudfront.net\/13\/2023\/01\/kelemen-petr-CER_3536-1920x1280.webp 1920w, https:\/\/d2p6e6u75xmxt8.cloudfront.net\/13\/2023\/01\/kelemen-petr-CER_3536-300x200.webp 300w, https:\/\/d2p6e6u75xmxt8.cloudfront.net\/13\/2023\/01\/kelemen-petr-CER_3536-1024x683.webp 1024w, https:\/\/d2p6e6u75xmxt8.cloudfront.net\/13\/2023\/01\/kelemen-petr-CER_3536-768x512.webp 768w, https:\/\/d2p6e6u75xmxt8.cloudfront.net\/13\/2023\/01\/kelemen-petr-CER_3536-1536x1024.webp 1536w, https:\/\/d2p6e6u75xmxt8.cloudfront.net\/13\/2023\/01\/kelemen-petr-CER_3536-2048x1365.webp 2048w, https:\/\/d2p6e6u75xmxt8.cloudfront.net\/13\/2023\/01\/kelemen-petr-CER_3536-272x182.webp 272w, https:\/\/d2p6e6u75xmxt8.cloudfront.net\/13\/2023\/01\/kelemen-petr-CER_3536-1920x1280.webp 1920w\" sizes=\"auto, (max-width: 1920px) 100vw, 1920px\" \/><\/a><figcaption id=\"caption-attachment-20344\" class=\"wp-caption-text\"><em>Petr Kelemen pojede u\u017e druhou sezonu v barv\u00e1ch t\u00fdmu Tudor, kter\u00fd pov\u00fd\u0161il na prokontinent\u00e1ln\u00ed \u00farove\u0148.<\/em><\/figcaption><\/figure>\n<p>Ve \u0160pan\u011blsku bude nad\u00e1le p\u016fsobit i <strong>Vojt\u011bch \u0158epa<\/strong>, jeho\u017e \u010dek\u00e1 u\u017e t\u0159et\u00ed rok v\u00a0t\u00fdmu Equipo Kern Pharma. Vloni se s\u00a0n\u00edm dostal a\u017e na Vueltu, v \u010dervnu zajel velmi dob\u0159e z\u00e1vod Kolem Slovinska, kde skon\u010dil p\u00e1t\u00fd. \u0158epa je v\u00a0t\u00fdmu jedn\u00edm ze t\u0159\u00ed cizinc\u016f, zbyl\u00fdch 19 cyklist\u016f jsou \u0160pan\u011bl\u00e9.<\/p>\n<div class=\"shortcode-ys-post-pinup\"><article class=\"loop-simple post-18747 post type-post status-publish format-standard has-post-thumbnail hentry category-silnicni-cyklistika tag-cyklistika tag-equipo-kern-pharma tag-marc-soler tag-silnicni-cyklistika tag-vojtech-repa tag-vuelta global-categories-cycling\" data-postid=\"18747\" role=\"article\" data-post-id=\"18747\" data-word-count=\"682\" data-headline-length=\"75\" data-category=\"Silni\u010dn\u00ed cyklistika\" data-global-category=\"Cycling\" data-author=\"Jan Kr\u016fta\" data-published=\"2022-09-14T08:15:26+02:00\" data-published-day=\"Wednesday\">\n    <div class=\"entry-thumbnail article-thumbnail\" content=\"https:\/\/d2p6e6u75xmxt8.cloudfront.net\/13\/2022\/09\/REPA-vojtech-2-150x150.webp\"><a href=\"https:\/\/www.welovecycling.com\/cs\/2022\/09\/14\/vojtech-repa-vuelta-mi-otevrela-oci-ceka-me-jeste-spousta-driny\/\" class=\"image-holder\" target=\"_self\"><img decoding=\"async\" loading=\"lazy\" class=\"\" src=\"https:\/\/d2p6e6u75xmxt8.cloudfront.net\/13\/2022\/09\/REPA-vojtech-2.webp\" srcset=\"https:\/\/d2p6e6u75xmxt8.cloudfront.net\/13\/2022\/09\/REPA-vojtech-2.webp 766w, https:\/\/d2p6e6u75xmxt8.cloudfront.net\/13\/2022\/09\/REPA-vojtech-2-300x187.webp 300w\" width=\"766\" height=\"478\" sizes=\"auto, (min-width: 1200px) 320px, (min-width: 768px) 27vw, 100vw\" alt=\"vojtech-repa-vuelta-mi-otevrela-oci-ceka-me-jeste-spousta-driny\"\/><\/a><\/div>    <div class=\"entry-meta\">\n        <a class=\"label label-secondary post-category\" href=\"https:\/\/www.welovecycling.com\/cs\/category\/silnicni-cyklistika\/\" title=\"Silni\u010dn\u00ed cyklistika\">Silni\u010dn\u00ed cyklistika<\/a>\n    <\/div>\n    <div class=\"entry-details\">\n        <a href=\"https:\/\/www.welovecycling.com\/cs\/2022\/09\/14\/vojtech-repa-vuelta-mi-otevrela-oci-ceka-me-jeste-spousta-driny\/\" class='entry-title-wrapper'>\n            <h3 class=\"entry-title\"><span>Vojt\u011bch \u0158epa: Vuelta mi otev\u0159ela o\u010di, \u010dek\u00e1 m\u011b je\u0161t\u011b spousta d\u0159iny<\/span><\/h3>\n        <\/a>\n    <\/div>\n    <\/article>\n<\/div>\n<p>Anga\u017em\u00e1 v\u00a0italsk\u00e9 st\u00e1ji Corratec na\u0161el <strong>Karel Vacek<\/strong>, star\u0161\u00ed bratr Mathiase, kter\u00fd vloni p\u016fsobil v\u00a0rakousk\u00e9 st\u00e1ji Tirol KTM.<\/p>\n<p>\u010cerstv\u00fd vicemistr republiky v\u00a0cyklokrosu <strong>Maty\u00e1\u0161 Kopeck\u00fd<\/strong> m\u00e1 i na leto\u0161n\u00ed rok podeps\u00e1no v\u00a0americk\u00e9m pro-konti t\u00fdmu Novo Nordisk, \u00fa\u0159aduj\u00edc\u00edho mistra republiky v\u00a0silni\u010dn\u00edm z\u00e1vod\u011b U23 <strong>Petra Kelemena <\/strong>budeme v\u00eddat v\u00a0dresu \u0161v\u00fdcarsk\u00e9 st\u00e1je Tudor Pro Cycling.<\/p>\n","protected":false},"excerpt":{"rendered":"<p>U\u017e to vypuklo! Leto\u0161n\u00ed silni\u010dn\u00ed sezona na nejvy\u0161\u0161\u00ed \u00farovni World Tour odstartovala v Austr\u00e1lii. Sice bez \u010desk\u00fdch z\u00e1vodn\u00edk\u016f, ale dva [&hellip;]<\/p>\n","protected":false},"author":138,"featured_media":20369,"comment_status":"open","ping_status":"open","sticky":false,"template":"","format":"standard","meta":{"footnotes":""},"categories":[10],"tags":[2843,2840,126,2635,1678,215,2841,216,253,305,1866,1760,1467,1677,579,1072,9,2842,2660,1448,73],"global-categories":[411],"class_list":["post-20284","post","type-post","status-publish","format-standard","has-post-thumbnail","hentry","category-silnicni-cyklistika","tag-adam-seeman","tag-cesi-ve-world-tour","tag-cyklistika","tag-daniel-babor","tag-jakub-toupalik","tag-jan-hirt","tag-jayco-alula","tag-josef-cerny","tag-karel-vacek","tag-mathias-vacek","tag-matyas-kopecky","tag-michal-schlegel","tag-milan-kadlec","tag-petr-kelemen","tag-prestupy","tag-remco-evenepoel","tag-silnicni-cyklistika","tag-soudal-quick-step","tag-tomas-barta","tag-vojtech-repa","tag-zdenek-stybar","global-categories-cycling"],"yoast_head":"<!-- This site is optimized with the Yoast SEO Premium plugin v25.3 (Yoast SEO v25.9) - https:\/\/yoast.com\/wordpress\/plugins\/seo\/ -->\n<title>\u010ce\u0161i ve World Tour: Hirt a \u0160tybar v\u00a0nov\u00fdch t\u00fdmech, Vacka i Bittnera \u010dek\u00e1 prvn\u00ed ostr\u00e1 sezona | \u0160koda We Love Cycling - \u010cesk\u00e1 republika<\/title>\n<meta name=\"description\" content=\"Silni\u010dn\u00ed sezona 2023 odstartovala v Austr\u00e1lii. Kde podepsali \u010ce\u0161i ve World Tour? Jak\u00e9 zastoupen\u00ed m\u00e1 \u010cesko ve druh\u00e9 nejvy\u0161\u0161\u00ed divizi?\" \/>\n<meta name=\"robots\" content=\"index, follow, max-snippet:-1, max-image-preview:large, max-video-preview:-1\" \/>\n<link rel=\"canonical\" href=\"https:\/\/www.welovecycling.com\/cs\/2023\/01\/21\/cesi-ve-world-tour-hirt-a-stybar-v-novych-tymech-vacka-i-bittnera-ceka-prvni-ostra-sezona\/\" \/>\n<meta property=\"og:locale\" content=\"cs_CZ\" \/>\n<meta property=\"og:type\" content=\"article\" \/>\n<meta property=\"og:title\" content=\"\u010ce\u0161i ve World Tour: Hirt a \u0160tybar v\u00a0nov\u00fdch t\u00fdmech, Vacka i Bittnera \u010dek\u00e1 prvn\u00ed ostr\u00e1 sezona\" \/>\n<meta property=\"og:description\" content=\"Silni\u010dn\u00ed sezona 2023 odstartovala v Austr\u00e1lii. Kde podepsali \u010ce\u0161i ve World Tour? Jak\u00e9 zastoupen\u00ed m\u00e1 \u010cesko ve druh\u00e9 nejvy\u0161\u0161\u00ed divizi?\" \/>\n<meta property=\"og:url\" content=\"https:\/\/www.welovecycling.com\/cs\/2023\/01\/21\/cesi-ve-world-tour-hirt-a-stybar-v-novych-tymech-vacka-i-bittnera-ceka-prvni-ostra-sezona\/\" \/>\n<meta property=\"og:site_name\" content=\"\u0160koda We Love Cycling - \u010cesk\u00e1 republika\" \/>\n<meta property=\"article:published_time\" content=\"2023-01-21T11:00:38+00:00\" \/>\n<meta property=\"og:image\" content=\"https:\/\/d2p6e6u75xmxt8.cloudfront.net\/13\/2023\/01\/bittner-michal-cerveny-CER_3684-1-scaled.webp\" \/>\n\t<meta property=\"og:image:width\" content=\"2560\" \/>\n\t<meta property=\"og:image:height\" content=\"1707\" \/>\n\t<meta property=\"og:image:type\" content=\"image\/webp\" \/>\n<meta name=\"author\" content=\"radekmalina\" \/>\n<meta name=\"twitter:card\" content=\"summary_large_image\" \/>\n<meta name=\"twitter:label1\" content=\"Written by\" \/>\n\t<meta name=\"twitter:data1\" content=\"Jan Kr\u016fta\" \/>\n\t<meta name=\"twitter:label2\" content=\"Est. reading time\" \/>\n\t<meta name=\"twitter:data2\" content=\"6\" \/>\n<script type=\"application\/ld+json\" class=\"yoast-schema-graph\">{\"@context\":\"https:\/\/schema.org\",\"@graph\":[{\"@type\":\"WebPage\",\"@id\":\"https:\/\/www.welovecycling.com\/cs\/2023\/01\/21\/cesi-ve-world-tour-hirt-a-stybar-v-novych-tymech-vacka-i-bittnera-ceka-prvni-ostra-sezona\/\",\"url\":\"https:\/\/www.welovecycling.com\/cs\/2023\/01\/21\/cesi-ve-world-tour-hirt-a-stybar-v-novych-tymech-vacka-i-bittnera-ceka-prvni-ostra-sezona\/\",\"name\":\"\u010ce\u0161i ve World Tour: Hirt a \u0160tybar v\u00a0nov\u00fdch t\u00fdmech, Vacka i Bittnera \u010dek\u00e1 prvn\u00ed ostr\u00e1 sezona | \u0160koda We Love Cycling - \u010cesk\u00e1 republika\",\"isPartOf\":{\"@id\":\"https:\/\/www.welovecycling.com\/cs\/#website\"},\"primaryImageOfPage\":{\"@id\":\"https:\/\/www.welovecycling.com\/cs\/2023\/01\/21\/cesi-ve-world-tour-hirt-a-stybar-v-novych-tymech-vacka-i-bittnera-ceka-prvni-ostra-sezona\/#primaryimage\"},\"image\":{\"@id\":\"https:\/\/www.welovecycling.com\/cs\/2023\/01\/21\/cesi-ve-world-tour-hirt-a-stybar-v-novych-tymech-vacka-i-bittnera-ceka-prvni-ostra-sezona\/#primaryimage\"},\"thumbnailUrl\":\"https:\/\/d2p6e6u75xmxt8.cloudfront.net\/13\/2023\/01\/bittner-michal-cerveny-CER_3684-1-scaled.webp\",\"datePublished\":\"2023-01-21T11:00:38+00:00\",\"author\":{\"@id\":\"https:\/\/www.welovecycling.com\/cs\/#\/schema\/person\/d9eeb0a378f3a7e4a6d12d2b536b04b8\"},\"description\":\"Silni\u010dn\u00ed sezona 2023 odstartovala v Austr\u00e1lii. Kde podepsali \u010ce\u0161i ve World Tour? Jak\u00e9 zastoupen\u00ed m\u00e1 \u010cesko ve druh\u00e9 nejvy\u0161\u0161\u00ed divizi?\",\"inLanguage\":\"cs\",\"potentialAction\":[{\"@type\":\"ReadAction\",\"target\":[\"https:\/\/www.welovecycling.com\/cs\/2023\/01\/21\/cesi-ve-world-tour-hirt-a-stybar-v-novych-tymech-vacka-i-bittnera-ceka-prvni-ostra-sezona\/\"]}]},{\"@type\":\"ImageObject\",\"inLanguage\":\"cs\",\"@id\":\"https:\/\/www.welovecycling.com\/cs\/2023\/01\/21\/cesi-ve-world-tour-hirt-a-stybar-v-novych-tymech-vacka-i-bittnera-ceka-prvni-ostra-sezona\/#primaryimage\",\"url\":\"https:\/\/d2p6e6u75xmxt8.cloudfront.net\/13\/2023\/01\/bittner-michal-cerveny-CER_3684-1-scaled.webp\",\"contentUrl\":\"https:\/\/d2p6e6u75xmxt8.cloudfront.net\/13\/2023\/01\/bittner-michal-cerveny-CER_3684-1-scaled.webp\",\"width\":2560,\"height\":1707,\"caption\":\"Pavel Bittner\"},{\"@type\":\"WebSite\",\"@id\":\"https:\/\/www.welovecycling.com\/cs\/#website\",\"url\":\"https:\/\/www.welovecycling.com\/cs\/\",\"name\":\"\u0160koda We Love Cycling - \u010cesk\u00e1 republika\",\"description\":\"WeLoveCycling.cz je online magaz\u00edn, kter\u00fd v\u00e1m pravideln\u011b p\u0159in\u00e1\u0161\u00ed rady a tipy, zaj\u00edmav\u00e9 \u010dl\u00e1nky, videa a jedine\u010dn\u00e9 report\u00e1\u017ee ze sv\u011bta cyklistiky.\",\"potentialAction\":[{\"@type\":\"SearchAction\",\"target\":{\"@type\":\"EntryPoint\",\"urlTemplate\":\"https:\/\/www.welovecycling.com\/cs\/?s={search_term_string}\"},\"query-input\":{\"@type\":\"PropertyValueSpecification\",\"valueRequired\":true,\"valueName\":\"search_term_string\"}}],\"inLanguage\":\"cs\"},{\"@type\":\"Person\",\"@id\":\"https:\/\/www.welovecycling.com\/cs\/#\/schema\/person\/d9eeb0a378f3a7e4a6d12d2b536b04b8\",\"name\":\"radekmalina\",\"image\":{\"@type\":\"ImageObject\",\"inLanguage\":\"cs\",\"@id\":\"https:\/\/www.welovecycling.com\/cs\/#\/schema\/person\/image\/\",\"url\":\"https:\/\/secure.gravatar.com\/avatar\/66994b632cb8c39a46b9f54afa3ae07201b678d32a54275b6f1c9ffec356bfc0?s=96&d=mm&r=g\",\"contentUrl\":\"https:\/\/secure.gravatar.com\/avatar\/66994b632cb8c39a46b9f54afa3ae07201b678d32a54275b6f1c9ffec356bfc0?s=96&d=mm&r=g\",\"caption\":\"radekmalina\"},\"url\":\"https:\/\/www.welovecycling.com\/cs\/author\/radekmalina\/\"}]}<\/script>\n<!-- \/ Yoast SEO Premium plugin. -->","yoast_head_json":{"title":"\u010ce\u0161i ve World Tour: Hirt a \u0160tybar v\u00a0nov\u00fdch t\u00fdmech, Vacka i Bittnera \u010dek\u00e1 prvn\u00ed ostr\u00e1 sezona | \u0160koda We Love Cycling - \u010cesk\u00e1 republika","description":"Silni\u010dn\u00ed sezona 2023 odstartovala v Austr\u00e1lii. Kde podepsali \u010ce\u0161i ve World Tour? Jak\u00e9 zastoupen\u00ed m\u00e1 \u010cesko ve druh\u00e9 nejvy\u0161\u0161\u00ed divizi?","robots":{"index":"index","follow":"follow","max-snippet":"max-snippet:-1","max-image-preview":"max-image-preview:large","max-video-preview":"max-video-preview:-1"},"canonical":"https:\/\/www.welovecycling.com\/cs\/2023\/01\/21\/cesi-ve-world-tour-hirt-a-stybar-v-novych-tymech-vacka-i-bittnera-ceka-prvni-ostra-sezona\/","og_locale":"cs_CZ","og_type":"article","og_title":"\u010ce\u0161i ve World Tour: Hirt a \u0160tybar v\u00a0nov\u00fdch t\u00fdmech, Vacka i Bittnera \u010dek\u00e1 prvn\u00ed ostr\u00e1 sezona","og_description":"Silni\u010dn\u00ed sezona 2023 odstartovala v Austr\u00e1lii. Kde podepsali \u010ce\u0161i ve World Tour? Jak\u00e9 zastoupen\u00ed m\u00e1 \u010cesko ve druh\u00e9 nejvy\u0161\u0161\u00ed divizi?","og_url":"https:\/\/www.welovecycling.com\/cs\/2023\/01\/21\/cesi-ve-world-tour-hirt-a-stybar-v-novych-tymech-vacka-i-bittnera-ceka-prvni-ostra-sezona\/","og_site_name":"\u0160koda We Love Cycling - \u010cesk\u00e1 republika","article_published_time":"2023-01-21T11:00:38+00:00","og_image":[{"width":2560,"height":1707,"url":"https:\/\/d2p6e6u75xmxt8.cloudfront.net\/13\/2023\/01\/bittner-michal-cerveny-CER_3684-1-scaled.webp","type":"image\/webp"}],"author":"radekmalina","twitter_card":"summary_large_image","twitter_misc":{"Written by":"Jan Kr\u016fta","Est. reading time":"6"},"schema":{"@context":"https:\/\/schema.org","@graph":[{"@type":"WebPage","@id":"https:\/\/www.welovecycling.com\/cs\/2023\/01\/21\/cesi-ve-world-tour-hirt-a-stybar-v-novych-tymech-vacka-i-bittnera-ceka-prvni-ostra-sezona\/","url":"https:\/\/www.welovecycling.com\/cs\/2023\/01\/21\/cesi-ve-world-tour-hirt-a-stybar-v-novych-tymech-vacka-i-bittnera-ceka-prvni-ostra-sezona\/","name":"\u010ce\u0161i ve World Tour: Hirt a \u0160tybar v\u00a0nov\u00fdch t\u00fdmech, Vacka i Bittnera \u010dek\u00e1 prvn\u00ed ostr\u00e1 sezona | \u0160koda We Love Cycling - \u010cesk\u00e1 republika","isPartOf":{"@id":"https:\/\/www.welovecycling.com\/cs\/#website"},"primaryImageOfPage":{"@id":"https:\/\/www.welovecycling.com\/cs\/2023\/01\/21\/cesi-ve-world-tour-hirt-a-stybar-v-novych-tymech-vacka-i-bittnera-ceka-prvni-ostra-sezona\/#primaryimage"},"image":{"@id":"https:\/\/www.welovecycling.com\/cs\/2023\/01\/21\/cesi-ve-world-tour-hirt-a-stybar-v-novych-tymech-vacka-i-bittnera-ceka-prvni-ostra-sezona\/#primaryimage"},"thumbnailUrl":"https:\/\/d2p6e6u75xmxt8.cloudfront.net\/13\/2023\/01\/bittner-michal-cerveny-CER_3684-1-scaled.webp","datePublished":"2023-01-21T11:00:38+00:00","author":{"@id":"https:\/\/www.welovecycling.com\/cs\/#\/schema\/person\/d9eeb0a378f3a7e4a6d12d2b536b04b8"},"description":"Silni\u010dn\u00ed sezona 2023 odstartovala v Austr\u00e1lii. Kde podepsali \u010ce\u0161i ve World Tour? Jak\u00e9 zastoupen\u00ed m\u00e1 \u010cesko ve druh\u00e9 nejvy\u0161\u0161\u00ed divizi?","inLanguage":"cs","potentialAction":[{"@type":"ReadAction","target":["https:\/\/www.welovecycling.com\/cs\/2023\/01\/21\/cesi-ve-world-tour-hirt-a-stybar-v-novych-tymech-vacka-i-bittnera-ceka-prvni-ostra-sezona\/"]}]},{"@type":"ImageObject","inLanguage":"cs","@id":"https:\/\/www.welovecycling.com\/cs\/2023\/01\/21\/cesi-ve-world-tour-hirt-a-stybar-v-novych-tymech-vacka-i-bittnera-ceka-prvni-ostra-sezona\/#primaryimage","url":"https:\/\/d2p6e6u75xmxt8.cloudfront.net\/13\/2023\/01\/bittner-michal-cerveny-CER_3684-1-scaled.webp","contentUrl":"https:\/\/d2p6e6u75xmxt8.cloudfront.net\/13\/2023\/01\/bittner-michal-cerveny-CER_3684-1-scaled.webp","width":2560,"height":1707,"caption":"Pavel Bittner"},{"@type":"WebSite","@id":"https:\/\/www.welovecycling.com\/cs\/#website","url":"https:\/\/www.welovecycling.com\/cs\/","name":"\u0160koda We Love Cycling - \u010cesk\u00e1 republika","description":"WeLoveCycling.cz je online magaz\u00edn, kter\u00fd v\u00e1m pravideln\u011b p\u0159in\u00e1\u0161\u00ed rady a tipy, zaj\u00edmav\u00e9 \u010dl\u00e1nky, videa a jedine\u010dn\u00e9 report\u00e1\u017ee ze sv\u011bta cyklistiky.","potentialAction":[{"@type":"SearchAction","target":{"@type":"EntryPoint","urlTemplate":"https:\/\/www.welovecycling.com\/cs\/?s={search_term_string}"},"query-input":{"@type":"PropertyValueSpecification","valueRequired":true,"valueName":"search_term_string"}}],"inLanguage":"cs"},{"@type":"Person","@id":"https:\/\/www.welovecycling.com\/cs\/#\/schema\/person\/d9eeb0a378f3a7e4a6d12d2b536b04b8","name":"radekmalina","image":{"@type":"ImageObject","inLanguage":"cs","@id":"https:\/\/www.welovecycling.com\/cs\/#\/schema\/person\/image\/","url":"https:\/\/secure.gravatar.com\/avatar\/66994b632cb8c39a46b9f54afa3ae07201b678d32a54275b6f1c9ffec356bfc0?s=96&d=mm&r=g","contentUrl":"https:\/\/secure.gravatar.com\/avatar\/66994b632cb8c39a46b9f54afa3ae07201b678d32a54275b6f1c9ffec356bfc0?s=96&d=mm&r=g","caption":"radekmalina"},"url":"https:\/\/www.welovecycling.com\/cs\/author\/radekmalina\/"}]}},"_links":{"self":[{"href":"https:\/\/www.welovecycling.com\/cs\/wp-json\/wp\/v2\/posts\/20284","targetHints":{"allow":["GET"]}}],"collection":[{"href":"https:\/\/www.welovecycling.com\/cs\/wp-json\/wp\/v2\/posts"}],"about":[{"href":"https:\/\/www.welovecycling.com\/cs\/wp-json\/wp\/v2\/types\/post"}],"author":[{"embeddable":true,"href":"https:\/\/www.welovecycling.com\/cs\/wp-json\/wp\/v2\/users\/138"}],"replies":[{"embeddable":true,"href":"https:\/\/www.welovecycling.com\/cs\/wp-json\/wp\/v2\/comments?post=20284"}],"version-history":[{"count":2,"href":"https:\/\/www.welovecycling.com\/cs\/wp-json\/wp\/v2\/posts\/20284\/revisions"}],"predecessor-version":[{"id":20371,"href":"https:\/\/www.welovecycling.com\/cs\/wp-json\/wp\/v2\/posts\/20284\/revisions\/20371"}],"wp:featuredmedia":[{"embeddable":true,"href":"https:\/\/www.welovecycling.com\/cs\/wp-json\/wp\/v2\/media\/20369"}],"wp:attachment":[{"href":"https:\/\/www.welovecycling.com\/cs\/wp-json\/wp\/v2\/media?parent=20284"}],"wp:term":[{"taxonomy":"category","embeddable":true,"href":"https:\/\/www.welovecycling.com\/cs\/wp-json\/wp\/v2\/categories?post=20284"},{"taxonomy":"post_tag","embeddable":true,"href":"https:\/\/www.welovecycling.com\/cs\/wp-json\/wp\/v2\/tags?post=20284"},{"taxonomy":"global-categories","embeddable":true,"href":"https:\/\/www.welovecycling.com\/cs\/wp-json\/wp\/v2\/global-categories?post=20284"}],"curies":[{"name":"wp","href":"https:\/\/api.w.org\/{rel}","templated":true}]}}