{"id":20252,"date":"2023-01-17T06:00:00","date_gmt":"2023-01-17T04:00:00","guid":{"rendered":"https:\/\/www.welovecycling.com\/cs\/?p=20252"},"modified":"2023-01-16T17:38:23","modified_gmt":"2023-01-16T15:38:23","slug":"lance-armstrong-a-deset-let-od-padu-imperia-chtel-jsem-vse-ovladat","status":"publish","type":"post","link":"https:\/\/www.welovecycling.com\/cs\/2023\/01\/17\/lance-armstrong-a-deset-let-od-padu-imperia-chtel-jsem-vse-ovladat\/","title":{"rendered":"Lance Armstrong a deset let od p\u00e1du imp\u00e9ria: Cht\u011bl jsem v\u0161e ovl\u00e1dat"},"content":{"rendered":"<p><strong>Padouch, nebo hrdina? Den, kter\u00fd zm\u011bnil pohled na cyklistickou superstar tehdej\u0161\u00ed doby. Nebo nezm\u011bnil? Z\u00e1le\u017e\u00ed na vkusu ka\u017ed\u00e9ho jedince&#8230; Je to p\u0159esn\u011b deset let, kdy Lance Armstrong p\u0159iznal, \u017ee cel\u00e1 jeho kari\u00e9ra byla prov\u00e1zena dopingem a v\u0161ech sedm v\u00edt\u011bzstv\u00ed na Tour de France z\u00edskal pomoc\u00ed zak\u00e1zan\u00fdch l\u00e1tek.<\/strong><\/p>\n<p>\u201eKdy\u017e mi diagnostikovali rakovinu, ud\u011blal bych cokoliv, abych p\u0159e\u017eil. A tento postoj jsem si n\u00e1sledn\u011b p\u0159enesl do cyklistiky. Dopoval jsem p\u0159i v\u0161ech v\u00edt\u011bzstv\u00edch na Tour de France. Ale v dob\u011b moj\u00ed generace jsem se prost\u011b jen p\u0159izp\u016fsobil kultu\u0159e, kter\u00e1 v pelotonu panovala. Bez zak\u00e1zan\u00fdch l\u00e1tek nebylo mo\u017en\u00e9 vyhr\u00e1t. Po\u0159\u00e1d jsem sly\u0161el, \u017ee jsem podvodn\u00edk. Ale j\u00e1 to vn\u00edmal jinak. Jen jsem se sna\u017eil vyrovnat podm\u00ednky,\u201c vysv\u011btloval Lance Armstrong v nar\u00e1\u017ece na fakt, \u017ee doping v tehdej\u0161\u00ed dob\u011b byl prost\u011b v pelotonu kulturou.<\/p>\n<figure id=\"attachment_20263\" aria-describedby=\"caption-attachment-20263\" style=\"width: 1800px\" class=\"wp-caption alignnone\"><a href=\"https:\/\/d2p6e6u75xmxt8.cloudfront.net\/13\/2023\/01\/armstrong-sedm-vitezstvi-profimedia-0234619925.webp\"><img loading=\"lazy\" decoding=\"async\" class=\"size-full wp-image-20263\" src=\"https:\/\/d2p6e6u75xmxt8.cloudfront.net\/13\/2023\/01\/armstrong-sedm-vitezstvi-profimedia-0234619925.webp\" alt=\"Lance Armstrong\" width=\"1800\" height=\"1349\" srcset=\"https:\/\/d2p6e6u75xmxt8.cloudfront.net\/13\/2023\/01\/armstrong-sedm-vitezstvi-profimedia-0234619925.webp 1800w, https:\/\/d2p6e6u75xmxt8.cloudfront.net\/13\/2023\/01\/armstrong-sedm-vitezstvi-profimedia-0234619925-300x225.webp 300w, https:\/\/d2p6e6u75xmxt8.cloudfront.net\/13\/2023\/01\/armstrong-sedm-vitezstvi-profimedia-0234619925-1024x767.webp 1024w, https:\/\/d2p6e6u75xmxt8.cloudfront.net\/13\/2023\/01\/armstrong-sedm-vitezstvi-profimedia-0234619925-768x576.webp 768w, https:\/\/d2p6e6u75xmxt8.cloudfront.net\/13\/2023\/01\/armstrong-sedm-vitezstvi-profimedia-0234619925-1536x1151.webp 1536w\" sizes=\"auto, (max-width: 1800px) 100vw, 1800px\" \/><\/a><figcaption id=\"caption-attachment-20263\" class=\"wp-caption-text\"><em>Lance Armstrong dok\u00e1zal vyhr\u00e1t Tour de France sedmkr\u00e1t v \u0159ad\u011b.<\/em><\/figcaption><\/figure>\n<p>A s\u00a0odstupem se vysm\u00e1l v\u0161em test\u016fm, kter\u00e9 musel podstoupit. \u201eNeb\u00e1l jsem se, \u017ee m\u011b chyt\u00ed. Tehdy dopingov\u00ed komisa\u0159i chodili dom\u016f jen minim\u00e1ln\u011b. Mimosout\u011b\u017en\u00ed kontroly prakticky neexistovaly. A p\u0159ed z\u00e1vody \u010di v\u00a0jejich pr\u016fb\u011bhu jsme byli v\u017edy velmi obez\u0159etn\u00ed. Byla to ot\u00e1zka pl\u00e1nov\u00e1n\u00ed,\u201c popisoval Lance Armstrong.<\/p>\n<h2><strong>Triumf na Tour po rakovin\u011b? Zrodil se nov\u00fd hrdina<\/strong><\/h2>\n<p>Amerika tehdy 17. ledna 2013 za\u017eila \u0161ok kr\u00e1tce p\u0159ed p\u016flnoc\u00ed. Pro rodnou zemi byl hrdinou. V\u017edy\u0165 p\u0159ekonal rakovinu. Zalo\u017eil nadaci Livestrong pro boj s touto z\u00e1ke\u0159nou nemoc\u00ed. V Evrop\u011b mnoz\u00ed probd\u011bli noc, aby vid\u011bli televizn\u00ed rozhovor, kter\u00fd moderovala Oprah Winfrey, \u017eiv\u011b. A ti dal\u0161\u00ed se probudili a m\u011bli bolehlav ze zpravodajsk\u00fdch titulk\u016f&#8230;<\/p>\n<div class=\"shortcode-ys-post-pinup\"><article class=\"loop-simple post-12308 post type-post status-publish format-standard has-post-thumbnail hentry category-silnicni-cyklistika tag-cyklistika tag-jan-ullrich tag-jiri-zenisek tag-silnicni-cyklistika tag-t-mobile tag-tomas-konecny tag-tufo-prostejov tag-zdravi-a-trenink global-categories-cycling\" data-postid=\"12308\" role=\"article\" data-post-id=\"12308\" data-word-count=\"1565\" data-headline-length=\"92\" data-category=\"Silni\u010dn\u00ed cyklistika\" data-global-category=\"Cycling\" data-author=\"Jan Kr\u016fta\" data-published=\"2021-04-10T13:00:04+02:00\" data-published-day=\"Saturday\">\n    <div class=\"entry-thumbnail article-thumbnail\" content=\"https:\/\/d2p6e6u75xmxt8.cloudfront.net\/13\/2021\/04\/konecny-michal-cerveny-150x150.webp\"><a href=\"https:\/\/www.welovecycling.com\/cs\/2021\/04\/10\/tomas-konecny-nebylo-to-tak-ze-vsichni-povinne-neco-museli-brat\/\" class=\"image-holder\" target=\"_self\"><img decoding=\"async\" loading=\"lazy\" class=\"\" src=\"https:\/\/d2p6e6u75xmxt8.cloudfront.net\/13\/2021\/04\/konecny-michal-cerveny-1024x683.webp\" srcset=\"https:\/\/d2p6e6u75xmxt8.cloudfront.net\/13\/2021\/04\/konecny-michal-cerveny.webp 1600w, https:\/\/d2p6e6u75xmxt8.cloudfront.net\/13\/2021\/04\/konecny-michal-cerveny-300x200.webp 300w, https:\/\/d2p6e6u75xmxt8.cloudfront.net\/13\/2021\/04\/konecny-michal-cerveny-1024x683.webp 1024w, https:\/\/d2p6e6u75xmxt8.cloudfront.net\/13\/2021\/04\/konecny-michal-cerveny-768x512.webp 768w, https:\/\/d2p6e6u75xmxt8.cloudfront.net\/13\/2021\/04\/konecny-michal-cerveny-1536x1024.webp 1536w, https:\/\/d2p6e6u75xmxt8.cloudfront.net\/13\/2021\/04\/konecny-michal-cerveny-272x182.webp 272w\" width=\"1024\" height=\"683\" sizes=\"auto, (min-width: 1200px) 300px, (min-width: 768px) 25vw, 100vw\" alt=\"tomas-konecny-nebylo-to-tak-ze-vsichni-povinne-neco-museli-brat\"\/><\/a><\/div>    <div class=\"entry-meta\">\n        <a class=\"label label-secondary post-category\" href=\"https:\/\/www.welovecycling.com\/cs\/category\/silnicni-cyklistika\/\" title=\"Silni\u010dn\u00ed cyklistika\">Silni\u010dn\u00ed cyklistika<\/a>\n    <\/div>\n    <div class=\"entry-details\">\n        <a href=\"https:\/\/www.welovecycling.com\/cs\/2021\/04\/10\/tomas-konecny-nebylo-to-tak-ze-vsichni-povinne-neco-museli-brat\/\" class='entry-title-wrapper'>\n            <h3 class=\"entry-title\"><span>Tom\u00e1\u0161 Kone\u010dn\u00fd: K dopingu nikdo nikoho nenutil. J\u00e1 se na sebe m\u016f\u017eu do zrcadla pod\u00edvat<\/span><\/h3>\n        <\/a>\n    <\/div>\n    <\/article>\n<\/div>\n<p>Lance Armstrong, cyklistick\u00fd hrdina p\u0159elomu tis\u00edcilet\u00ed, slavil sedm triumf\u016f na Tour de France. Pot\u00e9, co p\u0159emohl rakovinu. V\u00a0roce 1996 mu l\u00e9ka\u0159i diagnostikovali rakovinu s\u00a0metast\u00e1zemi do plic.<\/p>\n<p>Nad\u011bje na p\u0159e\u017eit\u00ed? Men\u0161\u00ed ne\u017e pades\u00e1t procent.<\/p>\n<figure id=\"attachment_20260\" aria-describedby=\"caption-attachment-20260\" style=\"width: 1800px\" class=\"wp-caption alignnone\"><a href=\"https:\/\/d2p6e6u75xmxt8.cloudfront.net\/13\/2023\/01\/armstrong-profimedia-0068505920.webp\"><img loading=\"lazy\" decoding=\"async\" class=\"size-full wp-image-20260\" src=\"https:\/\/d2p6e6u75xmxt8.cloudfront.net\/13\/2023\/01\/armstrong-profimedia-0068505920.webp\" alt=\"Lance Armstrong\" width=\"1800\" height=\"1482\" srcset=\"https:\/\/d2p6e6u75xmxt8.cloudfront.net\/13\/2023\/01\/armstrong-profimedia-0068505920.webp 1800w, https:\/\/d2p6e6u75xmxt8.cloudfront.net\/13\/2023\/01\/armstrong-profimedia-0068505920-300x247.webp 300w, https:\/\/d2p6e6u75xmxt8.cloudfront.net\/13\/2023\/01\/armstrong-profimedia-0068505920-1024x843.webp 1024w, https:\/\/d2p6e6u75xmxt8.cloudfront.net\/13\/2023\/01\/armstrong-profimedia-0068505920-768x632.webp 768w, https:\/\/d2p6e6u75xmxt8.cloudfront.net\/13\/2023\/01\/armstrong-profimedia-0068505920-1536x1265.webp 1536w\" sizes=\"auto, (max-width: 1800px) 100vw, 1800px\" \/><\/a><figcaption id=\"caption-attachment-20260\" class=\"wp-caption-text\"><em>Lance Armstrong b\u011bhem prohl\u00eddky p\u0159ed Tour de France 1996. Za p\u00e1r t\u00fddn\u016f mu l\u00e9ka\u0159i diagnostikovali rakovinu. Foto: profimedia (6x)<\/em><\/figcaption><\/figure>\n<p>Ale Lance Armstrong se uzdravil. A vr\u00e1til se k\u00a0cyklistice. T\u0159i roky po d\u011bsiv\u00e9 diagn\u00f3ze vyhr\u00e1l Tour de France. V\u00a0nejrychlej\u0161\u00edm \u010dase historie. A jen rok pot\u00e9, co se Tour p\u0159i akci Festina \u00fadajn\u011b \u201eo\u010distila\u201c od dopingu. Nejen sportovn\u00ed sv\u011bt na\u0161el nov\u00e9ho hrdinu.<\/p>\n<p>Sponzo\u0159i platili des\u00edtky tis\u00edc za setk\u00e1n\u00ed s\u00a0hrdinou Tour de France. Se\u0161el se s\u00a0prezidentem USA. Vyu\u017e\u00edval soukrom\u00e9 trysk\u00e1\u010de nejmovit\u011bj\u0161\u00edch spole\u010dnost\u00ed&#8230;<\/p>\n<div class=\"shortcode-ys-post-pinup\"><article class=\"loop-simple post-9532 post type-post status-publish format-standard has-post-thumbnail hentry category-welovecycling-com-cs-tdf tag-cyklistika tag-lance-armstrong tag-silnicni-cyklistika tag-tour-de-france tag-tour-de-france-2000 global-categories-cycling\" data-postid=\"9532\" role=\"article\" data-post-id=\"9532\" data-word-count=\"560\" data-headline-length=\"52\" data-category=\"TdF\" data-global-category=\"Cycling\" data-author=\"Radek Malina\" data-published=\"2020-09-18T06:00:10+02:00\" data-published-day=\"Friday\">\n    <div class=\"entry-thumbnail article-thumbnail\" content=\"https:\/\/d2p6e6u75xmxt8.cloudfront.net\/13\/2020\/09\/WLC-doping-profimedia-0145558947-150x150.webp\"><a href=\"https:\/\/www.welovecycling.com\/cs\/2020\/09\/18\/tour-de-france-zlate-era-dopingu-zacina-2000\/\" class=\"image-holder\" target=\"_self\"><img decoding=\"async\" loading=\"lazy\" class=\"\" src=\"https:\/\/d2p6e6u75xmxt8.cloudfront.net\/13\/2020\/09\/WLC-doping-profimedia-0145558947-1024x683.webp\" srcset=\"https:\/\/d2p6e6u75xmxt8.cloudfront.net\/13\/2020\/09\/WLC-doping-profimedia-0145558947.webp 1800w, https:\/\/d2p6e6u75xmxt8.cloudfront.net\/13\/2020\/09\/WLC-doping-profimedia-0145558947-300x200.webp 300w, https:\/\/d2p6e6u75xmxt8.cloudfront.net\/13\/2020\/09\/WLC-doping-profimedia-0145558947-1024x683.webp 1024w, https:\/\/d2p6e6u75xmxt8.cloudfront.net\/13\/2020\/09\/WLC-doping-profimedia-0145558947-768x512.webp 768w, https:\/\/d2p6e6u75xmxt8.cloudfront.net\/13\/2020\/09\/WLC-doping-profimedia-0145558947-1536x1024.webp 1536w, https:\/\/d2p6e6u75xmxt8.cloudfront.net\/13\/2020\/09\/WLC-doping-profimedia-0145558947-272x182.webp 272w\" width=\"1024\" height=\"683\" sizes=\"auto, (min-width: 1200px) 300px, (min-width: 768px) 25vw, 100vw\" alt=\"tour-de-france-zlate-era-dopingu-zacina-2000\"\/><\/a><\/div>    <div class=\"entry-meta\">\n        <a class=\"label label-secondary post-category\" href=\"https:\/\/www.welovecycling.com\/cs\/category\/welovecycling-com-cs-tdf\/\" title=\"TdF\">TdF<\/a>\n    <\/div>\n    <div class=\"entry-details\">\n        <a href=\"https:\/\/www.welovecycling.com\/cs\/2020\/09\/18\/tour-de-france-zlate-era-dopingu-zacina-2000\/\" class='entry-title-wrapper'>\n            <h3 class=\"entry-title\"><span>Tour de France: zlat\u00e1 \u00e9ra dopingu za\u010d\u00edn\u00e1 (2000)<\/span><\/h3>\n        <\/a>\n    <\/div>\n    <\/article>\n<\/div>\n<p>T\u011bch spole\u010dnost\u00ed, kter\u00e9 se p\u00e1r hodin po interview s\u00a0Oprah od Lance Armstronga distancovali. B\u011bhem jedin\u00e9ho dne jej opustili v\u0161ichni sponzo\u0159i. Odhadem p\u0159i\u0161el o 75 milion\u016f dolar\u016f b\u011bhem p\u00e1r telefon\u00e1t\u016f.<\/p>\n<h2><strong>\u017d\u00e1dn\u00e1 dopingov\u00e1 kontrola podvody neodhalila<\/strong><\/h2>\n<p>Lance Armstrong u\u017e b\u011bhem kari\u00e9ry \u010delil obvin\u011bn\u00ed z u\u017e\u00edv\u00e1n\u00ed zak\u00e1zan\u00fdch l\u00e1tek. Silnice p\u0159i Tour de France lemovali fanou\u0161ci s transparenty, \u017ee Armstrong dopuje. Na silnic\u00edch byla hesla obvi\u0148uj\u00edc\u00ed Ameri\u010dana: Lance je podvodn\u00edk! Lance=EPO! Armstrong dopuje! Francouzsk\u00e1 m\u00e9dia jej nemilosrdn\u011b tepala.<\/p>\n<figure id=\"attachment_20258\" aria-describedby=\"caption-attachment-20258\" style=\"width: 1120px\" class=\"wp-caption alignnone\"><a href=\"https:\/\/d2p6e6u75xmxt8.cloudfront.net\/13\/2023\/01\/armstrong-clinton-profimedia-0068789540.webp\"><img loading=\"lazy\" decoding=\"async\" class=\"size-full wp-image-20258\" src=\"https:\/\/d2p6e6u75xmxt8.cloudfront.net\/13\/2023\/01\/armstrong-clinton-profimedia-0068789540.webp\" alt=\"Lance Armstrong\" width=\"1120\" height=\"1460\" srcset=\"https:\/\/d2p6e6u75xmxt8.cloudfront.net\/13\/2023\/01\/armstrong-clinton-profimedia-0068789540.webp 1120w, https:\/\/d2p6e6u75xmxt8.cloudfront.net\/13\/2023\/01\/armstrong-clinton-profimedia-0068789540-230x300.webp 230w, https:\/\/d2p6e6u75xmxt8.cloudfront.net\/13\/2023\/01\/armstrong-clinton-profimedia-0068789540-786x1024.webp 786w, https:\/\/d2p6e6u75xmxt8.cloudfront.net\/13\/2023\/01\/armstrong-clinton-profimedia-0068789540-768x1001.webp 768w\" sizes=\"auto, (max-width: 1120px) 100vw, 1120px\" \/><\/a><figcaption id=\"caption-attachment-20258\" class=\"wp-caption-text\"><em>Lance Armstrong po prvn\u00edm triumfu na Tour de France, kdy jej p\u0159ijal i prezident USA Bill Clinton.<\/em><\/figcaption><\/figure>\n<p>\u201eNikdy jsem nedopoval. Je mi l\u00edto v\u0161ech, kte\u0159\u00ed nemaj\u00ed sny a nev\u011b\u0159\u00ed na z\u00e1zraky,\u201c prohl\u00e1sil po sedm\u00e9m v\u00edt\u011bzstv\u00ed v\u00a0\u0159ad\u011b na Tour de France 2005. Tehdy ukon\u010dil poprv\u00e9 kari\u00e9ru.<\/p>\n<p>Ka\u017edop\u00e1dn\u011b Armstrong b\u011bhem kari\u00e9ry nikdy nem\u011bl pozitivn\u00ed test na doping. \u00dadajn\u011b a\u017e na jeden v\u00a0roce 2001, kdy se nesrovnalost vy\u0159e\u0161ila prost\u00fdm tahem: americk\u00fd cyklista \u00fadajn\u011b zaplatil UCI (Mezin\u00e1rodn\u00ed cyklistick\u00e1 unie) laborato\u0159 na boj s\u00a0dopingem&#8230; A test byl n\u00e1sledn\u011b znev\u011brohodn\u011bn.<\/p>\n<div class=\"shortcode-ys-post-pinup\"><article class=\"loop-simple post-20141 post type-post status-publish format-standard has-post-thumbnail hentry category-horska-cyklistika tag-anna-slancova tag-cyklistika tag-fourcross tag-horska-cyklistika tag-pad tag-poraneni-michy tag-rehabilitace tag-val-di-sole global-categories-cycling\" data-postid=\"20141\" role=\"article\" data-post-id=\"20141\" data-word-count=\"742\" data-headline-length=\"88\" data-category=\"Horsk\u00e1 cyklistika\" data-global-category=\"Cycling\" data-author=\"Jan Kr\u016fta\" data-published=\"2023-01-06T09:06:51+02:00\" data-published-day=\"Friday\">\n    <div class=\"entry-thumbnail article-thumbnail\" content=\"https:\/\/d2p6e6u75xmxt8.cloudfront.net\/13\/2023\/01\/anna-slancova-2-150x150.webp\"><a href=\"https:\/\/www.welovecycling.com\/cs\/2023\/01\/06\/anna-slancova-je-po-tezkem-padu-na-voziku-verim-ze-zase-budu-chodit-i-jezdit\/\" class=\"image-holder\" target=\"_self\"><img decoding=\"async\" loading=\"lazy\" class=\"\" src=\"https:\/\/d2p6e6u75xmxt8.cloudfront.net\/13\/2023\/01\/anna-slancova-2.webp\" srcset=\"https:\/\/d2p6e6u75xmxt8.cloudfront.net\/13\/2023\/01\/anna-slancova-2.webp 800w, https:\/\/d2p6e6u75xmxt8.cloudfront.net\/13\/2023\/01\/anna-slancova-2-300x200.webp 300w, https:\/\/d2p6e6u75xmxt8.cloudfront.net\/13\/2023\/01\/anna-slancova-2-768x513.webp 768w, https:\/\/d2p6e6u75xmxt8.cloudfront.net\/13\/2023\/01\/anna-slancova-2-272x182.webp 272w\" width=\"800\" height=\"534\" sizes=\"auto, (min-width: 1200px) 300px, (min-width: 768px) 25vw, 100vw\" alt=\"anna-slancova-je-po-tezkem-padu-na-voziku-verim-ze-zase-budu-chodit-i-jezdit\"\/><\/a><\/div>    <div class=\"entry-meta\">\n        <a class=\"label label-secondary post-category\" href=\"https:\/\/www.welovecycling.com\/cs\/category\/horska-cyklistika\/\" title=\"Horsk\u00e1 cyklistika\">Horsk\u00e1 cyklistika<\/a>\n    <\/div>\n    <div class=\"entry-details\">\n        <a href=\"https:\/\/www.welovecycling.com\/cs\/2023\/01\/06\/anna-slancova-je-po-tezkem-padu-na-voziku-verim-ze-zase-budu-chodit-i-jezdit\/\" class='entry-title-wrapper'>\n            <h3 class=\"entry-title\"><span>Anna Slancov\u00e1 je po t\u011b\u017ek\u00e9m p\u00e1du na voz\u00edku: V\u011b\u0159\u00edm, \u017ee zase budu chodit i jezdit<\/span><\/h3>\n        <\/a>\n    <\/div>\n    <\/article>\n<\/div>\n<p>By\u0165 se nesmazateln\u011b zapsal do historie, nutk\u00e1n\u00ed vr\u00e1tit se k cyklistice bylo p\u0159\u00edli\u0161 siln\u00e9. V roce 2009 skon\u010dil t\u0159et\u00ed p\u0159i Tour de France, o rok pozd\u011bji t\u0159iadvac\u00e1t\u00fd. Pak definitivn\u011b ode\u0161el do cyklistick\u00e9ho d\u016fchodu. Jen\u017ee tou dobou u\u017e po rod\u00e1kovi z Plana v Texasu velice tvrd\u011b \u0161la FBI a tak\u00e1 USADA (Americk\u00e1 antidopingov\u00e1 agentura).<\/p>\n<figure id=\"attachment_20261\" aria-describedby=\"caption-attachment-20261\" style=\"width: 1800px\" class=\"wp-caption alignnone\"><a href=\"https:\/\/d2p6e6u75xmxt8.cloudfront.net\/13\/2023\/01\/armstrong-profimedia-0151634075.webp\"><img loading=\"lazy\" decoding=\"async\" class=\"size-full wp-image-20261\" src=\"https:\/\/d2p6e6u75xmxt8.cloudfront.net\/13\/2023\/01\/armstrong-profimedia-0151634075.webp\" alt=\"Lance Armstrong\" width=\"1800\" height=\"1001\" srcset=\"https:\/\/d2p6e6u75xmxt8.cloudfront.net\/13\/2023\/01\/armstrong-profimedia-0151634075.webp 1800w, https:\/\/d2p6e6u75xmxt8.cloudfront.net\/13\/2023\/01\/armstrong-profimedia-0151634075-300x167.webp 300w, https:\/\/d2p6e6u75xmxt8.cloudfront.net\/13\/2023\/01\/armstrong-profimedia-0151634075-1024x569.webp 1024w, https:\/\/d2p6e6u75xmxt8.cloudfront.net\/13\/2023\/01\/armstrong-profimedia-0151634075-768x427.webp 768w, https:\/\/d2p6e6u75xmxt8.cloudfront.net\/13\/2023\/01\/armstrong-profimedia-0151634075-1536x854.webp 1536w\" sizes=\"auto, (max-width: 1800px) 100vw, 1800px\" \/><\/a><figcaption id=\"caption-attachment-20261\" class=\"wp-caption-text\"><em>Lance Armstrong b\u011bhem rozhovoru s Oprah Winfrey, kdy p\u0159iznal u\u017e\u00edv\u00e1n\u00ed dopingu.<\/em><\/figcaption><\/figure>\n<p>Armstrong d\u00e1l vehementn\u011b pop\u00edral, \u017ee by kdy dopoval. Dokonce i v\u00a0okam\u017eiku, kdy USADA zve\u0159ejnila zpr\u00e1vu \u010d\u00edtaj\u00edc\u00ed 163 stran, kde byl Lance Armstrong obvin\u011bn, \u017ee on a jeho t\u00fdm US Postal\/Discovery Channel vedl nejsofistikovan\u011bj\u0161\u00ed, nejprofesion\u00e1ln\u011bj\u0161\u00ed a nej\u00fasp\u011b\u0161n\u011bj\u0161\u00ed dopingov\u00fd program v\u00a0d\u011bjin\u00e1ch sportu. A byl potrest\u00e1n do\u017eivotn\u00edm distancem ve v\u0161ech sportovn\u00edch odv\u011btv\u00edch.<\/p>\n<p>O p\u00e1r t\u00fddn\u016f pozd\u011bji zve\u0159ejnil na soci\u00e1ln\u00edch s\u00edt\u00edch provokativn\u00ed fotku, kdy le\u017e\u00ed na gau\u010di p\u0159ed zar\u00e1movan\u00fdmi sedmi \u017elut\u00fdmi trikoty na znamen\u00ed v\u00edt\u011bzstv\u00ed v\u00a0Tour de France.<\/p>\n<h2><strong>Lance Armstrong: Byl jsem posedl\u00fd touhou v\u00edt\u011bzit<\/strong><\/h2>\n<p>A pak, o t\u0159i m\u011bs\u00edce pozd\u011bji, v\u00a0\u00favodu roku 2013 p\u0159i\u0161lo \u0161okuj\u00edc\u00ed interview s\u00a0Oprah Winfrey. Lance Armstrong se p\u0159iznal! K\u00a0u\u017e\u00edv\u00e1n\u00ed testosteronu. Kortizonu. L\u00e1tky EPO. Ke krevn\u00ed transfuzi.<\/p>\n<p>Lance Armstrong byl dopingu tot\u00e1ln\u011b oddan\u00fd. \u201eByl jsem posedl\u00fd touhou po v\u00edt\u011bzstv\u00ed. Zvykl\u00fd ovl\u00e1dat v\u0161echno v\u00a0m\u00e9m \u017eivot\u011b.\u201c<\/p>\n<p>Ovl\u00e1dal nejsofistikovan\u011bj\u0161\u00ed zp\u016fsoby u\u017e\u00edv\u00e1n\u00ed zak\u00e1zan\u00fdch l\u00e1tek. A spolupracoval s\u00a0nejlep\u0161\u00edmi dopingov\u00fdmi l\u00e9ka\u0159i. Mimo jin\u00e9 s\u00a0italsk\u00fdm sportovn\u00edm l\u00e9ka\u0159em jm\u00e9nem Michele Ferrari. \u201eU\u017e\u00edv\u00e1n\u00ed EPO je stejn\u011b bezpe\u010dn\u00e9 jako pit\u00ed pomeran\u010dov\u00e9ho d\u017eusu,\u201c prohl\u00e1sil Ital, kter\u00fd rovn\u011b\u017e neunikl trestu.<\/p>\n<p>\u201eVe skute\u010dnosti jsem nem\u011bl p\u0159\u00edstup k\u00a0ni\u010demu jin\u00e9mu ne\u017e ostatn\u00ed cyklist\u00e9. Rozhodn\u011b nen\u00ed pravda, \u017ee n\u00e1\u0161 program byl propracovan\u011bj\u0161\u00ed ne\u017e ten v\u00fdchodon\u011bmeck\u00fd v\u00a0sedmdes\u00e1t\u00fdch a osmdes\u00e1t\u00fdch letech,\u201c h\u00e1jil se Lance Armstrong.<\/p>\n<figure id=\"attachment_20262\" aria-describedby=\"caption-attachment-20262\" style=\"width: 1800px\" class=\"wp-caption alignnone\"><a href=\"https:\/\/d2p6e6u75xmxt8.cloudfront.net\/13\/2023\/01\/armstrong-profimedia-0561744995.webp\"><img loading=\"lazy\" decoding=\"async\" class=\"size-full wp-image-20262\" src=\"https:\/\/d2p6e6u75xmxt8.cloudfront.net\/13\/2023\/01\/armstrong-profimedia-0561744995.webp\" alt=\"Lance Armstrong\" width=\"1800\" height=\"1203\" srcset=\"https:\/\/d2p6e6u75xmxt8.cloudfront.net\/13\/2023\/01\/armstrong-profimedia-0561744995.webp 1800w, https:\/\/d2p6e6u75xmxt8.cloudfront.net\/13\/2023\/01\/armstrong-profimedia-0561744995-300x201.webp 300w, https:\/\/d2p6e6u75xmxt8.cloudfront.net\/13\/2023\/01\/armstrong-profimedia-0561744995-1024x684.webp 1024w, https:\/\/d2p6e6u75xmxt8.cloudfront.net\/13\/2023\/01\/armstrong-profimedia-0561744995-768x513.webp 768w, https:\/\/d2p6e6u75xmxt8.cloudfront.net\/13\/2023\/01\/armstrong-profimedia-0561744995-1536x1027.webp 1536w, https:\/\/d2p6e6u75xmxt8.cloudfront.net\/13\/2023\/01\/armstrong-profimedia-0561744995-272x182.webp 272w\" sizes=\"auto, (max-width: 1800px) 100vw, 1800px\" \/><\/a><figcaption id=\"caption-attachment-20262\" class=\"wp-caption-text\"><em>Lance Armstrong je po\u0159\u00e1d velk\u00fd pojem. O jeho podpis stoj\u00ed fanou\u0161ci cyklistiky po cel\u00e9m sv\u011bt\u011b.<\/em><\/figcaption><\/figure>\n<p>Armstrong se v rozhovoru s\u00a0Oprah zap\u0159\u00edsahal, \u017ee naposledy dopoval v\u00a0roce 2005. Tak\u017ee pokud skute\u010dn\u011b nepou\u017eil transfuzi, EPO ani jin\u00e9 prost\u0159edky, kdy\u017e v\u00a0sedmat\u0159iceti letech v\u00a0l\u00e9t\u011b 2009 dojel na Tour de France t\u0159et\u00ed, jednalo se o brilantn\u00ed v\u00fdsledek. Ale v\u011b\u0159te mu\u017ei, kter\u00fd celou kari\u00e9ru lhal&#8230;<\/p>\n<div class=\"shortcode-ys-post-pinup\"><article class=\"loop-simple post-20154 post type-post status-publish format-standard has-post-thumbnail hentry category-rady-tipy tag-cyklistika tag-cyklokros tag-giro-di-italia-2023 tag-horska-cyklistika tag-jan-hirt tag-kalendar-svetove-cyklistiky-2023 tag-mistrovstvi-sveta-2023-glasgow tag-silnicni-cyklistika tag-trenink global-categories-cycling\" data-postid=\"20154\" role=\"article\" data-post-id=\"20154\" data-word-count=\"271\" data-headline-length=\"46\" data-category=\"Rady &amp; tipy\" data-global-category=\"Cycling\" data-author=\"We Love Cycling\" data-published=\"2023-01-08T16:00:25+02:00\" data-published-day=\"Sunday\">\n    <div class=\"entry-thumbnail article-thumbnail\" content=\"https:\/\/d2p6e6u75xmxt8.cloudfront.net\/13\/2023\/01\/fort-william-150x150.webp\"><a href=\"https:\/\/www.welovecycling.com\/cs\/2023\/01\/08\/spektakularni-cyklisticka-party-ve-skotsku\/\" class=\"image-holder\" target=\"_self\"><img decoding=\"async\" loading=\"lazy\" class=\"\" src=\"https:\/\/d2p6e6u75xmxt8.cloudfront.net\/13\/2023\/01\/fort-william-1024x527.webp\" srcset=\"https:\/\/d2p6e6u75xmxt8.cloudfront.net\/13\/2023\/01\/fort-william.webp 2000w, https:\/\/d2p6e6u75xmxt8.cloudfront.net\/13\/2023\/01\/fort-william-300x155.webp 300w, https:\/\/d2p6e6u75xmxt8.cloudfront.net\/13\/2023\/01\/fort-william-1024x527.webp 1024w, https:\/\/d2p6e6u75xmxt8.cloudfront.net\/13\/2023\/01\/fort-william-768x396.webp 768w, https:\/\/d2p6e6u75xmxt8.cloudfront.net\/13\/2023\/01\/fort-william-1536x791.webp 1536w, https:\/\/d2p6e6u75xmxt8.cloudfront.net\/13\/2023\/01\/fort-william-1920x989.webp 1920w, https:\/\/d2p6e6u75xmxt8.cloudfront.net\/13\/2023\/01\/fort-william-1920x989.webp 1920w\" width=\"1024\" height=\"527\" sizes=\"auto, (min-width: 1200px) 388px, (min-width: 768px) 32vw, 100vw\" alt=\"spektakularni-cyklisticka-party-ve-skotsku\"\/><\/a><\/div>    <div class=\"entry-meta\">\n        <a class=\"label label-secondary post-category\" href=\"https:\/\/www.welovecycling.com\/cs\/category\/rady-tipy\/\" title=\"Rady &amp; tipy\">Rady &amp; tipy<\/a>\n    <\/div>\n    <div class=\"entry-details\">\n        <a href=\"https:\/\/www.welovecycling.com\/cs\/2023\/01\/08\/spektakularni-cyklisticka-party-ve-skotsku\/\" class='entry-title-wrapper'>\n            <h3 class=\"entry-title\"><span>Spektakul\u00e1rn\u00ed cyklistick\u00e1 party ve Skotsku?<\/span><\/h3>\n        <\/a>\n    <\/div>\n    <\/article>\n<\/div>\n<p>Ka\u017edop\u00e1dn\u011b v\u0161echny jeho v\u00fdhry na Tour de France byly anulov\u00e1ny s c\u00edlem zapomenout na Armstronga. Ale nenechte se m\u00fdlit. Nejde o d\u00e9mona. V Americe jej sice mnoz\u00ed nen\u00e1vid\u00ed, nicm\u00e9n\u011b jeho podpora boje s rakovinou nez\u016fstala bez odezvy, a tak p\u0159ed \u010dty\u0159mi lety z\u00edskal ocen\u011bn\u00ed za boj proti z\u00e1ke\u0159n\u00e9 nemoci.<\/p>\n<p>B\u00fdval\u00e9ho sedmin\u00e1sobn\u00e9ho \u0161ampiona Tour de France zvou na presti\u017en\u00ed akce jako je NASCAR. A dokonce i Francouzi, tak popuzen\u00ed Armstrongov\u00fdm p\u0159\u00edstupem, p\u0159i charitativn\u00ed j\u00edzd\u011b proti leukemii v r\u00e1mci Tour de France v roce 2015 poslali pozv\u00e1nku tomu Ameri\u010danovi, jeho\u017e vy\u0161krtli ze v\u0161ech v\u00fdsledkov\u00fdch listin. A\u0165 se hne kamkoliv, m\u00e9dia stoj\u00ed o jeho n\u00e1zory. Fanou\u0161ci jsou la\u010dn\u00ed po jeho autogramu. A do podcastu, kter\u00fd pravideln\u011b to\u010d\u00ed, chod\u00ed i v\u00fdznamn\u00e9 celebrity.<\/p>\n","protected":false},"excerpt":{"rendered":"<p>Padouch, nebo hrdina? Den, kter\u00fd zm\u011bnil pohled na cyklistickou superstar tehdej\u0161\u00ed doby. Nebo nezm\u011bnil? Z\u00e1le\u017e\u00ed na vkusu ka\u017ed\u00e9ho jedince&#8230; Je [&hellip;]<\/p>\n","protected":false},"author":138,"featured_media":20268,"comment_status":"open","ping_status":"open","sticky":false,"template":"","format":"standard","meta":{"footnotes":""},"categories":[10],"tags":[126,54,2214,2821,2820,242,2824,9,2822,23,2823],"global-categories":[411],"class_list":["post-20252","post","type-post","status-publish","format-standard","has-post-thumbnail","hentry","category-silnicni-cyklistika","tag-cyklistika","tag-doping","tag-epo","tag-kortizon","tag-krevni-transfuze","tag-lance-armstrong","tag-oprah-winfrey","tag-silnicni-cyklistika","tag-testosteron","tag-tour-de-france","tag-usada","global-categories-cycling"],"yoast_head":"<!-- This site is optimized with the Yoast SEO Premium plugin v25.3 (Yoast SEO v25.9) - https:\/\/yoast.com\/wordpress\/plugins\/seo\/ -->\n<title>Lance Armstrong a deset let od p\u00e1du imp\u00e9ria: Cht\u011bl jsem v\u0161e ovl\u00e1dat | \u0160koda We Love Cycling - \u010cesk\u00e1 republika<\/title>\n<meta name=\"description\" content=\"Je to p\u0159esn\u011b deset let, kdy Lance Armstrong p\u0159iznal, \u017ee dopoval a sedm v\u00edt\u011bzstv\u00ed na Tour de France z\u00edskal pomoc\u00ed zak\u00e1zan\u00fdch l\u00e1tek.\" \/>\n<meta name=\"robots\" content=\"index, follow, max-snippet:-1, max-image-preview:large, max-video-preview:-1\" \/>\n<link rel=\"canonical\" href=\"https:\/\/www.welovecycling.com\/cs\/2023\/01\/17\/lance-armstrong-a-deset-let-od-padu-imperia-chtel-jsem-vse-ovladat\/\" \/>\n<meta property=\"og:locale\" content=\"cs_CZ\" \/>\n<meta property=\"og:type\" content=\"article\" \/>\n<meta property=\"og:title\" content=\"Lance Armstrong a deset let od p\u00e1du imp\u00e9ria: Cht\u011bl jsem v\u0161e ovl\u00e1dat\" \/>\n<meta property=\"og:description\" content=\"Je to p\u0159esn\u011b deset let, kdy Lance Armstrong p\u0159iznal, \u017ee dopoval a sedm v\u00edt\u011bzstv\u00ed na Tour de France z\u00edskal pomoc\u00ed zak\u00e1zan\u00fdch l\u00e1tek.\" \/>\n<meta property=\"og:url\" content=\"https:\/\/www.welovecycling.com\/cs\/2023\/01\/17\/lance-armstrong-a-deset-let-od-padu-imperia-chtel-jsem-vse-ovladat\/\" \/>\n<meta property=\"og:site_name\" content=\"\u0160koda We Love Cycling - \u010cesk\u00e1 republika\" \/>\n<meta property=\"article:published_time\" content=\"2023-01-17T04:00:00+00:00\" \/>\n<meta property=\"og:image\" content=\"https:\/\/d2p6e6u75xmxt8.cloudfront.net\/13\/2023\/01\/armstrong-doping-vyrez-profimedia.webp\" \/>\n\t<meta property=\"og:image:width\" content=\"1287\" \/>\n\t<meta property=\"og:image:height\" content=\"846\" \/>\n\t<meta property=\"og:image:type\" content=\"image\/webp\" \/>\n<meta name=\"author\" content=\"radekmalina\" \/>\n<meta name=\"twitter:card\" content=\"summary_large_image\" \/>\n<meta name=\"twitter:label1\" content=\"Written by\" \/>\n\t<meta name=\"twitter:data1\" content=\"We Love Cycling\" \/>\n\t<meta name=\"twitter:label2\" content=\"Est. reading time\" \/>\n\t<meta name=\"twitter:data2\" content=\"5\" \/>\n<script type=\"application\/ld+json\" class=\"yoast-schema-graph\">{\"@context\":\"https:\/\/schema.org\",\"@graph\":[{\"@type\":\"WebPage\",\"@id\":\"https:\/\/www.welovecycling.com\/cs\/2023\/01\/17\/lance-armstrong-a-deset-let-od-padu-imperia-chtel-jsem-vse-ovladat\/\",\"url\":\"https:\/\/www.welovecycling.com\/cs\/2023\/01\/17\/lance-armstrong-a-deset-let-od-padu-imperia-chtel-jsem-vse-ovladat\/\",\"name\":\"Lance Armstrong a deset let od p\u00e1du imp\u00e9ria: Cht\u011bl jsem v\u0161e ovl\u00e1dat | \u0160koda We Love Cycling - \u010cesk\u00e1 republika\",\"isPartOf\":{\"@id\":\"https:\/\/www.welovecycling.com\/cs\/#website\"},\"primaryImageOfPage\":{\"@id\":\"https:\/\/www.welovecycling.com\/cs\/2023\/01\/17\/lance-armstrong-a-deset-let-od-padu-imperia-chtel-jsem-vse-ovladat\/#primaryimage\"},\"image\":{\"@id\":\"https:\/\/www.welovecycling.com\/cs\/2023\/01\/17\/lance-armstrong-a-deset-let-od-padu-imperia-chtel-jsem-vse-ovladat\/#primaryimage\"},\"thumbnailUrl\":\"https:\/\/d2p6e6u75xmxt8.cloudfront.net\/13\/2023\/01\/armstrong-doping-vyrez-profimedia.webp\",\"datePublished\":\"2023-01-17T04:00:00+00:00\",\"author\":{\"@id\":\"https:\/\/www.welovecycling.com\/cs\/#\/schema\/person\/d9eeb0a378f3a7e4a6d12d2b536b04b8\"},\"description\":\"Je to p\u0159esn\u011b deset let, kdy Lance Armstrong p\u0159iznal, \u017ee dopoval a sedm v\u00edt\u011bzstv\u00ed na Tour de France z\u00edskal pomoc\u00ed zak\u00e1zan\u00fdch l\u00e1tek.\",\"inLanguage\":\"cs\",\"potentialAction\":[{\"@type\":\"ReadAction\",\"target\":[\"https:\/\/www.welovecycling.com\/cs\/2023\/01\/17\/lance-armstrong-a-deset-let-od-padu-imperia-chtel-jsem-vse-ovladat\/\"]}]},{\"@type\":\"ImageObject\",\"inLanguage\":\"cs\",\"@id\":\"https:\/\/www.welovecycling.com\/cs\/2023\/01\/17\/lance-armstrong-a-deset-let-od-padu-imperia-chtel-jsem-vse-ovladat\/#primaryimage\",\"url\":\"https:\/\/d2p6e6u75xmxt8.cloudfront.net\/13\/2023\/01\/armstrong-doping-vyrez-profimedia.webp\",\"contentUrl\":\"https:\/\/d2p6e6u75xmxt8.cloudfront.net\/13\/2023\/01\/armstrong-doping-vyrez-profimedia.webp\",\"width\":1287,\"height\":846,\"caption\":\"Lance Armstrong\"},{\"@type\":\"WebSite\",\"@id\":\"https:\/\/www.welovecycling.com\/cs\/#website\",\"url\":\"https:\/\/www.welovecycling.com\/cs\/\",\"name\":\"\u0160koda We Love Cycling - \u010cesk\u00e1 republika\",\"description\":\"WeLoveCycling.cz je online magaz\u00edn, kter\u00fd v\u00e1m pravideln\u011b p\u0159in\u00e1\u0161\u00ed rady a tipy, zaj\u00edmav\u00e9 \u010dl\u00e1nky, videa a jedine\u010dn\u00e9 report\u00e1\u017ee ze sv\u011bta cyklistiky.\",\"potentialAction\":[{\"@type\":\"SearchAction\",\"target\":{\"@type\":\"EntryPoint\",\"urlTemplate\":\"https:\/\/www.welovecycling.com\/cs\/?s={search_term_string}\"},\"query-input\":{\"@type\":\"PropertyValueSpecification\",\"valueRequired\":true,\"valueName\":\"search_term_string\"}}],\"inLanguage\":\"cs\"},{\"@type\":\"Person\",\"@id\":\"https:\/\/www.welovecycling.com\/cs\/#\/schema\/person\/d9eeb0a378f3a7e4a6d12d2b536b04b8\",\"name\":\"radekmalina\",\"image\":{\"@type\":\"ImageObject\",\"inLanguage\":\"cs\",\"@id\":\"https:\/\/www.welovecycling.com\/cs\/#\/schema\/person\/image\/\",\"url\":\"https:\/\/secure.gravatar.com\/avatar\/66994b632cb8c39a46b9f54afa3ae07201b678d32a54275b6f1c9ffec356bfc0?s=96&d=mm&r=g\",\"contentUrl\":\"https:\/\/secure.gravatar.com\/avatar\/66994b632cb8c39a46b9f54afa3ae07201b678d32a54275b6f1c9ffec356bfc0?s=96&d=mm&r=g\",\"caption\":\"radekmalina\"},\"url\":\"https:\/\/www.welovecycling.com\/cs\/author\/radekmalina\/\"}]}<\/script>\n<!-- \/ Yoast SEO Premium plugin. -->","yoast_head_json":{"title":"Lance Armstrong a deset let od p\u00e1du imp\u00e9ria: Cht\u011bl jsem v\u0161e ovl\u00e1dat | \u0160koda We Love Cycling - \u010cesk\u00e1 republika","description":"Je to p\u0159esn\u011b deset let, kdy Lance Armstrong p\u0159iznal, \u017ee dopoval a sedm v\u00edt\u011bzstv\u00ed na Tour de France z\u00edskal pomoc\u00ed zak\u00e1zan\u00fdch l\u00e1tek.","robots":{"index":"index","follow":"follow","max-snippet":"max-snippet:-1","max-image-preview":"max-image-preview:large","max-video-preview":"max-video-preview:-1"},"canonical":"https:\/\/www.welovecycling.com\/cs\/2023\/01\/17\/lance-armstrong-a-deset-let-od-padu-imperia-chtel-jsem-vse-ovladat\/","og_locale":"cs_CZ","og_type":"article","og_title":"Lance Armstrong a deset let od p\u00e1du imp\u00e9ria: Cht\u011bl jsem v\u0161e ovl\u00e1dat","og_description":"Je to p\u0159esn\u011b deset let, kdy Lance Armstrong p\u0159iznal, \u017ee dopoval a sedm v\u00edt\u011bzstv\u00ed na Tour de France z\u00edskal pomoc\u00ed zak\u00e1zan\u00fdch l\u00e1tek.","og_url":"https:\/\/www.welovecycling.com\/cs\/2023\/01\/17\/lance-armstrong-a-deset-let-od-padu-imperia-chtel-jsem-vse-ovladat\/","og_site_name":"\u0160koda We Love Cycling - \u010cesk\u00e1 republika","article_published_time":"2023-01-17T04:00:00+00:00","og_image":[{"width":1287,"height":846,"url":"https:\/\/d2p6e6u75xmxt8.cloudfront.net\/13\/2023\/01\/armstrong-doping-vyrez-profimedia.webp","type":"image\/webp"}],"author":"radekmalina","twitter_card":"summary_large_image","twitter_misc":{"Written by":"We Love Cycling","Est. reading time":"5"},"schema":{"@context":"https:\/\/schema.org","@graph":[{"@type":"WebPage","@id":"https:\/\/www.welovecycling.com\/cs\/2023\/01\/17\/lance-armstrong-a-deset-let-od-padu-imperia-chtel-jsem-vse-ovladat\/","url":"https:\/\/www.welovecycling.com\/cs\/2023\/01\/17\/lance-armstrong-a-deset-let-od-padu-imperia-chtel-jsem-vse-ovladat\/","name":"Lance Armstrong a deset let od p\u00e1du imp\u00e9ria: Cht\u011bl jsem v\u0161e ovl\u00e1dat | \u0160koda We Love Cycling - \u010cesk\u00e1 republika","isPartOf":{"@id":"https:\/\/www.welovecycling.com\/cs\/#website"},"primaryImageOfPage":{"@id":"https:\/\/www.welovecycling.com\/cs\/2023\/01\/17\/lance-armstrong-a-deset-let-od-padu-imperia-chtel-jsem-vse-ovladat\/#primaryimage"},"image":{"@id":"https:\/\/www.welovecycling.com\/cs\/2023\/01\/17\/lance-armstrong-a-deset-let-od-padu-imperia-chtel-jsem-vse-ovladat\/#primaryimage"},"thumbnailUrl":"https:\/\/d2p6e6u75xmxt8.cloudfront.net\/13\/2023\/01\/armstrong-doping-vyrez-profimedia.webp","datePublished":"2023-01-17T04:00:00+00:00","author":{"@id":"https:\/\/www.welovecycling.com\/cs\/#\/schema\/person\/d9eeb0a378f3a7e4a6d12d2b536b04b8"},"description":"Je to p\u0159esn\u011b deset let, kdy Lance Armstrong p\u0159iznal, \u017ee dopoval a sedm v\u00edt\u011bzstv\u00ed na Tour de France z\u00edskal pomoc\u00ed zak\u00e1zan\u00fdch l\u00e1tek.","inLanguage":"cs","potentialAction":[{"@type":"ReadAction","target":["https:\/\/www.welovecycling.com\/cs\/2023\/01\/17\/lance-armstrong-a-deset-let-od-padu-imperia-chtel-jsem-vse-ovladat\/"]}]},{"@type":"ImageObject","inLanguage":"cs","@id":"https:\/\/www.welovecycling.com\/cs\/2023\/01\/17\/lance-armstrong-a-deset-let-od-padu-imperia-chtel-jsem-vse-ovladat\/#primaryimage","url":"https:\/\/d2p6e6u75xmxt8.cloudfront.net\/13\/2023\/01\/armstrong-doping-vyrez-profimedia.webp","contentUrl":"https:\/\/d2p6e6u75xmxt8.cloudfront.net\/13\/2023\/01\/armstrong-doping-vyrez-profimedia.webp","width":1287,"height":846,"caption":"Lance Armstrong"},{"@type":"WebSite","@id":"https:\/\/www.welovecycling.com\/cs\/#website","url":"https:\/\/www.welovecycling.com\/cs\/","name":"\u0160koda We Love Cycling - \u010cesk\u00e1 republika","description":"WeLoveCycling.cz je online magaz\u00edn, kter\u00fd v\u00e1m pravideln\u011b p\u0159in\u00e1\u0161\u00ed rady a tipy, zaj\u00edmav\u00e9 \u010dl\u00e1nky, videa a jedine\u010dn\u00e9 report\u00e1\u017ee ze sv\u011bta cyklistiky.","potentialAction":[{"@type":"SearchAction","target":{"@type":"EntryPoint","urlTemplate":"https:\/\/www.welovecycling.com\/cs\/?s={search_term_string}"},"query-input":{"@type":"PropertyValueSpecification","valueRequired":true,"valueName":"search_term_string"}}],"inLanguage":"cs"},{"@type":"Person","@id":"https:\/\/www.welovecycling.com\/cs\/#\/schema\/person\/d9eeb0a378f3a7e4a6d12d2b536b04b8","name":"radekmalina","image":{"@type":"ImageObject","inLanguage":"cs","@id":"https:\/\/www.welovecycling.com\/cs\/#\/schema\/person\/image\/","url":"https:\/\/secure.gravatar.com\/avatar\/66994b632cb8c39a46b9f54afa3ae07201b678d32a54275b6f1c9ffec356bfc0?s=96&d=mm&r=g","contentUrl":"https:\/\/secure.gravatar.com\/avatar\/66994b632cb8c39a46b9f54afa3ae07201b678d32a54275b6f1c9ffec356bfc0?s=96&d=mm&r=g","caption":"radekmalina"},"url":"https:\/\/www.welovecycling.com\/cs\/author\/radekmalina\/"}]}},"_links":{"self":[{"href":"https:\/\/www.welovecycling.com\/cs\/wp-json\/wp\/v2\/posts\/20252","targetHints":{"allow":["GET"]}}],"collection":[{"href":"https:\/\/www.welovecycling.com\/cs\/wp-json\/wp\/v2\/posts"}],"about":[{"href":"https:\/\/www.welovecycling.com\/cs\/wp-json\/wp\/v2\/types\/post"}],"author":[{"embeddable":true,"href":"https:\/\/www.welovecycling.com\/cs\/wp-json\/wp\/v2\/users\/138"}],"replies":[{"embeddable":true,"href":"https:\/\/www.welovecycling.com\/cs\/wp-json\/wp\/v2\/comments?post=20252"}],"version-history":[{"count":2,"href":"https:\/\/www.welovecycling.com\/cs\/wp-json\/wp\/v2\/posts\/20252\/revisions"}],"predecessor-version":[{"id":20275,"href":"https:\/\/www.welovecycling.com\/cs\/wp-json\/wp\/v2\/posts\/20252\/revisions\/20275"}],"wp:featuredmedia":[{"embeddable":true,"href":"https:\/\/www.welovecycling.com\/cs\/wp-json\/wp\/v2\/media\/20268"}],"wp:attachment":[{"href":"https:\/\/www.welovecycling.com\/cs\/wp-json\/wp\/v2\/media?parent=20252"}],"wp:term":[{"taxonomy":"category","embeddable":true,"href":"https:\/\/www.welovecycling.com\/cs\/wp-json\/wp\/v2\/categories?post=20252"},{"taxonomy":"post_tag","embeddable":true,"href":"https:\/\/www.welovecycling.com\/cs\/wp-json\/wp\/v2\/tags?post=20252"},{"taxonomy":"global-categories","embeddable":true,"href":"https:\/\/www.welovecycling.com\/cs\/wp-json\/wp\/v2\/global-categories?post=20252"}],"curies":[{"name":"wp","href":"https:\/\/api.w.org\/{rel}","templated":true}]}}