{"id":20215,"date":"2023-01-13T06:30:01","date_gmt":"2023-01-13T04:30:01","guid":{"rendered":"https:\/\/www.welovecycling.com\/cs\/?p=20215"},"modified":"2023-01-13T11:28:59","modified_gmt":"2023-01-13T09:28:59","slug":"obhajce-michael-boros-pojede-o-sesty-titul-ve-hre-jsou-mistenky-na-ms","status":"publish","type":"post","link":"https:\/\/www.welovecycling.com\/cs\/2023\/01\/13\/obhajce-michael-boros-pojede-o-sesty-titul-ve-hre-jsou-mistenky-na-ms\/","title":{"rendered":"Obh\u00e1jce Michael Boro\u0161 pojede o \u0161est\u00fd titul. Ve h\u0159e jsou m\u00edstenky na MS!"},"content":{"rendered":"<p><strong>Je suver\u00e9nn\u00edm vl\u00e1dcem u\u017e dlouh\u00e9 roky. V\u017edy\u0165 od \u0161ampion\u00e1tu v roce 2017 slavil titul hned p\u011btkr\u00e1t. A tak nen\u00ed divu, \u017ee je Michael Boro\u0161 z formace Elkov Kasper hlavn\u00edm favoritem mistrovstv\u00ed republiky v cyklokrosu, kter\u00e9 se pojede v ned\u011bli v Mlad\u00e9 Boleslavi. Bojovat se bude o nominaci na mistrovstv\u00ed sv\u011bta, kter\u00e9 prvn\u00ed \u00fanorov\u00fd v\u00edkend host\u00ed nizozemsk\u00e9 Hoogerheide.<\/strong><\/p>\n<p>\u201eForma Michaela Boro\u0161e \u0161la tro\u0161ku dol\u016f. Podzim m\u011bl celkem dobr\u00fd, mistrovstv\u00ed Evropy zvl\u00e1dl v\u00fdborn\u011b a dojel v prvn\u00ed des\u00edtce. Snad p\u0159ijde podobn\u00e1 forma i pro mistrovstv\u00ed sv\u011bta. Ka\u017edop\u00e1dn\u011b pro republiku je nejv\u011bt\u0161\u00edm favoritem,\u201c p\u0159em\u00edt\u00e1 Petr Klou\u010dek, tren\u00e9r reprezentace.<\/p>\n<h2><strong>Rekordy mistrovstv\u00ed republiky v cyklokrosu dr\u017e\u00ed \u0160tybar a \u0160im\u016fnek<\/strong><\/h2>\n<p>Odchovanec t\u00e1borsk\u00e9 cyklistiky Michael Boro\u0161 slavil tituly v letech 2017, 2018, 2019, 2021 a 2022. Minul\u00fd rok porazil Jakuba \u0164oupal\u00edka v Kol\u00edn\u011b o pouh\u00e9 t\u0159i desetiny sekundy. Pokud t\u0159icetilet\u00fd reprezentant zvl\u00e1dne \u00fatok na druh\u00fd mistrovsk\u00fd hattrick, bude jej n\u00e1sledn\u011b d\u011blit pouh\u00e9 jedno v\u00edt\u011bzstv\u00ed z mistrovstv\u00ed republiky od tuzemsk\u00e9ho rekordu. Ten dr\u017e\u00ed Zden\u011bk \u0160tybar a Radom\u00edr \u0160im\u016fnek star\u0161\u00ed, kte\u0159\u00ed \u010desk\u00fd titul vybojovali sedmkr\u00e1t.<\/p>\n<figure id=\"attachment_15724\" aria-describedby=\"caption-attachment-15724\" style=\"width: 1920px\" class=\"wp-caption alignnone\"><a href=\"https:\/\/d2p6e6u75xmxt8.cloudfront.net\/13\/2022\/01\/07.webp\"><img loading=\"lazy\" decoding=\"async\" class=\"size-extra-large wp-image-15724\" src=\"https:\/\/d2p6e6u75xmxt8.cloudfront.net\/13\/2022\/01\/07-1920x1280.webp\" alt=\"Michael Boro\u0161 musel uk\u00e1zat skv\u011blou st\u00edhac\u00ed j\u00edzdu, aby se dostal na \u010delo.\" width=\"1920\" height=\"1280\" srcset=\"https:\/\/d2p6e6u75xmxt8.cloudfront.net\/13\/2022\/01\/07-1920x1280.webp 1920w, https:\/\/d2p6e6u75xmxt8.cloudfront.net\/13\/2022\/01\/07-300x200.webp 300w, https:\/\/d2p6e6u75xmxt8.cloudfront.net\/13\/2022\/01\/07-1024x682.webp 1024w, https:\/\/d2p6e6u75xmxt8.cloudfront.net\/13\/2022\/01\/07-768x512.webp 768w, https:\/\/d2p6e6u75xmxt8.cloudfront.net\/13\/2022\/01\/07-1536x1024.webp 1536w, https:\/\/d2p6e6u75xmxt8.cloudfront.net\/13\/2022\/01\/07-272x182.webp 272w, https:\/\/d2p6e6u75xmxt8.cloudfront.net\/13\/2022\/01\/07.webp 2000w, https:\/\/d2p6e6u75xmxt8.cloudfront.net\/13\/2022\/01\/07-1920x1280.webp 1920w\" sizes=\"auto, (max-width: 1920px) 100vw, 1920px\" \/><\/a><figcaption id=\"caption-attachment-15724\" class=\"wp-caption-text\"><em>Michael Boro\u0161 musel uk\u00e1zat p\u0159i mistrovstv\u00ed republiky v cyklokrosu v Kol\u00edn\u011b 2022 skv\u011blou st\u00edhac\u00ed j\u00edzdu, aby se dostal na \u010delo. Foto: Michal \u010cerven\u00fd (4x)<\/em><\/figcaption><\/figure>\n<p>\u201eMezi mu\u017ei se bude o titulu z\u0159ejm\u011b rozhodovat pr\u00e1v\u011b mezi Michaelem Boro\u0161em a trojic\u00ed \u0160imon Van\u00ed\u010dek, Jakub \u0158\u00edma, Adam \u0164oupal\u00edk,\u201c prorokuje Anton\u00edn Ungerman, \u0159editel z\u00e1vodu v\u00a0Mlad\u00e9 Boleslavi.<\/p>\n<figure id=\"attachment_19286\" aria-describedby=\"caption-attachment-19286\" style=\"width: 1920px\" class=\"wp-caption alignnone\"><a href=\"https:\/\/d2p6e6u75xmxt8.cloudfront.net\/13\/2022\/10\/jezek-vaclav-junior-michal-cerveny-II.webp\"><img loading=\"lazy\" decoding=\"async\" class=\"size-extra-large wp-image-19286\" src=\"https:\/\/d2p6e6u75xmxt8.cloudfront.net\/13\/2022\/10\/jezek-vaclav-junior-michal-cerveny-II-1920x1280.webp\" alt=\"V\u00e1clav Je\u017eek junior na stupn\u00edch v\u00edt\u011bz\u016f po druh\u00e9 p\u0159\u00ed\u010dce p\u0159i Sv\u011btov\u00e9m poh\u00e1ru v T\u00e1bo\u0159e.\" width=\"1920\" height=\"1280\" srcset=\"https:\/\/d2p6e6u75xmxt8.cloudfront.net\/13\/2022\/10\/jezek-vaclav-junior-michal-cerveny-II-1920x1280.webp 1920w, https:\/\/d2p6e6u75xmxt8.cloudfront.net\/13\/2022\/10\/jezek-vaclav-junior-michal-cerveny-II-300x200.webp 300w, https:\/\/d2p6e6u75xmxt8.cloudfront.net\/13\/2022\/10\/jezek-vaclav-junior-michal-cerveny-II-1024x682.webp 1024w, https:\/\/d2p6e6u75xmxt8.cloudfront.net\/13\/2022\/10\/jezek-vaclav-junior-michal-cerveny-II-768x512.webp 768w, https:\/\/d2p6e6u75xmxt8.cloudfront.net\/13\/2022\/10\/jezek-vaclav-junior-michal-cerveny-II-1536x1024.webp 1536w, https:\/\/d2p6e6u75xmxt8.cloudfront.net\/13\/2022\/10\/jezek-vaclav-junior-michal-cerveny-II-272x182.webp 272w, https:\/\/d2p6e6u75xmxt8.cloudfront.net\/13\/2022\/10\/jezek-vaclav-junior-michal-cerveny-II.webp 2000w, https:\/\/d2p6e6u75xmxt8.cloudfront.net\/13\/2022\/10\/jezek-vaclav-junior-michal-cerveny-II-1920x1280.webp 1920w\" sizes=\"auto, (max-width: 1920px) 100vw, 1920px\" \/><\/a><figcaption id=\"caption-attachment-19286\" class=\"wp-caption-text\"><em>V\u00e1clav Je\u017eek junior na stupn\u00edch v\u00edt\u011bz\u016f po druh\u00e9 p\u0159\u00ed\u010dce p\u0159i Sv\u011btov\u00e9m poh\u00e1ru v T\u00e1bo\u0159e.<\/em><\/figcaption><\/figure>\n<p>M\u011bsto automobil\u016f hostilo dom\u00e1c\u00ed \u0161ampion\u00e1t, kter\u00fd se jede po dvaasedmdes\u00e1t\u00e9, u\u017e v\u00a0roce 1962. Celkem se v\u00a0domov\u011b voz\u016f s\u00a0ok\u0159\u00eddlen\u00fdm \u0161\u00edpem ve znaku jelo o \u010desk\u00fd titul dvan\u00e1ctkr\u00e1t. \u201ePokud je de\u0161tivo, m\u016f\u017ee se okruh z\u00a0velk\u00e9 \u010d\u00e1sti, klidn\u011b a\u017e z\u00a0poloviny, prom\u011bnit v\u00a0b\u011b\u017eeck\u00fd. Na ned\u011bli je p\u0159edpov\u011b\u010f sr\u00e1\u017eek vysok\u00e1, tud\u00ed\u017e se fanou\u0161ci maj\u00ed na co t\u011b\u0161it,\u201c l\u00e1k\u00e1 div\u00e1ky k\u00a0trati Anton\u00edn Ungerman, \u0159editel z\u00e1vodu.<\/p>\n<div class=\"shortcode-ys-post-pinup\"><article class=\"loop-simple post-20184 post type-post status-publish format-standard has-post-thumbnail hentry category-rady-tipy tag-cyklistika tag-horska-cyklistika tag-kadence-slapani tag-silnicni-cyklistika tag-trenink tag-vojtech-hacecky tag-zdravi-a-trenink global-categories-cycling\" data-postid=\"20184\" role=\"article\" data-post-id=\"20184\" data-word-count=\"421\" data-headline-length=\"38\" data-category=\"Rady &amp; tipy\" data-global-category=\"Cycling\" data-author=\"We Love Cycling\" data-published=\"2023-01-10T10:22:48+02:00\" data-published-day=\"Tuesday\">\n    <div class=\"entry-thumbnail article-thumbnail\" content=\"https:\/\/d2p6e6u75xmxt8.cloudfront.net\/13\/2023\/01\/frekvence-slapani-michal-cerveny-2-150x150.webp\"><a href=\"https:\/\/www.welovecycling.com\/cs\/2023\/01\/10\/jaka-kadence-slapani-je-idealni\/\" class=\"image-holder\" target=\"_self\"><img decoding=\"async\" loading=\"lazy\" class=\"\" src=\"https:\/\/d2p6e6u75xmxt8.cloudfront.net\/13\/2023\/01\/frekvence-slapani-michal-cerveny-2-1024x682.webp\" srcset=\"https:\/\/d2p6e6u75xmxt8.cloudfront.net\/13\/2023\/01\/frekvence-slapani-michal-cerveny-2.webp 2000w, https:\/\/d2p6e6u75xmxt8.cloudfront.net\/13\/2023\/01\/frekvence-slapani-michal-cerveny-2-300x200.webp 300w, https:\/\/d2p6e6u75xmxt8.cloudfront.net\/13\/2023\/01\/frekvence-slapani-michal-cerveny-2-1024x682.webp 1024w, https:\/\/d2p6e6u75xmxt8.cloudfront.net\/13\/2023\/01\/frekvence-slapani-michal-cerveny-2-768x512.webp 768w, https:\/\/d2p6e6u75xmxt8.cloudfront.net\/13\/2023\/01\/frekvence-slapani-michal-cerveny-2-1536x1024.webp 1536w, https:\/\/d2p6e6u75xmxt8.cloudfront.net\/13\/2023\/01\/frekvence-slapani-michal-cerveny-2-1920x1280.webp 1920w, https:\/\/d2p6e6u75xmxt8.cloudfront.net\/13\/2023\/01\/frekvence-slapani-michal-cerveny-2-272x182.webp 272w, https:\/\/d2p6e6u75xmxt8.cloudfront.net\/13\/2023\/01\/frekvence-slapani-michal-cerveny-2-1920x1280.webp 1920w\" width=\"1024\" height=\"682\" sizes=\"auto, (min-width: 1200px) 300px, (min-width: 768px) 25vw, 100vw\" alt=\"jaka-kadence-slapani-je-idealni\"\/><\/a><\/div>    <div class=\"entry-meta\">\n        <a class=\"label label-secondary post-category\" href=\"https:\/\/www.welovecycling.com\/cs\/category\/rady-tipy\/\" title=\"Rady &amp; tipy\">Rady &amp; tipy<\/a>\n    <\/div>\n    <div class=\"entry-details\">\n        <a href=\"https:\/\/www.welovecycling.com\/cs\/2023\/01\/10\/jaka-kadence-slapani-je-idealni\/\" class='entry-title-wrapper'>\n            <h3 class=\"entry-title\"><span>Jak\u00e1 kadence \u0161lap\u00e1n\u00ed je ide\u00e1ln\u00ed?<\/span><\/h3>\n        <\/a>\n    <\/div>\n    <\/article>\n<\/div>\n<p>\u201eV elit\u011b \u017een se titul bude rozd\u011blovat velmi pravd\u011bpodobn\u011b mezi trojic\u00ed Krist\u00fdna Zemanov\u00e1, Barbora Je\u0159\u00e1bkov\u00e1 a Tereza Van\u00ed\u010dkov\u00e1. Ale \u00fapln\u011b bez \u0161ance nen\u00ed podle m\u00e9ho ani osmin\u00e1sobn\u00e1 dom\u00e1c\u00ed \u0161ampionka Pavla Havl\u00edkov\u00e1,\u201c m\u00edn\u00ed Anton\u00edn Ungerman.<\/p>\n<h2><strong>Zden\u011bk \u0160tybar nepojede v Mlad\u00e9 Boleslavi ani v Hoogerheide<\/strong><\/h2>\n<p>Mist\u0159i republikov\u00e9ho \u0161ampion\u00e1tu si zajist\u00ed \u00fa\u010dast na mistrovstv\u00ed sv\u011bta v\u00a0Hoogerheide, kter\u00e9 se jede od 3. do 5. \u00fanora. Jistou nominaci maj\u00ed junio\u0159i Eli\u0161ka Han\u00e1kov\u00e1, Kate\u0159ina Doud\u011brov\u00e1, V\u00e1clav Je\u017eek, reprezentantka do t\u0159iadvaceti let Krist\u00fdna Zemanov\u00e1 a z\u00e1stupce mu\u017esk\u00e9 elitn\u00ed kategorie Michael Boro\u0161.<\/p>\n<figure id=\"attachment_19511\" aria-describedby=\"caption-attachment-19511\" style=\"width: 1920px\" class=\"wp-caption alignnone\"><a href=\"https:\/\/d2p6e6u75xmxt8.cloudfront.net\/13\/2022\/11\/zemanova-CER_3208.webp\"><img loading=\"lazy\" decoding=\"async\" class=\"size-extra-large wp-image-19511\" src=\"https:\/\/d2p6e6u75xmxt8.cloudfront.net\/13\/2022\/11\/zemanova-CER_3208-1920x1280.webp\" alt=\"Krist\u00fdna Zemanov\u00e1 je hlavn\u00ed favoritkou mistrovstv\u00ed \u010cesk\u00e9 republiky v cyklokrosu.\" width=\"1920\" height=\"1280\" srcset=\"https:\/\/d2p6e6u75xmxt8.cloudfront.net\/13\/2022\/11\/zemanova-CER_3208-1920x1280.webp 1920w, https:\/\/d2p6e6u75xmxt8.cloudfront.net\/13\/2022\/11\/zemanova-CER_3208-300x200.webp 300w, https:\/\/d2p6e6u75xmxt8.cloudfront.net\/13\/2022\/11\/zemanova-CER_3208-1024x682.webp 1024w, https:\/\/d2p6e6u75xmxt8.cloudfront.net\/13\/2022\/11\/zemanova-CER_3208-768x512.webp 768w, https:\/\/d2p6e6u75xmxt8.cloudfront.net\/13\/2022\/11\/zemanova-CER_3208-1536x1024.webp 1536w, https:\/\/d2p6e6u75xmxt8.cloudfront.net\/13\/2022\/11\/zemanova-CER_3208-272x182.webp 272w, https:\/\/d2p6e6u75xmxt8.cloudfront.net\/13\/2022\/11\/zemanova-CER_3208.webp 2000w, https:\/\/d2p6e6u75xmxt8.cloudfront.net\/13\/2022\/11\/zemanova-CER_3208-1920x1280.webp 1920w\" sizes=\"auto, (max-width: 1920px) 100vw, 1920px\" \/><\/a><figcaption id=\"caption-attachment-19511\" class=\"wp-caption-text\"><em>Krist\u00fdna Zemanov\u00e1 je hlavn\u00ed favoritkou mistrovstv\u00ed \u010cesk\u00e9 republiky v cyklokrosu.<\/em><\/figcaption><\/figure>\n<p>\u201eLeto\u0161n\u00ed sezona je v\u00fdrazn\u011b lep\u0161\u00ed ne\u017e minul\u00e1. Ze sv\u011btov\u00e9ho \u0161ampion\u00e1tu m\u016f\u017eeme myslet na n\u011bkolik um\u00edst\u011bn\u00ed v prvn\u00ed des\u00edtce. Zejm\u00e9na V\u00e1clav Je\u017eek mezi juniory a Krist\u00fdna Zemanov\u00e1 v kategorii do t\u0159iadvaceti let maj\u00ed velmi dobr\u00e9 v\u00fdsledky. Stejn\u011b tak juniorka Eli\u0161ka Han\u00e1kov\u00e1,\u201c nezast\u00edr\u00e1 reprezenta\u010dn\u00ed tren\u00e9r Petr Klou\u010dek, \u017ee u\u017e m\u00e1 hlavu plnou bitev o duhov\u00e9 trikoty, p\u0159esto\u017ee jej je\u0161t\u011b \u010dek\u00e1 mistrovstv\u00ed republiky v cyklokrosu.<\/p>\n<div class=\"shortcode-ys-post-pinup\"><article class=\"loop-simple post-15745 post type-post status-publish format-standard has-post-thumbnail hentry category-cyklokros tag-adam-toupalik tag-cyklistika tag-cyklokros tag-elkov-kasper tag-jakub-toupalik tag-martina-bina tag-mcr-v-cyklokrosu tag-michael-boros tag-mistrovstvi-republiky tag-silnicni-cyklistika tag-tour-de-france global-categories-cycling\" data-postid=\"15745\" role=\"article\" data-post-id=\"15745\" data-word-count=\"528\" data-headline-length=\"39\" data-category=\"Cyklokros\" data-global-category=\"Cycling\" data-author=\"Jan Kr\u016fta\" data-published=\"2022-01-13T19:00:39+02:00\" data-published-day=\"Thursday\">\n    <div class=\"entry-thumbnail article-thumbnail\" content=\"https:\/\/d2p6e6u75xmxt8.cloudfront.net\/13\/2022\/01\/12-150x150.webp\"><a href=\"https:\/\/www.welovecycling.com\/cs\/2022\/01\/13\/kdyz-o-titulu-rozhodne-vyssi-moc\/\" class=\"image-holder\" target=\"_self\"><img decoding=\"async\" loading=\"lazy\" class=\"\" src=\"https:\/\/d2p6e6u75xmxt8.cloudfront.net\/13\/2022\/01\/12-1024x682.webp\" srcset=\"https:\/\/d2p6e6u75xmxt8.cloudfront.net\/13\/2022\/01\/12.webp 2000w, https:\/\/d2p6e6u75xmxt8.cloudfront.net\/13\/2022\/01\/12-300x200.webp 300w, https:\/\/d2p6e6u75xmxt8.cloudfront.net\/13\/2022\/01\/12-1024x682.webp 1024w, https:\/\/d2p6e6u75xmxt8.cloudfront.net\/13\/2022\/01\/12-768x512.webp 768w, https:\/\/d2p6e6u75xmxt8.cloudfront.net\/13\/2022\/01\/12-1536x1024.webp 1536w, https:\/\/d2p6e6u75xmxt8.cloudfront.net\/13\/2022\/01\/12-1920x1280.webp 1920w, https:\/\/d2p6e6u75xmxt8.cloudfront.net\/13\/2022\/01\/12-272x182.webp 272w, https:\/\/d2p6e6u75xmxt8.cloudfront.net\/13\/2022\/01\/12-1920x1280.webp 1920w\" width=\"1024\" height=\"682\" sizes=\"auto, (min-width: 1200px) 300px, (min-width: 768px) 25vw, 100vw\" alt=\"kdyz-o-titulu-rozhodne-vyssi-moc\"\/><\/a><\/div>    <div class=\"entry-meta\">\n        <a class=\"label label-secondary post-category\" href=\"https:\/\/www.welovecycling.com\/cs\/category\/cyklokros\/\" title=\"Cyklokros\">Cyklokros<\/a>\n    <\/div>\n    <div class=\"entry-details\">\n        <a href=\"https:\/\/www.welovecycling.com\/cs\/2022\/01\/13\/kdyz-o-titulu-rozhodne-vyssi-moc\/\" class='entry-title-wrapper'>\n            <h3 class=\"entry-title\"><span>Kdy\u017e o titulu rozhodne vy\u0161\u0161\u00ed moc\u2026<\/span><\/h3>\n        <\/a>\n    <\/div>\n    <\/article>\n<\/div>\n<p>V Nizozemsku se velmi pravd\u011bpodobn\u011b nep\u0159edstav\u00ed v \u010desk\u00fdch barv\u00e1ch Zden\u011bk \u0160tybar. Matador a trojn\u00e1sobn\u00fd cyklokrosov\u00fd mistr sv\u011bta zm\u011bnil b\u011bhem zimn\u00ed pauzy zam\u011bstnavatele a \u00fa\u010dast na cyklokrosov\u00e9m mistrovstv\u00ed mu nezapad\u00e1 do programu. Startovat nebude ani na republikov\u00e9m \u0161ampion\u00e1tu. Podle pl\u00e1nu australsk\u00e9ho t\u00fdmu Jayco by m\u011bl v \u00fanoru vstoupit do sezony klasikami v Belgii, k nim\u017e bude up\u0159ena ve\u0161ker\u00e1 koncentrace \u010desk\u00e9ho univerz\u00e1la.<\/p>\n<h2><strong>Program mistrovstv\u00ed republiky v cyklokrosu<\/strong><\/h2>\n<p>10:30 hodin &#8211; junio\u0159i, 11:45 hodin &#8211; \u017eeny elite + do 23 let + juniorky, 13:15 hodin &#8211; mu\u017ei elite + do 23 let.<\/p>\n","protected":false},"excerpt":{"rendered":"<p>Je suver\u00e9nn\u00edm vl\u00e1dcem u\u017e dlouh\u00e9 roky. V\u017edy\u0165 od \u0161ampion\u00e1tu v roce 2017 slavil titul hned p\u011btkr\u00e1t. A tak nen\u00ed divu, [&hellip;]<\/p>\n","protected":false},"author":138,"featured_media":15727,"comment_status":"open","ping_status":"open","sticky":false,"template":"","format":"standard","meta":{"footnotes":""},"categories":[1303,10],"tags":[126,723,2026,2804,2805,1311,2625,2803,2806,2020,73],"global-categories":[411],"class_list":["post-20215","post","type-post","status-publish","format-standard","has-post-thumbnail","hentry","category-cyklokros","category-silnicni-cyklistika","tag-cyklistika","tag-cyklokros","tag-kristyna-zemanova","tag-mcr-2023","tag-mcr-mlada-boleslav","tag-michael-boros","tag-petr-kloucek","tag-program-mcr-v-cyklokrosu","tag-simon-vanicek","tag-vaclav-jezek","tag-zdenek-stybar","global-categories-cycling"],"yoast_head":"<!-- This site is optimized with the Yoast SEO Premium plugin v25.3 (Yoast SEO v25.9) - https:\/\/yoast.com\/wordpress\/plugins\/seo\/ -->\n<title>Obh\u00e1jce Michael Boro\u0161 pojede o \u0161est\u00fd titul. Ve h\u0159e jsou m\u00edstenky na MS! | \u0160koda We Love Cycling - \u010cesk\u00e1 republika<\/title>\n<meta name=\"description\" content=\"Michael Boro\u0161 je hlavn\u00edm favoritem mistrovstv\u00ed republiky v cyklokrosu, kter\u00e9 se pojede v ned\u011bli v Mlad\u00e9 Boleslavi. Bojovat se bude o nominaci na MS.\" \/>\n<meta name=\"robots\" content=\"index, follow, max-snippet:-1, max-image-preview:large, max-video-preview:-1\" \/>\n<link rel=\"canonical\" href=\"https:\/\/www.welovecycling.com\/cs\/2023\/01\/13\/obhajce-michael-boros-pojede-o-sesty-titul-ve-hre-jsou-mistenky-na-ms\/\" \/>\n<meta property=\"og:locale\" content=\"cs_CZ\" \/>\n<meta property=\"og:type\" content=\"article\" \/>\n<meta property=\"og:title\" content=\"Obh\u00e1jce Michael Boro\u0161 pojede o \u0161est\u00fd titul. Ve h\u0159e jsou m\u00edstenky na MS!\" \/>\n<meta property=\"og:description\" content=\"Michael Boro\u0161 je hlavn\u00edm favoritem mistrovstv\u00ed republiky v cyklokrosu, kter\u00e9 se pojede v ned\u011bli v Mlad\u00e9 Boleslavi. Bojovat se bude o nominaci na MS.\" \/>\n<meta property=\"og:url\" content=\"https:\/\/www.welovecycling.com\/cs\/2023\/01\/13\/obhajce-michael-boros-pojede-o-sesty-titul-ve-hre-jsou-mistenky-na-ms\/\" \/>\n<meta property=\"og:site_name\" content=\"\u0160koda We Love Cycling - \u010cesk\u00e1 republika\" \/>\n<meta property=\"article:published_time\" content=\"2023-01-13T04:30:01+00:00\" \/>\n<meta property=\"article:modified_time\" content=\"2023-01-13T09:28:59+00:00\" \/>\n<meta property=\"og:image\" content=\"https:\/\/d2p6e6u75xmxt8.cloudfront.net\/13\/2022\/01\/10.webp\" \/>\n\t<meta property=\"og:image:width\" content=\"2000\" \/>\n\t<meta property=\"og:image:height\" content=\"1234\" \/>\n\t<meta property=\"og:image:type\" content=\"image\/webp\" \/>\n<meta name=\"author\" content=\"radekmalina\" \/>\n<meta name=\"twitter:card\" content=\"summary_large_image\" \/>\n<meta name=\"twitter:label1\" content=\"Written by\" \/>\n\t<meta name=\"twitter:data1\" content=\"Jan Kr\u016fta\" \/>\n\t<meta name=\"twitter:label2\" content=\"Est. reading time\" \/>\n\t<meta name=\"twitter:data2\" content=\"5\" \/>\n<script type=\"application\/ld+json\" class=\"yoast-schema-graph\">{\"@context\":\"https:\/\/schema.org\",\"@graph\":[{\"@type\":\"WebPage\",\"@id\":\"https:\/\/www.welovecycling.com\/cs\/2023\/01\/13\/obhajce-michael-boros-pojede-o-sesty-titul-ve-hre-jsou-mistenky-na-ms\/\",\"url\":\"https:\/\/www.welovecycling.com\/cs\/2023\/01\/13\/obhajce-michael-boros-pojede-o-sesty-titul-ve-hre-jsou-mistenky-na-ms\/\",\"name\":\"Obh\u00e1jce Michael Boro\u0161 pojede o \u0161est\u00fd titul. Ve h\u0159e jsou m\u00edstenky na MS! | \u0160koda We Love Cycling - \u010cesk\u00e1 republika\",\"isPartOf\":{\"@id\":\"https:\/\/www.welovecycling.com\/cs\/#website\"},\"primaryImageOfPage\":{\"@id\":\"https:\/\/www.welovecycling.com\/cs\/2023\/01\/13\/obhajce-michael-boros-pojede-o-sesty-titul-ve-hre-jsou-mistenky-na-ms\/#primaryimage\"},\"image\":{\"@id\":\"https:\/\/www.welovecycling.com\/cs\/2023\/01\/13\/obhajce-michael-boros-pojede-o-sesty-titul-ve-hre-jsou-mistenky-na-ms\/#primaryimage\"},\"thumbnailUrl\":\"https:\/\/d2p6e6u75xmxt8.cloudfront.net\/13\/2022\/01\/10.webp\",\"datePublished\":\"2023-01-13T04:30:01+00:00\",\"dateModified\":\"2023-01-13T09:28:59+00:00\",\"author\":{\"@id\":\"https:\/\/www.welovecycling.com\/cs\/#\/schema\/person\/d9eeb0a378f3a7e4a6d12d2b536b04b8\"},\"description\":\"Michael Boro\u0161 je hlavn\u00edm favoritem mistrovstv\u00ed republiky v cyklokrosu, kter\u00e9 se pojede v ned\u011bli v Mlad\u00e9 Boleslavi. Bojovat se bude o nominaci na MS.\",\"inLanguage\":\"cs\",\"potentialAction\":[{\"@type\":\"ReadAction\",\"target\":[\"https:\/\/www.welovecycling.com\/cs\/2023\/01\/13\/obhajce-michael-boros-pojede-o-sesty-titul-ve-hre-jsou-mistenky-na-ms\/\"]}]},{\"@type\":\"ImageObject\",\"inLanguage\":\"cs\",\"@id\":\"https:\/\/www.welovecycling.com\/cs\/2023\/01\/13\/obhajce-michael-boros-pojede-o-sesty-titul-ve-hre-jsou-mistenky-na-ms\/#primaryimage\",\"url\":\"https:\/\/d2p6e6u75xmxt8.cloudfront.net\/13\/2022\/01\/10.webp\",\"contentUrl\":\"https:\/\/d2p6e6u75xmxt8.cloudfront.net\/13\/2022\/01\/10.webp\",\"width\":2000,\"height\":1234,\"caption\":\"Michael Boro\u0161 mistrovstv\u00ed republiky v cyklokrosu\"},{\"@type\":\"WebSite\",\"@id\":\"https:\/\/www.welovecycling.com\/cs\/#website\",\"url\":\"https:\/\/www.welovecycling.com\/cs\/\",\"name\":\"\u0160koda We Love Cycling - \u010cesk\u00e1 republika\",\"description\":\"WeLoveCycling.cz je online magaz\u00edn, kter\u00fd v\u00e1m pravideln\u011b p\u0159in\u00e1\u0161\u00ed rady a tipy, zaj\u00edmav\u00e9 \u010dl\u00e1nky, videa a jedine\u010dn\u00e9 report\u00e1\u017ee ze sv\u011bta cyklistiky.\",\"potentialAction\":[{\"@type\":\"SearchAction\",\"target\":{\"@type\":\"EntryPoint\",\"urlTemplate\":\"https:\/\/www.welovecycling.com\/cs\/?s={search_term_string}\"},\"query-input\":{\"@type\":\"PropertyValueSpecification\",\"valueRequired\":true,\"valueName\":\"search_term_string\"}}],\"inLanguage\":\"cs\"},{\"@type\":\"Person\",\"@id\":\"https:\/\/www.welovecycling.com\/cs\/#\/schema\/person\/d9eeb0a378f3a7e4a6d12d2b536b04b8\",\"name\":\"radekmalina\",\"image\":{\"@type\":\"ImageObject\",\"inLanguage\":\"cs\",\"@id\":\"https:\/\/www.welovecycling.com\/cs\/#\/schema\/person\/image\/\",\"url\":\"https:\/\/secure.gravatar.com\/avatar\/66994b632cb8c39a46b9f54afa3ae07201b678d32a54275b6f1c9ffec356bfc0?s=96&d=mm&r=g\",\"contentUrl\":\"https:\/\/secure.gravatar.com\/avatar\/66994b632cb8c39a46b9f54afa3ae07201b678d32a54275b6f1c9ffec356bfc0?s=96&d=mm&r=g\",\"caption\":\"radekmalina\"},\"url\":\"https:\/\/www.welovecycling.com\/cs\/author\/radekmalina\/\"}]}<\/script>\n<!-- \/ Yoast SEO Premium plugin. -->","yoast_head_json":{"title":"Obh\u00e1jce Michael Boro\u0161 pojede o \u0161est\u00fd titul. Ve h\u0159e jsou m\u00edstenky na MS! | \u0160koda We Love Cycling - \u010cesk\u00e1 republika","description":"Michael Boro\u0161 je hlavn\u00edm favoritem mistrovstv\u00ed republiky v cyklokrosu, kter\u00e9 se pojede v ned\u011bli v Mlad\u00e9 Boleslavi. Bojovat se bude o nominaci na MS.","robots":{"index":"index","follow":"follow","max-snippet":"max-snippet:-1","max-image-preview":"max-image-preview:large","max-video-preview":"max-video-preview:-1"},"canonical":"https:\/\/www.welovecycling.com\/cs\/2023\/01\/13\/obhajce-michael-boros-pojede-o-sesty-titul-ve-hre-jsou-mistenky-na-ms\/","og_locale":"cs_CZ","og_type":"article","og_title":"Obh\u00e1jce Michael Boro\u0161 pojede o \u0161est\u00fd titul. Ve h\u0159e jsou m\u00edstenky na MS!","og_description":"Michael Boro\u0161 je hlavn\u00edm favoritem mistrovstv\u00ed republiky v cyklokrosu, kter\u00e9 se pojede v ned\u011bli v Mlad\u00e9 Boleslavi. Bojovat se bude o nominaci na MS.","og_url":"https:\/\/www.welovecycling.com\/cs\/2023\/01\/13\/obhajce-michael-boros-pojede-o-sesty-titul-ve-hre-jsou-mistenky-na-ms\/","og_site_name":"\u0160koda We Love Cycling - \u010cesk\u00e1 republika","article_published_time":"2023-01-13T04:30:01+00:00","article_modified_time":"2023-01-13T09:28:59+00:00","og_image":[{"width":2000,"height":1234,"url":"https:\/\/d2p6e6u75xmxt8.cloudfront.net\/13\/2022\/01\/10.webp","type":"image\/webp"}],"author":"radekmalina","twitter_card":"summary_large_image","twitter_misc":{"Written by":"Jan Kr\u016fta","Est. reading time":"5"},"schema":{"@context":"https:\/\/schema.org","@graph":[{"@type":"WebPage","@id":"https:\/\/www.welovecycling.com\/cs\/2023\/01\/13\/obhajce-michael-boros-pojede-o-sesty-titul-ve-hre-jsou-mistenky-na-ms\/","url":"https:\/\/www.welovecycling.com\/cs\/2023\/01\/13\/obhajce-michael-boros-pojede-o-sesty-titul-ve-hre-jsou-mistenky-na-ms\/","name":"Obh\u00e1jce Michael Boro\u0161 pojede o \u0161est\u00fd titul. Ve h\u0159e jsou m\u00edstenky na MS! | \u0160koda We Love Cycling - \u010cesk\u00e1 republika","isPartOf":{"@id":"https:\/\/www.welovecycling.com\/cs\/#website"},"primaryImageOfPage":{"@id":"https:\/\/www.welovecycling.com\/cs\/2023\/01\/13\/obhajce-michael-boros-pojede-o-sesty-titul-ve-hre-jsou-mistenky-na-ms\/#primaryimage"},"image":{"@id":"https:\/\/www.welovecycling.com\/cs\/2023\/01\/13\/obhajce-michael-boros-pojede-o-sesty-titul-ve-hre-jsou-mistenky-na-ms\/#primaryimage"},"thumbnailUrl":"https:\/\/d2p6e6u75xmxt8.cloudfront.net\/13\/2022\/01\/10.webp","datePublished":"2023-01-13T04:30:01+00:00","dateModified":"2023-01-13T09:28:59+00:00","author":{"@id":"https:\/\/www.welovecycling.com\/cs\/#\/schema\/person\/d9eeb0a378f3a7e4a6d12d2b536b04b8"},"description":"Michael Boro\u0161 je hlavn\u00edm favoritem mistrovstv\u00ed republiky v cyklokrosu, kter\u00e9 se pojede v ned\u011bli v Mlad\u00e9 Boleslavi. Bojovat se bude o nominaci na MS.","inLanguage":"cs","potentialAction":[{"@type":"ReadAction","target":["https:\/\/www.welovecycling.com\/cs\/2023\/01\/13\/obhajce-michael-boros-pojede-o-sesty-titul-ve-hre-jsou-mistenky-na-ms\/"]}]},{"@type":"ImageObject","inLanguage":"cs","@id":"https:\/\/www.welovecycling.com\/cs\/2023\/01\/13\/obhajce-michael-boros-pojede-o-sesty-titul-ve-hre-jsou-mistenky-na-ms\/#primaryimage","url":"https:\/\/d2p6e6u75xmxt8.cloudfront.net\/13\/2022\/01\/10.webp","contentUrl":"https:\/\/d2p6e6u75xmxt8.cloudfront.net\/13\/2022\/01\/10.webp","width":2000,"height":1234,"caption":"Michael Boro\u0161 mistrovstv\u00ed republiky v cyklokrosu"},{"@type":"WebSite","@id":"https:\/\/www.welovecycling.com\/cs\/#website","url":"https:\/\/www.welovecycling.com\/cs\/","name":"\u0160koda We Love Cycling - \u010cesk\u00e1 republika","description":"WeLoveCycling.cz je online magaz\u00edn, kter\u00fd v\u00e1m pravideln\u011b p\u0159in\u00e1\u0161\u00ed rady a tipy, zaj\u00edmav\u00e9 \u010dl\u00e1nky, videa a jedine\u010dn\u00e9 report\u00e1\u017ee ze sv\u011bta cyklistiky.","potentialAction":[{"@type":"SearchAction","target":{"@type":"EntryPoint","urlTemplate":"https:\/\/www.welovecycling.com\/cs\/?s={search_term_string}"},"query-input":{"@type":"PropertyValueSpecification","valueRequired":true,"valueName":"search_term_string"}}],"inLanguage":"cs"},{"@type":"Person","@id":"https:\/\/www.welovecycling.com\/cs\/#\/schema\/person\/d9eeb0a378f3a7e4a6d12d2b536b04b8","name":"radekmalina","image":{"@type":"ImageObject","inLanguage":"cs","@id":"https:\/\/www.welovecycling.com\/cs\/#\/schema\/person\/image\/","url":"https:\/\/secure.gravatar.com\/avatar\/66994b632cb8c39a46b9f54afa3ae07201b678d32a54275b6f1c9ffec356bfc0?s=96&d=mm&r=g","contentUrl":"https:\/\/secure.gravatar.com\/avatar\/66994b632cb8c39a46b9f54afa3ae07201b678d32a54275b6f1c9ffec356bfc0?s=96&d=mm&r=g","caption":"radekmalina"},"url":"https:\/\/www.welovecycling.com\/cs\/author\/radekmalina\/"}]}},"_links":{"self":[{"href":"https:\/\/www.welovecycling.com\/cs\/wp-json\/wp\/v2\/posts\/20215","targetHints":{"allow":["GET"]}}],"collection":[{"href":"https:\/\/www.welovecycling.com\/cs\/wp-json\/wp\/v2\/posts"}],"about":[{"href":"https:\/\/www.welovecycling.com\/cs\/wp-json\/wp\/v2\/types\/post"}],"author":[{"embeddable":true,"href":"https:\/\/www.welovecycling.com\/cs\/wp-json\/wp\/v2\/users\/138"}],"replies":[{"embeddable":true,"href":"https:\/\/www.welovecycling.com\/cs\/wp-json\/wp\/v2\/comments?post=20215"}],"version-history":[{"count":2,"href":"https:\/\/www.welovecycling.com\/cs\/wp-json\/wp\/v2\/posts\/20215\/revisions"}],"predecessor-version":[{"id":20218,"href":"https:\/\/www.welovecycling.com\/cs\/wp-json\/wp\/v2\/posts\/20215\/revisions\/20218"}],"wp:featuredmedia":[{"embeddable":true,"href":"https:\/\/www.welovecycling.com\/cs\/wp-json\/wp\/v2\/media\/15727"}],"wp:attachment":[{"href":"https:\/\/www.welovecycling.com\/cs\/wp-json\/wp\/v2\/media?parent=20215"}],"wp:term":[{"taxonomy":"category","embeddable":true,"href":"https:\/\/www.welovecycling.com\/cs\/wp-json\/wp\/v2\/categories?post=20215"},{"taxonomy":"post_tag","embeddable":true,"href":"https:\/\/www.welovecycling.com\/cs\/wp-json\/wp\/v2\/tags?post=20215"},{"taxonomy":"global-categories","embeddable":true,"href":"https:\/\/www.welovecycling.com\/cs\/wp-json\/wp\/v2\/global-categories?post=20215"}],"curies":[{"name":"wp","href":"https:\/\/api.w.org\/{rel}","templated":true}]}}