{"id":20207,"date":"2023-01-14T17:00:35","date_gmt":"2023-01-14T15:00:35","guid":{"rendered":"https:\/\/www.welovecycling.com\/cs\/?p=20207"},"modified":"2023-01-13T20:44:51","modified_gmt":"2023-01-13T18:44:51","slug":"nejvetsi-prestupy-world-tour-jumbo-visma-i-uae-posilovaly-ineos-poustel-hvezdy","status":"publish","type":"post","link":"https:\/\/www.welovecycling.com\/cs\/2023\/01\/14\/nejvetsi-prestupy-world-tour-jumbo-visma-i-uae-posilovaly-ineos-poustel-hvezdy\/","title":{"rendered":"Nejv\u011bt\u0161\u00ed p\u0159estupy World Tour: Jumbo-Visma i UAE posilovaly, Ineos pou\u0161t\u011bl hv\u011bzdy"},"content":{"rendered":"<p><strong>Giganti posilovali, aby upevnili dominanci. Zimn\u00ed pauza mezi elitou cyklistick\u00e9ho sv\u011bta World Tour p\u0159inesla mnoho zaj\u00edmav\u00fdch zm\u011bn. Cyklistick\u00e9 p\u0159estupy jsou ned\u00edlnou sou\u010d\u00e1st\u00ed d\u011bn\u00ed p\u0159edch\u00e1zej\u00edc\u00edho prvn\u00edmu z\u00e1vodu.\u00a0<\/strong><\/p>\n<p>N\u011bkdo zbrojil v\u00edce, n\u011bkdo m\u00e9n\u011b. Samoz\u0159ejm\u011b z\u00e1le\u017eelo na finan\u010dn\u00edch mo\u017enostech, a tak asi nikoho p\u0159\u00edli\u0161 nep\u0159ekvap\u00ed, \u017ee nejv\u00edc posilovala v\u011bt\u0161ina gigant\u016f pelotonu: Jumbo-Visma, UAE Team Emirates, ale tak\u00e9 EF Education-EasyPost, zat\u00edmco Ineos Grenadiers sp\u00ed\u0161 velk\u00e9 z\u00e1vodn\u00edky pou\u0161t\u011bl a \u0159ada hv\u011bzd pos\u00edlila konkurenty.<\/p>\n<p>U\u017e p\u0159\u00ed\u0161t\u00ed t\u00fdden za\u010dne v Austr\u00e1lii naostro silni\u010dn\u00ed sezona 2023. U protino\u017ec\u016f otv\u00edr\u00e1 kalend\u00e1\u0159 WorldTour etapov\u00fd z\u00e1vod Santos Tour Down Under, kter\u00fd se posledn\u00ed dva roky kv\u016fli pandemii covid-19 neuskute\u010dnil. Poj\u010fme se s bl\u00ed\u017e\u00edc\u00ed se sezonou pod\u00edvat na p\u011bt nejv\u011bt\u0161\u00edch p\u0159estup\u016f podle We Love Cycling.<\/p>\n<h2><strong>Richard Carapaz (Ineos \u2192 EF Education-EasyPost)<\/strong><\/h2>\n<p>V\u00edt\u011bz Gira z roku 2019 a majitel olympijsk\u00e9ho zlata v silni\u010dn\u00edm z\u00e1vod\u011b jednotlivc\u016f z Tokia 2021 m\u011bn\u00ed po t\u0159ech letech v Ineosu p\u016fsobi\u0161t\u011b. Dalo se to \u010dekat, posledn\u00ed rok u\u017e ani z jedn\u00e9 strany nebyl podle o\u010dek\u00e1v\u00e1n\u00ed. Ekv\u00e1dorec jel jen Giro, kde skon\u010dil druh\u00fd, na Tour vzal Ineos jin\u00e9 borce. Richard Carapaz absenci ve Francii vnit\u0159n\u011b c\u00edtil jako k\u0159ivdu, a proto s\u00e1hl po nov\u00e9 v\u00fdzv\u011b jm\u00e9nem EF Education-EasyPost.<\/p>\n<figure id=\"attachment_13422\" aria-describedby=\"caption-attachment-13422\" style=\"width: 1600px\" class=\"wp-caption alignnone\"><a href=\"https:\/\/d2p6e6u75xmxt8.cloudfront.net\/13\/2021\/06\/carapz-kolem-svycarska.webp\"><img loading=\"lazy\" decoding=\"async\" class=\"size-full wp-image-13422\" src=\"https:\/\/d2p6e6u75xmxt8.cloudfront.net\/13\/2021\/06\/carapz-kolem-svycarska.webp\" alt=\"Richard Carapaz slav\u00ed triumf p\u0159i z\u00e1vod\u011b Kolem \u0160v\u00fdcarska. Foto: ineosgrenadiers.com (2x)\" width=\"1600\" height=\"1066\" srcset=\"https:\/\/d2p6e6u75xmxt8.cloudfront.net\/13\/2021\/06\/carapz-kolem-svycarska.webp 1600w, https:\/\/d2p6e6u75xmxt8.cloudfront.net\/13\/2021\/06\/carapz-kolem-svycarska-300x200.webp 300w, https:\/\/d2p6e6u75xmxt8.cloudfront.net\/13\/2021\/06\/carapz-kolem-svycarska-1024x682.webp 1024w, https:\/\/d2p6e6u75xmxt8.cloudfront.net\/13\/2021\/06\/carapz-kolem-svycarska-768x512.webp 768w, https:\/\/d2p6e6u75xmxt8.cloudfront.net\/13\/2021\/06\/carapz-kolem-svycarska-1536x1023.webp 1536w, https:\/\/d2p6e6u75xmxt8.cloudfront.net\/13\/2021\/06\/carapz-kolem-svycarska-272x182.webp 272w\" sizes=\"auto, (max-width: 1600px) 100vw, 1600px\" \/><\/a><figcaption id=\"caption-attachment-13422\" class=\"wp-caption-text\"><em>Richard Carapaz slav\u00ed triumf v z\u00e1vod\u011b Kolem \u0160v\u00fdcarska. Douf\u00e1, \u017ee \u017elut\u00fd dres po p\u0159estupu do EF Education z\u00edsk\u00e1 i na Tour de France. Foto: ineosgrenadiers.com<\/em><\/figcaption><\/figure>\n<p>\u201eChci vyhr\u00e1t je\u0161t\u011b Tour de France,\u201c \u0159ekl po zve\u0159ejn\u011bn\u00ed p\u0159estupu. V nov\u00e9m t\u00fdmu \u0161anci v ide\u00e1ln\u00edm cyklistick\u00e9m v\u011bku dostane, letos mu bude teprve t\u0159icet. Z Inoesu s n\u00edm p\u0159i\u0161el i velezku\u0161en\u00fd domestik Amador. Americk\u00fd t\u00fdm v\u011b\u0159\u00ed, \u017ee mu pr\u00e1v\u011b Carapaz vyhraje poprv\u00e9 v historii vysn\u011bnou Grand Tour. S dal\u0161\u00edm l\u00eddrem Ur\u00e1nem, jemu\u017e u\u017e bude \u0161estat\u0159icet, si ur\u010dit\u011b p\u0159ek\u00e1\u017eet nebudou.<\/p>\n<h2><strong>Adam Yates (Ineos \u2192 UAE Team Emirates)<\/strong><\/h2>\n<p>T\u0159icetilet\u00fd Brit b\u011bhem dvou let v Ineosu a\u017e tolik nez\u00e1\u0159il. P\u0159edloni byl \u010dtvrt\u00fd na Vuelt\u011b, vloni dev\u00e1t\u00fd na Tour, ale nebylo to vysn\u011bn\u00e9 p\u00f3dium. A kdy\u017e dostal nab\u00eddku od UAE, kde je hlavn\u00ed hv\u011bzdou dvojn\u00e1sobn\u00fd v\u00edt\u011bz Tour de France Tadej Poga\u010dar, nev\u00e1hal. \u201eJe skv\u011bl\u00e9 jezdit po boku nejlep\u0161\u00edch z\u00e1vodn\u00edk\u016f sv\u011bta. Nav\u00edc j\u00e1 jsem v ide\u00e1ln\u00edm z\u00e1vodnick\u00e9m v\u011bku a t\u00fdm by tak m\u011bl dostat to nejlep\u0161\u00ed, co ve mn\u011b je,\u201c uvedl Adam Yates po podpisu t\u0159\u00edlet\u00e9 smlouvy.<\/p>\n<div class=\"shortcode-ys-post-pinup\"><article class=\"loop-simple post-19864 post type-post status-publish format-standard has-post-thumbnail hentry category-rady-tipy tag-cyklistika tag-horska-cyklistika tag-kardiovaskularni-system tag-silnicni-cyklistika tag-zakladni-intenzita tag-zdravi tag-zdravi-a-trenink global-categories-cycling\" data-postid=\"19864\" role=\"article\" data-post-id=\"19864\" data-word-count=\"460\" data-headline-length=\"61\" data-category=\"Rady &amp; tipy\" data-global-category=\"Cycling\" data-author=\"Vojt\u011bch Ha\u010deck\u00fd\" data-published=\"2022-12-05T13:00:27+02:00\" data-published-day=\"Monday\">\n    <div class=\"entry-thumbnail article-thumbnail\" content=\"https:\/\/d2p6e6u75xmxt8.cloudfront.net\/13\/2022\/09\/ronda-scaled-150x150.webp\"><a href=\"https:\/\/www.welovecycling.com\/cs\/2022\/12\/05\/zakladni-intenzita-v-treninku-nezbytnost-ci-prezitek\/\" class=\"image-holder\" target=\"_self\"><img decoding=\"async\" loading=\"lazy\" class=\"\" src=\"https:\/\/d2p6e6u75xmxt8.cloudfront.net\/13\/2022\/09\/ronda-scaled-1024x768.webp\" srcset=\"https:\/\/d2p6e6u75xmxt8.cloudfront.net\/13\/2022\/09\/ronda-scaled.webp 2560w, https:\/\/d2p6e6u75xmxt8.cloudfront.net\/13\/2022\/09\/ronda-scaled-300x225.webp 300w, https:\/\/d2p6e6u75xmxt8.cloudfront.net\/13\/2022\/09\/ronda-scaled-1024x768.webp 1024w, https:\/\/d2p6e6u75xmxt8.cloudfront.net\/13\/2022\/09\/ronda-scaled-768x576.webp 768w, https:\/\/d2p6e6u75xmxt8.cloudfront.net\/13\/2022\/09\/ronda-scaled-1536x1152.webp 1536w, https:\/\/d2p6e6u75xmxt8.cloudfront.net\/13\/2022\/09\/ronda-scaled-2048x1536.webp 2048w, https:\/\/d2p6e6u75xmxt8.cloudfront.net\/13\/2022\/09\/ronda-scaled-1920x1440.webp 1920w, https:\/\/d2p6e6u75xmxt8.cloudfront.net\/13\/2022\/09\/ronda-scaled-1920x1440.webp 1920w\" width=\"1024\" height=\"768\" sizes=\"auto, (min-width: 1200px) 300px, (min-width: 768px) 25vw, 100vw\" alt=\"zakladni-intenzita-v-treninku-nezbytnost-ci-prezitek\"\/><\/a><\/div>    <div class=\"entry-meta\">\n        <a class=\"label label-secondary post-category\" href=\"https:\/\/www.welovecycling.com\/cs\/category\/rady-tipy\/\" title=\"Rady &amp; tipy\">Rady &amp; tipy<\/a>\n    <\/div>\n    <div class=\"entry-details\">\n        <a href=\"https:\/\/www.welovecycling.com\/cs\/2022\/12\/05\/zakladni-intenzita-v-treninku-nezbytnost-ci-prezitek\/\" class='entry-title-wrapper'>\n            <h3 class=\"entry-title\"><span>Z\u00e1kladn\u00ed intenzita v\u00a0tr\u00e9ninku. Nezbytnost \u010di p\u0159e\u017eitek?<\/span><\/h3>\n        <\/a>\n    <\/div>\n    <\/article>\n<\/div>\n<p>Ur\u010dit\u011b pojede s\u00a0Poga\u010darem jako superdomestik na Tour, \u010d\u00edm\u017e by m\u011bl je\u0161t\u011b zv\u00fd\u0161it s\u00edlu t\u00fdmu a pomoci k tomu, aby Slovinec letos Tour vyhr\u00e1l pot\u0159et\u00ed. Ale je jist\u00e9, \u017ee Adam Yates dostane i spoustu prostoru na svoje osobn\u00ed v\u00fdsledky. Spolu s\u00a0n\u00edm pos\u00edl\u00ed t\u00fdm z\u00a0Emir\u00e1t\u016f i \u010derstv\u00fd australsk\u00fd mistr v\u00a0\u010dasovce a v\u00fdte\u010dn\u00fd vrcha\u0159 Jay Vine, kter\u00fd vloni v\u00a0dresu Alpecin-Fenix vyhr\u00e1l dv\u011b etapy na Vuelt\u011b.<\/p>\n<h2><strong>Dylan van Baarle (Ineos \u2192 Jumbo-Visma)<\/strong><\/h2>\n<p>Tenhle p\u0159estup d\u00e1val velk\u00fd smysl. Nizozemsk\u00fd t\u00fdm si stahuje nejlep\u0161\u00ed nizozemsk\u00e9 z\u00e1vodn\u00edky. Van Baarle je excelentn\u00ed klasik\u00e1\u0159 (vloni vyhr\u00e1l Roubaix a byl druh\u00fd na Flandrech), tak\u017ee je\u0161t\u011b zv\u00fd\u0161\u00ed s\u00edlu st\u00e1je na klasik\u00e1ch a ve dvojici s van Aertem budou k pora\u017een\u00ed jen hodn\u011b t\u011b\u017eko. Nav\u00edc t\u00fdm pos\u00edlil i dal\u0161\u00ed v\u00fdborn\u00fd klasik\u00e1\u0159, Slovinec Jan Tratnik.<\/p>\n<figure id=\"attachment_16747\" aria-describedby=\"caption-attachment-16747\" style=\"width: 1600px\" class=\"wp-caption alignnone\"><a href=\"https:\/\/d2p6e6u75xmxt8.cloudfront.net\/13\/2022\/04\/Dylan-van-Baarle.webp\"><img loading=\"lazy\" decoding=\"async\" class=\"size-full wp-image-16747\" src=\"https:\/\/d2p6e6u75xmxt8.cloudfront.net\/13\/2022\/04\/Dylan-van-Baarle.webp\" alt=\"Dylan van Baarle\" width=\"1600\" height=\"1067\" srcset=\"https:\/\/d2p6e6u75xmxt8.cloudfront.net\/13\/2022\/04\/Dylan-van-Baarle.webp 1600w, https:\/\/d2p6e6u75xmxt8.cloudfront.net\/13\/2022\/04\/Dylan-van-Baarle-300x200.webp 300w, https:\/\/d2p6e6u75xmxt8.cloudfront.net\/13\/2022\/04\/Dylan-van-Baarle-1024x683.webp 1024w, https:\/\/d2p6e6u75xmxt8.cloudfront.net\/13\/2022\/04\/Dylan-van-Baarle-768x512.webp 768w, https:\/\/d2p6e6u75xmxt8.cloudfront.net\/13\/2022\/04\/Dylan-van-Baarle-1536x1024.webp 1536w, https:\/\/d2p6e6u75xmxt8.cloudfront.net\/13\/2022\/04\/Dylan-van-Baarle-272x182.webp 272w\" sizes=\"auto, (max-width: 1600px) 100vw, 1600px\" \/><\/a><figcaption id=\"caption-attachment-16747\" class=\"wp-caption-text\"><em>Dylan van Baarle s nejcenn\u011bj\u0161\u00ed dla\u017eebn\u00ed kostkou na sv\u011bt\u011b: trofej\u00ed za v\u00fdhru v Pa\u0159\u00ed\u017e-Roubaix. Foto: ineosgrenadiers.com<\/em><\/figcaption><\/figure>\n<p>T\u0159icetilet\u00fd van Baarle ale nep\u0159i\u0161el zdaleka jen kv\u016fli klasik\u00e1m. Je to doslova motorka a t\u0159eba na Tour de France letos p\u0159edv\u00e1d\u011bl neskute\u010dn\u00e9 v\u00fdkony. Hodn\u011b se zlep\u0161il v kopc\u00edch. S n\u00edm bude Jumbo-Visma na Grand Tour je\u0161t\u011b siln\u011bj\u0161\u00ed a Vingegaard nebo Rogli\u010d z toho mohou jen profitovat. A to do Jumbo-Visma p\u0159estupuje je\u0161t\u011b dal\u0161\u00ed zku\u0161en\u00fd nizozemsk\u00fd cyklista Wilco Kelderman, \u00fa\u010dastn\u00edk \u010dtrn\u00e1cti Grand Tour.<\/p>\n<h2><strong>Fernando Gaviria (UAE Team Emirates \u2192 Movistar)<\/strong><\/h2>\n<p>Do t\u00fdmu z Emir\u00e1t\u016f p\u0159ich\u00e1zel kolumbijsk\u00fd rychl\u00edk p\u0159ed t\u0159emi lety jako hv\u011bzda, ale tohle anga\u017em\u00e1 mu \u00fapln\u011b podle p\u0159edstav nevy\u0161lo. Tedy krom\u011b toho, \u017ee si slu\u0161n\u011b namastil kapsu. Z Quick Stepu b\u00fdval zvykl\u00fd vyhr\u00e1vat jak na b\u011b\u017e\u00edc\u00edm p\u00e1su, ale v UAE vybojoval za cel\u00e9 t\u0159i roky jen dev\u011bt prvenstv\u00ed. N\u011bkolikr\u00e1t ho v\u0161ak zastavil covid-19 i zran\u011bn\u00ed.<\/p>\n<div class=\"shortcode-ys-post-pinup\"><article class=\"loop-simple post-20184 post type-post status-publish format-standard has-post-thumbnail hentry category-rady-tipy tag-cyklistika tag-horska-cyklistika tag-kadence-slapani tag-silnicni-cyklistika tag-trenink tag-vojtech-hacecky tag-zdravi-a-trenink global-categories-cycling\" data-postid=\"20184\" role=\"article\" data-post-id=\"20184\" data-word-count=\"421\" data-headline-length=\"38\" data-category=\"Rady &amp; tipy\" data-global-category=\"Cycling\" data-author=\"We Love Cycling\" data-published=\"2023-01-10T10:22:48+02:00\" data-published-day=\"Tuesday\">\n    <div class=\"entry-thumbnail article-thumbnail\" content=\"https:\/\/d2p6e6u75xmxt8.cloudfront.net\/13\/2023\/01\/frekvence-slapani-michal-cerveny-2-150x150.webp\"><a href=\"https:\/\/www.welovecycling.com\/cs\/2023\/01\/10\/jaka-kadence-slapani-je-idealni\/\" class=\"image-holder\" target=\"_self\"><img decoding=\"async\" loading=\"lazy\" class=\"\" src=\"https:\/\/d2p6e6u75xmxt8.cloudfront.net\/13\/2023\/01\/frekvence-slapani-michal-cerveny-2-1024x682.webp\" srcset=\"https:\/\/d2p6e6u75xmxt8.cloudfront.net\/13\/2023\/01\/frekvence-slapani-michal-cerveny-2.webp 2000w, https:\/\/d2p6e6u75xmxt8.cloudfront.net\/13\/2023\/01\/frekvence-slapani-michal-cerveny-2-300x200.webp 300w, https:\/\/d2p6e6u75xmxt8.cloudfront.net\/13\/2023\/01\/frekvence-slapani-michal-cerveny-2-1024x682.webp 1024w, https:\/\/d2p6e6u75xmxt8.cloudfront.net\/13\/2023\/01\/frekvence-slapani-michal-cerveny-2-768x512.webp 768w, https:\/\/d2p6e6u75xmxt8.cloudfront.net\/13\/2023\/01\/frekvence-slapani-michal-cerveny-2-1536x1024.webp 1536w, https:\/\/d2p6e6u75xmxt8.cloudfront.net\/13\/2023\/01\/frekvence-slapani-michal-cerveny-2-1920x1280.webp 1920w, https:\/\/d2p6e6u75xmxt8.cloudfront.net\/13\/2023\/01\/frekvence-slapani-michal-cerveny-2-272x182.webp 272w, https:\/\/d2p6e6u75xmxt8.cloudfront.net\/13\/2023\/01\/frekvence-slapani-michal-cerveny-2-1920x1280.webp 1920w\" width=\"1024\" height=\"682\" sizes=\"auto, (min-width: 1200px) 300px, (min-width: 768px) 25vw, 100vw\" alt=\"jaka-kadence-slapani-je-idealni\"\/><\/a><\/div>    <div class=\"entry-meta\">\n        <a class=\"label label-secondary post-category\" href=\"https:\/\/www.welovecycling.com\/cs\/category\/rady-tipy\/\" title=\"Rady &amp; tipy\">Rady &amp; tipy<\/a>\n    <\/div>\n    <div class=\"entry-details\">\n        <a href=\"https:\/\/www.welovecycling.com\/cs\/2023\/01\/10\/jaka-kadence-slapani-je-idealni\/\" class='entry-title-wrapper'>\n            <h3 class=\"entry-title\"><span>Jak\u00e1 kadence \u0161lap\u00e1n\u00ed je ide\u00e1ln\u00ed?<\/span><\/h3>\n        <\/a>\n    <\/div>\n    <\/article>\n<\/div>\n<p>Movistar pot\u0159ebuje krom\u011b mu\u017e\u016f na celkov\u00e9 po\u0159ad\u00ed i n\u011bjak\u00e9ho spurtera a v\u011b\u0159\u00ed, \u017ee majitel 49 profesion\u00e1ln\u00edch v\u00edt\u011bzstv\u00ed znovu nav\u00e1\u017ee na sv\u00e9 slavn\u00e9 roky, kdy dok\u00e1zal vyhr\u00e1t mj. p\u011bt etap na Giru.<\/p>\n<p>Gaviriovi je teprve 28 a je pouze ot\u00e1zkou, jak a v\u00a0kolika z\u00e1vodech mu Movistar dok\u00e1\u017ee poskl\u00e1dat sprintersk\u00fd vlak. \u201eJe to pro m\u011b nov\u00e1 v\u00fdzva. Dostal jsem se do t\u00fdmu, kter\u00fd se posledn\u00ed dobou soust\u0159edil sp\u00ed\u0161 na vrcha\u0159e. Te\u010f mi dali d\u016fv\u011bru a v\u011b\u0159\u00edm, \u017ee se o Movistaru bude mluvit i v\u00a0souvislosti se sprinty,\u201c uvedl Gaviria.<\/p>\n<h2><strong>Jan Hirt (Intermarch\u00e9 Wanty Gobert \u2192 Soudal &#8211; Quick Step)<\/strong><\/h2>\n<p>\u0160est\u00e9 m\u00edsto na lo\u0148sk\u00e9m Giru nebo prvenstv\u00ed v z\u00e1vod\u011b Kolem Om\u00e1nu otev\u0159elo Janu Hirtovi cestu ke kvalitn\u011bj\u0161\u00edmu anga\u017em\u00e1. Je jen na dvaat\u0159icetilet\u00e9m borci, jak dok\u00e1\u017ee prodat zku\u0161enosti. Jasn\u00fdm l\u00eddrem \u010d. 1 je belgick\u00e1 hv\u011bzda Remco Evenepoel a oba by m\u011bli jet Giro. D\u00e1 se p\u0159edpokl\u00e1dat, \u017ee by Hirt m\u011bl b\u00fdt pravou rukou v\u00edt\u011bze lo\u0148sk\u00e9 Vuelty hlavn\u011b v nejt\u011b\u017e\u0161\u00edch horsk\u00fdch etap\u00e1ch.<\/p>\n<figure id=\"attachment_20210\" aria-describedby=\"caption-attachment-20210\" style=\"width: 686px\" class=\"wp-caption alignnone\"><a href=\"https:\/\/d2p6e6u75xmxt8.cloudfront.net\/13\/2023\/01\/Hirt-2023-01-11-145623.webp\"><img loading=\"lazy\" decoding=\"async\" class=\" wp-image-20210\" src=\"https:\/\/d2p6e6u75xmxt8.cloudfront.net\/13\/2023\/01\/Hirt-2023-01-11-145623.webp\" alt=\"Jan Hirt \" width=\"686\" height=\"640\" srcset=\"https:\/\/d2p6e6u75xmxt8.cloudfront.net\/13\/2023\/01\/Hirt-2023-01-11-145623.webp 547w, https:\/\/d2p6e6u75xmxt8.cloudfront.net\/13\/2023\/01\/Hirt-2023-01-11-145623-300x280.webp 300w\" sizes=\"auto, (max-width: 686px) 100vw, 686px\" \/><\/a><figcaption id=\"caption-attachment-20210\" class=\"wp-caption-text\"><em>Jan Hirt je novou posilou Soudal Quick Step. Foto: Soudal Quick Step<\/em><\/figcaption><\/figure>\n<p>\u201eT\u011b\u0161\u00edm se na n\u011bco nov\u00e9ho. Quick Step je t\u00fdm, kter\u00fd m\u00e1 ka\u017ed\u00fd rok nejv\u00edc v\u00edt\u011bzstv\u00ed. Ka\u017ed\u00fd, kdo tam p\u0159ijde, se je\u0161t\u011b zlep\u0161uje. To byla moje hlavn\u00ed motivace. Chci zkusit, jestli ze sebe m\u016f\u017eu dostat je\u0161t\u011b n\u011bco v\u00edc,\u201c prohl\u00e1sil Hirt kr\u00e1tce po ozn\u00e1men\u00ed p\u0159estupu. T\u00fdm \u0159ekl, \u017ee \u010desk\u00fd z\u00e1vodn\u00edk bude m\u00edt i dost prostoru na osobn\u00ed v\u00fdsledky, tak se nechme p\u0159ekvapit, co \u010desk\u00fd reprezentant p\u0159edvede.<\/p>\n<h2><strong>A co Mark Cavendish?<\/strong><\/h2>\n<p>Nejde pochopiteln\u011b o v\u0161echny p\u0159estupy. T\u0159eba v p\u0159\u00edpad\u011b sprinter\u016f m\u011bnil dres nap\u0159. tak\u00e9 Tim Merlier, jen\u017e ode\u0161el z Alpecinu do Quick Stepu. Naopak Marc Cavendish je dodnes bez anga\u017em\u00e1. M\u011bl nam\u00ed\u0159eno do francouzsk\u00e9ho kontinent\u00e1ln\u00edho t\u00fdmu B&amp;B Hotels, ale ten se kv\u016fli finan\u010dn\u00edm pot\u00ed\u017e\u00edm rozpadl.<\/p>\n<p>Naposledy se spekulovalo o Astan\u011b, ale nikdo zat\u00edm nic nepotvrdil. Ot\u00e1zkou tedy je, zda Cavendish se\u017eene t\u00fdm, s n\u00edm\u017e by se dostal na Tour de France. To je jeho c\u00edl, proto\u017ee by r\u00e1d p\u0159ekonal magickou hranici 34 vyhran\u00fdch etap, o kterou se d\u011bl\u00ed s Eddy Merckxem. Ale nen\u00ed vylou\u010deno, \u017ee u\u017e dal\u0161\u00ed profesion\u00e1ln\u00ed v\u00edt\u011bzstv\u00ed nep\u0159id\u00e1.<\/p>\n","protected":false},"excerpt":{"rendered":"<p>Giganti posilovali, aby upevnili dominanci. Zimn\u00ed pauza mezi elitou cyklistick\u00e9ho sv\u011bta World Tour p\u0159inesla mnoho zaj\u00edmav\u00fdch zm\u011bn. Cyklistick\u00e9 p\u0159estupy jsou [&hellip;]<\/p>\n","protected":false},"author":138,"featured_media":20211,"comment_status":"open","ping_status":"open","sticky":false,"template":"","format":"standard","meta":{"footnotes":""},"categories":[10],"tags":[1550,2802,126,2365,2800,215,2801,361,579,235,9],"global-categories":[411],"class_list":["post-20207","post","type-post","status-publish","format-standard","has-post-thumbnail","hentry","category-silnicni-cyklistika","tag-adam-yates","tag-cyklisticke-prestupy","tag-cyklistika","tag-dylan-van-baarle","tag-fernando-gaviria","tag-jan-hirt","tag-jay-vaine","tag-mark-cavendish","tag-prestupy","tag-richard-carapaz","tag-silnicni-cyklistika","global-categories-cycling"],"yoast_head":"<!-- This site is optimized with the Yoast SEO Premium plugin v25.3 (Yoast SEO v25.9) - https:\/\/yoast.com\/wordpress\/plugins\/seo\/ -->\n<title>Nejv\u011bt\u0161\u00ed p\u0159estupy World Tour: Jumbo-Visma i UAE posilovaly, Ineos pou\u0161t\u011bl hv\u011bzdy | \u0160koda We Love Cycling - \u010cesk\u00e1 republika<\/title>\n<meta name=\"robots\" content=\"index, follow, max-snippet:-1, max-image-preview:large, max-video-preview:-1\" \/>\n<link rel=\"canonical\" href=\"https:\/\/www.welovecycling.com\/cs\/2023\/01\/14\/nejvetsi-prestupy-world-tour-jumbo-visma-i-uae-posilovaly-ineos-poustel-hvezdy\/\" \/>\n<meta property=\"og:locale\" content=\"cs_CZ\" \/>\n<meta property=\"og:type\" content=\"article\" \/>\n<meta property=\"og:title\" content=\"Nejv\u011bt\u0161\u00ed p\u0159estupy World Tour: Jumbo-Visma i UAE posilovaly, Ineos pou\u0161t\u011bl hv\u011bzdy\" \/>\n<meta property=\"og:description\" content=\"Giganti posilovali, aby upevnili dominanci. Zimn\u00ed pauza mezi elitou cyklistick\u00e9ho sv\u011bta World Tour p\u0159inesla mnoho zaj\u00edmav\u00fdch zm\u011bn. Cyklistick\u00e9 p\u0159estupy jsou [&hellip;]\" \/>\n<meta property=\"og:url\" content=\"https:\/\/www.welovecycling.com\/cs\/2023\/01\/14\/nejvetsi-prestupy-world-tour-jumbo-visma-i-uae-posilovaly-ineos-poustel-hvezdy\/\" \/>\n<meta property=\"og:site_name\" content=\"\u0160koda We Love Cycling - \u010cesk\u00e1 republika\" \/>\n<meta property=\"article:published_time\" content=\"2023-01-14T15:00:35+00:00\" \/>\n<meta property=\"og:image\" content=\"https:\/\/d2p6e6u75xmxt8.cloudfront.net\/13\/2023\/01\/gaviria-profimedia-0694952891.webp\" \/>\n\t<meta property=\"og:image:width\" content=\"1800\" \/>\n\t<meta property=\"og:image:height\" content=\"1200\" \/>\n\t<meta property=\"og:image:type\" content=\"image\/webp\" \/>\n<meta name=\"author\" content=\"radekmalina\" \/>\n<meta name=\"twitter:card\" content=\"summary_large_image\" \/>\n<meta name=\"twitter:label1\" content=\"Written by\" \/>\n\t<meta name=\"twitter:data1\" content=\"We Love Cycling\" \/>\n\t<meta name=\"twitter:label2\" content=\"Est. reading time\" \/>\n\t<meta name=\"twitter:data2\" content=\"5\" \/>\n<script type=\"application\/ld+json\" class=\"yoast-schema-graph\">{\"@context\":\"https:\/\/schema.org\",\"@graph\":[{\"@type\":\"WebPage\",\"@id\":\"https:\/\/www.welovecycling.com\/cs\/2023\/01\/14\/nejvetsi-prestupy-world-tour-jumbo-visma-i-uae-posilovaly-ineos-poustel-hvezdy\/\",\"url\":\"https:\/\/www.welovecycling.com\/cs\/2023\/01\/14\/nejvetsi-prestupy-world-tour-jumbo-visma-i-uae-posilovaly-ineos-poustel-hvezdy\/\",\"name\":\"Nejv\u011bt\u0161\u00ed p\u0159estupy World Tour: Jumbo-Visma i UAE posilovaly, Ineos pou\u0161t\u011bl hv\u011bzdy | \u0160koda We Love Cycling - \u010cesk\u00e1 republika\",\"isPartOf\":{\"@id\":\"https:\/\/www.welovecycling.com\/cs\/#website\"},\"primaryImageOfPage\":{\"@id\":\"https:\/\/www.welovecycling.com\/cs\/2023\/01\/14\/nejvetsi-prestupy-world-tour-jumbo-visma-i-uae-posilovaly-ineos-poustel-hvezdy\/#primaryimage\"},\"image\":{\"@id\":\"https:\/\/www.welovecycling.com\/cs\/2023\/01\/14\/nejvetsi-prestupy-world-tour-jumbo-visma-i-uae-posilovaly-ineos-poustel-hvezdy\/#primaryimage\"},\"thumbnailUrl\":\"https:\/\/d2p6e6u75xmxt8.cloudfront.net\/13\/2023\/01\/gaviria-profimedia-0694952891.webp\",\"datePublished\":\"2023-01-14T15:00:35+00:00\",\"author\":{\"@id\":\"https:\/\/www.welovecycling.com\/cs\/#\/schema\/person\/d9eeb0a378f3a7e4a6d12d2b536b04b8\"},\"inLanguage\":\"cs\",\"potentialAction\":[{\"@type\":\"ReadAction\",\"target\":[\"https:\/\/www.welovecycling.com\/cs\/2023\/01\/14\/nejvetsi-prestupy-world-tour-jumbo-visma-i-uae-posilovaly-ineos-poustel-hvezdy\/\"]}]},{\"@type\":\"ImageObject\",\"inLanguage\":\"cs\",\"@id\":\"https:\/\/www.welovecycling.com\/cs\/2023\/01\/14\/nejvetsi-prestupy-world-tour-jumbo-visma-i-uae-posilovaly-ineos-poustel-hvezdy\/#primaryimage\",\"url\":\"https:\/\/d2p6e6u75xmxt8.cloudfront.net\/13\/2023\/01\/gaviria-profimedia-0694952891.webp\",\"contentUrl\":\"https:\/\/d2p6e6u75xmxt8.cloudfront.net\/13\/2023\/01\/gaviria-profimedia-0694952891.webp\",\"width\":1800,\"height\":1200},{\"@type\":\"WebSite\",\"@id\":\"https:\/\/www.welovecycling.com\/cs\/#website\",\"url\":\"https:\/\/www.welovecycling.com\/cs\/\",\"name\":\"\u0160koda We Love Cycling - \u010cesk\u00e1 republika\",\"description\":\"WeLoveCycling.cz je online magaz\u00edn, kter\u00fd v\u00e1m pravideln\u011b p\u0159in\u00e1\u0161\u00ed rady a tipy, zaj\u00edmav\u00e9 \u010dl\u00e1nky, videa a jedine\u010dn\u00e9 report\u00e1\u017ee ze sv\u011bta cyklistiky.\",\"potentialAction\":[{\"@type\":\"SearchAction\",\"target\":{\"@type\":\"EntryPoint\",\"urlTemplate\":\"https:\/\/www.welovecycling.com\/cs\/?s={search_term_string}\"},\"query-input\":{\"@type\":\"PropertyValueSpecification\",\"valueRequired\":true,\"valueName\":\"search_term_string\"}}],\"inLanguage\":\"cs\"},{\"@type\":\"Person\",\"@id\":\"https:\/\/www.welovecycling.com\/cs\/#\/schema\/person\/d9eeb0a378f3a7e4a6d12d2b536b04b8\",\"name\":\"radekmalina\",\"image\":{\"@type\":\"ImageObject\",\"inLanguage\":\"cs\",\"@id\":\"https:\/\/www.welovecycling.com\/cs\/#\/schema\/person\/image\/\",\"url\":\"https:\/\/secure.gravatar.com\/avatar\/66994b632cb8c39a46b9f54afa3ae07201b678d32a54275b6f1c9ffec356bfc0?s=96&d=mm&r=g\",\"contentUrl\":\"https:\/\/secure.gravatar.com\/avatar\/66994b632cb8c39a46b9f54afa3ae07201b678d32a54275b6f1c9ffec356bfc0?s=96&d=mm&r=g\",\"caption\":\"radekmalina\"},\"url\":\"https:\/\/www.welovecycling.com\/cs\/author\/radekmalina\/\"}]}<\/script>\n<!-- \/ Yoast SEO Premium plugin. -->","yoast_head_json":{"title":"Nejv\u011bt\u0161\u00ed p\u0159estupy World Tour: Jumbo-Visma i UAE posilovaly, Ineos pou\u0161t\u011bl hv\u011bzdy | \u0160koda We Love Cycling - \u010cesk\u00e1 republika","robots":{"index":"index","follow":"follow","max-snippet":"max-snippet:-1","max-image-preview":"max-image-preview:large","max-video-preview":"max-video-preview:-1"},"canonical":"https:\/\/www.welovecycling.com\/cs\/2023\/01\/14\/nejvetsi-prestupy-world-tour-jumbo-visma-i-uae-posilovaly-ineos-poustel-hvezdy\/","og_locale":"cs_CZ","og_type":"article","og_title":"Nejv\u011bt\u0161\u00ed p\u0159estupy World Tour: Jumbo-Visma i UAE posilovaly, Ineos pou\u0161t\u011bl hv\u011bzdy","og_description":"Giganti posilovali, aby upevnili dominanci. Zimn\u00ed pauza mezi elitou cyklistick\u00e9ho sv\u011bta World Tour p\u0159inesla mnoho zaj\u00edmav\u00fdch zm\u011bn. Cyklistick\u00e9 p\u0159estupy jsou [&hellip;]","og_url":"https:\/\/www.welovecycling.com\/cs\/2023\/01\/14\/nejvetsi-prestupy-world-tour-jumbo-visma-i-uae-posilovaly-ineos-poustel-hvezdy\/","og_site_name":"\u0160koda We Love Cycling - \u010cesk\u00e1 republika","article_published_time":"2023-01-14T15:00:35+00:00","og_image":[{"width":1800,"height":1200,"url":"https:\/\/d2p6e6u75xmxt8.cloudfront.net\/13\/2023\/01\/gaviria-profimedia-0694952891.webp","type":"image\/webp"}],"author":"radekmalina","twitter_card":"summary_large_image","twitter_misc":{"Written by":"We Love Cycling","Est. reading time":"5"},"schema":{"@context":"https:\/\/schema.org","@graph":[{"@type":"WebPage","@id":"https:\/\/www.welovecycling.com\/cs\/2023\/01\/14\/nejvetsi-prestupy-world-tour-jumbo-visma-i-uae-posilovaly-ineos-poustel-hvezdy\/","url":"https:\/\/www.welovecycling.com\/cs\/2023\/01\/14\/nejvetsi-prestupy-world-tour-jumbo-visma-i-uae-posilovaly-ineos-poustel-hvezdy\/","name":"Nejv\u011bt\u0161\u00ed p\u0159estupy World Tour: Jumbo-Visma i UAE posilovaly, Ineos pou\u0161t\u011bl hv\u011bzdy | \u0160koda We Love Cycling - \u010cesk\u00e1 republika","isPartOf":{"@id":"https:\/\/www.welovecycling.com\/cs\/#website"},"primaryImageOfPage":{"@id":"https:\/\/www.welovecycling.com\/cs\/2023\/01\/14\/nejvetsi-prestupy-world-tour-jumbo-visma-i-uae-posilovaly-ineos-poustel-hvezdy\/#primaryimage"},"image":{"@id":"https:\/\/www.welovecycling.com\/cs\/2023\/01\/14\/nejvetsi-prestupy-world-tour-jumbo-visma-i-uae-posilovaly-ineos-poustel-hvezdy\/#primaryimage"},"thumbnailUrl":"https:\/\/d2p6e6u75xmxt8.cloudfront.net\/13\/2023\/01\/gaviria-profimedia-0694952891.webp","datePublished":"2023-01-14T15:00:35+00:00","author":{"@id":"https:\/\/www.welovecycling.com\/cs\/#\/schema\/person\/d9eeb0a378f3a7e4a6d12d2b536b04b8"},"inLanguage":"cs","potentialAction":[{"@type":"ReadAction","target":["https:\/\/www.welovecycling.com\/cs\/2023\/01\/14\/nejvetsi-prestupy-world-tour-jumbo-visma-i-uae-posilovaly-ineos-poustel-hvezdy\/"]}]},{"@type":"ImageObject","inLanguage":"cs","@id":"https:\/\/www.welovecycling.com\/cs\/2023\/01\/14\/nejvetsi-prestupy-world-tour-jumbo-visma-i-uae-posilovaly-ineos-poustel-hvezdy\/#primaryimage","url":"https:\/\/d2p6e6u75xmxt8.cloudfront.net\/13\/2023\/01\/gaviria-profimedia-0694952891.webp","contentUrl":"https:\/\/d2p6e6u75xmxt8.cloudfront.net\/13\/2023\/01\/gaviria-profimedia-0694952891.webp","width":1800,"height":1200},{"@type":"WebSite","@id":"https:\/\/www.welovecycling.com\/cs\/#website","url":"https:\/\/www.welovecycling.com\/cs\/","name":"\u0160koda We Love Cycling - \u010cesk\u00e1 republika","description":"WeLoveCycling.cz je online magaz\u00edn, kter\u00fd v\u00e1m pravideln\u011b p\u0159in\u00e1\u0161\u00ed rady a tipy, zaj\u00edmav\u00e9 \u010dl\u00e1nky, videa a jedine\u010dn\u00e9 report\u00e1\u017ee ze sv\u011bta cyklistiky.","potentialAction":[{"@type":"SearchAction","target":{"@type":"EntryPoint","urlTemplate":"https:\/\/www.welovecycling.com\/cs\/?s={search_term_string}"},"query-input":{"@type":"PropertyValueSpecification","valueRequired":true,"valueName":"search_term_string"}}],"inLanguage":"cs"},{"@type":"Person","@id":"https:\/\/www.welovecycling.com\/cs\/#\/schema\/person\/d9eeb0a378f3a7e4a6d12d2b536b04b8","name":"radekmalina","image":{"@type":"ImageObject","inLanguage":"cs","@id":"https:\/\/www.welovecycling.com\/cs\/#\/schema\/person\/image\/","url":"https:\/\/secure.gravatar.com\/avatar\/66994b632cb8c39a46b9f54afa3ae07201b678d32a54275b6f1c9ffec356bfc0?s=96&d=mm&r=g","contentUrl":"https:\/\/secure.gravatar.com\/avatar\/66994b632cb8c39a46b9f54afa3ae07201b678d32a54275b6f1c9ffec356bfc0?s=96&d=mm&r=g","caption":"radekmalina"},"url":"https:\/\/www.welovecycling.com\/cs\/author\/radekmalina\/"}]}},"_links":{"self":[{"href":"https:\/\/www.welovecycling.com\/cs\/wp-json\/wp\/v2\/posts\/20207","targetHints":{"allow":["GET"]}}],"collection":[{"href":"https:\/\/www.welovecycling.com\/cs\/wp-json\/wp\/v2\/posts"}],"about":[{"href":"https:\/\/www.welovecycling.com\/cs\/wp-json\/wp\/v2\/types\/post"}],"author":[{"embeddable":true,"href":"https:\/\/www.welovecycling.com\/cs\/wp-json\/wp\/v2\/users\/138"}],"replies":[{"embeddable":true,"href":"https:\/\/www.welovecycling.com\/cs\/wp-json\/wp\/v2\/comments?post=20207"}],"version-history":[{"count":2,"href":"https:\/\/www.welovecycling.com\/cs\/wp-json\/wp\/v2\/posts\/20207\/revisions"}],"predecessor-version":[{"id":20214,"href":"https:\/\/www.welovecycling.com\/cs\/wp-json\/wp\/v2\/posts\/20207\/revisions\/20214"}],"wp:featuredmedia":[{"embeddable":true,"href":"https:\/\/www.welovecycling.com\/cs\/wp-json\/wp\/v2\/media\/20211"}],"wp:attachment":[{"href":"https:\/\/www.welovecycling.com\/cs\/wp-json\/wp\/v2\/media?parent=20207"}],"wp:term":[{"taxonomy":"category","embeddable":true,"href":"https:\/\/www.welovecycling.com\/cs\/wp-json\/wp\/v2\/categories?post=20207"},{"taxonomy":"post_tag","embeddable":true,"href":"https:\/\/www.welovecycling.com\/cs\/wp-json\/wp\/v2\/tags?post=20207"},{"taxonomy":"global-categories","embeddable":true,"href":"https:\/\/www.welovecycling.com\/cs\/wp-json\/wp\/v2\/global-categories?post=20207"}],"curies":[{"name":"wp","href":"https:\/\/api.w.org\/{rel}","templated":true}]}}