{"id":20204,"date":"2023-01-11T12:00:20","date_gmt":"2023-01-11T10:00:20","guid":{"rendered":"https:\/\/www.welovecycling.com\/cs\/?p=20204"},"modified":"2023-01-11T00:46:34","modified_gmt":"2023-01-10T22:46:34","slug":"pohadka-nekonci-jay-vine-podepsal-snovy-kontrakt-a-oslnil-v-casovce","status":"publish","type":"post","link":"https:\/\/www.welovecycling.com\/cs\/2023\/01\/11\/pohadka-nekonci-jay-vine-podepsal-snovy-kontrakt-a-oslnil-v-casovce\/","title":{"rendered":"Poh\u00e1dka nekon\u010d\u00ed! Jay Vine podepsal snov\u00fd kontrakt a oslnil v \u010dasovce"},"content":{"rendered":"<p><strong>Zlat\u00e1 pe\u010de\u0165 na v\u00fdjime\u010dnost! Kluk, jeho\u017e v\u00a0roce 2020 \u017eivila man\u017eelka, aby mohl tr\u00e9novat a sn\u00edt o profesion\u00e1ln\u00edm cyklistick\u00e9m anga\u017em\u00e1, \u017eije d\u00e1l svoji poh\u00e1dku. Jay Vine po podpisu prvn\u00edho profesion\u00e1ln\u00edho kontraktu v\u00a0p\u011btadvaceti letech u t\u00fdmu Alpecin v\u00a0roce 2021 dok\u00e1zal na podzim lo\u0148sk\u00e9ho roku vyhr\u00e1t dv\u011b etapy na Vuelt\u011b, n\u00e1sledn\u011b podepsal kontrakt u boh\u00e1\u010d\u016f z\u00a0UAE Emirates a na \u00favod roku se stal \u0161ampionem Austr\u00e1lie v\u00a0\u010dasovce!<\/strong><\/p>\n<p>\u201eBude chv\u00edli trvat, ne\u017e si v\u0161echno uv\u011bdom\u00edm. Nem\u016f\u017eu uv\u011b\u0159it, \u017ee jsem dok\u00e1zal vyhr\u00e1t titul australsk\u00e9ho \u0161ampiona. Ohromn\u00fdm zp\u016fsobem jsem si u\u017e\u00edval celou trasu,\u201c komentoval senza\u010dn\u00ed triumf Jay Vine. \u201eP\u016fjdu a d\u00e1m si p\u00e1r piv,\u201c komentoval zisk zlat\u00e9ho medaile z\u00a0n\u00e1rodn\u00edho mistrovstv\u00ed v\u00a0\u010dasovce.<\/p>\n<p>P\u0159\u00edstup p\u0159esn\u011b vystihuj\u00edc\u00ed povahu australsk\u00e9ho z\u00e1zraku&#8230; V\u017edy\u0165 \u0161estadvacetilet\u00fd z\u00e1vodn\u00edk je profesion\u00e1lem pouh\u00e9 dva roky. A jen proto, \u017ee vyhr\u00e1l mezin\u00e1rodn\u00ed sout\u011b\u017e Zwift Academy ve virtu\u00e1ln\u00edm prost\u0159ed\u00ed.<\/p>\n<h2><strong>K cest\u011b za snem pomohlo zru\u0161en\u00ed v\u011bkov\u00e9 hranice<\/strong><\/h2>\n<p>Psal se prosinec 2020. Sv\u011bt sv\u00edrala pandemie covid-19. Pod t\u00edhou restrikc\u00ed \u00fap\u011bla i cyklistika. Do pop\u0159ed\u00ed se dost\u00e1valy z\u00e1vody ve virtu\u00e1ln\u00edm prost\u0159ed\u00ed. Zwift vyhl\u00e1sil program, jeho\u017e v\u00edt\u011bz m\u011bl zaru\u010den\u00fd ro\u010dn\u00ed kontrakt v\u00a0t\u00fdmu Alpecin, tehdy je\u0161t\u011b prokontinent\u00e1ln\u00ed formaci.<\/p>\n<p>Jay Vine na kole jezdil od st\u0159edn\u00ed \u0161koly. Propracoval se region\u00e1ln\u00edmi z\u00e1vody, sb\u00edral zku\u0161enosti a t\u011b\u017ece balancoval \u010das mezi prac\u00ed a tr\u00e9ninkov\u00fdm programem. Vsadil v\u0161echno na jednu kartu. Tr\u00e9noval jako profesion\u00e1l v nad\u011bji, \u017ee si ho n\u011bkdo v\u0161imne, zat\u00edmco jej \u017eivila snoubenka Bre, sportovn\u00ed novin\u00e1\u0159ka.<\/p>\n<div class=\"shortcode-ys-post-pinup\"><article class=\"loop-simple post-20141 post type-post status-publish format-standard has-post-thumbnail hentry category-horska-cyklistika tag-anna-slancova tag-cyklistika tag-fourcross tag-horska-cyklistika tag-pad tag-poraneni-michy tag-rehabilitace tag-val-di-sole global-categories-cycling\" data-postid=\"20141\" role=\"article\" data-post-id=\"20141\" data-word-count=\"742\" data-headline-length=\"88\" data-category=\"Horsk\u00e1 cyklistika\" data-global-category=\"Cycling\" data-author=\"Jan Kr\u016fta\" data-published=\"2023-01-06T09:06:51+02:00\" data-published-day=\"Friday\">\n    <div class=\"entry-thumbnail article-thumbnail\" content=\"https:\/\/d2p6e6u75xmxt8.cloudfront.net\/13\/2023\/01\/anna-slancova-2-150x150.webp\"><a href=\"https:\/\/www.welovecycling.com\/cs\/2023\/01\/06\/anna-slancova-je-po-tezkem-padu-na-voziku-verim-ze-zase-budu-chodit-i-jezdit\/\" class=\"image-holder\" target=\"_self\"><img decoding=\"async\" loading=\"lazy\" class=\"\" src=\"https:\/\/d2p6e6u75xmxt8.cloudfront.net\/13\/2023\/01\/anna-slancova-2.webp\" srcset=\"https:\/\/d2p6e6u75xmxt8.cloudfront.net\/13\/2023\/01\/anna-slancova-2.webp 800w, https:\/\/d2p6e6u75xmxt8.cloudfront.net\/13\/2023\/01\/anna-slancova-2-300x200.webp 300w, https:\/\/d2p6e6u75xmxt8.cloudfront.net\/13\/2023\/01\/anna-slancova-2-768x513.webp 768w, https:\/\/d2p6e6u75xmxt8.cloudfront.net\/13\/2023\/01\/anna-slancova-2-272x182.webp 272w\" width=\"800\" height=\"534\" sizes=\"auto, (min-width: 1200px) 300px, (min-width: 768px) 25vw, 100vw\" alt=\"anna-slancova-je-po-tezkem-padu-na-voziku-verim-ze-zase-budu-chodit-i-jezdit\"\/><\/a><\/div>    <div class=\"entry-meta\">\n        <a class=\"label label-secondary post-category\" href=\"https:\/\/www.welovecycling.com\/cs\/category\/horska-cyklistika\/\" title=\"Horsk\u00e1 cyklistika\">Horsk\u00e1 cyklistika<\/a>\n    <\/div>\n    <div class=\"entry-details\">\n        <a href=\"https:\/\/www.welovecycling.com\/cs\/2023\/01\/06\/anna-slancova-je-po-tezkem-padu-na-voziku-verim-ze-zase-budu-chodit-i-jezdit\/\" class='entry-title-wrapper'>\n            <h3 class=\"entry-title\"><span>Anna Slancov\u00e1 je po t\u011b\u017ek\u00e9m p\u00e1du na voz\u00edku: V\u011b\u0159\u00edm, \u017ee zase budu chodit i jezdit<\/span><\/h3>\n        <\/a>\n    <\/div>\n    <\/article>\n<\/div>\n<p>Oslnil p\u00e1t\u00fdm m\u00edstem p\u0159i Herald Sun Tour. Jen\u017ee nem\u011bl zku\u0161enosti, aby z\u00edskal anga\u017em\u00e1 v Evrop\u011b. A ne\u017e je mohl z\u00edskat, p\u0159i\u0161el prakticky celosv\u011btov\u00fd lockdown.<\/p>\n<p>Jay Vine vsadil v\u0161echno na jedinou kartu v podob\u011b virtu\u00e1ln\u00ed s\u00e9rie Zwift Academy. M\u011bl \u0161t\u011bst\u00ed, \u017ee organiz\u00e1to\u0159i zru\u0161ili v\u011bkov\u00e9 omezen\u00ed v podob\u011b maxim\u00e1ln\u00ed hranice 23 let&#8230; \u201eNeuv\u011b\u0159iteln\u00e9. Nev\u00edm, co \u0159\u00edct. Jsem u vytr\u017een\u00ed. Kdy m\u016f\u017eu za\u010d\u00edt,\u201c zalykal se \u0161t\u011bst\u00edm po triumfu v bitv\u011b, do n\u00ed\u017e vstoupilo p\u0159es sto tis\u00edc cyklist\u016f.<\/p>\n<h2><strong>Dva triumfy za t\u0159i dny na Vuelt\u011b<\/strong><\/h2>\n<p>P\u0159est\u011bhoval se z Canberry, kde \u017eil s p\u0159\u00edtelkyn\u00ed Bre, do Girony v Katal\u00e1nsku, co\u017e je domov mnoha elitn\u00edch cyklist\u016f. T\u011b\u0161il se na vstup mezi elitu. A sou\u010dasn\u011b \u010delil velk\u00fdm pochybnostem. \u201eKdo nevyr\u016fstal v\u00a0pelotonu od d\u011btstv\u00ed, nem\u00e1 \u0161anci,\u201c sly\u0161el kolem sebe.<\/p>\n<p>Ale hned v prvn\u00edm roce uk\u00e1zal s\u00edlu. Na prahu sezony 2022 pak z\u00edskal titul mistra sv\u011bta ve virtu\u00e1ln\u00edm prost\u0159ed\u00ed. Obsadil stupn\u011b v\u00edt\u011bz\u016f v celkov\u00e9m po\u0159ad\u00ed p\u0159i t\u011b\u017ek\u00fdch etapov\u00fdch bitv\u00e1ch v Turecku a Norsku. Na\u010de\u017e oslnil p\u0159i Vuelt\u011b.<\/p>\n<figure id=\"attachment_18541\" aria-describedby=\"caption-attachment-18541\" style=\"width: 1920px\" class=\"wp-caption alignnone\"><a href=\"https:\/\/d2p6e6u75xmxt8.cloudfront.net\/13\/2022\/08\/Jay-Vine.webp\"><img loading=\"lazy\" decoding=\"async\" class=\"size-extra-large wp-image-18541\" src=\"https:\/\/d2p6e6u75xmxt8.cloudfront.net\/13\/2022\/08\/Jay-Vine-1920x1281.webp\" alt=\"Jay Vine\" width=\"1920\" height=\"1281\" srcset=\"https:\/\/d2p6e6u75xmxt8.cloudfront.net\/13\/2022\/08\/Jay-Vine-1920x1281.webp 1920w, https:\/\/d2p6e6u75xmxt8.cloudfront.net\/13\/2022\/08\/Jay-Vine-300x200.webp 300w, https:\/\/d2p6e6u75xmxt8.cloudfront.net\/13\/2022\/08\/Jay-Vine-1024x683.webp 1024w, https:\/\/d2p6e6u75xmxt8.cloudfront.net\/13\/2022\/08\/Jay-Vine-768x512.webp 768w, https:\/\/d2p6e6u75xmxt8.cloudfront.net\/13\/2022\/08\/Jay-Vine-1536x1025.webp 1536w, https:\/\/d2p6e6u75xmxt8.cloudfront.net\/13\/2022\/08\/Jay-Vine-272x182.webp 272w, https:\/\/d2p6e6u75xmxt8.cloudfront.net\/13\/2022\/08\/Jay-Vine.webp 2048w, https:\/\/d2p6e6u75xmxt8.cloudfront.net\/13\/2022\/08\/Jay-Vine-1920x1281.webp 1920w\" sizes=\"auto, (max-width: 1920px) 100vw, 1920px\" \/><\/a><figcaption id=\"caption-attachment-18541\" class=\"wp-caption-text\"><em>Jay Vine slav\u00ed triumf v etap\u011b \u0161pan\u011blsk\u00e9 Vuelty. Foto: A.S.O.<\/em><\/figcaption><\/figure>\n<p>Jay Vine se p\u0159i \u0161est\u00e9 etap\u011b Vuelty 2022 po des\u00edtk\u00e1ch kilometr\u016f v de\u0161ti vyno\u0159il z mlhy a v prvn\u00edm horsk\u00e9m dojezdu z\u00e1v\u011bre\u010dn\u00e9 Grand Tour sezony slavil nejv\u011bt\u0161\u00ed v\u00edt\u011bzstv\u00ed kari\u00e9ry. A za dva dny znovu. Zase v de\u0161tiv\u00e9 etap\u011b. Zase p\u0159i dojezdu na vrchol zahalen\u00fd v chuchvalc\u00edch mlhy. \u201eJe neuv\u011b\u0159iteln\u00e9 vyhr\u00e1t dv\u011b etapy na Grand Tour. Prvn\u00ed triumf mi dodal obrovskou porci sebev\u011bdom\u00ed. Bylo pro m\u011b mnohem snadn\u011bj\u0161\u00ed a samoz\u0159ejm\u011bj\u0161\u00ed jet s nejlep\u0161\u00edmi na \u010dele,\u201c vykl\u00e1dal Australan, kdy\u017e podruh\u00e9 porazil elitu World Tour. U\u017e nikdo si nedovolil pochybovat o jeho v\u00fdjime\u010dn\u00e9m talentu.<\/p>\n<p>A pak&#8230; Podepsal kontrakt do UAE Emirates! Jednoho z\u00a0nejbohat\u0161\u00edch t\u00fdm\u016f s\u00e9rie World Tour, kter\u00fd plat\u00ed Tadeji Poga\u010darovi z\u00e1kladn\u00ed plat \u0161est milion\u016f eur.<\/p>\n<p>\u201eJay s n\u00e1mi m\u011bl smlouvu do konce roku 2023, ale respektujeme jeho rozhodnut\u00ed o odchodu. Pokud si mysl\u00ed, \u017ee jako jezdec bude d\u011blat v\u011bt\u0161\u00ed pokroky v UAE, nechceme ho i p\u0159es pozdn\u00ed v\u011bk p\u0159\u00edchodu mezi profesion\u00e1ly brzdit,\u201c komentoval p\u0159esun t\u00fdm Alpecin Deuninck. \u201e\u010clenov\u00e9 na\u0161eho t\u00fdmu ob\u011btovali hodn\u011b energie, aby Jay Vine na\u0161el m\u00edsto v pelotonu po jeho p\u0159estupu mezi profesion\u00e1ly, kter\u00fd nebyl zrovna plynul\u00fd. Ka\u017edop\u00e1dn\u011b jeho kari\u00e9ra jen posiluje na\u0161e p\u0159esv\u011bd\u010den\u00ed pokra\u010dovat ve spolupr\u00e1ci se Zwift Academy,\u201c brblali z\u00e1stupci t\u00fdmu Alpecin.<\/p>\n<h2><strong>Jay Vine c\u00edl\u00ed na Giro<\/strong><\/h2>\n<p>Odchod vych\u00e1zej\u00edc\u00ed hv\u011bzdy se jim pranic nezamlouval. Ale s\u00edla pen\u011bz byla rozhoduj\u00edc\u00ed. I kdy\u017e&#8230; \u201eJsem nad\u0161en\u00fd, \u017ee jsem sou\u010d\u00e1st\u00ed t\u00fdmu UAE Emirates. Jakmile jsem tu nab\u00eddku dostal, p\u0159estup byl logick\u00fd. Maj\u00ed skv\u011blou sestavu jezdc\u016f s obrovsk\u00fdmi zku\u0161enostmi a ambicemi na celkov\u00e9 po\u0159ad\u00ed v nejv\u011bt\u0161\u00edch z\u00e1vodech,&#8220; argumentoval Jay Vine v\u00fdkonnostn\u00edm posunem.<\/p>\n<p>\u201eJsem fakt vd\u011b\u010dn\u00fd za p\u0159\u00edle\u017eitost, kterou mi Alpecin poskytl. Stejn\u011b jako Zwift Academy.\u00a0 Ale te\u010f jsem supermotivovan\u00fd pro sezonu s UAE. Chci posunou vlastn\u00ed ambice v celkov\u00e9m po\u0159ad\u00ed,\u201c prohl\u00e1sil odhodlan\u011b sedmadvacetilet\u00fd z\u00e1vodn\u00edk.<\/p>\n<div class=\"shortcode-ys-post-pinup\"><article class=\"loop-simple post-20184 post type-post status-publish format-standard has-post-thumbnail hentry category-rady-tipy tag-cyklistika tag-horska-cyklistika tag-kadence-slapani tag-silnicni-cyklistika tag-trenink tag-vojtech-hacecky tag-zdravi-a-trenink global-categories-cycling\" data-postid=\"20184\" role=\"article\" data-post-id=\"20184\" data-word-count=\"421\" data-headline-length=\"38\" data-category=\"Rady &amp; tipy\" data-global-category=\"Cycling\" data-author=\"We Love Cycling\" data-published=\"2023-01-10T10:22:48+02:00\" data-published-day=\"Tuesday\">\n    <div class=\"entry-thumbnail article-thumbnail\" content=\"https:\/\/d2p6e6u75xmxt8.cloudfront.net\/13\/2023\/01\/frekvence-slapani-michal-cerveny-2-150x150.webp\"><a href=\"https:\/\/www.welovecycling.com\/cs\/2023\/01\/10\/jaka-kadence-slapani-je-idealni\/\" class=\"image-holder\" target=\"_self\"><img decoding=\"async\" loading=\"lazy\" class=\"\" src=\"https:\/\/d2p6e6u75xmxt8.cloudfront.net\/13\/2023\/01\/frekvence-slapani-michal-cerveny-2-1024x682.webp\" srcset=\"https:\/\/d2p6e6u75xmxt8.cloudfront.net\/13\/2023\/01\/frekvence-slapani-michal-cerveny-2.webp 2000w, https:\/\/d2p6e6u75xmxt8.cloudfront.net\/13\/2023\/01\/frekvence-slapani-michal-cerveny-2-300x200.webp 300w, https:\/\/d2p6e6u75xmxt8.cloudfront.net\/13\/2023\/01\/frekvence-slapani-michal-cerveny-2-1024x682.webp 1024w, https:\/\/d2p6e6u75xmxt8.cloudfront.net\/13\/2023\/01\/frekvence-slapani-michal-cerveny-2-768x512.webp 768w, https:\/\/d2p6e6u75xmxt8.cloudfront.net\/13\/2023\/01\/frekvence-slapani-michal-cerveny-2-1536x1024.webp 1536w, https:\/\/d2p6e6u75xmxt8.cloudfront.net\/13\/2023\/01\/frekvence-slapani-michal-cerveny-2-1920x1280.webp 1920w, https:\/\/d2p6e6u75xmxt8.cloudfront.net\/13\/2023\/01\/frekvence-slapani-michal-cerveny-2-272x182.webp 272w, https:\/\/d2p6e6u75xmxt8.cloudfront.net\/13\/2023\/01\/frekvence-slapani-michal-cerveny-2-1920x1280.webp 1920w\" width=\"1024\" height=\"682\" sizes=\"auto, (min-width: 1200px) 300px, (min-width: 768px) 25vw, 100vw\" alt=\"jaka-kadence-slapani-je-idealni\"\/><\/a><\/div>    <div class=\"entry-meta\">\n        <a class=\"label label-secondary post-category\" href=\"https:\/\/www.welovecycling.com\/cs\/category\/rady-tipy\/\" title=\"Rady &amp; tipy\">Rady &amp; tipy<\/a>\n    <\/div>\n    <div class=\"entry-details\">\n        <a href=\"https:\/\/www.welovecycling.com\/cs\/2023\/01\/10\/jaka-kadence-slapani-je-idealni\/\" class='entry-title-wrapper'>\n            <h3 class=\"entry-title\"><span>Jak\u00e1 kadence \u0161lap\u00e1n\u00ed je ide\u00e1ln\u00ed?<\/span><\/h3>\n        <\/a>\n    <\/div>\n    <\/article>\n<\/div>\n<p>P\u0159i prvn\u00edm startu v\u00a0nov\u00e9m dresu nedojel do c\u00edle, kdy\u017e odstoupil z\u00a0boje o australsk\u00fd titul v\u00a0z\u00e1vod\u011b s\u00a0hromadn\u00fdm startem. Ale p\u0159i bitv\u011b proti chronometru v\u00a0Ballaratu na 37,5 kilometru oslnil. Ba p\u0159\u00edmo \u0161okoval. A\u010d zam\u011b\u0159en\u00edm vrcha\u0159, dok\u00e1zal porazit specialisty na \u010dasovku. Ve startovn\u00ed listin\u011b byli Luke Durbridge, \u010dty\u0159n\u00e1sobn\u00fd v\u00edt\u011bz australsk\u00e9ho \u0161ampion\u00e1tu v \u010dasovce, a \u010derstv\u00fd \u0161ampion ze silni\u010dn\u00edho z\u00e1vodu Lucas Plapp.<\/p>\n<p>\u201eByl to nejlep\u0161\u00ed zp\u016fsob, jak zapomenout na zklam\u00e1n\u00ed z hromadn\u00e9ho z\u00e1vodu. Je k nev\u00ed\u0159e, \u017ee jsem n\u011bco takov\u00e9ho dok\u00e1zal po posledn\u00edch dvou m\u011bs\u00edc\u00edch, kdy jsem tolik cestoval. Nem\u00e1m slov,\u201c zalykal se \u0161t\u011bst\u00edm Jay Vine, jeho\u017e jako vrchol \u00favodn\u00ed \u010d\u00e1sti sezony \u010dek\u00e1 Giro di Italia.<\/p>\n<p>Kde se cesta australsk\u00e9ho z\u00e1zraku zastav\u00ed?<\/p>\n","protected":false},"excerpt":{"rendered":"<p>Zlat\u00e1 pe\u010de\u0165 na v\u00fdjime\u010dnost! Kluk, jeho\u017e v\u00a0roce 2020 \u017eivila man\u017eelka, aby mohl tr\u00e9novat a sn\u00edt o profesion\u00e1ln\u00edm cyklistick\u00e9m anga\u017em\u00e1, \u017eije [&hellip;]<\/p>\n","protected":false},"author":138,"featured_media":20205,"comment_status":"open","ping_status":"open","sticky":false,"template":"","format":"standard","meta":{"footnotes":""},"categories":[10],"tags":[1337,1781,126,2548,9,1148,273,2799],"global-categories":[411],"class_list":["post-20204","post","type-post","status-publish","format-standard","has-post-thumbnail","hentry","category-silnicni-cyklistika","tag-alpecin-fenix","tag-casovka","tag-cyklistika","tag-jay-vine","tag-silnicni-cyklistika","tag-uae-emirates-team","tag-vuelta","tag-zwift-academy","global-categories-cycling"],"yoast_head":"<!-- This site is optimized with the Yoast SEO Premium plugin v25.3 (Yoast SEO v25.9) - https:\/\/yoast.com\/wordpress\/plugins\/seo\/ -->\n<title>Poh\u00e1dka nekon\u010d\u00ed! Jay Vine podepsal snov\u00fd kontrakt a oslnil v \u010dasovce | \u0160koda We Love Cycling - \u010cesk\u00e1 republika<\/title>\n<meta name=\"description\" content=\"Zlat\u00e1 pe\u010de\u0165 na v\u00fdjime\u010dnost! Jay Vine, kluk z trena\u017e\u00e9ru, podepsal kontrakt u UAE Emirates a stal se mistrem Austr\u00e1lie v\u00a0\u010dasovce!\" \/>\n<meta name=\"robots\" content=\"index, follow, max-snippet:-1, max-image-preview:large, max-video-preview:-1\" \/>\n<link rel=\"canonical\" href=\"https:\/\/www.welovecycling.com\/cs\/2023\/01\/11\/pohadka-nekonci-jay-vine-podepsal-snovy-kontrakt-a-oslnil-v-casovce\/\" \/>\n<meta property=\"og:locale\" content=\"cs_CZ\" \/>\n<meta property=\"og:type\" content=\"article\" \/>\n<meta property=\"og:title\" content=\"Poh\u00e1dka nekon\u010d\u00ed! Jay Vine podepsal snov\u00fd kontrakt a oslnil v \u010dasovce\" \/>\n<meta property=\"og:description\" content=\"Zlat\u00e1 pe\u010de\u0165 na v\u00fdjime\u010dnost! Jay Vine, kluk z trena\u017e\u00e9ru, podepsal kontrakt u UAE Emirates a stal se mistrem Austr\u00e1lie v\u00a0\u010dasovce!\" \/>\n<meta property=\"og:url\" content=\"https:\/\/www.welovecycling.com\/cs\/2023\/01\/11\/pohadka-nekonci-jay-vine-podepsal-snovy-kontrakt-a-oslnil-v-casovce\/\" \/>\n<meta property=\"og:site_name\" content=\"\u0160koda We Love Cycling - \u010cesk\u00e1 republika\" \/>\n<meta property=\"article:published_time\" content=\"2023-01-11T10:00:20+00:00\" \/>\n<meta property=\"og:image\" content=\"https:\/\/d2p6e6u75xmxt8.cloudfront.net\/13\/2023\/01\/jay-vine-profimedia-0719410132.webp\" \/>\n\t<meta property=\"og:image:width\" content=\"1800\" \/>\n\t<meta property=\"og:image:height\" content=\"1200\" \/>\n\t<meta property=\"og:image:type\" content=\"image\/webp\" \/>\n<meta name=\"author\" content=\"radekmalina\" \/>\n<meta name=\"twitter:card\" content=\"summary_large_image\" \/>\n<meta name=\"twitter:label1\" content=\"Written by\" \/>\n\t<meta name=\"twitter:data1\" content=\"We Love Cycling\" \/>\n\t<meta name=\"twitter:label2\" content=\"Est. reading time\" \/>\n\t<meta name=\"twitter:data2\" content=\"5\" \/>\n<script type=\"application\/ld+json\" class=\"yoast-schema-graph\">{\"@context\":\"https:\/\/schema.org\",\"@graph\":[{\"@type\":\"WebPage\",\"@id\":\"https:\/\/www.welovecycling.com\/cs\/2023\/01\/11\/pohadka-nekonci-jay-vine-podepsal-snovy-kontrakt-a-oslnil-v-casovce\/\",\"url\":\"https:\/\/www.welovecycling.com\/cs\/2023\/01\/11\/pohadka-nekonci-jay-vine-podepsal-snovy-kontrakt-a-oslnil-v-casovce\/\",\"name\":\"Poh\u00e1dka nekon\u010d\u00ed! Jay Vine podepsal snov\u00fd kontrakt a oslnil v \u010dasovce | \u0160koda We Love Cycling - \u010cesk\u00e1 republika\",\"isPartOf\":{\"@id\":\"https:\/\/www.welovecycling.com\/cs\/#website\"},\"primaryImageOfPage\":{\"@id\":\"https:\/\/www.welovecycling.com\/cs\/2023\/01\/11\/pohadka-nekonci-jay-vine-podepsal-snovy-kontrakt-a-oslnil-v-casovce\/#primaryimage\"},\"image\":{\"@id\":\"https:\/\/www.welovecycling.com\/cs\/2023\/01\/11\/pohadka-nekonci-jay-vine-podepsal-snovy-kontrakt-a-oslnil-v-casovce\/#primaryimage\"},\"thumbnailUrl\":\"https:\/\/d2p6e6u75xmxt8.cloudfront.net\/13\/2023\/01\/jay-vine-profimedia-0719410132.webp\",\"datePublished\":\"2023-01-11T10:00:20+00:00\",\"author\":{\"@id\":\"https:\/\/www.welovecycling.com\/cs\/#\/schema\/person\/d9eeb0a378f3a7e4a6d12d2b536b04b8\"},\"description\":\"Zlat\u00e1 pe\u010de\u0165 na v\u00fdjime\u010dnost! Jay Vine, kluk z trena\u017e\u00e9ru, podepsal kontrakt u UAE Emirates a stal se mistrem Austr\u00e1lie v\u00a0\u010dasovce!\",\"inLanguage\":\"cs\",\"potentialAction\":[{\"@type\":\"ReadAction\",\"target\":[\"https:\/\/www.welovecycling.com\/cs\/2023\/01\/11\/pohadka-nekonci-jay-vine-podepsal-snovy-kontrakt-a-oslnil-v-casovce\/\"]}]},{\"@type\":\"ImageObject\",\"inLanguage\":\"cs\",\"@id\":\"https:\/\/www.welovecycling.com\/cs\/2023\/01\/11\/pohadka-nekonci-jay-vine-podepsal-snovy-kontrakt-a-oslnil-v-casovce\/#primaryimage\",\"url\":\"https:\/\/d2p6e6u75xmxt8.cloudfront.net\/13\/2023\/01\/jay-vine-profimedia-0719410132.webp\",\"contentUrl\":\"https:\/\/d2p6e6u75xmxt8.cloudfront.net\/13\/2023\/01\/jay-vine-profimedia-0719410132.webp\",\"width\":1800,\"height\":1200,\"caption\":\"Jay Vine\"},{\"@type\":\"WebSite\",\"@id\":\"https:\/\/www.welovecycling.com\/cs\/#website\",\"url\":\"https:\/\/www.welovecycling.com\/cs\/\",\"name\":\"\u0160koda We Love Cycling - \u010cesk\u00e1 republika\",\"description\":\"WeLoveCycling.cz je online magaz\u00edn, kter\u00fd v\u00e1m pravideln\u011b p\u0159in\u00e1\u0161\u00ed rady a tipy, zaj\u00edmav\u00e9 \u010dl\u00e1nky, videa a jedine\u010dn\u00e9 report\u00e1\u017ee ze sv\u011bta cyklistiky.\",\"potentialAction\":[{\"@type\":\"SearchAction\",\"target\":{\"@type\":\"EntryPoint\",\"urlTemplate\":\"https:\/\/www.welovecycling.com\/cs\/?s={search_term_string}\"},\"query-input\":{\"@type\":\"PropertyValueSpecification\",\"valueRequired\":true,\"valueName\":\"search_term_string\"}}],\"inLanguage\":\"cs\"},{\"@type\":\"Person\",\"@id\":\"https:\/\/www.welovecycling.com\/cs\/#\/schema\/person\/d9eeb0a378f3a7e4a6d12d2b536b04b8\",\"name\":\"radekmalina\",\"image\":{\"@type\":\"ImageObject\",\"inLanguage\":\"cs\",\"@id\":\"https:\/\/www.welovecycling.com\/cs\/#\/schema\/person\/image\/\",\"url\":\"https:\/\/secure.gravatar.com\/avatar\/66994b632cb8c39a46b9f54afa3ae07201b678d32a54275b6f1c9ffec356bfc0?s=96&d=mm&r=g\",\"contentUrl\":\"https:\/\/secure.gravatar.com\/avatar\/66994b632cb8c39a46b9f54afa3ae07201b678d32a54275b6f1c9ffec356bfc0?s=96&d=mm&r=g\",\"caption\":\"radekmalina\"},\"url\":\"https:\/\/www.welovecycling.com\/cs\/author\/radekmalina\/\"}]}<\/script>\n<!-- \/ Yoast SEO Premium plugin. -->","yoast_head_json":{"title":"Poh\u00e1dka nekon\u010d\u00ed! Jay Vine podepsal snov\u00fd kontrakt a oslnil v \u010dasovce | \u0160koda We Love Cycling - \u010cesk\u00e1 republika","description":"Zlat\u00e1 pe\u010de\u0165 na v\u00fdjime\u010dnost! Jay Vine, kluk z trena\u017e\u00e9ru, podepsal kontrakt u UAE Emirates a stal se mistrem Austr\u00e1lie v\u00a0\u010dasovce!","robots":{"index":"index","follow":"follow","max-snippet":"max-snippet:-1","max-image-preview":"max-image-preview:large","max-video-preview":"max-video-preview:-1"},"canonical":"https:\/\/www.welovecycling.com\/cs\/2023\/01\/11\/pohadka-nekonci-jay-vine-podepsal-snovy-kontrakt-a-oslnil-v-casovce\/","og_locale":"cs_CZ","og_type":"article","og_title":"Poh\u00e1dka nekon\u010d\u00ed! Jay Vine podepsal snov\u00fd kontrakt a oslnil v \u010dasovce","og_description":"Zlat\u00e1 pe\u010de\u0165 na v\u00fdjime\u010dnost! Jay Vine, kluk z trena\u017e\u00e9ru, podepsal kontrakt u UAE Emirates a stal se mistrem Austr\u00e1lie v\u00a0\u010dasovce!","og_url":"https:\/\/www.welovecycling.com\/cs\/2023\/01\/11\/pohadka-nekonci-jay-vine-podepsal-snovy-kontrakt-a-oslnil-v-casovce\/","og_site_name":"\u0160koda We Love Cycling - \u010cesk\u00e1 republika","article_published_time":"2023-01-11T10:00:20+00:00","og_image":[{"width":1800,"height":1200,"url":"https:\/\/d2p6e6u75xmxt8.cloudfront.net\/13\/2023\/01\/jay-vine-profimedia-0719410132.webp","type":"image\/webp"}],"author":"radekmalina","twitter_card":"summary_large_image","twitter_misc":{"Written by":"We Love Cycling","Est. reading time":"5"},"schema":{"@context":"https:\/\/schema.org","@graph":[{"@type":"WebPage","@id":"https:\/\/www.welovecycling.com\/cs\/2023\/01\/11\/pohadka-nekonci-jay-vine-podepsal-snovy-kontrakt-a-oslnil-v-casovce\/","url":"https:\/\/www.welovecycling.com\/cs\/2023\/01\/11\/pohadka-nekonci-jay-vine-podepsal-snovy-kontrakt-a-oslnil-v-casovce\/","name":"Poh\u00e1dka nekon\u010d\u00ed! Jay Vine podepsal snov\u00fd kontrakt a oslnil v \u010dasovce | \u0160koda We Love Cycling - \u010cesk\u00e1 republika","isPartOf":{"@id":"https:\/\/www.welovecycling.com\/cs\/#website"},"primaryImageOfPage":{"@id":"https:\/\/www.welovecycling.com\/cs\/2023\/01\/11\/pohadka-nekonci-jay-vine-podepsal-snovy-kontrakt-a-oslnil-v-casovce\/#primaryimage"},"image":{"@id":"https:\/\/www.welovecycling.com\/cs\/2023\/01\/11\/pohadka-nekonci-jay-vine-podepsal-snovy-kontrakt-a-oslnil-v-casovce\/#primaryimage"},"thumbnailUrl":"https:\/\/d2p6e6u75xmxt8.cloudfront.net\/13\/2023\/01\/jay-vine-profimedia-0719410132.webp","datePublished":"2023-01-11T10:00:20+00:00","author":{"@id":"https:\/\/www.welovecycling.com\/cs\/#\/schema\/person\/d9eeb0a378f3a7e4a6d12d2b536b04b8"},"description":"Zlat\u00e1 pe\u010de\u0165 na v\u00fdjime\u010dnost! Jay Vine, kluk z trena\u017e\u00e9ru, podepsal kontrakt u UAE Emirates a stal se mistrem Austr\u00e1lie v\u00a0\u010dasovce!","inLanguage":"cs","potentialAction":[{"@type":"ReadAction","target":["https:\/\/www.welovecycling.com\/cs\/2023\/01\/11\/pohadka-nekonci-jay-vine-podepsal-snovy-kontrakt-a-oslnil-v-casovce\/"]}]},{"@type":"ImageObject","inLanguage":"cs","@id":"https:\/\/www.welovecycling.com\/cs\/2023\/01\/11\/pohadka-nekonci-jay-vine-podepsal-snovy-kontrakt-a-oslnil-v-casovce\/#primaryimage","url":"https:\/\/d2p6e6u75xmxt8.cloudfront.net\/13\/2023\/01\/jay-vine-profimedia-0719410132.webp","contentUrl":"https:\/\/d2p6e6u75xmxt8.cloudfront.net\/13\/2023\/01\/jay-vine-profimedia-0719410132.webp","width":1800,"height":1200,"caption":"Jay Vine"},{"@type":"WebSite","@id":"https:\/\/www.welovecycling.com\/cs\/#website","url":"https:\/\/www.welovecycling.com\/cs\/","name":"\u0160koda We Love Cycling - \u010cesk\u00e1 republika","description":"WeLoveCycling.cz je online magaz\u00edn, kter\u00fd v\u00e1m pravideln\u011b p\u0159in\u00e1\u0161\u00ed rady a tipy, zaj\u00edmav\u00e9 \u010dl\u00e1nky, videa a jedine\u010dn\u00e9 report\u00e1\u017ee ze sv\u011bta cyklistiky.","potentialAction":[{"@type":"SearchAction","target":{"@type":"EntryPoint","urlTemplate":"https:\/\/www.welovecycling.com\/cs\/?s={search_term_string}"},"query-input":{"@type":"PropertyValueSpecification","valueRequired":true,"valueName":"search_term_string"}}],"inLanguage":"cs"},{"@type":"Person","@id":"https:\/\/www.welovecycling.com\/cs\/#\/schema\/person\/d9eeb0a378f3a7e4a6d12d2b536b04b8","name":"radekmalina","image":{"@type":"ImageObject","inLanguage":"cs","@id":"https:\/\/www.welovecycling.com\/cs\/#\/schema\/person\/image\/","url":"https:\/\/secure.gravatar.com\/avatar\/66994b632cb8c39a46b9f54afa3ae07201b678d32a54275b6f1c9ffec356bfc0?s=96&d=mm&r=g","contentUrl":"https:\/\/secure.gravatar.com\/avatar\/66994b632cb8c39a46b9f54afa3ae07201b678d32a54275b6f1c9ffec356bfc0?s=96&d=mm&r=g","caption":"radekmalina"},"url":"https:\/\/www.welovecycling.com\/cs\/author\/radekmalina\/"}]}},"_links":{"self":[{"href":"https:\/\/www.welovecycling.com\/cs\/wp-json\/wp\/v2\/posts\/20204","targetHints":{"allow":["GET"]}}],"collection":[{"href":"https:\/\/www.welovecycling.com\/cs\/wp-json\/wp\/v2\/posts"}],"about":[{"href":"https:\/\/www.welovecycling.com\/cs\/wp-json\/wp\/v2\/types\/post"}],"author":[{"embeddable":true,"href":"https:\/\/www.welovecycling.com\/cs\/wp-json\/wp\/v2\/users\/138"}],"replies":[{"embeddable":true,"href":"https:\/\/www.welovecycling.com\/cs\/wp-json\/wp\/v2\/comments?post=20204"}],"version-history":[{"count":1,"href":"https:\/\/www.welovecycling.com\/cs\/wp-json\/wp\/v2\/posts\/20204\/revisions"}],"predecessor-version":[{"id":20206,"href":"https:\/\/www.welovecycling.com\/cs\/wp-json\/wp\/v2\/posts\/20204\/revisions\/20206"}],"wp:featuredmedia":[{"embeddable":true,"href":"https:\/\/www.welovecycling.com\/cs\/wp-json\/wp\/v2\/media\/20205"}],"wp:attachment":[{"href":"https:\/\/www.welovecycling.com\/cs\/wp-json\/wp\/v2\/media?parent=20204"}],"wp:term":[{"taxonomy":"category","embeddable":true,"href":"https:\/\/www.welovecycling.com\/cs\/wp-json\/wp\/v2\/categories?post=20204"},{"taxonomy":"post_tag","embeddable":true,"href":"https:\/\/www.welovecycling.com\/cs\/wp-json\/wp\/v2\/tags?post=20204"},{"taxonomy":"global-categories","embeddable":true,"href":"https:\/\/www.welovecycling.com\/cs\/wp-json\/wp\/v2\/global-categories?post=20204"}],"curies":[{"name":"wp","href":"https:\/\/api.w.org\/{rel}","templated":true}]}}