{"id":20141,"date":"2023-01-06T09:06:51","date_gmt":"2023-01-06T07:06:51","guid":{"rendered":"https:\/\/www.welovecycling.com\/cs\/?p=20141"},"modified":"2023-07-24T17:37:23","modified_gmt":"2023-07-24T15:37:23","slug":"anna-slancova-je-po-tezkem-padu-na-voziku-verim-ze-zase-budu-chodit-i-jezdit","status":"publish","type":"post","link":"https:\/\/www.welovecycling.com\/cs\/2023\/01\/06\/anna-slancova-je-po-tezkem-padu-na-voziku-verim-ze-zase-budu-chodit-i-jezdit\/","title":{"rendered":"Anna Slancov\u00e1 je po t\u011b\u017ek\u00e9m p\u00e1du na voz\u00edku: V\u011b\u0159\u00edm, \u017ee zase budu chodit i jezdit"},"content":{"rendered":"<p><strong>\u017divot se j\u00ed zm\u011bnil ze dne na den. P\u0159i z\u00e1vod\u011b sv\u011btov\u00e9 fourcrossov\u00e9 s\u00e9rie v italsk\u00e9m Val di Sole m\u011bla Anna Slancov\u00e1 minul\u00fd rok 2. z\u00e1\u0159\u00ed t\u011b\u017ek\u00fd p\u00e1d, z n\u011bho\u017e bohu\u017eel neode\u0161la po sv\u00fdch. Nec\u00edtila nohy a okam\u017eit\u011b ji vrtuln\u00edk dopravil do nemocnice v Trentu.\u00a0Od t\u00e9 doby 22let\u00e1 cyklistka z\u00a0Liberce nechod\u00ed. Je upout\u00e1na na invalidn\u00ed voz\u00edk, ale bojuje! <\/strong><\/p>\n<p>Moment\u00e1ln\u011b podstupuje dlouhodob\u00fd rehabilita\u010dn\u00ed proces v \u00fastavu v Kladrubech a optimismus ji rozhodn\u011b neopou\u0161t\u00ed. \u201eDokto\u0159i mi \u0159ekli, \u017ee u\u017e asi chodit nebudu, ale j\u00e1 se nevzd\u00e1v\u00e1m. Hlavu m\u00e1m nastavenou tak, \u017ee zase budu chodit a z\u00e1vodit na kole,\u201c p\u0159izn\u00e1v\u00e1 Anna Slancov\u00e1.<\/p>\n<p>Sv\u016fj p\u0159\u00edb\u011bh kr\u00e1tce popisuje ve videu<strong>, <\/strong>kter\u00e9 zrealizovali jej\u00ed kamar\u00e1di v\u010detn\u011b fourcrossov\u00e9 legendy Tom\u00e1\u0161e Slav\u00edka. \u0160irok\u00e1 bikov\u00e1 komunita, a nejen ona, se sna\u017e\u00ed mlad\u00e9 z\u00e1vodnici pomoci prost\u0159ednictv\u00edm <a href=\"https:\/\/www.donio.cz\/novy-zivot-pro-anicku\">sb\u00edrky<\/a>, kde m\u016f\u017ee p\u0159isp\u011bt \u00fapln\u011b ka\u017ed\u00fd podle uv\u00e1\u017een\u00ed. Pro We Love Cycling Anna Slancov\u00e1 popisuje samotnou nehodu, pr\u016fb\u011bh rehabilitace i ob\u0159\u00ed podporu, kter\u00e9 se j\u00ed dost\u00e1v\u00e1. \u201eMoc si toho v\u00e1\u017e\u00edm. V\u0161echny vzkazy mi dod\u00e1vaj\u00ed energii,\u201c p\u0159izn\u00e1v\u00e1.<\/p>\n<h2><strong>Ani\u010dko prozrad\u00edte va\u0161i aktu\u00e1ln\u00ed situaci po necel\u00fdch \u010dty\u0159ech m\u011bs\u00edc\u00edch od p\u00e1du?<\/strong><\/h2>\n<p>Jsem v Kladrubech a rehabilituji tady. U\u017e m\u011bs\u00edc a p\u016fl. Budu tady celkem t\u0159i a\u017e p\u011bt m\u011bs\u00edc\u016f. Mak\u00e1m na sob\u011b ka\u017ed\u00fd den, ale te\u010f jsem se dostala do bodu, kdy se moc neposouv\u00e1m, aspo\u0148 se mi to tak zd\u00e1. P\u0159ijde mi, \u017ee jsou v\u0161ichni o n\u011bco nap\u0159ed ne\u017e j\u00e1, ale t\u0159eba je to jen m\u016fj pocit.<\/p>\n<h2><strong>P\u0159ibl\u00ed\u017e\u00edte v\u00e1\u0161 b\u011b\u017en\u00fd den v Kladrubech?<\/strong><\/h2>\n<p>R\u00e1no m\u00e1m terapie, klidn\u011b i t\u0159i. Cvi\u010den\u00ed s fyzioterapeutem, pak takov\u00e9 robotick\u00e9 metody s r\u016fzn\u00fdmi p\u0159\u00edstroji, a je\u0161t\u011b t\u0159eba cvi\u010den\u00ed ve skupin\u011b, kde je n\u00e1s p\u011bt. Cvi\u010d\u00edme na \u017e\u00edn\u011bnk\u00e1ch, s gumou, overbally, abychom zpevnili vr\u0161ek t\u011bla. Pak je ob\u011bd, pauza, ale j\u00e1 si p\u0159id\u00e1v\u00e1m na takov\u00e9m trena\u017eeru. Odpoledne dal\u0161\u00ed cvi\u010den\u00ed, je\u0161t\u011b si d\u00e1m hodinu ve fitku. Rozhodn\u011b se nenud\u00edm. Do p\u016fl \u010dtvrt\u00e9 po\u0159\u00e1d n\u011bkde l\u00edt\u00e1m a c\u00edt\u00edm se dob\u0159e, kdy\u017e se po\u0159\u00e1d h\u00fdbu. Pak v\u011bt\u0161inou padnu \u00fanavou do postele a jsem tam a\u017e do \u0161esti. Ve\u010der m\u00e1me t\u0159eba kino, \u010dlov\u011bk se l\u00edp zabav\u00ed. I d\u00edky tomu, \u017ee je v komunit\u011b lid\u00ed, kte\u0159\u00ed jsou na tom podobn\u011b. Na\u0161la jsem si zde kamar\u00e1dy, m\u00e1me skv\u011blou skupinu.<\/p>\n<h2><strong>Jak moc je t\u011b\u017ek\u00e9 se srovnat s\u00a0t\u00edm, kdy\u017e se v\u00e1m ze dne na den dost z\u00e1sadn\u011b zm\u011bn\u00ed \u017eivot?<\/strong><\/h2>\n<p>Stra\u0161n\u011b\u2026 J\u00e1 m\u011bla v\u00fdhodu, \u017ee kdy\u017e jsem le\u017eela v nemocnici, ka\u017ed\u00fd den za mnou n\u011bkdo chodil a nem\u011bla jsem tolik \u010dasu, abych nad v\u0161\u00edm p\u0159em\u00fd\u0161lela a zam\u011bstn\u00e1vala negativn\u00edmi my\u0161lenkami hlavu. Kdy\u017e mi dokto\u0159i poprv\u00e9 \u0159ekli, \u017ee asi nebudu chodit, byla kolem m\u011b rodina. Plakali jsme, ale hned jsme \u0159ekli, \u017ee to nen\u00ed kone\u010dn\u00e1.<\/p>\n<figure id=\"attachment_20149\" aria-describedby=\"caption-attachment-20149\" style=\"width: 1010px\" class=\"wp-caption alignnone\"><a href=\"https:\/\/d2p6e6u75xmxt8.cloudfront.net\/13\/2023\/01\/anna-slancova-vyrez.webp\"><img loading=\"lazy\" decoding=\"async\" class=\"size-full wp-image-20149\" src=\"https:\/\/d2p6e6u75xmxt8.cloudfront.net\/13\/2023\/01\/anna-slancova-vyrez.webp\" alt=\"Anna Slancov\u00e1\" width=\"1010\" height=\"721\" srcset=\"https:\/\/d2p6e6u75xmxt8.cloudfront.net\/13\/2023\/01\/anna-slancova-vyrez.webp 1010w, https:\/\/d2p6e6u75xmxt8.cloudfront.net\/13\/2023\/01\/anna-slancova-vyrez-300x214.webp 300w, https:\/\/d2p6e6u75xmxt8.cloudfront.net\/13\/2023\/01\/anna-slancova-vyrez-768x548.webp 768w\" sizes=\"auto, (max-width: 1010px) 100vw, 1010px\" \/><\/a><figcaption id=\"caption-attachment-20149\" class=\"wp-caption-text\"><em>Anna Slancov\u00e1 b\u011bhem pobytu v nemocnici Motol.<\/em><\/figcaption><\/figure>\n<h2><strong>Pod\u011bl\u00edte se o l\u00e9ka\u0159sk\u00e9 progn\u00f3zy?<\/strong><\/h2>\n<p>M\u00e1m kompletn\u00ed m\u00ed\u0161n\u00ed l\u00e9zi a dokto\u0159i to moc dob\u0159e nevid\u00ed. Ale j\u00e1 \u0159\u00edk\u00e1m, \u017ee ka\u017ed\u00fd \u010dlov\u011bk je origin\u00e1l a jde o to, jak si v\u0161e nastav\u00ed v hlav\u011b. Potkala jsem kluka, jemu\u017e \u0159ekli, \u017ee u\u017e nikdy nebude chodit ani vid\u011bt. A on st\u00e1l p\u0159ede mnou na sv\u00fdch nohou a d\u00edval se mi do o\u010d\u00ed. V\u017edycky je \u0161ance a j\u00e1 se toho dr\u017e\u00edm. I kdyby byla minim\u00e1ln\u00ed, budu bojovat. Nevzd\u00e1m se.<\/p>\n<h2><strong>Je Anna Slancov\u00e1 velk\u00e1 bojovnice?<\/strong><\/h2>\n<p>Po tom, co se mi stalo, m\u016f\u017eu b\u00fdt r\u00e1da, \u017ee mi funguj\u00ed ruce a m\u016f\u017eu se n\u011bjak h\u00fdbat. Nec\u00edt\u00edm se tak \u0161patn\u011b a jsem r\u00e1da za to, co m\u00e1m. Kdy\u017e jsem po p\u00e1du le\u017eela v It\u00e1lii v nemocnici s prop\u00edchnutou pl\u00edc\u00ed na p\u0159\u00edstroj\u00edch a byla jsem r\u00e1da, \u017ee d\u00fdch\u00e1m, byla situace daleko hor\u0161\u00ed. Jedna operace prob\u011bhla hned v It\u00e1lii, dal\u0161\u00ed dv\u011b v Motole. Po\u0159\u00e1d do m\u011b \u0159ezali. Probud\u00edte se na jednotce intenzivn\u00ed p\u00e9\u010de, v\u0161echno v\u00e1s stra\u0161n\u011b bol\u00ed. Kdy\u017e si t\u00edmhle projdete, a pak sed\u00edte v klidu na voz\u00edku, \u0159\u00edk\u00e1te si, \u017ee jste na tom je\u0161t\u011b dob\u0159e. M\u011bla jsem rozdrcen\u00e9 kosti v oblasti m\u00edchy. Doktor z Red Bull centra v Rakousku mi \u0159\u00edkal, \u017ee kdyby se m\u00edcha hnula o milimetr jinak, nemusela jsem tady u\u017e b\u00fdt. Tak\u017ee mus\u00edm b\u00fdt vd\u011b\u010dn\u00e1 za to, \u017ee \u017eiju.<\/p>\n<div class=\"shortcode-ys-post-pinup\"><article class=\"loop-simple post-18837 post type-post status-publish format-video has-post-thumbnail hentry category-podcasty tag-cyklistika tag-gazprom-rusvelo tag-mathias-vacek tag-podcast tag-silnicni-cyklistika tag-trek-segafredo tag-trenink post_format-post-format-video global-categories-cycling\" data-postid=\"18837\" role=\"article\" data-post-id=\"18837\" data-word-count=\"270\" data-headline-length=\"99\" data-category=\"Podcasty\" data-global-category=\"Cycling\" data-author=\"We Love Cycling\" data-published=\"2022-09-25T02:00:53+02:00\" data-published-day=\"Sunday\">\n    <div class=\"entry-thumbnail article-thumbnail video-thumbnail\" content=\"https:\/\/d2p6e6u75xmxt8.cloudfront.net\/13\/2022\/09\/wlc-podcast-vacek-150x150.webp\"><svg class=\"play font-icon\"><use href=\"#play_round\" xlink:href=\"#play_round\"><\/use><\/svg><a href=\"https:\/\/www.welovecycling.com\/cs\/2022\/09\/25\/wlc-podcast-mathias-vacek-kdyz-me-mama-vozila-na-voziku-byl-jsem-psychicky-zlomeny\/\" class=\"image-holder\" target=\"_self\"><img decoding=\"async\" loading=\"lazy\" class=\"\" src=\"https:\/\/d2p6e6u75xmxt8.cloudfront.net\/13\/2022\/09\/wlc-podcast-vacek-1024x576.webp\" srcset=\"https:\/\/d2p6e6u75xmxt8.cloudfront.net\/13\/2022\/09\/wlc-podcast-vacek.webp 1920w, https:\/\/d2p6e6u75xmxt8.cloudfront.net\/13\/2022\/09\/wlc-podcast-vacek-300x169.webp 300w, https:\/\/d2p6e6u75xmxt8.cloudfront.net\/13\/2022\/09\/wlc-podcast-vacek-1024x576.webp 1024w, https:\/\/d2p6e6u75xmxt8.cloudfront.net\/13\/2022\/09\/wlc-podcast-vacek-768x432.webp 768w, https:\/\/d2p6e6u75xmxt8.cloudfront.net\/13\/2022\/09\/wlc-podcast-vacek-1536x864.webp 1536w\" width=\"1024\" height=\"576\" sizes=\"auto, (min-width: 1200px) 356px, (min-width: 768px) 30vw, 100vw\" alt=\"wlc-podcast-mathias-vacek-kdyz-me-mama-vozila-na-voziku-byl-jsem-psychicky-zlomeny\"\/><\/a><\/div>    <div class=\"entry-meta\">\n        <a class=\"label label-secondary post-category\" href=\"https:\/\/www.welovecycling.com\/cs\/category\/podcasty\/\" title=\"Podcasty\">Podcasty<\/a>\n    <\/div>\n    <div class=\"entry-details\">\n        <a href=\"https:\/\/www.welovecycling.com\/cs\/2022\/09\/25\/wlc-podcast-mathias-vacek-kdyz-me-mama-vozila-na-voziku-byl-jsem-psychicky-zlomeny\/\" class='entry-title-wrapper'>\n            <h3 class=\"entry-title\"><span>Mathias Vacek &#8211; podcast WLC: Kdy\u017e m\u011b m\u00e1ma tla\u010dila na voz\u00edku, byl jsem psychicky zlomen\u00fd<\/span><\/h3>\n        <\/a>\n    <\/div>\n    <\/article>\n<\/div>\n<h2><strong>Vybav\u00edte si n\u011bco z p\u00e1du ve Val di Sole nebo jste byla v bezv\u011bdom\u00ed?<\/strong><\/h2>\n<p>\u017d\u00e1dn\u00fd v\u00fdpadek pam\u011bti jsem nem\u011bla. Uspali m\u011b, a\u017e kdy\u017e m\u011b p\u0159ev\u00e1\u017eeli vrtuln\u00edkem do nemocnice v Trentu. Byly tam dva skoky za sebou. M\u011bla jsem to celkem nask\u00e1kan\u00e9 z tr\u00e9ninku, ale ten prvn\u00ed jsem p\u0159elet\u011bla, lekla se druh\u00e9ho a s\u00e1hla na brzdy. Dnes v\u00edm, \u017ee kdybych to neud\u011blala, mo\u017en\u00e1 jsem si zlomila kotn\u00edk, a to bylo v\u0161echno. Asi jsem situaci vyhodnotila blb\u011b. Ale na tu reakci m\u00e1 \u010dlov\u011bk setinu vte\u0159iny. \u0158\u00edk\u00e1 se, \u017ee kdy\u017e p\u0159esko\u010d\u00edte nebo nedolet\u00edte skok, m\u00e1te vyjet na stranu a nepokra\u010dovat. Jen\u017ee tady nebylo kam. Nic si nevy\u010d\u00edt\u00e1m. N\u011bco jsem ud\u011blala a takhle to dopadlo. Hned po p\u00e1du m\u011b za\u010daly brn\u011bt nohy. A pak jsem je p\u0159estala c\u00edtit. Byla jsem stra\u0161n\u011b vyd\u011b\u0161en\u00e1, nejv\u00edc v \u017eivot\u011b.<\/p>\n<h2><strong>Kdo v\u00e1m te\u010f nejv\u00edc pom\u00e1h\u00e1?<\/strong><\/h2>\n<p>Ta\u0165ka s mamkou za mnou jezd\u00ed skoro po\u0159\u00e1d. P\u0159\u00edtel. Kamar\u00e1di. Na V\u00e1noce jsem dostala propustku dom\u016f, tak jsem mohla b\u00fdt se sv\u00fdmi nejbli\u017e\u0161\u00edmi. To bylo moc hezk\u00e9.<\/p>\n<h2><strong>Va\u0161i p\u0159\u00e1tel\u00e9 z bikov\u00e9 komunity zorganizovali sb\u00edrku a po\u017eadovan\u00e9 dva mili\u00f3ny korun na va\u0161i podporu u\u017e se skoro vybraly.<\/strong><\/h2>\n<p>Je to neuv\u011b\u0159iteln\u00e9 a v\u0161em ze srdce d\u011bkuju. M\u016fj <a href=\"https:\/\/www.youtube.com\/watch?v=7DCR-am7Bxk&amp;t=62s\">p\u0159\u00edb\u011bh<\/a> zas\u00e1hl nejen lidi z bikov\u00e9 komunity, ale i ostatn\u00ed. Moc si podpory v\u00e1\u017e\u00edm. D\u00edv\u00e1m se na ten web, a v\u00edc, ne\u017e v\u00fd\u0161e \u010d\u00e1stky m\u011b zaj\u00edmaj\u00ed vzkazy lid\u00ed. Jsou kr\u00e1sn\u00e9 a dod\u00e1vaj\u00ed mi s\u00edlu i energii.<\/p>\n<figure id=\"attachment_20148\" aria-describedby=\"caption-attachment-20148\" style=\"width: 722px\" class=\"wp-caption alignnone\"><a href=\"https:\/\/d2p6e6u75xmxt8.cloudfront.net\/13\/2023\/01\/anna-slancova-vyrez-2.webp\"><img loading=\"lazy\" decoding=\"async\" class=\"size-full wp-image-20148\" src=\"https:\/\/d2p6e6u75xmxt8.cloudfront.net\/13\/2023\/01\/anna-slancova-vyrez-2.webp\" alt=\"Anna Slancov\u00e1\" width=\"722\" height=\"495\" srcset=\"https:\/\/d2p6e6u75xmxt8.cloudfront.net\/13\/2023\/01\/anna-slancova-vyrez-2.webp 722w, https:\/\/d2p6e6u75xmxt8.cloudfront.net\/13\/2023\/01\/anna-slancova-vyrez-2-300x206.webp 300w\" sizes=\"auto, (max-width: 722px) 100vw, 722px\" \/><\/a><figcaption id=\"caption-attachment-20148\" class=\"wp-caption-text\"><em>Anna Slancov\u00e1 pod c\u00edlovou br\u00e1nou osudn\u00e9ho z\u00e1vodu ve Val di Sole. Foto: archiv Anny Slancov\u00e9 (3x)<\/em><\/figcaption><\/figure>\n<h2><strong>Co v\u0161echno za pen\u00edze pot\u0159ebujete po\u0159\u00eddit?<\/strong><\/h2>\n<p>Mus\u00edm vy\u0159e\u0161it bydlen\u00ed. M\u00e1me byt ve t\u0159et\u00edm pat\u0159e bez v\u00fdtahu. P\u0159\u00edtel m\u011b tam nosil v n\u00e1ru\u010d\u00ed. Jinak nem\u00e1m \u0161anci. Hled\u00e1m bydlen\u00ed, kde bych mohla n\u011bjak fungovat i bez n\u011bj. To znamen\u00e1 bezbari\u00e9rov\u00fd byt. Taky bych pot\u0159ebovala lep\u0161\u00ed voz\u00edk. Dnes u\u017e se d\u011blaj\u00ed i na m\u00edru, poji\u0161\u0165ovna n\u011bco p\u0159id\u00e1, ale nen\u00ed to ani \u010dtvrtina \u010d\u00e1stky. A a\u017e tady skon\u010d\u00edm, budu muset d\u00e1l chodit na rehabilitace, ale ty u\u017e budou placen\u00e9. Nikdo nev\u00ed, jak dlouho m\u016fj handicap potrv\u00e1. T\u0159eba budu muset \u0159e\u0161it i speci\u00e1ln\u011b upraven\u00e9 auto, kter\u00e9 stoj\u00ed hodn\u011b pen\u011bz. Je toho dost a opravdu ka\u017ed\u00e1 koruna p\u0159ijde vhod.<\/p>\n<h2><strong>Kdo z\u00a0koleg\u016f cyklist\u016f v\u00e1m nejv\u00edc pomohl?<\/strong><\/h2>\n<p>Moje kamar\u00e1dka M\u00ed\u0161a H\u00e1jkov\u00e1, b\u00fdval\u00e1 mistryn\u011b sv\u011bta, kter\u00e1 m\u011b p\u0159ivedla k fourcrossu. Kdykoliv m\u00e1 \u010das, p\u0159ijede za mnou. Nab\u00eddla mi i bydlen\u00ed u n\u00ed, proto\u017ee m\u00e1 byt v p\u0159\u00edzem\u00ed. Byl tu i Tom\u00e1\u0161 Slav\u00edk a dal\u0161\u00ed kamar\u00e1di ze z\u00e1vod\u016f. Kolegov\u00e9 z pr\u00e1ce v Cycology Shopu, kde jsem prod\u00e1vala kola, zase pomohli nato\u010dit a sest\u0159\u00edhat to moje video. M\u00e1m kolem sebe spoustu skv\u011bl\u00fdch lid\u00ed. Nev\u00edm, co bych bez nich d\u011blala. Moc d\u011bkuju za podporu i kamar\u00e1d\u016fm z b\u00fdval\u00e9 pr\u00e1ce, kav\u00e1rn\u011b Jedno Kafe v Liberci. Pracovala jsem tam jako baristka.<\/p>\n<div class=\"shortcode-ys-post-pinup\"><article class=\"loop-simple post-17284 post type-post status-publish format-standard has-post-thumbnail hentry category-letape-czech-republic category-probud-v-sobe-viteze tag-cyklistika tag-evelina-opickova tag-letape-czech-republic-by-tour-de-france-2022 tag-letape-2022 tag-probud-v-sobe-viteze tag-silnicni-cyklistika tag-zdravi-a-trenink tag-zeny global-categories-cycling\" data-postid=\"17284\" role=\"article\" data-post-id=\"17284\" data-word-count=\"752\" data-headline-length=\"59\" data-category=\"Probu\u010f v sob\u011b v\u00edt\u011bze\" data-global-category=\"Cycling\" data-author=\"We Love Cycling\" data-published=\"2022-05-27T16:00:35+02:00\" data-published-day=\"Friday\">\n    <div class=\"entry-thumbnail article-thumbnail\" content=\"https:\/\/d2p6e6u75xmxt8.cloudfront.net\/13\/2022\/05\/opickova-WLC_nataceni_16-5_bts-91-scaled-150x150.webp\"><a href=\"https:\/\/www.welovecycling.com\/cs\/2022\/05\/27\/evelina-opickova-laskou-ke-kolu-jsem-prekonala-bolest\/\" class=\"image-holder\" target=\"_self\"><img decoding=\"async\" loading=\"lazy\" class=\"\" src=\"https:\/\/d2p6e6u75xmxt8.cloudfront.net\/13\/2022\/05\/opickova-WLC_nataceni_16-5_bts-91-scaled-1024x681.webp\" srcset=\"https:\/\/d2p6e6u75xmxt8.cloudfront.net\/13\/2022\/05\/opickova-WLC_nataceni_16-5_bts-91-scaled.webp 2560w, https:\/\/d2p6e6u75xmxt8.cloudfront.net\/13\/2022\/05\/opickova-WLC_nataceni_16-5_bts-91-scaled-300x200.webp 300w, https:\/\/d2p6e6u75xmxt8.cloudfront.net\/13\/2022\/05\/opickova-WLC_nataceni_16-5_bts-91-scaled-1024x681.webp 1024w, https:\/\/d2p6e6u75xmxt8.cloudfront.net\/13\/2022\/05\/opickova-WLC_nataceni_16-5_bts-91-scaled-768x511.webp 768w, https:\/\/d2p6e6u75xmxt8.cloudfront.net\/13\/2022\/05\/opickova-WLC_nataceni_16-5_bts-91-scaled-1536x1022.webp 1536w, https:\/\/d2p6e6u75xmxt8.cloudfront.net\/13\/2022\/05\/opickova-WLC_nataceni_16-5_bts-91-scaled-2048x1362.webp 2048w, https:\/\/d2p6e6u75xmxt8.cloudfront.net\/13\/2022\/05\/opickova-WLC_nataceni_16-5_bts-91-scaled-1920x1277.webp 1920w, https:\/\/d2p6e6u75xmxt8.cloudfront.net\/13\/2022\/05\/opickova-WLC_nataceni_16-5_bts-91-scaled-272x182.webp 272w, https:\/\/d2p6e6u75xmxt8.cloudfront.net\/13\/2022\/05\/opickova-WLC_nataceni_16-5_bts-91-scaled-1920x1277.webp 1920w\" width=\"1024\" height=\"681\" sizes=\"auto, (min-width: 1200px) 300px, (min-width: 768px) 25vw, 100vw\" alt=\"evelina-opickova-laskou-ke-kolu-jsem-prekonala-bolest\"\/><\/a><\/div>    <div class=\"entry-meta\">\n        <a class=\"label label-secondary post-category\" href=\"https:\/\/www.welovecycling.com\/cs\/category\/probud-v-sobe-viteze\/\" title=\"Probu\u010f v sob\u011b v\u00edt\u011bze\">Probu\u010f v sob\u011b v\u00edt\u011bze<\/a>\n    <\/div>\n    <div class=\"entry-details\">\n        <a href=\"https:\/\/www.welovecycling.com\/cs\/2022\/05\/27\/evelina-opickova-laskou-ke-kolu-jsem-prekonala-bolest\/\" class='entry-title-wrapper'>\n            <h3 class=\"entry-title\"><span>Evel\u00edna Opi\u010dkov\u00e1: L\u00e1skou ke kolu jsem p\u0159ekonala bolest<\/span><\/h3>\n        <\/a>\n    <\/div>\n    <\/article>\n<\/div>\n<h2><strong>Jak je slo\u017eit\u00e9 p\u0159ivyknout, \u017ee m\u00edsto kola denn\u011b sed\u00edte na invalidn\u00edm voz\u00edku?<\/strong><\/h2>\n<p>Zvykla jsem si, co mi zb\u00fdv\u00e1. D\u00e1 se na n\u011bm za\u017e\u00edt podobn\u00e1 sranda jako na kole. P\u0159ej\u00ed\u017ed\u011bt obrubn\u00edky, ob\u010das mus\u00edte i sko\u010dit. Teprve se to u\u010d\u00edm.<\/p>\n<h2><strong>Na sv\u00e9m instagramov\u00e9m profilu m\u00e1te naps\u00e1no: te\u010f jsem paraplegik, ale brzy lep\u0161\u00ed cyklista. V\u011b\u0159\u00edte sv\u00fdm sn\u016fm hodn\u011b?<\/strong><\/h2>\n<p>V\u0161echno je o hlav\u011b. \u010clov\u011bk mus\u00ed b\u00fdt psychicky v pohod\u011b. V\u011b\u0159\u00edm, \u017ee se zase postav\u00edm na nohy a budu chodit i jezdit na kole. Nejv\u011bt\u0161\u00ed motivace je vr\u00e1tit se zp\u00e1tky za \u0159\u00edd\u00edtka i do pr\u00e1ce, kter\u00e1 m\u011b bav\u00ed.<\/p>\n","protected":false},"excerpt":{"rendered":"<p>\u017divot se j\u00ed zm\u011bnil ze dne na den. P\u0159i z\u00e1vod\u011b sv\u011btov\u00e9 fourcrossov\u00e9 s\u00e9rie v italsk\u00e9m Val di Sole m\u011bla Anna [&hellip;]<\/p>\n","protected":false},"author":138,"featured_media":20145,"comment_status":"open","ping_status":"open","sticky":false,"template":"","format":"standard","meta":{"footnotes":""},"categories":[11],"tags":[2772,126,611,56,2773,2774,2775,1826],"global-categories":[411],"class_list":["post-20141","post","type-post","status-publish","format-standard","has-post-thumbnail","hentry","category-horska-cyklistika","tag-anna-slancova","tag-cyklistika","tag-fourcross","tag-horska-cyklistika","tag-pad","tag-poraneni-michy","tag-rehabilitace","tag-val-di-sole","global-categories-cycling"],"yoast_head":"<!-- This site is optimized with the Yoast SEO Premium plugin v25.3 (Yoast SEO v25.9) - https:\/\/yoast.com\/wordpress\/plugins\/seo\/ -->\n<title>Anna Slancov\u00e1 je po t\u011b\u017ek\u00e9m p\u00e1du na voz\u00edku: V\u011b\u0159\u00edm, \u017ee zase budu chodit i jezdit | \u0160koda We Love Cycling - \u010cesk\u00e1 republika<\/title>\n<meta name=\"description\" content=\"\u017divot se j\u00ed zm\u011bnil ze dne na den. P\u0159i z\u00e1vod\u011b ve Val di Sole m\u011bla Anna Slancov\u00e1 minul\u00fd rok 2. z\u00e1\u0159\u00ed t\u011b\u017ek\u00fd p\u00e1d, po n\u011bm\u017e z\u016fstala na voz\u00edku.\" \/>\n<meta name=\"robots\" content=\"index, follow, max-snippet:-1, max-image-preview:large, max-video-preview:-1\" \/>\n<link rel=\"canonical\" href=\"https:\/\/www.welovecycling.com\/cs\/2023\/01\/06\/anna-slancova-je-po-tezkem-padu-na-voziku-verim-ze-zase-budu-chodit-i-jezdit\/\" \/>\n<meta property=\"og:locale\" content=\"cs_CZ\" \/>\n<meta property=\"og:type\" content=\"article\" \/>\n<meta property=\"og:title\" content=\"Anna Slancov\u00e1 je po t\u011b\u017ek\u00e9m p\u00e1du na voz\u00edku: V\u011b\u0159\u00edm, \u017ee zase budu chodit i jezdit\" \/>\n<meta property=\"og:description\" content=\"\u017divot se j\u00ed zm\u011bnil ze dne na den. P\u0159i z\u00e1vod\u011b ve Val di Sole m\u011bla Anna Slancov\u00e1 minul\u00fd rok 2. z\u00e1\u0159\u00ed t\u011b\u017ek\u00fd p\u00e1d, po n\u011bm\u017e z\u016fstala na voz\u00edku.\" \/>\n<meta property=\"og:url\" content=\"https:\/\/www.welovecycling.com\/cs\/2023\/01\/06\/anna-slancova-je-po-tezkem-padu-na-voziku-verim-ze-zase-budu-chodit-i-jezdit\/\" \/>\n<meta property=\"og:site_name\" content=\"\u0160koda We Love Cycling - \u010cesk\u00e1 republika\" \/>\n<meta property=\"article:published_time\" content=\"2023-01-06T07:06:51+00:00\" \/>\n<meta property=\"article:modified_time\" content=\"2023-07-24T15:37:23+00:00\" \/>\n<meta property=\"og:image\" content=\"https:\/\/d2p6e6u75xmxt8.cloudfront.net\/13\/2023\/01\/anna-slancova-2.webp\" \/>\n\t<meta property=\"og:image:width\" content=\"800\" \/>\n\t<meta property=\"og:image:height\" content=\"534\" \/>\n\t<meta property=\"og:image:type\" content=\"image\/webp\" \/>\n<meta name=\"author\" content=\"radekmalina\" \/>\n<meta name=\"twitter:card\" content=\"summary_large_image\" \/>\n<meta name=\"twitter:label1\" content=\"Written by\" \/>\n\t<meta name=\"twitter:data1\" content=\"We Love Cycling\" \/>\n\t<meta name=\"twitter:label2\" content=\"Est. reading time\" \/>\n\t<meta name=\"twitter:data2\" content=\"7\" \/>\n<script type=\"application\/ld+json\" class=\"yoast-schema-graph\">{\"@context\":\"https:\/\/schema.org\",\"@graph\":[{\"@type\":\"WebPage\",\"@id\":\"https:\/\/www.welovecycling.com\/cs\/2023\/01\/06\/anna-slancova-je-po-tezkem-padu-na-voziku-verim-ze-zase-budu-chodit-i-jezdit\/\",\"url\":\"https:\/\/www.welovecycling.com\/cs\/2023\/01\/06\/anna-slancova-je-po-tezkem-padu-na-voziku-verim-ze-zase-budu-chodit-i-jezdit\/\",\"name\":\"Anna Slancov\u00e1 je po t\u011b\u017ek\u00e9m p\u00e1du na voz\u00edku: V\u011b\u0159\u00edm, \u017ee zase budu chodit i jezdit | \u0160koda We Love Cycling - \u010cesk\u00e1 republika\",\"isPartOf\":{\"@id\":\"https:\/\/www.welovecycling.com\/cs\/#website\"},\"primaryImageOfPage\":{\"@id\":\"https:\/\/www.welovecycling.com\/cs\/2023\/01\/06\/anna-slancova-je-po-tezkem-padu-na-voziku-verim-ze-zase-budu-chodit-i-jezdit\/#primaryimage\"},\"image\":{\"@id\":\"https:\/\/www.welovecycling.com\/cs\/2023\/01\/06\/anna-slancova-je-po-tezkem-padu-na-voziku-verim-ze-zase-budu-chodit-i-jezdit\/#primaryimage\"},\"thumbnailUrl\":\"https:\/\/d2p6e6u75xmxt8.cloudfront.net\/13\/2023\/01\/anna-slancova-2.webp\",\"datePublished\":\"2023-01-06T07:06:51+00:00\",\"dateModified\":\"2023-07-24T15:37:23+00:00\",\"author\":{\"@id\":\"https:\/\/www.welovecycling.com\/cs\/#\/schema\/person\/d9eeb0a378f3a7e4a6d12d2b536b04b8\"},\"description\":\"\u017divot se j\u00ed zm\u011bnil ze dne na den. P\u0159i z\u00e1vod\u011b ve Val di Sole m\u011bla Anna Slancov\u00e1 minul\u00fd rok 2. z\u00e1\u0159\u00ed t\u011b\u017ek\u00fd p\u00e1d, po n\u011bm\u017e z\u016fstala na voz\u00edku.\",\"inLanguage\":\"cs\",\"potentialAction\":[{\"@type\":\"ReadAction\",\"target\":[\"https:\/\/www.welovecycling.com\/cs\/2023\/01\/06\/anna-slancova-je-po-tezkem-padu-na-voziku-verim-ze-zase-budu-chodit-i-jezdit\/\"]}]},{\"@type\":\"ImageObject\",\"inLanguage\":\"cs\",\"@id\":\"https:\/\/www.welovecycling.com\/cs\/2023\/01\/06\/anna-slancova-je-po-tezkem-padu-na-voziku-verim-ze-zase-budu-chodit-i-jezdit\/#primaryimage\",\"url\":\"https:\/\/d2p6e6u75xmxt8.cloudfront.net\/13\/2023\/01\/anna-slancova-2.webp\",\"contentUrl\":\"https:\/\/d2p6e6u75xmxt8.cloudfront.net\/13\/2023\/01\/anna-slancova-2.webp\",\"width\":800,\"height\":534},{\"@type\":\"WebSite\",\"@id\":\"https:\/\/www.welovecycling.com\/cs\/#website\",\"url\":\"https:\/\/www.welovecycling.com\/cs\/\",\"name\":\"\u0160koda We Love Cycling - \u010cesk\u00e1 republika\",\"description\":\"WeLoveCycling.cz je online magaz\u00edn, kter\u00fd v\u00e1m pravideln\u011b p\u0159in\u00e1\u0161\u00ed rady a tipy, zaj\u00edmav\u00e9 \u010dl\u00e1nky, videa a jedine\u010dn\u00e9 report\u00e1\u017ee ze sv\u011bta cyklistiky.\",\"potentialAction\":[{\"@type\":\"SearchAction\",\"target\":{\"@type\":\"EntryPoint\",\"urlTemplate\":\"https:\/\/www.welovecycling.com\/cs\/?s={search_term_string}\"},\"query-input\":{\"@type\":\"PropertyValueSpecification\",\"valueRequired\":true,\"valueName\":\"search_term_string\"}}],\"inLanguage\":\"cs\"},{\"@type\":\"Person\",\"@id\":\"https:\/\/www.welovecycling.com\/cs\/#\/schema\/person\/d9eeb0a378f3a7e4a6d12d2b536b04b8\",\"name\":\"radekmalina\",\"image\":{\"@type\":\"ImageObject\",\"inLanguage\":\"cs\",\"@id\":\"https:\/\/www.welovecycling.com\/cs\/#\/schema\/person\/image\/\",\"url\":\"https:\/\/secure.gravatar.com\/avatar\/66994b632cb8c39a46b9f54afa3ae07201b678d32a54275b6f1c9ffec356bfc0?s=96&d=mm&r=g\",\"contentUrl\":\"https:\/\/secure.gravatar.com\/avatar\/66994b632cb8c39a46b9f54afa3ae07201b678d32a54275b6f1c9ffec356bfc0?s=96&d=mm&r=g\",\"caption\":\"radekmalina\"},\"url\":\"https:\/\/www.welovecycling.com\/cs\/author\/radekmalina\/\"}]}<\/script>\n<!-- \/ Yoast SEO Premium plugin. -->","yoast_head_json":{"title":"Anna Slancov\u00e1 je po t\u011b\u017ek\u00e9m p\u00e1du na voz\u00edku: V\u011b\u0159\u00edm, \u017ee zase budu chodit i jezdit | \u0160koda We Love Cycling - \u010cesk\u00e1 republika","description":"\u017divot se j\u00ed zm\u011bnil ze dne na den. P\u0159i z\u00e1vod\u011b ve Val di Sole m\u011bla Anna Slancov\u00e1 minul\u00fd rok 2. z\u00e1\u0159\u00ed t\u011b\u017ek\u00fd p\u00e1d, po n\u011bm\u017e z\u016fstala na voz\u00edku.","robots":{"index":"index","follow":"follow","max-snippet":"max-snippet:-1","max-image-preview":"max-image-preview:large","max-video-preview":"max-video-preview:-1"},"canonical":"https:\/\/www.welovecycling.com\/cs\/2023\/01\/06\/anna-slancova-je-po-tezkem-padu-na-voziku-verim-ze-zase-budu-chodit-i-jezdit\/","og_locale":"cs_CZ","og_type":"article","og_title":"Anna Slancov\u00e1 je po t\u011b\u017ek\u00e9m p\u00e1du na voz\u00edku: V\u011b\u0159\u00edm, \u017ee zase budu chodit i jezdit","og_description":"\u017divot se j\u00ed zm\u011bnil ze dne na den. P\u0159i z\u00e1vod\u011b ve Val di Sole m\u011bla Anna Slancov\u00e1 minul\u00fd rok 2. z\u00e1\u0159\u00ed t\u011b\u017ek\u00fd p\u00e1d, po n\u011bm\u017e z\u016fstala na voz\u00edku.","og_url":"https:\/\/www.welovecycling.com\/cs\/2023\/01\/06\/anna-slancova-je-po-tezkem-padu-na-voziku-verim-ze-zase-budu-chodit-i-jezdit\/","og_site_name":"\u0160koda We Love Cycling - \u010cesk\u00e1 republika","article_published_time":"2023-01-06T07:06:51+00:00","article_modified_time":"2023-07-24T15:37:23+00:00","og_image":[{"width":800,"height":534,"url":"https:\/\/d2p6e6u75xmxt8.cloudfront.net\/13\/2023\/01\/anna-slancova-2.webp","type":"image\/webp"}],"author":"radekmalina","twitter_card":"summary_large_image","twitter_misc":{"Written by":"We Love Cycling","Est. reading time":"7"},"schema":{"@context":"https:\/\/schema.org","@graph":[{"@type":"WebPage","@id":"https:\/\/www.welovecycling.com\/cs\/2023\/01\/06\/anna-slancova-je-po-tezkem-padu-na-voziku-verim-ze-zase-budu-chodit-i-jezdit\/","url":"https:\/\/www.welovecycling.com\/cs\/2023\/01\/06\/anna-slancova-je-po-tezkem-padu-na-voziku-verim-ze-zase-budu-chodit-i-jezdit\/","name":"Anna Slancov\u00e1 je po t\u011b\u017ek\u00e9m p\u00e1du na voz\u00edku: V\u011b\u0159\u00edm, \u017ee zase budu chodit i jezdit | \u0160koda We Love Cycling - \u010cesk\u00e1 republika","isPartOf":{"@id":"https:\/\/www.welovecycling.com\/cs\/#website"},"primaryImageOfPage":{"@id":"https:\/\/www.welovecycling.com\/cs\/2023\/01\/06\/anna-slancova-je-po-tezkem-padu-na-voziku-verim-ze-zase-budu-chodit-i-jezdit\/#primaryimage"},"image":{"@id":"https:\/\/www.welovecycling.com\/cs\/2023\/01\/06\/anna-slancova-je-po-tezkem-padu-na-voziku-verim-ze-zase-budu-chodit-i-jezdit\/#primaryimage"},"thumbnailUrl":"https:\/\/d2p6e6u75xmxt8.cloudfront.net\/13\/2023\/01\/anna-slancova-2.webp","datePublished":"2023-01-06T07:06:51+00:00","dateModified":"2023-07-24T15:37:23+00:00","author":{"@id":"https:\/\/www.welovecycling.com\/cs\/#\/schema\/person\/d9eeb0a378f3a7e4a6d12d2b536b04b8"},"description":"\u017divot se j\u00ed zm\u011bnil ze dne na den. P\u0159i z\u00e1vod\u011b ve Val di Sole m\u011bla Anna Slancov\u00e1 minul\u00fd rok 2. z\u00e1\u0159\u00ed t\u011b\u017ek\u00fd p\u00e1d, po n\u011bm\u017e z\u016fstala na voz\u00edku.","inLanguage":"cs","potentialAction":[{"@type":"ReadAction","target":["https:\/\/www.welovecycling.com\/cs\/2023\/01\/06\/anna-slancova-je-po-tezkem-padu-na-voziku-verim-ze-zase-budu-chodit-i-jezdit\/"]}]},{"@type":"ImageObject","inLanguage":"cs","@id":"https:\/\/www.welovecycling.com\/cs\/2023\/01\/06\/anna-slancova-je-po-tezkem-padu-na-voziku-verim-ze-zase-budu-chodit-i-jezdit\/#primaryimage","url":"https:\/\/d2p6e6u75xmxt8.cloudfront.net\/13\/2023\/01\/anna-slancova-2.webp","contentUrl":"https:\/\/d2p6e6u75xmxt8.cloudfront.net\/13\/2023\/01\/anna-slancova-2.webp","width":800,"height":534},{"@type":"WebSite","@id":"https:\/\/www.welovecycling.com\/cs\/#website","url":"https:\/\/www.welovecycling.com\/cs\/","name":"\u0160koda We Love Cycling - \u010cesk\u00e1 republika","description":"WeLoveCycling.cz je online magaz\u00edn, kter\u00fd v\u00e1m pravideln\u011b p\u0159in\u00e1\u0161\u00ed rady a tipy, zaj\u00edmav\u00e9 \u010dl\u00e1nky, videa a jedine\u010dn\u00e9 report\u00e1\u017ee ze sv\u011bta cyklistiky.","potentialAction":[{"@type":"SearchAction","target":{"@type":"EntryPoint","urlTemplate":"https:\/\/www.welovecycling.com\/cs\/?s={search_term_string}"},"query-input":{"@type":"PropertyValueSpecification","valueRequired":true,"valueName":"search_term_string"}}],"inLanguage":"cs"},{"@type":"Person","@id":"https:\/\/www.welovecycling.com\/cs\/#\/schema\/person\/d9eeb0a378f3a7e4a6d12d2b536b04b8","name":"radekmalina","image":{"@type":"ImageObject","inLanguage":"cs","@id":"https:\/\/www.welovecycling.com\/cs\/#\/schema\/person\/image\/","url":"https:\/\/secure.gravatar.com\/avatar\/66994b632cb8c39a46b9f54afa3ae07201b678d32a54275b6f1c9ffec356bfc0?s=96&d=mm&r=g","contentUrl":"https:\/\/secure.gravatar.com\/avatar\/66994b632cb8c39a46b9f54afa3ae07201b678d32a54275b6f1c9ffec356bfc0?s=96&d=mm&r=g","caption":"radekmalina"},"url":"https:\/\/www.welovecycling.com\/cs\/author\/radekmalina\/"}]}},"_links":{"self":[{"href":"https:\/\/www.welovecycling.com\/cs\/wp-json\/wp\/v2\/posts\/20141","targetHints":{"allow":["GET"]}}],"collection":[{"href":"https:\/\/www.welovecycling.com\/cs\/wp-json\/wp\/v2\/posts"}],"about":[{"href":"https:\/\/www.welovecycling.com\/cs\/wp-json\/wp\/v2\/types\/post"}],"author":[{"embeddable":true,"href":"https:\/\/www.welovecycling.com\/cs\/wp-json\/wp\/v2\/users\/138"}],"replies":[{"embeddable":true,"href":"https:\/\/www.welovecycling.com\/cs\/wp-json\/wp\/v2\/comments?post=20141"}],"version-history":[{"count":2,"href":"https:\/\/www.welovecycling.com\/cs\/wp-json\/wp\/v2\/posts\/20141\/revisions"}],"predecessor-version":[{"id":23192,"href":"https:\/\/www.welovecycling.com\/cs\/wp-json\/wp\/v2\/posts\/20141\/revisions\/23192"}],"wp:featuredmedia":[{"embeddable":true,"href":"https:\/\/www.welovecycling.com\/cs\/wp-json\/wp\/v2\/media\/20145"}],"wp:attachment":[{"href":"https:\/\/www.welovecycling.com\/cs\/wp-json\/wp\/v2\/media?parent=20141"}],"wp:term":[{"taxonomy":"category","embeddable":true,"href":"https:\/\/www.welovecycling.com\/cs\/wp-json\/wp\/v2\/categories?post=20141"},{"taxonomy":"post_tag","embeddable":true,"href":"https:\/\/www.welovecycling.com\/cs\/wp-json\/wp\/v2\/tags?post=20141"},{"taxonomy":"global-categories","embeddable":true,"href":"https:\/\/www.welovecycling.com\/cs\/wp-json\/wp\/v2\/global-categories?post=20141"}],"curies":[{"name":"wp","href":"https:\/\/api.w.org\/{rel}","templated":true}]}}