{"id":19889,"date":"2022-12-08T20:00:05","date_gmt":"2022-12-08T18:00:05","guid":{"rendered":"https:\/\/www.welovecycling.com\/cs\/?p=19889"},"modified":"2022-12-09T00:12:53","modified_gmt":"2022-12-08T22:12:53","slug":"cyklisticky-darek-pro-zeny","status":"publish","type":"post","link":"https:\/\/www.welovecycling.com\/cs\/2022\/12\/08\/cyklisticky-darek-pro-zeny\/","title":{"rendered":"Cyklistick\u00fd d\u00e1rek pro \u017eeny?"},"content":{"rendered":"<p><strong>\u017deny st\u00e1le v\u00edce propadaj\u00ed kouzlu cyklistiky. A te\u010f je ide\u00e1ln\u00ed \u010das je obdarovat. Jak by mohl vypadat ide\u00e1ln\u00ed cyklistick\u00fd d\u00e1rek pro \u017eeny? Jde o sport, p\u0159i kter\u00e9m skv\u011ble prot\u00e1hnou t\u011blo, posiluj\u00ed v\u011bt\u0161inu sval\u016f v t\u011ble, a nav\u00edc se m\u016f\u017eou i v sedle odd\u00e1vat m\u00f3dn\u00edm trend\u016fm. Tak\u017ee pokud m\u00e1te doma milovnici cyklistiky a je\u0161t\u011b jste nevy\u0159e\u0161ili v\u00e1no\u010dn\u00ed d\u00e1rek pro svoji milou, cokoliv spojen\u00e9 s j\u00edzdou v sedle kola bude skv\u011blou variantou.<\/strong><\/p>\n<h2><strong>Pono\u017eky<\/strong><\/h2>\n<p>Pono\u017eky Silvini Bevera zajist\u00ed noh\u00e1m ka\u017ed\u00e9 \u017eeny neskute\u010dn\u00fd komfort. Jde o st\u0159edn\u011b vysok\u00e9 cyklistick\u00e9 <a href=\"https:\/\/www.bikemax.cz\/silvini-bevera-ponozky--cerna-ruzova\/\">pono\u017eky<\/a> s anatomick\u00fdm tvarov\u00e1n\u00edm pro maxim\u00e1ln\u00ed pohodl\u00ed. Funk\u010dn\u00ed materi\u00e1ly nav\u00edc zajist\u00ed skv\u011bl\u00fd odvod potu, tak\u017ee va\u0161e nohy z\u016fstanou v suchu.<\/p>\n<h2><strong>Dres<\/strong><\/h2>\n<p>R\u016f\u017eov\u00fd dres? \u017d\u00e1dn\u00fd probl\u00e9m. \u010cesk\u00e1 firma Kalas nab\u00edz\u00ed dres Passion Z1 s minimalisticky jednoduch\u00fdm designem. Byl navr\u017een do letn\u00edch dn\u016f, kdy teploty stoupnou nad 25 stup\u0148\u016f, aby udr\u017eel t\u011blo relativn\u011b v suchu a bez pocitu nep\u0159\u00edjemn\u00e9ho p\u0159eh\u0159\u00e1t\u00ed.<\/p>\n<figure id=\"attachment_16881\" aria-describedby=\"caption-attachment-16881\" style=\"width: 1440px\" class=\"wp-caption alignnone\"><a href=\"https:\/\/d2p6e6u75xmxt8.cloudfront.net\/13\/2022\/05\/zuzana-boacova-20220328_154745-scaled.webp\"><img loading=\"lazy\" decoding=\"async\" class=\"size-extra-large wp-image-16881\" src=\"https:\/\/d2p6e6u75xmxt8.cloudfront.net\/13\/2022\/05\/zuzana-boacova-20220328_154745-scaled-1440x1920.webp\" alt=\"Zuzana Boh\u00e1\u010dov\u00e1\" width=\"1440\" height=\"1920\" srcset=\"https:\/\/d2p6e6u75xmxt8.cloudfront.net\/13\/2022\/05\/zuzana-boacova-20220328_154745-scaled-1440x1920.webp 1440w, https:\/\/d2p6e6u75xmxt8.cloudfront.net\/13\/2022\/05\/zuzana-boacova-20220328_154745-scaled-225x300.webp 225w, https:\/\/d2p6e6u75xmxt8.cloudfront.net\/13\/2022\/05\/zuzana-boacova-20220328_154745-scaled-768x1024.webp 768w, https:\/\/d2p6e6u75xmxt8.cloudfront.net\/13\/2022\/05\/zuzana-boacova-20220328_154745-scaled-1152x1536.webp 1152w, https:\/\/d2p6e6u75xmxt8.cloudfront.net\/13\/2022\/05\/zuzana-boacova-20220328_154745-scaled-1536x2048.webp 1536w, https:\/\/d2p6e6u75xmxt8.cloudfront.net\/13\/2022\/05\/zuzana-boacova-20220328_154745-scaled.webp 1920w, https:\/\/d2p6e6u75xmxt8.cloudfront.net\/13\/2022\/05\/zuzana-boacova-20220328_154745-scaled-1440x1920.webp 1440w\" sizes=\"auto, (max-width: 1440px) 100vw, 1440px\" \/><\/a><figcaption id=\"caption-attachment-16881\" class=\"wp-caption-text\"><em>R\u016f\u017eov\u00fd dres Passion Z1 je skv\u011blou mo\u017enost\u00ed pro v\u00e1no\u010dn\u00ed d\u00e1rek pro \u017eeny.<\/em><\/figcaption><\/figure>\n<p>Rychleschnouc\u00ed materi\u00e1l Verano nab\u00edz\u00ed mimo\u0159\u00e1dnou prody\u0161nost a v kombinaci se s\u00ed\u0165ovan\u00fdmi vsadkami p\u0159edstavuje ide\u00e1ln\u00ed <a href=\"https:\/\/www.kalas.cz\/det\/passion-z1-dres-kr-rukav-verano-staroruzovy-w?pohlavi=25&amp;lang=CZ\">dres<\/a> na letn\u00ed horka. Rozhodn\u011b cyklistick\u00fd d\u00e1rek pro \u017eeny, kter\u00fd pot\u011b\u0161\u00ed a je\u0161t\u011b spl\u0148uje nejvy\u0161\u0161\u00ed n\u00e1roky.<\/p>\n<h2><strong>Bunda<\/strong><\/h2>\n<p>\u017d\u00e1dn\u00e1 \u017eena nem\u00e1 r\u00e1da j\u00edzdu v nep\u0159\u00edzniv\u00e9m po\u010das\u00ed. Ale nem\u016f\u017ee b\u00fdt po\u0159\u00e1d sluncem zalit\u00e1 obloha. A pr\u00e1v\u011b pro tyto okam\u017eiky je skv\u011bl\u00e1 d\u00e1msk\u00e1 cyklistick\u00e1 bunda z membr\u00e1nov\u00e9ho materi\u00e1lu, kter\u00e1 dokonale ochr\u00e1n\u00ed p\u0159ed v\u011btrem a de\u0161t\u011bm.<\/p>\n<div class=\"shortcode-ys-post-pinup\"><article class=\"loop-simple post-19873 post type-post status-publish format-standard has-post-thumbnail hentry category-zima2022 category-rady-tipy tag-cyklisticke-darky tag-cyklistika tag-horska-cyklistika tag-silnicni-cyklistika tag-tipy-na-vanocni-darky tag-tour-de-france tag-vanocni-darky global-categories-cycling\" data-postid=\"19873\" role=\"article\" data-post-id=\"19873\" data-word-count=\"429\" data-headline-length=\"38\" data-category=\"Na kole v zim\u011b\" data-global-category=\"Cycling\" data-author=\"We Love Cycling\" data-published=\"2022-12-06T15:00:01+02:00\" data-published-day=\"Tuesday\">\n    <div class=\"entry-thumbnail article-thumbnail\" content=\"https:\/\/d2p6e6u75xmxt8.cloudfront.net\/13\/2022\/12\/vanoce-2022-profimedia-0640118635-150x150.webp\"><a href=\"https:\/\/www.welovecycling.com\/cs\/2022\/12\/06\/tipy-na-vanocni-darky-pro-cyklisty\/\" class=\"image-holder\" target=\"_self\"><img decoding=\"async\" loading=\"lazy\" class=\"\" src=\"https:\/\/d2p6e6u75xmxt8.cloudfront.net\/13\/2022\/12\/vanoce-2022-profimedia-0640118635-1024x683.webp\" srcset=\"https:\/\/d2p6e6u75xmxt8.cloudfront.net\/13\/2022\/12\/vanoce-2022-profimedia-0640118635.webp 1800w, https:\/\/d2p6e6u75xmxt8.cloudfront.net\/13\/2022\/12\/vanoce-2022-profimedia-0640118635-300x200.webp 300w, https:\/\/d2p6e6u75xmxt8.cloudfront.net\/13\/2022\/12\/vanoce-2022-profimedia-0640118635-1024x683.webp 1024w, https:\/\/d2p6e6u75xmxt8.cloudfront.net\/13\/2022\/12\/vanoce-2022-profimedia-0640118635-768x512.webp 768w, https:\/\/d2p6e6u75xmxt8.cloudfront.net\/13\/2022\/12\/vanoce-2022-profimedia-0640118635-1536x1024.webp 1536w, https:\/\/d2p6e6u75xmxt8.cloudfront.net\/13\/2022\/12\/vanoce-2022-profimedia-0640118635-272x182.webp 272w\" width=\"1024\" height=\"683\" sizes=\"auto, (min-width: 1200px) 300px, (min-width: 768px) 25vw, 100vw\" alt=\"tipy-na-vanocni-darky-pro-cyklisty\"\/><\/a><\/div>    <div class=\"entry-meta\">\n        <a class=\"label label-secondary post-category\" href=\"https:\/\/www.welovecycling.com\/cs\/category\/zima2022\/\" title=\"Na kole v zim\u011b\">Na kole v zim\u011b<\/a>\n    <\/div>\n    <div class=\"entry-details\">\n        <a href=\"https:\/\/www.welovecycling.com\/cs\/2022\/12\/06\/tipy-na-vanocni-darky-pro-cyklisty\/\" class='entry-title-wrapper'>\n            <h3 class=\"entry-title\"><span>Tipy na v\u00e1no\u010dn\u00ed d\u00e1rky pro cyklisty<\/span><\/h3>\n        <\/a>\n    <\/div>\n    <\/article>\n<\/div>\n<p>Z\u00e1rove\u0148 poskytne tepeln\u00fd komfort. Bunda m\u00e1 celoprop\u00ednac\u00ed zip a praktickou dvojd\u00edlnou kapsu na z\u00e1dech. Bezpe\u010dnost zaji\u0161\u0165uj\u00ed reflexn\u00ed paspule pod\u00e9l zadn\u00ed kapsy <a href=\"https:\/\/eshop.skoda-auto.cz\/cs_CZ\/damska-cyklisticka-bunda-wlc-\/p\/000084613F\">bundy<\/a>.<\/p>\n<h2><strong>Mas\u00e1\u017en\u00ed p\u0159\u00edstroj<\/strong><\/h2>\n<p>Svaly po tr\u00e9ninku bol\u00ed ka\u017ed\u00e9ho. Tak\u017ee dop\u0159\u00e1t d\u00e1m\u011b p\u0159enosn\u00fd mas\u00e1\u017en\u00ed p\u0159\u00edstroj je terno.\u00a0Mas\u00e1\u017en\u00ed pistole inSPORTline\u00a0Bitigo je kompaktn\u00ed bezdr\u00e1tov\u00fd <a href=\"https:\/\/www.insportline.cz\/43496\/masazni-pistole-insportline-bitigo?utm_source=CJ&amp;utm_medium=affiliate&amp;cjevent=f7290fa0748c11ed83cf00f00a180513&amp;cjdata=MXxZfDB8WXww\">p\u0159\u00edstroj<\/a>, s n\u00edm\u017e si ud\u011bl\u00e1te stejn\u00e9 pohodl\u00ed jako v mas\u00e1\u017en\u00edm salonu! Nejen\u017ee v\u00e1m pom\u016f\u017ee uvolnit ztuhl\u00e9 svaly\u00a0a\u00a0stimulovat krevn\u00ed ob\u011bh\u00a0&#8211;\u00a0pravidelnou mas\u00e1\u017e\u00ed dokonce zlep\u0161\u00edte celkov\u00fd stav va\u0161\u00ed svalov\u00e9 tk\u00e1n\u011b!<\/p>\n<h2><strong>Tretry<\/strong><\/h2>\n<p>Ka\u017ed\u00e1 \u017eena m\u00e1 r\u00e1da obuv a nov\u00e9 &#8222;st\u0159ev\u00edce&#8220; Rapha Pro, by\u0165 cyklistick\u00e9, ji rozhodn\u011b pot\u011b\u0161\u00ed. Jde o lehkou a vysoce prody\u0161nou tkanou obuv pro nejrychlej\u0161\u00ed j\u00edzdy a z\u00e1vody. <a href=\"https:\/\/www.kola-radotin.cz\/cyklisticke-tretry-rapha-pro-team-shoes-white\">Tretry<\/a> maj\u00ed 3D tkan\u00fd svr\u0161ek Powerweave a up\u00ednac\u00ed syst\u00e9m Boa Fit s kole\u010dky pro milimetrov\u00e9 mikronastaven\u00ed. Polstrovan\u00fd jazyk rozptyluje tlak od tkani\u010dek po cel\u00e9 horn\u00ed \u010d\u00e1sti chodidla. Odoln\u00fd voduodpudiv\u00e1 \u00faprava zaji\u0161\u0165uje pohodl\u00ed i v nep\u0159\u00edzniv\u00e9m po\u010das\u00ed. A to nejlep\u0161\u00ed na z\u00e1v\u011br. Ani watt vynalo\u017een\u00fd va\u0161\u00ed milovanou polovi\u010dkou nep\u0159ijde vnive\u010d d\u00edky ultralehk\u00e9 karbonov\u00e9 podr\u00e1\u017ece.<\/p>\n<h2><strong>Obal na kolo a baterii<\/strong><\/h2>\n<p>Spousta z\u00e1stupky\u0148 n\u011b\u017en\u00e9ho pohlav\u00ed vyu\u017e\u00edv\u00e1 k\u00a0toulk\u00e1m po p\u0159\u00edrod\u011b elektrokolo. P\u0159i p\u0159eprav\u011b je velmi d\u016fle\u017eit\u00e9 myslet pr\u00e1v\u011b na zdroj, kter\u00fd v\u00e1m v\u00a0sedle kola pom\u00e1h\u00e1. Chr\u00e1nit baterii p\u0159ed po\u0161kozen\u00edm je velmi d\u016fle\u017eit\u00e9.<\/p>\n<figure id=\"attachment_19894\" aria-describedby=\"caption-attachment-19894\" style=\"width: 1024px\" class=\"wp-caption alignnone\"><a href=\"https:\/\/d2p6e6u75xmxt8.cloudfront.net\/13\/2022\/12\/montone-mbag_3_E_2.webp\"><img loading=\"lazy\" decoding=\"async\" class=\"size-full wp-image-19894\" src=\"https:\/\/d2p6e6u75xmxt8.cloudfront.net\/13\/2022\/12\/montone-mbag_3_E_2.webp\" alt=\"Montone nab\u00edz\u00ed cyklistick\u00e9 obaly na kolo, a\u0165 u\u017e ho p\u0159epravujete na nosi\u010di nebo uvnit\u0159 auta..\" width=\"1024\" height=\"682\" srcset=\"https:\/\/d2p6e6u75xmxt8.cloudfront.net\/13\/2022\/12\/montone-mbag_3_E_2.webp 1024w, https:\/\/d2p6e6u75xmxt8.cloudfront.net\/13\/2022\/12\/montone-mbag_3_E_2-300x200.webp 300w, https:\/\/d2p6e6u75xmxt8.cloudfront.net\/13\/2022\/12\/montone-mbag_3_E_2-768x512.webp 768w, https:\/\/d2p6e6u75xmxt8.cloudfront.net\/13\/2022\/12\/montone-mbag_3_E_2-272x182.webp 272w\" sizes=\"auto, (max-width: 1024px) 100vw, 1024px\" \/><\/a><figcaption id=\"caption-attachment-19894\" class=\"wp-caption-text\"><em>Montone nab\u00edz\u00ed cyklistick\u00e9 obaly na kolo, a\u0165 u\u017e ho p\u0159epravujete na nosi\u010di nebo uvnit\u0159 auta.. Jde o skv\u011bl\u00fd v\u00e1no\u010dn\u00ed d\u00e1rek pro \u017eenu.<\/em><\/figcaption><\/figure>\n<p>Stejn\u011b jako obal na kolo. \u017deny \u010dasto ukl\u00e1daj\u00ed cel\u00e9 kolo p\u0159\u00edmo do auta, a tak je fajn m\u00edt po ruce <a href=\"https:\/\/www.montone.cz\/neoprenovy-obal-baterie-e-bike-mcover\/\">obal<\/a>, aby se vnit\u0159ek auta neu\u0161pinil.<\/p>\n<h2><strong>Pouk\u00e1zka na servis<\/strong><\/h2>\n<p>Jen m\u00e1lokter\u00e1 d\u00e1ma si dok\u00e1\u017ee se\u0159\u00eddit kolo a vyladit jeho fungov\u00e1n\u00ed k dokonalosti. Nav\u00edc jen v\u00fdjime\u010dn\u011b naraz\u00edte na z\u00e1stupkyni n\u011b\u017en\u00e9ho pohlav\u00ed, kter\u00e1 by se r\u00e1da zapatlala od oleje \u010di \u0161p\u00edny, kter\u00e1 prost\u011b na kole ulp\u00ed. Tak\u017ee pouk\u00e1zka na <a href=\"https:\/\/www.kolofix.cz\/\">servis<\/a> rozhodn\u011b p\u0159edstavuje skv\u011bl\u00fd cyklistick\u00fd d\u00e1rek pro \u017eeny.<\/p>\n<div class=\"shortcode-ys-post-pinup\"><article class=\"loop-simple post-19702 post type-post status-publish format-standard has-post-thumbnail hentry category-letape-czech-republic tag-bradley-wiggins tag-cyklistika tag-dlouha-trasa tag-kratka-trasa tag-letape-czech-republic tag-letape-czech-republic-by-tour-de-france-2023 tag-premysl-novak tag-silnicni-cyklistika tag-stredni-trasa tag-tour-de-france global-categories-cycling\" data-postid=\"19702\" role=\"article\" data-post-id=\"19702\" data-word-count=\"533\" data-headline-length=\"69\" data-category=\"L&#039;Etape Czech Republic\" data-global-category=\"Cycling\" data-author=\"Radek Malina\" data-published=\"2022-11-22T20:54:51+02:00\" data-published-day=\"Tuesday\">\n    <div class=\"entry-thumbnail article-thumbnail\" content=\"https:\/\/d2p6e6u75xmxt8.cloudfront.net\/13\/2022\/11\/ETAPE_Czech_Republic_2023_Long-150x150.webp\"><a href=\"https:\/\/www.welovecycling.com\/cs\/2022\/11\/22\/letape-czech-republic-2023-tri-trasy-a-bradley-wiggins-na-startu\/\" class=\"image-holder\" target=\"_self\"><img decoding=\"async\" loading=\"lazy\" class=\"\" src=\"https:\/\/d2p6e6u75xmxt8.cloudfront.net\/13\/2022\/11\/ETAPE_Czech_Republic_2023_Long-1024x724.webp\" srcset=\"https:\/\/d2p6e6u75xmxt8.cloudfront.net\/13\/2022\/11\/ETAPE_Czech_Republic_2023_Long-scaled.webp 2560w, https:\/\/d2p6e6u75xmxt8.cloudfront.net\/13\/2022\/11\/ETAPE_Czech_Republic_2023_Long-300x212.webp 300w, https:\/\/d2p6e6u75xmxt8.cloudfront.net\/13\/2022\/11\/ETAPE_Czech_Republic_2023_Long-1024x724.webp 1024w, https:\/\/d2p6e6u75xmxt8.cloudfront.net\/13\/2022\/11\/ETAPE_Czech_Republic_2023_Long-768x543.webp 768w, https:\/\/d2p6e6u75xmxt8.cloudfront.net\/13\/2022\/11\/ETAPE_Czech_Republic_2023_Long-1536x1086.webp 1536w, https:\/\/d2p6e6u75xmxt8.cloudfront.net\/13\/2022\/11\/ETAPE_Czech_Republic_2023_Long-2048x1448.webp 2048w, https:\/\/d2p6e6u75xmxt8.cloudfront.net\/13\/2022\/11\/ETAPE_Czech_Republic_2023_Long-1920x1357.webp 1920w, https:\/\/d2p6e6u75xmxt8.cloudfront.net\/13\/2022\/11\/ETAPE_Czech_Republic_2023_Long-1920x1357.webp 1920w\" width=\"1024\" height=\"724\" sizes=\"auto, (min-width: 1200px) 300px, (min-width: 768px) 25vw, 100vw\" alt=\"letape-czech-republic-2023-tri-trasy-a-bradley-wiggins-na-startu\"\/><\/a><\/div>    <div class=\"entry-meta\">\n        <a class=\"label label-secondary post-category\" href=\"https:\/\/www.welovecycling.com\/cs\/category\/letape-czech-republic\/\" title=\"L'Etape Czech Republic\">L'Etape Czech Republic<\/a>\n    <\/div>\n    <div class=\"entry-details\">\n        <a href=\"https:\/\/www.welovecycling.com\/cs\/2022\/11\/22\/letape-czech-republic-2023-tri-trasy-a-bradley-wiggins-na-startu\/\" class='entry-title-wrapper'>\n            <h3 class=\"entry-title\"><span>L\u2019Etape Czech Republic 2023: t\u0159i trasy a Bradley Wiggins na startu<\/span><\/h3>\n        <\/a>\n    <\/div>\n    <\/article>\n<\/div>\n<h2><strong>Startovn\u00e9 na L&#8217;Etape Czech Republic 2023<\/strong><\/h2>\n<p>V\u011bnuje se va\u0161e partnerka cyklistice kr\u00e1tce nebo jezd\u00ed v\u011bt\u0161inu \u010dasu sama, a tak se nec\u00edt\u00ed na velk\u00e9 z\u00e1vod\u011bn\u00ed. Pr\u00e1v\u011b pro ni je skv\u011blou p\u0159\u00edle\u017eitost\u00ed, jak prohloubit vztah k cyklistce, kr\u00e1tk\u00e1 trasa L&#8217;Etape Czech Republic 2023. Na p\u011bta\u0161edes\u00e1ti kilometrech kompletn\u011b uzav\u0159en\u00e9 <a href=\"https:\/\/eshop.sportprozivot.cz\/produkty\/letape-czech-republic\/startovne-na-letape-czech-republic\/\">trasy<\/a> si va\u0161e mil\u00e1 skv\u011ble u\u017eije j\u00edzdu v\u00a0sedle. A ur\u010dit\u011b bude nad\u0161en\u00e1.<\/p>\n<h2><strong>Z\u00e1jezd na Mallorku<\/strong><\/h2>\n<p>Ka\u017ed\u00e1 \u017eena miluje cestov\u00e1n\u00ed a mo\u0159e. Tak spojte p\u0159\u00edjemn\u00e9 s\u00a0u\u017eite\u010dn\u00fdm a darujte ji v\u00fdlet do tepla, kter\u00fd spoj\u00edte s\u00a0cyklistick\u00fdm soust\u0159ed\u011bn\u00edm.<\/p>\n<figure id=\"attachment_11299\" aria-describedby=\"caption-attachment-11299\" style=\"width: 1800px\" class=\"wp-caption alignnone\"><a href=\"https:\/\/d2p6e6u75xmxt8.cloudfront.net\/13\/2021\/01\/F-profimedia-0491051905-mallorka.webp\"><img loading=\"lazy\" decoding=\"async\" class=\"size-full wp-image-11299\" src=\"https:\/\/d2p6e6u75xmxt8.cloudfront.net\/13\/2021\/01\/F-profimedia-0491051905-mallorka.webp\" alt=\"Mallorka \u010di jak\u00fdkoliv v\u00fdlet do tepla p\u0159edstavuje par\u00e1dn\u00ed v\u00e1no\u010dn\u00ed d\u00e1rek pro \u017eeny.\" width=\"1800\" height=\"1201\" srcset=\"https:\/\/d2p6e6u75xmxt8.cloudfront.net\/13\/2021\/01\/F-profimedia-0491051905-mallorka.webp 1800w, https:\/\/d2p6e6u75xmxt8.cloudfront.net\/13\/2021\/01\/F-profimedia-0491051905-mallorka-300x200.webp 300w, https:\/\/d2p6e6u75xmxt8.cloudfront.net\/13\/2021\/01\/F-profimedia-0491051905-mallorka-1024x683.webp 1024w, https:\/\/d2p6e6u75xmxt8.cloudfront.net\/13\/2021\/01\/F-profimedia-0491051905-mallorka-768x512.webp 768w, https:\/\/d2p6e6u75xmxt8.cloudfront.net\/13\/2021\/01\/F-profimedia-0491051905-mallorka-1536x1025.webp 1536w, https:\/\/d2p6e6u75xmxt8.cloudfront.net\/13\/2021\/01\/F-profimedia-0491051905-mallorka-272x182.webp 272w\" sizes=\"auto, (max-width: 1800px) 100vw, 1800px\" \/><\/a><figcaption id=\"caption-attachment-11299\" class=\"wp-caption-text\"><em>Mallorka \u010di jak\u00fdkoliv v\u00fdlet do tepla p\u0159edstavuje par\u00e1dn\u00ed v\u00e1no\u010dn\u00ed d\u00e1rek pro \u017eeny.<\/em><\/figcaption><\/figure>\n<p>M\u016f\u017eete volit variantu po vlastn\u00ed ose, nebo zvolit organizovan\u00fd <a href=\"https:\/\/www.letapeczech.cz\/novinky\/zajezd-do-raje-pro-cyklisty-vsech-vykonnostnich-kategorii-zimni-mallorka\/\">v\u00fdjezd<\/a>, p\u0159i n\u011bm\u017e si u\u017eijete v\u00fdhody skupinov\u00e9ho tr\u00e9ninku. Rozhodn\u011b velice atraktivn\u00ed cyklistick\u00fd d\u00e1rek pro \u017eeny.<\/p>\n<h2><strong>Sedlo<\/strong><\/h2>\n<p>Individu\u00e1ln\u00ed p\u0159\u00edstup podle pohlav\u00ed. Jin\u00e1 varianta pro \u017eeny! \u017d\u00e1dn\u00e1 unifikovan\u00e1 varianta. Sedlo je jedn\u00edm ze t\u0159\u00ed bod\u016f, kter\u00e9 spojuj\u00ed cyklistu s kolem. Sedlo mus\u00ed prost\u011b sed\u011bt. \u010cesk\u00e1 firma Posedla nab\u00edz\u00ed jako prvn\u00ed na sv\u011bt\u011b v\u00fdrobu sedel na m\u00edru pomoc\u00ed technologie 3D tisku. V\u00fdrobci kladou d\u016fraz na komfort, zdrav\u00ed a individu\u00e1ln\u00ed t\u011blesnou schr\u00e1nku ka\u017ed\u00e9ho jedince. Sedlo <a href=\"https:\/\/posedla.com\/products\/joyseat-gift-card\">Joyset<\/a> se vyr\u00e1b\u00ed v\u00a0\u010cesku.<\/p>\n","protected":false},"excerpt":{"rendered":"<p>\u017deny st\u00e1le v\u00edce propadaj\u00ed kouzlu cyklistiky. A te\u010f je ide\u00e1ln\u00ed \u010das je obdarovat. Jak by mohl vypadat ide\u00e1ln\u00ed cyklistick\u00fd d\u00e1rek [&hellip;]<\/p>\n","protected":false},"author":138,"featured_media":19940,"comment_status":"open","ping_status":"open","sticky":false,"template":"","format":"standard","meta":{"footnotes":""},"categories":[2704,15],"tags":[126,2728,9,2069,662,2068,43],"global-categories":[411],"class_list":["post-19889","post","type-post","status-publish","format-standard","has-post-thumbnail","hentry","category-zima2022","category-rady-tipy","tag-cyklistika","tag-darky","tag-silnicni-cyklistika","tag-tipy-na-vanocni-darky-pro-zeny","tag-vanoce","tag-vanocni-darky-pro-zeny","tag-zeny","global-categories-cycling"],"yoast_head":"<!-- This site is optimized with the Yoast SEO Premium plugin v25.3 (Yoast SEO v25.9) - https:\/\/yoast.com\/wordpress\/plugins\/seo\/ -->\n<title>Cyklistick\u00fd d\u00e1rek pro \u017eeny? | \u0160koda We Love Cycling - \u010cesk\u00e1 republika<\/title>\n<meta name=\"description\" content=\"Pokud m\u00e1te doma milovnici kola, d\u00e1rek spojen\u00fd s\u00a0j\u00edzdou v\u00a0sedle bude skv\u011blou variantou. P\u0159in\u00e1\u0161\u00edme tipy na cyklistick\u00e9 d\u00e1rky pro \u017eeny.\" \/>\n<meta name=\"robots\" content=\"index, follow, max-snippet:-1, max-image-preview:large, max-video-preview:-1\" \/>\n<link rel=\"canonical\" href=\"https:\/\/www.welovecycling.com\/cs\/2022\/12\/08\/cyklisticky-darek-pro-zeny\/\" \/>\n<meta property=\"og:locale\" content=\"cs_CZ\" \/>\n<meta property=\"og:type\" content=\"article\" \/>\n<meta property=\"og:title\" content=\"Cyklistick\u00fd d\u00e1rek pro \u017eeny?\" \/>\n<meta property=\"og:description\" content=\"Pokud m\u00e1te doma milovnici kola, d\u00e1rek spojen\u00fd s\u00a0j\u00edzdou v\u00a0sedle bude skv\u011blou variantou. P\u0159in\u00e1\u0161\u00edme tipy na cyklistick\u00e9 d\u00e1rky pro \u017eeny.\" \/>\n<meta property=\"og:url\" content=\"https:\/\/www.welovecycling.com\/cs\/2022\/12\/08\/cyklisticky-darek-pro-zeny\/\" \/>\n<meta property=\"og:site_name\" content=\"\u0160koda We Love Cycling - \u010cesk\u00e1 republika\" \/>\n<meta property=\"article:published_time\" content=\"2022-12-08T18:00:05+00:00\" \/>\n<meta property=\"article:modified_time\" content=\"2022-12-08T22:12:53+00:00\" \/>\n<meta property=\"og:image\" content=\"https:\/\/d2p6e6u75xmxt8.cloudfront.net\/13\/2022\/12\/VANOCE-NOVE-profimedia-0485771264.webp\" \/>\n\t<meta property=\"og:image:width\" content=\"1800\" \/>\n\t<meta property=\"og:image:height\" content=\"1423\" \/>\n\t<meta property=\"og:image:type\" content=\"image\/webp\" \/>\n<meta name=\"author\" content=\"radekmalina\" \/>\n<meta name=\"twitter:card\" content=\"summary_large_image\" \/>\n<meta name=\"twitter:label1\" content=\"Written by\" \/>\n\t<meta name=\"twitter:data1\" content=\"Radek Malina\" \/>\n\t<meta name=\"twitter:label2\" content=\"Est. reading time\" \/>\n\t<meta name=\"twitter:data2\" content=\"5\" \/>\n<script type=\"application\/ld+json\" class=\"yoast-schema-graph\">{\"@context\":\"https:\/\/schema.org\",\"@graph\":[{\"@type\":\"WebPage\",\"@id\":\"https:\/\/www.welovecycling.com\/cs\/2022\/12\/08\/cyklisticky-darek-pro-zeny\/\",\"url\":\"https:\/\/www.welovecycling.com\/cs\/2022\/12\/08\/cyklisticky-darek-pro-zeny\/\",\"name\":\"Cyklistick\u00fd d\u00e1rek pro \u017eeny? | \u0160koda We Love Cycling - \u010cesk\u00e1 republika\",\"isPartOf\":{\"@id\":\"https:\/\/www.welovecycling.com\/cs\/#website\"},\"primaryImageOfPage\":{\"@id\":\"https:\/\/www.welovecycling.com\/cs\/2022\/12\/08\/cyklisticky-darek-pro-zeny\/#primaryimage\"},\"image\":{\"@id\":\"https:\/\/www.welovecycling.com\/cs\/2022\/12\/08\/cyklisticky-darek-pro-zeny\/#primaryimage\"},\"thumbnailUrl\":\"https:\/\/d2p6e6u75xmxt8.cloudfront.net\/13\/2022\/12\/VANOCE-NOVE-profimedia-0485771264.webp\",\"datePublished\":\"2022-12-08T18:00:05+00:00\",\"dateModified\":\"2022-12-08T22:12:53+00:00\",\"author\":{\"@id\":\"https:\/\/www.welovecycling.com\/cs\/#\/schema\/person\/d9eeb0a378f3a7e4a6d12d2b536b04b8\"},\"description\":\"Pokud m\u00e1te doma milovnici kola, d\u00e1rek spojen\u00fd s\u00a0j\u00edzdou v\u00a0sedle bude skv\u011blou variantou. P\u0159in\u00e1\u0161\u00edme tipy na cyklistick\u00e9 d\u00e1rky pro \u017eeny.\",\"inLanguage\":\"cs\",\"potentialAction\":[{\"@type\":\"ReadAction\",\"target\":[\"https:\/\/www.welovecycling.com\/cs\/2022\/12\/08\/cyklisticky-darek-pro-zeny\/\"]}]},{\"@type\":\"ImageObject\",\"inLanguage\":\"cs\",\"@id\":\"https:\/\/www.welovecycling.com\/cs\/2022\/12\/08\/cyklisticky-darek-pro-zeny\/#primaryimage\",\"url\":\"https:\/\/d2p6e6u75xmxt8.cloudfront.net\/13\/2022\/12\/VANOCE-NOVE-profimedia-0485771264.webp\",\"contentUrl\":\"https:\/\/d2p6e6u75xmxt8.cloudfront.net\/13\/2022\/12\/VANOCE-NOVE-profimedia-0485771264.webp\",\"width\":1800,\"height\":1423},{\"@type\":\"WebSite\",\"@id\":\"https:\/\/www.welovecycling.com\/cs\/#website\",\"url\":\"https:\/\/www.welovecycling.com\/cs\/\",\"name\":\"\u0160koda We Love Cycling - \u010cesk\u00e1 republika\",\"description\":\"WeLoveCycling.cz je online magaz\u00edn, kter\u00fd v\u00e1m pravideln\u011b p\u0159in\u00e1\u0161\u00ed rady a tipy, zaj\u00edmav\u00e9 \u010dl\u00e1nky, videa a jedine\u010dn\u00e9 report\u00e1\u017ee ze sv\u011bta cyklistiky.\",\"potentialAction\":[{\"@type\":\"SearchAction\",\"target\":{\"@type\":\"EntryPoint\",\"urlTemplate\":\"https:\/\/www.welovecycling.com\/cs\/?s={search_term_string}\"},\"query-input\":{\"@type\":\"PropertyValueSpecification\",\"valueRequired\":true,\"valueName\":\"search_term_string\"}}],\"inLanguage\":\"cs\"},{\"@type\":\"Person\",\"@id\":\"https:\/\/www.welovecycling.com\/cs\/#\/schema\/person\/d9eeb0a378f3a7e4a6d12d2b536b04b8\",\"name\":\"radekmalina\",\"image\":{\"@type\":\"ImageObject\",\"inLanguage\":\"cs\",\"@id\":\"https:\/\/www.welovecycling.com\/cs\/#\/schema\/person\/image\/\",\"url\":\"https:\/\/secure.gravatar.com\/avatar\/66994b632cb8c39a46b9f54afa3ae07201b678d32a54275b6f1c9ffec356bfc0?s=96&d=mm&r=g\",\"contentUrl\":\"https:\/\/secure.gravatar.com\/avatar\/66994b632cb8c39a46b9f54afa3ae07201b678d32a54275b6f1c9ffec356bfc0?s=96&d=mm&r=g\",\"caption\":\"radekmalina\"},\"url\":\"https:\/\/www.welovecycling.com\/cs\/author\/radekmalina\/\"}]}<\/script>\n<!-- \/ Yoast SEO Premium plugin. -->","yoast_head_json":{"title":"Cyklistick\u00fd d\u00e1rek pro \u017eeny? | \u0160koda We Love Cycling - \u010cesk\u00e1 republika","description":"Pokud m\u00e1te doma milovnici kola, d\u00e1rek spojen\u00fd s\u00a0j\u00edzdou v\u00a0sedle bude skv\u011blou variantou. P\u0159in\u00e1\u0161\u00edme tipy na cyklistick\u00e9 d\u00e1rky pro \u017eeny.","robots":{"index":"index","follow":"follow","max-snippet":"max-snippet:-1","max-image-preview":"max-image-preview:large","max-video-preview":"max-video-preview:-1"},"canonical":"https:\/\/www.welovecycling.com\/cs\/2022\/12\/08\/cyklisticky-darek-pro-zeny\/","og_locale":"cs_CZ","og_type":"article","og_title":"Cyklistick\u00fd d\u00e1rek pro \u017eeny?","og_description":"Pokud m\u00e1te doma milovnici kola, d\u00e1rek spojen\u00fd s\u00a0j\u00edzdou v\u00a0sedle bude skv\u011blou variantou. P\u0159in\u00e1\u0161\u00edme tipy na cyklistick\u00e9 d\u00e1rky pro \u017eeny.","og_url":"https:\/\/www.welovecycling.com\/cs\/2022\/12\/08\/cyklisticky-darek-pro-zeny\/","og_site_name":"\u0160koda We Love Cycling - \u010cesk\u00e1 republika","article_published_time":"2022-12-08T18:00:05+00:00","article_modified_time":"2022-12-08T22:12:53+00:00","og_image":[{"width":1800,"height":1423,"url":"https:\/\/d2p6e6u75xmxt8.cloudfront.net\/13\/2022\/12\/VANOCE-NOVE-profimedia-0485771264.webp","type":"image\/webp"}],"author":"radekmalina","twitter_card":"summary_large_image","twitter_misc":{"Written by":"Radek Malina","Est. reading time":"5"},"schema":{"@context":"https:\/\/schema.org","@graph":[{"@type":"WebPage","@id":"https:\/\/www.welovecycling.com\/cs\/2022\/12\/08\/cyklisticky-darek-pro-zeny\/","url":"https:\/\/www.welovecycling.com\/cs\/2022\/12\/08\/cyklisticky-darek-pro-zeny\/","name":"Cyklistick\u00fd d\u00e1rek pro \u017eeny? | \u0160koda We Love Cycling - \u010cesk\u00e1 republika","isPartOf":{"@id":"https:\/\/www.welovecycling.com\/cs\/#website"},"primaryImageOfPage":{"@id":"https:\/\/www.welovecycling.com\/cs\/2022\/12\/08\/cyklisticky-darek-pro-zeny\/#primaryimage"},"image":{"@id":"https:\/\/www.welovecycling.com\/cs\/2022\/12\/08\/cyklisticky-darek-pro-zeny\/#primaryimage"},"thumbnailUrl":"https:\/\/d2p6e6u75xmxt8.cloudfront.net\/13\/2022\/12\/VANOCE-NOVE-profimedia-0485771264.webp","datePublished":"2022-12-08T18:00:05+00:00","dateModified":"2022-12-08T22:12:53+00:00","author":{"@id":"https:\/\/www.welovecycling.com\/cs\/#\/schema\/person\/d9eeb0a378f3a7e4a6d12d2b536b04b8"},"description":"Pokud m\u00e1te doma milovnici kola, d\u00e1rek spojen\u00fd s\u00a0j\u00edzdou v\u00a0sedle bude skv\u011blou variantou. P\u0159in\u00e1\u0161\u00edme tipy na cyklistick\u00e9 d\u00e1rky pro \u017eeny.","inLanguage":"cs","potentialAction":[{"@type":"ReadAction","target":["https:\/\/www.welovecycling.com\/cs\/2022\/12\/08\/cyklisticky-darek-pro-zeny\/"]}]},{"@type":"ImageObject","inLanguage":"cs","@id":"https:\/\/www.welovecycling.com\/cs\/2022\/12\/08\/cyklisticky-darek-pro-zeny\/#primaryimage","url":"https:\/\/d2p6e6u75xmxt8.cloudfront.net\/13\/2022\/12\/VANOCE-NOVE-profimedia-0485771264.webp","contentUrl":"https:\/\/d2p6e6u75xmxt8.cloudfront.net\/13\/2022\/12\/VANOCE-NOVE-profimedia-0485771264.webp","width":1800,"height":1423},{"@type":"WebSite","@id":"https:\/\/www.welovecycling.com\/cs\/#website","url":"https:\/\/www.welovecycling.com\/cs\/","name":"\u0160koda We Love Cycling - \u010cesk\u00e1 republika","description":"WeLoveCycling.cz je online magaz\u00edn, kter\u00fd v\u00e1m pravideln\u011b p\u0159in\u00e1\u0161\u00ed rady a tipy, zaj\u00edmav\u00e9 \u010dl\u00e1nky, videa a jedine\u010dn\u00e9 report\u00e1\u017ee ze sv\u011bta cyklistiky.","potentialAction":[{"@type":"SearchAction","target":{"@type":"EntryPoint","urlTemplate":"https:\/\/www.welovecycling.com\/cs\/?s={search_term_string}"},"query-input":{"@type":"PropertyValueSpecification","valueRequired":true,"valueName":"search_term_string"}}],"inLanguage":"cs"},{"@type":"Person","@id":"https:\/\/www.welovecycling.com\/cs\/#\/schema\/person\/d9eeb0a378f3a7e4a6d12d2b536b04b8","name":"radekmalina","image":{"@type":"ImageObject","inLanguage":"cs","@id":"https:\/\/www.welovecycling.com\/cs\/#\/schema\/person\/image\/","url":"https:\/\/secure.gravatar.com\/avatar\/66994b632cb8c39a46b9f54afa3ae07201b678d32a54275b6f1c9ffec356bfc0?s=96&d=mm&r=g","contentUrl":"https:\/\/secure.gravatar.com\/avatar\/66994b632cb8c39a46b9f54afa3ae07201b678d32a54275b6f1c9ffec356bfc0?s=96&d=mm&r=g","caption":"radekmalina"},"url":"https:\/\/www.welovecycling.com\/cs\/author\/radekmalina\/"}]}},"_links":{"self":[{"href":"https:\/\/www.welovecycling.com\/cs\/wp-json\/wp\/v2\/posts\/19889","targetHints":{"allow":["GET"]}}],"collection":[{"href":"https:\/\/www.welovecycling.com\/cs\/wp-json\/wp\/v2\/posts"}],"about":[{"href":"https:\/\/www.welovecycling.com\/cs\/wp-json\/wp\/v2\/types\/post"}],"author":[{"embeddable":true,"href":"https:\/\/www.welovecycling.com\/cs\/wp-json\/wp\/v2\/users\/138"}],"replies":[{"embeddable":true,"href":"https:\/\/www.welovecycling.com\/cs\/wp-json\/wp\/v2\/comments?post=19889"}],"version-history":[{"count":2,"href":"https:\/\/www.welovecycling.com\/cs\/wp-json\/wp\/v2\/posts\/19889\/revisions"}],"predecessor-version":[{"id":19933,"href":"https:\/\/www.welovecycling.com\/cs\/wp-json\/wp\/v2\/posts\/19889\/revisions\/19933"}],"wp:featuredmedia":[{"embeddable":true,"href":"https:\/\/www.welovecycling.com\/cs\/wp-json\/wp\/v2\/media\/19940"}],"wp:attachment":[{"href":"https:\/\/www.welovecycling.com\/cs\/wp-json\/wp\/v2\/media?parent=19889"}],"wp:term":[{"taxonomy":"category","embeddable":true,"href":"https:\/\/www.welovecycling.com\/cs\/wp-json\/wp\/v2\/categories?post=19889"},{"taxonomy":"post_tag","embeddable":true,"href":"https:\/\/www.welovecycling.com\/cs\/wp-json\/wp\/v2\/tags?post=19889"},{"taxonomy":"global-categories","embeddable":true,"href":"https:\/\/www.welovecycling.com\/cs\/wp-json\/wp\/v2\/global-categories?post=19889"}],"curies":[{"name":"wp","href":"https:\/\/api.w.org\/{rel}","templated":true}]}}