{"id":19728,"date":"2022-11-29T17:00:55","date_gmt":"2022-11-29T15:00:55","guid":{"rendered":"https:\/\/www.welovecycling.com\/cs\/?p=19728"},"modified":"2022-11-27T22:03:27","modified_gmt":"2022-11-27T20:03:27","slug":"frantisek-trkal-dvakrat-odmitl-lampre-niceho-nelituji","status":"publish","type":"post","link":"https:\/\/www.welovecycling.com\/cs\/2022\/11\/29\/frantisek-trkal-dvakrat-odmitl-lampre-niceho-nelituji\/","title":{"rendered":"Franti\u0161ek Trkal, nov\u00fd tren\u00e9r Dukly, dvakr\u00e1t odm\u00edtl Lampre: Ni\u010deho nelituji"},"content":{"rendered":"<p><strong>Je rekordmanem v po\u010dtu \u00fa\u010dast\u00ed na Z\u00e1vodu m\u00edru (10 x), startoval na mistrovstv\u00ed sv\u011bta i olympijsk\u00fdch hr\u00e1ch. Franti\u0161ek Trkal (52) b\u00fdval skv\u011bl\u00fdm sprinterem i \u010dasovk\u00e1\u0159em. V\u0161ak m\u00e1 tak\u00e9 st\u0159\u00edbro z \u010dasovky dru\u017estev na MS junior\u016f, doma z\u00edskal t\u0159i tituly v \u010dasovce jednotlivc\u016f a z mistrovstv\u00ed republiky m\u00e1 i \u0159adu dal\u0161\u00edch medail\u00ed.<\/strong><\/p>\n<p>Odchovanec cyklistiky v Lan\u0161kroun\u011b dok\u00e1zal dvakr\u00e1t vyhr\u00e1t z\u00e1vod Kolem Slovenska, byl druh\u00fd Kolem Rakouska. V\u011bt\u0161\u00ed \u010d\u00e1st kari\u00e9ry spojil s t\u00fdmem Ji\u0159\u00edho \u017den\u00ed\u0161ka Husqvarna-ZVVZ a jeho pozd\u011bj\u0161\u00edmi pozm\u011bn\u011bn\u00fdmi n\u00e1zvy. Dvakr\u00e1t dostal nab\u00eddku z tehdej\u0161\u00edho hv\u011bzdn\u00e9ho t\u00fdmu Lampre z nejvy\u0161\u0161\u00ed divize, ale poka\u017ed\u00e9 odm\u00edtl.<\/p>\n<p>Po skon\u010den\u00ed aktivn\u00ed kari\u00e9ry p\u0159e\u0161el v roce 2005 do role tren\u00e9ra. Nejd\u0159\u00edv v CK P\u0159\u00edbram, pak p\u016fsobil 12 let ve Favoritu Brno a nyn\u00ed je nov\u011b tren\u00e9rem junior\u016f v Dukle Praha.\u00a0Nejen o tom, pro\u010d kdysi odm\u00edtl Lampre, ale i o b\u00e1je\u010dn\u00fdch letech u Ji\u0159\u00edho \u017den\u00ed\u0161ka, respektu k\u00a0tehdej\u0161\u00edmu Z\u00e1vodu m\u00edru, jeho\u017e se stal legendou, ale i p\u0159echodu do tren\u00e9rsk\u00e9 pozice, hovo\u0159\u00ed Trkal ve zpov\u011bdi pro We Love Cycling.<\/p>\n<h2><strong>Jak vzpom\u00edn\u00e1te na roky, kdy v\u00e1m hodilo laso Lampre?<\/strong><\/h2>\n<p>Dostal jsem nab\u00eddku dvakr\u00e1t. V letech 1994 a 1995. Jezdil jsem u Jirky \u017den\u00ed\u0161ka, kde byl hodn\u011b perspektivn\u00ed t\u00fdm s v\u00fdborn\u00fdm z\u00e1zem\u00edm i z\u00e1vodn\u00edm programem a taky nab\u00edzel spoustu mo\u017enost\u00ed prosadit se. J\u00e1 v n\u011bm byl l\u00eddrem, m\u011bli jsme skv\u011blou partu. Poka\u017ed\u00e9, kdy\u017e nab\u00eddka z Lampre p\u0159i\u0161la, hodn\u011b jsem v\u0161e zva\u017eoval. Mohl jsem nakouknout do nejvy\u0161\u0161\u00edch pater cyklistiky, ale v obou p\u0159\u00edpadech jsem se rozhodl z\u016fstat. Byl to velk\u00fd mezn\u00edk.<\/p>\n<h2><strong>Mrz\u00ed v\u00e1s to s\u00a0odstupem \u0159ady let?<\/strong><\/h2>\n<p>Ur\u010dit\u011b ni\u010deho nelituju, m\u011bl jsem p\u011bknou kari\u00e9ru. Ale zaj\u00edmalo by m\u011b, jak bych se v Lampre prosadil, to ano. Tehdy jsem dal mo\u017en\u00e1 p\u0159ednost n\u011bjak\u00e9 jistot\u011b. \u010clov\u011bk je l\u00eddrem, vyhr\u00e1v\u00e1, tam by \u0161el skoro jako nezn\u00e1m\u00fd a ze za\u010d\u00e1tku hlavn\u011b jako domestik. Nov\u00e9 prost\u0159ed\u00ed, nov\u00e1 \u0159e\u010d. M\u011bl jsem taky rodinu, ale man\u017eelka s malou dcerou by m\u011b rozhodn\u011b podpo\u0159ila, pokud bych se rozhodl do tohoto sv\u011bta nakouknout. T\u011bch faktor\u016f bylo v\u00edc. A roky u \u017dendy nakonec byly jedny z nejhez\u010d\u00edch v moj\u00ed kari\u00e9\u0159e. V roce 1995 jsem byl podle UCI bod\u016f druh\u00fd nejlep\u0161\u00ed amat\u00e9rsk\u00fd cyklista v Evrop\u011b.<\/p>\n<figure id=\"attachment_19730\" aria-describedby=\"caption-attachment-19730\" style=\"width: 1021px\" class=\"wp-caption alignnone\"><a href=\"https:\/\/d2p6e6u75xmxt8.cloudfront.net\/13\/2022\/11\/trkal-3.webp\"><img loading=\"lazy\" decoding=\"async\" class=\"size-full wp-image-19730\" src=\"https:\/\/d2p6e6u75xmxt8.cloudfront.net\/13\/2022\/11\/trkal-3.webp\" alt=\"Franti\u0161ek Trkal je\u0161t\u011b v dob\u00e1ch aktivn\u00ed kari\u00e9ry.\" width=\"1021\" height=\"1362\" srcset=\"https:\/\/d2p6e6u75xmxt8.cloudfront.net\/13\/2022\/11\/trkal-3.webp 1021w, https:\/\/d2p6e6u75xmxt8.cloudfront.net\/13\/2022\/11\/trkal-3-225x300.webp 225w, https:\/\/d2p6e6u75xmxt8.cloudfront.net\/13\/2022\/11\/trkal-3-768x1025.webp 768w\" sizes=\"auto, (max-width: 1021px) 100vw, 1021px\" \/><\/a><figcaption id=\"caption-attachment-19730\" class=\"wp-caption-text\"><em>Franti\u0161ek Trkal je\u0161t\u011b v dob\u00e1ch aktivn\u00ed kari\u00e9ry. Foto: archiv Franti\u0161ka Trkala<\/em><\/figcaption><\/figure>\n<h2><strong>Nel\u00e1kalo v\u00e1s ani finan\u010dn\u00ed hledisko?<\/strong><\/h2>\n<p>Mn\u011b tenkr\u00e1t bylo n\u011bjak\u00fdch \u010dty\u0159iadvacet a na pen\u00edze jsem samoz\u0159ejm\u011b taky koukal. Ka\u017ed\u00fd hled\u00ed vedle sv\u00fdch sportovn\u00edch sn\u016f i na to, aby se aspo\u0148 trochu zabezpe\u010dil. A tady finan\u010dn\u00ed podm\u00ednky tenkr\u00e1t byly skv\u011bl\u00e9. Tud\u00ed\u017e m\u011b to nenutilo odch\u00e1zet za ka\u017edou cenu.<\/p>\n<h2><strong>I proto, \u017ee jste m\u011bli garantovan\u00fd skv\u011bl\u00fd program.<\/strong><\/h2>\n<p>Je to pravda, Jirka \u017den\u00ed\u0161ek byl skv\u011bl\u00fd mana\u017eer a dok\u00e1zal sehnat v\u00fdborn\u00e9 z\u00e1vody. Jezdili jsme do N\u011bmecka, Rakouska, Francie, Lucemburska\u2026 V\u0161echno kvalitn\u00ed starty. Za rok jsem m\u011bl najeto 30 tis\u00edc kilometr\u016f a t\u0159etina z\u00a0toho byly kilometry z\u00e1vodn\u00ed. D\u00edky tomu jsme hodn\u011b rostli.<\/p>\n<h2><strong>Kdy\u017e se ohl\u00e9dnete za svou kari\u00e9rou, jak\u00e1 byla?<\/strong><\/h2>\n<p>Ur\u010dit\u011b dobr\u00e1, splnil jsem si \u0159adu sn\u016f. Byl jsem na olympi\u00e1d\u011b, mistrovstv\u00ed sv\u011bta, desetkr\u00e1t jsem jel Z\u00e1vod m\u00edru, co\u017e byl hlavn\u011b za minul\u00e9ho re\u017eimu pro cyklisty u n\u00e1s absolutn\u00ed vrchol.<\/p>\n<figure id=\"attachment_19731\" aria-describedby=\"caption-attachment-19731\" style=\"width: 1016px\" class=\"wp-caption alignnone\"><a href=\"https:\/\/d2p6e6u75xmxt8.cloudfront.net\/13\/2022\/11\/trkal-4.webp\"><img loading=\"lazy\" decoding=\"async\" class=\"size-full wp-image-19731\" src=\"https:\/\/d2p6e6u75xmxt8.cloudfront.net\/13\/2022\/11\/trkal-4.webp\" alt=\"Franti\u0161ek Trkal\" width=\"1016\" height=\"1354\" srcset=\"https:\/\/d2p6e6u75xmxt8.cloudfront.net\/13\/2022\/11\/trkal-4.webp 1016w, https:\/\/d2p6e6u75xmxt8.cloudfront.net\/13\/2022\/11\/trkal-4-225x300.webp 225w, https:\/\/d2p6e6u75xmxt8.cloudfront.net\/13\/2022\/11\/trkal-4-768x1023.webp 768w\" sizes=\"auto, (max-width: 1016px) 100vw, 1016px\" \/><\/a><figcaption id=\"caption-attachment-19731\" class=\"wp-caption-text\"><em>Franti\u0161ek Trkal u\u017e v barv\u00e1ch nov\u00e9ho zam\u011bstnavatele z Dukly Praha.<\/em><\/figcaption><\/figure>\n<h2><strong>\u010ceho si nejv\u00edc v\u00e1\u017e\u00edte?<\/strong><\/h2>\n<p>Jsou to sp\u00ed\u0161 takov\u00e9 mezn\u00edky. V juniorech jsme z\u00edskali st\u0159\u00edbro na mistrovstv\u00ed sv\u011bta v \u010dasovce dru\u017estev, na olympi\u00e1d\u011b v Barcelon\u011b jsme v \u010dasovce dru\u017estev skon\u010dili osm\u00ed a v silni\u010dn\u00edm z\u00e1vod\u011b jsem dojel p\u011btadvac\u00e1t\u00fd. Hodn\u011b si cen\u00edm druh\u00e9ho m\u00edsta na z\u00e1vod\u011b Kolem Rakouska v roce 1996, i dvou prvenstv\u00ed Kolem Slovenska. V roce 1994 jsem byl na mistrovstv\u00ed sv\u011bta patn\u00e1ct\u00fd v \u010dasovce. To byl prvn\u00ed rok, co se spojil amat\u00e9rsk\u00fd a profesion\u00e1ln\u00ed peloton. Tenkr\u00e1t vyhr\u00e1l Boardman a moje patn\u00e1ct\u00e9 m\u00edsto v t\u00e9 konkurenci nebylo ur\u010dit\u011b \u0161patn\u00e9. V podstat\u011b si v\u00e1\u017e\u00edm ka\u017ed\u00e9ho dobr\u00e9ho v\u00fdsledku a hlavn\u011b v\u00edt\u011bzstv\u00ed. Proto\u017ee vyhr\u00e1t jak\u00fdkoliv z\u00e1vod je t\u011b\u017ek\u00e9. V\u00edt\u011bzn\u00fdm typem se \u010dlov\u011bk mus\u00ed narodit, ka\u017ed\u00fd to v sob\u011b nem\u00e1. Jsem r\u00e1d, \u017ee j\u00e1 byl mezi t\u011bmi vyvolen\u00fdmi.<\/p>\n<h2><strong>V\u00a0Z\u00e1vodu m\u00edru jste \u010desk\u00fdm rekordmanem v\u00a0po\u010dtu start\u016f. Jednou jste byl druh\u00fd a t\u0159et\u00ed celkov\u011b a vyhr\u00e1l jste i \u010dty\u0159i etapy.<\/strong><\/h2>\n<p>Tenkr\u00e1t to u n\u00e1s byl absolutn\u00ed vrchol. Kdy\u017e byl \u010dlov\u011bk mal\u00fd kluk, nesnil o Tour de France, proto\u017ee j\u00ed v podstat\u011b neznal, ale o Z\u00e1vodu m\u00edru. Vys\u00edlala ho televize, kdy\u017e vedle trasa n\u011bkde bl\u00edzko kolem n\u00e1s, chodili jsme se d\u00edvat. Obdivoval jsem Klasu, \u0160kodu, Jur\u010da a dal\u0161\u00ed. V r\u00e1mci Evropy to byl pro amat\u00e9ry jeden z nejv\u011bt\u0161\u00edch z\u00e1vod\u016f. A jsem r\u00e1d, \u017ee jsem se do d\u011bjin z\u00e1vodu mohl n\u011bjak\u00fdm zp\u016fsobem zapsat.<\/p>\n<div class=\"shortcode-ys-post-pinup\"><article class=\"loop-simple post-19689 post type-post status-publish format-standard has-post-thumbnail hentry category-letape-czech-republic category-silnicni-cyklistika tag-ambasador-letape-czech-republic-by-tour-de-france-2023 tag-bradley-wiggins tag-cyklistika tag-drahova-cyklistika tag-letape-czech-republic-by-le-tour-de-france-2023 tag-rytir tag-silnicni-cyklistika tag-tour-de-france global-categories-cycling\" data-postid=\"19689\" role=\"article\" data-post-id=\"19689\" data-word-count=\"1207\" data-headline-length=\"94\" data-category=\"L&#039;Etape Czech Republic\" data-global-category=\"Cycling\" data-author=\"Radek Malina\" data-published=\"2022-11-23T13:09:14+02:00\" data-published-day=\"Wednesday\">\n    <div class=\"entry-thumbnail article-thumbnail\" content=\"https:\/\/d2p6e6u75xmxt8.cloudfront.net\/13\/2022\/11\/Wiggin-titulprofimedia-0138388246-150x150.webp\"><a href=\"https:\/\/www.welovecycling.com\/cs\/2022\/11\/23\/bradley-wiggins-po-zlatem-vylovu-propadl-alkoholu-aby-se-vratil-jako-kral-tour-de-france\/\" class=\"image-holder\" target=\"_self\"><img decoding=\"async\" loading=\"lazy\" class=\"\" src=\"https:\/\/d2p6e6u75xmxt8.cloudfront.net\/13\/2022\/11\/Wiggin-titulprofimedia-0138388246-1024x682.webp\" srcset=\"https:\/\/d2p6e6u75xmxt8.cloudfront.net\/13\/2022\/11\/Wiggin-titulprofimedia-0138388246.webp 1800w, https:\/\/d2p6e6u75xmxt8.cloudfront.net\/13\/2022\/11\/Wiggin-titulprofimedia-0138388246-300x200.webp 300w, https:\/\/d2p6e6u75xmxt8.cloudfront.net\/13\/2022\/11\/Wiggin-titulprofimedia-0138388246-1024x682.webp 1024w, https:\/\/d2p6e6u75xmxt8.cloudfront.net\/13\/2022\/11\/Wiggin-titulprofimedia-0138388246-768x511.webp 768w, https:\/\/d2p6e6u75xmxt8.cloudfront.net\/13\/2022\/11\/Wiggin-titulprofimedia-0138388246-1536x1022.webp 1536w, https:\/\/d2p6e6u75xmxt8.cloudfront.net\/13\/2022\/11\/Wiggin-titulprofimedia-0138388246-272x182.webp 272w\" width=\"1024\" height=\"682\" sizes=\"auto, (min-width: 1200px) 300px, (min-width: 768px) 25vw, 100vw\" alt=\"bradley-wiggins-po-zlatem-vylovu-propadl-alkoholu-aby-se-vratil-jako-kral-tour-de-france\"\/><\/a><\/div>    <div class=\"entry-meta\">\n        <a class=\"label label-secondary post-category\" href=\"https:\/\/www.welovecycling.com\/cs\/category\/letape-czech-republic\/\" title=\"L'Etape Czech Republic\">L'Etape Czech Republic<\/a>\n    <\/div>\n    <div class=\"entry-details\">\n        <a href=\"https:\/\/www.welovecycling.com\/cs\/2022\/11\/23\/bradley-wiggins-po-zlatem-vylovu-propadl-alkoholu-aby-se-vratil-jako-kral-tour-de-france\/\" class='entry-title-wrapper'>\n            <h3 class=\"entry-title\"><span>Bradley Wiggins: po zlat\u00e9m v\u00fdlovu propadl alkoholu, aby se vr\u00e1til jako kr\u00e1l Tour de France<\/span><\/h3>\n        <\/a>\n    <\/div>\n    <\/article>\n<\/div>\n<h2><strong>Kdy\u017e jste v roce 2004 kari\u00e9ru kon\u010dil, v podstat\u011b hned jste sko\u010dil do tren\u00e9rsk\u00e9 funkce. V\u011bd\u011bl jste v\u017edy, \u017ee chcete tr\u00e9novat?<\/strong><\/h2>\n<p>Asi to tak n\u011bjak vyplynulo. B\u011bhem aktivn\u00ed kari\u00e9ry jsem z\u00edskal spoustu zku\u0161enost\u00ed a v\u011bd\u011bl jsem, \u017ee je chci p\u0159ed\u00e1vat d\u00e1l. V\u017edy \u0159\u00edk\u00e1m, \u017ee je pro tren\u00e9ra lep\u0161\u00ed, kdy\u017e byl i dobr\u00fd z\u00e1vodn\u00edk. Ale taky automaticky neznamen\u00e1, \u017ee z dobr\u00e9ho z\u00e1vodn\u00edka bude v\u017edy kvalitn\u00ed tren\u00e9r. Ve sv\u00e9 profesi ze z\u00e1vodnick\u00e9 minulosti hodn\u011b t\u011b\u017e\u00edm. \u010clov\u011bk se l\u00edp dok\u00e1\u017ee v\u017e\u00edt do n\u011bkter\u00fdch situac\u00ed, kdy\u017e je s\u00e1m za\u017e\u00edval jako z\u00e1vodn\u00edk.<\/p>\n<h2><strong>Jak\u00fd jste tren\u00e9r?<\/strong><\/h2>\n<p>Sp\u00ed\u0161 takov\u00fd, kter\u00fd hodn\u011b mluv\u00ed, sna\u017e\u00ed se vysv\u011btlovat, opakovat, p\u0159ipom\u00ednat a m\u00e9n\u011b p\u00ed\u0161e na pap\u00edr. Moc d\u016fle\u017eit\u00e1 je pro m\u011b parta. Chci kluky v\u017edy naladit na spr\u00e1vnou vlnu. Um\u00edm pochv\u00e1lit, ale kdy\u017e vid\u00edm, \u017ee se prohraje bez boje, tak to dok\u00e1\u017eu d\u00e1t taky najevo. Hodn\u011b v\u0161echno s kluky pro\u017e\u00edv\u00e1m, m\u00e1m radost z jejich \u00fasp\u011bch\u016f. Kdyby to tak nebylo, nemohl bych pr\u00e1ci tren\u00e9ra d\u011blat.<\/p>\n<h2><strong>Jako tren\u00e9r jste str\u00e1vil dvan\u00e1ct let ve Favoritu, nyn\u00ed jste \u201ep\u0159estoupil\u201c do Dukly Praha. Pro\u010d vlastn\u011b do\u0161lo k t\u00e9to zm\u011bn\u011b?<\/strong><\/h2>\n<p>Ve Favoritu jsem v posledn\u00ed dob\u011b c\u00edtil rozd\u00edln\u00fd n\u00e1hled na priority odd\u00edlu. J\u00e1 se v\u017edy sna\u017eil razit cestu, \u017ee z\u00e1kladem je silnice a z kvalitn\u00edho z\u00e1vodn\u00edho programu na silnici jsme schopni zajet i vrcholn\u00e9 akce na dr\u00e1ze. Z m\u00e9ho pohledu je to spr\u00e1vn\u00e1 vize, \u0159ada elitn\u00edch silni\u010d\u00e1\u0159\u016f to tak d\u011bl\u00e1 a jsou schopn\u00ed z\u00edsk\u00e1vat medaile i na dr\u00e1ze. Od veden\u00ed jsem v\u0161ak c\u00edtil, \u017ee by to cht\u011bli oto\u010dit a v\u00edce sm\u011b\u0159ovat k dr\u00e1ze. J\u00e1 se s touto viz\u00ed ztoto\u017enit nedok\u00e1zal, proto do\u0161lo k dohod\u011b o ukon\u010den\u00ed spolupr\u00e1ce. Kdy\u017e tam nen\u00ed stoprocentn\u00ed shoda, nem\u016f\u017ee to d\u00e1l fungovat.<\/p>\n<figure id=\"attachment_19729\" aria-describedby=\"caption-attachment-19729\" style=\"width: 1920px\" class=\"wp-caption alignnone\"><a href=\"https:\/\/d2p6e6u75xmxt8.cloudfront.net\/13\/2022\/11\/trkal-1-scaled.webp\"><img loading=\"lazy\" decoding=\"async\" class=\"size-extra-large wp-image-19729\" src=\"https:\/\/d2p6e6u75xmxt8.cloudfront.net\/13\/2022\/11\/trkal-1-1920x1277.webp\" alt=\"Franti\u0161ek Trkal\" width=\"1920\" height=\"1277\" srcset=\"https:\/\/d2p6e6u75xmxt8.cloudfront.net\/13\/2022\/11\/trkal-1-1920x1277.webp 1920w, https:\/\/d2p6e6u75xmxt8.cloudfront.net\/13\/2022\/11\/trkal-1-300x200.webp 300w, https:\/\/d2p6e6u75xmxt8.cloudfront.net\/13\/2022\/11\/trkal-1-1024x681.webp 1024w, https:\/\/d2p6e6u75xmxt8.cloudfront.net\/13\/2022\/11\/trkal-1-768x511.webp 768w, https:\/\/d2p6e6u75xmxt8.cloudfront.net\/13\/2022\/11\/trkal-1-1536x1022.webp 1536w, https:\/\/d2p6e6u75xmxt8.cloudfront.net\/13\/2022\/11\/trkal-1-2048x1362.webp 2048w, https:\/\/d2p6e6u75xmxt8.cloudfront.net\/13\/2022\/11\/trkal-1-272x182.webp 272w, https:\/\/d2p6e6u75xmxt8.cloudfront.net\/13\/2022\/11\/trkal-1-1920x1277.webp 1920w\" sizes=\"auto, (max-width: 1920px) 100vw, 1920px\" \/><\/a><figcaption id=\"caption-attachment-19729\" class=\"wp-caption-text\"><em>Franti\u0161ek Trkal pro\u017eil dvan\u00e1ct let ve Favoritu Brno.<\/em><\/figcaption><\/figure>\n<h2><strong>A p\u0159ijal jste nab\u00eddku z\u00a0Dukly\u2026<\/strong><\/h2>\n<p>Prvn\u00ed kontakt prob\u011bhl n\u011bkdy v l\u00e9t\u011b. Ur\u010dit\u011b jsem cht\u011bl d\u00e1l pokra\u010dovat v cyklistice a Dukla mi d\u00e1vala velk\u00fd smysl. V\u017edy jsem ji vn\u00edmal tak, \u017ee je to v\u00fdb\u011brov\u00fd t\u00fdm, kde jsou nejlep\u0161\u00ed. Alespo\u0148 za m\u00fdch mlad\u00fdch let to tak bylo. Chodili tam \u0161pi\u010dkov\u00ed z\u00e1vodn\u00edci a jm\u00e9no Dukla byl pojem. Moje vize je takov\u00e1, \u017ee se do budoucna pokus\u00edme v Dukle vytvo\u0159it elitn\u00ed juniorsk\u00fd t\u00fdm. C\u00edt\u00edm to jako velkou v\u00fdzvu a novou motivaci. Nav\u00edc u\u017e rok a p\u016fl \u017eiji v Praze a odpadlo i cestov\u00e1n\u00ed.<\/p>\n<div class=\"shortcode-ys-post-pinup\"><article class=\"loop-simple post-19652 post type-post status-publish format-standard has-post-thumbnail hentry category-silnicni-cyklistika tag-alpe-dhuez tag-col-du-granon tag-cyklistika tag-giro-di-italia tag-grand-tour tag-jai-hindley tag-jay-vine tag-jonas-vingegaard tag-la-super-planche-des-belles-filles tag-passo-fedaia tag-penas-blancas tag-remco-evenepoel tag-silnicni-cyklistika tag-tadej-pogacar tag-tour-de-france tag-vuelta tag-watty-na-kilogram global-categories-cycling\" data-postid=\"19652\" role=\"article\" data-post-id=\"19652\" data-word-count=\"582\" data-headline-length=\"78\" data-category=\"Silni\u010dn\u00ed cyklistika\" data-global-category=\"Cycling\" data-author=\"We Love Cycling\" data-published=\"2022-11-17T11:00:42+02:00\" data-published-day=\"Thursday\">\n    <div class=\"entry-thumbnail article-thumbnail\" content=\"https:\/\/d2p6e6u75xmxt8.cloudfront.net\/13\/2022\/09\/evenepoel-Vuelta-II-150x150.webp\"><a href=\"https:\/\/www.welovecycling.com\/cs\/2022\/11\/17\/jaka-z-letosnich-grand-tour-byla-nejtvrdsi-a-ktera-nabidla-nadpozemske-vykony-ve-wattech\/\" class=\"image-holder\" target=\"_self\"><img decoding=\"async\" loading=\"lazy\" class=\"\" src=\"https:\/\/d2p6e6u75xmxt8.cloudfront.net\/13\/2022\/09\/evenepoel-Vuelta-II-1024x682.webp\" srcset=\"https:\/\/d2p6e6u75xmxt8.cloudfront.net\/13\/2022\/09\/evenepoel-Vuelta-II.webp 2000w, https:\/\/d2p6e6u75xmxt8.cloudfront.net\/13\/2022\/09\/evenepoel-Vuelta-II-300x200.webp 300w, https:\/\/d2p6e6u75xmxt8.cloudfront.net\/13\/2022\/09\/evenepoel-Vuelta-II-1024x682.webp 1024w, https:\/\/d2p6e6u75xmxt8.cloudfront.net\/13\/2022\/09\/evenepoel-Vuelta-II-768x512.webp 768w, https:\/\/d2p6e6u75xmxt8.cloudfront.net\/13\/2022\/09\/evenepoel-Vuelta-II-1536x1024.webp 1536w, https:\/\/d2p6e6u75xmxt8.cloudfront.net\/13\/2022\/09\/evenepoel-Vuelta-II-1920x1280.webp 1920w, https:\/\/d2p6e6u75xmxt8.cloudfront.net\/13\/2022\/09\/evenepoel-Vuelta-II-272x182.webp 272w, https:\/\/d2p6e6u75xmxt8.cloudfront.net\/13\/2022\/09\/evenepoel-Vuelta-II-1920x1280.webp 1920w\" width=\"1024\" height=\"682\" sizes=\"auto, (min-width: 1200px) 300px, (min-width: 768px) 25vw, 100vw\" alt=\"jaka-z-letosnich-grand-tour-byla-nejtvrdsi-a-ktera-nabidla-nadpozemske-vykony-ve-wattech\"\/><\/a><\/div>    <div class=\"entry-meta\">\n        <a class=\"label label-secondary post-category\" href=\"https:\/\/www.welovecycling.com\/cs\/category\/silnicni-cyklistika\/\" title=\"Silni\u010dn\u00ed cyklistika\">Silni\u010dn\u00ed cyklistika<\/a>\n    <\/div>\n    <div class=\"entry-details\">\n        <a href=\"https:\/\/www.welovecycling.com\/cs\/2022\/11\/17\/jaka-z-letosnich-grand-tour-byla-nejtvrdsi-a-ktera-nabidla-nadpozemske-vykony-ve-wattech\/\" class='entry-title-wrapper'>\n            <h3 class=\"entry-title\"><span>Kter\u00e1 Grand Tour byla nejtvrd\u0161\u00ed a nab\u00eddla nadpozemsk\u00e9 v\u00fdkony ve wattech?<\/span><\/h3>\n        <\/a>\n    <\/div>\n    <\/article>\n<\/div>\n<h2><strong>Za dobu, co tr\u00e9nujete, v\u00e1m rukama pro\u0161la \u0159ada talent\u016f. Koho byste vyzdvihl?<\/strong><\/h2>\n<p>V r\u00e1mci Favoritu to byli Schlegel, Turek, Kukrle, Neuman, te\u010f naposledy t\u0159eba Teleck\u00fd. V P\u0159\u00edbrami jsem m\u011bl Franti\u0161ka Pa\u010foura, to byl hodn\u011b poctiv\u00fd kluk. Ale t\u011bch lid\u00ed bylo daleko v\u00edc. V\u017edy jsem m\u011bl radost, kdy\u017e se \u010dlov\u011bk posunul t\u0159eba z Favoritu n\u011bkam d\u00e1l a pak ho vid\u00edm na velk\u00fdch sv\u011btov\u00fdch z\u00e1vodech.<\/p>\n<h2><strong>Jak moc se zm\u011bnila cyklistika od doby, co jste skon\u010dil jako z\u00e1vodn\u00edk?<\/strong><\/h2>\n<p>V\u017edy se \u0159\u00edk\u00e1, \u017ee cyklistika je jen jedna a n\u011bco na tom bude. Z\u00e1klady mus\u00ed b\u00fdt stejn\u00e9, \u010dlov\u011bk si to na kole prost\u011b mus\u00ed odsed\u011bt\u2026 Obrovsk\u00fd krok kup\u0159edu ud\u011blal materi\u00e1l, vylep\u0161ily se nejr\u016fzn\u011bj\u0161\u00ed technologie. D\u00edky wattmetr\u016fm se v\u0161e hodn\u011b posunulo. Kdy\u017e s t\u00edm tren\u00e9r um\u00ed pracovat, je to velmi dobr\u00fd po\u010din na zp\u011btnou vazbu. Tr\u00e9ninky se daj\u00ed zefektivnit. V samotn\u00fdch z\u00e1vodech to hodn\u011b m\u011bn\u00ed vys\u00edla\u010dky, v\u0161e je v\u00edce \u0159\u00edzen\u00e9, z\u00e1vodn\u00edci maj\u00ed detailn\u00ed informace. Sportovn\u00ed \u0159editel\u00e9 mohou v\u00fdvoj korigovat. U n\u00e1s se to muselo v\u00edc \u0159e\u0161it za pochodu p\u0159\u00edmo v z\u00e1vod\u011b. Ale ka\u017ed\u00e1 doba m\u00e1 svoje a je n\u011b\u010d\u00edm zaj\u00edmav\u00e1.<\/p>\n","protected":false},"excerpt":{"rendered":"<p>Je rekordmanem v po\u010dtu \u00fa\u010dast\u00ed na Z\u00e1vodu m\u00edru (10 x), startoval na mistrovstv\u00ed sv\u011bta i olympijsk\u00fdch hr\u00e1ch. Franti\u0161ek Trkal (52) [&hellip;]<\/p>\n","protected":false},"author":138,"featured_media":19732,"comment_status":"open","ping_status":"open","sticky":false,"template":"","format":"standard","meta":{"footnotes":""},"categories":[10],"tags":[126,1468,880,721,2711,2712,9,595],"global-categories":[411],"class_list":["post-19728","post","type-post","status-publish","format-standard","has-post-thumbnail","hentry","category-silnicni-cyklistika","tag-cyklistika","tag-dukla-praha","tag-favorit-brno","tag-frantisek-trkal","tag-husqvarna-zvvz","tag-lampre","tag-silnicni-cyklistika","tag-zavod-miru","global-categories-cycling"],"yoast_head":"<!-- This site is optimized with the Yoast SEO Premium plugin v25.3 (Yoast SEO v25.9) - https:\/\/yoast.com\/wordpress\/plugins\/seo\/ -->\n<title>Franti\u0161ek Trkal, nov\u00fd tren\u00e9r Dukly, dvakr\u00e1t odm\u00edtl Lampre: Ni\u010deho nelituji | \u0160koda We Love Cycling - \u010cesk\u00e1 republika<\/title>\n<meta name=\"description\" content=\"Je rekordmanem v po\u010dtu \u00fa\u010dast\u00ed na Z\u00e1vodu m\u00edru (10 x), startoval na MS i olympijsk\u00fdch hr\u00e1ch. Franti\u0161ek Trkal (52) nov\u011b tr\u00e9nuje Duklu Praha.\" \/>\n<meta name=\"robots\" content=\"index, follow, max-snippet:-1, max-image-preview:large, max-video-preview:-1\" \/>\n<link rel=\"canonical\" href=\"https:\/\/www.welovecycling.com\/cs\/2022\/11\/29\/frantisek-trkal-dvakrat-odmitl-lampre-niceho-nelituji\/\" \/>\n<meta property=\"og:locale\" content=\"cs_CZ\" \/>\n<meta property=\"og:type\" content=\"article\" \/>\n<meta property=\"og:title\" content=\"Franti\u0161ek Trkal, nov\u00fd tren\u00e9r Dukly, dvakr\u00e1t odm\u00edtl Lampre: Ni\u010deho nelituji\" \/>\n<meta property=\"og:description\" content=\"Je rekordmanem v po\u010dtu \u00fa\u010dast\u00ed na Z\u00e1vodu m\u00edru (10 x), startoval na MS i olympijsk\u00fdch hr\u00e1ch. Franti\u0161ek Trkal (52) nov\u011b tr\u00e9nuje Duklu Praha.\" \/>\n<meta property=\"og:url\" content=\"https:\/\/www.welovecycling.com\/cs\/2022\/11\/29\/frantisek-trkal-dvakrat-odmitl-lampre-niceho-nelituji\/\" \/>\n<meta property=\"og:site_name\" content=\"\u0160koda We Love Cycling - \u010cesk\u00e1 republika\" \/>\n<meta property=\"article:published_time\" content=\"2022-11-29T15:00:55+00:00\" \/>\n<meta property=\"og:image\" content=\"https:\/\/d2p6e6u75xmxt8.cloudfront.net\/13\/2022\/11\/Trkal-profimedia-0157941840.webp\" \/>\n\t<meta property=\"og:image:width\" content=\"1506\" \/>\n\t<meta property=\"og:image:height\" content=\"1141\" \/>\n\t<meta property=\"og:image:type\" content=\"image\/webp\" \/>\n<meta name=\"author\" content=\"radekmalina\" \/>\n<meta name=\"twitter:card\" content=\"summary_large_image\" \/>\n<meta name=\"twitter:label1\" content=\"Written by\" \/>\n\t<meta name=\"twitter:data1\" content=\"We Love Cycling\" \/>\n\t<meta name=\"twitter:label2\" content=\"Est. reading time\" \/>\n\t<meta name=\"twitter:data2\" content=\"7\" \/>\n<script type=\"application\/ld+json\" class=\"yoast-schema-graph\">{\"@context\":\"https:\/\/schema.org\",\"@graph\":[{\"@type\":\"WebPage\",\"@id\":\"https:\/\/www.welovecycling.com\/cs\/2022\/11\/29\/frantisek-trkal-dvakrat-odmitl-lampre-niceho-nelituji\/\",\"url\":\"https:\/\/www.welovecycling.com\/cs\/2022\/11\/29\/frantisek-trkal-dvakrat-odmitl-lampre-niceho-nelituji\/\",\"name\":\"Franti\u0161ek Trkal, nov\u00fd tren\u00e9r Dukly, dvakr\u00e1t odm\u00edtl Lampre: Ni\u010deho nelituji | \u0160koda We Love Cycling - \u010cesk\u00e1 republika\",\"isPartOf\":{\"@id\":\"https:\/\/www.welovecycling.com\/cs\/#website\"},\"primaryImageOfPage\":{\"@id\":\"https:\/\/www.welovecycling.com\/cs\/2022\/11\/29\/frantisek-trkal-dvakrat-odmitl-lampre-niceho-nelituji\/#primaryimage\"},\"image\":{\"@id\":\"https:\/\/www.welovecycling.com\/cs\/2022\/11\/29\/frantisek-trkal-dvakrat-odmitl-lampre-niceho-nelituji\/#primaryimage\"},\"thumbnailUrl\":\"https:\/\/d2p6e6u75xmxt8.cloudfront.net\/13\/2022\/11\/Trkal-profimedia-0157941840.webp\",\"datePublished\":\"2022-11-29T15:00:55+00:00\",\"author\":{\"@id\":\"https:\/\/www.welovecycling.com\/cs\/#\/schema\/person\/d9eeb0a378f3a7e4a6d12d2b536b04b8\"},\"description\":\"Je rekordmanem v po\u010dtu \u00fa\u010dast\u00ed na Z\u00e1vodu m\u00edru (10 x), startoval na MS i olympijsk\u00fdch hr\u00e1ch. Franti\u0161ek Trkal (52) nov\u011b tr\u00e9nuje Duklu Praha.\",\"inLanguage\":\"cs\",\"potentialAction\":[{\"@type\":\"ReadAction\",\"target\":[\"https:\/\/www.welovecycling.com\/cs\/2022\/11\/29\/frantisek-trkal-dvakrat-odmitl-lampre-niceho-nelituji\/\"]}]},{\"@type\":\"ImageObject\",\"inLanguage\":\"cs\",\"@id\":\"https:\/\/www.welovecycling.com\/cs\/2022\/11\/29\/frantisek-trkal-dvakrat-odmitl-lampre-niceho-nelituji\/#primaryimage\",\"url\":\"https:\/\/d2p6e6u75xmxt8.cloudfront.net\/13\/2022\/11\/Trkal-profimedia-0157941840.webp\",\"contentUrl\":\"https:\/\/d2p6e6u75xmxt8.cloudfront.net\/13\/2022\/11\/Trkal-profimedia-0157941840.webp\",\"width\":1506,\"height\":1141,\"caption\":\"Franti\u0161ek Trkal\"},{\"@type\":\"WebSite\",\"@id\":\"https:\/\/www.welovecycling.com\/cs\/#website\",\"url\":\"https:\/\/www.welovecycling.com\/cs\/\",\"name\":\"\u0160koda We Love Cycling - \u010cesk\u00e1 republika\",\"description\":\"WeLoveCycling.cz je online magaz\u00edn, kter\u00fd v\u00e1m pravideln\u011b p\u0159in\u00e1\u0161\u00ed rady a tipy, zaj\u00edmav\u00e9 \u010dl\u00e1nky, videa a jedine\u010dn\u00e9 report\u00e1\u017ee ze sv\u011bta cyklistiky.\",\"potentialAction\":[{\"@type\":\"SearchAction\",\"target\":{\"@type\":\"EntryPoint\",\"urlTemplate\":\"https:\/\/www.welovecycling.com\/cs\/?s={search_term_string}\"},\"query-input\":{\"@type\":\"PropertyValueSpecification\",\"valueRequired\":true,\"valueName\":\"search_term_string\"}}],\"inLanguage\":\"cs\"},{\"@type\":\"Person\",\"@id\":\"https:\/\/www.welovecycling.com\/cs\/#\/schema\/person\/d9eeb0a378f3a7e4a6d12d2b536b04b8\",\"name\":\"radekmalina\",\"image\":{\"@type\":\"ImageObject\",\"inLanguage\":\"cs\",\"@id\":\"https:\/\/www.welovecycling.com\/cs\/#\/schema\/person\/image\/\",\"url\":\"https:\/\/secure.gravatar.com\/avatar\/66994b632cb8c39a46b9f54afa3ae07201b678d32a54275b6f1c9ffec356bfc0?s=96&d=mm&r=g\",\"contentUrl\":\"https:\/\/secure.gravatar.com\/avatar\/66994b632cb8c39a46b9f54afa3ae07201b678d32a54275b6f1c9ffec356bfc0?s=96&d=mm&r=g\",\"caption\":\"radekmalina\"},\"url\":\"https:\/\/www.welovecycling.com\/cs\/author\/radekmalina\/\"}]}<\/script>\n<!-- \/ Yoast SEO Premium plugin. -->","yoast_head_json":{"title":"Franti\u0161ek Trkal, nov\u00fd tren\u00e9r Dukly, dvakr\u00e1t odm\u00edtl Lampre: Ni\u010deho nelituji | \u0160koda We Love Cycling - \u010cesk\u00e1 republika","description":"Je rekordmanem v po\u010dtu \u00fa\u010dast\u00ed na Z\u00e1vodu m\u00edru (10 x), startoval na MS i olympijsk\u00fdch hr\u00e1ch. Franti\u0161ek Trkal (52) nov\u011b tr\u00e9nuje Duklu Praha.","robots":{"index":"index","follow":"follow","max-snippet":"max-snippet:-1","max-image-preview":"max-image-preview:large","max-video-preview":"max-video-preview:-1"},"canonical":"https:\/\/www.welovecycling.com\/cs\/2022\/11\/29\/frantisek-trkal-dvakrat-odmitl-lampre-niceho-nelituji\/","og_locale":"cs_CZ","og_type":"article","og_title":"Franti\u0161ek Trkal, nov\u00fd tren\u00e9r Dukly, dvakr\u00e1t odm\u00edtl Lampre: Ni\u010deho nelituji","og_description":"Je rekordmanem v po\u010dtu \u00fa\u010dast\u00ed na Z\u00e1vodu m\u00edru (10 x), startoval na MS i olympijsk\u00fdch hr\u00e1ch. Franti\u0161ek Trkal (52) nov\u011b tr\u00e9nuje Duklu Praha.","og_url":"https:\/\/www.welovecycling.com\/cs\/2022\/11\/29\/frantisek-trkal-dvakrat-odmitl-lampre-niceho-nelituji\/","og_site_name":"\u0160koda We Love Cycling - \u010cesk\u00e1 republika","article_published_time":"2022-11-29T15:00:55+00:00","og_image":[{"width":1506,"height":1141,"url":"https:\/\/d2p6e6u75xmxt8.cloudfront.net\/13\/2022\/11\/Trkal-profimedia-0157941840.webp","type":"image\/webp"}],"author":"radekmalina","twitter_card":"summary_large_image","twitter_misc":{"Written by":"We Love Cycling","Est. reading time":"7"},"schema":{"@context":"https:\/\/schema.org","@graph":[{"@type":"WebPage","@id":"https:\/\/www.welovecycling.com\/cs\/2022\/11\/29\/frantisek-trkal-dvakrat-odmitl-lampre-niceho-nelituji\/","url":"https:\/\/www.welovecycling.com\/cs\/2022\/11\/29\/frantisek-trkal-dvakrat-odmitl-lampre-niceho-nelituji\/","name":"Franti\u0161ek Trkal, nov\u00fd tren\u00e9r Dukly, dvakr\u00e1t odm\u00edtl Lampre: Ni\u010deho nelituji | \u0160koda We Love Cycling - \u010cesk\u00e1 republika","isPartOf":{"@id":"https:\/\/www.welovecycling.com\/cs\/#website"},"primaryImageOfPage":{"@id":"https:\/\/www.welovecycling.com\/cs\/2022\/11\/29\/frantisek-trkal-dvakrat-odmitl-lampre-niceho-nelituji\/#primaryimage"},"image":{"@id":"https:\/\/www.welovecycling.com\/cs\/2022\/11\/29\/frantisek-trkal-dvakrat-odmitl-lampre-niceho-nelituji\/#primaryimage"},"thumbnailUrl":"https:\/\/d2p6e6u75xmxt8.cloudfront.net\/13\/2022\/11\/Trkal-profimedia-0157941840.webp","datePublished":"2022-11-29T15:00:55+00:00","author":{"@id":"https:\/\/www.welovecycling.com\/cs\/#\/schema\/person\/d9eeb0a378f3a7e4a6d12d2b536b04b8"},"description":"Je rekordmanem v po\u010dtu \u00fa\u010dast\u00ed na Z\u00e1vodu m\u00edru (10 x), startoval na MS i olympijsk\u00fdch hr\u00e1ch. Franti\u0161ek Trkal (52) nov\u011b tr\u00e9nuje Duklu Praha.","inLanguage":"cs","potentialAction":[{"@type":"ReadAction","target":["https:\/\/www.welovecycling.com\/cs\/2022\/11\/29\/frantisek-trkal-dvakrat-odmitl-lampre-niceho-nelituji\/"]}]},{"@type":"ImageObject","inLanguage":"cs","@id":"https:\/\/www.welovecycling.com\/cs\/2022\/11\/29\/frantisek-trkal-dvakrat-odmitl-lampre-niceho-nelituji\/#primaryimage","url":"https:\/\/d2p6e6u75xmxt8.cloudfront.net\/13\/2022\/11\/Trkal-profimedia-0157941840.webp","contentUrl":"https:\/\/d2p6e6u75xmxt8.cloudfront.net\/13\/2022\/11\/Trkal-profimedia-0157941840.webp","width":1506,"height":1141,"caption":"Franti\u0161ek Trkal"},{"@type":"WebSite","@id":"https:\/\/www.welovecycling.com\/cs\/#website","url":"https:\/\/www.welovecycling.com\/cs\/","name":"\u0160koda We Love Cycling - \u010cesk\u00e1 republika","description":"WeLoveCycling.cz je online magaz\u00edn, kter\u00fd v\u00e1m pravideln\u011b p\u0159in\u00e1\u0161\u00ed rady a tipy, zaj\u00edmav\u00e9 \u010dl\u00e1nky, videa a jedine\u010dn\u00e9 report\u00e1\u017ee ze sv\u011bta cyklistiky.","potentialAction":[{"@type":"SearchAction","target":{"@type":"EntryPoint","urlTemplate":"https:\/\/www.welovecycling.com\/cs\/?s={search_term_string}"},"query-input":{"@type":"PropertyValueSpecification","valueRequired":true,"valueName":"search_term_string"}}],"inLanguage":"cs"},{"@type":"Person","@id":"https:\/\/www.welovecycling.com\/cs\/#\/schema\/person\/d9eeb0a378f3a7e4a6d12d2b536b04b8","name":"radekmalina","image":{"@type":"ImageObject","inLanguage":"cs","@id":"https:\/\/www.welovecycling.com\/cs\/#\/schema\/person\/image\/","url":"https:\/\/secure.gravatar.com\/avatar\/66994b632cb8c39a46b9f54afa3ae07201b678d32a54275b6f1c9ffec356bfc0?s=96&d=mm&r=g","contentUrl":"https:\/\/secure.gravatar.com\/avatar\/66994b632cb8c39a46b9f54afa3ae07201b678d32a54275b6f1c9ffec356bfc0?s=96&d=mm&r=g","caption":"radekmalina"},"url":"https:\/\/www.welovecycling.com\/cs\/author\/radekmalina\/"}]}},"_links":{"self":[{"href":"https:\/\/www.welovecycling.com\/cs\/wp-json\/wp\/v2\/posts\/19728","targetHints":{"allow":["GET"]}}],"collection":[{"href":"https:\/\/www.welovecycling.com\/cs\/wp-json\/wp\/v2\/posts"}],"about":[{"href":"https:\/\/www.welovecycling.com\/cs\/wp-json\/wp\/v2\/types\/post"}],"author":[{"embeddable":true,"href":"https:\/\/www.welovecycling.com\/cs\/wp-json\/wp\/v2\/users\/138"}],"replies":[{"embeddable":true,"href":"https:\/\/www.welovecycling.com\/cs\/wp-json\/wp\/v2\/comments?post=19728"}],"version-history":[{"count":2,"href":"https:\/\/www.welovecycling.com\/cs\/wp-json\/wp\/v2\/posts\/19728\/revisions"}],"predecessor-version":[{"id":19808,"href":"https:\/\/www.welovecycling.com\/cs\/wp-json\/wp\/v2\/posts\/19728\/revisions\/19808"}],"wp:featuredmedia":[{"embeddable":true,"href":"https:\/\/www.welovecycling.com\/cs\/wp-json\/wp\/v2\/media\/19732"}],"wp:attachment":[{"href":"https:\/\/www.welovecycling.com\/cs\/wp-json\/wp\/v2\/media?parent=19728"}],"wp:term":[{"taxonomy":"category","embeddable":true,"href":"https:\/\/www.welovecycling.com\/cs\/wp-json\/wp\/v2\/categories?post=19728"},{"taxonomy":"post_tag","embeddable":true,"href":"https:\/\/www.welovecycling.com\/cs\/wp-json\/wp\/v2\/tags?post=19728"},{"taxonomy":"global-categories","embeddable":true,"href":"https:\/\/www.welovecycling.com\/cs\/wp-json\/wp\/v2\/global-categories?post=19728"}],"curies":[{"name":"wp","href":"https:\/\/api.w.org\/{rel}","templated":true}]}}