{"id":19604,"date":"2022-11-14T05:00:16","date_gmt":"2022-11-14T03:00:16","guid":{"rendered":"https:\/\/www.welovecycling.com\/cs\/?p=19604"},"modified":"2022-11-14T14:23:05","modified_gmt":"2022-11-14T12:23:05","slug":"mathias-vacek-a-jeho-sumavske-kralovstvi-u-vicemistra-sveta-jemuz-prali-smrt","status":"publish","type":"post","link":"https:\/\/www.welovecycling.com\/cs\/2022\/11\/14\/mathias-vacek-a-jeho-sumavske-kralovstvi-u-vicemistra-sveta-jemuz-prali-smrt\/","title":{"rendered":"U vicemistra sv\u011bta, jemu\u017e p\u0159\u00e1li smrt! Mathias Vacek a jeho \u0161umavsk\u00e9 kr\u00e1lovstv\u00ed."},"content":{"rendered":"<p><strong>Vicemistr sv\u011bta, jak ho nezn\u00e1te. \u017d\u00e1dn\u00e9 tr\u00e9ninkov\u00e9 intervaly! \u017d\u00e1dn\u00e1 \u0161tvanice o vte\u0159iny a pozici v\u00a0bal\u00edku! \u017d\u00e1dn\u00e9 bitvy o medaile. Studen\u00e1 Vltava, Lipno nebo posed uprost\u0159ed hlubok\u00fdch les\u016f. Dom\u00e1c\u00ed \u201emazl\u00ed\u010dci\u201c v\u00a0podob\u011b ovce Am\u00e1lky, kozla a neposedn\u00e9ho psa. Mathias Vacek, vych\u00e1zej\u00edc\u00ed hv\u011bzda formace Trek Segafredo, pozval We Love Cycling do sv\u00e9ho \u00fato\u010di\u0161t\u011b hluboko v\u00a0\u0161umavsk\u00fdch les\u00edch.<\/strong><\/p>\n<p>Pro\u017eil bl\u00e1zniv\u00fd rok! Senza\u010dn\u00ed v\u00edt\u011bzstv\u00ed st\u0159\u00eddala profesn\u00ed nejistota vykoupen\u00e1 dal\u0161\u00edmi triumfy, medailemi a skvostn\u00fdm st\u0159\u00edbrn\u00fdm vystoupen\u00edm na mistrovstv\u00ed sv\u011bta. Dvacetilet\u00fd Mates, jak mu nejen nejbli\u017e\u0161\u00ed \u0159\u00edkaj\u00ed, m\u00e1 d\u016fvod k\u00a0\u0161irok\u00e9mu \u00fasm\u011bvu.<\/p>\n<p><a href=\"https:\/\/d2p6e6u75xmxt8.cloudfront.net\/13\/2022\/11\/WLC_Mathias-Vacek_004.webp\"><img loading=\"lazy\" decoding=\"async\" class=\"alignnone size-extra-large wp-image-19521\" src=\"https:\/\/d2p6e6u75xmxt8.cloudfront.net\/13\/2022\/11\/WLC_Mathias-Vacek_004-1920x1280.webp\" alt=\"\" width=\"1920\" height=\"1280\" srcset=\"https:\/\/d2p6e6u75xmxt8.cloudfront.net\/13\/2022\/11\/WLC_Mathias-Vacek_004-1920x1280.webp 1920w, https:\/\/d2p6e6u75xmxt8.cloudfront.net\/13\/2022\/11\/WLC_Mathias-Vacek_004-300x200.webp 300w, https:\/\/d2p6e6u75xmxt8.cloudfront.net\/13\/2022\/11\/WLC_Mathias-Vacek_004-1024x682.webp 1024w, https:\/\/d2p6e6u75xmxt8.cloudfront.net\/13\/2022\/11\/WLC_Mathias-Vacek_004-768x512.webp 768w, https:\/\/d2p6e6u75xmxt8.cloudfront.net\/13\/2022\/11\/WLC_Mathias-Vacek_004-1536x1024.webp 1536w, https:\/\/d2p6e6u75xmxt8.cloudfront.net\/13\/2022\/11\/WLC_Mathias-Vacek_004-272x182.webp 272w, https:\/\/d2p6e6u75xmxt8.cloudfront.net\/13\/2022\/11\/WLC_Mathias-Vacek_004.webp 2000w, https:\/\/d2p6e6u75xmxt8.cloudfront.net\/13\/2022\/11\/WLC_Mathias-Vacek_004-1920x1280.webp 1920w\" sizes=\"auto, (max-width: 1920px) 100vw, 1920px\" \/><\/a><\/p>\n<p>V\u00a0bezpe\u010d\u00ed domova \u0161umavsk\u00fdch les\u016f tr\u00e1vil podzimn\u00ed dovolenou. Kr\u00e1tce po n\u00e1vratu ze s\u00eddla nov\u00e9ho zam\u011bstnavatele, p\u0159ed cestou na soust\u0159ed\u011bn\u00ed&#8230; Hlavu plnou pl\u00e1nu na novou sezonu. \u201eDouf\u00e1m, \u017ee bude klidn\u011bj\u0161\u00ed,\u201c vyhl\u00ed\u017e\u00ed dvacetilet\u00fd z\u00e1vodn\u00edk prvn\u00ed kompletn\u00ed rok v\u00a0americk\u00e9 sestav\u011b.<\/p>\n<p>Uprost\u0159ed hlubok\u00fdch les\u016f pro\u017e\u00edv\u00e1 dokonalou o\u010distu du\u0161e. Na \u0160umav\u011b pro\u017eil v\u00a0leto\u0161n\u00edm roce v\u00edce \u010dasu, ne\u017e by si p\u0159\u00e1l. Kdy\u017e v\u00a0\u00favodu roku oslnil triumfem v\u00a0z\u00e1vod\u011b UAE Tour, stal se nejmlad\u0161\u00edm v\u00edt\u011bzem etapy ve World Tour. Ne\u017e sta\u010dil v\u00fdhru vst\u0159ebat, sed\u011bl doma s\u00a0hlavou v\u00a0dlan\u00edch a nejistou budoucnost\u00ed.<\/p>\n<h2><strong>Motivaci hledal s prutem u vody a v \u0161umavsk\u00fdch les\u00edch<\/strong><\/h2>\n<p>Z\u00e1vodil za formaci, kde bylo veden\u00ed i realiza\u010dn\u00ed t\u00fdm z\u00a0It\u00e1lie. Jen\u017ee pod ruskou licenc\u00ed. A v\u00a0r\u00e1mci sankc\u00ed kv\u016fli vp\u00e1du Ruska na Ukrajinu st\u00e1j Gazprom RusVelo p\u0159i\u0161la o licenci. Frustrace \u010desk\u00e9ho mlad\u00edka byla obrovsk\u00e1. \u201eCht\u011bl jsem jenom z\u00e1vodit. A bylo mi jedno, jestli v\u00a0barv\u00e1ch rusk\u00e9ho t\u00fdmu nebo n\u011bkde jinde,\u201c kr\u010d\u00ed rameny.<\/p>\n<p>Stejn\u00fd n\u00e1zor zv\u011bstoval i v\u00a0m\u00e9di\u00edch. A do\u010dkal se odezvy, z\u00a0kter\u00e9 mraz\u00ed&#8230; \u201eLid\u00e9 mi psali, \u017ee si nezaslou\u017e\u00edm \u017e\u00edt nebo \u017ee p\u0159ej\u00ed smrt cel\u00e9 m\u00e9 rodin\u011b.\u201c Jeden se a\u017e zdr\u00e1h\u00e1 uv\u011b\u0159it, \u017ee je n\u011bco takov\u00e9ho mo\u017en\u00e9. Ale z\u00e1vodn\u00edk formace Trek Segafredo m\u00e1 p\u0159ipom\u00ednku lidsk\u00e9 hlouposti dosud ulo\u017eenou v\u00a0mobilu&#8230; \u201eOb\u010das si p\u0159ipomenu, \u010deho jsou lid\u00e9 schopn\u00ed,\u201c pokr\u010d\u00ed rameny nad displejem.<\/p>\n<figure id=\"attachment_19534\" aria-describedby=\"caption-attachment-19534\" style=\"width: 1920px\" class=\"wp-caption alignnone\"><a href=\"https:\/\/d2p6e6u75xmxt8.cloudfront.net\/13\/2022\/11\/WLC_Mathias-Vacek_017.webp\"><img loading=\"lazy\" decoding=\"async\" class=\"size-extra-large wp-image-19534\" src=\"https:\/\/d2p6e6u75xmxt8.cloudfront.net\/13\/2022\/11\/WLC_Mathias-Vacek_017-1920x1281.webp\" alt=\"Mathias Vacek\" width=\"1920\" height=\"1281\" srcset=\"https:\/\/d2p6e6u75xmxt8.cloudfront.net\/13\/2022\/11\/WLC_Mathias-Vacek_017-1920x1281.webp 1920w, https:\/\/d2p6e6u75xmxt8.cloudfront.net\/13\/2022\/11\/WLC_Mathias-Vacek_017-300x200.webp 300w, https:\/\/d2p6e6u75xmxt8.cloudfront.net\/13\/2022\/11\/WLC_Mathias-Vacek_017-1024x683.webp 1024w, https:\/\/d2p6e6u75xmxt8.cloudfront.net\/13\/2022\/11\/WLC_Mathias-Vacek_017-768x512.webp 768w, https:\/\/d2p6e6u75xmxt8.cloudfront.net\/13\/2022\/11\/WLC_Mathias-Vacek_017-1536x1025.webp 1536w, https:\/\/d2p6e6u75xmxt8.cloudfront.net\/13\/2022\/11\/WLC_Mathias-Vacek_017-272x182.webp 272w, https:\/\/d2p6e6u75xmxt8.cloudfront.net\/13\/2022\/11\/WLC_Mathias-Vacek_017.webp 2000w, https:\/\/d2p6e6u75xmxt8.cloudfront.net\/13\/2022\/11\/WLC_Mathias-Vacek_017-1920x1281.webp 1920w\" sizes=\"auto, (max-width: 1920px) 100vw, 1920px\" \/><\/a><figcaption id=\"caption-attachment-19534\" class=\"wp-caption-text\"><em>Mathias Vacek a rybolov? Obl\u00edben\u00e1 \u010dinnost pro chv\u00edle, kdy nesed\u00ed v sedle kola. Foto: Michal \u010cerven\u00fd<\/em><\/figcaption><\/figure>\n<p>V\u00a0pr\u016fb\u011bhu jara, kdy\u017e chodil s\u00a0prutem na ryby, se mu hlavou honily r\u016fzn\u00e9 my\u0161lenky. \u201eM\u011bl jsem chu\u0165 se na v\u0161echno vyka\u0161lat,\u201c vzpom\u00edn\u00e1. Ale kolo je jeho \u017eivot. A tak uprost\u0159ed milovan\u00fdch les\u016f postupn\u011b hledal motivaci do z\u00e1vod\u011bn\u00ed. \u00a0A jak se to vyda\u0159ilo?<\/p>\n<p>P\u0159i Z\u00e1vod\u011b m\u00edru do 23 let vyhr\u00e1l etapu a po heroick\u00e9m v\u00fdkonu, kdy mu notn\u011b pomohl bratr Karel, skon\u010dil celkov\u011b t\u0159et\u00ed. Pak vyhr\u00e1l na mistrovstv\u00ed republiky \u010dasovku do t\u0159iadvaceti let. N\u00e1sledn\u011b dojel druh\u00fd v\u00a0hromadn\u00e9m z\u00e1vod\u011b na mistrovstv\u00ed Evropy. Obsadil celkov\u00e9 des\u00e1t\u00e9 m\u00edsto na presti\u017en\u00edm Tour de l\u00b4Avenir. A vybojoval senza\u010dn\u00ed druh\u00e9 m\u00edsto na mistrovstv\u00ed sv\u011bta do 23 let v\u00a0hromadn\u00e9m z\u00e1vod\u011b.<\/p>\n<div class=\"shortcode-ys-post-pinup\"><article class=\"loop-simple post-19516 post type-post status-publish format-standard has-post-thumbnail hentry category-silnicni-cyklistika tag-cyklistika tag-gazprom-rusvelo tag-mathias-vacek tag-silnicni-cyklistika tag-sumava tag-trek-segafredo global-categories-cycling\" data-postid=\"19516\" role=\"article\" data-post-id=\"19516\" data-word-count=\"620\" data-headline-length=\"67\" data-category=\"Silni\u010dn\u00ed cyklistika\" data-global-category=\"Cycling\" data-author=\"Radek Malina\" data-published=\"2022-11-07T06:00:31+02:00\" data-published-day=\"Monday\">\n    <div class=\"entry-thumbnail article-thumbnail\" content=\"https:\/\/d2p6e6u75xmxt8.cloudfront.net\/13\/2022\/11\/WLC_Mathias-Vacek_014-150x150.webp\"><a href=\"https:\/\/www.welovecycling.com\/cs\/2022\/11\/07\/mathias-vacek-zacne-sezonu-v-argentine-jakou-pojede-grand-tour\/\" class=\"image-holder\" target=\"_self\"><img decoding=\"async\" loading=\"lazy\" class=\"\" src=\"https:\/\/d2p6e6u75xmxt8.cloudfront.net\/13\/2022\/11\/WLC_Mathias-Vacek_014-1024x682.webp\" srcset=\"https:\/\/d2p6e6u75xmxt8.cloudfront.net\/13\/2022\/11\/WLC_Mathias-Vacek_014.webp 2000w, https:\/\/d2p6e6u75xmxt8.cloudfront.net\/13\/2022\/11\/WLC_Mathias-Vacek_014-300x200.webp 300w, https:\/\/d2p6e6u75xmxt8.cloudfront.net\/13\/2022\/11\/WLC_Mathias-Vacek_014-1024x682.webp 1024w, https:\/\/d2p6e6u75xmxt8.cloudfront.net\/13\/2022\/11\/WLC_Mathias-Vacek_014-768x512.webp 768w, https:\/\/d2p6e6u75xmxt8.cloudfront.net\/13\/2022\/11\/WLC_Mathias-Vacek_014-1536x1024.webp 1536w, https:\/\/d2p6e6u75xmxt8.cloudfront.net\/13\/2022\/11\/WLC_Mathias-Vacek_014-1920x1280.webp 1920w, https:\/\/d2p6e6u75xmxt8.cloudfront.net\/13\/2022\/11\/WLC_Mathias-Vacek_014-272x182.webp 272w, https:\/\/d2p6e6u75xmxt8.cloudfront.net\/13\/2022\/11\/WLC_Mathias-Vacek_014-1920x1280.webp 1920w\" width=\"1024\" height=\"682\" sizes=\"auto, (min-width: 1200px) 300px, (min-width: 768px) 25vw, 100vw\" alt=\"mathias-vacek-zacne-sezonu-v-argentine-jakou-pojede-grand-tour\"\/><\/a><\/div>    <div class=\"entry-meta\">\n        <a class=\"label label-secondary post-category\" href=\"https:\/\/www.welovecycling.com\/cs\/category\/silnicni-cyklistika\/\" title=\"Silni\u010dn\u00ed cyklistika\">Silni\u010dn\u00ed cyklistika<\/a>\n    <\/div>\n    <div class=\"entry-details\">\n        <a href=\"https:\/\/www.welovecycling.com\/cs\/2022\/11\/07\/mathias-vacek-zacne-sezonu-v-argentine-jakou-pojede-grand-tour\/\" class='entry-title-wrapper'>\n            <h3 class=\"entry-title\"><span>Mathias Vacek za\u010dne sezonu v\u00a0Argentin\u011b. Jakou pojede Grand Tour?<\/span><\/h3>\n        <\/a>\n    <\/div>\n    <\/article>\n<\/div>\n<p>To u\u017e p\u00e1r m\u011bs\u00edc\u016f vyu\u017e\u00edval materi\u00e1l t\u00fdmu Trek Segafredo, s\u00a0n\u00edm\u017e m\u011bl podepsanou smlouvu od ledna 2023, a tak po zru\u0161en\u00ed licence rusk\u00e9ho t\u00fdmu usiloval o dops\u00e1n\u00ed na soupisku americk\u00e9 sestavy. Jej\u00ed veden\u00ed souhlasilo. \u201eJen\u017ee UCI byla proti, ani mi neodpov\u00eddali na emaily,\u201c popisuje, jak marn\u011b \u010dekal na kladnou odpov\u011b\u010f.<\/p>\n<h2><strong>Espresso? Rad\u011bji cappuccino \u010di n\u011bco sladk\u00e9ho k zakousnut\u00ed<\/strong><\/h2>\n<p>I p\u0159\u00edstup formace p\u0159edstavoval obrovsk\u00fd impuls pro bitvu v\u00a0nejist\u00e9 dob\u011b. Tren\u00e9r Markel Irizar s\u00a0n\u00edm permanentn\u011b analyzoval tr\u00e9ninkov\u00e1 data a chystal program na dal\u0161\u00ed dny, by\u0165 Vacek je\u0161t\u011b nespadal ani do programu st\u00e1\u017eist\u016f, nato\u017e kmenov\u00fdch z\u00e1vodn\u00edk\u016f. Prvotn\u00ed dojmy z\u00edskan\u00e9 prost\u0159ednictv\u00edm telefon\u016f a email\u016f si potvrdil i p\u0159i \u0159\u00edjnov\u00e9m setk\u00e1n\u00ed cel\u00e9ho t\u00fdmu v\u00a0Americe. \u201eSe\u0161li jsme se i s\u00a0veden\u00edm. M\u011bli jsme t\u00fdmov\u00e9 focen\u00ed, byli jsme na spole\u010dn\u00e9 ve\u010de\u0159i, dali si pivo. A tak\u00e9 vyrazili hr\u00e1t hokej. J\u00e1 st\u00e1l na brusl\u00edch prvn\u011b. V\u0161ichni na m\u011b koukali, jak je mo\u017en\u00e9, \u017ee kluk z\u00a0\u010ceska neum\u00ed hr\u00e1t hokej,\u201c sm\u011bje se Mathias Vacek.<\/p>\n<p>O co m\u00e9n\u011b ovl\u00e1d\u00e1 brusle, o to l\u00e9pe vl\u00e1dne kolu. Jen je trochu paradox, \u017ee jezd\u00ed za t\u00fdm, kde je jedn\u00edm z\u00a0hlavn\u00edch sponzor\u016f k\u00e1vov\u00fd gigant a s\u00e1m si k\u00a0\u010dern\u00e9mu n\u00e1poji cestu nena\u0161el. \u201eJ\u00e1 jsem vylo\u017een\u011b na \u010daj. K\u00e1v\u011b moc ned\u00e1m,\u201c p\u0159izn\u00e1v\u00e1 s\u00a0\u00fasm\u011bvem Mathias Vacek a v\u00a0dlan\u00edch sv\u00edr\u00e1 ob\u0159\u00ed modr\u00fd \u010dajov\u00fd hrnek, za n\u011bj\u017e by se nestyd\u011bl ani d\u011bda Kom\u00e1rek v\u00a0Menzelov\u011b klasice Na samot\u011b u lesa, p\u0159\u00edzna\u010dn\u011b zdoben\u00fd obrysy ryb&#8230;<\/p>\n<figure id=\"attachment_19527\" aria-describedby=\"caption-attachment-19527\" style=\"width: 1920px\" class=\"wp-caption alignnone\"><a href=\"https:\/\/d2p6e6u75xmxt8.cloudfront.net\/13\/2022\/11\/WLC_Mathias-Vacek_010.webp\"><img loading=\"lazy\" decoding=\"async\" class=\"size-extra-large wp-image-19527\" src=\"https:\/\/d2p6e6u75xmxt8.cloudfront.net\/13\/2022\/11\/WLC_Mathias-Vacek_010-1920x1281.webp\" alt=\"Mathias Vacek s otcem Karlem a star\u0161\u00edm bratrem Karlem.\" width=\"1920\" height=\"1281\" srcset=\"https:\/\/d2p6e6u75xmxt8.cloudfront.net\/13\/2022\/11\/WLC_Mathias-Vacek_010-1920x1281.webp 1920w, https:\/\/d2p6e6u75xmxt8.cloudfront.net\/13\/2022\/11\/WLC_Mathias-Vacek_010-300x200.webp 300w, https:\/\/d2p6e6u75xmxt8.cloudfront.net\/13\/2022\/11\/WLC_Mathias-Vacek_010-1024x683.webp 1024w, https:\/\/d2p6e6u75xmxt8.cloudfront.net\/13\/2022\/11\/WLC_Mathias-Vacek_010-768x512.webp 768w, https:\/\/d2p6e6u75xmxt8.cloudfront.net\/13\/2022\/11\/WLC_Mathias-Vacek_010-1536x1025.webp 1536w, https:\/\/d2p6e6u75xmxt8.cloudfront.net\/13\/2022\/11\/WLC_Mathias-Vacek_010-272x182.webp 272w, https:\/\/d2p6e6u75xmxt8.cloudfront.net\/13\/2022\/11\/WLC_Mathias-Vacek_010.webp 2000w, https:\/\/d2p6e6u75xmxt8.cloudfront.net\/13\/2022\/11\/WLC_Mathias-Vacek_010-1920x1281.webp 1920w\" sizes=\"auto, (max-width: 1920px) 100vw, 1920px\" \/><\/a><figcaption id=\"caption-attachment-19527\" class=\"wp-caption-text\"><em>Cyklistick\u00fd klan. Mathias Vacek s otcem Karlem a star\u0161\u00edm bratrem Karlem. Foto: Michal \u010cerven\u00fd<\/em><\/figcaption><\/figure>\n<p>\u201eJe\u0161t\u011b tak cappuccino. Kdy\u017e si d\u00e1v\u00e1m espresso, zasypu ho po\u0159\u00e1dnou porc\u00ed cukru,\u201c cul\u00ed se. Ostatn\u011b sladk\u00e9 si te\u010f b\u011bhem podzimn\u00ed pauzy dop\u0159\u00e1v\u00e1 podle libosti. \u201eDom\u00e1c\u00ed b\u00e1bovka, pern\u00ed\u010dek s\u00a0\u010dokol\u00e1dou a o\u0159echy. To je moje,\u201c sm\u011bje se a na tal\u00ed\u0159ek si polo\u017e\u00ed pr\u00e1v\u011b \u010dokol\u00e1dov\u00fd pern\u00edk. \u201eKdy\u017e je nape\u010deno, tak jsem spokojen\u00fd. Je to lep\u0161\u00ed ne\u017e se tl\u00e1skat su\u0161enkami.\u201c<\/p>\n<p>Jako d\u011bti si s\u00a0br\u00e1chou moc pamlsk\u016f neu\u017eili. \u201eU\u017e od d\u011btstv\u00ed jsme kluky s\u00a0man\u017eelkou sm\u011b\u0159ovali k\u00a0budoucnosti na nejvy\u0161\u0161\u00ed sportovn\u00ed \u00farovni. Je\u0161t\u011b kdy\u017e chodili do \u0161koly, m\u011bli stravu odpov\u00eddaj\u00edc\u00ed sportovn\u00ed kari\u00e9\u0159e. V\u0161e jsme tomu pod\u0159izovali,\u201c vypravuje Karel Vacek star\u0161\u00ed. \u201eVsadili jsme mo\u017en\u00e1 na tro\u0161ku extr\u00e9mn\u00ed cestu. Vzd\u011bl\u00e1n\u00ed \u0161lo stranou. Krom\u011b jazykov\u00fdch dovednost\u00ed. Ty jsme stav\u011bli na stejnou \u00farove\u0148 jako v\u00fdkonnost,\u201c popisuje t\u00e1ta nad\u011bjn\u00fdch cyklist\u016f, kte\u0159\u00ed plynule vl\u00e1dnou angli\u010dtinou, n\u011bm\u010dinou a ital\u0161tinou.<\/p>\n<div class=\"shortcode-ys-post-pinup\"><article class=\"loop-simple post-18837 post type-post status-publish format-video has-post-thumbnail hentry category-podcasty tag-cyklistika tag-gazprom-rusvelo tag-mathias-vacek tag-podcast tag-silnicni-cyklistika tag-trek-segafredo tag-trenink post_format-post-format-video global-categories-cycling\" data-postid=\"18837\" role=\"article\" data-post-id=\"18837\" data-word-count=\"270\" data-headline-length=\"99\" data-category=\"Podcasty\" data-global-category=\"Cycling\" data-author=\"We Love Cycling\" data-published=\"2022-09-25T02:00:53+02:00\" data-published-day=\"Sunday\">\n    <div class=\"entry-thumbnail article-thumbnail video-thumbnail\" content=\"https:\/\/d2p6e6u75xmxt8.cloudfront.net\/13\/2022\/09\/wlc-podcast-vacek-150x150.webp\"><svg class=\"play font-icon\"><use href=\"#play_round\" xlink:href=\"#play_round\"><\/use><\/svg><a href=\"https:\/\/www.welovecycling.com\/cs\/2022\/09\/25\/wlc-podcast-mathias-vacek-kdyz-me-mama-vozila-na-voziku-byl-jsem-psychicky-zlomeny\/\" class=\"image-holder\" target=\"_self\"><img decoding=\"async\" loading=\"lazy\" class=\"\" src=\"https:\/\/d2p6e6u75xmxt8.cloudfront.net\/13\/2022\/09\/wlc-podcast-vacek-1024x576.webp\" srcset=\"https:\/\/d2p6e6u75xmxt8.cloudfront.net\/13\/2022\/09\/wlc-podcast-vacek.webp 1920w, https:\/\/d2p6e6u75xmxt8.cloudfront.net\/13\/2022\/09\/wlc-podcast-vacek-300x169.webp 300w, https:\/\/d2p6e6u75xmxt8.cloudfront.net\/13\/2022\/09\/wlc-podcast-vacek-1024x576.webp 1024w, https:\/\/d2p6e6u75xmxt8.cloudfront.net\/13\/2022\/09\/wlc-podcast-vacek-768x432.webp 768w, https:\/\/d2p6e6u75xmxt8.cloudfront.net\/13\/2022\/09\/wlc-podcast-vacek-1536x864.webp 1536w\" width=\"1024\" height=\"576\" sizes=\"auto, (min-width: 1200px) 356px, (min-width: 768px) 30vw, 100vw\" alt=\"wlc-podcast-mathias-vacek-kdyz-me-mama-vozila-na-voziku-byl-jsem-psychicky-zlomeny\"\/><\/a><\/div>    <div class=\"entry-meta\">\n        <a class=\"label label-secondary post-category\" href=\"https:\/\/www.welovecycling.com\/cs\/category\/podcasty\/\" title=\"Podcasty\">Podcasty<\/a>\n    <\/div>\n    <div class=\"entry-details\">\n        <a href=\"https:\/\/www.welovecycling.com\/cs\/2022\/09\/25\/wlc-podcast-mathias-vacek-kdyz-me-mama-vozila-na-voziku-byl-jsem-psychicky-zlomeny\/\" class='entry-title-wrapper'>\n            <h3 class=\"entry-title\"><span>Mathias Vacek &#8211; podcast WLC: Kdy\u017e m\u011b m\u00e1ma tla\u010dila na voz\u00edku, byl jsem psychicky zlomen\u00fd<\/span><\/h3>\n        <\/a>\n    <\/div>\n    <\/article>\n<\/div>\n<p>Jak se sportovn\u011b zam\u011b\u0159en\u00e1 rodina octla na \u0160umav\u011b? \u201eV\u011bd\u011bl jsem z\u00a0vlastn\u00ed zku\u0161enosti, jak moc je sport n\u00e1ro\u010dn\u00fd ment\u00e1ln\u011b. Cht\u011bl jsem, aby m\u011bli \u0161anci se uvolnit. Proto jsme \u017eili v\u00a0p\u0159\u00edrod\u011b. Kluci jsou od d\u011btstv\u00ed na hor\u00e1ch, nikdy ne\u017eili ve m\u011bst\u011b,\u201c vypravuje Karel Vacek star\u0161\u00ed.<\/p>\n<p>Kdy\u017e cht\u011bl kluk\u016fm zajistit nejlep\u0161\u00ed mo\u017en\u00e9 podm\u00ednky pro sportovn\u00ed budoucnost, zvolil pro \u017eivot destinaci v\u00a0podob\u011b rakousk\u00e9ho Ramsau. \u201eOdjeli jsme tam se \u017eenou, vybrali bar\u00e1k a za \u010dtrn\u00e1ct dn\u016f se st\u011bhovali. Z\u016fstali jsme v\u00a0Rakousku dvan\u00e1ct let,\u201c vypravuje.<\/p>\n<h2><strong>Na posed vst\u00e1v\u00e1 ve \u010dty\u0159i r\u00e1no<\/strong><\/h2>\n<p>Oba kluci byli skv\u011bl\u00ed nejen na kole, ale i v\u00a0klasick\u00e9m ly\u017eov\u00e1n\u00ed. Logicky se vnucuje ot\u00e1zka, pro\u010d se rodina rozhodla vr\u00e1tit. \u201eProto\u017ee v\u00a0Rakousku je v\u0161echno podle prav\u00edtka. Cht\u011bli jsme ur\u010ditou divo\u010dinu, kterou \u0160umava sk\u00fdt\u00e1,\u201c vypravuje Karel Vacek star\u0161\u00ed.<\/p>\n<p>Karel, nejstar\u0161\u00ed z\u00a0trojice bratr\u016f, m\u00e1 klid \u0161umavsk\u00fdch hvozd\u016f r\u00e1d. Ale absolutn\u00ed jedni\u010dkou ve vztahu k p\u0159\u00edrod\u011b je pr\u00e1v\u011b Mathias. \u201eLetos jsem prome\u0161kal \u0159\u00edji a byl jsem z\u00a0toho \u0161patnej,\u201c hl\u00e1s\u00ed Mathias. \u201eLetos to byla slabota. Nebyly rann\u00ed mraz\u00edky a hodn\u011b pr\u0161elo. Jeleni sice \u0159vali, ale byli schovan\u00ed pod stromy,\u201c popisuje Karel Vacek junior. \u201eJ\u00e1 jsem schopn\u00fd vst\u00e1t ve \u010dty\u0159i r\u00e1no. Jdu na posed na dv\u011b hodiny, pozoruji zv\u011b\u0159. Pak vyraz\u00edm dom\u016f, d\u00e1m si sn\u00eddani a jedu na tr\u00e9nink. Te\u010f mimo sezonu to ni\u010demu ne\u0161kod\u00ed,\u201c \u0159\u00edk\u00e1 \u010derstv\u00fd vicemistr sv\u011bta.<\/p>\n<figure id=\"attachment_19522\" aria-describedby=\"caption-attachment-19522\" style=\"width: 1920px\" class=\"wp-caption alignnone\"><a href=\"https:\/\/d2p6e6u75xmxt8.cloudfront.net\/13\/2022\/11\/WLC_Mathias-Vacek_005.webp\"><img loading=\"lazy\" decoding=\"async\" class=\"size-extra-large wp-image-19522\" src=\"https:\/\/d2p6e6u75xmxt8.cloudfront.net\/13\/2022\/11\/WLC_Mathias-Vacek_005-1920x1281.webp\" alt=\"Mathias Vacek\" width=\"1920\" height=\"1281\" srcset=\"https:\/\/d2p6e6u75xmxt8.cloudfront.net\/13\/2022\/11\/WLC_Mathias-Vacek_005-1920x1281.webp 1920w, https:\/\/d2p6e6u75xmxt8.cloudfront.net\/13\/2022\/11\/WLC_Mathias-Vacek_005-300x200.webp 300w, https:\/\/d2p6e6u75xmxt8.cloudfront.net\/13\/2022\/11\/WLC_Mathias-Vacek_005-1024x683.webp 1024w, https:\/\/d2p6e6u75xmxt8.cloudfront.net\/13\/2022\/11\/WLC_Mathias-Vacek_005-768x512.webp 768w, https:\/\/d2p6e6u75xmxt8.cloudfront.net\/13\/2022\/11\/WLC_Mathias-Vacek_005-1536x1025.webp 1536w, https:\/\/d2p6e6u75xmxt8.cloudfront.net\/13\/2022\/11\/WLC_Mathias-Vacek_005-272x182.webp 272w, https:\/\/d2p6e6u75xmxt8.cloudfront.net\/13\/2022\/11\/WLC_Mathias-Vacek_005.webp 2000w, https:\/\/d2p6e6u75xmxt8.cloudfront.net\/13\/2022\/11\/WLC_Mathias-Vacek_005-1920x1281.webp 1920w\" sizes=\"auto, (max-width: 1920px) 100vw, 1920px\" \/><\/a><figcaption id=\"caption-attachment-19522\" class=\"wp-caption-text\"><em>Mathias Vacek s \u201edom\u00e1c\u00edmi mazl\u00ed\u010dky&#8220;, kter\u00e9 si s bratrem po\u0159\u00eddili b\u011bhem pandemie covidu. Foto: Michal \u010cerven\u00fd<\/em><\/figcaption><\/figure>\n<p>I v\u00a0sedle kola ob\u010das pozoruje zv\u011b\u0159. A n\u011bkdy z\u00a0v\u011bt\u0161\u00ed bl\u00edzkosti, ne\u017e by cht\u011bl. \u201eZv\u011b\u0159e je tu hodn\u011b. Li\u0161ky, jeleny nebo srnky potk\u00e1v\u00e1me standardn\u011b,\u201c \u0159\u00edk\u00e1 Karel Vacek junior. \u201eJsou tu i vlci a losi evrop\u0161t\u00ed, ale jde o extr\u00e9mn\u011b plach\u00e1 zv\u00ed\u0159ata. Ta na kole nepotk\u00e1v\u00e1me,\u201c sm\u011bje se Mathias Vacek.<\/p>\n<p>Kdy\u017e nesed\u00ed na posedu ani v\u00a0sedle kola, velmi pravd\u011bpodobn\u011b jej najdete v\u00a0ryb\u00e1\u0159sk\u00e9m u vody. Bu\u010f na Studen\u00e9 Vltav\u011b nebo na Lipn\u011b. \u201eDokonal\u00fd relax,\u201c zasn\u00ed se p\u0159i p\u0159edstav\u011b prut\u016f.<\/p>\n<h2><strong>\u0160umava d\u00e1l z\u016fstane tr\u00e9ninkov\u00fdm domovem<\/strong><\/h2>\n<p>Klid je jen zd\u00e1nliv\u00fd. Jen p\u00e1r krok\u016f od domu funguje bistro. A zat\u00edmco na\u0161inci vele\u00fasp\u011b\u0161n\u00e9ho mlad\u00edka ignoruj\u00ed, z\u00a0N\u011bmecka a Rakouska jezd\u00ed p\u0159es hranice hlavn\u011b o v\u00edkendu nejen fanou\u0161ci cyklistiky, aby se s\u00a0mlad\u00fdm z\u00e1vodn\u00edkem pozdravili a pop\u0159\u00e1li \u0161t\u011bst\u00ed. \u201eV\u017edy \u0159\u00edk\u00e1m t\u00e1tovi, \u017ee si to m\u00e1 j\u00edt vy\u0159\u00eddit. Je to jako nekone\u010dn\u00e1 autogrami\u00e1da,\u201c usm\u011bje se Mathias Vacek.<\/p>\n<p>\u201eJel jsem tr\u00e9nink na n\u011bmeck\u00e9 stran\u011b \u0160umavy. Troubilo na m\u011b auto, p\u0159itom jsem jel u krajnice. Kdy\u017e m\u011b p\u0159edjelo, zastavilo a vystoupil chlap\u00edk. Tro\u0161ku ve mn\u011b hrklo. Zastavil m\u011b a ukazoval video, kde jsem byl na z\u00e1vodech. Jezd\u00ed k\u00a0n\u00e1m pravideln\u011b na kafe,\u201c vypravuje Karel Vacek junior, kter\u00fd narozd\u00edl od bratra \u017eije ohledn\u011b budoucnosti v\u00a0nejistot\u011b. Od podpisu kontraktu v\u00a0prokontinent\u00e1ln\u00edm italsk\u00e9m t\u00fdmu jej d\u011blila cesta do s\u00eddla t\u00fdmu, jen\u017ee trable jednoho z\u00a0hlavn\u00edch sponzor\u016f uvrhly formaci i samotn\u00e9ho \u010desk\u00e9ho reprezentanta do nejistoty.<\/p>\n<p><a href=\"https:\/\/d2p6e6u75xmxt8.cloudfront.net\/13\/2022\/11\/WLC_Mathias-Vacek_011.webp\"><img loading=\"lazy\" decoding=\"async\" class=\"alignnone size-extra-large wp-image-19528\" src=\"https:\/\/d2p6e6u75xmxt8.cloudfront.net\/13\/2022\/11\/WLC_Mathias-Vacek_011-1920x1280.webp\" alt=\"\" width=\"1920\" height=\"1280\" srcset=\"https:\/\/d2p6e6u75xmxt8.cloudfront.net\/13\/2022\/11\/WLC_Mathias-Vacek_011-1920x1280.webp 1920w, https:\/\/d2p6e6u75xmxt8.cloudfront.net\/13\/2022\/11\/WLC_Mathias-Vacek_011-300x200.webp 300w, https:\/\/d2p6e6u75xmxt8.cloudfront.net\/13\/2022\/11\/WLC_Mathias-Vacek_011-1024x682.webp 1024w, https:\/\/d2p6e6u75xmxt8.cloudfront.net\/13\/2022\/11\/WLC_Mathias-Vacek_011-768x512.webp 768w, https:\/\/d2p6e6u75xmxt8.cloudfront.net\/13\/2022\/11\/WLC_Mathias-Vacek_011-1536x1024.webp 1536w, https:\/\/d2p6e6u75xmxt8.cloudfront.net\/13\/2022\/11\/WLC_Mathias-Vacek_011-272x182.webp 272w, https:\/\/d2p6e6u75xmxt8.cloudfront.net\/13\/2022\/11\/WLC_Mathias-Vacek_011.webp 2000w, https:\/\/d2p6e6u75xmxt8.cloudfront.net\/13\/2022\/11\/WLC_Mathias-Vacek_011-1920x1280.webp 1920w\" sizes=\"auto, (max-width: 1920px) 100vw, 1920px\" \/><\/a><\/p>\n<p>Ka\u017edop\u00e1dn\u011b historka Karla Vacka juniora dokonale vystihuje p\u0159\u00edstup ke sportovn\u00edm osobnostem v\u00a0zem\u00edch na hrani\u010dn\u00edm pomez\u00ed. Zat\u00edmco v\u00fdjime\u010dn\u00fd \u00fasp\u011bch Mathiase Vacka v\u00a0jeho domov\u011b nechal v\u0161echny sousedy klidn\u00fdmi, v\u00a0N\u011bmecku uspo\u0159\u00e1dali po p\u0159\u00edletu z\u00a0Austr\u00e1lie pro \u010derstv\u00e9ho vicemistra sv\u011bta velkolep\u00e9 p\u0159iv\u00edt\u00e1n\u00ed. \u201eJenom proto, \u017ee p\u0159es jejich vesnice jezd\u00edm tr\u00e9novat,\u201c pokr\u010d\u00ed rameny Mathias Vacek. \u201eSpole\u010densk\u00e1 atmosf\u00e9ra je druhou dimenz\u00ed na\u0161eho n\u00e1vratu do \u010ceska. Odezva na druh\u00e9 m\u00edsto z\u00a0mistrovstv\u00ed sv\u011bta byla v\u00a0\u010cesku vlastn\u011b nulov\u00e1,\u201c neskr\u00fdv\u00e1 roztrp\u010den\u00ed cyklist\u016fv otec.<\/p>\n<p>Mathias hned v\u00a0\u00favodu roku vyraz\u00ed vst\u0159\u00edc dal\u0161\u00edm \u00fasp\u011bch\u016fm. U\u017e m\u00e1 jasno, \u017ee jeho prvn\u00edm z\u00e1vodem bude Vuelta San Juan v\u00a0Argentin\u011b. P\u016fvodn\u011b m\u011bl jet Tour Down Under v\u00a0Austr\u00e1lii, ale&#8230; \u201eOrganiz\u00e1to\u0159i u klokan\u016f zm\u011bnili trat\u011b, tak\u017ee se t\u00fdm rozhodl poslat m\u011b do Argentiny,\u201c vysv\u011btluje dvacetilet\u00fd klenot \u010desk\u00e9 cyklistiky.<\/p>\n<div class=\"shortcode-ys-post-pinup\"><article class=\"loop-simple post-19475 post type-post status-publish format-standard has-post-thumbnail hentry category-silnicni-cyklistika tag-caja-rural-seguros tag-cyklistika tag-daniel-babor tag-elkov-kasper tag-michal-schlegel tag-silnicni-cyklistika tag-tomas-barta global-categories-cycling\" data-postid=\"19475\" role=\"article\" data-post-id=\"19475\" data-word-count=\"524\" data-headline-length=\"84\" data-category=\"Silni\u010dn\u00ed cyklistika\" data-global-category=\"Cycling\" data-author=\"Jan Kr\u016fta\" data-published=\"2022-11-02T07:00:20+02:00\" data-published-day=\"Wednesday\">\n    <div class=\"entry-thumbnail article-thumbnail\" content=\"https:\/\/d2p6e6u75xmxt8.cloudfront.net\/13\/2022\/10\/babor-BrychtaJan_CP_Mlada_Boleslav_20220924_122002_DSC_3944-150x150.webp\"><a href=\"https:\/\/www.welovecycling.com\/cs\/2022\/11\/02\/daniel-babor-o-prestupu-do-spanelska-bude-to-velky-boj-ale-tesim-se-na-nej\/\" class=\"image-holder\" target=\"_self\"><img decoding=\"async\" loading=\"lazy\" class=\"\" src=\"https:\/\/d2p6e6u75xmxt8.cloudfront.net\/13\/2022\/10\/babor-BrychtaJan_CP_Mlada_Boleslav_20220924_122002_DSC_3944-1024x682.webp\" srcset=\"https:\/\/d2p6e6u75xmxt8.cloudfront.net\/13\/2022\/10\/babor-BrychtaJan_CP_Mlada_Boleslav_20220924_122002_DSC_3944.webp 2000w, https:\/\/d2p6e6u75xmxt8.cloudfront.net\/13\/2022\/10\/babor-BrychtaJan_CP_Mlada_Boleslav_20220924_122002_DSC_3944-300x200.webp 300w, https:\/\/d2p6e6u75xmxt8.cloudfront.net\/13\/2022\/10\/babor-BrychtaJan_CP_Mlada_Boleslav_20220924_122002_DSC_3944-1024x682.webp 1024w, https:\/\/d2p6e6u75xmxt8.cloudfront.net\/13\/2022\/10\/babor-BrychtaJan_CP_Mlada_Boleslav_20220924_122002_DSC_3944-768x512.webp 768w, https:\/\/d2p6e6u75xmxt8.cloudfront.net\/13\/2022\/10\/babor-BrychtaJan_CP_Mlada_Boleslav_20220924_122002_DSC_3944-1536x1024.webp 1536w, https:\/\/d2p6e6u75xmxt8.cloudfront.net\/13\/2022\/10\/babor-BrychtaJan_CP_Mlada_Boleslav_20220924_122002_DSC_3944-1920x1280.webp 1920w, https:\/\/d2p6e6u75xmxt8.cloudfront.net\/13\/2022\/10\/babor-BrychtaJan_CP_Mlada_Boleslav_20220924_122002_DSC_3944-272x182.webp 272w, https:\/\/d2p6e6u75xmxt8.cloudfront.net\/13\/2022\/10\/babor-BrychtaJan_CP_Mlada_Boleslav_20220924_122002_DSC_3944-1920x1280.webp 1920w\" width=\"1024\" height=\"682\" sizes=\"auto, (min-width: 1200px) 300px, (min-width: 768px) 25vw, 100vw\" alt=\"daniel-babor-o-prestupu-do-spanelska-bude-to-velky-boj-ale-tesim-se-na-nej\"\/><\/a><\/div>    <div class=\"entry-meta\">\n        <a class=\"label label-secondary post-category\" href=\"https:\/\/www.welovecycling.com\/cs\/category\/silnicni-cyklistika\/\" title=\"Silni\u010dn\u00ed cyklistika\">Silni\u010dn\u00ed cyklistika<\/a>\n    <\/div>\n    <div class=\"entry-details\">\n        <a href=\"https:\/\/www.welovecycling.com\/cs\/2022\/11\/02\/daniel-babor-o-prestupu-do-spanelska-bude-to-velky-boj-ale-tesim-se-na-nej\/\" class='entry-title-wrapper'>\n            <h3 class=\"entry-title\"><span>Daniel Babor o p\u0159estupu do \u0160pan\u011blska: Bude to velk\u00fd boj, ale t\u011b\u0161\u00edm se na n\u011bj<\/span><\/h3>\n        <\/a>\n    <\/div>\n    <\/article>\n<\/div>\n<p>I p\u0159es vstup do sv\u011bta World Tour z\u016fstane \u0160umava d\u00e1l jeho \u00fato\u010di\u0161t\u011bm. \u201eJe to nejlep\u0161\u00ed m\u00edsto na sv\u011bt\u011b pro tr\u00e9nink. Miluju to tady,\u201c rozpl\u00fdv\u00e1 se Mathias. Dokonce i tren\u00e9r mu lokalitu na jihoz\u00e1pad\u011b \u010cech schv\u00e1lil. A \u017ee jej krajan\u00e9 budou d\u00e1l p\u0159ehl\u00ed\u017eet? \u201eNe\u0159e\u0161\u00edm to. Jsem nekonfliktn\u00ed typ a m\u00e1m r\u00e1d sv\u016fj klid. \u0160umava mi ho garantuje,\u201c \u0159\u00edk\u00e1 nad\u0161en\u011b, ne\u017e se chop\u00ed sekery a s\u00a0bratrem se pust\u00ed do p\u0159\u00edpravy d\u0159eva na zimn\u00ed m\u011bs\u00edce.<\/p>\n","protected":false},"excerpt":{"rendered":"<p>Vicemistr sv\u011bta, jak ho nezn\u00e1te. \u017d\u00e1dn\u00e9 tr\u00e9ninkov\u00e9 intervaly! \u017d\u00e1dn\u00e1 \u0161tvanice o vte\u0159iny a pozici v\u00a0bal\u00edku! \u017d\u00e1dn\u00e9 bitvy o medaile. Studen\u00e1 [&hellip;]<\/p>\n","protected":false},"author":138,"featured_media":19523,"comment_status":"open","ping_status":"open","sticky":false,"template":"","format":"standard","meta":{"footnotes":""},"categories":[10],"tags":[126,253,2682,305,1154,9,1442,1820,1307,27,595],"global-categories":[411],"class_list":["post-19604","post","type-post","status-publish","format-standard","has-post-thumbnail","hentry","category-silnicni-cyklistika","tag-cyklistika","tag-karel-vacek","tag-markel-irizar","tag-mathias-vacek","tag-mistrovstvi-sveta","tag-silnicni-cyklistika","tag-sumava","tag-tour-de-lavenir","tag-trek-segafredo","tag-trenink","tag-zavod-miru","global-categories-cycling"],"yoast_head":"<!-- This site is optimized with the Yoast SEO Premium plugin v25.3 (Yoast SEO v25.9) - https:\/\/yoast.com\/wordpress\/plugins\/seo\/ -->\n<title>U vicemistra sv\u011bta, jemu\u017e p\u0159\u00e1li smrt! Mathias Vacek a jeho \u0161umavsk\u00e9 kr\u00e1lovstv\u00ed. | \u0160koda We Love Cycling - \u010cesk\u00e1 republika<\/title>\n<meta name=\"description\" content=\"Vicemistr sv\u011bta, jak ho nezn\u00e1te. \u017d\u00e1dn\u00e9 intervaly \u010di \u0161tvanice o vte\u0159iny. Mathias Vacek, hv\u011bzda Trek Segafredo a jeho \u00fato\u010di\u0161t\u011b na \u0160umav\u011b.\" \/>\n<meta name=\"robots\" content=\"index, follow, max-snippet:-1, max-image-preview:large, max-video-preview:-1\" \/>\n<link rel=\"canonical\" href=\"https:\/\/www.welovecycling.com\/cs\/2022\/11\/14\/mathias-vacek-a-jeho-sumavske-kralovstvi-u-vicemistra-sveta-jemuz-prali-smrt\/\" \/>\n<meta property=\"og:locale\" content=\"cs_CZ\" \/>\n<meta property=\"og:type\" content=\"article\" \/>\n<meta property=\"og:title\" content=\"U vicemistra sv\u011bta, jemu\u017e p\u0159\u00e1li smrt! Mathias Vacek a jeho \u0161umavsk\u00e9 kr\u00e1lovstv\u00ed.\" \/>\n<meta property=\"og:description\" content=\"Vicemistr sv\u011bta, jak ho nezn\u00e1te. \u017d\u00e1dn\u00e9 intervaly \u010di \u0161tvanice o vte\u0159iny. Mathias Vacek, hv\u011bzda Trek Segafredo a jeho \u00fato\u010di\u0161t\u011b na \u0160umav\u011b.\" \/>\n<meta property=\"og:url\" content=\"https:\/\/www.welovecycling.com\/cs\/2022\/11\/14\/mathias-vacek-a-jeho-sumavske-kralovstvi-u-vicemistra-sveta-jemuz-prali-smrt\/\" \/>\n<meta property=\"og:site_name\" content=\"\u0160koda We Love Cycling - \u010cesk\u00e1 republika\" \/>\n<meta property=\"article:published_time\" content=\"2022-11-14T03:00:16+00:00\" \/>\n<meta property=\"article:modified_time\" content=\"2022-11-14T12:23:05+00:00\" \/>\n<meta property=\"og:image\" content=\"https:\/\/d2p6e6u75xmxt8.cloudfront.net\/13\/2022\/11\/WLC_Mathias-Vacek_006.webp\" \/>\n\t<meta property=\"og:image:width\" content=\"2000\" \/>\n\t<meta property=\"og:image:height\" content=\"1334\" \/>\n\t<meta property=\"og:image:type\" content=\"image\/webp\" \/>\n<meta name=\"author\" content=\"radekmalina\" \/>\n<meta name=\"twitter:card\" content=\"summary_large_image\" \/>\n<meta name=\"twitter:label1\" content=\"Written by\" \/>\n\t<meta name=\"twitter:data1\" content=\"Jan Kr\u016fta\" \/>\n\t<meta name=\"twitter:label2\" content=\"Est. reading time\" \/>\n\t<meta name=\"twitter:data2\" content=\"6\" \/>\n<script type=\"application\/ld+json\" class=\"yoast-schema-graph\">{\"@context\":\"https:\/\/schema.org\",\"@graph\":[{\"@type\":\"WebPage\",\"@id\":\"https:\/\/www.welovecycling.com\/cs\/2022\/11\/14\/mathias-vacek-a-jeho-sumavske-kralovstvi-u-vicemistra-sveta-jemuz-prali-smrt\/\",\"url\":\"https:\/\/www.welovecycling.com\/cs\/2022\/11\/14\/mathias-vacek-a-jeho-sumavske-kralovstvi-u-vicemistra-sveta-jemuz-prali-smrt\/\",\"name\":\"U vicemistra sv\u011bta, jemu\u017e p\u0159\u00e1li smrt! Mathias Vacek a jeho \u0161umavsk\u00e9 kr\u00e1lovstv\u00ed. | \u0160koda We Love Cycling - \u010cesk\u00e1 republika\",\"isPartOf\":{\"@id\":\"https:\/\/www.welovecycling.com\/cs\/#website\"},\"primaryImageOfPage\":{\"@id\":\"https:\/\/www.welovecycling.com\/cs\/2022\/11\/14\/mathias-vacek-a-jeho-sumavske-kralovstvi-u-vicemistra-sveta-jemuz-prali-smrt\/#primaryimage\"},\"image\":{\"@id\":\"https:\/\/www.welovecycling.com\/cs\/2022\/11\/14\/mathias-vacek-a-jeho-sumavske-kralovstvi-u-vicemistra-sveta-jemuz-prali-smrt\/#primaryimage\"},\"thumbnailUrl\":\"https:\/\/d2p6e6u75xmxt8.cloudfront.net\/13\/2022\/11\/WLC_Mathias-Vacek_006.webp\",\"datePublished\":\"2022-11-14T03:00:16+00:00\",\"dateModified\":\"2022-11-14T12:23:05+00:00\",\"author\":{\"@id\":\"https:\/\/www.welovecycling.com\/cs\/#\/schema\/person\/d9eeb0a378f3a7e4a6d12d2b536b04b8\"},\"description\":\"Vicemistr sv\u011bta, jak ho nezn\u00e1te. \u017d\u00e1dn\u00e9 intervaly \u010di \u0161tvanice o vte\u0159iny. Mathias Vacek, hv\u011bzda Trek Segafredo a jeho \u00fato\u010di\u0161t\u011b na \u0160umav\u011b.\",\"inLanguage\":\"cs\",\"potentialAction\":[{\"@type\":\"ReadAction\",\"target\":[\"https:\/\/www.welovecycling.com\/cs\/2022\/11\/14\/mathias-vacek-a-jeho-sumavske-kralovstvi-u-vicemistra-sveta-jemuz-prali-smrt\/\"]}]},{\"@type\":\"ImageObject\",\"inLanguage\":\"cs\",\"@id\":\"https:\/\/www.welovecycling.com\/cs\/2022\/11\/14\/mathias-vacek-a-jeho-sumavske-kralovstvi-u-vicemistra-sveta-jemuz-prali-smrt\/#primaryimage\",\"url\":\"https:\/\/d2p6e6u75xmxt8.cloudfront.net\/13\/2022\/11\/WLC_Mathias-Vacek_006.webp\",\"contentUrl\":\"https:\/\/d2p6e6u75xmxt8.cloudfront.net\/13\/2022\/11\/WLC_Mathias-Vacek_006.webp\",\"width\":2000,\"height\":1334,\"caption\":\"Mathias Vacek\"},{\"@type\":\"WebSite\",\"@id\":\"https:\/\/www.welovecycling.com\/cs\/#website\",\"url\":\"https:\/\/www.welovecycling.com\/cs\/\",\"name\":\"\u0160koda We Love Cycling - \u010cesk\u00e1 republika\",\"description\":\"WeLoveCycling.cz je online magaz\u00edn, kter\u00fd v\u00e1m pravideln\u011b p\u0159in\u00e1\u0161\u00ed rady a tipy, zaj\u00edmav\u00e9 \u010dl\u00e1nky, videa a jedine\u010dn\u00e9 report\u00e1\u017ee ze sv\u011bta cyklistiky.\",\"potentialAction\":[{\"@type\":\"SearchAction\",\"target\":{\"@type\":\"EntryPoint\",\"urlTemplate\":\"https:\/\/www.welovecycling.com\/cs\/?s={search_term_string}\"},\"query-input\":{\"@type\":\"PropertyValueSpecification\",\"valueRequired\":true,\"valueName\":\"search_term_string\"}}],\"inLanguage\":\"cs\"},{\"@type\":\"Person\",\"@id\":\"https:\/\/www.welovecycling.com\/cs\/#\/schema\/person\/d9eeb0a378f3a7e4a6d12d2b536b04b8\",\"name\":\"radekmalina\",\"image\":{\"@type\":\"ImageObject\",\"inLanguage\":\"cs\",\"@id\":\"https:\/\/www.welovecycling.com\/cs\/#\/schema\/person\/image\/\",\"url\":\"https:\/\/secure.gravatar.com\/avatar\/66994b632cb8c39a46b9f54afa3ae07201b678d32a54275b6f1c9ffec356bfc0?s=96&d=mm&r=g\",\"contentUrl\":\"https:\/\/secure.gravatar.com\/avatar\/66994b632cb8c39a46b9f54afa3ae07201b678d32a54275b6f1c9ffec356bfc0?s=96&d=mm&r=g\",\"caption\":\"radekmalina\"},\"url\":\"https:\/\/www.welovecycling.com\/cs\/author\/radekmalina\/\"}]}<\/script>\n<!-- \/ Yoast SEO Premium plugin. -->","yoast_head_json":{"title":"U vicemistra sv\u011bta, jemu\u017e p\u0159\u00e1li smrt! Mathias Vacek a jeho \u0161umavsk\u00e9 kr\u00e1lovstv\u00ed. | \u0160koda We Love Cycling - \u010cesk\u00e1 republika","description":"Vicemistr sv\u011bta, jak ho nezn\u00e1te. \u017d\u00e1dn\u00e9 intervaly \u010di \u0161tvanice o vte\u0159iny. Mathias Vacek, hv\u011bzda Trek Segafredo a jeho \u00fato\u010di\u0161t\u011b na \u0160umav\u011b.","robots":{"index":"index","follow":"follow","max-snippet":"max-snippet:-1","max-image-preview":"max-image-preview:large","max-video-preview":"max-video-preview:-1"},"canonical":"https:\/\/www.welovecycling.com\/cs\/2022\/11\/14\/mathias-vacek-a-jeho-sumavske-kralovstvi-u-vicemistra-sveta-jemuz-prali-smrt\/","og_locale":"cs_CZ","og_type":"article","og_title":"U vicemistra sv\u011bta, jemu\u017e p\u0159\u00e1li smrt! Mathias Vacek a jeho \u0161umavsk\u00e9 kr\u00e1lovstv\u00ed.","og_description":"Vicemistr sv\u011bta, jak ho nezn\u00e1te. \u017d\u00e1dn\u00e9 intervaly \u010di \u0161tvanice o vte\u0159iny. Mathias Vacek, hv\u011bzda Trek Segafredo a jeho \u00fato\u010di\u0161t\u011b na \u0160umav\u011b.","og_url":"https:\/\/www.welovecycling.com\/cs\/2022\/11\/14\/mathias-vacek-a-jeho-sumavske-kralovstvi-u-vicemistra-sveta-jemuz-prali-smrt\/","og_site_name":"\u0160koda We Love Cycling - \u010cesk\u00e1 republika","article_published_time":"2022-11-14T03:00:16+00:00","article_modified_time":"2022-11-14T12:23:05+00:00","og_image":[{"width":2000,"height":1334,"url":"https:\/\/d2p6e6u75xmxt8.cloudfront.net\/13\/2022\/11\/WLC_Mathias-Vacek_006.webp","type":"image\/webp"}],"author":"radekmalina","twitter_card":"summary_large_image","twitter_misc":{"Written by":"Jan Kr\u016fta","Est. reading time":"6"},"schema":{"@context":"https:\/\/schema.org","@graph":[{"@type":"WebPage","@id":"https:\/\/www.welovecycling.com\/cs\/2022\/11\/14\/mathias-vacek-a-jeho-sumavske-kralovstvi-u-vicemistra-sveta-jemuz-prali-smrt\/","url":"https:\/\/www.welovecycling.com\/cs\/2022\/11\/14\/mathias-vacek-a-jeho-sumavske-kralovstvi-u-vicemistra-sveta-jemuz-prali-smrt\/","name":"U vicemistra sv\u011bta, jemu\u017e p\u0159\u00e1li smrt! Mathias Vacek a jeho \u0161umavsk\u00e9 kr\u00e1lovstv\u00ed. | \u0160koda We Love Cycling - \u010cesk\u00e1 republika","isPartOf":{"@id":"https:\/\/www.welovecycling.com\/cs\/#website"},"primaryImageOfPage":{"@id":"https:\/\/www.welovecycling.com\/cs\/2022\/11\/14\/mathias-vacek-a-jeho-sumavske-kralovstvi-u-vicemistra-sveta-jemuz-prali-smrt\/#primaryimage"},"image":{"@id":"https:\/\/www.welovecycling.com\/cs\/2022\/11\/14\/mathias-vacek-a-jeho-sumavske-kralovstvi-u-vicemistra-sveta-jemuz-prali-smrt\/#primaryimage"},"thumbnailUrl":"https:\/\/d2p6e6u75xmxt8.cloudfront.net\/13\/2022\/11\/WLC_Mathias-Vacek_006.webp","datePublished":"2022-11-14T03:00:16+00:00","dateModified":"2022-11-14T12:23:05+00:00","author":{"@id":"https:\/\/www.welovecycling.com\/cs\/#\/schema\/person\/d9eeb0a378f3a7e4a6d12d2b536b04b8"},"description":"Vicemistr sv\u011bta, jak ho nezn\u00e1te. \u017d\u00e1dn\u00e9 intervaly \u010di \u0161tvanice o vte\u0159iny. Mathias Vacek, hv\u011bzda Trek Segafredo a jeho \u00fato\u010di\u0161t\u011b na \u0160umav\u011b.","inLanguage":"cs","potentialAction":[{"@type":"ReadAction","target":["https:\/\/www.welovecycling.com\/cs\/2022\/11\/14\/mathias-vacek-a-jeho-sumavske-kralovstvi-u-vicemistra-sveta-jemuz-prali-smrt\/"]}]},{"@type":"ImageObject","inLanguage":"cs","@id":"https:\/\/www.welovecycling.com\/cs\/2022\/11\/14\/mathias-vacek-a-jeho-sumavske-kralovstvi-u-vicemistra-sveta-jemuz-prali-smrt\/#primaryimage","url":"https:\/\/d2p6e6u75xmxt8.cloudfront.net\/13\/2022\/11\/WLC_Mathias-Vacek_006.webp","contentUrl":"https:\/\/d2p6e6u75xmxt8.cloudfront.net\/13\/2022\/11\/WLC_Mathias-Vacek_006.webp","width":2000,"height":1334,"caption":"Mathias Vacek"},{"@type":"WebSite","@id":"https:\/\/www.welovecycling.com\/cs\/#website","url":"https:\/\/www.welovecycling.com\/cs\/","name":"\u0160koda We Love Cycling - \u010cesk\u00e1 republika","description":"WeLoveCycling.cz je online magaz\u00edn, kter\u00fd v\u00e1m pravideln\u011b p\u0159in\u00e1\u0161\u00ed rady a tipy, zaj\u00edmav\u00e9 \u010dl\u00e1nky, videa a jedine\u010dn\u00e9 report\u00e1\u017ee ze sv\u011bta cyklistiky.","potentialAction":[{"@type":"SearchAction","target":{"@type":"EntryPoint","urlTemplate":"https:\/\/www.welovecycling.com\/cs\/?s={search_term_string}"},"query-input":{"@type":"PropertyValueSpecification","valueRequired":true,"valueName":"search_term_string"}}],"inLanguage":"cs"},{"@type":"Person","@id":"https:\/\/www.welovecycling.com\/cs\/#\/schema\/person\/d9eeb0a378f3a7e4a6d12d2b536b04b8","name":"radekmalina","image":{"@type":"ImageObject","inLanguage":"cs","@id":"https:\/\/www.welovecycling.com\/cs\/#\/schema\/person\/image\/","url":"https:\/\/secure.gravatar.com\/avatar\/66994b632cb8c39a46b9f54afa3ae07201b678d32a54275b6f1c9ffec356bfc0?s=96&d=mm&r=g","contentUrl":"https:\/\/secure.gravatar.com\/avatar\/66994b632cb8c39a46b9f54afa3ae07201b678d32a54275b6f1c9ffec356bfc0?s=96&d=mm&r=g","caption":"radekmalina"},"url":"https:\/\/www.welovecycling.com\/cs\/author\/radekmalina\/"}]}},"_links":{"self":[{"href":"https:\/\/www.welovecycling.com\/cs\/wp-json\/wp\/v2\/posts\/19604","targetHints":{"allow":["GET"]}}],"collection":[{"href":"https:\/\/www.welovecycling.com\/cs\/wp-json\/wp\/v2\/posts"}],"about":[{"href":"https:\/\/www.welovecycling.com\/cs\/wp-json\/wp\/v2\/types\/post"}],"author":[{"embeddable":true,"href":"https:\/\/www.welovecycling.com\/cs\/wp-json\/wp\/v2\/users\/138"}],"replies":[{"embeddable":true,"href":"https:\/\/www.welovecycling.com\/cs\/wp-json\/wp\/v2\/comments?post=19604"}],"version-history":[{"count":2,"href":"https:\/\/www.welovecycling.com\/cs\/wp-json\/wp\/v2\/posts\/19604\/revisions"}],"predecessor-version":[{"id":19649,"href":"https:\/\/www.welovecycling.com\/cs\/wp-json\/wp\/v2\/posts\/19604\/revisions\/19649"}],"wp:featuredmedia":[{"embeddable":true,"href":"https:\/\/www.welovecycling.com\/cs\/wp-json\/wp\/v2\/media\/19523"}],"wp:attachment":[{"href":"https:\/\/www.welovecycling.com\/cs\/wp-json\/wp\/v2\/media?parent=19604"}],"wp:term":[{"taxonomy":"category","embeddable":true,"href":"https:\/\/www.welovecycling.com\/cs\/wp-json\/wp\/v2\/categories?post=19604"},{"taxonomy":"post_tag","embeddable":true,"href":"https:\/\/www.welovecycling.com\/cs\/wp-json\/wp\/v2\/tags?post=19604"},{"taxonomy":"global-categories","embeddable":true,"href":"https:\/\/www.welovecycling.com\/cs\/wp-json\/wp\/v2\/global-categories?post=19604"}],"curies":[{"name":"wp","href":"https:\/\/api.w.org\/{rel}","templated":true}]}}