{"id":19344,"date":"2022-10-26T19:00:16","date_gmt":"2022-10-26T17:00:16","guid":{"rendered":"https:\/\/www.welovecycling.com\/cs\/?p=19344"},"modified":"2022-10-26T15:03:16","modified_gmt":"2022-10-26T13:03:16","slug":"vaclav-jezek-tata-me-obcas-musi-krotit-stribro-je-motivaci-v-treninku","status":"publish","type":"post","link":"https:\/\/www.welovecycling.com\/cs\/2022\/10\/26\/vaclav-jezek-tata-me-obcas-musi-krotit-stribro-je-motivaci-v-treninku\/","title":{"rendered":"V\u00e1clav Je\u017eek: T\u00e1ta m\u011b ob\u010das mus\u00ed krotit. St\u0159\u00edbro je motivac\u00ed v\u00a0tr\u00e9ninku"},"content":{"rendered":"<p><strong>Oslavil \u017eivotn\u00ed \u00fasp\u011bch, kdy\u017e v\u00a0dresu \u010desk\u00e9 reprezentace vybojoval st\u0159\u00edbrnou medaili ve sv\u011btov\u00e9m poh\u00e1ru cyklokrosa\u0159\u016f. Je\u0161t\u011b k\u00a0tomu na dom\u00e1c\u00ed trati v\u00a0T\u00e1bo\u0159e. O den pozd\u011bji u\u017e ale V\u00e1clav Je\u017eek ma\u0161\u00edroval do \u0161koly. A odpoledne na kolo&#8230; \u017d\u00e1dn\u00e9 p\u0159ehnan\u00e9 juch\u00e1n\u00ed. \u201eT\u00e1ta by m\u011b rychle vr\u00e1til na zem, kdybych l\u00e9tal v\u00a0oblac\u00edch,\u201c sm\u011bje se sedmn\u00e1ctilet\u00fd cyklokrosa\u0159.<\/strong><\/p>\n<p>Pro We Love Cycling hovo\u0159\u00ed o volb\u011b discipl\u00edny, o p\u0159\u00edstupu teeanagera k\u00a0tr\u00e9ninku i cest\u011b ke kol\u016fm, kter\u00e1 vlastn\u011b byla dan\u00e1 u\u017e od jeho narozen\u00ed&#8230;<\/p>\n<h2><strong>Opadla bezprost\u0159edn\u00ed euforie ze skv\u011bl\u00e9ho p\u0159edstaven\u00ed v\u00a0T\u00e1bo\u0159e? Dozn\u011bly oslavy?<\/strong><\/h2>\n<p>Mysl\u00edm, \u017ee euforii z\u00a0druh\u00e9ho m\u00edsta si ponesu hodn\u011b dlouho. Je to velk\u00fd z\u00e1vod. Nav\u00edc v\u00a0juniorech byla fantastick\u00e1 konkurence, tak\u017ee zajet medaili byl sen. Nad\u0161en\u00ed bylo naprosto neuv\u011b\u0159iteln\u00e9. Je\u0161t\u011b v\u00a0ned\u011bli ve\u010der jsme doma uspo\u0159\u00e1dali rodinnou oslavu.<\/p>\n<h2><strong>Prozrad\u00edte, jak vypad\u00e1 oslava st\u0159\u00edbrn\u00e9 medaile?<\/strong><\/h2>\n<p>Nic dramatick\u00e9ho&#8230; Sedli jsme si s\u00a0rodi\u010di, byla tam moje p\u0159\u00edtelkyn\u011b a br\u00e1cha. Hr\u00e1li jsme scrable, pak dobble. P\u0159ipili jsme si, ale t\u00edm to v\u00a0m\u00e9m p\u0159\u00edpad\u011b skon\u010dilo. U\u017e o v\u00edkendu jedu dal\u0161\u00ed z\u00e1vody a alkohol by z\u00e1sadn\u011b zpomalil regeneraci. Je\u0161t\u011b dva dny po z\u00e1vod\u011b mi chodily gratulace na mobil, lid\u00e9 psali i t\u00e1tovi a m\u00e1m\u011b.<\/p>\n<figure id=\"attachment_19285\" aria-describedby=\"caption-attachment-19285\" style=\"width: 1920px\" class=\"wp-caption alignnone\"><a href=\"https:\/\/d2p6e6u75xmxt8.cloudfront.net\/13\/2022\/10\/jezek-vaclav-junior-michal-cerveny-CEM_3076.webp\"><img loading=\"lazy\" decoding=\"async\" class=\"size-extra-large wp-image-19285\" src=\"https:\/\/d2p6e6u75xmxt8.cloudfront.net\/13\/2022\/10\/jezek-vaclav-junior-michal-cerveny-CEM_3076-1920x1280.webp\" alt=\"V\u00e1clav Je\u017eek junior, \u010desk\u00e1 cyklokrosov\u00e1 nad\u011bje.\" width=\"1920\" height=\"1280\" srcset=\"https:\/\/d2p6e6u75xmxt8.cloudfront.net\/13\/2022\/10\/jezek-vaclav-junior-michal-cerveny-CEM_3076-1920x1280.webp 1920w, https:\/\/d2p6e6u75xmxt8.cloudfront.net\/13\/2022\/10\/jezek-vaclav-junior-michal-cerveny-CEM_3076-300x200.webp 300w, https:\/\/d2p6e6u75xmxt8.cloudfront.net\/13\/2022\/10\/jezek-vaclav-junior-michal-cerveny-CEM_3076-1024x682.webp 1024w, https:\/\/d2p6e6u75xmxt8.cloudfront.net\/13\/2022\/10\/jezek-vaclav-junior-michal-cerveny-CEM_3076-768x512.webp 768w, https:\/\/d2p6e6u75xmxt8.cloudfront.net\/13\/2022\/10\/jezek-vaclav-junior-michal-cerveny-CEM_3076-1536x1024.webp 1536w, https:\/\/d2p6e6u75xmxt8.cloudfront.net\/13\/2022\/10\/jezek-vaclav-junior-michal-cerveny-CEM_3076-272x182.webp 272w, https:\/\/d2p6e6u75xmxt8.cloudfront.net\/13\/2022\/10\/jezek-vaclav-junior-michal-cerveny-CEM_3076.webp 2000w, https:\/\/d2p6e6u75xmxt8.cloudfront.net\/13\/2022\/10\/jezek-vaclav-junior-michal-cerveny-CEM_3076-1920x1280.webp 1920w\" sizes=\"auto, (max-width: 1920px) 100vw, 1920px\" \/><\/a><figcaption id=\"caption-attachment-19285\" class=\"wp-caption-text\"><em>V\u00e1clav Je\u017eek junior, \u010desk\u00e1 cyklokrosov\u00e1 nad\u011bje. Foto: Michal \u010cerven\u00fd (5x)<\/em><\/figcaption><\/figure>\n<h2><strong>P\u0159edstavuje st\u0159\u00edbro hned na \u00favod sezony velk\u00fd z\u00e1vazek do dal\u0161\u00edch z\u00e1vod\u016f?<\/strong><\/h2>\n<p>Ur\u010dit\u011b. S\u00e1m jsem doufal, \u017ee budu schopn\u00fd jezdit mezi p\u011bti nejlep\u0161\u00edmi. Vystoupen\u00edm v\u00a0T\u00e1bo\u0159e se v\u0161e ur\u010dit\u011b umocn\u00ed a lid\u00e9 budou zv\u011bdav\u00ed, jestli budu schopn\u00fd doj\u00ed\u017ed\u011bt na stupn\u00edch pravideln\u011b. Ud\u011bl\u00e1m maximum, aby to tak bylo. V\u011b\u0159\u00edm, \u017ee jsem skv\u011ble p\u0159ipraven\u00fd.<\/p>\n<div class=\"shortcode-ys-post-pinup\"><article class=\"loop-simple post-19194 post type-post status-publish format-standard has-post-thumbnail hentry category-cyklokros tag-cyklistika tag-cyklokros tag-cyklokros-tabor tag-eli-iserbyt tag-kristyna-zemanova tag-michael-boros tag-svetovy-pohar tag-tabor tag-vaclav-jezek tag-zdenek-stybar global-categories-cycling\" data-postid=\"19194\" role=\"article\" data-post-id=\"19194\" data-word-count=\"562\" data-headline-length=\"92\" data-category=\"Cyklokros\" data-global-category=\"Cycling\" data-author=\"We Love Cycling\" data-published=\"2022-10-23T19:28:50+02:00\" data-published-day=\"Sunday\">\n    <div class=\"entry-thumbnail article-thumbnail\" content=\"https:\/\/d2p6e6u75xmxt8.cloudfront.net\/13\/2022\/10\/SP-cyklokros-tabor_20-150x150.jpg\"><a href=\"https:\/\/www.welovecycling.com\/cs\/2022\/10\/23\/paradni-generalka-nadseni-fanousci-medailovy-uspech-ceskeho-reprezentanta-usmevy-rozdavajici-svetova-hvezda-zdenek-stybar-svetovy-pohar-v-cyklokrosu-v-tabore-byl-predposledni-rijnovou-nedeli-skv\/\" class=\"image-holder\" target=\"_self\"><img decoding=\"async\" loading=\"lazy\" class=\"\" src=\"https:\/\/d2p6e6u75xmxt8.cloudfront.net\/13\/2022\/10\/SP-cyklokros-tabor_20-1024x683.jpg\" srcset=\"https:\/\/d2p6e6u75xmxt8.cloudfront.net\/13\/2022\/10\/SP-cyklokros-tabor_20.jpg 2000w, https:\/\/d2p6e6u75xmxt8.cloudfront.net\/13\/2022\/10\/SP-cyklokros-tabor_20-300x200.jpg 300w, https:\/\/d2p6e6u75xmxt8.cloudfront.net\/13\/2022\/10\/SP-cyklokros-tabor_20-1024x683.jpg 1024w, https:\/\/d2p6e6u75xmxt8.cloudfront.net\/13\/2022\/10\/SP-cyklokros-tabor_20-768x512.jpg 768w, https:\/\/d2p6e6u75xmxt8.cloudfront.net\/13\/2022\/10\/SP-cyklokros-tabor_20-1536x1025.jpg 1536w, https:\/\/d2p6e6u75xmxt8.cloudfront.net\/13\/2022\/10\/SP-cyklokros-tabor_20-1920x1281.jpg 1920w, https:\/\/d2p6e6u75xmxt8.cloudfront.net\/13\/2022\/10\/SP-cyklokros-tabor_20-272x182.jpg 272w, https:\/\/d2p6e6u75xmxt8.cloudfront.net\/13\/2022\/10\/SP-cyklokros-tabor_20-1920x1281.jpg 1920w\" width=\"1024\" height=\"683\" sizes=\"auto, (min-width: 1200px) 300px, (min-width: 768px) 25vw, 100vw\" alt=\"paradni-generalka-nadseni-fanousci-medailovy-uspech-ceskeho-reprezentanta-usmevy-rozdavajici-svetova-hvezda-zdenek-stybar-svetovy-pohar-v-cyklokrosu-v-tabore-byl-predposledni-rijnovou-nedeli-skv\"\/><\/a><\/div>    <div class=\"entry-meta\">\n        <a class=\"label label-secondary post-category\" href=\"https:\/\/www.welovecycling.com\/cs\/category\/cyklokros\/\" title=\"Cyklokros\">Cyklokros<\/a>\n    <\/div>\n    <div class=\"entry-details\">\n        <a href=\"https:\/\/www.welovecycling.com\/cs\/2022\/10\/23\/paradni-generalka-nadseni-fanousci-medailovy-uspech-ceskeho-reprezentanta-usmevy-rozdavajici-svetova-hvezda-zdenek-stybar-svetovy-pohar-v-cyklokrosu-v-tabore-byl-predposledni-rijnovou-nedeli-skv\/\" class='entry-title-wrapper'>\n            <h3 class=\"entry-title\"><span>Fotoreport\u00e1\u017e: Cyklokros v T\u00e1bo\u0159e? V\u00e1clav Je\u017eek na stupn\u00edch, nad\u0161en\u00fd Zden\u011bk \u0160tybar<\/span><\/h3>\n        <\/a>\n    <\/div>\n    <\/article>\n<\/div>\n<h2><strong>Za p\u0159\u00edpravou stoj\u00ed v\u00e1\u0161 otec, kter\u00fd s\u00e1m p\u0159es dv\u011b desetilet\u00ed z\u00e1vodil na horsk\u00e9m i cyklokrosov\u00e9m kole na nejvy\u0161\u0161\u00ed \u00farovni. Byla pro v\u00e1s v\u00a0d\u011btstv\u00ed jin\u00e1 sportovn\u00ed varianta ne\u017e kolo?<\/strong><\/h2>\n<p>T\u00e1ta n\u00e1s ke kolu vedl. Br\u00e1cha zkou\u0161el n\u011bkolik sport\u016f, ale j\u00e1 ne. Od \u010dty\u0159 nebo p\u011bti let jsem jezdil na kole. Nejd\u0159\u00edve na horsk\u00e9m. Absolvoval jsem d\u011btsk\u00e9 z\u00e1vody seri\u00e1lu Kolo pro \u017eivot. A kdy\u017e jsem mohl jako \u017e\u00e1k za\u010d\u00edt jezdit cyklokros, bylo v\u0161echno jasn\u00e9. Hned b\u011bhem prvn\u00ed sezony jsem se v\u00a0krosu na\u0161el. T\u00e1ta m\u011b tro\u0161ku brzdil, \u017ee se uvid\u00ed \u010dasem, abych v\u0161echno nes\u00e1zel na jednu kartu. Ale m\u011b kros bavil nejv\u00edc. Kdy\u017e se t\u0159eba se\u0161ly v\u00a0kalend\u00e1\u0159i z\u00e1vody bikov\u00e9 i cyklokrosov\u00e9, v\u017edy dostal p\u0159ednost kros.<\/p>\n<h2><strong>Spousta z\u00e1vodn\u00edk\u016f i z\u00e1vodnic s\u00a0volbou discipl\u00edny bojuje a mnohdy je k\u00a0vid\u011bn\u00ed opa\u010dn\u00fd sc\u00e9n\u00e1\u0159, kdy cyklokros opust\u00ed. Pro\u010d u v\u00e1s vyhr\u00e1l?<\/strong><\/h2>\n<p>Obecn\u011b m\u00e1m r\u00e1d ter\u00e9n, tak\u017ee bylo jasn\u00e9, \u017ee silnice nevyhraje. Mo\u017en\u00e1 rozhodlo chladn\u011bj\u0161\u00ed po\u010das\u00ed, v\u00a0n\u011bm\u017e se cyklokros jezd\u00ed. Sed\u00ed mi to. Nem\u00e1m r\u00e1d letn\u00ed vedra, kdy je spousta bikov\u00fdch z\u00e1vod\u016f. A fakt jsem ke krosu t\u00edhnul u\u017e jako \u017e\u00e1k.<\/p>\n<figure id=\"attachment_19287\" aria-describedby=\"caption-attachment-19287\" style=\"width: 1920px\" class=\"wp-caption alignnone\"><a href=\"https:\/\/d2p6e6u75xmxt8.cloudfront.net\/13\/2022\/10\/jezek-vaclav-junior-michal-cerveny-III.webp\"><img loading=\"lazy\" decoding=\"async\" class=\"size-extra-large wp-image-19287\" src=\"https:\/\/d2p6e6u75xmxt8.cloudfront.net\/13\/2022\/10\/jezek-vaclav-junior-michal-cerveny-III-1920x1280.webp\" alt=\"V\u00e1clav Je\u017eek \" width=\"1920\" height=\"1280\" srcset=\"https:\/\/d2p6e6u75xmxt8.cloudfront.net\/13\/2022\/10\/jezek-vaclav-junior-michal-cerveny-III-1920x1280.webp 1920w, https:\/\/d2p6e6u75xmxt8.cloudfront.net\/13\/2022\/10\/jezek-vaclav-junior-michal-cerveny-III-300x200.webp 300w, https:\/\/d2p6e6u75xmxt8.cloudfront.net\/13\/2022\/10\/jezek-vaclav-junior-michal-cerveny-III-1024x682.webp 1024w, https:\/\/d2p6e6u75xmxt8.cloudfront.net\/13\/2022\/10\/jezek-vaclav-junior-michal-cerveny-III-768x512.webp 768w, https:\/\/d2p6e6u75xmxt8.cloudfront.net\/13\/2022\/10\/jezek-vaclav-junior-michal-cerveny-III-1536x1024.webp 1536w, https:\/\/d2p6e6u75xmxt8.cloudfront.net\/13\/2022\/10\/jezek-vaclav-junior-michal-cerveny-III-272x182.webp 272w, https:\/\/d2p6e6u75xmxt8.cloudfront.net\/13\/2022\/10\/jezek-vaclav-junior-michal-cerveny-III.webp 2000w, https:\/\/d2p6e6u75xmxt8.cloudfront.net\/13\/2022\/10\/jezek-vaclav-junior-michal-cerveny-III-1920x1280.webp 1920w\" sizes=\"auto, (max-width: 1920px) 100vw, 1920px\" \/><\/a><figcaption id=\"caption-attachment-19287\" class=\"wp-caption-text\"><em>V\u00e1clav Je\u017eek junior bojuje s trat\u00ed na okruhu Komora v T\u00e1bo\u0159e.<\/em><\/figcaption><\/figure>\n<h2><strong>Sou\u010dasn\u00e1 doba p\u0159in\u00e1\u0161\u00ed mnoho l\u00e1kadel. Udr\u017eet mlad\u00e9 u sportu je \u010dasto velk\u00fd probl\u00e9m. Jak moc bojujete s\u00a0tr\u00e9ninkov\u00fdmi povinnostmi?<\/strong><\/h2>\n<p>M\u00e1m dny, kdy si \u0159\u00edk\u00e1m, jak moc jsem unaven\u00fd a na tr\u00e9nink se mi nechce. Ale poka\u017ed\u00e9 jedu. Ono se toti\u017e v\u00e1\u017en\u011b jen v\u00fdjime\u010dn\u011b stane, \u017ee kolo nechci vid\u011bt. Nav\u00edc kdy\u017e se \u010dlov\u011bku da\u0159\u00ed, je v\u0161echno snadn\u011bj\u0161\u00ed. Dojel jsem druh\u00fd a byla to fantazie. \u00dasp\u011bch mi dodal motivaci do tr\u00e9ninku, abych si mohl p\u00f3dium zopakovat.<\/p>\n<h2><strong>Je slo\u017eit\u00e9 skloubit tr\u00e9ninkov\u00e9 povinnosti, kdy u\u017e je objem z\u00e1sadn\u00ed, se \u0161koln\u00edmi povinnostmi?<\/strong><\/h2>\n<p>Studuji v\u00a0Mlad\u00e9 Boleslavi pr\u016fmyslovku a od lo\u0148ska, kdy jsem byl v\u00a0juniorech prvn\u00edm rokem, m\u00e1m individu\u00e1ln\u00ed pl\u00e1n. Kdy\u017e jsou soust\u0159ed\u011bn\u00ed nebo d\u016fle\u017eit\u00e9 z\u00e1vody, tak ve \u0161kole nejsem. Ale jinak se sna\u017e\u00edm chodit. V\u0161ichni mi pom\u00e1haj\u00ed. N\u011bkter\u00e9 p\u0159edm\u011bty zvl\u00e1d\u00e1m v\u00a0pohod\u011b, jin\u00e9 jsou tro\u0161ku problemati\u010dt\u011bj\u0161\u00ed. Ale d\u00e1v\u00e1m to.<\/p>\n<div class=\"shortcode-ys-post-pinup\"><article class=\"loop-simple post-19053 post type-post status-publish format-standard has-post-thumbnail hentry category-silnicni-cyklistika tag-bikeexchange-jayco tag-cyklistika tag-cyklokros tag-deceuninck-quick-step tag-ms-v-tabore-2024 tag-silnicni-cyklistika tag-sp-v-tabore tag-tour-de-france tag-zdenek-stybar global-categories-cycling\" data-postid=\"19053\" role=\"article\" data-post-id=\"19053\" data-word-count=\"612\" data-headline-length=\"75\" data-category=\"Silni\u010dn\u00ed cyklistika\" data-global-category=\"Cycling\" data-author=\"We Love Cycling\" data-published=\"2022-10-14T13:00:26+02:00\" data-published-day=\"Friday\">\n    <div class=\"entry-thumbnail article-thumbnail\" content=\"https:\/\/d2p6e6u75xmxt8.cloudfront.net\/13\/2022\/10\/Stybar-BrychtaJan_ME_Mnichov_20220813_123248_DSC_8918-150x150.webp\"><a href=\"https:\/\/www.welovecycling.com\/cs\/2022\/10\/14\/zdenek-stybar-o-prestupu-o-bikeexchange-jayco-je-to-jako-jit-na-prvni-rande\/\" class=\"image-holder\" target=\"_self\"><img decoding=\"async\" loading=\"lazy\" class=\"\" src=\"https:\/\/d2p6e6u75xmxt8.cloudfront.net\/13\/2022\/10\/Stybar-BrychtaJan_ME_Mnichov_20220813_123248_DSC_8918-1024x681.webp\" srcset=\"https:\/\/d2p6e6u75xmxt8.cloudfront.net\/13\/2022\/10\/Stybar-BrychtaJan_ME_Mnichov_20220813_123248_DSC_8918.webp 2000w, https:\/\/d2p6e6u75xmxt8.cloudfront.net\/13\/2022\/10\/Stybar-BrychtaJan_ME_Mnichov_20220813_123248_DSC_8918-300x200.webp 300w, https:\/\/d2p6e6u75xmxt8.cloudfront.net\/13\/2022\/10\/Stybar-BrychtaJan_ME_Mnichov_20220813_123248_DSC_8918-1024x681.webp 1024w, https:\/\/d2p6e6u75xmxt8.cloudfront.net\/13\/2022\/10\/Stybar-BrychtaJan_ME_Mnichov_20220813_123248_DSC_8918-768x511.webp 768w, https:\/\/d2p6e6u75xmxt8.cloudfront.net\/13\/2022\/10\/Stybar-BrychtaJan_ME_Mnichov_20220813_123248_DSC_8918-1536x1022.webp 1536w, https:\/\/d2p6e6u75xmxt8.cloudfront.net\/13\/2022\/10\/Stybar-BrychtaJan_ME_Mnichov_20220813_123248_DSC_8918-1920x1278.webp 1920w, https:\/\/d2p6e6u75xmxt8.cloudfront.net\/13\/2022\/10\/Stybar-BrychtaJan_ME_Mnichov_20220813_123248_DSC_8918-272x182.webp 272w, https:\/\/d2p6e6u75xmxt8.cloudfront.net\/13\/2022\/10\/Stybar-BrychtaJan_ME_Mnichov_20220813_123248_DSC_8918-1920x1278.webp 1920w\" width=\"1024\" height=\"681\" sizes=\"auto, (min-width: 1200px) 300px, (min-width: 768px) 25vw, 100vw\" alt=\"zdenek-stybar-o-prestupu-o-bikeexchange-jayco-je-to-jako-jit-na-prvni-rande\"\/><\/a><\/div>    <div class=\"entry-meta\">\n        <a class=\"label label-secondary post-category\" href=\"https:\/\/www.welovecycling.com\/cs\/category\/silnicni-cyklistika\/\" title=\"Silni\u010dn\u00ed cyklistika\">Silni\u010dn\u00ed cyklistika<\/a>\n    <\/div>\n    <div class=\"entry-details\">\n        <a href=\"https:\/\/www.welovecycling.com\/cs\/2022\/10\/14\/zdenek-stybar-o-prestupu-o-bikeexchange-jayco-je-to-jako-jit-na-prvni-rande\/\" class='entry-title-wrapper'>\n            <h3 class=\"entry-title\"><span>Zden\u011bk \u0160tybar o p\u0159estupu k Australan\u016fm: Je to jako j\u00edt na prvn\u00ed rande<\/span><\/h3>\n        <\/a>\n    <\/div>\n    <\/article>\n<\/div>\n<h2><strong>Funguje hladce vztah s\u00a0tren\u00e9rem, kter\u00fd je sou\u010dasn\u011b t\u00e1ta? <\/strong><\/h2>\n<p>J\u00e1 m\u00e1m tro\u0161ku nev\u00fdhodu, \u017ee nem\u00e1m v\u00a0na\u0161em boleslavsk\u00e9m t\u00fdmu Brilon stejn\u011b star\u00e9 par\u0165\u00e1ky. N\u011bkdy s\u00a0mlad\u0161\u00edmi n\u011bco objedu, ale hodn\u011b tr\u00e9nuji s\u00e1m. Ob\u010das se s\u00a0t\u00e1tou poh\u00e1d\u00e1me kv\u016fli n\u00e1plni tr\u00e9ninku. Ale chce, abychom byli nejlep\u0161\u00ed. A j\u00e1 si uv\u011bdomuji, \u017ee cyklistice neskute\u010dn\u011b rozum\u00ed a mysl\u00ed to se mnou dob\u0159e.<\/p>\n<h2><strong>Nakl\u00e1d\u00e1 v\u00e1m v\u011bt\u0161\u00ed porce v p\u0159\u00edprav\u011b ne\u017e ostatn\u00edm?<\/strong><\/h2>\n<p>Jsem na sebe dost tvrd\u00fd, tak\u017ee m\u011b sp\u00ed\u0161e mus\u00ed krotit. Vysv\u011btluje mi, \u017ee se nic nesm\u00ed p\u0159eh\u00e1n\u011bt.<\/p>\n<figure id=\"attachment_19288\" aria-describedby=\"caption-attachment-19288\" style=\"width: 1920px\" class=\"wp-caption alignnone\"><a href=\"https:\/\/d2p6e6u75xmxt8.cloudfront.net\/13\/2022\/10\/jezek-vaclav-junior-michal-cerveny-IV.webp\"><img loading=\"lazy\" decoding=\"async\" class=\"size-extra-large wp-image-19288\" src=\"https:\/\/d2p6e6u75xmxt8.cloudfront.net\/13\/2022\/10\/jezek-vaclav-junior-michal-cerveny-IV-1920x1280.webp\" alt=\"V\u00e1clav Je\u017eek \" width=\"1920\" height=\"1280\" srcset=\"https:\/\/d2p6e6u75xmxt8.cloudfront.net\/13\/2022\/10\/jezek-vaclav-junior-michal-cerveny-IV-1920x1280.webp 1920w, https:\/\/d2p6e6u75xmxt8.cloudfront.net\/13\/2022\/10\/jezek-vaclav-junior-michal-cerveny-IV-300x200.webp 300w, https:\/\/d2p6e6u75xmxt8.cloudfront.net\/13\/2022\/10\/jezek-vaclav-junior-michal-cerveny-IV-1024x682.webp 1024w, https:\/\/d2p6e6u75xmxt8.cloudfront.net\/13\/2022\/10\/jezek-vaclav-junior-michal-cerveny-IV-768x512.webp 768w, https:\/\/d2p6e6u75xmxt8.cloudfront.net\/13\/2022\/10\/jezek-vaclav-junior-michal-cerveny-IV-1536x1024.webp 1536w, https:\/\/d2p6e6u75xmxt8.cloudfront.net\/13\/2022\/10\/jezek-vaclav-junior-michal-cerveny-IV-272x182.webp 272w, https:\/\/d2p6e6u75xmxt8.cloudfront.net\/13\/2022\/10\/jezek-vaclav-junior-michal-cerveny-IV.webp 2000w, https:\/\/d2p6e6u75xmxt8.cloudfront.net\/13\/2022\/10\/jezek-vaclav-junior-michal-cerveny-IV-1920x1280.webp 1920w\" sizes=\"auto, (max-width: 1920px) 100vw, 1920px\" \/><\/a><figcaption id=\"caption-attachment-19288\" class=\"wp-caption-text\"><em>Vy\u010derpan\u00fd V\u00e1clav Je\u017eek junior v c\u00edli z\u00e1vodu v T\u00e1bo\u0159e.<\/em><\/figcaption><\/figure>\n<h2><strong>P\u0159edstavuje pro v\u00e1s t\u00e1ta motivaci?<\/strong><\/h2>\n<p>Mysl\u00edm, \u017ee m\u011bl skv\u011blou kari\u00e9ru a budu muset hodn\u011b makat, abych se mu vyrovnal. Kdy\u017e je p\u0159i z\u00e1vodech se mnou v\u00a0roli tren\u00e9ra, pro\u017e\u00edv\u00e1me v\u0161echno hodn\u011b emotivn\u011b. Te\u010f v\u00a0T\u00e1bo\u0159e byla euforie v\u00e1\u017en\u011b obrovsk\u00e1.<\/p>\n<h2><strong>T\u00e1ta dlouho nastupoval i v\u00a0z\u00e1vodech horsk\u00fdch kol. Pro v\u00e1s p\u0159estup na jinou discipl\u00ednu po vzoru nejv\u011bt\u0161\u00edch hv\u011bzd jako Wout van Aert, Mathieu van der Poel \u010di Zden\u011bk \u0160tybar pro v\u00e1s nen\u00ed t\u00e9matem?<\/strong><\/h2>\n<p>Cyklokros stav\u00edm \u00fapln\u011b nejv\u00fd\u0161e. Cht\u011bl bych se dostat do t\u00fdmu v\u00a0cizin\u011b, abych se zlep\u0161oval. Kdy\u017e budu m\u00edt p\u0159\u00edle\u017eitost jezdit se z\u00e1vodn\u00edky v\u00a0Belgii nebo Nizozemsku, ur\u010dit\u011b v\u00fdkonnostn\u011b porostu.<\/p>\n<div class=\"shortcode-ys-post-pinup\"><article class=\"loop-simple post-18837 post type-post status-publish format-video has-post-thumbnail hentry category-podcasty tag-cyklistika tag-gazprom-rusvelo tag-mathias-vacek tag-podcast tag-silnicni-cyklistika tag-trek-segafredo tag-trenink post_format-post-format-video global-categories-cycling\" data-postid=\"18837\" role=\"article\" data-post-id=\"18837\" data-word-count=\"270\" data-headline-length=\"99\" data-category=\"Podcasty\" data-global-category=\"Cycling\" data-author=\"We Love Cycling\" data-published=\"2022-09-25T02:00:53+02:00\" data-published-day=\"Sunday\">\n    <div class=\"entry-thumbnail article-thumbnail video-thumbnail\" content=\"https:\/\/d2p6e6u75xmxt8.cloudfront.net\/13\/2022\/09\/wlc-podcast-vacek-150x150.webp\"><svg class=\"play font-icon\"><use href=\"#play_round\" xlink:href=\"#play_round\"><\/use><\/svg><a href=\"https:\/\/www.welovecycling.com\/cs\/2022\/09\/25\/wlc-podcast-mathias-vacek-kdyz-me-mama-vozila-na-voziku-byl-jsem-psychicky-zlomeny\/\" class=\"image-holder\" target=\"_self\"><img decoding=\"async\" loading=\"lazy\" class=\"\" src=\"https:\/\/d2p6e6u75xmxt8.cloudfront.net\/13\/2022\/09\/wlc-podcast-vacek-1024x576.webp\" srcset=\"https:\/\/d2p6e6u75xmxt8.cloudfront.net\/13\/2022\/09\/wlc-podcast-vacek.webp 1920w, https:\/\/d2p6e6u75xmxt8.cloudfront.net\/13\/2022\/09\/wlc-podcast-vacek-300x169.webp 300w, https:\/\/d2p6e6u75xmxt8.cloudfront.net\/13\/2022\/09\/wlc-podcast-vacek-1024x576.webp 1024w, https:\/\/d2p6e6u75xmxt8.cloudfront.net\/13\/2022\/09\/wlc-podcast-vacek-768x432.webp 768w, https:\/\/d2p6e6u75xmxt8.cloudfront.net\/13\/2022\/09\/wlc-podcast-vacek-1536x864.webp 1536w\" width=\"1024\" height=\"576\" sizes=\"auto, (min-width: 1200px) 356px, (min-width: 768px) 30vw, 100vw\" alt=\"wlc-podcast-mathias-vacek-kdyz-me-mama-vozila-na-voziku-byl-jsem-psychicky-zlomeny\"\/><\/a><\/div>    <div class=\"entry-meta\">\n        <a class=\"label label-secondary post-category\" href=\"https:\/\/www.welovecycling.com\/cs\/category\/podcasty\/\" title=\"Podcasty\">Podcasty<\/a>\n    <\/div>\n    <div class=\"entry-details\">\n        <a href=\"https:\/\/www.welovecycling.com\/cs\/2022\/09\/25\/wlc-podcast-mathias-vacek-kdyz-me-mama-vozila-na-voziku-byl-jsem-psychicky-zlomeny\/\" class='entry-title-wrapper'>\n            <h3 class=\"entry-title\"><span>Mathias Vacek &#8211; podcast WLC: Kdy\u017e m\u011b m\u00e1ma tla\u010dila na voz\u00edku, byl jsem psychicky zlomen\u00fd<\/span><\/h3>\n        <\/a>\n    <\/div>\n    <\/article>\n<\/div>\n<h2><strong>Odchod je aktu\u00e1ln\u00edm t\u00e9matem nebo sp\u00ed\u0161e v\u00fdhledem do vzd\u00e1len\u00e9 budoucnosti?<\/strong><\/h2>\n<p>N\u011bjak\u00e9 mo\u017enosti jsem m\u011bl, ale ur\u010dit\u011b nebudu odch\u00e1zet nyn\u00ed b\u011bhem sezony. R\u00e1d bych je\u0161t\u011b dal\u0161\u00ed dva roky z\u016fstal v\u00a0\u010cesku a dostudoval. Ale uv\u011bdomuji si, \u017ee zahrani\u010dn\u00ed t\u00fdmy maj\u00ed k\u00a0dispozici lep\u0161\u00ed materi\u00e1l, a hlavn\u011b jde o v\u00fdjime\u010dn\u00e9 konkuren\u010dn\u00ed prost\u0159ed\u00ed.<\/p>\n<figure id=\"attachment_19286\" aria-describedby=\"caption-attachment-19286\" style=\"width: 1920px\" class=\"wp-caption alignnone\"><a href=\"https:\/\/d2p6e6u75xmxt8.cloudfront.net\/13\/2022\/10\/jezek-vaclav-junior-michal-cerveny-II.webp\"><img loading=\"lazy\" decoding=\"async\" class=\"size-extra-large wp-image-19286\" src=\"https:\/\/d2p6e6u75xmxt8.cloudfront.net\/13\/2022\/10\/jezek-vaclav-junior-michal-cerveny-II-1920x1280.webp\" alt=\"V\u00e1clav Je\u017eek junior na stupn\u00edch v\u00edt\u011bz\u016f po druh\u00e9 p\u0159\u00ed\u010dce p\u0159i Sv\u011btov\u00e9m poh\u00e1ru v T\u00e1bo\u0159e.\" width=\"1920\" height=\"1280\" srcset=\"https:\/\/d2p6e6u75xmxt8.cloudfront.net\/13\/2022\/10\/jezek-vaclav-junior-michal-cerveny-II-1920x1280.webp 1920w, https:\/\/d2p6e6u75xmxt8.cloudfront.net\/13\/2022\/10\/jezek-vaclav-junior-michal-cerveny-II-300x200.webp 300w, https:\/\/d2p6e6u75xmxt8.cloudfront.net\/13\/2022\/10\/jezek-vaclav-junior-michal-cerveny-II-1024x682.webp 1024w, https:\/\/d2p6e6u75xmxt8.cloudfront.net\/13\/2022\/10\/jezek-vaclav-junior-michal-cerveny-II-768x512.webp 768w, https:\/\/d2p6e6u75xmxt8.cloudfront.net\/13\/2022\/10\/jezek-vaclav-junior-michal-cerveny-II-1536x1024.webp 1536w, https:\/\/d2p6e6u75xmxt8.cloudfront.net\/13\/2022\/10\/jezek-vaclav-junior-michal-cerveny-II-272x182.webp 272w, https:\/\/d2p6e6u75xmxt8.cloudfront.net\/13\/2022\/10\/jezek-vaclav-junior-michal-cerveny-II.webp 2000w, https:\/\/d2p6e6u75xmxt8.cloudfront.net\/13\/2022\/10\/jezek-vaclav-junior-michal-cerveny-II-1920x1280.webp 1920w\" sizes=\"auto, (max-width: 1920px) 100vw, 1920px\" \/><\/a><figcaption id=\"caption-attachment-19286\" class=\"wp-caption-text\"><em>V\u00e1clav Je\u017eek junior na stupn\u00edch v\u00edt\u011bz\u016f po druh\u00e9 p\u0159\u00ed\u010dce p\u0159i Sv\u011btov\u00e9m poh\u00e1ru v T\u00e1bo\u0159e.<\/em><\/figcaption><\/figure>\n<h2><strong>Je pro \u00fasp\u011bch v\u00a0cyklokrosu nezbytn\u00e9 odej\u00edt za hranice?<\/strong><\/h2>\n<p>V\u00a0juniorsk\u00e9 kategorii jde b\u00fdt konkurenceschopn\u00fd i v\u00a0\u010desk\u00fdch podm\u00ednk\u00e1ch. Ale od t\u0159iadvac\u00edtky v\u00fd\u0161e je asi nutn\u00e9 pohybovat se denn\u011b mezi nejlep\u0161\u00edmi. Jezdit s\u00a0nimi tr\u00e9ninky, dvakr\u00e1t t\u0159ikr\u00e1t v\u00a0t\u00fddnu z\u00e1vody. To \u010dlov\u011bka posouv\u00e1.<\/p>\n<div class=\"shortcode-ys-post-pinup\"><article class=\"loop-simple post-18403 post type-post status-publish format-video has-post-thumbnail hentry category-tipy-na-vylet tag-andrea-bezdekova tag-cyklistika tag-cyklotrasy tag-cyklovylet tag-gurmanska-jizda tag-horska-cyklistika tag-zdravi-a-trenink tag-zeny post_format-post-format-video global-categories-cycling\" data-postid=\"18403\" role=\"article\" data-post-id=\"18403\" data-word-count=\"215\" data-headline-length=\"47\" data-category=\"Tipy na v\u00fdlet\" data-global-category=\"Cycling\" data-author=\"We Love Cycling\" data-published=\"2022-09-01T11:05:25+02:00\" data-published-day=\"Thursday\">\n    <div class=\"entry-thumbnail article-thumbnail video-thumbnail\" content=\"https:\/\/d2p6e6u75xmxt8.cloudfront.net\/13\/2022\/08\/bezdek-WLC-SUMAVA-THUMBNAIL_4.DIL_AB-150x150.webp\"><svg class=\"play font-icon\"><use href=\"#play_round\" xlink:href=\"#play_round\"><\/use><\/svg><a href=\"https:\/\/www.welovecycling.com\/cs\/2022\/09\/01\/sumava-cyklovylety-s-we-love-cycling\/\" class=\"image-holder\" target=\"_self\"><img decoding=\"async\" loading=\"lazy\" class=\"\" src=\"https:\/\/d2p6e6u75xmxt8.cloudfront.net\/13\/2022\/08\/bezdek-WLC-SUMAVA-THUMBNAIL_4.DIL_AB-1024x576.webp\" srcset=\"https:\/\/d2p6e6u75xmxt8.cloudfront.net\/13\/2022\/08\/bezdek-WLC-SUMAVA-THUMBNAIL_4.DIL_AB.webp 1920w, https:\/\/d2p6e6u75xmxt8.cloudfront.net\/13\/2022\/08\/bezdek-WLC-SUMAVA-THUMBNAIL_4.DIL_AB-300x169.webp 300w, https:\/\/d2p6e6u75xmxt8.cloudfront.net\/13\/2022\/08\/bezdek-WLC-SUMAVA-THUMBNAIL_4.DIL_AB-1024x576.webp 1024w, https:\/\/d2p6e6u75xmxt8.cloudfront.net\/13\/2022\/08\/bezdek-WLC-SUMAVA-THUMBNAIL_4.DIL_AB-768x432.webp 768w, https:\/\/d2p6e6u75xmxt8.cloudfront.net\/13\/2022\/08\/bezdek-WLC-SUMAVA-THUMBNAIL_4.DIL_AB-1536x864.webp 1536w\" width=\"1024\" height=\"576\" sizes=\"auto, (min-width: 1200px) 356px, (min-width: 768px) 30vw, 100vw\" alt=\"sumava-cyklovylety-s-we-love-cycling\"\/><\/a><\/div>    <div class=\"entry-meta\">\n        <a class=\"label label-secondary post-category\" href=\"https:\/\/www.welovecycling.com\/cs\/category\/https-www-welovecycling-com-cs-otestovano-jizdou\/tipy-na-vylet\/\" title=\"Tipy na v\u00fdlet\">Tipy na v\u00fdlet<\/a>\n    <\/div>\n    <div class=\"entry-details\">\n        <a href=\"https:\/\/www.welovecycling.com\/cs\/2022\/09\/01\/sumava-cyklovylety-s-we-love-cycling\/\" class='entry-title-wrapper'>\n            <h3 class=\"entry-title\"><span>\u0160umava &#8211; cyklov\u00fdlety s\u00a0We Love Cycling<\/span><\/h3>\n        <\/a>\n    <\/div>\n    <\/article>\n<\/div>\n<h2><strong>Kdy\u017e se po t\u00e1borsk\u00e9m p\u0159edstaven\u00ed pod\u00edv\u00e1te do kalend\u00e1\u0159e, ke kter\u00fdm z\u00e1vod\u016f budete vzhl\u00ed\u017eet v\u00a0nejv\u011bt\u0161\u00edm o\u010dek\u00e1v\u00e1n\u00ed \u00fasp\u011bchu i s ohledem na charakter okruhu?<\/strong><\/h2>\n<p>Mistrovstv\u00ed Evropy se jede prvn\u00ed listopadovou ned\u011bli v\u00a0Namuru, kde se mi v\u00a0minul\u00e9m roce v\u00e1\u017en\u011b da\u0159ilo. A mistrovstv\u00ed sv\u011bta se jede v\u00a0Hoogerheide, kde jsem sice nez\u00e1vodil, ale s\u00a0reprezentac\u00ed jsme na okruhu tr\u00e9novali a tra\u0165 se mi moc l\u00edbila. Je super, \u017ee dva nejd\u016fle\u017eit\u011bj\u0161\u00ed z\u00e1vody roku se jedou na okruz\u00edch, kter\u00e9 mi sed\u00ed!<\/p>\n","protected":false},"excerpt":{"rendered":"<p>Oslavil \u017eivotn\u00ed \u00fasp\u011bch, kdy\u017e v\u00a0dresu \u010desk\u00e9 reprezentace vybojoval st\u0159\u00edbrnou medaili ve sv\u011btov\u00e9m poh\u00e1ru cyklokrosa\u0159\u016f. Je\u0161t\u011b k\u00a0tomu na dom\u00e1c\u00ed trati v\u00a0T\u00e1bo\u0159e. [&hellip;]<\/p>\n","protected":false},"author":138,"featured_media":19284,"comment_status":"open","ping_status":"open","sticky":false,"template":"","format":"standard","meta":{"footnotes":""},"categories":[1303],"tags":[126,723,1312,1439,1290,1154,2642,2641,918,2020],"global-categories":[411],"class_list":["post-19344","post","type-post","status-publish","format-standard","has-post-thumbnail","hentry","category-cyklokros","tag-cyklistika","tag-cyklokros","tag-cyklokros-tabor","tag-hoogerheide","tag-mistrovstvi-evropy","tag-mistrovstvi-sveta","tag-namur","tag-stribro","tag-svetovy-pohar","tag-vaclav-jezek","global-categories-cycling"],"yoast_head":"<!-- This site is optimized with the Yoast SEO Premium plugin v25.3 (Yoast SEO v25.9) - https:\/\/yoast.com\/wordpress\/plugins\/seo\/ -->\n<title>V\u00e1clav Je\u017eek: T\u00e1ta m\u011b ob\u010das mus\u00ed krotit. St\u0159\u00edbro je motivac\u00ed v\u00a0tr\u00e9ninku | \u0160koda We Love Cycling - \u010cesk\u00e1 republika<\/title>\n<meta name=\"description\" content=\"Oslavil \u017eivotn\u00ed \u00fasp\u011bch, kdy\u017e vybojoval st\u0159\u00edbrnou medaili ve sv\u011btov\u00e9m poh\u00e1ru cyklokrosa\u0159\u016f. Jak V\u00e1clav Je\u017eek kloub\u00ed cyklokros se \u0161kolou?\" \/>\n<meta name=\"robots\" content=\"index, follow, max-snippet:-1, max-image-preview:large, max-video-preview:-1\" \/>\n<link rel=\"canonical\" href=\"https:\/\/www.welovecycling.com\/cs\/2022\/10\/26\/vaclav-jezek-tata-me-obcas-musi-krotit-stribro-je-motivaci-v-treninku\/\" \/>\n<meta property=\"og:locale\" content=\"cs_CZ\" \/>\n<meta property=\"og:type\" content=\"article\" \/>\n<meta property=\"og:title\" content=\"V\u00e1clav Je\u017eek: T\u00e1ta m\u011b ob\u010das mus\u00ed krotit. St\u0159\u00edbro je motivac\u00ed v\u00a0tr\u00e9ninku\" \/>\n<meta property=\"og:description\" content=\"Oslavil \u017eivotn\u00ed \u00fasp\u011bch, kdy\u017e vybojoval st\u0159\u00edbrnou medaili ve sv\u011btov\u00e9m poh\u00e1ru cyklokrosa\u0159\u016f. Jak V\u00e1clav Je\u017eek kloub\u00ed cyklokros se \u0161kolou?\" \/>\n<meta property=\"og:url\" content=\"https:\/\/www.welovecycling.com\/cs\/2022\/10\/26\/vaclav-jezek-tata-me-obcas-musi-krotit-stribro-je-motivaci-v-treninku\/\" \/>\n<meta property=\"og:site_name\" content=\"\u0160koda We Love Cycling - \u010cesk\u00e1 republika\" \/>\n<meta property=\"article:published_time\" content=\"2022-10-26T17:00:16+00:00\" \/>\n<meta property=\"og:image\" content=\"https:\/\/d2p6e6u75xmxt8.cloudfront.net\/13\/2022\/10\/jezek-vaclav-junior-michal-cerveny-.webp\" \/>\n\t<meta property=\"og:image:width\" content=\"2000\" \/>\n\t<meta property=\"og:image:height\" content=\"1333\" \/>\n\t<meta property=\"og:image:type\" content=\"image\/webp\" \/>\n<meta name=\"author\" content=\"radekmalina\" \/>\n<meta name=\"twitter:card\" content=\"summary_large_image\" \/>\n<meta name=\"twitter:label1\" content=\"Written by\" \/>\n\t<meta name=\"twitter:data1\" content=\"We Love Cycling\" \/>\n\t<meta name=\"twitter:label2\" content=\"Est. watching time\" \/>\n\t<meta name=\"twitter:data2\" content=\"4\" \/>\n<script type=\"application\/ld+json\" class=\"yoast-schema-graph\">{\"@context\":\"https:\/\/schema.org\",\"@graph\":[{\"@type\":\"WebPage\",\"@id\":\"https:\/\/www.welovecycling.com\/cs\/2022\/10\/26\/vaclav-jezek-tata-me-obcas-musi-krotit-stribro-je-motivaci-v-treninku\/\",\"url\":\"https:\/\/www.welovecycling.com\/cs\/2022\/10\/26\/vaclav-jezek-tata-me-obcas-musi-krotit-stribro-je-motivaci-v-treninku\/\",\"name\":\"V\u00e1clav Je\u017eek: T\u00e1ta m\u011b ob\u010das mus\u00ed krotit. St\u0159\u00edbro je motivac\u00ed v\u00a0tr\u00e9ninku | \u0160koda We Love Cycling - \u010cesk\u00e1 republika\",\"isPartOf\":{\"@id\":\"https:\/\/www.welovecycling.com\/cs\/#website\"},\"primaryImageOfPage\":{\"@id\":\"https:\/\/www.welovecycling.com\/cs\/2022\/10\/26\/vaclav-jezek-tata-me-obcas-musi-krotit-stribro-je-motivaci-v-treninku\/#primaryimage\"},\"image\":{\"@id\":\"https:\/\/www.welovecycling.com\/cs\/2022\/10\/26\/vaclav-jezek-tata-me-obcas-musi-krotit-stribro-je-motivaci-v-treninku\/#primaryimage\"},\"thumbnailUrl\":\"https:\/\/d2p6e6u75xmxt8.cloudfront.net\/13\/2022\/10\/jezek-vaclav-junior-michal-cerveny-.webp\",\"datePublished\":\"2022-10-26T17:00:16+00:00\",\"author\":{\"@id\":\"https:\/\/www.welovecycling.com\/cs\/#\/schema\/person\/d9eeb0a378f3a7e4a6d12d2b536b04b8\"},\"description\":\"Oslavil \u017eivotn\u00ed \u00fasp\u011bch, kdy\u017e vybojoval st\u0159\u00edbrnou medaili ve sv\u011btov\u00e9m poh\u00e1ru cyklokrosa\u0159\u016f. Jak V\u00e1clav Je\u017eek kloub\u00ed cyklokros se \u0161kolou?\",\"inLanguage\":\"cs\",\"potentialAction\":[{\"@type\":\"ReadAction\",\"target\":[\"https:\/\/www.welovecycling.com\/cs\/2022\/10\/26\/vaclav-jezek-tata-me-obcas-musi-krotit-stribro-je-motivaci-v-treninku\/\"]}]},{\"@type\":\"ImageObject\",\"inLanguage\":\"cs\",\"@id\":\"https:\/\/www.welovecycling.com\/cs\/2022\/10\/26\/vaclav-jezek-tata-me-obcas-musi-krotit-stribro-je-motivaci-v-treninku\/#primaryimage\",\"url\":\"https:\/\/d2p6e6u75xmxt8.cloudfront.net\/13\/2022\/10\/jezek-vaclav-junior-michal-cerveny-.webp\",\"contentUrl\":\"https:\/\/d2p6e6u75xmxt8.cloudfront.net\/13\/2022\/10\/jezek-vaclav-junior-michal-cerveny-.webp\",\"width\":2000,\"height\":1333,\"caption\":\"V\u00e1clav Je\u017eek\"},{\"@type\":\"WebSite\",\"@id\":\"https:\/\/www.welovecycling.com\/cs\/#website\",\"url\":\"https:\/\/www.welovecycling.com\/cs\/\",\"name\":\"\u0160koda We Love Cycling - \u010cesk\u00e1 republika\",\"description\":\"WeLoveCycling.cz je online magaz\u00edn, kter\u00fd v\u00e1m pravideln\u011b p\u0159in\u00e1\u0161\u00ed rady a tipy, zaj\u00edmav\u00e9 \u010dl\u00e1nky, videa a jedine\u010dn\u00e9 report\u00e1\u017ee ze sv\u011bta cyklistiky.\",\"potentialAction\":[{\"@type\":\"SearchAction\",\"target\":{\"@type\":\"EntryPoint\",\"urlTemplate\":\"https:\/\/www.welovecycling.com\/cs\/?s={search_term_string}\"},\"query-input\":{\"@type\":\"PropertyValueSpecification\",\"valueRequired\":true,\"valueName\":\"search_term_string\"}}],\"inLanguage\":\"cs\"},{\"@type\":\"Person\",\"@id\":\"https:\/\/www.welovecycling.com\/cs\/#\/schema\/person\/d9eeb0a378f3a7e4a6d12d2b536b04b8\",\"name\":\"radekmalina\",\"image\":{\"@type\":\"ImageObject\",\"inLanguage\":\"cs\",\"@id\":\"https:\/\/www.welovecycling.com\/cs\/#\/schema\/person\/image\/\",\"url\":\"https:\/\/secure.gravatar.com\/avatar\/66994b632cb8c39a46b9f54afa3ae07201b678d32a54275b6f1c9ffec356bfc0?s=96&d=mm&r=g\",\"contentUrl\":\"https:\/\/secure.gravatar.com\/avatar\/66994b632cb8c39a46b9f54afa3ae07201b678d32a54275b6f1c9ffec356bfc0?s=96&d=mm&r=g\",\"caption\":\"radekmalina\"},\"url\":\"https:\/\/www.welovecycling.com\/cs\/author\/radekmalina\/\"}]}<\/script>\n<!-- \/ Yoast SEO Premium plugin. -->","yoast_head_json":{"title":"V\u00e1clav Je\u017eek: T\u00e1ta m\u011b ob\u010das mus\u00ed krotit. St\u0159\u00edbro je motivac\u00ed v\u00a0tr\u00e9ninku | \u0160koda We Love Cycling - \u010cesk\u00e1 republika","description":"Oslavil \u017eivotn\u00ed \u00fasp\u011bch, kdy\u017e vybojoval st\u0159\u00edbrnou medaili ve sv\u011btov\u00e9m poh\u00e1ru cyklokrosa\u0159\u016f. Jak V\u00e1clav Je\u017eek kloub\u00ed cyklokros se \u0161kolou?","robots":{"index":"index","follow":"follow","max-snippet":"max-snippet:-1","max-image-preview":"max-image-preview:large","max-video-preview":"max-video-preview:-1"},"canonical":"https:\/\/www.welovecycling.com\/cs\/2022\/10\/26\/vaclav-jezek-tata-me-obcas-musi-krotit-stribro-je-motivaci-v-treninku\/","og_locale":"cs_CZ","og_type":"article","og_title":"V\u00e1clav Je\u017eek: T\u00e1ta m\u011b ob\u010das mus\u00ed krotit. St\u0159\u00edbro je motivac\u00ed v\u00a0tr\u00e9ninku","og_description":"Oslavil \u017eivotn\u00ed \u00fasp\u011bch, kdy\u017e vybojoval st\u0159\u00edbrnou medaili ve sv\u011btov\u00e9m poh\u00e1ru cyklokrosa\u0159\u016f. Jak V\u00e1clav Je\u017eek kloub\u00ed cyklokros se \u0161kolou?","og_url":"https:\/\/www.welovecycling.com\/cs\/2022\/10\/26\/vaclav-jezek-tata-me-obcas-musi-krotit-stribro-je-motivaci-v-treninku\/","og_site_name":"\u0160koda We Love Cycling - \u010cesk\u00e1 republika","article_published_time":"2022-10-26T17:00:16+00:00","og_image":[{"width":2000,"height":1333,"url":"https:\/\/d2p6e6u75xmxt8.cloudfront.net\/13\/2022\/10\/jezek-vaclav-junior-michal-cerveny-.webp","type":"image\/webp"}],"author":"radekmalina","twitter_card":"summary_large_image","twitter_misc":{"Written by":"We Love Cycling","Est. watching time":"4"},"schema":{"@context":"https:\/\/schema.org","@graph":[{"@type":"WebPage","@id":"https:\/\/www.welovecycling.com\/cs\/2022\/10\/26\/vaclav-jezek-tata-me-obcas-musi-krotit-stribro-je-motivaci-v-treninku\/","url":"https:\/\/www.welovecycling.com\/cs\/2022\/10\/26\/vaclav-jezek-tata-me-obcas-musi-krotit-stribro-je-motivaci-v-treninku\/","name":"V\u00e1clav Je\u017eek: T\u00e1ta m\u011b ob\u010das mus\u00ed krotit. St\u0159\u00edbro je motivac\u00ed v\u00a0tr\u00e9ninku | \u0160koda We Love Cycling - \u010cesk\u00e1 republika","isPartOf":{"@id":"https:\/\/www.welovecycling.com\/cs\/#website"},"primaryImageOfPage":{"@id":"https:\/\/www.welovecycling.com\/cs\/2022\/10\/26\/vaclav-jezek-tata-me-obcas-musi-krotit-stribro-je-motivaci-v-treninku\/#primaryimage"},"image":{"@id":"https:\/\/www.welovecycling.com\/cs\/2022\/10\/26\/vaclav-jezek-tata-me-obcas-musi-krotit-stribro-je-motivaci-v-treninku\/#primaryimage"},"thumbnailUrl":"https:\/\/d2p6e6u75xmxt8.cloudfront.net\/13\/2022\/10\/jezek-vaclav-junior-michal-cerveny-.webp","datePublished":"2022-10-26T17:00:16+00:00","author":{"@id":"https:\/\/www.welovecycling.com\/cs\/#\/schema\/person\/d9eeb0a378f3a7e4a6d12d2b536b04b8"},"description":"Oslavil \u017eivotn\u00ed \u00fasp\u011bch, kdy\u017e vybojoval st\u0159\u00edbrnou medaili ve sv\u011btov\u00e9m poh\u00e1ru cyklokrosa\u0159\u016f. Jak V\u00e1clav Je\u017eek kloub\u00ed cyklokros se \u0161kolou?","inLanguage":"cs","potentialAction":[{"@type":"ReadAction","target":["https:\/\/www.welovecycling.com\/cs\/2022\/10\/26\/vaclav-jezek-tata-me-obcas-musi-krotit-stribro-je-motivaci-v-treninku\/"]}]},{"@type":"ImageObject","inLanguage":"cs","@id":"https:\/\/www.welovecycling.com\/cs\/2022\/10\/26\/vaclav-jezek-tata-me-obcas-musi-krotit-stribro-je-motivaci-v-treninku\/#primaryimage","url":"https:\/\/d2p6e6u75xmxt8.cloudfront.net\/13\/2022\/10\/jezek-vaclav-junior-michal-cerveny-.webp","contentUrl":"https:\/\/d2p6e6u75xmxt8.cloudfront.net\/13\/2022\/10\/jezek-vaclav-junior-michal-cerveny-.webp","width":2000,"height":1333,"caption":"V\u00e1clav Je\u017eek"},{"@type":"WebSite","@id":"https:\/\/www.welovecycling.com\/cs\/#website","url":"https:\/\/www.welovecycling.com\/cs\/","name":"\u0160koda We Love Cycling - \u010cesk\u00e1 republika","description":"WeLoveCycling.cz je online magaz\u00edn, kter\u00fd v\u00e1m pravideln\u011b p\u0159in\u00e1\u0161\u00ed rady a tipy, zaj\u00edmav\u00e9 \u010dl\u00e1nky, videa a jedine\u010dn\u00e9 report\u00e1\u017ee ze sv\u011bta cyklistiky.","potentialAction":[{"@type":"SearchAction","target":{"@type":"EntryPoint","urlTemplate":"https:\/\/www.welovecycling.com\/cs\/?s={search_term_string}"},"query-input":{"@type":"PropertyValueSpecification","valueRequired":true,"valueName":"search_term_string"}}],"inLanguage":"cs"},{"@type":"Person","@id":"https:\/\/www.welovecycling.com\/cs\/#\/schema\/person\/d9eeb0a378f3a7e4a6d12d2b536b04b8","name":"radekmalina","image":{"@type":"ImageObject","inLanguage":"cs","@id":"https:\/\/www.welovecycling.com\/cs\/#\/schema\/person\/image\/","url":"https:\/\/secure.gravatar.com\/avatar\/66994b632cb8c39a46b9f54afa3ae07201b678d32a54275b6f1c9ffec356bfc0?s=96&d=mm&r=g","contentUrl":"https:\/\/secure.gravatar.com\/avatar\/66994b632cb8c39a46b9f54afa3ae07201b678d32a54275b6f1c9ffec356bfc0?s=96&d=mm&r=g","caption":"radekmalina"},"url":"https:\/\/www.welovecycling.com\/cs\/author\/radekmalina\/"}]}},"_links":{"self":[{"href":"https:\/\/www.welovecycling.com\/cs\/wp-json\/wp\/v2\/posts\/19344","targetHints":{"allow":["GET"]}}],"collection":[{"href":"https:\/\/www.welovecycling.com\/cs\/wp-json\/wp\/v2\/posts"}],"about":[{"href":"https:\/\/www.welovecycling.com\/cs\/wp-json\/wp\/v2\/types\/post"}],"author":[{"embeddable":true,"href":"https:\/\/www.welovecycling.com\/cs\/wp-json\/wp\/v2\/users\/138"}],"replies":[{"embeddable":true,"href":"https:\/\/www.welovecycling.com\/cs\/wp-json\/wp\/v2\/comments?post=19344"}],"version-history":[{"count":2,"href":"https:\/\/www.welovecycling.com\/cs\/wp-json\/wp\/v2\/posts\/19344\/revisions"}],"predecessor-version":[{"id":19352,"href":"https:\/\/www.welovecycling.com\/cs\/wp-json\/wp\/v2\/posts\/19344\/revisions\/19352"}],"wp:featuredmedia":[{"embeddable":true,"href":"https:\/\/www.welovecycling.com\/cs\/wp-json\/wp\/v2\/media\/19284"}],"wp:attachment":[{"href":"https:\/\/www.welovecycling.com\/cs\/wp-json\/wp\/v2\/media?parent=19344"}],"wp:term":[{"taxonomy":"category","embeddable":true,"href":"https:\/\/www.welovecycling.com\/cs\/wp-json\/wp\/v2\/categories?post=19344"},{"taxonomy":"post_tag","embeddable":true,"href":"https:\/\/www.welovecycling.com\/cs\/wp-json\/wp\/v2\/tags?post=19344"},{"taxonomy":"global-categories","embeddable":true,"href":"https:\/\/www.welovecycling.com\/cs\/wp-json\/wp\/v2\/global-categories?post=19344"}],"curies":[{"name":"wp","href":"https:\/\/api.w.org\/{rel}","templated":true}]}}