{"id":19160,"date":"2022-10-25T20:00:13","date_gmt":"2022-10-25T18:00:13","guid":{"rendered":"https:\/\/www.welovecycling.com\/cs\/?p=19160"},"modified":"2022-10-25T17:28:35","modified_gmt":"2022-10-25T15:28:35","slug":"gravel-bike-utne-nudu-v-sedle","status":"publish","type":"post","link":"https:\/\/www.welovecycling.com\/cs\/2022\/10\/25\/gravel-bike-utne-nudu-v-sedle\/","title":{"rendered":"Gravel bike: utne nudu v sedle"},"content":{"rendered":"<p><strong>Gravel bike! St\u00e1le popul\u00e1rn\u011bj\u0161\u00ed cyklistick\u00fd n\u00e1stroj. Vyznava\u010de potk\u00e1v\u00e1te na m\u00edstech zd\u00e1nliv\u011b vyhrazen\u00fdch jen biker\u016fm. Narazit na n\u011b v\u0161ak m\u016f\u017eete i na uhlazen\u00fdch asfaltov\u00fdch koberc\u00edch.\u00a0<\/strong><\/p>\n<p>Gravel bike nen\u00ed p\u0159esn\u011b definov\u00e1n, tud\u00ed\u017e u r\u016fzn\u00fdch v\u00fdrobc\u016f m\u016f\u017eete narazit na lehce odli\u0161nou podobu kola. Zcela z\u00e1sadn\u00ed p\u0159ednost\u00ed je univerz\u00e1lnost \u010di v\u0161estrannost kola, kter\u00e9 je s ohledem na nej\u010dast\u011bj\u0161\u00ed u\u017eit\u00ed mnoh\u00fdmi cyklisty naz\u00fdv\u00e1no jako \u0161t\u011brkolet. Jde vlastn\u011b o \u201esilni\u010dku\u201c schopnou obst\u00e1t i v ter\u00e9nu.<\/p>\n<p>Historie gravel bik\u016f je star\u00e1 jako cyklistika sama, nebo\u0165 podle dostupn\u00fdch z\u00e1znam\u016f u\u017e mezi prvn\u00edmi koly figuroval stroj podobn\u00fd dne\u0161n\u00edmu silni\u010dn\u00edmu bicyklu s\u00a0\u0161ir\u0161\u00edmi pl\u00e1\u0161ti. Nad\u0161enci, zejm\u00e9na pak milovn\u00edci silni\u010dn\u00ed cyklistiky, si doma \u201edruh\u00e1\u201c kola upravovali v\u00a0r\u00e1mci vlastn\u00ed zru\u010dnosti, aby v\u00a0ne\u010dase \u010di tr\u00e9ninkov\u00e9m mezidob\u00ed mohli u\u017e\u00edvat j\u00edzdu na nezpevn\u011bn\u00fdch cest\u00e1ch.<\/p>\n<h2><strong>Z\u00e1kladn\u00ed charakteristika gravel biku<\/strong><\/h2>\n<p>Gravel bike eliminuje ter\u00e9nn\u00ed nerovnosti, garantuje ur\u010dit\u00fd komfort v podob\u011b vzp\u0159\u00edmen\u011bj\u0161\u00edho a pohodln\u011bj\u0161\u00edho posedu. Jak\u00e1 je z\u00e1kladn\u00ed charakteristika?<\/p>\n<p>Jde o stroj s \u0161irok\u00fdmi pl\u00e1\u0161ti mnohdy p\u0159esahuj\u00edc\u00edmi limit mezin\u00e1rodn\u00ed cyklistick\u00e9 federace pro cyklokrosov\u00e1 kola (33 milimetr\u016f).\u00a0 P\u0159edn\u00ed i zadn\u00ed vidlice je \u0161ir\u0161\u00ed pr\u00e1v\u011b kv\u016fli velikosti pneumatik. Gravel bike je t\u011b\u017e\u0161\u00ed, robustn\u011bj\u0161\u00ed a pevn\u011bj\u0161\u00ed, aby l\u00e9pe odolal p\u0159i j\u00edzd\u011b v ter\u00e9nu. Odli\u0161n\u00e1 geometrie si d\u00e1v\u00e1 za c\u00edl pohodln\u011bj\u0161\u00ed posed ve srovn\u00e1n\u00ed s klasick\u00fdm silni\u010dn\u00edm kolem. M\u00e1 v\u00edce polo\u017eenou vidlici, p\u0159i dosa\u017een\u00ed vy\u0161\u0161\u00edch rychlost\u00ed je tud\u00ed\u017e gravel bike stabiln\u011bj\u0161\u00ed.<\/p>\n<figure id=\"attachment_19258\" aria-describedby=\"caption-attachment-19258\" style=\"width: 1920px\" class=\"wp-caption alignnone\"><a href=\"https:\/\/d2p6e6u75xmxt8.cloudfront.net\/13\/2022\/10\/gravel-michal-cerveny-2.webp\"><img loading=\"lazy\" decoding=\"async\" class=\"size-extra-large wp-image-19258\" src=\"https:\/\/d2p6e6u75xmxt8.cloudfront.net\/13\/2022\/10\/gravel-michal-cerveny-2-1920x1280.webp\" alt=\"Gravel bike se vyzna\u010duje \u0161ir\u0161\u00edmi pneumatikami a del\u0161\u00edm r\u00e1mem, tud\u00ed\u017e j\u00edzda je komfortn\u011bj\u0161\u00ed.\" width=\"1920\" height=\"1280\" srcset=\"https:\/\/d2p6e6u75xmxt8.cloudfront.net\/13\/2022\/10\/gravel-michal-cerveny-2-1920x1280.webp 1920w, https:\/\/d2p6e6u75xmxt8.cloudfront.net\/13\/2022\/10\/gravel-michal-cerveny-2-300x200.webp 300w, https:\/\/d2p6e6u75xmxt8.cloudfront.net\/13\/2022\/10\/gravel-michal-cerveny-2-1024x682.webp 1024w, https:\/\/d2p6e6u75xmxt8.cloudfront.net\/13\/2022\/10\/gravel-michal-cerveny-2-768x512.webp 768w, https:\/\/d2p6e6u75xmxt8.cloudfront.net\/13\/2022\/10\/gravel-michal-cerveny-2-1536x1024.webp 1536w, https:\/\/d2p6e6u75xmxt8.cloudfront.net\/13\/2022\/10\/gravel-michal-cerveny-2-272x182.webp 272w, https:\/\/d2p6e6u75xmxt8.cloudfront.net\/13\/2022\/10\/gravel-michal-cerveny-2.webp 2000w, https:\/\/d2p6e6u75xmxt8.cloudfront.net\/13\/2022\/10\/gravel-michal-cerveny-2-1920x1280.webp 1920w\" sizes=\"auto, (max-width: 1920px) 100vw, 1920px\" \/><\/a><figcaption id=\"caption-attachment-19258\" class=\"wp-caption-text\"><em>Gravel bike se vyzna\u010duje \u0161ir\u0161\u00edmi pneumatikami a del\u0161\u00edm r\u00e1mem, tud\u00ed\u017e j\u00edzda je komfortn\u011bj\u0161\u00ed. Foto: Michal \u010cerven\u00fd (3x)<\/em><\/figcaption><\/figure>\n<p>Jednozna\u010dnou v\u00fdhodou gravel biku ve srovn\u00e1n\u00ed s\u00a0horsk\u00fdm kolem je dynami\u010dt\u011bj\u0161\u00ed j\u00edzda. Samoz\u0159ejm\u011b naraz\u00edte na ur\u010dit\u00e9 limity, kter\u00e9 pro MTB neplat\u00ed, ale na druhou stranu stezky, kde se v sedle horsk\u00e9ho kola zalyk\u00e1te nudou, ale na kole silni\u010dn\u00edm jsou nepoko\u0159iteln\u00e9, se na gravel biku stanou z\u00e1bavn\u00fdmi a p\u0159inesou pestrou paletu z\u00e1\u017eitk\u016f.<\/p>\n<p>Je samoz\u0159ejm\u011b jen na ka\u017ed\u00e9m z\u00a0u\u017eivatel\u016f, do jak\u00e9ho ter\u00e9nu se na gravel biku odv\u00e1\u017e\u00ed, nicm\u00e9n\u011b je t\u0159eba pamatovat na pevn\u00e9 vidlice, s\u00a0nimi\u017e nelze absolvovat v\u0161e, co na kole horsk\u00e9m. Zdol\u00e1vat ko\u0159eny, kameny a koz\u00ed stezky v\u00a0odlehl\u00fdch oblastech pochopiteln\u011b mo\u017en\u00e9 nen\u00ed.<\/p>\n<div class=\"shortcode-ys-post-pinup\"><article class=\"loop-simple post-18989 post type-post status-publish format-standard has-post-thumbnail hentry category-gravel tag-daniel-oss tag-gianni-vermeersch tag-gravel tag-mathieu-van-der-poel tag-mistrovstvi-sveta tag-ms-v-gravelu tag-pauline-ferrand-prevot tag-peter-sagan tag-zdenek-stybar global-categories-cycling\" data-postid=\"18989\" role=\"article\" data-post-id=\"18989\" data-word-count=\"528\" data-headline-length=\"83\" data-category=\"Gravel\" data-global-category=\"Cycling\" data-author=\"We Love Cycling\" data-published=\"2022-10-10T05:00:40+02:00\" data-published-day=\"Monday\">\n    <div class=\"entry-thumbnail article-thumbnail\" content=\"https:\/\/d2p6e6u75xmxt8.cloudfront.net\/13\/2022\/10\/MS-gravel-2022_13-150x150.webp\"><a href=\"https:\/\/www.welovecycling.com\/cs\/2022\/10\/10\/fotoreportaz-zdenek-stybar-osmy-na-ms-francouzska-kraska-prepsala-dejiny\/\" class=\"image-holder\" target=\"_self\"><img decoding=\"async\" loading=\"lazy\" class=\"\" src=\"https:\/\/d2p6e6u75xmxt8.cloudfront.net\/13\/2022\/10\/MS-gravel-2022_13-1024x682.webp\" srcset=\"https:\/\/d2p6e6u75xmxt8.cloudfront.net\/13\/2022\/10\/MS-gravel-2022_13.webp 2000w, https:\/\/d2p6e6u75xmxt8.cloudfront.net\/13\/2022\/10\/MS-gravel-2022_13-300x200.webp 300w, https:\/\/d2p6e6u75xmxt8.cloudfront.net\/13\/2022\/10\/MS-gravel-2022_13-1024x682.webp 1024w, https:\/\/d2p6e6u75xmxt8.cloudfront.net\/13\/2022\/10\/MS-gravel-2022_13-768x512.webp 768w, https:\/\/d2p6e6u75xmxt8.cloudfront.net\/13\/2022\/10\/MS-gravel-2022_13-1536x1024.webp 1536w, https:\/\/d2p6e6u75xmxt8.cloudfront.net\/13\/2022\/10\/MS-gravel-2022_13-1920x1280.webp 1920w, https:\/\/d2p6e6u75xmxt8.cloudfront.net\/13\/2022\/10\/MS-gravel-2022_13-272x182.webp 272w, https:\/\/d2p6e6u75xmxt8.cloudfront.net\/13\/2022\/10\/MS-gravel-2022_13-1920x1280.webp 1920w\" width=\"1024\" height=\"682\" sizes=\"auto, (min-width: 1200px) 300px, (min-width: 768px) 25vw, 100vw\" alt=\"fotoreportaz-zdenek-stybar-osmy-na-ms-francouzska-kraska-prepsala-dejiny\"\/><\/a><\/div>    <div class=\"entry-meta\">\n        <a class=\"label label-secondary post-category\" href=\"https:\/\/www.welovecycling.com\/cs\/category\/gravel\/\" title=\"Gravel\">Gravel<\/a>\n    <\/div>\n    <div class=\"entry-details\">\n        <a href=\"https:\/\/www.welovecycling.com\/cs\/2022\/10\/10\/fotoreportaz-zdenek-stybar-osmy-na-ms-francouzska-kraska-prepsala-dejiny\/\" class='entry-title-wrapper'>\n            <h3 class=\"entry-title\"><span>FOTOREPORT\u00c1\u017d: Zden\u011bk \u0160tybar osm\u00fd na MS! Francouzsk\u00e1 kr\u00e1ska p\u0159epsala d\u011bjiny<\/span><\/h3>\n        <\/a>\n    <\/div>\n    <\/article>\n<\/div>\n<p>Samoz\u0159ejm\u011b je p\u0159\u00edpustn\u00e9 nasadit na gravel bike hladk\u00e9 pl\u00e1\u0161t\u011b nebo dokonce pou\u017e\u00edt galusky, \u010d\u00edm\u017e \u201evyrob\u00edte\u201c silni\u010dn\u00ed kolo a klidn\u011b si m\u016f\u017eete u\u017e\u00edt vyj\u00ed\u017e\u010fku po asfaltu, nicm\u00e9n\u011b se mus\u00edte sm\u00ed\u0159it s\u00a0omezen\u00edm rychlosti, aerodynamiky a po\u017eitku z akcelerace.<\/p>\n<h2><strong>Umo\u017en\u00ed pro\u017e\u00edt v sedle i n\u011bkolikadenn\u00ed v\u00fdlet<\/strong><\/h2>\n<p>Jde vlastn\u011b o ide\u00e1l pro milovn\u00edky cyklistiky, kte\u0159\u00ed vol\u00ed sp\u00ed\u0161e \u0161t\u011brkov\u00e9 cesty, nevyhled\u00e1vaj\u00ed dramatick\u00e1 stoup\u00e1n\u00ed \u010di kles\u00e1n\u00ed v\u00a0krkolomn\u00fdch ter\u00e9nech a doma maj\u00ed bu\u010f kola trekov\u00e1, nebo st\u0159\u00eddaj\u00ed silni\u010dn\u00ed a MTB.<\/p>\n<figure id=\"attachment_19259\" aria-describedby=\"caption-attachment-19259\" style=\"width: 1920px\" class=\"wp-caption alignnone\"><a href=\"https:\/\/d2p6e6u75xmxt8.cloudfront.net\/13\/2022\/10\/gravel-michal-cerveny-3.webp\"><img loading=\"lazy\" decoding=\"async\" class=\"size-extra-large wp-image-19259\" src=\"https:\/\/d2p6e6u75xmxt8.cloudfront.net\/13\/2022\/10\/gravel-michal-cerveny-3-1920x1280.webp\" alt=\"Gravel bike m\u00e1 \u0161ir\u0161\u00ed kola, tud\u00ed\u017e v\u0161echny nerovnosti zvl\u00e1dne a p\u0159itom si m\u016f\u017eete u\u017e\u00edvat dynamiku silni\u010dn\u00edho kola.\" width=\"1920\" height=\"1280\" srcset=\"https:\/\/d2p6e6u75xmxt8.cloudfront.net\/13\/2022\/10\/gravel-michal-cerveny-3-1920x1280.webp 1920w, https:\/\/d2p6e6u75xmxt8.cloudfront.net\/13\/2022\/10\/gravel-michal-cerveny-3-300x200.webp 300w, https:\/\/d2p6e6u75xmxt8.cloudfront.net\/13\/2022\/10\/gravel-michal-cerveny-3-1024x682.webp 1024w, https:\/\/d2p6e6u75xmxt8.cloudfront.net\/13\/2022\/10\/gravel-michal-cerveny-3-768x512.webp 768w, https:\/\/d2p6e6u75xmxt8.cloudfront.net\/13\/2022\/10\/gravel-michal-cerveny-3-1536x1024.webp 1536w, https:\/\/d2p6e6u75xmxt8.cloudfront.net\/13\/2022\/10\/gravel-michal-cerveny-3-272x182.webp 272w, https:\/\/d2p6e6u75xmxt8.cloudfront.net\/13\/2022\/10\/gravel-michal-cerveny-3.webp 2000w, https:\/\/d2p6e6u75xmxt8.cloudfront.net\/13\/2022\/10\/gravel-michal-cerveny-3-1920x1280.webp 1920w\" sizes=\"auto, (max-width: 1920px) 100vw, 1920px\" \/><\/a><figcaption id=\"caption-attachment-19259\" class=\"wp-caption-text\"><em>Gravel bike m\u00e1 \u0161ir\u0161\u00ed kola, tud\u00ed\u017e v\u0161echny nerovnosti zvl\u00e1dne a p\u0159itom si m\u016f\u017eete u\u017e\u00edvat dynamiku silni\u010dn\u00edho kola.<\/em><\/figcaption><\/figure>\n<p>Plat\u00ed, \u017ee gravel bike nen\u00ed klasick\u00fdm cyklokrosov\u00fdm kolem, za kter\u00e9 je mnohdy pova\u017eov\u00e1n, nebo\u0165 nen\u00ed prim\u00e1rn\u011b stav\u011bn na p\u0159ibli\u017en\u011b hodinu trvaj\u00edc\u00ed z\u00e1vod, ale na j\u00edzdu umo\u017e\u0148uj\u00edc\u00ed str\u00e1vit v\u00a0sedle klidn\u011b i n\u011bkolik hodin nebo n\u011bkolikadenn\u00ed v\u00fdlet. I proto si v\u00fdrobci hraj\u00ed p\u0159i v\u00fdrob\u011b r\u00e1m\u016f s\u00a0milimetry, aby uspokojili p\u0159\u00e1n\u00ed z\u00e1kazn\u00edk\u016f.<\/p>\n<div class=\"shortcode-ys-post-pinup\"><article class=\"loop-simple post-18837 post type-post status-publish format-video has-post-thumbnail hentry category-podcasty tag-cyklistika tag-gazprom-rusvelo tag-mathias-vacek tag-podcast tag-silnicni-cyklistika tag-trek-segafredo tag-trenink post_format-post-format-video global-categories-cycling\" data-postid=\"18837\" role=\"article\" data-post-id=\"18837\" data-word-count=\"270\" data-headline-length=\"99\" data-category=\"Podcasty\" data-global-category=\"Cycling\" data-author=\"We Love Cycling\" data-published=\"2022-09-25T02:00:53+02:00\" data-published-day=\"Sunday\">\n    <div class=\"entry-thumbnail article-thumbnail video-thumbnail\" content=\"https:\/\/d2p6e6u75xmxt8.cloudfront.net\/13\/2022\/09\/wlc-podcast-vacek-150x150.webp\"><svg class=\"play font-icon\"><use href=\"#play_round\" xlink:href=\"#play_round\"><\/use><\/svg><a href=\"https:\/\/www.welovecycling.com\/cs\/2022\/09\/25\/wlc-podcast-mathias-vacek-kdyz-me-mama-vozila-na-voziku-byl-jsem-psychicky-zlomeny\/\" class=\"image-holder\" target=\"_self\"><img decoding=\"async\" loading=\"lazy\" class=\"\" src=\"https:\/\/d2p6e6u75xmxt8.cloudfront.net\/13\/2022\/09\/wlc-podcast-vacek-1024x576.webp\" srcset=\"https:\/\/d2p6e6u75xmxt8.cloudfront.net\/13\/2022\/09\/wlc-podcast-vacek.webp 1920w, https:\/\/d2p6e6u75xmxt8.cloudfront.net\/13\/2022\/09\/wlc-podcast-vacek-300x169.webp 300w, https:\/\/d2p6e6u75xmxt8.cloudfront.net\/13\/2022\/09\/wlc-podcast-vacek-1024x576.webp 1024w, https:\/\/d2p6e6u75xmxt8.cloudfront.net\/13\/2022\/09\/wlc-podcast-vacek-768x432.webp 768w, https:\/\/d2p6e6u75xmxt8.cloudfront.net\/13\/2022\/09\/wlc-podcast-vacek-1536x864.webp 1536w\" width=\"1024\" height=\"576\" sizes=\"auto, (min-width: 1200px) 356px, (min-width: 768px) 30vw, 100vw\" alt=\"wlc-podcast-mathias-vacek-kdyz-me-mama-vozila-na-voziku-byl-jsem-psychicky-zlomeny\"\/><\/a><\/div>    <div class=\"entry-meta\">\n        <a class=\"label label-secondary post-category\" href=\"https:\/\/www.welovecycling.com\/cs\/category\/podcasty\/\" title=\"Podcasty\">Podcasty<\/a>\n    <\/div>\n    <div class=\"entry-details\">\n        <a href=\"https:\/\/www.welovecycling.com\/cs\/2022\/09\/25\/wlc-podcast-mathias-vacek-kdyz-me-mama-vozila-na-voziku-byl-jsem-psychicky-zlomeny\/\" class='entry-title-wrapper'>\n            <h3 class=\"entry-title\"><span>Mathias Vacek &#8211; podcast WLC: Kdy\u017e m\u011b m\u00e1ma tla\u010dila na voz\u00edku, byl jsem psychicky zlomen\u00fd<\/span><\/h3>\n        <\/a>\n    <\/div>\n    <\/article>\n<\/div>\n<p>Pokud jste po\u017eitk\u00e1\u0159i, na horsk\u00e9m kole se hlavn\u011b koch\u00e1te krajinou a vol\u00edte stezky \u010di nezpevn\u011bn\u00e9 cesty, kter\u00e9 jen ob\u010das krapet vy\u0161perkujete n\u011bkolikaminutov\u00fdm adrenalinov\u00fdm zpest\u0159en\u00edm v\u00a0lese, a sou\u010dasn\u011b si r\u00e1di \u010das od \u010dasu dop\u0159ejete radost z\u00a0rychlosti, ov\u0161em \u00fazkostliv\u011b se vyh\u00fdb\u00e1te silni\u010dn\u00edmu ruchu, rozhodn\u011b je gravel bike dobr\u00e1 alternativa<\/p>\n","protected":false},"excerpt":{"rendered":"<p>Gravel bike! St\u00e1le popul\u00e1rn\u011bj\u0161\u00ed cyklistick\u00fd n\u00e1stroj. Vyznava\u010de potk\u00e1v\u00e1te na m\u00edstech zd\u00e1nliv\u011b vyhrazen\u00fdch jen biker\u016fm. Narazit na n\u011b v\u0161ak m\u016f\u017eete i [&hellip;]<\/p>\n","protected":false},"author":138,"featured_media":19257,"comment_status":"open","ping_status":"open","sticky":false,"template":"","format":"standard","meta":{"footnotes":""},"categories":[2602],"tags":[126,228,2001,1286,27],"global-categories":[411],"class_list":["post-19160","post","type-post","status-publish","format-standard","has-post-thumbnail","hentry","category-gravel","tag-cyklistika","tag-cyklovylet","tag-gravel","tag-gravel-bike","tag-trenink","global-categories-cycling"],"yoast_head":"<!-- This site is optimized with the Yoast SEO Premium plugin v25.3 (Yoast SEO v25.9) - https:\/\/yoast.com\/wordpress\/plugins\/seo\/ -->\n<title>Gravel bike: utne nudu v sedle | \u0160koda We Love Cycling - \u010cesk\u00e1 republika<\/title>\n<meta name=\"description\" content=\"Gravel bike! St\u00e1le popul\u00e1rn\u011bj\u0161\u00ed cyklistick\u00e1 discipl\u00edna. Jej\u00ed vyznava\u010de potk\u00e1te na m\u00edstech zd\u00e1nliv\u011b vyhrazen\u00fdch jen biker\u016fm, ale i na silnici.\" \/>\n<meta name=\"robots\" content=\"index, follow, max-snippet:-1, max-image-preview:large, max-video-preview:-1\" \/>\n<link rel=\"canonical\" href=\"https:\/\/www.welovecycling.com\/cs\/2022\/10\/25\/gravel-bike-utne-nudu-v-sedle\/\" \/>\n<meta property=\"og:locale\" content=\"cs_CZ\" \/>\n<meta property=\"og:type\" content=\"article\" \/>\n<meta property=\"og:title\" content=\"Gravel bike: utne nudu v sedle\" \/>\n<meta property=\"og:description\" content=\"Gravel bike! St\u00e1le popul\u00e1rn\u011bj\u0161\u00ed cyklistick\u00e1 discipl\u00edna. Jej\u00ed vyznava\u010de potk\u00e1te na m\u00edstech zd\u00e1nliv\u011b vyhrazen\u00fdch jen biker\u016fm, ale i na silnici.\" \/>\n<meta property=\"og:url\" content=\"https:\/\/www.welovecycling.com\/cs\/2022\/10\/25\/gravel-bike-utne-nudu-v-sedle\/\" \/>\n<meta property=\"og:site_name\" content=\"\u0160koda We Love Cycling - \u010cesk\u00e1 republika\" \/>\n<meta property=\"article:published_time\" content=\"2022-10-25T18:00:13+00:00\" \/>\n<meta property=\"og:image\" content=\"https:\/\/d2p6e6u75xmxt8.cloudfront.net\/13\/2022\/10\/gravel-michal-cerveny-1.webp\" \/>\n\t<meta property=\"og:image:width\" content=\"2000\" \/>\n\t<meta property=\"og:image:height\" content=\"1333\" \/>\n\t<meta property=\"og:image:type\" content=\"image\/webp\" \/>\n<meta name=\"author\" content=\"radekmalina\" \/>\n<meta name=\"twitter:card\" content=\"summary_large_image\" \/>\n<meta name=\"twitter:label1\" content=\"Written by\" \/>\n\t<meta name=\"twitter:data1\" content=\"We Love Cycling\" \/>\n\t<meta name=\"twitter:label2\" content=\"Est. watching time\" \/>\n\t<meta name=\"twitter:data2\" content=\"4\" \/>\n<script type=\"application\/ld+json\" class=\"yoast-schema-graph\">{\"@context\":\"https:\/\/schema.org\",\"@graph\":[{\"@type\":\"WebPage\",\"@id\":\"https:\/\/www.welovecycling.com\/cs\/2022\/10\/25\/gravel-bike-utne-nudu-v-sedle\/\",\"url\":\"https:\/\/www.welovecycling.com\/cs\/2022\/10\/25\/gravel-bike-utne-nudu-v-sedle\/\",\"name\":\"Gravel bike: utne nudu v sedle | \u0160koda We Love Cycling - \u010cesk\u00e1 republika\",\"isPartOf\":{\"@id\":\"https:\/\/www.welovecycling.com\/cs\/#website\"},\"primaryImageOfPage\":{\"@id\":\"https:\/\/www.welovecycling.com\/cs\/2022\/10\/25\/gravel-bike-utne-nudu-v-sedle\/#primaryimage\"},\"image\":{\"@id\":\"https:\/\/www.welovecycling.com\/cs\/2022\/10\/25\/gravel-bike-utne-nudu-v-sedle\/#primaryimage\"},\"thumbnailUrl\":\"https:\/\/d2p6e6u75xmxt8.cloudfront.net\/13\/2022\/10\/gravel-michal-cerveny-1.webp\",\"datePublished\":\"2022-10-25T18:00:13+00:00\",\"author\":{\"@id\":\"https:\/\/www.welovecycling.com\/cs\/#\/schema\/person\/d9eeb0a378f3a7e4a6d12d2b536b04b8\"},\"description\":\"Gravel bike! St\u00e1le popul\u00e1rn\u011bj\u0161\u00ed cyklistick\u00e1 discipl\u00edna. Jej\u00ed vyznava\u010de potk\u00e1te na m\u00edstech zd\u00e1nliv\u011b vyhrazen\u00fdch jen biker\u016fm, ale i na silnici.\",\"inLanguage\":\"cs\",\"potentialAction\":[{\"@type\":\"ReadAction\",\"target\":[\"https:\/\/www.welovecycling.com\/cs\/2022\/10\/25\/gravel-bike-utne-nudu-v-sedle\/\"]}]},{\"@type\":\"ImageObject\",\"inLanguage\":\"cs\",\"@id\":\"https:\/\/www.welovecycling.com\/cs\/2022\/10\/25\/gravel-bike-utne-nudu-v-sedle\/#primaryimage\",\"url\":\"https:\/\/d2p6e6u75xmxt8.cloudfront.net\/13\/2022\/10\/gravel-michal-cerveny-1.webp\",\"contentUrl\":\"https:\/\/d2p6e6u75xmxt8.cloudfront.net\/13\/2022\/10\/gravel-michal-cerveny-1.webp\",\"width\":2000,\"height\":1333},{\"@type\":\"WebSite\",\"@id\":\"https:\/\/www.welovecycling.com\/cs\/#website\",\"url\":\"https:\/\/www.welovecycling.com\/cs\/\",\"name\":\"\u0160koda We Love Cycling - \u010cesk\u00e1 republika\",\"description\":\"WeLoveCycling.cz je online magaz\u00edn, kter\u00fd v\u00e1m pravideln\u011b p\u0159in\u00e1\u0161\u00ed rady a tipy, zaj\u00edmav\u00e9 \u010dl\u00e1nky, videa a jedine\u010dn\u00e9 report\u00e1\u017ee ze sv\u011bta cyklistiky.\",\"potentialAction\":[{\"@type\":\"SearchAction\",\"target\":{\"@type\":\"EntryPoint\",\"urlTemplate\":\"https:\/\/www.welovecycling.com\/cs\/?s={search_term_string}\"},\"query-input\":{\"@type\":\"PropertyValueSpecification\",\"valueRequired\":true,\"valueName\":\"search_term_string\"}}],\"inLanguage\":\"cs\"},{\"@type\":\"Person\",\"@id\":\"https:\/\/www.welovecycling.com\/cs\/#\/schema\/person\/d9eeb0a378f3a7e4a6d12d2b536b04b8\",\"name\":\"radekmalina\",\"image\":{\"@type\":\"ImageObject\",\"inLanguage\":\"cs\",\"@id\":\"https:\/\/www.welovecycling.com\/cs\/#\/schema\/person\/image\/\",\"url\":\"https:\/\/secure.gravatar.com\/avatar\/66994b632cb8c39a46b9f54afa3ae07201b678d32a54275b6f1c9ffec356bfc0?s=96&d=mm&r=g\",\"contentUrl\":\"https:\/\/secure.gravatar.com\/avatar\/66994b632cb8c39a46b9f54afa3ae07201b678d32a54275b6f1c9ffec356bfc0?s=96&d=mm&r=g\",\"caption\":\"radekmalina\"},\"url\":\"https:\/\/www.welovecycling.com\/cs\/author\/radekmalina\/\"}]}<\/script>\n<!-- \/ Yoast SEO Premium plugin. -->","yoast_head_json":{"title":"Gravel bike: utne nudu v sedle | \u0160koda We Love Cycling - \u010cesk\u00e1 republika","description":"Gravel bike! St\u00e1le popul\u00e1rn\u011bj\u0161\u00ed cyklistick\u00e1 discipl\u00edna. Jej\u00ed vyznava\u010de potk\u00e1te na m\u00edstech zd\u00e1nliv\u011b vyhrazen\u00fdch jen biker\u016fm, ale i na silnici.","robots":{"index":"index","follow":"follow","max-snippet":"max-snippet:-1","max-image-preview":"max-image-preview:large","max-video-preview":"max-video-preview:-1"},"canonical":"https:\/\/www.welovecycling.com\/cs\/2022\/10\/25\/gravel-bike-utne-nudu-v-sedle\/","og_locale":"cs_CZ","og_type":"article","og_title":"Gravel bike: utne nudu v sedle","og_description":"Gravel bike! St\u00e1le popul\u00e1rn\u011bj\u0161\u00ed cyklistick\u00e1 discipl\u00edna. Jej\u00ed vyznava\u010de potk\u00e1te na m\u00edstech zd\u00e1nliv\u011b vyhrazen\u00fdch jen biker\u016fm, ale i na silnici.","og_url":"https:\/\/www.welovecycling.com\/cs\/2022\/10\/25\/gravel-bike-utne-nudu-v-sedle\/","og_site_name":"\u0160koda We Love Cycling - \u010cesk\u00e1 republika","article_published_time":"2022-10-25T18:00:13+00:00","og_image":[{"width":2000,"height":1333,"url":"https:\/\/d2p6e6u75xmxt8.cloudfront.net\/13\/2022\/10\/gravel-michal-cerveny-1.webp","type":"image\/webp"}],"author":"radekmalina","twitter_card":"summary_large_image","twitter_misc":{"Written by":"We Love Cycling","Est. watching time":"4"},"schema":{"@context":"https:\/\/schema.org","@graph":[{"@type":"WebPage","@id":"https:\/\/www.welovecycling.com\/cs\/2022\/10\/25\/gravel-bike-utne-nudu-v-sedle\/","url":"https:\/\/www.welovecycling.com\/cs\/2022\/10\/25\/gravel-bike-utne-nudu-v-sedle\/","name":"Gravel bike: utne nudu v sedle | \u0160koda We Love Cycling - \u010cesk\u00e1 republika","isPartOf":{"@id":"https:\/\/www.welovecycling.com\/cs\/#website"},"primaryImageOfPage":{"@id":"https:\/\/www.welovecycling.com\/cs\/2022\/10\/25\/gravel-bike-utne-nudu-v-sedle\/#primaryimage"},"image":{"@id":"https:\/\/www.welovecycling.com\/cs\/2022\/10\/25\/gravel-bike-utne-nudu-v-sedle\/#primaryimage"},"thumbnailUrl":"https:\/\/d2p6e6u75xmxt8.cloudfront.net\/13\/2022\/10\/gravel-michal-cerveny-1.webp","datePublished":"2022-10-25T18:00:13+00:00","author":{"@id":"https:\/\/www.welovecycling.com\/cs\/#\/schema\/person\/d9eeb0a378f3a7e4a6d12d2b536b04b8"},"description":"Gravel bike! St\u00e1le popul\u00e1rn\u011bj\u0161\u00ed cyklistick\u00e1 discipl\u00edna. Jej\u00ed vyznava\u010de potk\u00e1te na m\u00edstech zd\u00e1nliv\u011b vyhrazen\u00fdch jen biker\u016fm, ale i na silnici.","inLanguage":"cs","potentialAction":[{"@type":"ReadAction","target":["https:\/\/www.welovecycling.com\/cs\/2022\/10\/25\/gravel-bike-utne-nudu-v-sedle\/"]}]},{"@type":"ImageObject","inLanguage":"cs","@id":"https:\/\/www.welovecycling.com\/cs\/2022\/10\/25\/gravel-bike-utne-nudu-v-sedle\/#primaryimage","url":"https:\/\/d2p6e6u75xmxt8.cloudfront.net\/13\/2022\/10\/gravel-michal-cerveny-1.webp","contentUrl":"https:\/\/d2p6e6u75xmxt8.cloudfront.net\/13\/2022\/10\/gravel-michal-cerveny-1.webp","width":2000,"height":1333},{"@type":"WebSite","@id":"https:\/\/www.welovecycling.com\/cs\/#website","url":"https:\/\/www.welovecycling.com\/cs\/","name":"\u0160koda We Love Cycling - \u010cesk\u00e1 republika","description":"WeLoveCycling.cz je online magaz\u00edn, kter\u00fd v\u00e1m pravideln\u011b p\u0159in\u00e1\u0161\u00ed rady a tipy, zaj\u00edmav\u00e9 \u010dl\u00e1nky, videa a jedine\u010dn\u00e9 report\u00e1\u017ee ze sv\u011bta cyklistiky.","potentialAction":[{"@type":"SearchAction","target":{"@type":"EntryPoint","urlTemplate":"https:\/\/www.welovecycling.com\/cs\/?s={search_term_string}"},"query-input":{"@type":"PropertyValueSpecification","valueRequired":true,"valueName":"search_term_string"}}],"inLanguage":"cs"},{"@type":"Person","@id":"https:\/\/www.welovecycling.com\/cs\/#\/schema\/person\/d9eeb0a378f3a7e4a6d12d2b536b04b8","name":"radekmalina","image":{"@type":"ImageObject","inLanguage":"cs","@id":"https:\/\/www.welovecycling.com\/cs\/#\/schema\/person\/image\/","url":"https:\/\/secure.gravatar.com\/avatar\/66994b632cb8c39a46b9f54afa3ae07201b678d32a54275b6f1c9ffec356bfc0?s=96&d=mm&r=g","contentUrl":"https:\/\/secure.gravatar.com\/avatar\/66994b632cb8c39a46b9f54afa3ae07201b678d32a54275b6f1c9ffec356bfc0?s=96&d=mm&r=g","caption":"radekmalina"},"url":"https:\/\/www.welovecycling.com\/cs\/author\/radekmalina\/"}]}},"_links":{"self":[{"href":"https:\/\/www.welovecycling.com\/cs\/wp-json\/wp\/v2\/posts\/19160","targetHints":{"allow":["GET"]}}],"collection":[{"href":"https:\/\/www.welovecycling.com\/cs\/wp-json\/wp\/v2\/posts"}],"about":[{"href":"https:\/\/www.welovecycling.com\/cs\/wp-json\/wp\/v2\/types\/post"}],"author":[{"embeddable":true,"href":"https:\/\/www.welovecycling.com\/cs\/wp-json\/wp\/v2\/users\/138"}],"replies":[{"embeddable":true,"href":"https:\/\/www.welovecycling.com\/cs\/wp-json\/wp\/v2\/comments?post=19160"}],"version-history":[{"count":2,"href":"https:\/\/www.welovecycling.com\/cs\/wp-json\/wp\/v2\/posts\/19160\/revisions"}],"predecessor-version":[{"id":19261,"href":"https:\/\/www.welovecycling.com\/cs\/wp-json\/wp\/v2\/posts\/19160\/revisions\/19261"}],"wp:featuredmedia":[{"embeddable":true,"href":"https:\/\/www.welovecycling.com\/cs\/wp-json\/wp\/v2\/media\/19257"}],"wp:attachment":[{"href":"https:\/\/www.welovecycling.com\/cs\/wp-json\/wp\/v2\/media?parent=19160"}],"wp:term":[{"taxonomy":"category","embeddable":true,"href":"https:\/\/www.welovecycling.com\/cs\/wp-json\/wp\/v2\/categories?post=19160"},{"taxonomy":"post_tag","embeddable":true,"href":"https:\/\/www.welovecycling.com\/cs\/wp-json\/wp\/v2\/tags?post=19160"},{"taxonomy":"global-categories","embeddable":true,"href":"https:\/\/www.welovecycling.com\/cs\/wp-json\/wp\/v2\/global-categories?post=19160"}],"curies":[{"name":"wp","href":"https:\/\/api.w.org\/{rel}","templated":true}]}}