{"id":19110,"date":"2022-10-18T16:00:32","date_gmt":"2022-10-18T14:00:32","guid":{"rendered":"https:\/\/www.welovecycling.com\/cs\/?p=19110"},"modified":"2022-11-21T16:25:51","modified_gmt":"2022-11-21T14:25:51","slug":"odpocinek-po-sezone-nepodcenujte-hrozbu-vyhoreni","status":"publish","type":"post","link":"https:\/\/www.welovecycling.com\/cs\/2022\/10\/18\/odpocinek-po-sezone-nepodcenujte-hrozbu-vyhoreni\/","title":{"rendered":"Odpo\u010dinek po sezon\u011b? Nepodce\u0148ujte hrozbu vyho\u0159en\u00ed"},"content":{"rendered":"<p><strong>Odpo\u010dinek po sezon\u011b je kl\u00ed\u010dov\u00fdm faktorem pro v\u00fdkonnost v\u00a0sezon\u011b n\u00e1sleduj\u00edc\u00ed. Jakkoliv se to n\u011bkomu nel\u00edb\u00ed, d\u00e1t si pauzu od hodin v\u00a0sedle kola je skute\u010dn\u011b p\u0159\u00ednosn\u00e9.<\/strong><\/p>\n<p>Velk\u00e9 mno\u017estv\u00ed cyklist\u016f se boj\u00ed, \u017ee pokud si d\u00e1 volno, ztrat\u00ed kondici. D\u011bs\u00ed se p\u0159edstavy, \u017ee ka\u017ed\u00fd den bez tr\u00e9ninku je p\u0159ipravuje o s\u00edlu v\u00a0nohou. Ve skute\u010dnosti v\u0161ak ztr\u00e1ta kondice nebude nijak drastick\u00e1 a odpo\u010dinek ka\u017ed\u00e9ho z\u00a0cyklist\u016f bude skv\u011bl\u00fdm osv\u011b\u017een\u00edm p\u0159ed dal\u0161\u00ed sezonou.<\/p>\n<h2><strong>T\u00fddny bez kola jsou dokonalou vzpruhou<\/strong><\/h2>\n<p>Nen\u00ed n\u00e1hoda, \u017ee druh\u00e1 polovina \u0159\u00edjna a zejm\u00e9na pak listopad jsou ve sv\u011bt\u011b profesion\u00e1ln\u00ed cyklistiky vyhrazeny k\u00a0odpo\u010dinku. Pokud vyraz\u00edte na pl\u00e1\u017e do tepl\u00fdch krajin, velmi pravd\u011bpodobn\u011b naraz\u00edte na elitn\u00ed z\u00e1vodn\u00edky a z\u00e1vodnice. Pro\u010d? Proto\u017ee p\u00e1r t\u00fddn\u016f bez kola je prost\u011b super a sm\u011brem pro budoucnost se jedn\u00e1 o dokonalou vzpruhu.<\/p>\n<p>Smyslem t\u00fddn\u016f bez kola je hlavn\u011b snaha zabr\u00e1nit p\u0159etr\u00e9nov\u00e1n\u00ed a vyho\u0159en\u00ed. Pokud budete jezdit dvan\u00e1ct m\u011bs\u00edc\u016f v\u00a0roce bez p\u0159est\u00e1vky n\u011bkolik let po sob\u011b, brzy si prost\u011b kolo znechut\u00edte. A to p\u0159ece nechcete?!<\/p>\n<figure id=\"attachment_12559\" aria-describedby=\"caption-attachment-12559\" style=\"width: 1024px\" class=\"wp-caption alignnone\"><a href=\"https:\/\/d2p6e6u75xmxt8.cloudfront.net\/13\/2021\/04\/wlc-regenerace-masaz-2-michal-cerveny.jpg\"><img loading=\"lazy\" decoding=\"async\" class=\"size-full wp-image-12559\" src=\"https:\/\/d2p6e6u75xmxt8.cloudfront.net\/13\/2021\/04\/wlc-regenerace-masaz-2-michal-cerveny.jpg\" alt=\"Regenerace je pro sportovce kl\u00ed\u010dov\u00e1. Mas\u00e1\u017e pat\u0159\u00ed mezi vhodn\u00e9 zp\u016fsoby jak se zbavit \u00fanavy.\" width=\"1024\" height=\"683\" \/><\/a><figcaption id=\"caption-attachment-12559\" class=\"wp-caption-text\"><em>Regenerace je pro sportovce kl\u00ed\u010dov\u00e1. Mas\u00e1\u017e pat\u0159\u00ed mezi vhodn\u00e9 zp\u016fsoby jak se zbavit \u00fanavy. Foto: Michal \u010cerven\u00fd<\/em><\/figcaption><\/figure>\n<p>Pokud budete odpo\u010dinek dlouhodob\u011b podce\u0148ovat, jedin\u00fdm v\u00fdsledkem krom\u011b extr\u00e9mn\u00ed \u00fanavy bude tak\u00e9 oslaben\u00ed imunitn\u00edho syst\u00e9mu, \u010d\u00edm\u017e riskujete onemocn\u011bn\u00ed nebo zran\u011bn\u00ed. Nemluv\u011b o tom, \u017ee va\u0161e forma stejn\u011b neporoste.<\/p>\n<p>Z\u00e1sadn\u00edm faktorem hovo\u0159\u00edc\u00edm pro odpo\u010dinek jsou i zdravotn\u00ed rizika plynouc\u00ed z\u00a0tr\u00e9ninku bez p\u0159eru\u0161en\u00ed. Trval\u00fd tr\u00e9nink m\u016f\u017ee vyvolat zran\u011bn\u00ed, proto\u017ee ned\u00e1v\u00e1 prostor k\u00a0dol\u00e9\u010den\u00ed drobn\u00fdch bol\u00edstek. Sou\u010dasn\u011b vede zcela nevyhnuteln\u011b ke ztr\u00e1t\u011b motivace, n\u00e1sledkem \u010deho\u017e kondice zakrn\u00ed.<\/p>\n<div class=\"shortcode-ys-post-pinup\"><article class=\"loop-simple post-16659 post type-post status-publish format-standard has-post-thumbnail hentry category-zdravi-a-trenink tag-cyklistika tag-horska-cyklistika tag-intervalovy-trenink tag-kopcovity-trenink tag-silnicni-cyklistika tag-trenink tag-vytrvalostni-trenink tag-zdravi-a-trenink global-categories-cycling\" data-postid=\"16659\" role=\"article\" data-post-id=\"16659\" data-word-count=\"400\" data-headline-length=\"44\" data-category=\"Zdrav\u00ed a tr\u00e9nink\" data-global-category=\"Cycling\" data-author=\"Adam Bouda\" data-published=\"2022-04-25T05:00:20+02:00\" data-published-day=\"Monday\">\n    <div class=\"entry-thumbnail article-thumbnail\" content=\"https:\/\/d2p6e6u75xmxt8.cloudfront.net\/13\/2021\/02\/trenink-kalhoty-stin-michal-cerveny-150x150.webp\"><a href=\"https:\/\/www.welovecycling.com\/cs\/2022\/04\/25\/jak-casto-jezdit-na-kole-abychom-byli-fit\/\" class=\"image-holder\" target=\"_self\"><img decoding=\"async\" loading=\"lazy\" class=\"\" src=\"https:\/\/d2p6e6u75xmxt8.cloudfront.net\/13\/2021\/02\/trenink-kalhoty-stin-michal-cerveny-1024x683.webp\" srcset=\"https:\/\/d2p6e6u75xmxt8.cloudfront.net\/13\/2021\/02\/trenink-kalhoty-stin-michal-cerveny.webp 1600w, https:\/\/d2p6e6u75xmxt8.cloudfront.net\/13\/2021\/02\/trenink-kalhoty-stin-michal-cerveny-300x200.webp 300w, https:\/\/d2p6e6u75xmxt8.cloudfront.net\/13\/2021\/02\/trenink-kalhoty-stin-michal-cerveny-1024x683.webp 1024w, https:\/\/d2p6e6u75xmxt8.cloudfront.net\/13\/2021\/02\/trenink-kalhoty-stin-michal-cerveny-768x512.webp 768w, https:\/\/d2p6e6u75xmxt8.cloudfront.net\/13\/2021\/02\/trenink-kalhoty-stin-michal-cerveny-1536x1024.webp 1536w, https:\/\/d2p6e6u75xmxt8.cloudfront.net\/13\/2021\/02\/trenink-kalhoty-stin-michal-cerveny-272x182.webp 272w\" width=\"1024\" height=\"683\" sizes=\"auto, (min-width: 1200px) 300px, (min-width: 768px) 25vw, 100vw\" alt=\"jak-casto-jezdit-na-kole-abychom-byli-fit\"\/><\/a><\/div>    <div class=\"entry-meta\">\n        <a class=\"label label-secondary post-category\" href=\"https:\/\/www.welovecycling.com\/cs\/category\/zdravi-a-trenink\/\" title=\"Zdrav\u00ed a tr\u00e9nink\">Zdrav\u00ed a tr\u00e9nink<\/a>\n    <\/div>\n    <div class=\"entry-details\">\n        <a href=\"https:\/\/www.welovecycling.com\/cs\/2022\/04\/25\/jak-casto-jezdit-na-kole-abychom-byli-fit\/\" class='entry-title-wrapper'>\n            <h3 class=\"entry-title\"><span>Jak \u010dasto jezdit na kole, abychom byli fit?<\/span><\/h3>\n        <\/a>\n    <\/div>\n    <\/article>\n<\/div>\n<p>Pokud ob\u010das z\u00e1vod\u00edte, a\u0165 u\u017e na silni\u010dn\u00edm, horsk\u00e9m \u010di gravel kole, v\u011bt\u0161ina soupe\u0159en\u00ed s vlastn\u00edmi silami i protivn\u00edky se odehr\u00e1v\u00e1 od dubna do konce z\u00e1\u0159\u00ed. Tradi\u010dn\u011b by tr\u00e9nink v lednu a\u017e b\u0159eznu m\u011bl b\u00fdt zam\u011b\u0159en\u00fd na naj\u00ed\u017ed\u011bn\u00ed z\u00e1kladn\u00ed vytrvalosti. Podle term\u00ednu, k n\u011bmu\u017e chcete sm\u011b\u0159ovat formu, je pak duben a kv\u011bten vhodn\u00fd k budov\u00e1n\u00ed z\u00e1vodn\u00ed kondice. Za p\u0159edpokladu, \u017ee hlavn\u00ed \u010d\u00e1st va\u0161\u00ed sezony kop\u00edruje letn\u00ed t\u00fddny, logicky by v \u00favodu podzimu m\u011bla p\u0159ij\u00edt pauza.\u00a0V listopadu \u010di v prosinci, podle za\u0159azen\u00e9ho volna, pak m\u016f\u017eete jezdit naprosto nesystematicky a jen se vozit pro z\u00e1bavu.<\/p>\n<h2><strong>Jak dlouh\u00e1 m\u00e1 b\u00fdt pauza bez kola?<\/strong><\/h2>\n<p>Jak dlouh\u00e1 by pauza bez kola m\u011bla b\u00fdt? Minim\u00e1ln\u00ed dobou je jeden t\u00fdden. Hodn\u011b d\u016fle\u017eitou roli hraje aspekt z\u00e1vodn\u00edch dn\u016f. Pokud m\u00e1te v\u00a0noh\u00e1ch seri\u00e1l typu Prima Cup \u010di Kolo pro \u017eivot na biku p\u0159\u00edpadn\u011b s\u00e9rii silni\u010dn\u00edch podnik\u016f, kdy jste z\u00e1vodili od kv\u011btna do srpna, logicky by va\u0161e pauza m\u011bla b\u00fdt del\u0161\u00ed. Klidn\u011b a\u017e \u010dty\u0159i t\u00fddny. Nejde o \u017e\u00e1dn\u00fd h\u0159\u00edch. M\u011bjte na pam\u011bti, \u017ee n\u00e1sledn\u011b budete na kole tr\u00e1vit zase dlouh\u00e9 m\u011bs\u00edce.<\/p>\n<p>Nemus\u00edte pochopiteln\u011b jen le\u017eet na kavalci. M\u016f\u017eete zkusit pilates, j\u00f3gu, posilovac\u00ed cvi\u010den\u00ed. S\u00a0p\u0159ib\u00fdvaj\u00edc\u00edm v\u011bkem se m\u011bn\u00ed flexibilita a mobilita, tak\u017ee \u010das v\u011bnovan\u00fd cvi\u010den\u00ed zam\u011b\u0159en\u00e9mu na partie, kter\u00e9 v\u00a0sedle tolik nezapojujete, rozhodn\u011b p\u0159ijde k\u00a0duhu.<\/p>\n<figure id=\"attachment_18358\" aria-describedby=\"caption-attachment-18358\" style=\"width: 1920px\" class=\"wp-caption alignnone\"><a href=\"https:\/\/d2p6e6u75xmxt8.cloudfront.net\/13\/2022\/08\/masaz-relax-odpocinek-protazeni.jpg\"><img loading=\"lazy\" decoding=\"async\" class=\"size-extra-large wp-image-18358\" src=\"https:\/\/d2p6e6u75xmxt8.cloudfront.net\/13\/2022\/08\/masaz-relax-odpocinek-protazeni-1920x1280.jpg\" alt=\"Odpo\u010dinek po sezon\u011b\" width=\"1920\" height=\"1280\" \/><\/a><figcaption id=\"caption-attachment-18358\" class=\"wp-caption-text\"><em>Odpo\u010dinek po sezon\u011b vyu\u017eijte k protahovac\u00edm cvi\u010den\u00edm a zpevn\u011bn\u00ed t\u011bla. Foto: Michal \u010cerven\u00fd<\/em><\/figcaption><\/figure>\n<p>Mo\u017en\u00e1 budete p\u0159ekvapen\u00ed mno\u017estv\u00ed voln\u00e9ho \u010dasu, kter\u00fd z\u00edsk\u00e1te vy\u0161krtnut\u00edm tr\u00e9nink\u016f na ur\u010dit\u00e9 obdob\u00ed. Zkuste se v\u011bnovat rodin\u011b, splnit dom\u00e1c\u00ed pracovn\u00ed resty, sed\u011bt s knihou \u010di obl\u00edben\u00fdm \u010dasopisem. Pokud vyraz\u00edte na k\u00e1vi\u010dku, na vyj\u00ed\u017e\u010fku s d\u011btmi \u010di na j\u00edzdu pro du\u0161evn\u00ed pohodu, rozhodn\u011b v\u00e1m to nijak neubl\u00ed\u017e\u00ed.<\/p>\n<p>N\u011bkdy je po\u010das\u00ed na podzim vynikaj\u00edc\u00ed, a tak m\u00e1 ka\u017ed\u00fd cyklista nutk\u00e1n\u00ed tr\u00e1vit v\u00a0sedle kola hodiny znovu a znovu. Kdy\u017e budete m\u00edt volno a budete kolo state\u010dn\u011b ignorovat, po n\u00e1vratu budete jako tygr v\u00a0kleci. Zima, kdy nejsou \u017e\u00e1dn\u00e9 z\u00e1vodn\u00ed akce, pak nab\u00edz\u00ed prostor pro konzistentn\u00ed tr\u00e9nink. I proto n\u00e1sledn\u011b p\u0159ich\u00e1z\u00ed ve v\u011bt\u0161in\u011b p\u0159\u00edpad\u016f velk\u00e9 zlep\u0161en\u00ed.<\/p>\n<p><em>Tituln\u00ed foto: Michal \u010cerven\u00fd<\/em><\/p>\n","protected":false},"excerpt":{"rendered":"<p>Odpo\u010dinek po sezon\u011b je kl\u00ed\u010dov\u00fdm faktorem pro v\u00fdkonnost v\u00a0sezon\u011b n\u00e1sleduj\u00edc\u00ed. Jakkoliv se to n\u011bkomu nel\u00edb\u00ed, d\u00e1t si pauzu od hodin [&hellip;]<\/p>\n","protected":false},"author":138,"featured_media":18359,"comment_status":"open","ping_status":"open","sticky":false,"template":"","format":"standard","meta":{"footnotes":""},"categories":[2704,6],"tags":[126,2632,2633,2631,1652,27,2634,67],"global-categories":[411],"class_list":["post-19110","post","type-post","status-publish","format-standard","has-post-thumbnail","hentry","category-zima2022","category-zdravi-a-trenink","tag-cyklistika","tag-cyklistika-a-regenerace","tag-cyklistika-a-vyhoreni","tag-odpocinek-po-sezone","tag-syndrom-vyhoreni","tag-trenink","tag-vyhoreni","tag-zdravi-a-trenink","global-categories-cycling"],"yoast_head":"<!-- This site is optimized with the Yoast SEO Premium plugin v25.3 (Yoast SEO v25.9) - https:\/\/yoast.com\/wordpress\/plugins\/seo\/ -->\n<title>Odpo\u010dinek po sezon\u011b? Nepodce\u0148ujte hrozbu vyho\u0159en\u00ed | \u0160koda We Love Cycling - \u010cesk\u00e1 republika<\/title>\n<meta name=\"description\" content=\"Odpo\u010dinek po sezon\u011b je kl\u00ed\u010dov\u00fd pro v\u00fdkonnost v\u00a0sezon\u011b n\u00e1sleduj\u00edc\u00ed. Jakkoliv se to n\u011bkomu nel\u00edb\u00ed, d\u00e1t si pauzu od hodin v\u00a0sedle je p\u0159\u00ednosn\u00e9.\" \/>\n<meta name=\"robots\" content=\"index, follow, max-snippet:-1, max-image-preview:large, max-video-preview:-1\" \/>\n<link rel=\"canonical\" href=\"https:\/\/www.welovecycling.com\/cs\/2022\/10\/18\/odpocinek-po-sezone-nepodcenujte-hrozbu-vyhoreni\/\" \/>\n<meta property=\"og:locale\" content=\"cs_CZ\" \/>\n<meta property=\"og:type\" content=\"article\" \/>\n<meta property=\"og:title\" content=\"Odpo\u010dinek po sezon\u011b? Nepodce\u0148ujte hrozbu vyho\u0159en\u00ed\" \/>\n<meta property=\"og:description\" content=\"Odpo\u010dinek po sezon\u011b je kl\u00ed\u010dov\u00fd pro v\u00fdkonnost v\u00a0sezon\u011b n\u00e1sleduj\u00edc\u00ed. Jakkoliv se to n\u011bkomu nel\u00edb\u00ed, d\u00e1t si pauzu od hodin v\u00a0sedle je p\u0159\u00ednosn\u00e9.\" \/>\n<meta property=\"og:url\" content=\"https:\/\/www.welovecycling.com\/cs\/2022\/10\/18\/odpocinek-po-sezone-nepodcenujte-hrozbu-vyhoreni\/\" \/>\n<meta property=\"og:site_name\" content=\"\u0160koda We Love Cycling - \u010cesk\u00e1 republika\" \/>\n<meta property=\"article:published_time\" content=\"2022-10-18T14:00:32+00:00\" \/>\n<meta property=\"article:modified_time\" content=\"2022-11-21T14:25:51+00:00\" \/>\n<meta property=\"og:image\" content=\"https:\/\/d2p6e6u75xmxt8.cloudfront.net\/13\/2022\/08\/masaz-relax-odpocinek.webp\" \/>\n\t<meta property=\"og:image:width\" content=\"2000\" \/>\n\t<meta property=\"og:image:height\" content=\"1333\" \/>\n\t<meta property=\"og:image:type\" content=\"image\/webp\" \/>\n<meta name=\"author\" content=\"radekmalina\" \/>\n<meta name=\"twitter:card\" content=\"summary_large_image\" \/>\n<meta name=\"twitter:label1\" content=\"Written by\" \/>\n\t<meta name=\"twitter:data1\" content=\"Adam Bouda\" \/>\n\t<meta name=\"twitter:label2\" content=\"Est. reading time\" \/>\n\t<meta name=\"twitter:data2\" content=\"6\" \/>\n<script type=\"application\/ld+json\" class=\"yoast-schema-graph\">{\"@context\":\"https:\/\/schema.org\",\"@graph\":[{\"@type\":\"WebPage\",\"@id\":\"https:\/\/www.welovecycling.com\/cs\/2022\/10\/18\/odpocinek-po-sezone-nepodcenujte-hrozbu-vyhoreni\/\",\"url\":\"https:\/\/www.welovecycling.com\/cs\/2022\/10\/18\/odpocinek-po-sezone-nepodcenujte-hrozbu-vyhoreni\/\",\"name\":\"Odpo\u010dinek po sezon\u011b? Nepodce\u0148ujte hrozbu vyho\u0159en\u00ed | \u0160koda We Love Cycling - \u010cesk\u00e1 republika\",\"isPartOf\":{\"@id\":\"https:\/\/www.welovecycling.com\/cs\/#website\"},\"primaryImageOfPage\":{\"@id\":\"https:\/\/www.welovecycling.com\/cs\/2022\/10\/18\/odpocinek-po-sezone-nepodcenujte-hrozbu-vyhoreni\/#primaryimage\"},\"image\":{\"@id\":\"https:\/\/www.welovecycling.com\/cs\/2022\/10\/18\/odpocinek-po-sezone-nepodcenujte-hrozbu-vyhoreni\/#primaryimage\"},\"thumbnailUrl\":\"https:\/\/d2p6e6u75xmxt8.cloudfront.net\/13\/2022\/08\/masaz-relax-odpocinek.webp\",\"datePublished\":\"2022-10-18T14:00:32+00:00\",\"dateModified\":\"2022-11-21T14:25:51+00:00\",\"author\":{\"@id\":\"https:\/\/www.welovecycling.com\/cs\/#\/schema\/person\/d9eeb0a378f3a7e4a6d12d2b536b04b8\"},\"description\":\"Odpo\u010dinek po sezon\u011b je kl\u00ed\u010dov\u00fd pro v\u00fdkonnost v\u00a0sezon\u011b n\u00e1sleduj\u00edc\u00ed. Jakkoliv se to n\u011bkomu nel\u00edb\u00ed, d\u00e1t si pauzu od hodin v\u00a0sedle je p\u0159\u00ednosn\u00e9.\",\"inLanguage\":\"cs\",\"potentialAction\":[{\"@type\":\"ReadAction\",\"target\":[\"https:\/\/www.welovecycling.com\/cs\/2022\/10\/18\/odpocinek-po-sezone-nepodcenujte-hrozbu-vyhoreni\/\"]}]},{\"@type\":\"ImageObject\",\"inLanguage\":\"cs\",\"@id\":\"https:\/\/www.welovecycling.com\/cs\/2022\/10\/18\/odpocinek-po-sezone-nepodcenujte-hrozbu-vyhoreni\/#primaryimage\",\"url\":\"https:\/\/d2p6e6u75xmxt8.cloudfront.net\/13\/2022\/08\/masaz-relax-odpocinek.webp\",\"contentUrl\":\"https:\/\/d2p6e6u75xmxt8.cloudfront.net\/13\/2022\/08\/masaz-relax-odpocinek.webp\",\"width\":2000,\"height\":1333},{\"@type\":\"WebSite\",\"@id\":\"https:\/\/www.welovecycling.com\/cs\/#website\",\"url\":\"https:\/\/www.welovecycling.com\/cs\/\",\"name\":\"\u0160koda We Love Cycling - \u010cesk\u00e1 republika\",\"description\":\"WeLoveCycling.cz je online magaz\u00edn, kter\u00fd v\u00e1m pravideln\u011b p\u0159in\u00e1\u0161\u00ed rady a tipy, zaj\u00edmav\u00e9 \u010dl\u00e1nky, videa a jedine\u010dn\u00e9 report\u00e1\u017ee ze sv\u011bta cyklistiky.\",\"potentialAction\":[{\"@type\":\"SearchAction\",\"target\":{\"@type\":\"EntryPoint\",\"urlTemplate\":\"https:\/\/www.welovecycling.com\/cs\/?s={search_term_string}\"},\"query-input\":{\"@type\":\"PropertyValueSpecification\",\"valueRequired\":true,\"valueName\":\"search_term_string\"}}],\"inLanguage\":\"cs\"},{\"@type\":\"Person\",\"@id\":\"https:\/\/www.welovecycling.com\/cs\/#\/schema\/person\/d9eeb0a378f3a7e4a6d12d2b536b04b8\",\"name\":\"radekmalina\",\"image\":{\"@type\":\"ImageObject\",\"inLanguage\":\"cs\",\"@id\":\"https:\/\/www.welovecycling.com\/cs\/#\/schema\/person\/image\/\",\"url\":\"https:\/\/secure.gravatar.com\/avatar\/66994b632cb8c39a46b9f54afa3ae07201b678d32a54275b6f1c9ffec356bfc0?s=96&d=mm&r=g\",\"contentUrl\":\"https:\/\/secure.gravatar.com\/avatar\/66994b632cb8c39a46b9f54afa3ae07201b678d32a54275b6f1c9ffec356bfc0?s=96&d=mm&r=g\",\"caption\":\"radekmalina\"},\"url\":\"https:\/\/www.welovecycling.com\/cs\/author\/radekmalina\/\"}]}<\/script>\n<!-- \/ Yoast SEO Premium plugin. -->","yoast_head_json":{"title":"Odpo\u010dinek po sezon\u011b? Nepodce\u0148ujte hrozbu vyho\u0159en\u00ed | \u0160koda We Love Cycling - \u010cesk\u00e1 republika","description":"Odpo\u010dinek po sezon\u011b je kl\u00ed\u010dov\u00fd pro v\u00fdkonnost v\u00a0sezon\u011b n\u00e1sleduj\u00edc\u00ed. Jakkoliv se to n\u011bkomu nel\u00edb\u00ed, d\u00e1t si pauzu od hodin v\u00a0sedle je p\u0159\u00ednosn\u00e9.","robots":{"index":"index","follow":"follow","max-snippet":"max-snippet:-1","max-image-preview":"max-image-preview:large","max-video-preview":"max-video-preview:-1"},"canonical":"https:\/\/www.welovecycling.com\/cs\/2022\/10\/18\/odpocinek-po-sezone-nepodcenujte-hrozbu-vyhoreni\/","og_locale":"cs_CZ","og_type":"article","og_title":"Odpo\u010dinek po sezon\u011b? Nepodce\u0148ujte hrozbu vyho\u0159en\u00ed","og_description":"Odpo\u010dinek po sezon\u011b je kl\u00ed\u010dov\u00fd pro v\u00fdkonnost v\u00a0sezon\u011b n\u00e1sleduj\u00edc\u00ed. Jakkoliv se to n\u011bkomu nel\u00edb\u00ed, d\u00e1t si pauzu od hodin v\u00a0sedle je p\u0159\u00ednosn\u00e9.","og_url":"https:\/\/www.welovecycling.com\/cs\/2022\/10\/18\/odpocinek-po-sezone-nepodcenujte-hrozbu-vyhoreni\/","og_site_name":"\u0160koda We Love Cycling - \u010cesk\u00e1 republika","article_published_time":"2022-10-18T14:00:32+00:00","article_modified_time":"2022-11-21T14:25:51+00:00","og_image":[{"width":2000,"height":1333,"url":"https:\/\/d2p6e6u75xmxt8.cloudfront.net\/13\/2022\/08\/masaz-relax-odpocinek.webp","type":"image\/webp"}],"author":"radekmalina","twitter_card":"summary_large_image","twitter_misc":{"Written by":"Adam Bouda","Est. reading time":"6"},"schema":{"@context":"https:\/\/schema.org","@graph":[{"@type":"WebPage","@id":"https:\/\/www.welovecycling.com\/cs\/2022\/10\/18\/odpocinek-po-sezone-nepodcenujte-hrozbu-vyhoreni\/","url":"https:\/\/www.welovecycling.com\/cs\/2022\/10\/18\/odpocinek-po-sezone-nepodcenujte-hrozbu-vyhoreni\/","name":"Odpo\u010dinek po sezon\u011b? Nepodce\u0148ujte hrozbu vyho\u0159en\u00ed | \u0160koda We Love Cycling - \u010cesk\u00e1 republika","isPartOf":{"@id":"https:\/\/www.welovecycling.com\/cs\/#website"},"primaryImageOfPage":{"@id":"https:\/\/www.welovecycling.com\/cs\/2022\/10\/18\/odpocinek-po-sezone-nepodcenujte-hrozbu-vyhoreni\/#primaryimage"},"image":{"@id":"https:\/\/www.welovecycling.com\/cs\/2022\/10\/18\/odpocinek-po-sezone-nepodcenujte-hrozbu-vyhoreni\/#primaryimage"},"thumbnailUrl":"https:\/\/d2p6e6u75xmxt8.cloudfront.net\/13\/2022\/08\/masaz-relax-odpocinek.webp","datePublished":"2022-10-18T14:00:32+00:00","dateModified":"2022-11-21T14:25:51+00:00","author":{"@id":"https:\/\/www.welovecycling.com\/cs\/#\/schema\/person\/d9eeb0a378f3a7e4a6d12d2b536b04b8"},"description":"Odpo\u010dinek po sezon\u011b je kl\u00ed\u010dov\u00fd pro v\u00fdkonnost v\u00a0sezon\u011b n\u00e1sleduj\u00edc\u00ed. Jakkoliv se to n\u011bkomu nel\u00edb\u00ed, d\u00e1t si pauzu od hodin v\u00a0sedle je p\u0159\u00ednosn\u00e9.","inLanguage":"cs","potentialAction":[{"@type":"ReadAction","target":["https:\/\/www.welovecycling.com\/cs\/2022\/10\/18\/odpocinek-po-sezone-nepodcenujte-hrozbu-vyhoreni\/"]}]},{"@type":"ImageObject","inLanguage":"cs","@id":"https:\/\/www.welovecycling.com\/cs\/2022\/10\/18\/odpocinek-po-sezone-nepodcenujte-hrozbu-vyhoreni\/#primaryimage","url":"https:\/\/d2p6e6u75xmxt8.cloudfront.net\/13\/2022\/08\/masaz-relax-odpocinek.webp","contentUrl":"https:\/\/d2p6e6u75xmxt8.cloudfront.net\/13\/2022\/08\/masaz-relax-odpocinek.webp","width":2000,"height":1333},{"@type":"WebSite","@id":"https:\/\/www.welovecycling.com\/cs\/#website","url":"https:\/\/www.welovecycling.com\/cs\/","name":"\u0160koda We Love Cycling - \u010cesk\u00e1 republika","description":"WeLoveCycling.cz je online magaz\u00edn, kter\u00fd v\u00e1m pravideln\u011b p\u0159in\u00e1\u0161\u00ed rady a tipy, zaj\u00edmav\u00e9 \u010dl\u00e1nky, videa a jedine\u010dn\u00e9 report\u00e1\u017ee ze sv\u011bta cyklistiky.","potentialAction":[{"@type":"SearchAction","target":{"@type":"EntryPoint","urlTemplate":"https:\/\/www.welovecycling.com\/cs\/?s={search_term_string}"},"query-input":{"@type":"PropertyValueSpecification","valueRequired":true,"valueName":"search_term_string"}}],"inLanguage":"cs"},{"@type":"Person","@id":"https:\/\/www.welovecycling.com\/cs\/#\/schema\/person\/d9eeb0a378f3a7e4a6d12d2b536b04b8","name":"radekmalina","image":{"@type":"ImageObject","inLanguage":"cs","@id":"https:\/\/www.welovecycling.com\/cs\/#\/schema\/person\/image\/","url":"https:\/\/secure.gravatar.com\/avatar\/66994b632cb8c39a46b9f54afa3ae07201b678d32a54275b6f1c9ffec356bfc0?s=96&d=mm&r=g","contentUrl":"https:\/\/secure.gravatar.com\/avatar\/66994b632cb8c39a46b9f54afa3ae07201b678d32a54275b6f1c9ffec356bfc0?s=96&d=mm&r=g","caption":"radekmalina"},"url":"https:\/\/www.welovecycling.com\/cs\/author\/radekmalina\/"}]}},"_links":{"self":[{"href":"https:\/\/www.welovecycling.com\/cs\/wp-json\/wp\/v2\/posts\/19110","targetHints":{"allow":["GET"]}}],"collection":[{"href":"https:\/\/www.welovecycling.com\/cs\/wp-json\/wp\/v2\/posts"}],"about":[{"href":"https:\/\/www.welovecycling.com\/cs\/wp-json\/wp\/v2\/types\/post"}],"author":[{"embeddable":true,"href":"https:\/\/www.welovecycling.com\/cs\/wp-json\/wp\/v2\/users\/138"}],"replies":[{"embeddable":true,"href":"https:\/\/www.welovecycling.com\/cs\/wp-json\/wp\/v2\/comments?post=19110"}],"version-history":[{"count":2,"href":"https:\/\/www.welovecycling.com\/cs\/wp-json\/wp\/v2\/posts\/19110\/revisions"}],"predecessor-version":[{"id":19113,"href":"https:\/\/www.welovecycling.com\/cs\/wp-json\/wp\/v2\/posts\/19110\/revisions\/19113"}],"wp:featuredmedia":[{"embeddable":true,"href":"https:\/\/www.welovecycling.com\/cs\/wp-json\/wp\/v2\/media\/18359"}],"wp:attachment":[{"href":"https:\/\/www.welovecycling.com\/cs\/wp-json\/wp\/v2\/media?parent=19110"}],"wp:term":[{"taxonomy":"category","embeddable":true,"href":"https:\/\/www.welovecycling.com\/cs\/wp-json\/wp\/v2\/categories?post=19110"},{"taxonomy":"post_tag","embeddable":true,"href":"https:\/\/www.welovecycling.com\/cs\/wp-json\/wp\/v2\/tags?post=19110"},{"taxonomy":"global-categories","embeddable":true,"href":"https:\/\/www.welovecycling.com\/cs\/wp-json\/wp\/v2\/global-categories?post=19110"}],"curies":[{"name":"wp","href":"https:\/\/api.w.org\/{rel}","templated":true}]}}