{"id":19055,"date":"2022-10-13T18:00:49","date_gmt":"2022-10-13T16:00:49","guid":{"rendered":"https:\/\/www.welovecycling.com\/cs\/?p=19055"},"modified":"2022-10-13T16:13:43","modified_gmt":"2022-10-13T14:13:43","slug":"detsky-vozik-za-kolo-kdy-a-jak-ho-nejlepe-vyuzit","status":"publish","type":"post","link":"https:\/\/www.welovecycling.com\/cs\/2022\/10\/13\/detsky-vozik-za-kolo-kdy-a-jak-ho-nejlepe-vyuzit\/","title":{"rendered":"D\u011btsk\u00fd voz\u00edk za kolo: kdy a jak ho nejl\u00e9pe vyu\u017e\u00edt?"},"content":{"rendered":"<p><strong>Milujete cyklistiku, ale m\u00e1te v rodin\u011b miminko \u010di batole, kter\u00e9 nechcete opou\u0161t\u011bt kv\u016fli hodin\u00e1m v sedle kola. S d\u011btsk\u00fdm voz\u00edkem za kolo v\u0161ak nemus\u00edte d\u011blat kompromisy. V\u00e1\u0161 potomek toti\u017e v absolutn\u00edm pohodl\u00ed a bezpe\u010d\u00ed bude n\u00e1sledovat ka\u017ed\u00e9 va\u0161e \u0161l\u00e1pnut\u00ed do ped\u00e1l\u016f.\u00a0<\/strong><\/p>\n<p>Je jasn\u00e9, \u017ee s p\u0159\u00edchodem potomka se notn\u011b m\u011bn\u00ed \u010dasov\u00e9 mo\u017enosti rodi\u010d\u016f, p\u0159i\u010dem\u017e nejv\u00edce v\u011bt\u0161inou trp\u00ed volno\u010dasov\u00e9 aktivity. S voz\u00edkem za kolo si d\u00e1te dostate\u010dn\u011b do t\u011bla, jen je pot\u0159eba pamatovat na p\u00e1r z\u00e1sadn\u00edch bod\u016f.<\/p>\n<h2><strong>Jak\u00fd voz\u00edk mohu za kolo p\u0159ipojit?<\/strong><\/h2>\n<p>Legislativa hovo\u0159\u00ed jasn\u011b. K j\u00edzdn\u00edmu kolu se sm\u00ed p\u0159ipojit p\u0159\u00edv\u011bsn\u00fd voz\u00edk, kter\u00fd nen\u00ed \u0161ir\u0161\u00ed ne\u017e 90 centimetr\u016f, m\u00e1 na z\u00e1di dv\u011b \u010derven\u00e9 odrazky netroj\u00faheln\u00edkov\u00e9ho tvaru um\u00edst\u011bn\u00e9 co nejbl\u00ed\u017ee k bo\u010dn\u00edm obrys\u016fm voz\u00edku a je spojen s j\u00edzdn\u00edm kolem pevn\u00fdm spojovac\u00edm za\u0159\u00edzen\u00edm.<\/p>\n<p>Zakr\u00fdv\u00e1-li p\u0159\u00edv\u011bsn\u00fd voz\u00edk nebo jeho n\u00e1klad za sn\u00ed\u017een\u00e9 viditelnosti zadn\u00ed obrysov\u00e9 \u010derven\u00e9 sv\u011btlo j\u00edzdn\u00edho kola, mus\u00ed b\u00fdt p\u0159\u00edv\u011bsn\u00fd voz\u00edk opat\u0159en vlevo na z\u00e1di \u010derven\u00fdm neosl\u0148uj\u00edc\u00edm sv\u011btlem.<\/p>\n<div class=\"shortcode-ys-post-pinup\"><article class=\"loop-simple post-18989 post type-post status-publish format-standard has-post-thumbnail hentry category-gravel tag-daniel-oss tag-gianni-vermeersch tag-gravel tag-mathieu-van-der-poel tag-mistrovstvi-sveta tag-ms-v-gravelu tag-pauline-ferrand-prevot tag-peter-sagan tag-zdenek-stybar global-categories-cycling\" data-postid=\"18989\" role=\"article\" data-post-id=\"18989\" data-word-count=\"528\" data-headline-length=\"83\" data-category=\"Gravel\" data-global-category=\"Cycling\" data-author=\"We Love Cycling\" data-published=\"2022-10-10T05:00:40+02:00\" data-published-day=\"Monday\">\n    <div class=\"entry-thumbnail article-thumbnail\" content=\"https:\/\/d2p6e6u75xmxt8.cloudfront.net\/13\/2022\/10\/MS-gravel-2022_13-150x150.webp\"><a href=\"https:\/\/www.welovecycling.com\/cs\/2022\/10\/10\/fotoreportaz-zdenek-stybar-osmy-na-ms-francouzska-kraska-prepsala-dejiny\/\" class=\"image-holder\" target=\"_self\"><img decoding=\"async\" loading=\"lazy\" class=\"\" src=\"https:\/\/d2p6e6u75xmxt8.cloudfront.net\/13\/2022\/10\/MS-gravel-2022_13-1024x682.webp\" srcset=\"https:\/\/d2p6e6u75xmxt8.cloudfront.net\/13\/2022\/10\/MS-gravel-2022_13.webp 2000w, https:\/\/d2p6e6u75xmxt8.cloudfront.net\/13\/2022\/10\/MS-gravel-2022_13-300x200.webp 300w, https:\/\/d2p6e6u75xmxt8.cloudfront.net\/13\/2022\/10\/MS-gravel-2022_13-1024x682.webp 1024w, https:\/\/d2p6e6u75xmxt8.cloudfront.net\/13\/2022\/10\/MS-gravel-2022_13-768x512.webp 768w, https:\/\/d2p6e6u75xmxt8.cloudfront.net\/13\/2022\/10\/MS-gravel-2022_13-1536x1024.webp 1536w, https:\/\/d2p6e6u75xmxt8.cloudfront.net\/13\/2022\/10\/MS-gravel-2022_13-1920x1280.webp 1920w, https:\/\/d2p6e6u75xmxt8.cloudfront.net\/13\/2022\/10\/MS-gravel-2022_13-272x182.webp 272w, https:\/\/d2p6e6u75xmxt8.cloudfront.net\/13\/2022\/10\/MS-gravel-2022_13-1920x1280.webp 1920w\" width=\"1024\" height=\"682\" sizes=\"auto, (min-width: 1200px) 300px, (min-width: 768px) 25vw, 100vw\" alt=\"fotoreportaz-zdenek-stybar-osmy-na-ms-francouzska-kraska-prepsala-dejiny\"\/><\/a><\/div>    <div class=\"entry-meta\">\n        <a class=\"label label-secondary post-category\" href=\"https:\/\/www.welovecycling.com\/cs\/category\/gravel\/\" title=\"Gravel\">Gravel<\/a>\n    <\/div>\n    <div class=\"entry-details\">\n        <a href=\"https:\/\/www.welovecycling.com\/cs\/2022\/10\/10\/fotoreportaz-zdenek-stybar-osmy-na-ms-francouzska-kraska-prepsala-dejiny\/\" class='entry-title-wrapper'>\n            <h3 class=\"entry-title\"><span>FOTOREPORT\u00c1\u017d: Zden\u011bk \u0160tybar osm\u00fd na MS! Francouzsk\u00e1 kr\u00e1ska p\u0159epsala d\u011bjiny<\/span><\/h3>\n        <\/a>\n    <\/div>\n    <\/article>\n<\/div>\n<p>Jsou-li v p\u0159\u00edv\u011bsn\u00e9m voz\u00edku p\u0159epravov\u00e1ny d\u011bti, mus\u00ed b\u00fdt p\u0159\u00edv\u011bsn\u00fd voz\u00edk ozna\u010den \u017elut\u00fdm nebo oran\u017eov\u00fdm praporkem nebo \u0161t\u00edtkem o rozm\u011bru 300 x 300 mm vzty\u010den\u00fdm ve v\u00fd\u0161ce 1200 \u2013 1600 mm nad \u00farovn\u00ed vozovky.<\/p>\n<h2><strong>Kdy m\u016f\u017ee d\u00edt\u011b ve voz\u00edku za\u010d\u00edt jezdit?<\/strong><\/h2>\n<p>Jde o velice individu\u00e1ln\u00ed z\u00e1le\u017eitost. Mimino m\u016f\u017ee ve voz\u00edku sp\u00e1t, proto\u017ee v\u011bt\u0161ina voz\u00edk\u016f m\u00e1 v polohovateln\u00fdch seda\u010dk\u00e1ch perfektn\u00ed polstrov\u00e1n\u00ed, tud\u00ed\u017e bez ohledu na stav cesty, kterou bude br\u00e1zdit, bude d\u00edt\u011b ve stabiln\u00ed pozici. Ka\u017ed\u00fd voz\u00edk m\u00e1 nav\u00edc bezpe\u010dnostn\u00ed p\u00e1sy, tak\u017ee nen\u00ed t\u0159eba se strachovat, \u017ee batole bude \u201eposkakovat\u201c vlivem nerovnost\u00ed. \u017d\u00e1dn\u00e9 voz\u00edky naopak nenab\u00edz\u00ed lehac\u00ed polohu s ohledem na nulovou mo\u017enost p\u0159ipoutat d\u00edt\u011b.<\/p>\n<figure id=\"attachment_19060\" aria-describedby=\"caption-attachment-19060\" style=\"width: 1800px\" class=\"wp-caption alignnone\"><a href=\"https:\/\/d2p6e6u75xmxt8.cloudfront.net\/13\/2022\/10\/chariot-profimedia-0630176285.jpg\"><img loading=\"lazy\" decoding=\"async\" class=\"size-full wp-image-19060\" src=\"https:\/\/d2p6e6u75xmxt8.cloudfront.net\/13\/2022\/10\/chariot-profimedia-0630176285.jpg\" alt=\"D\u011btsk\u00fd voz\u00edk \" width=\"1800\" height=\"1200\" \/><\/a><figcaption id=\"caption-attachment-19060\" class=\"wp-caption-text\"><em>D\u011btsk\u00fd voz\u00edk se hod\u00ed na jak\u00fdkoliv povrch, a\u0165 u\u017e jde o asfaltovou silnici nebo lesn\u00ed stezku. Foto: profimedia (3x)<\/em><\/figcaption><\/figure>\n<p>V\u0161echny voz\u00edky jsou vybaveny clonami, kter\u00e9 d\u011bti chr\u00e1n\u00ed p\u0159ed sluncem, v\u011btrem, hmyzem a de\u0161t\u011bm. Obecn\u00e9 doporu\u010den\u00ed je vozit miminko nejd\u0159\u00edve od okam\u017eiku, kdy samo udr\u017e\u00ed hlavi\u010dku. Ale nen\u00ed d\u016fvod sp\u011bchat. Pokud si nejste jist\u00ed, dop\u0159ejte miminku i sob\u011b \u010das.<\/p>\n<h2><strong>Jak dlouho m\u016f\u017ee d\u00edt\u011b voz\u00edk pou\u017e\u00edvat?<\/strong><\/h2>\n<p>V tomto p\u0159\u00edpad\u011b se \u0159i\u010fte radami v\u00fdrobce. Rozptyl je hodn\u011b velk\u00fd, z\u00e1le\u017e\u00ed na pou\u017eit\u00ed materi\u00e1l\u016f v jednotliv\u00fdch voz\u00edc\u00edch. V\u011bt\u0161ina z nich m\u00e1 limit nastaven\u00fd v podob\u011b v\u00e1hy a v\u00fd\u0161ky, nikoli v\u011bku.<\/p>\n<div class=\"shortcode-ys-post-pinup\"><article class=\"loop-simple post-18964 post type-post status-publish format-standard has-post-thumbnail hentry category-rady-tipy tag-cyklistika tag-horska-cyklistika tag-jak-vybrat-kolo tag-outfindo tag-silnicni-cyklistika global-categories-cycling\" data-postid=\"18964\" role=\"article\" data-post-id=\"18964\" data-word-count=\"406\" data-headline-length=\"37\" data-category=\"Rady &amp; tipy\" data-global-category=\"Cycling\" data-author=\"We Love Cycling\" data-published=\"2022-10-11T10:37:44+02:00\" data-published-day=\"Tuesday\">\n    <div class=\"entry-thumbnail article-thumbnail\" content=\"https:\/\/d2p6e6u75xmxt8.cloudfront.net\/13\/2022\/10\/outfindo-titul-150x150.webp\"><a href=\"https:\/\/www.welovecycling.com\/cs\/2022\/10\/11\/outfindo-jak-vybrat-kolo-za-4-minuty\/\" class=\"image-holder\" target=\"_self\"><img decoding=\"async\" loading=\"lazy\" class=\"\" src=\"https:\/\/d2p6e6u75xmxt8.cloudfront.net\/13\/2022\/10\/outfindo-titul.webp\" srcset=\"https:\/\/d2p6e6u75xmxt8.cloudfront.net\/13\/2022\/10\/outfindo-titul.webp 640w, https:\/\/d2p6e6u75xmxt8.cloudfront.net\/13\/2022\/10\/outfindo-titul-300x225.webp 300w\" width=\"640\" height=\"480\" sizes=\"auto, (min-width: 1200px) 300px, (min-width: 768px) 25vw, 100vw\" alt=\"outfindo-jak-vybrat-kolo-za-4-minuty\"\/><\/a><\/div>    <div class=\"entry-meta\">\n        <a class=\"label label-secondary post-category\" href=\"https:\/\/www.welovecycling.com\/cs\/category\/rady-tipy\/\" title=\"Rady &amp; tipy\">Rady &amp; tipy<\/a>\n    <\/div>\n    <div class=\"entry-details\">\n        <a href=\"https:\/\/www.welovecycling.com\/cs\/2022\/10\/11\/outfindo-jak-vybrat-kolo-za-4-minuty\/\" class='entry-title-wrapper'>\n            <h3 class=\"entry-title\"><span>OUTFINDO: Jak vybrat kolo za 4 minuty<\/span><\/h3>\n        <\/a>\n    <\/div>\n    <\/article>\n<\/div>\n<p>V\u011bt\u0161inou se jako maxim\u00e1ln\u00ed v\u00fd\u0161ka d\u00edt\u011bte uv\u00e1d\u00ed 125-130 centimetr\u016f nebo maxim\u00e1ln\u00ed v\u00e1ha 32 kilogram\u016f. N\u011bkter\u00e9 voz\u00edky jsou uzp\u016fsobeny na p\u0159epravu dvou d\u011bt\u00ed, pak je samoz\u0159ejm\u011b t\u0159eba db\u00e1t na dal\u0161\u00ed omezen\u00ed.<\/p>\n<h2><strong>Pro\u010d volit voz\u00edk?<\/strong><\/h2>\n<p>Hodn\u011b cyklist\u016f \u0159e\u0161\u00ed, zda je lep\u0161\u00ed d\u011btsk\u00e1 seda\u010dka nebo p\u0159\u00edv\u011bsn\u00fd voz\u00edk. Ten v\u00e1\u017e\u00ed od 10 do 17 kilogram\u016f. Ale z\u00e1sadn\u00ed v\u00fdhodou je, \u017ee p\u0159i zachycen\u00ed na zadn\u00ed osu j\u00edzdn\u00edho kola se nijak dramaticky nem\u011bn\u00ed t\u011b\u017ei\u0161t\u011b, co\u017e je z\u00e1sadn\u00ed probl\u00e9m u cykloseda\u010dek. Nav\u00edc v p\u0159\u00edpad\u011b batolat samoz\u0159ejm\u011b d\u00edt\u011b m\u016f\u017ee ve voz\u00edku sp\u00e1t, ani\u017e by mu jako v cykloseda\u010dce padala hlava do v\u0161ech stran. A zna\u010dnou v\u00fdhodou je, \u017ee nemus\u00ed m\u00edt ve voz\u00edku p\u0159ilbu.<\/p>\n<h2><strong>Kde mohu s voz\u00edkem jezdit?<\/strong><\/h2>\n<p>Z\u00e1le\u017e\u00ed na fyzick\u00e9 kondici rodi\u010d\u016f, proto\u017ee dne\u0161n\u00ed voz\u00edky maj\u00ed velice kvalitn\u00ed odpru\u017een\u00ed, n\u011bkter\u00e9 dokonce nastaviteln\u00e9 podle zvolen\u00e9 trasy, tud\u00ed\u017e zvl\u00e1dnou i nerovnosti na poln\u00edch \u010di lesn\u00edch cest\u00e1ch. P\u0159i v\u00fdb\u011bru naraz\u00edte na mo\u017enost pry\u017eov\u00e9ho \u010di listov\u00e9ho odpru\u017een\u00ed, kter\u00e9 je sice n\u00e1kladn\u011bj\u0161\u00ed, ale mnohem efektivn\u011bj\u0161\u00ed.<\/p>\n<figure id=\"attachment_19062\" aria-describedby=\"caption-attachment-19062\" style=\"width: 1800px\" class=\"wp-caption alignnone\"><a href=\"https:\/\/d2p6e6u75xmxt8.cloudfront.net\/13\/2022\/10\/detsky-vozik-profimedia-0339767017.jpg\"><img loading=\"lazy\" decoding=\"async\" class=\"size-full wp-image-19062\" src=\"https:\/\/d2p6e6u75xmxt8.cloudfront.net\/13\/2022\/10\/detsky-vozik-profimedia-0339767017.jpg\" alt=\"D\u011btsk\u00fd voz\u00edk \" width=\"1800\" height=\"1200\" \/><\/a><figcaption id=\"caption-attachment-19062\" class=\"wp-caption-text\"><em>D\u011btsk\u00fd voz\u00edk pro dv\u011b ratolesti a kolo osazen\u00e9 d\u011btskou seda\u010dkou? I to je zp\u016fsob p\u0159epravy&#8230;<\/em><\/figcaption><\/figure>\n<p>Obecn\u00e9 doporu\u010den\u00ed ohledn\u011b u\u017eit\u00ed cest uv\u00e1d\u011bn\u00e9 dokonce i v legislativ\u011b zn\u00ed vyhnout se, pokud to nen\u00ed nezbytn\u011b nutn\u00e9, silnic\u00edm. Nicm\u00e9n\u011b i v tomto p\u0159\u00edpad\u011b z\u00e1le\u017e\u00ed na volb\u011b ka\u017ed\u00e9ho z cyklist\u016f, kter\u00fd m\u00e1 voz\u00edk p\u0159ipojen\u00fd ke sv\u00e9mu kolu, kam si troufne a uzn\u00e1 za vhodn\u00e9, kdy je jeho d\u00edt\u011b v bezpe\u010d\u00ed a kdy jde o zbyte\u010dn\u00fd hazard.<\/p>\n<h2><strong>Co budete pot\u0159ebovat?<\/strong><\/h2>\n<p>A\u017e budete voz\u00edk kupovat, a\u0165 u\u017e nov\u00fd nebo bazarov\u00fd, v\u017edy m\u011bjte na pam\u011bti, \u017ee sou\u010d\u00e1st\u00ed v\u00fdbavy mus\u00ed b\u00fdt cyklistick\u00fd set. V\u011bt\u0161ina v\u00fdrobc\u016f jej m\u00e1 v z\u00e1kladn\u00ed sad\u011b, ale nen\u00ed od v\u011bci se ujistit. V\u011bt\u0161\u00ed pozornost je t\u0159eba v\u011bnovat sp\u00ed\u0161e syst\u00e9mu p\u0159ipojen\u00ed ke kolu, respektive zadn\u00ed ose kola, za n\u00edm\u017e bude voz\u00edk p\u0159ipevn\u011bn. Velmi pravd\u011bpodobn\u011b budete pot\u0159ebovat adapt\u00e9r.<\/p>\n<div class=\"shortcode-ys-post-pinup\"><article class=\"loop-simple post-18899 post type-post status-publish format-standard has-post-thumbnail hentry category-rady-tipy tag-cena-kola tag-cyklistika tag-horska-cyklistika tag-jak-prodat-kolo tag-nakup-kola tag-ocista-kola tag-silnicni-cyklistika tag-trenink global-categories-cycling\" data-postid=\"18899\" role=\"article\" data-post-id=\"18899\" data-word-count=\"476\" data-headline-length=\"49\" data-category=\"Rady &amp; tipy\" data-global-category=\"Cycling\" data-author=\"We Love Cycling\" data-published=\"2022-09-29T09:00:31+02:00\" data-published-day=\"Thursday\">\n    <div class=\"entry-thumbnail article-thumbnail\" content=\"https:\/\/d2p6e6u75xmxt8.cloudfront.net\/13\/2022\/05\/olej-retez-cerveny-2-150x150.webp\"><a href=\"https:\/\/www.welovecycling.com\/cs\/2022\/09\/29\/jak-vysponovat-cenu-kola-kdyz-ho-chcete-prodat\/\" class=\"image-holder\" target=\"_self\"><img decoding=\"async\" loading=\"lazy\" class=\"\" src=\"https:\/\/d2p6e6u75xmxt8.cloudfront.net\/13\/2022\/05\/olej-retez-cerveny-2-1024x682.webp\" srcset=\"https:\/\/d2p6e6u75xmxt8.cloudfront.net\/13\/2022\/05\/olej-retez-cerveny-2.webp 2000w, https:\/\/d2p6e6u75xmxt8.cloudfront.net\/13\/2022\/05\/olej-retez-cerveny-2-300x200.webp 300w, https:\/\/d2p6e6u75xmxt8.cloudfront.net\/13\/2022\/05\/olej-retez-cerveny-2-1024x682.webp 1024w, https:\/\/d2p6e6u75xmxt8.cloudfront.net\/13\/2022\/05\/olej-retez-cerveny-2-768x512.webp 768w, https:\/\/d2p6e6u75xmxt8.cloudfront.net\/13\/2022\/05\/olej-retez-cerveny-2-1536x1024.webp 1536w, https:\/\/d2p6e6u75xmxt8.cloudfront.net\/13\/2022\/05\/olej-retez-cerveny-2-1920x1280.webp 1920w, https:\/\/d2p6e6u75xmxt8.cloudfront.net\/13\/2022\/05\/olej-retez-cerveny-2-272x182.webp 272w, https:\/\/d2p6e6u75xmxt8.cloudfront.net\/13\/2022\/05\/olej-retez-cerveny-2-1920x1280.webp 1920w\" width=\"1024\" height=\"682\" sizes=\"auto, (min-width: 1200px) 300px, (min-width: 768px) 25vw, 100vw\" alt=\"jak-vysponovat-cenu-kola-kdyz-ho-chcete-prodat\"\/><\/a><\/div>    <div class=\"entry-meta\">\n        <a class=\"label label-secondary post-category\" href=\"https:\/\/www.welovecycling.com\/cs\/category\/rady-tipy\/\" title=\"Rady &amp; tipy\">Rady &amp; tipy<\/a>\n    <\/div>\n    <div class=\"entry-details\">\n        <a href=\"https:\/\/www.welovecycling.com\/cs\/2022\/09\/29\/jak-vysponovat-cenu-kola-kdyz-ho-chcete-prodat\/\" class='entry-title-wrapper'>\n            <h3 class=\"entry-title\"><span>Jak vy\u0161ponovat cenu kola, kdy\u017e ho chcete prodat<\/span><\/h3>\n        <\/a>\n    <\/div>\n    <\/article>\n<\/div>\n<p>Voz\u00edk sou\u010dasn\u011b nemus\u00ed slou\u017eit jen pro cyklistick\u00e9 radov\u00e1nky. Pokud se rozhodnete investovat v\u00edce financ\u00ed, m\u016f\u017eete si po\u0159\u00eddit i ly\u017ea\u0159sk\u00fd \u010di b\u011b\u017eeck\u00fd set a voz\u00edk vyu\u017e\u00edvat i v okam\u017eiku, kdy nejsou klimatick\u00e9 podm\u00ednky k cyklistice zrovna nejp\u0159\u00edv\u011btiv\u011bj\u0161\u00ed.<\/p>\n<p>Ale i tady plat\u00ed pravidlo, \u017ee neexistuje \u0161patn\u00e9 po\u010das\u00ed, jen \u0161patn\u011b oble\u010den\u00fd cyklista. V\u011bt\u0161ina voz\u00edk\u016f m\u00e1 toti\u017e pl\u00e1\u0161t\u011bnky, tak\u017ee miminko z\u016fstane v suchu. A d\u00edky mo\u017enosti odv\u011btr\u00e1n\u00ed ve voz\u00edku po\u0159\u00e1d cirkuluje vzduch.<\/p>\n","protected":false},"excerpt":{"rendered":"<p>Milujete cyklistiku, ale m\u00e1te v rodin\u011b miminko \u010di batole, kter\u00e9 nechcete opou\u0161t\u011bt kv\u016fli hodin\u00e1m v sedle kola. S d\u011btsk\u00fdm voz\u00edkem [&hellip;]<\/p>\n","protected":false},"author":138,"featured_media":19061,"comment_status":"open","ping_status":"open","sticky":false,"template":"","format":"standard","meta":{"footnotes":""},"categories":[15],"tags":[13,126,2624,56,9,27,67],"global-categories":[411],"class_list":["post-19055","post","type-post","status-publish","format-standard","has-post-thumbnail","hentry","category-rady-tipy","tag-bezpecnost","tag-cyklistika","tag-detsky-vozik-za-kolo","tag-horska-cyklistika","tag-silnicni-cyklistika","tag-trenink","tag-zdravi-a-trenink","global-categories-cycling"],"yoast_head":"<!-- This site is optimized with the Yoast SEO Premium plugin v25.3 (Yoast SEO v25.9) - https:\/\/yoast.com\/wordpress\/plugins\/seo\/ -->\n<title>D\u011btsk\u00fd voz\u00edk za kolo: kdy a jak ho nejl\u00e9pe vyu\u017e\u00edt? | \u0160koda We Love Cycling - \u010cesk\u00e1 republika<\/title>\n<meta name=\"description\" content=\"Milujete cyklistiku, ale m\u00e1te v rodin\u011b miminko \u010di batole, kter\u00e9 nechcete opou\u0161t\u011bt kv\u016fli hodin\u00e1m v sedle kola. S d\u011btsk\u00fdm voz\u00edkem za kolo v\u0161ak nemus\u00edte d\u011blat kompromisy. V\u00e1\u0161 potomek toti\u017e v absolutn\u00edm pohodl\u00ed a bezpe\u010d\u00ed bude n\u00e1sledovat ka\u017ed\u00e9 va\u0161e \u0161l\u00e1pnut\u00ed do ped\u00e1l\u016f.\u00a0\" \/>\n<meta name=\"robots\" content=\"index, follow, max-snippet:-1, max-image-preview:large, max-video-preview:-1\" \/>\n<link rel=\"canonical\" href=\"https:\/\/www.welovecycling.com\/cs\/2022\/10\/13\/detsky-vozik-za-kolo-kdy-a-jak-ho-nejlepe-vyuzit\/\" \/>\n<meta property=\"og:locale\" content=\"cs_CZ\" \/>\n<meta property=\"og:type\" content=\"article\" \/>\n<meta property=\"og:title\" content=\"D\u011btsk\u00fd voz\u00edk za kolo: kdy a jak ho nejl\u00e9pe vyu\u017e\u00edt?\" \/>\n<meta property=\"og:description\" content=\"Milujete cyklistiku, ale m\u00e1te v rodin\u011b miminko \u010di batole, kter\u00e9 nechcete opou\u0161t\u011bt kv\u016fli hodin\u00e1m v sedle kola. S d\u011btsk\u00fdm voz\u00edkem za kolo v\u0161ak nemus\u00edte d\u011blat kompromisy. V\u00e1\u0161 potomek toti\u017e v absolutn\u00edm pohodl\u00ed a bezpe\u010d\u00ed bude n\u00e1sledovat ka\u017ed\u00e9 va\u0161e \u0161l\u00e1pnut\u00ed do ped\u00e1l\u016f.\u00a0\" \/>\n<meta property=\"og:url\" content=\"https:\/\/www.welovecycling.com\/cs\/2022\/10\/13\/detsky-vozik-za-kolo-kdy-a-jak-ho-nejlepe-vyuzit\/\" \/>\n<meta property=\"og:site_name\" content=\"\u0160koda We Love Cycling - \u010cesk\u00e1 republika\" \/>\n<meta property=\"article:published_time\" content=\"2022-10-13T16:00:49+00:00\" \/>\n<meta property=\"og:image\" content=\"https:\/\/d2p6e6u75xmxt8.cloudfront.net\/13\/2022\/10\/chariot-profimedia-0658535671.webp\" \/>\n\t<meta property=\"og:image:width\" content=\"1800\" \/>\n\t<meta property=\"og:image:height\" content=\"1200\" \/>\n\t<meta property=\"og:image:type\" content=\"image\/webp\" \/>\n<meta name=\"author\" content=\"radekmalina\" \/>\n<meta name=\"twitter:card\" content=\"summary_large_image\" \/>\n<meta name=\"twitter:label1\" content=\"Written by\" \/>\n\t<meta name=\"twitter:data1\" content=\"We Love Cycling\" \/>\n\t<meta name=\"twitter:label2\" content=\"Est. reading time\" \/>\n\t<meta name=\"twitter:data2\" content=\"5\" \/>\n<script type=\"application\/ld+json\" class=\"yoast-schema-graph\">{\"@context\":\"https:\/\/schema.org\",\"@graph\":[{\"@type\":\"WebPage\",\"@id\":\"https:\/\/www.welovecycling.com\/cs\/2022\/10\/13\/detsky-vozik-za-kolo-kdy-a-jak-ho-nejlepe-vyuzit\/\",\"url\":\"https:\/\/www.welovecycling.com\/cs\/2022\/10\/13\/detsky-vozik-za-kolo-kdy-a-jak-ho-nejlepe-vyuzit\/\",\"name\":\"D\u011btsk\u00fd voz\u00edk za kolo: kdy a jak ho nejl\u00e9pe vyu\u017e\u00edt? | \u0160koda We Love Cycling - \u010cesk\u00e1 republika\",\"isPartOf\":{\"@id\":\"https:\/\/www.welovecycling.com\/cs\/#website\"},\"primaryImageOfPage\":{\"@id\":\"https:\/\/www.welovecycling.com\/cs\/2022\/10\/13\/detsky-vozik-za-kolo-kdy-a-jak-ho-nejlepe-vyuzit\/#primaryimage\"},\"image\":{\"@id\":\"https:\/\/www.welovecycling.com\/cs\/2022\/10\/13\/detsky-vozik-za-kolo-kdy-a-jak-ho-nejlepe-vyuzit\/#primaryimage\"},\"thumbnailUrl\":\"https:\/\/d2p6e6u75xmxt8.cloudfront.net\/13\/2022\/10\/chariot-profimedia-0658535671.webp\",\"datePublished\":\"2022-10-13T16:00:49+00:00\",\"author\":{\"@id\":\"https:\/\/www.welovecycling.com\/cs\/#\/schema\/person\/d9eeb0a378f3a7e4a6d12d2b536b04b8\"},\"description\":\"Milujete cyklistiku, ale m\u00e1te v rodin\u011b miminko \u010di batole, kter\u00e9 nechcete opou\u0161t\u011bt kv\u016fli hodin\u00e1m v sedle kola. S d\u011btsk\u00fdm voz\u00edkem za kolo v\u0161ak nemus\u00edte d\u011blat kompromisy. V\u00e1\u0161 potomek toti\u017e v absolutn\u00edm pohodl\u00ed a bezpe\u010d\u00ed bude n\u00e1sledovat ka\u017ed\u00e9 va\u0161e \u0161l\u00e1pnut\u00ed do ped\u00e1l\u016f.\u00a0\",\"inLanguage\":\"cs\",\"potentialAction\":[{\"@type\":\"ReadAction\",\"target\":[\"https:\/\/www.welovecycling.com\/cs\/2022\/10\/13\/detsky-vozik-za-kolo-kdy-a-jak-ho-nejlepe-vyuzit\/\"]}]},{\"@type\":\"ImageObject\",\"inLanguage\":\"cs\",\"@id\":\"https:\/\/www.welovecycling.com\/cs\/2022\/10\/13\/detsky-vozik-za-kolo-kdy-a-jak-ho-nejlepe-vyuzit\/#primaryimage\",\"url\":\"https:\/\/d2p6e6u75xmxt8.cloudfront.net\/13\/2022\/10\/chariot-profimedia-0658535671.webp\",\"contentUrl\":\"https:\/\/d2p6e6u75xmxt8.cloudfront.net\/13\/2022\/10\/chariot-profimedia-0658535671.webp\",\"width\":1800,\"height\":1200,\"caption\":\"mom go on a bike and transport her son to a children bike trailer in the autumn,Image: 658535671, License: Royalty-free, Restrictions: , Model Release: yes\"},{\"@type\":\"WebSite\",\"@id\":\"https:\/\/www.welovecycling.com\/cs\/#website\",\"url\":\"https:\/\/www.welovecycling.com\/cs\/\",\"name\":\"\u0160koda We Love Cycling - \u010cesk\u00e1 republika\",\"description\":\"WeLoveCycling.cz je online magaz\u00edn, kter\u00fd v\u00e1m pravideln\u011b p\u0159in\u00e1\u0161\u00ed rady a tipy, zaj\u00edmav\u00e9 \u010dl\u00e1nky, videa a jedine\u010dn\u00e9 report\u00e1\u017ee ze sv\u011bta cyklistiky.\",\"potentialAction\":[{\"@type\":\"SearchAction\",\"target\":{\"@type\":\"EntryPoint\",\"urlTemplate\":\"https:\/\/www.welovecycling.com\/cs\/?s={search_term_string}\"},\"query-input\":{\"@type\":\"PropertyValueSpecification\",\"valueRequired\":true,\"valueName\":\"search_term_string\"}}],\"inLanguage\":\"cs\"},{\"@type\":\"Person\",\"@id\":\"https:\/\/www.welovecycling.com\/cs\/#\/schema\/person\/d9eeb0a378f3a7e4a6d12d2b536b04b8\",\"name\":\"radekmalina\",\"image\":{\"@type\":\"ImageObject\",\"inLanguage\":\"cs\",\"@id\":\"https:\/\/www.welovecycling.com\/cs\/#\/schema\/person\/image\/\",\"url\":\"https:\/\/secure.gravatar.com\/avatar\/66994b632cb8c39a46b9f54afa3ae07201b678d32a54275b6f1c9ffec356bfc0?s=96&d=mm&r=g\",\"contentUrl\":\"https:\/\/secure.gravatar.com\/avatar\/66994b632cb8c39a46b9f54afa3ae07201b678d32a54275b6f1c9ffec356bfc0?s=96&d=mm&r=g\",\"caption\":\"radekmalina\"},\"url\":\"https:\/\/www.welovecycling.com\/cs\/author\/radekmalina\/\"}]}<\/script>\n<!-- \/ Yoast SEO Premium plugin. -->","yoast_head_json":{"title":"D\u011btsk\u00fd voz\u00edk za kolo: kdy a jak ho nejl\u00e9pe vyu\u017e\u00edt? | \u0160koda We Love Cycling - \u010cesk\u00e1 republika","description":"Milujete cyklistiku, ale m\u00e1te v rodin\u011b miminko \u010di batole, kter\u00e9 nechcete opou\u0161t\u011bt kv\u016fli hodin\u00e1m v sedle kola. S d\u011btsk\u00fdm voz\u00edkem za kolo v\u0161ak nemus\u00edte d\u011blat kompromisy. V\u00e1\u0161 potomek toti\u017e v absolutn\u00edm pohodl\u00ed a bezpe\u010d\u00ed bude n\u00e1sledovat ka\u017ed\u00e9 va\u0161e \u0161l\u00e1pnut\u00ed do ped\u00e1l\u016f.\u00a0","robots":{"index":"index","follow":"follow","max-snippet":"max-snippet:-1","max-image-preview":"max-image-preview:large","max-video-preview":"max-video-preview:-1"},"canonical":"https:\/\/www.welovecycling.com\/cs\/2022\/10\/13\/detsky-vozik-za-kolo-kdy-a-jak-ho-nejlepe-vyuzit\/","og_locale":"cs_CZ","og_type":"article","og_title":"D\u011btsk\u00fd voz\u00edk za kolo: kdy a jak ho nejl\u00e9pe vyu\u017e\u00edt?","og_description":"Milujete cyklistiku, ale m\u00e1te v rodin\u011b miminko \u010di batole, kter\u00e9 nechcete opou\u0161t\u011bt kv\u016fli hodin\u00e1m v sedle kola. S d\u011btsk\u00fdm voz\u00edkem za kolo v\u0161ak nemus\u00edte d\u011blat kompromisy. V\u00e1\u0161 potomek toti\u017e v absolutn\u00edm pohodl\u00ed a bezpe\u010d\u00ed bude n\u00e1sledovat ka\u017ed\u00e9 va\u0161e \u0161l\u00e1pnut\u00ed do ped\u00e1l\u016f.\u00a0","og_url":"https:\/\/www.welovecycling.com\/cs\/2022\/10\/13\/detsky-vozik-za-kolo-kdy-a-jak-ho-nejlepe-vyuzit\/","og_site_name":"\u0160koda We Love Cycling - \u010cesk\u00e1 republika","article_published_time":"2022-10-13T16:00:49+00:00","og_image":[{"width":1800,"height":1200,"url":"https:\/\/d2p6e6u75xmxt8.cloudfront.net\/13\/2022\/10\/chariot-profimedia-0658535671.webp","type":"image\/webp"}],"author":"radekmalina","twitter_card":"summary_large_image","twitter_misc":{"Written by":"We Love Cycling","Est. reading time":"5"},"schema":{"@context":"https:\/\/schema.org","@graph":[{"@type":"WebPage","@id":"https:\/\/www.welovecycling.com\/cs\/2022\/10\/13\/detsky-vozik-za-kolo-kdy-a-jak-ho-nejlepe-vyuzit\/","url":"https:\/\/www.welovecycling.com\/cs\/2022\/10\/13\/detsky-vozik-za-kolo-kdy-a-jak-ho-nejlepe-vyuzit\/","name":"D\u011btsk\u00fd voz\u00edk za kolo: kdy a jak ho nejl\u00e9pe vyu\u017e\u00edt? | \u0160koda We Love Cycling - \u010cesk\u00e1 republika","isPartOf":{"@id":"https:\/\/www.welovecycling.com\/cs\/#website"},"primaryImageOfPage":{"@id":"https:\/\/www.welovecycling.com\/cs\/2022\/10\/13\/detsky-vozik-za-kolo-kdy-a-jak-ho-nejlepe-vyuzit\/#primaryimage"},"image":{"@id":"https:\/\/www.welovecycling.com\/cs\/2022\/10\/13\/detsky-vozik-za-kolo-kdy-a-jak-ho-nejlepe-vyuzit\/#primaryimage"},"thumbnailUrl":"https:\/\/d2p6e6u75xmxt8.cloudfront.net\/13\/2022\/10\/chariot-profimedia-0658535671.webp","datePublished":"2022-10-13T16:00:49+00:00","author":{"@id":"https:\/\/www.welovecycling.com\/cs\/#\/schema\/person\/d9eeb0a378f3a7e4a6d12d2b536b04b8"},"description":"Milujete cyklistiku, ale m\u00e1te v rodin\u011b miminko \u010di batole, kter\u00e9 nechcete opou\u0161t\u011bt kv\u016fli hodin\u00e1m v sedle kola. S d\u011btsk\u00fdm voz\u00edkem za kolo v\u0161ak nemus\u00edte d\u011blat kompromisy. V\u00e1\u0161 potomek toti\u017e v absolutn\u00edm pohodl\u00ed a bezpe\u010d\u00ed bude n\u00e1sledovat ka\u017ed\u00e9 va\u0161e \u0161l\u00e1pnut\u00ed do ped\u00e1l\u016f.\u00a0","inLanguage":"cs","potentialAction":[{"@type":"ReadAction","target":["https:\/\/www.welovecycling.com\/cs\/2022\/10\/13\/detsky-vozik-za-kolo-kdy-a-jak-ho-nejlepe-vyuzit\/"]}]},{"@type":"ImageObject","inLanguage":"cs","@id":"https:\/\/www.welovecycling.com\/cs\/2022\/10\/13\/detsky-vozik-za-kolo-kdy-a-jak-ho-nejlepe-vyuzit\/#primaryimage","url":"https:\/\/d2p6e6u75xmxt8.cloudfront.net\/13\/2022\/10\/chariot-profimedia-0658535671.webp","contentUrl":"https:\/\/d2p6e6u75xmxt8.cloudfront.net\/13\/2022\/10\/chariot-profimedia-0658535671.webp","width":1800,"height":1200,"caption":"mom go on a bike and transport her son to a children bike trailer in the autumn,Image: 658535671, License: Royalty-free, Restrictions: , Model Release: yes"},{"@type":"WebSite","@id":"https:\/\/www.welovecycling.com\/cs\/#website","url":"https:\/\/www.welovecycling.com\/cs\/","name":"\u0160koda We Love Cycling - \u010cesk\u00e1 republika","description":"WeLoveCycling.cz je online magaz\u00edn, kter\u00fd v\u00e1m pravideln\u011b p\u0159in\u00e1\u0161\u00ed rady a tipy, zaj\u00edmav\u00e9 \u010dl\u00e1nky, videa a jedine\u010dn\u00e9 report\u00e1\u017ee ze sv\u011bta cyklistiky.","potentialAction":[{"@type":"SearchAction","target":{"@type":"EntryPoint","urlTemplate":"https:\/\/www.welovecycling.com\/cs\/?s={search_term_string}"},"query-input":{"@type":"PropertyValueSpecification","valueRequired":true,"valueName":"search_term_string"}}],"inLanguage":"cs"},{"@type":"Person","@id":"https:\/\/www.welovecycling.com\/cs\/#\/schema\/person\/d9eeb0a378f3a7e4a6d12d2b536b04b8","name":"radekmalina","image":{"@type":"ImageObject","inLanguage":"cs","@id":"https:\/\/www.welovecycling.com\/cs\/#\/schema\/person\/image\/","url":"https:\/\/secure.gravatar.com\/avatar\/66994b632cb8c39a46b9f54afa3ae07201b678d32a54275b6f1c9ffec356bfc0?s=96&d=mm&r=g","contentUrl":"https:\/\/secure.gravatar.com\/avatar\/66994b632cb8c39a46b9f54afa3ae07201b678d32a54275b6f1c9ffec356bfc0?s=96&d=mm&r=g","caption":"radekmalina"},"url":"https:\/\/www.welovecycling.com\/cs\/author\/radekmalina\/"}]}},"_links":{"self":[{"href":"https:\/\/www.welovecycling.com\/cs\/wp-json\/wp\/v2\/posts\/19055","targetHints":{"allow":["GET"]}}],"collection":[{"href":"https:\/\/www.welovecycling.com\/cs\/wp-json\/wp\/v2\/posts"}],"about":[{"href":"https:\/\/www.welovecycling.com\/cs\/wp-json\/wp\/v2\/types\/post"}],"author":[{"embeddable":true,"href":"https:\/\/www.welovecycling.com\/cs\/wp-json\/wp\/v2\/users\/138"}],"replies":[{"embeddable":true,"href":"https:\/\/www.welovecycling.com\/cs\/wp-json\/wp\/v2\/comments?post=19055"}],"version-history":[{"count":2,"href":"https:\/\/www.welovecycling.com\/cs\/wp-json\/wp\/v2\/posts\/19055\/revisions"}],"predecessor-version":[{"id":19065,"href":"https:\/\/www.welovecycling.com\/cs\/wp-json\/wp\/v2\/posts\/19055\/revisions\/19065"}],"wp:featuredmedia":[{"embeddable":true,"href":"https:\/\/www.welovecycling.com\/cs\/wp-json\/wp\/v2\/media\/19061"}],"wp:attachment":[{"href":"https:\/\/www.welovecycling.com\/cs\/wp-json\/wp\/v2\/media?parent=19055"}],"wp:term":[{"taxonomy":"category","embeddable":true,"href":"https:\/\/www.welovecycling.com\/cs\/wp-json\/wp\/v2\/categories?post=19055"},{"taxonomy":"post_tag","embeddable":true,"href":"https:\/\/www.welovecycling.com\/cs\/wp-json\/wp\/v2\/tags?post=19055"},{"taxonomy":"global-categories","embeddable":true,"href":"https:\/\/www.welovecycling.com\/cs\/wp-json\/wp\/v2\/global-categories?post=19055"}],"curies":[{"name":"wp","href":"https:\/\/api.w.org\/{rel}","templated":true}]}}