{"id":18994,"date":"2022-10-11T17:00:10","date_gmt":"2022-10-11T15:00:10","guid":{"rendered":"https:\/\/www.welovecycling.com\/cs\/?p=18994"},"modified":"2022-10-11T12:31:34","modified_gmt":"2022-10-11T10:31:34","slug":"filippo-ganna-trpel-jako-zvire-podruhe-uz-by-do-hodinovky-nesel","status":"publish","type":"post","link":"https:\/\/www.welovecycling.com\/cs\/2022\/10\/11\/filippo-ganna-trpel-jako-zvire-podruhe-uz-by-do-hodinovky-nesel\/","title":{"rendered":"Filippo Ganna a jeho nadlidsk\u00fd v\u00fdkon na kole za 2 miliony p\u0159inesl sv\u011btov\u00fd rekord"},"content":{"rendered":"<p><strong>Fenomen\u00e1ln\u00ed v\u00fdkon! Ital Filippo Ganna p\u0159epsal d\u011bjiny cyklistiky, kdy\u017e za hodinu v sedle kola posunul hranici sv\u011btov\u00e9ho rekordu na obdivuhodn\u00fdch 56,792 kilometr\u016f! Neuv\u011b\u0159itelnou porci zvl\u00e1dl za \u0161edes\u00e1t minut j\u00edzdy na dr\u00e1ze ve \u0161v\u00fdcarsk\u00e9m Grenchenu.<\/strong><\/p>\n<p>\u0160estadvacetilet\u00fd Ital, fam\u00f3zn\u00ed \u010dasovk\u00e1\u0159, p\u0159ekonal nejen st\u00e1vaj\u00edc\u00ed maximum Brita Dana Bighama (55,548 km) ze srpna 2022!<\/p>\n<h2><strong>Speci\u00e1ly zak\u00e1zala UCI<\/strong><\/h2>\n<p>V\u00fdkon in\u017een\u00fdra t\u00fdmu Ineos a sou\u010dans\u011b z\u00e1vodn\u00edka byl rekordem podle nov\u00fdch pravidel Mezin\u00e1rodn\u00ed cyklistick\u00e9 unie UCI.\u00a0Ta zakazuj\u00ed pou\u017e\u00edv\u00e1n\u00ed super speci\u00e1l\u016f, kter\u00e9 byly vytvo\u0159eny jen na hodinovku a cyklista na nich mohl kv\u016fli maxim\u00e1ln\u00ed aerodynamice t\u00e9m\u011b\u0159 le\u017eet.<\/p>\n<div class=\"shortcode-ys-post-pinup\"><article class=\"loop-simple post-18837 post type-post status-publish format-video has-post-thumbnail hentry category-podcasty tag-cyklistika tag-gazprom-rusvelo tag-mathias-vacek tag-podcast tag-silnicni-cyklistika tag-trek-segafredo tag-trenink post_format-post-format-video global-categories-cycling\" data-postid=\"18837\" role=\"article\" data-post-id=\"18837\" data-word-count=\"270\" data-headline-length=\"99\" data-category=\"Podcasty\" data-global-category=\"Cycling\" data-author=\"We Love Cycling\" data-published=\"2022-09-25T02:00:53+02:00\" data-published-day=\"Sunday\">\n    <div class=\"entry-thumbnail article-thumbnail video-thumbnail\" content=\"https:\/\/d2p6e6u75xmxt8.cloudfront.net\/13\/2022\/09\/wlc-podcast-vacek-150x150.webp\"><svg class=\"play font-icon\"><use href=\"#play_round\" xlink:href=\"#play_round\"><\/use><\/svg><a href=\"https:\/\/www.welovecycling.com\/cs\/2022\/09\/25\/wlc-podcast-mathias-vacek-kdyz-me-mama-vozila-na-voziku-byl-jsem-psychicky-zlomeny\/\" class=\"image-holder\" target=\"_self\"><img decoding=\"async\" loading=\"lazy\" class=\"\" src=\"https:\/\/d2p6e6u75xmxt8.cloudfront.net\/13\/2022\/09\/wlc-podcast-vacek-1024x576.webp\" srcset=\"https:\/\/d2p6e6u75xmxt8.cloudfront.net\/13\/2022\/09\/wlc-podcast-vacek.webp 1920w, https:\/\/d2p6e6u75xmxt8.cloudfront.net\/13\/2022\/09\/wlc-podcast-vacek-300x169.webp 300w, https:\/\/d2p6e6u75xmxt8.cloudfront.net\/13\/2022\/09\/wlc-podcast-vacek-1024x576.webp 1024w, https:\/\/d2p6e6u75xmxt8.cloudfront.net\/13\/2022\/09\/wlc-podcast-vacek-768x432.webp 768w, https:\/\/d2p6e6u75xmxt8.cloudfront.net\/13\/2022\/09\/wlc-podcast-vacek-1536x864.webp 1536w\" width=\"1024\" height=\"576\" sizes=\"auto, (min-width: 1200px) 356px, (min-width: 768px) 30vw, 100vw\" alt=\"wlc-podcast-mathias-vacek-kdyz-me-mama-vozila-na-voziku-byl-jsem-psychicky-zlomeny\"\/><\/a><\/div>    <div class=\"entry-meta\">\n        <a class=\"label label-secondary post-category\" href=\"https:\/\/www.welovecycling.com\/cs\/category\/podcasty\/\" title=\"Podcasty\">Podcasty<\/a>\n    <\/div>\n    <div class=\"entry-details\">\n        <a href=\"https:\/\/www.welovecycling.com\/cs\/2022\/09\/25\/wlc-podcast-mathias-vacek-kdyz-me-mama-vozila-na-voziku-byl-jsem-psychicky-zlomeny\/\" class='entry-title-wrapper'>\n            <h3 class=\"entry-title\"><span>Mathias Vacek &#8211; podcast WLC: Kdy\u017e m\u011b m\u00e1ma tla\u010dila na voz\u00edku, byl jsem psychicky zlomen\u00fd<\/span><\/h3>\n        <\/a>\n    <\/div>\n    <\/article>\n<\/div>\n<p>Na nich p\u0159ekon\u00e1valy v\u00a080. a 90. letech minul\u00e9ho stolet\u00ed rekordy hv\u011bzdy jako Francesco Moser, Graeme Obree, Miguel Indurain, Tony Rominger a v\u00a0neposledn\u00ed \u0159ad\u011b Brit Chris Boardman, kter\u00fd v\u00a0roce 1996 na sv\u00e9m speci\u00e1lu Lotus posunul hranici rekordu na tehdy neuv\u011b\u0159iteln\u00fdch 56,375 km!<\/p>\n<p>UCI cht\u011bla tyto experimenty zarazit, proto stanovila nov\u00e1 pravidla. Boardman\u016fv rekord ozna\u010dila za \u201enejlep\u0161\u00ed lidsk\u00fd v\u00fdkon\u201c a za sv\u011btov\u00fd rekord od roku 1997 pova\u017eovala maximum belgick\u00e9 legendy Eddyho Merckxe, kter\u00fd na klasick\u00e9m kole bez disk\u016f ujel v\u00a0roce 1972 v\u00a0Mexiku za hodinu 49,431 km.<\/p>\n<h2><strong>Ond\u0159ej Sosenka a jeho (ne)rekord<\/strong><\/h2>\n<p>Boardman ho po mnoha letech p\u0159ekonal i na klasick\u00e9m kole a v\u00a0roce 2005 se mezi rekordmany zapsal Ond\u0159ej Sosenka, jen\u017e v\u00a0Moskv\u011b stanovil hranici nov\u00e9ho maxima na 49,700 km. Ov\u0161em na jeho v\u00fdkon po letech mnoz\u00ed pohl\u00ed\u017eeli kv\u016fli opakovan\u00e9mu pozitivn\u00edmu testu na doping s\u00a0despektem.<\/p>\n<p>Hodinovka se pak stala pro cyklisty nezaj\u00edmavou a neatraktivn\u00ed discipl\u00ednou. A v\u00a0podstat\u011b usnula. UCI ve snaze probudit ji k\u00a0\u017eivotu znovu zm\u011bnila pravidla a od roku 2014 se mohlo za\u010d\u00edt jezdit na dr\u00e1hov\u00fdch kolech s\u00a0disky.<\/p>\n<p>A to byla pro spoustu jezdc\u016f v\u00fdzva. Zvl\u00e1\u0161\u0165, kdy\u017e jako rekord k p\u0159ekon\u00e1n\u00ed m\u011bli v\u00fdkon Sosenky. A tak se hodn\u011b \u010dasto posouvala hranice rekordu: Voigt, Br\u00e4ndle, pak t\u0159eba i Dennis, Dowsett, Wiggins, Campenaerts a z velk\u00fdch hv\u011bzd sv\u011btov\u00e9 silni\u010dn\u00ed cyklistiky naposledy Filippo Ganna.<\/p>\n<figure id=\"attachment_18999\" aria-describedby=\"caption-attachment-18999\" style=\"width: 1800px\" class=\"wp-caption alignnone\"><a href=\"https:\/\/d2p6e6u75xmxt8.cloudfront.net\/13\/2022\/10\/chris-boardman-profimedia-0279973286.jpg\"><img loading=\"lazy\" decoding=\"async\" class=\"size-full wp-image-18999\" src=\"https:\/\/d2p6e6u75xmxt8.cloudfront.net\/13\/2022\/10\/chris-boardman-profimedia-0279973286.jpg\" alt=\"Filippo Ganna p\u0159ekonal i absolutn\u00ed rekord Chrise Boardmana, kter\u00fd byl posl\u00e9ze anulov\u00e1n kv\u016fli kolu, kter\u00e9 Brit pou\u017eil. Foto: profimedia\" width=\"1800\" height=\"1777\" \/><\/a><figcaption id=\"caption-attachment-18999\" class=\"wp-caption-text\"><em>Filippo Ganna p\u0159ekonal i absolutn\u00ed rekord Chrise Boardmana, kter\u00fd byl posl\u00e9ze anulov\u00e1n kv\u016fli kolu, kter\u00e9 Brit pou\u017eil. Foto: profimedia<\/em><\/figcaption><\/figure>\n<p>Jeho v\u00fdkon 56,792 kilometru je nejlep\u0161\u00edm v\u00a0historii. Bez ohledu na zm\u011bny pravidel. Na st\u00edha\u010dsk\u00e9m speci\u00e1lu dok\u00e1zal p\u0159ekonat i absolutn\u00ed maximum Boardmana z\u00a0roku 1996!<\/p>\n<p>\u201eMysl\u00edm, \u017ee u\u017e do toho nikdy nep\u016fjdu. Je to \u0161\u00edlen\u00e9 peklo,\u201c \u0159ekl italsk\u00fd jezdec st\u00e1je Ineos.<\/p>\n<p>\u201eNa za\u010d\u00e1tku je \u010dlov\u011bk v klidu, jen se sna\u017e\u00ed dr\u017eet pozici a jet ide\u00e1ln\u00ed lajnu. C\u00edtil jsem se dob\u0159e a po n\u011bjak\u00fdch 35 minut\u00e1ch jsem za\u010dal myslet i na p\u0159ekon\u00e1n\u00ed hranice 57 kilometr\u016f,\u201c prozradil Filippo Ganna.<\/p>\n<p>Jen\u017ee pak za\u010dal dost trp\u011bt v\u00a0posedu, d\u00e1valy o sob\u011b v\u011bd\u011bt sedac\u00ed partie. \u201eA taky bolest v\u00a0nohou byla \u010d\u00edm d\u00e1l v\u011bt\u0161\u00ed. Proto jsem se v\u00a0z\u00e1v\u011bru soust\u0159edil sp\u00ed\u0161 na to, abych neztr\u00e1cel a p\u0159ekonal rekord. Hranice 57 kilometr\u016f byla a\u017e druho\u0159ad\u00e1,\u201c p\u0159iznal.<\/p>\n<h2><strong>Ganna m\u011bl kolo za dva miliony korun<\/strong><\/h2>\n<p>Co stoj\u00ed za jeho \u00fasp\u011bchem? V\u00a0prvn\u00ed \u0159ad\u011b on s\u00e1m. Krom\u011b toho, \u017ee je v\u00fdborn\u00fdm silni\u010d\u00e1\u0159em, je i excelentn\u00ed st\u00edha\u010d na dr\u00e1ze. Ze st\u00edha\u010dky, a\u0165 u\u017e t\u00fdmov\u00e9 nebo jednotlivc\u016f, m\u00e1 \u0159adu sv\u011btov\u00fdch medail\u00ed. V\u010detn\u011b zlata z\u00a0posledn\u00ed olympi\u00e1dy v\u00a0Japonsku ve st\u00edha\u010dce dru\u017estev. M\u00e1 ide\u00e1ln\u00ed postavu, se 193 centimetry a 83 kilogramy vylo\u017een\u011b silov\u00fd jezdec, z\u00a0\u010deho\u017e profituje i v\u00a0silni\u010dn\u00edch \u010dasovk\u00e1ch.<\/p>\n<div class=\"shortcode-ys-post-pinup\"><article class=\"loop-simple post-18892 post type-post status-publish format-standard has-post-thumbnail hentry category-https-www-welovecycling-com-cs-category-zabava tag-cyklistika tag-horska-cyklistika tag-letape-czech-republic-by-le-tour-de-france tag-lukas-vejvar tag-silnicni-cyklistika tag-trenink tag-zdravi-a-trenink global-categories-cycling\" data-postid=\"18892\" role=\"article\" data-post-id=\"18892\" data-word-count=\"458\" data-headline-length=\"65\" data-category=\"Z\u00c1BAVA\" data-global-category=\"Cycling\" data-author=\"We Love Cycling\" data-published=\"2022-09-30T12:00:53+02:00\" data-published-day=\"Friday\">\n    <div class=\"entry-thumbnail article-thumbnail\" content=\"https:\/\/d2p6e6u75xmxt8.cloudfront.net\/13\/2022\/09\/Lukas-Vejvar-3-150x150.webp\"><a href=\"https:\/\/www.welovecycling.com\/cs\/2022\/09\/30\/lukas-vejvar-400-kilometru-za-den-kolo-je-relax-i-zavislost\/\" class=\"image-holder\" target=\"_self\"><img decoding=\"async\" loading=\"lazy\" class=\"\" src=\"https:\/\/d2p6e6u75xmxt8.cloudfront.net\/13\/2022\/09\/Lukas-Vejvar-3.webp\" srcset=\"https:\/\/d2p6e6u75xmxt8.cloudfront.net\/13\/2022\/09\/Lukas-Vejvar-3.webp 607w, https:\/\/d2p6e6u75xmxt8.cloudfront.net\/13\/2022\/09\/Lukas-Vejvar-3-300x198.webp 300w\" width=\"607\" height=\"400\" sizes=\"auto, (min-width: 1200px) 304px, (min-width: 768px) 25vw, 100vw\" alt=\"lukas-vejvar-400-kilometru-za-den-kolo-je-relax-i-zavislost\"\/><\/a><\/div>    <div class=\"entry-meta\">\n        <a class=\"label label-secondary post-category\" href=\"https:\/\/www.welovecycling.com\/cs\/category\/https-www-welovecycling-com-cs-category-zabava\/\" title=\"Z\u00c1BAVA\">Z\u00c1BAVA<\/a>\n    <\/div>\n    <div class=\"entry-details\">\n        <a href=\"https:\/\/www.welovecycling.com\/cs\/2022\/09\/30\/lukas-vejvar-400-kilometru-za-den-kolo-je-relax-i-zavislost\/\" class='entry-title-wrapper'>\n            <h3 class=\"entry-title\"><span>Luk\u00e1\u0161 Vejvar: 400 kilometr\u016f za den? Kolo je relax i z\u00e1vislost<\/span><\/h3>\n        <\/a>\n    <\/div>\n    <\/article>\n<\/div>\n<p>A pak t\u00fdm Ineos. \u201eBez n\u011bj bych nedok\u00e1zal nic. V\u0161ichni tomu v\u011bnovali obrovsk\u00e9 \u00fasil\u00ed,\u201c pronesl Filippo Ganna.<\/p>\n<p>Ano, britsk\u00e1 st\u00e1j \u201evypiplala\u201c pro Gannu zbrusu nov\u00e9 kolo Pinarello Bolide F HR, jeho\u017e hodnota \u010din\u00ed 75 000 eur, tedy t\u00e9m\u011b\u0159 dva miliony korun. Je vyrobeno speci\u00e1ln\u00ed technologi\u00ed 3Dtisku. M\u011bl kolem sebe t\u00fdm expert\u016f, kte\u0159\u00ed neust\u00e1le pracovali, propo\u010d\u00edt\u00e1vali a dohl\u00ed\u017eeli na jeho tr\u00e9nink.<\/p>\n<figure id=\"attachment_18995\" aria-describedby=\"caption-attachment-18995\" style=\"width: 1800px\" class=\"wp-caption alignnone\"><a href=\"https:\/\/d2p6e6u75xmxt8.cloudfront.net\/13\/2022\/10\/ganna-hodinovka-profimedia-0729161672.jpg\"><img loading=\"lazy\" decoding=\"async\" class=\"size-full wp-image-18995\" src=\"https:\/\/d2p6e6u75xmxt8.cloudfront.net\/13\/2022\/10\/ganna-hodinovka-profimedia-0729161672.jpg\" alt=\"Filippo Ganna nad hlavami \u010dlen\u016f t\u00fdmu Ineos po p\u0159ekon\u00e1n\u00ed sv\u011btov\u00e9ho rekordu v hodinovce. Foto: profimedia\" width=\"1800\" height=\"1200\" \/><\/a><figcaption id=\"caption-attachment-18995\" class=\"wp-caption-text\"><em>Filippo Ganna nad hlavami \u010dlen\u016f t\u00fdmu Ineos po p\u0159ekon\u00e1n\u00ed sv\u011btov\u00e9ho rekordu v hodinovce. Foto: profimedia<\/em><\/figcaption><\/figure>\n<p>V\u010detn\u011b p\u0159edchoz\u00edho dr\u017eitele sv\u011btov\u00e9ho rekordu Bighama. Ten jen in\u017een\u00fdrem v Ineosu a s\u00e1m z\u00e1vod\u00ed za kontinent\u00e1ln\u00ed t\u00fdm. Um\u00ed velmi dob\u0159e \u010dasovky, je dvojn\u00e1sobn\u00fdm britsk\u00fdm \u0161ampionem. Ale hlavn\u011b jedn\u00edm z nejv\u011bt\u0161\u00edch sv\u011btov\u00fdch expert\u016f na aerodynamiku. Jak pozd\u011bji vy\u0161lo najevo, \u00fasp\u011b\u0161n\u00fd pokus o sv\u011btov\u00fd rekord v hodinovce (55,548) jel v srpnu hlavn\u011b kv\u016fli tomu, aby otestoval kolo i dal\u0161\u00ed materi\u00e1l pro Filippa Gannu.<\/p>\n<div class=\"shortcode-ys-post-pinup\"><article class=\"loop-simple post-18403 post type-post status-publish format-video has-post-thumbnail hentry category-tipy-na-vylet tag-andrea-bezdekova tag-cyklistika tag-cyklotrasy tag-cyklovylet tag-gurmanska-jizda tag-horska-cyklistika tag-zdravi-a-trenink tag-zeny post_format-post-format-video global-categories-cycling\" data-postid=\"18403\" role=\"article\" data-post-id=\"18403\" data-word-count=\"215\" data-headline-length=\"47\" data-category=\"Tipy na v\u00fdlet\" data-global-category=\"Cycling\" data-author=\"We Love Cycling\" data-published=\"2022-09-01T11:05:25+02:00\" data-published-day=\"Thursday\">\n    <div class=\"entry-thumbnail article-thumbnail video-thumbnail\" content=\"https:\/\/d2p6e6u75xmxt8.cloudfront.net\/13\/2022\/08\/bezdek-WLC-SUMAVA-THUMBNAIL_4.DIL_AB-150x150.webp\"><svg class=\"play font-icon\"><use href=\"#play_round\" xlink:href=\"#play_round\"><\/use><\/svg><a href=\"https:\/\/www.welovecycling.com\/cs\/2022\/09\/01\/sumava-cyklovylety-s-we-love-cycling\/\" class=\"image-holder\" target=\"_self\"><img decoding=\"async\" loading=\"lazy\" class=\"\" src=\"https:\/\/d2p6e6u75xmxt8.cloudfront.net\/13\/2022\/08\/bezdek-WLC-SUMAVA-THUMBNAIL_4.DIL_AB-1024x576.webp\" srcset=\"https:\/\/d2p6e6u75xmxt8.cloudfront.net\/13\/2022\/08\/bezdek-WLC-SUMAVA-THUMBNAIL_4.DIL_AB.webp 1920w, https:\/\/d2p6e6u75xmxt8.cloudfront.net\/13\/2022\/08\/bezdek-WLC-SUMAVA-THUMBNAIL_4.DIL_AB-300x169.webp 300w, https:\/\/d2p6e6u75xmxt8.cloudfront.net\/13\/2022\/08\/bezdek-WLC-SUMAVA-THUMBNAIL_4.DIL_AB-1024x576.webp 1024w, https:\/\/d2p6e6u75xmxt8.cloudfront.net\/13\/2022\/08\/bezdek-WLC-SUMAVA-THUMBNAIL_4.DIL_AB-768x432.webp 768w, https:\/\/d2p6e6u75xmxt8.cloudfront.net\/13\/2022\/08\/bezdek-WLC-SUMAVA-THUMBNAIL_4.DIL_AB-1536x864.webp 1536w\" width=\"1024\" height=\"576\" sizes=\"auto, (min-width: 1200px) 356px, (min-width: 768px) 30vw, 100vw\" alt=\"sumava-cyklovylety-s-we-love-cycling\"\/><\/a><\/div>    <div class=\"entry-meta\">\n        <a class=\"label label-secondary post-category\" href=\"https:\/\/www.welovecycling.com\/cs\/category\/https-www-welovecycling-com-cs-otestovano-jizdou\/tipy-na-vylet\/\" title=\"Tipy na v\u00fdlet\">Tipy na v\u00fdlet<\/a>\n    <\/div>\n    <div class=\"entry-details\">\n        <a href=\"https:\/\/www.welovecycling.com\/cs\/2022\/09\/01\/sumava-cyklovylety-s-we-love-cycling\/\" class='entry-title-wrapper'>\n            <h3 class=\"entry-title\"><span>\u0160umava &#8211; cyklov\u00fdlety s\u00a0We Love Cycling<\/span><\/h3>\n        <\/a>\n    <\/div>\n    <\/article>\n<\/div>\n<p>V\u0161echno klaplo na jedni\u010dku. Filippo Ganna vstoupil v\u00a0sobotu do historie. \u201eMo\u017en\u00e1 je\u0161t\u011b v\u011bt\u0161\u00ed z\u00e1sluhu ne\u017e moje nohy, na tom m\u00e1 t\u00fdm. V\u0161em pat\u0159\u00ed obrovsk\u00fd d\u00edk,\u201c p\u0159iznal.<\/p>\n<p>Dal\u0161\u00ed pokusy pr\u00fd nepl\u00e1nuje, ale je pravd\u011bpodobn\u00e9, \u017ee tato meta vydr\u017e\u00ed v\u00a0rekordn\u00edch z\u00e1pisech hodn\u011b dlouho. Pro Gannu v\u0161ak sezona je\u0161t\u011b nekon\u010d\u00ed. Od st\u0159edy ho fanou\u0161ci uvid\u00ed na dr\u00e1hov\u00e9m sv\u011btov\u00e9m \u0161ampion\u00e1tu v\u00a0Pa\u0159\u00ed\u017ei.<\/p>\n","protected":false},"excerpt":{"rendered":"<p>Fenomen\u00e1ln\u00ed v\u00fdkon! Ital Filippo Ganna p\u0159epsal d\u011bjiny cyklistiky, kdy\u017e za hodinu v sedle kola posunul hranici sv\u011btov\u00e9ho rekordu na obdivuhodn\u00fdch [&hellip;]<\/p>\n","protected":false},"author":138,"featured_media":18996,"comment_status":"open","ping_status":"open","sticky":false,"template":"","format":"standard","meta":{"footnotes":""},"categories":[1516],"tags":[2621,126,1004,310,1213,1227,2620,2618,359,1361,9,2606,2619,2537],"global-categories":[411],"class_list":["post-18994","post","type-post","status-publish","format-standard","has-post-thumbnail","hentry","category-drahova-cyklistika","tag-chris-boardman","tag-cyklistika","tag-drahova-cyklistika","tag-eddy-merckx","tag-filippo-ganna","tag-francesco-moser","tag-graeme-obree","tag-hodinovka","tag-miguel-indurain","tag-ondrej-sosenka","tag-silnicni-cyklistika","tag-svetovy-rekord","tag-svetovy-rekord-v-hodinovce","tag-tony-rominger","global-categories-cycling"],"yoast_head":"<!-- This site is optimized with the Yoast SEO Premium plugin v25.3 (Yoast SEO v25.9) - https:\/\/yoast.com\/wordpress\/plugins\/seo\/ -->\n<title>Filippo Ganna a jeho nadlidsk\u00fd v\u00fdkon na kole za 2 miliony p\u0159inesl sv\u011btov\u00fd rekord | \u0160koda We Love Cycling - \u010cesk\u00e1 republika<\/title>\n<meta name=\"description\" content=\"Fenomen\u00e1ln\u00ed v\u00fdkon! Ital Filippo Ganna p\u0159epsal d\u011bjiny cyklistiky, kdy\u017e za hodinu v sedle kola ujel obdivuhodn\u00fdch 56 792 metr\u016f.\" \/>\n<meta name=\"robots\" content=\"index, follow, max-snippet:-1, max-image-preview:large, max-video-preview:-1\" \/>\n<link rel=\"canonical\" href=\"https:\/\/www.welovecycling.com\/cs\/2022\/10\/11\/filippo-ganna-trpel-jako-zvire-podruhe-uz-by-do-hodinovky-nesel\/\" \/>\n<meta property=\"og:locale\" content=\"cs_CZ\" \/>\n<meta property=\"og:type\" content=\"article\" \/>\n<meta property=\"og:title\" content=\"Filippo Ganna a jeho nadlidsk\u00fd v\u00fdkon na kole za 2 miliony p\u0159inesl sv\u011btov\u00fd rekord\" \/>\n<meta property=\"og:description\" content=\"Fenomen\u00e1ln\u00ed v\u00fdkon! Ital Filippo Ganna p\u0159epsal d\u011bjiny cyklistiky, kdy\u017e za hodinu v sedle kola ujel obdivuhodn\u00fdch 56 792 metr\u016f.\" \/>\n<meta property=\"og:url\" content=\"https:\/\/www.welovecycling.com\/cs\/2022\/10\/11\/filippo-ganna-trpel-jako-zvire-podruhe-uz-by-do-hodinovky-nesel\/\" \/>\n<meta property=\"og:site_name\" content=\"\u0160koda We Love Cycling - \u010cesk\u00e1 republika\" \/>\n<meta property=\"article:published_time\" content=\"2022-10-11T15:00:10+00:00\" \/>\n<meta property=\"og:image\" content=\"https:\/\/d2p6e6u75xmxt8.cloudfront.net\/13\/2022\/10\/ganna-hodinovka-profimedia-0729166582.webp\" \/>\n\t<meta property=\"og:image:width\" content=\"1800\" \/>\n\t<meta property=\"og:image:height\" content=\"1200\" \/>\n\t<meta property=\"og:image:type\" content=\"image\/webp\" \/>\n<meta name=\"author\" content=\"radekmalina\" \/>\n<meta name=\"twitter:card\" content=\"summary_large_image\" \/>\n<meta name=\"twitter:label1\" content=\"Written by\" \/>\n\t<meta name=\"twitter:data1\" content=\"We Love Cycling\" \/>\n\t<meta name=\"twitter:label2\" content=\"Est. watching time\" \/>\n\t<meta name=\"twitter:data2\" content=\"4\" \/>\n<script type=\"application\/ld+json\" class=\"yoast-schema-graph\">{\"@context\":\"https:\/\/schema.org\",\"@graph\":[{\"@type\":\"WebPage\",\"@id\":\"https:\/\/www.welovecycling.com\/cs\/2022\/10\/11\/filippo-ganna-trpel-jako-zvire-podruhe-uz-by-do-hodinovky-nesel\/\",\"url\":\"https:\/\/www.welovecycling.com\/cs\/2022\/10\/11\/filippo-ganna-trpel-jako-zvire-podruhe-uz-by-do-hodinovky-nesel\/\",\"name\":\"Filippo Ganna a jeho nadlidsk\u00fd v\u00fdkon na kole za 2 miliony p\u0159inesl sv\u011btov\u00fd rekord | \u0160koda We Love Cycling - \u010cesk\u00e1 republika\",\"isPartOf\":{\"@id\":\"https:\/\/www.welovecycling.com\/cs\/#website\"},\"primaryImageOfPage\":{\"@id\":\"https:\/\/www.welovecycling.com\/cs\/2022\/10\/11\/filippo-ganna-trpel-jako-zvire-podruhe-uz-by-do-hodinovky-nesel\/#primaryimage\"},\"image\":{\"@id\":\"https:\/\/www.welovecycling.com\/cs\/2022\/10\/11\/filippo-ganna-trpel-jako-zvire-podruhe-uz-by-do-hodinovky-nesel\/#primaryimage\"},\"thumbnailUrl\":\"https:\/\/d2p6e6u75xmxt8.cloudfront.net\/13\/2022\/10\/ganna-hodinovka-profimedia-0729166582.webp\",\"datePublished\":\"2022-10-11T15:00:10+00:00\",\"author\":{\"@id\":\"https:\/\/www.welovecycling.com\/cs\/#\/schema\/person\/d9eeb0a378f3a7e4a6d12d2b536b04b8\"},\"description\":\"Fenomen\u00e1ln\u00ed v\u00fdkon! Ital Filippo Ganna p\u0159epsal d\u011bjiny cyklistiky, kdy\u017e za hodinu v sedle kola ujel obdivuhodn\u00fdch 56 792 metr\u016f.\",\"inLanguage\":\"cs\",\"potentialAction\":[{\"@type\":\"ReadAction\",\"target\":[\"https:\/\/www.welovecycling.com\/cs\/2022\/10\/11\/filippo-ganna-trpel-jako-zvire-podruhe-uz-by-do-hodinovky-nesel\/\"]}]},{\"@type\":\"ImageObject\",\"inLanguage\":\"cs\",\"@id\":\"https:\/\/www.welovecycling.com\/cs\/2022\/10\/11\/filippo-ganna-trpel-jako-zvire-podruhe-uz-by-do-hodinovky-nesel\/#primaryimage\",\"url\":\"https:\/\/d2p6e6u75xmxt8.cloudfront.net\/13\/2022\/10\/ganna-hodinovka-profimedia-0729166582.webp\",\"contentUrl\":\"https:\/\/d2p6e6u75xmxt8.cloudfront.net\/13\/2022\/10\/ganna-hodinovka-profimedia-0729166582.webp\",\"width\":1800,\"height\":1200,\"caption\":\"Ineos Grenadiers's Italian rider Filippo Ganna rides to break the hour record with a distance of 56.792km in the Velodrome Suisse, an indoor velodrome in Grenchen, northern Switzerland on October 8, 2022.,Image: 729166582, License: Rights-managed, Restrictions: , Model Release: no\"},{\"@type\":\"WebSite\",\"@id\":\"https:\/\/www.welovecycling.com\/cs\/#website\",\"url\":\"https:\/\/www.welovecycling.com\/cs\/\",\"name\":\"\u0160koda We Love Cycling - \u010cesk\u00e1 republika\",\"description\":\"WeLoveCycling.cz je online magaz\u00edn, kter\u00fd v\u00e1m pravideln\u011b p\u0159in\u00e1\u0161\u00ed rady a tipy, zaj\u00edmav\u00e9 \u010dl\u00e1nky, videa a jedine\u010dn\u00e9 report\u00e1\u017ee ze sv\u011bta cyklistiky.\",\"potentialAction\":[{\"@type\":\"SearchAction\",\"target\":{\"@type\":\"EntryPoint\",\"urlTemplate\":\"https:\/\/www.welovecycling.com\/cs\/?s={search_term_string}\"},\"query-input\":{\"@type\":\"PropertyValueSpecification\",\"valueRequired\":true,\"valueName\":\"search_term_string\"}}],\"inLanguage\":\"cs\"},{\"@type\":\"Person\",\"@id\":\"https:\/\/www.welovecycling.com\/cs\/#\/schema\/person\/d9eeb0a378f3a7e4a6d12d2b536b04b8\",\"name\":\"radekmalina\",\"image\":{\"@type\":\"ImageObject\",\"inLanguage\":\"cs\",\"@id\":\"https:\/\/www.welovecycling.com\/cs\/#\/schema\/person\/image\/\",\"url\":\"https:\/\/secure.gravatar.com\/avatar\/66994b632cb8c39a46b9f54afa3ae07201b678d32a54275b6f1c9ffec356bfc0?s=96&d=mm&r=g\",\"contentUrl\":\"https:\/\/secure.gravatar.com\/avatar\/66994b632cb8c39a46b9f54afa3ae07201b678d32a54275b6f1c9ffec356bfc0?s=96&d=mm&r=g\",\"caption\":\"radekmalina\"},\"url\":\"https:\/\/www.welovecycling.com\/cs\/author\/radekmalina\/\"}]}<\/script>\n<!-- \/ Yoast SEO Premium plugin. -->","yoast_head_json":{"title":"Filippo Ganna a jeho nadlidsk\u00fd v\u00fdkon na kole za 2 miliony p\u0159inesl sv\u011btov\u00fd rekord | \u0160koda We Love Cycling - \u010cesk\u00e1 republika","description":"Fenomen\u00e1ln\u00ed v\u00fdkon! Ital Filippo Ganna p\u0159epsal d\u011bjiny cyklistiky, kdy\u017e za hodinu v sedle kola ujel obdivuhodn\u00fdch 56 792 metr\u016f.","robots":{"index":"index","follow":"follow","max-snippet":"max-snippet:-1","max-image-preview":"max-image-preview:large","max-video-preview":"max-video-preview:-1"},"canonical":"https:\/\/www.welovecycling.com\/cs\/2022\/10\/11\/filippo-ganna-trpel-jako-zvire-podruhe-uz-by-do-hodinovky-nesel\/","og_locale":"cs_CZ","og_type":"article","og_title":"Filippo Ganna a jeho nadlidsk\u00fd v\u00fdkon na kole za 2 miliony p\u0159inesl sv\u011btov\u00fd rekord","og_description":"Fenomen\u00e1ln\u00ed v\u00fdkon! Ital Filippo Ganna p\u0159epsal d\u011bjiny cyklistiky, kdy\u017e za hodinu v sedle kola ujel obdivuhodn\u00fdch 56 792 metr\u016f.","og_url":"https:\/\/www.welovecycling.com\/cs\/2022\/10\/11\/filippo-ganna-trpel-jako-zvire-podruhe-uz-by-do-hodinovky-nesel\/","og_site_name":"\u0160koda We Love Cycling - \u010cesk\u00e1 republika","article_published_time":"2022-10-11T15:00:10+00:00","og_image":[{"width":1800,"height":1200,"url":"https:\/\/d2p6e6u75xmxt8.cloudfront.net\/13\/2022\/10\/ganna-hodinovka-profimedia-0729166582.webp","type":"image\/webp"}],"author":"radekmalina","twitter_card":"summary_large_image","twitter_misc":{"Written by":"We Love Cycling","Est. watching time":"4"},"schema":{"@context":"https:\/\/schema.org","@graph":[{"@type":"WebPage","@id":"https:\/\/www.welovecycling.com\/cs\/2022\/10\/11\/filippo-ganna-trpel-jako-zvire-podruhe-uz-by-do-hodinovky-nesel\/","url":"https:\/\/www.welovecycling.com\/cs\/2022\/10\/11\/filippo-ganna-trpel-jako-zvire-podruhe-uz-by-do-hodinovky-nesel\/","name":"Filippo Ganna a jeho nadlidsk\u00fd v\u00fdkon na kole za 2 miliony p\u0159inesl sv\u011btov\u00fd rekord | \u0160koda We Love Cycling - \u010cesk\u00e1 republika","isPartOf":{"@id":"https:\/\/www.welovecycling.com\/cs\/#website"},"primaryImageOfPage":{"@id":"https:\/\/www.welovecycling.com\/cs\/2022\/10\/11\/filippo-ganna-trpel-jako-zvire-podruhe-uz-by-do-hodinovky-nesel\/#primaryimage"},"image":{"@id":"https:\/\/www.welovecycling.com\/cs\/2022\/10\/11\/filippo-ganna-trpel-jako-zvire-podruhe-uz-by-do-hodinovky-nesel\/#primaryimage"},"thumbnailUrl":"https:\/\/d2p6e6u75xmxt8.cloudfront.net\/13\/2022\/10\/ganna-hodinovka-profimedia-0729166582.webp","datePublished":"2022-10-11T15:00:10+00:00","author":{"@id":"https:\/\/www.welovecycling.com\/cs\/#\/schema\/person\/d9eeb0a378f3a7e4a6d12d2b536b04b8"},"description":"Fenomen\u00e1ln\u00ed v\u00fdkon! Ital Filippo Ganna p\u0159epsal d\u011bjiny cyklistiky, kdy\u017e za hodinu v sedle kola ujel obdivuhodn\u00fdch 56 792 metr\u016f.","inLanguage":"cs","potentialAction":[{"@type":"ReadAction","target":["https:\/\/www.welovecycling.com\/cs\/2022\/10\/11\/filippo-ganna-trpel-jako-zvire-podruhe-uz-by-do-hodinovky-nesel\/"]}]},{"@type":"ImageObject","inLanguage":"cs","@id":"https:\/\/www.welovecycling.com\/cs\/2022\/10\/11\/filippo-ganna-trpel-jako-zvire-podruhe-uz-by-do-hodinovky-nesel\/#primaryimage","url":"https:\/\/d2p6e6u75xmxt8.cloudfront.net\/13\/2022\/10\/ganna-hodinovka-profimedia-0729166582.webp","contentUrl":"https:\/\/d2p6e6u75xmxt8.cloudfront.net\/13\/2022\/10\/ganna-hodinovka-profimedia-0729166582.webp","width":1800,"height":1200,"caption":"Ineos Grenadiers's Italian rider Filippo Ganna rides to break the hour record with a distance of 56.792km in the Velodrome Suisse, an indoor velodrome in Grenchen, northern Switzerland on October 8, 2022.,Image: 729166582, License: Rights-managed, Restrictions: , Model Release: no"},{"@type":"WebSite","@id":"https:\/\/www.welovecycling.com\/cs\/#website","url":"https:\/\/www.welovecycling.com\/cs\/","name":"\u0160koda We Love Cycling - \u010cesk\u00e1 republika","description":"WeLoveCycling.cz je online magaz\u00edn, kter\u00fd v\u00e1m pravideln\u011b p\u0159in\u00e1\u0161\u00ed rady a tipy, zaj\u00edmav\u00e9 \u010dl\u00e1nky, videa a jedine\u010dn\u00e9 report\u00e1\u017ee ze sv\u011bta cyklistiky.","potentialAction":[{"@type":"SearchAction","target":{"@type":"EntryPoint","urlTemplate":"https:\/\/www.welovecycling.com\/cs\/?s={search_term_string}"},"query-input":{"@type":"PropertyValueSpecification","valueRequired":true,"valueName":"search_term_string"}}],"inLanguage":"cs"},{"@type":"Person","@id":"https:\/\/www.welovecycling.com\/cs\/#\/schema\/person\/d9eeb0a378f3a7e4a6d12d2b536b04b8","name":"radekmalina","image":{"@type":"ImageObject","inLanguage":"cs","@id":"https:\/\/www.welovecycling.com\/cs\/#\/schema\/person\/image\/","url":"https:\/\/secure.gravatar.com\/avatar\/66994b632cb8c39a46b9f54afa3ae07201b678d32a54275b6f1c9ffec356bfc0?s=96&d=mm&r=g","contentUrl":"https:\/\/secure.gravatar.com\/avatar\/66994b632cb8c39a46b9f54afa3ae07201b678d32a54275b6f1c9ffec356bfc0?s=96&d=mm&r=g","caption":"radekmalina"},"url":"https:\/\/www.welovecycling.com\/cs\/author\/radekmalina\/"}]}},"_links":{"self":[{"href":"https:\/\/www.welovecycling.com\/cs\/wp-json\/wp\/v2\/posts\/18994","targetHints":{"allow":["GET"]}}],"collection":[{"href":"https:\/\/www.welovecycling.com\/cs\/wp-json\/wp\/v2\/posts"}],"about":[{"href":"https:\/\/www.welovecycling.com\/cs\/wp-json\/wp\/v2\/types\/post"}],"author":[{"embeddable":true,"href":"https:\/\/www.welovecycling.com\/cs\/wp-json\/wp\/v2\/users\/138"}],"replies":[{"embeddable":true,"href":"https:\/\/www.welovecycling.com\/cs\/wp-json\/wp\/v2\/comments?post=18994"}],"version-history":[{"count":2,"href":"https:\/\/www.welovecycling.com\/cs\/wp-json\/wp\/v2\/posts\/18994\/revisions"}],"predecessor-version":[{"id":19003,"href":"https:\/\/www.welovecycling.com\/cs\/wp-json\/wp\/v2\/posts\/18994\/revisions\/19003"}],"wp:featuredmedia":[{"embeddable":true,"href":"https:\/\/www.welovecycling.com\/cs\/wp-json\/wp\/v2\/media\/18996"}],"wp:attachment":[{"href":"https:\/\/www.welovecycling.com\/cs\/wp-json\/wp\/v2\/media?parent=18994"}],"wp:term":[{"taxonomy":"category","embeddable":true,"href":"https:\/\/www.welovecycling.com\/cs\/wp-json\/wp\/v2\/categories?post=18994"},{"taxonomy":"post_tag","embeddable":true,"href":"https:\/\/www.welovecycling.com\/cs\/wp-json\/wp\/v2\/tags?post=18994"},{"taxonomy":"global-categories","embeddable":true,"href":"https:\/\/www.welovecycling.com\/cs\/wp-json\/wp\/v2\/global-categories?post=18994"}],"curies":[{"name":"wp","href":"https:\/\/api.w.org\/{rel}","templated":true}]}}