{"id":18971,"date":"2022-10-10T16:00:52","date_gmt":"2022-10-10T14:00:52","guid":{"rendered":"https:\/\/www.welovecycling.com\/cs\/?p=18971"},"modified":"2022-10-10T00:41:16","modified_gmt":"2022-10-09T22:41:16","slug":"odchazejici-alejandro-valverde-sny-jsem-prekonal-mnohonasobne","status":"publish","type":"post","link":"https:\/\/www.welovecycling.com\/cs\/2022\/10\/10\/odchazejici-alejandro-valverde-sny-jsem-prekonal-mnohonasobne\/","title":{"rendered":"Odch\u00e1zej\u00edc\u00ed Alejandro Valverde: Sny jsem p\u0159ekonal mnohon\u00e1sobn\u011b"},"content":{"rendered":"<p><strong>Legenda definitivn\u011b odch\u00e1z\u00ed. Alejandro Valverde po n\u011bkolika odkladech odch\u00e1z\u00ed do cyklistick\u00e9ho d\u016fchodu. Po jednadvaceti letech v profesion\u00e1ln\u00edm pelotonu s neuv\u011b\u0159iteln\u00fdmi 139 v\u00fdhrami na kont\u011b. P\u0159i Monumentu Kolem Lombardie fini\u0161oval \u0161est\u00fd. P\u0159\u00edzna\u010dn\u011b ve skupin\u011b pron\u00e1sledovatel\u016f porazil ve spurtu soupe\u0159e mlad\u0161\u00ed o dvacet let.<\/strong><\/p>\n<p>\u201eNa\u010dasov\u00e1n\u00ed m\u00e9ho odchodu do z\u00e1vodn\u00edho d\u016fchodu je skv\u011bl\u00e9. Jsem na nejvy\u0161\u0161\u00ed mo\u017en\u00e9 \u00farovni. Stejnou formu jsem m\u011bl jen p\u0159i n\u011bkolika m\u00e1lo p\u0159\u00edle\u017eitostech. Odch\u00e1z\u00edm prost\u011b v\u00a0prav\u00fd \u010das,\u201c prohl\u00e1sil Alejandro Valverde, dvaa\u010dty\u0159icetilet\u00fd rod\u00e1k z\u00a0Murcie.<\/p>\n<h2><strong>Vybojoval 139 v\u00edt\u011bzstv\u00ed<\/strong><\/h2>\n<p>Klasiku \u201epadaj\u00edc\u00edho list\u00ed\u201c jel v\u00a0kari\u00e9\u0159e jeden\u00e1ctkr\u00e1t. Kdy\u017e byl na startu poprv\u00e9 v\u00a0roce 2003, pouh\u00fd rok po vstupu mezi profesion\u00e1ly, sobotn\u00ed v\u00edt\u011bz Tadej Poga\u010dar pr\u00e1v\u011b slavil p\u00e1t\u00e9 narozeniny.<\/p>\n<figure id=\"attachment_18858\" aria-describedby=\"caption-attachment-18858\" style=\"width: 1920px\" class=\"wp-caption alignnone\"><a href=\"https:\/\/d2p6e6u75xmxt8.cloudfront.net\/13\/2022\/09\/valverde-1.jpg\"><img loading=\"lazy\" decoding=\"async\" class=\"size-extra-large wp-image-18858\" src=\"https:\/\/d2p6e6u75xmxt8.cloudfront.net\/13\/2022\/09\/valverde-1-1920x1280.jpg\" alt=\"Alejandro Valverde\" width=\"1920\" height=\"1280\" \/><\/a><figcaption id=\"caption-attachment-18858\" class=\"wp-caption-text\"><em>Alejandro Valverde zdrav\u00ed fanou\u0161ky b\u011bhem z\u00e1v\u011bre\u010dn\u00e9 etapy Vuelty 2022. Foto: ASO\/UniPublic<\/em><\/figcaption><\/figure>\n<p>Valverde italsk\u00fd Monument nikdy nevyhr\u00e1l. Opakovan\u011b dojel druh\u00fd. Zato klasiku Lutych-Bastogne-Lutych ovl\u00e1dl hned \u010dty\u0159ikr\u00e1t. P\u011btkr\u00e1t vyhr\u00e1l Valonsk\u00fd \u0161\u00edp. Jel neuv\u011b\u0159iteln\u00fdch 32 Grand Tour! Dvakr\u00e1t italsk\u00e9 Giro, \u010dtrn\u00e1ctkr\u00e1t Tour de France, \u0161estn\u00e1ctkr\u00e1t Vueltu. Na ka\u017ed\u00e9m z\u00a0nejv\u011bt\u0161\u00edch etapov\u00fdch podnik\u016f slavil minim\u00e1ln\u011b jedno etapov\u00e9 prvenstv\u00ed, p\u0159i Vuelt\u011b jich ka\u017edop\u00e1dn\u011b bral dvan\u00e1ct a v\u00a0roce 2009 ji ovl\u00e1dl celkov\u011b. V\u00a0sezon\u011b 2018 pak slavil titul mistra sv\u011bta. K\u00a0tomu celkov\u00e1 prvenstv\u00ed v\u00a0z\u00e1vodech Kolem Katal\u00e1nska \u010di Crit\u00e9rium du Dauphin\u00e9.<\/p>\n<div class=\"shortcode-ys-post-pinup\"><article class=\"loop-simple post-18837 post type-post status-publish format-video has-post-thumbnail hentry category-podcasty tag-cyklistika tag-gazprom-rusvelo tag-mathias-vacek tag-podcast tag-silnicni-cyklistika tag-trek-segafredo tag-trenink post_format-post-format-video global-categories-cycling\" data-postid=\"18837\" role=\"article\" data-post-id=\"18837\" data-word-count=\"270\" data-headline-length=\"99\" data-category=\"Podcasty\" data-global-category=\"Cycling\" data-author=\"We Love Cycling\" data-published=\"2022-09-25T02:00:53+02:00\" data-published-day=\"Sunday\">\n    <div class=\"entry-thumbnail article-thumbnail video-thumbnail\" content=\"https:\/\/d2p6e6u75xmxt8.cloudfront.net\/13\/2022\/09\/wlc-podcast-vacek-150x150.webp\"><svg class=\"play font-icon\"><use href=\"#play_round\" xlink:href=\"#play_round\"><\/use><\/svg><a href=\"https:\/\/www.welovecycling.com\/cs\/2022\/09\/25\/wlc-podcast-mathias-vacek-kdyz-me-mama-vozila-na-voziku-byl-jsem-psychicky-zlomeny\/\" class=\"image-holder\" target=\"_self\"><img decoding=\"async\" loading=\"lazy\" class=\"\" src=\"https:\/\/d2p6e6u75xmxt8.cloudfront.net\/13\/2022\/09\/wlc-podcast-vacek-1024x576.webp\" srcset=\"https:\/\/d2p6e6u75xmxt8.cloudfront.net\/13\/2022\/09\/wlc-podcast-vacek.webp 1920w, https:\/\/d2p6e6u75xmxt8.cloudfront.net\/13\/2022\/09\/wlc-podcast-vacek-300x169.webp 300w, https:\/\/d2p6e6u75xmxt8.cloudfront.net\/13\/2022\/09\/wlc-podcast-vacek-1024x576.webp 1024w, https:\/\/d2p6e6u75xmxt8.cloudfront.net\/13\/2022\/09\/wlc-podcast-vacek-768x432.webp 768w, https:\/\/d2p6e6u75xmxt8.cloudfront.net\/13\/2022\/09\/wlc-podcast-vacek-1536x864.webp 1536w\" width=\"1024\" height=\"576\" sizes=\"auto, (min-width: 1200px) 356px, (min-width: 768px) 30vw, 100vw\" alt=\"wlc-podcast-mathias-vacek-kdyz-me-mama-vozila-na-voziku-byl-jsem-psychicky-zlomeny\"\/><\/a><\/div>    <div class=\"entry-meta\">\n        <a class=\"label label-secondary post-category\" href=\"https:\/\/www.welovecycling.com\/cs\/category\/podcasty\/\" title=\"Podcasty\">Podcasty<\/a>\n    <\/div>\n    <div class=\"entry-details\">\n        <a href=\"https:\/\/www.welovecycling.com\/cs\/2022\/09\/25\/wlc-podcast-mathias-vacek-kdyz-me-mama-vozila-na-voziku-byl-jsem-psychicky-zlomeny\/\" class='entry-title-wrapper'>\n            <h3 class=\"entry-title\"><span>Mathias Vacek &#8211; podcast WLC: Kdy\u017e m\u011b m\u00e1ma tla\u010dila na voz\u00edku, byl jsem psychicky zlomen\u00fd<\/span><\/h3>\n        <\/a>\n    <\/div>\n    <\/article>\n<\/div>\n<p>\u201eTriumf na sv\u011btov\u00e9m \u0161ampion\u00e1tu byl hodn\u011b vzru\u0161uj\u00edc\u00ed. Ale i v\u00edt\u011bzstv\u00ed na Vuelt\u011b, Valonsk\u00e9m \u0161\u00edpu nebo Lutychu jsou nezapomenuteln\u00e1. Dos\u00e1hl jsem v\u0161eho, o \u010dem jsem snil. Vlastn\u011b jsem svoje sny mnohon\u00e1sobn\u011b p\u0159ekonal,\u201c usm\u00edval se Alejandro Valverde. \u201eMo\u017en\u00e1 by bylo fajn m\u00edt olympijskou medaili, ale na moj\u00ed kari\u00e9\u0159e by ani placka z\u00a0boj\u016f pod p\u011bti kruhy nic nezm\u011bnila.\u201c<\/p>\n<h2><strong>V pelotonu v\u011bk ne\u0159e\u0161il<\/strong><\/h2>\n<p>Alejandro Valverde za\u010dal s\u00a0cyklistikou v\u00a0pouh\u00fdch \u0161esti letech, kdy\u017e mu kolo zakoupil jeho otec Juan, v\u00e1\u0161niv\u00fd amat\u00e9rsk\u00fd cyklista. Na kole jezdil i Juan Francisco, bratr Alejandra. Mezi jeden\u00e1ct\u00fdm a t\u0159in\u00e1ct\u00fdm rokem \u00fadajn\u011b budouc\u00ed hv\u011bzda Movistartu vyhr\u00e1la p\u0159es pades\u00e1t z\u00e1vod\u016f v\u00a0\u0159ad\u011b, co\u017e mu vyneslo p\u0159ezd\u00edvku Neporaziteln\u00fd!<\/p>\n<figure id=\"attachment_18862\" aria-describedby=\"caption-attachment-18862\" style=\"width: 1920px\" class=\"wp-caption alignnone\"><a href=\"https:\/\/d2p6e6u75xmxt8.cloudfront.net\/13\/2022\/09\/Valverde-5.jpg\"><img loading=\"lazy\" decoding=\"async\" class=\"size-extra-large wp-image-18862\" src=\"https:\/\/d2p6e6u75xmxt8.cloudfront.net\/13\/2022\/09\/Valverde-5-1920x1280.jpg\" alt=\"Alejandro Valverde\" width=\"1920\" height=\"1280\" \/><\/a><figcaption id=\"caption-attachment-18862\" class=\"wp-caption-text\"><em>Alejandro Valverde povzbuzov\u00e1n fanou\u0161ky m\u00ed\u0159\u00ed do c\u00edle etapy p\u0159i \u0161pan\u011blsk\u00e9 Vuelt\u011b.<\/em><\/figcaption><\/figure>\n<p>Do sv\u011bta profesion\u00e1ln\u00edho pelotonu vstoupil v\u00a0jednadvaceti letech v\u00a0dresu formace Kelme. A stejnou dobu pro\u017eil na nejvy\u0161\u0161\u00ed \u00farovni. \u201eA byly to skv\u011bl\u00e9 okam\u017eiky. V\u017edy jsem d\u00e1val cyklistice v\u0161echno, aby se fanou\u0161ci mohli u\u017e\u00edvat. A dos\u00e1hl jsem mnohem v\u00edce, ne\u017e jsem o\u010dek\u00e1val p\u0159i prvn\u00edm z\u00e1vod\u011b. Opravdu jsem si u\u017eil ka\u017ed\u00fd rok. Cyklistika stoj\u00ed za n\u00e1mahu a ob\u011bti, kter\u00e9 si \u017e\u00e1d\u00e1. U\u017eil jsem si to j\u00e1, rodina, d\u011bti i p\u0159\u00e1tel\u00e9,\u201c prohl\u00e1sil cyklista, proslul\u00fd hou\u017eevnatost\u00ed, vytrvalost\u00ed a maxim\u00e1ln\u00ed m\u00edrou profesion\u00e1ly.<\/p>\n<div class=\"shortcode-ys-post-pinup\"><article class=\"loop-simple post-18887 post type-post status-publish format-standard has-post-thumbnail hentry category-silnicni-cyklistika tag-cyklistika tag-ebike tag-elektrokola tag-gravel tag-horska-cyklistika tag-mistrovstvi-sveta tag-peter-sagan tag-silnicni-cyklistika tag-totalenergies global-categories-cycling\" data-postid=\"18887\" role=\"article\" data-post-id=\"18887\" data-word-count=\"418\" data-headline-length=\"77\" data-category=\"Silni\u010dn\u00ed cyklistika\" data-global-category=\"Cycling\" data-author=\"Jan Kr\u016fta\" data-published=\"2022-09-27T19:00:55+02:00\" data-published-day=\"Tuesday\">\n    <div class=\"entry-thumbnail article-thumbnail\" content=\"https:\/\/d2p6e6u75xmxt8.cloudfront.net\/13\/2022\/08\/sagan-MS-selfie-150x150.webp\"><a href=\"https:\/\/www.welovecycling.com\/cs\/2022\/09\/27\/peter-sagan-si-pohrava-s-myslenkami-na-konec-jak-dlouho-jeste-vydrzi\/\" class=\"image-holder\" target=\"_self\"><img decoding=\"async\" loading=\"lazy\" class=\"\" src=\"https:\/\/d2p6e6u75xmxt8.cloudfront.net\/13\/2022\/08\/sagan-MS-selfie-1024x683.webp\" srcset=\"https:\/\/d2p6e6u75xmxt8.cloudfront.net\/13\/2022\/08\/sagan-MS-selfie.webp 2048w, https:\/\/d2p6e6u75xmxt8.cloudfront.net\/13\/2022\/08\/sagan-MS-selfie-300x200.webp 300w, https:\/\/d2p6e6u75xmxt8.cloudfront.net\/13\/2022\/08\/sagan-MS-selfie-1024x683.webp 1024w, https:\/\/d2p6e6u75xmxt8.cloudfront.net\/13\/2022\/08\/sagan-MS-selfie-768x512.webp 768w, https:\/\/d2p6e6u75xmxt8.cloudfront.net\/13\/2022\/08\/sagan-MS-selfie-1536x1025.webp 1536w, https:\/\/d2p6e6u75xmxt8.cloudfront.net\/13\/2022\/08\/sagan-MS-selfie-1920x1281.webp 1920w, https:\/\/d2p6e6u75xmxt8.cloudfront.net\/13\/2022\/08\/sagan-MS-selfie-272x182.webp 272w, https:\/\/d2p6e6u75xmxt8.cloudfront.net\/13\/2022\/08\/sagan-MS-selfie-1920x1281.webp 1920w\" width=\"1024\" height=\"683\" sizes=\"auto, (min-width: 1200px) 300px, (min-width: 768px) 25vw, 100vw\" alt=\"peter-sagan-si-pohrava-s-myslenkami-na-konec-jak-dlouho-jeste-vydrzi\"\/><\/a><\/div>    <div class=\"entry-meta\">\n        <a class=\"label label-secondary post-category\" href=\"https:\/\/www.welovecycling.com\/cs\/category\/silnicni-cyklistika\/\" title=\"Silni\u010dn\u00ed cyklistika\">Silni\u010dn\u00ed cyklistika<\/a>\n    <\/div>\n    <div class=\"entry-details\">\n        <a href=\"https:\/\/www.welovecycling.com\/cs\/2022\/09\/27\/peter-sagan-si-pohrava-s-myslenkami-na-konec-jak-dlouho-jeste-vydrzi\/\" class='entry-title-wrapper'>\n            <h3 class=\"entry-title\"><span>Peter Sagan si pohr\u00e1v\u00e1 s my\u0161lenkami na konec. Jak dlouho je\u0161t\u011b vydr\u017e\u00ed?<\/span><\/h3>\n        <\/a>\n    <\/div>\n    <\/article>\n<\/div>\n<p>Alejandro Valverde nijak netaj\u00ed, \u017ee 139 v\u00edt\u011bzstv\u00ed bylo skv\u011bl\u00fdm hnac\u00edm motorem. \u201eProhry \u010dlov\u011bka unav\u00ed, ale v\u00edt\u011bzstv\u00ed nikdy,\u201c \u0159ehnil se. \u201eV\u00a0cyklistice za\u017eijete \u010dast\u011bji pocit prohry ne\u017e v\u00edt\u011bzstv\u00ed. Ale pokud jste ve h\u0159e o v\u00edt\u011bzstv\u00ed, znamen\u00e1 to, \u017ee je v\u0161e v\u00a0po\u0159\u00e1dku,\u201c prozradil recept na udr\u017een\u00ed motivace \u0161pan\u011blsk\u00fd z\u00e1vodn\u00edk.<\/p>\n<figure id=\"attachment_18973\" aria-describedby=\"caption-attachment-18973\" style=\"width: 1800px\" class=\"wp-caption alignnone\"><a href=\"https:\/\/d2p6e6u75xmxt8.cloudfront.net\/13\/2022\/10\/Innsbruck-valverde-profimedia-0389160354.jpg\"><img loading=\"lazy\" decoding=\"async\" class=\"size-full wp-image-18973\" src=\"https:\/\/d2p6e6u75xmxt8.cloudfront.net\/13\/2022\/10\/Innsbruck-valverde-profimedia-0389160354.jpg\" alt=\"Alejandro Valverde\" width=\"1800\" height=\"1110\" \/><\/a><figcaption id=\"caption-attachment-18973\" class=\"wp-caption-text\"><em>Alejandro Valverde a jeho zlat\u00e1 euforie na mistrovstv\u00ed sv\u011bta v roce 2018. Foto: profimedia<\/em><\/figcaption><\/figure>\n<p>\u201eKl\u00ed\u010dov\u00fd nen\u00ed v\u011bk. Rozhoduj\u00edc\u00ed je motivace. Kdy\u017e jsem byl v\u00a0pelotonu, ne\u0159e\u0161il jsem, jestli jsem star\u0161\u00ed o dvacet let. C\u00edtil jsem se stejn\u011b star\u00fd jako moji vrstevn\u00edci,\u201c vysv\u011btloval z\u00e1vodn\u00edk Movistaru.<\/p>\n<h2><strong>Vlastn\u00ed t\u00fdm pro cyklistick\u00e9 nad\u011bje<\/strong><\/h2>\n<p>Sou\u010d\u00e1st\u00ed nej\u00fasp\u011b\u0161n\u011bj\u0161\u00ed \u0161pan\u011blsk\u00e9 formace se stal v\u00a0sezon\u011b 2011 v\u00a0okam\u017eiku, kdy jeho kari\u00e9ru po\u0161pinil dvoulet\u00fd trest za \u00fa\u010dast v\u00a0dopingov\u00e9 kauze Operacion Puerto. \u00a0Mezi mnoha krevn\u00edmi konzervami v\u00a0laborato\u0159i l\u00e9ka\u0159e Eufemiana Fuentese byla \u00fadajn\u011b i jedna, kter\u00e1 pat\u0159ila Valverdemu. Po mnoha soudn\u00edch jedn\u00e1n\u00edch nesm\u011bl rod\u00e1k z\u00a0Murcie z\u00e1vodit v\u00a0roce 2011 a v\u0161echny v\u00fdsledky z\u00a0p\u0159ede\u0161l\u00e9 sezony mu byly anulovany.<\/p>\n<figure id=\"attachment_18972\" aria-describedby=\"caption-attachment-18972\" style=\"width: 1800px\" class=\"wp-caption alignnone\"><a href=\"https:\/\/d2p6e6u75xmxt8.cloudfront.net\/13\/2022\/10\/valverde-profimedia-0072343486.jpg\"><img loading=\"lazy\" decoding=\"async\" class=\"size-full wp-image-18972\" src=\"https:\/\/d2p6e6u75xmxt8.cloudfront.net\/13\/2022\/10\/valverde-profimedia-0072343486.jpg\" alt=\"Pozn\u00e1te ho? Alejandro Valverde\" width=\"1800\" height=\"1413\" \/><\/a><figcaption id=\"caption-attachment-18972\" class=\"wp-caption-text\"><em>Pozn\u00e1te ho? Alejandro Valverde v z\u00e1\u0159\u00ed 2003 po prvn\u00edm etapov\u00e9m v\u00edt\u011bzstv\u00ed na Vuelt\u011b. Foto: profimedia<\/em><\/figcaption><\/figure>\n<p>V\u00a0rodn\u00e9 zemi p\u0159esto z\u016fstal milovan\u00fdm hrdinou. Kdy\u017e p\u0159ed p\u00e1r t\u00fddny absolvoval \u0161estn\u00e1ctou Vueltu, v\u0161ude jej fanou\u0161ci v\u00edtali s\u00a0nad\u0161en\u00edm a eufori\u00ed. \u201eBylo \u00fa\u017easn\u00e9, jak v\u0159el\u00e9ho p\u0159ijet\u00ed se mi dost\u00e1valo b\u011bhem jednotliv\u00fdch etap Vuelty, a\u0165 u\u017e jsme p\u0159ijeli kamkoliv. D\u011blalo mi velkou radost, kdy\u017e lid\u00e9 d\u00e1vali najevo sv\u00e9 uzn\u00e1n\u00ed. Znamenalo to, \u017ee jim m\u00e9 sportovn\u00ed \u00fasp\u011bchy d\u011blaly stejnou radost jako mn\u011b,\u201c usm\u00e1l se Valverde.<\/p>\n<div class=\"shortcode-ys-post-pinup\"><article class=\"loop-simple post-18847 post type-post status-publish format-standard has-post-thumbnail hentry category-horska-cyklistika tag-cape-epic tag-cyklistika tag-horska-cyklistika tag-jaroslav-kulhavy tag-londyn-2012 tag-mistrovstvi-evropy tag-ms-champery tag-olympijske-hry tag-rio-2016 tag-svetovy-pohar tag-windham global-categories-cycling\" data-postid=\"18847\" role=\"article\" data-post-id=\"18847\" data-word-count=\"1065\" data-headline-length=\"69\" data-category=\"Horsk\u00e1 cyklistika\" data-global-category=\"Cycling\" data-author=\"We Love Cycling\" data-published=\"2022-09-22T15:00:44+02:00\" data-published-day=\"Thursday\">\n    <div class=\"entry-thumbnail article-thumbnail\" content=\"https:\/\/d2p6e6u75xmxt8.cloudfront.net\/13\/2022\/09\/2012_Londyn_3-150x150.webp\"><a href=\"https:\/\/www.welovecycling.com\/cs\/2022\/09\/22\/jaroslav-kulhavy-odchazi-muz-ktery-zmenil-cyklistiku-v-cesku\/\" class=\"image-holder\" target=\"_self\"><img decoding=\"async\" loading=\"lazy\" class=\"\" src=\"https:\/\/d2p6e6u75xmxt8.cloudfront.net\/13\/2022\/09\/2012_Londyn_3-1024x682.webp\" srcset=\"https:\/\/d2p6e6u75xmxt8.cloudfront.net\/13\/2022\/09\/2012_Londyn_3.webp 2000w, https:\/\/d2p6e6u75xmxt8.cloudfront.net\/13\/2022\/09\/2012_Londyn_3-300x200.webp 300w, https:\/\/d2p6e6u75xmxt8.cloudfront.net\/13\/2022\/09\/2012_Londyn_3-1024x682.webp 1024w, https:\/\/d2p6e6u75xmxt8.cloudfront.net\/13\/2022\/09\/2012_Londyn_3-768x512.webp 768w, https:\/\/d2p6e6u75xmxt8.cloudfront.net\/13\/2022\/09\/2012_Londyn_3-1536x1024.webp 1536w, https:\/\/d2p6e6u75xmxt8.cloudfront.net\/13\/2022\/09\/2012_Londyn_3-1920x1280.webp 1920w, https:\/\/d2p6e6u75xmxt8.cloudfront.net\/13\/2022\/09\/2012_Londyn_3-272x182.webp 272w, https:\/\/d2p6e6u75xmxt8.cloudfront.net\/13\/2022\/09\/2012_Londyn_3-1920x1280.webp 1920w\" width=\"1024\" height=\"682\" sizes=\"auto, (min-width: 1200px) 300px, (min-width: 768px) 25vw, 100vw\" alt=\"jaroslav-kulhavy-odchazi-muz-ktery-zmenil-cyklistiku-v-cesku\"\/><\/a><\/div>    <div class=\"entry-meta\">\n        <a class=\"label label-secondary post-category\" href=\"https:\/\/www.welovecycling.com\/cs\/category\/horska-cyklistika\/\" title=\"Horsk\u00e1 cyklistika\">Horsk\u00e1 cyklistika<\/a>\n    <\/div>\n    <div class=\"entry-details\">\n        <a href=\"https:\/\/www.welovecycling.com\/cs\/2022\/09\/22\/jaroslav-kulhavy-odchazi-muz-ktery-zmenil-cyklistiku-v-cesku\/\" class='entry-title-wrapper'>\n            <h3 class=\"entry-title\"><span>Jaroslav Kulhav\u00fd: odch\u00e1z\u00ed mu\u017e, kter\u00fd zm\u011bnil cyklistiku v \u010cesku<\/span><\/h3>\n        <\/a>\n    <\/div>\n    <\/article>\n<\/div>\n<p>V\u00a0p\u0159\u00ed\u0161t\u00ed sezon\u011b bude d\u00e1l sou\u010d\u00e1st\u00ed t\u00fdmu Movistar v\u00a0pozici poradce. \u201eC\u00edt\u00edm nad\u0161en\u00ed z\u00a0budoucnosti a v\u0161eho, co m\u011b \u010dek\u00e1. Ale pochopiteln\u011b smutek, \u017ee odch\u00e1z\u00edm. Zejm\u00e9na s\u00a0ohledem na aktu\u00e1ln\u00ed \u00farove\u0148, na n\u00ed\u017e se dr\u017e\u00edm,\u201c pouk\u00e1zal na skute\u010dnost, \u017ee i ve dvaa\u010dty\u0159iceti letech pat\u0159\u00ed k\u00a0hv\u011bzd\u00e1m World Tour.<\/p>\n<p>Krom\u011b pr\u00e1ce mezi elitou bude bedliv\u011b dohl\u00ed\u017eet na ml\u00e1de\u017enick\u00fd t\u00fdm Valverde Team. Dost mo\u017en\u00e1 tam n\u011bkter\u00fd z\u00a0jeho syn\u016f vyjede vst\u0159\u00edc hv\u011bzdn\u00e9 kari\u00e9\u0159e, aby se p\u0159ibl\u00ed\u017eili otci. \u201ePokud budou usilovat o cyklistickou kari\u00e9ru, podpo\u0159\u00edm je. Ale nevyv\u00edj\u00edm na n\u011b \u017e\u00e1dn\u00fd tlak.\u201c<\/p>\n","protected":false},"excerpt":{"rendered":"<p>Legenda definitivn\u011b odch\u00e1z\u00ed. Alejandro Valverde po n\u011bkolika odkladech odch\u00e1z\u00ed do cyklistick\u00e9ho d\u016fchodu. Po jednadvaceti letech v profesion\u00e1ln\u00edm pelotonu s neuv\u011b\u0159iteln\u00fdmi [&hellip;]<\/p>\n","protected":false},"author":138,"featured_media":18860,"comment_status":"open","ping_status":"open","sticky":false,"template":"","format":"standard","meta":{"footnotes":""},"categories":[10],"tags":[503,126,54,1950,1154,9,23,27,273],"global-categories":[411],"class_list":["post-18971","post","type-post","status-publish","format-standard","has-post-thumbnail","hentry","category-silnicni-cyklistika","tag-alejandro-valverde","tag-cyklistika","tag-doping","tag-konec-kariery","tag-mistrovstvi-sveta","tag-silnicni-cyklistika","tag-tour-de-france","tag-trenink","tag-vuelta","global-categories-cycling"],"yoast_head":"<!-- This site is optimized with the Yoast SEO Premium plugin v25.3 (Yoast SEO v25.9) - https:\/\/yoast.com\/wordpress\/plugins\/seo\/ -->\n<title>Odch\u00e1zej\u00edc\u00ed Alejandro Valverde: Sny jsem p\u0159ekonal mnohon\u00e1sobn\u011b | \u0160koda We Love Cycling - \u010cesk\u00e1 republika<\/title>\n<meta name=\"description\" content=\"Legenda definitivn\u011b odch\u00e1z\u00ed. Alejandro Valverde po n\u011bkolika odkladech m\u00ed\u0159\u00ed do cyklistick\u00e9ho d\u016fchodu po 21 letech ve World Tour.\" \/>\n<meta name=\"robots\" content=\"index, follow, max-snippet:-1, max-image-preview:large, max-video-preview:-1\" \/>\n<link rel=\"canonical\" href=\"https:\/\/www.welovecycling.com\/cs\/2022\/10\/10\/odchazejici-alejandro-valverde-sny-jsem-prekonal-mnohonasobne\/\" \/>\n<meta property=\"og:locale\" content=\"cs_CZ\" \/>\n<meta property=\"og:type\" content=\"article\" \/>\n<meta property=\"og:title\" content=\"Odch\u00e1zej\u00edc\u00ed Alejandro Valverde: Sny jsem p\u0159ekonal mnohon\u00e1sobn\u011b\" \/>\n<meta property=\"og:description\" content=\"Legenda definitivn\u011b odch\u00e1z\u00ed. Alejandro Valverde po n\u011bkolika odkladech m\u00ed\u0159\u00ed do cyklistick\u00e9ho d\u016fchodu po 21 letech ve World Tour.\" \/>\n<meta property=\"og:url\" content=\"https:\/\/www.welovecycling.com\/cs\/2022\/10\/10\/odchazejici-alejandro-valverde-sny-jsem-prekonal-mnohonasobne\/\" \/>\n<meta property=\"og:site_name\" content=\"\u0160koda We Love Cycling - \u010cesk\u00e1 republika\" \/>\n<meta property=\"article:published_time\" content=\"2022-10-10T14:00:52+00:00\" \/>\n<meta property=\"og:image\" content=\"https:\/\/d2p6e6u75xmxt8.cloudfront.net\/13\/2022\/09\/valverde-3.webp\" \/>\n\t<meta property=\"og:image:width\" content=\"2000\" \/>\n\t<meta property=\"og:image:height\" content=\"1333\" \/>\n\t<meta property=\"og:image:type\" content=\"image\/webp\" \/>\n<meta name=\"author\" content=\"radekmalina\" \/>\n<meta name=\"twitter:card\" content=\"summary_large_image\" \/>\n<meta name=\"twitter:label1\" content=\"Written by\" \/>\n\t<meta name=\"twitter:data1\" content=\"We Love Cycling\" \/>\n\t<meta name=\"twitter:label2\" content=\"Est. reading time\" \/>\n\t<meta name=\"twitter:data2\" content=\"8\" \/>\n<script type=\"application\/ld+json\" class=\"yoast-schema-graph\">{\"@context\":\"https:\/\/schema.org\",\"@graph\":[{\"@type\":\"WebPage\",\"@id\":\"https:\/\/www.welovecycling.com\/cs\/2022\/10\/10\/odchazejici-alejandro-valverde-sny-jsem-prekonal-mnohonasobne\/\",\"url\":\"https:\/\/www.welovecycling.com\/cs\/2022\/10\/10\/odchazejici-alejandro-valverde-sny-jsem-prekonal-mnohonasobne\/\",\"name\":\"Odch\u00e1zej\u00edc\u00ed Alejandro Valverde: Sny jsem p\u0159ekonal mnohon\u00e1sobn\u011b | \u0160koda We Love Cycling - \u010cesk\u00e1 republika\",\"isPartOf\":{\"@id\":\"https:\/\/www.welovecycling.com\/cs\/#website\"},\"primaryImageOfPage\":{\"@id\":\"https:\/\/www.welovecycling.com\/cs\/2022\/10\/10\/odchazejici-alejandro-valverde-sny-jsem-prekonal-mnohonasobne\/#primaryimage\"},\"image\":{\"@id\":\"https:\/\/www.welovecycling.com\/cs\/2022\/10\/10\/odchazejici-alejandro-valverde-sny-jsem-prekonal-mnohonasobne\/#primaryimage\"},\"thumbnailUrl\":\"https:\/\/d2p6e6u75xmxt8.cloudfront.net\/13\/2022\/09\/valverde-3.webp\",\"datePublished\":\"2022-10-10T14:00:52+00:00\",\"author\":{\"@id\":\"https:\/\/www.welovecycling.com\/cs\/#\/schema\/person\/d9eeb0a378f3a7e4a6d12d2b536b04b8\"},\"description\":\"Legenda definitivn\u011b odch\u00e1z\u00ed. Alejandro Valverde po n\u011bkolika odkladech m\u00ed\u0159\u00ed do cyklistick\u00e9ho d\u016fchodu po 21 letech ve World Tour.\",\"inLanguage\":\"cs\",\"potentialAction\":[{\"@type\":\"ReadAction\",\"target\":[\"https:\/\/www.welovecycling.com\/cs\/2022\/10\/10\/odchazejici-alejandro-valverde-sny-jsem-prekonal-mnohonasobne\/\"]}]},{\"@type\":\"ImageObject\",\"inLanguage\":\"cs\",\"@id\":\"https:\/\/www.welovecycling.com\/cs\/2022\/10\/10\/odchazejici-alejandro-valverde-sny-jsem-prekonal-mnohonasobne\/#primaryimage\",\"url\":\"https:\/\/d2p6e6u75xmxt8.cloudfront.net\/13\/2022\/09\/valverde-3.webp\",\"contentUrl\":\"https:\/\/d2p6e6u75xmxt8.cloudfront.net\/13\/2022\/09\/valverde-3.webp\",\"width\":2000,\"height\":1333,\"caption\":\"Alejandro Valverde\"},{\"@type\":\"WebSite\",\"@id\":\"https:\/\/www.welovecycling.com\/cs\/#website\",\"url\":\"https:\/\/www.welovecycling.com\/cs\/\",\"name\":\"\u0160koda We Love Cycling - \u010cesk\u00e1 republika\",\"description\":\"WeLoveCycling.cz je online magaz\u00edn, kter\u00fd v\u00e1m pravideln\u011b p\u0159in\u00e1\u0161\u00ed rady a tipy, zaj\u00edmav\u00e9 \u010dl\u00e1nky, videa a jedine\u010dn\u00e9 report\u00e1\u017ee ze sv\u011bta cyklistiky.\",\"potentialAction\":[{\"@type\":\"SearchAction\",\"target\":{\"@type\":\"EntryPoint\",\"urlTemplate\":\"https:\/\/www.welovecycling.com\/cs\/?s={search_term_string}\"},\"query-input\":{\"@type\":\"PropertyValueSpecification\",\"valueRequired\":true,\"valueName\":\"search_term_string\"}}],\"inLanguage\":\"cs\"},{\"@type\":\"Person\",\"@id\":\"https:\/\/www.welovecycling.com\/cs\/#\/schema\/person\/d9eeb0a378f3a7e4a6d12d2b536b04b8\",\"name\":\"radekmalina\",\"image\":{\"@type\":\"ImageObject\",\"inLanguage\":\"cs\",\"@id\":\"https:\/\/www.welovecycling.com\/cs\/#\/schema\/person\/image\/\",\"url\":\"https:\/\/secure.gravatar.com\/avatar\/66994b632cb8c39a46b9f54afa3ae07201b678d32a54275b6f1c9ffec356bfc0?s=96&d=mm&r=g\",\"contentUrl\":\"https:\/\/secure.gravatar.com\/avatar\/66994b632cb8c39a46b9f54afa3ae07201b678d32a54275b6f1c9ffec356bfc0?s=96&d=mm&r=g\",\"caption\":\"radekmalina\"},\"url\":\"https:\/\/www.welovecycling.com\/cs\/author\/radekmalina\/\"}]}<\/script>\n<!-- \/ Yoast SEO Premium plugin. -->","yoast_head_json":{"title":"Odch\u00e1zej\u00edc\u00ed Alejandro Valverde: Sny jsem p\u0159ekonal mnohon\u00e1sobn\u011b | \u0160koda We Love Cycling - \u010cesk\u00e1 republika","description":"Legenda definitivn\u011b odch\u00e1z\u00ed. Alejandro Valverde po n\u011bkolika odkladech m\u00ed\u0159\u00ed do cyklistick\u00e9ho d\u016fchodu po 21 letech ve World Tour.","robots":{"index":"index","follow":"follow","max-snippet":"max-snippet:-1","max-image-preview":"max-image-preview:large","max-video-preview":"max-video-preview:-1"},"canonical":"https:\/\/www.welovecycling.com\/cs\/2022\/10\/10\/odchazejici-alejandro-valverde-sny-jsem-prekonal-mnohonasobne\/","og_locale":"cs_CZ","og_type":"article","og_title":"Odch\u00e1zej\u00edc\u00ed Alejandro Valverde: Sny jsem p\u0159ekonal mnohon\u00e1sobn\u011b","og_description":"Legenda definitivn\u011b odch\u00e1z\u00ed. Alejandro Valverde po n\u011bkolika odkladech m\u00ed\u0159\u00ed do cyklistick\u00e9ho d\u016fchodu po 21 letech ve World Tour.","og_url":"https:\/\/www.welovecycling.com\/cs\/2022\/10\/10\/odchazejici-alejandro-valverde-sny-jsem-prekonal-mnohonasobne\/","og_site_name":"\u0160koda We Love Cycling - \u010cesk\u00e1 republika","article_published_time":"2022-10-10T14:00:52+00:00","og_image":[{"width":2000,"height":1333,"url":"https:\/\/d2p6e6u75xmxt8.cloudfront.net\/13\/2022\/09\/valverde-3.webp","type":"image\/webp"}],"author":"radekmalina","twitter_card":"summary_large_image","twitter_misc":{"Written by":"We Love Cycling","Est. reading time":"8"},"schema":{"@context":"https:\/\/schema.org","@graph":[{"@type":"WebPage","@id":"https:\/\/www.welovecycling.com\/cs\/2022\/10\/10\/odchazejici-alejandro-valverde-sny-jsem-prekonal-mnohonasobne\/","url":"https:\/\/www.welovecycling.com\/cs\/2022\/10\/10\/odchazejici-alejandro-valverde-sny-jsem-prekonal-mnohonasobne\/","name":"Odch\u00e1zej\u00edc\u00ed Alejandro Valverde: Sny jsem p\u0159ekonal mnohon\u00e1sobn\u011b | \u0160koda We Love Cycling - \u010cesk\u00e1 republika","isPartOf":{"@id":"https:\/\/www.welovecycling.com\/cs\/#website"},"primaryImageOfPage":{"@id":"https:\/\/www.welovecycling.com\/cs\/2022\/10\/10\/odchazejici-alejandro-valverde-sny-jsem-prekonal-mnohonasobne\/#primaryimage"},"image":{"@id":"https:\/\/www.welovecycling.com\/cs\/2022\/10\/10\/odchazejici-alejandro-valverde-sny-jsem-prekonal-mnohonasobne\/#primaryimage"},"thumbnailUrl":"https:\/\/d2p6e6u75xmxt8.cloudfront.net\/13\/2022\/09\/valverde-3.webp","datePublished":"2022-10-10T14:00:52+00:00","author":{"@id":"https:\/\/www.welovecycling.com\/cs\/#\/schema\/person\/d9eeb0a378f3a7e4a6d12d2b536b04b8"},"description":"Legenda definitivn\u011b odch\u00e1z\u00ed. Alejandro Valverde po n\u011bkolika odkladech m\u00ed\u0159\u00ed do cyklistick\u00e9ho d\u016fchodu po 21 letech ve World Tour.","inLanguage":"cs","potentialAction":[{"@type":"ReadAction","target":["https:\/\/www.welovecycling.com\/cs\/2022\/10\/10\/odchazejici-alejandro-valverde-sny-jsem-prekonal-mnohonasobne\/"]}]},{"@type":"ImageObject","inLanguage":"cs","@id":"https:\/\/www.welovecycling.com\/cs\/2022\/10\/10\/odchazejici-alejandro-valverde-sny-jsem-prekonal-mnohonasobne\/#primaryimage","url":"https:\/\/d2p6e6u75xmxt8.cloudfront.net\/13\/2022\/09\/valverde-3.webp","contentUrl":"https:\/\/d2p6e6u75xmxt8.cloudfront.net\/13\/2022\/09\/valverde-3.webp","width":2000,"height":1333,"caption":"Alejandro Valverde"},{"@type":"WebSite","@id":"https:\/\/www.welovecycling.com\/cs\/#website","url":"https:\/\/www.welovecycling.com\/cs\/","name":"\u0160koda We Love Cycling - \u010cesk\u00e1 republika","description":"WeLoveCycling.cz je online magaz\u00edn, kter\u00fd v\u00e1m pravideln\u011b p\u0159in\u00e1\u0161\u00ed rady a tipy, zaj\u00edmav\u00e9 \u010dl\u00e1nky, videa a jedine\u010dn\u00e9 report\u00e1\u017ee ze sv\u011bta cyklistiky.","potentialAction":[{"@type":"SearchAction","target":{"@type":"EntryPoint","urlTemplate":"https:\/\/www.welovecycling.com\/cs\/?s={search_term_string}"},"query-input":{"@type":"PropertyValueSpecification","valueRequired":true,"valueName":"search_term_string"}}],"inLanguage":"cs"},{"@type":"Person","@id":"https:\/\/www.welovecycling.com\/cs\/#\/schema\/person\/d9eeb0a378f3a7e4a6d12d2b536b04b8","name":"radekmalina","image":{"@type":"ImageObject","inLanguage":"cs","@id":"https:\/\/www.welovecycling.com\/cs\/#\/schema\/person\/image\/","url":"https:\/\/secure.gravatar.com\/avatar\/66994b632cb8c39a46b9f54afa3ae07201b678d32a54275b6f1c9ffec356bfc0?s=96&d=mm&r=g","contentUrl":"https:\/\/secure.gravatar.com\/avatar\/66994b632cb8c39a46b9f54afa3ae07201b678d32a54275b6f1c9ffec356bfc0?s=96&d=mm&r=g","caption":"radekmalina"},"url":"https:\/\/www.welovecycling.com\/cs\/author\/radekmalina\/"}]}},"_links":{"self":[{"href":"https:\/\/www.welovecycling.com\/cs\/wp-json\/wp\/v2\/posts\/18971","targetHints":{"allow":["GET"]}}],"collection":[{"href":"https:\/\/www.welovecycling.com\/cs\/wp-json\/wp\/v2\/posts"}],"about":[{"href":"https:\/\/www.welovecycling.com\/cs\/wp-json\/wp\/v2\/types\/post"}],"author":[{"embeddable":true,"href":"https:\/\/www.welovecycling.com\/cs\/wp-json\/wp\/v2\/users\/138"}],"replies":[{"embeddable":true,"href":"https:\/\/www.welovecycling.com\/cs\/wp-json\/wp\/v2\/comments?post=18971"}],"version-history":[{"count":1,"href":"https:\/\/www.welovecycling.com\/cs\/wp-json\/wp\/v2\/posts\/18971\/revisions"}],"predecessor-version":[{"id":18974,"href":"https:\/\/www.welovecycling.com\/cs\/wp-json\/wp\/v2\/posts\/18971\/revisions\/18974"}],"wp:featuredmedia":[{"embeddable":true,"href":"https:\/\/www.welovecycling.com\/cs\/wp-json\/wp\/v2\/media\/18860"}],"wp:attachment":[{"href":"https:\/\/www.welovecycling.com\/cs\/wp-json\/wp\/v2\/media?parent=18971"}],"wp:term":[{"taxonomy":"category","embeddable":true,"href":"https:\/\/www.welovecycling.com\/cs\/wp-json\/wp\/v2\/categories?post=18971"},{"taxonomy":"post_tag","embeddable":true,"href":"https:\/\/www.welovecycling.com\/cs\/wp-json\/wp\/v2\/tags?post=18971"},{"taxonomy":"global-categories","embeddable":true,"href":"https:\/\/www.welovecycling.com\/cs\/wp-json\/wp\/v2\/global-categories?post=18971"}],"curies":[{"name":"wp","href":"https:\/\/api.w.org\/{rel}","templated":true}]}}