{"id":18964,"date":"2022-10-11T10:37:44","date_gmt":"2022-10-11T08:37:44","guid":{"rendered":"https:\/\/www.welovecycling.com\/cs\/?p=18964"},"modified":"2022-10-12T15:06:20","modified_gmt":"2022-10-12T13:06:20","slug":"outfindo-jak-vybrat-kolo-za-4-minuty","status":"publish","type":"post","link":"https:\/\/www.welovecycling.com\/cs\/2022\/10\/11\/outfindo-jak-vybrat-kolo-za-4-minuty\/","title":{"rendered":"OUTFINDO: Jak vybrat kolo za 4 minuty"},"content":{"rendered":"<p><strong>Pades\u00e1t procent \u010cech\u016f ve v\u011bku nad patn\u00e1ct let jezd\u00ed na kole. Velk\u00e1 \u010d\u00e1st z nich poznala, jak slo\u017eit\u00e9 je vybrat kolo, kter\u00e9 opravdu sedne a odpov\u00edd\u00e1 p\u0159edstav\u00e1m. Z v\u00fdzkum\u016f vypl\u00fdv\u00e1, \u017ee ud\u011blat chybu p\u0159i v\u00fdb\u011bru kola nen\u00ed slo\u017eit\u00e9. A rozhodn\u011b neplat\u00ed, \u017ee sto procent z\u00e1kazn\u00edk\u016f je se svoj\u00ed volbou spokojeno.\u00a0Jak vypl\u00fdv\u00e1 z\u00a0v\u00edce ne\u017e sto hodin nez\u00e1visl\u00fdch u\u017eivatelsk\u00fdch test\u016f platformy Outfindo v\u011bt\u0161ina z\u00e1kazn\u00edk\u016f na za\u010d\u00e1tku sv\u00e9ho v\u00fdb\u011bru vlastn\u011b netu\u0161\u00ed, jak\u00e9 kolo si chce po\u0159\u00eddit.<\/strong><\/p>\n<p>Nepochybn\u011b existuj\u00ed jedinci, kte\u0159\u00ed p\u0159esn\u011b v\u011bd\u00ed, co hledaj\u00ed a dok\u00e1\u017e\u00ed specifikovat po\u017eadavky na nov\u00fd bicykl. Nicm\u00e9n\u011b podle u\u017eivatelsk\u00fdch test\u016f jde jen o zlomek populace. Zbytek, a\u017e osmdes\u00e1t procent nerozhodn\u00fdch potenci\u00e1ln\u00edch kupc\u016f kola se pust\u00ed vlastn\u00edmi silami do po\u0159\u00e1dn\u00e9 online re\u0161er\u0161e.<\/p>\n<p>\u0158e\u0161\u00ed typ kola, kter\u00e9 je pro n\u011b nejvhodn\u011bj\u0161\u00ed. Obecn\u011b nejprod\u00e1van\u011bj\u0161\u00edmi stroji na tuzemsk\u00e9m trhu jsou horsk\u00e1 kola, co\u017e plat\u00ed dlouhodob\u011b. Ov\u0161em mnoz\u00ed s\u00a0\u00fa\u017easem zji\u0161\u0165uj\u00ed, \u017ee mo\u017enosti se za n\u011bkolik posledn\u00edch let dramaticky rozrostly. A pak spekuluj\u00ed, zda je vhodn\u011bj\u0161\u00ed volbou MTB, gravel, silnice&#8230;<\/p>\n<h2><strong>Nedejte na rady pseudoodborn\u00edk\u016f<\/strong><\/h2>\n<p>Jsou p\u0159ekvapeni pestrou nab\u00eddkou materi\u00e1l\u016f, komponent\u016f i dopl\u0148k\u016f. V\u011bt\u0161inou se ztr\u00e1cej\u00ed ve v\u00fdb\u011bru vhodn\u00e9 velikosti r\u00e1mu, nebo\u0165 v\u016fbec netu\u0161\u00ed, \u017ee ka\u017ed\u00fd v\u00fdrobce m\u00e1 rozd\u00edln\u00e9 tabulky. Pr\u00e1v\u011b trefit spr\u00e1vnou velikost kola p\u0159edstavuje velkou ot\u00e1zku p\u0159i \u0159e\u0161en\u00ed n\u00e1kupu kola.<\/p>\n<figure id=\"attachment_18966\" aria-describedby=\"caption-attachment-18966\" style=\"width: 640px\" class=\"wp-caption alignnone\"><a href=\"https:\/\/outfindo.cz\/\"><img loading=\"lazy\" decoding=\"async\" class=\"size-full wp-image-18966\" src=\"https:\/\/d2p6e6u75xmxt8.cloudfront.net\/13\/2022\/10\/outfindo-hpvypis.jpeg\" alt=\"Outfindo\" width=\"640\" height=\"480\" \/><\/a><figcaption id=\"caption-attachment-18966\" class=\"wp-caption-text\"><em>Outfindo nab\u00edz\u00ed absolutn\u011b nestrann\u00e9 porovn\u00e1n\u00ed kol nap\u0159\u00ed\u010d zna\u010dkami.<\/em><\/figcaption><\/figure>\n<p>Z\u00e1sadn\u00ed nezn\u00e1mou je i cenov\u00e1 hladina, v\u00a0n\u00ed\u017e je t\u0159eba se pohybovat. S\u00a0ohledem na neznalost nab\u00eddky a nerozhodnost, pro kter\u00fd segment se rozhodnout, je probl\u00e9m ur\u010dit, co je je\u0161t\u011b cenov\u011b akceptovateln\u00e9 a co naopak u\u017e nikoliv i s\u00a0ohledem na vlastn\u00ed styl je\u017ed\u011bn\u00ed. Pokud jde o p\u0159\u00edle\u017eitostn\u00e9ho jezdce, pohybuje se v\u00a0jin\u00e9 cenov\u00e9 relaci ne\u017e v\u00fdkonnostn\u00ed sportovec.<\/p>\n<p>Sedmdes\u00e1t procent z\u00e1kazn\u00edk\u016f ve fin\u00e1le stejn\u011b vyraz\u00ed pro radu odborn\u00edka na nejbli\u017e\u0161\u00ed prodejnu, p\u0159\u00edpadn\u011b do obchodu, s\u00a0n\u00edm\u017e maj\u00ed zku\u0161enost z\u00a0minulosti. Pova\u017euj\u00ed za nutnost si kolo prohl\u00e9dnout a konzultovat v\u0161e s\u00a0expertem, by\u0165 v\u00a0kamenn\u00e9m obchod\u011b je pochopiteln\u011b v\u00fdb\u011br diametr\u00e1ln\u011b men\u0161\u00ed ve srovn\u00e1n\u00ed s\u00a0vyhled\u00e1v\u00e1n\u00edm online.<\/p>\n<div class=\"shortcode-ys-post-pinup\"><article class=\"loop-simple post-18837 post type-post status-publish format-video has-post-thumbnail hentry category-podcasty tag-cyklistika tag-gazprom-rusvelo tag-mathias-vacek tag-podcast tag-silnicni-cyklistika tag-trek-segafredo tag-trenink post_format-post-format-video global-categories-cycling\" data-postid=\"18837\" role=\"article\" data-post-id=\"18837\" data-word-count=\"270\" data-headline-length=\"99\" data-category=\"Podcasty\" data-global-category=\"Cycling\" data-author=\"We Love Cycling\" data-published=\"2022-09-25T02:00:53+02:00\" data-published-day=\"Sunday\">\n    <div class=\"entry-thumbnail article-thumbnail video-thumbnail\" content=\"https:\/\/d2p6e6u75xmxt8.cloudfront.net\/13\/2022\/09\/wlc-podcast-vacek-150x150.webp\"><svg class=\"play font-icon\"><use href=\"#play_round\" xlink:href=\"#play_round\"><\/use><\/svg><a href=\"https:\/\/www.welovecycling.com\/cs\/2022\/09\/25\/wlc-podcast-mathias-vacek-kdyz-me-mama-vozila-na-voziku-byl-jsem-psychicky-zlomeny\/\" class=\"image-holder\" target=\"_self\"><img decoding=\"async\" loading=\"lazy\" class=\"\" src=\"https:\/\/d2p6e6u75xmxt8.cloudfront.net\/13\/2022\/09\/wlc-podcast-vacek-1024x576.webp\" srcset=\"https:\/\/d2p6e6u75xmxt8.cloudfront.net\/13\/2022\/09\/wlc-podcast-vacek.webp 1920w, https:\/\/d2p6e6u75xmxt8.cloudfront.net\/13\/2022\/09\/wlc-podcast-vacek-300x169.webp 300w, https:\/\/d2p6e6u75xmxt8.cloudfront.net\/13\/2022\/09\/wlc-podcast-vacek-1024x576.webp 1024w, https:\/\/d2p6e6u75xmxt8.cloudfront.net\/13\/2022\/09\/wlc-podcast-vacek-768x432.webp 768w, https:\/\/d2p6e6u75xmxt8.cloudfront.net\/13\/2022\/09\/wlc-podcast-vacek-1536x864.webp 1536w\" width=\"1024\" height=\"576\" sizes=\"auto, (min-width: 1200px) 356px, (min-width: 768px) 30vw, 100vw\" alt=\"wlc-podcast-mathias-vacek-kdyz-me-mama-vozila-na-voziku-byl-jsem-psychicky-zlomeny\"\/><\/a><\/div>    <div class=\"entry-meta\">\n        <a class=\"label label-secondary post-category\" href=\"https:\/\/www.welovecycling.com\/cs\/category\/podcasty\/\" title=\"Podcasty\">Podcasty<\/a>\n    <\/div>\n    <div class=\"entry-details\">\n        <a href=\"https:\/\/www.welovecycling.com\/cs\/2022\/09\/25\/wlc-podcast-mathias-vacek-kdyz-me-mama-vozila-na-voziku-byl-jsem-psychicky-zlomeny\/\" class='entry-title-wrapper'>\n            <h3 class=\"entry-title\"><span>Mathias Vacek &#8211; podcast WLC: Kdy\u017e m\u011b m\u00e1ma tla\u010dila na voz\u00edku, byl jsem psychicky zlomen\u00fd<\/span><\/h3>\n        <\/a>\n    <\/div>\n    <\/article>\n<\/div>\n<p>Podle pr\u016fzkumu spole\u010dnosti Outfindo \u010dtvrtina z\u00e1kazn\u00edk\u016f n\u00e1sledn\u011b stejn\u011b konzultuje volbu je\u0161t\u011b s\u00a0n\u011bk\u00fdm z\u00a0okol\u00ed. \u010casto bohu\u017eel z\u00e1jemci o nov\u00e9 kolo d\u00e1vaj\u00ed na rady pseudoodborn\u00edk\u016f. Volba zna\u010dky prob\u00edh\u00e1 pr\u00e1v\u011b podle vlastnictv\u00ed kola n\u011bkter\u00e9ho ze zn\u00e1m\u00fdch \u010di na z\u00e1klad\u011b osobn\u00ed zku\u0161enosti z\u00a0minulosti. Logicky se tak dramaticky zu\u017euje mo\u017enost v\u00fdb\u011bru.<\/p>\n<h2><strong>Outfindo nab\u00edz\u00ed nestrann\u00e9 porovn\u00e1n\u00ed<\/strong><\/h2>\n<p>Po vytvo\u0159en\u00ed fin\u00e1ln\u00edho v\u00fdb\u011bru chce z\u00e1kazn\u00edk kola fyzicky vid\u011bt, co\u017e vy\u017eaduje dal\u0161\u00ed cestu na prodejnu, respektive prodejny, proto\u017ee jen v\u00fdjime\u010dn\u011b jsou vybran\u00e9 modely k\u00a0m\u00e1n\u00ed na jedn\u00e9 adrese. Soub\u011b\u017en\u011b z\u00e1kazn\u00edk v\u00a0online prost\u0159ed\u00ed hled\u00e1 ceny kol, kter\u00e1 vybral, aby m\u011bl jistotu, \u017ee dostane nejlevn\u011bj\u0161\u00ed mo\u017enou variantu.<\/p>\n<figure id=\"attachment_18965\" aria-describedby=\"caption-attachment-18965\" style=\"width: 640px\" class=\"wp-caption alignnone\"><a href=\"https:\/\/outfindo.cz\/\"><img loading=\"lazy\" decoding=\"async\" class=\"size-full wp-image-18965\" src=\"https:\/\/d2p6e6u75xmxt8.cloudfront.net\/13\/2022\/10\/outfindo-detailteplomer.jpeg\" alt=\"Outfindo\" width=\"640\" height=\"480\" \/><\/a><figcaption id=\"caption-attachment-18965\" class=\"wp-caption-text\"><em>Outfindo z\u00e1jemc\u016fm o nov\u00e9 kolo u\u0161et\u0159\u00ed t\u00fddny \u010di m\u011bs\u00edce t\u00e1p\u00e1n\u00ed.<\/em><\/figcaption><\/figure>\n<p>Outfindo z\u00e1jemc\u016fm o nov\u00e9 kolo u\u0161et\u0159\u00ed t\u00fddny \u010di m\u011bs\u00edce t\u00e1p\u00e1n\u00ed. Vhodn\u00e9 kolo najde pro ka\u017ed\u00e9ho za \u010dty\u0159i minuty. D\u00edky sv\u00e9 spolupr\u00e1ci s\u00a0eshopy a kamenn\u00fdmi prodejnami umo\u017e\u0148uje vyb\u00edrat online na jednom m\u00edst\u011b z\u00a0nej\u0161ir\u0161\u00ed nab\u00eddky kol a elektrokol v\u00a0\u010cech\u00e1ch.<\/p>\n<p>Z\u00e1kazn\u00edkovi jsou k\u00a0dispozici odborn\u00edci specializuj\u00edc\u00ed se na konkr\u00e9tn\u00ed segmenty, s\u00a0nimi\u017e je mo\u017en\u00e9 se kdykoliv spojit telefonicky nebo p\u00edsemn\u011b. A jak\u00e9koliv z\u00a0kol v\u00a0datab\u00e1zi v\u00e1m Outfindo po\u0161le na nejbli\u017e\u0161\u00ed prodejnu k\u00a0vyzkou\u0161en\u00ed.<\/p>\n<div class=\"shortcode-ys-post-pinup\"><article class=\"loop-simple post-18892 post type-post status-publish format-standard has-post-thumbnail hentry category-https-www-welovecycling-com-cs-category-zabava tag-cyklistika tag-horska-cyklistika tag-letape-czech-republic-by-le-tour-de-france tag-lukas-vejvar tag-silnicni-cyklistika tag-trenink tag-zdravi-a-trenink global-categories-cycling\" data-postid=\"18892\" role=\"article\" data-post-id=\"18892\" data-word-count=\"458\" data-headline-length=\"65\" data-category=\"Z\u00c1BAVA\" data-global-category=\"Cycling\" data-author=\"We Love Cycling\" data-published=\"2022-09-30T12:00:53+02:00\" data-published-day=\"Friday\">\n    <div class=\"entry-thumbnail article-thumbnail\" content=\"https:\/\/d2p6e6u75xmxt8.cloudfront.net\/13\/2022\/09\/Lukas-Vejvar-3-150x150.webp\"><a href=\"https:\/\/www.welovecycling.com\/cs\/2022\/09\/30\/lukas-vejvar-400-kilometru-za-den-kolo-je-relax-i-zavislost\/\" class=\"image-holder\" target=\"_self\"><img decoding=\"async\" loading=\"lazy\" class=\"\" src=\"https:\/\/d2p6e6u75xmxt8.cloudfront.net\/13\/2022\/09\/Lukas-Vejvar-3.webp\" srcset=\"https:\/\/d2p6e6u75xmxt8.cloudfront.net\/13\/2022\/09\/Lukas-Vejvar-3.webp 607w, https:\/\/d2p6e6u75xmxt8.cloudfront.net\/13\/2022\/09\/Lukas-Vejvar-3-300x198.webp 300w\" width=\"607\" height=\"400\" sizes=\"auto, (min-width: 1200px) 304px, (min-width: 768px) 25vw, 100vw\" alt=\"lukas-vejvar-400-kilometru-za-den-kolo-je-relax-i-zavislost\"\/><\/a><\/div>    <div class=\"entry-meta\">\n        <a class=\"label label-secondary post-category\" href=\"https:\/\/www.welovecycling.com\/cs\/category\/https-www-welovecycling-com-cs-category-zabava\/\" title=\"Z\u00c1BAVA\">Z\u00c1BAVA<\/a>\n    <\/div>\n    <div class=\"entry-details\">\n        <a href=\"https:\/\/www.welovecycling.com\/cs\/2022\/09\/30\/lukas-vejvar-400-kilometru-za-den-kolo-je-relax-i-zavislost\/\" class='entry-title-wrapper'>\n            <h3 class=\"entry-title\"><span>Luk\u00e1\u0161 Vejvar: 400 kilometr\u016f za den? Kolo je relax i z\u00e1vislost<\/span><\/h3>\n        <\/a>\n    <\/div>\n    <\/article>\n<\/div>\n<p>Outfindo nab\u00edz\u00ed absolutn\u011b nestrann\u00e9 porovn\u00e1n\u00ed kol nap\u0159\u00ed\u010d zna\u010dkami, kter\u00e9 nikdo jin\u00fd neum\u00ed. D\u016fkazem toho je i funkce, kter\u00e1 v\u00e1m u ka\u017ed\u00e9ho kola uk\u00e1\u017ee, jestli jsou k\u00a0dispozici stejn\u011b vybaven\u00e1 kola za lep\u0161\u00ed pen\u00edze. Nebo p\u0159\u00edpadn\u011b zda za dan\u00e9 pen\u00edze m\u016f\u017eete po\u0159\u00eddit lep\u0161\u00ed kolo ve srovn\u00e1n\u00ed s\u00a0modelem, na n\u011bj\u017e kouk\u00e1te.<\/p>\n","protected":false},"excerpt":{"rendered":"<p>Pades\u00e1t procent \u010cech\u016f ve v\u011bku nad patn\u00e1ct let jezd\u00ed na kole. Velk\u00e1 \u010d\u00e1st z nich poznala, jak slo\u017eit\u00e9 je vybrat [&hellip;]<\/p>\n","protected":false},"author":138,"featured_media":18967,"comment_status":"open","ping_status":"open","sticky":false,"template":"","format":"standard","meta":{"footnotes":""},"categories":[15],"tags":[126,56,2615,2590,9],"global-categories":[411],"class_list":["post-18964","post","type-post","status-publish","format-standard","has-post-thumbnail","hentry","category-rady-tipy","tag-cyklistika","tag-horska-cyklistika","tag-jak-vybrat-kolo","tag-outfindo","tag-silnicni-cyklistika","global-categories-cycling"],"yoast_head":"<!-- This site is optimized with the Yoast SEO Premium plugin v25.3 (Yoast SEO v25.9) - https:\/\/yoast.com\/wordpress\/plugins\/seo\/ -->\n<title>OUTFINDO: Jak vybrat kolo za 4 minuty | \u0160koda We Love Cycling - \u010cesk\u00e1 republika<\/title>\n<meta name=\"description\" content=\"\u0158e\u0161\u00edte, jak\u00e9 si po\u0159\u00eddit kolo? Platforma Outfindo v\u00e1m usnadn\u00ed v\u00fdb\u011br na z\u00e1klad\u011b v\u00edce ne\u017e sta hodin nez\u00e1visl\u00fdch u\u017eivatelsk\u00fdch test\u016f.\" \/>\n<meta name=\"robots\" content=\"index, follow, max-snippet:-1, max-image-preview:large, max-video-preview:-1\" \/>\n<link rel=\"canonical\" href=\"https:\/\/www.welovecycling.com\/cs\/2022\/10\/11\/outfindo-jak-vybrat-kolo-za-4-minuty\/\" \/>\n<meta property=\"og:locale\" content=\"cs_CZ\" \/>\n<meta property=\"og:type\" content=\"article\" \/>\n<meta property=\"og:title\" content=\"OUTFINDO: Jak vybrat kolo za 4 minuty\" \/>\n<meta property=\"og:description\" content=\"\u0158e\u0161\u00edte, jak\u00e9 si po\u0159\u00eddit kolo? Platforma Outfindo v\u00e1m usnadn\u00ed v\u00fdb\u011br na z\u00e1klad\u011b v\u00edce ne\u017e sta hodin nez\u00e1visl\u00fdch u\u017eivatelsk\u00fdch test\u016f.\" \/>\n<meta property=\"og:url\" content=\"https:\/\/www.welovecycling.com\/cs\/2022\/10\/11\/outfindo-jak-vybrat-kolo-za-4-minuty\/\" \/>\n<meta property=\"og:site_name\" content=\"\u0160koda We Love Cycling - \u010cesk\u00e1 republika\" \/>\n<meta property=\"article:published_time\" content=\"2022-10-11T08:37:44+00:00\" \/>\n<meta property=\"article:modified_time\" content=\"2022-10-12T13:06:20+00:00\" \/>\n<meta property=\"og:image\" content=\"https:\/\/d2p6e6u75xmxt8.cloudfront.net\/13\/2022\/10\/outfindo-titul.webp\" \/>\n\t<meta property=\"og:image:width\" content=\"640\" \/>\n\t<meta property=\"og:image:height\" content=\"480\" \/>\n\t<meta property=\"og:image:type\" content=\"image\/webp\" \/>\n<meta name=\"author\" content=\"radekmalina\" \/>\n<meta name=\"twitter:card\" content=\"summary_large_image\" \/>\n<meta name=\"twitter:label1\" content=\"Written by\" \/>\n\t<meta name=\"twitter:data1\" content=\"We Love Cycling\" \/>\n\t<meta name=\"twitter:label2\" content=\"Est. reading time\" \/>\n\t<meta name=\"twitter:data2\" content=\"5\" \/>\n<script type=\"application\/ld+json\" class=\"yoast-schema-graph\">{\"@context\":\"https:\/\/schema.org\",\"@graph\":[{\"@type\":\"WebPage\",\"@id\":\"https:\/\/www.welovecycling.com\/cs\/2022\/10\/11\/outfindo-jak-vybrat-kolo-za-4-minuty\/\",\"url\":\"https:\/\/www.welovecycling.com\/cs\/2022\/10\/11\/outfindo-jak-vybrat-kolo-za-4-minuty\/\",\"name\":\"OUTFINDO: Jak vybrat kolo za 4 minuty | \u0160koda We Love Cycling - \u010cesk\u00e1 republika\",\"isPartOf\":{\"@id\":\"https:\/\/www.welovecycling.com\/cs\/#website\"},\"primaryImageOfPage\":{\"@id\":\"https:\/\/www.welovecycling.com\/cs\/2022\/10\/11\/outfindo-jak-vybrat-kolo-za-4-minuty\/#primaryimage\"},\"image\":{\"@id\":\"https:\/\/www.welovecycling.com\/cs\/2022\/10\/11\/outfindo-jak-vybrat-kolo-za-4-minuty\/#primaryimage\"},\"thumbnailUrl\":\"https:\/\/d2p6e6u75xmxt8.cloudfront.net\/13\/2022\/10\/outfindo-titul.webp\",\"datePublished\":\"2022-10-11T08:37:44+00:00\",\"dateModified\":\"2022-10-12T13:06:20+00:00\",\"author\":{\"@id\":\"https:\/\/www.welovecycling.com\/cs\/#\/schema\/person\/d9eeb0a378f3a7e4a6d12d2b536b04b8\"},\"description\":\"\u0158e\u0161\u00edte, jak\u00e9 si po\u0159\u00eddit kolo? Platforma Outfindo v\u00e1m usnadn\u00ed v\u00fdb\u011br na z\u00e1klad\u011b v\u00edce ne\u017e sta hodin nez\u00e1visl\u00fdch u\u017eivatelsk\u00fdch test\u016f.\",\"inLanguage\":\"cs\",\"potentialAction\":[{\"@type\":\"ReadAction\",\"target\":[\"https:\/\/www.welovecycling.com\/cs\/2022\/10\/11\/outfindo-jak-vybrat-kolo-za-4-minuty\/\"]}]},{\"@type\":\"ImageObject\",\"inLanguage\":\"cs\",\"@id\":\"https:\/\/www.welovecycling.com\/cs\/2022\/10\/11\/outfindo-jak-vybrat-kolo-za-4-minuty\/#primaryimage\",\"url\":\"https:\/\/d2p6e6u75xmxt8.cloudfront.net\/13\/2022\/10\/outfindo-titul.webp\",\"contentUrl\":\"https:\/\/d2p6e6u75xmxt8.cloudfront.net\/13\/2022\/10\/outfindo-titul.webp\",\"width\":640,\"height\":480,\"caption\":\"Outfindo\"},{\"@type\":\"WebSite\",\"@id\":\"https:\/\/www.welovecycling.com\/cs\/#website\",\"url\":\"https:\/\/www.welovecycling.com\/cs\/\",\"name\":\"\u0160koda We Love Cycling - \u010cesk\u00e1 republika\",\"description\":\"WeLoveCycling.cz je online magaz\u00edn, kter\u00fd v\u00e1m pravideln\u011b p\u0159in\u00e1\u0161\u00ed rady a tipy, zaj\u00edmav\u00e9 \u010dl\u00e1nky, videa a jedine\u010dn\u00e9 report\u00e1\u017ee ze sv\u011bta cyklistiky.\",\"potentialAction\":[{\"@type\":\"SearchAction\",\"target\":{\"@type\":\"EntryPoint\",\"urlTemplate\":\"https:\/\/www.welovecycling.com\/cs\/?s={search_term_string}\"},\"query-input\":{\"@type\":\"PropertyValueSpecification\",\"valueRequired\":true,\"valueName\":\"search_term_string\"}}],\"inLanguage\":\"cs\"},{\"@type\":\"Person\",\"@id\":\"https:\/\/www.welovecycling.com\/cs\/#\/schema\/person\/d9eeb0a378f3a7e4a6d12d2b536b04b8\",\"name\":\"radekmalina\",\"image\":{\"@type\":\"ImageObject\",\"inLanguage\":\"cs\",\"@id\":\"https:\/\/www.welovecycling.com\/cs\/#\/schema\/person\/image\/\",\"url\":\"https:\/\/secure.gravatar.com\/avatar\/66994b632cb8c39a46b9f54afa3ae07201b678d32a54275b6f1c9ffec356bfc0?s=96&d=mm&r=g\",\"contentUrl\":\"https:\/\/secure.gravatar.com\/avatar\/66994b632cb8c39a46b9f54afa3ae07201b678d32a54275b6f1c9ffec356bfc0?s=96&d=mm&r=g\",\"caption\":\"radekmalina\"},\"url\":\"https:\/\/www.welovecycling.com\/cs\/author\/radekmalina\/\"}]}<\/script>\n<!-- \/ Yoast SEO Premium plugin. -->","yoast_head_json":{"title":"OUTFINDO: Jak vybrat kolo za 4 minuty | \u0160koda We Love Cycling - \u010cesk\u00e1 republika","description":"\u0158e\u0161\u00edte, jak\u00e9 si po\u0159\u00eddit kolo? Platforma Outfindo v\u00e1m usnadn\u00ed v\u00fdb\u011br na z\u00e1klad\u011b v\u00edce ne\u017e sta hodin nez\u00e1visl\u00fdch u\u017eivatelsk\u00fdch test\u016f.","robots":{"index":"index","follow":"follow","max-snippet":"max-snippet:-1","max-image-preview":"max-image-preview:large","max-video-preview":"max-video-preview:-1"},"canonical":"https:\/\/www.welovecycling.com\/cs\/2022\/10\/11\/outfindo-jak-vybrat-kolo-za-4-minuty\/","og_locale":"cs_CZ","og_type":"article","og_title":"OUTFINDO: Jak vybrat kolo za 4 minuty","og_description":"\u0158e\u0161\u00edte, jak\u00e9 si po\u0159\u00eddit kolo? Platforma Outfindo v\u00e1m usnadn\u00ed v\u00fdb\u011br na z\u00e1klad\u011b v\u00edce ne\u017e sta hodin nez\u00e1visl\u00fdch u\u017eivatelsk\u00fdch test\u016f.","og_url":"https:\/\/www.welovecycling.com\/cs\/2022\/10\/11\/outfindo-jak-vybrat-kolo-za-4-minuty\/","og_site_name":"\u0160koda We Love Cycling - \u010cesk\u00e1 republika","article_published_time":"2022-10-11T08:37:44+00:00","article_modified_time":"2022-10-12T13:06:20+00:00","og_image":[{"width":640,"height":480,"url":"https:\/\/d2p6e6u75xmxt8.cloudfront.net\/13\/2022\/10\/outfindo-titul.webp","type":"image\/webp"}],"author":"radekmalina","twitter_card":"summary_large_image","twitter_misc":{"Written by":"We Love Cycling","Est. reading time":"5"},"schema":{"@context":"https:\/\/schema.org","@graph":[{"@type":"WebPage","@id":"https:\/\/www.welovecycling.com\/cs\/2022\/10\/11\/outfindo-jak-vybrat-kolo-za-4-minuty\/","url":"https:\/\/www.welovecycling.com\/cs\/2022\/10\/11\/outfindo-jak-vybrat-kolo-za-4-minuty\/","name":"OUTFINDO: Jak vybrat kolo za 4 minuty | \u0160koda We Love Cycling - \u010cesk\u00e1 republika","isPartOf":{"@id":"https:\/\/www.welovecycling.com\/cs\/#website"},"primaryImageOfPage":{"@id":"https:\/\/www.welovecycling.com\/cs\/2022\/10\/11\/outfindo-jak-vybrat-kolo-za-4-minuty\/#primaryimage"},"image":{"@id":"https:\/\/www.welovecycling.com\/cs\/2022\/10\/11\/outfindo-jak-vybrat-kolo-za-4-minuty\/#primaryimage"},"thumbnailUrl":"https:\/\/d2p6e6u75xmxt8.cloudfront.net\/13\/2022\/10\/outfindo-titul.webp","datePublished":"2022-10-11T08:37:44+00:00","dateModified":"2022-10-12T13:06:20+00:00","author":{"@id":"https:\/\/www.welovecycling.com\/cs\/#\/schema\/person\/d9eeb0a378f3a7e4a6d12d2b536b04b8"},"description":"\u0158e\u0161\u00edte, jak\u00e9 si po\u0159\u00eddit kolo? Platforma Outfindo v\u00e1m usnadn\u00ed v\u00fdb\u011br na z\u00e1klad\u011b v\u00edce ne\u017e sta hodin nez\u00e1visl\u00fdch u\u017eivatelsk\u00fdch test\u016f.","inLanguage":"cs","potentialAction":[{"@type":"ReadAction","target":["https:\/\/www.welovecycling.com\/cs\/2022\/10\/11\/outfindo-jak-vybrat-kolo-za-4-minuty\/"]}]},{"@type":"ImageObject","inLanguage":"cs","@id":"https:\/\/www.welovecycling.com\/cs\/2022\/10\/11\/outfindo-jak-vybrat-kolo-za-4-minuty\/#primaryimage","url":"https:\/\/d2p6e6u75xmxt8.cloudfront.net\/13\/2022\/10\/outfindo-titul.webp","contentUrl":"https:\/\/d2p6e6u75xmxt8.cloudfront.net\/13\/2022\/10\/outfindo-titul.webp","width":640,"height":480,"caption":"Outfindo"},{"@type":"WebSite","@id":"https:\/\/www.welovecycling.com\/cs\/#website","url":"https:\/\/www.welovecycling.com\/cs\/","name":"\u0160koda We Love Cycling - \u010cesk\u00e1 republika","description":"WeLoveCycling.cz je online magaz\u00edn, kter\u00fd v\u00e1m pravideln\u011b p\u0159in\u00e1\u0161\u00ed rady a tipy, zaj\u00edmav\u00e9 \u010dl\u00e1nky, videa a jedine\u010dn\u00e9 report\u00e1\u017ee ze sv\u011bta cyklistiky.","potentialAction":[{"@type":"SearchAction","target":{"@type":"EntryPoint","urlTemplate":"https:\/\/www.welovecycling.com\/cs\/?s={search_term_string}"},"query-input":{"@type":"PropertyValueSpecification","valueRequired":true,"valueName":"search_term_string"}}],"inLanguage":"cs"},{"@type":"Person","@id":"https:\/\/www.welovecycling.com\/cs\/#\/schema\/person\/d9eeb0a378f3a7e4a6d12d2b536b04b8","name":"radekmalina","image":{"@type":"ImageObject","inLanguage":"cs","@id":"https:\/\/www.welovecycling.com\/cs\/#\/schema\/person\/image\/","url":"https:\/\/secure.gravatar.com\/avatar\/66994b632cb8c39a46b9f54afa3ae07201b678d32a54275b6f1c9ffec356bfc0?s=96&d=mm&r=g","contentUrl":"https:\/\/secure.gravatar.com\/avatar\/66994b632cb8c39a46b9f54afa3ae07201b678d32a54275b6f1c9ffec356bfc0?s=96&d=mm&r=g","caption":"radekmalina"},"url":"https:\/\/www.welovecycling.com\/cs\/author\/radekmalina\/"}]}},"_links":{"self":[{"href":"https:\/\/www.welovecycling.com\/cs\/wp-json\/wp\/v2\/posts\/18964","targetHints":{"allow":["GET"]}}],"collection":[{"href":"https:\/\/www.welovecycling.com\/cs\/wp-json\/wp\/v2\/posts"}],"about":[{"href":"https:\/\/www.welovecycling.com\/cs\/wp-json\/wp\/v2\/types\/post"}],"author":[{"embeddable":true,"href":"https:\/\/www.welovecycling.com\/cs\/wp-json\/wp\/v2\/users\/138"}],"replies":[{"embeddable":true,"href":"https:\/\/www.welovecycling.com\/cs\/wp-json\/wp\/v2\/comments?post=18964"}],"version-history":[{"count":2,"href":"https:\/\/www.welovecycling.com\/cs\/wp-json\/wp\/v2\/posts\/18964\/revisions"}],"predecessor-version":[{"id":19052,"href":"https:\/\/www.welovecycling.com\/cs\/wp-json\/wp\/v2\/posts\/18964\/revisions\/19052"}],"wp:featuredmedia":[{"embeddable":true,"href":"https:\/\/www.welovecycling.com\/cs\/wp-json\/wp\/v2\/media\/18967"}],"wp:attachment":[{"href":"https:\/\/www.welovecycling.com\/cs\/wp-json\/wp\/v2\/media?parent=18964"}],"wp:term":[{"taxonomy":"category","embeddable":true,"href":"https:\/\/www.welovecycling.com\/cs\/wp-json\/wp\/v2\/categories?post=18964"},{"taxonomy":"post_tag","embeddable":true,"href":"https:\/\/www.welovecycling.com\/cs\/wp-json\/wp\/v2\/tags?post=18964"},{"taxonomy":"global-categories","embeddable":true,"href":"https:\/\/www.welovecycling.com\/cs\/wp-json\/wp\/v2\/global-categories?post=18964"}],"curies":[{"name":"wp","href":"https:\/\/api.w.org\/{rel}","templated":true}]}}