{"id":18954,"date":"2022-10-12T18:00:25","date_gmt":"2022-10-12T16:00:25","guid":{"rendered":"https:\/\/www.welovecycling.com\/cs\/?p=18954"},"modified":"2022-10-12T15:09:31","modified_gmt":"2022-10-12T13:09:31","slug":"silenci-hodni-obdivu-svetovy-rekord-v-rychlosti-ci-nejvice-kilometru-za-rok","status":"publish","type":"post","link":"https:\/\/www.welovecycling.com\/cs\/2022\/10\/12\/silenci-hodni-obdivu-svetovy-rekord-v-rychlosti-ci-nejvice-kilometru-za-rok\/","title":{"rendered":"\u0160\u00edlenci hodni obdivu! Sv\u011btov\u00fd rekord v rychlosti \u010di nejv\u00edce kilometr\u016f za rok"},"content":{"rendered":"<p><strong>Cyklistika je \u00fa\u017easn\u00e1. Na Giru \u010di Tour vid\u00edme ohromuj\u00edc\u00ed v\u00fdkony, stejn\u011b jako p\u0159i z\u00e1vodech cross country \u010di downhillu. Kdy\u017e pomineme z\u00e1vody Mezin\u00e1rodn\u00ed cyklistick\u00e9 federace jsou zde cyklist\u00e9, kte\u0159\u00ed p\u0159edvedou v\u00fdjime\u010dn\u00fd v\u00fdkon jednou za \u017eivot a vytvo\u0159\u00ed sv\u011btov\u00fd rekord. Jak\u00fdch je sedm nejneuv\u011b\u0159iteln\u011bj\u0161\u00edch sv\u011btov\u00fdch rekord\u016f?<\/strong><\/p>\n<h2><strong>Nejdel\u0161\u00ed j\u00edzda po zadn\u00edm kole<\/strong><\/h2>\n<p>Ameri\u010dan Kurt Osburn je dr\u017eitelem n\u011bkolika rekord\u016f v j\u00edzd\u011b na zadn\u00edm kole. V jednom p\u0159\u00edpad\u011b vydr\u017eel jezdit 11 hodin po zadn\u00edm kole bez p\u0159est\u00e1vky. Mimo jin\u00e9 v roce 2018 dok\u00e1zal p\u0159ejet USA od jednoho pob\u0159e\u017e\u00ed k druh\u00e9mu za 74 dn\u016f na zadn\u00edm kole. Samoz\u0159ejm\u011b s p\u0159est\u00e1vkami na span\u00ed. Jen pro up\u0159esn\u011bn\u00ed: jde o 4569,89 kilometr\u016f na zadn\u00edm kole.<\/p>\n<h2><strong>Nejv\u011bt\u0161\u00ed p\u0159ev\u00fd\u0161en\u00ed za 48 hodin<\/strong><\/h2>\n<p>Everesting se zejm\u00e9na b\u011bhem pandemie covidu-19 stal obl\u00edbenou formou tr\u00e9ninku nejen mezi profesion\u00e1ly. Ka\u017edop\u00e1dn\u011b Craig Cannon z\u00a0Kalifornie u\u017e v\u00a0roce 2015 vytvo\u0159il rekord v\u00a0po\u010dtu najet\u00fdch v\u00fd\u0161kov\u00fdch metr\u016f b\u011bhem osma\u010dty\u0159iceti hodin.<\/p>\n<div class=\"shortcode-ys-post-pinup\"><article class=\"loop-simple post-12697 post type-post status-publish format-standard has-post-thumbnail hentry category-rady-tipy tag-cyklistika tag-everest-challenge tag-everesting tag-marketa-peggy-marvanova tag-pavel-paloncy tag-silnicni-cyklistika tag-trenink global-categories-cycling\" data-postid=\"12697\" role=\"article\" data-post-id=\"12697\" data-word-count=\"346\" data-headline-length=\"60\" data-category=\"Rady &amp; tipy\" data-global-category=\"Cycling\" data-author=\"Marek Novotn\u00fd\" data-published=\"2021-05-07T07:00:42+02:00\" data-published-day=\"Friday\">\n    <div class=\"entry-thumbnail article-thumbnail\" content=\"https:\/\/d2p6e6u75xmxt8.cloudfront.net\/13\/2021\/05\/everesting-2-150x150.webp\"><a href=\"https:\/\/www.welovecycling.com\/cs\/2021\/05\/07\/jak-na-everesting-vic-nez-vaha-rozhoduje-pohodlny-posed\/\" class=\"image-holder\" target=\"_self\"><img decoding=\"async\" loading=\"lazy\" class=\"\" src=\"https:\/\/d2p6e6u75xmxt8.cloudfront.net\/13\/2021\/05\/everesting-2-1024x1024.webp\" srcset=\"https:\/\/d2p6e6u75xmxt8.cloudfront.net\/13\/2021\/05\/everesting-2.webp 1080w, https:\/\/d2p6e6u75xmxt8.cloudfront.net\/13\/2021\/05\/everesting-2-300x300.webp 300w, https:\/\/d2p6e6u75xmxt8.cloudfront.net\/13\/2021\/05\/everesting-2-1024x1024.webp 1024w, https:\/\/d2p6e6u75xmxt8.cloudfront.net\/13\/2021\/05\/everesting-2-150x150.webp 150w, https:\/\/d2p6e6u75xmxt8.cloudfront.net\/13\/2021\/05\/everesting-2-768x768.webp 768w\" width=\"1024\" height=\"1024\" sizes=\"auto, (min-width: 1200px) 300px, (min-width: 768px) 25vw, 100vw\" alt=\"jak-na-everesting-vic-nez-vaha-rozhoduje-pohodlny-posed\"\/><\/a><\/div>    <div class=\"entry-meta\">\n        <a class=\"label label-secondary post-category\" href=\"https:\/\/www.welovecycling.com\/cs\/category\/rady-tipy\/\" title=\"Rady &amp; tipy\">Rady &amp; tipy<\/a>\n    <\/div>\n    <div class=\"entry-details\">\n        <a href=\"https:\/\/www.welovecycling.com\/cs\/2021\/05\/07\/jak-na-everesting-vic-nez-vaha-rozhoduje-pohodlny-posed\/\" class='entry-title-wrapper'>\n            <h3 class=\"entry-title\"><span>Jak na Everesting? V\u00edc ne\u017e v\u00e1ha rozhoduje pohodln\u00fd posed<\/span><\/h3>\n        <\/a>\n    <\/div>\n    <\/article>\n<\/div>\n<p>Stoup\u00e1n\u00ed South Park Drive s\u00a0pr\u016fm\u011brn\u00fdm sklonem dvan\u00e1ct procent \u00a0zvl\u00e1dl 228 kr\u00e1t b\u011bhem osma\u010dty\u0159iceti hodin, co\u017e je 545 kilometr\u016f, ale hlavn\u011b 29\u00a0146 v\u00fd\u0161kov\u00fdch metr\u016f.<\/p>\n<h2><strong>Schody na kole<\/strong><\/h2>\n<p>Aktu\u00e1ln\u011b jedna\u010dty\u0159icetilet\u00fd Krystian Herba z Polska je dr\u017eitelem mnoha sv\u011btov\u00fdch rekord\u016f, kdy\u017e na kole poko\u0159il schodi\u0161t\u011b nejvy\u0161\u0161\u00edch budov planety. Sv\u011btov\u00e9 finan\u010dn\u00ed centrum v \u0160anghaji, kter\u00e9 m\u00e1 2754 schod\u016f a sto pater, vyjel \u010di vysk\u00e1kal za 1 hodinu a 22 minut. To se psal rok 2013. O \u010dty\u0159iadvacet m\u011bs\u00edc\u016f pozd\u011bji pak v\u00fd\u0161kovou budovu Taipei 101 \u010d\u00edtaj\u00edc\u00ed 142 pater a 3139 schod\u016f \u201evyjel\u201c za 2 hodiny a 12 minut.<\/p>\n<figure id=\"attachment_19039\" aria-describedby=\"caption-attachment-19039\" style=\"width: 1800px\" class=\"wp-caption alignnone\"><a href=\"https:\/\/d2p6e6u75xmxt8.cloudfront.net\/13\/2022\/10\/kristyan-herba-profimedia-0429612662.jpg\"><img loading=\"lazy\" decoding=\"async\" class=\"size-full wp-image-19039\" src=\"https:\/\/d2p6e6u75xmxt8.cloudfront.net\/13\/2022\/10\/kristyan-herba-profimedia-0429612662.jpg\" alt=\"Krystian Herba\" width=\"1800\" height=\"1199\" \/><\/a><figcaption id=\"caption-attachment-19039\" class=\"wp-caption-text\"><em>Krystian Herba je dr\u017eitelem p\u011bti z\u00e1pis\u016f do Guinnessovy knihy rekord\u016f, Foto: profimedia\/Patrik Uhl\u00ed\u0159\/MAFRA<\/em><\/figcaption><\/figure>\n<p>V \u0159\u00edjnu 2016 pak Willis Sears Tower v Chicagu zdolal za 3 hodiny a 45 sekundu. Musel p\u0159itom poko\u0159it 169 pater a 3461 schod\u016f. Jeden z\u00e1pis \u0161ikuly z Polska se t\u00fdk\u00e1 i \u010ceska. V dubnu 2019 zav\u00edtal do AZ Tower v Brn\u011b. A 30 pater, respektive 632 schod\u016f zvl\u00e1dl za 8 minut a 55 sekund.<\/p>\n<h2><strong>Kilometry za kalend\u00e1\u0159n\u00ed rok<\/strong><\/h2>\n<p>Vytrvalost? Prvn\u00edm evidovan\u00fdm rekordmanem je Francouz Marcel Planes, kter\u00fd v\u00a0roce 1911 b\u011bhem jednoho kalend\u00e1\u0159n\u00edho roku ujel 55\u00a0307 kilometr\u016f. N\u00e1sledn\u011b o \u0161estadvacet let pozd\u011bji Australan Ossie Nicholson jako prvn\u00ed p\u0159ekonal hranici sto tis\u00edc kilometr\u016f o 837 kilometr\u016f. O rok pozd\u011bji se do tabulek zapsala jako prvn\u00ed cyklistka Billie Dovey z\u00a0Velk\u00e9 Brit\u00e1nie, kter\u00e1 za dvan\u00e1ct m\u011bs\u00edc\u016f ujela 47\u00a0643 kilometr\u016f.<\/p>\n<p>&nbsp;<\/p>\n<div class=\"shortcode-ys-post-pinup\"><article class=\"loop-simple post-18994 post type-post status-publish format-standard has-post-thumbnail hentry category-drahova-cyklistika tag-chris-boardman tag-cyklistika tag-drahova-cyklistika tag-eddy-merckx tag-filippo-ganna tag-francesco-moser tag-graeme-obree tag-hodinovka tag-miguel-indurain tag-ondrej-sosenka tag-silnicni-cyklistika tag-svetovy-rekord tag-svetovy-rekord-v-hodinovce tag-tony-rominger global-categories-cycling\" data-postid=\"18994\" role=\"article\" data-post-id=\"18994\" data-word-count=\"520\" data-headline-length=\"85\" data-category=\"Dr\u00e1hov\u00e1 cyklistika\" data-global-category=\"Cycling\" data-author=\"Jan Kr\u016fta\" data-published=\"2022-10-11T17:00:10+02:00\" data-published-day=\"Tuesday\">\n    <div class=\"entry-thumbnail article-thumbnail\" content=\"https:\/\/d2p6e6u75xmxt8.cloudfront.net\/13\/2022\/10\/ganna-hodinovka-profimedia-0729166582-150x150.webp\"><a href=\"https:\/\/www.welovecycling.com\/cs\/2022\/10\/11\/filippo-ganna-trpel-jako-zvire-podruhe-uz-by-do-hodinovky-nesel\/\" class=\"image-holder\" target=\"_self\"><img decoding=\"async\" loading=\"lazy\" class=\"\" src=\"https:\/\/d2p6e6u75xmxt8.cloudfront.net\/13\/2022\/10\/ganna-hodinovka-profimedia-0729166582-1024x683.webp\" srcset=\"https:\/\/d2p6e6u75xmxt8.cloudfront.net\/13\/2022\/10\/ganna-hodinovka-profimedia-0729166582.webp 1800w, https:\/\/d2p6e6u75xmxt8.cloudfront.net\/13\/2022\/10\/ganna-hodinovka-profimedia-0729166582-300x200.webp 300w, https:\/\/d2p6e6u75xmxt8.cloudfront.net\/13\/2022\/10\/ganna-hodinovka-profimedia-0729166582-1024x683.webp 1024w, https:\/\/d2p6e6u75xmxt8.cloudfront.net\/13\/2022\/10\/ganna-hodinovka-profimedia-0729166582-768x512.webp 768w, https:\/\/d2p6e6u75xmxt8.cloudfront.net\/13\/2022\/10\/ganna-hodinovka-profimedia-0729166582-1536x1024.webp 1536w, https:\/\/d2p6e6u75xmxt8.cloudfront.net\/13\/2022\/10\/ganna-hodinovka-profimedia-0729166582-272x182.webp 272w\" width=\"1024\" height=\"683\" sizes=\"auto, (min-width: 1200px) 300px, (min-width: 768px) 25vw, 100vw\" alt=\"filippo-ganna-trpel-jako-zvire-podruhe-uz-by-do-hodinovky-nesel\"\/><\/a><\/div>    <div class=\"entry-meta\">\n        <a class=\"label label-secondary post-category\" href=\"https:\/\/www.welovecycling.com\/cs\/category\/drahova-cyklistika\/\" title=\"Dr\u00e1hov\u00e1 cyklistika\">Dr\u00e1hov\u00e1 cyklistika<\/a>\n    <\/div>\n    <div class=\"entry-details\">\n        <a href=\"https:\/\/www.welovecycling.com\/cs\/2022\/10\/11\/filippo-ganna-trpel-jako-zvire-podruhe-uz-by-do-hodinovky-nesel\/\" class='entry-title-wrapper'>\n            <h3 class=\"entry-title\"><span>Filippo Ganna a jeho nadlidsk\u00fd v\u00fdkon na kole za 2 miliony p\u0159inesl sv\u011btov\u00fd rekord<\/span><\/h3>\n        <\/a>\n    <\/div>\n    <\/article>\n<\/div>\n<p>A pak v\u00a0roce 1939 Tommy Godwin b\u011bhem kalend\u00e1\u0159n\u00edho roku najel 120\u00a0805 kilometr\u016f. Rekord dr\u017eel 76 let. A\u017e Ameri\u010dan Kurt Searvogel roku 2015 ujel 122\u00a0432 kilometr\u016f. Jen\u017ee z\u00a0pozice l\u00eddra pomysln\u00e9ho \u017eeb\u0159\u00ed\u010dku se neradoval dlouho. Jeho krajanka Amanda Coker ze Severn\u00ed Karoliny se nechala v\u00fdjime\u010dn\u00fdm v\u00fdkonem inspirovat. A \u010dty\u0159icet dn\u016f p\u0159ed napln\u011bn\u00edm kalend\u00e1\u0159n\u00edho roku p\u0159ekonala Searvogel\u016fv \u00fasp\u011bch. A po 365 dnech m\u011bla na kont\u011b 139 326 kilometr\u016f., co\u017e vych\u00e1z\u00ed p\u0159ibli\u017en\u011b 382 kilometr\u016f na den.<\/p>\n<h2><strong>Bunny hop<\/strong><\/h2>\n<p>Schopnost p\u0159esko\u010dit p\u0159ek\u00e1\u017eku je z\u00e1sadn\u00ed pro ka\u017ed\u00e9ho, kdo jezd\u00ed v ter\u00e9nu. Snadn\u011bji pak udr\u017e\u00edte kontrolu nad kolem, rovnov\u00e1hu a l\u00e9pe se vypo\u0159\u00e1d\u00e1te se v\u0161emi p\u0159ek\u00e1\u017ekami na cest\u011b. Samoz\u0159ejm\u011b i tahle dovednost lze hn\u00e1t do extr\u00e9mu. Kr\u00e1lem t\u00e9to discipl\u00edny je Rick Koekoek z Nizozemska, kter\u00fd v \u010dervenci 2017 sko\u010dil na kole 1,45 metru vysoko. Nutno podotknout, \u017ee Rick Koekoek neuv\u011b\u0159itelnou v\u00fd\u0161ku poko\u0159il na kole z klidov\u00e9 polohy. Pokud bunny hoping zvl\u00e1d\u00e1te, ke\u0159e, kmeny ani kameny v\u00e1s nezastav\u00ed. Ale p\u0159edstavte si, \u017ee p\u0159esko\u010d\u00edte p\u0159ek\u00e1\u017eku vysokou v\u00edce ne\u017e jeden metr&#8230;<\/p>\n<h2><strong>Maxim\u00e1lka na kole<\/strong><\/h2>\n<p>Denisa Mueller Korenek je dr\u017eitelkou rekordu sv\u011btov\u00e9ho rekordu v\u00a0rychlosti na kole. V\u00a0z\u00e1\u0159\u00ed 2018 na soln\u00fdch pl\u00e1n\u00edch Bonneville v\u00a0Utahu jela ohromuj\u00edc\u00ed rychlost\u00ed 296 kilometr\u016f v\u00a0hodin\u011b. Tehdy jela na speci\u00e1ln\u00edm karbonov\u00e9m kole vyroben\u00e9m na zak\u00e1zku za vozidlem vyroben\u00fdm rovn\u011b\u017e na zak\u00e1zku, aby se minimalizoval odpor vzduchu.<\/p>\n<lite-youtube videoid=A6y_G_DJAzM params=\"enablejsapi=1\" style=\"background-image: url('https:\/\/i.ytimg.com\/vi_webp\/A6y_G_DJAzM\/maxresdefault.webp');\"><\/lite-youtube>\n<p>P\u0159evod kola je tak n\u00e1ro\u010dn\u00fd, \u017ee kolo je ta\u017eeno vozem dokud nedos\u00e1hne rychlosti 140 a\u017e 160 kilometr\u016f v hodin\u011b, na\u010de\u017e je lano odpojeno a cyklista \u0161lape vlastn\u00ed silou za dragsterem o v\u00fdkonu 750 kilowatt. Kolik jste jeli na kole maxim\u00e1ln\u011b? Dok\u00e1\u017eete si p\u0159edstavit j\u00edzdu rychlost\u00ed t\u00e9m\u011b\u0159 t\u0159i sta kilometr\u016f v hodin\u011b?<\/p>\n<h2><strong>Kilometry za 24 hodin<\/strong><\/h2>\n<p>Rakousk\u00fd ultracyklista Christoph Strasser na \u0161v\u00fdcarsk\u00e9m velodromu 14. \u0159\u00edjna 2017 udr\u017eel pr\u016fm\u011brnou rychlost 39,25 kilometr\u016f v hodin\u011b. Jeho puls na velodromu ve \u0160v\u00fdcarsku b\u011bhem cel\u00fdch \u010dty\u0159iadvaceti hodin neklesl pod 150! Rekord tak ustanovil na 941,873 kilometr\u016f.<\/p>\n<div class=\"shortcode-ys-post-pinup\"><article class=\"loop-simple post-18964 post type-post status-publish format-standard has-post-thumbnail hentry category-rady-tipy tag-cyklistika tag-horska-cyklistika tag-jak-vybrat-kolo tag-outfindo tag-silnicni-cyklistika global-categories-cycling\" data-postid=\"18964\" role=\"article\" data-post-id=\"18964\" data-word-count=\"406\" data-headline-length=\"37\" data-category=\"Rady &amp; tipy\" data-global-category=\"Cycling\" data-author=\"We Love Cycling\" data-published=\"2022-10-11T10:37:44+02:00\" data-published-day=\"Tuesday\">\n    <div class=\"entry-thumbnail article-thumbnail\" content=\"https:\/\/d2p6e6u75xmxt8.cloudfront.net\/13\/2022\/10\/outfindo-titul-150x150.webp\"><a href=\"https:\/\/www.welovecycling.com\/cs\/2022\/10\/11\/outfindo-jak-vybrat-kolo-za-4-minuty\/\" class=\"image-holder\" target=\"_self\"><img decoding=\"async\" loading=\"lazy\" class=\"\" src=\"https:\/\/d2p6e6u75xmxt8.cloudfront.net\/13\/2022\/10\/outfindo-titul.webp\" srcset=\"https:\/\/d2p6e6u75xmxt8.cloudfront.net\/13\/2022\/10\/outfindo-titul.webp 640w, https:\/\/d2p6e6u75xmxt8.cloudfront.net\/13\/2022\/10\/outfindo-titul-300x225.webp 300w\" width=\"640\" height=\"480\" sizes=\"auto, (min-width: 1200px) 300px, (min-width: 768px) 25vw, 100vw\" alt=\"outfindo-jak-vybrat-kolo-za-4-minuty\"\/><\/a><\/div>    <div class=\"entry-meta\">\n        <a class=\"label label-secondary post-category\" href=\"https:\/\/www.welovecycling.com\/cs\/category\/rady-tipy\/\" title=\"Rady &amp; tipy\">Rady &amp; tipy<\/a>\n    <\/div>\n    <div class=\"entry-details\">\n        <a href=\"https:\/\/www.welovecycling.com\/cs\/2022\/10\/11\/outfindo-jak-vybrat-kolo-za-4-minuty\/\" class='entry-title-wrapper'>\n            <h3 class=\"entry-title\"><span>OUTFINDO: Jak vybrat kolo za 4 minuty<\/span><\/h3>\n        <\/a>\n    <\/div>\n    <\/article>\n<\/div>\n<p>V \u010dervenci 2021 pak Strasser ujel b\u011bhem \u010dty\u0159iadvaceti hodin 1026,21\u00a0 kilometr\u016f. Jeho pr\u016fm\u011brn\u00e1 rychlost byla 42,76 kilometr\u016f za hodinu. Ne\u017e se rakousk\u00fd cyklista pustil do odv\u00e1\u017en\u00e9ho pokusu, absolvoval n\u011bkolik vytrvalostn\u00edch z\u00e1vod\u016f a byl dr\u017eitelem rekordu p\u0159i z\u00e1vod\u011b nap\u0159\u00ed\u010d Amerikou, kter\u00fd zvl\u00e1dl za 7 dn\u016f, 15 hodin a 56 minut.<\/p>\n","protected":false},"excerpt":{"rendered":"<p>Cyklistika je \u00fa\u017easn\u00e1. Na Giru \u010di Tour vid\u00edme ohromuj\u00edc\u00ed v\u00fdkony, stejn\u011b jako p\u0159i z\u00e1vodech cross country \u010di downhillu. Kdy\u017e pomineme [&hellip;]<\/p>\n","protected":false},"author":138,"featured_media":19040,"comment_status":"open","ping_status":"open","sticky":false,"template":"","format":"standard","meta":{"footnotes":""},"categories":[660],"tags":[2612,2611,1616,1619,126,2614,920,56,2609,2607,1621,2608,2610,2613,9,2606],"global-categories":[411],"class_list":["post-18954","post","type-post","status-publish","format-standard","has-post-thumbnail","hentry","category-https-www-welovecycling-com-cs-category-zabava","tag-amanda-coker","tag-billie-dovey","tag-christoph-strasser","tag-craig-cannon","tag-cyklistika","tag-denisa-mueller-korenek","tag-everesting","tag-horska-cyklistika","tag-krystian-herba","tag-kurt-osburn","tag-kurt-searvogel","tag-marcel-planes","tag-ossie-nicholson","tag-rick-koekoek","tag-silnicni-cyklistika","tag-svetovy-rekord","global-categories-cycling"],"yoast_head":"<!-- This site is optimized with the Yoast SEO Premium plugin v25.3 (Yoast SEO v25.9) - https:\/\/yoast.com\/wordpress\/plugins\/seo\/ -->\n<title>\u0160\u00edlenci hodni obdivu! Sv\u011btov\u00fd rekord v rychlosti \u010di nejv\u00edce kilometr\u016f za rok | \u0160koda We Love Cycling - \u010cesk\u00e1 republika<\/title>\n<meta name=\"description\" content=\"Kdy\u017e pomineme z\u00e1vody UCI existuj\u00ed borci, kte\u0159\u00ed p\u0159edvedou v\u00fdjime\u010dn\u00fd v\u00fdkon jednou za \u017eivot a vytvo\u0159\u00ed sv\u011btov\u00fd rekord. Jak\u00fdch je sedm nejneuv\u011b\u0159iteln\u011bj\u0161\u00edch?\" \/>\n<meta name=\"robots\" content=\"index, follow, max-snippet:-1, max-image-preview:large, max-video-preview:-1\" \/>\n<link rel=\"canonical\" href=\"https:\/\/www.welovecycling.com\/cs\/2022\/10\/12\/silenci-hodni-obdivu-svetovy-rekord-v-rychlosti-ci-nejvice-kilometru-za-rok\/\" \/>\n<meta property=\"og:locale\" content=\"cs_CZ\" \/>\n<meta property=\"og:type\" content=\"article\" \/>\n<meta property=\"og:title\" content=\"\u0160\u00edlenci hodni obdivu! Sv\u011btov\u00fd rekord v rychlosti \u010di nejv\u00edce kilometr\u016f za rok\" \/>\n<meta property=\"og:description\" content=\"Kdy\u017e pomineme z\u00e1vody UCI existuj\u00ed borci, kte\u0159\u00ed p\u0159edvedou v\u00fdjime\u010dn\u00fd v\u00fdkon jednou za \u017eivot a vytvo\u0159\u00ed sv\u011btov\u00fd rekord. Jak\u00fdch je sedm nejneuv\u011b\u0159iteln\u011bj\u0161\u00edch?\" \/>\n<meta property=\"og:url\" content=\"https:\/\/www.welovecycling.com\/cs\/2022\/10\/12\/silenci-hodni-obdivu-svetovy-rekord-v-rychlosti-ci-nejvice-kilometru-za-rok\/\" \/>\n<meta property=\"og:site_name\" content=\"\u0160koda We Love Cycling - \u010cesk\u00e1 republika\" \/>\n<meta property=\"article:published_time\" content=\"2022-10-12T16:00:25+00:00\" \/>\n<meta property=\"og:image\" content=\"https:\/\/d2p6e6u75xmxt8.cloudfront.net\/13\/2022\/10\/rekord-profimedia-0232904722.webp\" \/>\n\t<meta property=\"og:image:width\" content=\"1800\" \/>\n\t<meta property=\"og:image:height\" content=\"1197\" \/>\n\t<meta property=\"og:image:type\" content=\"image\/webp\" \/>\n<meta name=\"author\" content=\"radekmalina\" \/>\n<meta name=\"twitter:card\" content=\"summary_large_image\" \/>\n<meta name=\"twitter:label1\" content=\"Written by\" \/>\n\t<meta name=\"twitter:data1\" content=\"We Love Cycling\" \/>\n\t<meta name=\"twitter:label2\" content=\"Est. reading time\" \/>\n\t<meta name=\"twitter:data2\" content=\"6\" \/>\n<script type=\"application\/ld+json\" class=\"yoast-schema-graph\">{\"@context\":\"https:\/\/schema.org\",\"@graph\":[{\"@type\":\"WebPage\",\"@id\":\"https:\/\/www.welovecycling.com\/cs\/2022\/10\/12\/silenci-hodni-obdivu-svetovy-rekord-v-rychlosti-ci-nejvice-kilometru-za-rok\/\",\"url\":\"https:\/\/www.welovecycling.com\/cs\/2022\/10\/12\/silenci-hodni-obdivu-svetovy-rekord-v-rychlosti-ci-nejvice-kilometru-za-rok\/\",\"name\":\"\u0160\u00edlenci hodni obdivu! Sv\u011btov\u00fd rekord v rychlosti \u010di nejv\u00edce kilometr\u016f za rok | \u0160koda We Love Cycling - \u010cesk\u00e1 republika\",\"isPartOf\":{\"@id\":\"https:\/\/www.welovecycling.com\/cs\/#website\"},\"primaryImageOfPage\":{\"@id\":\"https:\/\/www.welovecycling.com\/cs\/2022\/10\/12\/silenci-hodni-obdivu-svetovy-rekord-v-rychlosti-ci-nejvice-kilometru-za-rok\/#primaryimage\"},\"image\":{\"@id\":\"https:\/\/www.welovecycling.com\/cs\/2022\/10\/12\/silenci-hodni-obdivu-svetovy-rekord-v-rychlosti-ci-nejvice-kilometru-za-rok\/#primaryimage\"},\"thumbnailUrl\":\"https:\/\/d2p6e6u75xmxt8.cloudfront.net\/13\/2022\/10\/rekord-profimedia-0232904722.webp\",\"datePublished\":\"2022-10-12T16:00:25+00:00\",\"author\":{\"@id\":\"https:\/\/www.welovecycling.com\/cs\/#\/schema\/person\/d9eeb0a378f3a7e4a6d12d2b536b04b8\"},\"description\":\"Kdy\u017e pomineme z\u00e1vody UCI existuj\u00ed borci, kte\u0159\u00ed p\u0159edvedou v\u00fdjime\u010dn\u00fd v\u00fdkon jednou za \u017eivot a vytvo\u0159\u00ed sv\u011btov\u00fd rekord. Jak\u00fdch je sedm nejneuv\u011b\u0159iteln\u011bj\u0161\u00edch?\",\"inLanguage\":\"cs\",\"potentialAction\":[{\"@type\":\"ReadAction\",\"target\":[\"https:\/\/www.welovecycling.com\/cs\/2022\/10\/12\/silenci-hodni-obdivu-svetovy-rekord-v-rychlosti-ci-nejvice-kilometru-za-rok\/\"]}]},{\"@type\":\"ImageObject\",\"inLanguage\":\"cs\",\"@id\":\"https:\/\/www.welovecycling.com\/cs\/2022\/10\/12\/silenci-hodni-obdivu-svetovy-rekord-v-rychlosti-ci-nejvice-kilometru-za-rok\/#primaryimage\",\"url\":\"https:\/\/d2p6e6u75xmxt8.cloudfront.net\/13\/2022\/10\/rekord-profimedia-0232904722.webp\",\"contentUrl\":\"https:\/\/d2p6e6u75xmxt8.cloudfront.net\/13\/2022\/10\/rekord-profimedia-0232904722.webp\",\"width\":1800,\"height\":1197,\"caption\":\"Image: 232904722, License: Rights-managed, Restrictions: , Model Release: no\"},{\"@type\":\"WebSite\",\"@id\":\"https:\/\/www.welovecycling.com\/cs\/#website\",\"url\":\"https:\/\/www.welovecycling.com\/cs\/\",\"name\":\"\u0160koda We Love Cycling - \u010cesk\u00e1 republika\",\"description\":\"WeLoveCycling.cz je online magaz\u00edn, kter\u00fd v\u00e1m pravideln\u011b p\u0159in\u00e1\u0161\u00ed rady a tipy, zaj\u00edmav\u00e9 \u010dl\u00e1nky, videa a jedine\u010dn\u00e9 report\u00e1\u017ee ze sv\u011bta cyklistiky.\",\"potentialAction\":[{\"@type\":\"SearchAction\",\"target\":{\"@type\":\"EntryPoint\",\"urlTemplate\":\"https:\/\/www.welovecycling.com\/cs\/?s={search_term_string}\"},\"query-input\":{\"@type\":\"PropertyValueSpecification\",\"valueRequired\":true,\"valueName\":\"search_term_string\"}}],\"inLanguage\":\"cs\"},{\"@type\":\"Person\",\"@id\":\"https:\/\/www.welovecycling.com\/cs\/#\/schema\/person\/d9eeb0a378f3a7e4a6d12d2b536b04b8\",\"name\":\"radekmalina\",\"image\":{\"@type\":\"ImageObject\",\"inLanguage\":\"cs\",\"@id\":\"https:\/\/www.welovecycling.com\/cs\/#\/schema\/person\/image\/\",\"url\":\"https:\/\/secure.gravatar.com\/avatar\/66994b632cb8c39a46b9f54afa3ae07201b678d32a54275b6f1c9ffec356bfc0?s=96&d=mm&r=g\",\"contentUrl\":\"https:\/\/secure.gravatar.com\/avatar\/66994b632cb8c39a46b9f54afa3ae07201b678d32a54275b6f1c9ffec356bfc0?s=96&d=mm&r=g\",\"caption\":\"radekmalina\"},\"url\":\"https:\/\/www.welovecycling.com\/cs\/author\/radekmalina\/\"}]}<\/script>\n<!-- \/ Yoast SEO Premium plugin. -->","yoast_head_json":{"title":"\u0160\u00edlenci hodni obdivu! Sv\u011btov\u00fd rekord v rychlosti \u010di nejv\u00edce kilometr\u016f za rok | \u0160koda We Love Cycling - \u010cesk\u00e1 republika","description":"Kdy\u017e pomineme z\u00e1vody UCI existuj\u00ed borci, kte\u0159\u00ed p\u0159edvedou v\u00fdjime\u010dn\u00fd v\u00fdkon jednou za \u017eivot a vytvo\u0159\u00ed sv\u011btov\u00fd rekord. Jak\u00fdch je sedm nejneuv\u011b\u0159iteln\u011bj\u0161\u00edch?","robots":{"index":"index","follow":"follow","max-snippet":"max-snippet:-1","max-image-preview":"max-image-preview:large","max-video-preview":"max-video-preview:-1"},"canonical":"https:\/\/www.welovecycling.com\/cs\/2022\/10\/12\/silenci-hodni-obdivu-svetovy-rekord-v-rychlosti-ci-nejvice-kilometru-za-rok\/","og_locale":"cs_CZ","og_type":"article","og_title":"\u0160\u00edlenci hodni obdivu! Sv\u011btov\u00fd rekord v rychlosti \u010di nejv\u00edce kilometr\u016f za rok","og_description":"Kdy\u017e pomineme z\u00e1vody UCI existuj\u00ed borci, kte\u0159\u00ed p\u0159edvedou v\u00fdjime\u010dn\u00fd v\u00fdkon jednou za \u017eivot a vytvo\u0159\u00ed sv\u011btov\u00fd rekord. Jak\u00fdch je sedm nejneuv\u011b\u0159iteln\u011bj\u0161\u00edch?","og_url":"https:\/\/www.welovecycling.com\/cs\/2022\/10\/12\/silenci-hodni-obdivu-svetovy-rekord-v-rychlosti-ci-nejvice-kilometru-za-rok\/","og_site_name":"\u0160koda We Love Cycling - \u010cesk\u00e1 republika","article_published_time":"2022-10-12T16:00:25+00:00","og_image":[{"width":1800,"height":1197,"url":"https:\/\/d2p6e6u75xmxt8.cloudfront.net\/13\/2022\/10\/rekord-profimedia-0232904722.webp","type":"image\/webp"}],"author":"radekmalina","twitter_card":"summary_large_image","twitter_misc":{"Written by":"We Love Cycling","Est. reading time":"6"},"schema":{"@context":"https:\/\/schema.org","@graph":[{"@type":"WebPage","@id":"https:\/\/www.welovecycling.com\/cs\/2022\/10\/12\/silenci-hodni-obdivu-svetovy-rekord-v-rychlosti-ci-nejvice-kilometru-za-rok\/","url":"https:\/\/www.welovecycling.com\/cs\/2022\/10\/12\/silenci-hodni-obdivu-svetovy-rekord-v-rychlosti-ci-nejvice-kilometru-za-rok\/","name":"\u0160\u00edlenci hodni obdivu! Sv\u011btov\u00fd rekord v rychlosti \u010di nejv\u00edce kilometr\u016f za rok | \u0160koda We Love Cycling - \u010cesk\u00e1 republika","isPartOf":{"@id":"https:\/\/www.welovecycling.com\/cs\/#website"},"primaryImageOfPage":{"@id":"https:\/\/www.welovecycling.com\/cs\/2022\/10\/12\/silenci-hodni-obdivu-svetovy-rekord-v-rychlosti-ci-nejvice-kilometru-za-rok\/#primaryimage"},"image":{"@id":"https:\/\/www.welovecycling.com\/cs\/2022\/10\/12\/silenci-hodni-obdivu-svetovy-rekord-v-rychlosti-ci-nejvice-kilometru-za-rok\/#primaryimage"},"thumbnailUrl":"https:\/\/d2p6e6u75xmxt8.cloudfront.net\/13\/2022\/10\/rekord-profimedia-0232904722.webp","datePublished":"2022-10-12T16:00:25+00:00","author":{"@id":"https:\/\/www.welovecycling.com\/cs\/#\/schema\/person\/d9eeb0a378f3a7e4a6d12d2b536b04b8"},"description":"Kdy\u017e pomineme z\u00e1vody UCI existuj\u00ed borci, kte\u0159\u00ed p\u0159edvedou v\u00fdjime\u010dn\u00fd v\u00fdkon jednou za \u017eivot a vytvo\u0159\u00ed sv\u011btov\u00fd rekord. Jak\u00fdch je sedm nejneuv\u011b\u0159iteln\u011bj\u0161\u00edch?","inLanguage":"cs","potentialAction":[{"@type":"ReadAction","target":["https:\/\/www.welovecycling.com\/cs\/2022\/10\/12\/silenci-hodni-obdivu-svetovy-rekord-v-rychlosti-ci-nejvice-kilometru-za-rok\/"]}]},{"@type":"ImageObject","inLanguage":"cs","@id":"https:\/\/www.welovecycling.com\/cs\/2022\/10\/12\/silenci-hodni-obdivu-svetovy-rekord-v-rychlosti-ci-nejvice-kilometru-za-rok\/#primaryimage","url":"https:\/\/d2p6e6u75xmxt8.cloudfront.net\/13\/2022\/10\/rekord-profimedia-0232904722.webp","contentUrl":"https:\/\/d2p6e6u75xmxt8.cloudfront.net\/13\/2022\/10\/rekord-profimedia-0232904722.webp","width":1800,"height":1197,"caption":"Image: 232904722, License: Rights-managed, Restrictions: , Model Release: no"},{"@type":"WebSite","@id":"https:\/\/www.welovecycling.com\/cs\/#website","url":"https:\/\/www.welovecycling.com\/cs\/","name":"\u0160koda We Love Cycling - \u010cesk\u00e1 republika","description":"WeLoveCycling.cz je online magaz\u00edn, kter\u00fd v\u00e1m pravideln\u011b p\u0159in\u00e1\u0161\u00ed rady a tipy, zaj\u00edmav\u00e9 \u010dl\u00e1nky, videa a jedine\u010dn\u00e9 report\u00e1\u017ee ze sv\u011bta cyklistiky.","potentialAction":[{"@type":"SearchAction","target":{"@type":"EntryPoint","urlTemplate":"https:\/\/www.welovecycling.com\/cs\/?s={search_term_string}"},"query-input":{"@type":"PropertyValueSpecification","valueRequired":true,"valueName":"search_term_string"}}],"inLanguage":"cs"},{"@type":"Person","@id":"https:\/\/www.welovecycling.com\/cs\/#\/schema\/person\/d9eeb0a378f3a7e4a6d12d2b536b04b8","name":"radekmalina","image":{"@type":"ImageObject","inLanguage":"cs","@id":"https:\/\/www.welovecycling.com\/cs\/#\/schema\/person\/image\/","url":"https:\/\/secure.gravatar.com\/avatar\/66994b632cb8c39a46b9f54afa3ae07201b678d32a54275b6f1c9ffec356bfc0?s=96&d=mm&r=g","contentUrl":"https:\/\/secure.gravatar.com\/avatar\/66994b632cb8c39a46b9f54afa3ae07201b678d32a54275b6f1c9ffec356bfc0?s=96&d=mm&r=g","caption":"radekmalina"},"url":"https:\/\/www.welovecycling.com\/cs\/author\/radekmalina\/"}]}},"_links":{"self":[{"href":"https:\/\/www.welovecycling.com\/cs\/wp-json\/wp\/v2\/posts\/18954","targetHints":{"allow":["GET"]}}],"collection":[{"href":"https:\/\/www.welovecycling.com\/cs\/wp-json\/wp\/v2\/posts"}],"about":[{"href":"https:\/\/www.welovecycling.com\/cs\/wp-json\/wp\/v2\/types\/post"}],"author":[{"embeddable":true,"href":"https:\/\/www.welovecycling.com\/cs\/wp-json\/wp\/v2\/users\/138"}],"replies":[{"embeddable":true,"href":"https:\/\/www.welovecycling.com\/cs\/wp-json\/wp\/v2\/comments?post=18954"}],"version-history":[{"count":2,"href":"https:\/\/www.welovecycling.com\/cs\/wp-json\/wp\/v2\/posts\/18954\/revisions"}],"predecessor-version":[{"id":19041,"href":"https:\/\/www.welovecycling.com\/cs\/wp-json\/wp\/v2\/posts\/18954\/revisions\/19041"}],"wp:featuredmedia":[{"embeddable":true,"href":"https:\/\/www.welovecycling.com\/cs\/wp-json\/wp\/v2\/media\/19040"}],"wp:attachment":[{"href":"https:\/\/www.welovecycling.com\/cs\/wp-json\/wp\/v2\/media?parent=18954"}],"wp:term":[{"taxonomy":"category","embeddable":true,"href":"https:\/\/www.welovecycling.com\/cs\/wp-json\/wp\/v2\/categories?post=18954"},{"taxonomy":"post_tag","embeddable":true,"href":"https:\/\/www.welovecycling.com\/cs\/wp-json\/wp\/v2\/tags?post=18954"},{"taxonomy":"global-categories","embeddable":true,"href":"https:\/\/www.welovecycling.com\/cs\/wp-json\/wp\/v2\/global-categories?post=18954"}],"curies":[{"name":"wp","href":"https:\/\/api.w.org\/{rel}","templated":true}]}}