{"id":18850,"date":"2022-09-24T15:00:17","date_gmt":"2022-09-24T13:00:17","guid":{"rendered":"https:\/\/www.welovecycling.com\/cs\/?p=18850"},"modified":"2022-09-23T09:50:33","modified_gmt":"2022-09-23T07:50:33","slug":"zdlouhavy-maraton-s-odmenou-v-barve-duhy","status":"publish","type":"post","link":"https:\/\/www.welovecycling.com\/cs\/2022\/09\/24\/zdlouhavy-maraton-s-odmenou-v-barve-duhy\/","title":{"rendered":"Mistrovstv\u00ed sv\u011bta: zdlouhav\u00fd maraton s odm\u011bnou v barv\u011b duhy"},"content":{"rendered":"<p><strong>By\u0165 je\u0161t\u011b na za\u010d\u00e1tku roku austral\u0161t\u00ed po\u0159adatel\u00e9 informovali (nebo sp\u00ed\u0161 d\u011bsili?), \u017ee z\u00e1vod elitn\u00ed kategorie na mistrovstv\u00ed sv\u011bta bude m\u011b\u0159it 275 kilometr\u016f a bude tak nejdel\u0161\u00edm \u0161ampion\u00e1tem od roku 1987, kdy se v Rakousku z\u00e1vodilo na 274 km, po drobn\u00fdch \u00faprav\u00e1ch trasy ve Wollongongu se posledn\u00ed start mistrovstv\u00ed odehraje na distanci 267 kilometr\u016f. A p\u0159eci to bude den pro ty nejotrlej\u0161\u00ed.<\/strong><\/p>\n<p>Osm kilometr\u016f sem, osm tam, nic to nem\u011bn\u00ed na faktu, \u017ee u protino\u017ec\u016f p\u016fjde o zdlouhav\u00fd maraton v duchu Florencie 2013. Za posledn\u00ed dek\u00e1du \u017e\u00e1dn\u00fd z\u00e1vod neklesl pod 250 kilometr\u016f na d\u00e9lku a jen dva se stihly pod \u0161est hodin, p\u0159i\u010dem\u017e Portugalec Costa tenkr\u00e1t p\u0159ed dev\u00edti lety v It\u00e1lii putoval za duhovou odm\u011bnou 272 kilometr\u016f a tak\u0159ka 7,5 hodiny. V de\u0161ti!<\/p>\n<p>Novodob\u00fdm rekordmanem se m\u011blo st\u00e1t britsk\u00e9 Harrogate 2019, ale jist\u011b pamatujete de\u0161\u0165ovou slotu, kter\u00e1 vedla po\u0159adatele k tomu ust\u0159ihnout 24 km a z p\u016fvodn\u011b koncipovan\u00fdch 285 vy\u0161lo na nov\u00e9 podob\u011b okruhu \u201ejen\u201c 260,7.<\/p>\n<h2><strong>Lugano 1996 vr\u00e1tilo Kone\u010dn\u00e9ho na zem<\/strong><\/h2>\n<p>Jenom\u017ee&#8230; M\u00e1 tohle v dne\u0161n\u00ed zrychlen\u00e9 dob\u011b smysl? V dob\u011b, kdy i televizn\u00ed dikt\u00e1t vol\u00ed atraktivitu a pod\u00edvanou p\u0159ed usp\u00e1vac\u00edmi p\u0159enosy.<\/p>\n<p>Z dob sv\u00fdch let mezi prof\u00edky uvykl\u00fd na takov\u00e9 porce se Tom\u00e1\u0161 Kone\u010dn\u00fd, n\u011bkdej\u0161\u00ed \u010dlen elitn\u00edch t\u00fdm\u016f Domo a T-Mobile a dnes u\u017e taky n\u011bkdej\u0161\u00ed tren\u00e9r reprezentace, pustil do obhajoby mnohakilometrov\u00fdch vylu\u010dovac\u00edch z\u00e1vod\u016f.<\/p>\n<figure id=\"attachment_18855\" aria-describedby=\"caption-attachment-18855\" style=\"width: 1500px\" class=\"wp-caption alignnone\"><a href=\"https:\/\/d2p6e6u75xmxt8.cloudfront.net\/13\/2022\/09\/profimedia-0069181683-tomas-konecny.jpg\"><img loading=\"lazy\" decoding=\"async\" class=\"size-full wp-image-18855\" src=\"https:\/\/d2p6e6u75xmxt8.cloudfront.net\/13\/2022\/09\/profimedia-0069181683-tomas-konecny.jpg\" alt=\"Tom\u00e1\u0161 Kone\u010dn\u00fd v dob\u011b profesion\u00e1ln\u00ed kari\u00e9ry.\" width=\"1500\" height=\"1227\" \/><\/a><figcaption id=\"caption-attachment-18855\" class=\"wp-caption-text\"><em>Tom\u00e1\u0161 Kone\u010dn\u00fd v dob\u011b profesion\u00e1ln\u00ed kari\u00e9ry.<\/em><\/figcaption><\/figure>\n<p>\u201eSmysl to m\u00e1,\u201c p\u0159esv\u011bd\u010doval. \u201eMistrovstv\u00ed sv\u011bta se v\u017edycky to\u010d\u00ed kolem 250, 260 kilometr\u016f. A jestli je to plus minus 10 kilometr\u016f, u\u017e nehraje roli. Historicky se jezdily monument\u00e1ln\u00ed etapy na 500 kilometr\u016f, a tak si kdosi zafixoval, \u017ee to je ta spr\u00e1vn\u00e1 vzd\u00e1lenost, \u017ee zhruba 6,5hodiny z\u00e1vodu je ide\u00e1ln\u00ed. A \u017ee je prvn\u00ed stovka kilometr\u016f nuda? Nevzpom\u00edn\u00e1m na mistrovstv\u00ed, kter\u00e9 by bylo nudn\u00e9. Pamatuju \u0161ampion\u00e1t v Plouay, kde odjela skupina snad 15 lid\u00ed, po 60 km m\u011bli n\u00e1skok 16 minut a vypadalo to, \u017ee daj\u00ed pelotonu cel\u00fd okruh. To by podle pravidel bylo po z\u00e1vod\u011b. A cel\u00fd z\u00e1vod se pak \u0159e\u0161ilo, jestli se to stane. Drama celou dobu!\u201c<\/p>\n<p>P\u0159i sv\u00e9m prvn\u00edm startu na mistrovstv\u00ed sv\u011bta v Luganu 1996 p\u0159ed n\u011bj postavili tra\u0165 dlouhou 252 kilometr\u016f a byl to st\u0159et s realitou. \u201eVr\u00e1tilo m\u011b to na zem. Cyklistika ve sv\u011bt\u011b byla jinde.\u201c V \u010cesku vyhr\u00e1val, pak p\u0159ijel na mistrovstv\u00ed sv\u011bta, kdy se poprv\u00e9 v historii slou\u010dil amat\u00e9rsk\u00fd a profesion\u00e1ln\u00ed peloton.<\/p>\n<div class=\"shortcode-ys-post-pinup\"><article class=\"loop-simple post-18847 post type-post status-publish format-standard has-post-thumbnail hentry category-horska-cyklistika tag-cape-epic tag-cyklistika tag-horska-cyklistika tag-jaroslav-kulhavy tag-londyn-2012 tag-mistrovstvi-evropy tag-ms-champery tag-olympijske-hry tag-rio-2016 tag-svetovy-pohar tag-windham global-categories-cycling\" data-postid=\"18847\" role=\"article\" data-post-id=\"18847\" data-word-count=\"1065\" data-headline-length=\"69\" data-category=\"Horsk\u00e1 cyklistika\" data-global-category=\"Cycling\" data-author=\"We Love Cycling\" data-published=\"2022-09-22T15:00:44+02:00\" data-published-day=\"Thursday\">\n    <div class=\"entry-thumbnail article-thumbnail\" content=\"https:\/\/d2p6e6u75xmxt8.cloudfront.net\/13\/2022\/09\/2012_Londyn_3-150x150.webp\"><a href=\"https:\/\/www.welovecycling.com\/cs\/2022\/09\/22\/jaroslav-kulhavy-odchazi-muz-ktery-zmenil-cyklistiku-v-cesku\/\" class=\"image-holder\" target=\"_self\"><img decoding=\"async\" loading=\"lazy\" class=\"\" src=\"https:\/\/d2p6e6u75xmxt8.cloudfront.net\/13\/2022\/09\/2012_Londyn_3-1024x682.webp\" srcset=\"https:\/\/d2p6e6u75xmxt8.cloudfront.net\/13\/2022\/09\/2012_Londyn_3.webp 2000w, https:\/\/d2p6e6u75xmxt8.cloudfront.net\/13\/2022\/09\/2012_Londyn_3-300x200.webp 300w, https:\/\/d2p6e6u75xmxt8.cloudfront.net\/13\/2022\/09\/2012_Londyn_3-1024x682.webp 1024w, https:\/\/d2p6e6u75xmxt8.cloudfront.net\/13\/2022\/09\/2012_Londyn_3-768x512.webp 768w, https:\/\/d2p6e6u75xmxt8.cloudfront.net\/13\/2022\/09\/2012_Londyn_3-1536x1024.webp 1536w, https:\/\/d2p6e6u75xmxt8.cloudfront.net\/13\/2022\/09\/2012_Londyn_3-1920x1280.webp 1920w, https:\/\/d2p6e6u75xmxt8.cloudfront.net\/13\/2022\/09\/2012_Londyn_3-272x182.webp 272w, https:\/\/d2p6e6u75xmxt8.cloudfront.net\/13\/2022\/09\/2012_Londyn_3-1920x1280.webp 1920w\" width=\"1024\" height=\"682\" sizes=\"auto, (min-width: 1200px) 300px, (min-width: 768px) 25vw, 100vw\" alt=\"jaroslav-kulhavy-odchazi-muz-ktery-zmenil-cyklistiku-v-cesku\"\/><\/a><\/div>    <div class=\"entry-meta\">\n        <a class=\"label label-secondary post-category\" href=\"https:\/\/www.welovecycling.com\/cs\/category\/horska-cyklistika\/\" title=\"Horsk\u00e1 cyklistika\">Horsk\u00e1 cyklistika<\/a>\n    <\/div>\n    <div class=\"entry-details\">\n        <a href=\"https:\/\/www.welovecycling.com\/cs\/2022\/09\/22\/jaroslav-kulhavy-odchazi-muz-ktery-zmenil-cyklistiku-v-cesku\/\" class='entry-title-wrapper'>\n            <h3 class=\"entry-title\"><span>Jaroslav Kulhav\u00fd: odch\u00e1z\u00ed mu\u017e, kter\u00fd zm\u011bnil cyklistiku v \u010cesku<\/span><\/h3>\n        <\/a>\n    <\/div>\n    <\/article>\n<\/div>\n<p>\u201eOni jeli od prvn\u00edho kola pomalu a j\u00e1 doraz. Nav\u00edc poprv\u00e9 v \u017eivot\u011b jsem jel tak dlouh\u00fd z\u00e1vod. Tr\u00e9nink samoz\u0159ejm\u011b jo, ale na takovou vzd\u00e1lenost se nep\u0159iprav\u00edte, to mus\u00edte pravideln\u011b na tolik kilometr\u016f z\u00e1vodit.\u201c V\u00fdsledek? DNF \u2013 nedokon\u010dil. \u201eMistrovstv\u00ed sv\u011bta obvykle prob\u00edh\u00e1 tak, \u017ee do c\u00edle doj\u00ed\u017ed\u00ed 40 lid\u00ed, jinak se z\u00e1vod bal\u00ed. Jakmile odpadnete z prvn\u00edho bal\u00edku a nem\u00e1te u\u017e \u0161anci, je konec. Ned\u00e1v\u00e1 smysl pl\u00e1cat se n\u011bkde vzadu s\u00e1m.\u201c<\/p>\n<h2><strong>Splnil si sen: dojel do c\u00edle<\/strong><\/h2>\n<p>U\u017e dal\u0161\u00ed rok za\u017eil Kone\u010dn\u00fd dal\u0161\u00ed cyklistickou Odyseu, spolu s Veronou 2004 nejdel\u0161\u00ed z\u00e1vod o duhov\u00fd dres ve sv\u00e9 kari\u00e9\u0159e. V San Sebastianu 1997 se tehdy z\u00e1vodilo na 265,5 kilometrech. P\u0159ed druh\u00fdm mistrovstv\u00edm u\u017e v\u011bd\u011bl, do \u010deho jde. A s respektem, jestli v\u016fbec dojede do c\u00edle. \u201eDokon\u010dil jsem, splnil jsem si p\u0159edsevzet\u00ed aspo\u0148 dojet.\u201c<\/p>\n<p>Teprve v roce 2004, sv\u00e9m prvn\u00edm v r\u016f\u017eov\u00e9m dresu n\u011bmeck\u00e9ho mobiln\u00edho oper\u00e1tora, mohl Kone\u010dn\u00fd na start z\u00e1vodu p\u0159ijet s ambicemi usp\u011bt. Sezona se mu vyvedla, v It\u00e1lii nav\u00edc excelovali junio\u0159i Kreuziger (titul v z\u00e1vod\u011b s hromadn\u00fdm startem) a Hu\u0159\u00edkov\u00e1 (\u010dasovka), kte\u0159\u00ed mu tak zajistili motivaci.<\/p>\n<figure id=\"attachment_17442\" aria-describedby=\"caption-attachment-17442\" style=\"width: 1920px\" class=\"wp-caption alignnone\"><a href=\"https:\/\/d2p6e6u75xmxt8.cloudfront.net\/13\/2022\/06\/konecny-BrychtaJan_VelkaBites_Brno_VelkaBites_20220327_145347_DSC_4505.jpg\"><img loading=\"lazy\" decoding=\"async\" class=\"size-extra-large wp-image-17442\" src=\"https:\/\/d2p6e6u75xmxt8.cloudfront.net\/13\/2022\/06\/konecny-BrychtaJan_VelkaBites_Brno_VelkaBites_20220327_145347_DSC_4505-1920x1278.jpg\" alt=\"Tom\u00e1\u0161 Kone\u010dn\u00fd\" width=\"1920\" height=\"1278\" \/><\/a><figcaption id=\"caption-attachment-17442\" class=\"wp-caption-text\"><em>Tom\u00e1\u0161 Kone\u010dn\u00fd b\u011bhem tren\u00e9rsk\u00e9 mise u \u010desk\u00e9 reprezentace. Foto: Jan Brychta<\/em><\/figcaption><\/figure>\n<p>\u201eNa start jsem nastupoval sebev\u011bdom\u011b, pro m\u011b to byl stejn\u00fd z\u00e1vod jako t\u0159eba klasika Lutych-Bastogne-Lutych. A kdy\u017e tam jsem mohl nastupovat a \u00fato\u010dit, tak pro\u010d by to ne\u0161lo v z\u00e1vod\u011b o duhov\u00fd dres,\u201c vzpom\u00ednal Kone\u010dn\u00fd na mistrovstv\u00ed sv\u011bta 2004.<\/p>\n<p>\u201eJezdil jsem v t\u00fdmu s Ullrichem, Zabelem. Ne \u017ee bych byl takov\u00e1 hv\u011bzda, ale ve\u010der jsem si k n\u011bmeck\u00e9mu n\u00e1ro\u010f\u00e1ku jel do hotelu pro kolo, bavili se se mnou, byl jsem sou\u010d\u00e1st\u00ed z\u00e1vodu o mistra sv\u011bta. Ale nepovedl se mi \u2013 odjelo 20 lid\u00ed a j\u00e1 z\u016fstal v bal\u00edku.\u201c<\/p>\n<h2><strong>Sv\u011btov\u00e9 zlato nez\u00edsk\u00e1v\u00e1 zelen\u00e1\u010d<\/strong><\/h2>\n<p>Nakonec a\u017e Lisabon 2001 p\u0159inesl skv\u011bl\u00fd v\u00fdsledek, dev\u00e1t\u00e9 m\u00edsto, na dlouh\u00e9 roky nejlep\u0161\u00ed \u010desk\u00e9 um\u00edst\u011bn\u00ed na mistrovstv\u00ed sv\u011bta, ne\u017e ho v Innsbrucku p\u0159ekonal \u0161est\u00fd Roman Kreuziger. A 254 portugalsk\u00fdch kilometr\u016f bylo jen dal\u0161\u00edm d\u016fkazem toho, \u017ee sv\u011btov\u00e9 zlato zpravidla nez\u00edsk\u00e1v\u00e1 \u00fapln\u00fd zelen\u00e1\u010d. Tyhle maratonsk\u00e9 pouti vy\u017eaduj\u00ed zku\u0161enosti a fi\u0161tr\u00f3n nabit\u00fd pr\u00e1v\u011b por\u00e1\u017ekami, tak\u017ee mladou hv\u011bzdu mistrovstv\u00ed sv\u011bta zpravidla neobjev\u00ed.<\/p>\n<div class=\"shortcode-ys-post-pinup\"><article class=\"loop-simple post-18837 post type-post status-publish format-video has-post-thumbnail hentry category-podcasty tag-cyklistika tag-gazprom-rusvelo tag-mathias-vacek tag-podcast tag-silnicni-cyklistika tag-trek-segafredo tag-trenink post_format-post-format-video global-categories-cycling\" data-postid=\"18837\" role=\"article\" data-post-id=\"18837\" data-word-count=\"270\" data-headline-length=\"99\" data-category=\"Podcasty\" data-global-category=\"Cycling\" data-author=\"We Love Cycling\" data-published=\"2022-09-25T02:00:53+02:00\" data-published-day=\"Sunday\">\n    <div class=\"entry-thumbnail article-thumbnail video-thumbnail\" content=\"https:\/\/d2p6e6u75xmxt8.cloudfront.net\/13\/2022\/09\/wlc-podcast-vacek-150x150.webp\"><svg class=\"play font-icon\"><use href=\"#play_round\" xlink:href=\"#play_round\"><\/use><\/svg><a href=\"https:\/\/www.welovecycling.com\/cs\/2022\/09\/25\/wlc-podcast-mathias-vacek-kdyz-me-mama-vozila-na-voziku-byl-jsem-psychicky-zlomeny\/\" class=\"image-holder\" target=\"_self\"><img decoding=\"async\" loading=\"lazy\" class=\"\" src=\"https:\/\/d2p6e6u75xmxt8.cloudfront.net\/13\/2022\/09\/wlc-podcast-vacek-1024x576.webp\" srcset=\"https:\/\/d2p6e6u75xmxt8.cloudfront.net\/13\/2022\/09\/wlc-podcast-vacek.webp 1920w, https:\/\/d2p6e6u75xmxt8.cloudfront.net\/13\/2022\/09\/wlc-podcast-vacek-300x169.webp 300w, https:\/\/d2p6e6u75xmxt8.cloudfront.net\/13\/2022\/09\/wlc-podcast-vacek-1024x576.webp 1024w, https:\/\/d2p6e6u75xmxt8.cloudfront.net\/13\/2022\/09\/wlc-podcast-vacek-768x432.webp 768w, https:\/\/d2p6e6u75xmxt8.cloudfront.net\/13\/2022\/09\/wlc-podcast-vacek-1536x864.webp 1536w\" width=\"1024\" height=\"576\" sizes=\"auto, (min-width: 1200px) 356px, (min-width: 768px) 30vw, 100vw\" alt=\"wlc-podcast-mathias-vacek-kdyz-me-mama-vozila-na-voziku-byl-jsem-psychicky-zlomeny\"\/><\/a><\/div>    <div class=\"entry-meta\">\n        <a class=\"label label-secondary post-category\" href=\"https:\/\/www.welovecycling.com\/cs\/category\/podcasty\/\" title=\"Podcasty\">Podcasty<\/a>\n    <\/div>\n    <div class=\"entry-details\">\n        <a href=\"https:\/\/www.welovecycling.com\/cs\/2022\/09\/25\/wlc-podcast-mathias-vacek-kdyz-me-mama-vozila-na-voziku-byl-jsem-psychicky-zlomeny\/\" class='entry-title-wrapper'>\n            <h3 class=\"entry-title\"><span>Mathias Vacek &#8211; podcast WLC: Kdy\u017e m\u011b m\u00e1ma tla\u010dila na voz\u00edku, byl jsem psychicky zlomen\u00fd<\/span><\/h3>\n        <\/a>\n    <\/div>\n    <\/article>\n<\/div>\n<p>\u201eAle i tady jsou v\u00fdjimky,\u201c p\u0159ipomene Kone\u010dn\u00fd sv\u00e9ho vrstevn\u00edka Lanceho Armstronga, kter\u00fd se mistrem sv\u011bta stal v 21 letech. \u201eTaky Remco Evenepoel, v\u00edt\u011bz Vuelty, nen\u00ed letos bez \u0161ance, ale to jsou sp\u00ed\u0161 v\u00fdjimky. Je pravda, \u017ee t\u011blo se mus\u00ed nejd\u0159\u00edv na tu extr\u00e9mn\u00ed d\u00e9lku adaptovat, to nezvl\u00e1dne ka\u017ed\u00fd.\u201c<\/p>\n<p>Respektive mo\u017en\u00e1 zvl\u00e1dne, ale nejrychleji zase jen jeden jedin\u00fd z nich. V ned\u011bli po sn\u00eddani, to kv\u016fli \u010dasov\u00e9mu posunu Austr\u00e1lie, budeme zn\u00e1t maratonsk\u00e9ho n\u00e1stupce francouzsk\u00e9ho mu\u0161ket\u00fdra s kn\u00edrem Juliana Alaphilippa.<\/p>\n<p><em>Tituln\u00ed foto: A.S.O\/UniPublic<\/em><\/p>\n","protected":false},"excerpt":{"rendered":"<p>By\u0165 je\u0161t\u011b na za\u010d\u00e1tku roku austral\u0161t\u00ed po\u0159adatel\u00e9 informovali (nebo sp\u00ed\u0161 d\u011bsili?), \u017ee z\u00e1vod elitn\u00ed kategorie na mistrovstv\u00ed sv\u011bta bude m\u011b\u0159it [&hellip;]<\/p>\n","protected":false},"author":138,"featured_media":18854,"comment_status":"open","ping_status":"open","sticky":false,"template":"","format":"standard","meta":{"footnotes":""},"categories":[10],"tags":[126,91,1154,9,640,2576],"global-categories":[411],"class_list":["post-18850","post","type-post","status-publish","format-standard","has-post-thumbnail","hentry","category-silnicni-cyklistika","tag-cyklistika","tag-julian-alaphilippe","tag-mistrovstvi-sveta","tag-silnicni-cyklistika","tag-tomas-konecny","tag-wollongong","global-categories-cycling"],"yoast_head":"<!-- This site is optimized with the Yoast SEO Premium plugin v25.3 (Yoast SEO v25.9) - https:\/\/yoast.com\/wordpress\/plugins\/seo\/ -->\n<title>Mistrovstv\u00ed sv\u011bta: zdlouhav\u00fd maraton s odm\u011bnou v barv\u011b duhy | \u0160koda We Love Cycling - \u010cesk\u00e1 republika<\/title>\n<meta name=\"description\" content=\"Mistrovstv\u00ed sv\u011bta jen pro otrl\u00e9. Po drobn\u00fdch \u00faprav\u00e1ch trasy ve Wollongongu se bitva o zlato odehraje na distanci 267 kilometr\u016f.\" \/>\n<meta name=\"robots\" content=\"index, follow, max-snippet:-1, max-image-preview:large, max-video-preview:-1\" \/>\n<link rel=\"canonical\" href=\"https:\/\/www.welovecycling.com\/cs\/2022\/09\/24\/zdlouhavy-maraton-s-odmenou-v-barve-duhy\/\" \/>\n<meta property=\"og:locale\" content=\"cs_CZ\" \/>\n<meta property=\"og:type\" content=\"article\" \/>\n<meta property=\"og:title\" content=\"Mistrovstv\u00ed sv\u011bta: zdlouhav\u00fd maraton s odm\u011bnou v barv\u011b duhy\" \/>\n<meta property=\"og:description\" content=\"Mistrovstv\u00ed sv\u011bta jen pro otrl\u00e9. Po drobn\u00fdch \u00faprav\u00e1ch trasy ve Wollongongu se bitva o zlato odehraje na distanci 267 kilometr\u016f.\" \/>\n<meta property=\"og:url\" content=\"https:\/\/www.welovecycling.com\/cs\/2022\/09\/24\/zdlouhavy-maraton-s-odmenou-v-barve-duhy\/\" \/>\n<meta property=\"og:site_name\" content=\"\u0160koda We Love Cycling - \u010cesk\u00e1 republika\" \/>\n<meta property=\"article:published_time\" content=\"2022-09-24T13:00:17+00:00\" \/>\n<meta property=\"og:image\" content=\"https:\/\/d2p6e6u75xmxt8.cloudfront.net\/13\/2022\/09\/alaphilippe-304784881_10221550202128020_5686305613933439025_n.webp\" \/>\n\t<meta property=\"og:image:width\" content=\"2048\" \/>\n\t<meta property=\"og:image:height\" content=\"1365\" \/>\n\t<meta property=\"og:image:type\" content=\"image\/webp\" \/>\n<meta name=\"author\" content=\"radekmalina\" \/>\n<meta name=\"twitter:card\" content=\"summary_large_image\" \/>\n<meta name=\"twitter:label1\" content=\"Written by\" \/>\n\t<meta name=\"twitter:data1\" content=\"We Love Cycling\" \/>\n\t<meta name=\"twitter:label2\" content=\"Est. watching time\" \/>\n\t<meta name=\"twitter:data2\" content=\"4\" \/>\n<script type=\"application\/ld+json\" class=\"yoast-schema-graph\">{\"@context\":\"https:\/\/schema.org\",\"@graph\":[{\"@type\":\"WebPage\",\"@id\":\"https:\/\/www.welovecycling.com\/cs\/2022\/09\/24\/zdlouhavy-maraton-s-odmenou-v-barve-duhy\/\",\"url\":\"https:\/\/www.welovecycling.com\/cs\/2022\/09\/24\/zdlouhavy-maraton-s-odmenou-v-barve-duhy\/\",\"name\":\"Mistrovstv\u00ed sv\u011bta: zdlouhav\u00fd maraton s odm\u011bnou v barv\u011b duhy | \u0160koda We Love Cycling - \u010cesk\u00e1 republika\",\"isPartOf\":{\"@id\":\"https:\/\/www.welovecycling.com\/cs\/#website\"},\"primaryImageOfPage\":{\"@id\":\"https:\/\/www.welovecycling.com\/cs\/2022\/09\/24\/zdlouhavy-maraton-s-odmenou-v-barve-duhy\/#primaryimage\"},\"image\":{\"@id\":\"https:\/\/www.welovecycling.com\/cs\/2022\/09\/24\/zdlouhavy-maraton-s-odmenou-v-barve-duhy\/#primaryimage\"},\"thumbnailUrl\":\"https:\/\/d2p6e6u75xmxt8.cloudfront.net\/13\/2022\/09\/alaphilippe-304784881_10221550202128020_5686305613933439025_n.webp\",\"datePublished\":\"2022-09-24T13:00:17+00:00\",\"author\":{\"@id\":\"https:\/\/www.welovecycling.com\/cs\/#\/schema\/person\/d9eeb0a378f3a7e4a6d12d2b536b04b8\"},\"description\":\"Mistrovstv\u00ed sv\u011bta jen pro otrl\u00e9. Po drobn\u00fdch \u00faprav\u00e1ch trasy ve Wollongongu se bitva o zlato odehraje na distanci 267 kilometr\u016f.\",\"inLanguage\":\"cs\",\"potentialAction\":[{\"@type\":\"ReadAction\",\"target\":[\"https:\/\/www.welovecycling.com\/cs\/2022\/09\/24\/zdlouhavy-maraton-s-odmenou-v-barve-duhy\/\"]}]},{\"@type\":\"ImageObject\",\"inLanguage\":\"cs\",\"@id\":\"https:\/\/www.welovecycling.com\/cs\/2022\/09\/24\/zdlouhavy-maraton-s-odmenou-v-barve-duhy\/#primaryimage\",\"url\":\"https:\/\/d2p6e6u75xmxt8.cloudfront.net\/13\/2022\/09\/alaphilippe-304784881_10221550202128020_5686305613933439025_n.webp\",\"contentUrl\":\"https:\/\/d2p6e6u75xmxt8.cloudfront.net\/13\/2022\/09\/alaphilippe-304784881_10221550202128020_5686305613933439025_n.webp\",\"width\":2048,\"height\":1365},{\"@type\":\"WebSite\",\"@id\":\"https:\/\/www.welovecycling.com\/cs\/#website\",\"url\":\"https:\/\/www.welovecycling.com\/cs\/\",\"name\":\"\u0160koda We Love Cycling - \u010cesk\u00e1 republika\",\"description\":\"WeLoveCycling.cz je online magaz\u00edn, kter\u00fd v\u00e1m pravideln\u011b p\u0159in\u00e1\u0161\u00ed rady a tipy, zaj\u00edmav\u00e9 \u010dl\u00e1nky, videa a jedine\u010dn\u00e9 report\u00e1\u017ee ze sv\u011bta cyklistiky.\",\"potentialAction\":[{\"@type\":\"SearchAction\",\"target\":{\"@type\":\"EntryPoint\",\"urlTemplate\":\"https:\/\/www.welovecycling.com\/cs\/?s={search_term_string}\"},\"query-input\":{\"@type\":\"PropertyValueSpecification\",\"valueRequired\":true,\"valueName\":\"search_term_string\"}}],\"inLanguage\":\"cs\"},{\"@type\":\"Person\",\"@id\":\"https:\/\/www.welovecycling.com\/cs\/#\/schema\/person\/d9eeb0a378f3a7e4a6d12d2b536b04b8\",\"name\":\"radekmalina\",\"image\":{\"@type\":\"ImageObject\",\"inLanguage\":\"cs\",\"@id\":\"https:\/\/www.welovecycling.com\/cs\/#\/schema\/person\/image\/\",\"url\":\"https:\/\/secure.gravatar.com\/avatar\/66994b632cb8c39a46b9f54afa3ae07201b678d32a54275b6f1c9ffec356bfc0?s=96&d=mm&r=g\",\"contentUrl\":\"https:\/\/secure.gravatar.com\/avatar\/66994b632cb8c39a46b9f54afa3ae07201b678d32a54275b6f1c9ffec356bfc0?s=96&d=mm&r=g\",\"caption\":\"radekmalina\"},\"url\":\"https:\/\/www.welovecycling.com\/cs\/author\/radekmalina\/\"}]}<\/script>\n<!-- \/ Yoast SEO Premium plugin. -->","yoast_head_json":{"title":"Mistrovstv\u00ed sv\u011bta: zdlouhav\u00fd maraton s odm\u011bnou v barv\u011b duhy | \u0160koda We Love Cycling - \u010cesk\u00e1 republika","description":"Mistrovstv\u00ed sv\u011bta jen pro otrl\u00e9. Po drobn\u00fdch \u00faprav\u00e1ch trasy ve Wollongongu se bitva o zlato odehraje na distanci 267 kilometr\u016f.","robots":{"index":"index","follow":"follow","max-snippet":"max-snippet:-1","max-image-preview":"max-image-preview:large","max-video-preview":"max-video-preview:-1"},"canonical":"https:\/\/www.welovecycling.com\/cs\/2022\/09\/24\/zdlouhavy-maraton-s-odmenou-v-barve-duhy\/","og_locale":"cs_CZ","og_type":"article","og_title":"Mistrovstv\u00ed sv\u011bta: zdlouhav\u00fd maraton s odm\u011bnou v barv\u011b duhy","og_description":"Mistrovstv\u00ed sv\u011bta jen pro otrl\u00e9. Po drobn\u00fdch \u00faprav\u00e1ch trasy ve Wollongongu se bitva o zlato odehraje na distanci 267 kilometr\u016f.","og_url":"https:\/\/www.welovecycling.com\/cs\/2022\/09\/24\/zdlouhavy-maraton-s-odmenou-v-barve-duhy\/","og_site_name":"\u0160koda We Love Cycling - \u010cesk\u00e1 republika","article_published_time":"2022-09-24T13:00:17+00:00","og_image":[{"width":2048,"height":1365,"url":"https:\/\/d2p6e6u75xmxt8.cloudfront.net\/13\/2022\/09\/alaphilippe-304784881_10221550202128020_5686305613933439025_n.webp","type":"image\/webp"}],"author":"radekmalina","twitter_card":"summary_large_image","twitter_misc":{"Written by":"We Love Cycling","Est. watching time":"4"},"schema":{"@context":"https:\/\/schema.org","@graph":[{"@type":"WebPage","@id":"https:\/\/www.welovecycling.com\/cs\/2022\/09\/24\/zdlouhavy-maraton-s-odmenou-v-barve-duhy\/","url":"https:\/\/www.welovecycling.com\/cs\/2022\/09\/24\/zdlouhavy-maraton-s-odmenou-v-barve-duhy\/","name":"Mistrovstv\u00ed sv\u011bta: zdlouhav\u00fd maraton s odm\u011bnou v barv\u011b duhy | \u0160koda We Love Cycling - \u010cesk\u00e1 republika","isPartOf":{"@id":"https:\/\/www.welovecycling.com\/cs\/#website"},"primaryImageOfPage":{"@id":"https:\/\/www.welovecycling.com\/cs\/2022\/09\/24\/zdlouhavy-maraton-s-odmenou-v-barve-duhy\/#primaryimage"},"image":{"@id":"https:\/\/www.welovecycling.com\/cs\/2022\/09\/24\/zdlouhavy-maraton-s-odmenou-v-barve-duhy\/#primaryimage"},"thumbnailUrl":"https:\/\/d2p6e6u75xmxt8.cloudfront.net\/13\/2022\/09\/alaphilippe-304784881_10221550202128020_5686305613933439025_n.webp","datePublished":"2022-09-24T13:00:17+00:00","author":{"@id":"https:\/\/www.welovecycling.com\/cs\/#\/schema\/person\/d9eeb0a378f3a7e4a6d12d2b536b04b8"},"description":"Mistrovstv\u00ed sv\u011bta jen pro otrl\u00e9. Po drobn\u00fdch \u00faprav\u00e1ch trasy ve Wollongongu se bitva o zlato odehraje na distanci 267 kilometr\u016f.","inLanguage":"cs","potentialAction":[{"@type":"ReadAction","target":["https:\/\/www.welovecycling.com\/cs\/2022\/09\/24\/zdlouhavy-maraton-s-odmenou-v-barve-duhy\/"]}]},{"@type":"ImageObject","inLanguage":"cs","@id":"https:\/\/www.welovecycling.com\/cs\/2022\/09\/24\/zdlouhavy-maraton-s-odmenou-v-barve-duhy\/#primaryimage","url":"https:\/\/d2p6e6u75xmxt8.cloudfront.net\/13\/2022\/09\/alaphilippe-304784881_10221550202128020_5686305613933439025_n.webp","contentUrl":"https:\/\/d2p6e6u75xmxt8.cloudfront.net\/13\/2022\/09\/alaphilippe-304784881_10221550202128020_5686305613933439025_n.webp","width":2048,"height":1365},{"@type":"WebSite","@id":"https:\/\/www.welovecycling.com\/cs\/#website","url":"https:\/\/www.welovecycling.com\/cs\/","name":"\u0160koda We Love Cycling - \u010cesk\u00e1 republika","description":"WeLoveCycling.cz je online magaz\u00edn, kter\u00fd v\u00e1m pravideln\u011b p\u0159in\u00e1\u0161\u00ed rady a tipy, zaj\u00edmav\u00e9 \u010dl\u00e1nky, videa a jedine\u010dn\u00e9 report\u00e1\u017ee ze sv\u011bta cyklistiky.","potentialAction":[{"@type":"SearchAction","target":{"@type":"EntryPoint","urlTemplate":"https:\/\/www.welovecycling.com\/cs\/?s={search_term_string}"},"query-input":{"@type":"PropertyValueSpecification","valueRequired":true,"valueName":"search_term_string"}}],"inLanguage":"cs"},{"@type":"Person","@id":"https:\/\/www.welovecycling.com\/cs\/#\/schema\/person\/d9eeb0a378f3a7e4a6d12d2b536b04b8","name":"radekmalina","image":{"@type":"ImageObject","inLanguage":"cs","@id":"https:\/\/www.welovecycling.com\/cs\/#\/schema\/person\/image\/","url":"https:\/\/secure.gravatar.com\/avatar\/66994b632cb8c39a46b9f54afa3ae07201b678d32a54275b6f1c9ffec356bfc0?s=96&d=mm&r=g","contentUrl":"https:\/\/secure.gravatar.com\/avatar\/66994b632cb8c39a46b9f54afa3ae07201b678d32a54275b6f1c9ffec356bfc0?s=96&d=mm&r=g","caption":"radekmalina"},"url":"https:\/\/www.welovecycling.com\/cs\/author\/radekmalina\/"}]}},"_links":{"self":[{"href":"https:\/\/www.welovecycling.com\/cs\/wp-json\/wp\/v2\/posts\/18850","targetHints":{"allow":["GET"]}}],"collection":[{"href":"https:\/\/www.welovecycling.com\/cs\/wp-json\/wp\/v2\/posts"}],"about":[{"href":"https:\/\/www.welovecycling.com\/cs\/wp-json\/wp\/v2\/types\/post"}],"author":[{"embeddable":true,"href":"https:\/\/www.welovecycling.com\/cs\/wp-json\/wp\/v2\/users\/138"}],"replies":[{"embeddable":true,"href":"https:\/\/www.welovecycling.com\/cs\/wp-json\/wp\/v2\/comments?post=18850"}],"version-history":[{"count":2,"href":"https:\/\/www.welovecycling.com\/cs\/wp-json\/wp\/v2\/posts\/18850\/revisions"}],"predecessor-version":[{"id":18874,"href":"https:\/\/www.welovecycling.com\/cs\/wp-json\/wp\/v2\/posts\/18850\/revisions\/18874"}],"wp:featuredmedia":[{"embeddable":true,"href":"https:\/\/www.welovecycling.com\/cs\/wp-json\/wp\/v2\/media\/18854"}],"wp:attachment":[{"href":"https:\/\/www.welovecycling.com\/cs\/wp-json\/wp\/v2\/media?parent=18850"}],"wp:term":[{"taxonomy":"category","embeddable":true,"href":"https:\/\/www.welovecycling.com\/cs\/wp-json\/wp\/v2\/categories?post=18850"},{"taxonomy":"post_tag","embeddable":true,"href":"https:\/\/www.welovecycling.com\/cs\/wp-json\/wp\/v2\/tags?post=18850"},{"taxonomy":"global-categories","embeddable":true,"href":"https:\/\/www.welovecycling.com\/cs\/wp-json\/wp\/v2\/global-categories?post=18850"}],"curies":[{"name":"wp","href":"https:\/\/api.w.org\/{rel}","templated":true}]}}