{"id":18796,"date":"2022-09-20T13:24:07","date_gmt":"2022-09-20T11:24:07","guid":{"rendered":"https:\/\/www.welovecycling.com\/cs\/?p=18796"},"modified":"2022-09-20T13:24:07","modified_gmt":"2022-09-20T11:24:07","slug":"sabina-kosarkova-nejrychlejsi-pri-ceskem-boji-o-letenky-na-ms-v-pump-tracku","status":"publish","type":"post","link":"https:\/\/www.welovecycling.com\/cs\/2022\/09\/20\/sabina-kosarkova-nejrychlejsi-pri-ceskem-boji-o-letenky-na-ms-v-pump-tracku\/","title":{"rendered":"Sabina Ko\u0161\u00e1rkov\u00e1 nejrychlej\u0161\u00ed p\u0159i \u010desk\u00e9m boji o letenky na MS v\u00a0pump tracku"},"content":{"rendered":"<p><strong>Sabina Ko\u0161\u00e1rkov\u00e1 ovl\u00e1dla na dr\u00e1ze v\u00a0To\u0161ovic\u00edch \u010deskou kvalifikaci na Red Bull UCI Pump Track World Championship, kter\u00fd se uskute\u010dn\u00ed v\u00a0listopadu v\u00a0Chile. V\u00a0mezin\u00e1rodn\u00ed nomina\u010dn\u00ed bitv\u011b byl mezi mu\u017ei nejrychlej\u0161\u00ed Loty\u0161 Kristaps Veksa.<\/strong><\/p>\n<p>Z\u00e1vod na nejdel\u0161\u00ed dr\u00e1ze v \u010cesku byl otev\u0159en\u00fd i pro jezdce ze zahrani\u010d\u00ed, a tak se jelo v siln\u00e9 mezin\u00e1rodn\u00ed konkurenci. Po m\u011b\u0159en\u00fdch \u010dasovk\u00e1ch se na start postavilo celkem 18 dvojic, z nich\u017e v\u017edy nejrychlej\u0161\u00ed jezdec postupoval do dal\u0161\u00edho kola.<\/p>\n<h2><strong>Letenka do Chile pro mistryni sv\u011bta<\/strong><\/h2>\n<p>V \u017eensk\u00e9 kategorii se bojovalo nat\u011bsno. Dom\u00e1c\u00edm pak ud\u011blala radost nejrychlej\u0161\u00ed \u017eena dne Sabina Ko\u0161\u00e1rkov\u00e1, kter\u00e1 si \u00fa\u010dast na mistrovstv\u00ed sv\u011bta v Chile zajistila ji\u017e p\u0159ed t\u0159emi t\u00fddny d\u00edky v\u00edt\u011bzstv\u00ed v norsk\u00e9m Harstadu.<\/p>\n<figure id=\"attachment_18789\" aria-describedby=\"caption-attachment-18789\" style=\"width: 1280px\" class=\"wp-caption alignnone\"><a href=\"https:\/\/d2p6e6u75xmxt8.cloudfront.net\/13\/2022\/09\/pumptrack-2.jpg\"><img loading=\"lazy\" decoding=\"async\" class=\"size-extra-large wp-image-18789\" src=\"https:\/\/d2p6e6u75xmxt8.cloudfront.net\/13\/2022\/09\/pumptrack-2-1280x1920.jpg\" alt=\"Sabina Ko\u0161\u00e1rkov\u00e1, \" width=\"1280\" height=\"1920\" \/><\/a><figcaption id=\"caption-attachment-18789\" class=\"wp-caption-text\"><em>Sabina Ko\u0161\u00e1rkov\u00e1, v\u00edt\u011bzka \u010desk\u00e9 kvalifikace na Red Bull UCI Pump Track World Championship. Foto: Redbullphotofiles.com (4x)<\/em><\/figcaption><\/figure>\n<p>\u201eNem\u00e1m slov. Byla jsem nerv\u00f3zn\u00ed ze z\u00e1vodu p\u0159ed dom\u00e1c\u00edm publikem. Ale v posledn\u00ed j\u00edzd\u011b jsem m\u011bla nejrychlej\u0161\u00ed \u010das a byla jsem jedin\u00e1 holka, kter\u00e1 okruh zvl\u00e1dla pod t\u0159iadvacet vte\u0159in. Jsem na sebe v\u00e1\u017en\u011b py\u0161n\u00e1,&#8220; hodnotila vystoupen\u00ed na dom\u00e1c\u00edm podniku Sabina Ko\u0161\u00e1rkov\u00e1.<\/p>\n<div class=\"shortcode-ys-post-pinup\"><article class=\"loop-simple post-14884 post type-post status-publish format-standard has-post-thumbnail hentry category-podcasty tag-bikros tag-bmx tag-cyklistika tag-downhill tag-dual tag-fourcross tag-horska-cyklistika tag-michal-marosi tag-podcast tag-red-bull-rampage tag-slalom global-categories-cycling\" data-postid=\"14884\" role=\"article\" data-post-id=\"14884\" data-word-count=\"288\" data-headline-length=\"73\" data-category=\"Podcasty\" data-global-category=\"Cycling\" data-author=\"We Love Cycling\" data-published=\"2021-10-25T10:00:47+02:00\" data-published-day=\"Monday\">\n    <div class=\"entry-thumbnail article-thumbnail\" content=\"https:\/\/d2p6e6u75xmxt8.cloudfront.net\/13\/2020\/01\/20191014-IMG_1367ok-150x150.webp\"><a href=\"https:\/\/www.welovecycling.com\/cs\/2021\/10\/25\/podcast-we-love-cycling-a-michal-marosi-motokros-mi-mama-zatrhla-proto-jsem-bikerem\/\" class=\"image-holder\" target=\"_self\"><img decoding=\"async\" loading=\"lazy\" class=\"\" src=\"https:\/\/d2p6e6u75xmxt8.cloudfront.net\/13\/2020\/01\/20191014-IMG_1367ok-1024x682.webp\" srcset=\"https:\/\/d2p6e6u75xmxt8.cloudfront.net\/13\/2020\/01\/20191014-IMG_1367ok.webp 2000w, https:\/\/d2p6e6u75xmxt8.cloudfront.net\/13\/2020\/01\/20191014-IMG_1367ok-300x200.webp 300w, https:\/\/d2p6e6u75xmxt8.cloudfront.net\/13\/2020\/01\/20191014-IMG_1367ok-1024x682.webp 1024w, https:\/\/d2p6e6u75xmxt8.cloudfront.net\/13\/2020\/01\/20191014-IMG_1367ok-768x512.webp 768w, https:\/\/d2p6e6u75xmxt8.cloudfront.net\/13\/2020\/01\/20191014-IMG_1367ok-1536x1024.webp 1536w, https:\/\/d2p6e6u75xmxt8.cloudfront.net\/13\/2020\/01\/20191014-IMG_1367ok-1920x1280.webp 1920w, https:\/\/d2p6e6u75xmxt8.cloudfront.net\/13\/2020\/01\/20191014-IMG_1367ok-272x182.webp 272w, https:\/\/d2p6e6u75xmxt8.cloudfront.net\/13\/2020\/01\/20191014-IMG_1367ok-1920x1280.webp 1920w\" width=\"1024\" height=\"682\" sizes=\"auto, (min-width: 1200px) 300px, (min-width: 768px) 25vw, 100vw\" alt=\"podcast-we-love-cycling-a-michal-marosi-motokros-mi-mama-zatrhla-proto-jsem-bikerem\"\/><\/a><\/div>    <div class=\"entry-meta\">\n        <a class=\"label label-secondary post-category\" href=\"https:\/\/www.welovecycling.com\/cs\/category\/podcasty\/\" title=\"Podcasty\">Podcasty<\/a>\n    <\/div>\n    <div class=\"entry-details\">\n        <a href=\"https:\/\/www.welovecycling.com\/cs\/2021\/10\/25\/podcast-we-love-cycling-a-michal-marosi-motokros-mi-mama-zatrhla-proto-jsem-bikerem\/\" class='entry-title-wrapper'>\n            <h3 class=\"entry-title\"><span>WLC Podcast Michal Maro\u0161i: Motokros mi m\u00e1ma zatrhla, proto jsem bikerem<\/span><\/h3>\n        <\/a>\n    <\/div>\n    <\/article>\n<\/div>\n<p>Slovensk\u00e1 reprezentantka Kristina Madar\u00e1sov\u00e1 vym\u011bnila bikrosov\u00e9 kolo, na n\u011bm\u017e si o t\u00fdden d\u0159\u00edve v It\u00e1lii dojela pro titul mistryn\u011b Evropy v BMX, a v To\u0161ovic\u00edch vybojovala st\u0159\u00edbro. Bronzovou medaili z\u00edskala mistryn\u011b sv\u011bta v pump tracku 2018 Christa Vonniederh\u00e4usernov\u00e1 z N\u011bmecka. Jej\u00ed soupe\u0159ky z \u010ceska i Slovenska ji\u017e m\u011bly \u00fa\u010dast na MS jistou z p\u0159edchoz\u00edch z\u00e1vod\u016f, Vonniederh\u00e4usernov\u00e1 si z To\u0161ovic odvezla letenku do Chile.<\/p>\n<h2><strong>Mu\u017e\u016fm vl\u00e1dl Kristaps Veksa<\/strong><\/h2>\n<p>K mezin\u00e1rodn\u00edmu kl\u00e1n\u00ed do\u0161lo i mezi mu\u017ei, kte\u0159\u00ed v To\u0161ovic\u00edch n\u011bkolikr\u00e1t posunuli tra\u0165ov\u00fd rekord. Siln\u00e1 jezdeck\u00e1 konkurence zajistila div\u00e1k\u016fm dechberouc\u00ed pod\u00edvanou plnou skok\u016f a rychl\u00fdch zat\u00e1\u010dek.<\/p>\n<p>\u017d\u00e1dn\u00e9ho p\u0159emo\u017eitele nakonec nena\u0161el Loty\u0161 Kristaps Veksa, kter\u00fd si na Moravu odsko\u010dil z n\u011bmeck\u00e9 sout\u011b\u017ee Ninja Warrior. Do Chile tak odj\u00ed\u017ed\u00ed jako v\u00edt\u011bz a stanovitel nejrychlej\u0161\u00ed j\u00edzdy\u00a0\u010desk\u00e9 kvalifikace. Na druh\u00e9 m\u00edsto dopumpoval Daniel Hradsk\u00fd ze Slovenska n\u00e1sledovan\u00fd Loty\u0161em Mikusem Strazdin\u0161em.<\/p>\n<figure id=\"attachment_18784\" aria-describedby=\"caption-attachment-18784\" style=\"width: 1920px\" class=\"wp-caption alignnone\"><a href=\"https:\/\/d2p6e6u75xmxt8.cloudfront.net\/13\/2022\/09\/Kristaps-Veksa_01-scaled.jpg\"><img loading=\"lazy\" decoding=\"async\" class=\"size-extra-large wp-image-18784\" src=\"https:\/\/d2p6e6u75xmxt8.cloudfront.net\/13\/2022\/09\/Kristaps-Veksa_01-1920x1280.jpg\" alt=\"Kristaps Veksa\" width=\"1920\" height=\"1280\" \/><\/a><figcaption id=\"caption-attachment-18784\" class=\"wp-caption-text\"><em>Kristaps Veksa ovl\u00e1dl z\u00e1vod na dr\u00e1ze v To\u0161ovic\u00edch.<\/em><\/figcaption><\/figure>\n<p>\u010cesk\u00fd z\u00e1stupce Tom\u00e1\u0161 Slav\u00edk vypadl v konfrontaci se slovinsk\u00fdm soupe\u0159em o 0,2 vte\u0159iny.<\/p>\n<p>Na \u00farovni sv\u011btov\u00e9 s\u00e9rie pod Mezin\u00e1rodn\u00ed cyklistickou uni\u00ed (UCI) se v pumptracku z\u00e1vod\u00ed od roku 2018. Tehdy se na cel\u00e9m sv\u011bt\u011b odjelo 23 kvalifika\u010dn\u00edch kol. T\u011bch se z\u00fa\u010dastnilo na dva tis\u00edce jezdc\u016f z 19 zem\u00ed.<\/p>\n<div class=\"shortcode-ys-post-pinup\"><article class=\"loop-simple post-6675 post type-post status-publish format-standard has-post-thumbnail hentry category-https-www-welovecycling-com-cs-category-zabava tag-downhill tag-fourcross tag-mestske-sjezdy tag-tomas-slavik global-categories-cycling\" data-postid=\"6675\" role=\"article\" data-post-id=\"6675\" data-word-count=\"982\" data-headline-length=\"105\" data-category=\"Z\u00c1BAVA\" data-global-category=\"Cycling\" data-author=\"Jan Kr\u016fta\" data-published=\"2020-04-19T11:00:54+02:00\" data-published-day=\"Sunday\">\n    <div class=\"entry-thumbnail article-thumbnail\" content=\"https:\/\/d2p6e6u75xmxt8.cloudfront.net\/13\/2020\/04\/Slavik-Tomas-150x150.webp\"><a href=\"https:\/\/www.welovecycling.com\/cs\/2020\/04\/19\/dvojnasobny-mistr-sveta-ve-fourcrossu-tomas-slavik-ze-jsme-sebevrazi-to-slysim-ze-vsech-stran\/\" class=\"image-holder\" target=\"_self\"><img decoding=\"async\" loading=\"lazy\" class=\"\" src=\"https:\/\/d2p6e6u75xmxt8.cloudfront.net\/13\/2020\/04\/Slavik-Tomas-1024x683.webp\" srcset=\"https:\/\/d2p6e6u75xmxt8.cloudfront.net\/13\/2020\/04\/Slavik-Tomas-scaled.webp 2560w, https:\/\/d2p6e6u75xmxt8.cloudfront.net\/13\/2020\/04\/Slavik-Tomas-300x200.webp 300w, https:\/\/d2p6e6u75xmxt8.cloudfront.net\/13\/2020\/04\/Slavik-Tomas-1024x683.webp 1024w, https:\/\/d2p6e6u75xmxt8.cloudfront.net\/13\/2020\/04\/Slavik-Tomas-768x512.webp 768w, https:\/\/d2p6e6u75xmxt8.cloudfront.net\/13\/2020\/04\/Slavik-Tomas-1536x1024.webp 1536w, https:\/\/d2p6e6u75xmxt8.cloudfront.net\/13\/2020\/04\/Slavik-Tomas-2048x1365.webp 2048w, https:\/\/d2p6e6u75xmxt8.cloudfront.net\/13\/2020\/04\/Slavik-Tomas-1920x1280.webp 1920w, https:\/\/d2p6e6u75xmxt8.cloudfront.net\/13\/2020\/04\/Slavik-Tomas-272x182.webp 272w, https:\/\/d2p6e6u75xmxt8.cloudfront.net\/13\/2020\/04\/Slavik-Tomas-1920x1280.webp 1920w\" width=\"1024\" height=\"683\" sizes=\"auto, (min-width: 1200px) 300px, (min-width: 768px) 25vw, 100vw\" alt=\"dvojnasobny-mistr-sveta-ve-fourcrossu-tomas-slavik-ze-jsme-sebevrazi-to-slysim-ze-vsech-stran\"\/><\/a><\/div>    <div class=\"entry-meta\">\n        <a class=\"label label-secondary post-category\" href=\"https:\/\/www.welovecycling.com\/cs\/category\/https-www-welovecycling-com-cs-category-zabava\/\" title=\"Z\u00c1BAVA\">Z\u00c1BAVA<\/a>\n    <\/div>\n    <div class=\"entry-details\">\n        <a href=\"https:\/\/www.welovecycling.com\/cs\/2020\/04\/19\/dvojnasobny-mistr-sveta-ve-fourcrossu-tomas-slavik-ze-jsme-sebevrazi-to-slysim-ze-vsech-stran\/\" class='entry-title-wrapper'>\n            <h3 class=\"entry-title\"><span>Dvojn\u00e1sobn\u00fd mistr sv\u011bta ve fourcrossu Tom\u00e1\u0161 Slav\u00edk: \u017de jsme sebevrazi? To sly\u0161\u00edm ze v\u0161ech stran<\/span><\/h3>\n        <\/a>\n    <\/div>\n    <\/article>\n<\/div>\n<p>Po dal\u0161\u00edch ro\u010dn\u00edc\u00edch sv\u011btov\u00fdch fin\u00e1le ve \u0160v\u00fdcarsku a v Portugalsku se letos nejlep\u0161\u00ed jezdci planety utkaj\u00ed o duhov\u00fd dres 20. listopadu v Santiagu de Chile.<\/p>\n<figure id=\"attachment_18788\" aria-describedby=\"caption-attachment-18788\" style=\"width: 1920px\" class=\"wp-caption alignnone\"><a href=\"https:\/\/d2p6e6u75xmxt8.cloudfront.net\/13\/2022\/09\/tomas_slavik_03-scaled.jpg\"><img loading=\"lazy\" decoding=\"async\" class=\"size-extra-large wp-image-18788\" src=\"https:\/\/d2p6e6u75xmxt8.cloudfront.net\/13\/2022\/09\/tomas_slavik_03-1920x1280.jpg\" alt=\"Tom\u00e1\u0161 Slav\u00edk, \u010desk\u00fd z\u00e1stupce\" width=\"1920\" height=\"1280\" \/><\/a><figcaption id=\"caption-attachment-18788\" class=\"wp-caption-text\"><em>Tom\u00e1\u0161 Slav\u00edk b\u011bhem z\u00e1vodu v pump tracku v To\u0161ovic\u00edch.<\/em><\/figcaption><\/figure>\n<p>Tra\u0165 se nach\u00e1z\u00ed ve \u010dtvrti Las Condes, kter\u00e1 je pova\u017eov\u00e1na za most mezi m\u011bstem a Andami. Design\u00e9\u0159i z\u00e1vodn\u00edho are\u00e1lu se zav\u00e1zali postavit tra\u0165, kter\u00e1 nab\u00eddne rovn\u00e9 podm\u00ednky jezdc\u016fm na BMX i MTB kolech.<\/p>\n","protected":false},"excerpt":{"rendered":"<p>Sabina Ko\u0161\u00e1rkov\u00e1 ovl\u00e1dla na dr\u00e1ze v\u00a0To\u0161ovic\u00edch \u010deskou kvalifikaci na Red Bull UCI Pump Track World Championship, kter\u00fd se uskute\u010dn\u00ed v\u00a0listopadu [&hellip;]<\/p>\n","protected":false},"author":138,"featured_media":18791,"comment_status":"open","ping_status":"open","sticky":false,"template":"","format":"standard","meta":{"footnotes":""},"categories":[1003],"tags":[2585,126,2586,2583,2584,2581,726,2580,886,2582],"global-categories":[411],"class_list":["post-18796","post","type-post","status-publish","format-standard","has-post-thumbnail","hentry","category-pumptrack","tag-christa-vonniederhausernova","tag-cyklistika","tag-daniel-hradsky","tag-kristaps-veksa","tag-kristina-madarasova","tag-pump-track","tag-pumptrack","tag-sabina-kosarkova","tag-tomas-slavik","tag-tosovice","global-categories-cycling"],"yoast_head":"<!-- This site is optimized with the Yoast SEO Premium plugin v25.3 (Yoast SEO v25.9) - https:\/\/yoast.com\/wordpress\/plugins\/seo\/ -->\n<title>Sabina Ko\u0161\u00e1rkov\u00e1 nejrychlej\u0161\u00ed p\u0159i \u010desk\u00e9m boji o letenky na MS v\u00a0pump tracku | \u0160koda We Love Cycling - \u010cesk\u00e1 republika<\/title>\n<meta name=\"description\" content=\"Sabina Ko\u0161\u00e1rkov\u00e1 ovl\u00e1dla v\u00a0To\u0161ovic\u00edch \u010deskou kvalifikaci na Red Bull UCI Pump Track World Championship, kter\u00fd se uskute\u010dn\u00ed v\u00a0Chile.\" \/>\n<meta name=\"robots\" content=\"index, follow, max-snippet:-1, max-image-preview:large, max-video-preview:-1\" \/>\n<link rel=\"canonical\" href=\"https:\/\/www.welovecycling.com\/cs\/2022\/09\/20\/sabina-kosarkova-nejrychlejsi-pri-ceskem-boji-o-letenky-na-ms-v-pump-tracku\/\" \/>\n<meta property=\"og:locale\" content=\"cs_CZ\" \/>\n<meta property=\"og:type\" content=\"article\" \/>\n<meta property=\"og:title\" content=\"Sabina Ko\u0161\u00e1rkov\u00e1 nejrychlej\u0161\u00ed p\u0159i \u010desk\u00e9m boji o letenky na MS v\u00a0pump tracku\" \/>\n<meta property=\"og:description\" content=\"Sabina Ko\u0161\u00e1rkov\u00e1 ovl\u00e1dla v\u00a0To\u0161ovic\u00edch \u010deskou kvalifikaci na Red Bull UCI Pump Track World Championship, kter\u00fd se uskute\u010dn\u00ed v\u00a0Chile.\" \/>\n<meta property=\"og:url\" content=\"https:\/\/www.welovecycling.com\/cs\/2022\/09\/20\/sabina-kosarkova-nejrychlejsi-pri-ceskem-boji-o-letenky-na-ms-v-pump-tracku\/\" \/>\n<meta property=\"og:site_name\" content=\"\u0160koda We Love Cycling - \u010cesk\u00e1 republika\" \/>\n<meta property=\"article:published_time\" content=\"2022-09-20T11:24:07+00:00\" \/>\n<meta property=\"og:image\" content=\"https:\/\/d2p6e6u75xmxt8.cloudfront.net\/13\/2022\/09\/pumptrack-4.webp\" \/>\n\t<meta property=\"og:image:width\" content=\"2048\" \/>\n\t<meta property=\"og:image:height\" content=\"1364\" \/>\n\t<meta property=\"og:image:type\" content=\"image\/webp\" \/>\n<meta name=\"author\" content=\"radekmalina\" \/>\n<meta name=\"twitter:card\" content=\"summary_large_image\" \/>\n<meta name=\"twitter:label1\" content=\"Written by\" \/>\n\t<meta name=\"twitter:data1\" content=\"Jan Kr\u016fta\" \/>\n\t<meta name=\"twitter:label2\" content=\"Est. reading time\" \/>\n\t<meta name=\"twitter:data2\" content=\"8\" \/>\n<script type=\"application\/ld+json\" class=\"yoast-schema-graph\">{\"@context\":\"https:\/\/schema.org\",\"@graph\":[{\"@type\":\"WebPage\",\"@id\":\"https:\/\/www.welovecycling.com\/cs\/2022\/09\/20\/sabina-kosarkova-nejrychlejsi-pri-ceskem-boji-o-letenky-na-ms-v-pump-tracku\/\",\"url\":\"https:\/\/www.welovecycling.com\/cs\/2022\/09\/20\/sabina-kosarkova-nejrychlejsi-pri-ceskem-boji-o-letenky-na-ms-v-pump-tracku\/\",\"name\":\"Sabina Ko\u0161\u00e1rkov\u00e1 nejrychlej\u0161\u00ed p\u0159i \u010desk\u00e9m boji o letenky na MS v\u00a0pump tracku | \u0160koda We Love Cycling - \u010cesk\u00e1 republika\",\"isPartOf\":{\"@id\":\"https:\/\/www.welovecycling.com\/cs\/#website\"},\"primaryImageOfPage\":{\"@id\":\"https:\/\/www.welovecycling.com\/cs\/2022\/09\/20\/sabina-kosarkova-nejrychlejsi-pri-ceskem-boji-o-letenky-na-ms-v-pump-tracku\/#primaryimage\"},\"image\":{\"@id\":\"https:\/\/www.welovecycling.com\/cs\/2022\/09\/20\/sabina-kosarkova-nejrychlejsi-pri-ceskem-boji-o-letenky-na-ms-v-pump-tracku\/#primaryimage\"},\"thumbnailUrl\":\"https:\/\/d2p6e6u75xmxt8.cloudfront.net\/13\/2022\/09\/pumptrack-4.webp\",\"datePublished\":\"2022-09-20T11:24:07+00:00\",\"author\":{\"@id\":\"https:\/\/www.welovecycling.com\/cs\/#\/schema\/person\/d9eeb0a378f3a7e4a6d12d2b536b04b8\"},\"description\":\"Sabina Ko\u0161\u00e1rkov\u00e1 ovl\u00e1dla v\u00a0To\u0161ovic\u00edch \u010deskou kvalifikaci na Red Bull UCI Pump Track World Championship, kter\u00fd se uskute\u010dn\u00ed v\u00a0Chile.\",\"inLanguage\":\"cs\",\"potentialAction\":[{\"@type\":\"ReadAction\",\"target\":[\"https:\/\/www.welovecycling.com\/cs\/2022\/09\/20\/sabina-kosarkova-nejrychlejsi-pri-ceskem-boji-o-letenky-na-ms-v-pump-tracku\/\"]}]},{\"@type\":\"ImageObject\",\"inLanguage\":\"cs\",\"@id\":\"https:\/\/www.welovecycling.com\/cs\/2022\/09\/20\/sabina-kosarkova-nejrychlejsi-pri-ceskem-boji-o-letenky-na-ms-v-pump-tracku\/#primaryimage\",\"url\":\"https:\/\/d2p6e6u75xmxt8.cloudfront.net\/13\/2022\/09\/pumptrack-4.webp\",\"contentUrl\":\"https:\/\/d2p6e6u75xmxt8.cloudfront.net\/13\/2022\/09\/pumptrack-4.webp\",\"width\":2048,\"height\":1364,\"caption\":\"Sabina Ko\u0161\u00e1rkov\u00e1\"},{\"@type\":\"WebSite\",\"@id\":\"https:\/\/www.welovecycling.com\/cs\/#website\",\"url\":\"https:\/\/www.welovecycling.com\/cs\/\",\"name\":\"\u0160koda We Love Cycling - \u010cesk\u00e1 republika\",\"description\":\"WeLoveCycling.cz je online magaz\u00edn, kter\u00fd v\u00e1m pravideln\u011b p\u0159in\u00e1\u0161\u00ed rady a tipy, zaj\u00edmav\u00e9 \u010dl\u00e1nky, videa a jedine\u010dn\u00e9 report\u00e1\u017ee ze sv\u011bta cyklistiky.\",\"potentialAction\":[{\"@type\":\"SearchAction\",\"target\":{\"@type\":\"EntryPoint\",\"urlTemplate\":\"https:\/\/www.welovecycling.com\/cs\/?s={search_term_string}\"},\"query-input\":{\"@type\":\"PropertyValueSpecification\",\"valueRequired\":true,\"valueName\":\"search_term_string\"}}],\"inLanguage\":\"cs\"},{\"@type\":\"Person\",\"@id\":\"https:\/\/www.welovecycling.com\/cs\/#\/schema\/person\/d9eeb0a378f3a7e4a6d12d2b536b04b8\",\"name\":\"radekmalina\",\"image\":{\"@type\":\"ImageObject\",\"inLanguage\":\"cs\",\"@id\":\"https:\/\/www.welovecycling.com\/cs\/#\/schema\/person\/image\/\",\"url\":\"https:\/\/secure.gravatar.com\/avatar\/66994b632cb8c39a46b9f54afa3ae07201b678d32a54275b6f1c9ffec356bfc0?s=96&d=mm&r=g\",\"contentUrl\":\"https:\/\/secure.gravatar.com\/avatar\/66994b632cb8c39a46b9f54afa3ae07201b678d32a54275b6f1c9ffec356bfc0?s=96&d=mm&r=g\",\"caption\":\"radekmalina\"},\"url\":\"https:\/\/www.welovecycling.com\/cs\/author\/radekmalina\/\"}]}<\/script>\n<!-- \/ Yoast SEO Premium plugin. -->","yoast_head_json":{"title":"Sabina Ko\u0161\u00e1rkov\u00e1 nejrychlej\u0161\u00ed p\u0159i \u010desk\u00e9m boji o letenky na MS v\u00a0pump tracku | \u0160koda We Love Cycling - \u010cesk\u00e1 republika","description":"Sabina Ko\u0161\u00e1rkov\u00e1 ovl\u00e1dla v\u00a0To\u0161ovic\u00edch \u010deskou kvalifikaci na Red Bull UCI Pump Track World Championship, kter\u00fd se uskute\u010dn\u00ed v\u00a0Chile.","robots":{"index":"index","follow":"follow","max-snippet":"max-snippet:-1","max-image-preview":"max-image-preview:large","max-video-preview":"max-video-preview:-1"},"canonical":"https:\/\/www.welovecycling.com\/cs\/2022\/09\/20\/sabina-kosarkova-nejrychlejsi-pri-ceskem-boji-o-letenky-na-ms-v-pump-tracku\/","og_locale":"cs_CZ","og_type":"article","og_title":"Sabina Ko\u0161\u00e1rkov\u00e1 nejrychlej\u0161\u00ed p\u0159i \u010desk\u00e9m boji o letenky na MS v\u00a0pump tracku","og_description":"Sabina Ko\u0161\u00e1rkov\u00e1 ovl\u00e1dla v\u00a0To\u0161ovic\u00edch \u010deskou kvalifikaci na Red Bull UCI Pump Track World Championship, kter\u00fd se uskute\u010dn\u00ed v\u00a0Chile.","og_url":"https:\/\/www.welovecycling.com\/cs\/2022\/09\/20\/sabina-kosarkova-nejrychlejsi-pri-ceskem-boji-o-letenky-na-ms-v-pump-tracku\/","og_site_name":"\u0160koda We Love Cycling - \u010cesk\u00e1 republika","article_published_time":"2022-09-20T11:24:07+00:00","og_image":[{"width":2048,"height":1364,"url":"https:\/\/d2p6e6u75xmxt8.cloudfront.net\/13\/2022\/09\/pumptrack-4.webp","type":"image\/webp"}],"author":"radekmalina","twitter_card":"summary_large_image","twitter_misc":{"Written by":"Jan Kr\u016fta","Est. reading time":"8"},"schema":{"@context":"https:\/\/schema.org","@graph":[{"@type":"WebPage","@id":"https:\/\/www.welovecycling.com\/cs\/2022\/09\/20\/sabina-kosarkova-nejrychlejsi-pri-ceskem-boji-o-letenky-na-ms-v-pump-tracku\/","url":"https:\/\/www.welovecycling.com\/cs\/2022\/09\/20\/sabina-kosarkova-nejrychlejsi-pri-ceskem-boji-o-letenky-na-ms-v-pump-tracku\/","name":"Sabina Ko\u0161\u00e1rkov\u00e1 nejrychlej\u0161\u00ed p\u0159i \u010desk\u00e9m boji o letenky na MS v\u00a0pump tracku | \u0160koda We Love Cycling - \u010cesk\u00e1 republika","isPartOf":{"@id":"https:\/\/www.welovecycling.com\/cs\/#website"},"primaryImageOfPage":{"@id":"https:\/\/www.welovecycling.com\/cs\/2022\/09\/20\/sabina-kosarkova-nejrychlejsi-pri-ceskem-boji-o-letenky-na-ms-v-pump-tracku\/#primaryimage"},"image":{"@id":"https:\/\/www.welovecycling.com\/cs\/2022\/09\/20\/sabina-kosarkova-nejrychlejsi-pri-ceskem-boji-o-letenky-na-ms-v-pump-tracku\/#primaryimage"},"thumbnailUrl":"https:\/\/d2p6e6u75xmxt8.cloudfront.net\/13\/2022\/09\/pumptrack-4.webp","datePublished":"2022-09-20T11:24:07+00:00","author":{"@id":"https:\/\/www.welovecycling.com\/cs\/#\/schema\/person\/d9eeb0a378f3a7e4a6d12d2b536b04b8"},"description":"Sabina Ko\u0161\u00e1rkov\u00e1 ovl\u00e1dla v\u00a0To\u0161ovic\u00edch \u010deskou kvalifikaci na Red Bull UCI Pump Track World Championship, kter\u00fd se uskute\u010dn\u00ed v\u00a0Chile.","inLanguage":"cs","potentialAction":[{"@type":"ReadAction","target":["https:\/\/www.welovecycling.com\/cs\/2022\/09\/20\/sabina-kosarkova-nejrychlejsi-pri-ceskem-boji-o-letenky-na-ms-v-pump-tracku\/"]}]},{"@type":"ImageObject","inLanguage":"cs","@id":"https:\/\/www.welovecycling.com\/cs\/2022\/09\/20\/sabina-kosarkova-nejrychlejsi-pri-ceskem-boji-o-letenky-na-ms-v-pump-tracku\/#primaryimage","url":"https:\/\/d2p6e6u75xmxt8.cloudfront.net\/13\/2022\/09\/pumptrack-4.webp","contentUrl":"https:\/\/d2p6e6u75xmxt8.cloudfront.net\/13\/2022\/09\/pumptrack-4.webp","width":2048,"height":1364,"caption":"Sabina Ko\u0161\u00e1rkov\u00e1"},{"@type":"WebSite","@id":"https:\/\/www.welovecycling.com\/cs\/#website","url":"https:\/\/www.welovecycling.com\/cs\/","name":"\u0160koda We Love Cycling - \u010cesk\u00e1 republika","description":"WeLoveCycling.cz je online magaz\u00edn, kter\u00fd v\u00e1m pravideln\u011b p\u0159in\u00e1\u0161\u00ed rady a tipy, zaj\u00edmav\u00e9 \u010dl\u00e1nky, videa a jedine\u010dn\u00e9 report\u00e1\u017ee ze sv\u011bta cyklistiky.","potentialAction":[{"@type":"SearchAction","target":{"@type":"EntryPoint","urlTemplate":"https:\/\/www.welovecycling.com\/cs\/?s={search_term_string}"},"query-input":{"@type":"PropertyValueSpecification","valueRequired":true,"valueName":"search_term_string"}}],"inLanguage":"cs"},{"@type":"Person","@id":"https:\/\/www.welovecycling.com\/cs\/#\/schema\/person\/d9eeb0a378f3a7e4a6d12d2b536b04b8","name":"radekmalina","image":{"@type":"ImageObject","inLanguage":"cs","@id":"https:\/\/www.welovecycling.com\/cs\/#\/schema\/person\/image\/","url":"https:\/\/secure.gravatar.com\/avatar\/66994b632cb8c39a46b9f54afa3ae07201b678d32a54275b6f1c9ffec356bfc0?s=96&d=mm&r=g","contentUrl":"https:\/\/secure.gravatar.com\/avatar\/66994b632cb8c39a46b9f54afa3ae07201b678d32a54275b6f1c9ffec356bfc0?s=96&d=mm&r=g","caption":"radekmalina"},"url":"https:\/\/www.welovecycling.com\/cs\/author\/radekmalina\/"}]}},"_links":{"self":[{"href":"https:\/\/www.welovecycling.com\/cs\/wp-json\/wp\/v2\/posts\/18796","targetHints":{"allow":["GET"]}}],"collection":[{"href":"https:\/\/www.welovecycling.com\/cs\/wp-json\/wp\/v2\/posts"}],"about":[{"href":"https:\/\/www.welovecycling.com\/cs\/wp-json\/wp\/v2\/types\/post"}],"author":[{"embeddable":true,"href":"https:\/\/www.welovecycling.com\/cs\/wp-json\/wp\/v2\/users\/138"}],"replies":[{"embeddable":true,"href":"https:\/\/www.welovecycling.com\/cs\/wp-json\/wp\/v2\/comments?post=18796"}],"version-history":[{"count":1,"href":"https:\/\/www.welovecycling.com\/cs\/wp-json\/wp\/v2\/posts\/18796\/revisions"}],"predecessor-version":[{"id":18797,"href":"https:\/\/www.welovecycling.com\/cs\/wp-json\/wp\/v2\/posts\/18796\/revisions\/18797"}],"wp:featuredmedia":[{"embeddable":true,"href":"https:\/\/www.welovecycling.com\/cs\/wp-json\/wp\/v2\/media\/18791"}],"wp:attachment":[{"href":"https:\/\/www.welovecycling.com\/cs\/wp-json\/wp\/v2\/media?parent=18796"}],"wp:term":[{"taxonomy":"category","embeddable":true,"href":"https:\/\/www.welovecycling.com\/cs\/wp-json\/wp\/v2\/categories?post=18796"},{"taxonomy":"post_tag","embeddable":true,"href":"https:\/\/www.welovecycling.com\/cs\/wp-json\/wp\/v2\/tags?post=18796"},{"taxonomy":"global-categories","embeddable":true,"href":"https:\/\/www.welovecycling.com\/cs\/wp-json\/wp\/v2\/global-categories?post=18796"}],"curies":[{"name":"wp","href":"https:\/\/api.w.org\/{rel}","templated":true}]}}