{"id":18707,"date":"2022-09-10T18:00:18","date_gmt":"2022-09-10T16:00:18","guid":{"rendered":"https:\/\/www.welovecycling.com\/cs\/?p=18707"},"modified":"2022-09-09T14:04:05","modified_gmt":"2022-09-09T12:04:05","slug":"nejcastejsi-cyklisticka-zraneni-jak-jim-predchazet","status":"publish","type":"post","link":"https:\/\/www.welovecycling.com\/cs\/2022\/09\/10\/nejcastejsi-cyklisticka-zraneni-jak-jim-predchazet\/","title":{"rendered":"Nej\u010dast\u011bj\u0161\u00ed cyklistick\u00e1 zran\u011bn\u00ed. Jak jim p\u0159edch\u00e1zet?"},"content":{"rendered":"<p><strong>Pokud alespo\u0148 tro\u0161ku pravideln\u011b jezd\u00edte na kole, velmi pravd\u011bpodobn\u011b se budete b\u011bhem \u017eivota pot\u00fdkat se zdravotn\u00edmi probl\u00e9my zp\u016fsoben\u00fdmi hodinami v\u00a0sedle. Nemus\u00ed za ka\u017edou cenu j\u00edt o zran\u011bn\u00ed z\u00a0p\u00e1du. V\u00fdzkum uk\u00e1zal, \u017ee velmi \u010dasto cyklist\u00e9 trp\u00ed na probl\u00e9my s\u00a0horn\u00edmi kon\u010detinami nebo klouby, ani\u017e by je potkal karambol. Jak v\u0161emu p\u0159edch\u00e1zet?<\/strong><\/p>\n<p>Nejlep\u0161\u00ed zp\u016fsob, jak se vyhnout zran\u011bn\u00ed zp\u016fsoben\u00e9mu nehodou je pochopiteln\u011b opatrn\u00e1 j\u00edzda. V\u00a0p\u0159\u00edpad\u011b, \u017ee za\u017eijete t\u011b\u017ek\u00fd p\u00e1d, vyhledejte l\u00e9ka\u0159e. Pokud nem\u00e1te vylo\u017een\u011b t\u011b\u017ek\u00e9 zran\u011bn\u00ed, ale t\u0159eba v\u00e1s jen bol\u00ed hlava nebo se c\u00edt\u00edte dezorientovan\u00ed, vyhledejte ur\u010dit\u011b l\u00e9ka\u0159e. Dost mo\u017en\u00e1 jste utrp\u011bli ot\u0159es mozku. Tud\u00ed\u017e byste se m\u011bli vyhnout v\u00a0nejbli\u017e\u0161\u00edch dnech nejen cyklistice, ale jak\u00e9mukoliv pohybu. Prost\u011b mus\u00edte odpo\u010d\u00edvat.<\/p>\n<h2><strong>Svalov\u00e9 zran\u011bn\u00ed<\/strong><\/h2>\n<p>A\u010d to nen\u00ed obvykl\u00e9, m\u016f\u017eete si p\u0159i p\u00e1du p\u0159ivodit svalov\u00e9 zran\u011bn\u00ed. N\u00e1raz m\u016f\u017ee znamenat zhmo\u017ed\u011bn\u00ed sval\u016f nebo jen lehk\u00e9 nara\u017een\u00ed, kter\u00e9 v\u00e1m umo\u017en\u00ed n\u00e1vrat do sedla.<\/p>\n<div class=\"shortcode-ys-post-pinup\"><article class=\"loop-simple post-17284 post type-post status-publish format-standard has-post-thumbnail hentry category-letape-czech-republic category-probud-v-sobe-viteze tag-cyklistika tag-evelina-opickova tag-letape-czech-republic-by-tour-de-france-2022 tag-letape-2022 tag-probud-v-sobe-viteze tag-silnicni-cyklistika tag-zdravi-a-trenink tag-zeny global-categories-cycling\" data-postid=\"17284\" role=\"article\" data-post-id=\"17284\" data-word-count=\"752\" data-headline-length=\"59\" data-category=\"Probu\u010f v sob\u011b v\u00edt\u011bze\" data-global-category=\"Cycling\" data-author=\"We Love Cycling\" data-published=\"2022-05-27T16:00:35+02:00\" data-published-day=\"Friday\">\n    <div class=\"entry-thumbnail article-thumbnail\" content=\"https:\/\/d2p6e6u75xmxt8.cloudfront.net\/13\/2022\/05\/opickova-WLC_nataceni_16-5_bts-91-scaled-150x150.webp\"><a href=\"https:\/\/www.welovecycling.com\/cs\/2022\/05\/27\/evelina-opickova-laskou-ke-kolu-jsem-prekonala-bolest\/\" class=\"image-holder\" target=\"_self\"><img decoding=\"async\" loading=\"lazy\" class=\"\" src=\"https:\/\/d2p6e6u75xmxt8.cloudfront.net\/13\/2022\/05\/opickova-WLC_nataceni_16-5_bts-91-scaled-1024x681.webp\" srcset=\"https:\/\/d2p6e6u75xmxt8.cloudfront.net\/13\/2022\/05\/opickova-WLC_nataceni_16-5_bts-91-scaled.webp 2560w, https:\/\/d2p6e6u75xmxt8.cloudfront.net\/13\/2022\/05\/opickova-WLC_nataceni_16-5_bts-91-scaled-300x200.webp 300w, https:\/\/d2p6e6u75xmxt8.cloudfront.net\/13\/2022\/05\/opickova-WLC_nataceni_16-5_bts-91-scaled-1024x681.webp 1024w, https:\/\/d2p6e6u75xmxt8.cloudfront.net\/13\/2022\/05\/opickova-WLC_nataceni_16-5_bts-91-scaled-768x511.webp 768w, https:\/\/d2p6e6u75xmxt8.cloudfront.net\/13\/2022\/05\/opickova-WLC_nataceni_16-5_bts-91-scaled-1536x1022.webp 1536w, https:\/\/d2p6e6u75xmxt8.cloudfront.net\/13\/2022\/05\/opickova-WLC_nataceni_16-5_bts-91-scaled-2048x1362.webp 2048w, https:\/\/d2p6e6u75xmxt8.cloudfront.net\/13\/2022\/05\/opickova-WLC_nataceni_16-5_bts-91-scaled-1920x1277.webp 1920w, https:\/\/d2p6e6u75xmxt8.cloudfront.net\/13\/2022\/05\/opickova-WLC_nataceni_16-5_bts-91-scaled-272x182.webp 272w, https:\/\/d2p6e6u75xmxt8.cloudfront.net\/13\/2022\/05\/opickova-WLC_nataceni_16-5_bts-91-scaled-1920x1277.webp 1920w\" width=\"1024\" height=\"681\" sizes=\"auto, (min-width: 1200px) 300px, (min-width: 768px) 25vw, 100vw\" alt=\"evelina-opickova-laskou-ke-kolu-jsem-prekonala-bolest\"\/><\/a><\/div>    <div class=\"entry-meta\">\n        <a class=\"label label-secondary post-category\" href=\"https:\/\/www.welovecycling.com\/cs\/category\/probud-v-sobe-viteze\/\" title=\"Probu\u010f v sob\u011b v\u00edt\u011bze\">Probu\u010f v sob\u011b v\u00edt\u011bze<\/a>\n    <\/div>\n    <div class=\"entry-details\">\n        <a href=\"https:\/\/www.welovecycling.com\/cs\/2022\/05\/27\/evelina-opickova-laskou-ke-kolu-jsem-prekonala-bolest\/\" class='entry-title-wrapper'>\n            <h3 class=\"entry-title\"><span>Evel\u00edna Opi\u010dkov\u00e1: L\u00e1skou ke kolu jsem p\u0159ekonala bolest<\/span><\/h3>\n        <\/a>\n    <\/div>\n    <\/article>\n<\/div>\n<p>Stejn\u011b tak si m\u016f\u017eete sval nat\u00e1hnout t\u0159eba v okam\u017eiku, kdy vytrhnete nohu z ped\u00e1lu a \u0161l\u00e1pnete do pr\u00e1zdna. \u00a0V\u011bt\u0161inou v\u00e1m takov\u00e9 zran\u011bn\u00ed umo\u017en\u00ed pokra\u010dovat v j\u00edzd\u011b, ale n\u00e1sledn\u011b nen\u00ed od v\u011bci nav\u0161t\u00edvit fyzioterapeuta.<\/p>\n<h2><strong>Zran\u011bn\u00ed kolena a zad<\/strong><\/h2>\n<p>Zran\u011bn\u00ed kolena, hlavy \u010di krku m\u016f\u017ee b\u00fdt \u010dasto zp\u016fsobeno p\u0159\u00edli\u0161 \u010dast\u00fdm tr\u00e9ninkem. Podle studi\u00ed je pades\u00e1t a\u017e \u0161edes\u00e1t procent zran\u011bn\u00ed v\u00a0cyklistice zp\u016fsobeno p\u0159etr\u00e9nov\u00e1n\u00edm. Jde o \u010d\u00edslo platn\u00e9 pro rekrea\u010dn\u00ed i profesion\u00e1ln\u00ed cyklisty. Rekrea\u010dn\u00ed cyklist\u00e9 trp\u00ed bolestmi krku a beder v\u00fdrazn\u011b v\u00edce ne\u017e elitn\u00ed cyklist\u00e9.\u00a0 Jde o d\u016fsledek \u0161patn\u00e9ho nastaven\u00ed kola a nedostate\u010dn\u00e9 s\u00edle v\u00a0t\u011bchto parti\u00edch t\u011bla.<\/p>\n<p>Pro amat\u00e9ry je nej\u010dast\u011bj\u0161\u00ed zran\u011bn\u00ed kolene. D\u016fvod? P\u0159etr\u00e9nov\u00e1n\u00ed. Na druh\u00e9m m\u00edst\u011b je bolest zad.<\/p>\n<figure id=\"attachment_12793\" aria-describedby=\"caption-attachment-12793\" style=\"width: 1920px\" class=\"wp-caption alignnone\"><a href=\"https:\/\/d2p6e6u75xmxt8.cloudfront.net\/13\/2021\/05\/ctvrtek2.jpg\"><img loading=\"lazy\" decoding=\"async\" class=\"size-extra-large wp-image-12793\" src=\"https:\/\/d2p6e6u75xmxt8.cloudfront.net\/13\/2021\/05\/ctvrtek2-1920x1280.jpg\" alt=\"Ond\u0159ej Cink a nezbytn\u00e1 sou\u010d\u00e1st p\u0159\u00edpravy na z\u00e1vod v podob\u011b tejpov\u00e1n\u00ed zmo\u017een\u00fdch sval\u016f.\" width=\"1920\" height=\"1280\" \/><\/a><figcaption id=\"caption-attachment-12793\" class=\"wp-caption-text\"><em>Ond\u0159ej Cink a nezbytn\u00e1 sou\u010d\u00e1st p\u0159\u00edpravy na z\u00e1vod v podob\u011b tejpov\u00e1n\u00ed zmo\u017een\u00fdch sval\u016f. Foto: Robin Nev\u0159ala<\/em><\/figcaption><\/figure>\n<p>Bolesti kolena lze eliminovat pos\u00edlen\u00edm h\u00fd\u017e\u010fov\u00fdch sval\u016f a kvadriceps\u016f, proto\u017ee jde o svalov\u00e9 skupiny, kter\u00e9 obstar\u00e1vaj\u00ed v\u011bt\u0161inu pr\u00e1ce p\u0159i \u0161lap\u00e1n\u00ed. N\u011bkdy pom\u016f\u017ee zm\u011bna nastaven\u00ed v\u00fd\u0161ky sedla.<\/p>\n<p>Dlouh\u00e9 hodiny v\u00a0poloze p\u0159es \u0159\u00edd\u00edtka vytv\u00e1\u0159\u00ed tlak na doln\u00ed \u010d\u00e1st zad. Nejde o p\u0159irozenou polohu t\u011bla. A kdy\u017e n\u011bkdo sed\u00ed p\u0159ed po\u010d\u00edta\u010dem, bolest se jen stup\u0148uje. Probl\u00e9m je, \u017ee ve snaze p\u0159ekonat bolest v\u00a0doln\u00ed \u010d\u00e1sti zad zm\u011bn\u00edte dr\u017een\u00ed t\u011bla, co\u017e vede k\u00a0dal\u0161\u00edm probl\u00e9m\u016fm.<\/p>\n<div class=\"shortcode-ys-post-pinup\"><article class=\"loop-simple post-18536 post type-post status-publish format-standard has-post-thumbnail hentry category-silnicni-cyklistika tag-alpecin tag-cyklistika tag-jay-vine tag-silnicni-cyklistika tag-vuelta-2022 tag-zwift global-categories-cycling\" data-postid=\"18536\" role=\"article\" data-post-id=\"18536\" data-word-count=\"576\" data-headline-length=\"59\" data-category=\"Silni\u010dn\u00ed cyklistika\" data-global-category=\"Cycling\" data-author=\"We Love Cycling\" data-published=\"2022-08-28T06:00:03+02:00\" data-published-day=\"Sunday\">\n    <div class=\"entry-thumbnail article-thumbnail\" content=\"https:\/\/d2p6e6u75xmxt8.cloudfront.net\/13\/2022\/08\/Jay-Vine-150x150.webp\"><a href=\"https:\/\/www.welovecycling.com\/cs\/2022\/08\/28\/jay-vine-z-trenazeru-v-obyvaku-ke-slave-na-vuelte\/\" class=\"image-holder\" target=\"_self\"><img decoding=\"async\" loading=\"lazy\" class=\"\" src=\"https:\/\/d2p6e6u75xmxt8.cloudfront.net\/13\/2022\/08\/Jay-Vine-1024x683.webp\" srcset=\"https:\/\/d2p6e6u75xmxt8.cloudfront.net\/13\/2022\/08\/Jay-Vine.webp 2048w, https:\/\/d2p6e6u75xmxt8.cloudfront.net\/13\/2022\/08\/Jay-Vine-300x200.webp 300w, https:\/\/d2p6e6u75xmxt8.cloudfront.net\/13\/2022\/08\/Jay-Vine-1024x683.webp 1024w, https:\/\/d2p6e6u75xmxt8.cloudfront.net\/13\/2022\/08\/Jay-Vine-768x512.webp 768w, https:\/\/d2p6e6u75xmxt8.cloudfront.net\/13\/2022\/08\/Jay-Vine-1536x1025.webp 1536w, https:\/\/d2p6e6u75xmxt8.cloudfront.net\/13\/2022\/08\/Jay-Vine-1920x1281.webp 1920w, https:\/\/d2p6e6u75xmxt8.cloudfront.net\/13\/2022\/08\/Jay-Vine-272x182.webp 272w, https:\/\/d2p6e6u75xmxt8.cloudfront.net\/13\/2022\/08\/Jay-Vine-1920x1281.webp 1920w\" width=\"1024\" height=\"683\" sizes=\"auto, (min-width: 1200px) 300px, (min-width: 768px) 25vw, 100vw\" alt=\"jay-vine-z-trenazeru-v-obyvaku-ke-slave-na-vuelte\"\/><\/a><\/div>    <div class=\"entry-meta\">\n        <a class=\"label label-secondary post-category\" href=\"https:\/\/www.welovecycling.com\/cs\/category\/silnicni-cyklistika\/\" title=\"Silni\u010dn\u00ed cyklistika\">Silni\u010dn\u00ed cyklistika<\/a>\n    <\/div>\n    <div class=\"entry-details\">\n        <a href=\"https:\/\/www.welovecycling.com\/cs\/2022\/08\/28\/jay-vine-z-trenazeru-v-obyvaku-ke-slave-na-vuelte\/\" class='entry-title-wrapper'>\n            <h3 class=\"entry-title\"><span>Jay Vine: z\u00a0trena\u017e\u00e9ru v\u00a0ob\u00fdv\u00e1ku ke sl\u00e1v\u011b na Vuelt\u011b<\/span><\/h3>\n        <\/a>\n    <\/div>\n    <\/article>\n<\/div>\n<p>M\u016f\u017eete poci\u0165ovat bolest v\u00a0ky\u010dli, v\u00a0hor\u0161\u00edm p\u0159\u00edpad\u011b m\u016f\u017ee doj\u00edt k\u00a0po\u0161kozen\u00ed ischiatick\u00e9ho nervu. Bolest m\u016f\u017ee vyst\u0159elovat z\u00a0doln\u00ed \u010d\u00e1sti zad p\u0159es h\u00fd\u017ed\u011b, stehno, do kolena a prst\u016f. M\u011bjte na pam\u011bti, \u017ee l\u00e9\u010dba je velmi zdlouhav\u00e1 a zran\u011bn\u00ed bolestiv\u00e9, tud\u00ed\u017e se sna\u017ete v\u0161emu p\u0159edej\u00edt.<\/p>\n<figure id=\"attachment_10886\" aria-describedby=\"caption-attachment-10886\" style=\"width: 1600px\" class=\"wp-caption alignnone\"><a href=\"https:\/\/d2p6e6u75xmxt8.cloudfront.net\/13\/2020\/11\/kulhavy-fyzioterapie-michal-cerveny.jpg\"><img loading=\"lazy\" decoding=\"async\" class=\"size-full wp-image-10886\" src=\"https:\/\/d2p6e6u75xmxt8.cloudfront.net\/13\/2020\/11\/kulhavy-fyzioterapie-michal-cerveny.jpg\" alt=\"Fyzio\" width=\"1600\" height=\"1067\" \/><\/a><figcaption id=\"caption-attachment-10886\" class=\"wp-caption-text\"><em>Fyzioterapie je d\u016fle\u017eitou sou\u010d\u00e1st\u00ed \u017eivota cyklist\u016f. Foto: Michal \u010cerven\u00fd<\/em><\/figcaption><\/figure>\n<p>Nejlep\u0161\u00ed prevenc\u00ed je cvi\u010den\u00ed, protahov\u00e1n\u00ed, stre\u010dink. Pokud se probl\u00e9my prohlubuj\u00ed, nav\u0161tivte fyzioterapeuta, osteopata nebo chiropraktika d\u0159\u00edve, ne\u017e v\u00e1s ischiatick\u00fd nerv, respektive jeho z\u00e1n\u011bt, zcela ochrom\u00ed.<\/p>\n<div class=\"shortcode-ys-post-pinup\"><article class=\"loop-simple post-16899 post type-post status-publish format-standard has-post-thumbnail hentry category-https-www-welovecycling-com-cs-category-zabava tag-bmx tag-cyklistika tag-freestyle tag-krystof-odehnal tag-trenink global-categories-cycling\" data-postid=\"16899\" role=\"article\" data-post-id=\"16899\" data-word-count=\"642\" data-headline-length=\"75\" data-category=\"Z\u00c1BAVA\" data-global-category=\"Cycling\" data-author=\"We Love Cycling\" data-published=\"2022-05-10T20:00:41+02:00\" data-published-day=\"Tuesday\">\n    <div class=\"entry-thumbnail article-thumbnail\" content=\"https:\/\/d2p6e6u75xmxt8.cloudfront.net\/13\/2022\/05\/krystof-odehnal-6ADCBEB4-63D8-43D2-8749-3C011B485867-1-scaled-150x150.webp\"><a href=\"https:\/\/www.welovecycling.com\/cs\/2022\/05\/10\/za-spatne-znamky-nesmel-do-sedla-ted-se-krystof-odehnal-kolem-zivi\/\" class=\"image-holder\" target=\"_self\"><img decoding=\"async\" loading=\"lazy\" class=\"\" src=\"https:\/\/d2p6e6u75xmxt8.cloudfront.net\/13\/2022\/05\/krystof-odehnal-6ADCBEB4-63D8-43D2-8749-3C011B485867-1-scaled-819x1024.webp\" srcset=\"https:\/\/d2p6e6u75xmxt8.cloudfront.net\/13\/2022\/05\/krystof-odehnal-6ADCBEB4-63D8-43D2-8749-3C011B485867-1-scaled.webp 2048w, https:\/\/d2p6e6u75xmxt8.cloudfront.net\/13\/2022\/05\/krystof-odehnal-6ADCBEB4-63D8-43D2-8749-3C011B485867-1-scaled-240x300.webp 240w, https:\/\/d2p6e6u75xmxt8.cloudfront.net\/13\/2022\/05\/krystof-odehnal-6ADCBEB4-63D8-43D2-8749-3C011B485867-1-scaled-819x1024.webp 819w, https:\/\/d2p6e6u75xmxt8.cloudfront.net\/13\/2022\/05\/krystof-odehnal-6ADCBEB4-63D8-43D2-8749-3C011B485867-1-scaled-768x960.webp 768w, https:\/\/d2p6e6u75xmxt8.cloudfront.net\/13\/2022\/05\/krystof-odehnal-6ADCBEB4-63D8-43D2-8749-3C011B485867-1-scaled-1229x1536.webp 1229w, https:\/\/d2p6e6u75xmxt8.cloudfront.net\/13\/2022\/05\/krystof-odehnal-6ADCBEB4-63D8-43D2-8749-3C011B485867-1-scaled-1638x2048.webp 1638w, https:\/\/d2p6e6u75xmxt8.cloudfront.net\/13\/2022\/05\/krystof-odehnal-6ADCBEB4-63D8-43D2-8749-3C011B485867-1-scaled-1536x1920.webp 1536w, https:\/\/d2p6e6u75xmxt8.cloudfront.net\/13\/2022\/05\/krystof-odehnal-6ADCBEB4-63D8-43D2-8749-3C011B485867-1-scaled-1536x1920.webp 1536w\" width=\"819\" height=\"1024\" sizes=\"auto, (min-width: 1200px) 300px, (min-width: 768px) 25vw, 100vw\" alt=\"za-spatne-znamky-nesmel-do-sedla-ted-se-krystof-odehnal-kolem-zivi\"\/><\/a><\/div>    <div class=\"entry-meta\">\n        <a class=\"label label-secondary post-category\" href=\"https:\/\/www.welovecycling.com\/cs\/category\/https-www-welovecycling-com-cs-category-zabava\/\" title=\"Z\u00c1BAVA\">Z\u00c1BAVA<\/a>\n    <\/div>\n    <div class=\"entry-details\">\n        <a href=\"https:\/\/www.welovecycling.com\/cs\/2022\/05\/10\/za-spatne-znamky-nesmel-do-sedla-ted-se-krystof-odehnal-kolem-zivi\/\" class='entry-title-wrapper'>\n            <h3 class=\"entry-title\"><span>Za \u0161patn\u00e9 zn\u00e1mky nesm\u011bl do sedla. Te\u010f se Kry\u0161tof Odehnal kolem \u017eiv\u00ed<\/span><\/h3>\n        <\/a>\n    <\/div>\n    <\/article>\n<\/div>\n<p>Jednou z\u00a0variant, jak zkusit bolest odstranit, je zvednout \u0159\u00edd\u00edtka. Pokud pracujete v\u00a0kancel\u00e1\u0159i, zkuste se zam\u011b\u0159it na zlep\u0161en\u00ed dr\u017een\u00ed t\u011bla. Jednou z\u00a0variant je doma cvi\u010dit tzv. plunk neboli prkno. P\u0159\u00edpadn\u011b m\u016f\u017eete pos\u00edlit svalov\u00e9 j\u00e1dro t\u00edm, \u017ee si do kancel\u00e1\u0159e po\u0159\u00edd\u00edte na \u017eidli posilovac\u00ed m\u00ed\u010d, kter\u00fd budete m\u00edt za z\u00e1dy.<\/p>\n<p>Pokud m\u00e1te bolesti, ale nejsou \u00fapln\u011b v\u00e1\u017en\u00e9, zkuste nav\u0161t\u00edvit fyzioterapeuta a sestavit pl\u00e1n cvi\u010den\u00ed, j\u00edm\u017e budete eliminovat probl\u00e9my.<\/p>\n<p><em>Tituln\u00ed foto: Michal \u010cerven\u00fd<\/em><\/p>\n","protected":false},"excerpt":{"rendered":"<p>Pokud alespo\u0148 tro\u0161ku pravideln\u011b jezd\u00edte na kole, velmi pravd\u011bpodobn\u011b se budete b\u011bhem \u017eivota pot\u00fdkat se zdravotn\u00edmi probl\u00e9my zp\u016fsoben\u00fdmi hodinami v\u00a0sedle. [&hellip;]<\/p>\n","protected":false},"author":138,"featured_media":6824,"comment_status":"open","ping_status":"open","sticky":false,"template":"","format":"standard","meta":{"footnotes":""},"categories":[6],"tags":[126,56,9,27,28,67],"global-categories":[],"class_list":["post-18707","post","type-post","status-publish","format-standard","has-post-thumbnail","hentry","category-zdravi-a-trenink","tag-cyklistika","tag-horska-cyklistika","tag-silnicni-cyklistika","tag-trenink","tag-zdravi","tag-zdravi-a-trenink"],"yoast_head":"<!-- This site is optimized with the Yoast SEO Premium plugin v25.3 (Yoast SEO v25.9) - https:\/\/yoast.com\/wordpress\/plugins\/seo\/ -->\n<title>Nej\u010dast\u011bj\u0161\u00ed cyklistick\u00e1 zran\u011bn\u00ed. Jak jim p\u0159edch\u00e1zet? | \u0160koda We Love Cycling - \u010cesk\u00e1 republika<\/title>\n<meta name=\"description\" content=\"Z cyklistiky m\u016f\u017eete m\u00edt mnoho zdravotn\u00edch probl\u00e9m\u016f, ani\u017e byste drsn\u011b spadli. Jak p\u0159\u00edpadn\u00fdm zran\u011bn\u00edm p\u0159edch\u00e1zet?\" \/>\n<meta name=\"robots\" content=\"index, follow, max-snippet:-1, max-image-preview:large, max-video-preview:-1\" \/>\n<link rel=\"canonical\" href=\"https:\/\/www.welovecycling.com\/cs\/2022\/09\/10\/nejcastejsi-cyklisticka-zraneni-jak-jim-predchazet\/\" \/>\n<meta property=\"og:locale\" content=\"cs_CZ\" \/>\n<meta property=\"og:type\" content=\"article\" \/>\n<meta property=\"og:title\" content=\"Nej\u010dast\u011bj\u0161\u00ed cyklistick\u00e1 zran\u011bn\u00ed. Jak jim p\u0159edch\u00e1zet?\" \/>\n<meta property=\"og:description\" content=\"Z cyklistiky m\u016f\u017eete m\u00edt mnoho zdravotn\u00edch probl\u00e9m\u016f, ani\u017e byste drsn\u011b spadli. Jak p\u0159\u00edpadn\u00fdm zran\u011bn\u00edm p\u0159edch\u00e1zet?\" \/>\n<meta property=\"og:url\" content=\"https:\/\/www.welovecycling.com\/cs\/2022\/09\/10\/nejcastejsi-cyklisticka-zraneni-jak-jim-predchazet\/\" \/>\n<meta property=\"og:site_name\" content=\"\u0160koda We Love Cycling - \u010cesk\u00e1 republika\" \/>\n<meta property=\"article:published_time\" content=\"2022-09-10T16:00:18+00:00\" \/>\n<meta property=\"og:image\" content=\"https:\/\/d2p6e6u75xmxt8.cloudfront.net\/13\/2020\/04\/p\u00e1dy-karamboly-zran\u011bn\u00ed-9.webp\" \/>\n\t<meta property=\"og:image:width\" content=\"2000\" \/>\n\t<meta property=\"og:image:height\" content=\"1333\" \/>\n\t<meta property=\"og:image:type\" content=\"image\/webp\" \/>\n<meta name=\"author\" content=\"radekmalina\" \/>\n<meta name=\"twitter:card\" content=\"summary_large_image\" \/>\n<meta name=\"twitter:label1\" content=\"Written by\" \/>\n\t<meta name=\"twitter:data1\" content=\"We Love Cycling\" \/>\n\t<meta name=\"twitter:label2\" content=\"Est. reading time\" \/>\n\t<meta name=\"twitter:data2\" content=\"5\" \/>\n<script type=\"application\/ld+json\" class=\"yoast-schema-graph\">{\"@context\":\"https:\/\/schema.org\",\"@graph\":[{\"@type\":\"WebPage\",\"@id\":\"https:\/\/www.welovecycling.com\/cs\/2022\/09\/10\/nejcastejsi-cyklisticka-zraneni-jak-jim-predchazet\/\",\"url\":\"https:\/\/www.welovecycling.com\/cs\/2022\/09\/10\/nejcastejsi-cyklisticka-zraneni-jak-jim-predchazet\/\",\"name\":\"Nej\u010dast\u011bj\u0161\u00ed cyklistick\u00e1 zran\u011bn\u00ed. Jak jim p\u0159edch\u00e1zet? | \u0160koda We Love Cycling - \u010cesk\u00e1 republika\",\"isPartOf\":{\"@id\":\"https:\/\/www.welovecycling.com\/cs\/#website\"},\"primaryImageOfPage\":{\"@id\":\"https:\/\/www.welovecycling.com\/cs\/2022\/09\/10\/nejcastejsi-cyklisticka-zraneni-jak-jim-predchazet\/#primaryimage\"},\"image\":{\"@id\":\"https:\/\/www.welovecycling.com\/cs\/2022\/09\/10\/nejcastejsi-cyklisticka-zraneni-jak-jim-predchazet\/#primaryimage\"},\"thumbnailUrl\":\"https:\/\/d2p6e6u75xmxt8.cloudfront.net\/13\/2020\/04\/p\u00e1dy-karamboly-zran\u011bn\u00ed-9.webp\",\"datePublished\":\"2022-09-10T16:00:18+00:00\",\"author\":{\"@id\":\"https:\/\/www.welovecycling.com\/cs\/#\/schema\/person\/d9eeb0a378f3a7e4a6d12d2b536b04b8\"},\"description\":\"Z cyklistiky m\u016f\u017eete m\u00edt mnoho zdravotn\u00edch probl\u00e9m\u016f, ani\u017e byste drsn\u011b spadli. Jak p\u0159\u00edpadn\u00fdm zran\u011bn\u00edm p\u0159edch\u00e1zet?\",\"inLanguage\":\"cs\",\"potentialAction\":[{\"@type\":\"ReadAction\",\"target\":[\"https:\/\/www.welovecycling.com\/cs\/2022\/09\/10\/nejcastejsi-cyklisticka-zraneni-jak-jim-predchazet\/\"]}]},{\"@type\":\"ImageObject\",\"inLanguage\":\"cs\",\"@id\":\"https:\/\/www.welovecycling.com\/cs\/2022\/09\/10\/nejcastejsi-cyklisticka-zraneni-jak-jim-predchazet\/#primaryimage\",\"url\":\"https:\/\/d2p6e6u75xmxt8.cloudfront.net\/13\/2020\/04\/p\u00e1dy-karamboly-zran\u011bn\u00ed-9.webp\",\"contentUrl\":\"https:\/\/d2p6e6u75xmxt8.cloudfront.net\/13\/2020\/04\/p\u00e1dy-karamboly-zran\u011bn\u00ed-9.webp\",\"width\":2000,\"height\":1333,\"caption\":\"Foto: Michal \u010cerven\u00fd\"},{\"@type\":\"WebSite\",\"@id\":\"https:\/\/www.welovecycling.com\/cs\/#website\",\"url\":\"https:\/\/www.welovecycling.com\/cs\/\",\"name\":\"\u0160koda We Love Cycling - \u010cesk\u00e1 republika\",\"description\":\"WeLoveCycling.cz je online magaz\u00edn, kter\u00fd v\u00e1m pravideln\u011b p\u0159in\u00e1\u0161\u00ed rady a tipy, zaj\u00edmav\u00e9 \u010dl\u00e1nky, videa a jedine\u010dn\u00e9 report\u00e1\u017ee ze sv\u011bta cyklistiky.\",\"potentialAction\":[{\"@type\":\"SearchAction\",\"target\":{\"@type\":\"EntryPoint\",\"urlTemplate\":\"https:\/\/www.welovecycling.com\/cs\/?s={search_term_string}\"},\"query-input\":{\"@type\":\"PropertyValueSpecification\",\"valueRequired\":true,\"valueName\":\"search_term_string\"}}],\"inLanguage\":\"cs\"},{\"@type\":\"Person\",\"@id\":\"https:\/\/www.welovecycling.com\/cs\/#\/schema\/person\/d9eeb0a378f3a7e4a6d12d2b536b04b8\",\"name\":\"radekmalina\",\"image\":{\"@type\":\"ImageObject\",\"inLanguage\":\"cs\",\"@id\":\"https:\/\/www.welovecycling.com\/cs\/#\/schema\/person\/image\/\",\"url\":\"https:\/\/secure.gravatar.com\/avatar\/66994b632cb8c39a46b9f54afa3ae07201b678d32a54275b6f1c9ffec356bfc0?s=96&d=mm&r=g\",\"contentUrl\":\"https:\/\/secure.gravatar.com\/avatar\/66994b632cb8c39a46b9f54afa3ae07201b678d32a54275b6f1c9ffec356bfc0?s=96&d=mm&r=g\",\"caption\":\"radekmalina\"},\"url\":\"https:\/\/www.welovecycling.com\/cs\/author\/radekmalina\/\"}]}<\/script>\n<!-- \/ Yoast SEO Premium plugin. -->","yoast_head_json":{"title":"Nej\u010dast\u011bj\u0161\u00ed cyklistick\u00e1 zran\u011bn\u00ed. Jak jim p\u0159edch\u00e1zet? | \u0160koda We Love Cycling - \u010cesk\u00e1 republika","description":"Z cyklistiky m\u016f\u017eete m\u00edt mnoho zdravotn\u00edch probl\u00e9m\u016f, ani\u017e byste drsn\u011b spadli. Jak p\u0159\u00edpadn\u00fdm zran\u011bn\u00edm p\u0159edch\u00e1zet?","robots":{"index":"index","follow":"follow","max-snippet":"max-snippet:-1","max-image-preview":"max-image-preview:large","max-video-preview":"max-video-preview:-1"},"canonical":"https:\/\/www.welovecycling.com\/cs\/2022\/09\/10\/nejcastejsi-cyklisticka-zraneni-jak-jim-predchazet\/","og_locale":"cs_CZ","og_type":"article","og_title":"Nej\u010dast\u011bj\u0161\u00ed cyklistick\u00e1 zran\u011bn\u00ed. Jak jim p\u0159edch\u00e1zet?","og_description":"Z cyklistiky m\u016f\u017eete m\u00edt mnoho zdravotn\u00edch probl\u00e9m\u016f, ani\u017e byste drsn\u011b spadli. Jak p\u0159\u00edpadn\u00fdm zran\u011bn\u00edm p\u0159edch\u00e1zet?","og_url":"https:\/\/www.welovecycling.com\/cs\/2022\/09\/10\/nejcastejsi-cyklisticka-zraneni-jak-jim-predchazet\/","og_site_name":"\u0160koda We Love Cycling - \u010cesk\u00e1 republika","article_published_time":"2022-09-10T16:00:18+00:00","og_image":[{"width":2000,"height":1333,"url":"https:\/\/d2p6e6u75xmxt8.cloudfront.net\/13\/2020\/04\/p\u00e1dy-karamboly-zran\u011bn\u00ed-9.webp","type":"image\/webp"}],"author":"radekmalina","twitter_card":"summary_large_image","twitter_misc":{"Written by":"We Love Cycling","Est. reading time":"5"},"schema":{"@context":"https:\/\/schema.org","@graph":[{"@type":"WebPage","@id":"https:\/\/www.welovecycling.com\/cs\/2022\/09\/10\/nejcastejsi-cyklisticka-zraneni-jak-jim-predchazet\/","url":"https:\/\/www.welovecycling.com\/cs\/2022\/09\/10\/nejcastejsi-cyklisticka-zraneni-jak-jim-predchazet\/","name":"Nej\u010dast\u011bj\u0161\u00ed cyklistick\u00e1 zran\u011bn\u00ed. Jak jim p\u0159edch\u00e1zet? | \u0160koda We Love Cycling - \u010cesk\u00e1 republika","isPartOf":{"@id":"https:\/\/www.welovecycling.com\/cs\/#website"},"primaryImageOfPage":{"@id":"https:\/\/www.welovecycling.com\/cs\/2022\/09\/10\/nejcastejsi-cyklisticka-zraneni-jak-jim-predchazet\/#primaryimage"},"image":{"@id":"https:\/\/www.welovecycling.com\/cs\/2022\/09\/10\/nejcastejsi-cyklisticka-zraneni-jak-jim-predchazet\/#primaryimage"},"thumbnailUrl":"https:\/\/d2p6e6u75xmxt8.cloudfront.net\/13\/2020\/04\/p\u00e1dy-karamboly-zran\u011bn\u00ed-9.webp","datePublished":"2022-09-10T16:00:18+00:00","author":{"@id":"https:\/\/www.welovecycling.com\/cs\/#\/schema\/person\/d9eeb0a378f3a7e4a6d12d2b536b04b8"},"description":"Z cyklistiky m\u016f\u017eete m\u00edt mnoho zdravotn\u00edch probl\u00e9m\u016f, ani\u017e byste drsn\u011b spadli. Jak p\u0159\u00edpadn\u00fdm zran\u011bn\u00edm p\u0159edch\u00e1zet?","inLanguage":"cs","potentialAction":[{"@type":"ReadAction","target":["https:\/\/www.welovecycling.com\/cs\/2022\/09\/10\/nejcastejsi-cyklisticka-zraneni-jak-jim-predchazet\/"]}]},{"@type":"ImageObject","inLanguage":"cs","@id":"https:\/\/www.welovecycling.com\/cs\/2022\/09\/10\/nejcastejsi-cyklisticka-zraneni-jak-jim-predchazet\/#primaryimage","url":"https:\/\/d2p6e6u75xmxt8.cloudfront.net\/13\/2020\/04\/p\u00e1dy-karamboly-zran\u011bn\u00ed-9.webp","contentUrl":"https:\/\/d2p6e6u75xmxt8.cloudfront.net\/13\/2020\/04\/p\u00e1dy-karamboly-zran\u011bn\u00ed-9.webp","width":2000,"height":1333,"caption":"Foto: Michal \u010cerven\u00fd"},{"@type":"WebSite","@id":"https:\/\/www.welovecycling.com\/cs\/#website","url":"https:\/\/www.welovecycling.com\/cs\/","name":"\u0160koda We Love Cycling - \u010cesk\u00e1 republika","description":"WeLoveCycling.cz je online magaz\u00edn, kter\u00fd v\u00e1m pravideln\u011b p\u0159in\u00e1\u0161\u00ed rady a tipy, zaj\u00edmav\u00e9 \u010dl\u00e1nky, videa a jedine\u010dn\u00e9 report\u00e1\u017ee ze sv\u011bta cyklistiky.","potentialAction":[{"@type":"SearchAction","target":{"@type":"EntryPoint","urlTemplate":"https:\/\/www.welovecycling.com\/cs\/?s={search_term_string}"},"query-input":{"@type":"PropertyValueSpecification","valueRequired":true,"valueName":"search_term_string"}}],"inLanguage":"cs"},{"@type":"Person","@id":"https:\/\/www.welovecycling.com\/cs\/#\/schema\/person\/d9eeb0a378f3a7e4a6d12d2b536b04b8","name":"radekmalina","image":{"@type":"ImageObject","inLanguage":"cs","@id":"https:\/\/www.welovecycling.com\/cs\/#\/schema\/person\/image\/","url":"https:\/\/secure.gravatar.com\/avatar\/66994b632cb8c39a46b9f54afa3ae07201b678d32a54275b6f1c9ffec356bfc0?s=96&d=mm&r=g","contentUrl":"https:\/\/secure.gravatar.com\/avatar\/66994b632cb8c39a46b9f54afa3ae07201b678d32a54275b6f1c9ffec356bfc0?s=96&d=mm&r=g","caption":"radekmalina"},"url":"https:\/\/www.welovecycling.com\/cs\/author\/radekmalina\/"}]}},"_links":{"self":[{"href":"https:\/\/www.welovecycling.com\/cs\/wp-json\/wp\/v2\/posts\/18707","targetHints":{"allow":["GET"]}}],"collection":[{"href":"https:\/\/www.welovecycling.com\/cs\/wp-json\/wp\/v2\/posts"}],"about":[{"href":"https:\/\/www.welovecycling.com\/cs\/wp-json\/wp\/v2\/types\/post"}],"author":[{"embeddable":true,"href":"https:\/\/www.welovecycling.com\/cs\/wp-json\/wp\/v2\/users\/138"}],"replies":[{"embeddable":true,"href":"https:\/\/www.welovecycling.com\/cs\/wp-json\/wp\/v2\/comments?post=18707"}],"version-history":[{"count":2,"href":"https:\/\/www.welovecycling.com\/cs\/wp-json\/wp\/v2\/posts\/18707\/revisions"}],"predecessor-version":[{"id":18717,"href":"https:\/\/www.welovecycling.com\/cs\/wp-json\/wp\/v2\/posts\/18707\/revisions\/18717"}],"wp:featuredmedia":[{"embeddable":true,"href":"https:\/\/www.welovecycling.com\/cs\/wp-json\/wp\/v2\/media\/6824"}],"wp:attachment":[{"href":"https:\/\/www.welovecycling.com\/cs\/wp-json\/wp\/v2\/media?parent=18707"}],"wp:term":[{"taxonomy":"category","embeddable":true,"href":"https:\/\/www.welovecycling.com\/cs\/wp-json\/wp\/v2\/categories?post=18707"},{"taxonomy":"post_tag","embeddable":true,"href":"https:\/\/www.welovecycling.com\/cs\/wp-json\/wp\/v2\/tags?post=18707"},{"taxonomy":"global-categories","embeddable":true,"href":"https:\/\/www.welovecycling.com\/cs\/wp-json\/wp\/v2\/global-categories?post=18707"}],"curies":[{"name":"wp","href":"https:\/\/api.w.org\/{rel}","templated":true}]}}