{"id":18690,"date":"2022-09-08T18:00:20","date_gmt":"2022-09-08T16:00:20","guid":{"rendered":"https:\/\/www.welovecycling.com\/cs\/?p=18690"},"modified":"2022-09-08T16:20:12","modified_gmt":"2022-09-08T14:20:12","slug":"tomas-slavik-fourcross-neni-mrtvy-ale-mozna-zustanu-poslednim-mistrem-sveta","status":"publish","type":"post","link":"https:\/\/www.welovecycling.com\/cs\/2022\/09\/08\/tomas-slavik-fourcross-neni-mrtvy-ale-mozna-zustanu-poslednim-mistrem-sveta\/","title":{"rendered":"Tom\u00e1\u0161 Slav\u00edk: Fourcross nen\u00ed mrtv\u00fd, ale mo\u017en\u00e1 z\u016fstanu posledn\u00edm mistrem sv\u011bta"},"content":{"rendered":"<p><strong>Stal se \u010derstv\u00fdm v\u00edt\u011bzem fourcrossov\u00e9 s\u00e9rie 4X ProTour 2022, kdy\u017e vyhr\u00e1l v\u0161ech sedm leto\u0161n\u00edch z\u00e1vod\u016f. Ty posledn\u00ed dva nyn\u00ed v italsk\u00e9m Val di Sole. Ale duhov\u00fd dres mistra sv\u011bta Tom\u00e1\u0161 Slav\u00edk u\u017e obl\u00e9kat nem\u016f\u017ee. Nikoliv proto, \u017ee by mu ho n\u011bkdo vyfoukl, jen prost\u011b Mezin\u00e1rodn\u00ed cyklistick\u00e1 unie (UCI) zru\u0161ila mistrovstv\u00ed sv\u011bta.<\/strong><\/p>\n<p>\u201eV\u016fbec to nech\u00e1pu, ale je dost mo\u017en\u00e9, \u017ee ofici\u00e1ln\u011b z\u016fstanu nav\u017edy posledn\u00edm mistrem sv\u011bta,\u201c \u0159\u00edk\u00e1 35let\u00fd z\u00e1vodn\u00edk t\u00fdmu GHOST Bikes, kter\u00fd u\u017e podle pravidel nesm\u00ed vozit duhov\u00fd dres, jen si jako v\u0161ichni mist\u0159i sv\u011bta m\u016f\u017ee d\u00e1t na ruk\u00e1vky dresu duhov\u00e9 prou\u017eky.<\/p>\n<h2><strong>Dostali jste n\u011bjak\u00e9 vysv\u011btlen\u00ed, pro\u010d bylo mistrovstv\u00ed sv\u011bta zru\u0161eno?<\/strong><\/h2>\n<p>Napsali, \u017ee je to finan\u010dn\u011b n\u00e1ro\u010dn\u00e9 z\u00a0hlediska p\u0159\u00edpravy trati, \u017ee nejezd\u00ed dostatek \u017een a tak d\u00e1le. Jen\u017ee j\u00e1 v\u00edm, \u017ee byli t\u0159i organiz\u00e1to\u0159i, kte\u0159\u00ed by mistrovstv\u00ed sv\u011bta uspo\u0159\u00e1dali. V\u010detn\u011b n\u00e1s v\u00a0Jablonci. Sp\u00ed\u0161 m\u00e1m pocit, \u017ee je to nechu\u0165 ze strany UCI, \u017ee cht\u011bj\u00ed tla\u010dit n\u011bjakou jinou discipl\u00ednu na \u00fakor fourcrossu. A mysl\u00edm si, \u017ee to rozhodn\u011b nen\u00ed \u010dist\u00e1 hra. Jejich argument byl i ten, \u017ee na fourcross nechod\u00ed lidi.<\/p>\n<figure id=\"attachment_18694\" aria-describedby=\"caption-attachment-18694\" style=\"width: 960px\" class=\"wp-caption alignnone\"><a href=\"https:\/\/d2p6e6u75xmxt8.cloudfront.net\/13\/2022\/09\/slavik-4.jpg\"><img loading=\"lazy\" decoding=\"async\" class=\"size-full wp-image-18694\" src=\"https:\/\/d2p6e6u75xmxt8.cloudfront.net\/13\/2022\/09\/slavik-4.jpg\" alt=\"Tom\u00e1\u0161 Slav\u00edk\" width=\"960\" height=\"960\" \/><\/a><figcaption id=\"caption-attachment-18694\" class=\"wp-caption-text\"><em>Tom\u00e1\u0161 Slav\u00edk p\u0159i z\u00e1v\u011bre\u010dn\u00e9m z\u00e1vod\u011b seri\u00e1lu 4X ProTour 2022 v italsk\u00e9m Val di Sole. Foto: David Kostelecky\/Giacomo Podetti<\/em><\/figcaption><\/figure>\n<h2><strong>V\u017edy\u0165 je to pro div\u00e1ky skoro nejatraktivn\u011bj\u0161\u00ed discipl\u00edna\u2026<\/strong><\/h2>\n<p>J\u00e1 se tomu argumentu taky mus\u00edm sm\u00e1t. T\u0159eba te\u010f ve Val di Sole to byl masakr. Lid\u00ed bylo tolik, \u017ee na startu skoro nebylo sly\u0161et startovn\u00ed povely. Fanou\u0161ci m\u011bli rachejtle, d\u00fdmovnice, startovali motorov\u00e9 pily\u2026 Atmosf\u00e9ra neskute\u010dn\u00e1.<\/p>\n<h2><strong>Je to poprava fourcrossu ze strany UCI?<\/strong><\/h2>\n<p>Ta prob\u00edh\u00e1 konstantn\u011b od roku 2011, kdy n\u00e1m zru\u0161ili Sv\u011btov\u00fd poh\u00e1r. Mysl\u00edm si, \u017ee v\u0161echno je hra pen\u011bz. Je jasn\u00fd, \u017ee fourcross najednou nebudou jezdit masy. My jsme mal\u00e1 komunita. Je to technicky hodn\u011b n\u00e1ro\u010dn\u00e1 discipl\u00edna. Ne jako enduro nebo cross country, \u017ee skoro ka\u017ed\u00fd nasedne na kolo a n\u011bjak to projede. Tak\u017ee se vyr\u00e1b\u00ed relativn\u011b m\u00e1lo fourcrossov\u00fdch kol a asi to nen\u00ed pro UCI dobr\u00fd byznys.<\/p>\n<div class=\"shortcode-ys-post-pinup\"><article class=\"loop-simple post-18403 post type-post status-publish format-video has-post-thumbnail hentry category-tipy-na-vylet tag-andrea-bezdekova tag-cyklistika tag-cyklotrasy tag-cyklovylet tag-gurmanska-jizda tag-horska-cyklistika tag-zdravi-a-trenink tag-zeny post_format-post-format-video global-categories-cycling\" data-postid=\"18403\" role=\"article\" data-post-id=\"18403\" data-word-count=\"215\" data-headline-length=\"47\" data-category=\"Tipy na v\u00fdlet\" data-global-category=\"Cycling\" data-author=\"We Love Cycling\" data-published=\"2022-09-01T11:05:25+02:00\" data-published-day=\"Thursday\">\n    <div class=\"entry-thumbnail article-thumbnail video-thumbnail\" content=\"https:\/\/d2p6e6u75xmxt8.cloudfront.net\/13\/2022\/08\/bezdek-WLC-SUMAVA-THUMBNAIL_4.DIL_AB-150x150.webp\"><svg class=\"play font-icon\"><use href=\"#play_round\" xlink:href=\"#play_round\"><\/use><\/svg><a href=\"https:\/\/www.welovecycling.com\/cs\/2022\/09\/01\/sumava-cyklovylety-s-we-love-cycling\/\" class=\"image-holder\" target=\"_self\"><img decoding=\"async\" loading=\"lazy\" class=\"\" src=\"https:\/\/d2p6e6u75xmxt8.cloudfront.net\/13\/2022\/08\/bezdek-WLC-SUMAVA-THUMBNAIL_4.DIL_AB-1024x576.webp\" srcset=\"https:\/\/d2p6e6u75xmxt8.cloudfront.net\/13\/2022\/08\/bezdek-WLC-SUMAVA-THUMBNAIL_4.DIL_AB.webp 1920w, https:\/\/d2p6e6u75xmxt8.cloudfront.net\/13\/2022\/08\/bezdek-WLC-SUMAVA-THUMBNAIL_4.DIL_AB-300x169.webp 300w, https:\/\/d2p6e6u75xmxt8.cloudfront.net\/13\/2022\/08\/bezdek-WLC-SUMAVA-THUMBNAIL_4.DIL_AB-1024x576.webp 1024w, https:\/\/d2p6e6u75xmxt8.cloudfront.net\/13\/2022\/08\/bezdek-WLC-SUMAVA-THUMBNAIL_4.DIL_AB-768x432.webp 768w, https:\/\/d2p6e6u75xmxt8.cloudfront.net\/13\/2022\/08\/bezdek-WLC-SUMAVA-THUMBNAIL_4.DIL_AB-1536x864.webp 1536w\" width=\"1024\" height=\"576\" sizes=\"auto, (min-width: 1200px) 356px, (min-width: 768px) 30vw, 100vw\" alt=\"sumava-cyklovylety-s-we-love-cycling\"\/><\/a><\/div>    <div class=\"entry-meta\">\n        <a class=\"label label-secondary post-category\" href=\"https:\/\/www.welovecycling.com\/cs\/category\/https-www-welovecycling-com-cs-otestovano-jizdou\/tipy-na-vylet\/\" title=\"Tipy na v\u00fdlet\">Tipy na v\u00fdlet<\/a>\n    <\/div>\n    <div class=\"entry-details\">\n        <a href=\"https:\/\/www.welovecycling.com\/cs\/2022\/09\/01\/sumava-cyklovylety-s-we-love-cycling\/\" class='entry-title-wrapper'>\n            <h3 class=\"entry-title\"><span>\u0160umava &#8211; cyklov\u00fdlety s\u00a0We Love Cycling<\/span><\/h3>\n        <\/a>\n    <\/div>\n    <\/article>\n<\/div>\n<h2><strong>Ale o duhov\u00fd dres se paradoxn\u011b z\u00e1vod\u00ed t\u0159eba na elektrokolech.<\/strong><\/h2>\n<p>Bohu\u017eel, to m\u011b fakt mrz\u00ed. Ch\u00e1pu, \u017ee je to te\u010f v cyklo pr\u016fmyslu nejprod\u00e1van\u011bj\u0161\u00ed artikl. Ale jezd\u00edme do kopce i z kopce na kole s motorem a dost\u00e1v\u00e1me za to duhov\u00fd dres\u2026 M\u00e1m tro\u0161ku pocit, \u017ee UCI prodala sportovn\u00ed str\u00e1nku mountainbikingu.<\/p>\n<figure id=\"attachment_18697\" aria-describedby=\"caption-attachment-18697\" style=\"width: 1280px\" class=\"wp-caption alignnone\"><a href=\"https:\/\/d2p6e6u75xmxt8.cloudfront.net\/13\/2022\/09\/slavik-8.jpg\"><img loading=\"lazy\" decoding=\"async\" class=\"size-full wp-image-18697\" src=\"https:\/\/d2p6e6u75xmxt8.cloudfront.net\/13\/2022\/09\/slavik-8.jpg\" alt=\"Tom\u00e1\u0161 Slav\u00edk\" width=\"1280\" height=\"853\" \/><\/a><figcaption id=\"caption-attachment-18697\" class=\"wp-caption-text\"><em>Atmosf\u00e9ra ve Val di Sole byla naprosto v\u00fdjime\u010dn\u00e1 a n\u00e1le\u017eit\u011b si ji u\u017eil i Tom\u00e1\u0161 Slav\u00edk.\u00a0Foto: David Kostelecky\/Giacomo Podetti<\/em><\/figcaption><\/figure>\n<h2><strong>Je mo\u017en\u00e9, \u017ee se \u0161ampion\u00e1t v\u00a0p\u0159\u00ed\u0161t\u00edch letech znovu uskute\u010dn\u00ed nebo z\u016fstanete ofici\u00e1ln\u011b posledn\u00edm mistrem sv\u011bta ve fourcrossu?<\/strong><\/h2>\n<p>Je hodn\u011b re\u00e1ln\u00e9, \u017ee to tak z\u016fstane. Mn\u011b to nevad\u00ed, ale m\u016f\u017ee se st\u00e1t, \u017ee vznikne mistrovstv\u00ed sv\u011bta, kter\u00e9 nebude pod hlavi\u010dkou UCI. To n\u00e1m zak\u00e1zat nem\u016f\u017eou. Jen se podle pravidel nebude dost\u00e1vat duhov\u00fd dres a nesm\u00ed b\u00fdt v\u00a0n\u00e1zvu UCI. Ale kdy\u017e to n\u011bkdo pojmenuje t\u0159eba WCH in 4X, m\u016f\u017ee se jet. Takhle v\u00a0podstat\u011b vznikl pumptrack. \u0160li si svou cestou, d\u011blali si svoje vlastn\u00ed mistrovstv\u00ed sv\u011bta. UCI nad t\u00edm p\u0159iv\u00edrala o\u010di a dneska u\u017e jsou pod jejich hlavi\u010dkou. Podobn\u00e9 probl\u00e9my byly t\u0159eba i ve snowboardingu a dal\u0161\u00edch sportech, kdy se nedohodli s\u00a0federac\u00ed. Probl\u00e9m je v\u00a0tom, \u017ee j\u00e1 bych podle regul\u00ed m\u011bl jezdit jen z\u00e1vody, kter\u00e9 maj\u00ed statut UCI.<\/p>\n<div class=\"shortcode-ys-post-pinup\"><article class=\"loop-simple post-18684 post type-post status-publish format-standard has-post-thumbnail hentry category-silnicni-cyklistika tag-bidon tag-dehydratace tag-hydratace tag-led tag-ledove-vaky tag-ledove-vesty tag-vuelta tag-vysoke-teploty global-categories-cycling\" data-postid=\"18684\" role=\"article\" data-post-id=\"18684\" data-word-count=\"402\" data-headline-length=\"100\" data-category=\"Silni\u010dn\u00ed cyklistika\" data-global-category=\"Cycling\" data-author=\"We Love Cycling\" data-published=\"2022-09-07T17:35:02+02:00\" data-published-day=\"Wednesday\">\n    <div class=\"entry-thumbnail article-thumbnail\" content=\"https:\/\/d2p6e6u75xmxt8.cloudfront.net\/13\/2022\/09\/vuelta-evenepoel-2-150x150.webp\"><a href=\"https:\/\/www.welovecycling.com\/cs\/2022\/09\/07\/jak-celi-cykliste-pri-vuelte-silenym-teplotam-300-bidonu-denne-a-az-100-kilogramu-ledu\/\" class=\"image-holder\" target=\"_self\"><img decoding=\"async\" loading=\"lazy\" class=\"\" src=\"https:\/\/d2p6e6u75xmxt8.cloudfront.net\/13\/2022\/09\/vuelta-evenepoel-2-1024x682.webp\" srcset=\"https:\/\/d2p6e6u75xmxt8.cloudfront.net\/13\/2022\/09\/vuelta-evenepoel-2.webp 2000w, https:\/\/d2p6e6u75xmxt8.cloudfront.net\/13\/2022\/09\/vuelta-evenepoel-2-300x200.webp 300w, https:\/\/d2p6e6u75xmxt8.cloudfront.net\/13\/2022\/09\/vuelta-evenepoel-2-1024x682.webp 1024w, https:\/\/d2p6e6u75xmxt8.cloudfront.net\/13\/2022\/09\/vuelta-evenepoel-2-768x512.webp 768w, https:\/\/d2p6e6u75xmxt8.cloudfront.net\/13\/2022\/09\/vuelta-evenepoel-2-1536x1024.webp 1536w, https:\/\/d2p6e6u75xmxt8.cloudfront.net\/13\/2022\/09\/vuelta-evenepoel-2-1920x1280.webp 1920w, https:\/\/d2p6e6u75xmxt8.cloudfront.net\/13\/2022\/09\/vuelta-evenepoel-2-272x182.webp 272w, https:\/\/d2p6e6u75xmxt8.cloudfront.net\/13\/2022\/09\/vuelta-evenepoel-2-1920x1280.webp 1920w\" width=\"1024\" height=\"682\" sizes=\"auto, (min-width: 1200px) 300px, (min-width: 768px) 25vw, 100vw\" alt=\"jak-celi-cykliste-pri-vuelte-silenym-teplotam-300-bidonu-denne-a-az-100-kilogramu-ledu\"\/><\/a><\/div>    <div class=\"entry-meta\">\n        <a class=\"label label-secondary post-category\" href=\"https:\/\/www.welovecycling.com\/cs\/category\/silnicni-cyklistika\/\" title=\"Silni\u010dn\u00ed cyklistika\">Silni\u010dn\u00ed cyklistika<\/a>\n    <\/div>\n    <div class=\"entry-details\">\n        <a href=\"https:\/\/www.welovecycling.com\/cs\/2022\/09\/07\/jak-celi-cykliste-pri-vuelte-silenym-teplotam-300-bidonu-denne-a-az-100-kilogramu-ledu\/\" class='entry-title-wrapper'>\n            <h3 class=\"entry-title\"><span>Jak \u010del\u00ed cyklist\u00e9 p\u0159i Vuelt\u011b \u0161\u00edlen\u00fdm teplot\u00e1m? 300 bidon\u016f denn\u011b a a\u017e 100 kilogram\u016f ledu<\/span><\/h3>\n        <\/a>\n    <\/div>\n    <\/article>\n<\/div>\n<h2><strong>A to jsou v\u0161echny?<\/strong><\/h2>\n<p>Kdy\u017e jsem jel n\u011bkdy p\u0159ed p\u011bti lety popul\u00e1rn\u00ed m\u011bstsk\u00fd sjezd v\u00a0chilsk\u00e9m Valpara\u00edsu, tak registrovan\u00fd nebyl. Cht\u011bli mi za to na p\u016fl roku sebrat licenci a d\u00e1t pokutu p\u011bt tis\u00edc euro. Ale nakonec nic z\u00a0toho nebylo a z\u00e1vod byl hned p\u0159\u00ed\u0161t\u00ed rok registrovan\u00fd pod UCI\u2026<\/p>\n<figure id=\"attachment_18693\" aria-describedby=\"caption-attachment-18693\" style=\"width: 1280px\" class=\"wp-caption alignnone\"><a href=\"https:\/\/d2p6e6u75xmxt8.cloudfront.net\/13\/2022\/09\/slavik-3.jpg\"><img loading=\"lazy\" decoding=\"async\" class=\"size-full wp-image-18693\" src=\"https:\/\/d2p6e6u75xmxt8.cloudfront.net\/13\/2022\/09\/slavik-3.jpg\" alt=\"Tom\u00e1\u0161 Slav\u00edk p\u0159i z\u00e1v\u011bre\u010dn\u00e9m z\u00e1vod\u011b seri\u00e1lu 4X ProTour 2022 v italsk\u00e9m Val di Sole. Foto: David Kostelecky\/Giacomo Podetti\" width=\"1280\" height=\"853\" \/><\/a><figcaption id=\"caption-attachment-18693\" class=\"wp-caption-text\"><em>Tom\u00e1\u0161 Slav\u00edk p\u0159i z\u00e1v\u011bre\u010dn\u00e9m z\u00e1vod\u011b seri\u00e1lu 4X ProTour 2022 v italsk\u00e9m Val di Sole. Foto: David Kostelecky\/Giacomo Podetti<\/em><\/figcaption><\/figure>\n<h2><strong>Kdy\u017e se vr\u00e1t\u00edme k\u00a0fin\u00e1le Sv\u011btov\u00e9 s\u00e9rie ve Val di Sole, jak\u00e9 bylo?<\/strong><\/h2>\n<p>V\u00a0r\u00e1mci m\u00e9ho v\u00fdkonu jsem absolutn\u011b spokojen\u00fd. Jel jsem bezchybn\u011b skoro ka\u017edou j\u00edzdu. Bohu\u017eel, v\u00a0p\u00e1tek do\u0161lo k\u00a0o\u0161kliv\u00e9mu p\u00e1du jabloneck\u00e9 z\u00e1vodnice Ani\u010dky Slancov\u00e9. Let\u011bl pro ni vrtuln\u00edk, vezli ji hned do nemocnice. Ten jej\u00ed crash vypadal fakt hroziv\u011b. Nikdo nev\u011bd\u011bl, co s\u00a0n\u00ed bude, tak jsme se dohodli, \u017ee d\u00e1l z\u00e1vodit nebudeme a v\u00fdsledky fin\u00e1le se ud\u011blaly podle kvalifikace. Bylo to spr\u00e1vn\u00e9 rozhodnut\u00ed, nikdo nem\u011bl n\u00e1ladu z\u00e1vodit.<\/p>\n<div class=\"shortcode-ys-post-pinup\"><article class=\"loop-simple post-18536 post type-post status-publish format-standard has-post-thumbnail hentry category-silnicni-cyklistika tag-alpecin tag-cyklistika tag-jay-vine tag-silnicni-cyklistika tag-vuelta-2022 tag-zwift global-categories-cycling\" data-postid=\"18536\" role=\"article\" data-post-id=\"18536\" data-word-count=\"576\" data-headline-length=\"59\" data-category=\"Silni\u010dn\u00ed cyklistika\" data-global-category=\"Cycling\" data-author=\"We Love Cycling\" data-published=\"2022-08-28T06:00:03+02:00\" data-published-day=\"Sunday\">\n    <div class=\"entry-thumbnail article-thumbnail\" content=\"https:\/\/d2p6e6u75xmxt8.cloudfront.net\/13\/2022\/08\/Jay-Vine-150x150.webp\"><a href=\"https:\/\/www.welovecycling.com\/cs\/2022\/08\/28\/jay-vine-z-trenazeru-v-obyvaku-ke-slave-na-vuelte\/\" class=\"image-holder\" target=\"_self\"><img decoding=\"async\" loading=\"lazy\" class=\"\" src=\"https:\/\/d2p6e6u75xmxt8.cloudfront.net\/13\/2022\/08\/Jay-Vine-1024x683.webp\" srcset=\"https:\/\/d2p6e6u75xmxt8.cloudfront.net\/13\/2022\/08\/Jay-Vine.webp 2048w, https:\/\/d2p6e6u75xmxt8.cloudfront.net\/13\/2022\/08\/Jay-Vine-300x200.webp 300w, https:\/\/d2p6e6u75xmxt8.cloudfront.net\/13\/2022\/08\/Jay-Vine-1024x683.webp 1024w, https:\/\/d2p6e6u75xmxt8.cloudfront.net\/13\/2022\/08\/Jay-Vine-768x512.webp 768w, https:\/\/d2p6e6u75xmxt8.cloudfront.net\/13\/2022\/08\/Jay-Vine-1536x1025.webp 1536w, https:\/\/d2p6e6u75xmxt8.cloudfront.net\/13\/2022\/08\/Jay-Vine-1920x1281.webp 1920w, https:\/\/d2p6e6u75xmxt8.cloudfront.net\/13\/2022\/08\/Jay-Vine-272x182.webp 272w, https:\/\/d2p6e6u75xmxt8.cloudfront.net\/13\/2022\/08\/Jay-Vine-1920x1281.webp 1920w\" width=\"1024\" height=\"683\" sizes=\"auto, (min-width: 1200px) 300px, (min-width: 768px) 25vw, 100vw\" alt=\"jay-vine-z-trenazeru-v-obyvaku-ke-slave-na-vuelte\"\/><\/a><\/div>    <div class=\"entry-meta\">\n        <a class=\"label label-secondary post-category\" href=\"https:\/\/www.welovecycling.com\/cs\/category\/silnicni-cyklistika\/\" title=\"Silni\u010dn\u00ed cyklistika\">Silni\u010dn\u00ed cyklistika<\/a>\n    <\/div>\n    <div class=\"entry-details\">\n        <a href=\"https:\/\/www.welovecycling.com\/cs\/2022\/08\/28\/jay-vine-z-trenazeru-v-obyvaku-ke-slave-na-vuelte\/\" class='entry-title-wrapper'>\n            <h3 class=\"entry-title\"><span>Jay Vine: z\u00a0trena\u017e\u00e9ru v\u00a0ob\u00fdv\u00e1ku ke sl\u00e1v\u011b na Vuelt\u011b<\/span><\/h3>\n        <\/a>\n    <\/div>\n    <\/article>\n<\/div>\n<h2><strong>Bylo t\u011b\u017ek\u00e9 j\u00edt n\u00e1sledn\u011b hned v sobotu na start dal\u0161\u00edho z\u00e1vodu?<\/strong><\/h2>\n<p>Bylo. V\u017edycky si proch\u00e1z\u00edm s kolem tra\u0165 a najednou jsem st\u00e1l u m\u00edsta, kde se to stalo. \u0160el mi mr\u00e1z po z\u00e1dech, kdy\u017e jsem si to vybavil. Ani\u010dka le\u017e\u00ed po\u0159\u00e1d v Trentu v nemocnici, jsou tam s n\u00ed jej\u00ed nejbli\u017e\u0161\u00ed a nezb\u00fdv\u00e1 ne\u017e doufat, \u017ee se z toho dostane. Na d\u00e1lku dr\u017e\u00edme palce a hned v p\u00e1tek jsme se v\u0161ichni dohodli, \u017ee ve\u0161ker\u00e9 prize money z toho z\u00e1vodu po\u0161leme na jej\u00ed \u00fa\u010det na prvotn\u00ed v\u00fddaje. Bylo to asi 6000 euro. T\u0159eba jej\u00ed velk\u00e1 kamar\u00e1dka M\u00ed\u0161a H\u00e1jkov\u00e1 s n\u00ed hned jela do nemocnice, byl tam celou noc a dal\u0161\u00ed den nejela z\u00e1vody, i kdy\u017e t\u00edm mo\u017en\u00e1 p\u0159i\u0161la o v\u00edt\u011bzstv\u00ed v seri\u00e1lu.<\/p>\n<figure id=\"attachment_18696\" aria-describedby=\"caption-attachment-18696\" style=\"width: 1280px\" class=\"wp-caption alignnone\"><a href=\"https:\/\/d2p6e6u75xmxt8.cloudfront.net\/13\/2022\/09\/slavik-7.jpg\"><img loading=\"lazy\" decoding=\"async\" class=\"size-full wp-image-18696\" src=\"https:\/\/d2p6e6u75xmxt8.cloudfront.net\/13\/2022\/09\/slavik-7.jpg\" alt=\"Tom\u00e1\u0161 Slav\u00edk p\u0159i z\u00e1v\u011bre\u010dn\u00e9m z\u00e1vod\u011b seri\u00e1lu 4X ProTour 2022 v italsk\u00e9m Val di Sole. Foto: David Kostelecky\/Giacomo Podetti\" width=\"1280\" height=\"853\" \/><\/a><figcaption id=\"caption-attachment-18696\" class=\"wp-caption-text\"><em>Tom\u00e1\u0161 Slav\u00edk v euforii po triumfu v seri\u00e1lu 4X ProTour 2022 v italsk\u00e9m Val di Sole. Foto: David Kostelecky\/Giacomo Podetti<\/em><\/figcaption><\/figure>\n<h2><strong>Vy jste v\u00a0sobotu dok\u00e1zal znovu v\u0161e vyhr\u00e1t.<\/strong><\/h2>\n<p>Hodn\u011b m\u011b tam proh\u00e1n\u011bl hlavn\u011b italsk\u00fd bikrosa\u0159 a olympionik Roberto Cristofoli, ale pak mu trochu do\u0161la energie a ve fin\u00e1lov\u00e9 j\u00edzd\u011b u\u017e jsem jim ulet\u011bl. Tu tra\u0165 dokonale zn\u00e1m, vloni jsem tam z\u00edskal po p\u011bti smoln\u00fdch letech titul mistra sv\u011bta.<\/p>\n<h2><strong>Co v\u00e1s je\u0161t\u011b v\u00a0sezon\u011b \u010dek\u00e1?<\/strong><\/h2>\n<p>Te\u010f si d\u00e1v\u00e1m dva t\u00fddny \u00fapln\u00e9 volno, pot\u0159ebuju vypnout. A zase za\u010dnu tr\u00e9novat sm\u011brem k\u00a0dal\u0161\u00edm z\u00e1vod\u016fm. Letos m\u011b \u010dek\u00e1 je\u0161t\u011b kvalifikace na mistrovstv\u00ed sv\u011bta v\u00a0pumptracku, m\u011bstsk\u00e9 sjezdy ve Francii a Mexiku a v\u00a0listopadu Crankworks na Nov\u00e9m Z\u00e9landu. No a hned po Nov\u00e9m roce p\u0159ijdou v\u0161echny m\u011bstsk\u00e9 sjezdy v\u00a0ji\u017en\u00ed Americe, na kter\u00e9 se moc t\u011b\u0161\u00edm.<\/p>\n<p><em>Tituln\u00ed foto: David Kostelecky\/Giacomo Podetti<\/em><\/p>\n","protected":false},"excerpt":{"rendered":"<p>Stal se \u010derstv\u00fdm v\u00edt\u011bzem fourcrossov\u00e9 s\u00e9rie 4X ProTour 2022, kdy\u017e vyhr\u00e1l v\u0161ech sedm leto\u0161n\u00edch z\u00e1vod\u016f. Ty posledn\u00ed dva nyn\u00ed v [&hellip;]<\/p>\n","protected":false},"author":138,"featured_media":18698,"comment_status":"open","ping_status":"open","sticky":false,"template":"","format":"standard","meta":{"footnotes":""},"categories":[11],"tags":[2570,1877,611,56,1154,886],"global-categories":[411],"class_list":["post-18690","post","type-post","status-publish","format-standard","has-post-thumbnail","hentry","category-horska-cyklistika","tag-4xprotour-2022","tag-duhovy-dres","tag-fourcross","tag-horska-cyklistika","tag-mistrovstvi-sveta","tag-tomas-slavik","global-categories-cycling"],"yoast_head":"<!-- This site is optimized with the Yoast SEO Premium plugin v25.3 (Yoast SEO v25.9) - https:\/\/yoast.com\/wordpress\/plugins\/seo\/ -->\n<title>Tom\u00e1\u0161 Slav\u00edk: Fourcross nen\u00ed mrtv\u00fd, ale mo\u017en\u00e1 z\u016fstanu posledn\u00edm mistrem sv\u011bta | \u0160koda We Love Cycling - \u010cesk\u00e1 republika<\/title>\n<meta name=\"description\" content=\"Stal se v\u00edt\u011bzem fourcrossov\u00e9 s\u00e9rie 4X ProTour 2022, kdy\u017e vyhr\u00e1l v\u0161ech sedm z\u00e1vod\u016f. Ale duhov\u00fd dres mistra sv\u011bta Tom\u00e1\u0161 Slav\u00edk obl\u00e9kat nem\u016f\u017ee.\" \/>\n<meta name=\"robots\" content=\"index, follow, max-snippet:-1, max-image-preview:large, max-video-preview:-1\" \/>\n<link rel=\"canonical\" href=\"https:\/\/www.welovecycling.com\/cs\/2022\/09\/08\/tomas-slavik-fourcross-neni-mrtvy-ale-mozna-zustanu-poslednim-mistrem-sveta\/\" \/>\n<meta property=\"og:locale\" content=\"cs_CZ\" \/>\n<meta property=\"og:type\" content=\"article\" \/>\n<meta property=\"og:title\" content=\"Tom\u00e1\u0161 Slav\u00edk: Fourcross nen\u00ed mrtv\u00fd, ale mo\u017en\u00e1 z\u016fstanu posledn\u00edm mistrem sv\u011bta\" \/>\n<meta property=\"og:description\" content=\"Stal se v\u00edt\u011bzem fourcrossov\u00e9 s\u00e9rie 4X ProTour 2022, kdy\u017e vyhr\u00e1l v\u0161ech sedm z\u00e1vod\u016f. Ale duhov\u00fd dres mistra sv\u011bta Tom\u00e1\u0161 Slav\u00edk obl\u00e9kat nem\u016f\u017ee.\" \/>\n<meta property=\"og:url\" content=\"https:\/\/www.welovecycling.com\/cs\/2022\/09\/08\/tomas-slavik-fourcross-neni-mrtvy-ale-mozna-zustanu-poslednim-mistrem-sveta\/\" \/>\n<meta property=\"og:site_name\" content=\"\u0160koda We Love Cycling - \u010cesk\u00e1 republika\" \/>\n<meta property=\"article:published_time\" content=\"2022-09-08T16:00:20+00:00\" \/>\n<meta property=\"og:image\" content=\"https:\/\/d2p6e6u75xmxt8.cloudfront.net\/13\/2022\/09\/Slavik.webp\" \/>\n\t<meta property=\"og:image:width\" content=\"1280\" \/>\n\t<meta property=\"og:image:height\" content=\"853\" \/>\n\t<meta property=\"og:image:type\" content=\"image\/webp\" \/>\n<meta name=\"author\" content=\"radekmalina\" \/>\n<meta name=\"twitter:card\" content=\"summary_large_image\" \/>\n<meta name=\"twitter:label1\" content=\"Written by\" \/>\n\t<meta name=\"twitter:data1\" content=\"We Love Cycling\" \/>\n\t<meta name=\"twitter:label2\" content=\"Est. reading time\" \/>\n\t<meta name=\"twitter:data2\" content=\"6\" \/>\n<script type=\"application\/ld+json\" class=\"yoast-schema-graph\">{\"@context\":\"https:\/\/schema.org\",\"@graph\":[{\"@type\":\"WebPage\",\"@id\":\"https:\/\/www.welovecycling.com\/cs\/2022\/09\/08\/tomas-slavik-fourcross-neni-mrtvy-ale-mozna-zustanu-poslednim-mistrem-sveta\/\",\"url\":\"https:\/\/www.welovecycling.com\/cs\/2022\/09\/08\/tomas-slavik-fourcross-neni-mrtvy-ale-mozna-zustanu-poslednim-mistrem-sveta\/\",\"name\":\"Tom\u00e1\u0161 Slav\u00edk: Fourcross nen\u00ed mrtv\u00fd, ale mo\u017en\u00e1 z\u016fstanu posledn\u00edm mistrem sv\u011bta | \u0160koda We Love Cycling - \u010cesk\u00e1 republika\",\"isPartOf\":{\"@id\":\"https:\/\/www.welovecycling.com\/cs\/#website\"},\"primaryImageOfPage\":{\"@id\":\"https:\/\/www.welovecycling.com\/cs\/2022\/09\/08\/tomas-slavik-fourcross-neni-mrtvy-ale-mozna-zustanu-poslednim-mistrem-sveta\/#primaryimage\"},\"image\":{\"@id\":\"https:\/\/www.welovecycling.com\/cs\/2022\/09\/08\/tomas-slavik-fourcross-neni-mrtvy-ale-mozna-zustanu-poslednim-mistrem-sveta\/#primaryimage\"},\"thumbnailUrl\":\"https:\/\/d2p6e6u75xmxt8.cloudfront.net\/13\/2022\/09\/Slavik.webp\",\"datePublished\":\"2022-09-08T16:00:20+00:00\",\"author\":{\"@id\":\"https:\/\/www.welovecycling.com\/cs\/#\/schema\/person\/d9eeb0a378f3a7e4a6d12d2b536b04b8\"},\"description\":\"Stal se v\u00edt\u011bzem fourcrossov\u00e9 s\u00e9rie 4X ProTour 2022, kdy\u017e vyhr\u00e1l v\u0161ech sedm z\u00e1vod\u016f. Ale duhov\u00fd dres mistra sv\u011bta Tom\u00e1\u0161 Slav\u00edk obl\u00e9kat nem\u016f\u017ee.\",\"inLanguage\":\"cs\",\"potentialAction\":[{\"@type\":\"ReadAction\",\"target\":[\"https:\/\/www.welovecycling.com\/cs\/2022\/09\/08\/tomas-slavik-fourcross-neni-mrtvy-ale-mozna-zustanu-poslednim-mistrem-sveta\/\"]}]},{\"@type\":\"ImageObject\",\"inLanguage\":\"cs\",\"@id\":\"https:\/\/www.welovecycling.com\/cs\/2022\/09\/08\/tomas-slavik-fourcross-neni-mrtvy-ale-mozna-zustanu-poslednim-mistrem-sveta\/#primaryimage\",\"url\":\"https:\/\/d2p6e6u75xmxt8.cloudfront.net\/13\/2022\/09\/Slavik.webp\",\"contentUrl\":\"https:\/\/d2p6e6u75xmxt8.cloudfront.net\/13\/2022\/09\/Slavik.webp\",\"width\":1280,\"height\":853},{\"@type\":\"WebSite\",\"@id\":\"https:\/\/www.welovecycling.com\/cs\/#website\",\"url\":\"https:\/\/www.welovecycling.com\/cs\/\",\"name\":\"\u0160koda We Love Cycling - \u010cesk\u00e1 republika\",\"description\":\"WeLoveCycling.cz je online magaz\u00edn, kter\u00fd v\u00e1m pravideln\u011b p\u0159in\u00e1\u0161\u00ed rady a tipy, zaj\u00edmav\u00e9 \u010dl\u00e1nky, videa a jedine\u010dn\u00e9 report\u00e1\u017ee ze sv\u011bta cyklistiky.\",\"potentialAction\":[{\"@type\":\"SearchAction\",\"target\":{\"@type\":\"EntryPoint\",\"urlTemplate\":\"https:\/\/www.welovecycling.com\/cs\/?s={search_term_string}\"},\"query-input\":{\"@type\":\"PropertyValueSpecification\",\"valueRequired\":true,\"valueName\":\"search_term_string\"}}],\"inLanguage\":\"cs\"},{\"@type\":\"Person\",\"@id\":\"https:\/\/www.welovecycling.com\/cs\/#\/schema\/person\/d9eeb0a378f3a7e4a6d12d2b536b04b8\",\"name\":\"radekmalina\",\"image\":{\"@type\":\"ImageObject\",\"inLanguage\":\"cs\",\"@id\":\"https:\/\/www.welovecycling.com\/cs\/#\/schema\/person\/image\/\",\"url\":\"https:\/\/secure.gravatar.com\/avatar\/66994b632cb8c39a46b9f54afa3ae07201b678d32a54275b6f1c9ffec356bfc0?s=96&d=mm&r=g\",\"contentUrl\":\"https:\/\/secure.gravatar.com\/avatar\/66994b632cb8c39a46b9f54afa3ae07201b678d32a54275b6f1c9ffec356bfc0?s=96&d=mm&r=g\",\"caption\":\"radekmalina\"},\"url\":\"https:\/\/www.welovecycling.com\/cs\/author\/radekmalina\/\"}]}<\/script>\n<!-- \/ Yoast SEO Premium plugin. -->","yoast_head_json":{"title":"Tom\u00e1\u0161 Slav\u00edk: Fourcross nen\u00ed mrtv\u00fd, ale mo\u017en\u00e1 z\u016fstanu posledn\u00edm mistrem sv\u011bta | \u0160koda We Love Cycling - \u010cesk\u00e1 republika","description":"Stal se v\u00edt\u011bzem fourcrossov\u00e9 s\u00e9rie 4X ProTour 2022, kdy\u017e vyhr\u00e1l v\u0161ech sedm z\u00e1vod\u016f. Ale duhov\u00fd dres mistra sv\u011bta Tom\u00e1\u0161 Slav\u00edk obl\u00e9kat nem\u016f\u017ee.","robots":{"index":"index","follow":"follow","max-snippet":"max-snippet:-1","max-image-preview":"max-image-preview:large","max-video-preview":"max-video-preview:-1"},"canonical":"https:\/\/www.welovecycling.com\/cs\/2022\/09\/08\/tomas-slavik-fourcross-neni-mrtvy-ale-mozna-zustanu-poslednim-mistrem-sveta\/","og_locale":"cs_CZ","og_type":"article","og_title":"Tom\u00e1\u0161 Slav\u00edk: Fourcross nen\u00ed mrtv\u00fd, ale mo\u017en\u00e1 z\u016fstanu posledn\u00edm mistrem sv\u011bta","og_description":"Stal se v\u00edt\u011bzem fourcrossov\u00e9 s\u00e9rie 4X ProTour 2022, kdy\u017e vyhr\u00e1l v\u0161ech sedm z\u00e1vod\u016f. Ale duhov\u00fd dres mistra sv\u011bta Tom\u00e1\u0161 Slav\u00edk obl\u00e9kat nem\u016f\u017ee.","og_url":"https:\/\/www.welovecycling.com\/cs\/2022\/09\/08\/tomas-slavik-fourcross-neni-mrtvy-ale-mozna-zustanu-poslednim-mistrem-sveta\/","og_site_name":"\u0160koda We Love Cycling - \u010cesk\u00e1 republika","article_published_time":"2022-09-08T16:00:20+00:00","og_image":[{"width":1280,"height":853,"url":"https:\/\/d2p6e6u75xmxt8.cloudfront.net\/13\/2022\/09\/Slavik.webp","type":"image\/webp"}],"author":"radekmalina","twitter_card":"summary_large_image","twitter_misc":{"Written by":"We Love Cycling","Est. reading time":"6"},"schema":{"@context":"https:\/\/schema.org","@graph":[{"@type":"WebPage","@id":"https:\/\/www.welovecycling.com\/cs\/2022\/09\/08\/tomas-slavik-fourcross-neni-mrtvy-ale-mozna-zustanu-poslednim-mistrem-sveta\/","url":"https:\/\/www.welovecycling.com\/cs\/2022\/09\/08\/tomas-slavik-fourcross-neni-mrtvy-ale-mozna-zustanu-poslednim-mistrem-sveta\/","name":"Tom\u00e1\u0161 Slav\u00edk: Fourcross nen\u00ed mrtv\u00fd, ale mo\u017en\u00e1 z\u016fstanu posledn\u00edm mistrem sv\u011bta | \u0160koda We Love Cycling - \u010cesk\u00e1 republika","isPartOf":{"@id":"https:\/\/www.welovecycling.com\/cs\/#website"},"primaryImageOfPage":{"@id":"https:\/\/www.welovecycling.com\/cs\/2022\/09\/08\/tomas-slavik-fourcross-neni-mrtvy-ale-mozna-zustanu-poslednim-mistrem-sveta\/#primaryimage"},"image":{"@id":"https:\/\/www.welovecycling.com\/cs\/2022\/09\/08\/tomas-slavik-fourcross-neni-mrtvy-ale-mozna-zustanu-poslednim-mistrem-sveta\/#primaryimage"},"thumbnailUrl":"https:\/\/d2p6e6u75xmxt8.cloudfront.net\/13\/2022\/09\/Slavik.webp","datePublished":"2022-09-08T16:00:20+00:00","author":{"@id":"https:\/\/www.welovecycling.com\/cs\/#\/schema\/person\/d9eeb0a378f3a7e4a6d12d2b536b04b8"},"description":"Stal se v\u00edt\u011bzem fourcrossov\u00e9 s\u00e9rie 4X ProTour 2022, kdy\u017e vyhr\u00e1l v\u0161ech sedm z\u00e1vod\u016f. Ale duhov\u00fd dres mistra sv\u011bta Tom\u00e1\u0161 Slav\u00edk obl\u00e9kat nem\u016f\u017ee.","inLanguage":"cs","potentialAction":[{"@type":"ReadAction","target":["https:\/\/www.welovecycling.com\/cs\/2022\/09\/08\/tomas-slavik-fourcross-neni-mrtvy-ale-mozna-zustanu-poslednim-mistrem-sveta\/"]}]},{"@type":"ImageObject","inLanguage":"cs","@id":"https:\/\/www.welovecycling.com\/cs\/2022\/09\/08\/tomas-slavik-fourcross-neni-mrtvy-ale-mozna-zustanu-poslednim-mistrem-sveta\/#primaryimage","url":"https:\/\/d2p6e6u75xmxt8.cloudfront.net\/13\/2022\/09\/Slavik.webp","contentUrl":"https:\/\/d2p6e6u75xmxt8.cloudfront.net\/13\/2022\/09\/Slavik.webp","width":1280,"height":853},{"@type":"WebSite","@id":"https:\/\/www.welovecycling.com\/cs\/#website","url":"https:\/\/www.welovecycling.com\/cs\/","name":"\u0160koda We Love Cycling - \u010cesk\u00e1 republika","description":"WeLoveCycling.cz je online magaz\u00edn, kter\u00fd v\u00e1m pravideln\u011b p\u0159in\u00e1\u0161\u00ed rady a tipy, zaj\u00edmav\u00e9 \u010dl\u00e1nky, videa a jedine\u010dn\u00e9 report\u00e1\u017ee ze sv\u011bta cyklistiky.","potentialAction":[{"@type":"SearchAction","target":{"@type":"EntryPoint","urlTemplate":"https:\/\/www.welovecycling.com\/cs\/?s={search_term_string}"},"query-input":{"@type":"PropertyValueSpecification","valueRequired":true,"valueName":"search_term_string"}}],"inLanguage":"cs"},{"@type":"Person","@id":"https:\/\/www.welovecycling.com\/cs\/#\/schema\/person\/d9eeb0a378f3a7e4a6d12d2b536b04b8","name":"radekmalina","image":{"@type":"ImageObject","inLanguage":"cs","@id":"https:\/\/www.welovecycling.com\/cs\/#\/schema\/person\/image\/","url":"https:\/\/secure.gravatar.com\/avatar\/66994b632cb8c39a46b9f54afa3ae07201b678d32a54275b6f1c9ffec356bfc0?s=96&d=mm&r=g","contentUrl":"https:\/\/secure.gravatar.com\/avatar\/66994b632cb8c39a46b9f54afa3ae07201b678d32a54275b6f1c9ffec356bfc0?s=96&d=mm&r=g","caption":"radekmalina"},"url":"https:\/\/www.welovecycling.com\/cs\/author\/radekmalina\/"}]}},"_links":{"self":[{"href":"https:\/\/www.welovecycling.com\/cs\/wp-json\/wp\/v2\/posts\/18690","targetHints":{"allow":["GET"]}}],"collection":[{"href":"https:\/\/www.welovecycling.com\/cs\/wp-json\/wp\/v2\/posts"}],"about":[{"href":"https:\/\/www.welovecycling.com\/cs\/wp-json\/wp\/v2\/types\/post"}],"author":[{"embeddable":true,"href":"https:\/\/www.welovecycling.com\/cs\/wp-json\/wp\/v2\/users\/138"}],"replies":[{"embeddable":true,"href":"https:\/\/www.welovecycling.com\/cs\/wp-json\/wp\/v2\/comments?post=18690"}],"version-history":[{"count":2,"href":"https:\/\/www.welovecycling.com\/cs\/wp-json\/wp\/v2\/posts\/18690\/revisions"}],"predecessor-version":[{"id":18700,"href":"https:\/\/www.welovecycling.com\/cs\/wp-json\/wp\/v2\/posts\/18690\/revisions\/18700"}],"wp:featuredmedia":[{"embeddable":true,"href":"https:\/\/www.welovecycling.com\/cs\/wp-json\/wp\/v2\/media\/18698"}],"wp:attachment":[{"href":"https:\/\/www.welovecycling.com\/cs\/wp-json\/wp\/v2\/media?parent=18690"}],"wp:term":[{"taxonomy":"category","embeddable":true,"href":"https:\/\/www.welovecycling.com\/cs\/wp-json\/wp\/v2\/categories?post=18690"},{"taxonomy":"post_tag","embeddable":true,"href":"https:\/\/www.welovecycling.com\/cs\/wp-json\/wp\/v2\/tags?post=18690"},{"taxonomy":"global-categories","embeddable":true,"href":"https:\/\/www.welovecycling.com\/cs\/wp-json\/wp\/v2\/global-categories?post=18690"}],"curies":[{"name":"wp","href":"https:\/\/api.w.org\/{rel}","templated":true}]}}