{"id":1867,"date":"2019-05-17T09:50:34","date_gmt":"2019-05-17T08:50:34","guid":{"rendered":"https:\/\/www.welovecycling.com\/cs\/?p=1867"},"modified":"2019-05-17T09:50:34","modified_gmt":"2019-05-17T08:50:34","slug":"vlakem-na-cyklovylet-vse-co-potrebujete-vedet","status":"publish","type":"post","link":"https:\/\/www.welovecycling.com\/cs\/2019\/05\/17\/vlakem-na-cyklovylet-vse-co-potrebujete-vedet\/","title":{"rendered":"Vlakem na cyklov\u00fdlet \u2013 v\u0161e, co pot\u0159ebujete v\u011bd\u011bt"},"content":{"rendered":"<p>Bl\u00ed\u017e\u00ed se l\u00e9to a \u010das cyklov\u00fdlet\u016f. \u010cesk\u00e1 \u017eelezni\u010dn\u00ed s\u00ed\u0165 je jednou z nejhust\u0161\u00edch na sv\u011bt\u011b a p\u0159eprava kol je zde b\u011b\u017en\u00e1, tak\u017ee ur\u010dit\u011b stoj\u00ed za to cestu vlakem vyzkou\u0161et a prozkoumat tak nov\u00e9 stezky a zaj\u00edmav\u00e1 m\u00edsta. V\u00edte, co p\u0159eprava kola ve vlaku obn\u00e1\u0161\u00ed? A kter\u00fd dopravce nab\u00edz\u00ed nejlevn\u011bj\u0161\u00ed l\u00edstek pro va\u0161e kolo jako zavazadlo?<\/p>\n<p><!--more--><\/p>\n<p>P\u0159ev\u00e1\u017eet kola autem se \u010dasto jev\u00ed jako pohodln\u011bj\u0161\u00ed varianta, nicm\u00e9n\u011b vlaky nab\u00edzej\u00ed v\u00fdhody, kter\u00fdmi auta nedisponuj\u00ed. Jednou z\u00a0nejzaj\u00edmav\u011bj\u0161\u00edch je fakt, \u017ee se nemus\u00edte vracet do stejn\u00e9ho m\u00edsta, konec trasy m\u016f\u017eete napl\u00e1novat na jakoukoli vlakovou zast\u00e1vku. \u0158idi\u010di tak\u00e9 ocen\u00ed, \u017ee se po n\u00e1ro\u010dn\u00e9m dni v\u00a0sedle nemus\u00ed je\u0161t\u011b n\u011bkolik hodin soust\u0159edit na \u0159\u00edzen\u00ed. Cestou vlakem dom\u016f si mohou odpo\u010dinout v\u0161ichni \u00fa\u010dastn\u00edci v\u00fdletu. Ekologick\u00e9 cestov\u00e1n\u00ed vlakem jde s cyklistikou skv\u011ble dohromady. V \u010cesk\u00e9 republice p\u016fsob\u00ed n\u011bkolik \u017eelezni\u010dn\u00edch dopravc\u016f a ka\u017ed\u00fd z nich \u0159e\u0161\u00ed p\u0159epravu kol trochu jinak. Na spoust\u011b linek sice nebudete m\u00edt mo\u017enost v\u00fdb\u011bru dopravce, je ale dobr\u00e9 v\u011bd\u011bt, co m\u016f\u017eete o\u010dek\u00e1vat.<\/p>\n<h2><strong>\u010cesk\u00e9 dr\u00e1hy<\/strong><\/h2>\n<p>\u010cesk\u00e9 dr\u00e1hy nab\u00edzej\u00ed dva zp\u016fsoby p\u0159epravy kol. Pokud najdete u vybran\u00e9ho spoje symbol j\u00edzdn\u00edho kola, tak lze p\u0159epravovat kolo jako spoluzavazadlo. Pokud uvid\u00edte symbol kuf\u0159\u00edku, m\u016f\u017eete kolo poslat stylem \u201e\u00faschova b\u011bhem p\u0159epravy\u201c. Pokud v\u0161ak u spoje najdete symbol p\u0159e\u0161krtnut\u00e9ho kola, tak p\u0159eprava kol nen\u00ed mo\u017en\u00e1 v\u016fbec.<\/p>\n<ul>\n<li>Spoluzavazadlo \u2013 v\u00a0tomto re\u017eimu si m\u016f\u017eete kolo p\u0159epravit pod sv\u00fdm dohledem. Kolo si sami nalo\u017e\u00edte do ozna\u010den\u00e9ho prostoru, kter\u00fd najdete online v\u00a0pl\u00e1nku vagonu, p\u0159\u00edpadn\u011b na dotaz u p\u0159ep\u00e1\u017eky \u010di pr\u016fvod\u010d\u00edho. Je dobr\u00e9 rezervovat si sedadlo pobl\u00ed\u017e, abyste m\u011bli kolo na dohled.<\/li>\n<li>\u00daschova b\u011bhem p\u0159epravy \u2013 tato varianta v\u00e1m umo\u017en\u00ed kolo nalo\u017eit s pomoc\u00ed pr\u016fvod\u010d\u00edho do zvl\u00e1\u0161tn\u00edho prostoru pro p\u0159epravu kol. Po dobu p\u0159epravy je kolo pod dohledem pr\u016fvod\u010d\u00edho.<\/li>\n<\/ul>\n<p><strong>Tipy<\/strong><\/p>\n<p>Symboly kola i kuf\u0159\u00edku mohou b\u00fdt v\u00a0krou\u017eku, co\u017e znamen\u00e1, \u017ee si m\u00edsto pro kolo m\u016f\u017eete rezervovat, nebo v\u00a0obd\u00e9ln\u00edku, tam je rezervace p\u0159edem nutn\u00e1. Pokud pl\u00e1nujete cestu ve frekventovan\u00e9 dny (sv\u00e1tky, pr\u00e1zdniny) nebo na popul\u00e1rn\u00edch turistick\u00fdch tras\u00e1ch, ur\u010dit\u011b stoj\u00ed za to si m\u00edsto pro kolo rezervovat. Stejn\u011b tak je rezervace p\u0159edem vhodn\u00e1, pokud cestujete jako v\u011bt\u0161\u00ed skupina.<\/p>\n<p>Pokud vyu\u017eijete variantu \u00faschova b\u011bhem p\u0159epravy a dojde k po\u0161kozen\u00ed j\u00edzdn\u00edho kola, je nutn\u00e9 si tuto skute\u010dnost nechat zam\u011bstnancem \u010cD ve vlaku potvrdit. Bez tohoto potvrzen\u00ed by pak nebylo mo\u017en\u00e9 uplatnit reklamaci a n\u00e1rokovat n\u00e1hradu vznikl\u00e9 \u0161kody.<\/p>\n<figure id=\"attachment_1870\" aria-describedby=\"caption-attachment-1870\" style=\"width: 1024px\" class=\"wp-caption alignnone\"><a href=\"https:\/\/d2p6e6u75xmxt8.cloudfront.net\/13\/2019\/05\/profimedia-0029543097.jpg\"><img loading=\"lazy\" decoding=\"async\" class=\"size-large wp-image-1870\" src=\"https:\/\/d2p6e6u75xmxt8.cloudfront.net\/13\/2019\/05\/profimedia-0029543097-1024x683.jpg\" alt=\"\" width=\"1024\" height=\"683\" \/><\/a><figcaption id=\"caption-attachment-1870\" class=\"wp-caption-text\">P\u0159ev\u00e1\u017eet kola autem se \u010dasto jev\u00ed jako pohodln\u011bj\u0161\u00ed varianta, nicm\u00e9n\u011b vlaky nab\u00edzej\u00ed v\u00fdhody, kter\u00fdmi auta nedisponuj\u00ed. Foto: Profimedia, ImageSource.<\/figcaption><\/figure>\n<p><strong>Cena<\/strong><\/p>\n<p>Cena p\u0159epravy se pohybuje v rozmez\u00ed 30\u201375 K\u010d podle ujet\u00e9 vzd\u00e1lenosti. Pokud pl\u00e1nujete v\u00edce j\u00edzd za den, tak m\u016f\u017eete vyu\u017e\u00edt celodenn\u00ed j\u00edzdenku pro kolo za 99 K\u010d. Pokud budete rezervovat m\u00edsto pro sv\u00e9 kolo p\u0159es e-shop, tak je rezervace zdarma, na p\u0159ep\u00e1\u017ece v\u00e1s vyjde m\u00edstenka pro kolo na 35 K\u010d, u pr\u016fvod\u010d\u00edho na 50 K\u010d. Pokud zvol\u00edte \u00faschovu b\u011bhem p\u0159epravy, tak je nutn\u00e9 p\u0159ipo\u010d\u00edtat je\u0161t\u011b poplatek 20 K\u010d (pozor, pokud p\u0159estupujete, tento poplatek je nutn\u00e9 zaplatit za ka\u017ed\u00fd vlak zvl\u00e1\u0161\u0165).<\/p>\n<h2><strong>RegioJet<\/strong><\/h2>\n<p>P\u0159eprava j\u00edzdn\u00edch kol je povolena pouze ve vlac\u00edch, kter\u00e9 maj\u00ed vagony typu low cost \u2013 bez servisu. Ka\u017ed\u00fd z\u00a0 voz\u016f t\u0159\u00eddy low cost p\u0159eprav\u00ed maxim\u00e1ln\u011b t\u0159i kola. Kolo jste povinni um\u00edstit na stojan, kter\u00fd se nach\u00e1z\u00ed na za\u010d\u00e1tku nebo na konci vozu. \u0158azen\u00ed najdete v rezerva\u010dn\u00edm syst\u00e9mu RegioJet, stojany na kola jsou ozna\u010deny jednodu\u0161e symbolem \u201ekolo\u201c.<\/p>\n<p><strong>Cena<\/strong><\/p>\n<p>P\u0159eprava j\u00edzdn\u00edch kol je zcela zdarma, mus\u00edte si pouze m\u00edsto pro sv\u00e9 kolo p\u0159edem rezervovat.<\/p>\n<h2><strong>Leo Express<\/strong><\/h2>\n<p>Leo Expres umo\u017e\u0148uje p\u0159epravu kol v\u017edy v\u00a0obdob\u00ed od 1. dubna do 30. \u0159\u00edjna. Ka\u017ed\u00fd vagon p\u0159eprav\u00ed maxim\u00e1ln\u011b \u010dty\u0159i kola a v\u00fdhodou je, \u017ee v\u0161echny vozy tohoto dopravce jsou n\u00edzkopodla\u017en\u00ed, tak\u017ee n\u00e1stup s kolem je opravdu snadn\u00fd. Rezerva\u010dn\u00ed syst\u00e9m v\u00e1m b\u011bhem objedn\u00e1vky sd\u011bl\u00ed, zda je pro kolo je\u0161t\u011b m\u00edsto, a nab\u00eddne v\u00e1m m\u00edstenku v\u00a0bl\u00edzkosti kola, abyste jej m\u011bli na dohled. Po n\u00e1stupu kolo uskladn\u00edte do dr\u017e\u00e1ku ve strop\u011b vozu.<\/p>\n<p><strong>Cena<\/strong><\/p>\n<p>P\u0159eprava jednoho kola v\u00e1s vyjde na 49 K\u010d bez ohledu na ujetou vzd\u00e1lenost a je nutn\u00e1 rezervace m\u00edsta pro kolo p\u0159edem.<\/p>\n<figure id=\"attachment_58\" aria-describedby=\"caption-attachment-58\" style=\"width: 1024px\" class=\"wp-caption alignnone\"><a href=\"https:\/\/d2p6e6u75xmxt8.cloudfront.net\/13\/2018\/12\/skoda-octavia-scout-cyclist-5.jpg\"><img loading=\"lazy\" decoding=\"async\" class=\"size-large wp-image-58\" src=\"https:\/\/d2p6e6u75xmxt8.cloudfront.net\/13\/2018\/12\/skoda-octavia-scout-cyclist-5-1024x683.jpg\" alt=\"\" width=\"1024\" height=\"683\" \/><\/a><figcaption id=\"caption-attachment-58\" class=\"wp-caption-text\">Vyrazit na v\u00fdlet vlakem ocen\u00ed tak\u00e9 \u0159idi\u010di. Po n\u00e1ro\u010dn\u00e9m dni v sedle nemus\u00ed je\u0161t\u011b n\u011bkolik hodin soust\u0159edit na \u0159\u00edzen\u00ed.<\/figcaption><\/figure>\n<h2><strong>Arriva<\/strong><\/h2>\n<p>Arriva p\u0159epravuje kola celoro\u010dn\u011b. Rezervace m\u00edsta pro kolo p\u0159edem zat\u00edm nen\u00ed mo\u017en\u00e1, p\u0159eprava prob\u00edh\u00e1 pouze do vy\u010derp\u00e1n\u00ed kapacity. Vlaky v\u0161ak maj\u00ed kapacitu pro p\u0159evoz osmi kol, ve \u0161pi\u010dk\u00e1ch dokonce dvojn\u00e1sobnou, tak\u017ee \u0161ance, \u017ee m\u00edsto bude, je re\u00e1ln\u00e1. Kola se ve vlac\u00edch usklad\u0148uj\u00ed na h\u00e1c\u00edch um\u00edst\u011bn\u00fdch v\u017edy na obou konc\u00edch soupravy.<\/p>\n<p><strong>Cena<\/strong><\/p>\n<p>P\u0159eprava jednoho kola v \u00faseku Praha<em>\u2013<\/em>Bene\u0161ov v\u00e1s vyjde na 10 K\u010d a v \u00faseku Praha\u2013Nitra na 25 K\u010d.<\/p>\n<h2><strong>GW Train<\/strong><\/h2>\n<p>Dopravce GW Train p\u0159epravuje kola ve v\u0161ech sv\u00fdch vlac\u00edch p\u0159es l\u00e9to, v\u00a0zim\u011b maj\u00ed p\u0159ednost ly\u017ee. M\u00edsto pro sv\u00e9 kolo si m\u016f\u017eete rezervovat jen ve vlac\u00edch na \u0160umav\u011b, v\u00a0ostatn\u00edch regionech je p\u0159eprava pouze do vy\u010derp\u00e1n\u00ed kapacity a neumo\u017e\u0148uje rezervace p\u0159edem. Kola se ukl\u00e1daj\u00ed do dr\u017e\u00e1k\u016f u vstupu do vlaku.<\/p>\n<p><strong>Cena<\/strong><\/p>\n<p>P\u0159eprava jednoho kola v\u00e1s vyjde na 40 K\u010d bez ohledu na ujetou vzd\u00e1lenost.<\/p>\n<p>&nbsp;<\/p>\n<figure id=\"attachment_1871\" aria-describedby=\"caption-attachment-1871\" style=\"width: 1024px\" class=\"wp-caption alignnone\"><a href=\"https:\/\/d2p6e6u75xmxt8.cloudfront.net\/13\/2019\/05\/profimedia-0041150291.jpg\"><img loading=\"lazy\" decoding=\"async\" class=\"size-large wp-image-1871\" src=\"https:\/\/d2p6e6u75xmxt8.cloudfront.net\/13\/2019\/05\/profimedia-0041150291-1024x683.jpg\" alt=\"\" width=\"1024\" height=\"683\" \/><\/a><figcaption id=\"caption-attachment-1871\" class=\"wp-caption-text\">Ekologick\u00e9 cestov\u00e1n\u00ed vlakem jde s cyklistikou skv\u011ble dohromady. V \u010cesk\u00e9 republice p\u016fsob\u00ed n\u011bkolik \u017eelezni\u010dn\u00edch dopravc\u016f a ka\u017ed\u00fd z nich \u0159e\u0161\u00ed p\u0159epravu kol trochu jinak. Foto: Profimedia, imageBROKER<\/figcaption><\/figure>\n<h2><strong>Kter\u00e9ho dopravce si vybrat?<\/strong><\/h2>\n<p>Pokud v\u00e1m jde o cenu, tak si rezervujte m\u00edsto v\u00a0RegioJetu, a kolo s\u00a0v\u00e1mi pojede zdarma. Pokud v\u00e1m jde o dostupnost, nejv\u00edce m\u00edst pro kola a nejv\u011bt\u0161\u00ed po\u010det spoj\u016f nab\u00edz\u00ed \u010cesk\u00e9 dr\u00e1hy, ale p\u0159eprava v\u00e1s pravd\u011bpodobn\u011b vyjde nejdr\u00e1\u017e. Nezapome\u0148te v\u0161ak m\u00edsto pro kolo v\u017edy rezervovat, a pokud vyr\u00e1\u017e\u00edte jako v\u011bt\u0161\u00ed skupinka, tak kontaktujte dopravce p\u0159edem, zejm\u00e9na ty, kte\u0159\u00ed rezervace ned\u011blaj\u00ed, u\u0161et\u0159\u00edte si tak spoustu probl\u00e9m\u016f.<\/p>\n","protected":false},"excerpt":{"rendered":"<p>Bl\u00ed\u017e\u00ed se l\u00e9to a \u010das cyklov\u00fdlet\u016f. \u010cesk\u00e1 \u017eelezni\u010dn\u00ed s\u00ed\u0165 je jednou z nejhust\u0161\u00edch na sv\u011bt\u011b a p\u0159eprava kol je zde [&hellip;]<\/p>\n","protected":false},"author":95,"featured_media":401,"comment_status":"open","ping_status":"open","sticky":false,"template":"","format":"standard","meta":{"footnotes":""},"categories":[15],"tags":[228,226,227],"global-categories":[],"class_list":["post-1867","post","type-post","status-publish","format-standard","has-post-thumbnail","hentry","category-rady-tipy","tag-cyklovylet","tag-preprava-kol","tag-vlak"],"yoast_head":"<!-- This site is optimized with the Yoast SEO Premium plugin v25.3 (Yoast SEO v25.9) - https:\/\/yoast.com\/wordpress\/plugins\/seo\/ -->\n<title>Vlakem na cyklov\u00fdlet \u2013 v\u0161e, co pot\u0159ebujete v\u011bd\u011bt | \u0160koda We Love Cycling - \u010cesk\u00e1 republika<\/title>\n<meta name=\"robots\" content=\"index, follow, max-snippet:-1, max-image-preview:large, max-video-preview:-1\" \/>\n<link rel=\"canonical\" href=\"https:\/\/www.welovecycling.com\/cs\/2019\/05\/17\/vlakem-na-cyklovylet-vse-co-potrebujete-vedet\/\" \/>\n<meta property=\"og:locale\" content=\"cs_CZ\" \/>\n<meta property=\"og:type\" content=\"article\" \/>\n<meta property=\"og:title\" content=\"Vlakem na cyklov\u00fdlet \u2013 v\u0161e, co pot\u0159ebujete v\u011bd\u011bt\" \/>\n<meta property=\"og:description\" content=\"Bl\u00ed\u017e\u00ed se l\u00e9to a \u010das cyklov\u00fdlet\u016f. \u010cesk\u00e1 \u017eelezni\u010dn\u00ed s\u00ed\u0165 je jednou z nejhust\u0161\u00edch na sv\u011bt\u011b a p\u0159eprava kol je zde [&hellip;]\" \/>\n<meta property=\"og:url\" content=\"https:\/\/www.welovecycling.com\/cs\/2019\/05\/17\/vlakem-na-cyklovylet-vse-co-potrebujete-vedet\/\" \/>\n<meta property=\"og:site_name\" content=\"\u0160koda We Love Cycling - \u010cesk\u00e1 republika\" \/>\n<meta property=\"article:published_time\" content=\"2019-05-17T08:50:34+00:00\" \/>\n<meta property=\"og:image\" content=\"https:\/\/d2p6e6u75xmxt8.cloudfront.net\/13\/2019\/02\/IMG_9090.JPG-1.webp\" \/>\n\t<meta property=\"og:image:width\" content=\"1600\" \/>\n\t<meta property=\"og:image:height\" content=\"1200\" \/>\n\t<meta property=\"og:image:type\" content=\"image\/webp\" \/>\n<meta name=\"twitter:card\" content=\"summary_large_image\" \/>\n<meta name=\"twitter:label1\" content=\"Written by\" \/>\n\t<meta name=\"twitter:data1\" content=\"Ji\u0159\u00ed Kalo\u010d\" \/>\n\t<meta name=\"twitter:label2\" content=\"Est. reading time\" \/>\n\t<meta name=\"twitter:data2\" content=\"8\" \/>\n<script type=\"application\/ld+json\" class=\"yoast-schema-graph\">{\"@context\":\"https:\/\/schema.org\",\"@graph\":[{\"@type\":\"WebPage\",\"@id\":\"https:\/\/www.welovecycling.com\/cs\/2019\/05\/17\/vlakem-na-cyklovylet-vse-co-potrebujete-vedet\/\",\"url\":\"https:\/\/www.welovecycling.com\/cs\/2019\/05\/17\/vlakem-na-cyklovylet-vse-co-potrebujete-vedet\/\",\"name\":\"Vlakem na cyklov\u00fdlet \u2013 v\u0161e, co pot\u0159ebujete v\u011bd\u011bt | \u0160koda We Love Cycling - \u010cesk\u00e1 republika\",\"isPartOf\":{\"@id\":\"https:\/\/www.welovecycling.com\/cs\/#website\"},\"primaryImageOfPage\":{\"@id\":\"https:\/\/www.welovecycling.com\/cs\/2019\/05\/17\/vlakem-na-cyklovylet-vse-co-potrebujete-vedet\/#primaryimage\"},\"image\":{\"@id\":\"https:\/\/www.welovecycling.com\/cs\/2019\/05\/17\/vlakem-na-cyklovylet-vse-co-potrebujete-vedet\/#primaryimage\"},\"thumbnailUrl\":\"https:\/\/d2p6e6u75xmxt8.cloudfront.net\/13\/2019\/02\/IMG_9090.JPG-1.webp\",\"datePublished\":\"2019-05-17T08:50:34+00:00\",\"author\":{\"@id\":\"\"},\"inLanguage\":\"cs\",\"potentialAction\":[{\"@type\":\"ReadAction\",\"target\":[\"https:\/\/www.welovecycling.com\/cs\/2019\/05\/17\/vlakem-na-cyklovylet-vse-co-potrebujete-vedet\/\"]}]},{\"@type\":\"ImageObject\",\"inLanguage\":\"cs\",\"@id\":\"https:\/\/www.welovecycling.com\/cs\/2019\/05\/17\/vlakem-na-cyklovylet-vse-co-potrebujete-vedet\/#primaryimage\",\"url\":\"https:\/\/d2p6e6u75xmxt8.cloudfront.net\/13\/2019\/02\/IMG_9090.JPG-1.webp\",\"contentUrl\":\"https:\/\/d2p6e6u75xmxt8.cloudfront.net\/13\/2019\/02\/IMG_9090.JPG-1.webp\",\"width\":1600,\"height\":1200},{\"@type\":\"WebSite\",\"@id\":\"https:\/\/www.welovecycling.com\/cs\/#website\",\"url\":\"https:\/\/www.welovecycling.com\/cs\/\",\"name\":\"\u0160koda We Love Cycling - \u010cesk\u00e1 republika\",\"description\":\"WeLoveCycling.cz je online magaz\u00edn, kter\u00fd v\u00e1m pravideln\u011b p\u0159in\u00e1\u0161\u00ed rady a tipy, zaj\u00edmav\u00e9 \u010dl\u00e1nky, videa a jedine\u010dn\u00e9 report\u00e1\u017ee ze sv\u011bta cyklistiky.\",\"potentialAction\":[{\"@type\":\"SearchAction\",\"target\":{\"@type\":\"EntryPoint\",\"urlTemplate\":\"https:\/\/www.welovecycling.com\/cs\/?s={search_term_string}\"},\"query-input\":{\"@type\":\"PropertyValueSpecification\",\"valueRequired\":true,\"valueName\":\"search_term_string\"}}],\"inLanguage\":\"cs\"},{\"@type\":\"Person\",\"@id\":\"\",\"url\":\"https:\/\/www.welovecycling.com\/cs\/author\/\"}]}<\/script>\n<!-- \/ Yoast SEO Premium plugin. -->","yoast_head_json":{"title":"Vlakem na cyklov\u00fdlet \u2013 v\u0161e, co pot\u0159ebujete v\u011bd\u011bt | \u0160koda We Love Cycling - \u010cesk\u00e1 republika","robots":{"index":"index","follow":"follow","max-snippet":"max-snippet:-1","max-image-preview":"max-image-preview:large","max-video-preview":"max-video-preview:-1"},"canonical":"https:\/\/www.welovecycling.com\/cs\/2019\/05\/17\/vlakem-na-cyklovylet-vse-co-potrebujete-vedet\/","og_locale":"cs_CZ","og_type":"article","og_title":"Vlakem na cyklov\u00fdlet \u2013 v\u0161e, co pot\u0159ebujete v\u011bd\u011bt","og_description":"Bl\u00ed\u017e\u00ed se l\u00e9to a \u010das cyklov\u00fdlet\u016f. \u010cesk\u00e1 \u017eelezni\u010dn\u00ed s\u00ed\u0165 je jednou z nejhust\u0161\u00edch na sv\u011bt\u011b a p\u0159eprava kol je zde [&hellip;]","og_url":"https:\/\/www.welovecycling.com\/cs\/2019\/05\/17\/vlakem-na-cyklovylet-vse-co-potrebujete-vedet\/","og_site_name":"\u0160koda We Love Cycling - \u010cesk\u00e1 republika","article_published_time":"2019-05-17T08:50:34+00:00","og_image":[{"width":1600,"height":1200,"url":"https:\/\/d2p6e6u75xmxt8.cloudfront.net\/13\/2019\/02\/IMG_9090.JPG-1.webp","type":"image\/webp"}],"twitter_card":"summary_large_image","twitter_misc":{"Written by":"Ji\u0159\u00ed Kalo\u010d","Est. reading time":"8"},"schema":{"@context":"https:\/\/schema.org","@graph":[{"@type":"WebPage","@id":"https:\/\/www.welovecycling.com\/cs\/2019\/05\/17\/vlakem-na-cyklovylet-vse-co-potrebujete-vedet\/","url":"https:\/\/www.welovecycling.com\/cs\/2019\/05\/17\/vlakem-na-cyklovylet-vse-co-potrebujete-vedet\/","name":"Vlakem na cyklov\u00fdlet \u2013 v\u0161e, co pot\u0159ebujete v\u011bd\u011bt | \u0160koda We Love Cycling - \u010cesk\u00e1 republika","isPartOf":{"@id":"https:\/\/www.welovecycling.com\/cs\/#website"},"primaryImageOfPage":{"@id":"https:\/\/www.welovecycling.com\/cs\/2019\/05\/17\/vlakem-na-cyklovylet-vse-co-potrebujete-vedet\/#primaryimage"},"image":{"@id":"https:\/\/www.welovecycling.com\/cs\/2019\/05\/17\/vlakem-na-cyklovylet-vse-co-potrebujete-vedet\/#primaryimage"},"thumbnailUrl":"https:\/\/d2p6e6u75xmxt8.cloudfront.net\/13\/2019\/02\/IMG_9090.JPG-1.webp","datePublished":"2019-05-17T08:50:34+00:00","author":{"@id":""},"inLanguage":"cs","potentialAction":[{"@type":"ReadAction","target":["https:\/\/www.welovecycling.com\/cs\/2019\/05\/17\/vlakem-na-cyklovylet-vse-co-potrebujete-vedet\/"]}]},{"@type":"ImageObject","inLanguage":"cs","@id":"https:\/\/www.welovecycling.com\/cs\/2019\/05\/17\/vlakem-na-cyklovylet-vse-co-potrebujete-vedet\/#primaryimage","url":"https:\/\/d2p6e6u75xmxt8.cloudfront.net\/13\/2019\/02\/IMG_9090.JPG-1.webp","contentUrl":"https:\/\/d2p6e6u75xmxt8.cloudfront.net\/13\/2019\/02\/IMG_9090.JPG-1.webp","width":1600,"height":1200},{"@type":"WebSite","@id":"https:\/\/www.welovecycling.com\/cs\/#website","url":"https:\/\/www.welovecycling.com\/cs\/","name":"\u0160koda We Love Cycling - \u010cesk\u00e1 republika","description":"WeLoveCycling.cz je online magaz\u00edn, kter\u00fd v\u00e1m pravideln\u011b p\u0159in\u00e1\u0161\u00ed rady a tipy, zaj\u00edmav\u00e9 \u010dl\u00e1nky, videa a jedine\u010dn\u00e9 report\u00e1\u017ee ze sv\u011bta cyklistiky.","potentialAction":[{"@type":"SearchAction","target":{"@type":"EntryPoint","urlTemplate":"https:\/\/www.welovecycling.com\/cs\/?s={search_term_string}"},"query-input":{"@type":"PropertyValueSpecification","valueRequired":true,"valueName":"search_term_string"}}],"inLanguage":"cs"},{"@type":"Person","@id":"","url":"https:\/\/www.welovecycling.com\/cs\/author\/"}]}},"_links":{"self":[{"href":"https:\/\/www.welovecycling.com\/cs\/wp-json\/wp\/v2\/posts\/1867","targetHints":{"allow":["GET"]}}],"collection":[{"href":"https:\/\/www.welovecycling.com\/cs\/wp-json\/wp\/v2\/posts"}],"about":[{"href":"https:\/\/www.welovecycling.com\/cs\/wp-json\/wp\/v2\/types\/post"}],"author":[{"embeddable":true,"href":"https:\/\/www.welovecycling.com\/cs\/wp-json\/wp\/v2\/users\/95"}],"replies":[{"embeddable":true,"href":"https:\/\/www.welovecycling.com\/cs\/wp-json\/wp\/v2\/comments?post=1867"}],"version-history":[{"count":2,"href":"https:\/\/www.welovecycling.com\/cs\/wp-json\/wp\/v2\/posts\/1867\/revisions"}],"predecessor-version":[{"id":1874,"href":"https:\/\/www.welovecycling.com\/cs\/wp-json\/wp\/v2\/posts\/1867\/revisions\/1874"}],"wp:featuredmedia":[{"embeddable":true,"href":"https:\/\/www.welovecycling.com\/cs\/wp-json\/wp\/v2\/media\/401"}],"wp:attachment":[{"href":"https:\/\/www.welovecycling.com\/cs\/wp-json\/wp\/v2\/media?parent=1867"}],"wp:term":[{"taxonomy":"category","embeddable":true,"href":"https:\/\/www.welovecycling.com\/cs\/wp-json\/wp\/v2\/categories?post=1867"},{"taxonomy":"post_tag","embeddable":true,"href":"https:\/\/www.welovecycling.com\/cs\/wp-json\/wp\/v2\/tags?post=1867"},{"taxonomy":"global-categories","embeddable":true,"href":"https:\/\/www.welovecycling.com\/cs\/wp-json\/wp\/v2\/global-categories?post=1867"}],"curies":[{"name":"wp","href":"https:\/\/api.w.org\/{rel}","templated":true}]}}