{"id":1862,"date":"2019-05-16T16:52:23","date_gmt":"2019-05-16T15:52:23","guid":{"rendered":"https:\/\/www.welovecycling.com\/cs\/?p=1862"},"modified":"2019-05-17T08:05:28","modified_gmt":"2019-05-17T07:05:28","slug":"cyklisticky-klub-we-love-cycling-otevira-sve-brany-pro-poslednich-15-clenu","status":"publish","type":"post","link":"https:\/\/www.welovecycling.com\/cs\/2019\/05\/16\/cyklisticky-klub-we-love-cycling-otevira-sve-brany-pro-poslednich-15-clenu\/","title":{"rendered":"Cyklistick\u00fd klub We Love Cycling otev\u00edr\u00e1 sv\u00e9 br\u00e1ny pro posledn\u00edch 15 \u010dlen\u016f!"},"content":{"rendered":"<p><strong>We Love Cycling Club je cyklistick\u00fd klub pro v\u0161echny nad\u0161en\u00e9 amat\u00e9rsk\u00e9 cyklisty a z\u00e1vodn\u00ed hobby jezdce. Sv\u00fdm \u010dlen\u016fm poskytujeme na vybran\u00fdch z\u00e1vodech z\u00e1zem\u00ed srovnateln\u00e9 s\u00a0podm\u00ednkami elitn\u00edch jezdc\u016f.<\/strong><\/p>\n<p><!--more--><\/p>\n<p>Prvn\u00ed spole\u010dn\u00fd z\u00e1vod cyklistick\u00e9 st\u00e1je We Love Cycling Club prob\u011bhl p\u0159i z\u00e1vodu Mlad\u00e1 Boleslav Tour \u0160koda AUTO 2019 ze seri\u00e1lu Kolo pro \u017eivot. Pro t\u00e9m\u011b\u0159 v\u0161echny \u010dleny klubu se jednalo o prvn\u00ed start sez\u00f3ny, o\u010dek\u00e1v\u00e1n\u00ed proto nebyla velik\u00e1 a z\u00e1vodn\u00edci se se sv\u00fdmi ambicemi dr\u017eeli p\u0159i zemi.<\/p>\n<p><em>\u201eJedn\u00e1 se o m\u016fj prvn\u00ed leto\u0161n\u00ed z\u00e1vod, kolo m\u00e1m p\u016fj\u010den\u00e9 od sv\u00e9ho bratra. Z\u00e1vody m\u00e1m r\u00e1da, potk\u00e1m na nich \u0159adu koleg\u016f z\u00a0pr\u00e1ce a mus\u00edm p\u0159iznat, \u017ee je p\u0159\u00edjemn\u00e9 se setk\u00e1vat i mimo pracovn\u00ed prost\u0159ed\u00ed,\u201c<\/em> \u0159\u00edk\u00e1 \u0161estat\u0159icetilet\u00e1 Miroslava Machytkov\u00e1 z Vrchlab\u00ed, \u010dlenka We Love Cycling Clubu, kter\u00e1 se z\u00fa\u010dastnila z\u00e1vodu kategorie C, tedy krat\u0161\u00ed trasy, stejn\u011b jako jej\u00ed st\u00e1jov\u00e1 par\u0165a\u010dka Irena Jevick\u00e1 z\u00a0Olomouce. <em>\u201eD\u0159\u00edve jsem z\u00e1vody docela jezdila, ale u\u017e je to p\u00e1r let od posledn\u00edho startu,\u201c<\/em> prozrazuje Irena. Podobn\u011b jako ostatn\u00ed \u010dlenov\u00e9 t\u00fdmu si p\u0159ijela do Mlad\u00e9 Boleslavi z\u00e1vod p\u0159edev\u0161\u00edm u\u017e\u00edt a absolvovat jej bez defektu.<\/p>\n<h2><strong>Premi\u00e9ra v\u00a0Mlad\u00e9 Boleslavi<\/strong><\/h2>\n<p>Dv\u011b d\u00e1my na kole doplnilo na trase sedm mu\u017e\u016f, st\u00e1j We Love Cycling Club tak do z\u00e1vodu vyslala dohromady dev\u011bt jezdc\u016f. Sedm z\u00a0nich absolvovalo krat\u0161\u00ed trasu C, m\u011b\u0159ila 31 kilometr\u016f, dva trasu B m\u011b\u0159\u00edc\u00ed 54 kilometr\u016f. Prudk\u00fd lij\u00e1k vytrvale sm\u00e1\u010del cel\u00e9 startovn\u00ed pole. Nejlep\u0161\u00ed v\u00fdsledek st\u00e1je We Love Cycling pat\u0159\u00ed kadetu Maty\u00e1\u0161i Voto\u010dkovi, kter\u00fd porazil v\u0161echny dosp\u011bl\u00e9 t\u00fdmov\u00e9 kolegy a dojel si v\u00a0kategorii C pro 12. m\u00edsto.<\/p>\n<figure id=\"attachment_1860\" aria-describedby=\"caption-attachment-1860\" style=\"width: 1000px\" class=\"wp-caption alignnone\"><a href=\"https:\/\/d2p6e6u75xmxt8.cloudfront.net\/13\/2019\/05\/DSC_6501.JPG.jpg\"><img loading=\"lazy\" decoding=\"async\" class=\"size-full wp-image-1860\" src=\"https:\/\/d2p6e6u75xmxt8.cloudfront.net\/13\/2019\/05\/DSC_6501.JPG.jpg\" alt=\"\" width=\"1000\" height=\"667\" \/><\/a><figcaption id=\"caption-attachment-1860\" class=\"wp-caption-text\">Sedm jezdc\u016f We Love Cycling Club absolvovalo v Mlad\u00e9 Boleslavi krat\u0161\u00ed trasu C, dva pak del\u0161\u00ed trasu B.<\/figcaption><\/figure>\n<p><em>\u201e<\/em><em>Z\u00e1vod v\u00a0Mlad\u00e9 Boleslavi jsem jel v\u016fbec poprv\u00e9 a mus\u00edm \u0159\u00edci, \u017ee i p\u0159es t\u011b\u017e\u0161\u00ed podm\u00ednky, kter\u00e9 zap\u0159\u00ed\u010dinilo po\u010das\u00ed, se mi z\u00e1vod l\u00edbil. Jelo se svi\u017en\u011b a \u010dlov\u011bk m\u011bl o\u010di na \u0161\u0165opk\u00e1ch, aby mu to n\u011bkde ve sjezdu neust\u0159elilo,\u201c <\/em>zhodnotil sobotn\u00ed vystoupen\u00ed Luk\u00e1\u0161 Friedrich, kter\u00fd startoval na trase C.<\/p>\n<h2><strong>Klub pro nad\u0161ence i amat\u00e9ry<\/strong><\/h2>\n<p>Luk\u00e1\u0161 je z\u00e1rove\u0148 zakladatelem We Love Cycling Clubu, kter\u00fd charakterizuje jako cyklistick\u00fd klub pro v\u0161echny nad\u0161en\u00e9 amat\u00e9rsk\u00e9 cyklisty a z\u00e1vodn\u00ed hobby jezdce. <em>\u201eSv\u00fdm \u010dlen\u016fm poskytujeme na vybran\u00fdch z\u00e1vodech z\u00e1zem\u00ed srovnateln\u00e9 s\u00a0podm\u00ednkami elitn\u00edch jezdc\u016f,\u201c<\/em> p\u0159edstavuje v\u00fdhody pro \u010dleny klubu Luk\u00e1\u0161 a dod\u00e1v\u00e1, \u017ee z\u00e1vodn\u00edci ze st\u00e1je We Love Cycling Club se na osmi vybran\u00fdch z\u00e1vodech leto\u0161n\u00ed sez\u00f3ny seri\u00e1lu Kolo pro \u017eivot a Nova Cup nemus\u00ed t\u00e9m\u011b\u0159 o nic starat. <em>\u201eZ\u00e1m\u011brn\u011b pou\u017e\u00edv\u00e1me slovo t\u00e9m\u011b\u0159, nebo\u0165 o sv\u00e9 zdrav\u00ed a kondici se samoz\u0159ejm\u011b starat mus\u00ed, ale t\u00edm z\u00e1vodn\u00ed starost kon\u010d\u00ed,\u201c <\/em>upozor\u0148uje dev\u011btat\u0159icetilet\u00fd Luk\u00e1\u0161, kter\u00fd rovn\u011b\u017e pat\u0159\u00ed mezi jezdce klubu<em>.<\/em><\/p>\n<figure id=\"attachment_1861\" aria-describedby=\"caption-attachment-1861\" style=\"width: 667px\" class=\"wp-caption alignnone\"><a href=\"https:\/\/d2p6e6u75xmxt8.cloudfront.net\/13\/2019\/05\/DSC_6366.JPG.jpg\"><img loading=\"lazy\" decoding=\"async\" class=\"wp-image-1861 size-full\" src=\"https:\/\/d2p6e6u75xmxt8.cloudfront.net\/13\/2019\/05\/DSC_6366.JPG.jpg\" alt=\"\" width=\"667\" height=\"1000\" \/><\/a><figcaption id=\"caption-attachment-1861\" class=\"wp-caption-text\">\u010clenov\u00e9 WLC Clubu maj\u00ed garantovan\u00fd servis na osmi vybran\u00fdch z\u00e1vodech seri\u00e1lu Kolo pro \u017eivot a Nova Cup.<\/figcaption><\/figure>\n<p>\u010clenov\u00e9 maj\u00ed zaji\u0161t\u011bny mnoh\u00e9 v\u00fdhody na z\u00e1vodech: parkov\u00e1n\u00ed na vyhrazen\u00fdch m\u00edstech, p\u0159\u00edstup do t\u00fdmov\u00e9ho z\u00e1zem\u00ed, kde u\u017e na n\u011b \u010dekaj\u00ed startovn\u00ed \u010d\u00edsla, dopl\u0148ky stravy, energy p\u0159\u00edpravky a pitn\u00fd re\u017eim partnersk\u00e9 firmy Penco, sportovn\u00ed kosmetika zna\u010dky BINA sport products, d\u00e1le maj\u00ed k\u00a0dispozici servisn\u00ed z\u00e1zem\u00ed s\u00a0technikem pro sv\u00e1 kola, profesion\u00e1ln\u00ed catering, \u0161atnu, kde se mohou v klidu a suchu p\u0159evl\u00e9knout, relax z\u00f3nu a mas\u00e9ra.<\/p>\n<h2><strong>\u010clenstv\u00ed v klubu<\/strong><\/h2>\n<p>\u010clenstv\u00ed v We Love Cycling Clubu je zpoplatn\u011bno, \u010d\u00e1stka je ale oproti konkuren\u010dn\u00edm nab\u00eddk\u00e1m tak\u0159ka polovi\u010dn\u00ed, a to zejm\u00e9na d\u00edky partner\u016fm klubu. V\u00a0porovn\u00e1n\u00ed se servisem, z\u00e1zem\u00edm a podm\u00ednkami v\u0161ak WLC pat\u0159\u00ed mezi jednozna\u010dn\u011b nejp\u0159\u00edzniv\u011bj\u0161\u00ed cyklistick\u00e9 st\u00e1je. V\u00a0cen\u011b 6 900 K\u010d v\u010d. DPH za \u010dlenstv\u00ed na sezonu 2019 je zahrnuto: startovn\u00e9 na 8 vybran\u00fdch z\u00e1vod\u016f, viz n\u00ed\u017ee, z\u00e1vodn\u00ed oble\u010den\u00ed (dres s\u00a0kr\u00e1tk\u00fdm ruk\u00e1vem a kra\u0165asy s\u00a0laclem v\u00fdrobce S\u00fdkora Sportswear) a volno\u010dasov\u00e9 oble\u010den\u00ed We Love Cycling (triko, mikina, \u010depice, cyklopono\u017eky), d\u00e1le p\u0159\u00edstup do z\u00e1zem\u00ed klubu na z\u00e1vodech a v\u00a0neposledn\u00ed \u0159ad\u011b v\u00fdrazn\u00e9 slevy na produkty a slu\u017eby partner\u016f klubu: Velocentrum Volesk\u00fd Specialized Concept Store, Penco, Polar, Bina sport products, POC, Lezyne.<\/p>\n<figure id=\"attachment_1859\" aria-describedby=\"caption-attachment-1859\" style=\"width: 1000px\" class=\"wp-caption alignnone\"><a href=\"https:\/\/d2p6e6u75xmxt8.cloudfront.net\/13\/2019\/05\/DSC_6420.JPG.jpg\"><img loading=\"lazy\" decoding=\"async\" class=\"size-full wp-image-1859\" src=\"https:\/\/d2p6e6u75xmxt8.cloudfront.net\/13\/2019\/05\/DSC_6420.JPG.jpg\" alt=\"\" width=\"1000\" height=\"667\" \/><\/a><figcaption id=\"caption-attachment-1859\" class=\"wp-caption-text\">V\u00a0porovn\u00e1n\u00ed se servisem, z\u00e1zem\u00edm a podm\u00ednkami v\u0161ak WLC pat\u0159\u00ed mezi jednozna\u010dn\u011b nejp\u0159\u00edzniv\u011bj\u0161\u00ed cyklistick\u00e9 st\u00e1je.<\/figcaption><\/figure>\n<p>O atraktivit\u011b klubu sv\u011bd\u010d\u00ed i fakt, \u017ee je otev\u0159en pro 30 \u010dlen\u016f. Polovina \u010dlensk\u00fdch m\u00edst byla velmi brzy obsazena, zb\u00fdv\u00e1 tedy posledn\u00edch 15 m\u00edst. Nese\u010fte doma v\u00a0kout\u011b, sedn\u011bte na kolo s\u00a0profesion\u00e1ln\u00edm z\u00e1zem\u00edm v\u00a0z\u00e1dech. V\u00edce informac\u00ed o podm\u00ednk\u00e1ch, mo\u017enostech a v\u00fdhod\u00e1ch naleznete <a href=\"https:\/\/club.welovecycling.com\/cs\/\">zde.<\/a><\/p>\n","protected":false},"excerpt":{"rendered":"<p>We Love Cycling Club je cyklistick\u00fd klub pro v\u0161echny nad\u0161en\u00e9 amat\u00e9rsk\u00e9 cyklisty a z\u00e1vodn\u00ed hobby jezdce. Sv\u00fdm \u010dlen\u016fm poskytujeme na [&hellip;]<\/p>\n","protected":false},"author":95,"featured_media":1858,"comment_status":"open","ping_status":"open","sticky":false,"template":"","format":"standard","meta":{"footnotes":""},"categories":[11,10],"tags":[131],"global-categories":[],"class_list":["post-1862","post","type-post","status-publish","format-standard","has-post-thumbnail","hentry","category-horska-cyklistika","category-silnicni-cyklistika","tag-we-love-cycling-club"],"yoast_head":"<!-- This site is optimized with the Yoast SEO Premium plugin v25.3 (Yoast SEO v25.9) - https:\/\/yoast.com\/wordpress\/plugins\/seo\/ -->\n<title>Cyklistick\u00fd klub We Love Cycling otev\u00edr\u00e1 sv\u00e9 br\u00e1ny pro posledn\u00edch 15 \u010dlen\u016f! | \u0160koda We Love Cycling - \u010cesk\u00e1 republika<\/title>\n<meta name=\"robots\" content=\"index, follow, max-snippet:-1, max-image-preview:large, max-video-preview:-1\" \/>\n<link rel=\"canonical\" href=\"https:\/\/www.welovecycling.com\/cs\/2019\/05\/16\/cyklisticky-klub-we-love-cycling-otevira-sve-brany-pro-poslednich-15-clenu\/\" \/>\n<meta property=\"og:locale\" content=\"cs_CZ\" \/>\n<meta property=\"og:type\" content=\"article\" \/>\n<meta property=\"og:title\" content=\"Cyklistick\u00fd klub We Love Cycling otev\u00edr\u00e1 sv\u00e9 br\u00e1ny pro posledn\u00edch 15 \u010dlen\u016f!\" \/>\n<meta property=\"og:description\" content=\"We Love Cycling Club je cyklistick\u00fd klub pro v\u0161echny nad\u0161en\u00e9 amat\u00e9rsk\u00e9 cyklisty a z\u00e1vodn\u00ed hobby jezdce. Sv\u00fdm \u010dlen\u016fm poskytujeme na [&hellip;]\" \/>\n<meta property=\"og:url\" content=\"https:\/\/www.welovecycling.com\/cs\/2019\/05\/16\/cyklisticky-klub-we-love-cycling-otevira-sve-brany-pro-poslednich-15-clenu\/\" \/>\n<meta property=\"og:site_name\" content=\"\u0160koda We Love Cycling - \u010cesk\u00e1 republika\" \/>\n<meta property=\"article:published_time\" content=\"2019-05-16T15:52:23+00:00\" \/>\n<meta property=\"article:modified_time\" content=\"2019-05-17T07:05:28+00:00\" \/>\n<meta property=\"og:image\" content=\"https:\/\/d2p6e6u75xmxt8.cloudfront.net\/13\/2019\/05\/DSC_6412.JPG.webp\" \/>\n\t<meta property=\"og:image:width\" content=\"1000\" \/>\n\t<meta property=\"og:image:height\" content=\"667\" \/>\n\t<meta property=\"og:image:type\" content=\"image\/webp\" \/>\n<meta name=\"twitter:card\" content=\"summary_large_image\" \/>\n<meta name=\"twitter:label1\" content=\"Written by\" \/>\n\t<meta name=\"twitter:data1\" content=\"V\u00e1clav \u0160\u0148up\u00e1rek\" \/>\n\t<meta name=\"twitter:label2\" content=\"Est. reading time\" \/>\n\t<meta name=\"twitter:data2\" content=\"6\" \/>\n<script type=\"application\/ld+json\" class=\"yoast-schema-graph\">{\"@context\":\"https:\/\/schema.org\",\"@graph\":[{\"@type\":\"WebPage\",\"@id\":\"https:\/\/www.welovecycling.com\/cs\/2019\/05\/16\/cyklisticky-klub-we-love-cycling-otevira-sve-brany-pro-poslednich-15-clenu\/\",\"url\":\"https:\/\/www.welovecycling.com\/cs\/2019\/05\/16\/cyklisticky-klub-we-love-cycling-otevira-sve-brany-pro-poslednich-15-clenu\/\",\"name\":\"Cyklistick\u00fd klub We Love Cycling otev\u00edr\u00e1 sv\u00e9 br\u00e1ny pro posledn\u00edch 15 \u010dlen\u016f! | \u0160koda We Love Cycling - \u010cesk\u00e1 republika\",\"isPartOf\":{\"@id\":\"https:\/\/www.welovecycling.com\/cs\/#website\"},\"primaryImageOfPage\":{\"@id\":\"https:\/\/www.welovecycling.com\/cs\/2019\/05\/16\/cyklisticky-klub-we-love-cycling-otevira-sve-brany-pro-poslednich-15-clenu\/#primaryimage\"},\"image\":{\"@id\":\"https:\/\/www.welovecycling.com\/cs\/2019\/05\/16\/cyklisticky-klub-we-love-cycling-otevira-sve-brany-pro-poslednich-15-clenu\/#primaryimage\"},\"thumbnailUrl\":\"https:\/\/d2p6e6u75xmxt8.cloudfront.net\/13\/2019\/05\/DSC_6412.JPG.webp\",\"datePublished\":\"2019-05-16T15:52:23+00:00\",\"dateModified\":\"2019-05-17T07:05:28+00:00\",\"author\":{\"@id\":\"\"},\"inLanguage\":\"cs\",\"potentialAction\":[{\"@type\":\"ReadAction\",\"target\":[\"https:\/\/www.welovecycling.com\/cs\/2019\/05\/16\/cyklisticky-klub-we-love-cycling-otevira-sve-brany-pro-poslednich-15-clenu\/\"]}]},{\"@type\":\"ImageObject\",\"inLanguage\":\"cs\",\"@id\":\"https:\/\/www.welovecycling.com\/cs\/2019\/05\/16\/cyklisticky-klub-we-love-cycling-otevira-sve-brany-pro-poslednich-15-clenu\/#primaryimage\",\"url\":\"https:\/\/d2p6e6u75xmxt8.cloudfront.net\/13\/2019\/05\/DSC_6412.JPG.webp\",\"contentUrl\":\"https:\/\/d2p6e6u75xmxt8.cloudfront.net\/13\/2019\/05\/DSC_6412.JPG.webp\",\"width\":1000,\"height\":667},{\"@type\":\"WebSite\",\"@id\":\"https:\/\/www.welovecycling.com\/cs\/#website\",\"url\":\"https:\/\/www.welovecycling.com\/cs\/\",\"name\":\"\u0160koda We Love Cycling - \u010cesk\u00e1 republika\",\"description\":\"WeLoveCycling.cz je online magaz\u00edn, kter\u00fd v\u00e1m pravideln\u011b p\u0159in\u00e1\u0161\u00ed rady a tipy, zaj\u00edmav\u00e9 \u010dl\u00e1nky, videa a jedine\u010dn\u00e9 report\u00e1\u017ee ze sv\u011bta cyklistiky.\",\"potentialAction\":[{\"@type\":\"SearchAction\",\"target\":{\"@type\":\"EntryPoint\",\"urlTemplate\":\"https:\/\/www.welovecycling.com\/cs\/?s={search_term_string}\"},\"query-input\":{\"@type\":\"PropertyValueSpecification\",\"valueRequired\":true,\"valueName\":\"search_term_string\"}}],\"inLanguage\":\"cs\"},{\"@type\":\"Person\",\"@id\":\"\",\"url\":\"https:\/\/www.welovecycling.com\/cs\/author\/\"}]}<\/script>\n<!-- \/ Yoast SEO Premium plugin. -->","yoast_head_json":{"title":"Cyklistick\u00fd klub We Love Cycling otev\u00edr\u00e1 sv\u00e9 br\u00e1ny pro posledn\u00edch 15 \u010dlen\u016f! | \u0160koda We Love Cycling - \u010cesk\u00e1 republika","robots":{"index":"index","follow":"follow","max-snippet":"max-snippet:-1","max-image-preview":"max-image-preview:large","max-video-preview":"max-video-preview:-1"},"canonical":"https:\/\/www.welovecycling.com\/cs\/2019\/05\/16\/cyklisticky-klub-we-love-cycling-otevira-sve-brany-pro-poslednich-15-clenu\/","og_locale":"cs_CZ","og_type":"article","og_title":"Cyklistick\u00fd klub We Love Cycling otev\u00edr\u00e1 sv\u00e9 br\u00e1ny pro posledn\u00edch 15 \u010dlen\u016f!","og_description":"We Love Cycling Club je cyklistick\u00fd klub pro v\u0161echny nad\u0161en\u00e9 amat\u00e9rsk\u00e9 cyklisty a z\u00e1vodn\u00ed hobby jezdce. Sv\u00fdm \u010dlen\u016fm poskytujeme na [&hellip;]","og_url":"https:\/\/www.welovecycling.com\/cs\/2019\/05\/16\/cyklisticky-klub-we-love-cycling-otevira-sve-brany-pro-poslednich-15-clenu\/","og_site_name":"\u0160koda We Love Cycling - \u010cesk\u00e1 republika","article_published_time":"2019-05-16T15:52:23+00:00","article_modified_time":"2019-05-17T07:05:28+00:00","og_image":[{"width":1000,"height":667,"url":"https:\/\/d2p6e6u75xmxt8.cloudfront.net\/13\/2019\/05\/DSC_6412.JPG.webp","type":"image\/webp"}],"twitter_card":"summary_large_image","twitter_misc":{"Written by":"V\u00e1clav \u0160\u0148up\u00e1rek","Est. reading time":"6"},"schema":{"@context":"https:\/\/schema.org","@graph":[{"@type":"WebPage","@id":"https:\/\/www.welovecycling.com\/cs\/2019\/05\/16\/cyklisticky-klub-we-love-cycling-otevira-sve-brany-pro-poslednich-15-clenu\/","url":"https:\/\/www.welovecycling.com\/cs\/2019\/05\/16\/cyklisticky-klub-we-love-cycling-otevira-sve-brany-pro-poslednich-15-clenu\/","name":"Cyklistick\u00fd klub We Love Cycling otev\u00edr\u00e1 sv\u00e9 br\u00e1ny pro posledn\u00edch 15 \u010dlen\u016f! | \u0160koda We Love Cycling - \u010cesk\u00e1 republika","isPartOf":{"@id":"https:\/\/www.welovecycling.com\/cs\/#website"},"primaryImageOfPage":{"@id":"https:\/\/www.welovecycling.com\/cs\/2019\/05\/16\/cyklisticky-klub-we-love-cycling-otevira-sve-brany-pro-poslednich-15-clenu\/#primaryimage"},"image":{"@id":"https:\/\/www.welovecycling.com\/cs\/2019\/05\/16\/cyklisticky-klub-we-love-cycling-otevira-sve-brany-pro-poslednich-15-clenu\/#primaryimage"},"thumbnailUrl":"https:\/\/d2p6e6u75xmxt8.cloudfront.net\/13\/2019\/05\/DSC_6412.JPG.webp","datePublished":"2019-05-16T15:52:23+00:00","dateModified":"2019-05-17T07:05:28+00:00","author":{"@id":""},"inLanguage":"cs","potentialAction":[{"@type":"ReadAction","target":["https:\/\/www.welovecycling.com\/cs\/2019\/05\/16\/cyklisticky-klub-we-love-cycling-otevira-sve-brany-pro-poslednich-15-clenu\/"]}]},{"@type":"ImageObject","inLanguage":"cs","@id":"https:\/\/www.welovecycling.com\/cs\/2019\/05\/16\/cyklisticky-klub-we-love-cycling-otevira-sve-brany-pro-poslednich-15-clenu\/#primaryimage","url":"https:\/\/d2p6e6u75xmxt8.cloudfront.net\/13\/2019\/05\/DSC_6412.JPG.webp","contentUrl":"https:\/\/d2p6e6u75xmxt8.cloudfront.net\/13\/2019\/05\/DSC_6412.JPG.webp","width":1000,"height":667},{"@type":"WebSite","@id":"https:\/\/www.welovecycling.com\/cs\/#website","url":"https:\/\/www.welovecycling.com\/cs\/","name":"\u0160koda We Love Cycling - \u010cesk\u00e1 republika","description":"WeLoveCycling.cz je online magaz\u00edn, kter\u00fd v\u00e1m pravideln\u011b p\u0159in\u00e1\u0161\u00ed rady a tipy, zaj\u00edmav\u00e9 \u010dl\u00e1nky, videa a jedine\u010dn\u00e9 report\u00e1\u017ee ze sv\u011bta cyklistiky.","potentialAction":[{"@type":"SearchAction","target":{"@type":"EntryPoint","urlTemplate":"https:\/\/www.welovecycling.com\/cs\/?s={search_term_string}"},"query-input":{"@type":"PropertyValueSpecification","valueRequired":true,"valueName":"search_term_string"}}],"inLanguage":"cs"},{"@type":"Person","@id":"","url":"https:\/\/www.welovecycling.com\/cs\/author\/"}]}},"_links":{"self":[{"href":"https:\/\/www.welovecycling.com\/cs\/wp-json\/wp\/v2\/posts\/1862","targetHints":{"allow":["GET"]}}],"collection":[{"href":"https:\/\/www.welovecycling.com\/cs\/wp-json\/wp\/v2\/posts"}],"about":[{"href":"https:\/\/www.welovecycling.com\/cs\/wp-json\/wp\/v2\/types\/post"}],"author":[{"embeddable":true,"href":"https:\/\/www.welovecycling.com\/cs\/wp-json\/wp\/v2\/users\/95"}],"replies":[{"embeddable":true,"href":"https:\/\/www.welovecycling.com\/cs\/wp-json\/wp\/v2\/comments?post=1862"}],"version-history":[{"count":2,"href":"https:\/\/www.welovecycling.com\/cs\/wp-json\/wp\/v2\/posts\/1862\/revisions"}],"predecessor-version":[{"id":1866,"href":"https:\/\/www.welovecycling.com\/cs\/wp-json\/wp\/v2\/posts\/1862\/revisions\/1866"}],"wp:featuredmedia":[{"embeddable":true,"href":"https:\/\/www.welovecycling.com\/cs\/wp-json\/wp\/v2\/media\/1858"}],"wp:attachment":[{"href":"https:\/\/www.welovecycling.com\/cs\/wp-json\/wp\/v2\/media?parent=1862"}],"wp:term":[{"taxonomy":"category","embeddable":true,"href":"https:\/\/www.welovecycling.com\/cs\/wp-json\/wp\/v2\/categories?post=1862"},{"taxonomy":"post_tag","embeddable":true,"href":"https:\/\/www.welovecycling.com\/cs\/wp-json\/wp\/v2\/tags?post=1862"},{"taxonomy":"global-categories","embeddable":true,"href":"https:\/\/www.welovecycling.com\/cs\/wp-json\/wp\/v2\/global-categories?post=1862"}],"curies":[{"name":"wp","href":"https:\/\/api.w.org\/{rel}","templated":true}]}}