{"id":18572,"date":"2022-08-30T22:15:31","date_gmt":"2022-08-30T20:15:31","guid":{"rendered":"https:\/\/www.welovecycling.com\/cs\/?p=18572"},"modified":"2022-08-30T22:41:49","modified_gmt":"2022-08-30T20:41:49","slug":"fotoreportaz-silici-dav-kroceny-policii-pomlaceny-sagan-a-novinka-od-sramu","status":"publish","type":"post","link":"https:\/\/www.welovecycling.com\/cs\/2022\/08\/30\/fotoreportaz-silici-dav-kroceny-policii-pomlaceny-sagan-a-novinka-od-sramu\/","title":{"rendered":"Fotoreport\u00e1\u017e: \u0161\u00edl\u00edc\u00ed dav krocen\u00fd polici\u00ed, poml\u00e1cen\u00fd Sagan a novinka od Sramu"},"content":{"rendered":"<p><strong>Karneval na oslavu horsk\u00e9 cyklistiky vid\u011blo francouzsk\u00e9 Les Gets, kter\u00e9 hostilo mistrovstv\u00ed sv\u011bta 2022. Dom\u00e1c\u00ed fanou\u0161ci \u0161\u00edleli p\u0159i sjezdu, kde kompletn\u00ed stupn\u011b v\u00edt\u011bz\u016f obsadili dom\u00e1c\u00ed z\u00e1vodn\u00edci. A pak p\u0159i z\u00e1vod\u011b cross country \u017een, kde duhov\u00fd trikot uzmula blon\u010fat\u00e1 hv\u011bzda Pauline Ferrand-Prevot.<\/strong><\/p>\n<p>Ovace si u\u017eili i dal\u0161\u00ed. Veter\u00e1n Nino Schurter, kter\u00fd vyd\u0159el jubilejn\u00ed des\u00e1t\u00fd duhov\u00fd trikot pro sv\u011btov\u00e9ho \u0161ampiona. Rovn\u011b\u017e t\u0159eba \u010de\u0161t\u00ed reprezentanti Jan S\u00e1ska a Ond\u0159ej Cink, \u010di slovensk\u00fd fenom\u00e9n Peter Sagan. Jak bitvy o zlat\u00e9 medaile vypadaly fotoobjektivem?<\/p>\n<p><a href=\"https:\/\/d2p6e6u75xmxt8.cloudfront.net\/13\/2022\/08\/DHI.jpg\"><img loading=\"lazy\" decoding=\"async\" class=\"alignnone size-extra-large wp-image-18574\" src=\"https:\/\/d2p6e6u75xmxt8.cloudfront.net\/13\/2022\/08\/DHI-1920x1280.jpg\" alt=\"\" width=\"1920\" height=\"1280\" \/><\/a><\/p>\n<p>\u0160edes\u00e1t tis\u00edc fanou\u0161k\u016f propuklo v neuv\u011b\u0159itelnou v\u0159avu pot\u00e9, co francouz\u0161t\u00ed sjezda\u0159i obsadili kompletn\u011b podium.\u00a0Loic Bruni, Amaury Pierron a Loris Vergier byli r\u00e1zem uprost\u0159ed obrovsk\u00e9ho davu a chr\u00e1nit je museli policist\u00e9. Takovou atmosf\u00e9ru z\u00e1vody horsk\u00fdch kol je\u0161t\u011b neza\u017eily!<\/p>\n<p><a href=\"https:\/\/d2p6e6u75xmxt8.cloudfront.net\/13\/2022\/08\/holl.jpg\"><img loading=\"lazy\" decoding=\"async\" class=\"alignnone size-extra-large wp-image-18577\" src=\"https:\/\/d2p6e6u75xmxt8.cloudfront.net\/13\/2022\/08\/holl-1920x1281.jpg\" alt=\"\" width=\"1920\" height=\"1281\" \/><\/a><\/p>\n<p>Mezi \u017eenami se zlat\u00e9 medaile kone\u010dn\u011b do\u010dkala rakousk\u00e1 sjezda\u0159ka Valentina Holl.<\/p>\n<h2><strong>Nino Schurter: des\u00e1t\u00fd titul pro veter\u00e1na<\/strong><\/h2>\n<p><a href=\"https:\/\/d2p6e6u75xmxt8.cloudfront.net\/13\/2022\/08\/schurter.jpg\"><img loading=\"lazy\" decoding=\"async\" class=\"alignnone size-extra-large wp-image-18581\" src=\"https:\/\/d2p6e6u75xmxt8.cloudfront.net\/13\/2022\/08\/schurter-1920x1280.jpg\" alt=\"\" width=\"1920\" height=\"1280\" \/><\/a><\/p>\n<p>Neuv\u011b\u0159iteln\u00fd des\u00e1t\u00fd titul mistra sv\u011bta v je\u0161t\u011b neuv\u011b\u0159iteln\u011bj\u0161\u00edm v\u011bku 36 let vybojoval \u0161v\u00fdcarsk\u00fd bikov\u00fd fenom\u00e9n Nino Schurter. Vyu\u017eil v\u0161ech zku\u0161enost\u00ed, brilantn\u00ed techniky i skv\u011bl\u00e9 taktiky a postupn\u011b odp\u00e1ral jednoho z\u00e1vodn\u00edka za druh\u00fdm. V posledn\u00edm kole pak vr\u00e1til por\u00e1\u017eku z olympijsk\u00e9ho Tokia i \u0161pan\u011blsk\u00e9mu dlouh\u00e1novi Davidu Valero Serranovi. A \u017ee ani des\u00e1t\u00fd duhov\u00fd dres nezev\u0161edn\u00ed prozrazovaly Ninovi lesknouc\u00ed se o\u010di na stupn\u00edch v\u00edt\u011bz\u016f.<\/p>\n<p><a href=\"https:\/\/d2p6e6u75xmxt8.cloudfront.net\/13\/2022\/08\/sram.jpg\"><img loading=\"lazy\" decoding=\"async\" class=\"alignnone size-extra-large wp-image-18583\" src=\"https:\/\/d2p6e6u75xmxt8.cloudfront.net\/13\/2022\/08\/sram-1920x1281.jpg\" alt=\"\" width=\"1920\" height=\"1281\" \/><\/a><\/p>\n<p>Na mistrovstv\u00ed sv\u011bta v\u017edy vyplave nen\u00e1padn\u011b na povrch i p\u00e1r technick\u00fdch novinek. Tou nej\u017ehav\u011bj\u0161\u00ed letos byla bezesporu nov\u00e1 \u0159ad\u00edc\u00ed sada od americk\u00e9ho Sramu. Jde o novou verzi bezdr\u00e1tov\u00e9ho elektrick\u00e9ho Eaglu AXS s jednop\u0159evodn\u00edkem a dvan\u00e1cti pastorky. Informace zat\u00edm Sram taj\u00ed, ale nov\u00e1 je hlavn\u011b kazeta, p\u0159ipevn\u011bn\u00ed p\u0159ehazova\u010dky p\u0159\u00edmo na zadn\u00ed osu, kdy odpad\u00e1 pou\u017eit\u00ed patky. A tak\u00e9 nov\u00fd \u0159et\u011bz s hladkou horn\u00ed stranou zn\u00e1m\u00fd ze silnice a kladky, kter\u00e9 se dok\u00e1\u017e\u00ed to\u010dit i kdy\u017e skrz n\u011b str\u010d\u00edte klacek.<\/p>\n<p><a href=\"https:\/\/d2p6e6u75xmxt8.cloudfront.net\/13\/2022\/08\/specialized.jpg\"><img loading=\"lazy\" decoding=\"async\" class=\"alignnone size-extra-large wp-image-18582\" src=\"https:\/\/d2p6e6u75xmxt8.cloudfront.net\/13\/2022\/08\/specialized-1920x1281.jpg\" alt=\"\" width=\"1920\" height=\"1281\" \/><\/a><\/p>\n<p>To u Specialized nov\u00fd sjezdov\u00fd speci\u00e1l Kana\u010fana Finna Ilese p\u0159\u00edli\u0161 ukazovat necht\u011bli\u2026<\/p>\n<p><a href=\"https:\/\/d2p6e6u75xmxt8.cloudfront.net\/13\/2022\/08\/Prevot1.jpg\"><img loading=\"lazy\" decoding=\"async\" class=\"alignnone size-extra-large wp-image-18579\" src=\"https:\/\/d2p6e6u75xmxt8.cloudfront.net\/13\/2022\/08\/Prevot1-1536x1920.jpg\" alt=\"\" width=\"1536\" height=\"1920\" \/><\/a><br \/>\n\u017densk\u00e9 cross-country ovl\u00e1dla dom\u00e1c\u00ed Pauline Ferrand-Prevot a to zcela suver\u00e9nn\u00edm zp\u016fsobem.<\/p>\n<p><a href=\"https:\/\/d2p6e6u75xmxt8.cloudfront.net\/13\/2022\/08\/prevot2.jpg\"><img loading=\"lazy\" decoding=\"async\" class=\"alignnone size-extra-large wp-image-18580\" src=\"https:\/\/d2p6e6u75xmxt8.cloudfront.net\/13\/2022\/08\/prevot2-1920x1280.jpg\" alt=\"\" width=\"1920\" height=\"1280\" \/><\/a><\/p>\n<p>Ke \u010dtvrt\u00e9mu titulu j\u00ed pomohly i desetitis\u00edce fanou\u0161k\u016f, kte\u0159\u00ed ji hnali cel\u00fd z\u00e1vod vp\u0159ed.<\/p>\n<p><a href=\"https:\/\/d2p6e6u75xmxt8.cloudfront.net\/13\/2022\/08\/cink.jpg\"><img loading=\"lazy\" decoding=\"async\" class=\"alignnone size-extra-large wp-image-18597\" src=\"https:\/\/d2p6e6u75xmxt8.cloudfront.net\/13\/2022\/08\/cink-1920x1281.jpg\" alt=\"\" width=\"1920\" height=\"1281\" \/><\/a><\/p>\n<p>Ond\u0159ej Cink, \u010desk\u00fd reprezentant a influencer We Love Cycling, se po nepoveden\u00e9 sezon\u011b dok\u00e1zal dostat zp\u011bt do elitn\u00ed des\u00edtky.<\/p>\n<h2><strong>Tom Pidcock: sen o t\u0159ech duhov\u00fdch trikotech v trosk\u00e1ch<\/strong><\/h2>\n<p><a href=\"https:\/\/d2p6e6u75xmxt8.cloudfront.net\/13\/2022\/08\/pidcock.jpg\"><img loading=\"lazy\" decoding=\"async\" class=\"alignnone size-extra-large wp-image-18578\" src=\"https:\/\/d2p6e6u75xmxt8.cloudfront.net\/13\/2022\/08\/pidcock-1920x1280.jpg\" alt=\"\" width=\"1920\" height=\"1280\" \/><\/a><\/p>\n<p>Byl nejv\u011bt\u0161\u00edm favoritem, z\u016fst\u00e1val v \u00fastran\u00ed a poctiv\u011b se p\u0159ipravoval, by\u0165 v t\u00fddnu absolvoval i tr\u00e9ninky, kter\u00e9 sp\u00ed\u0161e odpov\u00eddaj\u00ed fin\u00e1ln\u00ed p\u0159\u00edprav\u011b na sv\u011btov\u00fd \u0161ampion\u00e1t na silnici. Tom Pidcock se dok\u00e1zal prokousat na \u010delo z\u00e1vodu a v tu chv\u00edli jeho soupe\u0159\u016fm asi dost zatrnulo. Jen\u017ee pak p\u0159i\u0161ly dva drobn\u00e9 p\u00e1dy a u\u017e nem\u011bl s\u00edly na lep\u0161\u00ed z\u00e1v\u011br, kter\u00fd sta\u010dil jen na \u010dtvrt\u00e9 m\u00edsto. Pidcock\u016fv sen o zisku duhov\u00fdch trikot\u016f z cyklokrosu, bik\u016f i silnice v jednom roce se tak minim\u00e1ln\u011b pro leto\u0161n\u00ed rok rozplynul.<\/p>\n<p><a href=\"https:\/\/d2p6e6u75xmxt8.cloudfront.net\/13\/2022\/08\/saska2.jpg\"><img loading=\"lazy\" decoding=\"async\" class=\"alignnone size-extra-large wp-image-18602\" src=\"https:\/\/d2p6e6u75xmxt8.cloudfront.net\/13\/2022\/08\/saska2-1920x1281.jpg\" alt=\"\" width=\"1920\" height=\"1281\" \/><\/a><\/p>\n<p>\u010cesk\u00fd t\u0159iadvac\u00edtk\u00e1\u0159 Jan S\u00e1ska m\u00e1 sv\u00e9 kolo hodn\u011b v pa\u017ei.<\/p>\n<p><a href=\"https:\/\/d2p6e6u75xmxt8.cloudfront.net\/13\/2022\/08\/sagan1.jpg\"><img loading=\"lazy\" decoding=\"async\" class=\"alignnone size-extra-large wp-image-18587\" src=\"https:\/\/d2p6e6u75xmxt8.cloudfront.net\/13\/2022\/08\/sagan1-1920x1281.jpg\" alt=\"\" width=\"1920\" height=\"1281\" \/><\/a><\/p>\n<p>Z\u00e1vod na elektrokolech, kter\u00fd se nutno podotknout jinak net\u011b\u0161\u00ed velk\u00e9mu z\u00e1jmu, zatraktivnil a dramaticky medi\u00e1ln\u011b pozvedl start slovensk\u00e9ho trojn\u00e1sobn\u00e9ho mistra sv\u011bta na silnici Petera Sagana.<\/p>\n<p><a href=\"https:\/\/d2p6e6u75xmxt8.cloudfront.net\/13\/2022\/08\/sagan3.jpg\"><img loading=\"lazy\" decoding=\"async\" class=\"alignnone size-extra-large wp-image-18589\" src=\"https:\/\/d2p6e6u75xmxt8.cloudfront.net\/13\/2022\/08\/sagan3-1920x1280.jpg\" alt=\"\" width=\"1920\" height=\"1280\" \/><\/a><\/p>\n<p>Ten si ho p\u0159ijel hlavn\u011b u\u017e\u00edt. Skon\u010dil na 16. m\u00edst\u011b i na zemi a s od\u0159en\u00fdmi z\u00e1dy. A dokonce p\u0159iznal, \u017ee tak vysok\u00fd tep nem\u011bl ani p\u0159i spurtech o zelen\u00fd trikot na Tour de France.<\/p>\n","protected":false},"excerpt":{"rendered":"<p>Karneval na oslavu horsk\u00e9 cyklistiky vid\u011blo francouzsk\u00e9 Les Gets, kter\u00e9 hostilo mistrovstv\u00ed sv\u011bta 2022. Dom\u00e1c\u00ed fanou\u0161ci \u0161\u00edleli p\u0159i sjezdu, kde [&hellip;]<\/p>\n","protected":false},"author":138,"featured_media":18576,"comment_status":"open","ping_status":"open","sticky":false,"template":"","format":"standard","meta":{"footnotes":""},"categories":[11],"tags":[2408,126,56,2342,1729,1891,1837,2552,1093,205,1641,18,1185,1693],"global-categories":[411],"class_list":["post-18572","post","type-post","status-publish","format-standard","has-post-thumbnail","hentry","category-horska-cyklistika","tag-amaury-pierron","tag-cyklistika","tag-horska-cyklistika","tag-jan-saska","tag-les-gets","tag-loic-bruni","tag-loris-vergier","tag-ms-2022","tag-nino-schurter","tag-ondrej-cink","tag-pauline-ferrand-prevot","tag-peter-sagan","tag-tom-pidcock","tag-valentina-holl","global-categories-cycling"],"yoast_head":"<!-- This site is optimized with the Yoast SEO Premium plugin v25.3 (Yoast SEO v25.9) - https:\/\/yoast.com\/wordpress\/plugins\/seo\/ -->\n<title>Fotoreport\u00e1\u017e: \u0161\u00edl\u00edc\u00ed dav krocen\u00fd polici\u00ed, poml\u00e1cen\u00fd Sagan a novinka od Sramu | \u0160koda We Love Cycling - \u010cesk\u00e1 republika<\/title>\n<meta name=\"description\" content=\"Karneval na oslavu horsk\u00e9 cyklistiky vid\u011blo francouzsk\u00e9 Les Gets, kter\u00e9 hostilo mistrovstv\u00ed sv\u011bta 2022. Dom\u00e1c\u00ed fanou\u0161ci \u0161\u00edleli...\" \/>\n<meta name=\"robots\" content=\"index, follow, max-snippet:-1, max-image-preview:large, max-video-preview:-1\" \/>\n<link rel=\"canonical\" href=\"https:\/\/www.welovecycling.com\/cs\/2022\/08\/30\/fotoreportaz-silici-dav-kroceny-policii-pomlaceny-sagan-a-novinka-od-sramu\/\" \/>\n<meta property=\"og:locale\" content=\"cs_CZ\" \/>\n<meta property=\"og:type\" content=\"article\" \/>\n<meta property=\"og:title\" content=\"Fotoreport\u00e1\u017e: \u0161\u00edl\u00edc\u00ed dav krocen\u00fd polici\u00ed, poml\u00e1cen\u00fd Sagan a novinka od Sramu\" \/>\n<meta property=\"og:description\" content=\"Karneval na oslavu horsk\u00e9 cyklistiky vid\u011blo francouzsk\u00e9 Les Gets, kter\u00e9 hostilo mistrovstv\u00ed sv\u011bta 2022. Dom\u00e1c\u00ed fanou\u0161ci \u0161\u00edleli...\" \/>\n<meta property=\"og:url\" content=\"https:\/\/www.welovecycling.com\/cs\/2022\/08\/30\/fotoreportaz-silici-dav-kroceny-policii-pomlaceny-sagan-a-novinka-od-sramu\/\" \/>\n<meta property=\"og:site_name\" content=\"\u0160koda We Love Cycling - \u010cesk\u00e1 republika\" \/>\n<meta property=\"article:published_time\" content=\"2022-08-30T20:15:31+00:00\" \/>\n<meta property=\"article:modified_time\" content=\"2022-08-30T20:41:49+00:00\" \/>\n<meta property=\"og:image\" content=\"https:\/\/d2p6e6u75xmxt8.cloudfront.net\/13\/2022\/08\/DHI3.webp\" \/>\n\t<meta property=\"og:image:width\" content=\"2000\" \/>\n\t<meta property=\"og:image:height\" content=\"1333\" \/>\n\t<meta property=\"og:image:type\" content=\"image\/webp\" \/>\n<meta name=\"author\" content=\"radekmalina\" \/>\n<meta name=\"twitter:card\" content=\"summary_large_image\" \/>\n<meta name=\"twitter:label1\" content=\"Written by\" \/>\n\t<meta name=\"twitter:data1\" content=\"Michal \u010cerven\u00fd\" \/>\n\t<meta name=\"twitter:label2\" content=\"Est. reading time\" \/>\n\t<meta name=\"twitter:data2\" content=\"5\" \/>\n<script type=\"application\/ld+json\" class=\"yoast-schema-graph\">{\"@context\":\"https:\/\/schema.org\",\"@graph\":[{\"@type\":\"WebPage\",\"@id\":\"https:\/\/www.welovecycling.com\/cs\/2022\/08\/30\/fotoreportaz-silici-dav-kroceny-policii-pomlaceny-sagan-a-novinka-od-sramu\/\",\"url\":\"https:\/\/www.welovecycling.com\/cs\/2022\/08\/30\/fotoreportaz-silici-dav-kroceny-policii-pomlaceny-sagan-a-novinka-od-sramu\/\",\"name\":\"Fotoreport\u00e1\u017e: \u0161\u00edl\u00edc\u00ed dav krocen\u00fd polici\u00ed, poml\u00e1cen\u00fd Sagan a novinka od Sramu | \u0160koda We Love Cycling - \u010cesk\u00e1 republika\",\"isPartOf\":{\"@id\":\"https:\/\/www.welovecycling.com\/cs\/#website\"},\"primaryImageOfPage\":{\"@id\":\"https:\/\/www.welovecycling.com\/cs\/2022\/08\/30\/fotoreportaz-silici-dav-kroceny-policii-pomlaceny-sagan-a-novinka-od-sramu\/#primaryimage\"},\"image\":{\"@id\":\"https:\/\/www.welovecycling.com\/cs\/2022\/08\/30\/fotoreportaz-silici-dav-kroceny-policii-pomlaceny-sagan-a-novinka-od-sramu\/#primaryimage\"},\"thumbnailUrl\":\"https:\/\/d2p6e6u75xmxt8.cloudfront.net\/13\/2022\/08\/DHI3.webp\",\"datePublished\":\"2022-08-30T20:15:31+00:00\",\"dateModified\":\"2022-08-30T20:41:49+00:00\",\"author\":{\"@id\":\"https:\/\/www.welovecycling.com\/cs\/#\/schema\/person\/d9eeb0a378f3a7e4a6d12d2b536b04b8\"},\"description\":\"Karneval na oslavu horsk\u00e9 cyklistiky vid\u011blo francouzsk\u00e9 Les Gets, kter\u00e9 hostilo mistrovstv\u00ed sv\u011bta 2022. Dom\u00e1c\u00ed fanou\u0161ci \u0161\u00edleli...\",\"inLanguage\":\"cs\",\"potentialAction\":[{\"@type\":\"ReadAction\",\"target\":[\"https:\/\/www.welovecycling.com\/cs\/2022\/08\/30\/fotoreportaz-silici-dav-kroceny-policii-pomlaceny-sagan-a-novinka-od-sramu\/\"]}]},{\"@type\":\"ImageObject\",\"inLanguage\":\"cs\",\"@id\":\"https:\/\/www.welovecycling.com\/cs\/2022\/08\/30\/fotoreportaz-silici-dav-kroceny-policii-pomlaceny-sagan-a-novinka-od-sramu\/#primaryimage\",\"url\":\"https:\/\/d2p6e6u75xmxt8.cloudfront.net\/13\/2022\/08\/DHI3.webp\",\"contentUrl\":\"https:\/\/d2p6e6u75xmxt8.cloudfront.net\/13\/2022\/08\/DHI3.webp\",\"width\":2000,\"height\":1333},{\"@type\":\"WebSite\",\"@id\":\"https:\/\/www.welovecycling.com\/cs\/#website\",\"url\":\"https:\/\/www.welovecycling.com\/cs\/\",\"name\":\"\u0160koda We Love Cycling - \u010cesk\u00e1 republika\",\"description\":\"WeLoveCycling.cz je online magaz\u00edn, kter\u00fd v\u00e1m pravideln\u011b p\u0159in\u00e1\u0161\u00ed rady a tipy, zaj\u00edmav\u00e9 \u010dl\u00e1nky, videa a jedine\u010dn\u00e9 report\u00e1\u017ee ze sv\u011bta cyklistiky.\",\"potentialAction\":[{\"@type\":\"SearchAction\",\"target\":{\"@type\":\"EntryPoint\",\"urlTemplate\":\"https:\/\/www.welovecycling.com\/cs\/?s={search_term_string}\"},\"query-input\":{\"@type\":\"PropertyValueSpecification\",\"valueRequired\":true,\"valueName\":\"search_term_string\"}}],\"inLanguage\":\"cs\"},{\"@type\":\"Person\",\"@id\":\"https:\/\/www.welovecycling.com\/cs\/#\/schema\/person\/d9eeb0a378f3a7e4a6d12d2b536b04b8\",\"name\":\"radekmalina\",\"image\":{\"@type\":\"ImageObject\",\"inLanguage\":\"cs\",\"@id\":\"https:\/\/www.welovecycling.com\/cs\/#\/schema\/person\/image\/\",\"url\":\"https:\/\/secure.gravatar.com\/avatar\/66994b632cb8c39a46b9f54afa3ae07201b678d32a54275b6f1c9ffec356bfc0?s=96&d=mm&r=g\",\"contentUrl\":\"https:\/\/secure.gravatar.com\/avatar\/66994b632cb8c39a46b9f54afa3ae07201b678d32a54275b6f1c9ffec356bfc0?s=96&d=mm&r=g\",\"caption\":\"radekmalina\"},\"url\":\"https:\/\/www.welovecycling.com\/cs\/author\/radekmalina\/\"}]}<\/script>\n<!-- \/ Yoast SEO Premium plugin. -->","yoast_head_json":{"title":"Fotoreport\u00e1\u017e: \u0161\u00edl\u00edc\u00ed dav krocen\u00fd polici\u00ed, poml\u00e1cen\u00fd Sagan a novinka od Sramu | \u0160koda We Love Cycling - \u010cesk\u00e1 republika","description":"Karneval na oslavu horsk\u00e9 cyklistiky vid\u011blo francouzsk\u00e9 Les Gets, kter\u00e9 hostilo mistrovstv\u00ed sv\u011bta 2022. Dom\u00e1c\u00ed fanou\u0161ci \u0161\u00edleli...","robots":{"index":"index","follow":"follow","max-snippet":"max-snippet:-1","max-image-preview":"max-image-preview:large","max-video-preview":"max-video-preview:-1"},"canonical":"https:\/\/www.welovecycling.com\/cs\/2022\/08\/30\/fotoreportaz-silici-dav-kroceny-policii-pomlaceny-sagan-a-novinka-od-sramu\/","og_locale":"cs_CZ","og_type":"article","og_title":"Fotoreport\u00e1\u017e: \u0161\u00edl\u00edc\u00ed dav krocen\u00fd polici\u00ed, poml\u00e1cen\u00fd Sagan a novinka od Sramu","og_description":"Karneval na oslavu horsk\u00e9 cyklistiky vid\u011blo francouzsk\u00e9 Les Gets, kter\u00e9 hostilo mistrovstv\u00ed sv\u011bta 2022. Dom\u00e1c\u00ed fanou\u0161ci \u0161\u00edleli...","og_url":"https:\/\/www.welovecycling.com\/cs\/2022\/08\/30\/fotoreportaz-silici-dav-kroceny-policii-pomlaceny-sagan-a-novinka-od-sramu\/","og_site_name":"\u0160koda We Love Cycling - \u010cesk\u00e1 republika","article_published_time":"2022-08-30T20:15:31+00:00","article_modified_time":"2022-08-30T20:41:49+00:00","og_image":[{"width":2000,"height":1333,"url":"https:\/\/d2p6e6u75xmxt8.cloudfront.net\/13\/2022\/08\/DHI3.webp","type":"image\/webp"}],"author":"radekmalina","twitter_card":"summary_large_image","twitter_misc":{"Written by":"Michal \u010cerven\u00fd","Est. reading time":"5"},"schema":{"@context":"https:\/\/schema.org","@graph":[{"@type":"WebPage","@id":"https:\/\/www.welovecycling.com\/cs\/2022\/08\/30\/fotoreportaz-silici-dav-kroceny-policii-pomlaceny-sagan-a-novinka-od-sramu\/","url":"https:\/\/www.welovecycling.com\/cs\/2022\/08\/30\/fotoreportaz-silici-dav-kroceny-policii-pomlaceny-sagan-a-novinka-od-sramu\/","name":"Fotoreport\u00e1\u017e: \u0161\u00edl\u00edc\u00ed dav krocen\u00fd polici\u00ed, poml\u00e1cen\u00fd Sagan a novinka od Sramu | \u0160koda We Love Cycling - \u010cesk\u00e1 republika","isPartOf":{"@id":"https:\/\/www.welovecycling.com\/cs\/#website"},"primaryImageOfPage":{"@id":"https:\/\/www.welovecycling.com\/cs\/2022\/08\/30\/fotoreportaz-silici-dav-kroceny-policii-pomlaceny-sagan-a-novinka-od-sramu\/#primaryimage"},"image":{"@id":"https:\/\/www.welovecycling.com\/cs\/2022\/08\/30\/fotoreportaz-silici-dav-kroceny-policii-pomlaceny-sagan-a-novinka-od-sramu\/#primaryimage"},"thumbnailUrl":"https:\/\/d2p6e6u75xmxt8.cloudfront.net\/13\/2022\/08\/DHI3.webp","datePublished":"2022-08-30T20:15:31+00:00","dateModified":"2022-08-30T20:41:49+00:00","author":{"@id":"https:\/\/www.welovecycling.com\/cs\/#\/schema\/person\/d9eeb0a378f3a7e4a6d12d2b536b04b8"},"description":"Karneval na oslavu horsk\u00e9 cyklistiky vid\u011blo francouzsk\u00e9 Les Gets, kter\u00e9 hostilo mistrovstv\u00ed sv\u011bta 2022. Dom\u00e1c\u00ed fanou\u0161ci \u0161\u00edleli...","inLanguage":"cs","potentialAction":[{"@type":"ReadAction","target":["https:\/\/www.welovecycling.com\/cs\/2022\/08\/30\/fotoreportaz-silici-dav-kroceny-policii-pomlaceny-sagan-a-novinka-od-sramu\/"]}]},{"@type":"ImageObject","inLanguage":"cs","@id":"https:\/\/www.welovecycling.com\/cs\/2022\/08\/30\/fotoreportaz-silici-dav-kroceny-policii-pomlaceny-sagan-a-novinka-od-sramu\/#primaryimage","url":"https:\/\/d2p6e6u75xmxt8.cloudfront.net\/13\/2022\/08\/DHI3.webp","contentUrl":"https:\/\/d2p6e6u75xmxt8.cloudfront.net\/13\/2022\/08\/DHI3.webp","width":2000,"height":1333},{"@type":"WebSite","@id":"https:\/\/www.welovecycling.com\/cs\/#website","url":"https:\/\/www.welovecycling.com\/cs\/","name":"\u0160koda We Love Cycling - \u010cesk\u00e1 republika","description":"WeLoveCycling.cz je online magaz\u00edn, kter\u00fd v\u00e1m pravideln\u011b p\u0159in\u00e1\u0161\u00ed rady a tipy, zaj\u00edmav\u00e9 \u010dl\u00e1nky, videa a jedine\u010dn\u00e9 report\u00e1\u017ee ze sv\u011bta cyklistiky.","potentialAction":[{"@type":"SearchAction","target":{"@type":"EntryPoint","urlTemplate":"https:\/\/www.welovecycling.com\/cs\/?s={search_term_string}"},"query-input":{"@type":"PropertyValueSpecification","valueRequired":true,"valueName":"search_term_string"}}],"inLanguage":"cs"},{"@type":"Person","@id":"https:\/\/www.welovecycling.com\/cs\/#\/schema\/person\/d9eeb0a378f3a7e4a6d12d2b536b04b8","name":"radekmalina","image":{"@type":"ImageObject","inLanguage":"cs","@id":"https:\/\/www.welovecycling.com\/cs\/#\/schema\/person\/image\/","url":"https:\/\/secure.gravatar.com\/avatar\/66994b632cb8c39a46b9f54afa3ae07201b678d32a54275b6f1c9ffec356bfc0?s=96&d=mm&r=g","contentUrl":"https:\/\/secure.gravatar.com\/avatar\/66994b632cb8c39a46b9f54afa3ae07201b678d32a54275b6f1c9ffec356bfc0?s=96&d=mm&r=g","caption":"radekmalina"},"url":"https:\/\/www.welovecycling.com\/cs\/author\/radekmalina\/"}]}},"_links":{"self":[{"href":"https:\/\/www.welovecycling.com\/cs\/wp-json\/wp\/v2\/posts\/18572","targetHints":{"allow":["GET"]}}],"collection":[{"href":"https:\/\/www.welovecycling.com\/cs\/wp-json\/wp\/v2\/posts"}],"about":[{"href":"https:\/\/www.welovecycling.com\/cs\/wp-json\/wp\/v2\/types\/post"}],"author":[{"embeddable":true,"href":"https:\/\/www.welovecycling.com\/cs\/wp-json\/wp\/v2\/users\/138"}],"replies":[{"embeddable":true,"href":"https:\/\/www.welovecycling.com\/cs\/wp-json\/wp\/v2\/comments?post=18572"}],"version-history":[{"count":2,"href":"https:\/\/www.welovecycling.com\/cs\/wp-json\/wp\/v2\/posts\/18572\/revisions"}],"predecessor-version":[{"id":18603,"href":"https:\/\/www.welovecycling.com\/cs\/wp-json\/wp\/v2\/posts\/18572\/revisions\/18603"}],"wp:featuredmedia":[{"embeddable":true,"href":"https:\/\/www.welovecycling.com\/cs\/wp-json\/wp\/v2\/media\/18576"}],"wp:attachment":[{"href":"https:\/\/www.welovecycling.com\/cs\/wp-json\/wp\/v2\/media?parent=18572"}],"wp:term":[{"taxonomy":"category","embeddable":true,"href":"https:\/\/www.welovecycling.com\/cs\/wp-json\/wp\/v2\/categories?post=18572"},{"taxonomy":"post_tag","embeddable":true,"href":"https:\/\/www.welovecycling.com\/cs\/wp-json\/wp\/v2\/tags?post=18572"},{"taxonomy":"global-categories","embeddable":true,"href":"https:\/\/www.welovecycling.com\/cs\/wp-json\/wp\/v2\/global-categories?post=18572"}],"curies":[{"name":"wp","href":"https:\/\/api.w.org\/{rel}","templated":true}]}}