{"id":1849,"date":"2019-05-15T15:26:44","date_gmt":"2019-05-15T14:26:44","guid":{"rendered":"https:\/\/www.welovecycling.com\/cs\/?p=1849"},"modified":"2019-05-15T15:26:44","modified_gmt":"2019-05-15T14:26:44","slug":"deti-na-kole-dil-prvni-zaciname-jezdit","status":"publish","type":"post","link":"https:\/\/www.welovecycling.com\/cs\/2019\/05\/15\/deti-na-kole-dil-prvni-zaciname-jezdit\/","title":{"rendered":"D\u011bti na kole. D\u00edl prvn\u00ed: za\u010d\u00edn\u00e1me jezdit"},"content":{"rendered":"<p><strong>Kdy posadit d\u00edt\u011b poprv\u00e9 na kolo? A jak\u00e9 kolo vybrat a jakou metodu zvolit, abyste z\u00a0toho m\u011bli milou vzpom\u00ednku, a ne t\u00ed\u017eiv\u00e9 trauma? N\u00e1\u0161 seri\u00e1l v\u00e1m poskytne rady, tipy a n\u00e1pady, jak m\u016f\u017eete sv\u00e9ho potomka co nejl\u00e9pe uv\u00e9st v\u00a0cyklo\u017eivot.<\/strong><\/p>\n<p><!--more--><\/p>\n<h2><strong>Kdy s\u00a0v\u00fdukou j\u00edzdy za\u010d\u00edt?<\/strong><\/h2>\n<p>Odpov\u011b\u010f nen\u00ed jednozna\u010dn\u00e1, a to z\u00a0n\u011bkolika d\u016fvod\u016f. D\u00edt\u011b je pln\u011b motoricky vybaveno mezi 6. a 7. rokem \u017eivota, proto v\u00a0tomto v\u011bku obvykle nastupuj\u00ed do \u0161koly. D\u0159\u00edv\u011bj\u0161\u00ed po\u010d\u00e1tek \u0161koln\u00ed doch\u00e1zky by nem\u011bl smysl, s\u00a0nedovyvinutou jemnou motorikou by se d\u011bti nap\u0159\u00edklad nemohly nau\u010dit ps\u00e1t, a\u0165 by se u\u010ditel sna\u017eil sebev\u00edc. Pokud sv\u00e9 d\u00edt\u011b chcete nechat vyv\u00edjet p\u0159irozen\u011b a do jeho pohybov\u00e9ho v\u00fdvoje zasahovat co nejm\u00e9n\u011b, doporu\u010dujeme za\u010d\u00edt s\u00a0v\u00fdukou j\u00edzdy na kole a\u017e s\u00a0n\u00e1stupem do \u0161koly.<\/p>\n<p>V\u011bt\u0161inou ale uvid\u00edte mnohem men\u0161\u00ed d\u011bti, jak se proh\u00e1n\u011bj\u00ed na odr\u00e1\u017eedlech v\u00a0bl\u00edzkosti sv\u00fdch rodi\u010d\u016f. Studie, kter\u00e1 by zkoumala dopady tohoto v\u00fdvojov\u011b nep\u0159irozen\u00e9ho pohybov\u00e9ho stereotypu na pohybov\u00e9 \u00fastroj\u00ed v\u00a0pozd\u011bj\u0161\u00edm v\u011bku, neexistuje, a tak se m\u016f\u017eeme o p\u0159\u00edpadn\u00e9m pozitivn\u00edm nebo negativn\u00edm vlivu pouze dohadovat.<\/p>\n<h2><strong>Odstrkovadla a odr\u00e1\u017eedla<\/strong><\/h2>\n<p>D\u016fle\u017eitou ot\u00e1zkou tak\u00e9 je, jestli chcete sv\u00e9ho potomka v\u00e9st k\u00a0cyklistice pro radost, nebo jestli chcete vychov\u00e1vat mal\u00e9ho z\u00e1vodn\u00edka. V\u00a0druh\u00e9m p\u0159\u00edpad\u011b se brzk\u00e9mu startu a specializaci nevyhnete, bez toho to dnes nejde. Na za\u010d\u00e1tku jsou nejlep\u0161\u00ed r\u016fzn\u00e1 odstrkovadla \u2013 \u201emotorky\u201c a jin\u00e9 stroje, kter\u00e9 jsou dvou nebo t\u0159\u00edstop\u00e9. S odstrkovadlem m\u016f\u017ee d\u00edt\u011b za\u010d\u00edt u\u017e mezi prvn\u00edm a druh\u00fdm rokem \u017eivota a nau\u010d\u00ed se na n\u011bm pohybovat vp\u0159ed. Nejd\u0159\u00edve se bude odstrkovat ob\u011bma nohama najednou, jak ale bude dozr\u00e1vat motorick\u00fd syst\u00e9m, p\u0159ejde na kontralater\u00e1ln\u00ed vzor lokomoce, tedy bude se st\u0159\u00eddav\u011b odr\u00e1\u017eet levou a pravou nohou.<\/p>\n<figure id=\"attachment_1856\" aria-describedby=\"caption-attachment-1856\" style=\"width: 950px\" class=\"wp-caption alignnone\"><a href=\"https:\/\/d2p6e6u75xmxt8.cloudfront.net\/13\/2019\/05\/opener9.jpg\"><img loading=\"lazy\" decoding=\"async\" class=\"wp-image-1856 size-full\" src=\"https:\/\/d2p6e6u75xmxt8.cloudfront.net\/13\/2019\/05\/opener9.jpg\" alt=\"\" width=\"950\" height=\"350\" \/><\/a><figcaption id=\"caption-attachment-1856\" class=\"wp-caption-text\">Odr\u00e1\u017eedla jsou pro d\u011bti star\u0161\u00edho v\u011bku, kter\u00e1 ji\u017e l\u00e9pe dr\u017e\u00ed rovnov\u00e1hu. Oproti odr\u00e1\u017eedl\u016fm maj\u00ed jen dv\u011b kola, odstrkovadly je zpravidla my\u0161lena klasick\u00e1 t\u0159\u00edkolka. Oboj\u00ed je bez ped\u00e1l\u016f.<\/figcaption><\/figure>\n<p>Pro trochu star\u0161\u00ed d\u011bti jsou ur\u010den\u00e1 odr\u00e1\u017eedla. Mohou na nich dov\u00e1d\u011bt u\u017e od batolec\u00edho v\u011bku a nau\u010d\u00ed je stabilit\u011b na dvou kolech. Pokud pohyb na odr\u00e1\u017eedle zvl\u00e1dnou bez probl\u00e9m\u016f, stabilitu na kole budou m\u00edt nau\u010denou, a vy se tak p\u0159i p\u0159echodu na \u0161lapac\u00ed kolo zcela obejdete bez op\u011brn\u00fdch balan\u010dn\u00edch kole\u010dek.<\/p>\n<h2><strong>Prvn\u00ed opravdov\u00e9 kolo<\/strong><\/h2>\n<p>Po odr\u00e1\u017eedle je na \u0159ad\u011b u\u017e skoro opravdov\u00e9 kolo. M\u00e1 kliky, \u0159et\u011bz a mus\u00ed se na n\u011bm \u0161lapat. Velikosti se ur\u010duj\u00ed podle pr\u016fm\u011bru kol. Vyb\u00edrat tedy budete sp\u00ed\u0161e podle v\u00fd\u0161ky va\u0161eho d\u00edt\u011bte ne\u017e v\u011bku. Dvan\u00e1ctipalcov\u00e1 kola jsou ta nejmen\u0161\u00ed a zp\u016fsob, jak zjistit, jestli takov\u00e9 kolo u\u017e je pro va\u0161e d\u00edt\u011b vhodn\u00e9, je jednoduch\u00fd.<\/p>\n<figure id=\"attachment_1848\" aria-describedby=\"caption-attachment-1848\" style=\"width: 1024px\" class=\"wp-caption alignnone\"><a href=\"https:\/\/d2p6e6u75xmxt8.cloudfront.net\/13\/2019\/05\/Children-CVR.jpg\"><img loading=\"lazy\" decoding=\"async\" class=\"size-large wp-image-1848\" src=\"https:\/\/d2p6e6u75xmxt8.cloudfront.net\/13\/2019\/05\/Children-CVR-1024x450.jpg\" alt=\"\" width=\"1024\" height=\"450\" \/><\/a><figcaption id=\"caption-attachment-1848\" class=\"wp-caption-text\">Prvn\u00ed kolo se vyb\u00edr\u00e1 sp\u00ed\u0161 podle v\u00fd\u0161ky d\u00edt\u011bte ne\u017e podle v\u011bku.<\/figcaption><\/figure>\n<p>Ze sedla mus\u00ed pohodln\u011b dos\u00e1hnout na ped\u00e1ly i \u0159\u00edd\u00edtka a z\u00e1rove\u0148 alespo\u0148 \u0161pi\u010dkami bot na zem. Ide\u00e1ln\u011b by m\u011blo dos\u00e1hnout ze sedla na zem skoro cel\u00fdmi podr\u00e1\u017ekami bot, d\u00edt\u011b tak bude m\u00edt v\u011bt\u0161\u00ed jistotu, \u017ee p\u0159i zastaven\u00ed z\u00a0kola nespadne.<\/p>\n<h2><strong>Balan\u010dn\u00ed kole\u010dka \u2013 ano, \u010di ne?<\/strong><\/h2>\n<p>Nejmen\u0161\u00ed dv\u011b velikosti d\u011btsk\u00fdch kol, tedy 12\u201c a 16\u201c kola, se v\u011bt\u0161inou prod\u00e1vaj\u00ed i s\u00a0p\u0159\u00eddavn\u00fdmi balan\u010dn\u00edmi kole\u010dky, ta jdou ale snadno odmontovat. V\u00a0p\u0159\u00edpad\u011b, \u017ee u\u017e va\u0161e d\u00edt\u011b neboj\u00e1cn\u011b dov\u00e1d\u00ed na odr\u00e1\u017eedle, doporu\u010dil bych za\u010d\u00edt rovnou bez balan\u010dn\u00edch kole\u010dek. Ze za\u010d\u00e1tku bude pro d\u00edt\u011b n\u00e1ro\u010dn\u00e9 soust\u0159edit se na \u0161lap\u00e1n\u00ed, brzd\u011bn\u00ed a dr\u017een\u00ed rovnov\u00e1hy najednou, ale za chvilku se to nau\u010d\u00ed. Na balan\u010dn\u00ed kole\u010dka by si toti\u017e d\u00edt\u011b op\u011bt zvyklo a nau\u010denou j\u00edzdu na odr\u00e1\u017eedle by zapomn\u011blo. Je zcela na v\u00e1s, zda a kdy za\u010dnete sv\u00e9ho potomka u\u010dit na kole, ale s\u00a0rozmachem odstrkovadel se d\u00e1 s\u00a0je\u017ed\u011bn\u00edm za\u010d\u00edt opravdu brzy.<\/p>\n<figure id=\"attachment_1845\" aria-describedby=\"caption-attachment-1845\" style=\"width: 1024px\" class=\"wp-caption alignnone\"><a href=\"https:\/\/d2p6e6u75xmxt8.cloudfront.net\/13\/2019\/05\/profimedia-0414277593.jpg\"><img loading=\"lazy\" decoding=\"async\" class=\"size-large wp-image-1845\" src=\"https:\/\/d2p6e6u75xmxt8.cloudfront.net\/13\/2019\/05\/profimedia-0414277593-1024x683.jpg\" alt=\"\" width=\"1024\" height=\"683\" \/><\/a><figcaption id=\"caption-attachment-1845\" class=\"wp-caption-text\">Balan\u010dn\u00ed kole\u010dka jsou v p\u0159\u00edpad\u011b d\u00edt\u011bte, kter\u00e9 u\u017e ovl\u00e1d\u00e1 j\u00edzdu na odr\u00e1\u017eedle sp\u00ed\u0161e brzdou ne\u017e pomoc\u00ed v dal\u0161\u00edm rozvoji. Foto: Profimedia, Stock Budget<\/figcaption><\/figure>\n<p>V\u00a0p\u0159\u00ed\u0161t\u00edch d\u00edlech seri\u00e1lu se zam\u011b\u0159\u00edme na zp\u016fsob, jak d\u00edt\u011b nau\u010dit jezdit na kole, a na v\u00fdb\u011br vhodn\u00e9ho kola.<\/p>\n","protected":false},"excerpt":{"rendered":"<p>Kdy posadit d\u00edt\u011b poprv\u00e9 na kolo? A jak\u00e9 kolo vybrat a jakou metodu zvolit, abyste z\u00a0toho m\u011bli milou vzpom\u00ednku, a [&hellip;]<\/p>\n","protected":false},"author":95,"featured_media":1846,"comment_status":"open","ping_status":"open","sticky":false,"template":"","format":"standard","meta":{"footnotes":""},"categories":[15,6],"tags":[225,221,220,222,223,224],"global-categories":[],"class_list":["post-1849","post","type-post","status-publish","format-standard","has-post-thumbnail","hentry","category-rady-tipy","category-zdravi-a-trenink","tag-balancni-kolecka","tag-cyklistika-pro-deti","tag-deti-na-kole","tag-odrazedlo","tag-odstrkovadlo","tag-prvni-kolo"],"yoast_head":"<!-- This site is optimized with the Yoast SEO Premium plugin v25.3 (Yoast SEO v25.9) - https:\/\/yoast.com\/wordpress\/plugins\/seo\/ -->\n<title>D\u011bti na kole. D\u00edl prvn\u00ed: za\u010d\u00edn\u00e1me jezdit | \u0160koda We Love Cycling - \u010cesk\u00e1 republika<\/title>\n<meta name=\"robots\" content=\"index, follow, max-snippet:-1, max-image-preview:large, max-video-preview:-1\" \/>\n<link rel=\"canonical\" href=\"https:\/\/www.welovecycling.com\/cs\/2019\/05\/15\/deti-na-kole-dil-prvni-zaciname-jezdit\/\" \/>\n<meta property=\"og:locale\" content=\"cs_CZ\" \/>\n<meta property=\"og:type\" content=\"article\" \/>\n<meta property=\"og:title\" content=\"D\u011bti na kole. D\u00edl prvn\u00ed: za\u010d\u00edn\u00e1me jezdit\" \/>\n<meta property=\"og:description\" content=\"Kdy posadit d\u00edt\u011b poprv\u00e9 na kolo? A jak\u00e9 kolo vybrat a jakou metodu zvolit, abyste z\u00a0toho m\u011bli milou vzpom\u00ednku, a [&hellip;]\" \/>\n<meta property=\"og:url\" content=\"https:\/\/www.welovecycling.com\/cs\/2019\/05\/15\/deti-na-kole-dil-prvni-zaciname-jezdit\/\" \/>\n<meta property=\"og:site_name\" content=\"\u0160koda We Love Cycling - \u010cesk\u00e1 republika\" \/>\n<meta property=\"article:published_time\" content=\"2019-05-15T14:26:44+00:00\" \/>\n<meta property=\"og:image\" content=\"https:\/\/d2p6e6u75xmxt8.cloudfront.net\/13\/2019\/05\/profimedia-0356684874.webp\" \/>\n\t<meta property=\"og:image:width\" content=\"1800\" \/>\n\t<meta property=\"og:image:height\" content=\"1200\" \/>\n\t<meta property=\"og:image:type\" content=\"image\/webp\" \/>\n<meta name=\"twitter:card\" content=\"summary_large_image\" \/>\n<meta name=\"twitter:label1\" content=\"Written by\" \/>\n\t<meta name=\"twitter:data1\" content=\"V\u00e1clav \u0160nup\u00e1rek\" \/>\n\t<meta name=\"twitter:label2\" content=\"Est. reading time\" \/>\n\t<meta name=\"twitter:data2\" content=\"5\" \/>\n<script type=\"application\/ld+json\" class=\"yoast-schema-graph\">{\"@context\":\"https:\/\/schema.org\",\"@graph\":[{\"@type\":\"WebPage\",\"@id\":\"https:\/\/www.welovecycling.com\/cs\/2019\/05\/15\/deti-na-kole-dil-prvni-zaciname-jezdit\/\",\"url\":\"https:\/\/www.welovecycling.com\/cs\/2019\/05\/15\/deti-na-kole-dil-prvni-zaciname-jezdit\/\",\"name\":\"D\u011bti na kole. D\u00edl prvn\u00ed: za\u010d\u00edn\u00e1me jezdit | \u0160koda We Love Cycling - \u010cesk\u00e1 republika\",\"isPartOf\":{\"@id\":\"https:\/\/www.welovecycling.com\/cs\/#website\"},\"primaryImageOfPage\":{\"@id\":\"https:\/\/www.welovecycling.com\/cs\/2019\/05\/15\/deti-na-kole-dil-prvni-zaciname-jezdit\/#primaryimage\"},\"image\":{\"@id\":\"https:\/\/www.welovecycling.com\/cs\/2019\/05\/15\/deti-na-kole-dil-prvni-zaciname-jezdit\/#primaryimage\"},\"thumbnailUrl\":\"https:\/\/d2p6e6u75xmxt8.cloudfront.net\/13\/2019\/05\/profimedia-0356684874.webp\",\"datePublished\":\"2019-05-15T14:26:44+00:00\",\"author\":{\"@id\":\"\"},\"inLanguage\":\"cs\",\"potentialAction\":[{\"@type\":\"ReadAction\",\"target\":[\"https:\/\/www.welovecycling.com\/cs\/2019\/05\/15\/deti-na-kole-dil-prvni-zaciname-jezdit\/\"]}]},{\"@type\":\"ImageObject\",\"inLanguage\":\"cs\",\"@id\":\"https:\/\/www.welovecycling.com\/cs\/2019\/05\/15\/deti-na-kole-dil-prvni-zaciname-jezdit\/#primaryimage\",\"url\":\"https:\/\/d2p6e6u75xmxt8.cloudfront.net\/13\/2019\/05\/profimedia-0356684874.webp\",\"contentUrl\":\"https:\/\/d2p6e6u75xmxt8.cloudfront.net\/13\/2019\/05\/profimedia-0356684874.webp\",\"width\":1800,\"height\":1200},{\"@type\":\"WebSite\",\"@id\":\"https:\/\/www.welovecycling.com\/cs\/#website\",\"url\":\"https:\/\/www.welovecycling.com\/cs\/\",\"name\":\"\u0160koda We Love Cycling - \u010cesk\u00e1 republika\",\"description\":\"WeLoveCycling.cz je online magaz\u00edn, kter\u00fd v\u00e1m pravideln\u011b p\u0159in\u00e1\u0161\u00ed rady a tipy, zaj\u00edmav\u00e9 \u010dl\u00e1nky, videa a jedine\u010dn\u00e9 report\u00e1\u017ee ze sv\u011bta cyklistiky.\",\"potentialAction\":[{\"@type\":\"SearchAction\",\"target\":{\"@type\":\"EntryPoint\",\"urlTemplate\":\"https:\/\/www.welovecycling.com\/cs\/?s={search_term_string}\"},\"query-input\":{\"@type\":\"PropertyValueSpecification\",\"valueRequired\":true,\"valueName\":\"search_term_string\"}}],\"inLanguage\":\"cs\"},{\"@type\":\"Person\",\"@id\":\"\",\"url\":\"https:\/\/www.welovecycling.com\/cs\/author\/\"}]}<\/script>\n<!-- \/ Yoast SEO Premium plugin. -->","yoast_head_json":{"title":"D\u011bti na kole. D\u00edl prvn\u00ed: za\u010d\u00edn\u00e1me jezdit | \u0160koda We Love Cycling - \u010cesk\u00e1 republika","robots":{"index":"index","follow":"follow","max-snippet":"max-snippet:-1","max-image-preview":"max-image-preview:large","max-video-preview":"max-video-preview:-1"},"canonical":"https:\/\/www.welovecycling.com\/cs\/2019\/05\/15\/deti-na-kole-dil-prvni-zaciname-jezdit\/","og_locale":"cs_CZ","og_type":"article","og_title":"D\u011bti na kole. D\u00edl prvn\u00ed: za\u010d\u00edn\u00e1me jezdit","og_description":"Kdy posadit d\u00edt\u011b poprv\u00e9 na kolo? A jak\u00e9 kolo vybrat a jakou metodu zvolit, abyste z\u00a0toho m\u011bli milou vzpom\u00ednku, a [&hellip;]","og_url":"https:\/\/www.welovecycling.com\/cs\/2019\/05\/15\/deti-na-kole-dil-prvni-zaciname-jezdit\/","og_site_name":"\u0160koda We Love Cycling - \u010cesk\u00e1 republika","article_published_time":"2019-05-15T14:26:44+00:00","og_image":[{"width":1800,"height":1200,"url":"https:\/\/d2p6e6u75xmxt8.cloudfront.net\/13\/2019\/05\/profimedia-0356684874.webp","type":"image\/webp"}],"twitter_card":"summary_large_image","twitter_misc":{"Written by":"V\u00e1clav \u0160nup\u00e1rek","Est. reading time":"5"},"schema":{"@context":"https:\/\/schema.org","@graph":[{"@type":"WebPage","@id":"https:\/\/www.welovecycling.com\/cs\/2019\/05\/15\/deti-na-kole-dil-prvni-zaciname-jezdit\/","url":"https:\/\/www.welovecycling.com\/cs\/2019\/05\/15\/deti-na-kole-dil-prvni-zaciname-jezdit\/","name":"D\u011bti na kole. D\u00edl prvn\u00ed: za\u010d\u00edn\u00e1me jezdit | \u0160koda We Love Cycling - \u010cesk\u00e1 republika","isPartOf":{"@id":"https:\/\/www.welovecycling.com\/cs\/#website"},"primaryImageOfPage":{"@id":"https:\/\/www.welovecycling.com\/cs\/2019\/05\/15\/deti-na-kole-dil-prvni-zaciname-jezdit\/#primaryimage"},"image":{"@id":"https:\/\/www.welovecycling.com\/cs\/2019\/05\/15\/deti-na-kole-dil-prvni-zaciname-jezdit\/#primaryimage"},"thumbnailUrl":"https:\/\/d2p6e6u75xmxt8.cloudfront.net\/13\/2019\/05\/profimedia-0356684874.webp","datePublished":"2019-05-15T14:26:44+00:00","author":{"@id":""},"inLanguage":"cs","potentialAction":[{"@type":"ReadAction","target":["https:\/\/www.welovecycling.com\/cs\/2019\/05\/15\/deti-na-kole-dil-prvni-zaciname-jezdit\/"]}]},{"@type":"ImageObject","inLanguage":"cs","@id":"https:\/\/www.welovecycling.com\/cs\/2019\/05\/15\/deti-na-kole-dil-prvni-zaciname-jezdit\/#primaryimage","url":"https:\/\/d2p6e6u75xmxt8.cloudfront.net\/13\/2019\/05\/profimedia-0356684874.webp","contentUrl":"https:\/\/d2p6e6u75xmxt8.cloudfront.net\/13\/2019\/05\/profimedia-0356684874.webp","width":1800,"height":1200},{"@type":"WebSite","@id":"https:\/\/www.welovecycling.com\/cs\/#website","url":"https:\/\/www.welovecycling.com\/cs\/","name":"\u0160koda We Love Cycling - \u010cesk\u00e1 republika","description":"WeLoveCycling.cz je online magaz\u00edn, kter\u00fd v\u00e1m pravideln\u011b p\u0159in\u00e1\u0161\u00ed rady a tipy, zaj\u00edmav\u00e9 \u010dl\u00e1nky, videa a jedine\u010dn\u00e9 report\u00e1\u017ee ze sv\u011bta cyklistiky.","potentialAction":[{"@type":"SearchAction","target":{"@type":"EntryPoint","urlTemplate":"https:\/\/www.welovecycling.com\/cs\/?s={search_term_string}"},"query-input":{"@type":"PropertyValueSpecification","valueRequired":true,"valueName":"search_term_string"}}],"inLanguage":"cs"},{"@type":"Person","@id":"","url":"https:\/\/www.welovecycling.com\/cs\/author\/"}]}},"_links":{"self":[{"href":"https:\/\/www.welovecycling.com\/cs\/wp-json\/wp\/v2\/posts\/1849","targetHints":{"allow":["GET"]}}],"collection":[{"href":"https:\/\/www.welovecycling.com\/cs\/wp-json\/wp\/v2\/posts"}],"about":[{"href":"https:\/\/www.welovecycling.com\/cs\/wp-json\/wp\/v2\/types\/post"}],"author":[{"embeddable":true,"href":"https:\/\/www.welovecycling.com\/cs\/wp-json\/wp\/v2\/users\/95"}],"replies":[{"embeddable":true,"href":"https:\/\/www.welovecycling.com\/cs\/wp-json\/wp\/v2\/comments?post=1849"}],"version-history":[{"count":2,"href":"https:\/\/www.welovecycling.com\/cs\/wp-json\/wp\/v2\/posts\/1849\/revisions"}],"predecessor-version":[{"id":1857,"href":"https:\/\/www.welovecycling.com\/cs\/wp-json\/wp\/v2\/posts\/1849\/revisions\/1857"}],"wp:featuredmedia":[{"embeddable":true,"href":"https:\/\/www.welovecycling.com\/cs\/wp-json\/wp\/v2\/media\/1846"}],"wp:attachment":[{"href":"https:\/\/www.welovecycling.com\/cs\/wp-json\/wp\/v2\/media?parent=1849"}],"wp:term":[{"taxonomy":"category","embeddable":true,"href":"https:\/\/www.welovecycling.com\/cs\/wp-json\/wp\/v2\/categories?post=1849"},{"taxonomy":"post_tag","embeddable":true,"href":"https:\/\/www.welovecycling.com\/cs\/wp-json\/wp\/v2\/tags?post=1849"},{"taxonomy":"global-categories","embeddable":true,"href":"https:\/\/www.welovecycling.com\/cs\/wp-json\/wp\/v2\/global-categories?post=1849"}],"curies":[{"name":"wp","href":"https:\/\/api.w.org\/{rel}","templated":true}]}}