{"id":18370,"date":"2022-08-15T13:55:34","date_gmt":"2022-08-15T11:55:34","guid":{"rendered":"https:\/\/www.welovecycling.com\/cs\/?p=18370"},"modified":"2022-08-15T13:55:34","modified_gmt":"2022-08-15T11:55:34","slug":"iveta-miculycova-mistryne-evropy-bmx-rodice-nechteli-abych-delala-freestyle","status":"publish","type":"post","link":"https:\/\/www.welovecycling.com\/cs\/2022\/08\/15\/iveta-miculycova-mistryne-evropy-bmx-rodice-nechteli-abych-delala-freestyle\/","title":{"rendered":"Iveta Miculy\u010dov\u00e1, mistryn\u011b Evropy BMX: Rodi\u010de necht\u011bli, abych d\u011blala freestyle"},"content":{"rendered":"<p><strong>Je kr\u00e1lovnou Evropy ve freestyle BMX. V\u00a0pouh\u00fdch \u0161estn\u00e1cti letech a jen t\u0159i roky pot\u00e9, co se discipl\u00edn\u011b za\u010dala v\u011bnovat intenzivn\u011b! Kdy\u017e p\u0159itom Iveta Miculy\u010dov\u00e1 na kole za\u010d\u00ednala, doma se setkala s\u00a0nevol\u00ed. V\u0161ichni ji zrazovali, \u017ee ni\u010deho nedos\u00e1hne. M\u011bla toti\u017e slibn\u011b na\u0161l\u00e1pnuto ve fotbale, kde o jej\u00ed slu\u017eby st\u00e1la Sparta Praha. Ale touha prosadit se v\u00a0BMX freestyle byla siln\u011bj\u0161\u00ed. A odm\u011bna se dostavila. Titul evropsk\u00e9 \u0161ampionky v\u00a0konkurenci medailistek z\u00a0olympijsk\u00fdch her je senza\u010dn\u00ed \u00fasp\u011bch.<\/strong><\/p>\n<h2><strong>Prozrad\u00edte, jak se slav\u00ed titul evropsk\u00e9 \u0161ampionky ve freestyle BMX?<\/strong><\/h2>\n<p>Sp\u00e1nkem&#8230; Byla jsem po z\u00e1vod\u011b tot\u00e1ln\u011b vy\u0159\u00edzen\u00e1, stra\u0161n\u011b poml\u00e1cen\u00e1, a je\u0161t\u011b pod pr\u00e1\u0161ky. Kdy\u017e jsem dorazila z\u00a0dopingov\u00e9 kontroly na hotel, \u0161la jsem sp\u00e1t a ostatn\u00ed slavili.<\/p>\n<h2><strong>\u0160lo o d\u016fsledek drsn\u00e9ho p\u00e1du hned v\u00a0prvn\u00ed kvalifika\u010dn\u00ed j\u00edzd\u011b?<\/strong><\/h2>\n<p>Ano. M\u011bla jsem krevn\u00ed sra\u017eeninu ve stehn\u011b, nemohla jsem po\u0159\u00e1dn\u011b oto\u010dit nohama v\u00a0ped\u00e1lech. K\u00a0tomu nara\u017een\u00e1 \u017eebra.<\/p>\n<figure id=\"attachment_18377\" aria-describedby=\"caption-attachment-18377\" style=\"width: 1800px\" class=\"wp-caption alignnone\"><a href=\"https:\/\/d2p6e6u75xmxt8.cloudfront.net\/13\/2022\/08\/miculycova-profimedia-0713622739.jpg\"><img loading=\"lazy\" decoding=\"async\" class=\"size-full wp-image-18377\" src=\"https:\/\/d2p6e6u75xmxt8.cloudfront.net\/13\/2022\/08\/miculycova-profimedia-0713622739.jpg\" alt=\"Iveta Miculy\u010dov\u00e1 b\u011bhem fin\u00e1lov\u00e9 j\u00edzdy na ME 2022. Foto: profimedia\" width=\"1800\" height=\"1199\" \/><\/a><figcaption id=\"caption-attachment-18377\" class=\"wp-caption-text\">Iveta Miculy\u010dov\u00e1 b\u011bhem fin\u00e1lov\u00e9 j\u00edzdy na ME 2022. Foto: profimedia<\/figcaption><\/figure>\n<h2><strong>Bylo slo\u017eit\u00e9 se p\u0159es karambol p\u0159en\u00e9st a vybojovat postup do fin\u00e1le?<\/strong><\/h2>\n<p>Hlavn\u011b z\u00a0hlediska psychick\u00e9ho. Bylo jasn\u00e9, \u017ee mus\u00edm zajet druhou j\u00edzdu \u010dist\u011b. Na start jsem p\u0159itom \u0161la v\u00a0bolestech. Ale soust\u0159edila jsem se jen na j\u00edzdu a hodn\u011b mi pomohl adrenalin, kter\u00fd mnou cloumal. Kdy\u017e jsem pak vid\u011bla, \u017ee postupuji jako sedm\u00e1, tak jsem m\u011bla obrovskou radost.<\/p>\n<h2><strong>Ov\u0161em n\u00e1sledn\u011b hrozilo, \u017ee kv\u016fli zran\u011bn\u00edm ani nenastoup\u00edte do fin\u00e1le.<\/strong><\/h2>\n<p>P\u0159ed fin\u00e1le jsme m\u011bli dvouhodinov\u00fd tr\u00e9nink. J\u00e1 se \u0161la rozjet a m\u011bla na stehn\u011b pod kalhoty led. A stejn\u011b jsem musela na o\u0161et\u0159ovnu. L\u00e9ka\u0159i mi nohu ledovali, tejpovali, mas\u00edrovali a dostala jsem pr\u00e1\u0161ky proti bolesti. Ale stihla jsem a\u017e posledn\u00edch deset minut tr\u00e9ninku. Nicm\u00e9n\u011b p\u0159ed z\u00e1vodem se mi ulevilo, proto\u017ee pr\u00e1\u0161ky zabraly. \u0160la jsem na start a byla uvoln\u011bn\u00e1. U\u017e start ve fin\u00e1le byl \u00fasp\u011bch.<\/p>\n<div class=\"shortcode-ys-post-pinup\"><article class=\"loop-simple post-17920 post type-post status-publish format-video has-post-thumbnail hentry category-podcasty tag-chris-froome tag-cyklistika tag-israel-premiertech tag-rene-andrle tag-silnicni-cyklistika tag-simon-clarke tag-tour-de-france-2022 post_format-post-format-video global-categories-cycling\" data-postid=\"17920\" role=\"article\" data-post-id=\"17920\" data-word-count=\"274\" data-headline-length=\"48\" data-category=\"Podcasty\" data-global-category=\"Cycling\" data-author=\"We Love Cycling\" data-published=\"2022-07-15T16:20:01+02:00\" data-published-day=\"Friday\">\n    <div class=\"entry-thumbnail article-thumbnail video-thumbnail\" content=\"https:\/\/d2p6e6u75xmxt8.cloudfront.net\/13\/2022\/07\/wlc-podcast-thumbnail-Andrle-150x150.webp\"><svg class=\"play font-icon\"><use href=\"#play_round\" xlink:href=\"#play_round\"><\/use><\/svg><a href=\"https:\/\/www.welovecycling.com\/cs\/2022\/07\/15\/wlc-podcast-rene-andrle-froome-me-prekvapil\/\" class=\"image-holder\" target=\"_self\"><img decoding=\"async\" loading=\"lazy\" class=\"\" src=\"https:\/\/d2p6e6u75xmxt8.cloudfront.net\/13\/2022\/07\/wlc-podcast-thumbnail-Andrle-1024x576.webp\" srcset=\"https:\/\/d2p6e6u75xmxt8.cloudfront.net\/13\/2022\/07\/wlc-podcast-thumbnail-Andrle.webp 1920w, https:\/\/d2p6e6u75xmxt8.cloudfront.net\/13\/2022\/07\/wlc-podcast-thumbnail-Andrle-300x169.webp 300w, https:\/\/d2p6e6u75xmxt8.cloudfront.net\/13\/2022\/07\/wlc-podcast-thumbnail-Andrle-1024x576.webp 1024w, https:\/\/d2p6e6u75xmxt8.cloudfront.net\/13\/2022\/07\/wlc-podcast-thumbnail-Andrle-768x432.webp 768w, https:\/\/d2p6e6u75xmxt8.cloudfront.net\/13\/2022\/07\/wlc-podcast-thumbnail-Andrle-1536x864.webp 1536w\" width=\"1024\" height=\"576\" sizes=\"auto, (min-width: 1200px) 356px, (min-width: 768px) 30vw, 100vw\" alt=\"wlc-podcast-rene-andrle-froome-me-prekvapil\"\/><\/a><\/div>    <div class=\"entry-meta\">\n        <a class=\"label label-secondary post-category\" href=\"https:\/\/www.welovecycling.com\/cs\/category\/podcasty\/\" title=\"Podcasty\">Podcasty<\/a>\n    <\/div>\n    <div class=\"entry-details\">\n        <a href=\"https:\/\/www.welovecycling.com\/cs\/2022\/07\/15\/wlc-podcast-rene-andrle-froome-me-prekvapil\/\" class='entry-title-wrapper'>\n            <h3 class=\"entry-title\"><span>WLC Podcast Ren\u00e9 Andrle: Froome m\u011b p\u0159ekvapil!<\/span><\/h3>\n        <\/a>\n    <\/div>\n    <\/article>\n<\/div>\n<h2><strong>Tu\u0161ila jste p\u0159ed fin\u00e1le, \u017ee st\u00e1t se m\u016f\u017ee cokoliv nebo jste na stupn\u011b v\u00edt\u011bz\u016f v\u016fbec nemyslela?<\/strong><\/h2>\n<p>Byla tam olympijsk\u00e1 v\u00edt\u011bzka Charlotte Worthingtonov\u00e1, pak bronzov\u00e1 medailistka z OH Nikita Ducarrozov\u00e1 ze \u0160v\u00fdcarska. Za takov\u00fdch okolnost\u00ed si holka jako j\u00e1 \u0159\u00edk\u00e1, \u017ee stupn\u011b v\u00edt\u011bz\u016f jsou obsazen\u00e9. Ne\u010dekala jsem nic velk\u00e9ho.<\/p>\n<figure id=\"attachment_18378\" aria-describedby=\"caption-attachment-18378\" style=\"width: 1800px\" class=\"wp-caption alignnone\"><a href=\"https:\/\/d2p6e6u75xmxt8.cloudfront.net\/13\/2022\/08\/miculycova-profimedia-0714052981.jpg\"><img loading=\"lazy\" decoding=\"async\" class=\"size-full wp-image-18378\" src=\"https:\/\/d2p6e6u75xmxt8.cloudfront.net\/13\/2022\/08\/miculycova-profimedia-0714052981.jpg\" alt=\"Iveta Miculy\u010dov\u00e1 b\u011bhem fin\u00e1lov\u00e9 j\u00edzdy na ME 2022. Foto: profimedia\" width=\"1800\" height=\"1200\" \/><\/a><figcaption id=\"caption-attachment-18378\" class=\"wp-caption-text\"><em>Iveta Miculy\u010dov\u00e1 b\u011bhem fin\u00e1lov\u00e9 j\u00edzdy na ME 2022. Foto: profimedia<\/em><\/figcaption><\/figure>\n<h2><strong>V\u00a0prvn\u00ed fin\u00e1lov\u00e9 j\u00edzd\u011b jste p\u0159edvedla jeden\u00e1ct trik\u016f, v\u00a0druh\u00e9 jste pak p\u0159idala je\u0161t\u011b o jeden v\u00edc. Kdy\u017e jste n\u00e1sledn\u011b vid\u011bla ostatn\u00ed soupe\u0159ky, jak chybuj\u00ed, co v\u00e1m b\u011b\u017eelo hlavou?<\/strong><\/h2>\n<p>V\u011bd\u011bla jsem, \u017ee v\u00a0dan\u00fd okam\u017eik jsem l\u00e9pe jet nemohla. Koukala jsem na v\u00fdsledkovou tabuli, kde jsem byla po\u0159\u00e1d prvn\u00ed a \u0161lo o hodn\u011b zvl\u00e1\u0161tn\u00ed pocit. \u0158\u00edkala jsem si, \u017ee se nic takov\u00e9ho ned\u011bje a ur\u010dit\u011b jenom sn\u00edm. A pak m\u011bly v\u0161echny holky odjeto a j\u00e1 \u00fapln\u011b ztuhla.<\/p>\n<h2><strong>Porazila jste dv\u011b medailistky z\u00a0olympijsk\u00fdch her. Co pro v\u00e1s znamen\u00e1 p\u0159edstava \u00fa\u010dasti v\u00a0boj\u00edch pod p\u011bti kruhy?<\/strong><\/h2>\n<p>Olympi\u00e1da je m\u016fj nejv\u011bt\u0161\u00ed c\u00edl a sen. M\u00e1m re\u00e1lnou \u0161anci se kvalifikovat. Za ka\u017ed\u00fd z\u00e1vod m\u00e1m ur\u010ditou porci bod\u016f. Tak\u017ee douf\u00e1m, \u017ee to vyjde. Na Evrop\u011b jsem si dok\u00e1zala, \u017ee bych nebyla bez \u0161ance na dobr\u00e9 um\u00edst\u011bn\u00ed.<\/p>\n<div class=\"shortcode-ys-post-pinup\"><article class=\"loop-simple post-17955 post type-post status-publish format-video has-post-thumbnail hentry category-https-www-welovecycling-com-cs-otestovano-jizdou category-tipy-na-vylet tag-cyklistika tag-cyklotrasy tag-cyklovylet tag-horska-cyklistika tag-jitka-vesela tag-luzicke-hory tag-masterchef tag-silnicni-cyklistika tag-trenink tag-zdravi-a-trenink post_format-post-format-video global-categories-cycling\" data-postid=\"17955\" role=\"article\" data-post-id=\"17955\" data-word-count=\"210\" data-headline-length=\"54\" data-category=\"Cyklotrasy\" data-global-category=\"Cycling\" data-author=\"We Love Cycling\" data-published=\"2022-07-18T11:33:51+02:00\" data-published-day=\"Monday\">\n    <div class=\"entry-thumbnail article-thumbnail video-thumbnail\" content=\"https:\/\/d2p6e6u75xmxt8.cloudfront.net\/13\/2022\/07\/WLC-_-LUZICKE-HORY-_-thumbnail-_-THUMBNAIL-150x150.webp\"><svg class=\"play font-icon\"><use href=\"#play_round\" xlink:href=\"#play_round\"><\/use><\/svg><a href=\"https:\/\/www.welovecycling.com\/cs\/2022\/07\/18\/luzicke-hory-cyklovylety-s-we-love-cycling\/\" class=\"image-holder\" target=\"_self\"><img decoding=\"async\" loading=\"lazy\" class=\"\" src=\"https:\/\/d2p6e6u75xmxt8.cloudfront.net\/13\/2022\/07\/WLC-_-LUZICKE-HORY-_-thumbnail-_-THUMBNAIL-1024x576.webp\" srcset=\"https:\/\/d2p6e6u75xmxt8.cloudfront.net\/13\/2022\/07\/WLC-_-LUZICKE-HORY-_-thumbnail-_-THUMBNAIL.webp 1920w, https:\/\/d2p6e6u75xmxt8.cloudfront.net\/13\/2022\/07\/WLC-_-LUZICKE-HORY-_-thumbnail-_-THUMBNAIL-300x169.webp 300w, https:\/\/d2p6e6u75xmxt8.cloudfront.net\/13\/2022\/07\/WLC-_-LUZICKE-HORY-_-thumbnail-_-THUMBNAIL-1024x576.webp 1024w, https:\/\/d2p6e6u75xmxt8.cloudfront.net\/13\/2022\/07\/WLC-_-LUZICKE-HORY-_-thumbnail-_-THUMBNAIL-768x432.webp 768w, https:\/\/d2p6e6u75xmxt8.cloudfront.net\/13\/2022\/07\/WLC-_-LUZICKE-HORY-_-thumbnail-_-THUMBNAIL-1536x864.webp 1536w\" width=\"1024\" height=\"576\" sizes=\"auto, (min-width: 1200px) 356px, (min-width: 768px) 30vw, 100vw\" alt=\"luzicke-hory-cyklovylety-s-we-love-cycling\"\/><\/a><\/div>    <div class=\"entry-meta\">\n        <a class=\"label label-secondary post-category\" href=\"https:\/\/www.welovecycling.com\/cs\/category\/https-www-welovecycling-com-cs-otestovano-jizdou\/\" title=\"Cyklotrasy\">Cyklotrasy<\/a>\n    <\/div>\n    <div class=\"entry-details\">\n        <a href=\"https:\/\/www.welovecycling.com\/cs\/2022\/07\/18\/luzicke-hory-cyklovylety-s-we-love-cycling\/\" class='entry-title-wrapper'>\n            <h3 class=\"entry-title\"><span>Lu\u017eick\u00e9 hory &#8211; Cyklov\u00fdlety s\u00a0We Love Cycling<\/span><\/h3>\n        <\/a>\n    <\/div>\n    <\/article>\n<\/div>\n<h2><strong>Jak\u00e1 vlastn\u011b byla va\u0161e cesta k\u00a0BMX frestyle?<\/strong><\/h2>\n<p>V\u017edy jsem \u0161la do v\u0161eho po hlav\u011b. M\u011bla jsem r\u00e1da drsn\u011bj\u0161\u00ed sporty. Balet by pro m\u011b ur\u010dit\u011b nebyl&#8230; Hr\u00e1la jsem fotbal a prosadila jsem se do reprezentace do patn\u00e1cti let. Dostala jsem i nab\u00eddku z\u00a0pra\u017esk\u00e9 Sparty.<\/p>\n<h2><strong>A p\u0159estup do nej\u00fasp\u011b\u0161n\u011bj\u0161\u00edho klubu jste odm\u00edtla?<\/strong><\/h2>\n<p>Chodila jsem tehdy do \u0161est\u00e9 t\u0159\u00eddy. A mamka mi p\u0159esun do Prahy zatrhla, \u017ee mohu odej\u00edt a\u017e teprve v\u00a0okam\u017eiku, kdy budu m\u00edt z\u00e1kladku za sebou a p\u016fjdu na st\u0159edn\u00ed. Od n\u00e1s z\u00a0Kosteleck\u00e9 Lhoty to bylo z\u00a0ruky&#8230; Jen\u017ee b\u011bhem t\u011bch t\u0159\u00ed let se mi fotbal tro\u0161ku zprotivil. Bylo to po\u0159\u00e1d stejn\u00e9. Nav\u00edc jsem m\u011bla pocit, \u017ee t\u00fdmov\u00fd sport mi nesed\u00ed.<\/p>\n<figure id=\"attachment_18374\" aria-describedby=\"caption-attachment-18374\" style=\"width: 1920px\" class=\"wp-caption alignnone\"><a href=\"https:\/\/d2p6e6u75xmxt8.cloudfront.net\/13\/2022\/08\/MICULYCOVA-Iveta-BrychtaJan_ME_Mnichov_20220812_162621_DSC_7958-2-1-scaled.jpg\"><img loading=\"lazy\" decoding=\"async\" class=\"size-extra-large wp-image-18374\" src=\"https:\/\/d2p6e6u75xmxt8.cloudfront.net\/13\/2022\/08\/MICULYCOVA-Iveta-BrychtaJan_ME_Mnichov_20220812_162621_DSC_7958-2-1-1920x1278.jpg\" alt=\"Euforie na stupn\u00edch v\u00edt\u011bz\u016f. Iveta Miculy\u010dov\u00e1 slav\u00ed triumf mistryn\u011b Evropy. Foto: Jan Brychta\" width=\"1920\" height=\"1278\" \/><\/a><figcaption id=\"caption-attachment-18374\" class=\"wp-caption-text\"><em>Euforie na stupn\u00edch v\u00edt\u011bz\u016f. Iveta Miculy\u010dov\u00e1 slav\u00ed triumf mistryn\u011b Evropy. Foto: Jan Brychta (2x)<\/em><\/figcaption><\/figure>\n<h2><strong>Tak\u017ee jste hned zvolila BMX freestyle?<\/strong><\/h2>\n<p>Jo. Na kole jsem jezdila r\u00e1da. Jako mal\u00e1 jsem vid\u011bla n\u011bjak\u00e9 videa na youtube, pak jsem byla na jedn\u00e9 exhibici a do v\u0161eho otev\u0159eli v\u00a0Kostelci nad Orlic\u00ed skatepark. Tak jsem si \u0159ekla, \u017ee do toho jdu. Doma se ale moje volba s\u00a0pozitivn\u00ed odezvou nesetkala. V\u0161ichni m\u011b zrazovali. \u017de o freestylu nic nev\u00edm a nikdy nic nedok\u00e1\u017eu. Ale kdy\u017e jsem vyhr\u00e1la minul\u00fd rok mistrovstv\u00ed republiky, z\u00edskala jsem si v\u0161echny na svoji stranu.<\/p>\n<div class=\"shortcode-ys-post-pinup\"><article class=\"loop-simple post-16899 post type-post status-publish format-standard has-post-thumbnail hentry category-https-www-welovecycling-com-cs-category-zabava tag-bmx tag-cyklistika tag-freestyle tag-krystof-odehnal tag-trenink global-categories-cycling\" data-postid=\"16899\" role=\"article\" data-post-id=\"16899\" data-word-count=\"642\" data-headline-length=\"75\" data-category=\"Z\u00c1BAVA\" data-global-category=\"Cycling\" data-author=\"We Love Cycling\" data-published=\"2022-05-10T20:00:41+02:00\" data-published-day=\"Tuesday\">\n    <div class=\"entry-thumbnail article-thumbnail\" content=\"https:\/\/d2p6e6u75xmxt8.cloudfront.net\/13\/2022\/05\/krystof-odehnal-6ADCBEB4-63D8-43D2-8749-3C011B485867-1-scaled-150x150.webp\"><a href=\"https:\/\/www.welovecycling.com\/cs\/2022\/05\/10\/za-spatne-znamky-nesmel-do-sedla-ted-se-krystof-odehnal-kolem-zivi\/\" class=\"image-holder\" target=\"_self\"><img decoding=\"async\" loading=\"lazy\" class=\"\" src=\"https:\/\/d2p6e6u75xmxt8.cloudfront.net\/13\/2022\/05\/krystof-odehnal-6ADCBEB4-63D8-43D2-8749-3C011B485867-1-scaled-819x1024.webp\" srcset=\"https:\/\/d2p6e6u75xmxt8.cloudfront.net\/13\/2022\/05\/krystof-odehnal-6ADCBEB4-63D8-43D2-8749-3C011B485867-1-scaled.webp 2048w, https:\/\/d2p6e6u75xmxt8.cloudfront.net\/13\/2022\/05\/krystof-odehnal-6ADCBEB4-63D8-43D2-8749-3C011B485867-1-scaled-240x300.webp 240w, https:\/\/d2p6e6u75xmxt8.cloudfront.net\/13\/2022\/05\/krystof-odehnal-6ADCBEB4-63D8-43D2-8749-3C011B485867-1-scaled-819x1024.webp 819w, https:\/\/d2p6e6u75xmxt8.cloudfront.net\/13\/2022\/05\/krystof-odehnal-6ADCBEB4-63D8-43D2-8749-3C011B485867-1-scaled-768x960.webp 768w, https:\/\/d2p6e6u75xmxt8.cloudfront.net\/13\/2022\/05\/krystof-odehnal-6ADCBEB4-63D8-43D2-8749-3C011B485867-1-scaled-1229x1536.webp 1229w, https:\/\/d2p6e6u75xmxt8.cloudfront.net\/13\/2022\/05\/krystof-odehnal-6ADCBEB4-63D8-43D2-8749-3C011B485867-1-scaled-1638x2048.webp 1638w, https:\/\/d2p6e6u75xmxt8.cloudfront.net\/13\/2022\/05\/krystof-odehnal-6ADCBEB4-63D8-43D2-8749-3C011B485867-1-scaled-1536x1920.webp 1536w, https:\/\/d2p6e6u75xmxt8.cloudfront.net\/13\/2022\/05\/krystof-odehnal-6ADCBEB4-63D8-43D2-8749-3C011B485867-1-scaled-1536x1920.webp 1536w\" width=\"819\" height=\"1024\" sizes=\"auto, (min-width: 1200px) 300px, (min-width: 768px) 25vw, 100vw\" alt=\"za-spatne-znamky-nesmel-do-sedla-ted-se-krystof-odehnal-kolem-zivi\"\/><\/a><\/div>    <div class=\"entry-meta\">\n        <a class=\"label label-secondary post-category\" href=\"https:\/\/www.welovecycling.com\/cs\/category\/https-www-welovecycling-com-cs-category-zabava\/\" title=\"Z\u00c1BAVA\">Z\u00c1BAVA<\/a>\n    <\/div>\n    <div class=\"entry-details\">\n        <a href=\"https:\/\/www.welovecycling.com\/cs\/2022\/05\/10\/za-spatne-znamky-nesmel-do-sedla-ted-se-krystof-odehnal-kolem-zivi\/\" class='entry-title-wrapper'>\n            <h3 class=\"entry-title\"><span>Za \u0161patn\u00e9 zn\u00e1mky nesm\u011bl do sedla. Te\u010f se Kry\u0161tof Odehnal kolem \u017eiv\u00ed<\/span><\/h3>\n        <\/a>\n    <\/div>\n    <\/article>\n<\/div>\n<h2><strong>Tehdy jste jako prvn\u00ed \u010desk\u00e1 freestylistka sko\u010dila backflip. Ale co za\u010d\u00e1tky? Neodradily v\u00e1s ani p\u00e1dy, kter\u00e9 nepochybn\u011b start v BMX prov\u00e1zely?<\/strong><\/h2>\n<p>P\u00e1d\u016f bylo hodn\u011b. M\u011bla jsem nespo\u010det v\u00fdron\u016f kotn\u00edk\u016f, kter\u00e9 m\u00e1m hodn\u011b pochrouman\u00e9. Podstoupila jsem operaci kolene, proto\u017ee jsem m\u011bla na\u0161t\u00edpnut\u00fd meniskus. Od\u0159eniny, nata\u017een\u00e9 svaly nebo vyra\u017een\u00fd dech, to jsou z\u00e1le\u017eitosti, kter\u00e9 ani nepo\u010d\u00edt\u00e1m. Jezd\u00edm vlastn\u011b teprve t\u0159et\u00edm rokem. Za\u010dala jsem p\u0159ed vypuknut\u00edm pandemie covid-19 a ty dva roky b\u011bhem v\u0161ech restrikc\u00ed na\u0161emu sportu moc nep\u0159\u00e1ly. Parky se po\u0159\u00e1d zav\u00edraly. Tak\u017ee vlastn\u011b a\u017e letos jsem za\u010dala jezdit hodn\u011b intenzivn\u011b.<\/p>\n<h2><strong>Kolik \u010dasu v\u011bnuje evropsk\u00e1 \u0161ampionka tr\u00e9ninku?<\/strong><\/h2>\n<p>Nejezd\u00edm podle n\u011bjak\u00e9ho pl\u00e1nu. Na prvn\u00edm m\u00edst\u011b je zdravotn\u00ed stav, pak z\u00e1le\u017e\u00ed na n\u00e1lad\u011b, tak\u00e9 je d\u016fle\u017eit\u00e9 m\u00edt energii. A samoz\u0159ejm\u011b je t\u0159eba dobr\u00e9 po\u010das\u00ed. N\u011bkdy jsem v\u00a0parku hodinu a\u017e dv\u011b, ale kdy\u017e se mi da\u0159\u00ed, tak na kole str\u00e1v\u00edm t\u0159eba p\u011bt hodin. Z\u00e1le\u017e\u00ed na moj\u00ed chuti.<\/p>\n","protected":false},"excerpt":{"rendered":"<p>Je kr\u00e1lovnou Evropy ve freestyle BMX. V\u00a0pouh\u00fdch \u0161estn\u00e1cti letech a jen t\u0159i roky pot\u00e9, co se discipl\u00edn\u011b za\u010dala v\u011bnovat intenzivn\u011b! [&hellip;]<\/p>\n","protected":false},"author":138,"featured_media":18376,"comment_status":"open","ping_status":"open","sticky":false,"template":"","format":"standard","meta":{"footnotes":""},"categories":[5],"tags":[126,2491,2530,2531,1290,43],"global-categories":[411],"class_list":["post-18370","post","type-post","status-publish","format-standard","has-post-thumbnail","hentry","category-zeny","tag-cyklistika","tag-freestyle-bmx","tag-iveta-miculycova","tag-me-2022","tag-mistrovstvi-evropy","tag-zeny","global-categories-cycling"],"yoast_head":"<!-- This site is optimized with the Yoast SEO Premium plugin v25.3 (Yoast SEO v25.9) - https:\/\/yoast.com\/wordpress\/plugins\/seo\/ -->\n<title>Iveta Miculy\u010dov\u00e1, mistryn\u011b Evropy BMX: Rodi\u010de necht\u011bli, abych d\u011blala freestyle | \u0160koda We Love Cycling - \u010cesk\u00e1 republika<\/title>\n<meta name=\"description\" content=\"Je kr\u00e1lovnou Evropy ve freestyle BMX. V\u00a0pouh\u00fdch \u0161estn\u00e1cti letech! Kdy\u017e Iveta Miculy\u010dov\u00e1 na kole za\u010d\u00ednala, doma se setkala s\u00a0nevol\u00ed.\" \/>\n<meta name=\"robots\" content=\"index, follow, max-snippet:-1, max-image-preview:large, max-video-preview:-1\" \/>\n<link rel=\"canonical\" href=\"https:\/\/www.welovecycling.com\/cs\/2022\/08\/15\/iveta-miculycova-mistryne-evropy-bmx-rodice-nechteli-abych-delala-freestyle\/\" \/>\n<meta property=\"og:locale\" content=\"cs_CZ\" \/>\n<meta property=\"og:type\" content=\"article\" \/>\n<meta property=\"og:title\" content=\"Iveta Miculy\u010dov\u00e1, mistryn\u011b Evropy BMX: Rodi\u010de necht\u011bli, abych d\u011blala freestyle\" \/>\n<meta property=\"og:description\" content=\"Je kr\u00e1lovnou Evropy ve freestyle BMX. V\u00a0pouh\u00fdch \u0161estn\u00e1cti letech! Kdy\u017e Iveta Miculy\u010dov\u00e1 na kole za\u010d\u00ednala, doma se setkala s\u00a0nevol\u00ed.\" \/>\n<meta property=\"og:url\" content=\"https:\/\/www.welovecycling.com\/cs\/2022\/08\/15\/iveta-miculycova-mistryne-evropy-bmx-rodice-nechteli-abych-delala-freestyle\/\" \/>\n<meta property=\"og:site_name\" content=\"\u0160koda We Love Cycling - \u010cesk\u00e1 republika\" \/>\n<meta property=\"article:published_time\" content=\"2022-08-15T11:55:34+00:00\" \/>\n<meta property=\"og:image\" content=\"https:\/\/d2p6e6u75xmxt8.cloudfront.net\/13\/2022\/08\/MICULYCOVA-Iveta-BrychtaJan_ME_Mnichov_20220812_163027_DSC_8013-scaled.webp\" \/>\n\t<meta property=\"og:image:width\" content=\"2560\" \/>\n\t<meta property=\"og:image:height\" content=\"1704\" \/>\n\t<meta property=\"og:image:type\" content=\"image\/webp\" \/>\n<meta name=\"author\" content=\"radekmalina\" \/>\n<meta name=\"twitter:card\" content=\"summary_large_image\" \/>\n<meta name=\"twitter:label1\" content=\"Written by\" \/>\n\t<meta name=\"twitter:data1\" content=\"We Love Cycling\" \/>\n\t<meta name=\"twitter:label2\" content=\"Est. reading time\" \/>\n\t<meta name=\"twitter:data2\" content=\"5\" \/>\n<script type=\"application\/ld+json\" class=\"yoast-schema-graph\">{\"@context\":\"https:\/\/schema.org\",\"@graph\":[{\"@type\":\"WebPage\",\"@id\":\"https:\/\/www.welovecycling.com\/cs\/2022\/08\/15\/iveta-miculycova-mistryne-evropy-bmx-rodice-nechteli-abych-delala-freestyle\/\",\"url\":\"https:\/\/www.welovecycling.com\/cs\/2022\/08\/15\/iveta-miculycova-mistryne-evropy-bmx-rodice-nechteli-abych-delala-freestyle\/\",\"name\":\"Iveta Miculy\u010dov\u00e1, mistryn\u011b Evropy BMX: Rodi\u010de necht\u011bli, abych d\u011blala freestyle | \u0160koda We Love Cycling - \u010cesk\u00e1 republika\",\"isPartOf\":{\"@id\":\"https:\/\/www.welovecycling.com\/cs\/#website\"},\"primaryImageOfPage\":{\"@id\":\"https:\/\/www.welovecycling.com\/cs\/2022\/08\/15\/iveta-miculycova-mistryne-evropy-bmx-rodice-nechteli-abych-delala-freestyle\/#primaryimage\"},\"image\":{\"@id\":\"https:\/\/www.welovecycling.com\/cs\/2022\/08\/15\/iveta-miculycova-mistryne-evropy-bmx-rodice-nechteli-abych-delala-freestyle\/#primaryimage\"},\"thumbnailUrl\":\"https:\/\/d2p6e6u75xmxt8.cloudfront.net\/13\/2022\/08\/MICULYCOVA-Iveta-BrychtaJan_ME_Mnichov_20220812_163027_DSC_8013-scaled.webp\",\"datePublished\":\"2022-08-15T11:55:34+00:00\",\"author\":{\"@id\":\"https:\/\/www.welovecycling.com\/cs\/#\/schema\/person\/d9eeb0a378f3a7e4a6d12d2b536b04b8\"},\"description\":\"Je kr\u00e1lovnou Evropy ve freestyle BMX. V\u00a0pouh\u00fdch \u0161estn\u00e1cti letech! Kdy\u017e Iveta Miculy\u010dov\u00e1 na kole za\u010d\u00ednala, doma se setkala s\u00a0nevol\u00ed.\",\"inLanguage\":\"cs\",\"potentialAction\":[{\"@type\":\"ReadAction\",\"target\":[\"https:\/\/www.welovecycling.com\/cs\/2022\/08\/15\/iveta-miculycova-mistryne-evropy-bmx-rodice-nechteli-abych-delala-freestyle\/\"]}]},{\"@type\":\"ImageObject\",\"inLanguage\":\"cs\",\"@id\":\"https:\/\/www.welovecycling.com\/cs\/2022\/08\/15\/iveta-miculycova-mistryne-evropy-bmx-rodice-nechteli-abych-delala-freestyle\/#primaryimage\",\"url\":\"https:\/\/d2p6e6u75xmxt8.cloudfront.net\/13\/2022\/08\/MICULYCOVA-Iveta-BrychtaJan_ME_Mnichov_20220812_163027_DSC_8013-scaled.webp\",\"contentUrl\":\"https:\/\/d2p6e6u75xmxt8.cloudfront.net\/13\/2022\/08\/MICULYCOVA-Iveta-BrychtaJan_ME_Mnichov_20220812_163027_DSC_8013-scaled.webp\",\"width\":2560,\"height\":1704},{\"@type\":\"WebSite\",\"@id\":\"https:\/\/www.welovecycling.com\/cs\/#website\",\"url\":\"https:\/\/www.welovecycling.com\/cs\/\",\"name\":\"\u0160koda We Love Cycling - \u010cesk\u00e1 republika\",\"description\":\"WeLoveCycling.cz je online magaz\u00edn, kter\u00fd v\u00e1m pravideln\u011b p\u0159in\u00e1\u0161\u00ed rady a tipy, zaj\u00edmav\u00e9 \u010dl\u00e1nky, videa a jedine\u010dn\u00e9 report\u00e1\u017ee ze sv\u011bta cyklistiky.\",\"potentialAction\":[{\"@type\":\"SearchAction\",\"target\":{\"@type\":\"EntryPoint\",\"urlTemplate\":\"https:\/\/www.welovecycling.com\/cs\/?s={search_term_string}\"},\"query-input\":{\"@type\":\"PropertyValueSpecification\",\"valueRequired\":true,\"valueName\":\"search_term_string\"}}],\"inLanguage\":\"cs\"},{\"@type\":\"Person\",\"@id\":\"https:\/\/www.welovecycling.com\/cs\/#\/schema\/person\/d9eeb0a378f3a7e4a6d12d2b536b04b8\",\"name\":\"radekmalina\",\"image\":{\"@type\":\"ImageObject\",\"inLanguage\":\"cs\",\"@id\":\"https:\/\/www.welovecycling.com\/cs\/#\/schema\/person\/image\/\",\"url\":\"https:\/\/secure.gravatar.com\/avatar\/66994b632cb8c39a46b9f54afa3ae07201b678d32a54275b6f1c9ffec356bfc0?s=96&d=mm&r=g\",\"contentUrl\":\"https:\/\/secure.gravatar.com\/avatar\/66994b632cb8c39a46b9f54afa3ae07201b678d32a54275b6f1c9ffec356bfc0?s=96&d=mm&r=g\",\"caption\":\"radekmalina\"},\"url\":\"https:\/\/www.welovecycling.com\/cs\/author\/radekmalina\/\"}]}<\/script>\n<!-- \/ Yoast SEO Premium plugin. -->","yoast_head_json":{"title":"Iveta Miculy\u010dov\u00e1, mistryn\u011b Evropy BMX: Rodi\u010de necht\u011bli, abych d\u011blala freestyle | \u0160koda We Love Cycling - \u010cesk\u00e1 republika","description":"Je kr\u00e1lovnou Evropy ve freestyle BMX. V\u00a0pouh\u00fdch \u0161estn\u00e1cti letech! Kdy\u017e Iveta Miculy\u010dov\u00e1 na kole za\u010d\u00ednala, doma se setkala s\u00a0nevol\u00ed.","robots":{"index":"index","follow":"follow","max-snippet":"max-snippet:-1","max-image-preview":"max-image-preview:large","max-video-preview":"max-video-preview:-1"},"canonical":"https:\/\/www.welovecycling.com\/cs\/2022\/08\/15\/iveta-miculycova-mistryne-evropy-bmx-rodice-nechteli-abych-delala-freestyle\/","og_locale":"cs_CZ","og_type":"article","og_title":"Iveta Miculy\u010dov\u00e1, mistryn\u011b Evropy BMX: Rodi\u010de necht\u011bli, abych d\u011blala freestyle","og_description":"Je kr\u00e1lovnou Evropy ve freestyle BMX. V\u00a0pouh\u00fdch \u0161estn\u00e1cti letech! Kdy\u017e Iveta Miculy\u010dov\u00e1 na kole za\u010d\u00ednala, doma se setkala s\u00a0nevol\u00ed.","og_url":"https:\/\/www.welovecycling.com\/cs\/2022\/08\/15\/iveta-miculycova-mistryne-evropy-bmx-rodice-nechteli-abych-delala-freestyle\/","og_site_name":"\u0160koda We Love Cycling - \u010cesk\u00e1 republika","article_published_time":"2022-08-15T11:55:34+00:00","og_image":[{"width":2560,"height":1704,"url":"https:\/\/d2p6e6u75xmxt8.cloudfront.net\/13\/2022\/08\/MICULYCOVA-Iveta-BrychtaJan_ME_Mnichov_20220812_163027_DSC_8013-scaled.webp","type":"image\/webp"}],"author":"radekmalina","twitter_card":"summary_large_image","twitter_misc":{"Written by":"We Love Cycling","Est. reading time":"5"},"schema":{"@context":"https:\/\/schema.org","@graph":[{"@type":"WebPage","@id":"https:\/\/www.welovecycling.com\/cs\/2022\/08\/15\/iveta-miculycova-mistryne-evropy-bmx-rodice-nechteli-abych-delala-freestyle\/","url":"https:\/\/www.welovecycling.com\/cs\/2022\/08\/15\/iveta-miculycova-mistryne-evropy-bmx-rodice-nechteli-abych-delala-freestyle\/","name":"Iveta Miculy\u010dov\u00e1, mistryn\u011b Evropy BMX: Rodi\u010de necht\u011bli, abych d\u011blala freestyle | \u0160koda We Love Cycling - \u010cesk\u00e1 republika","isPartOf":{"@id":"https:\/\/www.welovecycling.com\/cs\/#website"},"primaryImageOfPage":{"@id":"https:\/\/www.welovecycling.com\/cs\/2022\/08\/15\/iveta-miculycova-mistryne-evropy-bmx-rodice-nechteli-abych-delala-freestyle\/#primaryimage"},"image":{"@id":"https:\/\/www.welovecycling.com\/cs\/2022\/08\/15\/iveta-miculycova-mistryne-evropy-bmx-rodice-nechteli-abych-delala-freestyle\/#primaryimage"},"thumbnailUrl":"https:\/\/d2p6e6u75xmxt8.cloudfront.net\/13\/2022\/08\/MICULYCOVA-Iveta-BrychtaJan_ME_Mnichov_20220812_163027_DSC_8013-scaled.webp","datePublished":"2022-08-15T11:55:34+00:00","author":{"@id":"https:\/\/www.welovecycling.com\/cs\/#\/schema\/person\/d9eeb0a378f3a7e4a6d12d2b536b04b8"},"description":"Je kr\u00e1lovnou Evropy ve freestyle BMX. V\u00a0pouh\u00fdch \u0161estn\u00e1cti letech! Kdy\u017e Iveta Miculy\u010dov\u00e1 na kole za\u010d\u00ednala, doma se setkala s\u00a0nevol\u00ed.","inLanguage":"cs","potentialAction":[{"@type":"ReadAction","target":["https:\/\/www.welovecycling.com\/cs\/2022\/08\/15\/iveta-miculycova-mistryne-evropy-bmx-rodice-nechteli-abych-delala-freestyle\/"]}]},{"@type":"ImageObject","inLanguage":"cs","@id":"https:\/\/www.welovecycling.com\/cs\/2022\/08\/15\/iveta-miculycova-mistryne-evropy-bmx-rodice-nechteli-abych-delala-freestyle\/#primaryimage","url":"https:\/\/d2p6e6u75xmxt8.cloudfront.net\/13\/2022\/08\/MICULYCOVA-Iveta-BrychtaJan_ME_Mnichov_20220812_163027_DSC_8013-scaled.webp","contentUrl":"https:\/\/d2p6e6u75xmxt8.cloudfront.net\/13\/2022\/08\/MICULYCOVA-Iveta-BrychtaJan_ME_Mnichov_20220812_163027_DSC_8013-scaled.webp","width":2560,"height":1704},{"@type":"WebSite","@id":"https:\/\/www.welovecycling.com\/cs\/#website","url":"https:\/\/www.welovecycling.com\/cs\/","name":"\u0160koda We Love Cycling - \u010cesk\u00e1 republika","description":"WeLoveCycling.cz je online magaz\u00edn, kter\u00fd v\u00e1m pravideln\u011b p\u0159in\u00e1\u0161\u00ed rady a tipy, zaj\u00edmav\u00e9 \u010dl\u00e1nky, videa a jedine\u010dn\u00e9 report\u00e1\u017ee ze sv\u011bta cyklistiky.","potentialAction":[{"@type":"SearchAction","target":{"@type":"EntryPoint","urlTemplate":"https:\/\/www.welovecycling.com\/cs\/?s={search_term_string}"},"query-input":{"@type":"PropertyValueSpecification","valueRequired":true,"valueName":"search_term_string"}}],"inLanguage":"cs"},{"@type":"Person","@id":"https:\/\/www.welovecycling.com\/cs\/#\/schema\/person\/d9eeb0a378f3a7e4a6d12d2b536b04b8","name":"radekmalina","image":{"@type":"ImageObject","inLanguage":"cs","@id":"https:\/\/www.welovecycling.com\/cs\/#\/schema\/person\/image\/","url":"https:\/\/secure.gravatar.com\/avatar\/66994b632cb8c39a46b9f54afa3ae07201b678d32a54275b6f1c9ffec356bfc0?s=96&d=mm&r=g","contentUrl":"https:\/\/secure.gravatar.com\/avatar\/66994b632cb8c39a46b9f54afa3ae07201b678d32a54275b6f1c9ffec356bfc0?s=96&d=mm&r=g","caption":"radekmalina"},"url":"https:\/\/www.welovecycling.com\/cs\/author\/radekmalina\/"}]}},"_links":{"self":[{"href":"https:\/\/www.welovecycling.com\/cs\/wp-json\/wp\/v2\/posts\/18370","targetHints":{"allow":["GET"]}}],"collection":[{"href":"https:\/\/www.welovecycling.com\/cs\/wp-json\/wp\/v2\/posts"}],"about":[{"href":"https:\/\/www.welovecycling.com\/cs\/wp-json\/wp\/v2\/types\/post"}],"author":[{"embeddable":true,"href":"https:\/\/www.welovecycling.com\/cs\/wp-json\/wp\/v2\/users\/138"}],"replies":[{"embeddable":true,"href":"https:\/\/www.welovecycling.com\/cs\/wp-json\/wp\/v2\/comments?post=18370"}],"version-history":[{"count":2,"href":"https:\/\/www.welovecycling.com\/cs\/wp-json\/wp\/v2\/posts\/18370\/revisions"}],"predecessor-version":[{"id":18379,"href":"https:\/\/www.welovecycling.com\/cs\/wp-json\/wp\/v2\/posts\/18370\/revisions\/18379"}],"wp:featuredmedia":[{"embeddable":true,"href":"https:\/\/www.welovecycling.com\/cs\/wp-json\/wp\/v2\/media\/18376"}],"wp:attachment":[{"href":"https:\/\/www.welovecycling.com\/cs\/wp-json\/wp\/v2\/media?parent=18370"}],"wp:term":[{"taxonomy":"category","embeddable":true,"href":"https:\/\/www.welovecycling.com\/cs\/wp-json\/wp\/v2\/categories?post=18370"},{"taxonomy":"post_tag","embeddable":true,"href":"https:\/\/www.welovecycling.com\/cs\/wp-json\/wp\/v2\/tags?post=18370"},{"taxonomy":"global-categories","embeddable":true,"href":"https:\/\/www.welovecycling.com\/cs\/wp-json\/wp\/v2\/global-categories?post=18370"}],"curies":[{"name":"wp","href":"https:\/\/api.w.org\/{rel}","templated":true}]}}