{"id":18346,"date":"2022-08-16T14:00:05","date_gmt":"2022-08-16T12:00:05","guid":{"rendered":"https:\/\/www.welovecycling.com\/cs\/?p=18346"},"modified":"2022-08-16T14:23:02","modified_gmt":"2022-08-16T12:23:02","slug":"jezero-ledro-a-via-ponale-zazitkova-cyklistika","status":"publish","type":"post","link":"https:\/\/www.welovecycling.com\/cs\/2022\/08\/16\/jezero-ledro-a-via-ponale-zazitkova-cyklistika\/","title":{"rendered":"Tip na cyklov\u00fdlet: jezero Ledro a Via Ponale: z\u00e1\u017eitkov\u00e1 cyklistika"},"content":{"rendered":"<p><strong>Sev\u0159en\u00e9 horami, obklopen\u00e9 lesy a t\u00e9m\u011b\u0159 zapomenut\u00e9 jako v\u00a0tom nejromanti\u010dt\u011bj\u0161\u00edm p\u0159\u00edb\u011bhu le\u017e\u00ed jezero Ledro. Tak tro\u0161ku ve st\u00ednu v\u011bt\u0161\u00edho a slavn\u011bj\u0161\u00edho jezera Garda, a p\u0159eci tak romantick\u00e9 a rozhodn\u011b zasluhuj\u00edc\u00ed va\u0161i pozornost.<\/strong><\/p>\n<p>Kousek od jezera Garda, kter\u00e9 je r\u00e1jem v\u0161ech cyklist\u016f, se rozkl\u00e1d\u00e1 dal\u0161\u00ed jezero Ledro. Le\u017e\u00ed v sev\u0159en\u00ed hor, obklopeno lesy a dostanete se sem na horsk\u00e9m kole po star\u00e9 cest\u011b Via Ponale nab\u00edzej\u00ed dechberouc\u00ed v\u00fdhledy na Gardu a malebn\u00e9 \u00fadol\u00ed Ledro.<\/p>\n<p>Ledro le\u017e\u00ed o 600 v\u00fd\u0161kov\u00fdch metr\u016f v\u00fd\u0161 ne\u017e Garda, proto tu b\u00fdv\u00e1 chladn\u011bji, co\u017e je v l\u00e9t\u011b p\u0159\u00edjemn\u00e9, Voda v jeze\u0159e p\u0159itom b\u00fdv\u00e1 teplej\u0161\u00ed (p\u0159ibli\u017en\u011b 24 stup\u0148\u016f). A nav\u00edc se zde vyskytuje o pozn\u00e1n\u00ed m\u00e9n\u011b turist\u016f ne\u017e kolem Gardy.<\/p>\n<h2><strong>Panoramatick\u00e1 cesta pro horsk\u00e1 a gravel kola<\/strong><\/h2>\n<p>Kudy se sem dostanete? Pokud si nezvol\u00edte Lago di Ledro p\u0159\u00edmo jako c\u00edl va\u0161\u00ed dovolen\u00e9 a v\u00fdchoz\u00ed bod v\u0161ech v\u00fdlet\u016f, ale vyraz\u00edte k\u00a0pon\u011bkud \u201ezast\u00edn\u011bn\u00e9\u201c hladin\u011b t\u0159eba pr\u00e1v\u011b z\u00a0Gardy, rozhodn\u011b vyu\u017eijte starou cestu Via Ponale, kter\u00e1 je v\u0161ak ur\u010den\u00e1 jen horsk\u00fdm \u010di gravel kol\u016fm a nab\u00edz\u00ed dechberouc\u00ed v\u00fdhledy na Gardu i cel\u00e9 malebn\u00e9 \u00fadol\u00ed Ledro.<\/p>\n<p>Via Ponale je pra\u0161n\u00e1, pln\u00e1 kamen\u00ed, proto na ni vyrazte na gravelu \u010di horsk\u00e9m kole. Anebo si p\u016fj\u010dte elektrokola, jako jsme to ud\u011blali my.<\/p>\n<div class=\"shortcode-ys-post-pinup\"><article class=\"loop-simple post-16843 post type-post status-publish format-video has-post-thumbnail hentry category-silnicni-cyklistika category-tipy-na-vylet tag-cyklistika tag-jiri-jezek tag-khulna-kaava tag-klicava tag-krivoklat tag-letape-czech-republic-by-tour-de-france tag-silnicni-cyklistika tag-sona-jezkova tag-tip-na-cyklovylet tag-trenink tag-zamek-nizbor post_format-post-format-video global-categories-cycling\" data-postid=\"16843\" role=\"article\" data-post-id=\"16843\" data-word-count=\"259\" data-headline-length=\"53\" data-category=\"Silni\u010dn\u00ed cyklistika\" data-global-category=\"Cycling\" data-author=\"We Love Cycling\" data-published=\"2022-05-09T17:28:27+02:00\" data-published-day=\"Monday\">\n    <div class=\"entry-thumbnail article-thumbnail video-thumbnail\" content=\"https:\/\/d2p6e6u75xmxt8.cloudfront.net\/13\/2022\/05\/WLC-_-KRIVOKLATSKO-_-THUMBNAIL-150x150.webp\"><svg class=\"play font-icon\"><use href=\"#play_round\" xlink:href=\"#play_round\"><\/use><\/svg><a href=\"https:\/\/www.welovecycling.com\/cs\/2022\/05\/09\/krivoklatsko-cyklovylety-s-we-love-cycling-a-jirim-jezkem\/\" class=\"image-holder\" target=\"_self\"><img decoding=\"async\" loading=\"lazy\" class=\"\" src=\"https:\/\/d2p6e6u75xmxt8.cloudfront.net\/13\/2022\/05\/WLC-_-KRIVOKLATSKO-_-THUMBNAIL-1024x576.webp\" srcset=\"https:\/\/d2p6e6u75xmxt8.cloudfront.net\/13\/2022\/05\/WLC-_-KRIVOKLATSKO-_-THUMBNAIL.webp 1920w, https:\/\/d2p6e6u75xmxt8.cloudfront.net\/13\/2022\/05\/WLC-_-KRIVOKLATSKO-_-THUMBNAIL-300x169.webp 300w, https:\/\/d2p6e6u75xmxt8.cloudfront.net\/13\/2022\/05\/WLC-_-KRIVOKLATSKO-_-THUMBNAIL-1024x576.webp 1024w, https:\/\/d2p6e6u75xmxt8.cloudfront.net\/13\/2022\/05\/WLC-_-KRIVOKLATSKO-_-THUMBNAIL-768x432.webp 768w, https:\/\/d2p6e6u75xmxt8.cloudfront.net\/13\/2022\/05\/WLC-_-KRIVOKLATSKO-_-THUMBNAIL-1536x864.webp 1536w\" width=\"1024\" height=\"576\" sizes=\"auto, (min-width: 1200px) 356px, (min-width: 768px) 30vw, 100vw\" alt=\"krivoklatsko-cyklovylety-s-we-love-cycling-a-jirim-jezkem\"\/><\/a><\/div>    <div class=\"entry-meta\">\n        <a class=\"label label-secondary post-category\" href=\"https:\/\/www.welovecycling.com\/cs\/category\/silnicni-cyklistika\/\" title=\"Silni\u010dn\u00ed cyklistika\">Silni\u010dn\u00ed cyklistika<\/a>\n    <\/div>\n    <div class=\"entry-details\">\n        <a href=\"https:\/\/www.welovecycling.com\/cs\/2022\/05\/09\/krivoklatsko-cyklovylety-s-we-love-cycling-a-jirim-jezkem\/\" class='entry-title-wrapper'>\n            <h3 class=\"entry-title\"><span>K\u0159ivokl\u00e1tsko &#8211; Cyklov\u00fdlety s We Love Cycling<\/span><\/h3>\n        <\/a>\n    <\/div>\n    <\/article>\n<\/div>\n<p>Nen\u00ed to ostuda. Cesta je rozbit\u00e1, jej\u00ed druh\u00e1 p\u016flka se to\u010d\u00ed v ostr\u00fdch zat\u00e1\u010dk\u00e1ch nahoru a celkov\u011b nastoup\u00e1te v\u00edce ne\u017e 700 v\u00fd\u0161kov\u00fdch metr\u016f.<\/p>\n<p>Cesta Via Ponale za\u010d\u00edn\u00e1 ve st\u0159edov\u011bk\u00e9m m\u011bste\u010dku Riva del Garda. Ledro bylo po stalet\u00ed od\u0159\u00edznut\u00e9 a m\u00edstn\u00ed museli slo\u017eit\u011b p\u0159ekon\u00e1vat hory, aby se spojili se sv\u011btem.<\/p>\n<figure id=\"attachment_18385\" aria-describedby=\"caption-attachment-18385\" style=\"width: 1920px\" class=\"wp-caption alignnone\"><a href=\"https:\/\/d2p6e6u75xmxt8.cloudfront.net\/13\/2022\/08\/Ledro-3-scaled.jpg\"><img loading=\"lazy\" decoding=\"async\" class=\"size-extra-large wp-image-18385\" src=\"https:\/\/d2p6e6u75xmxt8.cloudfront.net\/13\/2022\/08\/Ledro-3-1920x1080.jpg\" alt=\"Via Ponale od Lago di Garda k jezeru Ledro.\" width=\"1920\" height=\"1080\" \/><\/a><figcaption id=\"caption-attachment-18385\" class=\"wp-caption-text\"><em>Via Ponale od Lago di Garda k jezeru Ledro.<\/em><\/figcaption><\/figure>\n<p>To se rozhodl zm\u011bnit z\u00e1mo\u017en\u00fd obchodn\u00edk Giacomo Cis z obce Tiarno di Sotto. Nechal mezi Ledrem a Rivou postavit a na mnoha m\u00edstech vyrazit do skal hory Monte Oro cestu. Z Rivy do Ledra je to dobr\u00fdch dvacet kilometr\u016f, proj\u00ed\u017ed\u00ed se tunely a prvn\u00ed \u010d\u00e1st se to\u010d\u00ed nad hladinou Gardy. V\u00fdstavba za\u010dala 1. \u00fanora 1848, skon\u010dila 3. ledna 1851. Cis se toho bohu\u017eel nedo\u017eil. Zaj\u00edmavost\u00ed je, \u017ee po stezce ur\u010den\u00e9 dnes biker\u016fm, jezdily a\u017e do roku 1992 osobn\u00ed automobily.<\/p>\n<p>Co je to za cyklistiku, kdy\u017e jedete pr\u016fm\u011brnou rychlost\u00ed 15 km v hodin\u011b a pr\u016fm\u011brn\u00fd srde\u010dn\u00ed tep je 85? To je cyklistika z\u00e1\u017eitkov\u00e1. P\u0159esn\u011b tohle si toti\u017e Via Ponale zaslou\u017e\u00ed. Ka\u017edou chv\u00edli zastavujeme, fot\u00edme, koch\u00e1me se cestou krout\u00edc\u00ed se v nepravideln\u00fdch zat\u00e1\u010dk\u00e1ch.<\/p>\n<div class=\"shortcode-ys-post-pinup\"><article class=\"loop-simple post-17426 post type-post status-publish format-video has-post-thumbnail hentry category-horska-cyklistika tag-cyklistika tag-horska-cyklistika tag-michal-marosi tag-trutnov-trails post_format-post-format-video global-categories-cycling\" data-postid=\"17426\" role=\"article\" data-post-id=\"17426\" data-word-count=\"234\" data-headline-length=\"54\" data-category=\"Horsk\u00e1 cyklistika\" data-global-category=\"Cycling\" data-author=\"We Love Cycling\" data-published=\"2022-06-02T15:00:32+02:00\" data-published-day=\"Thursday\">\n    <div class=\"entry-thumbnail article-thumbnail video-thumbnail\" content=\"https:\/\/d2p6e6u75xmxt8.cloudfront.net\/13\/2022\/05\/marosi-trutnov-trails-150x150.webp\"><svg class=\"play font-icon\"><use href=\"#play_round\" xlink:href=\"#play_round\"><\/use><\/svg><a href=\"https:\/\/www.welovecycling.com\/cs\/2022\/06\/02\/trutnov-trails-cyklovylety-s-we-love-cycling\/\" class=\"image-holder\" target=\"_self\"><img decoding=\"async\" loading=\"lazy\" class=\"\" src=\"https:\/\/d2p6e6u75xmxt8.cloudfront.net\/13\/2022\/05\/marosi-trutnov-trails-1024x576.webp\" srcset=\"https:\/\/d2p6e6u75xmxt8.cloudfront.net\/13\/2022\/05\/marosi-trutnov-trails.webp 1920w, https:\/\/d2p6e6u75xmxt8.cloudfront.net\/13\/2022\/05\/marosi-trutnov-trails-300x169.webp 300w, https:\/\/d2p6e6u75xmxt8.cloudfront.net\/13\/2022\/05\/marosi-trutnov-trails-1024x576.webp 1024w, https:\/\/d2p6e6u75xmxt8.cloudfront.net\/13\/2022\/05\/marosi-trutnov-trails-768x432.webp 768w, https:\/\/d2p6e6u75xmxt8.cloudfront.net\/13\/2022\/05\/marosi-trutnov-trails-1536x864.webp 1536w\" width=\"1024\" height=\"576\" sizes=\"auto, (min-width: 1200px) 356px, (min-width: 768px) 30vw, 100vw\" alt=\"trutnov-trails-cyklovylety-s-we-love-cycling\"\/><\/a><\/div>    <div class=\"entry-meta\">\n        <a class=\"label label-secondary post-category\" href=\"https:\/\/www.welovecycling.com\/cs\/category\/horska-cyklistika\/\" title=\"Horsk\u00e1 cyklistika\">Horsk\u00e1 cyklistika<\/a>\n    <\/div>\n    <div class=\"entry-details\">\n        <a href=\"https:\/\/www.welovecycling.com\/cs\/2022\/06\/02\/trutnov-trails-cyklovylety-s-we-love-cycling\/\" class='entry-title-wrapper'>\n            <h3 class=\"entry-title\"><span>Trutnov Trails &#8211; Cyklov\u00fdlety s\u00a0We Love Cycling<\/span><\/h3>\n        <\/a>\n    <\/div>\n    <\/article>\n<\/div>\n<p>S v\u00fdhledy na Gardu se rozlou\u010d\u00edme u vyhl\u00eddky Belveder, kde n\u00e1s trasa vede do malebn\u00e9ho \u00fadol\u00ed Ledro. Je neskute\u010dn\u011b zelen\u00e9. M\u00edj\u00edme pol\u00ed\u010dka, olivovn\u00edky, z\u00eddky ohrani\u010duj\u00edc\u00ed jednotliv\u00e9 pozemky. Cesti\u010dky vedou m\u00edsty po hrub\u0161\u00ed \u0161otolin\u011b, a tak je fajn, \u017ee prakticky celou trasu lemuj\u00ed stojany s\u00a0n\u00e1\u0159ad\u00edm a pumpou.<\/p>\n<h2><strong>Pl\u00e1\u017e v\u00a0Puru: nejkr\u00e1sn\u011bj\u0161\u00ed na Ledru<\/strong><\/h2>\n<p>Nejprve v\u00e1s nadchne malebn\u00e9 m\u011bste\u010dko Biacesa di Ledro, Je\u0161t\u011b p\u00e1r kilometr\u016f a p\u0159ij\u00ed\u017ed\u00edme do m\u011bste\u010dka Molino Ledro a poprv\u00e9 zastavujeme u jezera. Dostalo m\u011b. Svou mod\u0159\u00ed, m\u00edrn\u00fdmi vlnkami, sev\u0159en\u00edm hor a klidem. Na pl\u00e1\u017ei v Puru, kter\u00e1 je pova\u017eovan\u00e1 za nejkr\u00e1sn\u011bj\u0161\u00ed na Ledru, jsme t\u00e9m\u011b\u0159 sami, zat\u00edmco dole v Riva del Garda jsou pl\u00e1\u017ee obsypan\u00e9 lidmi. Voda je kr\u00e1sn\u011b \u010dist\u00e1 a jezero se p\u0159\u00edjemn\u011b sva\u017euje a vyb\u00edz\u00ed ke svla\u017een\u00ed, tud\u00ed\u017e nezapome\u0148te p\u0159ibalit plavky!<\/p>\n<figure id=\"attachment_18381\" aria-describedby=\"caption-attachment-18381\" style=\"width: 1800px\" class=\"wp-caption alignnone\"><a href=\"https:\/\/d2p6e6u75xmxt8.cloudfront.net\/13\/2022\/08\/lago-di-ledro-profimedia-0206548299.jpg\"><img loading=\"lazy\" decoding=\"async\" class=\"size-full wp-image-18381\" src=\"https:\/\/d2p6e6u75xmxt8.cloudfront.net\/13\/2022\/08\/lago-di-ledro-profimedia-0206548299.jpg\" alt=\"Ledro\" width=\"1800\" height=\"1201\" \/><\/a><figcaption id=\"caption-attachment-18381\" class=\"wp-caption-text\"><em>Land Art nedaleko jezera Ledro stoj\u00ed ur\u010dit\u011b za zast\u00e1vku. Foto: profimedia (2x)<\/em><\/figcaption><\/figure>\n<p>Obj\u00ed\u017ed\u00edme je\u0161t\u011b \u010d\u00e1st jezera a v m\u011bste\u010dku Pieve di Ledro si d\u00e1v\u00e1me pizzu. Pak se vrac\u00edme zp\u011bt a kousek od Molina odbo\u010dujeme k Land Art, co\u017e je um\u011bleck\u00e1 galerie m\u00edstn\u00edch um\u011blc\u016f skryt\u00e1 v lese. Najdete zde vy\u0159ez\u00e1van\u00e1 zv\u00ed\u0159\u00e1tka, um\u011bleck\u00e9 artefakty jako kr\u00e1vy z kamene \u010di kovov\u00e9ho \u0161neka.<\/p>\n<p>Nechyb\u011bj\u00ed houpa\u010dky pro d\u011bti \u010di ob\u0159\u00ed magnetofonov\u00e1 kazeta ve v\u011btv\u00edch strom\u016f. Tady to bav\u00ed d\u011bti i dosp\u011bl\u00e9.<\/p>\n<div class=\"shortcode-ys-post-pinup\"><article class=\"loop-simple post-17955 post type-post status-publish format-video has-post-thumbnail hentry category-https-www-welovecycling-com-cs-otestovano-jizdou category-tipy-na-vylet tag-cyklistika tag-cyklotrasy tag-cyklovylet tag-horska-cyklistika tag-jitka-vesela tag-luzicke-hory tag-masterchef tag-silnicni-cyklistika tag-trenink tag-zdravi-a-trenink post_format-post-format-video global-categories-cycling\" data-postid=\"17955\" role=\"article\" data-post-id=\"17955\" data-word-count=\"210\" data-headline-length=\"54\" data-category=\"Cyklotrasy\" data-global-category=\"Cycling\" data-author=\"We Love Cycling\" data-published=\"2022-07-18T11:33:51+02:00\" data-published-day=\"Monday\">\n    <div class=\"entry-thumbnail article-thumbnail video-thumbnail\" content=\"https:\/\/d2p6e6u75xmxt8.cloudfront.net\/13\/2022\/07\/WLC-_-LUZICKE-HORY-_-thumbnail-_-THUMBNAIL-150x150.webp\"><svg class=\"play font-icon\"><use href=\"#play_round\" xlink:href=\"#play_round\"><\/use><\/svg><a href=\"https:\/\/www.welovecycling.com\/cs\/2022\/07\/18\/luzicke-hory-cyklovylety-s-we-love-cycling\/\" class=\"image-holder\" target=\"_self\"><img decoding=\"async\" loading=\"lazy\" class=\"\" src=\"https:\/\/d2p6e6u75xmxt8.cloudfront.net\/13\/2022\/07\/WLC-_-LUZICKE-HORY-_-thumbnail-_-THUMBNAIL-1024x576.webp\" srcset=\"https:\/\/d2p6e6u75xmxt8.cloudfront.net\/13\/2022\/07\/WLC-_-LUZICKE-HORY-_-thumbnail-_-THUMBNAIL.webp 1920w, https:\/\/d2p6e6u75xmxt8.cloudfront.net\/13\/2022\/07\/WLC-_-LUZICKE-HORY-_-thumbnail-_-THUMBNAIL-300x169.webp 300w, https:\/\/d2p6e6u75xmxt8.cloudfront.net\/13\/2022\/07\/WLC-_-LUZICKE-HORY-_-thumbnail-_-THUMBNAIL-1024x576.webp 1024w, https:\/\/d2p6e6u75xmxt8.cloudfront.net\/13\/2022\/07\/WLC-_-LUZICKE-HORY-_-thumbnail-_-THUMBNAIL-768x432.webp 768w, https:\/\/d2p6e6u75xmxt8.cloudfront.net\/13\/2022\/07\/WLC-_-LUZICKE-HORY-_-thumbnail-_-THUMBNAIL-1536x864.webp 1536w\" width=\"1024\" height=\"576\" sizes=\"auto, (min-width: 1200px) 356px, (min-width: 768px) 30vw, 100vw\" alt=\"luzicke-hory-cyklovylety-s-we-love-cycling\"\/><\/a><\/div>    <div class=\"entry-meta\">\n        <a class=\"label label-secondary post-category\" href=\"https:\/\/www.welovecycling.com\/cs\/category\/https-www-welovecycling-com-cs-otestovano-jizdou\/\" title=\"Cyklotrasy\">Cyklotrasy<\/a>\n    <\/div>\n    <div class=\"entry-details\">\n        <a href=\"https:\/\/www.welovecycling.com\/cs\/2022\/07\/18\/luzicke-hory-cyklovylety-s-we-love-cycling\/\" class='entry-title-wrapper'>\n            <h3 class=\"entry-title\"><span>Lu\u017eick\u00e9 hory &#8211; Cyklov\u00fdlety s\u00a0We Love Cycling<\/span><\/h3>\n        <\/a>\n    <\/div>\n    <\/article>\n<\/div>\n<p>Cesta zp\u011bt do Rivy je za odm\u011bnu. Svi\u0161t\u00edme dol\u016f stejnou trasou a na Via Ponale, kter\u00e1 je odpoledne ve srovn\u00e1n\u00ed s\u00a0dopoledn\u00edm provozem p\u0159\u00edjemn\u011b pr\u00e1zdn\u00e1. A u\u017e\u00edv\u00e1me si Gardu nasv\u00edcenou odpoledn\u00edm sluncem.<\/p>\n<p>V Riv\u011b si dop\u0159ejeme odm\u011bnu. Zmrzlinu v EtaBeta, kter\u00e1 je pova\u017eov\u00e1na za nejlep\u0161\u00ed ve m\u011bst\u011b, n\u00e1le\u017eit\u011b zapln\u011bn\u00e9m ve srovn\u00e1n\u00ed s\u00a0klidem m\u011bste\u010dek kolem malebn\u00e9ho Ledra<\/p>\n","protected":false},"excerpt":{"rendered":"<p>Sev\u0159en\u00e9 horami, obklopen\u00e9 lesy a t\u00e9m\u011b\u0159 zapomenut\u00e9 jako v\u00a0tom nejromanti\u010dt\u011bj\u0161\u00edm p\u0159\u00edb\u011bhu le\u017e\u00ed jezero Ledro. Tak tro\u0161ku ve st\u00ednu v\u011bt\u0161\u00edho a [&hellip;]<\/p>\n","protected":false},"author":138,"featured_media":18382,"comment_status":"open","ping_status":"open","sticky":false,"template":"","format":"standard","meta":{"footnotes":""},"categories":[167],"tags":[126,228,2001,56,2532,2533],"global-categories":[411],"class_list":["post-18346","post","type-post","status-publish","format-standard","has-post-thumbnail","hentry","category-tipy-na-vylet","tag-cyklistika","tag-cyklovylet","tag-gravel","tag-horska-cyklistika","tag-lago-di-ledro","tag-via-ponale","global-categories-cycling"],"yoast_head":"<!-- This site is optimized with the Yoast SEO Premium plugin v25.3 (Yoast SEO v25.9) - https:\/\/yoast.com\/wordpress\/plugins\/seo\/ -->\n<title>Tip na cyklov\u00fdlet: jezero Ledro a Via Ponale: z\u00e1\u017eitkov\u00e1 cyklistika | \u0160koda We Love Cycling - \u010cesk\u00e1 republika<\/title>\n<meta name=\"description\" content=\"Sev\u0159en\u00e9 horami, obklopen\u00e9 lesy a t\u00e9m\u011b\u0159 zapomenut\u00e9 jako v\u00a0nejromanti\u010dt\u011bj\u0161\u00edm p\u0159\u00edb\u011bhu le\u017e\u00ed jezero Ledro. Ide\u00e1ln\u00ed variantou je cesta Via Ponale.\" \/>\n<meta name=\"robots\" content=\"index, follow, max-snippet:-1, max-image-preview:large, max-video-preview:-1\" \/>\n<link rel=\"canonical\" href=\"https:\/\/www.welovecycling.com\/cs\/2022\/08\/16\/jezero-ledro-a-via-ponale-zazitkova-cyklistika\/\" \/>\n<meta property=\"og:locale\" content=\"cs_CZ\" \/>\n<meta property=\"og:type\" content=\"article\" \/>\n<meta property=\"og:title\" content=\"Tip na cyklov\u00fdlet: jezero Ledro a Via Ponale: z\u00e1\u017eitkov\u00e1 cyklistika\" \/>\n<meta property=\"og:description\" content=\"Sev\u0159en\u00e9 horami, obklopen\u00e9 lesy a t\u00e9m\u011b\u0159 zapomenut\u00e9 jako v\u00a0nejromanti\u010dt\u011bj\u0161\u00edm p\u0159\u00edb\u011bhu le\u017e\u00ed jezero Ledro. Ide\u00e1ln\u00ed variantou je cesta Via Ponale.\" \/>\n<meta property=\"og:url\" content=\"https:\/\/www.welovecycling.com\/cs\/2022\/08\/16\/jezero-ledro-a-via-ponale-zazitkova-cyklistika\/\" \/>\n<meta property=\"og:site_name\" content=\"\u0160koda We Love Cycling - \u010cesk\u00e1 republika\" \/>\n<meta property=\"article:published_time\" content=\"2022-08-16T12:00:05+00:00\" \/>\n<meta property=\"article:modified_time\" content=\"2022-08-16T12:23:02+00:00\" \/>\n<meta property=\"og:image\" content=\"https:\/\/d2p6e6u75xmxt8.cloudfront.net\/13\/2022\/08\/Lago-di-Ledro-profimedia-0346998880.webp\" \/>\n\t<meta property=\"og:image:width\" content=\"1800\" \/>\n\t<meta property=\"og:image:height\" content=\"1200\" \/>\n\t<meta property=\"og:image:type\" content=\"image\/webp\" \/>\n<meta name=\"author\" content=\"radekmalina\" \/>\n<meta name=\"twitter:card\" content=\"summary_large_image\" \/>\n<meta name=\"twitter:label1\" content=\"Written by\" \/>\n\t<meta name=\"twitter:data1\" content=\"We Love Cycling\" \/>\n\t<meta name=\"twitter:label2\" content=\"Est. watching time\" \/>\n\t<meta name=\"twitter:data2\" content=\"5\" \/>\n<script type=\"application\/ld+json\" class=\"yoast-schema-graph\">{\"@context\":\"https:\/\/schema.org\",\"@graph\":[{\"@type\":\"WebPage\",\"@id\":\"https:\/\/www.welovecycling.com\/cs\/2022\/08\/16\/jezero-ledro-a-via-ponale-zazitkova-cyklistika\/\",\"url\":\"https:\/\/www.welovecycling.com\/cs\/2022\/08\/16\/jezero-ledro-a-via-ponale-zazitkova-cyklistika\/\",\"name\":\"Tip na cyklov\u00fdlet: jezero Ledro a Via Ponale: z\u00e1\u017eitkov\u00e1 cyklistika | \u0160koda We Love Cycling - \u010cesk\u00e1 republika\",\"isPartOf\":{\"@id\":\"https:\/\/www.welovecycling.com\/cs\/#website\"},\"primaryImageOfPage\":{\"@id\":\"https:\/\/www.welovecycling.com\/cs\/2022\/08\/16\/jezero-ledro-a-via-ponale-zazitkova-cyklistika\/#primaryimage\"},\"image\":{\"@id\":\"https:\/\/www.welovecycling.com\/cs\/2022\/08\/16\/jezero-ledro-a-via-ponale-zazitkova-cyklistika\/#primaryimage\"},\"thumbnailUrl\":\"https:\/\/d2p6e6u75xmxt8.cloudfront.net\/13\/2022\/08\/Lago-di-Ledro-profimedia-0346998880.webp\",\"datePublished\":\"2022-08-16T12:00:05+00:00\",\"dateModified\":\"2022-08-16T12:23:02+00:00\",\"author\":{\"@id\":\"https:\/\/www.welovecycling.com\/cs\/#\/schema\/person\/d9eeb0a378f3a7e4a6d12d2b536b04b8\"},\"description\":\"Sev\u0159en\u00e9 horami, obklopen\u00e9 lesy a t\u00e9m\u011b\u0159 zapomenut\u00e9 jako v\u00a0nejromanti\u010dt\u011bj\u0161\u00edm p\u0159\u00edb\u011bhu le\u017e\u00ed jezero Ledro. Ide\u00e1ln\u00ed variantou je cesta Via Ponale.\",\"inLanguage\":\"cs\",\"potentialAction\":[{\"@type\":\"ReadAction\",\"target\":[\"https:\/\/www.welovecycling.com\/cs\/2022\/08\/16\/jezero-ledro-a-via-ponale-zazitkova-cyklistika\/\"]}]},{\"@type\":\"ImageObject\",\"inLanguage\":\"cs\",\"@id\":\"https:\/\/www.welovecycling.com\/cs\/2022\/08\/16\/jezero-ledro-a-via-ponale-zazitkova-cyklistika\/#primaryimage\",\"url\":\"https:\/\/d2p6e6u75xmxt8.cloudfront.net\/13\/2022\/08\/Lago-di-Ledro-profimedia-0346998880.webp\",\"contentUrl\":\"https:\/\/d2p6e6u75xmxt8.cloudfront.net\/13\/2022\/08\/Lago-di-Ledro-profimedia-0346998880.webp\",\"width\":1800,\"height\":1200},{\"@type\":\"WebSite\",\"@id\":\"https:\/\/www.welovecycling.com\/cs\/#website\",\"url\":\"https:\/\/www.welovecycling.com\/cs\/\",\"name\":\"\u0160koda We Love Cycling - \u010cesk\u00e1 republika\",\"description\":\"WeLoveCycling.cz je online magaz\u00edn, kter\u00fd v\u00e1m pravideln\u011b p\u0159in\u00e1\u0161\u00ed rady a tipy, zaj\u00edmav\u00e9 \u010dl\u00e1nky, videa a jedine\u010dn\u00e9 report\u00e1\u017ee ze sv\u011bta cyklistiky.\",\"potentialAction\":[{\"@type\":\"SearchAction\",\"target\":{\"@type\":\"EntryPoint\",\"urlTemplate\":\"https:\/\/www.welovecycling.com\/cs\/?s={search_term_string}\"},\"query-input\":{\"@type\":\"PropertyValueSpecification\",\"valueRequired\":true,\"valueName\":\"search_term_string\"}}],\"inLanguage\":\"cs\"},{\"@type\":\"Person\",\"@id\":\"https:\/\/www.welovecycling.com\/cs\/#\/schema\/person\/d9eeb0a378f3a7e4a6d12d2b536b04b8\",\"name\":\"radekmalina\",\"image\":{\"@type\":\"ImageObject\",\"inLanguage\":\"cs\",\"@id\":\"https:\/\/www.welovecycling.com\/cs\/#\/schema\/person\/image\/\",\"url\":\"https:\/\/secure.gravatar.com\/avatar\/66994b632cb8c39a46b9f54afa3ae07201b678d32a54275b6f1c9ffec356bfc0?s=96&d=mm&r=g\",\"contentUrl\":\"https:\/\/secure.gravatar.com\/avatar\/66994b632cb8c39a46b9f54afa3ae07201b678d32a54275b6f1c9ffec356bfc0?s=96&d=mm&r=g\",\"caption\":\"radekmalina\"},\"url\":\"https:\/\/www.welovecycling.com\/cs\/author\/radekmalina\/\"}]}<\/script>\n<!-- \/ Yoast SEO Premium plugin. -->","yoast_head_json":{"title":"Tip na cyklov\u00fdlet: jezero Ledro a Via Ponale: z\u00e1\u017eitkov\u00e1 cyklistika | \u0160koda We Love Cycling - \u010cesk\u00e1 republika","description":"Sev\u0159en\u00e9 horami, obklopen\u00e9 lesy a t\u00e9m\u011b\u0159 zapomenut\u00e9 jako v\u00a0nejromanti\u010dt\u011bj\u0161\u00edm p\u0159\u00edb\u011bhu le\u017e\u00ed jezero Ledro. Ide\u00e1ln\u00ed variantou je cesta Via Ponale.","robots":{"index":"index","follow":"follow","max-snippet":"max-snippet:-1","max-image-preview":"max-image-preview:large","max-video-preview":"max-video-preview:-1"},"canonical":"https:\/\/www.welovecycling.com\/cs\/2022\/08\/16\/jezero-ledro-a-via-ponale-zazitkova-cyklistika\/","og_locale":"cs_CZ","og_type":"article","og_title":"Tip na cyklov\u00fdlet: jezero Ledro a Via Ponale: z\u00e1\u017eitkov\u00e1 cyklistika","og_description":"Sev\u0159en\u00e9 horami, obklopen\u00e9 lesy a t\u00e9m\u011b\u0159 zapomenut\u00e9 jako v\u00a0nejromanti\u010dt\u011bj\u0161\u00edm p\u0159\u00edb\u011bhu le\u017e\u00ed jezero Ledro. Ide\u00e1ln\u00ed variantou je cesta Via Ponale.","og_url":"https:\/\/www.welovecycling.com\/cs\/2022\/08\/16\/jezero-ledro-a-via-ponale-zazitkova-cyklistika\/","og_site_name":"\u0160koda We Love Cycling - \u010cesk\u00e1 republika","article_published_time":"2022-08-16T12:00:05+00:00","article_modified_time":"2022-08-16T12:23:02+00:00","og_image":[{"width":1800,"height":1200,"url":"https:\/\/d2p6e6u75xmxt8.cloudfront.net\/13\/2022\/08\/Lago-di-Ledro-profimedia-0346998880.webp","type":"image\/webp"}],"author":"radekmalina","twitter_card":"summary_large_image","twitter_misc":{"Written by":"We Love Cycling","Est. watching time":"5"},"schema":{"@context":"https:\/\/schema.org","@graph":[{"@type":"WebPage","@id":"https:\/\/www.welovecycling.com\/cs\/2022\/08\/16\/jezero-ledro-a-via-ponale-zazitkova-cyklistika\/","url":"https:\/\/www.welovecycling.com\/cs\/2022\/08\/16\/jezero-ledro-a-via-ponale-zazitkova-cyklistika\/","name":"Tip na cyklov\u00fdlet: jezero Ledro a Via Ponale: z\u00e1\u017eitkov\u00e1 cyklistika | \u0160koda We Love Cycling - \u010cesk\u00e1 republika","isPartOf":{"@id":"https:\/\/www.welovecycling.com\/cs\/#website"},"primaryImageOfPage":{"@id":"https:\/\/www.welovecycling.com\/cs\/2022\/08\/16\/jezero-ledro-a-via-ponale-zazitkova-cyklistika\/#primaryimage"},"image":{"@id":"https:\/\/www.welovecycling.com\/cs\/2022\/08\/16\/jezero-ledro-a-via-ponale-zazitkova-cyklistika\/#primaryimage"},"thumbnailUrl":"https:\/\/d2p6e6u75xmxt8.cloudfront.net\/13\/2022\/08\/Lago-di-Ledro-profimedia-0346998880.webp","datePublished":"2022-08-16T12:00:05+00:00","dateModified":"2022-08-16T12:23:02+00:00","author":{"@id":"https:\/\/www.welovecycling.com\/cs\/#\/schema\/person\/d9eeb0a378f3a7e4a6d12d2b536b04b8"},"description":"Sev\u0159en\u00e9 horami, obklopen\u00e9 lesy a t\u00e9m\u011b\u0159 zapomenut\u00e9 jako v\u00a0nejromanti\u010dt\u011bj\u0161\u00edm p\u0159\u00edb\u011bhu le\u017e\u00ed jezero Ledro. Ide\u00e1ln\u00ed variantou je cesta Via Ponale.","inLanguage":"cs","potentialAction":[{"@type":"ReadAction","target":["https:\/\/www.welovecycling.com\/cs\/2022\/08\/16\/jezero-ledro-a-via-ponale-zazitkova-cyklistika\/"]}]},{"@type":"ImageObject","inLanguage":"cs","@id":"https:\/\/www.welovecycling.com\/cs\/2022\/08\/16\/jezero-ledro-a-via-ponale-zazitkova-cyklistika\/#primaryimage","url":"https:\/\/d2p6e6u75xmxt8.cloudfront.net\/13\/2022\/08\/Lago-di-Ledro-profimedia-0346998880.webp","contentUrl":"https:\/\/d2p6e6u75xmxt8.cloudfront.net\/13\/2022\/08\/Lago-di-Ledro-profimedia-0346998880.webp","width":1800,"height":1200},{"@type":"WebSite","@id":"https:\/\/www.welovecycling.com\/cs\/#website","url":"https:\/\/www.welovecycling.com\/cs\/","name":"\u0160koda We Love Cycling - \u010cesk\u00e1 republika","description":"WeLoveCycling.cz je online magaz\u00edn, kter\u00fd v\u00e1m pravideln\u011b p\u0159in\u00e1\u0161\u00ed rady a tipy, zaj\u00edmav\u00e9 \u010dl\u00e1nky, videa a jedine\u010dn\u00e9 report\u00e1\u017ee ze sv\u011bta cyklistiky.","potentialAction":[{"@type":"SearchAction","target":{"@type":"EntryPoint","urlTemplate":"https:\/\/www.welovecycling.com\/cs\/?s={search_term_string}"},"query-input":{"@type":"PropertyValueSpecification","valueRequired":true,"valueName":"search_term_string"}}],"inLanguage":"cs"},{"@type":"Person","@id":"https:\/\/www.welovecycling.com\/cs\/#\/schema\/person\/d9eeb0a378f3a7e4a6d12d2b536b04b8","name":"radekmalina","image":{"@type":"ImageObject","inLanguage":"cs","@id":"https:\/\/www.welovecycling.com\/cs\/#\/schema\/person\/image\/","url":"https:\/\/secure.gravatar.com\/avatar\/66994b632cb8c39a46b9f54afa3ae07201b678d32a54275b6f1c9ffec356bfc0?s=96&d=mm&r=g","contentUrl":"https:\/\/secure.gravatar.com\/avatar\/66994b632cb8c39a46b9f54afa3ae07201b678d32a54275b6f1c9ffec356bfc0?s=96&d=mm&r=g","caption":"radekmalina"},"url":"https:\/\/www.welovecycling.com\/cs\/author\/radekmalina\/"}]}},"_links":{"self":[{"href":"https:\/\/www.welovecycling.com\/cs\/wp-json\/wp\/v2\/posts\/18346","targetHints":{"allow":["GET"]}}],"collection":[{"href":"https:\/\/www.welovecycling.com\/cs\/wp-json\/wp\/v2\/posts"}],"about":[{"href":"https:\/\/www.welovecycling.com\/cs\/wp-json\/wp\/v2\/types\/post"}],"author":[{"embeddable":true,"href":"https:\/\/www.welovecycling.com\/cs\/wp-json\/wp\/v2\/users\/138"}],"replies":[{"embeddable":true,"href":"https:\/\/www.welovecycling.com\/cs\/wp-json\/wp\/v2\/comments?post=18346"}],"version-history":[{"count":2,"href":"https:\/\/www.welovecycling.com\/cs\/wp-json\/wp\/v2\/posts\/18346\/revisions"}],"predecessor-version":[{"id":18389,"href":"https:\/\/www.welovecycling.com\/cs\/wp-json\/wp\/v2\/posts\/18346\/revisions\/18389"}],"wp:featuredmedia":[{"embeddable":true,"href":"https:\/\/www.welovecycling.com\/cs\/wp-json\/wp\/v2\/media\/18382"}],"wp:attachment":[{"href":"https:\/\/www.welovecycling.com\/cs\/wp-json\/wp\/v2\/media?parent=18346"}],"wp:term":[{"taxonomy":"category","embeddable":true,"href":"https:\/\/www.welovecycling.com\/cs\/wp-json\/wp\/v2\/categories?post=18346"},{"taxonomy":"post_tag","embeddable":true,"href":"https:\/\/www.welovecycling.com\/cs\/wp-json\/wp\/v2\/tags?post=18346"},{"taxonomy":"global-categories","embeddable":true,"href":"https:\/\/www.welovecycling.com\/cs\/wp-json\/wp\/v2\/global-categories?post=18346"}],"curies":[{"name":"wp","href":"https:\/\/api.w.org\/{rel}","templated":true}]}}