{"id":17920,"date":"2022-07-15T16:20:01","date_gmt":"2022-07-15T14:20:01","guid":{"rendered":"https:\/\/www.welovecycling.com\/cs\/?p=17920"},"modified":"2022-07-15T16:20:56","modified_gmt":"2022-07-15T14:20:56","slug":"wlc-podcast-rene-andrle-froome-me-prekvapil","status":"publish","type":"post","link":"https:\/\/www.welovecycling.com\/cs\/2022\/07\/15\/wlc-podcast-rene-andrle-froome-me-prekvapil\/","title":{"rendered":"WLC Podcast Ren\u00e9 Andrle: Froome m\u011b p\u0159ekvapil!"},"content":{"rendered":"<p><strong>Tour de France, Giro di Italia, Vuelta! V\u0161echny Grand Tour absolvoval jako cyklista profesion\u00e1ln\u00edho pelotonu Ren\u00e9 Andrle. Nyn\u00ed se na nejv\u011bt\u0161\u00ed z\u00e1vody planety vrac\u00ed v\u00a0pozici sportovn\u00edho \u0159editele t\u00fdmu Israel PremierTech, kter\u00fd m\u00e1 na soupisce mimo jin\u00e9 Chrise Frooma. Jak osma\u010dty\u0159icetilet\u00fd rod\u00e1k z\u00a0Litom\u011b\u0159ic s\u00a0\u010dty\u0159n\u00e1sobn\u00fdm \u0161ampionem Tour de France vych\u00e1z\u00ed? A jak sleduje jeho tr\u00e9ninkov\u00e9 v\u00fdkony?<\/strong><\/p>\n<p>\u201eChris m\u011b hodn\u011b p\u0159ekvapil,\u201c \u0159\u00edk\u00e1 Ren\u00e9 Andrle v Podcastu We Love Cycling. \u201eJe neuv\u011b\u0159iteln\u011b skromn\u00fd. Vst\u0159\u00edcn\u00fd a hodn\u00fd. V\u017edy\u0165 jde o frajera, co vyhr\u00e1l \u010dty\u0159ikr\u00e1t Tour de France,\u201c neskr\u00fdv\u00e1 Andrle, \u017ee od sedmin\u00e1sobn\u00e9ho v\u00edt\u011bze Grand Tour o\u010dek\u00e1val jistou d\u00e1vku nad\u0159azenosti.<\/p>\n<p><iframe loading=\"lazy\" title=\"YouTube video player\" src=\"https:\/\/www.youtube-nocookie.com\/embed\/3KiGpeG77y8\" width=\"560\" height=\"315\" frameborder=\"0\" allowfullscreen=\"allowfullscreen\"><\/iframe><\/p>\n<p>P\u0159esto\u017ee je Andrle o jeden\u00e1ct let star\u0161\u00ed a je pro Chrise Frooma nad\u0159\u00edzen\u00fdm, neskr\u00fdv\u00e1, \u017ee p\u0159\u00edstup k hv\u011bzd\u011b je velice diplomatick\u00fd. \u201eNen\u00ed snadn\u00e9 se s n\u00edm bavit t\u0159eba o podob\u011b tr\u00e9ninku. Tak\u017ee na\u0161e role sportovn\u00edch \u0159editel\u016f je sp\u00ed\u0161e konzulta\u010dn\u00ed, vystupujeme k n\u011bmu pozitivn\u011b, povzbuzujeme ho. Do ur\u010dit\u00fdch z\u00e1le\u017eitost\u00ed mu nezasahujeme, celkov\u011b se ke komunikaci p\u0159istupuje velice citliv\u011b,\u201c vypravuje Andrle.<\/p>\n<p><iframe loading=\"lazy\" style=\"border-radius: 12px;\" src=\"https:\/\/open.spotify.com\/embed\/episode\/3bwcAU1tmBeHTdIDsTn2t3?utm_source=generator\" width=\"100%\" height=\"232\" frameborder=\"0\" allowfullscreen=\"allowfullscreen\"><\/iframe><\/p>\n<p>D\u00e1v\u00e1 k dobru jednu zaj\u00edmavost. \u201eV\u0161ichni v t\u00fdmu pou\u017e\u00edvaj\u00ed aplikaci Training Peaks. J\u00e1 m\u00e1m tedy prakticky online mo\u017enost sledovat ka\u017ed\u00e9ho z\u00e1vodn\u00edka. A\u017e na jedin\u00e9ho. P\u0159\u00edstup k dat\u016fm Chrise Frooma maj\u00ed jen t\u0159i lidi z t\u00fdmu. Jeho dva tren\u00e9\u0159i a hlavn\u00ed \u0161\u00e9f,\u201c p\u0159izn\u00e1v\u00e1 Andrle.<\/p>\n<h2><strong>Simon Clarke? Po\u0159\u00e1d si st\u011b\u017euje<\/strong><\/h2>\n<p>T\u00fdm Israel PremierTech na Tour de France 2022 oslavil prvn\u00ed v\u00edt\u011bzstv\u00ed z\u00a0nejpresti\u017en\u011bj\u0161\u00edho etapov\u00e9ho z\u00e1vodu. Australan Simon Clarke ovl\u00e1dl p\u00e1tou etapu, kter\u00e1 vedla po kostkov\u00fdch sektorech Pekla severu. Paradoxn\u011b formaci zajistil triumf mu\u017e, kter\u00fd podepsal smlouvu jako posledn\u00ed.<\/p>\n<p><iframe style=\"width: 100%; max-width: 660px; overflow: hidden; background: transparent;\" src=\"https:\/\/embed.podcasts.apple.com\/cz\/podcast\/ren%C3%A9-andrle-ze-z%C3%A1kulis%C3%AD-tour-de-france-2022-wlc-podcast\/id1572814019?i=1000570019841\" height=\"175\" frameborder=\"0\" sandbox=\"allow-forms allow-popups allow-same-origin allow-scripts allow-storage-access-by-user-activation allow-top-navigation-by-user-activation\"><\/iframe><\/p>\n<p>\u201eSe Simonem jsme m\u011bli n\u011bkolik pohovor\u016f. Ka\u017ed\u00e9mu rad\u00ed. Mechanik\u016fm, mas\u00e9r\u016fm. Po\u0159\u00e1d si na n\u011bco st\u011b\u017euje. Nen\u00ed snadn\u00e9 s\u00a0n\u00edm vyj\u00edt, ale sou\u010dasn\u011b je velmi precizn\u00ed,\u201c nech\u00e1v\u00e1 Andrle nahl\u00e9dnout do z\u00e1kulis\u00ed t\u00fdmu. \u201eT\u0159eba Chris si na jeho radu zkr\u00e1til \u0159\u00edd\u00edtka. Borec, kter\u00fd m\u00e1 tolik zku\u0161enost\u00ed a tolik v\u00edt\u011bzstv\u00ed. Jin\u00e9mu klukovi zase poradil, a\u0165 jede etapu na galusk\u00e1ch pro \u010dasovku. A samoz\u0159ejm\u011b spadli oba,\u201c kr\u010d\u00ed rameny Andrle.<\/p>\n<p><iframe loading=\"lazy\" src=\"https:\/\/w.soundcloud.com\/player\/?url=https%3A\/\/api.soundcloud.com\/tracks\/1305763030&amp;color=%23ff5500&amp;auto_play=false&amp;hide_related=false&amp;show_comments=true&amp;show_user=true&amp;show_reposts=false&amp;show_teaser=true&amp;visual=true\" width=\"100%\" height=\"300\" frameborder=\"no\" scrolling=\"no\"><\/iframe><\/p>\n<div style=\"font-size: 10px; color: #cccccc; line-break: anywhere; word-break: normal; overflow: hidden; white-space: nowrap; text-overflow: ellipsis; font-family: Interstate,Lucida Grande,Lucida Sans Unicode,Lucida Sans,Garuda,Verdana,Tahoma,sans-serif; font-weight: 100;\"><a style=\"color: #cccccc; text-decoration: none;\" title=\"WLC podcast\" href=\"https:\/\/soundcloud.com\/skodacr\" target=\"_blank\" rel=\"noopener\">WLC podcast<\/a> \u00b7 <a style=\"color: #cccccc; text-decoration: none;\" title=\"Ren\u00e9 Andrle: ze z\u00e1kulis\u00ed Tour de France 2022 | WLC podcast\" href=\"https:\/\/soundcloud.com\/skodacr\/rene-andrle-ze-zakulisi-tour-de-france-2022-wlc-podcast\" target=\"_blank\" rel=\"noopener\">Ren\u00e9 Andrle: ze z\u00e1kulis\u00ed Tour de France 2022 | WLC podcast<\/a><\/div>\n<p>Vysv\u011btluje, pro\u010d osobn\u011b nen\u00ed p\u0159\u00edtomen leto\u0161n\u00ed Tour de France a p\u0159ibli\u017euje \u00fakoly, kter\u00e9 pln\u00ed b\u011bhem z\u00e1vod\u016f. I co je nejv\u011bt\u0161\u00edm stra\u0161\u00e1kem. \u201eP\u0159ijet pozd\u011b na prezentaci znamen\u00e1 pokutu, ale hlavn\u011b str\u017een\u00ed t\u00e9m\u011b\u0159 stejn\u00e9 porce bod\u016f, kterou z\u00edsk\u00e1te za v\u00edt\u011bzstv\u00ed v\u00a0etap\u011b,\u201c vypravuje Andrle v\u00a0podcastu We Love Cycling.<\/p>\n","protected":false},"excerpt":{"rendered":"<p>Tour de France, Giro di Italia, Vuelta! V\u0161echny Grand Tour absolvoval jako cyklista profesion\u00e1ln\u00edho pelotonu Ren\u00e9 Andrle. Nyn\u00ed se na [&hellip;]<\/p>\n","protected":false},"author":138,"featured_media":17923,"comment_status":"open","ping_status":"open","sticky":false,"template":"","format":"video","meta":{"footnotes":""},"categories":[1864],"tags":[19,126,2469,329,9,2470,1962],"global-categories":[411],"class_list":["post-17920","post","type-post","status-publish","format-video","has-post-thumbnail","hentry","category-podcasty","tag-chris-froome","tag-cyklistika","tag-israel-premiertech","tag-rene-andrle","tag-silnicni-cyklistika","tag-simon-clarke","tag-tour-de-france-2022","post_format-post-format-video","global-categories-cycling"],"yoast_head":"<!-- This site is optimized with the Yoast SEO Premium plugin v25.3 (Yoast SEO v25.9) - https:\/\/yoast.com\/wordpress\/plugins\/seo\/ -->\n<title>WLC Podcast Ren\u00e9 Andrle: Froome m\u011b p\u0159ekvapil! | \u0160koda We Love Cycling - \u010cesk\u00e1 republika<\/title>\n<meta name=\"description\" content=\"Tour de France, Giro, Vuelta! V\u0161echny Grand Tour jel jako z\u00e1vodn\u00edk Ren\u00e9 Andrle. Te\u010f se vrac\u00ed coby sportovn\u00ed \u0159editel Israel PremierTech.\" \/>\n<meta name=\"robots\" content=\"index, follow, max-snippet:-1, max-image-preview:large, max-video-preview:-1\" \/>\n<link rel=\"canonical\" href=\"https:\/\/www.welovecycling.com\/cs\/2022\/07\/15\/wlc-podcast-rene-andrle-froome-me-prekvapil\/\" \/>\n<meta property=\"og:locale\" content=\"cs_CZ\" \/>\n<meta property=\"og:type\" content=\"article\" \/>\n<meta property=\"og:title\" content=\"WLC Podcast Ren\u00e9 Andrle: Froome m\u011b p\u0159ekvapil!\" \/>\n<meta property=\"og:description\" content=\"Tour de France, Giro, Vuelta! V\u0161echny Grand Tour jel jako z\u00e1vodn\u00edk Ren\u00e9 Andrle. Te\u010f se vrac\u00ed coby sportovn\u00ed \u0159editel Israel PremierTech.\" \/>\n<meta property=\"og:url\" content=\"https:\/\/www.welovecycling.com\/cs\/2022\/07\/15\/wlc-podcast-rene-andrle-froome-me-prekvapil\/\" \/>\n<meta property=\"og:site_name\" content=\"\u0160koda We Love Cycling - \u010cesk\u00e1 republika\" \/>\n<meta property=\"article:published_time\" content=\"2022-07-15T14:20:01+00:00\" \/>\n<meta property=\"article:modified_time\" content=\"2022-07-15T14:20:56+00:00\" \/>\n<meta property=\"og:image\" content=\"https:\/\/d2p6e6u75xmxt8.cloudfront.net\/13\/2022\/07\/wlc-podcast-thumbnail-Andrle.webp\" \/>\n\t<meta property=\"og:image:width\" content=\"1920\" \/>\n\t<meta property=\"og:image:height\" content=\"1080\" \/>\n\t<meta property=\"og:image:type\" content=\"image\/webp\" \/>\n<meta name=\"author\" content=\"radekmalina\" \/>\n<meta name=\"twitter:card\" content=\"summary_large_image\" \/>\n<meta name=\"twitter:label1\" content=\"Written by\" \/>\n\t<meta name=\"twitter:data1\" content=\"We Love Cycling\" \/>\n\t<meta name=\"twitter:label2\" content=\"Est. watching time\" \/>\n\t<meta name=\"twitter:data2\" content=\"4\" \/>\n<script type=\"application\/ld+json\" class=\"yoast-schema-graph\">{\"@context\":\"https:\/\/schema.org\",\"@graph\":[{\"@type\":\"WebPage\",\"@id\":\"https:\/\/www.welovecycling.com\/cs\/2022\/07\/15\/wlc-podcast-rene-andrle-froome-me-prekvapil\/\",\"url\":\"https:\/\/www.welovecycling.com\/cs\/2022\/07\/15\/wlc-podcast-rene-andrle-froome-me-prekvapil\/\",\"name\":\"WLC Podcast Ren\u00e9 Andrle: Froome m\u011b p\u0159ekvapil! | \u0160koda We Love Cycling - \u010cesk\u00e1 republika\",\"isPartOf\":{\"@id\":\"https:\/\/www.welovecycling.com\/cs\/#website\"},\"primaryImageOfPage\":{\"@id\":\"https:\/\/www.welovecycling.com\/cs\/2022\/07\/15\/wlc-podcast-rene-andrle-froome-me-prekvapil\/#primaryimage\"},\"image\":{\"@id\":\"https:\/\/www.welovecycling.com\/cs\/2022\/07\/15\/wlc-podcast-rene-andrle-froome-me-prekvapil\/#primaryimage\"},\"thumbnailUrl\":\"https:\/\/d2p6e6u75xmxt8.cloudfront.net\/13\/2022\/07\/wlc-podcast-thumbnail-Andrle.webp\",\"datePublished\":\"2022-07-15T14:20:01+00:00\",\"dateModified\":\"2022-07-15T14:20:56+00:00\",\"author\":{\"@id\":\"https:\/\/www.welovecycling.com\/cs\/#\/schema\/person\/d9eeb0a378f3a7e4a6d12d2b536b04b8\"},\"description\":\"Tour de France, Giro, Vuelta! V\u0161echny Grand Tour jel jako z\u00e1vodn\u00edk Ren\u00e9 Andrle. Te\u010f se vrac\u00ed coby sportovn\u00ed \u0159editel Israel PremierTech.\",\"inLanguage\":\"cs\",\"potentialAction\":[{\"@type\":\"ReadAction\",\"target\":[\"https:\/\/www.welovecycling.com\/cs\/2022\/07\/15\/wlc-podcast-rene-andrle-froome-me-prekvapil\/\"]}]},{\"@type\":\"ImageObject\",\"inLanguage\":\"cs\",\"@id\":\"https:\/\/www.welovecycling.com\/cs\/2022\/07\/15\/wlc-podcast-rene-andrle-froome-me-prekvapil\/#primaryimage\",\"url\":\"https:\/\/d2p6e6u75xmxt8.cloudfront.net\/13\/2022\/07\/wlc-podcast-thumbnail-Andrle.webp\",\"contentUrl\":\"https:\/\/d2p6e6u75xmxt8.cloudfront.net\/13\/2022\/07\/wlc-podcast-thumbnail-Andrle.webp\",\"width\":1920,\"height\":1080},{\"@type\":\"WebSite\",\"@id\":\"https:\/\/www.welovecycling.com\/cs\/#website\",\"url\":\"https:\/\/www.welovecycling.com\/cs\/\",\"name\":\"\u0160koda We Love Cycling - \u010cesk\u00e1 republika\",\"description\":\"WeLoveCycling.cz je online magaz\u00edn, kter\u00fd v\u00e1m pravideln\u011b p\u0159in\u00e1\u0161\u00ed rady a tipy, zaj\u00edmav\u00e9 \u010dl\u00e1nky, videa a jedine\u010dn\u00e9 report\u00e1\u017ee ze sv\u011bta cyklistiky.\",\"potentialAction\":[{\"@type\":\"SearchAction\",\"target\":{\"@type\":\"EntryPoint\",\"urlTemplate\":\"https:\/\/www.welovecycling.com\/cs\/?s={search_term_string}\"},\"query-input\":{\"@type\":\"PropertyValueSpecification\",\"valueRequired\":true,\"valueName\":\"search_term_string\"}}],\"inLanguage\":\"cs\"},{\"@type\":\"Person\",\"@id\":\"https:\/\/www.welovecycling.com\/cs\/#\/schema\/person\/d9eeb0a378f3a7e4a6d12d2b536b04b8\",\"name\":\"radekmalina\",\"image\":{\"@type\":\"ImageObject\",\"inLanguage\":\"cs\",\"@id\":\"https:\/\/www.welovecycling.com\/cs\/#\/schema\/person\/image\/\",\"url\":\"https:\/\/secure.gravatar.com\/avatar\/66994b632cb8c39a46b9f54afa3ae07201b678d32a54275b6f1c9ffec356bfc0?s=96&d=mm&r=g\",\"contentUrl\":\"https:\/\/secure.gravatar.com\/avatar\/66994b632cb8c39a46b9f54afa3ae07201b678d32a54275b6f1c9ffec356bfc0?s=96&d=mm&r=g\",\"caption\":\"radekmalina\"},\"url\":\"https:\/\/www.welovecycling.com\/cs\/author\/radekmalina\/\"}]}<\/script>\n<!-- \/ Yoast SEO Premium plugin. -->","yoast_head_json":{"title":"WLC Podcast Ren\u00e9 Andrle: Froome m\u011b p\u0159ekvapil! | \u0160koda We Love Cycling - \u010cesk\u00e1 republika","description":"Tour de France, Giro, Vuelta! V\u0161echny Grand Tour jel jako z\u00e1vodn\u00edk Ren\u00e9 Andrle. Te\u010f se vrac\u00ed coby sportovn\u00ed \u0159editel Israel PremierTech.","robots":{"index":"index","follow":"follow","max-snippet":"max-snippet:-1","max-image-preview":"max-image-preview:large","max-video-preview":"max-video-preview:-1"},"canonical":"https:\/\/www.welovecycling.com\/cs\/2022\/07\/15\/wlc-podcast-rene-andrle-froome-me-prekvapil\/","og_locale":"cs_CZ","og_type":"article","og_title":"WLC Podcast Ren\u00e9 Andrle: Froome m\u011b p\u0159ekvapil!","og_description":"Tour de France, Giro, Vuelta! V\u0161echny Grand Tour jel jako z\u00e1vodn\u00edk Ren\u00e9 Andrle. Te\u010f se vrac\u00ed coby sportovn\u00ed \u0159editel Israel PremierTech.","og_url":"https:\/\/www.welovecycling.com\/cs\/2022\/07\/15\/wlc-podcast-rene-andrle-froome-me-prekvapil\/","og_site_name":"\u0160koda We Love Cycling - \u010cesk\u00e1 republika","article_published_time":"2022-07-15T14:20:01+00:00","article_modified_time":"2022-07-15T14:20:56+00:00","og_image":[{"width":1920,"height":1080,"url":"https:\/\/d2p6e6u75xmxt8.cloudfront.net\/13\/2022\/07\/wlc-podcast-thumbnail-Andrle.webp","type":"image\/webp"}],"author":"radekmalina","twitter_card":"summary_large_image","twitter_misc":{"Written by":"We Love Cycling","Est. watching time":"4"},"schema":{"@context":"https:\/\/schema.org","@graph":[{"@type":"WebPage","@id":"https:\/\/www.welovecycling.com\/cs\/2022\/07\/15\/wlc-podcast-rene-andrle-froome-me-prekvapil\/","url":"https:\/\/www.welovecycling.com\/cs\/2022\/07\/15\/wlc-podcast-rene-andrle-froome-me-prekvapil\/","name":"WLC Podcast Ren\u00e9 Andrle: Froome m\u011b p\u0159ekvapil! | \u0160koda We Love Cycling - \u010cesk\u00e1 republika","isPartOf":{"@id":"https:\/\/www.welovecycling.com\/cs\/#website"},"primaryImageOfPage":{"@id":"https:\/\/www.welovecycling.com\/cs\/2022\/07\/15\/wlc-podcast-rene-andrle-froome-me-prekvapil\/#primaryimage"},"image":{"@id":"https:\/\/www.welovecycling.com\/cs\/2022\/07\/15\/wlc-podcast-rene-andrle-froome-me-prekvapil\/#primaryimage"},"thumbnailUrl":"https:\/\/d2p6e6u75xmxt8.cloudfront.net\/13\/2022\/07\/wlc-podcast-thumbnail-Andrle.webp","datePublished":"2022-07-15T14:20:01+00:00","dateModified":"2022-07-15T14:20:56+00:00","author":{"@id":"https:\/\/www.welovecycling.com\/cs\/#\/schema\/person\/d9eeb0a378f3a7e4a6d12d2b536b04b8"},"description":"Tour de France, Giro, Vuelta! V\u0161echny Grand Tour jel jako z\u00e1vodn\u00edk Ren\u00e9 Andrle. Te\u010f se vrac\u00ed coby sportovn\u00ed \u0159editel Israel PremierTech.","inLanguage":"cs","potentialAction":[{"@type":"ReadAction","target":["https:\/\/www.welovecycling.com\/cs\/2022\/07\/15\/wlc-podcast-rene-andrle-froome-me-prekvapil\/"]}]},{"@type":"ImageObject","inLanguage":"cs","@id":"https:\/\/www.welovecycling.com\/cs\/2022\/07\/15\/wlc-podcast-rene-andrle-froome-me-prekvapil\/#primaryimage","url":"https:\/\/d2p6e6u75xmxt8.cloudfront.net\/13\/2022\/07\/wlc-podcast-thumbnail-Andrle.webp","contentUrl":"https:\/\/d2p6e6u75xmxt8.cloudfront.net\/13\/2022\/07\/wlc-podcast-thumbnail-Andrle.webp","width":1920,"height":1080},{"@type":"WebSite","@id":"https:\/\/www.welovecycling.com\/cs\/#website","url":"https:\/\/www.welovecycling.com\/cs\/","name":"\u0160koda We Love Cycling - \u010cesk\u00e1 republika","description":"WeLoveCycling.cz je online magaz\u00edn, kter\u00fd v\u00e1m pravideln\u011b p\u0159in\u00e1\u0161\u00ed rady a tipy, zaj\u00edmav\u00e9 \u010dl\u00e1nky, videa a jedine\u010dn\u00e9 report\u00e1\u017ee ze sv\u011bta cyklistiky.","potentialAction":[{"@type":"SearchAction","target":{"@type":"EntryPoint","urlTemplate":"https:\/\/www.welovecycling.com\/cs\/?s={search_term_string}"},"query-input":{"@type":"PropertyValueSpecification","valueRequired":true,"valueName":"search_term_string"}}],"inLanguage":"cs"},{"@type":"Person","@id":"https:\/\/www.welovecycling.com\/cs\/#\/schema\/person\/d9eeb0a378f3a7e4a6d12d2b536b04b8","name":"radekmalina","image":{"@type":"ImageObject","inLanguage":"cs","@id":"https:\/\/www.welovecycling.com\/cs\/#\/schema\/person\/image\/","url":"https:\/\/secure.gravatar.com\/avatar\/66994b632cb8c39a46b9f54afa3ae07201b678d32a54275b6f1c9ffec356bfc0?s=96&d=mm&r=g","contentUrl":"https:\/\/secure.gravatar.com\/avatar\/66994b632cb8c39a46b9f54afa3ae07201b678d32a54275b6f1c9ffec356bfc0?s=96&d=mm&r=g","caption":"radekmalina"},"url":"https:\/\/www.welovecycling.com\/cs\/author\/radekmalina\/"}]}},"_links":{"self":[{"href":"https:\/\/www.welovecycling.com\/cs\/wp-json\/wp\/v2\/posts\/17920","targetHints":{"allow":["GET"]}}],"collection":[{"href":"https:\/\/www.welovecycling.com\/cs\/wp-json\/wp\/v2\/posts"}],"about":[{"href":"https:\/\/www.welovecycling.com\/cs\/wp-json\/wp\/v2\/types\/post"}],"author":[{"embeddable":true,"href":"https:\/\/www.welovecycling.com\/cs\/wp-json\/wp\/v2\/users\/138"}],"replies":[{"embeddable":true,"href":"https:\/\/www.welovecycling.com\/cs\/wp-json\/wp\/v2\/comments?post=17920"}],"version-history":[{"count":2,"href":"https:\/\/www.welovecycling.com\/cs\/wp-json\/wp\/v2\/posts\/17920\/revisions"}],"predecessor-version":[{"id":17958,"href":"https:\/\/www.welovecycling.com\/cs\/wp-json\/wp\/v2\/posts\/17920\/revisions\/17958"}],"wp:featuredmedia":[{"embeddable":true,"href":"https:\/\/www.welovecycling.com\/cs\/wp-json\/wp\/v2\/media\/17923"}],"wp:attachment":[{"href":"https:\/\/www.welovecycling.com\/cs\/wp-json\/wp\/v2\/media?parent=17920"}],"wp:term":[{"taxonomy":"category","embeddable":true,"href":"https:\/\/www.welovecycling.com\/cs\/wp-json\/wp\/v2\/categories?post=17920"},{"taxonomy":"post_tag","embeddable":true,"href":"https:\/\/www.welovecycling.com\/cs\/wp-json\/wp\/v2\/tags?post=17920"},{"taxonomy":"global-categories","embeddable":true,"href":"https:\/\/www.welovecycling.com\/cs\/wp-json\/wp\/v2\/global-categories?post=17920"}],"curies":[{"name":"wp","href":"https:\/\/api.w.org\/{rel}","templated":true}]}}