{"id":17799,"date":"2022-07-05T12:00:14","date_gmt":"2022-07-05T10:00:14","guid":{"rendered":"https:\/\/www.welovecycling.com\/cs\/?p=17799"},"modified":"2025-07-03T13:45:19","modified_gmt":"2025-07-03T11:45:19","slug":"ceska-stopa-na-tour-de-france-kdo-je-rekordmanem-a-kdo-vyhral-etapy","status":"publish","type":"post","link":"https:\/\/www.welovecycling.com\/cs\/2022\/07\/05\/ceska-stopa-na-tour-de-france-kdo-je-rekordmanem-a-kdo-vyhral-etapy\/","title":{"rendered":"\u010cesk\u00e1 stopa na Tour de France: kdo je rekordmanem a kdo vyhr\u00e1l etapy?"},"content":{"rendered":"<p><strong>Ani jeden \u010desk\u00fd cyklista nefiguruje ve startovn\u00ed listin\u011b prob\u00edhaj\u00edc\u00edho 109. ro\u010dn\u00edku Tour de France. Ov\u0161em \u010desk\u00e1 stopa na nejslavn\u011bj\u0161\u00edm z\u00e1vod\u011b sv\u011bta nen\u00ed rozhodn\u011b zanedbateln\u00e1. Rekordmanem je co do po\u010dtu start\u016f Roman Kreuziger, kter\u00fd se na start Star\u00e9 d\u00e1my postavil hned desetkr\u00e1t.<\/strong><\/p>\n<p>Dnes u\u017e b\u00fdval\u00fd profesion\u00e1l a sou\u010dasn\u00fd sportovn\u00ed \u0159editel st\u00e1je Bahrain Victorious jel svou prvn\u00ed Tour u\u017e v\u00a0roce 2008 a tu posledn\u00ed v\u00a0roce 2020. Hned p\u0159i sv\u00e9m debutu skon\u010dil na velmi dobr\u00e9m 12. m\u00edst\u011b. Jeho v\u00fdsledkov\u00fdm maximem je p\u00e1t\u00e1 p\u0159\u00ed\u010dka z roku 2013, do elitn\u00ed des\u00edtky se dostal je\u0161t\u011b t\u0159ikr\u00e1t \u2013 v letech 2009 a 2010 skon\u010dil osm\u00fd a v roce 2016 des\u00e1t\u00fd.<\/p>\n<figure id=\"attachment_14813\" aria-describedby=\"caption-attachment-14813\" style=\"width: 1800px\" class=\"wp-caption alignnone\"><a href=\"https:\/\/d2p6e6u75xmxt8.cloudfront.net\/13\/2021\/10\/Kreuziger-profimedia-0226635841-Tour-de-France-bily-dres-2009.jpg\"><img loading=\"lazy\" decoding=\"async\" class=\"size-full wp-image-14813\" src=\"https:\/\/d2p6e6u75xmxt8.cloudfront.net\/13\/2021\/10\/Kreuziger-profimedia-0226635841-Tour-de-France-bily-dres-2009.jpg\" alt=\"Roman Kreuziger v b\u00edl\u00e9m dresu pro nejlep\u0161\u00edho jezdce Tour de France do 25 let.\" width=\"1800\" height=\"1329\" \/><\/a><figcaption id=\"caption-attachment-14813\" class=\"wp-caption-text\"><em>Roman Kreuziger v b\u00edl\u00e9m dresu pro nejlep\u0161\u00edho jezdce Tour de France do 25 let.<\/em><\/figcaption><\/figure>\n<p>\u201eJe to specifick\u00fd z\u00e1vod, kter\u00fd n\u011bkdy milujete a jindy nen\u00e1vid\u00edte. Ale kdy\u017e p\u0159ij\u00ed\u017ed\u00edte v Pa\u0159\u00ed\u017ei do c\u00edle, tak si to v\u017edy u\u017e\u00edv\u00e1te,\u201c \u0159\u00edkal Kreuziger n\u011bkolikr\u00e1t b\u011bhem sv\u00e9 kari\u00e9ry.<\/p>\n<p>Tour absolvoval v dresech n\u011bkolika t\u00fdm\u016f: 3x v\u00a0barv\u00e1ch Liquigasu a Tinkoff-Saxo, 2x startoval za jihoafrick\u00fd t\u00fdm Dimension Data resp. NTT Pro Cycling, jednou za Astanu a jednu Tour jel v\u00a0dresu australsk\u00e9 st\u00e1je Orica-Scott.<\/p>\n<h2><strong>Prvn\u00edm byl Kv\u011btoslav Palov<\/strong><\/h2>\n<p>Celkem se dosud objevilo v historii Tour de France na startu t\u0159in\u00e1ct \u010desk\u00fdch jmen. Prvn\u00edm byl v roce 1987 Kv\u011btoslav Palov, kter\u00fd startoval za britsk\u00fd t\u00fdm ANC \u2013 Halfords a Tour dokon\u010dil na 103. m\u00edst\u011b. T\u00edm zat\u00edm posledn\u00edm byl vloni Petr Vako\u010d, kter\u00fd jel v barv\u00e1ch t\u00fdmu Alpecin svou druhou Tour kari\u00e9ry. Tu prvn\u00ed jel je\u0161t\u011b za Quick Step.<\/p>\n<div class=\"shortcode-ys-post-pinup\"><article class=\"loop-simple post-17716 post type-post status-publish format-standard has-post-thumbnail hentry category-welovecycling-com-cs-tdf tag-cyklistika tag-maillot-jaune tag-pablo-escobar tag-roberto-escobar tag-silnicni-cyklistika tag-tour-de-france tag-zluty-trikot global-categories-cycling\" data-postid=\"17716\" role=\"article\" data-post-id=\"17716\" data-word-count=\"508\" data-headline-length=\"68\" data-category=\"TdF\" data-global-category=\"Cycling\" data-author=\"Adam Bouda\" data-published=\"2022-06-29T10:00:20+02:00\" data-published-day=\"Wednesday\">\n    <div class=\"entry-thumbnail article-thumbnail\" content=\"https:\/\/d2p6e6u75xmxt8.cloudfront.net\/13\/2022\/06\/escobar-profimedia-0406621726-150x150.webp\"><a href=\"https:\/\/www.welovecycling.com\/cs\/2022\/06\/29\/jak-bratr-kokainoveho-krale-snil-o-zlutem-dresu-z-tour-de-france\/\" class=\"image-holder\" target=\"_self\"><img decoding=\"async\" loading=\"lazy\" class=\"\" src=\"https:\/\/d2p6e6u75xmxt8.cloudfront.net\/13\/2022\/06\/escobar-profimedia-0406621726-1024x682.webp\" srcset=\"https:\/\/d2p6e6u75xmxt8.cloudfront.net\/13\/2022\/06\/escobar-profimedia-0406621726.webp 1800w, https:\/\/d2p6e6u75xmxt8.cloudfront.net\/13\/2022\/06\/escobar-profimedia-0406621726-300x200.webp 300w, https:\/\/d2p6e6u75xmxt8.cloudfront.net\/13\/2022\/06\/escobar-profimedia-0406621726-1024x682.webp 1024w, https:\/\/d2p6e6u75xmxt8.cloudfront.net\/13\/2022\/06\/escobar-profimedia-0406621726-768x511.webp 768w, https:\/\/d2p6e6u75xmxt8.cloudfront.net\/13\/2022\/06\/escobar-profimedia-0406621726-1536x1022.webp 1536w, https:\/\/d2p6e6u75xmxt8.cloudfront.net\/13\/2022\/06\/escobar-profimedia-0406621726-272x182.webp 272w\" width=\"1024\" height=\"682\" sizes=\"auto, (min-width: 1200px) 300px, (min-width: 768px) 25vw, 100vw\" alt=\"jak-bratr-kokainoveho-krale-snil-o-zlutem-dresu-z-tour-de-france\"\/><\/a><\/div>    <div class=\"entry-meta\">\n        <a class=\"label label-secondary post-category\" href=\"https:\/\/www.welovecycling.com\/cs\/category\/welovecycling-com-cs-tdf\/\" title=\"TdF\">TdF<\/a>\n    <\/div>\n    <div class=\"entry-details\">\n        <a href=\"https:\/\/www.welovecycling.com\/cs\/2022\/06\/29\/jak-bratr-kokainoveho-krale-snil-o-zlutem-dresu-z-tour-de-france\/\" class='entry-title-wrapper'>\n            <h3 class=\"entry-title\"><span>Jak bratr kokainov\u00e9ho kr\u00e1le snil o \u017elut\u00e9m dresu z Tour de France<\/span><\/h3>\n        <\/a>\n    <\/div>\n    <\/article>\n<\/div>\n<p>Co do po\u010dtu start\u016f za Kreuzigerem n\u00e1sleduj\u00ed J\u00e1n Svorada a Pavel Padrnos. B\u00fdval\u00fd excelentn\u00ed spurt\u00e9r Svorada si sv\u00e9 starty p\u0159ipsal v\u00a0rozmez\u00ed let 1993-2002 a b\u011bhem nich dok\u00e1zal v\u00a0dresu Lampre vyhr\u00e1t t\u0159i etapy. V\u010detn\u011b presti\u017en\u00edho z\u00e1v\u011bre\u010dn\u00e9ho d\u011bjstv\u00ed na Champs Elys\u00e9es v\u00a0roce 2001.<\/p>\n<figure id=\"attachment_9848\" aria-describedby=\"caption-attachment-9848\" style=\"width: 1800px\" class=\"wp-caption alignnone\"><a href=\"https:\/\/d2p6e6u75xmxt8.cloudfront.net\/13\/2020\/09\/WLC-svorada-profimedia-0069147095.jpg\"><img loading=\"lazy\" decoding=\"async\" class=\"size-full wp-image-9848\" src=\"https:\/\/d2p6e6u75xmxt8.cloudfront.net\/13\/2020\/09\/WLC-svorada-profimedia-0069147095.jpg\" alt=\"Den, kter\u00fd se zapsal do historie \u010desk\u00e9 cyklistiky. J\u00e1n Svorada 29. \u010dervence 2001 vyhr\u00e1v\u00e1 z\u00e1v\u011bre\u010dnou etapu na Tour de France. Foto: profimedia\" width=\"1800\" height=\"1144\" \/><\/a><figcaption id=\"caption-attachment-9848\" class=\"wp-caption-text\"><em>Den, kter\u00fd se zapsal do historie \u010desk\u00e9 cyklistiky. J\u00e1n Svorada 29. \u010dervence 2001 vyhr\u00e1v\u00e1 z\u00e1v\u011bre\u010dnou etapu na Tour de France. Foto: profimedia<\/em><\/figcaption><\/figure>\n<p>Zat\u00edmco Svorada se soust\u0159edil jen na hromadn\u00e9 dojezdy, Padrnos m\u011bl v\u00a0pelotonu pov\u011bst jednoho z\u00a0nejlep\u0161\u00edch domestik\u016f. V\u0161ak po n\u011bm taky s\u00e1hl Lance Armstrong a \u010desk\u00fd cyklista byl jedn\u00edm z\u00a0kl\u00ed\u010dov\u00fdch mu\u017e\u016f p\u0159i jeho \u00fasp\u011b\u0161\u00edch na Tour. Jednu jel v dresu Roslotta, po jedn\u00e9 Tour de France si p\u0159ipsal v dresech Lampre a Saeca a zb\u00fdvaj\u00edc\u00ed v trikotu US Postal resp. Discovery Channel.<\/p>\n<h2><strong>Jan B\u00e1rta t\u0159et\u00ed v \u010dasovce<\/strong><\/h2>\n<p>T\u0159i starty na Tour de France v \u0159ad\u011b za sebou (2014-2016) si p\u0159ipsal excelentn\u00ed \u010dasovk\u00e1\u0159 Jan B\u00e1rta. Bylo to v n\u011bmeck\u00e9m t\u00fdmu Bora, respektive jeho p\u0159edch\u016fdci v podob\u011b formace NetApp. Sedmat\u0159icetilet\u00fd B\u00e1rta st\u00e1le je\u0161t\u011b \u00fasp\u011b\u0161n\u011b z\u00e1vod\u00ed za nejlep\u0161\u00ed dom\u00e1c\u00ed profist\u00e1j Elkov Kasper, letos se stal mistrem republiky v \u010dasovce a vicemistrem v silni\u010dn\u00edm z\u00e1vod\u011b jednotlivc\u016f. Ov\u0161em Tour de France u\u017e je pro n\u011bj t\u00e9m\u011b\u0159 jist\u011b uzav\u0159enou kapitolou.<\/p>\n<div class=\"shortcode-ys-post-pinup\"><article class=\"loop-simple post-17796 post type-post status-publish format-standard has-post-thumbnail hentry category-tour-de-france tag-cyklistika tag-dansko tag-dylan-groenewegen tag-fabio-jakobsen tag-magnus-cort-nielsen tag-peter-sagan tag-rigoberto-uran tag-silnicni-cyklistika tag-tour-de-france tag-wout-van-aert tag-yves-lampaert global-categories-cycling\" data-postid=\"17796\" role=\"article\" data-post-id=\"17796\" data-word-count=\"361\" data-headline-length=\"71\" data-category=\"Tour de France\" data-global-category=\"Cycling\" data-author=\"We Love Cycling\" data-published=\"2022-07-03T23:30:51+02:00\" data-published-day=\"Sunday\">\n    <div class=\"entry-thumbnail article-thumbnail\" content=\"https:\/\/d2p6e6u75xmxt8.cloudfront.net\/13\/2022\/07\/Dansko-profimedia-0704743276-150x150.webp\"><a href=\"https:\/\/www.welovecycling.com\/cs\/2022\/07\/03\/tour-de-france-fotoreportaz-tri-dny-danskeho-silenstvi\/\" class=\"image-holder\" target=\"_self\"><img decoding=\"async\" loading=\"lazy\" class=\"\" src=\"https:\/\/d2p6e6u75xmxt8.cloudfront.net\/13\/2022\/07\/Dansko-profimedia-0704743276-1024x683.webp\" srcset=\"https:\/\/d2p6e6u75xmxt8.cloudfront.net\/13\/2022\/07\/Dansko-profimedia-0704743276.webp 1800w, https:\/\/d2p6e6u75xmxt8.cloudfront.net\/13\/2022\/07\/Dansko-profimedia-0704743276-300x200.webp 300w, https:\/\/d2p6e6u75xmxt8.cloudfront.net\/13\/2022\/07\/Dansko-profimedia-0704743276-1024x683.webp 1024w, https:\/\/d2p6e6u75xmxt8.cloudfront.net\/13\/2022\/07\/Dansko-profimedia-0704743276-768x512.webp 768w, https:\/\/d2p6e6u75xmxt8.cloudfront.net\/13\/2022\/07\/Dansko-profimedia-0704743276-1536x1024.webp 1536w, https:\/\/d2p6e6u75xmxt8.cloudfront.net\/13\/2022\/07\/Dansko-profimedia-0704743276-272x182.webp 272w\" width=\"1024\" height=\"683\" sizes=\"auto, (min-width: 1200px) 300px, (min-width: 768px) 25vw, 100vw\" alt=\"tour-de-france-fotoreportaz-tri-dny-danskeho-silenstvi\"\/><\/a><\/div>    <div class=\"entry-meta\">\n        <a class=\"label label-secondary post-category\" href=\"https:\/\/www.welovecycling.com\/cs\/category\/tour-de-france\/\" title=\"Tour de France\">Tour de France<\/a>\n    <\/div>\n    <div class=\"entry-details\">\n        <a href=\"https:\/\/www.welovecycling.com\/cs\/2022\/07\/03\/tour-de-france-fotoreportaz-tri-dny-danskeho-silenstvi\/\" class='entry-title-wrapper'>\n            <h3 class=\"entry-title\"><span>Tour de France &#8211; fotoreport\u00e1\u017e: t\u0159i dny d\u00e1nsk\u00e9ho \u0161\u00edlenstv\u00ed<\/span><\/h3>\n        <\/a>\n    <\/div>\n    <\/article>\n<\/div>\n<p>Nejv\u011bt\u0161\u00ed \u00fasp\u011bch si ne\u00fanavn\u00fd bojovn\u00edk a mistr \u00fanik\u016f B\u00e1rta p\u0159ipsal hned p\u0159i debutu na Tour de France v\u00a0roce 2014, kdy\u017e v p\u0159edposledn\u00ed den z\u00e1vodu skon\u010dil t\u0159et\u00ed v \u010dasovce na 54 kilometr\u016f za Tony Martinem a Tomem Dumoulinem. O rok pozd\u011bji p\u0159ekvapil 25. m\u00edstem v celkov\u00e9 klasifikaci a \u0161est\u00fdm m\u00edstem v kr\u00e1lovsk\u00e9 etap\u011b s\u00a0c\u00edlem na Plateau de Beille d\u00edky \u00faniku.<\/p>\n<figure id=\"attachment_11089\" aria-describedby=\"caption-attachment-11089\" style=\"width: 1800px\" class=\"wp-caption alignnone\"><a href=\"https:\/\/d2p6e6u75xmxt8.cloudfront.net\/13\/2020\/12\/Padrnos-Armstrong-profimedia-0072224647.jpg\"><img loading=\"lazy\" decoding=\"async\" class=\"size-full wp-image-11089\" src=\"https:\/\/d2p6e6u75xmxt8.cloudfront.net\/13\/2020\/12\/Padrnos-Armstrong-profimedia-0072224647.jpg\" alt=\"Pavel Padrnos (vpravo) a Lance Armstrong b\u011bhem Tour de France 2003. Foto: profimedia\" width=\"1800\" height=\"1427\" \/><\/a><figcaption id=\"caption-attachment-11089\" class=\"wp-caption-text\"><em>Pavel Padrnos (vpravo) a Lance Armstrong b\u011bhem Tour de France 2003. Foto: profimedia<\/em><\/figcaption><\/figure>\n<p>Dvakr\u00e1t absolvoval Tour De France Leopold K\u00f6nig. Prvn\u00ed Tour jel po boku B\u00e1rty v\u00a0dresu NetAppu a hned p\u0159i premi\u00e9\u0159e v\u00a0roce 2014 skon\u010dil celkov\u011b sedm\u00fd! V tomto ro\u010dn\u00edku si p\u0159ipsal p\u011bt um\u00edst\u011bn\u00ed v top 10, nejl\u00e9pe byl t\u0159et\u00ed v horsk\u00e9 etap\u011b do Chamrousse za Nibalim a Majkou.<\/p>\n<div class=\"shortcode-ys-post-pinup\"><article class=\"loop-simple post-17739 post type-post status-publish format-standard has-post-thumbnail hentry category-tour-de-france tag-casove-bonusy tag-cyklistika tag-etapy tag-odmeny tag-silnicni-cyklistika tag-tour-de-france tag-tour-de-france-2022 global-categories-cycling\" data-postid=\"17739\" role=\"article\" data-post-id=\"17739\" data-word-count=\"457\" data-headline-length=\"100\" data-category=\"Tour de France\" data-global-category=\"Cycling\" data-author=\"We Love Cycling\" data-published=\"2022-07-01T06:00:23+02:00\" data-published-day=\"Friday\">\n    <div class=\"entry-thumbnail article-thumbnail\" content=\"https:\/\/d2p6e6u75xmxt8.cloudfront.net\/13\/2022\/06\/Tour-pogacar-profimedia-0621700737-150x150.webp\"><a href=\"https:\/\/www.welovecycling.com\/cs\/2022\/07\/01\/tour-de-france-2022-kolik-inkasuje-vitez-a-kdo-vyhral-grande-boucle-nejtesnejsim-rozdilem\/\" class=\"image-holder\" target=\"_self\"><img decoding=\"async\" loading=\"lazy\" class=\"\" src=\"https:\/\/d2p6e6u75xmxt8.cloudfront.net\/13\/2022\/06\/Tour-pogacar-profimedia-0621700737-1024x683.webp\" srcset=\"https:\/\/d2p6e6u75xmxt8.cloudfront.net\/13\/2022\/06\/Tour-pogacar-profimedia-0621700737.webp 1800w, https:\/\/d2p6e6u75xmxt8.cloudfront.net\/13\/2022\/06\/Tour-pogacar-profimedia-0621700737-300x200.webp 300w, https:\/\/d2p6e6u75xmxt8.cloudfront.net\/13\/2022\/06\/Tour-pogacar-profimedia-0621700737-1024x683.webp 1024w, https:\/\/d2p6e6u75xmxt8.cloudfront.net\/13\/2022\/06\/Tour-pogacar-profimedia-0621700737-768x512.webp 768w, https:\/\/d2p6e6u75xmxt8.cloudfront.net\/13\/2022\/06\/Tour-pogacar-profimedia-0621700737-1536x1024.webp 1536w, https:\/\/d2p6e6u75xmxt8.cloudfront.net\/13\/2022\/06\/Tour-pogacar-profimedia-0621700737-272x182.webp 272w\" width=\"1024\" height=\"683\" sizes=\"auto, (min-width: 1200px) 300px, (min-width: 768px) 25vw, 100vw\" alt=\"tour-de-france-2022-kolik-inkasuje-vitez-a-kdo-vyhral-grande-boucle-nejtesnejsim-rozdilem\"\/><\/a><\/div>    <div class=\"entry-meta\">\n        <a class=\"label label-secondary post-category\" href=\"https:\/\/www.welovecycling.com\/cs\/category\/tour-de-france\/\" title=\"Tour de France\">Tour de France<\/a>\n    <\/div>\n    <div class=\"entry-details\">\n        <a href=\"https:\/\/www.welovecycling.com\/cs\/2022\/07\/01\/tour-de-france-2022-kolik-inkasuje-vitez-a-kdo-vyhral-grande-boucle-nejtesnejsim-rozdilem\/\" class='entry-title-wrapper'>\n            <h3 class=\"entry-title\"><span>Tour de France 2022: Kolik inkasuje v\u00edt\u011bz? A kdo vyhr\u00e1l Grande Boucle nejt\u011bsn\u011bj\u0161\u00edm rozd\u00edlem?<\/span><\/h3>\n        <\/a>\n    <\/div>\n    <\/article>\n<\/div>\n<p>O rok pozd\u011bji u\u017e Tour absolvoval v\u00a0barv\u00e1ch hv\u011bzdn\u00e9ho t\u00fdmu Sky, kde si p\u0159ipsal druh\u00e9 m\u00edsto v\u00a0t\u00fdmov\u00e9 \u010dasovce, ale osobn\u00ed ambice musel ob\u011btovat. L\u00eddrem byl tehdy Chris Froome a slavil celkov\u00e9 prvenstv\u00ed.<\/p>\n<h2><strong>Zden\u011bk \u0160tybar se py\u0161n\u00ed vyhranou etapou z Tour de France<\/strong><\/h2>\n<p>Dva starty na Tour de France m\u00e1 i Zden\u011bk \u0160tybar (2015 a 2017) a je jedn\u00edm ze dvou \u010cech\u016f, kte\u0159\u00ed na Star\u00e9 d\u00e1m\u011b vyhr\u00e1li etapu. Povedlo se mu to v roce 2015, kdy p\u0159i dojezdu v Le Havru n\u00e1stupem v sam\u00e9m z\u00e1v\u011bru zasko\u010dil v\u0161echny sprintery a m\u00edrn\u00fd n\u00e1skok udr\u017eel a\u017e do c\u00edle.<\/p>\n<figure id=\"attachment_17801\" aria-describedby=\"caption-attachment-17801\" style=\"width: 1800px\" class=\"wp-caption alignnone\"><a href=\"https:\/\/d2p6e6u75xmxt8.cloudfront.net\/13\/2022\/07\/stybar-profimedia-0252407224.jpg\"><img loading=\"lazy\" decoding=\"async\" class=\"size-full wp-image-17801\" src=\"https:\/\/d2p6e6u75xmxt8.cloudfront.net\/13\/2022\/07\/stybar-profimedia-0252407224.jpg\" alt=\"Zden\u011bk \u0160tybar po v\u00edt\u011bzn\u00e9 etap\u011b na Tour de France.\" width=\"1800\" height=\"1198\" \/><\/a><figcaption id=\"caption-attachment-17801\" class=\"wp-caption-text\"><em>Zden\u011bk \u0160tybar po v\u00edt\u011bzn\u00e9 etap\u011b na Tour de France. Foto: profimedia<\/em><\/figcaption><\/figure>\n<p>Po 1 startu na Tour maj\u00ed krom\u011b d\u0159\u00edve zm\u00edn\u011bn\u00e9ho Palova, jen\u017e emigroval do Austr\u00e1lie, tak\u00e9 Tom\u00e1\u0161 Kone\u010dn\u00fd (2002), Ren\u00e9 Andrle (2003), Jan Hru\u0161ka (2004) a biker Ond\u0159ej Cink (2017), kter\u00fd si na jednu sezonu odsko\u010dil na silnici a hned se do\u010dkal startu na Tour. Z\u00e1vod ov\u0161em nedokon\u010dil, kv\u016fli probl\u00e9m\u016fm s\u00a0kolenem musel odstoupit dva dny p\u0159ed pa\u0159\u00ed\u017esk\u00fdm c\u00edlem.<\/p>\n","protected":false},"excerpt":{"rendered":"<p>Ani jeden \u010desk\u00fd cyklista nefiguruje ve startovn\u00ed listin\u011b prob\u00edhaj\u00edc\u00edho 109. ro\u010dn\u00edku Tour de France. Ov\u0161em \u010desk\u00e1 stopa na nejslavn\u011bj\u0161\u00edm z\u00e1vod\u011b [&hellip;]<\/p>\n","protected":false},"author":138,"featured_media":17801,"comment_status":"open","ping_status":"open","sticky":false,"template":"","format":"standard","meta":{"footnotes":""},"categories":[10,1711],"tags":[126,281,303,2454,304,205,1106,329,92,9,640,23,73],"global-categories":[411],"class_list":["post-17799","post","type-post","status-publish","format-standard","has-post-thumbnail","hentry","category-silnicni-cyklistika","category-tour-de-france","tag-cyklistika","tag-jan-barta","tag-jan-svorada","tag-kvetoslav-palov","tag-leopold-konig","tag-ondrej-cink","tag-pavel-padrnos","tag-rene-andrle","tag-roman-kreuziger","tag-silnicni-cyklistika","tag-tomas-konecny","tag-tour-de-france","tag-zdenek-stybar","global-categories-cycling"],"yoast_head":"<!-- This site is optimized with the Yoast SEO Premium plugin v25.3 (Yoast SEO v25.9) - https:\/\/yoast.com\/wordpress\/plugins\/seo\/ -->\n<title>\u010cesk\u00e1 stopa na Tour de France: kdo je rekordmanem a kdo vyhr\u00e1l etapy? | \u0160koda We Love Cycling - \u010cesk\u00e1 republika<\/title>\n<meta name=\"description\" content=\"Ani jeden \u010desk\u00fd cyklista nefiguruje ve startovn\u00ed listin\u011b 109. ro\u010dn\u00edku Tour de France. Ov\u0161em \u010desk\u00e1 stopa na nejslavn\u011bj\u0161\u00edm z\u00e1vod\u011b je v\u00fdznamn\u00e1.\" \/>\n<meta name=\"robots\" content=\"index, follow, max-snippet:-1, max-image-preview:large, max-video-preview:-1\" \/>\n<link rel=\"canonical\" href=\"https:\/\/www.welovecycling.com\/cs\/2022\/07\/05\/ceska-stopa-na-tour-de-france-kdo-je-rekordmanem-a-kdo-vyhral-etapy\/\" \/>\n<meta property=\"og:locale\" content=\"cs_CZ\" \/>\n<meta property=\"og:type\" content=\"article\" \/>\n<meta property=\"og:title\" content=\"\u010cesk\u00e1 stopa na Tour de France: kdo je rekordmanem a kdo vyhr\u00e1l etapy?\" \/>\n<meta property=\"og:description\" content=\"Ani jeden \u010desk\u00fd cyklista nefiguruje ve startovn\u00ed listin\u011b 109. ro\u010dn\u00edku Tour de France. Ov\u0161em \u010desk\u00e1 stopa na nejslavn\u011bj\u0161\u00edm z\u00e1vod\u011b je v\u00fdznamn\u00e1.\" \/>\n<meta property=\"og:url\" content=\"https:\/\/www.welovecycling.com\/cs\/2022\/07\/05\/ceska-stopa-na-tour-de-france-kdo-je-rekordmanem-a-kdo-vyhral-etapy\/\" \/>\n<meta property=\"og:site_name\" content=\"\u0160koda We Love Cycling - \u010cesk\u00e1 republika\" \/>\n<meta property=\"article:published_time\" content=\"2022-07-05T10:00:14+00:00\" \/>\n<meta property=\"article:modified_time\" content=\"2025-07-03T11:45:19+00:00\" \/>\n<meta property=\"og:image\" content=\"https:\/\/d2p6e6u75xmxt8.cloudfront.net\/13\/2022\/07\/stybar-profimedia-0252407224.webp\" \/>\n\t<meta property=\"og:image:width\" content=\"1800\" \/>\n\t<meta property=\"og:image:height\" content=\"1198\" \/>\n\t<meta property=\"og:image:type\" content=\"image\/webp\" \/>\n<meta name=\"author\" content=\"radekmalina\" \/>\n<meta name=\"twitter:card\" content=\"summary_large_image\" \/>\n<meta name=\"twitter:label1\" content=\"Written by\" \/>\n\t<meta name=\"twitter:data1\" content=\"We Love Cycling\" \/>\n\t<meta name=\"twitter:label2\" content=\"Est. reading time\" \/>\n\t<meta name=\"twitter:data2\" content=\"5\" \/>\n<script type=\"application\/ld+json\" class=\"yoast-schema-graph\">{\"@context\":\"https:\/\/schema.org\",\"@graph\":[{\"@type\":\"WebPage\",\"@id\":\"https:\/\/www.welovecycling.com\/cs\/2022\/07\/05\/ceska-stopa-na-tour-de-france-kdo-je-rekordmanem-a-kdo-vyhral-etapy\/\",\"url\":\"https:\/\/www.welovecycling.com\/cs\/2022\/07\/05\/ceska-stopa-na-tour-de-france-kdo-je-rekordmanem-a-kdo-vyhral-etapy\/\",\"name\":\"\u010cesk\u00e1 stopa na Tour de France: kdo je rekordmanem a kdo vyhr\u00e1l etapy? | \u0160koda We Love Cycling - \u010cesk\u00e1 republika\",\"isPartOf\":{\"@id\":\"https:\/\/www.welovecycling.com\/cs\/#website\"},\"primaryImageOfPage\":{\"@id\":\"https:\/\/www.welovecycling.com\/cs\/2022\/07\/05\/ceska-stopa-na-tour-de-france-kdo-je-rekordmanem-a-kdo-vyhral-etapy\/#primaryimage\"},\"image\":{\"@id\":\"https:\/\/www.welovecycling.com\/cs\/2022\/07\/05\/ceska-stopa-na-tour-de-france-kdo-je-rekordmanem-a-kdo-vyhral-etapy\/#primaryimage\"},\"thumbnailUrl\":\"https:\/\/d2p6e6u75xmxt8.cloudfront.net\/13\/2022\/07\/stybar-profimedia-0252407224.webp\",\"datePublished\":\"2022-07-05T10:00:14+00:00\",\"dateModified\":\"2025-07-03T11:45:19+00:00\",\"author\":{\"@id\":\"https:\/\/www.welovecycling.com\/cs\/#\/schema\/person\/d9eeb0a378f3a7e4a6d12d2b536b04b8\"},\"description\":\"Ani jeden \u010desk\u00fd cyklista nefiguruje ve startovn\u00ed listin\u011b 109. ro\u010dn\u00edku Tour de France. Ov\u0161em \u010desk\u00e1 stopa na nejslavn\u011bj\u0161\u00edm z\u00e1vod\u011b je v\u00fdznamn\u00e1.\",\"inLanguage\":\"cs\",\"potentialAction\":[{\"@type\":\"ReadAction\",\"target\":[\"https:\/\/www.welovecycling.com\/cs\/2022\/07\/05\/ceska-stopa-na-tour-de-france-kdo-je-rekordmanem-a-kdo-vyhral-etapy\/\"]}]},{\"@type\":\"ImageObject\",\"inLanguage\":\"cs\",\"@id\":\"https:\/\/www.welovecycling.com\/cs\/2022\/07\/05\/ceska-stopa-na-tour-de-france-kdo-je-rekordmanem-a-kdo-vyhral-etapy\/#primaryimage\",\"url\":\"https:\/\/d2p6e6u75xmxt8.cloudfront.net\/13\/2022\/07\/stybar-profimedia-0252407224.webp\",\"contentUrl\":\"https:\/\/d2p6e6u75xmxt8.cloudfront.net\/13\/2022\/07\/stybar-profimedia-0252407224.webp\",\"width\":1800,\"height\":1198,\"caption\":\"Zden\u011bk \u0160tybar po v\u00edt\u011bzn\u00e9 etap\u011b na Tour de France.\"},{\"@type\":\"WebSite\",\"@id\":\"https:\/\/www.welovecycling.com\/cs\/#website\",\"url\":\"https:\/\/www.welovecycling.com\/cs\/\",\"name\":\"\u0160koda We Love Cycling - \u010cesk\u00e1 republika\",\"description\":\"WeLoveCycling.cz je online magaz\u00edn, kter\u00fd v\u00e1m pravideln\u011b p\u0159in\u00e1\u0161\u00ed rady a tipy, zaj\u00edmav\u00e9 \u010dl\u00e1nky, videa a jedine\u010dn\u00e9 report\u00e1\u017ee ze sv\u011bta cyklistiky.\",\"potentialAction\":[{\"@type\":\"SearchAction\",\"target\":{\"@type\":\"EntryPoint\",\"urlTemplate\":\"https:\/\/www.welovecycling.com\/cs\/?s={search_term_string}\"},\"query-input\":{\"@type\":\"PropertyValueSpecification\",\"valueRequired\":true,\"valueName\":\"search_term_string\"}}],\"inLanguage\":\"cs\"},{\"@type\":\"Person\",\"@id\":\"https:\/\/www.welovecycling.com\/cs\/#\/schema\/person\/d9eeb0a378f3a7e4a6d12d2b536b04b8\",\"name\":\"radekmalina\",\"image\":{\"@type\":\"ImageObject\",\"inLanguage\":\"cs\",\"@id\":\"https:\/\/www.welovecycling.com\/cs\/#\/schema\/person\/image\/\",\"url\":\"https:\/\/secure.gravatar.com\/avatar\/66994b632cb8c39a46b9f54afa3ae07201b678d32a54275b6f1c9ffec356bfc0?s=96&d=mm&r=g\",\"contentUrl\":\"https:\/\/secure.gravatar.com\/avatar\/66994b632cb8c39a46b9f54afa3ae07201b678d32a54275b6f1c9ffec356bfc0?s=96&d=mm&r=g\",\"caption\":\"radekmalina\"},\"url\":\"https:\/\/www.welovecycling.com\/cs\/author\/radekmalina\/\"}]}<\/script>\n<!-- \/ Yoast SEO Premium plugin. -->","yoast_head_json":{"title":"\u010cesk\u00e1 stopa na Tour de France: kdo je rekordmanem a kdo vyhr\u00e1l etapy? | \u0160koda We Love Cycling - \u010cesk\u00e1 republika","description":"Ani jeden \u010desk\u00fd cyklista nefiguruje ve startovn\u00ed listin\u011b 109. ro\u010dn\u00edku Tour de France. Ov\u0161em \u010desk\u00e1 stopa na nejslavn\u011bj\u0161\u00edm z\u00e1vod\u011b je v\u00fdznamn\u00e1.","robots":{"index":"index","follow":"follow","max-snippet":"max-snippet:-1","max-image-preview":"max-image-preview:large","max-video-preview":"max-video-preview:-1"},"canonical":"https:\/\/www.welovecycling.com\/cs\/2022\/07\/05\/ceska-stopa-na-tour-de-france-kdo-je-rekordmanem-a-kdo-vyhral-etapy\/","og_locale":"cs_CZ","og_type":"article","og_title":"\u010cesk\u00e1 stopa na Tour de France: kdo je rekordmanem a kdo vyhr\u00e1l etapy?","og_description":"Ani jeden \u010desk\u00fd cyklista nefiguruje ve startovn\u00ed listin\u011b 109. ro\u010dn\u00edku Tour de France. Ov\u0161em \u010desk\u00e1 stopa na nejslavn\u011bj\u0161\u00edm z\u00e1vod\u011b je v\u00fdznamn\u00e1.","og_url":"https:\/\/www.welovecycling.com\/cs\/2022\/07\/05\/ceska-stopa-na-tour-de-france-kdo-je-rekordmanem-a-kdo-vyhral-etapy\/","og_site_name":"\u0160koda We Love Cycling - \u010cesk\u00e1 republika","article_published_time":"2022-07-05T10:00:14+00:00","article_modified_time":"2025-07-03T11:45:19+00:00","og_image":[{"width":1800,"height":1198,"url":"https:\/\/d2p6e6u75xmxt8.cloudfront.net\/13\/2022\/07\/stybar-profimedia-0252407224.webp","type":"image\/webp"}],"author":"radekmalina","twitter_card":"summary_large_image","twitter_misc":{"Written by":"We Love Cycling","Est. reading time":"5"},"schema":{"@context":"https:\/\/schema.org","@graph":[{"@type":"WebPage","@id":"https:\/\/www.welovecycling.com\/cs\/2022\/07\/05\/ceska-stopa-na-tour-de-france-kdo-je-rekordmanem-a-kdo-vyhral-etapy\/","url":"https:\/\/www.welovecycling.com\/cs\/2022\/07\/05\/ceska-stopa-na-tour-de-france-kdo-je-rekordmanem-a-kdo-vyhral-etapy\/","name":"\u010cesk\u00e1 stopa na Tour de France: kdo je rekordmanem a kdo vyhr\u00e1l etapy? | \u0160koda We Love Cycling - \u010cesk\u00e1 republika","isPartOf":{"@id":"https:\/\/www.welovecycling.com\/cs\/#website"},"primaryImageOfPage":{"@id":"https:\/\/www.welovecycling.com\/cs\/2022\/07\/05\/ceska-stopa-na-tour-de-france-kdo-je-rekordmanem-a-kdo-vyhral-etapy\/#primaryimage"},"image":{"@id":"https:\/\/www.welovecycling.com\/cs\/2022\/07\/05\/ceska-stopa-na-tour-de-france-kdo-je-rekordmanem-a-kdo-vyhral-etapy\/#primaryimage"},"thumbnailUrl":"https:\/\/d2p6e6u75xmxt8.cloudfront.net\/13\/2022\/07\/stybar-profimedia-0252407224.webp","datePublished":"2022-07-05T10:00:14+00:00","dateModified":"2025-07-03T11:45:19+00:00","author":{"@id":"https:\/\/www.welovecycling.com\/cs\/#\/schema\/person\/d9eeb0a378f3a7e4a6d12d2b536b04b8"},"description":"Ani jeden \u010desk\u00fd cyklista nefiguruje ve startovn\u00ed listin\u011b 109. ro\u010dn\u00edku Tour de France. Ov\u0161em \u010desk\u00e1 stopa na nejslavn\u011bj\u0161\u00edm z\u00e1vod\u011b je v\u00fdznamn\u00e1.","inLanguage":"cs","potentialAction":[{"@type":"ReadAction","target":["https:\/\/www.welovecycling.com\/cs\/2022\/07\/05\/ceska-stopa-na-tour-de-france-kdo-je-rekordmanem-a-kdo-vyhral-etapy\/"]}]},{"@type":"ImageObject","inLanguage":"cs","@id":"https:\/\/www.welovecycling.com\/cs\/2022\/07\/05\/ceska-stopa-na-tour-de-france-kdo-je-rekordmanem-a-kdo-vyhral-etapy\/#primaryimage","url":"https:\/\/d2p6e6u75xmxt8.cloudfront.net\/13\/2022\/07\/stybar-profimedia-0252407224.webp","contentUrl":"https:\/\/d2p6e6u75xmxt8.cloudfront.net\/13\/2022\/07\/stybar-profimedia-0252407224.webp","width":1800,"height":1198,"caption":"Zden\u011bk \u0160tybar po v\u00edt\u011bzn\u00e9 etap\u011b na Tour de France."},{"@type":"WebSite","@id":"https:\/\/www.welovecycling.com\/cs\/#website","url":"https:\/\/www.welovecycling.com\/cs\/","name":"\u0160koda We Love Cycling - \u010cesk\u00e1 republika","description":"WeLoveCycling.cz je online magaz\u00edn, kter\u00fd v\u00e1m pravideln\u011b p\u0159in\u00e1\u0161\u00ed rady a tipy, zaj\u00edmav\u00e9 \u010dl\u00e1nky, videa a jedine\u010dn\u00e9 report\u00e1\u017ee ze sv\u011bta cyklistiky.","potentialAction":[{"@type":"SearchAction","target":{"@type":"EntryPoint","urlTemplate":"https:\/\/www.welovecycling.com\/cs\/?s={search_term_string}"},"query-input":{"@type":"PropertyValueSpecification","valueRequired":true,"valueName":"search_term_string"}}],"inLanguage":"cs"},{"@type":"Person","@id":"https:\/\/www.welovecycling.com\/cs\/#\/schema\/person\/d9eeb0a378f3a7e4a6d12d2b536b04b8","name":"radekmalina","image":{"@type":"ImageObject","inLanguage":"cs","@id":"https:\/\/www.welovecycling.com\/cs\/#\/schema\/person\/image\/","url":"https:\/\/secure.gravatar.com\/avatar\/66994b632cb8c39a46b9f54afa3ae07201b678d32a54275b6f1c9ffec356bfc0?s=96&d=mm&r=g","contentUrl":"https:\/\/secure.gravatar.com\/avatar\/66994b632cb8c39a46b9f54afa3ae07201b678d32a54275b6f1c9ffec356bfc0?s=96&d=mm&r=g","caption":"radekmalina"},"url":"https:\/\/www.welovecycling.com\/cs\/author\/radekmalina\/"}]}},"_links":{"self":[{"href":"https:\/\/www.welovecycling.com\/cs\/wp-json\/wp\/v2\/posts\/17799","targetHints":{"allow":["GET"]}}],"collection":[{"href":"https:\/\/www.welovecycling.com\/cs\/wp-json\/wp\/v2\/posts"}],"about":[{"href":"https:\/\/www.welovecycling.com\/cs\/wp-json\/wp\/v2\/types\/post"}],"author":[{"embeddable":true,"href":"https:\/\/www.welovecycling.com\/cs\/wp-json\/wp\/v2\/users\/138"}],"replies":[{"embeddable":true,"href":"https:\/\/www.welovecycling.com\/cs\/wp-json\/wp\/v2\/comments?post=17799"}],"version-history":[{"count":3,"href":"https:\/\/www.welovecycling.com\/cs\/wp-json\/wp\/v2\/posts\/17799\/revisions"}],"predecessor-version":[{"id":29767,"href":"https:\/\/www.welovecycling.com\/cs\/wp-json\/wp\/v2\/posts\/17799\/revisions\/29767"}],"wp:featuredmedia":[{"embeddable":true,"href":"https:\/\/www.welovecycling.com\/cs\/wp-json\/wp\/v2\/media\/17801"}],"wp:attachment":[{"href":"https:\/\/www.welovecycling.com\/cs\/wp-json\/wp\/v2\/media?parent=17799"}],"wp:term":[{"taxonomy":"category","embeddable":true,"href":"https:\/\/www.welovecycling.com\/cs\/wp-json\/wp\/v2\/categories?post=17799"},{"taxonomy":"post_tag","embeddable":true,"href":"https:\/\/www.welovecycling.com\/cs\/wp-json\/wp\/v2\/tags?post=17799"},{"taxonomy":"global-categories","embeddable":true,"href":"https:\/\/www.welovecycling.com\/cs\/wp-json\/wp\/v2\/global-categories?post=17799"}],"curies":[{"name":"wp","href":"https:\/\/api.w.org\/{rel}","templated":true}]}}