{"id":17716,"date":"2022-06-29T10:00:20","date_gmt":"2022-06-29T08:00:20","guid":{"rendered":"https:\/\/www.welovecycling.com\/cs\/?p=17716"},"modified":"2022-06-28T17:00:00","modified_gmt":"2022-06-28T15:00:00","slug":"jak-bratr-kokainoveho-krale-snil-o-zlutem-dresu-z-tour-de-france","status":"publish","type":"post","link":"https:\/\/www.welovecycling.com\/cs\/2022\/06\/29\/jak-bratr-kokainoveho-krale-snil-o-zlutem-dresu-z-tour-de-france\/","title":{"rendered":"Jak bratr kokainov\u00e9ho kr\u00e1le snil o \u017elut\u00e9m dresu z Tour de France"},"content":{"rendered":"<p><strong>Snad ka\u017ed\u00fd alespo\u0148 zaslechl jm\u00e9no Pabla Escobara, kter\u00fd doma v kolumbijsk\u00e9m Medell\u00ednu vedl a\u017e do sv\u00e9 smrti v roce 1993 drogov\u00fd kartel. U\u017e m\u00e9n\u011b, a\u010dkoliv se nakonec v 80. letech stal dvojkou t\u00e9to organizace, je zn\u00e1mo jm\u00e9no Escobarova star\u0161\u00edho bratra Roberta. A snad je\u0161t\u011b m\u00ed\u0148 to, \u017ee ne\u017e se p\u0159ipojil k bratrov\u011b krimin\u00e1ln\u00ed part\u011b, byl slu\u0161n\u00fdm cyklistou, co snil o nejslavn\u011bj\u0161\u00edm z\u00e1vodu planety.<\/strong><\/p>\n<p>Cesta podsv\u011bt\u00edm b\u00fdv\u00e1 temn\u00e1 a nebezpe\u010dn\u00e1, tu vra\u017eda, tu \u00fanos, krev, policie&#8230; A nakonec nevyhnuteln\u011b basa! Taky Roberto Escobar poznal, jak stud\u00ed zdi \u017eal\u00e1\u0159e, kde nucen\u011b p\u0159es deset let odpo\u010d\u00edval, proto\u017ee se nechal zl\u00e1kat vidinou kokainov\u00fdch pen\u011bz.<\/p>\n<p>O dva roky mlad\u0161\u00ed Pablo se d\u00edk drog\u00e1m stal jedn\u00edm z nejbohat\u0161\u00edch lid\u00ed na sv\u011bt\u011b a v Kolumbii nep\u0159\u00edtelem st\u00e1tu \u010d\u00edslo jedna, kdy\u017e za\u010dal p\u00e1chat zlo\u010diny, aby uchr\u00e1nil svoji kokainovou stezku do USA. Roberto byl ve srovn\u00e1n\u00ed s jeho explozivn\u00edm charakterem pon\u011bkud klidn\u011bj\u0161\u00ed, a ne tak krvav\u00fd. A p\u0159eci mu p\u0159i\u0161ili spoluvinu za to, \u017ee vedl kasu t\u00e9to skupiny. Jeho prac\u00ed toti\u017e bylo v\u00e1\u017eit kamiony s pen\u011bzi.<\/p>\n<div class=\"shortcode-ys-post-pinup\"><article class=\"loop-simple post-17590 post type-post status-publish format-standard has-post-thumbnail hentry category-tour-de-france tag-bjar tag-cyklistika tag-dansko tag-grand-depart tag-grande-boucle tag-maillot-jaune tag-silnicni-cyklistika tag-tour-de-france global-categories-cycling\" data-postid=\"17590\" role=\"article\" data-post-id=\"17590\" data-word-count=\"362\" data-headline-length=\"70\" data-category=\"Tour de France\" data-global-category=\"Cycling\" data-author=\"We Love Cycling\" data-published=\"2022-06-21T07:00:36+02:00\" data-published-day=\"Tuesday\">\n    <div class=\"entry-thumbnail article-thumbnail\" content=\"https:\/\/d2p6e6u75xmxt8.cloudfront.net\/13\/2022\/06\/DANSKO-profimedia-0700342059-150x150.webp\"><a href=\"https:\/\/www.welovecycling.com\/cs\/2022\/06\/21\/tour-de-france-dansko-desata-zeme-hostici-grand-depart\/\" class=\"image-holder\" target=\"_self\"><img decoding=\"async\" loading=\"lazy\" class=\"\" src=\"https:\/\/d2p6e6u75xmxt8.cloudfront.net\/13\/2022\/06\/DANSKO-profimedia-0700342059-1024x683.webp\" srcset=\"https:\/\/d2p6e6u75xmxt8.cloudfront.net\/13\/2022\/06\/DANSKO-profimedia-0700342059.webp 1800w, https:\/\/d2p6e6u75xmxt8.cloudfront.net\/13\/2022\/06\/DANSKO-profimedia-0700342059-300x200.webp 300w, https:\/\/d2p6e6u75xmxt8.cloudfront.net\/13\/2022\/06\/DANSKO-profimedia-0700342059-1024x683.webp 1024w, https:\/\/d2p6e6u75xmxt8.cloudfront.net\/13\/2022\/06\/DANSKO-profimedia-0700342059-768x512.webp 768w, https:\/\/d2p6e6u75xmxt8.cloudfront.net\/13\/2022\/06\/DANSKO-profimedia-0700342059-1536x1024.webp 1536w, https:\/\/d2p6e6u75xmxt8.cloudfront.net\/13\/2022\/06\/DANSKO-profimedia-0700342059-272x182.webp 272w\" width=\"1024\" height=\"683\" sizes=\"auto, (min-width: 1200px) 300px, (min-width: 768px) 25vw, 100vw\" alt=\"tour-de-france-dansko-desata-zeme-hostici-grand-depart\"\/><\/a><\/div>    <div class=\"entry-meta\">\n        <a class=\"label label-secondary post-category\" href=\"https:\/\/www.welovecycling.com\/cs\/category\/tour-de-france\/\" title=\"Tour de France\">Tour de France<\/a>\n    <\/div>\n    <div class=\"entry-details\">\n        <a href=\"https:\/\/www.welovecycling.com\/cs\/2022\/06\/21\/tour-de-france-dansko-desata-zeme-hostici-grand-depart\/\" class='entry-title-wrapper'>\n            <h3 class=\"entry-title\"><span>Tour de France: D\u00e1nsko &#8211; des\u00e1t\u00e1 zem\u011b host\u00edc\u00ed Grand D\u00e9part<\/span><\/h3>\n        <\/a>\n    <\/div>\n    <\/article>\n<\/div>\n<p>Nem\u011bl mo\u017en\u00e1 tak v\u00fdznamnou roli, a p\u0159eci byla na jeho hlavu vyps\u00e1na druh\u00e1 nejvy\u0161\u0161\u00ed odm\u011bna. V\u011bt\u0161\u00ed cenu m\u011bla jen ta Pablova. A\u017e Roberta nakonec v roce 2006 propustili, sepsal memo\u00e1ry nazvan\u00e9 P\u0159\u00edb\u011bh \u00fa\u010detn\u00edho, ve kter\u00fdch odhalil detaily fungov\u00e1n\u00ed kartelu, kter\u00fd sv\u00e9ho \u010dasu kontroloval 80 procent sv\u011btov\u00e9ho trhu s kokainem.<\/p>\n<h2><strong>Roberto Escobar: D\u00e1m v\u0161e za v\u00fdhru na Tour<\/strong><\/h2>\n<p>Tuto temnou kapitolu jeho \u017eivota p\u0159edch\u00e1zela jin\u00e1, sportovn\u00ed. A proto\u017ee ka\u017ed\u00fd sportovec m\u00ed\u0159\u00ed sv\u00fdmi svaly a snahou a\u017e na vrchol, nebyl Roberto jin\u00fd. \u201eDal bych v\u0161echno za to, kdybych mohl vyhr\u00e1t Tour de France,\u201c tvrd\u00edval.<\/p>\n<figure id=\"attachment_17718\" aria-describedby=\"caption-attachment-17718\" style=\"width: 1800px\" class=\"wp-caption alignnone\"><a href=\"https:\/\/d2p6e6u75xmxt8.cloudfront.net\/13\/2022\/06\/escobar-profimedia-0406621720.jpg\"><img loading=\"lazy\" decoding=\"async\" class=\"size-full wp-image-17718\" src=\"https:\/\/d2p6e6u75xmxt8.cloudfront.net\/13\/2022\/06\/escobar-profimedia-0406621720.jpg\" alt=\"Roberto Escobar s podobiznami \" width=\"1800\" height=\"1198\" \/><\/a><figcaption id=\"caption-attachment-17718\" class=\"wp-caption-text\"><em>Roberto Escobar a na pozad\u00ed fotografie p\u0159ipom\u00ednaj\u00edc\u00ed jeho cyklistickou kari\u00e9ru. Sen o Tour de France nenaplnil. Foto: profimedia (3x)<\/em><\/figcaption><\/figure>\n<p>Narodil se dva roky po v\u00e1lce, s kolem za\u010dal v klubu Mediofondo, kter\u00fd platila energetick\u00e1 spole\u010dnost, a pat\u0159il k nejlep\u0161\u00edm talent\u016fm regionu Antioquia. Proto bral zlato na Bol\u00edvarovsk\u00fdch hr\u00e1ch a bronzov\u00fd dojel na dom\u00e1c\u00edm mistrovstv\u00ed, na\u010de\u017e t\u0159ikr\u00e1t z\u00e1vodil v etap\u00e1ch Kolem Kolumbie, nejv\u011bt\u0161\u00edm z\u00e1vod\u011b sv\u00e9 zem\u011b. \u201eTe\u010f kone\u010dn\u011b lidi pochopili, jak dobr\u00fd jsem,\u201c \u0159\u00edkal.<\/p>\n<p>Jeho osudov\u00fdm soupe\u0159em byl Mart\u00edn Emilio Rodr\u00edguez, jemu\u017e se podle indi\u00e1nsk\u00e9ho n\u00e1\u010deln\u00edka p\u0159ezd\u00edvalo Cochise. Co Roberto pamatuje, porazil ho jedinkr\u00e1t a v novin\u00e1ch pak st\u00e1lo: D\u00e1rek Cochiseho R. Escobarovi. Poka\u017ed\u00e9, i po letech ho to rozl\u00edt\u00ed, \u201eproto\u017ee je to le\u017e!\u201c br\u00e1nil se. \u201eM\u011bl jsem na n\u011bj n\u00e1skok p\u011bt minut, tak\u017ee jak\u00fd d\u00e1rek. Tehdej\u0161\u00ed novin\u00e1\u0159i byli Cochiseho patol\u00edzalov\u00e9.\u201c<\/p>\n<h2><strong>Skon\u010dil ve t\u0159iceti a tr\u00e9noval n\u00e1rodn\u00ed t\u00fdm<\/strong><\/h2>\n<p>Kdy\u017e mu bylo t\u0159icet, aktivn\u00ed kari\u00e9ru ukon\u010dil a stal se n\u00e1rodn\u00edm kou\u010dem, jenom\u017ee federace se dozv\u011bd\u011bla o aktivit\u00e1ch jeho bratra, kter\u00e9 nab\u00edraly na s\u00edle a krutosti, a s takto u\u0161pin\u011bn\u00fdm mu\u017eem necht\u011bla nic m\u00edt, tak ho z postu propustila.<\/p>\n<div class=\"shortcode-ys-post-pinup\"><article class=\"loop-simple post-17639 post type-post status-publish format-standard has-post-thumbnail hentry category-tour-de-france tag-adam-yates tag-cyklistika tag-daniel-felipe-martinez tag-david-gaudu tag-favorite-tour-de-france-2022 tag-geraint-thomas tag-jonas-vingegaard tag-primoz-roglic tag-romain-bardet tag-silnicni-cyklistika tag-tadej-pogcar tag-thibaut-pinot global-categories-cycling\" data-postid=\"17639\" role=\"article\" data-post-id=\"17639\" data-word-count=\"626\" data-headline-length=\"89\" data-category=\"Tour de France\" data-global-category=\"Cycling\" data-author=\"Jan Kr\u016fta\" data-published=\"2022-06-23T08:04:09+02:00\" data-published-day=\"Thursday\">\n    <div class=\"entry-thumbnail article-thumbnail\" content=\"https:\/\/d2p6e6u75xmxt8.cloudfront.net\/13\/2022\/06\/roglic-profimedia-0699083712-150x150.webp\"><a href=\"https:\/\/www.welovecycling.com\/cs\/2022\/06\/23\/koho-sledovat-na-tour-de-france-tadej-pogacar-primoz-roglic-jonas-vingegaard\/\" class=\"image-holder\" target=\"_self\"><img decoding=\"async\" loading=\"lazy\" class=\"\" src=\"https:\/\/d2p6e6u75xmxt8.cloudfront.net\/13\/2022\/06\/roglic-profimedia-0699083712-1024x683.webp\" srcset=\"https:\/\/d2p6e6u75xmxt8.cloudfront.net\/13\/2022\/06\/roglic-profimedia-0699083712.webp 1800w, https:\/\/d2p6e6u75xmxt8.cloudfront.net\/13\/2022\/06\/roglic-profimedia-0699083712-300x200.webp 300w, https:\/\/d2p6e6u75xmxt8.cloudfront.net\/13\/2022\/06\/roglic-profimedia-0699083712-1024x683.webp 1024w, https:\/\/d2p6e6u75xmxt8.cloudfront.net\/13\/2022\/06\/roglic-profimedia-0699083712-768x512.webp 768w, https:\/\/d2p6e6u75xmxt8.cloudfront.net\/13\/2022\/06\/roglic-profimedia-0699083712-1536x1024.webp 1536w, https:\/\/d2p6e6u75xmxt8.cloudfront.net\/13\/2022\/06\/roglic-profimedia-0699083712-272x182.webp 272w\" width=\"1024\" height=\"683\" sizes=\"auto, (min-width: 1200px) 300px, (min-width: 768px) 25vw, 100vw\" alt=\"koho-sledovat-na-tour-de-france-tadej-pogacar-primoz-roglic-jonas-vingegaard\"\/><\/a><\/div>    <div class=\"entry-meta\">\n        <a class=\"label label-secondary post-category\" href=\"https:\/\/www.welovecycling.com\/cs\/category\/tour-de-france\/\" title=\"Tour de France\">Tour de France<\/a>\n    <\/div>\n    <div class=\"entry-details\">\n        <a href=\"https:\/\/www.welovecycling.com\/cs\/2022\/06\/23\/koho-sledovat-na-tour-de-france-tadej-pogacar-primoz-roglic-jonas-vingegaard\/\" class='entry-title-wrapper'>\n            <h3 class=\"entry-title\"><span>Koho sledovat na Tour de France: Tadej Poga\u010dar, Primo\u017e Rogli\u010d, Jonas Vingegaard&#8230;<\/span><\/h3>\n        <\/a>\n    <\/div>\n    <\/article>\n<\/div>\n<p>Roberto si zalo\u017eil vlastn\u00ed t\u00fdm Ositto Bicycles, kter\u00fd financoval za pomoci sv\u00e9ho cyklo kr\u00e1mku, a dv\u011b T v n\u00e1zvu mu m\u011bla d\u00e1t italsk\u00fd \u0161mrnc. Obvin\u011bn\u00ed, \u017ee fungov\u00e1n\u00ed t\u00fdmu platil z bratrova drogov\u00e9ho obchodu, odm\u00edtal, na druhou stranu ale nemohl pop\u0159\u00edt, \u017ee m\u011bl daleko \u0161iroko nejnadit\u011bj\u0161\u00ed kasu.<\/p>\n<p>Nakonec i u tohoto t\u00fdmu skoncoval a naplno se zano\u0159il do pr\u00e1ce v bratrov\u011b kartelu, \u010d\u00edm\u017e poh\u0159bil svou cyklistikou legendu. A m\u011bl vlastn\u011b \u0161t\u011bst\u00ed v ne\u0161t\u011bst\u00ed, proto\u017ee zat\u00edmco on p\u0159e\u017eil, Pabla policie zast\u0159elila. \u201ePa\u0161ov\u00e1n\u00ed drog v\u00e1s dostane do nemocnice, do v\u011bzen\u00ed nebo na h\u0159bitov.\u201c<\/p>\n<h2><strong>Na vrcholu \u017eeb\u0159\u00ed\u010dku! Nikoliv cyklistick\u00e9ho\u00a0<\/strong><\/h2>\n<p>On z\u016fstal n\u011bkde na p\u016fli cesty, proto\u017ee d\u011bdictv\u00edm jeho drogov\u00e9 minulosti je ztr\u00e1ta zraku. Ve v\u011bzen\u00ed mu vybouchla dopisov\u00e1 bomba, kter\u00e1 p\u0159itom pro\u0161la sedmi policejn\u00edmi kontrolami a taky rentgenem. Ob\u00e1lka s modr\u00fdm pruhem nazna\u010dovala, \u017ee je od soudu. A kdy\u017e ji otev\u0159el, explodovala. A\u010dkoliv se mu do jednoho oka zbytky zraku vr\u00e1tily, vid\u00ed dnes jen siluety, tak\u017ee na kole u\u017e nikdy v\u00edc jezdit nemohl.<\/p>\n<figure id=\"attachment_17717\" aria-describedby=\"caption-attachment-17717\" style=\"width: 1800px\" class=\"wp-caption alignnone\"><a href=\"https:\/\/d2p6e6u75xmxt8.cloudfront.net\/13\/2022\/06\/escobar-profimedia-0406621701.jpg\"><img loading=\"lazy\" decoding=\"async\" class=\"size-full wp-image-17717\" src=\"https:\/\/d2p6e6u75xmxt8.cloudfront.net\/13\/2022\/06\/escobar-profimedia-0406621701.jpg\" alt=\"Roberto Escobar\" width=\"1800\" height=\"1198\" \/><\/a><figcaption id=\"caption-attachment-17717\" class=\"wp-caption-text\"><em>Roberto Escobar byl na vrcholu seznamu osob, na kter\u00e9 byla vyps\u00e1na odm\u011bna.\u00a0<\/em><\/figcaption><\/figure>\n<p>Dnes Roberto \u017eije v Pablov\u011b rezidenci, kterou prom\u011bnil ve svatyni, v n\u00ed\u017e p\u0159ipom\u00edn\u00e1 bratr\u016fv nechvaln\u011b proslul\u00fd \u017eivot. M\u011bstsk\u00e1 rada v Medell\u00ednu \u201emuzeum\u201c ze strachu, \u017ee se j\u00edm adoruje \u017eivot zlo\u010dinn\u00e9ho n\u00e1siln\u00edka, zav\u0159ela. A p\u0159eci tam proud\u00ed n\u00e1v\u0161t\u011bvn\u00edci, kter\u00e9 Roberto v\u00edt\u00e1. A \u0159\u00edk\u00e1 jim: \u201eNen\u00ed dne, kdy by mi Pablo nechyb\u011bl.\u201c<\/p>\n<p>Od doby, co nevid\u00ed, je r\u00e1dio jeho nejlep\u0161\u00edm a vlastn\u011b jedin\u00fdm pr\u016fvodcem po Giru nebo Tour, kde Kolumbijci Egan, Rigo nebo Nairo posledn\u00edch p\u00e1r let v\u00e1l\u00ed. Tak, jako cht\u011bl kdysi on s\u00e1m. Roberto Escobar se mo\u017en\u00e1 dostal na vrchol \u017eeb\u0159\u00ed\u010dku krimin\u00e1ln\u00edk\u016f. Ale ten cyklistick\u00fd mu z\u016fstal zapov\u011bzen.<\/p>\n","protected":false},"excerpt":{"rendered":"<p>Snad ka\u017ed\u00fd alespo\u0148 zaslechl jm\u00e9no Pabla Escobara, kter\u00fd doma v kolumbijsk\u00e9m Medell\u00ednu vedl a\u017e do sv\u00e9 smrti v roce 1993 [&hellip;]<\/p>\n","protected":false},"author":138,"featured_media":17719,"comment_status":"open","ping_status":"open","sticky":false,"template":"","format":"standard","meta":{"footnotes":""},"categories":[243],"tags":[126,1721,2438,2439,9,23,2440],"global-categories":[411],"class_list":["post-17716","post","type-post","status-publish","format-standard","has-post-thumbnail","hentry","category-welovecycling-com-cs-tdf","tag-cyklistika","tag-maillot-jaune","tag-pablo-escobar","tag-roberto-escobar","tag-silnicni-cyklistika","tag-tour-de-france","tag-zluty-trikot","global-categories-cycling"],"yoast_head":"<!-- This site is optimized with the Yoast SEO Premium plugin v25.3 (Yoast SEO v25.9) - https:\/\/yoast.com\/wordpress\/plugins\/seo\/ -->\n<title>Jak bratr kokainov\u00e9ho kr\u00e1le snil o \u017elut\u00e9m dresu z Tour de France | \u0160koda We Love Cycling - \u010cesk\u00e1 republika<\/title>\n<meta name=\"description\" content=\"Roberto Escobar, ne\u017e se p\u0159ipojil k bratrov\u011b krimin\u00e1ln\u00ed part\u011b, byl slu\u0161n\u00fdm cyklistou, co snil o nejslavn\u011bj\u0161\u00edm z\u00e1vodu planety.\" \/>\n<meta name=\"robots\" content=\"index, follow, max-snippet:-1, max-image-preview:large, max-video-preview:-1\" \/>\n<link rel=\"canonical\" href=\"https:\/\/www.welovecycling.com\/cs\/2022\/06\/29\/jak-bratr-kokainoveho-krale-snil-o-zlutem-dresu-z-tour-de-france\/\" \/>\n<meta property=\"og:locale\" content=\"cs_CZ\" \/>\n<meta property=\"og:type\" content=\"article\" \/>\n<meta property=\"og:title\" content=\"Jak bratr kokainov\u00e9ho kr\u00e1le snil o \u017elut\u00e9m dresu z Tour de France\" \/>\n<meta property=\"og:description\" content=\"Roberto Escobar, ne\u017e se p\u0159ipojil k bratrov\u011b krimin\u00e1ln\u00ed part\u011b, byl slu\u0161n\u00fdm cyklistou, co snil o nejslavn\u011bj\u0161\u00edm z\u00e1vodu planety.\" \/>\n<meta property=\"og:url\" content=\"https:\/\/www.welovecycling.com\/cs\/2022\/06\/29\/jak-bratr-kokainoveho-krale-snil-o-zlutem-dresu-z-tour-de-france\/\" \/>\n<meta property=\"og:site_name\" content=\"\u0160koda We Love Cycling - \u010cesk\u00e1 republika\" \/>\n<meta property=\"article:published_time\" content=\"2022-06-29T08:00:20+00:00\" \/>\n<meta property=\"og:image\" content=\"https:\/\/d2p6e6u75xmxt8.cloudfront.net\/13\/2022\/06\/escobar-profimedia-0406621726.webp\" \/>\n\t<meta property=\"og:image:width\" content=\"1800\" \/>\n\t<meta property=\"og:image:height\" content=\"1198\" \/>\n\t<meta property=\"og:image:type\" content=\"image\/webp\" \/>\n<meta name=\"author\" content=\"radekmalina\" \/>\n<meta name=\"twitter:card\" content=\"summary_large_image\" \/>\n<meta name=\"twitter:label1\" content=\"Written by\" \/>\n\t<meta name=\"twitter:data1\" content=\"Jan Kr\u016fta\" \/>\n\t<meta name=\"twitter:label2\" content=\"Est. reading time\" \/>\n\t<meta name=\"twitter:data2\" content=\"5\" \/>\n<script type=\"application\/ld+json\" class=\"yoast-schema-graph\">{\"@context\":\"https:\/\/schema.org\",\"@graph\":[{\"@type\":\"WebPage\",\"@id\":\"https:\/\/www.welovecycling.com\/cs\/2022\/06\/29\/jak-bratr-kokainoveho-krale-snil-o-zlutem-dresu-z-tour-de-france\/\",\"url\":\"https:\/\/www.welovecycling.com\/cs\/2022\/06\/29\/jak-bratr-kokainoveho-krale-snil-o-zlutem-dresu-z-tour-de-france\/\",\"name\":\"Jak bratr kokainov\u00e9ho kr\u00e1le snil o \u017elut\u00e9m dresu z Tour de France | \u0160koda We Love Cycling - \u010cesk\u00e1 republika\",\"isPartOf\":{\"@id\":\"https:\/\/www.welovecycling.com\/cs\/#website\"},\"primaryImageOfPage\":{\"@id\":\"https:\/\/www.welovecycling.com\/cs\/2022\/06\/29\/jak-bratr-kokainoveho-krale-snil-o-zlutem-dresu-z-tour-de-france\/#primaryimage\"},\"image\":{\"@id\":\"https:\/\/www.welovecycling.com\/cs\/2022\/06\/29\/jak-bratr-kokainoveho-krale-snil-o-zlutem-dresu-z-tour-de-france\/#primaryimage\"},\"thumbnailUrl\":\"https:\/\/d2p6e6u75xmxt8.cloudfront.net\/13\/2022\/06\/escobar-profimedia-0406621726.webp\",\"datePublished\":\"2022-06-29T08:00:20+00:00\",\"author\":{\"@id\":\"https:\/\/www.welovecycling.com\/cs\/#\/schema\/person\/d9eeb0a378f3a7e4a6d12d2b536b04b8\"},\"description\":\"Roberto Escobar, ne\u017e se p\u0159ipojil k bratrov\u011b krimin\u00e1ln\u00ed part\u011b, byl slu\u0161n\u00fdm cyklistou, co snil o nejslavn\u011bj\u0161\u00edm z\u00e1vodu planety.\",\"inLanguage\":\"cs\",\"potentialAction\":[{\"@type\":\"ReadAction\",\"target\":[\"https:\/\/www.welovecycling.com\/cs\/2022\/06\/29\/jak-bratr-kokainoveho-krale-snil-o-zlutem-dresu-z-tour-de-france\/\"]}]},{\"@type\":\"ImageObject\",\"inLanguage\":\"cs\",\"@id\":\"https:\/\/www.welovecycling.com\/cs\/2022\/06\/29\/jak-bratr-kokainoveho-krale-snil-o-zlutem-dresu-z-tour-de-france\/#primaryimage\",\"url\":\"https:\/\/d2p6e6u75xmxt8.cloudfront.net\/13\/2022\/06\/escobar-profimedia-0406621726.webp\",\"contentUrl\":\"https:\/\/d2p6e6u75xmxt8.cloudfront.net\/13\/2022\/06\/escobar-profimedia-0406621726.webp\",\"width\":1800,\"height\":1198},{\"@type\":\"WebSite\",\"@id\":\"https:\/\/www.welovecycling.com\/cs\/#website\",\"url\":\"https:\/\/www.welovecycling.com\/cs\/\",\"name\":\"\u0160koda We Love Cycling - \u010cesk\u00e1 republika\",\"description\":\"WeLoveCycling.cz je online magaz\u00edn, kter\u00fd v\u00e1m pravideln\u011b p\u0159in\u00e1\u0161\u00ed rady a tipy, zaj\u00edmav\u00e9 \u010dl\u00e1nky, videa a jedine\u010dn\u00e9 report\u00e1\u017ee ze sv\u011bta cyklistiky.\",\"potentialAction\":[{\"@type\":\"SearchAction\",\"target\":{\"@type\":\"EntryPoint\",\"urlTemplate\":\"https:\/\/www.welovecycling.com\/cs\/?s={search_term_string}\"},\"query-input\":{\"@type\":\"PropertyValueSpecification\",\"valueRequired\":true,\"valueName\":\"search_term_string\"}}],\"inLanguage\":\"cs\"},{\"@type\":\"Person\",\"@id\":\"https:\/\/www.welovecycling.com\/cs\/#\/schema\/person\/d9eeb0a378f3a7e4a6d12d2b536b04b8\",\"name\":\"radekmalina\",\"image\":{\"@type\":\"ImageObject\",\"inLanguage\":\"cs\",\"@id\":\"https:\/\/www.welovecycling.com\/cs\/#\/schema\/person\/image\/\",\"url\":\"https:\/\/secure.gravatar.com\/avatar\/66994b632cb8c39a46b9f54afa3ae07201b678d32a54275b6f1c9ffec356bfc0?s=96&d=mm&r=g\",\"contentUrl\":\"https:\/\/secure.gravatar.com\/avatar\/66994b632cb8c39a46b9f54afa3ae07201b678d32a54275b6f1c9ffec356bfc0?s=96&d=mm&r=g\",\"caption\":\"radekmalina\"},\"url\":\"https:\/\/www.welovecycling.com\/cs\/author\/radekmalina\/\"}]}<\/script>\n<!-- \/ Yoast SEO Premium plugin. -->","yoast_head_json":{"title":"Jak bratr kokainov\u00e9ho kr\u00e1le snil o \u017elut\u00e9m dresu z Tour de France | \u0160koda We Love Cycling - \u010cesk\u00e1 republika","description":"Roberto Escobar, ne\u017e se p\u0159ipojil k bratrov\u011b krimin\u00e1ln\u00ed part\u011b, byl slu\u0161n\u00fdm cyklistou, co snil o nejslavn\u011bj\u0161\u00edm z\u00e1vodu planety.","robots":{"index":"index","follow":"follow","max-snippet":"max-snippet:-1","max-image-preview":"max-image-preview:large","max-video-preview":"max-video-preview:-1"},"canonical":"https:\/\/www.welovecycling.com\/cs\/2022\/06\/29\/jak-bratr-kokainoveho-krale-snil-o-zlutem-dresu-z-tour-de-france\/","og_locale":"cs_CZ","og_type":"article","og_title":"Jak bratr kokainov\u00e9ho kr\u00e1le snil o \u017elut\u00e9m dresu z Tour de France","og_description":"Roberto Escobar, ne\u017e se p\u0159ipojil k bratrov\u011b krimin\u00e1ln\u00ed part\u011b, byl slu\u0161n\u00fdm cyklistou, co snil o nejslavn\u011bj\u0161\u00edm z\u00e1vodu planety.","og_url":"https:\/\/www.welovecycling.com\/cs\/2022\/06\/29\/jak-bratr-kokainoveho-krale-snil-o-zlutem-dresu-z-tour-de-france\/","og_site_name":"\u0160koda We Love Cycling - \u010cesk\u00e1 republika","article_published_time":"2022-06-29T08:00:20+00:00","og_image":[{"width":1800,"height":1198,"url":"https:\/\/d2p6e6u75xmxt8.cloudfront.net\/13\/2022\/06\/escobar-profimedia-0406621726.webp","type":"image\/webp"}],"author":"radekmalina","twitter_card":"summary_large_image","twitter_misc":{"Written by":"Jan Kr\u016fta","Est. reading time":"5"},"schema":{"@context":"https:\/\/schema.org","@graph":[{"@type":"WebPage","@id":"https:\/\/www.welovecycling.com\/cs\/2022\/06\/29\/jak-bratr-kokainoveho-krale-snil-o-zlutem-dresu-z-tour-de-france\/","url":"https:\/\/www.welovecycling.com\/cs\/2022\/06\/29\/jak-bratr-kokainoveho-krale-snil-o-zlutem-dresu-z-tour-de-france\/","name":"Jak bratr kokainov\u00e9ho kr\u00e1le snil o \u017elut\u00e9m dresu z Tour de France | \u0160koda We Love Cycling - \u010cesk\u00e1 republika","isPartOf":{"@id":"https:\/\/www.welovecycling.com\/cs\/#website"},"primaryImageOfPage":{"@id":"https:\/\/www.welovecycling.com\/cs\/2022\/06\/29\/jak-bratr-kokainoveho-krale-snil-o-zlutem-dresu-z-tour-de-france\/#primaryimage"},"image":{"@id":"https:\/\/www.welovecycling.com\/cs\/2022\/06\/29\/jak-bratr-kokainoveho-krale-snil-o-zlutem-dresu-z-tour-de-france\/#primaryimage"},"thumbnailUrl":"https:\/\/d2p6e6u75xmxt8.cloudfront.net\/13\/2022\/06\/escobar-profimedia-0406621726.webp","datePublished":"2022-06-29T08:00:20+00:00","author":{"@id":"https:\/\/www.welovecycling.com\/cs\/#\/schema\/person\/d9eeb0a378f3a7e4a6d12d2b536b04b8"},"description":"Roberto Escobar, ne\u017e se p\u0159ipojil k bratrov\u011b krimin\u00e1ln\u00ed part\u011b, byl slu\u0161n\u00fdm cyklistou, co snil o nejslavn\u011bj\u0161\u00edm z\u00e1vodu planety.","inLanguage":"cs","potentialAction":[{"@type":"ReadAction","target":["https:\/\/www.welovecycling.com\/cs\/2022\/06\/29\/jak-bratr-kokainoveho-krale-snil-o-zlutem-dresu-z-tour-de-france\/"]}]},{"@type":"ImageObject","inLanguage":"cs","@id":"https:\/\/www.welovecycling.com\/cs\/2022\/06\/29\/jak-bratr-kokainoveho-krale-snil-o-zlutem-dresu-z-tour-de-france\/#primaryimage","url":"https:\/\/d2p6e6u75xmxt8.cloudfront.net\/13\/2022\/06\/escobar-profimedia-0406621726.webp","contentUrl":"https:\/\/d2p6e6u75xmxt8.cloudfront.net\/13\/2022\/06\/escobar-profimedia-0406621726.webp","width":1800,"height":1198},{"@type":"WebSite","@id":"https:\/\/www.welovecycling.com\/cs\/#website","url":"https:\/\/www.welovecycling.com\/cs\/","name":"\u0160koda We Love Cycling - \u010cesk\u00e1 republika","description":"WeLoveCycling.cz je online magaz\u00edn, kter\u00fd v\u00e1m pravideln\u011b p\u0159in\u00e1\u0161\u00ed rady a tipy, zaj\u00edmav\u00e9 \u010dl\u00e1nky, videa a jedine\u010dn\u00e9 report\u00e1\u017ee ze sv\u011bta cyklistiky.","potentialAction":[{"@type":"SearchAction","target":{"@type":"EntryPoint","urlTemplate":"https:\/\/www.welovecycling.com\/cs\/?s={search_term_string}"},"query-input":{"@type":"PropertyValueSpecification","valueRequired":true,"valueName":"search_term_string"}}],"inLanguage":"cs"},{"@type":"Person","@id":"https:\/\/www.welovecycling.com\/cs\/#\/schema\/person\/d9eeb0a378f3a7e4a6d12d2b536b04b8","name":"radekmalina","image":{"@type":"ImageObject","inLanguage":"cs","@id":"https:\/\/www.welovecycling.com\/cs\/#\/schema\/person\/image\/","url":"https:\/\/secure.gravatar.com\/avatar\/66994b632cb8c39a46b9f54afa3ae07201b678d32a54275b6f1c9ffec356bfc0?s=96&d=mm&r=g","contentUrl":"https:\/\/secure.gravatar.com\/avatar\/66994b632cb8c39a46b9f54afa3ae07201b678d32a54275b6f1c9ffec356bfc0?s=96&d=mm&r=g","caption":"radekmalina"},"url":"https:\/\/www.welovecycling.com\/cs\/author\/radekmalina\/"}]}},"_links":{"self":[{"href":"https:\/\/www.welovecycling.com\/cs\/wp-json\/wp\/v2\/posts\/17716","targetHints":{"allow":["GET"]}}],"collection":[{"href":"https:\/\/www.welovecycling.com\/cs\/wp-json\/wp\/v2\/posts"}],"about":[{"href":"https:\/\/www.welovecycling.com\/cs\/wp-json\/wp\/v2\/types\/post"}],"author":[{"embeddable":true,"href":"https:\/\/www.welovecycling.com\/cs\/wp-json\/wp\/v2\/users\/138"}],"replies":[{"embeddable":true,"href":"https:\/\/www.welovecycling.com\/cs\/wp-json\/wp\/v2\/comments?post=17716"}],"version-history":[{"count":2,"href":"https:\/\/www.welovecycling.com\/cs\/wp-json\/wp\/v2\/posts\/17716\/revisions"}],"predecessor-version":[{"id":17721,"href":"https:\/\/www.welovecycling.com\/cs\/wp-json\/wp\/v2\/posts\/17716\/revisions\/17721"}],"wp:featuredmedia":[{"embeddable":true,"href":"https:\/\/www.welovecycling.com\/cs\/wp-json\/wp\/v2\/media\/17719"}],"wp:attachment":[{"href":"https:\/\/www.welovecycling.com\/cs\/wp-json\/wp\/v2\/media?parent=17716"}],"wp:term":[{"taxonomy":"category","embeddable":true,"href":"https:\/\/www.welovecycling.com\/cs\/wp-json\/wp\/v2\/categories?post=17716"},{"taxonomy":"post_tag","embeddable":true,"href":"https:\/\/www.welovecycling.com\/cs\/wp-json\/wp\/v2\/tags?post=17716"},{"taxonomy":"global-categories","embeddable":true,"href":"https:\/\/www.welovecycling.com\/cs\/wp-json\/wp\/v2\/global-categories?post=17716"}],"curies":[{"name":"wp","href":"https:\/\/api.w.org\/{rel}","templated":true}]}}